{"id":61560,"date":"2016-01-23T04:54:11","date_gmt":"2016-01-23T03:54:11","guid":{"rendered":"http:\/\/eldigitaldeasturias.com\/magazine365\/?p=61560"},"modified":"2016-01-23T04:54:11","modified_gmt":"2016-01-23T03:54:11","slug":"presentado-un-catalogo-con-la-oferta-de-haciendas-y-cortijos-de-la-provincia","status":"publish","type":"post","link":"https:\/\/eldigitaldeasturias.com\/magazine365\/presentado-un-catalogo-con-la-oferta-de-haciendas-y-cortijos-de-la-provincia\/","title":{"rendered":"Presentado un cat\u00e1logo con la oferta de haciendas y cortijos de la provincia"},"content":{"rendered":"<p><img fetchpriority=\"high\" decoding=\"async\" class=\"alignleft size-medium wp-image-61561\" src=\"https:\/\/eldigitaldeasturias.com\/magazine365\/wp-content\/uploads\/2016\/01\/fotonoticia_20160121111558_800-360x219.jpg\" alt=\"fotonoticia_20160121111558_800\" width=\"360\" height=\"219\" srcset=\"https:\/\/eldigitaldeasturias.com\/magazine365\/wp-content\/uploads\/2016\/01\/fotonoticia_20160121111558_800-360x219.jpg 360w, https:\/\/eldigitaldeasturias.com\/magazine365\/wp-content\/uploads\/2016\/01\/fotonoticia_20160121111558_800-650x395.jpg 650w, https:\/\/eldigitaldeasturias.com\/magazine365\/wp-content\/uploads\/2016\/01\/fotonoticia_20160121111558_800-768x467.jpg 768w, https:\/\/eldigitaldeasturias.com\/magazine365\/wp-content\/uploads\/2016\/01\/fotonoticia_20160121111558_800-150x91.jpg 150w, https:\/\/eldigitaldeasturias.com\/magazine365\/wp-content\/uploads\/2016\/01\/fotonoticia_20160121111558_800-450x273.jpg 450w, https:\/\/eldigitaldeasturias.com\/magazine365\/wp-content\/uploads\/2016\/01\/fotonoticia_20160121111558_800-696x423.jpg 696w, https:\/\/eldigitaldeasturias.com\/magazine365\/wp-content\/uploads\/2016\/01\/fotonoticia_20160121111558_800-691x420.jpg 691w, https:\/\/eldigitaldeasturias.com\/magazine365\/wp-content\/uploads\/2016\/01\/fotonoticia_20160121111558_800.jpg 800w\" sizes=\"(max-width: 360px) 100vw, 360px\" \/>La Asociaci\u00f3n de Empresarios de Haciendas y Cortijos de Andaluc\u00eda ha presentado en la Feria Internacional del Turismo (Fitur), que se celebra en Madrid, un folleto que recoge la oferta de cortijos y haciendas de la provincia de Sevilla, un tipo de alojamiento singular y diferenciador muy demandado, especialmente, en el segmento de turismo de reuniones, eventos e incentivos.<\/p>\n<p>El presidente de la Asociaci\u00f3n de Haciendas y Cortijos andaluces, C\u00e9sar Pimenta, ha conversado con el presidente de la Diputaci\u00f3n de Sevilla, Fernando Rodr\u00edguez Villalobos, acerca de las peculiaridades arquitect\u00f3nicas de este tipo de alojamientos, ligados a la explotaci\u00f3n agr\u00edcola y ganadera de las fincas donde estaban ubicados.<\/p>\n<p>\u00abLa dimensi\u00f3n e importancia del patrimonio rural agrario andaluz se refleja en la cifra de haciendas, cortijos y lagares repartidas por el territorio, que ronda los 10.000, siendo Sevilla la provincia que registra un mayor n\u00famero de edificios, concretamente, un total de 2.092, parte de ellos recuperados para la actividad tur\u00edstica gracias al impulso de los emprendedores\u00bb, a\u00f1ade.<\/p>\n<p>Seg\u00fan detalla la Diputaci\u00f3n en un comunicado, el cat\u00e1logo, publicado en formato d\u00edptico, en papel y tambi\u00e9n disponible para descarga en la web de Turismo de la Provincia, re\u00fane a m\u00e1s de medio centenar de cortijos y haciendas repartidos por toda la provincia, con una mayor concentraci\u00f3n en las comarcas de La Campi\u00f1a y Guadalquivir-Do\u00f1ana.<\/p>\n","protected":false},"excerpt":{"rendered":"<p>La Asociaci\u00f3n de Empresarios de Haciendas y Cortijos de Andaluc\u00eda ha presentado en la Feria Internacional del Turismo (Fitur), que se celebra en Madrid, un folleto que recoge la oferta de cortijos y haciendas de la provincia de Sevilla, un tipo de alojamiento singular y diferenciador muy demandado, especialmente, en el segmento de turismo de<\/p>\n","protected":false},"author":1,"featured_media":61561,"comment_status":"open","ping_status":"closed","sticky":false,"template":"","format":"standard","meta":{"footnotes":""},"categories":[224],"tags":[],"class_list":{"0":"post-61560","1":"post","2":"type-post","3":"status-publish","4":"format-standard","5":"has-post-thumbnail","7":"category-noticias-actualidad"},"aioseo_notices":[],"aioseo_head":"\n\t\t<!-- All in One SEO Pro 4.9.6.1 - aioseo.com -->\n\t<meta name=\"description\" content=\"La Asociaci\u00f3n de Empresarios de Haciendas y Cortijos de Andaluc\u00eda ha presentado en la Feria Internacional del Turismo (Fitur), que se celebra en Madrid, un folleto que recoge la oferta de cortijos y haciendas de la provincia de Sevilla, un tipo de alojamiento singular y diferenciador muy demandado, especialmente, en el segmento de turismo de\" \/>\n\t<meta name=\"robots\" content=\"max-image-preview:large\" \/>\n\t<meta name=\"author\" content=\"admin\"\/>\n\t<meta name=\"google-site-verification\" content=\"UA-38556648-1\" \/>\n\t<meta name=\"keywords\" content=\"noticias y actualidad\" \/>\n\t<link rel=\"canonical\" href=\"https:\/\/eldigitaldeasturias.com\/magazine365\/presentado-un-catalogo-con-la-oferta-de-haciendas-y-cortijos-de-la-provincia\/\" \/>\n\t<meta name=\"generator\" content=\"All in One SEO Pro (AIOSEO) 4.9.6.1\" \/>\n\t\t<meta property=\"og:locale\" content=\"es_ES\" \/>\n\t\t<meta property=\"og:site_name\" content=\"El Digital de Asturias \u2013 Revista de ocio, turismo y estilo de vida\" \/>\n\t\t<meta property=\"og:type\" content=\"article\" \/>\n\t\t<meta property=\"og:title\" content=\"Presentado un cat\u00e1logo con la oferta de haciendas y cortijos de la provincia | El Digital de Asturias\" \/>\n\t\t<meta property=\"og:description\" content=\"La Asociaci\u00f3n de Empresarios de Haciendas y Cortijos de Andaluc\u00eda ha presentado en la Feria Internacional del Turismo (Fitur), que se celebra en Madrid, un folleto que recoge la oferta de cortijos y haciendas de la provincia de Sevilla, un tipo de alojamiento singular y diferenciador muy demandado, especialmente, en el segmento de turismo de\" \/>\n\t\t<meta property=\"og:url\" content=\"https:\/\/eldigitaldeasturias.com\/magazine365\/presentado-un-catalogo-con-la-oferta-de-haciendas-y-cortijos-de-la-provincia\/\" \/>\n\t\t<meta property=\"og:image\" content=\"https:\/\/eldigitaldeasturias.com\/magazine365\/wp-content\/uploads\/2016\/01\/fotonoticia_20160121111558_800.jpg\" \/>\n\t\t<meta property=\"og:image:secure_url\" content=\"https:\/\/eldigitaldeasturias.com\/magazine365\/wp-content\/uploads\/2016\/01\/fotonoticia_20160121111558_800.jpg\" \/>\n\t\t<meta property=\"og:image:width\" content=\"800\" \/>\n\t\t<meta property=\"og:image:height\" content=\"486\" \/>\n\t\t<meta property=\"article:published_time\" content=\"2016-01-23T03:54:11+00:00\" \/>\n\t\t<meta property=\"article:modified_time\" content=\"2016-01-23T03:54:11+00:00\" \/>\n\t\t<meta name=\"twitter:card\" content=\"summary_large_image\" \/>\n\t\t<meta name=\"twitter:title\" content=\"Presentado un cat\u00e1logo con la oferta de haciendas y cortijos de la provincia | El Digital de Asturias\" \/>\n\t\t<meta name=\"twitter:description\" content=\"La Asociaci\u00f3n de Empresarios de Haciendas y Cortijos de Andaluc\u00eda ha presentado en la Feria Internacional del Turismo (Fitur), que se celebra en Madrid, un folleto que recoge la oferta de cortijos y haciendas de la provincia de Sevilla, un tipo de alojamiento singular y diferenciador muy demandado, especialmente, en el segmento de turismo de\" \/>\n\t\t<meta name=\"twitter:image\" content=\"https:\/\/eldigitaldeasturias.com\/magazine365\/wp-content\/uploads\/2016\/01\/fotonoticia_20160121111558_800.jpg\" \/>\n\t\t<script type=\"application\/ld+json\" class=\"aioseo-schema\">\n\t\t\t{\"@context\":\"https:\\\/\\\/schema.org\",\"@graph\":[{\"@type\":\"Article\",\"@id\":\"https:\\\/\\\/eldigitaldeasturias.com\\\/magazine365\\\/presentado-un-catalogo-con-la-oferta-de-haciendas-y-cortijos-de-la-provincia\\\/#article\",\"name\":\"Presentado un cat\\u00e1logo con la oferta de haciendas y cortijos de la provincia | El Digital de Asturias\",\"headline\":\"Presentado un cat\\u00e1logo con la oferta de haciendas y cortijos de la provincia\",\"author\":{\"@id\":\"https:\\\/\\\/eldigitaldeasturias.com\\\/magazine365\\\/author\\\/admin\\\/#author\"},\"publisher\":{\"@id\":\"https:\\\/\\\/eldigitaldeasturias.com\\\/magazine365\\\/#organization\"},\"image\":{\"@type\":\"ImageObject\",\"url\":\"https:\\\/\\\/eldigitaldeasturias.com\\\/magazine365\\\/wp-content\\\/uploads\\\/2016\\\/01\\\/fotonoticia_20160121111558_800.jpg\",\"width\":800,\"height\":486},\"datePublished\":\"2016-01-23T04:54:11+01:00\",\"dateModified\":\"2016-01-23T04:54:11+01:00\",\"inLanguage\":\"es-ES\",\"mainEntityOfPage\":{\"@id\":\"https:\\\/\\\/eldigitaldeasturias.com\\\/magazine365\\\/presentado-un-catalogo-con-la-oferta-de-haciendas-y-cortijos-de-la-provincia\\\/#webpage\"},\"isPartOf\":{\"@id\":\"https:\\\/\\\/eldigitaldeasturias.com\\\/magazine365\\\/presentado-un-catalogo-con-la-oferta-de-haciendas-y-cortijos-de-la-provincia\\\/#webpage\"},\"articleSection\":\"Noticias y Actualidad\"},{\"@type\":\"BreadcrumbList\",\"@id\":\"https:\\\/\\\/eldigitaldeasturias.com\\\/magazine365\\\/presentado-un-catalogo-con-la-oferta-de-haciendas-y-cortijos-de-la-provincia\\\/#breadcrumblist\",\"itemListElement\":[{\"@type\":\"ListItem\",\"@id\":\"https:\\\/\\\/eldigitaldeasturias.com\\\/magazine365#listItem\",\"position\":1,\"name\":\"Home\",\"item\":\"https:\\\/\\\/eldigitaldeasturias.com\\\/magazine365\",\"nextItem\":{\"@type\":\"ListItem\",\"@id\":\"https:\\\/\\\/eldigitaldeasturias.com\\\/magazine365\\\/category\\\/noticias-actualidad\\\/#listItem\",\"name\":\"Noticias y Actualidad\"}},{\"@type\":\"ListItem\",\"@id\":\"https:\\\/\\\/eldigitaldeasturias.com\\\/magazine365\\\/category\\\/noticias-actualidad\\\/#listItem\",\"position\":2,\"name\":\"Noticias y Actualidad\",\"item\":\"https:\\\/\\\/eldigitaldeasturias.com\\\/magazine365\\\/category\\\/noticias-actualidad\\\/\",\"nextItem\":{\"@type\":\"ListItem\",\"@id\":\"https:\\\/\\\/eldigitaldeasturias.com\\\/magazine365\\\/presentado-un-catalogo-con-la-oferta-de-haciendas-y-cortijos-de-la-provincia\\\/#listItem\",\"name\":\"Presentado un cat\\u00e1logo con la oferta de haciendas y cortijos de la provincia\"},\"previousItem\":{\"@type\":\"ListItem\",\"@id\":\"https:\\\/\\\/eldigitaldeasturias.com\\\/magazine365#listItem\",\"name\":\"Home\"}},{\"@type\":\"ListItem\",\"@id\":\"https:\\\/\\\/eldigitaldeasturias.com\\\/magazine365\\\/presentado-un-catalogo-con-la-oferta-de-haciendas-y-cortijos-de-la-provincia\\\/#listItem\",\"position\":3,\"name\":\"Presentado un cat\\u00e1logo con la oferta de haciendas y cortijos de la provincia\",\"previousItem\":{\"@type\":\"ListItem\",\"@id\":\"https:\\\/\\\/eldigitaldeasturias.com\\\/magazine365\\\/category\\\/noticias-actualidad\\\/#listItem\",\"name\":\"Noticias y Actualidad\"}}]},{\"@type\":\"Organization\",\"@id\":\"https:\\\/\\\/eldigitaldeasturias.com\\\/magazine365\\\/#organization\",\"name\":\"El digital de Asturias\",\"description\":\"Revista de ocio, turismo y estilo de vida\",\"url\":\"https:\\\/\\\/eldigitaldeasturias.com\\\/magazine365\\\/\",\"logo\":{\"@type\":\"ImageObject\",\"url\":\"https:\\\/\\\/www.eldigitaldeasturias.com\\\/noticias\\\/wp-content\\\/uploads\\\/2020\\\/12\\\/EDA.jpg\",\"@id\":\"https:\\\/\\\/eldigitaldeasturias.com\\\/magazine365\\\/presentado-un-catalogo-con-la-oferta-de-haciendas-y-cortijos-de-la-provincia\\\/#organizationLogo\"},\"image\":{\"@id\":\"https:\\\/\\\/eldigitaldeasturias.com\\\/magazine365\\\/presentado-un-catalogo-con-la-oferta-de-haciendas-y-cortijos-de-la-provincia\\\/#organizationLogo\"}},{\"@type\":\"Person\",\"@id\":\"https:\\\/\\\/eldigitaldeasturias.com\\\/magazine365\\\/author\\\/admin\\\/#author\",\"url\":\"https:\\\/\\\/eldigitaldeasturias.com\\\/magazine365\\\/author\\\/admin\\\/\",\"name\":\"admin\",\"image\":{\"@type\":\"ImageObject\",\"@id\":\"https:\\\/\\\/eldigitaldeasturias.com\\\/magazine365\\\/presentado-un-catalogo-con-la-oferta-de-haciendas-y-cortijos-de-la-provincia\\\/#authorImage\",\"url\":\"https:\\\/\\\/eldigitaldeasturias.com\\\/magazine365\\\/wp-content\\\/litespeed\\\/avatar\\\/e571bcf59a0edd6fa6838245a470f2fe.jpg?ver=1776969259\",\"width\":96,\"height\":96,\"caption\":\"admin\"}},{\"@type\":\"WebPage\",\"@id\":\"https:\\\/\\\/eldigitaldeasturias.com\\\/magazine365\\\/presentado-un-catalogo-con-la-oferta-de-haciendas-y-cortijos-de-la-provincia\\\/#webpage\",\"url\":\"https:\\\/\\\/eldigitaldeasturias.com\\\/magazine365\\\/presentado-un-catalogo-con-la-oferta-de-haciendas-y-cortijos-de-la-provincia\\\/\",\"name\":\"Presentado un cat\\u00e1logo con la oferta de haciendas y cortijos de la provincia | El Digital de Asturias\",\"description\":\"La Asociaci\\u00f3n de Empresarios de Haciendas y Cortijos de Andaluc\\u00eda ha presentado en la Feria Internacional del Turismo (Fitur), que se celebra en Madrid, un folleto que recoge la oferta de cortijos y haciendas de la provincia de Sevilla, un tipo de alojamiento singular y diferenciador muy demandado, especialmente, en el segmento de turismo de\",\"inLanguage\":\"es-ES\",\"isPartOf\":{\"@id\":\"https:\\\/\\\/eldigitaldeasturias.com\\\/magazine365\\\/#website\"},\"breadcrumb\":{\"@id\":\"https:\\\/\\\/eldigitaldeasturias.com\\\/magazine365\\\/presentado-un-catalogo-con-la-oferta-de-haciendas-y-cortijos-de-la-provincia\\\/#breadcrumblist\"},\"author\":{\"@id\":\"https:\\\/\\\/eldigitaldeasturias.com\\\/magazine365\\\/author\\\/admin\\\/#author\"},\"creator\":{\"@id\":\"https:\\\/\\\/eldigitaldeasturias.com\\\/magazine365\\\/author\\\/admin\\\/#author\"},\"image\":{\"@type\":\"ImageObject\",\"url\":\"https:\\\/\\\/eldigitaldeasturias.com\\\/magazine365\\\/wp-content\\\/uploads\\\/2016\\\/01\\\/fotonoticia_20160121111558_800.jpg\",\"@id\":\"https:\\\/\\\/eldigitaldeasturias.com\\\/magazine365\\\/presentado-un-catalogo-con-la-oferta-de-haciendas-y-cortijos-de-la-provincia\\\/#mainImage\",\"width\":800,\"height\":486},\"primaryImageOfPage\":{\"@id\":\"https:\\\/\\\/eldigitaldeasturias.com\\\/magazine365\\\/presentado-un-catalogo-con-la-oferta-de-haciendas-y-cortijos-de-la-provincia\\\/#mainImage\"},\"datePublished\":\"2016-01-23T04:54:11+01:00\",\"dateModified\":\"2016-01-23T04:54:11+01:00\"},{\"@type\":\"WebSite\",\"@id\":\"https:\\\/\\\/eldigitaldeasturias.com\\\/magazine365\\\/#website\",\"url\":\"https:\\\/\\\/eldigitaldeasturias.com\\\/magazine365\\\/\",\"name\":\"El Digital de Asturias\",\"description\":\"Revista de ocio, turismo y estilo de vida\",\"inLanguage\":\"es-ES\",\"publisher\":{\"@id\":\"https:\\\/\\\/eldigitaldeasturias.com\\\/magazine365\\\/#organization\"}}]}\n\t\t<\/script>\n\t\t<!-- All in One SEO Pro -->\r\n\t\t<title>Presentado un cat\u00e1logo con la oferta de haciendas y cortijos de la provincia | El Digital de Asturias<\/title>\n\n","aioseo_head_json":{"title":"Presentado un cat\u00e1logo con la oferta de haciendas y cortijos de la provincia | El Digital de Asturias","description":"La Asociaci\u00f3n de Empresarios de Haciendas y Cortijos de Andaluc\u00eda ha presentado en la Feria Internacional del Turismo (Fitur), que se celebra en Madrid, un folleto que recoge la oferta de cortijos y haciendas de la provincia de Sevilla, un tipo de alojamiento singular y diferenciador muy demandado, especialmente, en el segmento de turismo de","canonical_url":"https:\/\/eldigitaldeasturias.com\/magazine365\/presentado-un-catalogo-con-la-oferta-de-haciendas-y-cortijos-de-la-provincia\/","robots":"max-image-preview:large","keywords":"noticias y actualidad","webmasterTools":{"google-site-verification":"UA-38556648-1","miscellaneous":""},"schema":{"@context":"https:\/\/schema.org","@graph":[{"@type":"Article","@id":"https:\/\/eldigitaldeasturias.com\/magazine365\/presentado-un-catalogo-con-la-oferta-de-haciendas-y-cortijos-de-la-provincia\/#article","name":"Presentado un cat\u00e1logo con la oferta de haciendas y cortijos de la provincia | El Digital de Asturias","headline":"Presentado un cat\u00e1logo con la oferta de haciendas y cortijos de la provincia","author":{"@id":"https:\/\/eldigitaldeasturias.com\/magazine365\/author\/admin\/#author"},"publisher":{"@id":"https:\/\/eldigitaldeasturias.com\/magazine365\/#organization"},"image":{"@type":"ImageObject","url":"https:\/\/eldigitaldeasturias.com\/magazine365\/wp-content\/uploads\/2016\/01\/fotonoticia_20160121111558_800.jpg","width":800,"height":486},"datePublished":"2016-01-23T04:54:11+01:00","dateModified":"2016-01-23T04:54:11+01:00","inLanguage":"es-ES","mainEntityOfPage":{"@id":"https:\/\/eldigitaldeasturias.com\/magazine365\/presentado-un-catalogo-con-la-oferta-de-haciendas-y-cortijos-de-la-provincia\/#webpage"},"isPartOf":{"@id":"https:\/\/eldigitaldeasturias.com\/magazine365\/presentado-un-catalogo-con-la-oferta-de-haciendas-y-cortijos-de-la-provincia\/#webpage"},"articleSection":"Noticias y Actualidad"},{"@type":"BreadcrumbList","@id":"https:\/\/eldigitaldeasturias.com\/magazine365\/presentado-un-catalogo-con-la-oferta-de-haciendas-y-cortijos-de-la-provincia\/#breadcrumblist","itemListElement":[{"@type":"ListItem","@id":"https:\/\/eldigitaldeasturias.com\/magazine365#listItem","position":1,"name":"Home","item":"https:\/\/eldigitaldeasturias.com\/magazine365","nextItem":{"@type":"ListItem","@id":"https:\/\/eldigitaldeasturias.com\/magazine365\/category\/noticias-actualidad\/#listItem","name":"Noticias y Actualidad"}},{"@type":"ListItem","@id":"https:\/\/eldigitaldeasturias.com\/magazine365\/category\/noticias-actualidad\/#listItem","position":2,"name":"Noticias y Actualidad","item":"https:\/\/eldigitaldeasturias.com\/magazine365\/category\/noticias-actualidad\/","nextItem":{"@type":"ListItem","@id":"https:\/\/eldigitaldeasturias.com\/magazine365\/presentado-un-catalogo-con-la-oferta-de-haciendas-y-cortijos-de-la-provincia\/#listItem","name":"Presentado un cat\u00e1logo con la oferta de haciendas y cortijos de la provincia"},"previousItem":{"@type":"ListItem","@id":"https:\/\/eldigitaldeasturias.com\/magazine365#listItem","name":"Home"}},{"@type":"ListItem","@id":"https:\/\/eldigitaldeasturias.com\/magazine365\/presentado-un-catalogo-con-la-oferta-de-haciendas-y-cortijos-de-la-provincia\/#listItem","position":3,"name":"Presentado un cat\u00e1logo con la oferta de haciendas y cortijos de la provincia","previousItem":{"@type":"ListItem","@id":"https:\/\/eldigitaldeasturias.com\/magazine365\/category\/noticias-actualidad\/#listItem","name":"Noticias y Actualidad"}}]},{"@type":"Organization","@id":"https:\/\/eldigitaldeasturias.com\/magazine365\/#organization","name":"El digital de Asturias","description":"Revista de ocio, turismo y estilo de vida","url":"https:\/\/eldigitaldeasturias.com\/magazine365\/","logo":{"@type":"ImageObject","url":"https:\/\/www.eldigitaldeasturias.com\/noticias\/wp-content\/uploads\/2020\/12\/EDA.jpg","@id":"https:\/\/eldigitaldeasturias.com\/magazine365\/presentado-un-catalogo-con-la-oferta-de-haciendas-y-cortijos-de-la-provincia\/#organizationLogo"},"image":{"@id":"https:\/\/eldigitaldeasturias.com\/magazine365\/presentado-un-catalogo-con-la-oferta-de-haciendas-y-cortijos-de-la-provincia\/#organizationLogo"}},{"@type":"Person","@id":"https:\/\/eldigitaldeasturias.com\/magazine365\/author\/admin\/#author","url":"https:\/\/eldigitaldeasturias.com\/magazine365\/author\/admin\/","name":"admin","image":{"@type":"ImageObject","@id":"https:\/\/eldigitaldeasturias.com\/magazine365\/presentado-un-catalogo-con-la-oferta-de-haciendas-y-cortijos-de-la-provincia\/#authorImage","url":"https:\/\/eldigitaldeasturias.com\/magazine365\/wp-content\/litespeed\/avatar\/e571bcf59a0edd6fa6838245a470f2fe.jpg?ver=1776969259","width":96,"height":96,"caption":"admin"}},{"@type":"WebPage","@id":"https:\/\/eldigitaldeasturias.com\/magazine365\/presentado-un-catalogo-con-la-oferta-de-haciendas-y-cortijos-de-la-provincia\/#webpage","url":"https:\/\/eldigitaldeasturias.com\/magazine365\/presentado-un-catalogo-con-la-oferta-de-haciendas-y-cortijos-de-la-provincia\/","name":"Presentado un cat\u00e1logo con la oferta de haciendas y cortijos de la provincia | El Digital de Asturias","description":"La Asociaci\u00f3n de Empresarios de Haciendas y Cortijos de Andaluc\u00eda ha presentado en la Feria Internacional del Turismo (Fitur), que se celebra en Madrid, un folleto que recoge la oferta de cortijos y haciendas de la provincia de Sevilla, un tipo de alojamiento singular y diferenciador muy demandado, especialmente, en el segmento de turismo de","inLanguage":"es-ES","isPartOf":{"@id":"https:\/\/eldigitaldeasturias.com\/magazine365\/#website"},"breadcrumb":{"@id":"https:\/\/eldigitaldeasturias.com\/magazine365\/presentado-un-catalogo-con-la-oferta-de-haciendas-y-cortijos-de-la-provincia\/#breadcrumblist"},"author":{"@id":"https:\/\/eldigitaldeasturias.com\/magazine365\/author\/admin\/#author"},"creator":{"@id":"https:\/\/eldigitaldeasturias.com\/magazine365\/author\/admin\/#author"},"image":{"@type":"ImageObject","url":"https:\/\/eldigitaldeasturias.com\/magazine365\/wp-content\/uploads\/2016\/01\/fotonoticia_20160121111558_800.jpg","@id":"https:\/\/eldigitaldeasturias.com\/magazine365\/presentado-un-catalogo-con-la-oferta-de-haciendas-y-cortijos-de-la-provincia\/#mainImage","width":800,"height":486},"primaryImageOfPage":{"@id":"https:\/\/eldigitaldeasturias.com\/magazine365\/presentado-un-catalogo-con-la-oferta-de-haciendas-y-cortijos-de-la-provincia\/#mainImage"},"datePublished":"2016-01-23T04:54:11+01:00","dateModified":"2016-01-23T04:54:11+01:00"},{"@type":"WebSite","@id":"https:\/\/eldigitaldeasturias.com\/magazine365\/#website","url":"https:\/\/eldigitaldeasturias.com\/magazine365\/","name":"El Digital de Asturias","description":"Revista de ocio, turismo y estilo de vida","inLanguage":"es-ES","publisher":{"@id":"https:\/\/eldigitaldeasturias.com\/magazine365\/#organization"}}]},"og:locale":"es_ES","og:site_name":"El Digital de Asturias \u2013 Revista de ocio, turismo y estilo de vida","og:type":"article","og:title":"Presentado un cat\u00e1logo con la oferta de haciendas y cortijos de la provincia | El Digital de Asturias","og:description":"La Asociaci\u00f3n de Empresarios de Haciendas y Cortijos de Andaluc\u00eda ha presentado en la Feria Internacional del Turismo (Fitur), que se celebra en Madrid, un folleto que recoge la oferta de cortijos y haciendas de la provincia de Sevilla, un tipo de alojamiento singular y diferenciador muy demandado, especialmente, en el segmento de turismo de","og:url":"https:\/\/eldigitaldeasturias.com\/magazine365\/presentado-un-catalogo-con-la-oferta-de-haciendas-y-cortijos-de-la-provincia\/","og:image":"https:\/\/eldigitaldeasturias.com\/magazine365\/wp-content\/uploads\/2016\/01\/fotonoticia_20160121111558_800.jpg","og:image:secure_url":"https:\/\/eldigitaldeasturias.com\/magazine365\/wp-content\/uploads\/2016\/01\/fotonoticia_20160121111558_800.jpg","og:image:width":800,"og:image:height":486,"article:published_time":"2016-01-23T03:54:11+00:00","article:modified_time":"2016-01-23T03:54:11+00:00","twitter:card":"summary_large_image","twitter:title":"Presentado un cat\u00e1logo con la oferta de haciendas y cortijos de la provincia | El Digital de Asturias","twitter:description":"La Asociaci\u00f3n de Empresarios de Haciendas y Cortijos de Andaluc\u00eda ha presentado en la Feria Internacional del Turismo (Fitur), que se celebra en Madrid, un folleto que recoge la oferta de cortijos y haciendas de la provincia de Sevilla, un tipo de alojamiento singular y diferenciador muy demandado, especialmente, en el segmento de turismo de","twitter:image":"https:\/\/eldigitaldeasturias.com\/magazine365\/wp-content\/uploads\/2016\/01\/fotonoticia_20160121111558_800.jpg"},"aioseo_meta_data":{"post_id":"61560","title":null,"description":null,"keywords":null,"keyphrases":null,"primary_term":null,"canonical_url":null,"og_title":null,"og_description":null,"og_object_type":"default","og_image_type":"default","og_image_url":null,"og_image_width":null,"og_image_height":null,"og_image_custom_url":null,"og_image_custom_fields":null,"og_video":null,"og_custom_url":null,"og_article_section":null,"og_article_tags":null,"twitter_use_og":false,"twitter_card":"default","twitter_image_type":"default","twitter_image_url":null,"twitter_image_custom_url":null,"twitter_image_custom_fields":null,"twitter_title":null,"twitter_description":null,"schema":{"blockGraphs":[],"customGraphs":[],"default":{"data":{"Article":[],"Course":[],"Dataset":[],"FAQPage":[],"Movie":[],"Person":[],"Product":[],"ProductReview":[],"Car":[],"Recipe":[],"Service":[],"SoftwareApplication":[],"WebPage":[]},"graphName":"","isEnabled":true},"graphs":[],"defaultGraph":"","defaultPostTypeGraph":""},"schema_type":null,"schema_type_options":null,"pillar_content":false,"robots_default":true,"robots_noindex":false,"robots_noarchive":false,"robots_nosnippet":false,"robots_nofollow":false,"robots_noimageindex":false,"robots_noodp":false,"robots_notranslate":false,"robots_max_snippet":null,"robots_max_videopreview":null,"robots_max_imagepreview":"large","priority":null,"frequency":null,"location":null,"local_seo":null,"seo_analyzer_scan_date":"2025-09-25 09:13:54","breadcrumb_settings":null,"limit_modified_date":false,"open_ai":null,"ai":null,"created":"2021-03-08 21:47:43","updated":"2025-09-25 09:13:54"},"aioseo_breadcrumb":"<div class=\"aioseo-breadcrumbs\"><span class=\"aioseo-breadcrumb\">\n\t<a href=\"https:\/\/eldigitaldeasturias.com\/magazine365\" title=\"Home\">Home<\/a>\n<\/span><span class=\"aioseo-breadcrumb-separator\">\u2013<\/span><span class=\"aioseo-breadcrumb\">\n\t<a href=\"https:\/\/eldigitaldeasturias.com\/magazine365\/category\/noticias-actualidad\/\" title=\"Noticias y Actualidad\">Noticias y Actualidad<\/a>\n<\/span><span class=\"aioseo-breadcrumb-separator\">\u2013<\/span><span class=\"aioseo-breadcrumb\">\n\t<a href=\"https:\/\/eldigitaldeasturias.com\/magazine365\/presentado-un-catalogo-con-la-oferta-de-haciendas-y-cortijos-de-la-provincia\/\" title=\"Presentado un cat\u00e1logo con la oferta de haciendas y cortijos de la provincia\">Presentado un cat\u00e1logo con la oferta de haciendas y cortijos de la provincia<\/a>\n<\/span><\/div>","aioseo_breadcrumb_json":[{"label":"Home","link":"https:\/\/eldigitaldeasturias.com\/magazine365"},{"label":"Noticias y Actualidad","link":"https:\/\/eldigitaldeasturias.com\/magazine365\/category\/noticias-actualidad\/"},{"label":"Presentado un cat\u00e1logo con la oferta de haciendas y cortijos de la provincia","link":"https:\/\/eldigitaldeasturias.com\/magazine365\/presentado-un-catalogo-con-la-oferta-de-haciendas-y-cortijos-de-la-provincia\/"}],"_links":{"self":[{"href":"https:\/\/eldigitaldeasturias.com\/magazine365\/wp-json\/wp\/v2\/posts\/61560","targetHints":{"allow":["GET"]}}],"collection":[{"href":"https:\/\/eldigitaldeasturias.com\/magazine365\/wp-json\/wp\/v2\/posts"}],"about":[{"href":"https:\/\/eldigitaldeasturias.com\/magazine365\/wp-json\/wp\/v2\/types\/post"}],"author":[{"embeddable":true,"href":"https:\/\/eldigitaldeasturias.com\/magazine365\/wp-json\/wp\/v2\/users\/1"}],"replies":[{"embeddable":true,"href":"https:\/\/eldigitaldeasturias.com\/magazine365\/wp-json\/wp\/v2\/comments?post=61560"}],"version-history":[{"count":0,"href":"https:\/\/eldigitaldeasturias.com\/magazine365\/wp-json\/wp\/v2\/posts\/61560\/revisions"}],"wp:featuredmedia":[{"embeddable":true,"href":"https:\/\/eldigitaldeasturias.com\/magazine365\/wp-json\/wp\/v2\/media\/61561"}],"wp:attachment":[{"href":"https:\/\/eldigitaldeasturias.com\/magazine365\/wp-json\/wp\/v2\/media?parent=61560"}],"wp:term":[{"taxonomy":"category","embeddable":true,"href":"https:\/\/eldigitaldeasturias.com\/magazine365\/wp-json\/wp\/v2\/categories?post=61560"},{"taxonomy":"post_tag","embeddable":true,"href":"https:\/\/eldigitaldeasturias.com\/magazine365\/wp-json\/wp\/v2\/tags?post=61560"}],"curies":[{"name":"wp","href":"https:\/\/api.w.org\/{rel}","templated":true}]}}