{"id":61557,"date":"2016-01-23T04:49:42","date_gmt":"2016-01-23T03:49:42","guid":{"rendered":"http:\/\/eldigitaldeasturias.com\/magazine365\/?p=61557"},"modified":"2016-01-23T04:49:42","modified_gmt":"2016-01-23T03:49:42","slug":"las-rutas-del-vino-de-castilla-y-leon-promocionan-el-enoturismo","status":"publish","type":"post","link":"https:\/\/eldigitaldeasturias.com\/magazine365\/las-rutas-del-vino-de-castilla-y-leon-promocionan-el-enoturismo\/","title":{"rendered":"Las Rutas del Vino de Castilla y Le\u00f3n promocionan el enoturismo"},"content":{"rendered":"<p><img fetchpriority=\"high\" decoding=\"async\" class=\"alignleft size-medium wp-image-61558\" src=\"https:\/\/eldigitaldeasturias.com\/magazine365\/wp-content\/uploads\/2016\/01\/fotonoticia_20160121111219_800-317x300.jpg\" alt=\"fotonoticia_20160121111219_800\" width=\"317\" height=\"300\" srcset=\"https:\/\/eldigitaldeasturias.com\/magazine365\/wp-content\/uploads\/2016\/01\/fotonoticia_20160121111219_800-317x300.jpg 317w, https:\/\/eldigitaldeasturias.com\/magazine365\/wp-content\/uploads\/2016\/01\/fotonoticia_20160121111219_800-650x614.jpg 650w, https:\/\/eldigitaldeasturias.com\/magazine365\/wp-content\/uploads\/2016\/01\/fotonoticia_20160121111219_800-768x726.jpg 768w, https:\/\/eldigitaldeasturias.com\/magazine365\/wp-content\/uploads\/2016\/01\/fotonoticia_20160121111219_800-150x142.jpg 150w, https:\/\/eldigitaldeasturias.com\/magazine365\/wp-content\/uploads\/2016\/01\/fotonoticia_20160121111219_800-450x425.jpg 450w, https:\/\/eldigitaldeasturias.com\/magazine365\/wp-content\/uploads\/2016\/01\/fotonoticia_20160121111219_800-696x658.jpg 696w, https:\/\/eldigitaldeasturias.com\/magazine365\/wp-content\/uploads\/2016\/01\/fotonoticia_20160121111219_800-444x420.jpg 444w, https:\/\/eldigitaldeasturias.com\/magazine365\/wp-content\/uploads\/2016\/01\/fotonoticia_20160121111219_800.jpg 800w\" sizes=\"(max-width: 317px) 100vw, 317px\" \/>Las Rutas del Vino de Castilla y Le\u00f3n promocionar\u00e1n el enoturismo en la regi\u00f3n en la Feria Internacional de Turismo de Madrid (Fitur) de la mano de la presentadora Francine G\u00e1lvez, que realizar\u00e1 una presentaci\u00f3n en el expositor de la Junta el s\u00e1bado, 23 de enero, a las 12.00 horas.<\/p>\n<p>Seg\u00fan han informado los promotores de la actividad a trav\u00e9s de un comunicado remitido a Europa Press, durante los d\u00edas que se prolongue la Feria, en el expositor de la Junta de Castilla y Le\u00f3n habr\u00e1 una actividad de Marketing Sensorial en el que los visitantes podr\u00e1n conocer la reacci\u00f3n del cuerpo al degustar el vino que est\u00e1n probando.<\/p>\n<p>As\u00ed, el mi\u00e9rcoles 20 ser\u00e1 el turno de Arlanza; el jueves 21, Bierzo; viernes 22, Cigales; s\u00e1bado 23, Ribera del Duero, y domingo 24, Rueda.<\/p>\n<p>Por su parte, la presentaci\u00f3n de G\u00e1lvez llevar\u00e1 por t\u00edtulo &#8216;Enoturismo de Castilla y Le\u00f3n&#8217; que coincide con la realizaci\u00f3n de un folleto conjunto entre las cinco Rutas del Vino certificadas por Acev\u00edn que muestra al visitante la riqueza vitivin\u00edcola existente en Castilla y Le\u00f3n.<\/p>\n<p>Durante la Feria, las Rutas del Vino utilizar\u00e1n la etiqueta #cercadeti que se unir\u00e1 al oficial de la Junta de Castilla y Le\u00f3n #fiturcyl para difundir las promociones.<\/p>\n","protected":false},"excerpt":{"rendered":"<p>Las Rutas del Vino de Castilla y Le\u00f3n promocionar\u00e1n el enoturismo en la regi\u00f3n en la Feria Internacional de Turismo de Madrid (Fitur) de la mano de la presentadora Francine G\u00e1lvez, que realizar\u00e1 una presentaci\u00f3n en el expositor de la Junta el s\u00e1bado, 23 de enero, a las 12.00 horas. Seg\u00fan han informado los promotores<\/p>\n","protected":false},"author":1,"featured_media":61558,"comment_status":"open","ping_status":"closed","sticky":false,"template":"","format":"standard","meta":{"footnotes":""},"categories":[224],"tags":[],"class_list":{"0":"post-61557","1":"post","2":"type-post","3":"status-publish","4":"format-standard","5":"has-post-thumbnail","7":"category-noticias-actualidad"},"aioseo_notices":[],"aioseo_head":"\n\t\t<!-- All in One SEO Pro 4.9.6.1 - aioseo.com -->\n\t<meta name=\"description\" content=\"Las Rutas del Vino de Castilla y Le\u00f3n promocionar\u00e1n el enoturismo en la regi\u00f3n en la Feria Internacional de Turismo de Madrid (Fitur) de la mano de la presentadora Francine G\u00e1lvez, que realizar\u00e1 una presentaci\u00f3n en el expositor de la Junta el s\u00e1bado, 23 de enero, a las 12.00 horas. Seg\u00fan han informado los promotores\" \/>\n\t<meta name=\"robots\" content=\"max-image-preview:large\" \/>\n\t<meta name=\"author\" content=\"admin\"\/>\n\t<meta name=\"google-site-verification\" content=\"UA-38556648-1\" \/>\n\t<meta name=\"keywords\" content=\"noticias y actualidad\" \/>\n\t<link rel=\"canonical\" href=\"https:\/\/eldigitaldeasturias.com\/magazine365\/las-rutas-del-vino-de-castilla-y-leon-promocionan-el-enoturismo\/\" \/>\n\t<meta name=\"generator\" content=\"All in One SEO Pro (AIOSEO) 4.9.6.1\" \/>\n\t\t<meta property=\"og:locale\" content=\"es_ES\" \/>\n\t\t<meta property=\"og:site_name\" content=\"El Digital de Asturias \u2013 Revista de ocio, turismo y estilo de vida\" \/>\n\t\t<meta property=\"og:type\" content=\"article\" \/>\n\t\t<meta property=\"og:title\" content=\"Las Rutas del Vino de Castilla y Le\u00f3n promocionan el enoturismo | El Digital de Asturias\" \/>\n\t\t<meta property=\"og:description\" content=\"Las Rutas del Vino de Castilla y Le\u00f3n promocionar\u00e1n el enoturismo en la regi\u00f3n en la Feria Internacional de Turismo de Madrid (Fitur) de la mano de la presentadora Francine G\u00e1lvez, que realizar\u00e1 una presentaci\u00f3n en el expositor de la Junta el s\u00e1bado, 23 de enero, a las 12.00 horas. Seg\u00fan han informado los promotores\" \/>\n\t\t<meta property=\"og:url\" content=\"https:\/\/eldigitaldeasturias.com\/magazine365\/las-rutas-del-vino-de-castilla-y-leon-promocionan-el-enoturismo\/\" \/>\n\t\t<meta property=\"og:image\" content=\"https:\/\/eldigitaldeasturias.com\/magazine365\/wp-content\/uploads\/2016\/01\/fotonoticia_20160121111219_800.jpg\" \/>\n\t\t<meta property=\"og:image:secure_url\" content=\"https:\/\/eldigitaldeasturias.com\/magazine365\/wp-content\/uploads\/2016\/01\/fotonoticia_20160121111219_800.jpg\" \/>\n\t\t<meta property=\"og:image:width\" content=\"800\" \/>\n\t\t<meta property=\"og:image:height\" content=\"756\" \/>\n\t\t<meta property=\"article:published_time\" content=\"2016-01-23T03:49:42+00:00\" \/>\n\t\t<meta property=\"article:modified_time\" content=\"2016-01-23T03:49:42+00:00\" \/>\n\t\t<meta name=\"twitter:card\" content=\"summary_large_image\" \/>\n\t\t<meta name=\"twitter:title\" content=\"Las Rutas del Vino de Castilla y Le\u00f3n promocionan el enoturismo | El Digital de Asturias\" \/>\n\t\t<meta name=\"twitter:description\" content=\"Las Rutas del Vino de Castilla y Le\u00f3n promocionar\u00e1n el enoturismo en la regi\u00f3n en la Feria Internacional de Turismo de Madrid (Fitur) de la mano de la presentadora Francine G\u00e1lvez, que realizar\u00e1 una presentaci\u00f3n en el expositor de la Junta el s\u00e1bado, 23 de enero, a las 12.00 horas. Seg\u00fan han informado los promotores\" \/>\n\t\t<meta name=\"twitter:image\" content=\"https:\/\/eldigitaldeasturias.com\/magazine365\/wp-content\/uploads\/2016\/01\/fotonoticia_20160121111219_800.jpg\" \/>\n\t\t<script type=\"application\/ld+json\" class=\"aioseo-schema\">\n\t\t\t{\"@context\":\"https:\\\/\\\/schema.org\",\"@graph\":[{\"@type\":\"Article\",\"@id\":\"https:\\\/\\\/eldigitaldeasturias.com\\\/magazine365\\\/las-rutas-del-vino-de-castilla-y-leon-promocionan-el-enoturismo\\\/#article\",\"name\":\"Las Rutas del Vino de Castilla y Le\\u00f3n promocionan el enoturismo | El Digital de Asturias\",\"headline\":\"Las Rutas del Vino de Castilla y Le\\u00f3n promocionan el enoturismo\",\"author\":{\"@id\":\"https:\\\/\\\/eldigitaldeasturias.com\\\/magazine365\\\/author\\\/admin\\\/#author\"},\"publisher\":{\"@id\":\"https:\\\/\\\/eldigitaldeasturias.com\\\/magazine365\\\/#organization\"},\"image\":{\"@type\":\"ImageObject\",\"url\":\"https:\\\/\\\/eldigitaldeasturias.com\\\/magazine365\\\/wp-content\\\/uploads\\\/2016\\\/01\\\/fotonoticia_20160121111219_800.jpg\",\"width\":800,\"height\":756},\"datePublished\":\"2016-01-23T04:49:42+01:00\",\"dateModified\":\"2016-01-23T04:49:42+01:00\",\"inLanguage\":\"es-ES\",\"mainEntityOfPage\":{\"@id\":\"https:\\\/\\\/eldigitaldeasturias.com\\\/magazine365\\\/las-rutas-del-vino-de-castilla-y-leon-promocionan-el-enoturismo\\\/#webpage\"},\"isPartOf\":{\"@id\":\"https:\\\/\\\/eldigitaldeasturias.com\\\/magazine365\\\/las-rutas-del-vino-de-castilla-y-leon-promocionan-el-enoturismo\\\/#webpage\"},\"articleSection\":\"Noticias y Actualidad\"},{\"@type\":\"BreadcrumbList\",\"@id\":\"https:\\\/\\\/eldigitaldeasturias.com\\\/magazine365\\\/las-rutas-del-vino-de-castilla-y-leon-promocionan-el-enoturismo\\\/#breadcrumblist\",\"itemListElement\":[{\"@type\":\"ListItem\",\"@id\":\"https:\\\/\\\/eldigitaldeasturias.com\\\/magazine365#listItem\",\"position\":1,\"name\":\"Home\",\"item\":\"https:\\\/\\\/eldigitaldeasturias.com\\\/magazine365\",\"nextItem\":{\"@type\":\"ListItem\",\"@id\":\"https:\\\/\\\/eldigitaldeasturias.com\\\/magazine365\\\/category\\\/noticias-actualidad\\\/#listItem\",\"name\":\"Noticias y Actualidad\"}},{\"@type\":\"ListItem\",\"@id\":\"https:\\\/\\\/eldigitaldeasturias.com\\\/magazine365\\\/category\\\/noticias-actualidad\\\/#listItem\",\"position\":2,\"name\":\"Noticias y Actualidad\",\"item\":\"https:\\\/\\\/eldigitaldeasturias.com\\\/magazine365\\\/category\\\/noticias-actualidad\\\/\",\"nextItem\":{\"@type\":\"ListItem\",\"@id\":\"https:\\\/\\\/eldigitaldeasturias.com\\\/magazine365\\\/las-rutas-del-vino-de-castilla-y-leon-promocionan-el-enoturismo\\\/#listItem\",\"name\":\"Las Rutas del Vino de Castilla y Le\\u00f3n promocionan el enoturismo\"},\"previousItem\":{\"@type\":\"ListItem\",\"@id\":\"https:\\\/\\\/eldigitaldeasturias.com\\\/magazine365#listItem\",\"name\":\"Home\"}},{\"@type\":\"ListItem\",\"@id\":\"https:\\\/\\\/eldigitaldeasturias.com\\\/magazine365\\\/las-rutas-del-vino-de-castilla-y-leon-promocionan-el-enoturismo\\\/#listItem\",\"position\":3,\"name\":\"Las Rutas del Vino de Castilla y Le\\u00f3n promocionan el enoturismo\",\"previousItem\":{\"@type\":\"ListItem\",\"@id\":\"https:\\\/\\\/eldigitaldeasturias.com\\\/magazine365\\\/category\\\/noticias-actualidad\\\/#listItem\",\"name\":\"Noticias y Actualidad\"}}]},{\"@type\":\"Organization\",\"@id\":\"https:\\\/\\\/eldigitaldeasturias.com\\\/magazine365\\\/#organization\",\"name\":\"El digital de Asturias\",\"description\":\"Revista de ocio, turismo y estilo de vida\",\"url\":\"https:\\\/\\\/eldigitaldeasturias.com\\\/magazine365\\\/\",\"logo\":{\"@type\":\"ImageObject\",\"url\":\"https:\\\/\\\/www.eldigitaldeasturias.com\\\/noticias\\\/wp-content\\\/uploads\\\/2020\\\/12\\\/EDA.jpg\",\"@id\":\"https:\\\/\\\/eldigitaldeasturias.com\\\/magazine365\\\/las-rutas-del-vino-de-castilla-y-leon-promocionan-el-enoturismo\\\/#organizationLogo\"},\"image\":{\"@id\":\"https:\\\/\\\/eldigitaldeasturias.com\\\/magazine365\\\/las-rutas-del-vino-de-castilla-y-leon-promocionan-el-enoturismo\\\/#organizationLogo\"}},{\"@type\":\"Person\",\"@id\":\"https:\\\/\\\/eldigitaldeasturias.com\\\/magazine365\\\/author\\\/admin\\\/#author\",\"url\":\"https:\\\/\\\/eldigitaldeasturias.com\\\/magazine365\\\/author\\\/admin\\\/\",\"name\":\"admin\",\"image\":{\"@type\":\"ImageObject\",\"@id\":\"https:\\\/\\\/eldigitaldeasturias.com\\\/magazine365\\\/las-rutas-del-vino-de-castilla-y-leon-promocionan-el-enoturismo\\\/#authorImage\",\"url\":\"https:\\\/\\\/eldigitaldeasturias.com\\\/magazine365\\\/wp-content\\\/litespeed\\\/avatar\\\/e571bcf59a0edd6fa6838245a470f2fe.jpg?ver=1776969259\",\"width\":96,\"height\":96,\"caption\":\"admin\"}},{\"@type\":\"WebPage\",\"@id\":\"https:\\\/\\\/eldigitaldeasturias.com\\\/magazine365\\\/las-rutas-del-vino-de-castilla-y-leon-promocionan-el-enoturismo\\\/#webpage\",\"url\":\"https:\\\/\\\/eldigitaldeasturias.com\\\/magazine365\\\/las-rutas-del-vino-de-castilla-y-leon-promocionan-el-enoturismo\\\/\",\"name\":\"Las Rutas del Vino de Castilla y Le\\u00f3n promocionan el enoturismo | El Digital de Asturias\",\"description\":\"Las Rutas del Vino de Castilla y Le\\u00f3n promocionar\\u00e1n el enoturismo en la regi\\u00f3n en la Feria Internacional de Turismo de Madrid (Fitur) de la mano de la presentadora Francine G\\u00e1lvez, que realizar\\u00e1 una presentaci\\u00f3n en el expositor de la Junta el s\\u00e1bado, 23 de enero, a las 12.00 horas. Seg\\u00fan han informado los promotores\",\"inLanguage\":\"es-ES\",\"isPartOf\":{\"@id\":\"https:\\\/\\\/eldigitaldeasturias.com\\\/magazine365\\\/#website\"},\"breadcrumb\":{\"@id\":\"https:\\\/\\\/eldigitaldeasturias.com\\\/magazine365\\\/las-rutas-del-vino-de-castilla-y-leon-promocionan-el-enoturismo\\\/#breadcrumblist\"},\"author\":{\"@id\":\"https:\\\/\\\/eldigitaldeasturias.com\\\/magazine365\\\/author\\\/admin\\\/#author\"},\"creator\":{\"@id\":\"https:\\\/\\\/eldigitaldeasturias.com\\\/magazine365\\\/author\\\/admin\\\/#author\"},\"image\":{\"@type\":\"ImageObject\",\"url\":\"https:\\\/\\\/eldigitaldeasturias.com\\\/magazine365\\\/wp-content\\\/uploads\\\/2016\\\/01\\\/fotonoticia_20160121111219_800.jpg\",\"@id\":\"https:\\\/\\\/eldigitaldeasturias.com\\\/magazine365\\\/las-rutas-del-vino-de-castilla-y-leon-promocionan-el-enoturismo\\\/#mainImage\",\"width\":800,\"height\":756},\"primaryImageOfPage\":{\"@id\":\"https:\\\/\\\/eldigitaldeasturias.com\\\/magazine365\\\/las-rutas-del-vino-de-castilla-y-leon-promocionan-el-enoturismo\\\/#mainImage\"},\"datePublished\":\"2016-01-23T04:49:42+01:00\",\"dateModified\":\"2016-01-23T04:49:42+01:00\"},{\"@type\":\"WebSite\",\"@id\":\"https:\\\/\\\/eldigitaldeasturias.com\\\/magazine365\\\/#website\",\"url\":\"https:\\\/\\\/eldigitaldeasturias.com\\\/magazine365\\\/\",\"name\":\"El Digital de Asturias\",\"description\":\"Revista de ocio, turismo y estilo de vida\",\"inLanguage\":\"es-ES\",\"publisher\":{\"@id\":\"https:\\\/\\\/eldigitaldeasturias.com\\\/magazine365\\\/#organization\"}}]}\n\t\t<\/script>\n\t\t<!-- All in One SEO Pro -->\r\n\t\t<title>Las Rutas del Vino de Castilla y Le\u00f3n promocionan el enoturismo | El Digital de Asturias<\/title>\n\n","aioseo_head_json":{"title":"Las Rutas del Vino de Castilla y Le\u00f3n promocionan el enoturismo | El Digital de Asturias","description":"Las Rutas del Vino de Castilla y Le\u00f3n promocionar\u00e1n el enoturismo en la regi\u00f3n en la Feria Internacional de Turismo de Madrid (Fitur) de la mano de la presentadora Francine G\u00e1lvez, que realizar\u00e1 una presentaci\u00f3n en el expositor de la Junta el s\u00e1bado, 23 de enero, a las 12.00 horas. Seg\u00fan han informado los promotores","canonical_url":"https:\/\/eldigitaldeasturias.com\/magazine365\/las-rutas-del-vino-de-castilla-y-leon-promocionan-el-enoturismo\/","robots":"max-image-preview:large","keywords":"noticias y actualidad","webmasterTools":{"google-site-verification":"UA-38556648-1","miscellaneous":""},"schema":{"@context":"https:\/\/schema.org","@graph":[{"@type":"Article","@id":"https:\/\/eldigitaldeasturias.com\/magazine365\/las-rutas-del-vino-de-castilla-y-leon-promocionan-el-enoturismo\/#article","name":"Las Rutas del Vino de Castilla y Le\u00f3n promocionan el enoturismo | El Digital de Asturias","headline":"Las Rutas del Vino de Castilla y Le\u00f3n promocionan el enoturismo","author":{"@id":"https:\/\/eldigitaldeasturias.com\/magazine365\/author\/admin\/#author"},"publisher":{"@id":"https:\/\/eldigitaldeasturias.com\/magazine365\/#organization"},"image":{"@type":"ImageObject","url":"https:\/\/eldigitaldeasturias.com\/magazine365\/wp-content\/uploads\/2016\/01\/fotonoticia_20160121111219_800.jpg","width":800,"height":756},"datePublished":"2016-01-23T04:49:42+01:00","dateModified":"2016-01-23T04:49:42+01:00","inLanguage":"es-ES","mainEntityOfPage":{"@id":"https:\/\/eldigitaldeasturias.com\/magazine365\/las-rutas-del-vino-de-castilla-y-leon-promocionan-el-enoturismo\/#webpage"},"isPartOf":{"@id":"https:\/\/eldigitaldeasturias.com\/magazine365\/las-rutas-del-vino-de-castilla-y-leon-promocionan-el-enoturismo\/#webpage"},"articleSection":"Noticias y Actualidad"},{"@type":"BreadcrumbList","@id":"https:\/\/eldigitaldeasturias.com\/magazine365\/las-rutas-del-vino-de-castilla-y-leon-promocionan-el-enoturismo\/#breadcrumblist","itemListElement":[{"@type":"ListItem","@id":"https:\/\/eldigitaldeasturias.com\/magazine365#listItem","position":1,"name":"Home","item":"https:\/\/eldigitaldeasturias.com\/magazine365","nextItem":{"@type":"ListItem","@id":"https:\/\/eldigitaldeasturias.com\/magazine365\/category\/noticias-actualidad\/#listItem","name":"Noticias y Actualidad"}},{"@type":"ListItem","@id":"https:\/\/eldigitaldeasturias.com\/magazine365\/category\/noticias-actualidad\/#listItem","position":2,"name":"Noticias y Actualidad","item":"https:\/\/eldigitaldeasturias.com\/magazine365\/category\/noticias-actualidad\/","nextItem":{"@type":"ListItem","@id":"https:\/\/eldigitaldeasturias.com\/magazine365\/las-rutas-del-vino-de-castilla-y-leon-promocionan-el-enoturismo\/#listItem","name":"Las Rutas del Vino de Castilla y Le\u00f3n promocionan el enoturismo"},"previousItem":{"@type":"ListItem","@id":"https:\/\/eldigitaldeasturias.com\/magazine365#listItem","name":"Home"}},{"@type":"ListItem","@id":"https:\/\/eldigitaldeasturias.com\/magazine365\/las-rutas-del-vino-de-castilla-y-leon-promocionan-el-enoturismo\/#listItem","position":3,"name":"Las Rutas del Vino de Castilla y Le\u00f3n promocionan el enoturismo","previousItem":{"@type":"ListItem","@id":"https:\/\/eldigitaldeasturias.com\/magazine365\/category\/noticias-actualidad\/#listItem","name":"Noticias y Actualidad"}}]},{"@type":"Organization","@id":"https:\/\/eldigitaldeasturias.com\/magazine365\/#organization","name":"El digital de Asturias","description":"Revista de ocio, turismo y estilo de vida","url":"https:\/\/eldigitaldeasturias.com\/magazine365\/","logo":{"@type":"ImageObject","url":"https:\/\/www.eldigitaldeasturias.com\/noticias\/wp-content\/uploads\/2020\/12\/EDA.jpg","@id":"https:\/\/eldigitaldeasturias.com\/magazine365\/las-rutas-del-vino-de-castilla-y-leon-promocionan-el-enoturismo\/#organizationLogo"},"image":{"@id":"https:\/\/eldigitaldeasturias.com\/magazine365\/las-rutas-del-vino-de-castilla-y-leon-promocionan-el-enoturismo\/#organizationLogo"}},{"@type":"Person","@id":"https:\/\/eldigitaldeasturias.com\/magazine365\/author\/admin\/#author","url":"https:\/\/eldigitaldeasturias.com\/magazine365\/author\/admin\/","name":"admin","image":{"@type":"ImageObject","@id":"https:\/\/eldigitaldeasturias.com\/magazine365\/las-rutas-del-vino-de-castilla-y-leon-promocionan-el-enoturismo\/#authorImage","url":"https:\/\/eldigitaldeasturias.com\/magazine365\/wp-content\/litespeed\/avatar\/e571bcf59a0edd6fa6838245a470f2fe.jpg?ver=1776969259","width":96,"height":96,"caption":"admin"}},{"@type":"WebPage","@id":"https:\/\/eldigitaldeasturias.com\/magazine365\/las-rutas-del-vino-de-castilla-y-leon-promocionan-el-enoturismo\/#webpage","url":"https:\/\/eldigitaldeasturias.com\/magazine365\/las-rutas-del-vino-de-castilla-y-leon-promocionan-el-enoturismo\/","name":"Las Rutas del Vino de Castilla y Le\u00f3n promocionan el enoturismo | El Digital de Asturias","description":"Las Rutas del Vino de Castilla y Le\u00f3n promocionar\u00e1n el enoturismo en la regi\u00f3n en la Feria Internacional de Turismo de Madrid (Fitur) de la mano de la presentadora Francine G\u00e1lvez, que realizar\u00e1 una presentaci\u00f3n en el expositor de la Junta el s\u00e1bado, 23 de enero, a las 12.00 horas. Seg\u00fan han informado los promotores","inLanguage":"es-ES","isPartOf":{"@id":"https:\/\/eldigitaldeasturias.com\/magazine365\/#website"},"breadcrumb":{"@id":"https:\/\/eldigitaldeasturias.com\/magazine365\/las-rutas-del-vino-de-castilla-y-leon-promocionan-el-enoturismo\/#breadcrumblist"},"author":{"@id":"https:\/\/eldigitaldeasturias.com\/magazine365\/author\/admin\/#author"},"creator":{"@id":"https:\/\/eldigitaldeasturias.com\/magazine365\/author\/admin\/#author"},"image":{"@type":"ImageObject","url":"https:\/\/eldigitaldeasturias.com\/magazine365\/wp-content\/uploads\/2016\/01\/fotonoticia_20160121111219_800.jpg","@id":"https:\/\/eldigitaldeasturias.com\/magazine365\/las-rutas-del-vino-de-castilla-y-leon-promocionan-el-enoturismo\/#mainImage","width":800,"height":756},"primaryImageOfPage":{"@id":"https:\/\/eldigitaldeasturias.com\/magazine365\/las-rutas-del-vino-de-castilla-y-leon-promocionan-el-enoturismo\/#mainImage"},"datePublished":"2016-01-23T04:49:42+01:00","dateModified":"2016-01-23T04:49:42+01:00"},{"@type":"WebSite","@id":"https:\/\/eldigitaldeasturias.com\/magazine365\/#website","url":"https:\/\/eldigitaldeasturias.com\/magazine365\/","name":"El Digital de Asturias","description":"Revista de ocio, turismo y estilo de vida","inLanguage":"es-ES","publisher":{"@id":"https:\/\/eldigitaldeasturias.com\/magazine365\/#organization"}}]},"og:locale":"es_ES","og:site_name":"El Digital de Asturias \u2013 Revista de ocio, turismo y estilo de vida","og:type":"article","og:title":"Las Rutas del Vino de Castilla y Le\u00f3n promocionan el enoturismo | El Digital de Asturias","og:description":"Las Rutas del Vino de Castilla y Le\u00f3n promocionar\u00e1n el enoturismo en la regi\u00f3n en la Feria Internacional de Turismo de Madrid (Fitur) de la mano de la presentadora Francine G\u00e1lvez, que realizar\u00e1 una presentaci\u00f3n en el expositor de la Junta el s\u00e1bado, 23 de enero, a las 12.00 horas. Seg\u00fan han informado los promotores","og:url":"https:\/\/eldigitaldeasturias.com\/magazine365\/las-rutas-del-vino-de-castilla-y-leon-promocionan-el-enoturismo\/","og:image":"https:\/\/eldigitaldeasturias.com\/magazine365\/wp-content\/uploads\/2016\/01\/fotonoticia_20160121111219_800.jpg","og:image:secure_url":"https:\/\/eldigitaldeasturias.com\/magazine365\/wp-content\/uploads\/2016\/01\/fotonoticia_20160121111219_800.jpg","og:image:width":800,"og:image:height":756,"article:published_time":"2016-01-23T03:49:42+00:00","article:modified_time":"2016-01-23T03:49:42+00:00","twitter:card":"summary_large_image","twitter:title":"Las Rutas del Vino de Castilla y Le\u00f3n promocionan el enoturismo | El Digital de Asturias","twitter:description":"Las Rutas del Vino de Castilla y Le\u00f3n promocionar\u00e1n el enoturismo en la regi\u00f3n en la Feria Internacional de Turismo de Madrid (Fitur) de la mano de la presentadora Francine G\u00e1lvez, que realizar\u00e1 una presentaci\u00f3n en el expositor de la Junta el s\u00e1bado, 23 de enero, a las 12.00 horas. Seg\u00fan han informado los promotores","twitter:image":"https:\/\/eldigitaldeasturias.com\/magazine365\/wp-content\/uploads\/2016\/01\/fotonoticia_20160121111219_800.jpg"},"aioseo_meta_data":{"post_id":"61557","title":null,"description":null,"keywords":null,"keyphrases":null,"primary_term":null,"canonical_url":null,"og_title":null,"og_description":null,"og_object_type":"default","og_image_type":"default","og_image_url":null,"og_image_width":null,"og_image_height":null,"og_image_custom_url":null,"og_image_custom_fields":null,"og_video":null,"og_custom_url":null,"og_article_section":null,"og_article_tags":null,"twitter_use_og":false,"twitter_card":"default","twitter_image_type":"default","twitter_image_url":null,"twitter_image_custom_url":null,"twitter_image_custom_fields":null,"twitter_title":null,"twitter_description":null,"schema":{"blockGraphs":[],"customGraphs":[],"default":{"data":{"Article":[],"Course":[],"Dataset":[],"FAQPage":[],"Movie":[],"Person":[],"Product":[],"ProductReview":[],"Car":[],"Recipe":[],"Service":[],"SoftwareApplication":[],"WebPage":[]},"graphName":"","isEnabled":true},"graphs":[],"defaultGraph":"","defaultPostTypeGraph":""},"schema_type":null,"schema_type_options":null,"pillar_content":false,"robots_default":true,"robots_noindex":false,"robots_noarchive":false,"robots_nosnippet":false,"robots_nofollow":false,"robots_noimageindex":false,"robots_noodp":false,"robots_notranslate":false,"robots_max_snippet":null,"robots_max_videopreview":null,"robots_max_imagepreview":"large","priority":null,"frequency":null,"location":null,"local_seo":null,"seo_analyzer_scan_date":"2025-09-25 09:13:53","breadcrumb_settings":null,"limit_modified_date":false,"open_ai":null,"ai":null,"created":"2021-03-08 21:47:43","updated":"2025-09-25 09:13:53"},"aioseo_breadcrumb":"<div class=\"aioseo-breadcrumbs\"><span class=\"aioseo-breadcrumb\">\n\t<a href=\"https:\/\/eldigitaldeasturias.com\/magazine365\" title=\"Home\">Home<\/a>\n<\/span><span class=\"aioseo-breadcrumb-separator\">\u2013<\/span><span class=\"aioseo-breadcrumb\">\n\t<a href=\"https:\/\/eldigitaldeasturias.com\/magazine365\/category\/noticias-actualidad\/\" title=\"Noticias y Actualidad\">Noticias y Actualidad<\/a>\n<\/span><span class=\"aioseo-breadcrumb-separator\">\u2013<\/span><span class=\"aioseo-breadcrumb\">\n\t<a href=\"https:\/\/eldigitaldeasturias.com\/magazine365\/las-rutas-del-vino-de-castilla-y-leon-promocionan-el-enoturismo\/\" title=\"Las Rutas del Vino de Castilla y Le\u00f3n promocionan el enoturismo\">Las Rutas del Vino de Castilla y Le\u00f3n promocionan el enoturismo<\/a>\n<\/span><\/div>","aioseo_breadcrumb_json":[{"label":"Home","link":"https:\/\/eldigitaldeasturias.com\/magazine365"},{"label":"Noticias y Actualidad","link":"https:\/\/eldigitaldeasturias.com\/magazine365\/category\/noticias-actualidad\/"},{"label":"Las Rutas del Vino de Castilla y Le\u00f3n promocionan el enoturismo","link":"https:\/\/eldigitaldeasturias.com\/magazine365\/las-rutas-del-vino-de-castilla-y-leon-promocionan-el-enoturismo\/"}],"_links":{"self":[{"href":"https:\/\/eldigitaldeasturias.com\/magazine365\/wp-json\/wp\/v2\/posts\/61557","targetHints":{"allow":["GET"]}}],"collection":[{"href":"https:\/\/eldigitaldeasturias.com\/magazine365\/wp-json\/wp\/v2\/posts"}],"about":[{"href":"https:\/\/eldigitaldeasturias.com\/magazine365\/wp-json\/wp\/v2\/types\/post"}],"author":[{"embeddable":true,"href":"https:\/\/eldigitaldeasturias.com\/magazine365\/wp-json\/wp\/v2\/users\/1"}],"replies":[{"embeddable":true,"href":"https:\/\/eldigitaldeasturias.com\/magazine365\/wp-json\/wp\/v2\/comments?post=61557"}],"version-history":[{"count":0,"href":"https:\/\/eldigitaldeasturias.com\/magazine365\/wp-json\/wp\/v2\/posts\/61557\/revisions"}],"wp:featuredmedia":[{"embeddable":true,"href":"https:\/\/eldigitaldeasturias.com\/magazine365\/wp-json\/wp\/v2\/media\/61558"}],"wp:attachment":[{"href":"https:\/\/eldigitaldeasturias.com\/magazine365\/wp-json\/wp\/v2\/media?parent=61557"}],"wp:term":[{"taxonomy":"category","embeddable":true,"href":"https:\/\/eldigitaldeasturias.com\/magazine365\/wp-json\/wp\/v2\/categories?post=61557"},{"taxonomy":"post_tag","embeddable":true,"href":"https:\/\/eldigitaldeasturias.com\/magazine365\/wp-json\/wp\/v2\/tags?post=61557"}],"curies":[{"name":"wp","href":"https:\/\/api.w.org\/{rel}","templated":true}]}}