{"id":61554,"date":"2016-01-23T04:47:38","date_gmt":"2016-01-23T03:47:38","guid":{"rendered":"http:\/\/eldigitaldeasturias.com\/magazine365\/?p=61554"},"modified":"2016-01-23T04:47:38","modified_gmt":"2016-01-23T03:47:38","slug":"aranjuez-reclama-a-todos-los-organismos-para-el-diseno-de-un-proyecto-turistico-integral-para-la-ciudad","status":"publish","type":"post","link":"https:\/\/eldigitaldeasturias.com\/magazine365\/aranjuez-reclama-a-todos-los-organismos-para-el-diseno-de-un-proyecto-turistico-integral-para-la-ciudad\/","title":{"rendered":"Aranjuez reclama a todos los organismos para el dise\u00f1o de un proyecto tur\u00edstico integral para la ciudad"},"content":{"rendered":"<p><img fetchpriority=\"high\" decoding=\"async\" class=\"alignleft size-medium wp-image-61555\" src=\"https:\/\/eldigitaldeasturias.com\/magazine365\/wp-content\/uploads\/2016\/01\/fotonoticia_20160121102932_800-360x270.jpg\" alt=\"fotonoticia_20160121102932_800\" width=\"360\" height=\"270\" srcset=\"https:\/\/eldigitaldeasturias.com\/magazine365\/wp-content\/uploads\/2016\/01\/fotonoticia_20160121102932_800-360x270.jpg 360w, https:\/\/eldigitaldeasturias.com\/magazine365\/wp-content\/uploads\/2016\/01\/fotonoticia_20160121102932_800-650x488.jpg 650w, https:\/\/eldigitaldeasturias.com\/magazine365\/wp-content\/uploads\/2016\/01\/fotonoticia_20160121102932_800-768x576.jpg 768w, https:\/\/eldigitaldeasturias.com\/magazine365\/wp-content\/uploads\/2016\/01\/fotonoticia_20160121102932_800-150x113.jpg 150w, https:\/\/eldigitaldeasturias.com\/magazine365\/wp-content\/uploads\/2016\/01\/fotonoticia_20160121102932_800-450x338.jpg 450w, https:\/\/eldigitaldeasturias.com\/magazine365\/wp-content\/uploads\/2016\/01\/fotonoticia_20160121102932_800-80x60.jpg 80w, https:\/\/eldigitaldeasturias.com\/magazine365\/wp-content\/uploads\/2016\/01\/fotonoticia_20160121102932_800-265x198.jpg 265w, https:\/\/eldigitaldeasturias.com\/magazine365\/wp-content\/uploads\/2016\/01\/fotonoticia_20160121102932_800-696x522.jpg 696w, https:\/\/eldigitaldeasturias.com\/magazine365\/wp-content\/uploads\/2016\/01\/fotonoticia_20160121102932_800-560x420.jpg 560w, https:\/\/eldigitaldeasturias.com\/magazine365\/wp-content\/uploads\/2016\/01\/fotonoticia_20160121102932_800-90x67.jpg 90w, https:\/\/eldigitaldeasturias.com\/magazine365\/wp-content\/uploads\/2016\/01\/fotonoticia_20160121102932_800-164x124.jpg 164w, https:\/\/eldigitaldeasturias.com\/magazine365\/wp-content\/uploads\/2016\/01\/fotonoticia_20160121102932_800-100x75.jpg 100w, https:\/\/eldigitaldeasturias.com\/magazine365\/wp-content\/uploads\/2016\/01\/fotonoticia_20160121102932_800.jpg 800w\" sizes=\"(max-width: 360px) 100vw, 360px\" \/>La alcaldesa de Aranjuez, Cristina Moreno, ha reclamado este mi\u00e9rcoles a todos los organismos y entidades sociales para trabajar en el dise\u00f1o de un proyecto tur\u00edstico integral para la ciudad de Aranjuez.<\/p>\n<p>\u00abNecesitamos dotarnos de un instrumento en el que est\u00e9n presentes todos aquellos organismos p\u00fablicos, asociaciones, sindicatos o empresarios que tengan algo que decir y que aportar en el \u00e1mbito del turismo en nuestra ciudad, para dise\u00f1ar entre todos un verdadero proyecto global\u00bb, ha dicho Moreno durante la presentaci\u00f3n del D\u00eda de Aranjuez en Fitur, celebrado en el stand de la Comunidad de Madrid con la presencia del director general de Turismo de la Comunidad de Madrid, Carlos Chaguaceda.<\/p>\n<p>La alcaldesa se ha mostrado muy agradecida por la buena disposici\u00f3n que ha mostrado el nuevo Gobierno regional de Cristina Cifuentes a la hora de apostar por la integraci\u00f3n de Aranjuez en el proyecto tur\u00edstico de la Comunidad de Madrid.<\/p>\n<p>\u00abSomos la joya de la corona\u00bb, ha dicho la alcaldesa, destacando que van a \u00abnecesitar ayuda para que esta ciudad despegue\u00bb y est\u00e1 \u00abconvencida\u00bb de que este nuevo Gobierno regional \u00abva a hacer todo lo que est\u00e9 en su mano\u00bb.<\/p>\n<p>Adem\u00e1s, la alcaldesa ha presentado la oferta tur\u00edstica de Aranjuez, que va desde el paisaje cultural, declarado por la UNESCO Patrimonio Mundial, hasta la gastronom\u00eda pasando por la cultura, el deporte, la huerta, los jardines y monumentos de Patrimonio Nacional, las Fiestas del Mot\u00edn, el Tren de la Fresa o el r\u00edo Tajo, \u00abarquitecto\u00bb de su paisaje, \u00abque a d\u00eda de hoy sigue enfermo de trasvase\u00bb.<\/p>\n<p>EL CONCIERTO DEL MAESTRO RODRIGO<\/p>\n<p>Todo ello conforma la Marca Aranjuez, tal y como ha explicado Moreno, de la misma forma que el Globo Mongolfier, que est\u00e1 expuesto en la puerta de acceso al Ifema, y la figura eterna del Maestro Rodrigo y del Concierto de Aranjuez, ambos protagonistas hoy en la presentaci\u00f3n de Aranjuez en Fitur.<\/p>\n<p>Durante el acto, la profesora de la Escuela Municipal de M\u00fasica &#8216;Joaqu\u00edn Rodrigo&#8217; Miriam Pardo Torres ha interpretado &#8216;Aranjuez Ma Pens\u00e9e&#8217;, tema del &#8216;Adagio&#8217; del Concierto de Aranjuez, versi\u00f3n para voz y guitarra de Joaqu\u00edn Rodrigo.<\/p>\n<p>Junto a los folletos informativos sobre los recursos p\u00fablicos y privados del turismo en Aranjuez, se van a distribuir entre los visitantes hasta 3.000 bolsas plegables de tela con forma de fresa.<\/p>\n<p>Durante la feria, que se ha inaugurado hoy, la Delegaci\u00f3n de Turismo mantendr\u00e1 diversas reuniones de trabajo con distintos touroperadores que se han interesado en Aranjuez como destino.<\/p>\n","protected":false},"excerpt":{"rendered":"<p>La alcaldesa de Aranjuez, Cristina Moreno, ha reclamado este mi\u00e9rcoles a todos los organismos y entidades sociales para trabajar en el dise\u00f1o de un proyecto tur\u00edstico integral para la ciudad de Aranjuez. \u00abNecesitamos dotarnos de un instrumento en el que est\u00e9n presentes todos aquellos organismos p\u00fablicos, asociaciones, sindicatos o empresarios que tengan algo que decir<\/p>\n","protected":false},"author":1,"featured_media":61555,"comment_status":"open","ping_status":"closed","sticky":false,"template":"","format":"standard","meta":{"footnotes":""},"categories":[224],"tags":[],"class_list":{"0":"post-61554","1":"post","2":"type-post","3":"status-publish","4":"format-standard","5":"has-post-thumbnail","7":"category-noticias-actualidad"},"aioseo_notices":[],"aioseo_head":"\n\t\t<!-- All in One SEO Pro 4.9.6.1 - aioseo.com -->\n\t<meta name=\"description\" content=\"La alcaldesa de Aranjuez, Cristina Moreno, ha reclamado este mi\u00e9rcoles a todos los organismos y entidades sociales para trabajar en el dise\u00f1o de un proyecto tur\u00edstico integral para la ciudad de Aranjuez. &quot;Necesitamos dotarnos de un instrumento en el que est\u00e9n presentes todos aquellos organismos p\u00fablicos, asociaciones, sindicatos o empresarios que tengan algo que decir\" \/>\n\t<meta name=\"robots\" content=\"max-image-preview:large\" \/>\n\t<meta name=\"author\" content=\"admin\"\/>\n\t<meta name=\"google-site-verification\" content=\"UA-38556648-1\" \/>\n\t<meta name=\"keywords\" content=\"noticias y actualidad\" \/>\n\t<link rel=\"canonical\" href=\"https:\/\/eldigitaldeasturias.com\/magazine365\/aranjuez-reclama-a-todos-los-organismos-para-el-diseno-de-un-proyecto-turistico-integral-para-la-ciudad\/\" \/>\n\t<meta name=\"generator\" content=\"All in One SEO Pro (AIOSEO) 4.9.6.1\" \/>\n\t\t<meta property=\"og:locale\" content=\"es_ES\" \/>\n\t\t<meta property=\"og:site_name\" content=\"El Digital de Asturias \u2013 Revista de ocio, turismo y estilo de vida\" \/>\n\t\t<meta property=\"og:type\" content=\"article\" \/>\n\t\t<meta property=\"og:title\" content=\"Aranjuez reclama a todos los organismos para el dise\u00f1o de un proyecto tur\u00edstico integral para la ciudad | El Digital de Asturias\" \/>\n\t\t<meta property=\"og:description\" content=\"La alcaldesa de Aranjuez, Cristina Moreno, ha reclamado este mi\u00e9rcoles a todos los organismos y entidades sociales para trabajar en el dise\u00f1o de un proyecto tur\u00edstico integral para la ciudad de Aranjuez. &quot;Necesitamos dotarnos de un instrumento en el que est\u00e9n presentes todos aquellos organismos p\u00fablicos, asociaciones, sindicatos o empresarios que tengan algo que decir\" \/>\n\t\t<meta property=\"og:url\" content=\"https:\/\/eldigitaldeasturias.com\/magazine365\/aranjuez-reclama-a-todos-los-organismos-para-el-diseno-de-un-proyecto-turistico-integral-para-la-ciudad\/\" \/>\n\t\t<meta property=\"og:image\" content=\"https:\/\/eldigitaldeasturias.com\/magazine365\/wp-content\/uploads\/2016\/01\/fotonoticia_20160121102932_800.jpg\" \/>\n\t\t<meta property=\"og:image:secure_url\" content=\"https:\/\/eldigitaldeasturias.com\/magazine365\/wp-content\/uploads\/2016\/01\/fotonoticia_20160121102932_800.jpg\" \/>\n\t\t<meta property=\"og:image:width\" content=\"800\" \/>\n\t\t<meta property=\"og:image:height\" content=\"600\" \/>\n\t\t<meta property=\"article:published_time\" content=\"2016-01-23T03:47:38+00:00\" \/>\n\t\t<meta property=\"article:modified_time\" content=\"2016-01-23T03:47:38+00:00\" \/>\n\t\t<meta name=\"twitter:card\" content=\"summary_large_image\" \/>\n\t\t<meta name=\"twitter:title\" content=\"Aranjuez reclama a todos los organismos para el dise\u00f1o de un proyecto tur\u00edstico integral para la ciudad | El Digital de Asturias\" \/>\n\t\t<meta name=\"twitter:description\" content=\"La alcaldesa de Aranjuez, Cristina Moreno, ha reclamado este mi\u00e9rcoles a todos los organismos y entidades sociales para trabajar en el dise\u00f1o de un proyecto tur\u00edstico integral para la ciudad de Aranjuez. &quot;Necesitamos dotarnos de un instrumento en el que est\u00e9n presentes todos aquellos organismos p\u00fablicos, asociaciones, sindicatos o empresarios que tengan algo que decir\" \/>\n\t\t<meta name=\"twitter:image\" content=\"https:\/\/eldigitaldeasturias.com\/magazine365\/wp-content\/uploads\/2016\/01\/fotonoticia_20160121102932_800.jpg\" \/>\n\t\t<script type=\"application\/ld+json\" class=\"aioseo-schema\">\n\t\t\t{\"@context\":\"https:\\\/\\\/schema.org\",\"@graph\":[{\"@type\":\"Article\",\"@id\":\"https:\\\/\\\/eldigitaldeasturias.com\\\/magazine365\\\/aranjuez-reclama-a-todos-los-organismos-para-el-diseno-de-un-proyecto-turistico-integral-para-la-ciudad\\\/#article\",\"name\":\"Aranjuez reclama a todos los organismos para el dise\\u00f1o de un proyecto tur\\u00edstico integral para la ciudad | El Digital de Asturias\",\"headline\":\"Aranjuez reclama a todos los organismos para el dise\\u00f1o de un proyecto tur\\u00edstico integral para la ciudad\",\"author\":{\"@id\":\"https:\\\/\\\/eldigitaldeasturias.com\\\/magazine365\\\/author\\\/admin\\\/#author\"},\"publisher\":{\"@id\":\"https:\\\/\\\/eldigitaldeasturias.com\\\/magazine365\\\/#organization\"},\"image\":{\"@type\":\"ImageObject\",\"url\":\"https:\\\/\\\/eldigitaldeasturias.com\\\/magazine365\\\/wp-content\\\/uploads\\\/2016\\\/01\\\/fotonoticia_20160121102932_800.jpg\",\"width\":800,\"height\":600},\"datePublished\":\"2016-01-23T04:47:38+01:00\",\"dateModified\":\"2016-01-23T04:47:38+01:00\",\"inLanguage\":\"es-ES\",\"mainEntityOfPage\":{\"@id\":\"https:\\\/\\\/eldigitaldeasturias.com\\\/magazine365\\\/aranjuez-reclama-a-todos-los-organismos-para-el-diseno-de-un-proyecto-turistico-integral-para-la-ciudad\\\/#webpage\"},\"isPartOf\":{\"@id\":\"https:\\\/\\\/eldigitaldeasturias.com\\\/magazine365\\\/aranjuez-reclama-a-todos-los-organismos-para-el-diseno-de-un-proyecto-turistico-integral-para-la-ciudad\\\/#webpage\"},\"articleSection\":\"Noticias y Actualidad\"},{\"@type\":\"BreadcrumbList\",\"@id\":\"https:\\\/\\\/eldigitaldeasturias.com\\\/magazine365\\\/aranjuez-reclama-a-todos-los-organismos-para-el-diseno-de-un-proyecto-turistico-integral-para-la-ciudad\\\/#breadcrumblist\",\"itemListElement\":[{\"@type\":\"ListItem\",\"@id\":\"https:\\\/\\\/eldigitaldeasturias.com\\\/magazine365#listItem\",\"position\":1,\"name\":\"Home\",\"item\":\"https:\\\/\\\/eldigitaldeasturias.com\\\/magazine365\",\"nextItem\":{\"@type\":\"ListItem\",\"@id\":\"https:\\\/\\\/eldigitaldeasturias.com\\\/magazine365\\\/category\\\/noticias-actualidad\\\/#listItem\",\"name\":\"Noticias y Actualidad\"}},{\"@type\":\"ListItem\",\"@id\":\"https:\\\/\\\/eldigitaldeasturias.com\\\/magazine365\\\/category\\\/noticias-actualidad\\\/#listItem\",\"position\":2,\"name\":\"Noticias y Actualidad\",\"item\":\"https:\\\/\\\/eldigitaldeasturias.com\\\/magazine365\\\/category\\\/noticias-actualidad\\\/\",\"nextItem\":{\"@type\":\"ListItem\",\"@id\":\"https:\\\/\\\/eldigitaldeasturias.com\\\/magazine365\\\/aranjuez-reclama-a-todos-los-organismos-para-el-diseno-de-un-proyecto-turistico-integral-para-la-ciudad\\\/#listItem\",\"name\":\"Aranjuez reclama a todos los organismos para el dise\\u00f1o de un proyecto tur\\u00edstico integral para la ciudad\"},\"previousItem\":{\"@type\":\"ListItem\",\"@id\":\"https:\\\/\\\/eldigitaldeasturias.com\\\/magazine365#listItem\",\"name\":\"Home\"}},{\"@type\":\"ListItem\",\"@id\":\"https:\\\/\\\/eldigitaldeasturias.com\\\/magazine365\\\/aranjuez-reclama-a-todos-los-organismos-para-el-diseno-de-un-proyecto-turistico-integral-para-la-ciudad\\\/#listItem\",\"position\":3,\"name\":\"Aranjuez reclama a todos los organismos para el dise\\u00f1o de un proyecto tur\\u00edstico integral para la ciudad\",\"previousItem\":{\"@type\":\"ListItem\",\"@id\":\"https:\\\/\\\/eldigitaldeasturias.com\\\/magazine365\\\/category\\\/noticias-actualidad\\\/#listItem\",\"name\":\"Noticias y Actualidad\"}}]},{\"@type\":\"Organization\",\"@id\":\"https:\\\/\\\/eldigitaldeasturias.com\\\/magazine365\\\/#organization\",\"name\":\"El digital de Asturias\",\"description\":\"Revista de ocio, turismo y estilo de vida\",\"url\":\"https:\\\/\\\/eldigitaldeasturias.com\\\/magazine365\\\/\",\"logo\":{\"@type\":\"ImageObject\",\"url\":\"https:\\\/\\\/www.eldigitaldeasturias.com\\\/noticias\\\/wp-content\\\/uploads\\\/2020\\\/12\\\/EDA.jpg\",\"@id\":\"https:\\\/\\\/eldigitaldeasturias.com\\\/magazine365\\\/aranjuez-reclama-a-todos-los-organismos-para-el-diseno-de-un-proyecto-turistico-integral-para-la-ciudad\\\/#organizationLogo\"},\"image\":{\"@id\":\"https:\\\/\\\/eldigitaldeasturias.com\\\/magazine365\\\/aranjuez-reclama-a-todos-los-organismos-para-el-diseno-de-un-proyecto-turistico-integral-para-la-ciudad\\\/#organizationLogo\"}},{\"@type\":\"Person\",\"@id\":\"https:\\\/\\\/eldigitaldeasturias.com\\\/magazine365\\\/author\\\/admin\\\/#author\",\"url\":\"https:\\\/\\\/eldigitaldeasturias.com\\\/magazine365\\\/author\\\/admin\\\/\",\"name\":\"admin\",\"image\":{\"@type\":\"ImageObject\",\"@id\":\"https:\\\/\\\/eldigitaldeasturias.com\\\/magazine365\\\/aranjuez-reclama-a-todos-los-organismos-para-el-diseno-de-un-proyecto-turistico-integral-para-la-ciudad\\\/#authorImage\",\"url\":\"https:\\\/\\\/eldigitaldeasturias.com\\\/magazine365\\\/wp-content\\\/litespeed\\\/avatar\\\/e571bcf59a0edd6fa6838245a470f2fe.jpg?ver=1776969259\",\"width\":96,\"height\":96,\"caption\":\"admin\"}},{\"@type\":\"WebPage\",\"@id\":\"https:\\\/\\\/eldigitaldeasturias.com\\\/magazine365\\\/aranjuez-reclama-a-todos-los-organismos-para-el-diseno-de-un-proyecto-turistico-integral-para-la-ciudad\\\/#webpage\",\"url\":\"https:\\\/\\\/eldigitaldeasturias.com\\\/magazine365\\\/aranjuez-reclama-a-todos-los-organismos-para-el-diseno-de-un-proyecto-turistico-integral-para-la-ciudad\\\/\",\"name\":\"Aranjuez reclama a todos los organismos para el dise\\u00f1o de un proyecto tur\\u00edstico integral para la ciudad | El Digital de Asturias\",\"description\":\"La alcaldesa de Aranjuez, Cristina Moreno, ha reclamado este mi\\u00e9rcoles a todos los organismos y entidades sociales para trabajar en el dise\\u00f1o de un proyecto tur\\u00edstico integral para la ciudad de Aranjuez. \\\"Necesitamos dotarnos de un instrumento en el que est\\u00e9n presentes todos aquellos organismos p\\u00fablicos, asociaciones, sindicatos o empresarios que tengan algo que decir\",\"inLanguage\":\"es-ES\",\"isPartOf\":{\"@id\":\"https:\\\/\\\/eldigitaldeasturias.com\\\/magazine365\\\/#website\"},\"breadcrumb\":{\"@id\":\"https:\\\/\\\/eldigitaldeasturias.com\\\/magazine365\\\/aranjuez-reclama-a-todos-los-organismos-para-el-diseno-de-un-proyecto-turistico-integral-para-la-ciudad\\\/#breadcrumblist\"},\"author\":{\"@id\":\"https:\\\/\\\/eldigitaldeasturias.com\\\/magazine365\\\/author\\\/admin\\\/#author\"},\"creator\":{\"@id\":\"https:\\\/\\\/eldigitaldeasturias.com\\\/magazine365\\\/author\\\/admin\\\/#author\"},\"image\":{\"@type\":\"ImageObject\",\"url\":\"https:\\\/\\\/eldigitaldeasturias.com\\\/magazine365\\\/wp-content\\\/uploads\\\/2016\\\/01\\\/fotonoticia_20160121102932_800.jpg\",\"@id\":\"https:\\\/\\\/eldigitaldeasturias.com\\\/magazine365\\\/aranjuez-reclama-a-todos-los-organismos-para-el-diseno-de-un-proyecto-turistico-integral-para-la-ciudad\\\/#mainImage\",\"width\":800,\"height\":600},\"primaryImageOfPage\":{\"@id\":\"https:\\\/\\\/eldigitaldeasturias.com\\\/magazine365\\\/aranjuez-reclama-a-todos-los-organismos-para-el-diseno-de-un-proyecto-turistico-integral-para-la-ciudad\\\/#mainImage\"},\"datePublished\":\"2016-01-23T04:47:38+01:00\",\"dateModified\":\"2016-01-23T04:47:38+01:00\"},{\"@type\":\"WebSite\",\"@id\":\"https:\\\/\\\/eldigitaldeasturias.com\\\/magazine365\\\/#website\",\"url\":\"https:\\\/\\\/eldigitaldeasturias.com\\\/magazine365\\\/\",\"name\":\"El Digital de Asturias\",\"description\":\"Revista de ocio, turismo y estilo de vida\",\"inLanguage\":\"es-ES\",\"publisher\":{\"@id\":\"https:\\\/\\\/eldigitaldeasturias.com\\\/magazine365\\\/#organization\"}}]}\n\t\t<\/script>\n\t\t<!-- All in One SEO Pro -->\r\n\t\t<title>Aranjuez reclama a todos los organismos para el dise\u00f1o de un proyecto tur\u00edstico integral para la ciudad | El Digital de Asturias<\/title>\n\n","aioseo_head_json":{"title":"Aranjuez reclama a todos los organismos para el dise\u00f1o de un proyecto tur\u00edstico integral para la ciudad | El Digital de Asturias","description":"La alcaldesa de Aranjuez, Cristina Moreno, ha reclamado este mi\u00e9rcoles a todos los organismos y entidades sociales para trabajar en el dise\u00f1o de un proyecto tur\u00edstico integral para la ciudad de Aranjuez. \"Necesitamos dotarnos de un instrumento en el que est\u00e9n presentes todos aquellos organismos p\u00fablicos, asociaciones, sindicatos o empresarios que tengan algo que decir","canonical_url":"https:\/\/eldigitaldeasturias.com\/magazine365\/aranjuez-reclama-a-todos-los-organismos-para-el-diseno-de-un-proyecto-turistico-integral-para-la-ciudad\/","robots":"max-image-preview:large","keywords":"noticias y actualidad","webmasterTools":{"google-site-verification":"UA-38556648-1","miscellaneous":""},"schema":{"@context":"https:\/\/schema.org","@graph":[{"@type":"Article","@id":"https:\/\/eldigitaldeasturias.com\/magazine365\/aranjuez-reclama-a-todos-los-organismos-para-el-diseno-de-un-proyecto-turistico-integral-para-la-ciudad\/#article","name":"Aranjuez reclama a todos los organismos para el dise\u00f1o de un proyecto tur\u00edstico integral para la ciudad | El Digital de Asturias","headline":"Aranjuez reclama a todos los organismos para el dise\u00f1o de un proyecto tur\u00edstico integral para la ciudad","author":{"@id":"https:\/\/eldigitaldeasturias.com\/magazine365\/author\/admin\/#author"},"publisher":{"@id":"https:\/\/eldigitaldeasturias.com\/magazine365\/#organization"},"image":{"@type":"ImageObject","url":"https:\/\/eldigitaldeasturias.com\/magazine365\/wp-content\/uploads\/2016\/01\/fotonoticia_20160121102932_800.jpg","width":800,"height":600},"datePublished":"2016-01-23T04:47:38+01:00","dateModified":"2016-01-23T04:47:38+01:00","inLanguage":"es-ES","mainEntityOfPage":{"@id":"https:\/\/eldigitaldeasturias.com\/magazine365\/aranjuez-reclama-a-todos-los-organismos-para-el-diseno-de-un-proyecto-turistico-integral-para-la-ciudad\/#webpage"},"isPartOf":{"@id":"https:\/\/eldigitaldeasturias.com\/magazine365\/aranjuez-reclama-a-todos-los-organismos-para-el-diseno-de-un-proyecto-turistico-integral-para-la-ciudad\/#webpage"},"articleSection":"Noticias y Actualidad"},{"@type":"BreadcrumbList","@id":"https:\/\/eldigitaldeasturias.com\/magazine365\/aranjuez-reclama-a-todos-los-organismos-para-el-diseno-de-un-proyecto-turistico-integral-para-la-ciudad\/#breadcrumblist","itemListElement":[{"@type":"ListItem","@id":"https:\/\/eldigitaldeasturias.com\/magazine365#listItem","position":1,"name":"Home","item":"https:\/\/eldigitaldeasturias.com\/magazine365","nextItem":{"@type":"ListItem","@id":"https:\/\/eldigitaldeasturias.com\/magazine365\/category\/noticias-actualidad\/#listItem","name":"Noticias y Actualidad"}},{"@type":"ListItem","@id":"https:\/\/eldigitaldeasturias.com\/magazine365\/category\/noticias-actualidad\/#listItem","position":2,"name":"Noticias y Actualidad","item":"https:\/\/eldigitaldeasturias.com\/magazine365\/category\/noticias-actualidad\/","nextItem":{"@type":"ListItem","@id":"https:\/\/eldigitaldeasturias.com\/magazine365\/aranjuez-reclama-a-todos-los-organismos-para-el-diseno-de-un-proyecto-turistico-integral-para-la-ciudad\/#listItem","name":"Aranjuez reclama a todos los organismos para el dise\u00f1o de un proyecto tur\u00edstico integral para la ciudad"},"previousItem":{"@type":"ListItem","@id":"https:\/\/eldigitaldeasturias.com\/magazine365#listItem","name":"Home"}},{"@type":"ListItem","@id":"https:\/\/eldigitaldeasturias.com\/magazine365\/aranjuez-reclama-a-todos-los-organismos-para-el-diseno-de-un-proyecto-turistico-integral-para-la-ciudad\/#listItem","position":3,"name":"Aranjuez reclama a todos los organismos para el dise\u00f1o de un proyecto tur\u00edstico integral para la ciudad","previousItem":{"@type":"ListItem","@id":"https:\/\/eldigitaldeasturias.com\/magazine365\/category\/noticias-actualidad\/#listItem","name":"Noticias y Actualidad"}}]},{"@type":"Organization","@id":"https:\/\/eldigitaldeasturias.com\/magazine365\/#organization","name":"El digital de Asturias","description":"Revista de ocio, turismo y estilo de vida","url":"https:\/\/eldigitaldeasturias.com\/magazine365\/","logo":{"@type":"ImageObject","url":"https:\/\/www.eldigitaldeasturias.com\/noticias\/wp-content\/uploads\/2020\/12\/EDA.jpg","@id":"https:\/\/eldigitaldeasturias.com\/magazine365\/aranjuez-reclama-a-todos-los-organismos-para-el-diseno-de-un-proyecto-turistico-integral-para-la-ciudad\/#organizationLogo"},"image":{"@id":"https:\/\/eldigitaldeasturias.com\/magazine365\/aranjuez-reclama-a-todos-los-organismos-para-el-diseno-de-un-proyecto-turistico-integral-para-la-ciudad\/#organizationLogo"}},{"@type":"Person","@id":"https:\/\/eldigitaldeasturias.com\/magazine365\/author\/admin\/#author","url":"https:\/\/eldigitaldeasturias.com\/magazine365\/author\/admin\/","name":"admin","image":{"@type":"ImageObject","@id":"https:\/\/eldigitaldeasturias.com\/magazine365\/aranjuez-reclama-a-todos-los-organismos-para-el-diseno-de-un-proyecto-turistico-integral-para-la-ciudad\/#authorImage","url":"https:\/\/eldigitaldeasturias.com\/magazine365\/wp-content\/litespeed\/avatar\/e571bcf59a0edd6fa6838245a470f2fe.jpg?ver=1776969259","width":96,"height":96,"caption":"admin"}},{"@type":"WebPage","@id":"https:\/\/eldigitaldeasturias.com\/magazine365\/aranjuez-reclama-a-todos-los-organismos-para-el-diseno-de-un-proyecto-turistico-integral-para-la-ciudad\/#webpage","url":"https:\/\/eldigitaldeasturias.com\/magazine365\/aranjuez-reclama-a-todos-los-organismos-para-el-diseno-de-un-proyecto-turistico-integral-para-la-ciudad\/","name":"Aranjuez reclama a todos los organismos para el dise\u00f1o de un proyecto tur\u00edstico integral para la ciudad | El Digital de Asturias","description":"La alcaldesa de Aranjuez, Cristina Moreno, ha reclamado este mi\u00e9rcoles a todos los organismos y entidades sociales para trabajar en el dise\u00f1o de un proyecto tur\u00edstico integral para la ciudad de Aranjuez. \"Necesitamos dotarnos de un instrumento en el que est\u00e9n presentes todos aquellos organismos p\u00fablicos, asociaciones, sindicatos o empresarios que tengan algo que decir","inLanguage":"es-ES","isPartOf":{"@id":"https:\/\/eldigitaldeasturias.com\/magazine365\/#website"},"breadcrumb":{"@id":"https:\/\/eldigitaldeasturias.com\/magazine365\/aranjuez-reclama-a-todos-los-organismos-para-el-diseno-de-un-proyecto-turistico-integral-para-la-ciudad\/#breadcrumblist"},"author":{"@id":"https:\/\/eldigitaldeasturias.com\/magazine365\/author\/admin\/#author"},"creator":{"@id":"https:\/\/eldigitaldeasturias.com\/magazine365\/author\/admin\/#author"},"image":{"@type":"ImageObject","url":"https:\/\/eldigitaldeasturias.com\/magazine365\/wp-content\/uploads\/2016\/01\/fotonoticia_20160121102932_800.jpg","@id":"https:\/\/eldigitaldeasturias.com\/magazine365\/aranjuez-reclama-a-todos-los-organismos-para-el-diseno-de-un-proyecto-turistico-integral-para-la-ciudad\/#mainImage","width":800,"height":600},"primaryImageOfPage":{"@id":"https:\/\/eldigitaldeasturias.com\/magazine365\/aranjuez-reclama-a-todos-los-organismos-para-el-diseno-de-un-proyecto-turistico-integral-para-la-ciudad\/#mainImage"},"datePublished":"2016-01-23T04:47:38+01:00","dateModified":"2016-01-23T04:47:38+01:00"},{"@type":"WebSite","@id":"https:\/\/eldigitaldeasturias.com\/magazine365\/#website","url":"https:\/\/eldigitaldeasturias.com\/magazine365\/","name":"El Digital de Asturias","description":"Revista de ocio, turismo y estilo de vida","inLanguage":"es-ES","publisher":{"@id":"https:\/\/eldigitaldeasturias.com\/magazine365\/#organization"}}]},"og:locale":"es_ES","og:site_name":"El Digital de Asturias \u2013 Revista de ocio, turismo y estilo de vida","og:type":"article","og:title":"Aranjuez reclama a todos los organismos para el dise\u00f1o de un proyecto tur\u00edstico integral para la ciudad | El Digital de Asturias","og:description":"La alcaldesa de Aranjuez, Cristina Moreno, ha reclamado este mi\u00e9rcoles a todos los organismos y entidades sociales para trabajar en el dise\u00f1o de un proyecto tur\u00edstico integral para la ciudad de Aranjuez. &quot;Necesitamos dotarnos de un instrumento en el que est\u00e9n presentes todos aquellos organismos p\u00fablicos, asociaciones, sindicatos o empresarios que tengan algo que decir","og:url":"https:\/\/eldigitaldeasturias.com\/magazine365\/aranjuez-reclama-a-todos-los-organismos-para-el-diseno-de-un-proyecto-turistico-integral-para-la-ciudad\/","og:image":"https:\/\/eldigitaldeasturias.com\/magazine365\/wp-content\/uploads\/2016\/01\/fotonoticia_20160121102932_800.jpg","og:image:secure_url":"https:\/\/eldigitaldeasturias.com\/magazine365\/wp-content\/uploads\/2016\/01\/fotonoticia_20160121102932_800.jpg","og:image:width":800,"og:image:height":600,"article:published_time":"2016-01-23T03:47:38+00:00","article:modified_time":"2016-01-23T03:47:38+00:00","twitter:card":"summary_large_image","twitter:title":"Aranjuez reclama a todos los organismos para el dise\u00f1o de un proyecto tur\u00edstico integral para la ciudad | El Digital de Asturias","twitter:description":"La alcaldesa de Aranjuez, Cristina Moreno, ha reclamado este mi\u00e9rcoles a todos los organismos y entidades sociales para trabajar en el dise\u00f1o de un proyecto tur\u00edstico integral para la ciudad de Aranjuez. &quot;Necesitamos dotarnos de un instrumento en el que est\u00e9n presentes todos aquellos organismos p\u00fablicos, asociaciones, sindicatos o empresarios que tengan algo que decir","twitter:image":"https:\/\/eldigitaldeasturias.com\/magazine365\/wp-content\/uploads\/2016\/01\/fotonoticia_20160121102932_800.jpg"},"aioseo_meta_data":{"post_id":"61554","title":null,"description":null,"keywords":null,"keyphrases":null,"primary_term":null,"canonical_url":null,"og_title":null,"og_description":null,"og_object_type":"default","og_image_type":"default","og_image_url":null,"og_image_width":null,"og_image_height":null,"og_image_custom_url":null,"og_image_custom_fields":null,"og_video":null,"og_custom_url":null,"og_article_section":null,"og_article_tags":null,"twitter_use_og":false,"twitter_card":"default","twitter_image_type":"default","twitter_image_url":null,"twitter_image_custom_url":null,"twitter_image_custom_fields":null,"twitter_title":null,"twitter_description":null,"schema":{"blockGraphs":[],"customGraphs":[],"default":{"data":{"Article":[],"Course":[],"Dataset":[],"FAQPage":[],"Movie":[],"Person":[],"Product":[],"ProductReview":[],"Car":[],"Recipe":[],"Service":[],"SoftwareApplication":[],"WebPage":[]},"graphName":"","isEnabled":true},"graphs":[],"defaultGraph":"","defaultPostTypeGraph":""},"schema_type":null,"schema_type_options":null,"pillar_content":false,"robots_default":true,"robots_noindex":false,"robots_noarchive":false,"robots_nosnippet":false,"robots_nofollow":false,"robots_noimageindex":false,"robots_noodp":false,"robots_notranslate":false,"robots_max_snippet":null,"robots_max_videopreview":null,"robots_max_imagepreview":"large","priority":null,"frequency":null,"location":null,"local_seo":null,"seo_analyzer_scan_date":"2025-09-25 09:13:52","breadcrumb_settings":null,"limit_modified_date":false,"open_ai":null,"ai":null,"created":"2021-03-08 21:47:43","updated":"2025-09-25 09:13:52"},"aioseo_breadcrumb":"<div class=\"aioseo-breadcrumbs\"><span class=\"aioseo-breadcrumb\">\n\t<a href=\"https:\/\/eldigitaldeasturias.com\/magazine365\" title=\"Home\">Home<\/a>\n<\/span><span class=\"aioseo-breadcrumb-separator\">\u2013<\/span><span class=\"aioseo-breadcrumb\">\n\t<a href=\"https:\/\/eldigitaldeasturias.com\/magazine365\/category\/noticias-actualidad\/\" title=\"Noticias y Actualidad\">Noticias y Actualidad<\/a>\n<\/span><span class=\"aioseo-breadcrumb-separator\">\u2013<\/span><span class=\"aioseo-breadcrumb\">\n\t<a href=\"https:\/\/eldigitaldeasturias.com\/magazine365\/aranjuez-reclama-a-todos-los-organismos-para-el-diseno-de-un-proyecto-turistico-integral-para-la-ciudad\/\" title=\"Aranjuez reclama a todos los organismos para el dise\u00f1o de un proyecto tur\u00edstico integral para la ciudad\">Aranjuez reclama a todos los organismos para el dise\u00f1o de un proyecto tur\u00edstico integral para la ciudad<\/a>\n<\/span><\/div>","aioseo_breadcrumb_json":[{"label":"Home","link":"https:\/\/eldigitaldeasturias.com\/magazine365"},{"label":"Noticias y Actualidad","link":"https:\/\/eldigitaldeasturias.com\/magazine365\/category\/noticias-actualidad\/"},{"label":"Aranjuez reclama a todos los organismos para el dise\u00f1o de un proyecto tur\u00edstico integral para la ciudad","link":"https:\/\/eldigitaldeasturias.com\/magazine365\/aranjuez-reclama-a-todos-los-organismos-para-el-diseno-de-un-proyecto-turistico-integral-para-la-ciudad\/"}],"_links":{"self":[{"href":"https:\/\/eldigitaldeasturias.com\/magazine365\/wp-json\/wp\/v2\/posts\/61554","targetHints":{"allow":["GET"]}}],"collection":[{"href":"https:\/\/eldigitaldeasturias.com\/magazine365\/wp-json\/wp\/v2\/posts"}],"about":[{"href":"https:\/\/eldigitaldeasturias.com\/magazine365\/wp-json\/wp\/v2\/types\/post"}],"author":[{"embeddable":true,"href":"https:\/\/eldigitaldeasturias.com\/magazine365\/wp-json\/wp\/v2\/users\/1"}],"replies":[{"embeddable":true,"href":"https:\/\/eldigitaldeasturias.com\/magazine365\/wp-json\/wp\/v2\/comments?post=61554"}],"version-history":[{"count":0,"href":"https:\/\/eldigitaldeasturias.com\/magazine365\/wp-json\/wp\/v2\/posts\/61554\/revisions"}],"wp:featuredmedia":[{"embeddable":true,"href":"https:\/\/eldigitaldeasturias.com\/magazine365\/wp-json\/wp\/v2\/media\/61555"}],"wp:attachment":[{"href":"https:\/\/eldigitaldeasturias.com\/magazine365\/wp-json\/wp\/v2\/media?parent=61554"}],"wp:term":[{"taxonomy":"category","embeddable":true,"href":"https:\/\/eldigitaldeasturias.com\/magazine365\/wp-json\/wp\/v2\/categories?post=61554"},{"taxonomy":"post_tag","embeddable":true,"href":"https:\/\/eldigitaldeasturias.com\/magazine365\/wp-json\/wp\/v2\/tags?post=61554"}],"curies":[{"name":"wp","href":"https:\/\/api.w.org\/{rel}","templated":true}]}}