{"id":61551,"date":"2016-01-23T04:46:40","date_gmt":"2016-01-23T03:46:40","guid":{"rendered":"http:\/\/eldigitaldeasturias.com\/magazine365\/?p=61551"},"modified":"2016-01-23T04:46:40","modified_gmt":"2016-01-23T03:46:40","slug":"el-icte-recupera-la-noche-q-con-la-entrega-hoy-de-los-premios-de-calidad-turistica-2015","status":"publish","type":"post","link":"https:\/\/eldigitaldeasturias.com\/magazine365\/el-icte-recupera-la-noche-q-con-la-entrega-hoy-de-los-premios-de-calidad-turistica-2015\/","title":{"rendered":"El ICTE recupera la &#8216;Noche Q&#8217; con la entrega hoy de los premios de calidad tur\u00edstica 2015"},"content":{"rendered":"<p><img fetchpriority=\"high\" decoding=\"async\" class=\"alignleft size-medium wp-image-61552\" src=\"https:\/\/eldigitaldeasturias.com\/magazine365\/wp-content\/uploads\/2016\/01\/fotonoticia_20160121095937_800-360x275.jpg\" alt=\"fotonoticia_20160121095937_800\" width=\"360\" height=\"275\" srcset=\"https:\/\/eldigitaldeasturias.com\/magazine365\/wp-content\/uploads\/2016\/01\/fotonoticia_20160121095937_800-360x275.jpg 360w, https:\/\/eldigitaldeasturias.com\/magazine365\/wp-content\/uploads\/2016\/01\/fotonoticia_20160121095937_800-650x497.jpg 650w, https:\/\/eldigitaldeasturias.com\/magazine365\/wp-content\/uploads\/2016\/01\/fotonoticia_20160121095937_800-768x588.jpg 768w, https:\/\/eldigitaldeasturias.com\/magazine365\/wp-content\/uploads\/2016\/01\/fotonoticia_20160121095937_800-150x115.jpg 150w, https:\/\/eldigitaldeasturias.com\/magazine365\/wp-content\/uploads\/2016\/01\/fotonoticia_20160121095937_800-450x344.jpg 450w, https:\/\/eldigitaldeasturias.com\/magazine365\/wp-content\/uploads\/2016\/01\/fotonoticia_20160121095937_800-80x60.jpg 80w, https:\/\/eldigitaldeasturias.com\/magazine365\/wp-content\/uploads\/2016\/01\/fotonoticia_20160121095937_800-696x532.jpg 696w, https:\/\/eldigitaldeasturias.com\/magazine365\/wp-content\/uploads\/2016\/01\/fotonoticia_20160121095937_800-549x420.jpg 549w, https:\/\/eldigitaldeasturias.com\/magazine365\/wp-content\/uploads\/2016\/01\/fotonoticia_20160121095937_800-164x124.jpg 164w, https:\/\/eldigitaldeasturias.com\/magazine365\/wp-content\/uploads\/2016\/01\/fotonoticia_20160121095937_800-100x75.jpg 100w, https:\/\/eldigitaldeasturias.com\/magazine365\/wp-content\/uploads\/2016\/01\/fotonoticia_20160121095937_800.jpg 800w\" sizes=\"(max-width: 360px) 100vw, 360px\" \/>El Instituto de Calidad Tur\u00edstica (ICTE) celebrar\u00e1 este jueves la &#8216;Noche Q&#8217; en la Galer\u00eda de Cristal del Ayuntamiento de Madrid, un acto que no se celebraba desde el a\u00f1o 2010, y durante el que se har\u00e1 entrega de los reconocimientos a m\u00e1s de 400 empresas y organizaciones que han renovado u obtenido su certificaci\u00f3n de la marca Q de calidad tur\u00edstica a lo largo de 2015.<\/p>\n<p>Estos premios &#8216;Q&#8217; se otorgan anualmente en reconocimiento al compromiso por la calidad adquirido por las instituciones y empresas galardonadas y hasta 2010 se entregaban en el marco de una gala anual, coincidiendo con Fitur, y organizada por el ICTE denominada &#8216;Noche Q&#8217;. En su \u00faltima edici\u00f3n, congreg\u00f3 a m\u00e1s de 1.400 personas.<\/p>\n<p>En la edici\u00f3n de este a\u00f1o, a partir de las 20.30 horas, se entregar\u00e1n los Premios Q de Calidad que anualmente otorga el ICTE a aquellas personas y entidades que apuestan por promover el turismo espa\u00f1ol de calidad junto a autoridades y empresarios del sector que podr\u00e1n disfrutar de un concierto del prestigioso violinista Ara Malikian.<\/p>\n<p>Este a\u00f1o han reca\u00eddo en el tractorista Mariano L\u00f3pez Ba\u00f1os, encargado del mantenimiento de las playas de San Javier (Murcia) por dise\u00f1ar una impresi\u00f3n que permite a los ba\u00f1istas encontrar la Q de calidad en los arenales; a Ikea Food por la campa\u00f1a de promoci\u00f3n de la marca Q que ha puesto en marcha tras obtener la certificaci\u00f3n en sus establecimientos en la Pen\u00ednsula; y a las revistas especializadas Agenttravel, Hosteltur y Nexotur por su permanente apoyo en la difusi\u00f3n de la marca Q como emblema de calidad percibida por el sector tur\u00edstico.<\/p>\n","protected":false},"excerpt":{"rendered":"<p>El Instituto de Calidad Tur\u00edstica (ICTE) celebrar\u00e1 este jueves la &#8216;Noche Q&#8217; en la Galer\u00eda de Cristal del Ayuntamiento de Madrid, un acto que no se celebraba desde el a\u00f1o 2010, y durante el que se har\u00e1 entrega de los reconocimientos a m\u00e1s de 400 empresas y organizaciones que han renovado u obtenido su certificaci\u00f3n<\/p>\n","protected":false},"author":1,"featured_media":61552,"comment_status":"open","ping_status":"closed","sticky":false,"template":"","format":"standard","meta":{"footnotes":""},"categories":[224],"tags":[],"class_list":{"0":"post-61551","1":"post","2":"type-post","3":"status-publish","4":"format-standard","5":"has-post-thumbnail","7":"category-noticias-actualidad"},"aioseo_notices":[],"aioseo_head":"\n\t\t<!-- All in One SEO Pro 4.9.6.1 - aioseo.com -->\n\t<meta name=\"description\" content=\"El Instituto de Calidad Tur\u00edstica (ICTE) celebrar\u00e1 este jueves la &#039;Noche Q&#039; en la Galer\u00eda de Cristal del Ayuntamiento de Madrid, un acto que no se celebraba desde el a\u00f1o 2010, y durante el que se har\u00e1 entrega de los reconocimientos a m\u00e1s de 400 empresas y organizaciones que han renovado u obtenido su certificaci\u00f3n\" \/>\n\t<meta name=\"robots\" content=\"max-image-preview:large\" \/>\n\t<meta name=\"author\" content=\"admin\"\/>\n\t<meta name=\"google-site-verification\" content=\"UA-38556648-1\" \/>\n\t<meta name=\"keywords\" content=\"noticias y actualidad\" \/>\n\t<link rel=\"canonical\" href=\"https:\/\/eldigitaldeasturias.com\/magazine365\/el-icte-recupera-la-noche-q-con-la-entrega-hoy-de-los-premios-de-calidad-turistica-2015\/\" \/>\n\t<meta name=\"generator\" content=\"All in One SEO Pro (AIOSEO) 4.9.6.1\" \/>\n\t\t<meta property=\"og:locale\" content=\"es_ES\" \/>\n\t\t<meta property=\"og:site_name\" content=\"El Digital de Asturias \u2013 Revista de ocio, turismo y estilo de vida\" \/>\n\t\t<meta property=\"og:type\" content=\"article\" \/>\n\t\t<meta property=\"og:title\" content=\"El ICTE recupera la \u2018Noche Q\u2019 con la entrega hoy de los premios de calidad tur\u00edstica 2015 | El Digital de Asturias\" \/>\n\t\t<meta property=\"og:description\" content=\"El Instituto de Calidad Tur\u00edstica (ICTE) celebrar\u00e1 este jueves la &#039;Noche Q&#039; en la Galer\u00eda de Cristal del Ayuntamiento de Madrid, un acto que no se celebraba desde el a\u00f1o 2010, y durante el que se har\u00e1 entrega de los reconocimientos a m\u00e1s de 400 empresas y organizaciones que han renovado u obtenido su certificaci\u00f3n\" \/>\n\t\t<meta property=\"og:url\" content=\"https:\/\/eldigitaldeasturias.com\/magazine365\/el-icte-recupera-la-noche-q-con-la-entrega-hoy-de-los-premios-de-calidad-turistica-2015\/\" \/>\n\t\t<meta property=\"og:image\" content=\"https:\/\/eldigitaldeasturias.com\/magazine365\/wp-content\/uploads\/2016\/01\/fotonoticia_20160121095937_800.jpg\" \/>\n\t\t<meta property=\"og:image:secure_url\" content=\"https:\/\/eldigitaldeasturias.com\/magazine365\/wp-content\/uploads\/2016\/01\/fotonoticia_20160121095937_800.jpg\" \/>\n\t\t<meta property=\"og:image:width\" content=\"800\" \/>\n\t\t<meta property=\"og:image:height\" content=\"612\" \/>\n\t\t<meta property=\"article:published_time\" content=\"2016-01-23T03:46:40+00:00\" \/>\n\t\t<meta property=\"article:modified_time\" content=\"2016-01-23T03:46:40+00:00\" \/>\n\t\t<meta name=\"twitter:card\" content=\"summary_large_image\" \/>\n\t\t<meta name=\"twitter:title\" content=\"El ICTE recupera la \u2018Noche Q\u2019 con la entrega hoy de los premios de calidad tur\u00edstica 2015 | El Digital de Asturias\" \/>\n\t\t<meta name=\"twitter:description\" content=\"El Instituto de Calidad Tur\u00edstica (ICTE) celebrar\u00e1 este jueves la &#039;Noche Q&#039; en la Galer\u00eda de Cristal del Ayuntamiento de Madrid, un acto que no se celebraba desde el a\u00f1o 2010, y durante el que se har\u00e1 entrega de los reconocimientos a m\u00e1s de 400 empresas y organizaciones que han renovado u obtenido su certificaci\u00f3n\" \/>\n\t\t<meta name=\"twitter:image\" content=\"https:\/\/eldigitaldeasturias.com\/magazine365\/wp-content\/uploads\/2016\/01\/fotonoticia_20160121095937_800.jpg\" \/>\n\t\t<script type=\"application\/ld+json\" class=\"aioseo-schema\">\n\t\t\t{\"@context\":\"https:\\\/\\\/schema.org\",\"@graph\":[{\"@type\":\"Article\",\"@id\":\"https:\\\/\\\/eldigitaldeasturias.com\\\/magazine365\\\/el-icte-recupera-la-noche-q-con-la-entrega-hoy-de-los-premios-de-calidad-turistica-2015\\\/#article\",\"name\":\"El ICTE recupera la \\u2018Noche Q\\u2019 con la entrega hoy de los premios de calidad tur\\u00edstica 2015 | El Digital de Asturias\",\"headline\":\"El ICTE recupera la &#8216;Noche Q&#8217; con la entrega hoy de los premios de calidad tur\\u00edstica 2015\",\"author\":{\"@id\":\"https:\\\/\\\/eldigitaldeasturias.com\\\/magazine365\\\/author\\\/admin\\\/#author\"},\"publisher\":{\"@id\":\"https:\\\/\\\/eldigitaldeasturias.com\\\/magazine365\\\/#organization\"},\"image\":{\"@type\":\"ImageObject\",\"url\":\"https:\\\/\\\/eldigitaldeasturias.com\\\/magazine365\\\/wp-content\\\/uploads\\\/2016\\\/01\\\/fotonoticia_20160121095937_800.jpg\",\"width\":800,\"height\":612},\"datePublished\":\"2016-01-23T04:46:40+01:00\",\"dateModified\":\"2016-01-23T04:46:40+01:00\",\"inLanguage\":\"es-ES\",\"mainEntityOfPage\":{\"@id\":\"https:\\\/\\\/eldigitaldeasturias.com\\\/magazine365\\\/el-icte-recupera-la-noche-q-con-la-entrega-hoy-de-los-premios-de-calidad-turistica-2015\\\/#webpage\"},\"isPartOf\":{\"@id\":\"https:\\\/\\\/eldigitaldeasturias.com\\\/magazine365\\\/el-icte-recupera-la-noche-q-con-la-entrega-hoy-de-los-premios-de-calidad-turistica-2015\\\/#webpage\"},\"articleSection\":\"Noticias y Actualidad\"},{\"@type\":\"BreadcrumbList\",\"@id\":\"https:\\\/\\\/eldigitaldeasturias.com\\\/magazine365\\\/el-icte-recupera-la-noche-q-con-la-entrega-hoy-de-los-premios-de-calidad-turistica-2015\\\/#breadcrumblist\",\"itemListElement\":[{\"@type\":\"ListItem\",\"@id\":\"https:\\\/\\\/eldigitaldeasturias.com\\\/magazine365#listItem\",\"position\":1,\"name\":\"Home\",\"item\":\"https:\\\/\\\/eldigitaldeasturias.com\\\/magazine365\",\"nextItem\":{\"@type\":\"ListItem\",\"@id\":\"https:\\\/\\\/eldigitaldeasturias.com\\\/magazine365\\\/category\\\/noticias-actualidad\\\/#listItem\",\"name\":\"Noticias y Actualidad\"}},{\"@type\":\"ListItem\",\"@id\":\"https:\\\/\\\/eldigitaldeasturias.com\\\/magazine365\\\/category\\\/noticias-actualidad\\\/#listItem\",\"position\":2,\"name\":\"Noticias y Actualidad\",\"item\":\"https:\\\/\\\/eldigitaldeasturias.com\\\/magazine365\\\/category\\\/noticias-actualidad\\\/\",\"nextItem\":{\"@type\":\"ListItem\",\"@id\":\"https:\\\/\\\/eldigitaldeasturias.com\\\/magazine365\\\/el-icte-recupera-la-noche-q-con-la-entrega-hoy-de-los-premios-de-calidad-turistica-2015\\\/#listItem\",\"name\":\"El ICTE recupera la &#8216;Noche Q&#8217; con la entrega hoy de los premios de calidad tur\\u00edstica 2015\"},\"previousItem\":{\"@type\":\"ListItem\",\"@id\":\"https:\\\/\\\/eldigitaldeasturias.com\\\/magazine365#listItem\",\"name\":\"Home\"}},{\"@type\":\"ListItem\",\"@id\":\"https:\\\/\\\/eldigitaldeasturias.com\\\/magazine365\\\/el-icte-recupera-la-noche-q-con-la-entrega-hoy-de-los-premios-de-calidad-turistica-2015\\\/#listItem\",\"position\":3,\"name\":\"El ICTE recupera la &#8216;Noche Q&#8217; con la entrega hoy de los premios de calidad tur\\u00edstica 2015\",\"previousItem\":{\"@type\":\"ListItem\",\"@id\":\"https:\\\/\\\/eldigitaldeasturias.com\\\/magazine365\\\/category\\\/noticias-actualidad\\\/#listItem\",\"name\":\"Noticias y Actualidad\"}}]},{\"@type\":\"Organization\",\"@id\":\"https:\\\/\\\/eldigitaldeasturias.com\\\/magazine365\\\/#organization\",\"name\":\"El digital de Asturias\",\"description\":\"Revista de ocio, turismo y estilo de vida\",\"url\":\"https:\\\/\\\/eldigitaldeasturias.com\\\/magazine365\\\/\",\"logo\":{\"@type\":\"ImageObject\",\"url\":\"https:\\\/\\\/www.eldigitaldeasturias.com\\\/noticias\\\/wp-content\\\/uploads\\\/2020\\\/12\\\/EDA.jpg\",\"@id\":\"https:\\\/\\\/eldigitaldeasturias.com\\\/magazine365\\\/el-icte-recupera-la-noche-q-con-la-entrega-hoy-de-los-premios-de-calidad-turistica-2015\\\/#organizationLogo\"},\"image\":{\"@id\":\"https:\\\/\\\/eldigitaldeasturias.com\\\/magazine365\\\/el-icte-recupera-la-noche-q-con-la-entrega-hoy-de-los-premios-de-calidad-turistica-2015\\\/#organizationLogo\"}},{\"@type\":\"Person\",\"@id\":\"https:\\\/\\\/eldigitaldeasturias.com\\\/magazine365\\\/author\\\/admin\\\/#author\",\"url\":\"https:\\\/\\\/eldigitaldeasturias.com\\\/magazine365\\\/author\\\/admin\\\/\",\"name\":\"admin\",\"image\":{\"@type\":\"ImageObject\",\"@id\":\"https:\\\/\\\/eldigitaldeasturias.com\\\/magazine365\\\/el-icte-recupera-la-noche-q-con-la-entrega-hoy-de-los-premios-de-calidad-turistica-2015\\\/#authorImage\",\"url\":\"https:\\\/\\\/eldigitaldeasturias.com\\\/magazine365\\\/wp-content\\\/litespeed\\\/avatar\\\/e571bcf59a0edd6fa6838245a470f2fe.jpg?ver=1776969259\",\"width\":96,\"height\":96,\"caption\":\"admin\"}},{\"@type\":\"WebPage\",\"@id\":\"https:\\\/\\\/eldigitaldeasturias.com\\\/magazine365\\\/el-icte-recupera-la-noche-q-con-la-entrega-hoy-de-los-premios-de-calidad-turistica-2015\\\/#webpage\",\"url\":\"https:\\\/\\\/eldigitaldeasturias.com\\\/magazine365\\\/el-icte-recupera-la-noche-q-con-la-entrega-hoy-de-los-premios-de-calidad-turistica-2015\\\/\",\"name\":\"El ICTE recupera la \\u2018Noche Q\\u2019 con la entrega hoy de los premios de calidad tur\\u00edstica 2015 | El Digital de Asturias\",\"description\":\"El Instituto de Calidad Tur\\u00edstica (ICTE) celebrar\\u00e1 este jueves la 'Noche Q' en la Galer\\u00eda de Cristal del Ayuntamiento de Madrid, un acto que no se celebraba desde el a\\u00f1o 2010, y durante el que se har\\u00e1 entrega de los reconocimientos a m\\u00e1s de 400 empresas y organizaciones que han renovado u obtenido su certificaci\\u00f3n\",\"inLanguage\":\"es-ES\",\"isPartOf\":{\"@id\":\"https:\\\/\\\/eldigitaldeasturias.com\\\/magazine365\\\/#website\"},\"breadcrumb\":{\"@id\":\"https:\\\/\\\/eldigitaldeasturias.com\\\/magazine365\\\/el-icte-recupera-la-noche-q-con-la-entrega-hoy-de-los-premios-de-calidad-turistica-2015\\\/#breadcrumblist\"},\"author\":{\"@id\":\"https:\\\/\\\/eldigitaldeasturias.com\\\/magazine365\\\/author\\\/admin\\\/#author\"},\"creator\":{\"@id\":\"https:\\\/\\\/eldigitaldeasturias.com\\\/magazine365\\\/author\\\/admin\\\/#author\"},\"image\":{\"@type\":\"ImageObject\",\"url\":\"https:\\\/\\\/eldigitaldeasturias.com\\\/magazine365\\\/wp-content\\\/uploads\\\/2016\\\/01\\\/fotonoticia_20160121095937_800.jpg\",\"@id\":\"https:\\\/\\\/eldigitaldeasturias.com\\\/magazine365\\\/el-icte-recupera-la-noche-q-con-la-entrega-hoy-de-los-premios-de-calidad-turistica-2015\\\/#mainImage\",\"width\":800,\"height\":612},\"primaryImageOfPage\":{\"@id\":\"https:\\\/\\\/eldigitaldeasturias.com\\\/magazine365\\\/el-icte-recupera-la-noche-q-con-la-entrega-hoy-de-los-premios-de-calidad-turistica-2015\\\/#mainImage\"},\"datePublished\":\"2016-01-23T04:46:40+01:00\",\"dateModified\":\"2016-01-23T04:46:40+01:00\"},{\"@type\":\"WebSite\",\"@id\":\"https:\\\/\\\/eldigitaldeasturias.com\\\/magazine365\\\/#website\",\"url\":\"https:\\\/\\\/eldigitaldeasturias.com\\\/magazine365\\\/\",\"name\":\"El Digital de Asturias\",\"description\":\"Revista de ocio, turismo y estilo de vida\",\"inLanguage\":\"es-ES\",\"publisher\":{\"@id\":\"https:\\\/\\\/eldigitaldeasturias.com\\\/magazine365\\\/#organization\"}}]}\n\t\t<\/script>\n\t\t<!-- All in One SEO Pro -->\r\n\t\t<title>El ICTE recupera la \u2018Noche Q\u2019 con la entrega hoy de los premios de calidad tur\u00edstica 2015 | El Digital de Asturias<\/title>\n\n","aioseo_head_json":{"title":"El ICTE recupera la \u2018Noche Q\u2019 con la entrega hoy de los premios de calidad tur\u00edstica 2015 | El Digital de Asturias","description":"El Instituto de Calidad Tur\u00edstica (ICTE) celebrar\u00e1 este jueves la 'Noche Q' en la Galer\u00eda de Cristal del Ayuntamiento de Madrid, un acto que no se celebraba desde el a\u00f1o 2010, y durante el que se har\u00e1 entrega de los reconocimientos a m\u00e1s de 400 empresas y organizaciones que han renovado u obtenido su certificaci\u00f3n","canonical_url":"https:\/\/eldigitaldeasturias.com\/magazine365\/el-icte-recupera-la-noche-q-con-la-entrega-hoy-de-los-premios-de-calidad-turistica-2015\/","robots":"max-image-preview:large","keywords":"noticias y actualidad","webmasterTools":{"google-site-verification":"UA-38556648-1","miscellaneous":""},"schema":{"@context":"https:\/\/schema.org","@graph":[{"@type":"Article","@id":"https:\/\/eldigitaldeasturias.com\/magazine365\/el-icte-recupera-la-noche-q-con-la-entrega-hoy-de-los-premios-de-calidad-turistica-2015\/#article","name":"El ICTE recupera la \u2018Noche Q\u2019 con la entrega hoy de los premios de calidad tur\u00edstica 2015 | El Digital de Asturias","headline":"El ICTE recupera la &#8216;Noche Q&#8217; con la entrega hoy de los premios de calidad tur\u00edstica 2015","author":{"@id":"https:\/\/eldigitaldeasturias.com\/magazine365\/author\/admin\/#author"},"publisher":{"@id":"https:\/\/eldigitaldeasturias.com\/magazine365\/#organization"},"image":{"@type":"ImageObject","url":"https:\/\/eldigitaldeasturias.com\/magazine365\/wp-content\/uploads\/2016\/01\/fotonoticia_20160121095937_800.jpg","width":800,"height":612},"datePublished":"2016-01-23T04:46:40+01:00","dateModified":"2016-01-23T04:46:40+01:00","inLanguage":"es-ES","mainEntityOfPage":{"@id":"https:\/\/eldigitaldeasturias.com\/magazine365\/el-icte-recupera-la-noche-q-con-la-entrega-hoy-de-los-premios-de-calidad-turistica-2015\/#webpage"},"isPartOf":{"@id":"https:\/\/eldigitaldeasturias.com\/magazine365\/el-icte-recupera-la-noche-q-con-la-entrega-hoy-de-los-premios-de-calidad-turistica-2015\/#webpage"},"articleSection":"Noticias y Actualidad"},{"@type":"BreadcrumbList","@id":"https:\/\/eldigitaldeasturias.com\/magazine365\/el-icte-recupera-la-noche-q-con-la-entrega-hoy-de-los-premios-de-calidad-turistica-2015\/#breadcrumblist","itemListElement":[{"@type":"ListItem","@id":"https:\/\/eldigitaldeasturias.com\/magazine365#listItem","position":1,"name":"Home","item":"https:\/\/eldigitaldeasturias.com\/magazine365","nextItem":{"@type":"ListItem","@id":"https:\/\/eldigitaldeasturias.com\/magazine365\/category\/noticias-actualidad\/#listItem","name":"Noticias y Actualidad"}},{"@type":"ListItem","@id":"https:\/\/eldigitaldeasturias.com\/magazine365\/category\/noticias-actualidad\/#listItem","position":2,"name":"Noticias y Actualidad","item":"https:\/\/eldigitaldeasturias.com\/magazine365\/category\/noticias-actualidad\/","nextItem":{"@type":"ListItem","@id":"https:\/\/eldigitaldeasturias.com\/magazine365\/el-icte-recupera-la-noche-q-con-la-entrega-hoy-de-los-premios-de-calidad-turistica-2015\/#listItem","name":"El ICTE recupera la &#8216;Noche Q&#8217; con la entrega hoy de los premios de calidad tur\u00edstica 2015"},"previousItem":{"@type":"ListItem","@id":"https:\/\/eldigitaldeasturias.com\/magazine365#listItem","name":"Home"}},{"@type":"ListItem","@id":"https:\/\/eldigitaldeasturias.com\/magazine365\/el-icte-recupera-la-noche-q-con-la-entrega-hoy-de-los-premios-de-calidad-turistica-2015\/#listItem","position":3,"name":"El ICTE recupera la &#8216;Noche Q&#8217; con la entrega hoy de los premios de calidad tur\u00edstica 2015","previousItem":{"@type":"ListItem","@id":"https:\/\/eldigitaldeasturias.com\/magazine365\/category\/noticias-actualidad\/#listItem","name":"Noticias y Actualidad"}}]},{"@type":"Organization","@id":"https:\/\/eldigitaldeasturias.com\/magazine365\/#organization","name":"El digital de Asturias","description":"Revista de ocio, turismo y estilo de vida","url":"https:\/\/eldigitaldeasturias.com\/magazine365\/","logo":{"@type":"ImageObject","url":"https:\/\/www.eldigitaldeasturias.com\/noticias\/wp-content\/uploads\/2020\/12\/EDA.jpg","@id":"https:\/\/eldigitaldeasturias.com\/magazine365\/el-icte-recupera-la-noche-q-con-la-entrega-hoy-de-los-premios-de-calidad-turistica-2015\/#organizationLogo"},"image":{"@id":"https:\/\/eldigitaldeasturias.com\/magazine365\/el-icte-recupera-la-noche-q-con-la-entrega-hoy-de-los-premios-de-calidad-turistica-2015\/#organizationLogo"}},{"@type":"Person","@id":"https:\/\/eldigitaldeasturias.com\/magazine365\/author\/admin\/#author","url":"https:\/\/eldigitaldeasturias.com\/magazine365\/author\/admin\/","name":"admin","image":{"@type":"ImageObject","@id":"https:\/\/eldigitaldeasturias.com\/magazine365\/el-icte-recupera-la-noche-q-con-la-entrega-hoy-de-los-premios-de-calidad-turistica-2015\/#authorImage","url":"https:\/\/eldigitaldeasturias.com\/magazine365\/wp-content\/litespeed\/avatar\/e571bcf59a0edd6fa6838245a470f2fe.jpg?ver=1776969259","width":96,"height":96,"caption":"admin"}},{"@type":"WebPage","@id":"https:\/\/eldigitaldeasturias.com\/magazine365\/el-icte-recupera-la-noche-q-con-la-entrega-hoy-de-los-premios-de-calidad-turistica-2015\/#webpage","url":"https:\/\/eldigitaldeasturias.com\/magazine365\/el-icte-recupera-la-noche-q-con-la-entrega-hoy-de-los-premios-de-calidad-turistica-2015\/","name":"El ICTE recupera la \u2018Noche Q\u2019 con la entrega hoy de los premios de calidad tur\u00edstica 2015 | El Digital de Asturias","description":"El Instituto de Calidad Tur\u00edstica (ICTE) celebrar\u00e1 este jueves la 'Noche Q' en la Galer\u00eda de Cristal del Ayuntamiento de Madrid, un acto que no se celebraba desde el a\u00f1o 2010, y durante el que se har\u00e1 entrega de los reconocimientos a m\u00e1s de 400 empresas y organizaciones que han renovado u obtenido su certificaci\u00f3n","inLanguage":"es-ES","isPartOf":{"@id":"https:\/\/eldigitaldeasturias.com\/magazine365\/#website"},"breadcrumb":{"@id":"https:\/\/eldigitaldeasturias.com\/magazine365\/el-icte-recupera-la-noche-q-con-la-entrega-hoy-de-los-premios-de-calidad-turistica-2015\/#breadcrumblist"},"author":{"@id":"https:\/\/eldigitaldeasturias.com\/magazine365\/author\/admin\/#author"},"creator":{"@id":"https:\/\/eldigitaldeasturias.com\/magazine365\/author\/admin\/#author"},"image":{"@type":"ImageObject","url":"https:\/\/eldigitaldeasturias.com\/magazine365\/wp-content\/uploads\/2016\/01\/fotonoticia_20160121095937_800.jpg","@id":"https:\/\/eldigitaldeasturias.com\/magazine365\/el-icte-recupera-la-noche-q-con-la-entrega-hoy-de-los-premios-de-calidad-turistica-2015\/#mainImage","width":800,"height":612},"primaryImageOfPage":{"@id":"https:\/\/eldigitaldeasturias.com\/magazine365\/el-icte-recupera-la-noche-q-con-la-entrega-hoy-de-los-premios-de-calidad-turistica-2015\/#mainImage"},"datePublished":"2016-01-23T04:46:40+01:00","dateModified":"2016-01-23T04:46:40+01:00"},{"@type":"WebSite","@id":"https:\/\/eldigitaldeasturias.com\/magazine365\/#website","url":"https:\/\/eldigitaldeasturias.com\/magazine365\/","name":"El Digital de Asturias","description":"Revista de ocio, turismo y estilo de vida","inLanguage":"es-ES","publisher":{"@id":"https:\/\/eldigitaldeasturias.com\/magazine365\/#organization"}}]},"og:locale":"es_ES","og:site_name":"El Digital de Asturias \u2013 Revista de ocio, turismo y estilo de vida","og:type":"article","og:title":"El ICTE recupera la \u2018Noche Q\u2019 con la entrega hoy de los premios de calidad tur\u00edstica 2015 | El Digital de Asturias","og:description":"El Instituto de Calidad Tur\u00edstica (ICTE) celebrar\u00e1 este jueves la 'Noche Q' en la Galer\u00eda de Cristal del Ayuntamiento de Madrid, un acto que no se celebraba desde el a\u00f1o 2010, y durante el que se har\u00e1 entrega de los reconocimientos a m\u00e1s de 400 empresas y organizaciones que han renovado u obtenido su certificaci\u00f3n","og:url":"https:\/\/eldigitaldeasturias.com\/magazine365\/el-icte-recupera-la-noche-q-con-la-entrega-hoy-de-los-premios-de-calidad-turistica-2015\/","og:image":"https:\/\/eldigitaldeasturias.com\/magazine365\/wp-content\/uploads\/2016\/01\/fotonoticia_20160121095937_800.jpg","og:image:secure_url":"https:\/\/eldigitaldeasturias.com\/magazine365\/wp-content\/uploads\/2016\/01\/fotonoticia_20160121095937_800.jpg","og:image:width":800,"og:image:height":612,"article:published_time":"2016-01-23T03:46:40+00:00","article:modified_time":"2016-01-23T03:46:40+00:00","twitter:card":"summary_large_image","twitter:title":"El ICTE recupera la \u2018Noche Q\u2019 con la entrega hoy de los premios de calidad tur\u00edstica 2015 | El Digital de Asturias","twitter:description":"El Instituto de Calidad Tur\u00edstica (ICTE) celebrar\u00e1 este jueves la 'Noche Q' en la Galer\u00eda de Cristal del Ayuntamiento de Madrid, un acto que no se celebraba desde el a\u00f1o 2010, y durante el que se har\u00e1 entrega de los reconocimientos a m\u00e1s de 400 empresas y organizaciones que han renovado u obtenido su certificaci\u00f3n","twitter:image":"https:\/\/eldigitaldeasturias.com\/magazine365\/wp-content\/uploads\/2016\/01\/fotonoticia_20160121095937_800.jpg"},"aioseo_meta_data":{"post_id":"61551","title":null,"description":null,"keywords":null,"keyphrases":null,"primary_term":null,"canonical_url":null,"og_title":null,"og_description":null,"og_object_type":"default","og_image_type":"default","og_image_url":null,"og_image_width":null,"og_image_height":null,"og_image_custom_url":null,"og_image_custom_fields":null,"og_video":null,"og_custom_url":null,"og_article_section":null,"og_article_tags":null,"twitter_use_og":false,"twitter_card":"default","twitter_image_type":"default","twitter_image_url":null,"twitter_image_custom_url":null,"twitter_image_custom_fields":null,"twitter_title":null,"twitter_description":null,"schema":{"blockGraphs":[],"customGraphs":[],"default":{"data":{"Article":[],"Course":[],"Dataset":[],"FAQPage":[],"Movie":[],"Person":[],"Product":[],"ProductReview":[],"Car":[],"Recipe":[],"Service":[],"SoftwareApplication":[],"WebPage":[]},"graphName":"","isEnabled":true},"graphs":[]},"schema_type":null,"schema_type_options":null,"pillar_content":false,"robots_default":true,"robots_noindex":false,"robots_noarchive":false,"robots_nosnippet":false,"robots_nofollow":false,"robots_noimageindex":false,"robots_noodp":false,"robots_notranslate":false,"robots_max_snippet":null,"robots_max_videopreview":null,"robots_max_imagepreview":"large","priority":null,"frequency":null,"location":null,"local_seo":null,"seo_analyzer_scan_date":"2025-09-25 09:12:30","breadcrumb_settings":null,"limit_modified_date":false,"open_ai":null,"ai":null,"created":"2021-03-08 21:47:43","updated":"2025-09-25 09:12:30"},"aioseo_breadcrumb":"<div class=\"aioseo-breadcrumbs\"><span class=\"aioseo-breadcrumb\">\n\t<a href=\"https:\/\/eldigitaldeasturias.com\/magazine365\" title=\"Home\">Home<\/a>\n<\/span><span class=\"aioseo-breadcrumb-separator\">\u2013<\/span><span class=\"aioseo-breadcrumb\">\n\t<a href=\"https:\/\/eldigitaldeasturias.com\/magazine365\/category\/noticias-actualidad\/\" title=\"Noticias y Actualidad\">Noticias y Actualidad<\/a>\n<\/span><span class=\"aioseo-breadcrumb-separator\">\u2013<\/span><span class=\"aioseo-breadcrumb\">\n\t<a href=\"https:\/\/eldigitaldeasturias.com\/magazine365\/el-icte-recupera-la-noche-q-con-la-entrega-hoy-de-los-premios-de-calidad-turistica-2015\/\" title=\"El ICTE recupera la \u2018Noche Q\u2019 con la entrega hoy de los premios de calidad tur\u00edstica 2015\">El ICTE recupera la \u2018Noche Q\u2019 con la entrega hoy de los premios de calidad tur\u00edstica 2015<\/a>\n<\/span><\/div>","aioseo_breadcrumb_json":[{"label":"Home","link":"https:\/\/eldigitaldeasturias.com\/magazine365"},{"label":"Noticias y Actualidad","link":"https:\/\/eldigitaldeasturias.com\/magazine365\/category\/noticias-actualidad\/"},{"label":"El ICTE recupera la &#8216;Noche Q&#8217; con la entrega hoy de los premios de calidad tur\u00edstica 2015","link":"https:\/\/eldigitaldeasturias.com\/magazine365\/el-icte-recupera-la-noche-q-con-la-entrega-hoy-de-los-premios-de-calidad-turistica-2015\/"}],"_links":{"self":[{"href":"https:\/\/eldigitaldeasturias.com\/magazine365\/wp-json\/wp\/v2\/posts\/61551","targetHints":{"allow":["GET"]}}],"collection":[{"href":"https:\/\/eldigitaldeasturias.com\/magazine365\/wp-json\/wp\/v2\/posts"}],"about":[{"href":"https:\/\/eldigitaldeasturias.com\/magazine365\/wp-json\/wp\/v2\/types\/post"}],"author":[{"embeddable":true,"href":"https:\/\/eldigitaldeasturias.com\/magazine365\/wp-json\/wp\/v2\/users\/1"}],"replies":[{"embeddable":true,"href":"https:\/\/eldigitaldeasturias.com\/magazine365\/wp-json\/wp\/v2\/comments?post=61551"}],"version-history":[{"count":0,"href":"https:\/\/eldigitaldeasturias.com\/magazine365\/wp-json\/wp\/v2\/posts\/61551\/revisions"}],"wp:featuredmedia":[{"embeddable":true,"href":"https:\/\/eldigitaldeasturias.com\/magazine365\/wp-json\/wp\/v2\/media\/61552"}],"wp:attachment":[{"href":"https:\/\/eldigitaldeasturias.com\/magazine365\/wp-json\/wp\/v2\/media?parent=61551"}],"wp:term":[{"taxonomy":"category","embeddable":true,"href":"https:\/\/eldigitaldeasturias.com\/magazine365\/wp-json\/wp\/v2\/categories?post=61551"},{"taxonomy":"post_tag","embeddable":true,"href":"https:\/\/eldigitaldeasturias.com\/magazine365\/wp-json\/wp\/v2\/tags?post=61551"}],"curies":[{"name":"wp","href":"https:\/\/api.w.org\/{rel}","templated":true}]}}