{"id":61542,"date":"2016-01-22T18:36:21","date_gmt":"2016-01-22T17:36:21","guid":{"rendered":"http:\/\/eldigitaldeasturias.com\/magazine365\/?p=61542"},"modified":"2016-01-22T18:36:21","modified_gmt":"2016-01-22T17:36:21","slug":"medio-millar-de-profesionales-del-sector-turistico-asisten-al-espectaculo-caijere","status":"publish","type":"post","link":"https:\/\/eldigitaldeasturias.com\/magazine365\/medio-millar-de-profesionales-del-sector-turistico-asisten-al-espectaculo-caijere\/","title":{"rendered":"Medio millar de profesionales del sector tur\u00edstico asisten al espect\u00e1culo &#8216;Caijer\u00e9&#8217;"},"content":{"rendered":"<p>La presidenta de la Diputaci\u00f3n de C\u00e1diz, Irene Garc\u00eda, ha agradecido a los agentes de viajes y mayoristas madrile\u00f1os que hayan asistido a un encuentro, en el marco de la celebraci\u00f3n de la Feria Internacional de Turismo (Fitur), en el que han podido intercambiar impresiones con las empresas gaditanas que esta semana trabajan en el evento.<\/p>\n<p>   Junto a la presidenta de Diputaci\u00f3n han comparecido el vicepresidente primero de la instituci\u00f3n provincial, Juan Carlos Ruiz Boix; la vicepresidenta del Patronato Provincial de Turismo, Mar\u00eda Dolores Varo; la alcaldesa de Jerez, Mamen S\u00e1nchez; y la concejal delegada de Turismo del Ayuntamiento de C\u00e1diz, Laura Jim\u00e9nez.<\/p>\n<p>   La Noche de C\u00e1diz en Madrid ha comenzado con la proyecci\u00f3n del  videoclip &#8216;Magic&#8217; como antesala del espect\u00e1culo flamenco &#8216;Caijer\u00e9&#8217;. \u00abHemos querido compartir con vosotros la magia de C\u00e1diz &#8211;ha dicho Garc\u00eda en la presentaci\u00f3n de la campa\u00f1a audiovisual&#8211; y traernos un trocito de la provincia, el que cabe en cinco minutos de videoclip y el que llena el escenario con el arte de &#8216;Caijer\u00e9'\u00bb.<\/p>\n<p>   El Patronato Provincial de Turismo patrocina este espect\u00e1culo que entronca con el proyecto de la Diputaci\u00f3n: presentar una provincia rica y sorprendente; en esta ocasi\u00f3n, con los matices flamencos de estas dos grandes ciudades.<\/p>\n<p>   El teatro Nuevo Apolo de Madrid ha sido \u00abm\u00e1s gaditano que nunca\u00bb con Juan Villar, Macanita, May Fern\u00e1ndez y Ezequiel Ben\u00edtez, entre otros artistas, bajo la direcci\u00f3n esc\u00e9nica de Enrique Linera, con quien el Patronato ha ido fraguando durante estos meses la difusi\u00f3n de este espect\u00e1culo en Madrid, seg\u00fan ha explicado en una nota la Diputaci\u00f3n gaditana.<\/p>\n<p>   El Patronato ha organizado este encuentro para que el flamenco, adem\u00e1s de una brillante manifestaci\u00f3n art\u00edstica, sea tambi\u00e9n un producto tur\u00edstico, se reconozca C\u00e1diz como un referente del flamenco y como un destino privilegiado para disfrutarlo.<\/p>\n","protected":false},"excerpt":{"rendered":"<p>La presidenta de la Diputaci\u00f3n de C\u00e1diz, Irene Garc\u00eda, ha agradecido a los agentes de viajes y mayoristas madrile\u00f1os que hayan asistido a un encuentro, en el marco de la celebraci\u00f3n de la Feria Internacional de Turismo (Fitur), en el que han podido intercambiar impresiones con las empresas gaditanas que esta semana trabajan en el<\/p>\n","protected":false},"author":1,"featured_media":61252,"comment_status":"open","ping_status":"closed","sticky":false,"template":"","format":"standard","meta":{"footnotes":""},"categories":[224],"tags":[],"class_list":{"0":"post-61542","1":"post","2":"type-post","3":"status-publish","4":"format-standard","5":"has-post-thumbnail","7":"category-noticias-actualidad"},"aioseo_notices":[],"aioseo_head":"\n\t\t<!-- All in One SEO Pro 4.9.6.1 - aioseo.com -->\n\t<meta name=\"description\" content=\"La presidenta de la Diputaci\u00f3n de C\u00e1diz, Irene Garc\u00eda, ha agradecido a los agentes de viajes y mayoristas madrile\u00f1os que hayan asistido a un encuentro, en el marco de la celebraci\u00f3n de la Feria Internacional de Turismo (Fitur), en el que han podido intercambiar impresiones con las empresas gaditanas que esta semana trabajan en el\" \/>\n\t<meta name=\"robots\" content=\"max-image-preview:large\" \/>\n\t<meta name=\"author\" content=\"admin\"\/>\n\t<meta name=\"google-site-verification\" content=\"UA-38556648-1\" \/>\n\t<meta name=\"keywords\" content=\"noticias y actualidad\" \/>\n\t<link rel=\"canonical\" href=\"https:\/\/eldigitaldeasturias.com\/magazine365\/medio-millar-de-profesionales-del-sector-turistico-asisten-al-espectaculo-caijere\/\" \/>\n\t<meta name=\"generator\" content=\"All in One SEO Pro (AIOSEO) 4.9.6.1\" \/>\n\t\t<meta property=\"og:locale\" content=\"es_ES\" \/>\n\t\t<meta property=\"og:site_name\" content=\"El Digital de Asturias \u2013 Revista de ocio, turismo y estilo de vida\" \/>\n\t\t<meta property=\"og:type\" content=\"article\" \/>\n\t\t<meta property=\"og:title\" content=\"Medio millar de profesionales del sector tur\u00edstico asisten al espect\u00e1culo \u2018Caijer\u00e9\u2019 | El Digital de Asturias\" \/>\n\t\t<meta property=\"og:description\" content=\"La presidenta de la Diputaci\u00f3n de C\u00e1diz, Irene Garc\u00eda, ha agradecido a los agentes de viajes y mayoristas madrile\u00f1os que hayan asistido a un encuentro, en el marco de la celebraci\u00f3n de la Feria Internacional de Turismo (Fitur), en el que han podido intercambiar impresiones con las empresas gaditanas que esta semana trabajan en el\" \/>\n\t\t<meta property=\"og:url\" content=\"https:\/\/eldigitaldeasturias.com\/magazine365\/medio-millar-de-profesionales-del-sector-turistico-asisten-al-espectaculo-caijere\/\" \/>\n\t\t<meta property=\"og:image\" content=\"https:\/\/eldigitaldeasturias.com\/magazine365\/wp-content\/uploads\/2016\/01\/fitur2016.jpg\" \/>\n\t\t<meta property=\"og:image:secure_url\" content=\"https:\/\/eldigitaldeasturias.com\/magazine365\/wp-content\/uploads\/2016\/01\/fitur2016.jpg\" \/>\n\t\t<meta property=\"og:image:width\" content=\"800\" \/>\n\t\t<meta property=\"og:image:height\" content=\"533\" \/>\n\t\t<meta property=\"article:published_time\" content=\"2016-01-22T17:36:21+00:00\" \/>\n\t\t<meta property=\"article:modified_time\" content=\"2016-01-22T17:36:21+00:00\" \/>\n\t\t<meta name=\"twitter:card\" content=\"summary_large_image\" \/>\n\t\t<meta name=\"twitter:title\" content=\"Medio millar de profesionales del sector tur\u00edstico asisten al espect\u00e1culo \u2018Caijer\u00e9\u2019 | El Digital de Asturias\" \/>\n\t\t<meta name=\"twitter:description\" content=\"La presidenta de la Diputaci\u00f3n de C\u00e1diz, Irene Garc\u00eda, ha agradecido a los agentes de viajes y mayoristas madrile\u00f1os que hayan asistido a un encuentro, en el marco de la celebraci\u00f3n de la Feria Internacional de Turismo (Fitur), en el que han podido intercambiar impresiones con las empresas gaditanas que esta semana trabajan en el\" \/>\n\t\t<meta name=\"twitter:image\" content=\"https:\/\/eldigitaldeasturias.com\/magazine365\/wp-content\/uploads\/2016\/01\/fitur2016.jpg\" \/>\n\t\t<script type=\"application\/ld+json\" class=\"aioseo-schema\">\n\t\t\t{\"@context\":\"https:\\\/\\\/schema.org\",\"@graph\":[{\"@type\":\"Article\",\"@id\":\"https:\\\/\\\/eldigitaldeasturias.com\\\/magazine365\\\/medio-millar-de-profesionales-del-sector-turistico-asisten-al-espectaculo-caijere\\\/#article\",\"name\":\"Medio millar de profesionales del sector tur\\u00edstico asisten al espect\\u00e1culo \\u2018Caijer\\u00e9\\u2019 | El Digital de Asturias\",\"headline\":\"Medio millar de profesionales del sector tur\\u00edstico asisten al espect\\u00e1culo &#8216;Caijer\\u00e9&#8217;\",\"author\":{\"@id\":\"https:\\\/\\\/eldigitaldeasturias.com\\\/magazine365\\\/author\\\/admin\\\/#author\"},\"publisher\":{\"@id\":\"https:\\\/\\\/eldigitaldeasturias.com\\\/magazine365\\\/#organization\"},\"image\":{\"@type\":\"ImageObject\",\"url\":\"https:\\\/\\\/eldigitaldeasturias.com\\\/magazine365\\\/wp-content\\\/uploads\\\/2016\\\/01\\\/fitur2016.jpg\",\"width\":800,\"height\":533},\"datePublished\":\"2016-01-22T18:36:21+01:00\",\"dateModified\":\"2016-01-22T18:36:21+01:00\",\"inLanguage\":\"es-ES\",\"mainEntityOfPage\":{\"@id\":\"https:\\\/\\\/eldigitaldeasturias.com\\\/magazine365\\\/medio-millar-de-profesionales-del-sector-turistico-asisten-al-espectaculo-caijere\\\/#webpage\"},\"isPartOf\":{\"@id\":\"https:\\\/\\\/eldigitaldeasturias.com\\\/magazine365\\\/medio-millar-de-profesionales-del-sector-turistico-asisten-al-espectaculo-caijere\\\/#webpage\"},\"articleSection\":\"Noticias y Actualidad\"},{\"@type\":\"BreadcrumbList\",\"@id\":\"https:\\\/\\\/eldigitaldeasturias.com\\\/magazine365\\\/medio-millar-de-profesionales-del-sector-turistico-asisten-al-espectaculo-caijere\\\/#breadcrumblist\",\"itemListElement\":[{\"@type\":\"ListItem\",\"@id\":\"https:\\\/\\\/eldigitaldeasturias.com\\\/magazine365#listItem\",\"position\":1,\"name\":\"Home\",\"item\":\"https:\\\/\\\/eldigitaldeasturias.com\\\/magazine365\",\"nextItem\":{\"@type\":\"ListItem\",\"@id\":\"https:\\\/\\\/eldigitaldeasturias.com\\\/magazine365\\\/category\\\/noticias-actualidad\\\/#listItem\",\"name\":\"Noticias y Actualidad\"}},{\"@type\":\"ListItem\",\"@id\":\"https:\\\/\\\/eldigitaldeasturias.com\\\/magazine365\\\/category\\\/noticias-actualidad\\\/#listItem\",\"position\":2,\"name\":\"Noticias y Actualidad\",\"item\":\"https:\\\/\\\/eldigitaldeasturias.com\\\/magazine365\\\/category\\\/noticias-actualidad\\\/\",\"nextItem\":{\"@type\":\"ListItem\",\"@id\":\"https:\\\/\\\/eldigitaldeasturias.com\\\/magazine365\\\/medio-millar-de-profesionales-del-sector-turistico-asisten-al-espectaculo-caijere\\\/#listItem\",\"name\":\"Medio millar de profesionales del sector tur\\u00edstico asisten al espect\\u00e1culo &#8216;Caijer\\u00e9&#8217;\"},\"previousItem\":{\"@type\":\"ListItem\",\"@id\":\"https:\\\/\\\/eldigitaldeasturias.com\\\/magazine365#listItem\",\"name\":\"Home\"}},{\"@type\":\"ListItem\",\"@id\":\"https:\\\/\\\/eldigitaldeasturias.com\\\/magazine365\\\/medio-millar-de-profesionales-del-sector-turistico-asisten-al-espectaculo-caijere\\\/#listItem\",\"position\":3,\"name\":\"Medio millar de profesionales del sector tur\\u00edstico asisten al espect\\u00e1culo &#8216;Caijer\\u00e9&#8217;\",\"previousItem\":{\"@type\":\"ListItem\",\"@id\":\"https:\\\/\\\/eldigitaldeasturias.com\\\/magazine365\\\/category\\\/noticias-actualidad\\\/#listItem\",\"name\":\"Noticias y Actualidad\"}}]},{\"@type\":\"Organization\",\"@id\":\"https:\\\/\\\/eldigitaldeasturias.com\\\/magazine365\\\/#organization\",\"name\":\"El digital de Asturias\",\"description\":\"Revista de ocio, turismo y estilo de vida\",\"url\":\"https:\\\/\\\/eldigitaldeasturias.com\\\/magazine365\\\/\",\"logo\":{\"@type\":\"ImageObject\",\"url\":\"https:\\\/\\\/www.eldigitaldeasturias.com\\\/noticias\\\/wp-content\\\/uploads\\\/2020\\\/12\\\/EDA.jpg\",\"@id\":\"https:\\\/\\\/eldigitaldeasturias.com\\\/magazine365\\\/medio-millar-de-profesionales-del-sector-turistico-asisten-al-espectaculo-caijere\\\/#organizationLogo\"},\"image\":{\"@id\":\"https:\\\/\\\/eldigitaldeasturias.com\\\/magazine365\\\/medio-millar-de-profesionales-del-sector-turistico-asisten-al-espectaculo-caijere\\\/#organizationLogo\"}},{\"@type\":\"Person\",\"@id\":\"https:\\\/\\\/eldigitaldeasturias.com\\\/magazine365\\\/author\\\/admin\\\/#author\",\"url\":\"https:\\\/\\\/eldigitaldeasturias.com\\\/magazine365\\\/author\\\/admin\\\/\",\"name\":\"admin\",\"image\":{\"@type\":\"ImageObject\",\"@id\":\"https:\\\/\\\/eldigitaldeasturias.com\\\/magazine365\\\/medio-millar-de-profesionales-del-sector-turistico-asisten-al-espectaculo-caijere\\\/#authorImage\",\"url\":\"https:\\\/\\\/eldigitaldeasturias.com\\\/magazine365\\\/wp-content\\\/litespeed\\\/avatar\\\/e571bcf59a0edd6fa6838245a470f2fe.jpg?ver=1776969259\",\"width\":96,\"height\":96,\"caption\":\"admin\"}},{\"@type\":\"WebPage\",\"@id\":\"https:\\\/\\\/eldigitaldeasturias.com\\\/magazine365\\\/medio-millar-de-profesionales-del-sector-turistico-asisten-al-espectaculo-caijere\\\/#webpage\",\"url\":\"https:\\\/\\\/eldigitaldeasturias.com\\\/magazine365\\\/medio-millar-de-profesionales-del-sector-turistico-asisten-al-espectaculo-caijere\\\/\",\"name\":\"Medio millar de profesionales del sector tur\\u00edstico asisten al espect\\u00e1culo \\u2018Caijer\\u00e9\\u2019 | El Digital de Asturias\",\"description\":\"La presidenta de la Diputaci\\u00f3n de C\\u00e1diz, Irene Garc\\u00eda, ha agradecido a los agentes de viajes y mayoristas madrile\\u00f1os que hayan asistido a un encuentro, en el marco de la celebraci\\u00f3n de la Feria Internacional de Turismo (Fitur), en el que han podido intercambiar impresiones con las empresas gaditanas que esta semana trabajan en el\",\"inLanguage\":\"es-ES\",\"isPartOf\":{\"@id\":\"https:\\\/\\\/eldigitaldeasturias.com\\\/magazine365\\\/#website\"},\"breadcrumb\":{\"@id\":\"https:\\\/\\\/eldigitaldeasturias.com\\\/magazine365\\\/medio-millar-de-profesionales-del-sector-turistico-asisten-al-espectaculo-caijere\\\/#breadcrumblist\"},\"author\":{\"@id\":\"https:\\\/\\\/eldigitaldeasturias.com\\\/magazine365\\\/author\\\/admin\\\/#author\"},\"creator\":{\"@id\":\"https:\\\/\\\/eldigitaldeasturias.com\\\/magazine365\\\/author\\\/admin\\\/#author\"},\"image\":{\"@type\":\"ImageObject\",\"url\":\"https:\\\/\\\/eldigitaldeasturias.com\\\/magazine365\\\/wp-content\\\/uploads\\\/2016\\\/01\\\/fitur2016.jpg\",\"@id\":\"https:\\\/\\\/eldigitaldeasturias.com\\\/magazine365\\\/medio-millar-de-profesionales-del-sector-turistico-asisten-al-espectaculo-caijere\\\/#mainImage\",\"width\":800,\"height\":533},\"primaryImageOfPage\":{\"@id\":\"https:\\\/\\\/eldigitaldeasturias.com\\\/magazine365\\\/medio-millar-de-profesionales-del-sector-turistico-asisten-al-espectaculo-caijere\\\/#mainImage\"},\"datePublished\":\"2016-01-22T18:36:21+01:00\",\"dateModified\":\"2016-01-22T18:36:21+01:00\"},{\"@type\":\"WebSite\",\"@id\":\"https:\\\/\\\/eldigitaldeasturias.com\\\/magazine365\\\/#website\",\"url\":\"https:\\\/\\\/eldigitaldeasturias.com\\\/magazine365\\\/\",\"name\":\"El Digital de Asturias\",\"description\":\"Revista de ocio, turismo y estilo de vida\",\"inLanguage\":\"es-ES\",\"publisher\":{\"@id\":\"https:\\\/\\\/eldigitaldeasturias.com\\\/magazine365\\\/#organization\"}}]}\n\t\t<\/script>\n\t\t<!-- All in One SEO Pro -->\r\n\t\t<title>Medio millar de profesionales del sector tur\u00edstico asisten al espect\u00e1culo \u2018Caijer\u00e9\u2019 | El Digital de Asturias<\/title>\n\n","aioseo_head_json":{"title":"Medio millar de profesionales del sector tur\u00edstico asisten al espect\u00e1culo \u2018Caijer\u00e9\u2019 | El Digital de Asturias","description":"La presidenta de la Diputaci\u00f3n de C\u00e1diz, Irene Garc\u00eda, ha agradecido a los agentes de viajes y mayoristas madrile\u00f1os que hayan asistido a un encuentro, en el marco de la celebraci\u00f3n de la Feria Internacional de Turismo (Fitur), en el que han podido intercambiar impresiones con las empresas gaditanas que esta semana trabajan en el","canonical_url":"https:\/\/eldigitaldeasturias.com\/magazine365\/medio-millar-de-profesionales-del-sector-turistico-asisten-al-espectaculo-caijere\/","robots":"max-image-preview:large","keywords":"noticias y actualidad","webmasterTools":{"google-site-verification":"UA-38556648-1","miscellaneous":""},"schema":{"@context":"https:\/\/schema.org","@graph":[{"@type":"Article","@id":"https:\/\/eldigitaldeasturias.com\/magazine365\/medio-millar-de-profesionales-del-sector-turistico-asisten-al-espectaculo-caijere\/#article","name":"Medio millar de profesionales del sector tur\u00edstico asisten al espect\u00e1culo \u2018Caijer\u00e9\u2019 | El Digital de Asturias","headline":"Medio millar de profesionales del sector tur\u00edstico asisten al espect\u00e1culo &#8216;Caijer\u00e9&#8217;","author":{"@id":"https:\/\/eldigitaldeasturias.com\/magazine365\/author\/admin\/#author"},"publisher":{"@id":"https:\/\/eldigitaldeasturias.com\/magazine365\/#organization"},"image":{"@type":"ImageObject","url":"https:\/\/eldigitaldeasturias.com\/magazine365\/wp-content\/uploads\/2016\/01\/fitur2016.jpg","width":800,"height":533},"datePublished":"2016-01-22T18:36:21+01:00","dateModified":"2016-01-22T18:36:21+01:00","inLanguage":"es-ES","mainEntityOfPage":{"@id":"https:\/\/eldigitaldeasturias.com\/magazine365\/medio-millar-de-profesionales-del-sector-turistico-asisten-al-espectaculo-caijere\/#webpage"},"isPartOf":{"@id":"https:\/\/eldigitaldeasturias.com\/magazine365\/medio-millar-de-profesionales-del-sector-turistico-asisten-al-espectaculo-caijere\/#webpage"},"articleSection":"Noticias y Actualidad"},{"@type":"BreadcrumbList","@id":"https:\/\/eldigitaldeasturias.com\/magazine365\/medio-millar-de-profesionales-del-sector-turistico-asisten-al-espectaculo-caijere\/#breadcrumblist","itemListElement":[{"@type":"ListItem","@id":"https:\/\/eldigitaldeasturias.com\/magazine365#listItem","position":1,"name":"Home","item":"https:\/\/eldigitaldeasturias.com\/magazine365","nextItem":{"@type":"ListItem","@id":"https:\/\/eldigitaldeasturias.com\/magazine365\/category\/noticias-actualidad\/#listItem","name":"Noticias y Actualidad"}},{"@type":"ListItem","@id":"https:\/\/eldigitaldeasturias.com\/magazine365\/category\/noticias-actualidad\/#listItem","position":2,"name":"Noticias y Actualidad","item":"https:\/\/eldigitaldeasturias.com\/magazine365\/category\/noticias-actualidad\/","nextItem":{"@type":"ListItem","@id":"https:\/\/eldigitaldeasturias.com\/magazine365\/medio-millar-de-profesionales-del-sector-turistico-asisten-al-espectaculo-caijere\/#listItem","name":"Medio millar de profesionales del sector tur\u00edstico asisten al espect\u00e1culo &#8216;Caijer\u00e9&#8217;"},"previousItem":{"@type":"ListItem","@id":"https:\/\/eldigitaldeasturias.com\/magazine365#listItem","name":"Home"}},{"@type":"ListItem","@id":"https:\/\/eldigitaldeasturias.com\/magazine365\/medio-millar-de-profesionales-del-sector-turistico-asisten-al-espectaculo-caijere\/#listItem","position":3,"name":"Medio millar de profesionales del sector tur\u00edstico asisten al espect\u00e1culo &#8216;Caijer\u00e9&#8217;","previousItem":{"@type":"ListItem","@id":"https:\/\/eldigitaldeasturias.com\/magazine365\/category\/noticias-actualidad\/#listItem","name":"Noticias y Actualidad"}}]},{"@type":"Organization","@id":"https:\/\/eldigitaldeasturias.com\/magazine365\/#organization","name":"El digital de Asturias","description":"Revista de ocio, turismo y estilo de vida","url":"https:\/\/eldigitaldeasturias.com\/magazine365\/","logo":{"@type":"ImageObject","url":"https:\/\/www.eldigitaldeasturias.com\/noticias\/wp-content\/uploads\/2020\/12\/EDA.jpg","@id":"https:\/\/eldigitaldeasturias.com\/magazine365\/medio-millar-de-profesionales-del-sector-turistico-asisten-al-espectaculo-caijere\/#organizationLogo"},"image":{"@id":"https:\/\/eldigitaldeasturias.com\/magazine365\/medio-millar-de-profesionales-del-sector-turistico-asisten-al-espectaculo-caijere\/#organizationLogo"}},{"@type":"Person","@id":"https:\/\/eldigitaldeasturias.com\/magazine365\/author\/admin\/#author","url":"https:\/\/eldigitaldeasturias.com\/magazine365\/author\/admin\/","name":"admin","image":{"@type":"ImageObject","@id":"https:\/\/eldigitaldeasturias.com\/magazine365\/medio-millar-de-profesionales-del-sector-turistico-asisten-al-espectaculo-caijere\/#authorImage","url":"https:\/\/eldigitaldeasturias.com\/magazine365\/wp-content\/litespeed\/avatar\/e571bcf59a0edd6fa6838245a470f2fe.jpg?ver=1776969259","width":96,"height":96,"caption":"admin"}},{"@type":"WebPage","@id":"https:\/\/eldigitaldeasturias.com\/magazine365\/medio-millar-de-profesionales-del-sector-turistico-asisten-al-espectaculo-caijere\/#webpage","url":"https:\/\/eldigitaldeasturias.com\/magazine365\/medio-millar-de-profesionales-del-sector-turistico-asisten-al-espectaculo-caijere\/","name":"Medio millar de profesionales del sector tur\u00edstico asisten al espect\u00e1culo \u2018Caijer\u00e9\u2019 | El Digital de Asturias","description":"La presidenta de la Diputaci\u00f3n de C\u00e1diz, Irene Garc\u00eda, ha agradecido a los agentes de viajes y mayoristas madrile\u00f1os que hayan asistido a un encuentro, en el marco de la celebraci\u00f3n de la Feria Internacional de Turismo (Fitur), en el que han podido intercambiar impresiones con las empresas gaditanas que esta semana trabajan en el","inLanguage":"es-ES","isPartOf":{"@id":"https:\/\/eldigitaldeasturias.com\/magazine365\/#website"},"breadcrumb":{"@id":"https:\/\/eldigitaldeasturias.com\/magazine365\/medio-millar-de-profesionales-del-sector-turistico-asisten-al-espectaculo-caijere\/#breadcrumblist"},"author":{"@id":"https:\/\/eldigitaldeasturias.com\/magazine365\/author\/admin\/#author"},"creator":{"@id":"https:\/\/eldigitaldeasturias.com\/magazine365\/author\/admin\/#author"},"image":{"@type":"ImageObject","url":"https:\/\/eldigitaldeasturias.com\/magazine365\/wp-content\/uploads\/2016\/01\/fitur2016.jpg","@id":"https:\/\/eldigitaldeasturias.com\/magazine365\/medio-millar-de-profesionales-del-sector-turistico-asisten-al-espectaculo-caijere\/#mainImage","width":800,"height":533},"primaryImageOfPage":{"@id":"https:\/\/eldigitaldeasturias.com\/magazine365\/medio-millar-de-profesionales-del-sector-turistico-asisten-al-espectaculo-caijere\/#mainImage"},"datePublished":"2016-01-22T18:36:21+01:00","dateModified":"2016-01-22T18:36:21+01:00"},{"@type":"WebSite","@id":"https:\/\/eldigitaldeasturias.com\/magazine365\/#website","url":"https:\/\/eldigitaldeasturias.com\/magazine365\/","name":"El Digital de Asturias","description":"Revista de ocio, turismo y estilo de vida","inLanguage":"es-ES","publisher":{"@id":"https:\/\/eldigitaldeasturias.com\/magazine365\/#organization"}}]},"og:locale":"es_ES","og:site_name":"El Digital de Asturias \u2013 Revista de ocio, turismo y estilo de vida","og:type":"article","og:title":"Medio millar de profesionales del sector tur\u00edstico asisten al espect\u00e1culo \u2018Caijer\u00e9\u2019 | El Digital de Asturias","og:description":"La presidenta de la Diputaci\u00f3n de C\u00e1diz, Irene Garc\u00eda, ha agradecido a los agentes de viajes y mayoristas madrile\u00f1os que hayan asistido a un encuentro, en el marco de la celebraci\u00f3n de la Feria Internacional de Turismo (Fitur), en el que han podido intercambiar impresiones con las empresas gaditanas que esta semana trabajan en el","og:url":"https:\/\/eldigitaldeasturias.com\/magazine365\/medio-millar-de-profesionales-del-sector-turistico-asisten-al-espectaculo-caijere\/","og:image":"https:\/\/eldigitaldeasturias.com\/magazine365\/wp-content\/uploads\/2016\/01\/fitur2016.jpg","og:image:secure_url":"https:\/\/eldigitaldeasturias.com\/magazine365\/wp-content\/uploads\/2016\/01\/fitur2016.jpg","og:image:width":800,"og:image:height":533,"article:published_time":"2016-01-22T17:36:21+00:00","article:modified_time":"2016-01-22T17:36:21+00:00","twitter:card":"summary_large_image","twitter:title":"Medio millar de profesionales del sector tur\u00edstico asisten al espect\u00e1culo \u2018Caijer\u00e9\u2019 | El Digital de Asturias","twitter:description":"La presidenta de la Diputaci\u00f3n de C\u00e1diz, Irene Garc\u00eda, ha agradecido a los agentes de viajes y mayoristas madrile\u00f1os que hayan asistido a un encuentro, en el marco de la celebraci\u00f3n de la Feria Internacional de Turismo (Fitur), en el que han podido intercambiar impresiones con las empresas gaditanas que esta semana trabajan en el","twitter:image":"https:\/\/eldigitaldeasturias.com\/magazine365\/wp-content\/uploads\/2016\/01\/fitur2016.jpg"},"aioseo_meta_data":{"post_id":"61542","title":null,"description":null,"keywords":null,"keyphrases":null,"primary_term":null,"canonical_url":null,"og_title":null,"og_description":null,"og_object_type":"default","og_image_type":"default","og_image_url":null,"og_image_width":null,"og_image_height":null,"og_image_custom_url":null,"og_image_custom_fields":null,"og_video":null,"og_custom_url":null,"og_article_section":null,"og_article_tags":null,"twitter_use_og":false,"twitter_card":"default","twitter_image_type":"default","twitter_image_url":null,"twitter_image_custom_url":null,"twitter_image_custom_fields":null,"twitter_title":null,"twitter_description":null,"schema":{"blockGraphs":[],"customGraphs":[],"default":{"data":{"Article":[],"Course":[],"Dataset":[],"FAQPage":[],"Movie":[],"Person":[],"Product":[],"ProductReview":[],"Car":[],"Recipe":[],"Service":[],"SoftwareApplication":[],"WebPage":[]},"graphName":"","isEnabled":true},"graphs":[],"defaultGraph":"","defaultPostTypeGraph":""},"schema_type":null,"schema_type_options":null,"pillar_content":false,"robots_default":true,"robots_noindex":false,"robots_noarchive":false,"robots_nosnippet":false,"robots_nofollow":false,"robots_noimageindex":false,"robots_noodp":false,"robots_notranslate":false,"robots_max_snippet":null,"robots_max_videopreview":null,"robots_max_imagepreview":"large","priority":null,"frequency":null,"location":null,"local_seo":null,"seo_analyzer_scan_date":"2025-09-25 09:12:25","breadcrumb_settings":null,"limit_modified_date":false,"open_ai":null,"ai":null,"created":"2021-03-08 21:48:43","updated":"2025-09-25 09:12:25"},"aioseo_breadcrumb":"<div class=\"aioseo-breadcrumbs\"><span class=\"aioseo-breadcrumb\">\n\t<a href=\"https:\/\/eldigitaldeasturias.com\/magazine365\" title=\"Home\">Home<\/a>\n<\/span><span class=\"aioseo-breadcrumb-separator\">\u2013<\/span><span class=\"aioseo-breadcrumb\">\n\t<a href=\"https:\/\/eldigitaldeasturias.com\/magazine365\/category\/noticias-actualidad\/\" title=\"Noticias y Actualidad\">Noticias y Actualidad<\/a>\n<\/span><span class=\"aioseo-breadcrumb-separator\">\u2013<\/span><span class=\"aioseo-breadcrumb\">\n\t<a href=\"https:\/\/eldigitaldeasturias.com\/magazine365\/medio-millar-de-profesionales-del-sector-turistico-asisten-al-espectaculo-caijere\/\" title=\"Medio millar de profesionales del sector tur\u00edstico asisten al espect\u00e1culo \u2018Caijer\u00e9\u2019\">Medio millar de profesionales del sector tur\u00edstico asisten al espect\u00e1culo \u2018Caijer\u00e9\u2019<\/a>\n<\/span><\/div>","aioseo_breadcrumb_json":[{"label":"Home","link":"https:\/\/eldigitaldeasturias.com\/magazine365"},{"label":"Noticias y Actualidad","link":"https:\/\/eldigitaldeasturias.com\/magazine365\/category\/noticias-actualidad\/"},{"label":"Medio millar de profesionales del sector tur\u00edstico asisten al espect\u00e1culo &#8216;Caijer\u00e9&#8217;","link":"https:\/\/eldigitaldeasturias.com\/magazine365\/medio-millar-de-profesionales-del-sector-turistico-asisten-al-espectaculo-caijere\/"}],"_links":{"self":[{"href":"https:\/\/eldigitaldeasturias.com\/magazine365\/wp-json\/wp\/v2\/posts\/61542","targetHints":{"allow":["GET"]}}],"collection":[{"href":"https:\/\/eldigitaldeasturias.com\/magazine365\/wp-json\/wp\/v2\/posts"}],"about":[{"href":"https:\/\/eldigitaldeasturias.com\/magazine365\/wp-json\/wp\/v2\/types\/post"}],"author":[{"embeddable":true,"href":"https:\/\/eldigitaldeasturias.com\/magazine365\/wp-json\/wp\/v2\/users\/1"}],"replies":[{"embeddable":true,"href":"https:\/\/eldigitaldeasturias.com\/magazine365\/wp-json\/wp\/v2\/comments?post=61542"}],"version-history":[{"count":0,"href":"https:\/\/eldigitaldeasturias.com\/magazine365\/wp-json\/wp\/v2\/posts\/61542\/revisions"}],"wp:featuredmedia":[{"embeddable":true,"href":"https:\/\/eldigitaldeasturias.com\/magazine365\/wp-json\/wp\/v2\/media\/61252"}],"wp:attachment":[{"href":"https:\/\/eldigitaldeasturias.com\/magazine365\/wp-json\/wp\/v2\/media?parent=61542"}],"wp:term":[{"taxonomy":"category","embeddable":true,"href":"https:\/\/eldigitaldeasturias.com\/magazine365\/wp-json\/wp\/v2\/categories?post=61542"},{"taxonomy":"post_tag","embeddable":true,"href":"https:\/\/eldigitaldeasturias.com\/magazine365\/wp-json\/wp\/v2\/tags?post=61542"}],"curies":[{"name":"wp","href":"https:\/\/api.w.org\/{rel}","templated":true}]}}