{"id":61539,"date":"2016-01-22T18:35:42","date_gmt":"2016-01-22T17:35:42","guid":{"rendered":"http:\/\/eldigitaldeasturias.com\/magazine365\/?p=61539"},"modified":"2016-01-22T18:35:42","modified_gmt":"2016-01-22T17:35:42","slug":"huelva-rezuma-americanismo-en-la-presentacion-del-525-aniversario-del-encuentro-entre-dos-mundos","status":"publish","type":"post","link":"https:\/\/eldigitaldeasturias.com\/magazine365\/huelva-rezuma-americanismo-en-la-presentacion-del-525-aniversario-del-encuentro-entre-dos-mundos\/","title":{"rendered":"Huelva rezuma americanismo en la presentaci\u00f3n del 525 aniversario del encuentro entre dos mundos"},"content":{"rendered":"<p><img fetchpriority=\"high\" decoding=\"async\" class=\"alignleft size-medium wp-image-61540\" src=\"https:\/\/eldigitaldeasturias.com\/magazine365\/wp-content\/uploads\/2016\/01\/fotonoticia_20160120225328_800-360x240.jpg\" alt=\"fotonoticia_20160120225328_800\" width=\"360\" height=\"240\" srcset=\"https:\/\/eldigitaldeasturias.com\/magazine365\/wp-content\/uploads\/2016\/01\/fotonoticia_20160120225328_800-360x240.jpg 360w, https:\/\/eldigitaldeasturias.com\/magazine365\/wp-content\/uploads\/2016\/01\/fotonoticia_20160120225328_800-650x433.jpg 650w, https:\/\/eldigitaldeasturias.com\/magazine365\/wp-content\/uploads\/2016\/01\/fotonoticia_20160120225328_800-768x512.jpg 768w, https:\/\/eldigitaldeasturias.com\/magazine365\/wp-content\/uploads\/2016\/01\/fotonoticia_20160120225328_800-150x100.jpg 150w, https:\/\/eldigitaldeasturias.com\/magazine365\/wp-content\/uploads\/2016\/01\/fotonoticia_20160120225328_800-450x300.jpg 450w, https:\/\/eldigitaldeasturias.com\/magazine365\/wp-content\/uploads\/2016\/01\/fotonoticia_20160120225328_800-696x464.jpg 696w, https:\/\/eldigitaldeasturias.com\/magazine365\/wp-content\/uploads\/2016\/01\/fotonoticia_20160120225328_800-630x420.jpg 630w, https:\/\/eldigitaldeasturias.com\/magazine365\/wp-content\/uploads\/2016\/01\/fotonoticia_20160120225328_800-101x66.jpg 101w, https:\/\/eldigitaldeasturias.com\/magazine365\/wp-content\/uploads\/2016\/01\/fotonoticia_20160120225328_800.jpg 800w\" sizes=\"(max-width: 360px) 100vw, 360px\" \/>Aprovechando la celebraci\u00f3n en Madrid de la Feria Internacional de Turismo (Fitur), la Diputaci\u00f3n de Huelva ha organizado este mi\u00e9rcoles en Madrid la puesta de largo de la que ser\u00e1 en 2017 la celebraci\u00f3n del 525 Aniversario del Encuentro entre dos Mundos y lo ha hecho muy arropada en un multitudinario acto que ha rezumado americanismo y ganas de aprovechar la conmemoraci\u00f3n de lo que fue, seg\u00fan el presidente de la Diputaci\u00f3n de Huelva, Ignacio Caraballo, \u00abla gran aventura de la historia\u00bb.<\/p>\n<p>Caraballo ha ejercido de anfitri\u00f3n en el acto &#8211;celebrado en el majestuoso Palacio de Santa B\u00e1rbara&#8211; y ha dado a conocer algunas de las iniciativas que ya van trascendiendo, como la puesta en marcha de una nueva edici\u00f3n de la regata oce\u00e1nica Huelva-La Gomera, que recrea la primera de las traves\u00edas del almirante Crist\u00f3bal Col\u00f3n en su camino hacia las Indias, o la esponsorizaci\u00f3n del duatleta onubense y bicampe\u00f3n del mundo, Emilio Mart\u00edn, con la imagen de la efem\u00e9ride.<\/p>\n<p>Para Caraballo, el 525 aniversario, que tendr\u00e1 la consideraci\u00f3n de &#8216;Acontecimiento Excepcional de Inter\u00e9s P\u00fablico&#8217;, lo que se prev\u00e9 que anime a las empresas a participar y apoyar el proyecto a trav\u00e9s de los incentivos fiscales en sus aportaciones, debe servir para \u00abprofundizar las relaciones entre Huelva y Am\u00e9rica y para seguir buscando espacios comunes y de encuentro\u00bb.<\/p>\n<p>El presidente de la Diputaci\u00f3n onubense, que ha estado arropado por sus hom\u00f3logos en Ja\u00e9n, Granada y C\u00f3rdoba, ha insistido en sus \u00e1nimos a las empresas para invertir en f\u00f3rmulas \u00absocial y econ\u00f3micamente sostenibles\u00bb y ha defendido que la efem\u00e9ride ha de servir tambi\u00e9n como una \u00aboportunidad\u00bb para \u00absalir, comparar y conocer otros pueblos y otras culturas\u00bb y para \u00abenriquecernos mutuamente\u00bb.<\/p>\n<p>IMPULSO TUR\u00cdSTICO<\/p>\n<p>El consejero de Turismo y Deporte, Francisco Javier Fern\u00e1ndez, ha insistido en esa misma idea de Caraballo instando a que la conmemoraci\u00f3n sea aprovechada para \u00abdar un importante impulso tur\u00edstico y econ\u00f3mico a la provincia onubense\u00bb.<\/p>\n<p>Fern\u00e1ndez, que no ha sido el \u00fanico miembro del Gobierno andaluz presente, ya que para arropar la convocatoria tambi\u00e9n ha estado el responsable de Medio Ambiente, el onubense Jos\u00e9 Fiscal, ha destacado la voluntad de su Consejer\u00eda por \u00bb integrar la hermandad entre Iberoam\u00e9rica y la provincia de Huelva dentro de una estrategia de colaboraci\u00f3n con la Diputaci\u00f3n para la promoci\u00f3n internacional de la provincia\u00bb, algo que sin duda, \u00abbeneficiar\u00e1 a toda la regi\u00f3n en su conjunto\u00bb.<\/p>\n<p>\u00abLA GRAN CITA DE 2017\u00bb<\/p>\n<p>Por su parte el alcalde de Huelva, Gabriel Cruz, ha se\u00f1alado que esta conmemoraci\u00f3n ser\u00e1 la gran cita del pr\u00f3ximo 2017 y ha previsto que ir\u00e1 acompa\u00f1ada de la \u00abmenci\u00f3n especial de Capital de la Gastronom\u00eda\u00bb, algo que Huelva merece \u00abpor m\u00e9ritos propios y evidentes\u00bb al ser \u00abla despensa de Europa, con productos de tanta calidad y tan nuestros como las gambas, el jam\u00f3n, los vinos, las fresas, el aceite\u00bb.<\/p>\n<p>Para el regidor, 2017 va a ser \u00abun a\u00f1o grande y marcado en rojo en nuestro calendario, donde llevaremos por bandera todav\u00eda con m\u00e1s fuerza el nombre de Huelva unido al de Am\u00e9rica\u00bb.<\/p>\n<p>A la puesta de largo de la celebraci\u00f3n han asistido este mi\u00e9rcoles varios embajadores y otros representantes del cuerpo diplom\u00e1tico de los pa\u00edses americanos en Espa\u00f1a; el futbolista Jes\u00fas V\u00e1zquez; varios actores, cantantes, pol\u00edticos y empresarios que, bien onubenses o con vinculaci\u00f3n con la provincia, han querido mostrar su apoyo a la conmemoraci\u00f3n.<\/p>\n<p>JUAN RAM\u00d3N JIM\u00c9NEZ<\/p>\n<p>De la misma manera, la provincia onubense acoger\u00e1 en 2017 el centenario de la primera publicaci\u00f3n de &#8216;Diario de un poeta reci\u00e9n casado&#8217;, poemario que el Nobel Juan Ram\u00f3n Jim\u00e9nez escribi\u00f3 con motivo del viaje que realiz\u00f3 en 1916 a Nueva York y que representa uno de los muchos ejemplos de la influencia americana en las letras onubenses.<\/p>\n<p>El acto ha estado amenizado por cantes de &#8216;ida y vuelta&#8217; de la mano de Pepe G\u00f3mez &#8216;El Marisme\u00f1o&#8217;, Jos\u00e9 Mar\u00eda de Lepe y el acompa\u00f1amiento de Francis G\u00f3mez, Joaqu\u00edn Brito y Ra\u00fal Botella.<\/p>\n<p>El restaurador onubense Xanty El\u00edas, del restaurante Ac\u00e1nthum, ha sido el encargado de ofrecer la nota gastron\u00f3mica con propuestas elaboradas con productos t\u00edpicamente onubenses.<\/p>\n","protected":false},"excerpt":{"rendered":"<p>Aprovechando la celebraci\u00f3n en Madrid de la Feria Internacional de Turismo (Fitur), la Diputaci\u00f3n de Huelva ha organizado este mi\u00e9rcoles en Madrid la puesta de largo de la que ser\u00e1 en 2017 la celebraci\u00f3n del 525 Aniversario del Encuentro entre dos Mundos y lo ha hecho muy arropada en un multitudinario acto que ha rezumado<\/p>\n","protected":false},"author":1,"featured_media":61540,"comment_status":"open","ping_status":"closed","sticky":false,"template":"","format":"standard","meta":{"footnotes":""},"categories":[224],"tags":[],"class_list":{"0":"post-61539","1":"post","2":"type-post","3":"status-publish","4":"format-standard","5":"has-post-thumbnail","7":"category-noticias-actualidad"},"aioseo_notices":[],"aioseo_head":"\n\t\t<!-- All in One SEO Pro 4.9.6.1 - aioseo.com -->\n\t<meta name=\"description\" content=\"Aprovechando la celebraci\u00f3n en Madrid de la Feria Internacional de Turismo (Fitur), la Diputaci\u00f3n de Huelva ha organizado este mi\u00e9rcoles en Madrid la puesta de largo de la que ser\u00e1 en 2017 la celebraci\u00f3n del 525 Aniversario del Encuentro entre dos Mundos y lo ha hecho muy arropada en un multitudinario acto que ha rezumado\" \/>\n\t<meta name=\"robots\" content=\"max-image-preview:large\" \/>\n\t<meta name=\"author\" content=\"admin\"\/>\n\t<meta name=\"google-site-verification\" content=\"UA-38556648-1\" \/>\n\t<meta name=\"keywords\" content=\"noticias y actualidad\" \/>\n\t<link rel=\"canonical\" href=\"https:\/\/eldigitaldeasturias.com\/magazine365\/huelva-rezuma-americanismo-en-la-presentacion-del-525-aniversario-del-encuentro-entre-dos-mundos\/\" \/>\n\t<meta name=\"generator\" content=\"All in One SEO Pro (AIOSEO) 4.9.6.1\" \/>\n\t\t<meta property=\"og:locale\" content=\"es_ES\" \/>\n\t\t<meta property=\"og:site_name\" content=\"El Digital de Asturias \u2013 Revista de ocio, turismo y estilo de vida\" \/>\n\t\t<meta property=\"og:type\" content=\"article\" \/>\n\t\t<meta property=\"og:title\" content=\"Huelva rezuma americanismo en la presentaci\u00f3n del 525 aniversario del encuentro entre dos mundos | El Digital de Asturias\" \/>\n\t\t<meta property=\"og:description\" content=\"Aprovechando la celebraci\u00f3n en Madrid de la Feria Internacional de Turismo (Fitur), la Diputaci\u00f3n de Huelva ha organizado este mi\u00e9rcoles en Madrid la puesta de largo de la que ser\u00e1 en 2017 la celebraci\u00f3n del 525 Aniversario del Encuentro entre dos Mundos y lo ha hecho muy arropada en un multitudinario acto que ha rezumado\" \/>\n\t\t<meta property=\"og:url\" content=\"https:\/\/eldigitaldeasturias.com\/magazine365\/huelva-rezuma-americanismo-en-la-presentacion-del-525-aniversario-del-encuentro-entre-dos-mundos\/\" \/>\n\t\t<meta property=\"og:image\" content=\"https:\/\/eldigitaldeasturias.com\/magazine365\/wp-content\/uploads\/2016\/01\/fotonoticia_20160120225328_800.jpg\" \/>\n\t\t<meta property=\"og:image:secure_url\" content=\"https:\/\/eldigitaldeasturias.com\/magazine365\/wp-content\/uploads\/2016\/01\/fotonoticia_20160120225328_800.jpg\" \/>\n\t\t<meta property=\"og:image:width\" content=\"800\" \/>\n\t\t<meta property=\"og:image:height\" content=\"533\" \/>\n\t\t<meta property=\"article:published_time\" content=\"2016-01-22T17:35:42+00:00\" \/>\n\t\t<meta property=\"article:modified_time\" content=\"2016-01-22T17:35:42+00:00\" \/>\n\t\t<meta name=\"twitter:card\" content=\"summary_large_image\" \/>\n\t\t<meta name=\"twitter:title\" content=\"Huelva rezuma americanismo en la presentaci\u00f3n del 525 aniversario del encuentro entre dos mundos | El Digital de Asturias\" \/>\n\t\t<meta name=\"twitter:description\" content=\"Aprovechando la celebraci\u00f3n en Madrid de la Feria Internacional de Turismo (Fitur), la Diputaci\u00f3n de Huelva ha organizado este mi\u00e9rcoles en Madrid la puesta de largo de la que ser\u00e1 en 2017 la celebraci\u00f3n del 525 Aniversario del Encuentro entre dos Mundos y lo ha hecho muy arropada en un multitudinario acto que ha rezumado\" \/>\n\t\t<meta name=\"twitter:image\" content=\"https:\/\/eldigitaldeasturias.com\/magazine365\/wp-content\/uploads\/2016\/01\/fotonoticia_20160120225328_800.jpg\" \/>\n\t\t<script type=\"application\/ld+json\" class=\"aioseo-schema\">\n\t\t\t{\"@context\":\"https:\\\/\\\/schema.org\",\"@graph\":[{\"@type\":\"Article\",\"@id\":\"https:\\\/\\\/eldigitaldeasturias.com\\\/magazine365\\\/huelva-rezuma-americanismo-en-la-presentacion-del-525-aniversario-del-encuentro-entre-dos-mundos\\\/#article\",\"name\":\"Huelva rezuma americanismo en la presentaci\\u00f3n del 525 aniversario del encuentro entre dos mundos | El Digital de Asturias\",\"headline\":\"Huelva rezuma americanismo en la presentaci\\u00f3n del 525 aniversario del encuentro entre dos mundos\",\"author\":{\"@id\":\"https:\\\/\\\/eldigitaldeasturias.com\\\/magazine365\\\/author\\\/admin\\\/#author\"},\"publisher\":{\"@id\":\"https:\\\/\\\/eldigitaldeasturias.com\\\/magazine365\\\/#organization\"},\"image\":{\"@type\":\"ImageObject\",\"url\":\"https:\\\/\\\/eldigitaldeasturias.com\\\/magazine365\\\/wp-content\\\/uploads\\\/2016\\\/01\\\/fotonoticia_20160120225328_800.jpg\",\"width\":800,\"height\":533},\"datePublished\":\"2016-01-22T18:35:42+01:00\",\"dateModified\":\"2016-01-22T18:35:42+01:00\",\"inLanguage\":\"es-ES\",\"mainEntityOfPage\":{\"@id\":\"https:\\\/\\\/eldigitaldeasturias.com\\\/magazine365\\\/huelva-rezuma-americanismo-en-la-presentacion-del-525-aniversario-del-encuentro-entre-dos-mundos\\\/#webpage\"},\"isPartOf\":{\"@id\":\"https:\\\/\\\/eldigitaldeasturias.com\\\/magazine365\\\/huelva-rezuma-americanismo-en-la-presentacion-del-525-aniversario-del-encuentro-entre-dos-mundos\\\/#webpage\"},\"articleSection\":\"Noticias y Actualidad\"},{\"@type\":\"BreadcrumbList\",\"@id\":\"https:\\\/\\\/eldigitaldeasturias.com\\\/magazine365\\\/huelva-rezuma-americanismo-en-la-presentacion-del-525-aniversario-del-encuentro-entre-dos-mundos\\\/#breadcrumblist\",\"itemListElement\":[{\"@type\":\"ListItem\",\"@id\":\"https:\\\/\\\/eldigitaldeasturias.com\\\/magazine365#listItem\",\"position\":1,\"name\":\"Home\",\"item\":\"https:\\\/\\\/eldigitaldeasturias.com\\\/magazine365\",\"nextItem\":{\"@type\":\"ListItem\",\"@id\":\"https:\\\/\\\/eldigitaldeasturias.com\\\/magazine365\\\/category\\\/noticias-actualidad\\\/#listItem\",\"name\":\"Noticias y Actualidad\"}},{\"@type\":\"ListItem\",\"@id\":\"https:\\\/\\\/eldigitaldeasturias.com\\\/magazine365\\\/category\\\/noticias-actualidad\\\/#listItem\",\"position\":2,\"name\":\"Noticias y Actualidad\",\"item\":\"https:\\\/\\\/eldigitaldeasturias.com\\\/magazine365\\\/category\\\/noticias-actualidad\\\/\",\"nextItem\":{\"@type\":\"ListItem\",\"@id\":\"https:\\\/\\\/eldigitaldeasturias.com\\\/magazine365\\\/huelva-rezuma-americanismo-en-la-presentacion-del-525-aniversario-del-encuentro-entre-dos-mundos\\\/#listItem\",\"name\":\"Huelva rezuma americanismo en la presentaci\\u00f3n del 525 aniversario del encuentro entre dos mundos\"},\"previousItem\":{\"@type\":\"ListItem\",\"@id\":\"https:\\\/\\\/eldigitaldeasturias.com\\\/magazine365#listItem\",\"name\":\"Home\"}},{\"@type\":\"ListItem\",\"@id\":\"https:\\\/\\\/eldigitaldeasturias.com\\\/magazine365\\\/huelva-rezuma-americanismo-en-la-presentacion-del-525-aniversario-del-encuentro-entre-dos-mundos\\\/#listItem\",\"position\":3,\"name\":\"Huelva rezuma americanismo en la presentaci\\u00f3n del 525 aniversario del encuentro entre dos mundos\",\"previousItem\":{\"@type\":\"ListItem\",\"@id\":\"https:\\\/\\\/eldigitaldeasturias.com\\\/magazine365\\\/category\\\/noticias-actualidad\\\/#listItem\",\"name\":\"Noticias y Actualidad\"}}]},{\"@type\":\"Organization\",\"@id\":\"https:\\\/\\\/eldigitaldeasturias.com\\\/magazine365\\\/#organization\",\"name\":\"El digital de Asturias\",\"description\":\"Revista de ocio, turismo y estilo de vida\",\"url\":\"https:\\\/\\\/eldigitaldeasturias.com\\\/magazine365\\\/\",\"logo\":{\"@type\":\"ImageObject\",\"url\":\"https:\\\/\\\/www.eldigitaldeasturias.com\\\/noticias\\\/wp-content\\\/uploads\\\/2020\\\/12\\\/EDA.jpg\",\"@id\":\"https:\\\/\\\/eldigitaldeasturias.com\\\/magazine365\\\/huelva-rezuma-americanismo-en-la-presentacion-del-525-aniversario-del-encuentro-entre-dos-mundos\\\/#organizationLogo\"},\"image\":{\"@id\":\"https:\\\/\\\/eldigitaldeasturias.com\\\/magazine365\\\/huelva-rezuma-americanismo-en-la-presentacion-del-525-aniversario-del-encuentro-entre-dos-mundos\\\/#organizationLogo\"}},{\"@type\":\"Person\",\"@id\":\"https:\\\/\\\/eldigitaldeasturias.com\\\/magazine365\\\/author\\\/admin\\\/#author\",\"url\":\"https:\\\/\\\/eldigitaldeasturias.com\\\/magazine365\\\/author\\\/admin\\\/\",\"name\":\"admin\",\"image\":{\"@type\":\"ImageObject\",\"@id\":\"https:\\\/\\\/eldigitaldeasturias.com\\\/magazine365\\\/huelva-rezuma-americanismo-en-la-presentacion-del-525-aniversario-del-encuentro-entre-dos-mundos\\\/#authorImage\",\"url\":\"https:\\\/\\\/eldigitaldeasturias.com\\\/magazine365\\\/wp-content\\\/litespeed\\\/avatar\\\/e571bcf59a0edd6fa6838245a470f2fe.jpg?ver=1776969259\",\"width\":96,\"height\":96,\"caption\":\"admin\"}},{\"@type\":\"WebPage\",\"@id\":\"https:\\\/\\\/eldigitaldeasturias.com\\\/magazine365\\\/huelva-rezuma-americanismo-en-la-presentacion-del-525-aniversario-del-encuentro-entre-dos-mundos\\\/#webpage\",\"url\":\"https:\\\/\\\/eldigitaldeasturias.com\\\/magazine365\\\/huelva-rezuma-americanismo-en-la-presentacion-del-525-aniversario-del-encuentro-entre-dos-mundos\\\/\",\"name\":\"Huelva rezuma americanismo en la presentaci\\u00f3n del 525 aniversario del encuentro entre dos mundos | El Digital de Asturias\",\"description\":\"Aprovechando la celebraci\\u00f3n en Madrid de la Feria Internacional de Turismo (Fitur), la Diputaci\\u00f3n de Huelva ha organizado este mi\\u00e9rcoles en Madrid la puesta de largo de la que ser\\u00e1 en 2017 la celebraci\\u00f3n del 525 Aniversario del Encuentro entre dos Mundos y lo ha hecho muy arropada en un multitudinario acto que ha rezumado\",\"inLanguage\":\"es-ES\",\"isPartOf\":{\"@id\":\"https:\\\/\\\/eldigitaldeasturias.com\\\/magazine365\\\/#website\"},\"breadcrumb\":{\"@id\":\"https:\\\/\\\/eldigitaldeasturias.com\\\/magazine365\\\/huelva-rezuma-americanismo-en-la-presentacion-del-525-aniversario-del-encuentro-entre-dos-mundos\\\/#breadcrumblist\"},\"author\":{\"@id\":\"https:\\\/\\\/eldigitaldeasturias.com\\\/magazine365\\\/author\\\/admin\\\/#author\"},\"creator\":{\"@id\":\"https:\\\/\\\/eldigitaldeasturias.com\\\/magazine365\\\/author\\\/admin\\\/#author\"},\"image\":{\"@type\":\"ImageObject\",\"url\":\"https:\\\/\\\/eldigitaldeasturias.com\\\/magazine365\\\/wp-content\\\/uploads\\\/2016\\\/01\\\/fotonoticia_20160120225328_800.jpg\",\"@id\":\"https:\\\/\\\/eldigitaldeasturias.com\\\/magazine365\\\/huelva-rezuma-americanismo-en-la-presentacion-del-525-aniversario-del-encuentro-entre-dos-mundos\\\/#mainImage\",\"width\":800,\"height\":533},\"primaryImageOfPage\":{\"@id\":\"https:\\\/\\\/eldigitaldeasturias.com\\\/magazine365\\\/huelva-rezuma-americanismo-en-la-presentacion-del-525-aniversario-del-encuentro-entre-dos-mundos\\\/#mainImage\"},\"datePublished\":\"2016-01-22T18:35:42+01:00\",\"dateModified\":\"2016-01-22T18:35:42+01:00\"},{\"@type\":\"WebSite\",\"@id\":\"https:\\\/\\\/eldigitaldeasturias.com\\\/magazine365\\\/#website\",\"url\":\"https:\\\/\\\/eldigitaldeasturias.com\\\/magazine365\\\/\",\"name\":\"El Digital de Asturias\",\"description\":\"Revista de ocio, turismo y estilo de vida\",\"inLanguage\":\"es-ES\",\"publisher\":{\"@id\":\"https:\\\/\\\/eldigitaldeasturias.com\\\/magazine365\\\/#organization\"}}]}\n\t\t<\/script>\n\t\t<!-- All in One SEO Pro -->\r\n\t\t<title>Huelva rezuma americanismo en la presentaci\u00f3n del 525 aniversario del encuentro entre dos mundos | El Digital de Asturias<\/title>\n\n","aioseo_head_json":{"title":"Huelva rezuma americanismo en la presentaci\u00f3n del 525 aniversario del encuentro entre dos mundos | El Digital de Asturias","description":"Aprovechando la celebraci\u00f3n en Madrid de la Feria Internacional de Turismo (Fitur), la Diputaci\u00f3n de Huelva ha organizado este mi\u00e9rcoles en Madrid la puesta de largo de la que ser\u00e1 en 2017 la celebraci\u00f3n del 525 Aniversario del Encuentro entre dos Mundos y lo ha hecho muy arropada en un multitudinario acto que ha rezumado","canonical_url":"https:\/\/eldigitaldeasturias.com\/magazine365\/huelva-rezuma-americanismo-en-la-presentacion-del-525-aniversario-del-encuentro-entre-dos-mundos\/","robots":"max-image-preview:large","keywords":"noticias y actualidad","webmasterTools":{"google-site-verification":"UA-38556648-1","miscellaneous":""},"schema":{"@context":"https:\/\/schema.org","@graph":[{"@type":"Article","@id":"https:\/\/eldigitaldeasturias.com\/magazine365\/huelva-rezuma-americanismo-en-la-presentacion-del-525-aniversario-del-encuentro-entre-dos-mundos\/#article","name":"Huelva rezuma americanismo en la presentaci\u00f3n del 525 aniversario del encuentro entre dos mundos | El Digital de Asturias","headline":"Huelva rezuma americanismo en la presentaci\u00f3n del 525 aniversario del encuentro entre dos mundos","author":{"@id":"https:\/\/eldigitaldeasturias.com\/magazine365\/author\/admin\/#author"},"publisher":{"@id":"https:\/\/eldigitaldeasturias.com\/magazine365\/#organization"},"image":{"@type":"ImageObject","url":"https:\/\/eldigitaldeasturias.com\/magazine365\/wp-content\/uploads\/2016\/01\/fotonoticia_20160120225328_800.jpg","width":800,"height":533},"datePublished":"2016-01-22T18:35:42+01:00","dateModified":"2016-01-22T18:35:42+01:00","inLanguage":"es-ES","mainEntityOfPage":{"@id":"https:\/\/eldigitaldeasturias.com\/magazine365\/huelva-rezuma-americanismo-en-la-presentacion-del-525-aniversario-del-encuentro-entre-dos-mundos\/#webpage"},"isPartOf":{"@id":"https:\/\/eldigitaldeasturias.com\/magazine365\/huelva-rezuma-americanismo-en-la-presentacion-del-525-aniversario-del-encuentro-entre-dos-mundos\/#webpage"},"articleSection":"Noticias y Actualidad"},{"@type":"BreadcrumbList","@id":"https:\/\/eldigitaldeasturias.com\/magazine365\/huelva-rezuma-americanismo-en-la-presentacion-del-525-aniversario-del-encuentro-entre-dos-mundos\/#breadcrumblist","itemListElement":[{"@type":"ListItem","@id":"https:\/\/eldigitaldeasturias.com\/magazine365#listItem","position":1,"name":"Home","item":"https:\/\/eldigitaldeasturias.com\/magazine365","nextItem":{"@type":"ListItem","@id":"https:\/\/eldigitaldeasturias.com\/magazine365\/category\/noticias-actualidad\/#listItem","name":"Noticias y Actualidad"}},{"@type":"ListItem","@id":"https:\/\/eldigitaldeasturias.com\/magazine365\/category\/noticias-actualidad\/#listItem","position":2,"name":"Noticias y Actualidad","item":"https:\/\/eldigitaldeasturias.com\/magazine365\/category\/noticias-actualidad\/","nextItem":{"@type":"ListItem","@id":"https:\/\/eldigitaldeasturias.com\/magazine365\/huelva-rezuma-americanismo-en-la-presentacion-del-525-aniversario-del-encuentro-entre-dos-mundos\/#listItem","name":"Huelva rezuma americanismo en la presentaci\u00f3n del 525 aniversario del encuentro entre dos mundos"},"previousItem":{"@type":"ListItem","@id":"https:\/\/eldigitaldeasturias.com\/magazine365#listItem","name":"Home"}},{"@type":"ListItem","@id":"https:\/\/eldigitaldeasturias.com\/magazine365\/huelva-rezuma-americanismo-en-la-presentacion-del-525-aniversario-del-encuentro-entre-dos-mundos\/#listItem","position":3,"name":"Huelva rezuma americanismo en la presentaci\u00f3n del 525 aniversario del encuentro entre dos mundos","previousItem":{"@type":"ListItem","@id":"https:\/\/eldigitaldeasturias.com\/magazine365\/category\/noticias-actualidad\/#listItem","name":"Noticias y Actualidad"}}]},{"@type":"Organization","@id":"https:\/\/eldigitaldeasturias.com\/magazine365\/#organization","name":"El digital de Asturias","description":"Revista de ocio, turismo y estilo de vida","url":"https:\/\/eldigitaldeasturias.com\/magazine365\/","logo":{"@type":"ImageObject","url":"https:\/\/www.eldigitaldeasturias.com\/noticias\/wp-content\/uploads\/2020\/12\/EDA.jpg","@id":"https:\/\/eldigitaldeasturias.com\/magazine365\/huelva-rezuma-americanismo-en-la-presentacion-del-525-aniversario-del-encuentro-entre-dos-mundos\/#organizationLogo"},"image":{"@id":"https:\/\/eldigitaldeasturias.com\/magazine365\/huelva-rezuma-americanismo-en-la-presentacion-del-525-aniversario-del-encuentro-entre-dos-mundos\/#organizationLogo"}},{"@type":"Person","@id":"https:\/\/eldigitaldeasturias.com\/magazine365\/author\/admin\/#author","url":"https:\/\/eldigitaldeasturias.com\/magazine365\/author\/admin\/","name":"admin","image":{"@type":"ImageObject","@id":"https:\/\/eldigitaldeasturias.com\/magazine365\/huelva-rezuma-americanismo-en-la-presentacion-del-525-aniversario-del-encuentro-entre-dos-mundos\/#authorImage","url":"https:\/\/eldigitaldeasturias.com\/magazine365\/wp-content\/litespeed\/avatar\/e571bcf59a0edd6fa6838245a470f2fe.jpg?ver=1776969259","width":96,"height":96,"caption":"admin"}},{"@type":"WebPage","@id":"https:\/\/eldigitaldeasturias.com\/magazine365\/huelva-rezuma-americanismo-en-la-presentacion-del-525-aniversario-del-encuentro-entre-dos-mundos\/#webpage","url":"https:\/\/eldigitaldeasturias.com\/magazine365\/huelva-rezuma-americanismo-en-la-presentacion-del-525-aniversario-del-encuentro-entre-dos-mundos\/","name":"Huelva rezuma americanismo en la presentaci\u00f3n del 525 aniversario del encuentro entre dos mundos | El Digital de Asturias","description":"Aprovechando la celebraci\u00f3n en Madrid de la Feria Internacional de Turismo (Fitur), la Diputaci\u00f3n de Huelva ha organizado este mi\u00e9rcoles en Madrid la puesta de largo de la que ser\u00e1 en 2017 la celebraci\u00f3n del 525 Aniversario del Encuentro entre dos Mundos y lo ha hecho muy arropada en un multitudinario acto que ha rezumado","inLanguage":"es-ES","isPartOf":{"@id":"https:\/\/eldigitaldeasturias.com\/magazine365\/#website"},"breadcrumb":{"@id":"https:\/\/eldigitaldeasturias.com\/magazine365\/huelva-rezuma-americanismo-en-la-presentacion-del-525-aniversario-del-encuentro-entre-dos-mundos\/#breadcrumblist"},"author":{"@id":"https:\/\/eldigitaldeasturias.com\/magazine365\/author\/admin\/#author"},"creator":{"@id":"https:\/\/eldigitaldeasturias.com\/magazine365\/author\/admin\/#author"},"image":{"@type":"ImageObject","url":"https:\/\/eldigitaldeasturias.com\/magazine365\/wp-content\/uploads\/2016\/01\/fotonoticia_20160120225328_800.jpg","@id":"https:\/\/eldigitaldeasturias.com\/magazine365\/huelva-rezuma-americanismo-en-la-presentacion-del-525-aniversario-del-encuentro-entre-dos-mundos\/#mainImage","width":800,"height":533},"primaryImageOfPage":{"@id":"https:\/\/eldigitaldeasturias.com\/magazine365\/huelva-rezuma-americanismo-en-la-presentacion-del-525-aniversario-del-encuentro-entre-dos-mundos\/#mainImage"},"datePublished":"2016-01-22T18:35:42+01:00","dateModified":"2016-01-22T18:35:42+01:00"},{"@type":"WebSite","@id":"https:\/\/eldigitaldeasturias.com\/magazine365\/#website","url":"https:\/\/eldigitaldeasturias.com\/magazine365\/","name":"El Digital de Asturias","description":"Revista de ocio, turismo y estilo de vida","inLanguage":"es-ES","publisher":{"@id":"https:\/\/eldigitaldeasturias.com\/magazine365\/#organization"}}]},"og:locale":"es_ES","og:site_name":"El Digital de Asturias \u2013 Revista de ocio, turismo y estilo de vida","og:type":"article","og:title":"Huelva rezuma americanismo en la presentaci\u00f3n del 525 aniversario del encuentro entre dos mundos | El Digital de Asturias","og:description":"Aprovechando la celebraci\u00f3n en Madrid de la Feria Internacional de Turismo (Fitur), la Diputaci\u00f3n de Huelva ha organizado este mi\u00e9rcoles en Madrid la puesta de largo de la que ser\u00e1 en 2017 la celebraci\u00f3n del 525 Aniversario del Encuentro entre dos Mundos y lo ha hecho muy arropada en un multitudinario acto que ha rezumado","og:url":"https:\/\/eldigitaldeasturias.com\/magazine365\/huelva-rezuma-americanismo-en-la-presentacion-del-525-aniversario-del-encuentro-entre-dos-mundos\/","og:image":"https:\/\/eldigitaldeasturias.com\/magazine365\/wp-content\/uploads\/2016\/01\/fotonoticia_20160120225328_800.jpg","og:image:secure_url":"https:\/\/eldigitaldeasturias.com\/magazine365\/wp-content\/uploads\/2016\/01\/fotonoticia_20160120225328_800.jpg","og:image:width":800,"og:image:height":533,"article:published_time":"2016-01-22T17:35:42+00:00","article:modified_time":"2016-01-22T17:35:42+00:00","twitter:card":"summary_large_image","twitter:title":"Huelva rezuma americanismo en la presentaci\u00f3n del 525 aniversario del encuentro entre dos mundos | El Digital de Asturias","twitter:description":"Aprovechando la celebraci\u00f3n en Madrid de la Feria Internacional de Turismo (Fitur), la Diputaci\u00f3n de Huelva ha organizado este mi\u00e9rcoles en Madrid la puesta de largo de la que ser\u00e1 en 2017 la celebraci\u00f3n del 525 Aniversario del Encuentro entre dos Mundos y lo ha hecho muy arropada en un multitudinario acto que ha rezumado","twitter:image":"https:\/\/eldigitaldeasturias.com\/magazine365\/wp-content\/uploads\/2016\/01\/fotonoticia_20160120225328_800.jpg"},"aioseo_meta_data":{"post_id":"61539","title":null,"description":null,"keywords":null,"keyphrases":null,"primary_term":null,"canonical_url":null,"og_title":null,"og_description":null,"og_object_type":"default","og_image_type":"default","og_image_url":null,"og_image_width":null,"og_image_height":null,"og_image_custom_url":null,"og_image_custom_fields":null,"og_video":null,"og_custom_url":null,"og_article_section":null,"og_article_tags":null,"twitter_use_og":false,"twitter_card":"default","twitter_image_type":"default","twitter_image_url":null,"twitter_image_custom_url":null,"twitter_image_custom_fields":null,"twitter_title":null,"twitter_description":null,"schema":{"blockGraphs":[],"customGraphs":[],"default":{"data":{"Article":[],"Course":[],"Dataset":[],"FAQPage":[],"Movie":[],"Person":[],"Product":[],"ProductReview":[],"Car":[],"Recipe":[],"Service":[],"SoftwareApplication":[],"WebPage":[]},"graphName":"","isEnabled":true},"graphs":[],"defaultGraph":"","defaultPostTypeGraph":""},"schema_type":null,"schema_type_options":null,"pillar_content":false,"robots_default":true,"robots_noindex":false,"robots_noarchive":false,"robots_nosnippet":false,"robots_nofollow":false,"robots_noimageindex":false,"robots_noodp":false,"robots_notranslate":false,"robots_max_snippet":null,"robots_max_videopreview":null,"robots_max_imagepreview":"large","priority":null,"frequency":null,"location":null,"local_seo":null,"seo_analyzer_scan_date":"2025-09-25 09:12:23","breadcrumb_settings":null,"limit_modified_date":false,"open_ai":null,"ai":null,"created":"2021-03-08 21:48:43","updated":"2025-09-25 09:12:23"},"aioseo_breadcrumb":"<div class=\"aioseo-breadcrumbs\"><span class=\"aioseo-breadcrumb\">\n\t<a href=\"https:\/\/eldigitaldeasturias.com\/magazine365\" title=\"Home\">Home<\/a>\n<\/span><span class=\"aioseo-breadcrumb-separator\">\u2013<\/span><span class=\"aioseo-breadcrumb\">\n\t<a href=\"https:\/\/eldigitaldeasturias.com\/magazine365\/category\/noticias-actualidad\/\" title=\"Noticias y Actualidad\">Noticias y Actualidad<\/a>\n<\/span><span class=\"aioseo-breadcrumb-separator\">\u2013<\/span><span class=\"aioseo-breadcrumb\">\n\t<a href=\"https:\/\/eldigitaldeasturias.com\/magazine365\/huelva-rezuma-americanismo-en-la-presentacion-del-525-aniversario-del-encuentro-entre-dos-mundos\/\" title=\"Huelva rezuma americanismo en la presentaci\u00f3n del 525 aniversario del encuentro entre dos mundos\">Huelva rezuma americanismo en la presentaci\u00f3n del 525 aniversario del encuentro entre dos mundos<\/a>\n<\/span><\/div>","aioseo_breadcrumb_json":[{"label":"Home","link":"https:\/\/eldigitaldeasturias.com\/magazine365"},{"label":"Noticias y Actualidad","link":"https:\/\/eldigitaldeasturias.com\/magazine365\/category\/noticias-actualidad\/"},{"label":"Huelva rezuma americanismo en la presentaci\u00f3n del 525 aniversario del encuentro entre dos mundos","link":"https:\/\/eldigitaldeasturias.com\/magazine365\/huelva-rezuma-americanismo-en-la-presentacion-del-525-aniversario-del-encuentro-entre-dos-mundos\/"}],"_links":{"self":[{"href":"https:\/\/eldigitaldeasturias.com\/magazine365\/wp-json\/wp\/v2\/posts\/61539","targetHints":{"allow":["GET"]}}],"collection":[{"href":"https:\/\/eldigitaldeasturias.com\/magazine365\/wp-json\/wp\/v2\/posts"}],"about":[{"href":"https:\/\/eldigitaldeasturias.com\/magazine365\/wp-json\/wp\/v2\/types\/post"}],"author":[{"embeddable":true,"href":"https:\/\/eldigitaldeasturias.com\/magazine365\/wp-json\/wp\/v2\/users\/1"}],"replies":[{"embeddable":true,"href":"https:\/\/eldigitaldeasturias.com\/magazine365\/wp-json\/wp\/v2\/comments?post=61539"}],"version-history":[{"count":0,"href":"https:\/\/eldigitaldeasturias.com\/magazine365\/wp-json\/wp\/v2\/posts\/61539\/revisions"}],"wp:featuredmedia":[{"embeddable":true,"href":"https:\/\/eldigitaldeasturias.com\/magazine365\/wp-json\/wp\/v2\/media\/61540"}],"wp:attachment":[{"href":"https:\/\/eldigitaldeasturias.com\/magazine365\/wp-json\/wp\/v2\/media?parent=61539"}],"wp:term":[{"taxonomy":"category","embeddable":true,"href":"https:\/\/eldigitaldeasturias.com\/magazine365\/wp-json\/wp\/v2\/categories?post=61539"},{"taxonomy":"post_tag","embeddable":true,"href":"https:\/\/eldigitaldeasturias.com\/magazine365\/wp-json\/wp\/v2\/tags?post=61539"}],"curies":[{"name":"wp","href":"https:\/\/api.w.org\/{rel}","templated":true}]}}