{"id":61534,"date":"2016-01-22T18:33:46","date_gmt":"2016-01-22T17:33:46","guid":{"rendered":"http:\/\/eldigitaldeasturias.com\/magazine365\/?p=61534"},"modified":"2016-01-22T18:33:46","modified_gmt":"2016-01-22T17:33:46","slug":"cuatro-eventos-a-lo-largo-del-ano-daran-forma-a-siguenzagastronomica","status":"publish","type":"post","link":"https:\/\/eldigitaldeasturias.com\/magazine365\/cuatro-eventos-a-lo-largo-del-ano-daran-forma-a-siguenzagastronomica\/","title":{"rendered":"Cuatro eventos a lo largo del a\u00f1o dar\u00e1n forma a &#8216;Sig\u00fcenzagastron\u00f3mica&#8217;"},"content":{"rendered":"<p><img fetchpriority=\"high\" decoding=\"async\" class=\"alignleft size-medium wp-image-61535\" src=\"https:\/\/eldigitaldeasturias.com\/magazine365\/wp-content\/uploads\/2016\/01\/fotonoticia_20160120224703_800-360x239.jpg\" alt=\"fotonoticia_20160120224703_800\" width=\"360\" height=\"239\" srcset=\"https:\/\/eldigitaldeasturias.com\/magazine365\/wp-content\/uploads\/2016\/01\/fotonoticia_20160120224703_800-360x239.jpg 360w, https:\/\/eldigitaldeasturias.com\/magazine365\/wp-content\/uploads\/2016\/01\/fotonoticia_20160120224703_800-650x431.jpg 650w, https:\/\/eldigitaldeasturias.com\/magazine365\/wp-content\/uploads\/2016\/01\/fotonoticia_20160120224703_800-768x510.jpg 768w, https:\/\/eldigitaldeasturias.com\/magazine365\/wp-content\/uploads\/2016\/01\/fotonoticia_20160120224703_800-150x100.jpg 150w, https:\/\/eldigitaldeasturias.com\/magazine365\/wp-content\/uploads\/2016\/01\/fotonoticia_20160120224703_800-450x299.jpg 450w, https:\/\/eldigitaldeasturias.com\/magazine365\/wp-content\/uploads\/2016\/01\/fotonoticia_20160120224703_800-696x462.jpg 696w, https:\/\/eldigitaldeasturias.com\/magazine365\/wp-content\/uploads\/2016\/01\/fotonoticia_20160120224703_800-633x420.jpg 633w, https:\/\/eldigitaldeasturias.com\/magazine365\/wp-content\/uploads\/2016\/01\/fotonoticia_20160120224703_800-121x79.jpg 121w, https:\/\/eldigitaldeasturias.com\/magazine365\/wp-content\/uploads\/2016\/01\/fotonoticia_20160120224703_800-101x66.jpg 101w, https:\/\/eldigitaldeasturias.com\/magazine365\/wp-content\/uploads\/2016\/01\/fotonoticia_20160120224703_800.jpg 800w\" sizes=\"(max-width: 360px) 100vw, 360px\" \/>El alcalde de Sig\u00fcenza (Guadalajara) y presidente de la Diputaci\u00f3n Provincial de Guadalajara, Jos\u00e9 Manuel Latre, ha presentado este mi\u00e9rcoles en la Feria Internacional de Turismo (Fitur) los cuatro eventos que dar\u00e1n forma a lo largo de este a\u00f1o a &#8216;Sig\u00fcenzagastron\u00f3mica&#8217;.<\/p>\n<p>Latre ha agradecido el esfuerzo de las personas y entidades que se trabajan para ampliar y mejorar la oferta tur\u00edstica seguntina. \u00abUna ciudad sin sus habitantes, no es nada. As\u00ed, Sig\u00fcenza, sin la uni\u00f3n de los seguntinos, nunca podr\u00e1 alcanzar nuevas metas\u00bb, ha valorado destacando la sobresaliente presencia de restauradores en la presentaci\u00f3n de &#8216;Sig\u00fcenzagastron\u00f3mica&#8217;.<\/p>\n<p>&#8216;Sig\u00fcenzagastron\u00f3mica&#8217; inicia su andadura tur\u00edstica en el a\u00f1o 2016 con cuatro eventos, que han sido presentados hoy en FITUR por los cocineros seguntinos Fernando Canfr\u00e1n, Estefan\u00eda Verdes y Alberto de Mingo, Jos\u00e9 Antonio Arranz, Mariano Alcalde, Jorge Maestro y Borja Rup\u00e9rez. Adem\u00e1s de ellos han participado en la presentaci\u00f3n hosteleros Isabel del Amo, Mihaela Solganu, Carmen Rello, Ginger Gonz\u00e1lez, Luis Fernando Garc\u00eda, Miguel Soriano, Mari Carmen Hernando, F\u00e1tima Alguacil, Primitivo Alguacil, Pedro Hombrados, Alvaro Hombrados, Bel\u00e9n L\u00f3pez, Antonio Garc\u00eda, Miguel Angel Nevado, Mar\u00eda Viqueira, Victor Teodosio y Samuel Moreno.<\/p>\n<p>El primero son las &#8216;Jornadas de la Cocina Seguntina&#8217; en las que van a participar la pr\u00e1ctica totalidad de los restaurantes y bares de Sig\u00fcenza. Las jornadas tienen el sobrenombre &#8216;de la tradici\u00f3n a la vanguardia en el coraz\u00f3n de Castilla&#8217;, y se van a celebrar los d\u00edas 20 y 21, 27 y 28 de febrero, y 5 y 6, 12 y 13 de marzo.<\/p>\n<p>Los restaurantes adheridos a estas jornadas elaborar\u00e1n men\u00fas representativos basados en la tradici\u00f3n o con un toque innovador con una base de ingredientes locales como las carnes del cabrito y lechal, carne de caza (perdiz, codorniz, corzo, jabal\u00ed), matanzas, cereales como la espelta, legumbres, truchas. Adem\u00e1s, los bares realizar\u00e1n entre dos o tres pinchos que recojan la tradici\u00f3n de la cocina seguntina. Ese men\u00fa y pinchos quedar\u00e1n editados junto a la foto, la direcci\u00f3n, web y tel\u00e9fono de cada establecimiento en un folleto que se realizar\u00e1 para la celebraci\u00f3n, adem\u00e1s de en las redes sociales del Ayuntamiento de Sig\u00fcenza.<\/p>\n<p>El segundo evento es el Concurso de tapas Medievales &#8216;Santos Garc\u00eda Verdes&#8217; dentro de la Red de Villas y Ciudades Medievales de Espa\u00f1a. Las fechas de celebraci\u00f3n ser\u00e1n el 16 y 17, y 23 y 24 de abril, con el fallo del jurado que se producir\u00e1 el d\u00eda 16 de abril, ha informado el Ayuntamiento en un comunicado.<\/p>\n<p>El concurso de tapas medievales quedar\u00e1 abierto a la participaci\u00f3n de todos los establecimientos de Sig\u00fcenza y su comarca. Se podr\u00e1n utilizar ingredientes que sean anteriores al descubrimiento de Am\u00e9rica. Se conforma un jurado elegido por el Ayuntamiento que visitara y probar\u00e1 las tapas propuestas y elegir\u00e1 un ganador y una serie de premios por diferentes facetas.<\/p>\n<p>JORNADAS DEL FINO<\/p>\n<p>El tercer evento ser\u00e1n las &#8216;Jornadas del Fino Seguntino&#8217;, la bebida de Sig\u00fcenza. Tendr\u00e1n lugar todos los fines de semana del mes de junio. El &#8216;Fino seguntino&#8217; es un coctel que invent\u00f3 el hostelero local Bonifacio Anguita y que se sirve en todas las barras de Sig\u00fcenza. &#8216;Sig\u00fcenzagastron\u00f3mica&#8217; va a rendirle homenaje, no s\u00f3lo a su inventor, sino tambi\u00e9n a lo que representa. Por eso, este evento realzar\u00e1 la figura de Boni Anguita y de todos los hosteleros que en los a\u00f1os 60 y 70 dieron el primer impulso tur\u00edstico a Sig\u00fcenza.<\/p>\n<p>El cuarto y \u00faltimo evento ser\u00e1n las &#8216;Jornadas gastron\u00f3micas micol\u00f3gicas seguntinas&#8217;. Tendr\u00e1n lugar los d\u00edas 22 y 23, 29 y 30 de octubre y 5 y 6, 12 y 13 de noviembre. Cada restaurante y bar de tapas participante elaborar\u00e1 un men\u00fa o pinchos con setas y hongos. Se realizar\u00e1 un folleto con la informaci\u00f3n del restaurante. Se pretende contar para su organizaci\u00f3n con la Asociaci\u00f3n Micol\u00f3gica Seguntina.<\/p>\n","protected":false},"excerpt":{"rendered":"<p>El alcalde de Sig\u00fcenza (Guadalajara) y presidente de la Diputaci\u00f3n Provincial de Guadalajara, Jos\u00e9 Manuel Latre, ha presentado este mi\u00e9rcoles en la Feria Internacional de Turismo (Fitur) los cuatro eventos que dar\u00e1n forma a lo largo de este a\u00f1o a &#8216;Sig\u00fcenzagastron\u00f3mica&#8217;. Latre ha agradecido el esfuerzo de las personas y entidades que se trabajan para<\/p>\n","protected":false},"author":1,"featured_media":61535,"comment_status":"open","ping_status":"closed","sticky":false,"template":"","format":"standard","meta":{"footnotes":""},"categories":[224],"tags":[],"class_list":{"0":"post-61534","1":"post","2":"type-post","3":"status-publish","4":"format-standard","5":"has-post-thumbnail","7":"category-noticias-actualidad"},"aioseo_notices":[],"aioseo_head":"\n\t\t<!-- All in One SEO Pro 4.9.6.1 - aioseo.com -->\n\t<meta name=\"description\" content=\"El alcalde de Sig\u00fcenza (Guadalajara) y presidente de la Diputaci\u00f3n Provincial de Guadalajara, Jos\u00e9 Manuel Latre, ha presentado este mi\u00e9rcoles en la Feria Internacional de Turismo (Fitur) los cuatro eventos que dar\u00e1n forma a lo largo de este a\u00f1o a &#039;Sig\u00fcenzagastron\u00f3mica&#039;. Latre ha agradecido el esfuerzo de las personas y entidades que se trabajan para\" \/>\n\t<meta name=\"robots\" content=\"max-image-preview:large\" \/>\n\t<meta name=\"author\" content=\"admin\"\/>\n\t<meta name=\"google-site-verification\" content=\"UA-38556648-1\" \/>\n\t<meta name=\"keywords\" content=\"noticias y actualidad\" \/>\n\t<link rel=\"canonical\" href=\"https:\/\/eldigitaldeasturias.com\/magazine365\/cuatro-eventos-a-lo-largo-del-ano-daran-forma-a-siguenzagastronomica\/\" \/>\n\t<meta name=\"generator\" content=\"All in One SEO Pro (AIOSEO) 4.9.6.1\" \/>\n\t\t<meta property=\"og:locale\" content=\"es_ES\" \/>\n\t\t<meta property=\"og:site_name\" content=\"El Digital de Asturias \u2013 Revista de ocio, turismo y estilo de vida\" \/>\n\t\t<meta property=\"og:type\" content=\"article\" \/>\n\t\t<meta property=\"og:title\" content=\"Cuatro eventos a lo largo del a\u00f1o dar\u00e1n forma a \u2018Sig\u00fcenzagastron\u00f3mica\u2019 | El Digital de Asturias\" \/>\n\t\t<meta property=\"og:description\" content=\"El alcalde de Sig\u00fcenza (Guadalajara) y presidente de la Diputaci\u00f3n Provincial de Guadalajara, Jos\u00e9 Manuel Latre, ha presentado este mi\u00e9rcoles en la Feria Internacional de Turismo (Fitur) los cuatro eventos que dar\u00e1n forma a lo largo de este a\u00f1o a &#039;Sig\u00fcenzagastron\u00f3mica&#039;. Latre ha agradecido el esfuerzo de las personas y entidades que se trabajan para\" \/>\n\t\t<meta property=\"og:url\" content=\"https:\/\/eldigitaldeasturias.com\/magazine365\/cuatro-eventos-a-lo-largo-del-ano-daran-forma-a-siguenzagastronomica\/\" \/>\n\t\t<meta property=\"og:image\" content=\"https:\/\/eldigitaldeasturias.com\/magazine365\/wp-content\/uploads\/2016\/01\/fotonoticia_20160120224703_800.jpg\" \/>\n\t\t<meta property=\"og:image:secure_url\" content=\"https:\/\/eldigitaldeasturias.com\/magazine365\/wp-content\/uploads\/2016\/01\/fotonoticia_20160120224703_800.jpg\" \/>\n\t\t<meta property=\"og:image:width\" content=\"800\" \/>\n\t\t<meta property=\"og:image:height\" content=\"531\" \/>\n\t\t<meta property=\"article:published_time\" content=\"2016-01-22T17:33:46+00:00\" \/>\n\t\t<meta property=\"article:modified_time\" content=\"2016-01-22T17:33:46+00:00\" \/>\n\t\t<meta name=\"twitter:card\" content=\"summary_large_image\" \/>\n\t\t<meta name=\"twitter:title\" content=\"Cuatro eventos a lo largo del a\u00f1o dar\u00e1n forma a \u2018Sig\u00fcenzagastron\u00f3mica\u2019 | El Digital de Asturias\" \/>\n\t\t<meta name=\"twitter:description\" content=\"El alcalde de Sig\u00fcenza (Guadalajara) y presidente de la Diputaci\u00f3n Provincial de Guadalajara, Jos\u00e9 Manuel Latre, ha presentado este mi\u00e9rcoles en la Feria Internacional de Turismo (Fitur) los cuatro eventos que dar\u00e1n forma a lo largo de este a\u00f1o a &#039;Sig\u00fcenzagastron\u00f3mica&#039;. Latre ha agradecido el esfuerzo de las personas y entidades que se trabajan para\" \/>\n\t\t<meta name=\"twitter:image\" content=\"https:\/\/eldigitaldeasturias.com\/magazine365\/wp-content\/uploads\/2016\/01\/fotonoticia_20160120224703_800.jpg\" \/>\n\t\t<script type=\"application\/ld+json\" class=\"aioseo-schema\">\n\t\t\t{\"@context\":\"https:\\\/\\\/schema.org\",\"@graph\":[{\"@type\":\"Article\",\"@id\":\"https:\\\/\\\/eldigitaldeasturias.com\\\/magazine365\\\/cuatro-eventos-a-lo-largo-del-ano-daran-forma-a-siguenzagastronomica\\\/#article\",\"name\":\"Cuatro eventos a lo largo del a\\u00f1o dar\\u00e1n forma a \\u2018Sig\\u00fcenzagastron\\u00f3mica\\u2019 | El Digital de Asturias\",\"headline\":\"Cuatro eventos a lo largo del a\\u00f1o dar\\u00e1n forma a &#8216;Sig\\u00fcenzagastron\\u00f3mica&#8217;\",\"author\":{\"@id\":\"https:\\\/\\\/eldigitaldeasturias.com\\\/magazine365\\\/author\\\/admin\\\/#author\"},\"publisher\":{\"@id\":\"https:\\\/\\\/eldigitaldeasturias.com\\\/magazine365\\\/#organization\"},\"image\":{\"@type\":\"ImageObject\",\"url\":\"https:\\\/\\\/eldigitaldeasturias.com\\\/magazine365\\\/wp-content\\\/uploads\\\/2016\\\/01\\\/fotonoticia_20160120224703_800.jpg\",\"width\":800,\"height\":531},\"datePublished\":\"2016-01-22T18:33:46+01:00\",\"dateModified\":\"2016-01-22T18:33:46+01:00\",\"inLanguage\":\"es-ES\",\"mainEntityOfPage\":{\"@id\":\"https:\\\/\\\/eldigitaldeasturias.com\\\/magazine365\\\/cuatro-eventos-a-lo-largo-del-ano-daran-forma-a-siguenzagastronomica\\\/#webpage\"},\"isPartOf\":{\"@id\":\"https:\\\/\\\/eldigitaldeasturias.com\\\/magazine365\\\/cuatro-eventos-a-lo-largo-del-ano-daran-forma-a-siguenzagastronomica\\\/#webpage\"},\"articleSection\":\"Noticias y Actualidad\"},{\"@type\":\"BreadcrumbList\",\"@id\":\"https:\\\/\\\/eldigitaldeasturias.com\\\/magazine365\\\/cuatro-eventos-a-lo-largo-del-ano-daran-forma-a-siguenzagastronomica\\\/#breadcrumblist\",\"itemListElement\":[{\"@type\":\"ListItem\",\"@id\":\"https:\\\/\\\/eldigitaldeasturias.com\\\/magazine365#listItem\",\"position\":1,\"name\":\"Home\",\"item\":\"https:\\\/\\\/eldigitaldeasturias.com\\\/magazine365\",\"nextItem\":{\"@type\":\"ListItem\",\"@id\":\"https:\\\/\\\/eldigitaldeasturias.com\\\/magazine365\\\/category\\\/noticias-actualidad\\\/#listItem\",\"name\":\"Noticias y Actualidad\"}},{\"@type\":\"ListItem\",\"@id\":\"https:\\\/\\\/eldigitaldeasturias.com\\\/magazine365\\\/category\\\/noticias-actualidad\\\/#listItem\",\"position\":2,\"name\":\"Noticias y Actualidad\",\"item\":\"https:\\\/\\\/eldigitaldeasturias.com\\\/magazine365\\\/category\\\/noticias-actualidad\\\/\",\"nextItem\":{\"@type\":\"ListItem\",\"@id\":\"https:\\\/\\\/eldigitaldeasturias.com\\\/magazine365\\\/cuatro-eventos-a-lo-largo-del-ano-daran-forma-a-siguenzagastronomica\\\/#listItem\",\"name\":\"Cuatro eventos a lo largo del a\\u00f1o dar\\u00e1n forma a &#8216;Sig\\u00fcenzagastron\\u00f3mica&#8217;\"},\"previousItem\":{\"@type\":\"ListItem\",\"@id\":\"https:\\\/\\\/eldigitaldeasturias.com\\\/magazine365#listItem\",\"name\":\"Home\"}},{\"@type\":\"ListItem\",\"@id\":\"https:\\\/\\\/eldigitaldeasturias.com\\\/magazine365\\\/cuatro-eventos-a-lo-largo-del-ano-daran-forma-a-siguenzagastronomica\\\/#listItem\",\"position\":3,\"name\":\"Cuatro eventos a lo largo del a\\u00f1o dar\\u00e1n forma a &#8216;Sig\\u00fcenzagastron\\u00f3mica&#8217;\",\"previousItem\":{\"@type\":\"ListItem\",\"@id\":\"https:\\\/\\\/eldigitaldeasturias.com\\\/magazine365\\\/category\\\/noticias-actualidad\\\/#listItem\",\"name\":\"Noticias y Actualidad\"}}]},{\"@type\":\"Organization\",\"@id\":\"https:\\\/\\\/eldigitaldeasturias.com\\\/magazine365\\\/#organization\",\"name\":\"El digital de Asturias\",\"description\":\"Revista de ocio, turismo y estilo de vida\",\"url\":\"https:\\\/\\\/eldigitaldeasturias.com\\\/magazine365\\\/\",\"logo\":{\"@type\":\"ImageObject\",\"url\":\"https:\\\/\\\/www.eldigitaldeasturias.com\\\/noticias\\\/wp-content\\\/uploads\\\/2020\\\/12\\\/EDA.jpg\",\"@id\":\"https:\\\/\\\/eldigitaldeasturias.com\\\/magazine365\\\/cuatro-eventos-a-lo-largo-del-ano-daran-forma-a-siguenzagastronomica\\\/#organizationLogo\"},\"image\":{\"@id\":\"https:\\\/\\\/eldigitaldeasturias.com\\\/magazine365\\\/cuatro-eventos-a-lo-largo-del-ano-daran-forma-a-siguenzagastronomica\\\/#organizationLogo\"}},{\"@type\":\"Person\",\"@id\":\"https:\\\/\\\/eldigitaldeasturias.com\\\/magazine365\\\/author\\\/admin\\\/#author\",\"url\":\"https:\\\/\\\/eldigitaldeasturias.com\\\/magazine365\\\/author\\\/admin\\\/\",\"name\":\"admin\",\"image\":{\"@type\":\"ImageObject\",\"@id\":\"https:\\\/\\\/eldigitaldeasturias.com\\\/magazine365\\\/cuatro-eventos-a-lo-largo-del-ano-daran-forma-a-siguenzagastronomica\\\/#authorImage\",\"url\":\"https:\\\/\\\/eldigitaldeasturias.com\\\/magazine365\\\/wp-content\\\/litespeed\\\/avatar\\\/e571bcf59a0edd6fa6838245a470f2fe.jpg?ver=1776969259\",\"width\":96,\"height\":96,\"caption\":\"admin\"}},{\"@type\":\"WebPage\",\"@id\":\"https:\\\/\\\/eldigitaldeasturias.com\\\/magazine365\\\/cuatro-eventos-a-lo-largo-del-ano-daran-forma-a-siguenzagastronomica\\\/#webpage\",\"url\":\"https:\\\/\\\/eldigitaldeasturias.com\\\/magazine365\\\/cuatro-eventos-a-lo-largo-del-ano-daran-forma-a-siguenzagastronomica\\\/\",\"name\":\"Cuatro eventos a lo largo del a\\u00f1o dar\\u00e1n forma a \\u2018Sig\\u00fcenzagastron\\u00f3mica\\u2019 | El Digital de Asturias\",\"description\":\"El alcalde de Sig\\u00fcenza (Guadalajara) y presidente de la Diputaci\\u00f3n Provincial de Guadalajara, Jos\\u00e9 Manuel Latre, ha presentado este mi\\u00e9rcoles en la Feria Internacional de Turismo (Fitur) los cuatro eventos que dar\\u00e1n forma a lo largo de este a\\u00f1o a 'Sig\\u00fcenzagastron\\u00f3mica'. Latre ha agradecido el esfuerzo de las personas y entidades que se trabajan para\",\"inLanguage\":\"es-ES\",\"isPartOf\":{\"@id\":\"https:\\\/\\\/eldigitaldeasturias.com\\\/magazine365\\\/#website\"},\"breadcrumb\":{\"@id\":\"https:\\\/\\\/eldigitaldeasturias.com\\\/magazine365\\\/cuatro-eventos-a-lo-largo-del-ano-daran-forma-a-siguenzagastronomica\\\/#breadcrumblist\"},\"author\":{\"@id\":\"https:\\\/\\\/eldigitaldeasturias.com\\\/magazine365\\\/author\\\/admin\\\/#author\"},\"creator\":{\"@id\":\"https:\\\/\\\/eldigitaldeasturias.com\\\/magazine365\\\/author\\\/admin\\\/#author\"},\"image\":{\"@type\":\"ImageObject\",\"url\":\"https:\\\/\\\/eldigitaldeasturias.com\\\/magazine365\\\/wp-content\\\/uploads\\\/2016\\\/01\\\/fotonoticia_20160120224703_800.jpg\",\"@id\":\"https:\\\/\\\/eldigitaldeasturias.com\\\/magazine365\\\/cuatro-eventos-a-lo-largo-del-ano-daran-forma-a-siguenzagastronomica\\\/#mainImage\",\"width\":800,\"height\":531},\"primaryImageOfPage\":{\"@id\":\"https:\\\/\\\/eldigitaldeasturias.com\\\/magazine365\\\/cuatro-eventos-a-lo-largo-del-ano-daran-forma-a-siguenzagastronomica\\\/#mainImage\"},\"datePublished\":\"2016-01-22T18:33:46+01:00\",\"dateModified\":\"2016-01-22T18:33:46+01:00\"},{\"@type\":\"WebSite\",\"@id\":\"https:\\\/\\\/eldigitaldeasturias.com\\\/magazine365\\\/#website\",\"url\":\"https:\\\/\\\/eldigitaldeasturias.com\\\/magazine365\\\/\",\"name\":\"El Digital de Asturias\",\"description\":\"Revista de ocio, turismo y estilo de vida\",\"inLanguage\":\"es-ES\",\"publisher\":{\"@id\":\"https:\\\/\\\/eldigitaldeasturias.com\\\/magazine365\\\/#organization\"}}]}\n\t\t<\/script>\n\t\t<!-- All in One SEO Pro -->\r\n\t\t<title>Cuatro eventos a lo largo del a\u00f1o dar\u00e1n forma a \u2018Sig\u00fcenzagastron\u00f3mica\u2019 | El Digital de Asturias<\/title>\n\n","aioseo_head_json":{"title":"Cuatro eventos a lo largo del a\u00f1o dar\u00e1n forma a \u2018Sig\u00fcenzagastron\u00f3mica\u2019 | El Digital de Asturias","description":"El alcalde de Sig\u00fcenza (Guadalajara) y presidente de la Diputaci\u00f3n Provincial de Guadalajara, Jos\u00e9 Manuel Latre, ha presentado este mi\u00e9rcoles en la Feria Internacional de Turismo (Fitur) los cuatro eventos que dar\u00e1n forma a lo largo de este a\u00f1o a 'Sig\u00fcenzagastron\u00f3mica'. Latre ha agradecido el esfuerzo de las personas y entidades que se trabajan para","canonical_url":"https:\/\/eldigitaldeasturias.com\/magazine365\/cuatro-eventos-a-lo-largo-del-ano-daran-forma-a-siguenzagastronomica\/","robots":"max-image-preview:large","keywords":"noticias y actualidad","webmasterTools":{"google-site-verification":"UA-38556648-1","miscellaneous":""},"schema":{"@context":"https:\/\/schema.org","@graph":[{"@type":"Article","@id":"https:\/\/eldigitaldeasturias.com\/magazine365\/cuatro-eventos-a-lo-largo-del-ano-daran-forma-a-siguenzagastronomica\/#article","name":"Cuatro eventos a lo largo del a\u00f1o dar\u00e1n forma a \u2018Sig\u00fcenzagastron\u00f3mica\u2019 | El Digital de Asturias","headline":"Cuatro eventos a lo largo del a\u00f1o dar\u00e1n forma a &#8216;Sig\u00fcenzagastron\u00f3mica&#8217;","author":{"@id":"https:\/\/eldigitaldeasturias.com\/magazine365\/author\/admin\/#author"},"publisher":{"@id":"https:\/\/eldigitaldeasturias.com\/magazine365\/#organization"},"image":{"@type":"ImageObject","url":"https:\/\/eldigitaldeasturias.com\/magazine365\/wp-content\/uploads\/2016\/01\/fotonoticia_20160120224703_800.jpg","width":800,"height":531},"datePublished":"2016-01-22T18:33:46+01:00","dateModified":"2016-01-22T18:33:46+01:00","inLanguage":"es-ES","mainEntityOfPage":{"@id":"https:\/\/eldigitaldeasturias.com\/magazine365\/cuatro-eventos-a-lo-largo-del-ano-daran-forma-a-siguenzagastronomica\/#webpage"},"isPartOf":{"@id":"https:\/\/eldigitaldeasturias.com\/magazine365\/cuatro-eventos-a-lo-largo-del-ano-daran-forma-a-siguenzagastronomica\/#webpage"},"articleSection":"Noticias y Actualidad"},{"@type":"BreadcrumbList","@id":"https:\/\/eldigitaldeasturias.com\/magazine365\/cuatro-eventos-a-lo-largo-del-ano-daran-forma-a-siguenzagastronomica\/#breadcrumblist","itemListElement":[{"@type":"ListItem","@id":"https:\/\/eldigitaldeasturias.com\/magazine365#listItem","position":1,"name":"Home","item":"https:\/\/eldigitaldeasturias.com\/magazine365","nextItem":{"@type":"ListItem","@id":"https:\/\/eldigitaldeasturias.com\/magazine365\/category\/noticias-actualidad\/#listItem","name":"Noticias y Actualidad"}},{"@type":"ListItem","@id":"https:\/\/eldigitaldeasturias.com\/magazine365\/category\/noticias-actualidad\/#listItem","position":2,"name":"Noticias y Actualidad","item":"https:\/\/eldigitaldeasturias.com\/magazine365\/category\/noticias-actualidad\/","nextItem":{"@type":"ListItem","@id":"https:\/\/eldigitaldeasturias.com\/magazine365\/cuatro-eventos-a-lo-largo-del-ano-daran-forma-a-siguenzagastronomica\/#listItem","name":"Cuatro eventos a lo largo del a\u00f1o dar\u00e1n forma a &#8216;Sig\u00fcenzagastron\u00f3mica&#8217;"},"previousItem":{"@type":"ListItem","@id":"https:\/\/eldigitaldeasturias.com\/magazine365#listItem","name":"Home"}},{"@type":"ListItem","@id":"https:\/\/eldigitaldeasturias.com\/magazine365\/cuatro-eventos-a-lo-largo-del-ano-daran-forma-a-siguenzagastronomica\/#listItem","position":3,"name":"Cuatro eventos a lo largo del a\u00f1o dar\u00e1n forma a &#8216;Sig\u00fcenzagastron\u00f3mica&#8217;","previousItem":{"@type":"ListItem","@id":"https:\/\/eldigitaldeasturias.com\/magazine365\/category\/noticias-actualidad\/#listItem","name":"Noticias y Actualidad"}}]},{"@type":"Organization","@id":"https:\/\/eldigitaldeasturias.com\/magazine365\/#organization","name":"El digital de Asturias","description":"Revista de ocio, turismo y estilo de vida","url":"https:\/\/eldigitaldeasturias.com\/magazine365\/","logo":{"@type":"ImageObject","url":"https:\/\/www.eldigitaldeasturias.com\/noticias\/wp-content\/uploads\/2020\/12\/EDA.jpg","@id":"https:\/\/eldigitaldeasturias.com\/magazine365\/cuatro-eventos-a-lo-largo-del-ano-daran-forma-a-siguenzagastronomica\/#organizationLogo"},"image":{"@id":"https:\/\/eldigitaldeasturias.com\/magazine365\/cuatro-eventos-a-lo-largo-del-ano-daran-forma-a-siguenzagastronomica\/#organizationLogo"}},{"@type":"Person","@id":"https:\/\/eldigitaldeasturias.com\/magazine365\/author\/admin\/#author","url":"https:\/\/eldigitaldeasturias.com\/magazine365\/author\/admin\/","name":"admin","image":{"@type":"ImageObject","@id":"https:\/\/eldigitaldeasturias.com\/magazine365\/cuatro-eventos-a-lo-largo-del-ano-daran-forma-a-siguenzagastronomica\/#authorImage","url":"https:\/\/eldigitaldeasturias.com\/magazine365\/wp-content\/litespeed\/avatar\/e571bcf59a0edd6fa6838245a470f2fe.jpg?ver=1776969259","width":96,"height":96,"caption":"admin"}},{"@type":"WebPage","@id":"https:\/\/eldigitaldeasturias.com\/magazine365\/cuatro-eventos-a-lo-largo-del-ano-daran-forma-a-siguenzagastronomica\/#webpage","url":"https:\/\/eldigitaldeasturias.com\/magazine365\/cuatro-eventos-a-lo-largo-del-ano-daran-forma-a-siguenzagastronomica\/","name":"Cuatro eventos a lo largo del a\u00f1o dar\u00e1n forma a \u2018Sig\u00fcenzagastron\u00f3mica\u2019 | El Digital de Asturias","description":"El alcalde de Sig\u00fcenza (Guadalajara) y presidente de la Diputaci\u00f3n Provincial de Guadalajara, Jos\u00e9 Manuel Latre, ha presentado este mi\u00e9rcoles en la Feria Internacional de Turismo (Fitur) los cuatro eventos que dar\u00e1n forma a lo largo de este a\u00f1o a 'Sig\u00fcenzagastron\u00f3mica'. Latre ha agradecido el esfuerzo de las personas y entidades que se trabajan para","inLanguage":"es-ES","isPartOf":{"@id":"https:\/\/eldigitaldeasturias.com\/magazine365\/#website"},"breadcrumb":{"@id":"https:\/\/eldigitaldeasturias.com\/magazine365\/cuatro-eventos-a-lo-largo-del-ano-daran-forma-a-siguenzagastronomica\/#breadcrumblist"},"author":{"@id":"https:\/\/eldigitaldeasturias.com\/magazine365\/author\/admin\/#author"},"creator":{"@id":"https:\/\/eldigitaldeasturias.com\/magazine365\/author\/admin\/#author"},"image":{"@type":"ImageObject","url":"https:\/\/eldigitaldeasturias.com\/magazine365\/wp-content\/uploads\/2016\/01\/fotonoticia_20160120224703_800.jpg","@id":"https:\/\/eldigitaldeasturias.com\/magazine365\/cuatro-eventos-a-lo-largo-del-ano-daran-forma-a-siguenzagastronomica\/#mainImage","width":800,"height":531},"primaryImageOfPage":{"@id":"https:\/\/eldigitaldeasturias.com\/magazine365\/cuatro-eventos-a-lo-largo-del-ano-daran-forma-a-siguenzagastronomica\/#mainImage"},"datePublished":"2016-01-22T18:33:46+01:00","dateModified":"2016-01-22T18:33:46+01:00"},{"@type":"WebSite","@id":"https:\/\/eldigitaldeasturias.com\/magazine365\/#website","url":"https:\/\/eldigitaldeasturias.com\/magazine365\/","name":"El Digital de Asturias","description":"Revista de ocio, turismo y estilo de vida","inLanguage":"es-ES","publisher":{"@id":"https:\/\/eldigitaldeasturias.com\/magazine365\/#organization"}}]},"og:locale":"es_ES","og:site_name":"El Digital de Asturias \u2013 Revista de ocio, turismo y estilo de vida","og:type":"article","og:title":"Cuatro eventos a lo largo del a\u00f1o dar\u00e1n forma a \u2018Sig\u00fcenzagastron\u00f3mica\u2019 | El Digital de Asturias","og:description":"El alcalde de Sig\u00fcenza (Guadalajara) y presidente de la Diputaci\u00f3n Provincial de Guadalajara, Jos\u00e9 Manuel Latre, ha presentado este mi\u00e9rcoles en la Feria Internacional de Turismo (Fitur) los cuatro eventos que dar\u00e1n forma a lo largo de este a\u00f1o a 'Sig\u00fcenzagastron\u00f3mica'. Latre ha agradecido el esfuerzo de las personas y entidades que se trabajan para","og:url":"https:\/\/eldigitaldeasturias.com\/magazine365\/cuatro-eventos-a-lo-largo-del-ano-daran-forma-a-siguenzagastronomica\/","og:image":"https:\/\/eldigitaldeasturias.com\/magazine365\/wp-content\/uploads\/2016\/01\/fotonoticia_20160120224703_800.jpg","og:image:secure_url":"https:\/\/eldigitaldeasturias.com\/magazine365\/wp-content\/uploads\/2016\/01\/fotonoticia_20160120224703_800.jpg","og:image:width":800,"og:image:height":531,"article:published_time":"2016-01-22T17:33:46+00:00","article:modified_time":"2016-01-22T17:33:46+00:00","twitter:card":"summary_large_image","twitter:title":"Cuatro eventos a lo largo del a\u00f1o dar\u00e1n forma a \u2018Sig\u00fcenzagastron\u00f3mica\u2019 | El Digital de Asturias","twitter:description":"El alcalde de Sig\u00fcenza (Guadalajara) y presidente de la Diputaci\u00f3n Provincial de Guadalajara, Jos\u00e9 Manuel Latre, ha presentado este mi\u00e9rcoles en la Feria Internacional de Turismo (Fitur) los cuatro eventos que dar\u00e1n forma a lo largo de este a\u00f1o a 'Sig\u00fcenzagastron\u00f3mica'. Latre ha agradecido el esfuerzo de las personas y entidades que se trabajan para","twitter:image":"https:\/\/eldigitaldeasturias.com\/magazine365\/wp-content\/uploads\/2016\/01\/fotonoticia_20160120224703_800.jpg"},"aioseo_meta_data":{"post_id":"61534","title":null,"description":null,"keywords":null,"keyphrases":null,"primary_term":null,"canonical_url":null,"og_title":null,"og_description":null,"og_object_type":"default","og_image_type":"default","og_image_url":null,"og_image_width":null,"og_image_height":null,"og_image_custom_url":null,"og_image_custom_fields":null,"og_video":null,"og_custom_url":null,"og_article_section":null,"og_article_tags":null,"twitter_use_og":false,"twitter_card":"default","twitter_image_type":"default","twitter_image_url":null,"twitter_image_custom_url":null,"twitter_image_custom_fields":null,"twitter_title":null,"twitter_description":null,"schema":{"blockGraphs":[],"customGraphs":[],"default":{"data":{"Article":[],"Course":[],"Dataset":[],"FAQPage":[],"Movie":[],"Person":[],"Product":[],"ProductReview":[],"Car":[],"Recipe":[],"Service":[],"SoftwareApplication":[],"WebPage":[]},"graphName":"","isEnabled":true},"graphs":[],"defaultGraph":"","defaultPostTypeGraph":""},"schema_type":null,"schema_type_options":null,"pillar_content":false,"robots_default":true,"robots_noindex":false,"robots_noarchive":false,"robots_nosnippet":false,"robots_nofollow":false,"robots_noimageindex":false,"robots_noodp":false,"robots_notranslate":false,"robots_max_snippet":null,"robots_max_videopreview":null,"robots_max_imagepreview":"large","priority":null,"frequency":null,"location":null,"local_seo":null,"seo_analyzer_scan_date":"2025-09-25 09:10:04","breadcrumb_settings":null,"limit_modified_date":false,"open_ai":null,"ai":null,"created":"2021-03-08 15:25:29","updated":"2025-09-25 09:10:04"},"aioseo_breadcrumb":"<div class=\"aioseo-breadcrumbs\"><span class=\"aioseo-breadcrumb\">\n\t<a href=\"https:\/\/eldigitaldeasturias.com\/magazine365\" title=\"Home\">Home<\/a>\n<\/span><span class=\"aioseo-breadcrumb-separator\">\u2013<\/span><span class=\"aioseo-breadcrumb\">\n\t<a href=\"https:\/\/eldigitaldeasturias.com\/magazine365\/category\/noticias-actualidad\/\" title=\"Noticias y Actualidad\">Noticias y Actualidad<\/a>\n<\/span><span class=\"aioseo-breadcrumb-separator\">\u2013<\/span><span class=\"aioseo-breadcrumb\">\n\t<a href=\"https:\/\/eldigitaldeasturias.com\/magazine365\/cuatro-eventos-a-lo-largo-del-ano-daran-forma-a-siguenzagastronomica\/\" title=\"Cuatro eventos a lo largo del a\u00f1o dar\u00e1n forma a \u2018Sig\u00fcenzagastron\u00f3mica\u2019\">Cuatro eventos a lo largo del a\u00f1o dar\u00e1n forma a \u2018Sig\u00fcenzagastron\u00f3mica\u2019<\/a>\n<\/span><\/div>","aioseo_breadcrumb_json":[{"label":"Home","link":"https:\/\/eldigitaldeasturias.com\/magazine365"},{"label":"Noticias y Actualidad","link":"https:\/\/eldigitaldeasturias.com\/magazine365\/category\/noticias-actualidad\/"},{"label":"Cuatro eventos a lo largo del a\u00f1o dar\u00e1n forma a &#8216;Sig\u00fcenzagastron\u00f3mica&#8217;","link":"https:\/\/eldigitaldeasturias.com\/magazine365\/cuatro-eventos-a-lo-largo-del-ano-daran-forma-a-siguenzagastronomica\/"}],"_links":{"self":[{"href":"https:\/\/eldigitaldeasturias.com\/magazine365\/wp-json\/wp\/v2\/posts\/61534","targetHints":{"allow":["GET"]}}],"collection":[{"href":"https:\/\/eldigitaldeasturias.com\/magazine365\/wp-json\/wp\/v2\/posts"}],"about":[{"href":"https:\/\/eldigitaldeasturias.com\/magazine365\/wp-json\/wp\/v2\/types\/post"}],"author":[{"embeddable":true,"href":"https:\/\/eldigitaldeasturias.com\/magazine365\/wp-json\/wp\/v2\/users\/1"}],"replies":[{"embeddable":true,"href":"https:\/\/eldigitaldeasturias.com\/magazine365\/wp-json\/wp\/v2\/comments?post=61534"}],"version-history":[{"count":0,"href":"https:\/\/eldigitaldeasturias.com\/magazine365\/wp-json\/wp\/v2\/posts\/61534\/revisions"}],"wp:featuredmedia":[{"embeddable":true,"href":"https:\/\/eldigitaldeasturias.com\/magazine365\/wp-json\/wp\/v2\/media\/61535"}],"wp:attachment":[{"href":"https:\/\/eldigitaldeasturias.com\/magazine365\/wp-json\/wp\/v2\/media?parent=61534"}],"wp:term":[{"taxonomy":"category","embeddable":true,"href":"https:\/\/eldigitaldeasturias.com\/magazine365\/wp-json\/wp\/v2\/categories?post=61534"},{"taxonomy":"post_tag","embeddable":true,"href":"https:\/\/eldigitaldeasturias.com\/magazine365\/wp-json\/wp\/v2\/tags?post=61534"}],"curies":[{"name":"wp","href":"https:\/\/api.w.org\/{rel}","templated":true}]}}