{"id":61528,"date":"2016-01-22T18:31:45","date_gmt":"2016-01-22T17:31:45","guid":{"rendered":"http:\/\/eldigitaldeasturias.com\/magazine365\/?p=61528"},"modified":"2016-01-22T18:31:45","modified_gmt":"2016-01-22T17:31:45","slug":"iag-lufthansa-ryanair-easyjet-y-air-france-klm-se-alian-en-airlines-for-europe","status":"publish","type":"post","link":"https:\/\/eldigitaldeasturias.com\/magazine365\/iag-lufthansa-ryanair-easyjet-y-air-france-klm-se-alian-en-airlines-for-europe\/","title":{"rendered":"IAG, Lufthansa, Ryanair, easyJet y Air France-KLM se al\u00edan en Airlines for Europe"},"content":{"rendered":"<p><img fetchpriority=\"high\" decoding=\"async\" class=\"alignleft size-medium wp-image-61529\" src=\"https:\/\/eldigitaldeasturias.com\/magazine365\/wp-content\/uploads\/2016\/01\/fotonoticia_20160120204506_800-360x270.jpg\" alt=\"fotonoticia_20160120204506_800\" width=\"360\" height=\"270\" srcset=\"https:\/\/eldigitaldeasturias.com\/magazine365\/wp-content\/uploads\/2016\/01\/fotonoticia_20160120204506_800-360x270.jpg 360w, https:\/\/eldigitaldeasturias.com\/magazine365\/wp-content\/uploads\/2016\/01\/fotonoticia_20160120204506_800-650x488.jpg 650w, https:\/\/eldigitaldeasturias.com\/magazine365\/wp-content\/uploads\/2016\/01\/fotonoticia_20160120204506_800-768x576.jpg 768w, https:\/\/eldigitaldeasturias.com\/magazine365\/wp-content\/uploads\/2016\/01\/fotonoticia_20160120204506_800-150x113.jpg 150w, https:\/\/eldigitaldeasturias.com\/magazine365\/wp-content\/uploads\/2016\/01\/fotonoticia_20160120204506_800-450x338.jpg 450w, https:\/\/eldigitaldeasturias.com\/magazine365\/wp-content\/uploads\/2016\/01\/fotonoticia_20160120204506_800-80x60.jpg 80w, https:\/\/eldigitaldeasturias.com\/magazine365\/wp-content\/uploads\/2016\/01\/fotonoticia_20160120204506_800-265x198.jpg 265w, https:\/\/eldigitaldeasturias.com\/magazine365\/wp-content\/uploads\/2016\/01\/fotonoticia_20160120204506_800-696x522.jpg 696w, https:\/\/eldigitaldeasturias.com\/magazine365\/wp-content\/uploads\/2016\/01\/fotonoticia_20160120204506_800-560x420.jpg 560w, https:\/\/eldigitaldeasturias.com\/magazine365\/wp-content\/uploads\/2016\/01\/fotonoticia_20160120204506_800-90x67.jpg 90w, https:\/\/eldigitaldeasturias.com\/magazine365\/wp-content\/uploads\/2016\/01\/fotonoticia_20160120204506_800-164x124.jpg 164w, https:\/\/eldigitaldeasturias.com\/magazine365\/wp-content\/uploads\/2016\/01\/fotonoticia_20160120204506_800-100x75.jpg 100w, https:\/\/eldigitaldeasturias.com\/magazine365\/wp-content\/uploads\/2016\/01\/fotonoticia_20160120204506_800.jpg 800w\" sizes=\"(max-width: 360px) 100vw, 360px\" \/>Los grupos a\u00e9reos IAG, Lufthansa, Ryanair, easyJet y Air France-KLM han constituido este mi\u00e9rcoles Airlines for Europe (A4E), un nuevo &#8216;lobby&#8217;, cuyo director ser\u00e1 Thomas Reynaert, para influir \u00abcon una sola voz\u00bb en el desarrollo de la nueva estrategia de aviaci\u00f3n de la UE y conseguir incrementar la competitividad del sector, reduciendo las tarifas y otorgando m\u00e1s oportunidades a los pasajeros.<\/p>\n<p>Esta alianza hist\u00f3rica entre los cinco mayores grupos a\u00e9reos de Europa tiene como objetivo defender los intereses comunes de sus miembros &#8211;esperan que se incorporen m\u00e1s aerol\u00edneas en los pr\u00f3ximos seis meses&#8211; ante la Comisi\u00f3n Europea y dem\u00e1s organismos internacionales.<\/p>\n<p>IAG, Lufthansa, Ryanair, easyJet y Air France-KLM, que mueven m\u00e1s del 50% de los pasajeros en la regi\u00f3n (420 millones al a\u00f1o), reclaman al Ejecutivo comunitario que \u00ablegisle\u00bb para reducir los costes aeroportuarios y proponen un sistema de caja \u00fanico para cada aeropuerto.<\/p>\n<p>Los consejeros delegados de los cinco grupos, Willie Walsh (IAG) Carsten Spohr (Lufthansa), Michael O&#8217;Leary (Ryanair), Carolyn McCall (easyJet) y Alexandre de Juniac (Air France-KLM), se han reunido en \u00c1msterdam, ante la comisaria europea de Transportes, Violeta Bulc, para proclamar la necesidad de actuar contra los monopolios aeroportuarios, las altas tasas, y las ineficiencias del sector.<\/p>\n<p>\u00abACTUAR CON UNA SOLA VOZ\u00bb.<\/p>\n<p>\u00abActuaremos con una sola voz, Airlines for Europe se ha establecido para influir en las decisiones a nivel europeo, estamos completamente unidos para que la industria de la aviaci\u00f3n hable muy claro y que nuestro mensaje no pierda inter\u00e9s\u00bb, ha se\u00f1alado Walsh.<\/p>\n<p>Asimismo, Spohr ha incidido en que con esta uni\u00f3n los cinco grupos dejaran atr\u00e1s sus \u00abintereses individuales\u00bb para formar parte de la nueva estrategia de la UE. \u00abOtras industrias no tienen tanto impacto como nosotros, es muy positivo estar aqu\u00ed con una sola voz\u00bb ha reiterado.<\/p>\n<p>Adem\u00e1s, los miembros del grupo han invitado a que m\u00e1s aerol\u00edneas se unan al nuevo &#8216;lobby&#8217; europeo en los pr\u00f3ximos seis meses, periodo de tiempo en el que esperan que se puedan ver algunos cambios. \u00abLa ventaja de unirse a Airlines For Europe es que las decisiones de la UE afectan a todas las aerol\u00edneas, por eso es mejor estar juntos\u00bb, ha defendido Walsh.<\/p>\n<p>ACABAR CON HUELGAS DE CONTROLADORES.<\/p>\n<p>Entre las reivindicaciones del grupo destaca reducir los costes aeroportuarios, que se han \u00abincrementado un 80% en los \u00faltimos 10 a\u00f1os\u00bb en contraposici\u00f3n con el descenso del 20% de las tarifas a\u00e9reas, seg\u00fan ha explicado el consejero delegado de Air France-KLM. \u00abUna situaci\u00f3n que necesita cambio\u00bb, ha apostillado.<\/p>\n<p>Por su parte, O&#8217;Leary ha puesto el foco sobre las huelgas de controladores a\u00e9reos. El consejero delegado de Ryanair no concibe que una huelga de un pa\u00eds pueda afectar a m\u00e1s de 1000 vuelos de todo el mundo, tengan o no el pa\u00eds en cuesti\u00f3n como destino.<\/p>\n<p>\u00abQueremos eliminar las huelgas de controladores a\u00e9reos, la tecnolog\u00eda para que no paralicen el tr\u00e1fico a\u00e9reo existe actualmente\u00bb, ha reivindicado.<\/p>\n<p>APOYO DE LA COMISI\u00d3N EUROPEA.<\/p>\n<p>Otro de los temas en los que A4E pretende incidir es en rebajar unas tasas aeroportuarias que consideran \u00abirrazonables\u00bb. Por ello, la consejera delegada de easyJet ha aseverado que trabajar\u00e1n en contra de un impuesto que considera \u00abperjudicial\u00bb tanto para las compa\u00f1\u00edas como para la econom\u00eda\u00bb.<\/p>\n<p>Para ello, ha citado el ejemplo de Holanda, \u00abpa\u00eds que ha visto crecer su tr\u00e1fico a\u00e9reo desde 2009\u00bb, fecha que la tasa sobre los billetes fue eliminada.<\/p>\n<p>Airlines for Europe cuenta con el apoyo de la Comisi\u00f3n Europea, la comisaria de Transportes, Violeta Bulc, quien ha resaltado la importancia de contar con socios fuertes \u00abpara conseguir que la aviaci\u00f3n europea sea l\u00edder en el mundo\u00bb. \u00abQueremos crear condiciones para contribuir al crecimiento econ\u00f3mico de la Uni\u00f3 europea, debemos trabajar juntos para crecer\u00bb, ha subrayado.<\/p>\n","protected":false},"excerpt":{"rendered":"<p>Los grupos a\u00e9reos IAG, Lufthansa, Ryanair, easyJet y Air France-KLM han constituido este mi\u00e9rcoles Airlines for Europe (A4E), un nuevo &#8216;lobby&#8217;, cuyo director ser\u00e1 Thomas Reynaert, para influir \u00abcon una sola voz\u00bb en el desarrollo de la nueva estrategia de aviaci\u00f3n de la UE y conseguir incrementar la competitividad del sector, reduciendo las tarifas y<\/p>\n","protected":false},"author":1,"featured_media":61529,"comment_status":"open","ping_status":"closed","sticky":false,"template":"","format":"standard","meta":{"footnotes":""},"categories":[224],"tags":[],"class_list":{"0":"post-61528","1":"post","2":"type-post","3":"status-publish","4":"format-standard","5":"has-post-thumbnail","7":"category-noticias-actualidad"},"aioseo_notices":[],"aioseo_head":"\n\t\t<!-- All in One SEO Pro 4.9.6.1 - aioseo.com -->\n\t<meta name=\"description\" content=\"Los grupos a\u00e9reos IAG, Lufthansa, Ryanair, easyJet y Air France-KLM han constituido este mi\u00e9rcoles Airlines for Europe (A4E), un nuevo &#039;lobby&#039;, cuyo director ser\u00e1 Thomas Reynaert, para influir &quot;con una sola voz&quot; en el desarrollo de la nueva estrategia de aviaci\u00f3n de la UE y conseguir incrementar la competitividad del sector, reduciendo las tarifas y\" \/>\n\t<meta name=\"robots\" content=\"max-image-preview:large\" \/>\n\t<meta name=\"author\" content=\"admin\"\/>\n\t<meta name=\"google-site-verification\" content=\"UA-38556648-1\" \/>\n\t<meta name=\"keywords\" content=\"noticias y actualidad\" \/>\n\t<link rel=\"canonical\" href=\"https:\/\/eldigitaldeasturias.com\/magazine365\/iag-lufthansa-ryanair-easyjet-y-air-france-klm-se-alian-en-airlines-for-europe\/\" \/>\n\t<meta name=\"generator\" content=\"All in One SEO Pro (AIOSEO) 4.9.6.1\" \/>\n\t\t<meta property=\"og:locale\" content=\"es_ES\" \/>\n\t\t<meta property=\"og:site_name\" content=\"El Digital de Asturias \u2013 Revista de ocio, turismo y estilo de vida\" \/>\n\t\t<meta property=\"og:type\" content=\"article\" \/>\n\t\t<meta property=\"og:title\" content=\"IAG, Lufthansa, Ryanair, easyJet y Air France-KLM se al\u00edan en Airlines for Europe | El Digital de Asturias\" \/>\n\t\t<meta property=\"og:description\" content=\"Los grupos a\u00e9reos IAG, Lufthansa, Ryanair, easyJet y Air France-KLM han constituido este mi\u00e9rcoles Airlines for Europe (A4E), un nuevo &#039;lobby&#039;, cuyo director ser\u00e1 Thomas Reynaert, para influir &quot;con una sola voz&quot; en el desarrollo de la nueva estrategia de aviaci\u00f3n de la UE y conseguir incrementar la competitividad del sector, reduciendo las tarifas y\" \/>\n\t\t<meta property=\"og:url\" content=\"https:\/\/eldigitaldeasturias.com\/magazine365\/iag-lufthansa-ryanair-easyjet-y-air-france-klm-se-alian-en-airlines-for-europe\/\" \/>\n\t\t<meta property=\"og:image\" content=\"https:\/\/eldigitaldeasturias.com\/magazine365\/wp-content\/uploads\/2016\/01\/fotonoticia_20160120204506_800.jpg\" \/>\n\t\t<meta property=\"og:image:secure_url\" content=\"https:\/\/eldigitaldeasturias.com\/magazine365\/wp-content\/uploads\/2016\/01\/fotonoticia_20160120204506_800.jpg\" \/>\n\t\t<meta property=\"og:image:width\" content=\"800\" \/>\n\t\t<meta property=\"og:image:height\" content=\"600\" \/>\n\t\t<meta property=\"article:published_time\" content=\"2016-01-22T17:31:45+00:00\" \/>\n\t\t<meta property=\"article:modified_time\" content=\"2016-01-22T17:31:45+00:00\" \/>\n\t\t<meta name=\"twitter:card\" content=\"summary_large_image\" \/>\n\t\t<meta name=\"twitter:title\" content=\"IAG, Lufthansa, Ryanair, easyJet y Air France-KLM se al\u00edan en Airlines for Europe | El Digital de Asturias\" \/>\n\t\t<meta name=\"twitter:description\" content=\"Los grupos a\u00e9reos IAG, Lufthansa, Ryanair, easyJet y Air France-KLM han constituido este mi\u00e9rcoles Airlines for Europe (A4E), un nuevo &#039;lobby&#039;, cuyo director ser\u00e1 Thomas Reynaert, para influir &quot;con una sola voz&quot; en el desarrollo de la nueva estrategia de aviaci\u00f3n de la UE y conseguir incrementar la competitividad del sector, reduciendo las tarifas y\" \/>\n\t\t<meta name=\"twitter:image\" content=\"https:\/\/eldigitaldeasturias.com\/magazine365\/wp-content\/uploads\/2016\/01\/fotonoticia_20160120204506_800.jpg\" \/>\n\t\t<script type=\"application\/ld+json\" class=\"aioseo-schema\">\n\t\t\t{\"@context\":\"https:\\\/\\\/schema.org\",\"@graph\":[{\"@type\":\"Article\",\"@id\":\"https:\\\/\\\/eldigitaldeasturias.com\\\/magazine365\\\/iag-lufthansa-ryanair-easyjet-y-air-france-klm-se-alian-en-airlines-for-europe\\\/#article\",\"name\":\"IAG, Lufthansa, Ryanair, easyJet y Air France-KLM se al\\u00edan en Airlines for Europe | El Digital de Asturias\",\"headline\":\"IAG, Lufthansa, Ryanair, easyJet y Air France-KLM se al\\u00edan en Airlines for Europe\",\"author\":{\"@id\":\"https:\\\/\\\/eldigitaldeasturias.com\\\/magazine365\\\/author\\\/admin\\\/#author\"},\"publisher\":{\"@id\":\"https:\\\/\\\/eldigitaldeasturias.com\\\/magazine365\\\/#organization\"},\"image\":{\"@type\":\"ImageObject\",\"url\":\"https:\\\/\\\/eldigitaldeasturias.com\\\/magazine365\\\/wp-content\\\/uploads\\\/2016\\\/01\\\/fotonoticia_20160120204506_800.jpg\",\"width\":800,\"height\":600},\"datePublished\":\"2016-01-22T18:31:45+01:00\",\"dateModified\":\"2016-01-22T18:31:45+01:00\",\"inLanguage\":\"es-ES\",\"mainEntityOfPage\":{\"@id\":\"https:\\\/\\\/eldigitaldeasturias.com\\\/magazine365\\\/iag-lufthansa-ryanair-easyjet-y-air-france-klm-se-alian-en-airlines-for-europe\\\/#webpage\"},\"isPartOf\":{\"@id\":\"https:\\\/\\\/eldigitaldeasturias.com\\\/magazine365\\\/iag-lufthansa-ryanair-easyjet-y-air-france-klm-se-alian-en-airlines-for-europe\\\/#webpage\"},\"articleSection\":\"Noticias y Actualidad\"},{\"@type\":\"BreadcrumbList\",\"@id\":\"https:\\\/\\\/eldigitaldeasturias.com\\\/magazine365\\\/iag-lufthansa-ryanair-easyjet-y-air-france-klm-se-alian-en-airlines-for-europe\\\/#breadcrumblist\",\"itemListElement\":[{\"@type\":\"ListItem\",\"@id\":\"https:\\\/\\\/eldigitaldeasturias.com\\\/magazine365#listItem\",\"position\":1,\"name\":\"Home\",\"item\":\"https:\\\/\\\/eldigitaldeasturias.com\\\/magazine365\",\"nextItem\":{\"@type\":\"ListItem\",\"@id\":\"https:\\\/\\\/eldigitaldeasturias.com\\\/magazine365\\\/category\\\/noticias-actualidad\\\/#listItem\",\"name\":\"Noticias y Actualidad\"}},{\"@type\":\"ListItem\",\"@id\":\"https:\\\/\\\/eldigitaldeasturias.com\\\/magazine365\\\/category\\\/noticias-actualidad\\\/#listItem\",\"position\":2,\"name\":\"Noticias y Actualidad\",\"item\":\"https:\\\/\\\/eldigitaldeasturias.com\\\/magazine365\\\/category\\\/noticias-actualidad\\\/\",\"nextItem\":{\"@type\":\"ListItem\",\"@id\":\"https:\\\/\\\/eldigitaldeasturias.com\\\/magazine365\\\/iag-lufthansa-ryanair-easyjet-y-air-france-klm-se-alian-en-airlines-for-europe\\\/#listItem\",\"name\":\"IAG, Lufthansa, Ryanair, easyJet y Air France-KLM se al\\u00edan en Airlines for Europe\"},\"previousItem\":{\"@type\":\"ListItem\",\"@id\":\"https:\\\/\\\/eldigitaldeasturias.com\\\/magazine365#listItem\",\"name\":\"Home\"}},{\"@type\":\"ListItem\",\"@id\":\"https:\\\/\\\/eldigitaldeasturias.com\\\/magazine365\\\/iag-lufthansa-ryanair-easyjet-y-air-france-klm-se-alian-en-airlines-for-europe\\\/#listItem\",\"position\":3,\"name\":\"IAG, Lufthansa, Ryanair, easyJet y Air France-KLM se al\\u00edan en Airlines for Europe\",\"previousItem\":{\"@type\":\"ListItem\",\"@id\":\"https:\\\/\\\/eldigitaldeasturias.com\\\/magazine365\\\/category\\\/noticias-actualidad\\\/#listItem\",\"name\":\"Noticias y Actualidad\"}}]},{\"@type\":\"Organization\",\"@id\":\"https:\\\/\\\/eldigitaldeasturias.com\\\/magazine365\\\/#organization\",\"name\":\"El digital de Asturias\",\"description\":\"Revista de ocio, turismo y estilo de vida\",\"url\":\"https:\\\/\\\/eldigitaldeasturias.com\\\/magazine365\\\/\",\"logo\":{\"@type\":\"ImageObject\",\"url\":\"https:\\\/\\\/www.eldigitaldeasturias.com\\\/noticias\\\/wp-content\\\/uploads\\\/2020\\\/12\\\/EDA.jpg\",\"@id\":\"https:\\\/\\\/eldigitaldeasturias.com\\\/magazine365\\\/iag-lufthansa-ryanair-easyjet-y-air-france-klm-se-alian-en-airlines-for-europe\\\/#organizationLogo\"},\"image\":{\"@id\":\"https:\\\/\\\/eldigitaldeasturias.com\\\/magazine365\\\/iag-lufthansa-ryanair-easyjet-y-air-france-klm-se-alian-en-airlines-for-europe\\\/#organizationLogo\"}},{\"@type\":\"Person\",\"@id\":\"https:\\\/\\\/eldigitaldeasturias.com\\\/magazine365\\\/author\\\/admin\\\/#author\",\"url\":\"https:\\\/\\\/eldigitaldeasturias.com\\\/magazine365\\\/author\\\/admin\\\/\",\"name\":\"admin\",\"image\":{\"@type\":\"ImageObject\",\"@id\":\"https:\\\/\\\/eldigitaldeasturias.com\\\/magazine365\\\/iag-lufthansa-ryanair-easyjet-y-air-france-klm-se-alian-en-airlines-for-europe\\\/#authorImage\",\"url\":\"https:\\\/\\\/eldigitaldeasturias.com\\\/magazine365\\\/wp-content\\\/litespeed\\\/avatar\\\/e571bcf59a0edd6fa6838245a470f2fe.jpg?ver=1776969259\",\"width\":96,\"height\":96,\"caption\":\"admin\"}},{\"@type\":\"WebPage\",\"@id\":\"https:\\\/\\\/eldigitaldeasturias.com\\\/magazine365\\\/iag-lufthansa-ryanair-easyjet-y-air-france-klm-se-alian-en-airlines-for-europe\\\/#webpage\",\"url\":\"https:\\\/\\\/eldigitaldeasturias.com\\\/magazine365\\\/iag-lufthansa-ryanair-easyjet-y-air-france-klm-se-alian-en-airlines-for-europe\\\/\",\"name\":\"IAG, Lufthansa, Ryanair, easyJet y Air France-KLM se al\\u00edan en Airlines for Europe | El Digital de Asturias\",\"description\":\"Los grupos a\\u00e9reos IAG, Lufthansa, Ryanair, easyJet y Air France-KLM han constituido este mi\\u00e9rcoles Airlines for Europe (A4E), un nuevo 'lobby', cuyo director ser\\u00e1 Thomas Reynaert, para influir \\\"con una sola voz\\\" en el desarrollo de la nueva estrategia de aviaci\\u00f3n de la UE y conseguir incrementar la competitividad del sector, reduciendo las tarifas y\",\"inLanguage\":\"es-ES\",\"isPartOf\":{\"@id\":\"https:\\\/\\\/eldigitaldeasturias.com\\\/magazine365\\\/#website\"},\"breadcrumb\":{\"@id\":\"https:\\\/\\\/eldigitaldeasturias.com\\\/magazine365\\\/iag-lufthansa-ryanair-easyjet-y-air-france-klm-se-alian-en-airlines-for-europe\\\/#breadcrumblist\"},\"author\":{\"@id\":\"https:\\\/\\\/eldigitaldeasturias.com\\\/magazine365\\\/author\\\/admin\\\/#author\"},\"creator\":{\"@id\":\"https:\\\/\\\/eldigitaldeasturias.com\\\/magazine365\\\/author\\\/admin\\\/#author\"},\"image\":{\"@type\":\"ImageObject\",\"url\":\"https:\\\/\\\/eldigitaldeasturias.com\\\/magazine365\\\/wp-content\\\/uploads\\\/2016\\\/01\\\/fotonoticia_20160120204506_800.jpg\",\"@id\":\"https:\\\/\\\/eldigitaldeasturias.com\\\/magazine365\\\/iag-lufthansa-ryanair-easyjet-y-air-france-klm-se-alian-en-airlines-for-europe\\\/#mainImage\",\"width\":800,\"height\":600},\"primaryImageOfPage\":{\"@id\":\"https:\\\/\\\/eldigitaldeasturias.com\\\/magazine365\\\/iag-lufthansa-ryanair-easyjet-y-air-france-klm-se-alian-en-airlines-for-europe\\\/#mainImage\"},\"datePublished\":\"2016-01-22T18:31:45+01:00\",\"dateModified\":\"2016-01-22T18:31:45+01:00\"},{\"@type\":\"WebSite\",\"@id\":\"https:\\\/\\\/eldigitaldeasturias.com\\\/magazine365\\\/#website\",\"url\":\"https:\\\/\\\/eldigitaldeasturias.com\\\/magazine365\\\/\",\"name\":\"El Digital de Asturias\",\"description\":\"Revista de ocio, turismo y estilo de vida\",\"inLanguage\":\"es-ES\",\"publisher\":{\"@id\":\"https:\\\/\\\/eldigitaldeasturias.com\\\/magazine365\\\/#organization\"}}]}\n\t\t<\/script>\n\t\t<!-- All in One SEO Pro -->\r\n\t\t<title>IAG, Lufthansa, Ryanair, easyJet y Air France-KLM se al\u00edan en Airlines for Europe | El Digital de Asturias<\/title>\n\n","aioseo_head_json":{"title":"IAG, Lufthansa, Ryanair, easyJet y Air France-KLM se al\u00edan en Airlines for Europe | El Digital de Asturias","description":"Los grupos a\u00e9reos IAG, Lufthansa, Ryanair, easyJet y Air France-KLM han constituido este mi\u00e9rcoles Airlines for Europe (A4E), un nuevo 'lobby', cuyo director ser\u00e1 Thomas Reynaert, para influir \"con una sola voz\" en el desarrollo de la nueva estrategia de aviaci\u00f3n de la UE y conseguir incrementar la competitividad del sector, reduciendo las tarifas y","canonical_url":"https:\/\/eldigitaldeasturias.com\/magazine365\/iag-lufthansa-ryanair-easyjet-y-air-france-klm-se-alian-en-airlines-for-europe\/","robots":"max-image-preview:large","keywords":"noticias y actualidad","webmasterTools":{"google-site-verification":"UA-38556648-1","miscellaneous":""},"schema":{"@context":"https:\/\/schema.org","@graph":[{"@type":"Article","@id":"https:\/\/eldigitaldeasturias.com\/magazine365\/iag-lufthansa-ryanair-easyjet-y-air-france-klm-se-alian-en-airlines-for-europe\/#article","name":"IAG, Lufthansa, Ryanair, easyJet y Air France-KLM se al\u00edan en Airlines for Europe | El Digital de Asturias","headline":"IAG, Lufthansa, Ryanair, easyJet y Air France-KLM se al\u00edan en Airlines for Europe","author":{"@id":"https:\/\/eldigitaldeasturias.com\/magazine365\/author\/admin\/#author"},"publisher":{"@id":"https:\/\/eldigitaldeasturias.com\/magazine365\/#organization"},"image":{"@type":"ImageObject","url":"https:\/\/eldigitaldeasturias.com\/magazine365\/wp-content\/uploads\/2016\/01\/fotonoticia_20160120204506_800.jpg","width":800,"height":600},"datePublished":"2016-01-22T18:31:45+01:00","dateModified":"2016-01-22T18:31:45+01:00","inLanguage":"es-ES","mainEntityOfPage":{"@id":"https:\/\/eldigitaldeasturias.com\/magazine365\/iag-lufthansa-ryanair-easyjet-y-air-france-klm-se-alian-en-airlines-for-europe\/#webpage"},"isPartOf":{"@id":"https:\/\/eldigitaldeasturias.com\/magazine365\/iag-lufthansa-ryanair-easyjet-y-air-france-klm-se-alian-en-airlines-for-europe\/#webpage"},"articleSection":"Noticias y Actualidad"},{"@type":"BreadcrumbList","@id":"https:\/\/eldigitaldeasturias.com\/magazine365\/iag-lufthansa-ryanair-easyjet-y-air-france-klm-se-alian-en-airlines-for-europe\/#breadcrumblist","itemListElement":[{"@type":"ListItem","@id":"https:\/\/eldigitaldeasturias.com\/magazine365#listItem","position":1,"name":"Home","item":"https:\/\/eldigitaldeasturias.com\/magazine365","nextItem":{"@type":"ListItem","@id":"https:\/\/eldigitaldeasturias.com\/magazine365\/category\/noticias-actualidad\/#listItem","name":"Noticias y Actualidad"}},{"@type":"ListItem","@id":"https:\/\/eldigitaldeasturias.com\/magazine365\/category\/noticias-actualidad\/#listItem","position":2,"name":"Noticias y Actualidad","item":"https:\/\/eldigitaldeasturias.com\/magazine365\/category\/noticias-actualidad\/","nextItem":{"@type":"ListItem","@id":"https:\/\/eldigitaldeasturias.com\/magazine365\/iag-lufthansa-ryanair-easyjet-y-air-france-klm-se-alian-en-airlines-for-europe\/#listItem","name":"IAG, Lufthansa, Ryanair, easyJet y Air France-KLM se al\u00edan en Airlines for Europe"},"previousItem":{"@type":"ListItem","@id":"https:\/\/eldigitaldeasturias.com\/magazine365#listItem","name":"Home"}},{"@type":"ListItem","@id":"https:\/\/eldigitaldeasturias.com\/magazine365\/iag-lufthansa-ryanair-easyjet-y-air-france-klm-se-alian-en-airlines-for-europe\/#listItem","position":3,"name":"IAG, Lufthansa, Ryanair, easyJet y Air France-KLM se al\u00edan en Airlines for Europe","previousItem":{"@type":"ListItem","@id":"https:\/\/eldigitaldeasturias.com\/magazine365\/category\/noticias-actualidad\/#listItem","name":"Noticias y Actualidad"}}]},{"@type":"Organization","@id":"https:\/\/eldigitaldeasturias.com\/magazine365\/#organization","name":"El digital de Asturias","description":"Revista de ocio, turismo y estilo de vida","url":"https:\/\/eldigitaldeasturias.com\/magazine365\/","logo":{"@type":"ImageObject","url":"https:\/\/www.eldigitaldeasturias.com\/noticias\/wp-content\/uploads\/2020\/12\/EDA.jpg","@id":"https:\/\/eldigitaldeasturias.com\/magazine365\/iag-lufthansa-ryanair-easyjet-y-air-france-klm-se-alian-en-airlines-for-europe\/#organizationLogo"},"image":{"@id":"https:\/\/eldigitaldeasturias.com\/magazine365\/iag-lufthansa-ryanair-easyjet-y-air-france-klm-se-alian-en-airlines-for-europe\/#organizationLogo"}},{"@type":"Person","@id":"https:\/\/eldigitaldeasturias.com\/magazine365\/author\/admin\/#author","url":"https:\/\/eldigitaldeasturias.com\/magazine365\/author\/admin\/","name":"admin","image":{"@type":"ImageObject","@id":"https:\/\/eldigitaldeasturias.com\/magazine365\/iag-lufthansa-ryanair-easyjet-y-air-france-klm-se-alian-en-airlines-for-europe\/#authorImage","url":"https:\/\/eldigitaldeasturias.com\/magazine365\/wp-content\/litespeed\/avatar\/e571bcf59a0edd6fa6838245a470f2fe.jpg?ver=1776969259","width":96,"height":96,"caption":"admin"}},{"@type":"WebPage","@id":"https:\/\/eldigitaldeasturias.com\/magazine365\/iag-lufthansa-ryanair-easyjet-y-air-france-klm-se-alian-en-airlines-for-europe\/#webpage","url":"https:\/\/eldigitaldeasturias.com\/magazine365\/iag-lufthansa-ryanair-easyjet-y-air-france-klm-se-alian-en-airlines-for-europe\/","name":"IAG, Lufthansa, Ryanair, easyJet y Air France-KLM se al\u00edan en Airlines for Europe | El Digital de Asturias","description":"Los grupos a\u00e9reos IAG, Lufthansa, Ryanair, easyJet y Air France-KLM han constituido este mi\u00e9rcoles Airlines for Europe (A4E), un nuevo 'lobby', cuyo director ser\u00e1 Thomas Reynaert, para influir \"con una sola voz\" en el desarrollo de la nueva estrategia de aviaci\u00f3n de la UE y conseguir incrementar la competitividad del sector, reduciendo las tarifas y","inLanguage":"es-ES","isPartOf":{"@id":"https:\/\/eldigitaldeasturias.com\/magazine365\/#website"},"breadcrumb":{"@id":"https:\/\/eldigitaldeasturias.com\/magazine365\/iag-lufthansa-ryanair-easyjet-y-air-france-klm-se-alian-en-airlines-for-europe\/#breadcrumblist"},"author":{"@id":"https:\/\/eldigitaldeasturias.com\/magazine365\/author\/admin\/#author"},"creator":{"@id":"https:\/\/eldigitaldeasturias.com\/magazine365\/author\/admin\/#author"},"image":{"@type":"ImageObject","url":"https:\/\/eldigitaldeasturias.com\/magazine365\/wp-content\/uploads\/2016\/01\/fotonoticia_20160120204506_800.jpg","@id":"https:\/\/eldigitaldeasturias.com\/magazine365\/iag-lufthansa-ryanair-easyjet-y-air-france-klm-se-alian-en-airlines-for-europe\/#mainImage","width":800,"height":600},"primaryImageOfPage":{"@id":"https:\/\/eldigitaldeasturias.com\/magazine365\/iag-lufthansa-ryanair-easyjet-y-air-france-klm-se-alian-en-airlines-for-europe\/#mainImage"},"datePublished":"2016-01-22T18:31:45+01:00","dateModified":"2016-01-22T18:31:45+01:00"},{"@type":"WebSite","@id":"https:\/\/eldigitaldeasturias.com\/magazine365\/#website","url":"https:\/\/eldigitaldeasturias.com\/magazine365\/","name":"El Digital de Asturias","description":"Revista de ocio, turismo y estilo de vida","inLanguage":"es-ES","publisher":{"@id":"https:\/\/eldigitaldeasturias.com\/magazine365\/#organization"}}]},"og:locale":"es_ES","og:site_name":"El Digital de Asturias \u2013 Revista de ocio, turismo y estilo de vida","og:type":"article","og:title":"IAG, Lufthansa, Ryanair, easyJet y Air France-KLM se al\u00edan en Airlines for Europe | El Digital de Asturias","og:description":"Los grupos a\u00e9reos IAG, Lufthansa, Ryanair, easyJet y Air France-KLM han constituido este mi\u00e9rcoles Airlines for Europe (A4E), un nuevo 'lobby', cuyo director ser\u00e1 Thomas Reynaert, para influir &quot;con una sola voz&quot; en el desarrollo de la nueva estrategia de aviaci\u00f3n de la UE y conseguir incrementar la competitividad del sector, reduciendo las tarifas y","og:url":"https:\/\/eldigitaldeasturias.com\/magazine365\/iag-lufthansa-ryanair-easyjet-y-air-france-klm-se-alian-en-airlines-for-europe\/","og:image":"https:\/\/eldigitaldeasturias.com\/magazine365\/wp-content\/uploads\/2016\/01\/fotonoticia_20160120204506_800.jpg","og:image:secure_url":"https:\/\/eldigitaldeasturias.com\/magazine365\/wp-content\/uploads\/2016\/01\/fotonoticia_20160120204506_800.jpg","og:image:width":800,"og:image:height":600,"article:published_time":"2016-01-22T17:31:45+00:00","article:modified_time":"2016-01-22T17:31:45+00:00","twitter:card":"summary_large_image","twitter:title":"IAG, Lufthansa, Ryanair, easyJet y Air France-KLM se al\u00edan en Airlines for Europe | El Digital de Asturias","twitter:description":"Los grupos a\u00e9reos IAG, Lufthansa, Ryanair, easyJet y Air France-KLM han constituido este mi\u00e9rcoles Airlines for Europe (A4E), un nuevo 'lobby', cuyo director ser\u00e1 Thomas Reynaert, para influir &quot;con una sola voz&quot; en el desarrollo de la nueva estrategia de aviaci\u00f3n de la UE y conseguir incrementar la competitividad del sector, reduciendo las tarifas y","twitter:image":"https:\/\/eldigitaldeasturias.com\/magazine365\/wp-content\/uploads\/2016\/01\/fotonoticia_20160120204506_800.jpg"},"aioseo_meta_data":{"post_id":"61528","title":null,"description":null,"keywords":null,"keyphrases":null,"primary_term":null,"canonical_url":null,"og_title":null,"og_description":null,"og_object_type":"default","og_image_type":"default","og_image_url":null,"og_image_width":null,"og_image_height":null,"og_image_custom_url":null,"og_image_custom_fields":null,"og_video":null,"og_custom_url":null,"og_article_section":null,"og_article_tags":null,"twitter_use_og":false,"twitter_card":"default","twitter_image_type":"default","twitter_image_url":null,"twitter_image_custom_url":null,"twitter_image_custom_fields":null,"twitter_title":null,"twitter_description":null,"schema":{"blockGraphs":[],"customGraphs":[],"default":{"data":{"Article":[],"Course":[],"Dataset":[],"FAQPage":[],"Movie":[],"Person":[],"Product":[],"ProductReview":[],"Car":[],"Recipe":[],"Service":[],"SoftwareApplication":[],"WebPage":[]},"graphName":"","isEnabled":true},"graphs":[],"defaultGraph":"","defaultPostTypeGraph":""},"schema_type":null,"schema_type_options":null,"pillar_content":false,"robots_default":true,"robots_noindex":false,"robots_noarchive":false,"robots_nosnippet":false,"robots_nofollow":false,"robots_noimageindex":false,"robots_noodp":false,"robots_notranslate":false,"robots_max_snippet":null,"robots_max_videopreview":null,"robots_max_imagepreview":"large","priority":null,"frequency":null,"location":null,"local_seo":null,"seo_analyzer_scan_date":"2025-09-25 09:10:02","breadcrumb_settings":null,"limit_modified_date":false,"open_ai":null,"ai":null,"created":"2021-03-08 21:48:43","updated":"2025-09-25 09:10:02"},"aioseo_breadcrumb":"<div class=\"aioseo-breadcrumbs\"><span class=\"aioseo-breadcrumb\">\n\t<a href=\"https:\/\/eldigitaldeasturias.com\/magazine365\" title=\"Home\">Home<\/a>\n<\/span><span class=\"aioseo-breadcrumb-separator\">\u2013<\/span><span class=\"aioseo-breadcrumb\">\n\t<a href=\"https:\/\/eldigitaldeasturias.com\/magazine365\/category\/noticias-actualidad\/\" title=\"Noticias y Actualidad\">Noticias y Actualidad<\/a>\n<\/span><span class=\"aioseo-breadcrumb-separator\">\u2013<\/span><span class=\"aioseo-breadcrumb\">\n\t<a href=\"https:\/\/eldigitaldeasturias.com\/magazine365\/iag-lufthansa-ryanair-easyjet-y-air-france-klm-se-alian-en-airlines-for-europe\/\" title=\"IAG, Lufthansa, Ryanair, easyJet y Air France-KLM se al\u00edan en Airlines for Europe\">IAG, Lufthansa, Ryanair, easyJet y Air France-KLM se al\u00edan en Airlines for Europe<\/a>\n<\/span><\/div>","aioseo_breadcrumb_json":[{"label":"Home","link":"https:\/\/eldigitaldeasturias.com\/magazine365"},{"label":"Noticias y Actualidad","link":"https:\/\/eldigitaldeasturias.com\/magazine365\/category\/noticias-actualidad\/"},{"label":"IAG, Lufthansa, Ryanair, easyJet y Air France-KLM se al\u00edan en Airlines for Europe","link":"https:\/\/eldigitaldeasturias.com\/magazine365\/iag-lufthansa-ryanair-easyjet-y-air-france-klm-se-alian-en-airlines-for-europe\/"}],"_links":{"self":[{"href":"https:\/\/eldigitaldeasturias.com\/magazine365\/wp-json\/wp\/v2\/posts\/61528","targetHints":{"allow":["GET"]}}],"collection":[{"href":"https:\/\/eldigitaldeasturias.com\/magazine365\/wp-json\/wp\/v2\/posts"}],"about":[{"href":"https:\/\/eldigitaldeasturias.com\/magazine365\/wp-json\/wp\/v2\/types\/post"}],"author":[{"embeddable":true,"href":"https:\/\/eldigitaldeasturias.com\/magazine365\/wp-json\/wp\/v2\/users\/1"}],"replies":[{"embeddable":true,"href":"https:\/\/eldigitaldeasturias.com\/magazine365\/wp-json\/wp\/v2\/comments?post=61528"}],"version-history":[{"count":0,"href":"https:\/\/eldigitaldeasturias.com\/magazine365\/wp-json\/wp\/v2\/posts\/61528\/revisions"}],"wp:featuredmedia":[{"embeddable":true,"href":"https:\/\/eldigitaldeasturias.com\/magazine365\/wp-json\/wp\/v2\/media\/61529"}],"wp:attachment":[{"href":"https:\/\/eldigitaldeasturias.com\/magazine365\/wp-json\/wp\/v2\/media?parent=61528"}],"wp:term":[{"taxonomy":"category","embeddable":true,"href":"https:\/\/eldigitaldeasturias.com\/magazine365\/wp-json\/wp\/v2\/categories?post=61528"},{"taxonomy":"post_tag","embeddable":true,"href":"https:\/\/eldigitaldeasturias.com\/magazine365\/wp-json\/wp\/v2\/tags?post=61528"}],"curies":[{"name":"wp","href":"https:\/\/api.w.org\/{rel}","templated":true}]}}