{"id":61526,"date":"2016-01-22T18:30:52","date_gmt":"2016-01-22T17:30:52","guid":{"rendered":"http:\/\/eldigitaldeasturias.com\/magazine365\/?p=61526"},"modified":"2016-01-22T18:30:52","modified_gmt":"2016-01-22T17:30:52","slug":"tunez-acuerda-un-plan-de-mejora-de-la-seguridad-para-evitar-la-caida-del-turismo","status":"publish","type":"post","link":"https:\/\/eldigitaldeasturias.com\/magazine365\/tunez-acuerda-un-plan-de-mejora-de-la-seguridad-para-evitar-la-caida-del-turismo\/","title":{"rendered":"T\u00fanez acuerda un plan de mejora de la seguridad para evitar la ca\u00edda del turismo"},"content":{"rendered":"<p>El embajador de T\u00fanez en Espa\u00f1a, Wacef Chiha, y el director general de la Oficina Nacional de Turismo, Abdellatif Hamam, han asegurado este mi\u00e9rcoles que el Ministerio de Turismo y el Ministerio de Interior han llegado a un acuerdo para implantar nuevas medidas de seguridad en el pa\u00eds, sobre todo en el terreno que afecta al turismo.<\/p>\n<p>   \u00abEl Gobierno tunecino ha tomado una serie de reformas en el sector del turismo y estamos a la escucha de lo que nos dicen nuestros colaboradores y socios internacionales para reforzar la credibilidad del sector tur\u00edstico a partir de 2016\u00bb, ha asegurado Hamam en una rueda de prensa en la Feria Internacional de Turismo, Fitur 2016, en Madrid.<\/p>\n<p>   Entre las medidas que se incluyen en el acuerdo en materia de seguridad destacan el control de los veh\u00edculos por parte del ch\u00f3fer y del gu\u00eda cuando se realicen paradas en el viaje o la identificaci\u00f3n de los empleados de las agencias de viajes con un distintivo con su nombre y foto.<\/p>\n<p>   \u00abSin seguridad no podemos construir nada. Hemos trabajado para reforzar la seguridad en aeropuertos, circuitos tur\u00edsticos y hoteles porque nuestra prioridad es que los turistas se sientan totalmente seguros\u00bb, ha afirmado Hamam.<\/p>\n<p>   Otro de los objetivos que el Gobierno de T\u00fanez se ha planteado para este a\u00f1o es el de \u00abhacer que el viaje de los turistas que visitan T\u00fanez sea seguro\u00bb y que los turistas se sientan bien acogidos, gracias a las nuevas medidas de seguridad.<\/p>\n<p>LUCHA CONTRA EL TERRORISMO<\/p>\n<p>   En cuanto a la lucha contra el terrorismo, Hammam ha afirmado que T\u00fanez cuenta con la colaboraci\u00f3n de sus socios internacionales con el objetivo de luchar contra el \u00abterrorismo y el fanatismo\u00bb.<\/p>\n<p>   \u00abTenemos nuestros propios recursos pero debemos contar con la ayuda de los dem\u00e1s pa\u00edses europeos como Francia, B\u00e9lgica y Alemania porque la amenaza terrorista es una amenaza internacional\u00bb, ha asegurado el director general de la Oficina Nacional de Turismo tunecino y adem\u00e1s ha explicado que se debe reforzar la lucha contra el terrorismo entre todos.<\/p>\n<p>   Tambi\u00e9n ha declarado que T\u00fanez es un pa\u00eds amenazado por el terrorismo, en concreto por Estado Isl\u00e1mico, aunque no se debe dejar de luchar por los ideales del pa\u00eds y que la amenaza terrorista no puede cambiar el modo de vida de los ciudadanos.<\/p>\n<p>   \u00abHay un consenso muy grande en torno a los valores de apertura y tolerancia y tambi\u00e9n al rechazo de cualquier forma de extremismo en nuestra sociedad civil\u00bb, ha asegurado el embajador de T\u00fanez en Espa\u00f1a.<\/p>\n<p>LA INESTABILIDAD DE LIBIA<\/p>\n<p>   Desde que se iniciara la Primavera \u00c1rabe, Libia es uno de los pa\u00edses que m\u00e1s sufren la gran inestabilidad pol\u00edtica en el norte de \u00c1frica y que tambi\u00e9n est\u00e1 amenazada por el terrorismo. Por ello, Chiha ha afirmado que T\u00fanez se muestra a favor del di\u00e1logo en Libia.<\/p>\n<p>   \u00abAplaudimos la formaci\u00f3n de un Gobierno de unidad en Libia que permita la estabilidad en este pa\u00eds vecino\u00bb, ha explicado. Aunque tambi\u00e9n ha asegurado que T\u00fanez avis\u00f3 a la comunidad internacional de que la situaci\u00f3n que vive Libia iba a tener repercusiones en los pa\u00edses vecinos.<\/p>\n<p>   Adem\u00e1s, Chiha ha explicado que los atentados que han tenido lugar durante 2015 se han llevado a cabo por terroristas que han recibido ayuda de otros pa\u00edses. \u00abLos terroristas tunecinos que provocaron los atentados recibieron armamento y formaci\u00f3n de Libia\u00bb, ha explicado.<\/p>\n<p>   T\u00fanez sufri\u00f3 el a\u00f1o pasado varios atentados que mostraron una imagen negativa del pa\u00eds. El del 18 de marzo contra el Museo del Bardo, que dej\u00f3 m\u00e1s de una veintena de muertos, el del 26 de junio contra un complejo tur\u00edstico en la playa de Susa, que se sald\u00f3 con casi 40 fallecidos y el del 19 de noviembre en la capital, en el que un terrorista suicida atac\u00f3 un autob\u00fas en el que viajaban guardias presidenciales.<\/p>\n","protected":false},"excerpt":{"rendered":"<p>El embajador de T\u00fanez en Espa\u00f1a, Wacef Chiha, y el director general de la Oficina Nacional de Turismo, Abdellatif Hamam, han asegurado este mi\u00e9rcoles que el Ministerio de Turismo y el Ministerio de Interior han llegado a un acuerdo para implantar nuevas medidas de seguridad en el pa\u00eds, sobre todo en el terreno que afecta<\/p>\n","protected":false},"author":1,"featured_media":61517,"comment_status":"open","ping_status":"closed","sticky":false,"template":"","format":"standard","meta":{"footnotes":""},"categories":[224],"tags":[],"class_list":{"0":"post-61526","1":"post","2":"type-post","3":"status-publish","4":"format-standard","5":"has-post-thumbnail","7":"category-noticias-actualidad"},"aioseo_notices":[],"aioseo_head":"\n\t\t<!-- All in One SEO Pro 4.9.6.1 - aioseo.com -->\n\t<meta name=\"description\" content=\"El embajador de T\u00fanez en Espa\u00f1a, Wacef Chiha, y el director general de la Oficina Nacional de Turismo, Abdellatif Hamam, han asegurado este mi\u00e9rcoles que el Ministerio de Turismo y el Ministerio de Interior han llegado a un acuerdo para implantar nuevas medidas de seguridad en el pa\u00eds, sobre todo en el terreno que afecta\" \/>\n\t<meta name=\"robots\" content=\"max-image-preview:large\" \/>\n\t<meta name=\"author\" content=\"admin\"\/>\n\t<meta name=\"google-site-verification\" content=\"UA-38556648-1\" \/>\n\t<meta name=\"keywords\" content=\"noticias y actualidad\" \/>\n\t<link rel=\"canonical\" href=\"https:\/\/eldigitaldeasturias.com\/magazine365\/tunez-acuerda-un-plan-de-mejora-de-la-seguridad-para-evitar-la-caida-del-turismo\/\" \/>\n\t<meta name=\"generator\" content=\"All in One SEO Pro (AIOSEO) 4.9.6.1\" \/>\n\t\t<meta property=\"og:locale\" content=\"es_ES\" \/>\n\t\t<meta property=\"og:site_name\" content=\"El Digital de Asturias \u2013 Revista de ocio, turismo y estilo de vida\" \/>\n\t\t<meta property=\"og:type\" content=\"article\" \/>\n\t\t<meta property=\"og:title\" content=\"T\u00fanez acuerda un plan de mejora de la seguridad para evitar la ca\u00edda del turismo | El Digital de Asturias\" \/>\n\t\t<meta property=\"og:description\" content=\"El embajador de T\u00fanez en Espa\u00f1a, Wacef Chiha, y el director general de la Oficina Nacional de Turismo, Abdellatif Hamam, han asegurado este mi\u00e9rcoles que el Ministerio de Turismo y el Ministerio de Interior han llegado a un acuerdo para implantar nuevas medidas de seguridad en el pa\u00eds, sobre todo en el terreno que afecta\" \/>\n\t\t<meta property=\"og:url\" content=\"https:\/\/eldigitaldeasturias.com\/magazine365\/tunez-acuerda-un-plan-de-mejora-de-la-seguridad-para-evitar-la-caida-del-turismo\/\" \/>\n\t\t<meta property=\"og:image\" content=\"https:\/\/eldigitaldeasturias.com\/magazine365\/wp-content\/uploads\/2016\/01\/fotonoticia_20160120201812_800.jpg\" \/>\n\t\t<meta property=\"og:image:secure_url\" content=\"https:\/\/eldigitaldeasturias.com\/magazine365\/wp-content\/uploads\/2016\/01\/fotonoticia_20160120201812_800.jpg\" \/>\n\t\t<meta property=\"og:image:width\" content=\"800\" \/>\n\t\t<meta property=\"og:image:height\" content=\"558\" \/>\n\t\t<meta property=\"article:published_time\" content=\"2016-01-22T17:30:52+00:00\" \/>\n\t\t<meta property=\"article:modified_time\" content=\"2016-01-22T17:30:52+00:00\" \/>\n\t\t<meta name=\"twitter:card\" content=\"summary_large_image\" \/>\n\t\t<meta name=\"twitter:title\" content=\"T\u00fanez acuerda un plan de mejora de la seguridad para evitar la ca\u00edda del turismo | El Digital de Asturias\" \/>\n\t\t<meta name=\"twitter:description\" content=\"El embajador de T\u00fanez en Espa\u00f1a, Wacef Chiha, y el director general de la Oficina Nacional de Turismo, Abdellatif Hamam, han asegurado este mi\u00e9rcoles que el Ministerio de Turismo y el Ministerio de Interior han llegado a un acuerdo para implantar nuevas medidas de seguridad en el pa\u00eds, sobre todo en el terreno que afecta\" \/>\n\t\t<meta name=\"twitter:image\" content=\"https:\/\/eldigitaldeasturias.com\/magazine365\/wp-content\/uploads\/2016\/01\/fotonoticia_20160120201812_800.jpg\" \/>\n\t\t<script type=\"application\/ld+json\" class=\"aioseo-schema\">\n\t\t\t{\"@context\":\"https:\\\/\\\/schema.org\",\"@graph\":[{\"@type\":\"Article\",\"@id\":\"https:\\\/\\\/eldigitaldeasturias.com\\\/magazine365\\\/tunez-acuerda-un-plan-de-mejora-de-la-seguridad-para-evitar-la-caida-del-turismo\\\/#article\",\"name\":\"T\\u00fanez acuerda un plan de mejora de la seguridad para evitar la ca\\u00edda del turismo | El Digital de Asturias\",\"headline\":\"T\\u00fanez acuerda un plan de mejora de la seguridad para evitar la ca\\u00edda del turismo\",\"author\":{\"@id\":\"https:\\\/\\\/eldigitaldeasturias.com\\\/magazine365\\\/author\\\/admin\\\/#author\"},\"publisher\":{\"@id\":\"https:\\\/\\\/eldigitaldeasturias.com\\\/magazine365\\\/#organization\"},\"image\":{\"@type\":\"ImageObject\",\"url\":\"https:\\\/\\\/eldigitaldeasturias.com\\\/magazine365\\\/wp-content\\\/uploads\\\/2016\\\/01\\\/fotonoticia_20160120201812_800.jpg\",\"width\":800,\"height\":558},\"datePublished\":\"2016-01-22T18:30:52+01:00\",\"dateModified\":\"2016-01-22T18:30:52+01:00\",\"inLanguage\":\"es-ES\",\"mainEntityOfPage\":{\"@id\":\"https:\\\/\\\/eldigitaldeasturias.com\\\/magazine365\\\/tunez-acuerda-un-plan-de-mejora-de-la-seguridad-para-evitar-la-caida-del-turismo\\\/#webpage\"},\"isPartOf\":{\"@id\":\"https:\\\/\\\/eldigitaldeasturias.com\\\/magazine365\\\/tunez-acuerda-un-plan-de-mejora-de-la-seguridad-para-evitar-la-caida-del-turismo\\\/#webpage\"},\"articleSection\":\"Noticias y Actualidad\"},{\"@type\":\"BreadcrumbList\",\"@id\":\"https:\\\/\\\/eldigitaldeasturias.com\\\/magazine365\\\/tunez-acuerda-un-plan-de-mejora-de-la-seguridad-para-evitar-la-caida-del-turismo\\\/#breadcrumblist\",\"itemListElement\":[{\"@type\":\"ListItem\",\"@id\":\"https:\\\/\\\/eldigitaldeasturias.com\\\/magazine365#listItem\",\"position\":1,\"name\":\"Home\",\"item\":\"https:\\\/\\\/eldigitaldeasturias.com\\\/magazine365\",\"nextItem\":{\"@type\":\"ListItem\",\"@id\":\"https:\\\/\\\/eldigitaldeasturias.com\\\/magazine365\\\/category\\\/noticias-actualidad\\\/#listItem\",\"name\":\"Noticias y Actualidad\"}},{\"@type\":\"ListItem\",\"@id\":\"https:\\\/\\\/eldigitaldeasturias.com\\\/magazine365\\\/category\\\/noticias-actualidad\\\/#listItem\",\"position\":2,\"name\":\"Noticias y Actualidad\",\"item\":\"https:\\\/\\\/eldigitaldeasturias.com\\\/magazine365\\\/category\\\/noticias-actualidad\\\/\",\"nextItem\":{\"@type\":\"ListItem\",\"@id\":\"https:\\\/\\\/eldigitaldeasturias.com\\\/magazine365\\\/tunez-acuerda-un-plan-de-mejora-de-la-seguridad-para-evitar-la-caida-del-turismo\\\/#listItem\",\"name\":\"T\\u00fanez acuerda un plan de mejora de la seguridad para evitar la ca\\u00edda del turismo\"},\"previousItem\":{\"@type\":\"ListItem\",\"@id\":\"https:\\\/\\\/eldigitaldeasturias.com\\\/magazine365#listItem\",\"name\":\"Home\"}},{\"@type\":\"ListItem\",\"@id\":\"https:\\\/\\\/eldigitaldeasturias.com\\\/magazine365\\\/tunez-acuerda-un-plan-de-mejora-de-la-seguridad-para-evitar-la-caida-del-turismo\\\/#listItem\",\"position\":3,\"name\":\"T\\u00fanez acuerda un plan de mejora de la seguridad para evitar la ca\\u00edda del turismo\",\"previousItem\":{\"@type\":\"ListItem\",\"@id\":\"https:\\\/\\\/eldigitaldeasturias.com\\\/magazine365\\\/category\\\/noticias-actualidad\\\/#listItem\",\"name\":\"Noticias y Actualidad\"}}]},{\"@type\":\"Organization\",\"@id\":\"https:\\\/\\\/eldigitaldeasturias.com\\\/magazine365\\\/#organization\",\"name\":\"El digital de Asturias\",\"description\":\"Revista de ocio, turismo y estilo de vida\",\"url\":\"https:\\\/\\\/eldigitaldeasturias.com\\\/magazine365\\\/\",\"logo\":{\"@type\":\"ImageObject\",\"url\":\"https:\\\/\\\/www.eldigitaldeasturias.com\\\/noticias\\\/wp-content\\\/uploads\\\/2020\\\/12\\\/EDA.jpg\",\"@id\":\"https:\\\/\\\/eldigitaldeasturias.com\\\/magazine365\\\/tunez-acuerda-un-plan-de-mejora-de-la-seguridad-para-evitar-la-caida-del-turismo\\\/#organizationLogo\"},\"image\":{\"@id\":\"https:\\\/\\\/eldigitaldeasturias.com\\\/magazine365\\\/tunez-acuerda-un-plan-de-mejora-de-la-seguridad-para-evitar-la-caida-del-turismo\\\/#organizationLogo\"}},{\"@type\":\"Person\",\"@id\":\"https:\\\/\\\/eldigitaldeasturias.com\\\/magazine365\\\/author\\\/admin\\\/#author\",\"url\":\"https:\\\/\\\/eldigitaldeasturias.com\\\/magazine365\\\/author\\\/admin\\\/\",\"name\":\"admin\",\"image\":{\"@type\":\"ImageObject\",\"@id\":\"https:\\\/\\\/eldigitaldeasturias.com\\\/magazine365\\\/tunez-acuerda-un-plan-de-mejora-de-la-seguridad-para-evitar-la-caida-del-turismo\\\/#authorImage\",\"url\":\"https:\\\/\\\/eldigitaldeasturias.com\\\/magazine365\\\/wp-content\\\/litespeed\\\/avatar\\\/e571bcf59a0edd6fa6838245a470f2fe.jpg?ver=1776969259\",\"width\":96,\"height\":96,\"caption\":\"admin\"}},{\"@type\":\"WebPage\",\"@id\":\"https:\\\/\\\/eldigitaldeasturias.com\\\/magazine365\\\/tunez-acuerda-un-plan-de-mejora-de-la-seguridad-para-evitar-la-caida-del-turismo\\\/#webpage\",\"url\":\"https:\\\/\\\/eldigitaldeasturias.com\\\/magazine365\\\/tunez-acuerda-un-plan-de-mejora-de-la-seguridad-para-evitar-la-caida-del-turismo\\\/\",\"name\":\"T\\u00fanez acuerda un plan de mejora de la seguridad para evitar la ca\\u00edda del turismo | El Digital de Asturias\",\"description\":\"El embajador de T\\u00fanez en Espa\\u00f1a, Wacef Chiha, y el director general de la Oficina Nacional de Turismo, Abdellatif Hamam, han asegurado este mi\\u00e9rcoles que el Ministerio de Turismo y el Ministerio de Interior han llegado a un acuerdo para implantar nuevas medidas de seguridad en el pa\\u00eds, sobre todo en el terreno que afecta\",\"inLanguage\":\"es-ES\",\"isPartOf\":{\"@id\":\"https:\\\/\\\/eldigitaldeasturias.com\\\/magazine365\\\/#website\"},\"breadcrumb\":{\"@id\":\"https:\\\/\\\/eldigitaldeasturias.com\\\/magazine365\\\/tunez-acuerda-un-plan-de-mejora-de-la-seguridad-para-evitar-la-caida-del-turismo\\\/#breadcrumblist\"},\"author\":{\"@id\":\"https:\\\/\\\/eldigitaldeasturias.com\\\/magazine365\\\/author\\\/admin\\\/#author\"},\"creator\":{\"@id\":\"https:\\\/\\\/eldigitaldeasturias.com\\\/magazine365\\\/author\\\/admin\\\/#author\"},\"image\":{\"@type\":\"ImageObject\",\"url\":\"https:\\\/\\\/eldigitaldeasturias.com\\\/magazine365\\\/wp-content\\\/uploads\\\/2016\\\/01\\\/fotonoticia_20160120201812_800.jpg\",\"@id\":\"https:\\\/\\\/eldigitaldeasturias.com\\\/magazine365\\\/tunez-acuerda-un-plan-de-mejora-de-la-seguridad-para-evitar-la-caida-del-turismo\\\/#mainImage\",\"width\":800,\"height\":558},\"primaryImageOfPage\":{\"@id\":\"https:\\\/\\\/eldigitaldeasturias.com\\\/magazine365\\\/tunez-acuerda-un-plan-de-mejora-de-la-seguridad-para-evitar-la-caida-del-turismo\\\/#mainImage\"},\"datePublished\":\"2016-01-22T18:30:52+01:00\",\"dateModified\":\"2016-01-22T18:30:52+01:00\"},{\"@type\":\"WebSite\",\"@id\":\"https:\\\/\\\/eldigitaldeasturias.com\\\/magazine365\\\/#website\",\"url\":\"https:\\\/\\\/eldigitaldeasturias.com\\\/magazine365\\\/\",\"name\":\"El Digital de Asturias\",\"description\":\"Revista de ocio, turismo y estilo de vida\",\"inLanguage\":\"es-ES\",\"publisher\":{\"@id\":\"https:\\\/\\\/eldigitaldeasturias.com\\\/magazine365\\\/#organization\"}}]}\n\t\t<\/script>\n\t\t<!-- All in One SEO Pro -->\r\n\t\t<title>T\u00fanez acuerda un plan de mejora de la seguridad para evitar la ca\u00edda del turismo | El Digital de Asturias<\/title>\n\n","aioseo_head_json":{"title":"T\u00fanez acuerda un plan de mejora de la seguridad para evitar la ca\u00edda del turismo | El Digital de Asturias","description":"El embajador de T\u00fanez en Espa\u00f1a, Wacef Chiha, y el director general de la Oficina Nacional de Turismo, Abdellatif Hamam, han asegurado este mi\u00e9rcoles que el Ministerio de Turismo y el Ministerio de Interior han llegado a un acuerdo para implantar nuevas medidas de seguridad en el pa\u00eds, sobre todo en el terreno que afecta","canonical_url":"https:\/\/eldigitaldeasturias.com\/magazine365\/tunez-acuerda-un-plan-de-mejora-de-la-seguridad-para-evitar-la-caida-del-turismo\/","robots":"max-image-preview:large","keywords":"noticias y actualidad","webmasterTools":{"google-site-verification":"UA-38556648-1","miscellaneous":""},"schema":{"@context":"https:\/\/schema.org","@graph":[{"@type":"Article","@id":"https:\/\/eldigitaldeasturias.com\/magazine365\/tunez-acuerda-un-plan-de-mejora-de-la-seguridad-para-evitar-la-caida-del-turismo\/#article","name":"T\u00fanez acuerda un plan de mejora de la seguridad para evitar la ca\u00edda del turismo | El Digital de Asturias","headline":"T\u00fanez acuerda un plan de mejora de la seguridad para evitar la ca\u00edda del turismo","author":{"@id":"https:\/\/eldigitaldeasturias.com\/magazine365\/author\/admin\/#author"},"publisher":{"@id":"https:\/\/eldigitaldeasturias.com\/magazine365\/#organization"},"image":{"@type":"ImageObject","url":"https:\/\/eldigitaldeasturias.com\/magazine365\/wp-content\/uploads\/2016\/01\/fotonoticia_20160120201812_800.jpg","width":800,"height":558},"datePublished":"2016-01-22T18:30:52+01:00","dateModified":"2016-01-22T18:30:52+01:00","inLanguage":"es-ES","mainEntityOfPage":{"@id":"https:\/\/eldigitaldeasturias.com\/magazine365\/tunez-acuerda-un-plan-de-mejora-de-la-seguridad-para-evitar-la-caida-del-turismo\/#webpage"},"isPartOf":{"@id":"https:\/\/eldigitaldeasturias.com\/magazine365\/tunez-acuerda-un-plan-de-mejora-de-la-seguridad-para-evitar-la-caida-del-turismo\/#webpage"},"articleSection":"Noticias y Actualidad"},{"@type":"BreadcrumbList","@id":"https:\/\/eldigitaldeasturias.com\/magazine365\/tunez-acuerda-un-plan-de-mejora-de-la-seguridad-para-evitar-la-caida-del-turismo\/#breadcrumblist","itemListElement":[{"@type":"ListItem","@id":"https:\/\/eldigitaldeasturias.com\/magazine365#listItem","position":1,"name":"Home","item":"https:\/\/eldigitaldeasturias.com\/magazine365","nextItem":{"@type":"ListItem","@id":"https:\/\/eldigitaldeasturias.com\/magazine365\/category\/noticias-actualidad\/#listItem","name":"Noticias y Actualidad"}},{"@type":"ListItem","@id":"https:\/\/eldigitaldeasturias.com\/magazine365\/category\/noticias-actualidad\/#listItem","position":2,"name":"Noticias y Actualidad","item":"https:\/\/eldigitaldeasturias.com\/magazine365\/category\/noticias-actualidad\/","nextItem":{"@type":"ListItem","@id":"https:\/\/eldigitaldeasturias.com\/magazine365\/tunez-acuerda-un-plan-de-mejora-de-la-seguridad-para-evitar-la-caida-del-turismo\/#listItem","name":"T\u00fanez acuerda un plan de mejora de la seguridad para evitar la ca\u00edda del turismo"},"previousItem":{"@type":"ListItem","@id":"https:\/\/eldigitaldeasturias.com\/magazine365#listItem","name":"Home"}},{"@type":"ListItem","@id":"https:\/\/eldigitaldeasturias.com\/magazine365\/tunez-acuerda-un-plan-de-mejora-de-la-seguridad-para-evitar-la-caida-del-turismo\/#listItem","position":3,"name":"T\u00fanez acuerda un plan de mejora de la seguridad para evitar la ca\u00edda del turismo","previousItem":{"@type":"ListItem","@id":"https:\/\/eldigitaldeasturias.com\/magazine365\/category\/noticias-actualidad\/#listItem","name":"Noticias y Actualidad"}}]},{"@type":"Organization","@id":"https:\/\/eldigitaldeasturias.com\/magazine365\/#organization","name":"El digital de Asturias","description":"Revista de ocio, turismo y estilo de vida","url":"https:\/\/eldigitaldeasturias.com\/magazine365\/","logo":{"@type":"ImageObject","url":"https:\/\/www.eldigitaldeasturias.com\/noticias\/wp-content\/uploads\/2020\/12\/EDA.jpg","@id":"https:\/\/eldigitaldeasturias.com\/magazine365\/tunez-acuerda-un-plan-de-mejora-de-la-seguridad-para-evitar-la-caida-del-turismo\/#organizationLogo"},"image":{"@id":"https:\/\/eldigitaldeasturias.com\/magazine365\/tunez-acuerda-un-plan-de-mejora-de-la-seguridad-para-evitar-la-caida-del-turismo\/#organizationLogo"}},{"@type":"Person","@id":"https:\/\/eldigitaldeasturias.com\/magazine365\/author\/admin\/#author","url":"https:\/\/eldigitaldeasturias.com\/magazine365\/author\/admin\/","name":"admin","image":{"@type":"ImageObject","@id":"https:\/\/eldigitaldeasturias.com\/magazine365\/tunez-acuerda-un-plan-de-mejora-de-la-seguridad-para-evitar-la-caida-del-turismo\/#authorImage","url":"https:\/\/eldigitaldeasturias.com\/magazine365\/wp-content\/litespeed\/avatar\/e571bcf59a0edd6fa6838245a470f2fe.jpg?ver=1776969259","width":96,"height":96,"caption":"admin"}},{"@type":"WebPage","@id":"https:\/\/eldigitaldeasturias.com\/magazine365\/tunez-acuerda-un-plan-de-mejora-de-la-seguridad-para-evitar-la-caida-del-turismo\/#webpage","url":"https:\/\/eldigitaldeasturias.com\/magazine365\/tunez-acuerda-un-plan-de-mejora-de-la-seguridad-para-evitar-la-caida-del-turismo\/","name":"T\u00fanez acuerda un plan de mejora de la seguridad para evitar la ca\u00edda del turismo | El Digital de Asturias","description":"El embajador de T\u00fanez en Espa\u00f1a, Wacef Chiha, y el director general de la Oficina Nacional de Turismo, Abdellatif Hamam, han asegurado este mi\u00e9rcoles que el Ministerio de Turismo y el Ministerio de Interior han llegado a un acuerdo para implantar nuevas medidas de seguridad en el pa\u00eds, sobre todo en el terreno que afecta","inLanguage":"es-ES","isPartOf":{"@id":"https:\/\/eldigitaldeasturias.com\/magazine365\/#website"},"breadcrumb":{"@id":"https:\/\/eldigitaldeasturias.com\/magazine365\/tunez-acuerda-un-plan-de-mejora-de-la-seguridad-para-evitar-la-caida-del-turismo\/#breadcrumblist"},"author":{"@id":"https:\/\/eldigitaldeasturias.com\/magazine365\/author\/admin\/#author"},"creator":{"@id":"https:\/\/eldigitaldeasturias.com\/magazine365\/author\/admin\/#author"},"image":{"@type":"ImageObject","url":"https:\/\/eldigitaldeasturias.com\/magazine365\/wp-content\/uploads\/2016\/01\/fotonoticia_20160120201812_800.jpg","@id":"https:\/\/eldigitaldeasturias.com\/magazine365\/tunez-acuerda-un-plan-de-mejora-de-la-seguridad-para-evitar-la-caida-del-turismo\/#mainImage","width":800,"height":558},"primaryImageOfPage":{"@id":"https:\/\/eldigitaldeasturias.com\/magazine365\/tunez-acuerda-un-plan-de-mejora-de-la-seguridad-para-evitar-la-caida-del-turismo\/#mainImage"},"datePublished":"2016-01-22T18:30:52+01:00","dateModified":"2016-01-22T18:30:52+01:00"},{"@type":"WebSite","@id":"https:\/\/eldigitaldeasturias.com\/magazine365\/#website","url":"https:\/\/eldigitaldeasturias.com\/magazine365\/","name":"El Digital de Asturias","description":"Revista de ocio, turismo y estilo de vida","inLanguage":"es-ES","publisher":{"@id":"https:\/\/eldigitaldeasturias.com\/magazine365\/#organization"}}]},"og:locale":"es_ES","og:site_name":"El Digital de Asturias \u2013 Revista de ocio, turismo y estilo de vida","og:type":"article","og:title":"T\u00fanez acuerda un plan de mejora de la seguridad para evitar la ca\u00edda del turismo | El Digital de Asturias","og:description":"El embajador de T\u00fanez en Espa\u00f1a, Wacef Chiha, y el director general de la Oficina Nacional de Turismo, Abdellatif Hamam, han asegurado este mi\u00e9rcoles que el Ministerio de Turismo y el Ministerio de Interior han llegado a un acuerdo para implantar nuevas medidas de seguridad en el pa\u00eds, sobre todo en el terreno que afecta","og:url":"https:\/\/eldigitaldeasturias.com\/magazine365\/tunez-acuerda-un-plan-de-mejora-de-la-seguridad-para-evitar-la-caida-del-turismo\/","og:image":"https:\/\/eldigitaldeasturias.com\/magazine365\/wp-content\/uploads\/2016\/01\/fotonoticia_20160120201812_800.jpg","og:image:secure_url":"https:\/\/eldigitaldeasturias.com\/magazine365\/wp-content\/uploads\/2016\/01\/fotonoticia_20160120201812_800.jpg","og:image:width":800,"og:image:height":558,"article:published_time":"2016-01-22T17:30:52+00:00","article:modified_time":"2016-01-22T17:30:52+00:00","twitter:card":"summary_large_image","twitter:title":"T\u00fanez acuerda un plan de mejora de la seguridad para evitar la ca\u00edda del turismo | El Digital de Asturias","twitter:description":"El embajador de T\u00fanez en Espa\u00f1a, Wacef Chiha, y el director general de la Oficina Nacional de Turismo, Abdellatif Hamam, han asegurado este mi\u00e9rcoles que el Ministerio de Turismo y el Ministerio de Interior han llegado a un acuerdo para implantar nuevas medidas de seguridad en el pa\u00eds, sobre todo en el terreno que afecta","twitter:image":"https:\/\/eldigitaldeasturias.com\/magazine365\/wp-content\/uploads\/2016\/01\/fotonoticia_20160120201812_800.jpg"},"aioseo_meta_data":{"post_id":"61526","title":null,"description":null,"keywords":null,"keyphrases":null,"primary_term":null,"canonical_url":null,"og_title":null,"og_description":null,"og_object_type":"default","og_image_type":"default","og_image_url":null,"og_image_width":null,"og_image_height":null,"og_image_custom_url":null,"og_image_custom_fields":null,"og_video":null,"og_custom_url":null,"og_article_section":null,"og_article_tags":null,"twitter_use_og":false,"twitter_card":"default","twitter_image_type":"default","twitter_image_url":null,"twitter_image_custom_url":null,"twitter_image_custom_fields":null,"twitter_title":null,"twitter_description":null,"schema":{"blockGraphs":[],"customGraphs":[],"default":{"data":{"Article":[],"Course":[],"Dataset":[],"FAQPage":[],"Movie":[],"Person":[],"Product":[],"ProductReview":[],"Car":[],"Recipe":[],"Service":[],"SoftwareApplication":[],"WebPage":[]},"graphName":"","isEnabled":true},"graphs":[],"defaultGraph":"","defaultPostTypeGraph":""},"schema_type":null,"schema_type_options":null,"pillar_content":false,"robots_default":true,"robots_noindex":false,"robots_noarchive":false,"robots_nosnippet":false,"robots_nofollow":false,"robots_noimageindex":false,"robots_noodp":false,"robots_notranslate":false,"robots_max_snippet":null,"robots_max_videopreview":null,"robots_max_imagepreview":"large","priority":null,"frequency":null,"location":null,"local_seo":null,"seo_analyzer_scan_date":"2025-09-25 09:10:00","breadcrumb_settings":null,"limit_modified_date":false,"open_ai":null,"ai":null,"created":"2021-03-08 21:48:43","updated":"2025-09-25 09:10:00"},"aioseo_breadcrumb":"<div class=\"aioseo-breadcrumbs\"><span class=\"aioseo-breadcrumb\">\n\t<a href=\"https:\/\/eldigitaldeasturias.com\/magazine365\" title=\"Home\">Home<\/a>\n<\/span><span class=\"aioseo-breadcrumb-separator\">\u2013<\/span><span class=\"aioseo-breadcrumb\">\n\t<a href=\"https:\/\/eldigitaldeasturias.com\/magazine365\/category\/noticias-actualidad\/\" title=\"Noticias y Actualidad\">Noticias y Actualidad<\/a>\n<\/span><span class=\"aioseo-breadcrumb-separator\">\u2013<\/span><span class=\"aioseo-breadcrumb\">\n\t<a href=\"https:\/\/eldigitaldeasturias.com\/magazine365\/tunez-acuerda-un-plan-de-mejora-de-la-seguridad-para-evitar-la-caida-del-turismo\/\" title=\"T\u00fanez acuerda un plan de mejora de la seguridad para evitar la ca\u00edda del turismo\">T\u00fanez acuerda un plan de mejora de la seguridad para evitar la ca\u00edda del turismo<\/a>\n<\/span><\/div>","aioseo_breadcrumb_json":[{"label":"Home","link":"https:\/\/eldigitaldeasturias.com\/magazine365"},{"label":"Noticias y Actualidad","link":"https:\/\/eldigitaldeasturias.com\/magazine365\/category\/noticias-actualidad\/"},{"label":"T\u00fanez acuerda un plan de mejora de la seguridad para evitar la ca\u00edda del turismo","link":"https:\/\/eldigitaldeasturias.com\/magazine365\/tunez-acuerda-un-plan-de-mejora-de-la-seguridad-para-evitar-la-caida-del-turismo\/"}],"_links":{"self":[{"href":"https:\/\/eldigitaldeasturias.com\/magazine365\/wp-json\/wp\/v2\/posts\/61526","targetHints":{"allow":["GET"]}}],"collection":[{"href":"https:\/\/eldigitaldeasturias.com\/magazine365\/wp-json\/wp\/v2\/posts"}],"about":[{"href":"https:\/\/eldigitaldeasturias.com\/magazine365\/wp-json\/wp\/v2\/types\/post"}],"author":[{"embeddable":true,"href":"https:\/\/eldigitaldeasturias.com\/magazine365\/wp-json\/wp\/v2\/users\/1"}],"replies":[{"embeddable":true,"href":"https:\/\/eldigitaldeasturias.com\/magazine365\/wp-json\/wp\/v2\/comments?post=61526"}],"version-history":[{"count":0,"href":"https:\/\/eldigitaldeasturias.com\/magazine365\/wp-json\/wp\/v2\/posts\/61526\/revisions"}],"wp:featuredmedia":[{"embeddable":true,"href":"https:\/\/eldigitaldeasturias.com\/magazine365\/wp-json\/wp\/v2\/media\/61517"}],"wp:attachment":[{"href":"https:\/\/eldigitaldeasturias.com\/magazine365\/wp-json\/wp\/v2\/media?parent=61526"}],"wp:term":[{"taxonomy":"category","embeddable":true,"href":"https:\/\/eldigitaldeasturias.com\/magazine365\/wp-json\/wp\/v2\/categories?post=61526"},{"taxonomy":"post_tag","embeddable":true,"href":"https:\/\/eldigitaldeasturias.com\/magazine365\/wp-json\/wp\/v2\/tags?post=61526"}],"curies":[{"name":"wp","href":"https:\/\/api.w.org\/{rel}","templated":true}]}}