{"id":61524,"date":"2016-01-22T18:30:21","date_gmt":"2016-01-22T17:30:21","guid":{"rendered":"http:\/\/eldigitaldeasturias.com\/magazine365\/?p=61524"},"modified":"2016-01-22T18:30:21","modified_gmt":"2016-01-22T17:30:21","slug":"el-ministerio-de-agricultura-quiere-que-la-actividad-turistica-sea-un-escaparate-del-sector-agroalimentario","status":"publish","type":"post","link":"https:\/\/eldigitaldeasturias.com\/magazine365\/el-ministerio-de-agricultura-quiere-que-la-actividad-turistica-sea-un-escaparate-del-sector-agroalimentario\/","title":{"rendered":"El Ministerio de Agricultura quiere que la actividad tur\u00edstica sea \u00abun escaparate\u00bb del sector agroalimentario"},"content":{"rendered":"<p>El secretario general del Agricultura y Alimentaci\u00f3n, Carlos Cabanas, ha afirmado que uno de los ejes conductores de las actividades del Ministerio de Agricultura, Alimentaci\u00f3n y Medio Ambiente en los \u00faltimos a\u00f1os ha sido vincular los alimentos con la gastronom\u00eda y el turismo para que la actividad tur\u00edstica sea \u00abun escaparate\u00bb del sector agroalimentario de este pa\u00eds.<\/p>\n<p>   El objetivo de vincular los alimentos espa\u00f1oles con la gastronom\u00eda y el turismo es \u00abaprovechar el potencial tur\u00edstico de Espa\u00f1a\u00bb para que los visitantes conozcan los productos de espa\u00f1oles, adem\u00e1s de los paisajes.<\/p>\n<p>   La promoci\u00f3n de los alimentos espa\u00f1oles es uno de los ejes prioritarios en el Plan Estrat\u00e9gico de Internacionalizaci\u00f3n de la Industria Agroalimentaria espa\u00f1ola, puesto en marcha en 2012 para incidir en el concepto del \u00abtrinomio\u00bb formado por la alimentaci\u00f3n, la gastronom\u00eda y el turismo, ha explicado Cabanas en la inauguraci\u00f3n de la conferencia institucional &#8216;Viaja por los paisajes y sabores de Espa\u00f1a&#8217; en el stand del Ministerio de Agricultura en Fitur.<\/p>\n<p>   Cabanas se ha referido a las \u00abgrandes posibilidades\u00bb que ofrece este \u00abtrinomio\u00bb, no solamente a los visitantes, sino tambi\u00e9n a las empresas espa\u00f1olas a la hora de explorar al m\u00e1ximo su potencial de ventas en el exterior. Seg\u00fan ha contado, m\u00e1s de siete millones de personas de los casi 65 millones que visitan Espa\u00f1a se\u00f1alan que la motivaci\u00f3n de su viaje es la gastronom\u00eda.<\/p>\n<p>   El secretario general ha apuntado que las Denominaciones de Origen e Indicaciones Geogr\u00e1ficas Protegidas \u00abdibujan el mapa de la alimentaci\u00f3n, la gastronom\u00eda y el turismo en Espa\u00f1a\u00bb y ha destacado que el conjunto de la gastronom\u00eda de alimentos de calidad diferenciada, los caminos naturales, los espacios naturales protegidos y el turismo rural forman un gran paquete tur\u00edstico de alto valor.<\/p>\n","protected":false},"excerpt":{"rendered":"<p>El secretario general del Agricultura y Alimentaci\u00f3n, Carlos Cabanas, ha afirmado que uno de los ejes conductores de las actividades del Ministerio de Agricultura, Alimentaci\u00f3n y Medio Ambiente en los \u00faltimos a\u00f1os ha sido vincular los alimentos con la gastronom\u00eda y el turismo para que la actividad tur\u00edstica sea \u00abun escaparate\u00bb del sector agroalimentario de<\/p>\n","protected":false},"author":1,"featured_media":61482,"comment_status":"open","ping_status":"closed","sticky":false,"template":"","format":"standard","meta":{"footnotes":""},"categories":[224],"tags":[],"class_list":{"0":"post-61524","1":"post","2":"type-post","3":"status-publish","4":"format-standard","5":"has-post-thumbnail","7":"category-noticias-actualidad"},"aioseo_notices":[],"aioseo_head":"\n\t\t<!-- All in One SEO Pro 4.9.6.1 - aioseo.com -->\n\t<meta name=\"description\" content=\"El secretario general del Agricultura y Alimentaci\u00f3n, Carlos Cabanas, ha afirmado que uno de los ejes conductores de las actividades del Ministerio de Agricultura, Alimentaci\u00f3n y Medio Ambiente en los \u00faltimos a\u00f1os ha sido vincular los alimentos con la gastronom\u00eda y el turismo para que la actividad tur\u00edstica sea &quot;un escaparate&quot; del sector agroalimentario de\" \/>\n\t<meta name=\"robots\" content=\"max-image-preview:large\" \/>\n\t<meta name=\"author\" content=\"admin\"\/>\n\t<meta name=\"google-site-verification\" content=\"UA-38556648-1\" \/>\n\t<meta name=\"keywords\" content=\"noticias y actualidad\" \/>\n\t<link rel=\"canonical\" href=\"https:\/\/eldigitaldeasturias.com\/magazine365\/el-ministerio-de-agricultura-quiere-que-la-actividad-turistica-sea-un-escaparate-del-sector-agroalimentario\/\" \/>\n\t<meta name=\"generator\" content=\"All in One SEO Pro (AIOSEO) 4.9.6.1\" \/>\n\t\t<meta property=\"og:locale\" content=\"es_ES\" \/>\n\t\t<meta property=\"og:site_name\" content=\"El Digital de Asturias \u2013 Revista de ocio, turismo y estilo de vida\" \/>\n\t\t<meta property=\"og:type\" content=\"article\" \/>\n\t\t<meta property=\"og:title\" content=\"El Ministerio de Agricultura quiere que la actividad tur\u00edstica sea \u00abun escaparate\u00bb del sector agroalimentario | El Digital de Asturias\" \/>\n\t\t<meta property=\"og:description\" content=\"El secretario general del Agricultura y Alimentaci\u00f3n, Carlos Cabanas, ha afirmado que uno de los ejes conductores de las actividades del Ministerio de Agricultura, Alimentaci\u00f3n y Medio Ambiente en los \u00faltimos a\u00f1os ha sido vincular los alimentos con la gastronom\u00eda y el turismo para que la actividad tur\u00edstica sea &quot;un escaparate&quot; del sector agroalimentario de\" \/>\n\t\t<meta property=\"og:url\" content=\"https:\/\/eldigitaldeasturias.com\/magazine365\/el-ministerio-de-agricultura-quiere-que-la-actividad-turistica-sea-un-escaparate-del-sector-agroalimentario\/\" \/>\n\t\t<meta property=\"og:image\" content=\"https:\/\/eldigitaldeasturias.com\/magazine365\/wp-content\/uploads\/2016\/01\/fotonoticia_20160120185827_800.jpg\" \/>\n\t\t<meta property=\"og:image:secure_url\" content=\"https:\/\/eldigitaldeasturias.com\/magazine365\/wp-content\/uploads\/2016\/01\/fotonoticia_20160120185827_800.jpg\" \/>\n\t\t<meta property=\"og:image:width\" content=\"800\" \/>\n\t\t<meta property=\"og:image:height\" content=\"533\" \/>\n\t\t<meta property=\"article:published_time\" content=\"2016-01-22T17:30:21+00:00\" \/>\n\t\t<meta property=\"article:modified_time\" content=\"2016-01-22T17:30:21+00:00\" \/>\n\t\t<meta name=\"twitter:card\" content=\"summary_large_image\" \/>\n\t\t<meta name=\"twitter:title\" content=\"El Ministerio de Agricultura quiere que la actividad tur\u00edstica sea \u00abun escaparate\u00bb del sector agroalimentario | El Digital de Asturias\" \/>\n\t\t<meta name=\"twitter:description\" content=\"El secretario general del Agricultura y Alimentaci\u00f3n, Carlos Cabanas, ha afirmado que uno de los ejes conductores de las actividades del Ministerio de Agricultura, Alimentaci\u00f3n y Medio Ambiente en los \u00faltimos a\u00f1os ha sido vincular los alimentos con la gastronom\u00eda y el turismo para que la actividad tur\u00edstica sea &quot;un escaparate&quot; del sector agroalimentario de\" \/>\n\t\t<meta name=\"twitter:image\" content=\"https:\/\/eldigitaldeasturias.com\/magazine365\/wp-content\/uploads\/2016\/01\/fotonoticia_20160120185827_800.jpg\" \/>\n\t\t<script type=\"application\/ld+json\" class=\"aioseo-schema\">\n\t\t\t{\"@context\":\"https:\\\/\\\/schema.org\",\"@graph\":[{\"@type\":\"Article\",\"@id\":\"https:\\\/\\\/eldigitaldeasturias.com\\\/magazine365\\\/el-ministerio-de-agricultura-quiere-que-la-actividad-turistica-sea-un-escaparate-del-sector-agroalimentario\\\/#article\",\"name\":\"El Ministerio de Agricultura quiere que la actividad tur\\u00edstica sea \\u00abun escaparate\\u00bb del sector agroalimentario | El Digital de Asturias\",\"headline\":\"El Ministerio de Agricultura quiere que la actividad tur\\u00edstica sea \\u00abun escaparate\\u00bb del sector agroalimentario\",\"author\":{\"@id\":\"https:\\\/\\\/eldigitaldeasturias.com\\\/magazine365\\\/author\\\/admin\\\/#author\"},\"publisher\":{\"@id\":\"https:\\\/\\\/eldigitaldeasturias.com\\\/magazine365\\\/#organization\"},\"image\":{\"@type\":\"ImageObject\",\"url\":\"https:\\\/\\\/eldigitaldeasturias.com\\\/magazine365\\\/wp-content\\\/uploads\\\/2016\\\/01\\\/fotonoticia_20160120185827_800.jpg\",\"width\":800,\"height\":533},\"datePublished\":\"2016-01-22T18:30:21+01:00\",\"dateModified\":\"2016-01-22T18:30:21+01:00\",\"inLanguage\":\"es-ES\",\"mainEntityOfPage\":{\"@id\":\"https:\\\/\\\/eldigitaldeasturias.com\\\/magazine365\\\/el-ministerio-de-agricultura-quiere-que-la-actividad-turistica-sea-un-escaparate-del-sector-agroalimentario\\\/#webpage\"},\"isPartOf\":{\"@id\":\"https:\\\/\\\/eldigitaldeasturias.com\\\/magazine365\\\/el-ministerio-de-agricultura-quiere-que-la-actividad-turistica-sea-un-escaparate-del-sector-agroalimentario\\\/#webpage\"},\"articleSection\":\"Noticias y Actualidad\"},{\"@type\":\"BreadcrumbList\",\"@id\":\"https:\\\/\\\/eldigitaldeasturias.com\\\/magazine365\\\/el-ministerio-de-agricultura-quiere-que-la-actividad-turistica-sea-un-escaparate-del-sector-agroalimentario\\\/#breadcrumblist\",\"itemListElement\":[{\"@type\":\"ListItem\",\"@id\":\"https:\\\/\\\/eldigitaldeasturias.com\\\/magazine365#listItem\",\"position\":1,\"name\":\"Home\",\"item\":\"https:\\\/\\\/eldigitaldeasturias.com\\\/magazine365\",\"nextItem\":{\"@type\":\"ListItem\",\"@id\":\"https:\\\/\\\/eldigitaldeasturias.com\\\/magazine365\\\/category\\\/noticias-actualidad\\\/#listItem\",\"name\":\"Noticias y Actualidad\"}},{\"@type\":\"ListItem\",\"@id\":\"https:\\\/\\\/eldigitaldeasturias.com\\\/magazine365\\\/category\\\/noticias-actualidad\\\/#listItem\",\"position\":2,\"name\":\"Noticias y Actualidad\",\"item\":\"https:\\\/\\\/eldigitaldeasturias.com\\\/magazine365\\\/category\\\/noticias-actualidad\\\/\",\"nextItem\":{\"@type\":\"ListItem\",\"@id\":\"https:\\\/\\\/eldigitaldeasturias.com\\\/magazine365\\\/el-ministerio-de-agricultura-quiere-que-la-actividad-turistica-sea-un-escaparate-del-sector-agroalimentario\\\/#listItem\",\"name\":\"El Ministerio de Agricultura quiere que la actividad tur\\u00edstica sea \\u00abun escaparate\\u00bb del sector agroalimentario\"},\"previousItem\":{\"@type\":\"ListItem\",\"@id\":\"https:\\\/\\\/eldigitaldeasturias.com\\\/magazine365#listItem\",\"name\":\"Home\"}},{\"@type\":\"ListItem\",\"@id\":\"https:\\\/\\\/eldigitaldeasturias.com\\\/magazine365\\\/el-ministerio-de-agricultura-quiere-que-la-actividad-turistica-sea-un-escaparate-del-sector-agroalimentario\\\/#listItem\",\"position\":3,\"name\":\"El Ministerio de Agricultura quiere que la actividad tur\\u00edstica sea \\u00abun escaparate\\u00bb del sector agroalimentario\",\"previousItem\":{\"@type\":\"ListItem\",\"@id\":\"https:\\\/\\\/eldigitaldeasturias.com\\\/magazine365\\\/category\\\/noticias-actualidad\\\/#listItem\",\"name\":\"Noticias y Actualidad\"}}]},{\"@type\":\"Organization\",\"@id\":\"https:\\\/\\\/eldigitaldeasturias.com\\\/magazine365\\\/#organization\",\"name\":\"El digital de Asturias\",\"description\":\"Revista de ocio, turismo y estilo de vida\",\"url\":\"https:\\\/\\\/eldigitaldeasturias.com\\\/magazine365\\\/\",\"logo\":{\"@type\":\"ImageObject\",\"url\":\"https:\\\/\\\/www.eldigitaldeasturias.com\\\/noticias\\\/wp-content\\\/uploads\\\/2020\\\/12\\\/EDA.jpg\",\"@id\":\"https:\\\/\\\/eldigitaldeasturias.com\\\/magazine365\\\/el-ministerio-de-agricultura-quiere-que-la-actividad-turistica-sea-un-escaparate-del-sector-agroalimentario\\\/#organizationLogo\"},\"image\":{\"@id\":\"https:\\\/\\\/eldigitaldeasturias.com\\\/magazine365\\\/el-ministerio-de-agricultura-quiere-que-la-actividad-turistica-sea-un-escaparate-del-sector-agroalimentario\\\/#organizationLogo\"}},{\"@type\":\"Person\",\"@id\":\"https:\\\/\\\/eldigitaldeasturias.com\\\/magazine365\\\/author\\\/admin\\\/#author\",\"url\":\"https:\\\/\\\/eldigitaldeasturias.com\\\/magazine365\\\/author\\\/admin\\\/\",\"name\":\"admin\",\"image\":{\"@type\":\"ImageObject\",\"@id\":\"https:\\\/\\\/eldigitaldeasturias.com\\\/magazine365\\\/el-ministerio-de-agricultura-quiere-que-la-actividad-turistica-sea-un-escaparate-del-sector-agroalimentario\\\/#authorImage\",\"url\":\"https:\\\/\\\/eldigitaldeasturias.com\\\/magazine365\\\/wp-content\\\/litespeed\\\/avatar\\\/e571bcf59a0edd6fa6838245a470f2fe.jpg?ver=1776969259\",\"width\":96,\"height\":96,\"caption\":\"admin\"}},{\"@type\":\"WebPage\",\"@id\":\"https:\\\/\\\/eldigitaldeasturias.com\\\/magazine365\\\/el-ministerio-de-agricultura-quiere-que-la-actividad-turistica-sea-un-escaparate-del-sector-agroalimentario\\\/#webpage\",\"url\":\"https:\\\/\\\/eldigitaldeasturias.com\\\/magazine365\\\/el-ministerio-de-agricultura-quiere-que-la-actividad-turistica-sea-un-escaparate-del-sector-agroalimentario\\\/\",\"name\":\"El Ministerio de Agricultura quiere que la actividad tur\\u00edstica sea \\u00abun escaparate\\u00bb del sector agroalimentario | El Digital de Asturias\",\"description\":\"El secretario general del Agricultura y Alimentaci\\u00f3n, Carlos Cabanas, ha afirmado que uno de los ejes conductores de las actividades del Ministerio de Agricultura, Alimentaci\\u00f3n y Medio Ambiente en los \\u00faltimos a\\u00f1os ha sido vincular los alimentos con la gastronom\\u00eda y el turismo para que la actividad tur\\u00edstica sea \\\"un escaparate\\\" del sector agroalimentario de\",\"inLanguage\":\"es-ES\",\"isPartOf\":{\"@id\":\"https:\\\/\\\/eldigitaldeasturias.com\\\/magazine365\\\/#website\"},\"breadcrumb\":{\"@id\":\"https:\\\/\\\/eldigitaldeasturias.com\\\/magazine365\\\/el-ministerio-de-agricultura-quiere-que-la-actividad-turistica-sea-un-escaparate-del-sector-agroalimentario\\\/#breadcrumblist\"},\"author\":{\"@id\":\"https:\\\/\\\/eldigitaldeasturias.com\\\/magazine365\\\/author\\\/admin\\\/#author\"},\"creator\":{\"@id\":\"https:\\\/\\\/eldigitaldeasturias.com\\\/magazine365\\\/author\\\/admin\\\/#author\"},\"image\":{\"@type\":\"ImageObject\",\"url\":\"https:\\\/\\\/eldigitaldeasturias.com\\\/magazine365\\\/wp-content\\\/uploads\\\/2016\\\/01\\\/fotonoticia_20160120185827_800.jpg\",\"@id\":\"https:\\\/\\\/eldigitaldeasturias.com\\\/magazine365\\\/el-ministerio-de-agricultura-quiere-que-la-actividad-turistica-sea-un-escaparate-del-sector-agroalimentario\\\/#mainImage\",\"width\":800,\"height\":533},\"primaryImageOfPage\":{\"@id\":\"https:\\\/\\\/eldigitaldeasturias.com\\\/magazine365\\\/el-ministerio-de-agricultura-quiere-que-la-actividad-turistica-sea-un-escaparate-del-sector-agroalimentario\\\/#mainImage\"},\"datePublished\":\"2016-01-22T18:30:21+01:00\",\"dateModified\":\"2016-01-22T18:30:21+01:00\"},{\"@type\":\"WebSite\",\"@id\":\"https:\\\/\\\/eldigitaldeasturias.com\\\/magazine365\\\/#website\",\"url\":\"https:\\\/\\\/eldigitaldeasturias.com\\\/magazine365\\\/\",\"name\":\"El Digital de Asturias\",\"description\":\"Revista de ocio, turismo y estilo de vida\",\"inLanguage\":\"es-ES\",\"publisher\":{\"@id\":\"https:\\\/\\\/eldigitaldeasturias.com\\\/magazine365\\\/#organization\"}}]}\n\t\t<\/script>\n\t\t<!-- All in One SEO Pro -->\r\n\t\t<title>El Ministerio de Agricultura quiere que la actividad tur\u00edstica sea \u00abun escaparate\u00bb del sector agroalimentario | El Digital de Asturias<\/title>\n\n","aioseo_head_json":{"title":"El Ministerio de Agricultura quiere que la actividad tur\u00edstica sea \u00abun escaparate\u00bb del sector agroalimentario | El Digital de Asturias","description":"El secretario general del Agricultura y Alimentaci\u00f3n, Carlos Cabanas, ha afirmado que uno de los ejes conductores de las actividades del Ministerio de Agricultura, Alimentaci\u00f3n y Medio Ambiente en los \u00faltimos a\u00f1os ha sido vincular los alimentos con la gastronom\u00eda y el turismo para que la actividad tur\u00edstica sea \"un escaparate\" del sector agroalimentario de","canonical_url":"https:\/\/eldigitaldeasturias.com\/magazine365\/el-ministerio-de-agricultura-quiere-que-la-actividad-turistica-sea-un-escaparate-del-sector-agroalimentario\/","robots":"max-image-preview:large","keywords":"noticias y actualidad","webmasterTools":{"google-site-verification":"UA-38556648-1","miscellaneous":""},"schema":{"@context":"https:\/\/schema.org","@graph":[{"@type":"Article","@id":"https:\/\/eldigitaldeasturias.com\/magazine365\/el-ministerio-de-agricultura-quiere-que-la-actividad-turistica-sea-un-escaparate-del-sector-agroalimentario\/#article","name":"El Ministerio de Agricultura quiere que la actividad tur\u00edstica sea \u00abun escaparate\u00bb del sector agroalimentario | El Digital de Asturias","headline":"El Ministerio de Agricultura quiere que la actividad tur\u00edstica sea \u00abun escaparate\u00bb del sector agroalimentario","author":{"@id":"https:\/\/eldigitaldeasturias.com\/magazine365\/author\/admin\/#author"},"publisher":{"@id":"https:\/\/eldigitaldeasturias.com\/magazine365\/#organization"},"image":{"@type":"ImageObject","url":"https:\/\/eldigitaldeasturias.com\/magazine365\/wp-content\/uploads\/2016\/01\/fotonoticia_20160120185827_800.jpg","width":800,"height":533},"datePublished":"2016-01-22T18:30:21+01:00","dateModified":"2016-01-22T18:30:21+01:00","inLanguage":"es-ES","mainEntityOfPage":{"@id":"https:\/\/eldigitaldeasturias.com\/magazine365\/el-ministerio-de-agricultura-quiere-que-la-actividad-turistica-sea-un-escaparate-del-sector-agroalimentario\/#webpage"},"isPartOf":{"@id":"https:\/\/eldigitaldeasturias.com\/magazine365\/el-ministerio-de-agricultura-quiere-que-la-actividad-turistica-sea-un-escaparate-del-sector-agroalimentario\/#webpage"},"articleSection":"Noticias y Actualidad"},{"@type":"BreadcrumbList","@id":"https:\/\/eldigitaldeasturias.com\/magazine365\/el-ministerio-de-agricultura-quiere-que-la-actividad-turistica-sea-un-escaparate-del-sector-agroalimentario\/#breadcrumblist","itemListElement":[{"@type":"ListItem","@id":"https:\/\/eldigitaldeasturias.com\/magazine365#listItem","position":1,"name":"Home","item":"https:\/\/eldigitaldeasturias.com\/magazine365","nextItem":{"@type":"ListItem","@id":"https:\/\/eldigitaldeasturias.com\/magazine365\/category\/noticias-actualidad\/#listItem","name":"Noticias y Actualidad"}},{"@type":"ListItem","@id":"https:\/\/eldigitaldeasturias.com\/magazine365\/category\/noticias-actualidad\/#listItem","position":2,"name":"Noticias y Actualidad","item":"https:\/\/eldigitaldeasturias.com\/magazine365\/category\/noticias-actualidad\/","nextItem":{"@type":"ListItem","@id":"https:\/\/eldigitaldeasturias.com\/magazine365\/el-ministerio-de-agricultura-quiere-que-la-actividad-turistica-sea-un-escaparate-del-sector-agroalimentario\/#listItem","name":"El Ministerio de Agricultura quiere que la actividad tur\u00edstica sea \u00abun escaparate\u00bb del sector agroalimentario"},"previousItem":{"@type":"ListItem","@id":"https:\/\/eldigitaldeasturias.com\/magazine365#listItem","name":"Home"}},{"@type":"ListItem","@id":"https:\/\/eldigitaldeasturias.com\/magazine365\/el-ministerio-de-agricultura-quiere-que-la-actividad-turistica-sea-un-escaparate-del-sector-agroalimentario\/#listItem","position":3,"name":"El Ministerio de Agricultura quiere que la actividad tur\u00edstica sea \u00abun escaparate\u00bb del sector agroalimentario","previousItem":{"@type":"ListItem","@id":"https:\/\/eldigitaldeasturias.com\/magazine365\/category\/noticias-actualidad\/#listItem","name":"Noticias y Actualidad"}}]},{"@type":"Organization","@id":"https:\/\/eldigitaldeasturias.com\/magazine365\/#organization","name":"El digital de Asturias","description":"Revista de ocio, turismo y estilo de vida","url":"https:\/\/eldigitaldeasturias.com\/magazine365\/","logo":{"@type":"ImageObject","url":"https:\/\/www.eldigitaldeasturias.com\/noticias\/wp-content\/uploads\/2020\/12\/EDA.jpg","@id":"https:\/\/eldigitaldeasturias.com\/magazine365\/el-ministerio-de-agricultura-quiere-que-la-actividad-turistica-sea-un-escaparate-del-sector-agroalimentario\/#organizationLogo"},"image":{"@id":"https:\/\/eldigitaldeasturias.com\/magazine365\/el-ministerio-de-agricultura-quiere-que-la-actividad-turistica-sea-un-escaparate-del-sector-agroalimentario\/#organizationLogo"}},{"@type":"Person","@id":"https:\/\/eldigitaldeasturias.com\/magazine365\/author\/admin\/#author","url":"https:\/\/eldigitaldeasturias.com\/magazine365\/author\/admin\/","name":"admin","image":{"@type":"ImageObject","@id":"https:\/\/eldigitaldeasturias.com\/magazine365\/el-ministerio-de-agricultura-quiere-que-la-actividad-turistica-sea-un-escaparate-del-sector-agroalimentario\/#authorImage","url":"https:\/\/eldigitaldeasturias.com\/magazine365\/wp-content\/litespeed\/avatar\/e571bcf59a0edd6fa6838245a470f2fe.jpg?ver=1776969259","width":96,"height":96,"caption":"admin"}},{"@type":"WebPage","@id":"https:\/\/eldigitaldeasturias.com\/magazine365\/el-ministerio-de-agricultura-quiere-que-la-actividad-turistica-sea-un-escaparate-del-sector-agroalimentario\/#webpage","url":"https:\/\/eldigitaldeasturias.com\/magazine365\/el-ministerio-de-agricultura-quiere-que-la-actividad-turistica-sea-un-escaparate-del-sector-agroalimentario\/","name":"El Ministerio de Agricultura quiere que la actividad tur\u00edstica sea \u00abun escaparate\u00bb del sector agroalimentario | El Digital de Asturias","description":"El secretario general del Agricultura y Alimentaci\u00f3n, Carlos Cabanas, ha afirmado que uno de los ejes conductores de las actividades del Ministerio de Agricultura, Alimentaci\u00f3n y Medio Ambiente en los \u00faltimos a\u00f1os ha sido vincular los alimentos con la gastronom\u00eda y el turismo para que la actividad tur\u00edstica sea \"un escaparate\" del sector agroalimentario de","inLanguage":"es-ES","isPartOf":{"@id":"https:\/\/eldigitaldeasturias.com\/magazine365\/#website"},"breadcrumb":{"@id":"https:\/\/eldigitaldeasturias.com\/magazine365\/el-ministerio-de-agricultura-quiere-que-la-actividad-turistica-sea-un-escaparate-del-sector-agroalimentario\/#breadcrumblist"},"author":{"@id":"https:\/\/eldigitaldeasturias.com\/magazine365\/author\/admin\/#author"},"creator":{"@id":"https:\/\/eldigitaldeasturias.com\/magazine365\/author\/admin\/#author"},"image":{"@type":"ImageObject","url":"https:\/\/eldigitaldeasturias.com\/magazine365\/wp-content\/uploads\/2016\/01\/fotonoticia_20160120185827_800.jpg","@id":"https:\/\/eldigitaldeasturias.com\/magazine365\/el-ministerio-de-agricultura-quiere-que-la-actividad-turistica-sea-un-escaparate-del-sector-agroalimentario\/#mainImage","width":800,"height":533},"primaryImageOfPage":{"@id":"https:\/\/eldigitaldeasturias.com\/magazine365\/el-ministerio-de-agricultura-quiere-que-la-actividad-turistica-sea-un-escaparate-del-sector-agroalimentario\/#mainImage"},"datePublished":"2016-01-22T18:30:21+01:00","dateModified":"2016-01-22T18:30:21+01:00"},{"@type":"WebSite","@id":"https:\/\/eldigitaldeasturias.com\/magazine365\/#website","url":"https:\/\/eldigitaldeasturias.com\/magazine365\/","name":"El Digital de Asturias","description":"Revista de ocio, turismo y estilo de vida","inLanguage":"es-ES","publisher":{"@id":"https:\/\/eldigitaldeasturias.com\/magazine365\/#organization"}}]},"og:locale":"es_ES","og:site_name":"El Digital de Asturias \u2013 Revista de ocio, turismo y estilo de vida","og:type":"article","og:title":"El Ministerio de Agricultura quiere que la actividad tur\u00edstica sea \u00abun escaparate\u00bb del sector agroalimentario | El Digital de Asturias","og:description":"El secretario general del Agricultura y Alimentaci\u00f3n, Carlos Cabanas, ha afirmado que uno de los ejes conductores de las actividades del Ministerio de Agricultura, Alimentaci\u00f3n y Medio Ambiente en los \u00faltimos a\u00f1os ha sido vincular los alimentos con la gastronom\u00eda y el turismo para que la actividad tur\u00edstica sea &quot;un escaparate&quot; del sector agroalimentario de","og:url":"https:\/\/eldigitaldeasturias.com\/magazine365\/el-ministerio-de-agricultura-quiere-que-la-actividad-turistica-sea-un-escaparate-del-sector-agroalimentario\/","og:image":"https:\/\/eldigitaldeasturias.com\/magazine365\/wp-content\/uploads\/2016\/01\/fotonoticia_20160120185827_800.jpg","og:image:secure_url":"https:\/\/eldigitaldeasturias.com\/magazine365\/wp-content\/uploads\/2016\/01\/fotonoticia_20160120185827_800.jpg","og:image:width":800,"og:image:height":533,"article:published_time":"2016-01-22T17:30:21+00:00","article:modified_time":"2016-01-22T17:30:21+00:00","twitter:card":"summary_large_image","twitter:title":"El Ministerio de Agricultura quiere que la actividad tur\u00edstica sea \u00abun escaparate\u00bb del sector agroalimentario | El Digital de Asturias","twitter:description":"El secretario general del Agricultura y Alimentaci\u00f3n, Carlos Cabanas, ha afirmado que uno de los ejes conductores de las actividades del Ministerio de Agricultura, Alimentaci\u00f3n y Medio Ambiente en los \u00faltimos a\u00f1os ha sido vincular los alimentos con la gastronom\u00eda y el turismo para que la actividad tur\u00edstica sea &quot;un escaparate&quot; del sector agroalimentario de","twitter:image":"https:\/\/eldigitaldeasturias.com\/magazine365\/wp-content\/uploads\/2016\/01\/fotonoticia_20160120185827_800.jpg"},"aioseo_meta_data":{"post_id":"61524","title":null,"description":null,"keywords":null,"keyphrases":null,"primary_term":null,"canonical_url":null,"og_title":null,"og_description":null,"og_object_type":"default","og_image_type":"default","og_image_url":null,"og_image_width":null,"og_image_height":null,"og_image_custom_url":null,"og_image_custom_fields":null,"og_video":null,"og_custom_url":null,"og_article_section":null,"og_article_tags":null,"twitter_use_og":false,"twitter_card":"default","twitter_image_type":"default","twitter_image_url":null,"twitter_image_custom_url":null,"twitter_image_custom_fields":null,"twitter_title":null,"twitter_description":null,"schema":{"blockGraphs":[],"customGraphs":[],"default":{"data":{"Article":[],"Course":[],"Dataset":[],"FAQPage":[],"Movie":[],"Person":[],"Product":[],"ProductReview":[],"Car":[],"Recipe":[],"Service":[],"SoftwareApplication":[],"WebPage":[]},"graphName":"","isEnabled":true},"graphs":[],"defaultGraph":"","defaultPostTypeGraph":""},"schema_type":null,"schema_type_options":null,"pillar_content":false,"robots_default":true,"robots_noindex":false,"robots_noarchive":false,"robots_nosnippet":false,"robots_nofollow":false,"robots_noimageindex":false,"robots_noodp":false,"robots_notranslate":false,"robots_max_snippet":null,"robots_max_videopreview":null,"robots_max_imagepreview":"large","priority":null,"frequency":null,"location":null,"local_seo":null,"seo_analyzer_scan_date":"2025-09-25 09:08:27","breadcrumb_settings":null,"limit_modified_date":false,"open_ai":null,"ai":null,"created":"2021-03-08 21:48:43","updated":"2025-09-25 09:08:27"},"aioseo_breadcrumb":"<div class=\"aioseo-breadcrumbs\"><span class=\"aioseo-breadcrumb\">\n\t<a href=\"https:\/\/eldigitaldeasturias.com\/magazine365\" title=\"Home\">Home<\/a>\n<\/span><span class=\"aioseo-breadcrumb-separator\">\u2013<\/span><span class=\"aioseo-breadcrumb\">\n\t<a href=\"https:\/\/eldigitaldeasturias.com\/magazine365\/category\/noticias-actualidad\/\" title=\"Noticias y Actualidad\">Noticias y Actualidad<\/a>\n<\/span><span class=\"aioseo-breadcrumb-separator\">\u2013<\/span><span class=\"aioseo-breadcrumb\">\n\t<a href=\"https:\/\/eldigitaldeasturias.com\/magazine365\/el-ministerio-de-agricultura-quiere-que-la-actividad-turistica-sea-un-escaparate-del-sector-agroalimentario\/\" title=\"El Ministerio de Agricultura quiere que la actividad tur\u00edstica sea \u00abun escaparate\u00bb del sector agroalimentario\">El Ministerio de Agricultura quiere que la actividad tur\u00edstica sea \u00abun escaparate\u00bb del sector agroalimentario<\/a>\n<\/span><\/div>","aioseo_breadcrumb_json":[{"label":"Home","link":"https:\/\/eldigitaldeasturias.com\/magazine365"},{"label":"Noticias y Actualidad","link":"https:\/\/eldigitaldeasturias.com\/magazine365\/category\/noticias-actualidad\/"},{"label":"El Ministerio de Agricultura quiere que la actividad tur\u00edstica sea \u00abun escaparate\u00bb del sector agroalimentario","link":"https:\/\/eldigitaldeasturias.com\/magazine365\/el-ministerio-de-agricultura-quiere-que-la-actividad-turistica-sea-un-escaparate-del-sector-agroalimentario\/"}],"_links":{"self":[{"href":"https:\/\/eldigitaldeasturias.com\/magazine365\/wp-json\/wp\/v2\/posts\/61524","targetHints":{"allow":["GET"]}}],"collection":[{"href":"https:\/\/eldigitaldeasturias.com\/magazine365\/wp-json\/wp\/v2\/posts"}],"about":[{"href":"https:\/\/eldigitaldeasturias.com\/magazine365\/wp-json\/wp\/v2\/types\/post"}],"author":[{"embeddable":true,"href":"https:\/\/eldigitaldeasturias.com\/magazine365\/wp-json\/wp\/v2\/users\/1"}],"replies":[{"embeddable":true,"href":"https:\/\/eldigitaldeasturias.com\/magazine365\/wp-json\/wp\/v2\/comments?post=61524"}],"version-history":[{"count":0,"href":"https:\/\/eldigitaldeasturias.com\/magazine365\/wp-json\/wp\/v2\/posts\/61524\/revisions"}],"wp:featuredmedia":[{"embeddable":true,"href":"https:\/\/eldigitaldeasturias.com\/magazine365\/wp-json\/wp\/v2\/media\/61482"}],"wp:attachment":[{"href":"https:\/\/eldigitaldeasturias.com\/magazine365\/wp-json\/wp\/v2\/media?parent=61524"}],"wp:term":[{"taxonomy":"category","embeddable":true,"href":"https:\/\/eldigitaldeasturias.com\/magazine365\/wp-json\/wp\/v2\/categories?post=61524"},{"taxonomy":"post_tag","embeddable":true,"href":"https:\/\/eldigitaldeasturias.com\/magazine365\/wp-json\/wp\/v2\/tags?post=61524"}],"curies":[{"name":"wp","href":"https:\/\/api.w.org\/{rel}","templated":true}]}}