{"id":61510,"date":"2016-01-22T18:25:46","date_gmt":"2016-01-22T17:25:46","guid":{"rendered":"http:\/\/eldigitaldeasturias.com\/magazine365\/?p=61510"},"modified":"2016-01-22T18:25:46","modified_gmt":"2016-01-22T17:25:46","slug":"air-europa-express-creara-hasta-500-empleos-en-dos-anos","status":"publish","type":"post","link":"https:\/\/eldigitaldeasturias.com\/magazine365\/air-europa-express-creara-hasta-500-empleos-en-dos-anos\/","title":{"rendered":"Air Europa Express crear\u00e1 hasta 500 empleos en dos a\u00f1os"},"content":{"rendered":"<p><img fetchpriority=\"high\" decoding=\"async\" class=\"alignleft size-medium wp-image-61511\" src=\"https:\/\/eldigitaldeasturias.com\/magazine365\/wp-content\/uploads\/2016\/01\/fotonoticia_20160120195729_800-360x240.jpg\" alt=\"fotonoticia_20160120195729_800\" width=\"360\" height=\"240\" srcset=\"https:\/\/eldigitaldeasturias.com\/magazine365\/wp-content\/uploads\/2016\/01\/fotonoticia_20160120195729_800-360x240.jpg 360w, https:\/\/eldigitaldeasturias.com\/magazine365\/wp-content\/uploads\/2016\/01\/fotonoticia_20160120195729_800-650x434.jpg 650w, https:\/\/eldigitaldeasturias.com\/magazine365\/wp-content\/uploads\/2016\/01\/fotonoticia_20160120195729_800-768x513.jpg 768w, https:\/\/eldigitaldeasturias.com\/magazine365\/wp-content\/uploads\/2016\/01\/fotonoticia_20160120195729_800-150x100.jpg 150w, https:\/\/eldigitaldeasturias.com\/magazine365\/wp-content\/uploads\/2016\/01\/fotonoticia_20160120195729_800-450x300.jpg 450w, https:\/\/eldigitaldeasturias.com\/magazine365\/wp-content\/uploads\/2016\/01\/fotonoticia_20160120195729_800-696x465.jpg 696w, https:\/\/eldigitaldeasturias.com\/magazine365\/wp-content\/uploads\/2016\/01\/fotonoticia_20160120195729_800-629x420.jpg 629w, https:\/\/eldigitaldeasturias.com\/magazine365\/wp-content\/uploads\/2016\/01\/fotonoticia_20160120195729_800-101x66.jpg 101w, https:\/\/eldigitaldeasturias.com\/magazine365\/wp-content\/uploads\/2016\/01\/fotonoticia_20160120195729_800.jpg 800w\" sizes=\"(max-width: 360px) 100vw, 360px\" \/>Air Europa crear\u00e1 entre 400 y 500 puestos de trabajo en Air Europa Express, la nueva filial que opera entre Madrid y Valencia, personal que incorporar\u00e1 progresivamente en un plan durante los dos pr\u00f3ximos a\u00f1os, seg\u00fan ha estimado el presidente de la aerol\u00ednea y Globalia, Juan Jos\u00e9 Hidalgo.<\/p>\n<p>En un acto en el marco de Fitur, para presentar su nuevo programa de fidelizaci\u00f3n, Hidalgo ha explicado que Air Europa ceder\u00e1 sus aviones Embraer E-Jets a la \u00abpeque\u00f1a\u00bb Air Europa Express, y que la mayor\u00eda de las incorporaciones ser\u00e1n en tripulantes de cabina y asistencia, por lo que \u00abno se amortizar\u00e1n\u00bb puestos por su lanzamiento.<\/p>\n<p>Air Europa, que exhibe en su stand un simulador del nuevo Boeing 787, quiere contar un simulador del mismo modelo en Palma o en Madrid para formar a los pilotos de la compa\u00f1\u00eda en este modelo con el que operar\u00e1 vuelos de largo radio.<\/p>\n<p>La compa\u00f1\u00eda prev\u00e9 abrir nuevas rutas a Bogot\u00e1, Guayaquil y Z\u00farich, la cual ya se encuentra programada para despegar en junio de 2016.<\/p>\n<p>Air Europa ampliar\u00e1 su flota paulatinamente a partir del pr\u00f3ximo mes de marzo con estos nuevos aviones 787 y mejorar\u00e1 sus servicios a bordo con los nuevos men\u00fas o la incorporaci\u00f3n de WiFi de banda ancha.<\/p>\n<p>SUMA, SU NUEVO PROGRAMA DE FIDELIZACI\u00d3N.<\/p>\n<p>Por otro lado, la directora general de la compa\u00f1\u00eda, Mar\u00eda Jos\u00e9 Hidalgo, ha presentado hoy el nuevo programa de fidelizaci\u00f3n de clientes &#8216;SUMA&#8217; de Air Europa.<\/p>\n<p>Este programa cuenta con la colaboraci\u00f3n de NH Hotel Group y Europcar, Cepsa, Amazon y Halc\u00f3n Viajes. Al acto acudieron el director de general de Halc\u00f3n Viajes, Jos\u00e9 Mar\u00eda Hoyos; el director comercial de Cepsa, Alvaro D\u00edaz y el senior business development manager europe de Amazon, Borja Bartolom\u00e9-Carrion, adem\u00e1s del director general de NH para Espa\u00f1a y Portugal, Hugo Rovira, y el director general de Europcar, Jos\u00e9 Mar\u00eda Gonz\u00e1lez.<\/p>\n<p>Lanzado en el mes de diciembre cuenta ya con m\u00e1s de 30.000 clientes y permite a los viajeros obtener y canjear millas en todos los vuelos operados por la compa\u00f1\u00eda en las empresas asociadas y en las l\u00edneas a\u00e9reas de la alianza SkyTeam pudiendo obtener sus productos y servicios \u00edntegramente con millas o realizando el pago de forma mixta.<\/p>\n<p>Desde su puesta en funcionamiento, &#8216;SUMA&#8217; ha concedido m\u00e1s de 35 millones de millas y ha realizado 5.000 transacciones asociadas a vuelos de Air Europa.<\/p>\n<p>Asimismo, en el stand de Air Europa de la feria de Fitur se celebra a diario un concurso cuyo premio son 20.000 millas, mientras que en redes sociales la compa\u00f1\u00eda est\u00e1 llevando a cabo un \u00fanico sorteo de 100.000 millas, cuyo ganador se dar\u00e1 a conocer el pr\u00f3ximo 25 de enero v\u00eda Facebook.<\/p>\n","protected":false},"excerpt":{"rendered":"<p>Air Europa crear\u00e1 entre 400 y 500 puestos de trabajo en Air Europa Express, la nueva filial que opera entre Madrid y Valencia, personal que incorporar\u00e1 progresivamente en un plan durante los dos pr\u00f3ximos a\u00f1os, seg\u00fan ha estimado el presidente de la aerol\u00ednea y Globalia, Juan Jos\u00e9 Hidalgo. En un acto en el marco de<\/p>\n","protected":false},"author":1,"featured_media":61511,"comment_status":"open","ping_status":"closed","sticky":false,"template":"","format":"standard","meta":{"footnotes":""},"categories":[224],"tags":[],"class_list":{"0":"post-61510","1":"post","2":"type-post","3":"status-publish","4":"format-standard","5":"has-post-thumbnail","7":"category-noticias-actualidad"},"aioseo_notices":[],"aioseo_head":"\n\t\t<!-- All in One SEO Pro 4.9.6.1 - aioseo.com -->\n\t<meta name=\"description\" content=\"Air Europa crear\u00e1 entre 400 y 500 puestos de trabajo en Air Europa Express, la nueva filial que opera entre Madrid y Valencia, personal que incorporar\u00e1 progresivamente en un plan durante los dos pr\u00f3ximos a\u00f1os, seg\u00fan ha estimado el presidente de la aerol\u00ednea y Globalia, Juan Jos\u00e9 Hidalgo. En un acto en el marco de\" \/>\n\t<meta name=\"robots\" content=\"max-image-preview:large\" \/>\n\t<meta name=\"author\" content=\"admin\"\/>\n\t<meta name=\"google-site-verification\" content=\"UA-38556648-1\" \/>\n\t<meta name=\"keywords\" content=\"noticias y actualidad\" \/>\n\t<link rel=\"canonical\" href=\"https:\/\/eldigitaldeasturias.com\/magazine365\/air-europa-express-creara-hasta-500-empleos-en-dos-anos\/\" \/>\n\t<meta name=\"generator\" content=\"All in One SEO Pro (AIOSEO) 4.9.6.1\" \/>\n\t\t<meta property=\"og:locale\" content=\"es_ES\" \/>\n\t\t<meta property=\"og:site_name\" content=\"El Digital de Asturias \u2013 Revista de ocio, turismo y estilo de vida\" \/>\n\t\t<meta property=\"og:type\" content=\"article\" \/>\n\t\t<meta property=\"og:title\" content=\"Air Europa Express crear\u00e1 hasta 500 empleos en dos a\u00f1os | El Digital de Asturias\" \/>\n\t\t<meta property=\"og:description\" content=\"Air Europa crear\u00e1 entre 400 y 500 puestos de trabajo en Air Europa Express, la nueva filial que opera entre Madrid y Valencia, personal que incorporar\u00e1 progresivamente en un plan durante los dos pr\u00f3ximos a\u00f1os, seg\u00fan ha estimado el presidente de la aerol\u00ednea y Globalia, Juan Jos\u00e9 Hidalgo. En un acto en el marco de\" \/>\n\t\t<meta property=\"og:url\" content=\"https:\/\/eldigitaldeasturias.com\/magazine365\/air-europa-express-creara-hasta-500-empleos-en-dos-anos\/\" \/>\n\t\t<meta property=\"og:image\" content=\"https:\/\/eldigitaldeasturias.com\/magazine365\/wp-content\/uploads\/2016\/01\/fotonoticia_20160120195729_800.jpg\" \/>\n\t\t<meta property=\"og:image:secure_url\" content=\"https:\/\/eldigitaldeasturias.com\/magazine365\/wp-content\/uploads\/2016\/01\/fotonoticia_20160120195729_800.jpg\" \/>\n\t\t<meta property=\"og:image:width\" content=\"800\" \/>\n\t\t<meta property=\"og:image:height\" content=\"534\" \/>\n\t\t<meta property=\"article:published_time\" content=\"2016-01-22T17:25:46+00:00\" \/>\n\t\t<meta property=\"article:modified_time\" content=\"2016-01-22T17:25:46+00:00\" \/>\n\t\t<meta name=\"twitter:card\" content=\"summary_large_image\" \/>\n\t\t<meta name=\"twitter:title\" content=\"Air Europa Express crear\u00e1 hasta 500 empleos en dos a\u00f1os | El Digital de Asturias\" \/>\n\t\t<meta name=\"twitter:description\" content=\"Air Europa crear\u00e1 entre 400 y 500 puestos de trabajo en Air Europa Express, la nueva filial que opera entre Madrid y Valencia, personal que incorporar\u00e1 progresivamente en un plan durante los dos pr\u00f3ximos a\u00f1os, seg\u00fan ha estimado el presidente de la aerol\u00ednea y Globalia, Juan Jos\u00e9 Hidalgo. En un acto en el marco de\" \/>\n\t\t<meta name=\"twitter:image\" content=\"https:\/\/eldigitaldeasturias.com\/magazine365\/wp-content\/uploads\/2016\/01\/fotonoticia_20160120195729_800.jpg\" \/>\n\t\t<script type=\"application\/ld+json\" class=\"aioseo-schema\">\n\t\t\t{\"@context\":\"https:\\\/\\\/schema.org\",\"@graph\":[{\"@type\":\"Article\",\"@id\":\"https:\\\/\\\/eldigitaldeasturias.com\\\/magazine365\\\/air-europa-express-creara-hasta-500-empleos-en-dos-anos\\\/#article\",\"name\":\"Air Europa Express crear\\u00e1 hasta 500 empleos en dos a\\u00f1os | El Digital de Asturias\",\"headline\":\"Air Europa Express crear\\u00e1 hasta 500 empleos en dos a\\u00f1os\",\"author\":{\"@id\":\"https:\\\/\\\/eldigitaldeasturias.com\\\/magazine365\\\/author\\\/admin\\\/#author\"},\"publisher\":{\"@id\":\"https:\\\/\\\/eldigitaldeasturias.com\\\/magazine365\\\/#organization\"},\"image\":{\"@type\":\"ImageObject\",\"url\":\"https:\\\/\\\/eldigitaldeasturias.com\\\/magazine365\\\/wp-content\\\/uploads\\\/2016\\\/01\\\/fotonoticia_20160120195729_800.jpg\",\"width\":800,\"height\":534},\"datePublished\":\"2016-01-22T18:25:46+01:00\",\"dateModified\":\"2016-01-22T18:25:46+01:00\",\"inLanguage\":\"es-ES\",\"mainEntityOfPage\":{\"@id\":\"https:\\\/\\\/eldigitaldeasturias.com\\\/magazine365\\\/air-europa-express-creara-hasta-500-empleos-en-dos-anos\\\/#webpage\"},\"isPartOf\":{\"@id\":\"https:\\\/\\\/eldigitaldeasturias.com\\\/magazine365\\\/air-europa-express-creara-hasta-500-empleos-en-dos-anos\\\/#webpage\"},\"articleSection\":\"Noticias y Actualidad\"},{\"@type\":\"BreadcrumbList\",\"@id\":\"https:\\\/\\\/eldigitaldeasturias.com\\\/magazine365\\\/air-europa-express-creara-hasta-500-empleos-en-dos-anos\\\/#breadcrumblist\",\"itemListElement\":[{\"@type\":\"ListItem\",\"@id\":\"https:\\\/\\\/eldigitaldeasturias.com\\\/magazine365#listItem\",\"position\":1,\"name\":\"Home\",\"item\":\"https:\\\/\\\/eldigitaldeasturias.com\\\/magazine365\",\"nextItem\":{\"@type\":\"ListItem\",\"@id\":\"https:\\\/\\\/eldigitaldeasturias.com\\\/magazine365\\\/category\\\/noticias-actualidad\\\/#listItem\",\"name\":\"Noticias y Actualidad\"}},{\"@type\":\"ListItem\",\"@id\":\"https:\\\/\\\/eldigitaldeasturias.com\\\/magazine365\\\/category\\\/noticias-actualidad\\\/#listItem\",\"position\":2,\"name\":\"Noticias y Actualidad\",\"item\":\"https:\\\/\\\/eldigitaldeasturias.com\\\/magazine365\\\/category\\\/noticias-actualidad\\\/\",\"nextItem\":{\"@type\":\"ListItem\",\"@id\":\"https:\\\/\\\/eldigitaldeasturias.com\\\/magazine365\\\/air-europa-express-creara-hasta-500-empleos-en-dos-anos\\\/#listItem\",\"name\":\"Air Europa Express crear\\u00e1 hasta 500 empleos en dos a\\u00f1os\"},\"previousItem\":{\"@type\":\"ListItem\",\"@id\":\"https:\\\/\\\/eldigitaldeasturias.com\\\/magazine365#listItem\",\"name\":\"Home\"}},{\"@type\":\"ListItem\",\"@id\":\"https:\\\/\\\/eldigitaldeasturias.com\\\/magazine365\\\/air-europa-express-creara-hasta-500-empleos-en-dos-anos\\\/#listItem\",\"position\":3,\"name\":\"Air Europa Express crear\\u00e1 hasta 500 empleos en dos a\\u00f1os\",\"previousItem\":{\"@type\":\"ListItem\",\"@id\":\"https:\\\/\\\/eldigitaldeasturias.com\\\/magazine365\\\/category\\\/noticias-actualidad\\\/#listItem\",\"name\":\"Noticias y Actualidad\"}}]},{\"@type\":\"Organization\",\"@id\":\"https:\\\/\\\/eldigitaldeasturias.com\\\/magazine365\\\/#organization\",\"name\":\"El digital de Asturias\",\"description\":\"Revista de ocio, turismo y estilo de vida\",\"url\":\"https:\\\/\\\/eldigitaldeasturias.com\\\/magazine365\\\/\",\"logo\":{\"@type\":\"ImageObject\",\"url\":\"https:\\\/\\\/www.eldigitaldeasturias.com\\\/noticias\\\/wp-content\\\/uploads\\\/2020\\\/12\\\/EDA.jpg\",\"@id\":\"https:\\\/\\\/eldigitaldeasturias.com\\\/magazine365\\\/air-europa-express-creara-hasta-500-empleos-en-dos-anos\\\/#organizationLogo\"},\"image\":{\"@id\":\"https:\\\/\\\/eldigitaldeasturias.com\\\/magazine365\\\/air-europa-express-creara-hasta-500-empleos-en-dos-anos\\\/#organizationLogo\"}},{\"@type\":\"Person\",\"@id\":\"https:\\\/\\\/eldigitaldeasturias.com\\\/magazine365\\\/author\\\/admin\\\/#author\",\"url\":\"https:\\\/\\\/eldigitaldeasturias.com\\\/magazine365\\\/author\\\/admin\\\/\",\"name\":\"admin\",\"image\":{\"@type\":\"ImageObject\",\"@id\":\"https:\\\/\\\/eldigitaldeasturias.com\\\/magazine365\\\/air-europa-express-creara-hasta-500-empleos-en-dos-anos\\\/#authorImage\",\"url\":\"https:\\\/\\\/eldigitaldeasturias.com\\\/magazine365\\\/wp-content\\\/litespeed\\\/avatar\\\/e571bcf59a0edd6fa6838245a470f2fe.jpg?ver=1776969259\",\"width\":96,\"height\":96,\"caption\":\"admin\"}},{\"@type\":\"WebPage\",\"@id\":\"https:\\\/\\\/eldigitaldeasturias.com\\\/magazine365\\\/air-europa-express-creara-hasta-500-empleos-en-dos-anos\\\/#webpage\",\"url\":\"https:\\\/\\\/eldigitaldeasturias.com\\\/magazine365\\\/air-europa-express-creara-hasta-500-empleos-en-dos-anos\\\/\",\"name\":\"Air Europa Express crear\\u00e1 hasta 500 empleos en dos a\\u00f1os | El Digital de Asturias\",\"description\":\"Air Europa crear\\u00e1 entre 400 y 500 puestos de trabajo en Air Europa Express, la nueva filial que opera entre Madrid y Valencia, personal que incorporar\\u00e1 progresivamente en un plan durante los dos pr\\u00f3ximos a\\u00f1os, seg\\u00fan ha estimado el presidente de la aerol\\u00ednea y Globalia, Juan Jos\\u00e9 Hidalgo. En un acto en el marco de\",\"inLanguage\":\"es-ES\",\"isPartOf\":{\"@id\":\"https:\\\/\\\/eldigitaldeasturias.com\\\/magazine365\\\/#website\"},\"breadcrumb\":{\"@id\":\"https:\\\/\\\/eldigitaldeasturias.com\\\/magazine365\\\/air-europa-express-creara-hasta-500-empleos-en-dos-anos\\\/#breadcrumblist\"},\"author\":{\"@id\":\"https:\\\/\\\/eldigitaldeasturias.com\\\/magazine365\\\/author\\\/admin\\\/#author\"},\"creator\":{\"@id\":\"https:\\\/\\\/eldigitaldeasturias.com\\\/magazine365\\\/author\\\/admin\\\/#author\"},\"image\":{\"@type\":\"ImageObject\",\"url\":\"https:\\\/\\\/eldigitaldeasturias.com\\\/magazine365\\\/wp-content\\\/uploads\\\/2016\\\/01\\\/fotonoticia_20160120195729_800.jpg\",\"@id\":\"https:\\\/\\\/eldigitaldeasturias.com\\\/magazine365\\\/air-europa-express-creara-hasta-500-empleos-en-dos-anos\\\/#mainImage\",\"width\":800,\"height\":534},\"primaryImageOfPage\":{\"@id\":\"https:\\\/\\\/eldigitaldeasturias.com\\\/magazine365\\\/air-europa-express-creara-hasta-500-empleos-en-dos-anos\\\/#mainImage\"},\"datePublished\":\"2016-01-22T18:25:46+01:00\",\"dateModified\":\"2016-01-22T18:25:46+01:00\"},{\"@type\":\"WebSite\",\"@id\":\"https:\\\/\\\/eldigitaldeasturias.com\\\/magazine365\\\/#website\",\"url\":\"https:\\\/\\\/eldigitaldeasturias.com\\\/magazine365\\\/\",\"name\":\"El Digital de Asturias\",\"description\":\"Revista de ocio, turismo y estilo de vida\",\"inLanguage\":\"es-ES\",\"publisher\":{\"@id\":\"https:\\\/\\\/eldigitaldeasturias.com\\\/magazine365\\\/#organization\"}}]}\n\t\t<\/script>\n\t\t<!-- All in One SEO Pro -->\r\n\t\t<title>Air Europa Express crear\u00e1 hasta 500 empleos en dos a\u00f1os | El Digital de Asturias<\/title>\n\n","aioseo_head_json":{"title":"Air Europa Express crear\u00e1 hasta 500 empleos en dos a\u00f1os | El Digital de Asturias","description":"Air Europa crear\u00e1 entre 400 y 500 puestos de trabajo en Air Europa Express, la nueva filial que opera entre Madrid y Valencia, personal que incorporar\u00e1 progresivamente en un plan durante los dos pr\u00f3ximos a\u00f1os, seg\u00fan ha estimado el presidente de la aerol\u00ednea y Globalia, Juan Jos\u00e9 Hidalgo. En un acto en el marco de","canonical_url":"https:\/\/eldigitaldeasturias.com\/magazine365\/air-europa-express-creara-hasta-500-empleos-en-dos-anos\/","robots":"max-image-preview:large","keywords":"noticias y actualidad","webmasterTools":{"google-site-verification":"UA-38556648-1","miscellaneous":""},"schema":{"@context":"https:\/\/schema.org","@graph":[{"@type":"Article","@id":"https:\/\/eldigitaldeasturias.com\/magazine365\/air-europa-express-creara-hasta-500-empleos-en-dos-anos\/#article","name":"Air Europa Express crear\u00e1 hasta 500 empleos en dos a\u00f1os | El Digital de Asturias","headline":"Air Europa Express crear\u00e1 hasta 500 empleos en dos a\u00f1os","author":{"@id":"https:\/\/eldigitaldeasturias.com\/magazine365\/author\/admin\/#author"},"publisher":{"@id":"https:\/\/eldigitaldeasturias.com\/magazine365\/#organization"},"image":{"@type":"ImageObject","url":"https:\/\/eldigitaldeasturias.com\/magazine365\/wp-content\/uploads\/2016\/01\/fotonoticia_20160120195729_800.jpg","width":800,"height":534},"datePublished":"2016-01-22T18:25:46+01:00","dateModified":"2016-01-22T18:25:46+01:00","inLanguage":"es-ES","mainEntityOfPage":{"@id":"https:\/\/eldigitaldeasturias.com\/magazine365\/air-europa-express-creara-hasta-500-empleos-en-dos-anos\/#webpage"},"isPartOf":{"@id":"https:\/\/eldigitaldeasturias.com\/magazine365\/air-europa-express-creara-hasta-500-empleos-en-dos-anos\/#webpage"},"articleSection":"Noticias y Actualidad"},{"@type":"BreadcrumbList","@id":"https:\/\/eldigitaldeasturias.com\/magazine365\/air-europa-express-creara-hasta-500-empleos-en-dos-anos\/#breadcrumblist","itemListElement":[{"@type":"ListItem","@id":"https:\/\/eldigitaldeasturias.com\/magazine365#listItem","position":1,"name":"Home","item":"https:\/\/eldigitaldeasturias.com\/magazine365","nextItem":{"@type":"ListItem","@id":"https:\/\/eldigitaldeasturias.com\/magazine365\/category\/noticias-actualidad\/#listItem","name":"Noticias y Actualidad"}},{"@type":"ListItem","@id":"https:\/\/eldigitaldeasturias.com\/magazine365\/category\/noticias-actualidad\/#listItem","position":2,"name":"Noticias y Actualidad","item":"https:\/\/eldigitaldeasturias.com\/magazine365\/category\/noticias-actualidad\/","nextItem":{"@type":"ListItem","@id":"https:\/\/eldigitaldeasturias.com\/magazine365\/air-europa-express-creara-hasta-500-empleos-en-dos-anos\/#listItem","name":"Air Europa Express crear\u00e1 hasta 500 empleos en dos a\u00f1os"},"previousItem":{"@type":"ListItem","@id":"https:\/\/eldigitaldeasturias.com\/magazine365#listItem","name":"Home"}},{"@type":"ListItem","@id":"https:\/\/eldigitaldeasturias.com\/magazine365\/air-europa-express-creara-hasta-500-empleos-en-dos-anos\/#listItem","position":3,"name":"Air Europa Express crear\u00e1 hasta 500 empleos en dos a\u00f1os","previousItem":{"@type":"ListItem","@id":"https:\/\/eldigitaldeasturias.com\/magazine365\/category\/noticias-actualidad\/#listItem","name":"Noticias y Actualidad"}}]},{"@type":"Organization","@id":"https:\/\/eldigitaldeasturias.com\/magazine365\/#organization","name":"El digital de Asturias","description":"Revista de ocio, turismo y estilo de vida","url":"https:\/\/eldigitaldeasturias.com\/magazine365\/","logo":{"@type":"ImageObject","url":"https:\/\/www.eldigitaldeasturias.com\/noticias\/wp-content\/uploads\/2020\/12\/EDA.jpg","@id":"https:\/\/eldigitaldeasturias.com\/magazine365\/air-europa-express-creara-hasta-500-empleos-en-dos-anos\/#organizationLogo"},"image":{"@id":"https:\/\/eldigitaldeasturias.com\/magazine365\/air-europa-express-creara-hasta-500-empleos-en-dos-anos\/#organizationLogo"}},{"@type":"Person","@id":"https:\/\/eldigitaldeasturias.com\/magazine365\/author\/admin\/#author","url":"https:\/\/eldigitaldeasturias.com\/magazine365\/author\/admin\/","name":"admin","image":{"@type":"ImageObject","@id":"https:\/\/eldigitaldeasturias.com\/magazine365\/air-europa-express-creara-hasta-500-empleos-en-dos-anos\/#authorImage","url":"https:\/\/eldigitaldeasturias.com\/magazine365\/wp-content\/litespeed\/avatar\/e571bcf59a0edd6fa6838245a470f2fe.jpg?ver=1776969259","width":96,"height":96,"caption":"admin"}},{"@type":"WebPage","@id":"https:\/\/eldigitaldeasturias.com\/magazine365\/air-europa-express-creara-hasta-500-empleos-en-dos-anos\/#webpage","url":"https:\/\/eldigitaldeasturias.com\/magazine365\/air-europa-express-creara-hasta-500-empleos-en-dos-anos\/","name":"Air Europa Express crear\u00e1 hasta 500 empleos en dos a\u00f1os | El Digital de Asturias","description":"Air Europa crear\u00e1 entre 400 y 500 puestos de trabajo en Air Europa Express, la nueva filial que opera entre Madrid y Valencia, personal que incorporar\u00e1 progresivamente en un plan durante los dos pr\u00f3ximos a\u00f1os, seg\u00fan ha estimado el presidente de la aerol\u00ednea y Globalia, Juan Jos\u00e9 Hidalgo. En un acto en el marco de","inLanguage":"es-ES","isPartOf":{"@id":"https:\/\/eldigitaldeasturias.com\/magazine365\/#website"},"breadcrumb":{"@id":"https:\/\/eldigitaldeasturias.com\/magazine365\/air-europa-express-creara-hasta-500-empleos-en-dos-anos\/#breadcrumblist"},"author":{"@id":"https:\/\/eldigitaldeasturias.com\/magazine365\/author\/admin\/#author"},"creator":{"@id":"https:\/\/eldigitaldeasturias.com\/magazine365\/author\/admin\/#author"},"image":{"@type":"ImageObject","url":"https:\/\/eldigitaldeasturias.com\/magazine365\/wp-content\/uploads\/2016\/01\/fotonoticia_20160120195729_800.jpg","@id":"https:\/\/eldigitaldeasturias.com\/magazine365\/air-europa-express-creara-hasta-500-empleos-en-dos-anos\/#mainImage","width":800,"height":534},"primaryImageOfPage":{"@id":"https:\/\/eldigitaldeasturias.com\/magazine365\/air-europa-express-creara-hasta-500-empleos-en-dos-anos\/#mainImage"},"datePublished":"2016-01-22T18:25:46+01:00","dateModified":"2016-01-22T18:25:46+01:00"},{"@type":"WebSite","@id":"https:\/\/eldigitaldeasturias.com\/magazine365\/#website","url":"https:\/\/eldigitaldeasturias.com\/magazine365\/","name":"El Digital de Asturias","description":"Revista de ocio, turismo y estilo de vida","inLanguage":"es-ES","publisher":{"@id":"https:\/\/eldigitaldeasturias.com\/magazine365\/#organization"}}]},"og:locale":"es_ES","og:site_name":"El Digital de Asturias \u2013 Revista de ocio, turismo y estilo de vida","og:type":"article","og:title":"Air Europa Express crear\u00e1 hasta 500 empleos en dos a\u00f1os | El Digital de Asturias","og:description":"Air Europa crear\u00e1 entre 400 y 500 puestos de trabajo en Air Europa Express, la nueva filial que opera entre Madrid y Valencia, personal que incorporar\u00e1 progresivamente en un plan durante los dos pr\u00f3ximos a\u00f1os, seg\u00fan ha estimado el presidente de la aerol\u00ednea y Globalia, Juan Jos\u00e9 Hidalgo. En un acto en el marco de","og:url":"https:\/\/eldigitaldeasturias.com\/magazine365\/air-europa-express-creara-hasta-500-empleos-en-dos-anos\/","og:image":"https:\/\/eldigitaldeasturias.com\/magazine365\/wp-content\/uploads\/2016\/01\/fotonoticia_20160120195729_800.jpg","og:image:secure_url":"https:\/\/eldigitaldeasturias.com\/magazine365\/wp-content\/uploads\/2016\/01\/fotonoticia_20160120195729_800.jpg","og:image:width":800,"og:image:height":534,"article:published_time":"2016-01-22T17:25:46+00:00","article:modified_time":"2016-01-22T17:25:46+00:00","twitter:card":"summary_large_image","twitter:title":"Air Europa Express crear\u00e1 hasta 500 empleos en dos a\u00f1os | El Digital de Asturias","twitter:description":"Air Europa crear\u00e1 entre 400 y 500 puestos de trabajo en Air Europa Express, la nueva filial que opera entre Madrid y Valencia, personal que incorporar\u00e1 progresivamente en un plan durante los dos pr\u00f3ximos a\u00f1os, seg\u00fan ha estimado el presidente de la aerol\u00ednea y Globalia, Juan Jos\u00e9 Hidalgo. En un acto en el marco de","twitter:image":"https:\/\/eldigitaldeasturias.com\/magazine365\/wp-content\/uploads\/2016\/01\/fotonoticia_20160120195729_800.jpg"},"aioseo_meta_data":{"post_id":"61510","title":null,"description":null,"keywords":null,"keyphrases":null,"primary_term":null,"canonical_url":null,"og_title":null,"og_description":null,"og_object_type":"default","og_image_type":"default","og_image_url":null,"og_image_width":null,"og_image_height":null,"og_image_custom_url":null,"og_image_custom_fields":null,"og_video":null,"og_custom_url":null,"og_article_section":null,"og_article_tags":null,"twitter_use_og":false,"twitter_card":"default","twitter_image_type":"default","twitter_image_url":null,"twitter_image_custom_url":null,"twitter_image_custom_fields":null,"twitter_title":null,"twitter_description":null,"schema":{"blockGraphs":[],"customGraphs":[],"default":{"data":{"Article":[],"Course":[],"Dataset":[],"FAQPage":[],"Movie":[],"Person":[],"Product":[],"ProductReview":[],"Car":[],"Recipe":[],"Service":[],"SoftwareApplication":[],"WebPage":[]},"graphName":"","isEnabled":true},"graphs":[],"defaultGraph":"","defaultPostTypeGraph":""},"schema_type":null,"schema_type_options":null,"pillar_content":false,"robots_default":true,"robots_noindex":false,"robots_noarchive":false,"robots_nosnippet":false,"robots_nofollow":false,"robots_noimageindex":false,"robots_noodp":false,"robots_notranslate":false,"robots_max_snippet":null,"robots_max_videopreview":null,"robots_max_imagepreview":"large","priority":null,"frequency":null,"location":null,"local_seo":null,"seo_analyzer_scan_date":"2025-09-25 09:06:15","breadcrumb_settings":null,"limit_modified_date":false,"open_ai":null,"ai":null,"created":"2021-03-08 21:48:44","updated":"2025-09-25 09:06:15"},"aioseo_breadcrumb":"<div class=\"aioseo-breadcrumbs\"><span class=\"aioseo-breadcrumb\">\n\t<a href=\"https:\/\/eldigitaldeasturias.com\/magazine365\" title=\"Home\">Home<\/a>\n<\/span><span class=\"aioseo-breadcrumb-separator\">\u2013<\/span><span class=\"aioseo-breadcrumb\">\n\t<a href=\"https:\/\/eldigitaldeasturias.com\/magazine365\/category\/noticias-actualidad\/\" title=\"Noticias y Actualidad\">Noticias y Actualidad<\/a>\n<\/span><span class=\"aioseo-breadcrumb-separator\">\u2013<\/span><span class=\"aioseo-breadcrumb\">\n\t<a href=\"https:\/\/eldigitaldeasturias.com\/magazine365\/air-europa-express-creara-hasta-500-empleos-en-dos-anos\/\" title=\"Air Europa Express crear\u00e1 hasta 500 empleos en dos a\u00f1os\">Air Europa Express crear\u00e1 hasta 500 empleos en dos a\u00f1os<\/a>\n<\/span><\/div>","aioseo_breadcrumb_json":[{"label":"Home","link":"https:\/\/eldigitaldeasturias.com\/magazine365"},{"label":"Noticias y Actualidad","link":"https:\/\/eldigitaldeasturias.com\/magazine365\/category\/noticias-actualidad\/"},{"label":"Air Europa Express crear\u00e1 hasta 500 empleos en dos a\u00f1os","link":"https:\/\/eldigitaldeasturias.com\/magazine365\/air-europa-express-creara-hasta-500-empleos-en-dos-anos\/"}],"_links":{"self":[{"href":"https:\/\/eldigitaldeasturias.com\/magazine365\/wp-json\/wp\/v2\/posts\/61510","targetHints":{"allow":["GET"]}}],"collection":[{"href":"https:\/\/eldigitaldeasturias.com\/magazine365\/wp-json\/wp\/v2\/posts"}],"about":[{"href":"https:\/\/eldigitaldeasturias.com\/magazine365\/wp-json\/wp\/v2\/types\/post"}],"author":[{"embeddable":true,"href":"https:\/\/eldigitaldeasturias.com\/magazine365\/wp-json\/wp\/v2\/users\/1"}],"replies":[{"embeddable":true,"href":"https:\/\/eldigitaldeasturias.com\/magazine365\/wp-json\/wp\/v2\/comments?post=61510"}],"version-history":[{"count":0,"href":"https:\/\/eldigitaldeasturias.com\/magazine365\/wp-json\/wp\/v2\/posts\/61510\/revisions"}],"wp:featuredmedia":[{"embeddable":true,"href":"https:\/\/eldigitaldeasturias.com\/magazine365\/wp-json\/wp\/v2\/media\/61511"}],"wp:attachment":[{"href":"https:\/\/eldigitaldeasturias.com\/magazine365\/wp-json\/wp\/v2\/media?parent=61510"}],"wp:term":[{"taxonomy":"category","embeddable":true,"href":"https:\/\/eldigitaldeasturias.com\/magazine365\/wp-json\/wp\/v2\/categories?post=61510"},{"taxonomy":"post_tag","embeddable":true,"href":"https:\/\/eldigitaldeasturias.com\/magazine365\/wp-json\/wp\/v2\/tags?post=61510"}],"curies":[{"name":"wp","href":"https:\/\/api.w.org\/{rel}","templated":true}]}}