{"id":61505,"date":"2016-01-22T18:23:50","date_gmt":"2016-01-22T17:23:50","guid":{"rendered":"http:\/\/eldigitaldeasturias.com\/magazine365\/?p=61505"},"modified":"2016-01-22T18:23:50","modified_gmt":"2016-01-22T17:23:50","slug":"el-festival-starlite-ampliara-esta-edicion-su-calendario-una-semana","status":"publish","type":"post","link":"https:\/\/eldigitaldeasturias.com\/magazine365\/el-festival-starlite-ampliara-esta-edicion-su-calendario-una-semana\/","title":{"rendered":"El Festival Starlite ampliar\u00e1 esta edici\u00f3n su calendario una semana"},"content":{"rendered":"<p><img fetchpriority=\"high\" decoding=\"async\" class=\"alignleft size-medium wp-image-61506\" src=\"https:\/\/eldigitaldeasturias.com\/magazine365\/wp-content\/uploads\/2016\/01\/fotonoticia_20160120191133_800-360x240.jpg\" alt=\"fotonoticia_20160120191133_800\" width=\"360\" height=\"240\" srcset=\"https:\/\/eldigitaldeasturias.com\/magazine365\/wp-content\/uploads\/2016\/01\/fotonoticia_20160120191133_800-360x240.jpg 360w, https:\/\/eldigitaldeasturias.com\/magazine365\/wp-content\/uploads\/2016\/01\/fotonoticia_20160120191133_800-650x433.jpg 650w, https:\/\/eldigitaldeasturias.com\/magazine365\/wp-content\/uploads\/2016\/01\/fotonoticia_20160120191133_800-768x512.jpg 768w, https:\/\/eldigitaldeasturias.com\/magazine365\/wp-content\/uploads\/2016\/01\/fotonoticia_20160120191133_800-150x100.jpg 150w, https:\/\/eldigitaldeasturias.com\/magazine365\/wp-content\/uploads\/2016\/01\/fotonoticia_20160120191133_800-450x300.jpg 450w, https:\/\/eldigitaldeasturias.com\/magazine365\/wp-content\/uploads\/2016\/01\/fotonoticia_20160120191133_800-696x464.jpg 696w, https:\/\/eldigitaldeasturias.com\/magazine365\/wp-content\/uploads\/2016\/01\/fotonoticia_20160120191133_800-630x420.jpg 630w, https:\/\/eldigitaldeasturias.com\/magazine365\/wp-content\/uploads\/2016\/01\/fotonoticia_20160120191133_800-101x66.jpg 101w, https:\/\/eldigitaldeasturias.com\/magazine365\/wp-content\/uploads\/2016\/01\/fotonoticia_20160120191133_800.jpg 800w\" sizes=\"(max-width: 360px) 100vw, 360px\" \/>El alcalde de Marbella (M\u00e1laga), Jos\u00e9 Bernal, ha presentado este mi\u00e9rcoles, en el marco de la Feria Internacional de Turismo (Fitur), la nueva edici\u00f3n del Festival Starlite, que se celebrar\u00e1 como cada a\u00f1o en la Cantera de Nag\u00fceles del 14 de julio al 20 de agosto y que ampl\u00eda su calendario en esta edici\u00f3n una semana.<\/p>\n<p>El regidor, acompa\u00f1ado por uno de los promotores del evento, Ignacio Maluquer, ha destacado la proyecci\u00f3n que ha generado Starlite para la ciudad y ha expresado el apoyo del Ayuntamiento para seguir consolid\u00e1ndolo como \u00abuno de los mejores festivales del mundo\u00bb.<\/p>\n<p>\u00abEs un gran proyecto emprendido por Ignacio y Sandra Sanju\u00e1n que est\u00e1 potenciando nuestra ciudad y haci\u00e9ndola brillar m\u00e1s a\u00fan en nuestra principal \u00e9poca tur\u00edstica\u00bb, ha incidido Bernal.<\/p>\n<p>Por su parte, Ignacio Maluquer ha agradecido el apoyo institucional y ha adelantado que esta edici\u00f3n se ampl\u00eda una semana el festival, teniendo como objetivo llegar a los 200.000 asistentes frente a los 150.000 del a\u00f1o pasado.<\/p>\n<p>Tambi\u00e9n ha destacado, entre las novedades, la actuaci\u00f3n el 29 de julio de Charles Aznavour, conocido como el Frank Sinatra franc\u00e9s. \u00abSin duda ser\u00e1 una gran oportunidad de escuchar a este extrardinario artista que ha vendido en su carrera m\u00e1s de 100 millones de discos\u00bb, ha indicado.<\/p>\n<p>El cartel de la quinta edici\u00f3n se completa, hasta la fecha, con las actuaciones de Il Divo &#8211;3 de agosto&#8211;, Mal\u00fa &#8211;8 de agosto&#8211;, Alejandro Sanz &#8211;9 de agosto&#8211; y la Noche Movida &#8211;18 de agosto&#8211;.<\/p>\n<p>Starlite es el encuentro social y cultural de referencia en Europa y se ha convertido en un proyecto internacional como demuestra su pr\u00f3xima celebraci\u00f3n en Ciudad de M\u00e9xico entre los d\u00edas 3 y 12 de marzo. Adem\u00e1s, contribuye a la econom\u00eda local, ya que crea 500 empleos directos cada a\u00f1o y celebra una noche filantr\u00f3pica dirigida a iniciativas y proyectos ben\u00e9ficos.<\/p>\n<p>IMAGEN TUR\u00cdSTICA<\/p>\n<p>Por otro lado, el Ayuntamiento de Marbella ha inaugurado, por primera vez en los \u00faltimos ocho a\u00f1os, su propio estand en la Feria Internacional de Turismo, que se celebra en Madrid hasta el pr\u00f3ximo domingo.<\/p>\n<p>El alcalde ha asegurado, durante la inauguraci\u00f3n, que \u00abla apuesta del nuevo equipo de gobierno es clara por la promoci\u00f3n de la ciudad lo que supon\u00eda estar con un estand propio en la feria tur\u00edstica m\u00e1s importante de Espa\u00f1a e Iberoam\u00e9rica\u00bb.<\/p>\n<p>De igual modo, ha se\u00f1alado que \u00abes la primera gran feria en la que recuperamos nuestro espacio, pero no ser\u00e1 la \u00faltima ya que estaremos en las principales citas tur\u00edsticas internacionales presentando nuestra nueva imagen y el lema &#8216;Marbella, destino cinco estrellas&#8217; que tan buena acogida ha tenido\u00bb.<\/p>\n<p>Al respecto, ha reiterado que los presupuestos para este a\u00f1o contemplan una partida cercana a los 500.000 euros para promoci\u00f3n tur\u00edstica, \u00abuna cifra muy superior a lo que se ha venido destinando en los \u00faltimos ejercicios\u00bb.<\/p>\n<p>Adem\u00e1s, ha incidido en que a la marca Marbella \u00abse le incorpora la de San Pedro Alc\u00e1ntara y Puerto Ban\u00fas porque entendemos que suman a nuestra ciudad y a nuestra marca\u00bb.<\/p>\n<p>El estand, que se ubica en el pabell\u00f3n cinco de Ifema, cuenta con una superficie de 108 metros cuadrados y dispone de un \u00e1rea de exposici\u00f3n y otra de reuniones. Adem\u00e1s, se ha dispuesto de un mostrador de informaci\u00f3n con una pantalla led de gran formato con v\u00eddeos tur\u00edsticos realizados por Radio Televisi\u00f3n Marbella.<\/p>\n<p>Por otro lado, seg\u00fan han informado desde el Ayuntamiento a trav\u00e9s de un comunicado, la delegaci\u00f3n de Marbella mantendr\u00e1 durante estas jornadas diversas reuniones de trabajo con responsables de Oficinas Espa\u00f1olas de Turismo de Roma, Londres y Par\u00eds, con touroperadoras (TUI), compa\u00f1\u00edas (Iberia y Ryaniar), cadenas hoteleras (Senator), portales tur\u00edsticos de internet (TripAdvisor), revistas de viajes (Viajar con Ni\u00f1os), entre otras.<\/p>\n<p>CONCIERTOS<\/p>\n<p>Por otro lado, el Ayuntamiento de Marbella tambi\u00e9n ha presentado en Fitur un anticipo de la agenda de conciertos que est\u00e1 preparando para combatir la estacionalidad tur\u00edstica.<\/p>\n<p>Bernal, acompa\u00f1ado del responsable de Turismo, Miguel Luna, y el promotor de Galas Metropolitanas, Julio Guti\u00e9rrez, ha avanzado las actuaciones de Raphael &#8211;19 de julio&#8211; y de Pasi\u00f3n Vega &#8211;4 de junio&#8211;, dentro de un ciclo de conciertos junto a la S\u00ednf\u00f3nica Provincial de M\u00e1laga.<\/p>\n","protected":false},"excerpt":{"rendered":"<p>El alcalde de Marbella (M\u00e1laga), Jos\u00e9 Bernal, ha presentado este mi\u00e9rcoles, en el marco de la Feria Internacional de Turismo (Fitur), la nueva edici\u00f3n del Festival Starlite, que se celebrar\u00e1 como cada a\u00f1o en la Cantera de Nag\u00fceles del 14 de julio al 20 de agosto y que ampl\u00eda su calendario en esta edici\u00f3n una<\/p>\n","protected":false},"author":1,"featured_media":61506,"comment_status":"open","ping_status":"closed","sticky":false,"template":"","format":"standard","meta":{"footnotes":""},"categories":[224],"tags":[],"class_list":{"0":"post-61505","1":"post","2":"type-post","3":"status-publish","4":"format-standard","5":"has-post-thumbnail","7":"category-noticias-actualidad"},"aioseo_notices":[],"aioseo_head":"\n\t\t<!-- All in One SEO Pro 4.9.6.1 - aioseo.com -->\n\t<meta name=\"description\" content=\"El alcalde de Marbella (M\u00e1laga), Jos\u00e9 Bernal, ha presentado este mi\u00e9rcoles, en el marco de la Feria Internacional de Turismo (Fitur), la nueva edici\u00f3n del Festival Starlite, que se celebrar\u00e1 como cada a\u00f1o en la Cantera de Nag\u00fceles del 14 de julio al 20 de agosto y que ampl\u00eda su calendario en esta edici\u00f3n una\" \/>\n\t<meta name=\"robots\" content=\"max-image-preview:large\" \/>\n\t<meta name=\"author\" content=\"admin\"\/>\n\t<meta name=\"google-site-verification\" content=\"UA-38556648-1\" \/>\n\t<meta name=\"keywords\" content=\"noticias y actualidad\" \/>\n\t<link rel=\"canonical\" href=\"https:\/\/eldigitaldeasturias.com\/magazine365\/el-festival-starlite-ampliara-esta-edicion-su-calendario-una-semana\/\" \/>\n\t<meta name=\"generator\" content=\"All in One SEO Pro (AIOSEO) 4.9.6.1\" \/>\n\t\t<meta property=\"og:locale\" content=\"es_ES\" \/>\n\t\t<meta property=\"og:site_name\" content=\"El Digital de Asturias \u2013 Revista de ocio, turismo y estilo de vida\" \/>\n\t\t<meta property=\"og:type\" content=\"article\" \/>\n\t\t<meta property=\"og:title\" content=\"El Festival Starlite ampliar\u00e1 esta edici\u00f3n su calendario una semana | El Digital de Asturias\" \/>\n\t\t<meta property=\"og:description\" content=\"El alcalde de Marbella (M\u00e1laga), Jos\u00e9 Bernal, ha presentado este mi\u00e9rcoles, en el marco de la Feria Internacional de Turismo (Fitur), la nueva edici\u00f3n del Festival Starlite, que se celebrar\u00e1 como cada a\u00f1o en la Cantera de Nag\u00fceles del 14 de julio al 20 de agosto y que ampl\u00eda su calendario en esta edici\u00f3n una\" \/>\n\t\t<meta property=\"og:url\" content=\"https:\/\/eldigitaldeasturias.com\/magazine365\/el-festival-starlite-ampliara-esta-edicion-su-calendario-una-semana\/\" \/>\n\t\t<meta property=\"og:image\" content=\"https:\/\/eldigitaldeasturias.com\/magazine365\/wp-content\/uploads\/2016\/01\/fotonoticia_20160120191133_800.jpg\" \/>\n\t\t<meta property=\"og:image:secure_url\" content=\"https:\/\/eldigitaldeasturias.com\/magazine365\/wp-content\/uploads\/2016\/01\/fotonoticia_20160120191133_800.jpg\" \/>\n\t\t<meta property=\"og:image:width\" content=\"800\" \/>\n\t\t<meta property=\"og:image:height\" content=\"533\" \/>\n\t\t<meta property=\"article:published_time\" content=\"2016-01-22T17:23:50+00:00\" \/>\n\t\t<meta property=\"article:modified_time\" content=\"2016-01-22T17:23:50+00:00\" \/>\n\t\t<meta name=\"twitter:card\" content=\"summary_large_image\" \/>\n\t\t<meta name=\"twitter:title\" content=\"El Festival Starlite ampliar\u00e1 esta edici\u00f3n su calendario una semana | El Digital de Asturias\" \/>\n\t\t<meta name=\"twitter:description\" content=\"El alcalde de Marbella (M\u00e1laga), Jos\u00e9 Bernal, ha presentado este mi\u00e9rcoles, en el marco de la Feria Internacional de Turismo (Fitur), la nueva edici\u00f3n del Festival Starlite, que se celebrar\u00e1 como cada a\u00f1o en la Cantera de Nag\u00fceles del 14 de julio al 20 de agosto y que ampl\u00eda su calendario en esta edici\u00f3n una\" \/>\n\t\t<meta name=\"twitter:image\" content=\"https:\/\/eldigitaldeasturias.com\/magazine365\/wp-content\/uploads\/2016\/01\/fotonoticia_20160120191133_800.jpg\" \/>\n\t\t<script type=\"application\/ld+json\" class=\"aioseo-schema\">\n\t\t\t{\"@context\":\"https:\\\/\\\/schema.org\",\"@graph\":[{\"@type\":\"Article\",\"@id\":\"https:\\\/\\\/eldigitaldeasturias.com\\\/magazine365\\\/el-festival-starlite-ampliara-esta-edicion-su-calendario-una-semana\\\/#article\",\"name\":\"El Festival Starlite ampliar\\u00e1 esta edici\\u00f3n su calendario una semana | El Digital de Asturias\",\"headline\":\"El Festival Starlite ampliar\\u00e1 esta edici\\u00f3n su calendario una semana\",\"author\":{\"@id\":\"https:\\\/\\\/eldigitaldeasturias.com\\\/magazine365\\\/author\\\/admin\\\/#author\"},\"publisher\":{\"@id\":\"https:\\\/\\\/eldigitaldeasturias.com\\\/magazine365\\\/#organization\"},\"image\":{\"@type\":\"ImageObject\",\"url\":\"https:\\\/\\\/eldigitaldeasturias.com\\\/magazine365\\\/wp-content\\\/uploads\\\/2016\\\/01\\\/fotonoticia_20160120191133_800.jpg\",\"width\":800,\"height\":533},\"datePublished\":\"2016-01-22T18:23:50+01:00\",\"dateModified\":\"2016-01-22T18:23:50+01:00\",\"inLanguage\":\"es-ES\",\"mainEntityOfPage\":{\"@id\":\"https:\\\/\\\/eldigitaldeasturias.com\\\/magazine365\\\/el-festival-starlite-ampliara-esta-edicion-su-calendario-una-semana\\\/#webpage\"},\"isPartOf\":{\"@id\":\"https:\\\/\\\/eldigitaldeasturias.com\\\/magazine365\\\/el-festival-starlite-ampliara-esta-edicion-su-calendario-una-semana\\\/#webpage\"},\"articleSection\":\"Noticias y Actualidad\"},{\"@type\":\"BreadcrumbList\",\"@id\":\"https:\\\/\\\/eldigitaldeasturias.com\\\/magazine365\\\/el-festival-starlite-ampliara-esta-edicion-su-calendario-una-semana\\\/#breadcrumblist\",\"itemListElement\":[{\"@type\":\"ListItem\",\"@id\":\"https:\\\/\\\/eldigitaldeasturias.com\\\/magazine365#listItem\",\"position\":1,\"name\":\"Home\",\"item\":\"https:\\\/\\\/eldigitaldeasturias.com\\\/magazine365\",\"nextItem\":{\"@type\":\"ListItem\",\"@id\":\"https:\\\/\\\/eldigitaldeasturias.com\\\/magazine365\\\/category\\\/noticias-actualidad\\\/#listItem\",\"name\":\"Noticias y Actualidad\"}},{\"@type\":\"ListItem\",\"@id\":\"https:\\\/\\\/eldigitaldeasturias.com\\\/magazine365\\\/category\\\/noticias-actualidad\\\/#listItem\",\"position\":2,\"name\":\"Noticias y Actualidad\",\"item\":\"https:\\\/\\\/eldigitaldeasturias.com\\\/magazine365\\\/category\\\/noticias-actualidad\\\/\",\"nextItem\":{\"@type\":\"ListItem\",\"@id\":\"https:\\\/\\\/eldigitaldeasturias.com\\\/magazine365\\\/el-festival-starlite-ampliara-esta-edicion-su-calendario-una-semana\\\/#listItem\",\"name\":\"El Festival Starlite ampliar\\u00e1 esta edici\\u00f3n su calendario una semana\"},\"previousItem\":{\"@type\":\"ListItem\",\"@id\":\"https:\\\/\\\/eldigitaldeasturias.com\\\/magazine365#listItem\",\"name\":\"Home\"}},{\"@type\":\"ListItem\",\"@id\":\"https:\\\/\\\/eldigitaldeasturias.com\\\/magazine365\\\/el-festival-starlite-ampliara-esta-edicion-su-calendario-una-semana\\\/#listItem\",\"position\":3,\"name\":\"El Festival Starlite ampliar\\u00e1 esta edici\\u00f3n su calendario una semana\",\"previousItem\":{\"@type\":\"ListItem\",\"@id\":\"https:\\\/\\\/eldigitaldeasturias.com\\\/magazine365\\\/category\\\/noticias-actualidad\\\/#listItem\",\"name\":\"Noticias y Actualidad\"}}]},{\"@type\":\"Organization\",\"@id\":\"https:\\\/\\\/eldigitaldeasturias.com\\\/magazine365\\\/#organization\",\"name\":\"El digital de Asturias\",\"description\":\"Revista de ocio, turismo y estilo de vida\",\"url\":\"https:\\\/\\\/eldigitaldeasturias.com\\\/magazine365\\\/\",\"logo\":{\"@type\":\"ImageObject\",\"url\":\"https:\\\/\\\/www.eldigitaldeasturias.com\\\/noticias\\\/wp-content\\\/uploads\\\/2020\\\/12\\\/EDA.jpg\",\"@id\":\"https:\\\/\\\/eldigitaldeasturias.com\\\/magazine365\\\/el-festival-starlite-ampliara-esta-edicion-su-calendario-una-semana\\\/#organizationLogo\"},\"image\":{\"@id\":\"https:\\\/\\\/eldigitaldeasturias.com\\\/magazine365\\\/el-festival-starlite-ampliara-esta-edicion-su-calendario-una-semana\\\/#organizationLogo\"}},{\"@type\":\"Person\",\"@id\":\"https:\\\/\\\/eldigitaldeasturias.com\\\/magazine365\\\/author\\\/admin\\\/#author\",\"url\":\"https:\\\/\\\/eldigitaldeasturias.com\\\/magazine365\\\/author\\\/admin\\\/\",\"name\":\"admin\",\"image\":{\"@type\":\"ImageObject\",\"@id\":\"https:\\\/\\\/eldigitaldeasturias.com\\\/magazine365\\\/el-festival-starlite-ampliara-esta-edicion-su-calendario-una-semana\\\/#authorImage\",\"url\":\"https:\\\/\\\/eldigitaldeasturias.com\\\/magazine365\\\/wp-content\\\/litespeed\\\/avatar\\\/e571bcf59a0edd6fa6838245a470f2fe.jpg?ver=1776969259\",\"width\":96,\"height\":96,\"caption\":\"admin\"}},{\"@type\":\"WebPage\",\"@id\":\"https:\\\/\\\/eldigitaldeasturias.com\\\/magazine365\\\/el-festival-starlite-ampliara-esta-edicion-su-calendario-una-semana\\\/#webpage\",\"url\":\"https:\\\/\\\/eldigitaldeasturias.com\\\/magazine365\\\/el-festival-starlite-ampliara-esta-edicion-su-calendario-una-semana\\\/\",\"name\":\"El Festival Starlite ampliar\\u00e1 esta edici\\u00f3n su calendario una semana | El Digital de Asturias\",\"description\":\"El alcalde de Marbella (M\\u00e1laga), Jos\\u00e9 Bernal, ha presentado este mi\\u00e9rcoles, en el marco de la Feria Internacional de Turismo (Fitur), la nueva edici\\u00f3n del Festival Starlite, que se celebrar\\u00e1 como cada a\\u00f1o en la Cantera de Nag\\u00fceles del 14 de julio al 20 de agosto y que ampl\\u00eda su calendario en esta edici\\u00f3n una\",\"inLanguage\":\"es-ES\",\"isPartOf\":{\"@id\":\"https:\\\/\\\/eldigitaldeasturias.com\\\/magazine365\\\/#website\"},\"breadcrumb\":{\"@id\":\"https:\\\/\\\/eldigitaldeasturias.com\\\/magazine365\\\/el-festival-starlite-ampliara-esta-edicion-su-calendario-una-semana\\\/#breadcrumblist\"},\"author\":{\"@id\":\"https:\\\/\\\/eldigitaldeasturias.com\\\/magazine365\\\/author\\\/admin\\\/#author\"},\"creator\":{\"@id\":\"https:\\\/\\\/eldigitaldeasturias.com\\\/magazine365\\\/author\\\/admin\\\/#author\"},\"image\":{\"@type\":\"ImageObject\",\"url\":\"https:\\\/\\\/eldigitaldeasturias.com\\\/magazine365\\\/wp-content\\\/uploads\\\/2016\\\/01\\\/fotonoticia_20160120191133_800.jpg\",\"@id\":\"https:\\\/\\\/eldigitaldeasturias.com\\\/magazine365\\\/el-festival-starlite-ampliara-esta-edicion-su-calendario-una-semana\\\/#mainImage\",\"width\":800,\"height\":533},\"primaryImageOfPage\":{\"@id\":\"https:\\\/\\\/eldigitaldeasturias.com\\\/magazine365\\\/el-festival-starlite-ampliara-esta-edicion-su-calendario-una-semana\\\/#mainImage\"},\"datePublished\":\"2016-01-22T18:23:50+01:00\",\"dateModified\":\"2016-01-22T18:23:50+01:00\"},{\"@type\":\"WebSite\",\"@id\":\"https:\\\/\\\/eldigitaldeasturias.com\\\/magazine365\\\/#website\",\"url\":\"https:\\\/\\\/eldigitaldeasturias.com\\\/magazine365\\\/\",\"name\":\"El Digital de Asturias\",\"description\":\"Revista de ocio, turismo y estilo de vida\",\"inLanguage\":\"es-ES\",\"publisher\":{\"@id\":\"https:\\\/\\\/eldigitaldeasturias.com\\\/magazine365\\\/#organization\"}}]}\n\t\t<\/script>\n\t\t<!-- All in One SEO Pro -->\r\n\t\t<title>El Festival Starlite ampliar\u00e1 esta edici\u00f3n su calendario una semana | El Digital de Asturias<\/title>\n\n","aioseo_head_json":{"title":"El Festival Starlite ampliar\u00e1 esta edici\u00f3n su calendario una semana | El Digital de Asturias","description":"El alcalde de Marbella (M\u00e1laga), Jos\u00e9 Bernal, ha presentado este mi\u00e9rcoles, en el marco de la Feria Internacional de Turismo (Fitur), la nueva edici\u00f3n del Festival Starlite, que se celebrar\u00e1 como cada a\u00f1o en la Cantera de Nag\u00fceles del 14 de julio al 20 de agosto y que ampl\u00eda su calendario en esta edici\u00f3n una","canonical_url":"https:\/\/eldigitaldeasturias.com\/magazine365\/el-festival-starlite-ampliara-esta-edicion-su-calendario-una-semana\/","robots":"max-image-preview:large","keywords":"noticias y actualidad","webmasterTools":{"google-site-verification":"UA-38556648-1","miscellaneous":""},"schema":{"@context":"https:\/\/schema.org","@graph":[{"@type":"Article","@id":"https:\/\/eldigitaldeasturias.com\/magazine365\/el-festival-starlite-ampliara-esta-edicion-su-calendario-una-semana\/#article","name":"El Festival Starlite ampliar\u00e1 esta edici\u00f3n su calendario una semana | El Digital de Asturias","headline":"El Festival Starlite ampliar\u00e1 esta edici\u00f3n su calendario una semana","author":{"@id":"https:\/\/eldigitaldeasturias.com\/magazine365\/author\/admin\/#author"},"publisher":{"@id":"https:\/\/eldigitaldeasturias.com\/magazine365\/#organization"},"image":{"@type":"ImageObject","url":"https:\/\/eldigitaldeasturias.com\/magazine365\/wp-content\/uploads\/2016\/01\/fotonoticia_20160120191133_800.jpg","width":800,"height":533},"datePublished":"2016-01-22T18:23:50+01:00","dateModified":"2016-01-22T18:23:50+01:00","inLanguage":"es-ES","mainEntityOfPage":{"@id":"https:\/\/eldigitaldeasturias.com\/magazine365\/el-festival-starlite-ampliara-esta-edicion-su-calendario-una-semana\/#webpage"},"isPartOf":{"@id":"https:\/\/eldigitaldeasturias.com\/magazine365\/el-festival-starlite-ampliara-esta-edicion-su-calendario-una-semana\/#webpage"},"articleSection":"Noticias y Actualidad"},{"@type":"BreadcrumbList","@id":"https:\/\/eldigitaldeasturias.com\/magazine365\/el-festival-starlite-ampliara-esta-edicion-su-calendario-una-semana\/#breadcrumblist","itemListElement":[{"@type":"ListItem","@id":"https:\/\/eldigitaldeasturias.com\/magazine365#listItem","position":1,"name":"Home","item":"https:\/\/eldigitaldeasturias.com\/magazine365","nextItem":{"@type":"ListItem","@id":"https:\/\/eldigitaldeasturias.com\/magazine365\/category\/noticias-actualidad\/#listItem","name":"Noticias y Actualidad"}},{"@type":"ListItem","@id":"https:\/\/eldigitaldeasturias.com\/magazine365\/category\/noticias-actualidad\/#listItem","position":2,"name":"Noticias y Actualidad","item":"https:\/\/eldigitaldeasturias.com\/magazine365\/category\/noticias-actualidad\/","nextItem":{"@type":"ListItem","@id":"https:\/\/eldigitaldeasturias.com\/magazine365\/el-festival-starlite-ampliara-esta-edicion-su-calendario-una-semana\/#listItem","name":"El Festival Starlite ampliar\u00e1 esta edici\u00f3n su calendario una semana"},"previousItem":{"@type":"ListItem","@id":"https:\/\/eldigitaldeasturias.com\/magazine365#listItem","name":"Home"}},{"@type":"ListItem","@id":"https:\/\/eldigitaldeasturias.com\/magazine365\/el-festival-starlite-ampliara-esta-edicion-su-calendario-una-semana\/#listItem","position":3,"name":"El Festival Starlite ampliar\u00e1 esta edici\u00f3n su calendario una semana","previousItem":{"@type":"ListItem","@id":"https:\/\/eldigitaldeasturias.com\/magazine365\/category\/noticias-actualidad\/#listItem","name":"Noticias y Actualidad"}}]},{"@type":"Organization","@id":"https:\/\/eldigitaldeasturias.com\/magazine365\/#organization","name":"El digital de Asturias","description":"Revista de ocio, turismo y estilo de vida","url":"https:\/\/eldigitaldeasturias.com\/magazine365\/","logo":{"@type":"ImageObject","url":"https:\/\/www.eldigitaldeasturias.com\/noticias\/wp-content\/uploads\/2020\/12\/EDA.jpg","@id":"https:\/\/eldigitaldeasturias.com\/magazine365\/el-festival-starlite-ampliara-esta-edicion-su-calendario-una-semana\/#organizationLogo"},"image":{"@id":"https:\/\/eldigitaldeasturias.com\/magazine365\/el-festival-starlite-ampliara-esta-edicion-su-calendario-una-semana\/#organizationLogo"}},{"@type":"Person","@id":"https:\/\/eldigitaldeasturias.com\/magazine365\/author\/admin\/#author","url":"https:\/\/eldigitaldeasturias.com\/magazine365\/author\/admin\/","name":"admin","image":{"@type":"ImageObject","@id":"https:\/\/eldigitaldeasturias.com\/magazine365\/el-festival-starlite-ampliara-esta-edicion-su-calendario-una-semana\/#authorImage","url":"https:\/\/eldigitaldeasturias.com\/magazine365\/wp-content\/litespeed\/avatar\/e571bcf59a0edd6fa6838245a470f2fe.jpg?ver=1776969259","width":96,"height":96,"caption":"admin"}},{"@type":"WebPage","@id":"https:\/\/eldigitaldeasturias.com\/magazine365\/el-festival-starlite-ampliara-esta-edicion-su-calendario-una-semana\/#webpage","url":"https:\/\/eldigitaldeasturias.com\/magazine365\/el-festival-starlite-ampliara-esta-edicion-su-calendario-una-semana\/","name":"El Festival Starlite ampliar\u00e1 esta edici\u00f3n su calendario una semana | El Digital de Asturias","description":"El alcalde de Marbella (M\u00e1laga), Jos\u00e9 Bernal, ha presentado este mi\u00e9rcoles, en el marco de la Feria Internacional de Turismo (Fitur), la nueva edici\u00f3n del Festival Starlite, que se celebrar\u00e1 como cada a\u00f1o en la Cantera de Nag\u00fceles del 14 de julio al 20 de agosto y que ampl\u00eda su calendario en esta edici\u00f3n una","inLanguage":"es-ES","isPartOf":{"@id":"https:\/\/eldigitaldeasturias.com\/magazine365\/#website"},"breadcrumb":{"@id":"https:\/\/eldigitaldeasturias.com\/magazine365\/el-festival-starlite-ampliara-esta-edicion-su-calendario-una-semana\/#breadcrumblist"},"author":{"@id":"https:\/\/eldigitaldeasturias.com\/magazine365\/author\/admin\/#author"},"creator":{"@id":"https:\/\/eldigitaldeasturias.com\/magazine365\/author\/admin\/#author"},"image":{"@type":"ImageObject","url":"https:\/\/eldigitaldeasturias.com\/magazine365\/wp-content\/uploads\/2016\/01\/fotonoticia_20160120191133_800.jpg","@id":"https:\/\/eldigitaldeasturias.com\/magazine365\/el-festival-starlite-ampliara-esta-edicion-su-calendario-una-semana\/#mainImage","width":800,"height":533},"primaryImageOfPage":{"@id":"https:\/\/eldigitaldeasturias.com\/magazine365\/el-festival-starlite-ampliara-esta-edicion-su-calendario-una-semana\/#mainImage"},"datePublished":"2016-01-22T18:23:50+01:00","dateModified":"2016-01-22T18:23:50+01:00"},{"@type":"WebSite","@id":"https:\/\/eldigitaldeasturias.com\/magazine365\/#website","url":"https:\/\/eldigitaldeasturias.com\/magazine365\/","name":"El Digital de Asturias","description":"Revista de ocio, turismo y estilo de vida","inLanguage":"es-ES","publisher":{"@id":"https:\/\/eldigitaldeasturias.com\/magazine365\/#organization"}}]},"og:locale":"es_ES","og:site_name":"El Digital de Asturias \u2013 Revista de ocio, turismo y estilo de vida","og:type":"article","og:title":"El Festival Starlite ampliar\u00e1 esta edici\u00f3n su calendario una semana | El Digital de Asturias","og:description":"El alcalde de Marbella (M\u00e1laga), Jos\u00e9 Bernal, ha presentado este mi\u00e9rcoles, en el marco de la Feria Internacional de Turismo (Fitur), la nueva edici\u00f3n del Festival Starlite, que se celebrar\u00e1 como cada a\u00f1o en la Cantera de Nag\u00fceles del 14 de julio al 20 de agosto y que ampl\u00eda su calendario en esta edici\u00f3n una","og:url":"https:\/\/eldigitaldeasturias.com\/magazine365\/el-festival-starlite-ampliara-esta-edicion-su-calendario-una-semana\/","og:image":"https:\/\/eldigitaldeasturias.com\/magazine365\/wp-content\/uploads\/2016\/01\/fotonoticia_20160120191133_800.jpg","og:image:secure_url":"https:\/\/eldigitaldeasturias.com\/magazine365\/wp-content\/uploads\/2016\/01\/fotonoticia_20160120191133_800.jpg","og:image:width":800,"og:image:height":533,"article:published_time":"2016-01-22T17:23:50+00:00","article:modified_time":"2016-01-22T17:23:50+00:00","twitter:card":"summary_large_image","twitter:title":"El Festival Starlite ampliar\u00e1 esta edici\u00f3n su calendario una semana | El Digital de Asturias","twitter:description":"El alcalde de Marbella (M\u00e1laga), Jos\u00e9 Bernal, ha presentado este mi\u00e9rcoles, en el marco de la Feria Internacional de Turismo (Fitur), la nueva edici\u00f3n del Festival Starlite, que se celebrar\u00e1 como cada a\u00f1o en la Cantera de Nag\u00fceles del 14 de julio al 20 de agosto y que ampl\u00eda su calendario en esta edici\u00f3n una","twitter:image":"https:\/\/eldigitaldeasturias.com\/magazine365\/wp-content\/uploads\/2016\/01\/fotonoticia_20160120191133_800.jpg"},"aioseo_meta_data":{"post_id":"61505","title":null,"description":null,"keywords":null,"keyphrases":null,"primary_term":null,"canonical_url":null,"og_title":null,"og_description":null,"og_object_type":"default","og_image_type":"default","og_image_url":null,"og_image_width":null,"og_image_height":null,"og_image_custom_url":null,"og_image_custom_fields":null,"og_video":null,"og_custom_url":null,"og_article_section":null,"og_article_tags":null,"twitter_use_og":false,"twitter_card":"default","twitter_image_type":"default","twitter_image_url":null,"twitter_image_custom_url":null,"twitter_image_custom_fields":null,"twitter_title":null,"twitter_description":null,"schema":{"blockGraphs":[],"customGraphs":[],"default":{"data":{"Article":[],"Course":[],"Dataset":[],"FAQPage":[],"Movie":[],"Person":[],"Product":[],"ProductReview":[],"Car":[],"Recipe":[],"Service":[],"SoftwareApplication":[],"WebPage":[]},"graphName":"","isEnabled":true},"graphs":[],"defaultGraph":"","defaultPostTypeGraph":""},"schema_type":null,"schema_type_options":null,"pillar_content":false,"robots_default":true,"robots_noindex":false,"robots_noarchive":false,"robots_nosnippet":false,"robots_nofollow":false,"robots_noimageindex":false,"robots_noodp":false,"robots_notranslate":false,"robots_max_snippet":null,"robots_max_videopreview":null,"robots_max_imagepreview":"large","priority":null,"frequency":null,"location":null,"local_seo":null,"seo_analyzer_scan_date":"2025-09-25 09:06:11","breadcrumb_settings":null,"limit_modified_date":false,"open_ai":null,"ai":null,"created":"2021-03-08 21:48:44","updated":"2025-09-25 09:06:11"},"aioseo_breadcrumb":"<div class=\"aioseo-breadcrumbs\"><span class=\"aioseo-breadcrumb\">\n\t<a href=\"https:\/\/eldigitaldeasturias.com\/magazine365\" title=\"Home\">Home<\/a>\n<\/span><span class=\"aioseo-breadcrumb-separator\">\u2013<\/span><span class=\"aioseo-breadcrumb\">\n\t<a href=\"https:\/\/eldigitaldeasturias.com\/magazine365\/category\/noticias-actualidad\/\" title=\"Noticias y Actualidad\">Noticias y Actualidad<\/a>\n<\/span><span class=\"aioseo-breadcrumb-separator\">\u2013<\/span><span class=\"aioseo-breadcrumb\">\n\t<a href=\"https:\/\/eldigitaldeasturias.com\/magazine365\/el-festival-starlite-ampliara-esta-edicion-su-calendario-una-semana\/\" title=\"El Festival Starlite ampliar\u00e1 esta edici\u00f3n su calendario una semana\">El Festival Starlite ampliar\u00e1 esta edici\u00f3n su calendario una semana<\/a>\n<\/span><\/div>","aioseo_breadcrumb_json":[{"label":"Home","link":"https:\/\/eldigitaldeasturias.com\/magazine365"},{"label":"Noticias y Actualidad","link":"https:\/\/eldigitaldeasturias.com\/magazine365\/category\/noticias-actualidad\/"},{"label":"El Festival Starlite ampliar\u00e1 esta edici\u00f3n su calendario una semana","link":"https:\/\/eldigitaldeasturias.com\/magazine365\/el-festival-starlite-ampliara-esta-edicion-su-calendario-una-semana\/"}],"_links":{"self":[{"href":"https:\/\/eldigitaldeasturias.com\/magazine365\/wp-json\/wp\/v2\/posts\/61505","targetHints":{"allow":["GET"]}}],"collection":[{"href":"https:\/\/eldigitaldeasturias.com\/magazine365\/wp-json\/wp\/v2\/posts"}],"about":[{"href":"https:\/\/eldigitaldeasturias.com\/magazine365\/wp-json\/wp\/v2\/types\/post"}],"author":[{"embeddable":true,"href":"https:\/\/eldigitaldeasturias.com\/magazine365\/wp-json\/wp\/v2\/users\/1"}],"replies":[{"embeddable":true,"href":"https:\/\/eldigitaldeasturias.com\/magazine365\/wp-json\/wp\/v2\/comments?post=61505"}],"version-history":[{"count":0,"href":"https:\/\/eldigitaldeasturias.com\/magazine365\/wp-json\/wp\/v2\/posts\/61505\/revisions"}],"wp:featuredmedia":[{"embeddable":true,"href":"https:\/\/eldigitaldeasturias.com\/magazine365\/wp-json\/wp\/v2\/media\/61506"}],"wp:attachment":[{"href":"https:\/\/eldigitaldeasturias.com\/magazine365\/wp-json\/wp\/v2\/media?parent=61505"}],"wp:term":[{"taxonomy":"category","embeddable":true,"href":"https:\/\/eldigitaldeasturias.com\/magazine365\/wp-json\/wp\/v2\/categories?post=61505"},{"taxonomy":"post_tag","embeddable":true,"href":"https:\/\/eldigitaldeasturias.com\/magazine365\/wp-json\/wp\/v2\/tags?post=61505"}],"curies":[{"name":"wp","href":"https:\/\/api.w.org\/{rel}","templated":true}]}}