{"id":61502,"date":"2016-01-22T18:22:55","date_gmt":"2016-01-22T17:22:55","guid":{"rendered":"http:\/\/eldigitaldeasturias.com\/magazine365\/?p=61502"},"modified":"2016-01-22T18:22:55","modified_gmt":"2016-01-22T17:22:55","slug":"caballero-exige-a-fomento-que-deje-de-humillar-a-la-ciudad-y-haga-las-nuevas-conexiones-a-madrid-directas-desde-vigo","status":"publish","type":"post","link":"https:\/\/eldigitaldeasturias.com\/magazine365\/caballero-exige-a-fomento-que-deje-de-humillar-a-la-ciudad-y-haga-las-nuevas-conexiones-a-madrid-directas-desde-vigo\/","title":{"rendered":"Caballero exige a Fomento que deje de \u00abhumillar\u00bb a la ciudad y haga las nuevas conexiones a Madrid directas desde Vigo"},"content":{"rendered":"<p><img fetchpriority=\"high\" decoding=\"async\" class=\"alignleft size-medium wp-image-61503\" src=\"https:\/\/eldigitaldeasturias.com\/magazine365\/wp-content\/uploads\/2016\/01\/fotonoticia_20160120191054_800-360x270.jpg\" alt=\"fotonoticia_20160120191054_800\" width=\"360\" height=\"270\" srcset=\"https:\/\/eldigitaldeasturias.com\/magazine365\/wp-content\/uploads\/2016\/01\/fotonoticia_20160120191054_800-360x270.jpg 360w, https:\/\/eldigitaldeasturias.com\/magazine365\/wp-content\/uploads\/2016\/01\/fotonoticia_20160120191054_800-650x488.jpg 650w, https:\/\/eldigitaldeasturias.com\/magazine365\/wp-content\/uploads\/2016\/01\/fotonoticia_20160120191054_800-768x576.jpg 768w, https:\/\/eldigitaldeasturias.com\/magazine365\/wp-content\/uploads\/2016\/01\/fotonoticia_20160120191054_800-150x113.jpg 150w, https:\/\/eldigitaldeasturias.com\/magazine365\/wp-content\/uploads\/2016\/01\/fotonoticia_20160120191054_800-450x338.jpg 450w, https:\/\/eldigitaldeasturias.com\/magazine365\/wp-content\/uploads\/2016\/01\/fotonoticia_20160120191054_800-80x60.jpg 80w, https:\/\/eldigitaldeasturias.com\/magazine365\/wp-content\/uploads\/2016\/01\/fotonoticia_20160120191054_800-265x198.jpg 265w, https:\/\/eldigitaldeasturias.com\/magazine365\/wp-content\/uploads\/2016\/01\/fotonoticia_20160120191054_800-696x522.jpg 696w, https:\/\/eldigitaldeasturias.com\/magazine365\/wp-content\/uploads\/2016\/01\/fotonoticia_20160120191054_800-560x420.jpg 560w, https:\/\/eldigitaldeasturias.com\/magazine365\/wp-content\/uploads\/2016\/01\/fotonoticia_20160120191054_800-90x67.jpg 90w, https:\/\/eldigitaldeasturias.com\/magazine365\/wp-content\/uploads\/2016\/01\/fotonoticia_20160120191054_800-164x124.jpg 164w, https:\/\/eldigitaldeasturias.com\/magazine365\/wp-content\/uploads\/2016\/01\/fotonoticia_20160120191054_800-100x75.jpg 100w, https:\/\/eldigitaldeasturias.com\/magazine365\/wp-content\/uploads\/2016\/01\/fotonoticia_20160120191054_800.jpg 800w\" sizes=\"(max-width: 360px) 100vw, 360px\" \/>El alcalde de Vigo, Abel Caballero, ha exigido a la ministra de Fomento en funciones, Ana Pastor, que \u00abde forma inmediata\u00bb ponga las dos nuevas conexiones entre Galicia y Madrid directas desde Vigo y \u00abque no pretenda humillar a esta ciudad &#8211;haciendo a los vigueses&#8211; ir por Santiago y tardando un cuarto de hora m\u00e1s\u00bb.<\/p>\n<p>En declaraciones a los medios este mi\u00e9rcoles, Caballero ha manifestado que esta remodelaci\u00f3n ferroviaria es \u00abun esc\u00e1ndalo\u00bb, ya que, ha explicado, se propone hacer un Vigo-Madrid por Santiago cambiando de tren, lo que significa para Vigo tardar \u00abun cuarto de hora m\u00e1s\u00bb. \u00ab\u00bfEsta ministra est\u00e1 tomando el pelo a esta ciudad, le est\u00e1 tomando el pelo a Vigo?\u00bb, ha cuestionado.<\/p>\n<p>Seg\u00fan ha remarcado, el trayecto directo entre la ciudad ol\u00edvica y la capital lleva 6 horas y 10 minutos, pero \u00abahora la ministra que se presenta por esta provincia dice que &#8211;se puede&#8211; ir por Santiago y tardar 15 minutos m\u00e1s\u00bb. \u00abGastaron miles de millones de euros para que tarde un cuarto de hora m\u00e1s. \u00bfSe creen que somos tontos o qu\u00e9 est\u00e1 pasando aqu\u00ed?\u00bb, ha criticado.<\/p>\n<p>\u00ab\u00a1Menuda ministra! Menos mal que est\u00e1 en funciones&#8230; Y deseo que cese r\u00e1pido en ellas. Esto es un insulto a Vigo\u00bb, ha recalcado, a colaci\u00f3n de lo que ha paralelado esta situaci\u00f3n con lo ocurrido con los aeropuertos, cuando, ha apuntado, \u00abquer\u00edan hacer &#8211;a los vigueses&#8211; ir a Madrid a trav\u00e9s del aeropuerto de Santiago y cerrar el aeropuerto de Vigo\u00bb.<\/p>\n<p>\u00abUna vez que en esa batalla les pulverizamos ahora viene la ministra de Fomento en funciones y propone hacer un Vigo-Madrid por Santiago\u00bb, ha reiterado, antes de preguntar si el objetivo es meter \u00abviajeros a los de Santiago y a los de A Coru\u00f1a\u00bb. \u00abSe r\u00eden abiertamente de Vigo, yo nunca vi nada igual a esto\u00bb, ha rematado.<\/p>\n<p>En el mismo sentido, ha aludido al cambio del tren nocturno entre Vigo y Madrid, que como \u00aba partir de febrero va por Le\u00f3n, tarda dos horas m\u00e1s la vuelta y una hora y media m\u00e1s\u00bb la ida. \u00ab\u00bfNos toman el pelo? \u00bfY dicen a\u00fan encima que quieren que le voten a Rajoy para presidente para hacer esto con los trenes de Vigo?\u00bb, ha concluido.<\/p>\n","protected":false},"excerpt":{"rendered":"<p>El alcalde de Vigo, Abel Caballero, ha exigido a la ministra de Fomento en funciones, Ana Pastor, que \u00abde forma inmediata\u00bb ponga las dos nuevas conexiones entre Galicia y Madrid directas desde Vigo y \u00abque no pretenda humillar a esta ciudad &#8211;haciendo a los vigueses&#8211; ir por Santiago y tardando un cuarto de hora m\u00e1s\u00bb.<\/p>\n","protected":false},"author":1,"featured_media":61503,"comment_status":"open","ping_status":"closed","sticky":false,"template":"","format":"standard","meta":{"footnotes":""},"categories":[224],"tags":[],"class_list":{"0":"post-61502","1":"post","2":"type-post","3":"status-publish","4":"format-standard","5":"has-post-thumbnail","7":"category-noticias-actualidad"},"aioseo_notices":[],"aioseo_head":"\n\t\t<!-- All in One SEO Pro 4.9.6.1 - aioseo.com -->\n\t<meta name=\"description\" content=\"El alcalde de Vigo, Abel Caballero, ha exigido a la ministra de Fomento en funciones, Ana Pastor, que &quot;de forma inmediata&quot; ponga las dos nuevas conexiones entre Galicia y Madrid directas desde Vigo y &quot;que no pretenda humillar a esta ciudad --haciendo a los vigueses-- ir por Santiago y tardando un cuarto de hora m\u00e1s&quot;.\" \/>\n\t<meta name=\"robots\" content=\"max-image-preview:large\" \/>\n\t<meta name=\"author\" content=\"admin\"\/>\n\t<meta name=\"google-site-verification\" content=\"UA-38556648-1\" \/>\n\t<meta name=\"keywords\" content=\"noticias y actualidad\" \/>\n\t<link rel=\"canonical\" href=\"https:\/\/eldigitaldeasturias.com\/magazine365\/caballero-exige-a-fomento-que-deje-de-humillar-a-la-ciudad-y-haga-las-nuevas-conexiones-a-madrid-directas-desde-vigo\/\" \/>\n\t<meta name=\"generator\" content=\"All in One SEO Pro (AIOSEO) 4.9.6.1\" \/>\n\t\t<meta property=\"og:locale\" content=\"es_ES\" \/>\n\t\t<meta property=\"og:site_name\" content=\"El Digital de Asturias \u2013 Revista de ocio, turismo y estilo de vida\" \/>\n\t\t<meta property=\"og:type\" content=\"article\" \/>\n\t\t<meta property=\"og:title\" content=\"Caballero exige a Fomento que deje de \u00abhumillar\u00bb a la ciudad y haga las nuevas conexiones a Madrid directas desde Vigo | El Digital de Asturias\" \/>\n\t\t<meta property=\"og:description\" content=\"El alcalde de Vigo, Abel Caballero, ha exigido a la ministra de Fomento en funciones, Ana Pastor, que &quot;de forma inmediata&quot; ponga las dos nuevas conexiones entre Galicia y Madrid directas desde Vigo y &quot;que no pretenda humillar a esta ciudad --haciendo a los vigueses-- ir por Santiago y tardando un cuarto de hora m\u00e1s&quot;.\" \/>\n\t\t<meta property=\"og:url\" content=\"https:\/\/eldigitaldeasturias.com\/magazine365\/caballero-exige-a-fomento-que-deje-de-humillar-a-la-ciudad-y-haga-las-nuevas-conexiones-a-madrid-directas-desde-vigo\/\" \/>\n\t\t<meta property=\"og:image\" content=\"https:\/\/eldigitaldeasturias.com\/magazine365\/wp-content\/uploads\/2016\/01\/fotonoticia_20160120191054_800.jpg\" \/>\n\t\t<meta property=\"og:image:secure_url\" content=\"https:\/\/eldigitaldeasturias.com\/magazine365\/wp-content\/uploads\/2016\/01\/fotonoticia_20160120191054_800.jpg\" \/>\n\t\t<meta property=\"og:image:width\" content=\"800\" \/>\n\t\t<meta property=\"og:image:height\" content=\"600\" \/>\n\t\t<meta property=\"article:published_time\" content=\"2016-01-22T17:22:55+00:00\" \/>\n\t\t<meta property=\"article:modified_time\" content=\"2016-01-22T17:22:55+00:00\" \/>\n\t\t<meta name=\"twitter:card\" content=\"summary_large_image\" \/>\n\t\t<meta name=\"twitter:title\" content=\"Caballero exige a Fomento que deje de \u00abhumillar\u00bb a la ciudad y haga las nuevas conexiones a Madrid directas desde Vigo | El Digital de Asturias\" \/>\n\t\t<meta name=\"twitter:description\" content=\"El alcalde de Vigo, Abel Caballero, ha exigido a la ministra de Fomento en funciones, Ana Pastor, que &quot;de forma inmediata&quot; ponga las dos nuevas conexiones entre Galicia y Madrid directas desde Vigo y &quot;que no pretenda humillar a esta ciudad --haciendo a los vigueses-- ir por Santiago y tardando un cuarto de hora m\u00e1s&quot;.\" \/>\n\t\t<meta name=\"twitter:image\" content=\"https:\/\/eldigitaldeasturias.com\/magazine365\/wp-content\/uploads\/2016\/01\/fotonoticia_20160120191054_800.jpg\" \/>\n\t\t<script type=\"application\/ld+json\" class=\"aioseo-schema\">\n\t\t\t{\"@context\":\"https:\\\/\\\/schema.org\",\"@graph\":[{\"@type\":\"Article\",\"@id\":\"https:\\\/\\\/eldigitaldeasturias.com\\\/magazine365\\\/caballero-exige-a-fomento-que-deje-de-humillar-a-la-ciudad-y-haga-las-nuevas-conexiones-a-madrid-directas-desde-vigo\\\/#article\",\"name\":\"Caballero exige a Fomento que deje de \\u00abhumillar\\u00bb a la ciudad y haga las nuevas conexiones a Madrid directas desde Vigo | El Digital de Asturias\",\"headline\":\"Caballero exige a Fomento que deje de \\u00abhumillar\\u00bb a la ciudad y haga las nuevas conexiones a Madrid directas desde Vigo\",\"author\":{\"@id\":\"https:\\\/\\\/eldigitaldeasturias.com\\\/magazine365\\\/author\\\/admin\\\/#author\"},\"publisher\":{\"@id\":\"https:\\\/\\\/eldigitaldeasturias.com\\\/magazine365\\\/#organization\"},\"image\":{\"@type\":\"ImageObject\",\"url\":\"https:\\\/\\\/eldigitaldeasturias.com\\\/magazine365\\\/wp-content\\\/uploads\\\/2016\\\/01\\\/fotonoticia_20160120191054_800.jpg\",\"width\":800,\"height\":600},\"datePublished\":\"2016-01-22T18:22:55+01:00\",\"dateModified\":\"2016-01-22T18:22:55+01:00\",\"inLanguage\":\"es-ES\",\"mainEntityOfPage\":{\"@id\":\"https:\\\/\\\/eldigitaldeasturias.com\\\/magazine365\\\/caballero-exige-a-fomento-que-deje-de-humillar-a-la-ciudad-y-haga-las-nuevas-conexiones-a-madrid-directas-desde-vigo\\\/#webpage\"},\"isPartOf\":{\"@id\":\"https:\\\/\\\/eldigitaldeasturias.com\\\/magazine365\\\/caballero-exige-a-fomento-que-deje-de-humillar-a-la-ciudad-y-haga-las-nuevas-conexiones-a-madrid-directas-desde-vigo\\\/#webpage\"},\"articleSection\":\"Noticias y Actualidad\"},{\"@type\":\"BreadcrumbList\",\"@id\":\"https:\\\/\\\/eldigitaldeasturias.com\\\/magazine365\\\/caballero-exige-a-fomento-que-deje-de-humillar-a-la-ciudad-y-haga-las-nuevas-conexiones-a-madrid-directas-desde-vigo\\\/#breadcrumblist\",\"itemListElement\":[{\"@type\":\"ListItem\",\"@id\":\"https:\\\/\\\/eldigitaldeasturias.com\\\/magazine365#listItem\",\"position\":1,\"name\":\"Home\",\"item\":\"https:\\\/\\\/eldigitaldeasturias.com\\\/magazine365\",\"nextItem\":{\"@type\":\"ListItem\",\"@id\":\"https:\\\/\\\/eldigitaldeasturias.com\\\/magazine365\\\/category\\\/noticias-actualidad\\\/#listItem\",\"name\":\"Noticias y Actualidad\"}},{\"@type\":\"ListItem\",\"@id\":\"https:\\\/\\\/eldigitaldeasturias.com\\\/magazine365\\\/category\\\/noticias-actualidad\\\/#listItem\",\"position\":2,\"name\":\"Noticias y Actualidad\",\"item\":\"https:\\\/\\\/eldigitaldeasturias.com\\\/magazine365\\\/category\\\/noticias-actualidad\\\/\",\"nextItem\":{\"@type\":\"ListItem\",\"@id\":\"https:\\\/\\\/eldigitaldeasturias.com\\\/magazine365\\\/caballero-exige-a-fomento-que-deje-de-humillar-a-la-ciudad-y-haga-las-nuevas-conexiones-a-madrid-directas-desde-vigo\\\/#listItem\",\"name\":\"Caballero exige a Fomento que deje de \\u00abhumillar\\u00bb a la ciudad y haga las nuevas conexiones a Madrid directas desde Vigo\"},\"previousItem\":{\"@type\":\"ListItem\",\"@id\":\"https:\\\/\\\/eldigitaldeasturias.com\\\/magazine365#listItem\",\"name\":\"Home\"}},{\"@type\":\"ListItem\",\"@id\":\"https:\\\/\\\/eldigitaldeasturias.com\\\/magazine365\\\/caballero-exige-a-fomento-que-deje-de-humillar-a-la-ciudad-y-haga-las-nuevas-conexiones-a-madrid-directas-desde-vigo\\\/#listItem\",\"position\":3,\"name\":\"Caballero exige a Fomento que deje de \\u00abhumillar\\u00bb a la ciudad y haga las nuevas conexiones a Madrid directas desde Vigo\",\"previousItem\":{\"@type\":\"ListItem\",\"@id\":\"https:\\\/\\\/eldigitaldeasturias.com\\\/magazine365\\\/category\\\/noticias-actualidad\\\/#listItem\",\"name\":\"Noticias y Actualidad\"}}]},{\"@type\":\"Organization\",\"@id\":\"https:\\\/\\\/eldigitaldeasturias.com\\\/magazine365\\\/#organization\",\"name\":\"El digital de Asturias\",\"description\":\"Revista de ocio, turismo y estilo de vida\",\"url\":\"https:\\\/\\\/eldigitaldeasturias.com\\\/magazine365\\\/\",\"logo\":{\"@type\":\"ImageObject\",\"url\":\"https:\\\/\\\/www.eldigitaldeasturias.com\\\/noticias\\\/wp-content\\\/uploads\\\/2020\\\/12\\\/EDA.jpg\",\"@id\":\"https:\\\/\\\/eldigitaldeasturias.com\\\/magazine365\\\/caballero-exige-a-fomento-que-deje-de-humillar-a-la-ciudad-y-haga-las-nuevas-conexiones-a-madrid-directas-desde-vigo\\\/#organizationLogo\"},\"image\":{\"@id\":\"https:\\\/\\\/eldigitaldeasturias.com\\\/magazine365\\\/caballero-exige-a-fomento-que-deje-de-humillar-a-la-ciudad-y-haga-las-nuevas-conexiones-a-madrid-directas-desde-vigo\\\/#organizationLogo\"}},{\"@type\":\"Person\",\"@id\":\"https:\\\/\\\/eldigitaldeasturias.com\\\/magazine365\\\/author\\\/admin\\\/#author\",\"url\":\"https:\\\/\\\/eldigitaldeasturias.com\\\/magazine365\\\/author\\\/admin\\\/\",\"name\":\"admin\",\"image\":{\"@type\":\"ImageObject\",\"@id\":\"https:\\\/\\\/eldigitaldeasturias.com\\\/magazine365\\\/caballero-exige-a-fomento-que-deje-de-humillar-a-la-ciudad-y-haga-las-nuevas-conexiones-a-madrid-directas-desde-vigo\\\/#authorImage\",\"url\":\"https:\\\/\\\/eldigitaldeasturias.com\\\/magazine365\\\/wp-content\\\/litespeed\\\/avatar\\\/e571bcf59a0edd6fa6838245a470f2fe.jpg?ver=1776969259\",\"width\":96,\"height\":96,\"caption\":\"admin\"}},{\"@type\":\"WebPage\",\"@id\":\"https:\\\/\\\/eldigitaldeasturias.com\\\/magazine365\\\/caballero-exige-a-fomento-que-deje-de-humillar-a-la-ciudad-y-haga-las-nuevas-conexiones-a-madrid-directas-desde-vigo\\\/#webpage\",\"url\":\"https:\\\/\\\/eldigitaldeasturias.com\\\/magazine365\\\/caballero-exige-a-fomento-que-deje-de-humillar-a-la-ciudad-y-haga-las-nuevas-conexiones-a-madrid-directas-desde-vigo\\\/\",\"name\":\"Caballero exige a Fomento que deje de \\u00abhumillar\\u00bb a la ciudad y haga las nuevas conexiones a Madrid directas desde Vigo | El Digital de Asturias\",\"description\":\"El alcalde de Vigo, Abel Caballero, ha exigido a la ministra de Fomento en funciones, Ana Pastor, que \\\"de forma inmediata\\\" ponga las dos nuevas conexiones entre Galicia y Madrid directas desde Vigo y \\\"que no pretenda humillar a esta ciudad --haciendo a los vigueses-- ir por Santiago y tardando un cuarto de hora m\\u00e1s\\\".\",\"inLanguage\":\"es-ES\",\"isPartOf\":{\"@id\":\"https:\\\/\\\/eldigitaldeasturias.com\\\/magazine365\\\/#website\"},\"breadcrumb\":{\"@id\":\"https:\\\/\\\/eldigitaldeasturias.com\\\/magazine365\\\/caballero-exige-a-fomento-que-deje-de-humillar-a-la-ciudad-y-haga-las-nuevas-conexiones-a-madrid-directas-desde-vigo\\\/#breadcrumblist\"},\"author\":{\"@id\":\"https:\\\/\\\/eldigitaldeasturias.com\\\/magazine365\\\/author\\\/admin\\\/#author\"},\"creator\":{\"@id\":\"https:\\\/\\\/eldigitaldeasturias.com\\\/magazine365\\\/author\\\/admin\\\/#author\"},\"image\":{\"@type\":\"ImageObject\",\"url\":\"https:\\\/\\\/eldigitaldeasturias.com\\\/magazine365\\\/wp-content\\\/uploads\\\/2016\\\/01\\\/fotonoticia_20160120191054_800.jpg\",\"@id\":\"https:\\\/\\\/eldigitaldeasturias.com\\\/magazine365\\\/caballero-exige-a-fomento-que-deje-de-humillar-a-la-ciudad-y-haga-las-nuevas-conexiones-a-madrid-directas-desde-vigo\\\/#mainImage\",\"width\":800,\"height\":600},\"primaryImageOfPage\":{\"@id\":\"https:\\\/\\\/eldigitaldeasturias.com\\\/magazine365\\\/caballero-exige-a-fomento-que-deje-de-humillar-a-la-ciudad-y-haga-las-nuevas-conexiones-a-madrid-directas-desde-vigo\\\/#mainImage\"},\"datePublished\":\"2016-01-22T18:22:55+01:00\",\"dateModified\":\"2016-01-22T18:22:55+01:00\"},{\"@type\":\"WebSite\",\"@id\":\"https:\\\/\\\/eldigitaldeasturias.com\\\/magazine365\\\/#website\",\"url\":\"https:\\\/\\\/eldigitaldeasturias.com\\\/magazine365\\\/\",\"name\":\"El Digital de Asturias\",\"description\":\"Revista de ocio, turismo y estilo de vida\",\"inLanguage\":\"es-ES\",\"publisher\":{\"@id\":\"https:\\\/\\\/eldigitaldeasturias.com\\\/magazine365\\\/#organization\"}}]}\n\t\t<\/script>\n\t\t<!-- All in One SEO Pro -->\r\n\t\t<title>Caballero exige a Fomento que deje de \u00abhumillar\u00bb a la ciudad y haga las nuevas conexiones a Madrid directas desde Vigo | El Digital de Asturias<\/title>\n\n","aioseo_head_json":{"title":"Caballero exige a Fomento que deje de \u00abhumillar\u00bb a la ciudad y haga las nuevas conexiones a Madrid directas desde Vigo | El Digital de Asturias","description":"El alcalde de Vigo, Abel Caballero, ha exigido a la ministra de Fomento en funciones, Ana Pastor, que \"de forma inmediata\" ponga las dos nuevas conexiones entre Galicia y Madrid directas desde Vigo y \"que no pretenda humillar a esta ciudad --haciendo a los vigueses-- ir por Santiago y tardando un cuarto de hora m\u00e1s\".","canonical_url":"https:\/\/eldigitaldeasturias.com\/magazine365\/caballero-exige-a-fomento-que-deje-de-humillar-a-la-ciudad-y-haga-las-nuevas-conexiones-a-madrid-directas-desde-vigo\/","robots":"max-image-preview:large","keywords":"noticias y actualidad","webmasterTools":{"google-site-verification":"UA-38556648-1","miscellaneous":""},"schema":{"@context":"https:\/\/schema.org","@graph":[{"@type":"Article","@id":"https:\/\/eldigitaldeasturias.com\/magazine365\/caballero-exige-a-fomento-que-deje-de-humillar-a-la-ciudad-y-haga-las-nuevas-conexiones-a-madrid-directas-desde-vigo\/#article","name":"Caballero exige a Fomento que deje de \u00abhumillar\u00bb a la ciudad y haga las nuevas conexiones a Madrid directas desde Vigo | El Digital de Asturias","headline":"Caballero exige a Fomento que deje de \u00abhumillar\u00bb a la ciudad y haga las nuevas conexiones a Madrid directas desde Vigo","author":{"@id":"https:\/\/eldigitaldeasturias.com\/magazine365\/author\/admin\/#author"},"publisher":{"@id":"https:\/\/eldigitaldeasturias.com\/magazine365\/#organization"},"image":{"@type":"ImageObject","url":"https:\/\/eldigitaldeasturias.com\/magazine365\/wp-content\/uploads\/2016\/01\/fotonoticia_20160120191054_800.jpg","width":800,"height":600},"datePublished":"2016-01-22T18:22:55+01:00","dateModified":"2016-01-22T18:22:55+01:00","inLanguage":"es-ES","mainEntityOfPage":{"@id":"https:\/\/eldigitaldeasturias.com\/magazine365\/caballero-exige-a-fomento-que-deje-de-humillar-a-la-ciudad-y-haga-las-nuevas-conexiones-a-madrid-directas-desde-vigo\/#webpage"},"isPartOf":{"@id":"https:\/\/eldigitaldeasturias.com\/magazine365\/caballero-exige-a-fomento-que-deje-de-humillar-a-la-ciudad-y-haga-las-nuevas-conexiones-a-madrid-directas-desde-vigo\/#webpage"},"articleSection":"Noticias y Actualidad"},{"@type":"BreadcrumbList","@id":"https:\/\/eldigitaldeasturias.com\/magazine365\/caballero-exige-a-fomento-que-deje-de-humillar-a-la-ciudad-y-haga-las-nuevas-conexiones-a-madrid-directas-desde-vigo\/#breadcrumblist","itemListElement":[{"@type":"ListItem","@id":"https:\/\/eldigitaldeasturias.com\/magazine365#listItem","position":1,"name":"Home","item":"https:\/\/eldigitaldeasturias.com\/magazine365","nextItem":{"@type":"ListItem","@id":"https:\/\/eldigitaldeasturias.com\/magazine365\/category\/noticias-actualidad\/#listItem","name":"Noticias y Actualidad"}},{"@type":"ListItem","@id":"https:\/\/eldigitaldeasturias.com\/magazine365\/category\/noticias-actualidad\/#listItem","position":2,"name":"Noticias y Actualidad","item":"https:\/\/eldigitaldeasturias.com\/magazine365\/category\/noticias-actualidad\/","nextItem":{"@type":"ListItem","@id":"https:\/\/eldigitaldeasturias.com\/magazine365\/caballero-exige-a-fomento-que-deje-de-humillar-a-la-ciudad-y-haga-las-nuevas-conexiones-a-madrid-directas-desde-vigo\/#listItem","name":"Caballero exige a Fomento que deje de \u00abhumillar\u00bb a la ciudad y haga las nuevas conexiones a Madrid directas desde Vigo"},"previousItem":{"@type":"ListItem","@id":"https:\/\/eldigitaldeasturias.com\/magazine365#listItem","name":"Home"}},{"@type":"ListItem","@id":"https:\/\/eldigitaldeasturias.com\/magazine365\/caballero-exige-a-fomento-que-deje-de-humillar-a-la-ciudad-y-haga-las-nuevas-conexiones-a-madrid-directas-desde-vigo\/#listItem","position":3,"name":"Caballero exige a Fomento que deje de \u00abhumillar\u00bb a la ciudad y haga las nuevas conexiones a Madrid directas desde Vigo","previousItem":{"@type":"ListItem","@id":"https:\/\/eldigitaldeasturias.com\/magazine365\/category\/noticias-actualidad\/#listItem","name":"Noticias y Actualidad"}}]},{"@type":"Organization","@id":"https:\/\/eldigitaldeasturias.com\/magazine365\/#organization","name":"El digital de Asturias","description":"Revista de ocio, turismo y estilo de vida","url":"https:\/\/eldigitaldeasturias.com\/magazine365\/","logo":{"@type":"ImageObject","url":"https:\/\/www.eldigitaldeasturias.com\/noticias\/wp-content\/uploads\/2020\/12\/EDA.jpg","@id":"https:\/\/eldigitaldeasturias.com\/magazine365\/caballero-exige-a-fomento-que-deje-de-humillar-a-la-ciudad-y-haga-las-nuevas-conexiones-a-madrid-directas-desde-vigo\/#organizationLogo"},"image":{"@id":"https:\/\/eldigitaldeasturias.com\/magazine365\/caballero-exige-a-fomento-que-deje-de-humillar-a-la-ciudad-y-haga-las-nuevas-conexiones-a-madrid-directas-desde-vigo\/#organizationLogo"}},{"@type":"Person","@id":"https:\/\/eldigitaldeasturias.com\/magazine365\/author\/admin\/#author","url":"https:\/\/eldigitaldeasturias.com\/magazine365\/author\/admin\/","name":"admin","image":{"@type":"ImageObject","@id":"https:\/\/eldigitaldeasturias.com\/magazine365\/caballero-exige-a-fomento-que-deje-de-humillar-a-la-ciudad-y-haga-las-nuevas-conexiones-a-madrid-directas-desde-vigo\/#authorImage","url":"https:\/\/eldigitaldeasturias.com\/magazine365\/wp-content\/litespeed\/avatar\/e571bcf59a0edd6fa6838245a470f2fe.jpg?ver=1776969259","width":96,"height":96,"caption":"admin"}},{"@type":"WebPage","@id":"https:\/\/eldigitaldeasturias.com\/magazine365\/caballero-exige-a-fomento-que-deje-de-humillar-a-la-ciudad-y-haga-las-nuevas-conexiones-a-madrid-directas-desde-vigo\/#webpage","url":"https:\/\/eldigitaldeasturias.com\/magazine365\/caballero-exige-a-fomento-que-deje-de-humillar-a-la-ciudad-y-haga-las-nuevas-conexiones-a-madrid-directas-desde-vigo\/","name":"Caballero exige a Fomento que deje de \u00abhumillar\u00bb a la ciudad y haga las nuevas conexiones a Madrid directas desde Vigo | El Digital de Asturias","description":"El alcalde de Vigo, Abel Caballero, ha exigido a la ministra de Fomento en funciones, Ana Pastor, que \"de forma inmediata\" ponga las dos nuevas conexiones entre Galicia y Madrid directas desde Vigo y \"que no pretenda humillar a esta ciudad --haciendo a los vigueses-- ir por Santiago y tardando un cuarto de hora m\u00e1s\".","inLanguage":"es-ES","isPartOf":{"@id":"https:\/\/eldigitaldeasturias.com\/magazine365\/#website"},"breadcrumb":{"@id":"https:\/\/eldigitaldeasturias.com\/magazine365\/caballero-exige-a-fomento-que-deje-de-humillar-a-la-ciudad-y-haga-las-nuevas-conexiones-a-madrid-directas-desde-vigo\/#breadcrumblist"},"author":{"@id":"https:\/\/eldigitaldeasturias.com\/magazine365\/author\/admin\/#author"},"creator":{"@id":"https:\/\/eldigitaldeasturias.com\/magazine365\/author\/admin\/#author"},"image":{"@type":"ImageObject","url":"https:\/\/eldigitaldeasturias.com\/magazine365\/wp-content\/uploads\/2016\/01\/fotonoticia_20160120191054_800.jpg","@id":"https:\/\/eldigitaldeasturias.com\/magazine365\/caballero-exige-a-fomento-que-deje-de-humillar-a-la-ciudad-y-haga-las-nuevas-conexiones-a-madrid-directas-desde-vigo\/#mainImage","width":800,"height":600},"primaryImageOfPage":{"@id":"https:\/\/eldigitaldeasturias.com\/magazine365\/caballero-exige-a-fomento-que-deje-de-humillar-a-la-ciudad-y-haga-las-nuevas-conexiones-a-madrid-directas-desde-vigo\/#mainImage"},"datePublished":"2016-01-22T18:22:55+01:00","dateModified":"2016-01-22T18:22:55+01:00"},{"@type":"WebSite","@id":"https:\/\/eldigitaldeasturias.com\/magazine365\/#website","url":"https:\/\/eldigitaldeasturias.com\/magazine365\/","name":"El Digital de Asturias","description":"Revista de ocio, turismo y estilo de vida","inLanguage":"es-ES","publisher":{"@id":"https:\/\/eldigitaldeasturias.com\/magazine365\/#organization"}}]},"og:locale":"es_ES","og:site_name":"El Digital de Asturias \u2013 Revista de ocio, turismo y estilo de vida","og:type":"article","og:title":"Caballero exige a Fomento que deje de \u00abhumillar\u00bb a la ciudad y haga las nuevas conexiones a Madrid directas desde Vigo | El Digital de Asturias","og:description":"El alcalde de Vigo, Abel Caballero, ha exigido a la ministra de Fomento en funciones, Ana Pastor, que &quot;de forma inmediata&quot; ponga las dos nuevas conexiones entre Galicia y Madrid directas desde Vigo y &quot;que no pretenda humillar a esta ciudad --haciendo a los vigueses-- ir por Santiago y tardando un cuarto de hora m\u00e1s&quot;.","og:url":"https:\/\/eldigitaldeasturias.com\/magazine365\/caballero-exige-a-fomento-que-deje-de-humillar-a-la-ciudad-y-haga-las-nuevas-conexiones-a-madrid-directas-desde-vigo\/","og:image":"https:\/\/eldigitaldeasturias.com\/magazine365\/wp-content\/uploads\/2016\/01\/fotonoticia_20160120191054_800.jpg","og:image:secure_url":"https:\/\/eldigitaldeasturias.com\/magazine365\/wp-content\/uploads\/2016\/01\/fotonoticia_20160120191054_800.jpg","og:image:width":800,"og:image:height":600,"article:published_time":"2016-01-22T17:22:55+00:00","article:modified_time":"2016-01-22T17:22:55+00:00","twitter:card":"summary_large_image","twitter:title":"Caballero exige a Fomento que deje de \u00abhumillar\u00bb a la ciudad y haga las nuevas conexiones a Madrid directas desde Vigo | El Digital de Asturias","twitter:description":"El alcalde de Vigo, Abel Caballero, ha exigido a la ministra de Fomento en funciones, Ana Pastor, que &quot;de forma inmediata&quot; ponga las dos nuevas conexiones entre Galicia y Madrid directas desde Vigo y &quot;que no pretenda humillar a esta ciudad --haciendo a los vigueses-- ir por Santiago y tardando un cuarto de hora m\u00e1s&quot;.","twitter:image":"https:\/\/eldigitaldeasturias.com\/magazine365\/wp-content\/uploads\/2016\/01\/fotonoticia_20160120191054_800.jpg"},"aioseo_meta_data":{"post_id":"61502","title":null,"description":null,"keywords":null,"keyphrases":null,"primary_term":null,"canonical_url":null,"og_title":null,"og_description":null,"og_object_type":"default","og_image_type":"default","og_image_url":null,"og_image_width":null,"og_image_height":null,"og_image_custom_url":null,"og_image_custom_fields":null,"og_video":null,"og_custom_url":null,"og_article_section":null,"og_article_tags":null,"twitter_use_og":false,"twitter_card":"default","twitter_image_type":"default","twitter_image_url":null,"twitter_image_custom_url":null,"twitter_image_custom_fields":null,"twitter_title":null,"twitter_description":null,"schema":{"blockGraphs":[],"customGraphs":[],"default":{"data":{"Article":[],"Course":[],"Dataset":[],"FAQPage":[],"Movie":[],"Person":[],"Product":[],"ProductReview":[],"Car":[],"Recipe":[],"Service":[],"SoftwareApplication":[],"WebPage":[]},"graphName":"","isEnabled":true},"graphs":[],"defaultGraph":"","defaultPostTypeGraph":""},"schema_type":null,"schema_type_options":null,"pillar_content":false,"robots_default":true,"robots_noindex":false,"robots_noarchive":false,"robots_nosnippet":false,"robots_nofollow":false,"robots_noimageindex":false,"robots_noodp":false,"robots_notranslate":false,"robots_max_snippet":null,"robots_max_videopreview":null,"robots_max_imagepreview":"large","priority":null,"frequency":null,"location":null,"local_seo":null,"seo_analyzer_scan_date":"2025-09-25 09:06:10","breadcrumb_settings":null,"limit_modified_date":false,"open_ai":null,"ai":null,"created":"2021-03-08 21:48:44","updated":"2025-09-25 09:06:10"},"aioseo_breadcrumb":"<div class=\"aioseo-breadcrumbs\"><span class=\"aioseo-breadcrumb\">\n\t<a href=\"https:\/\/eldigitaldeasturias.com\/magazine365\" title=\"Home\">Home<\/a>\n<\/span><span class=\"aioseo-breadcrumb-separator\">\u2013<\/span><span class=\"aioseo-breadcrumb\">\n\t<a href=\"https:\/\/eldigitaldeasturias.com\/magazine365\/category\/noticias-actualidad\/\" title=\"Noticias y Actualidad\">Noticias y Actualidad<\/a>\n<\/span><span class=\"aioseo-breadcrumb-separator\">\u2013<\/span><span class=\"aioseo-breadcrumb\">\n\t<a href=\"https:\/\/eldigitaldeasturias.com\/magazine365\/caballero-exige-a-fomento-que-deje-de-humillar-a-la-ciudad-y-haga-las-nuevas-conexiones-a-madrid-directas-desde-vigo\/\" title=\"Caballero exige a Fomento que deje de \u00abhumillar\u00bb a la ciudad y haga las nuevas conexiones a Madrid directas desde Vigo\">Caballero exige a Fomento que deje de \u00abhumillar\u00bb a la ciudad y haga las nuevas conexiones a Madrid directas desde Vigo<\/a>\n<\/span><\/div>","aioseo_breadcrumb_json":[{"label":"Home","link":"https:\/\/eldigitaldeasturias.com\/magazine365"},{"label":"Noticias y Actualidad","link":"https:\/\/eldigitaldeasturias.com\/magazine365\/category\/noticias-actualidad\/"},{"label":"Caballero exige a Fomento que deje de \u00abhumillar\u00bb a la ciudad y haga las nuevas conexiones a Madrid directas desde Vigo","link":"https:\/\/eldigitaldeasturias.com\/magazine365\/caballero-exige-a-fomento-que-deje-de-humillar-a-la-ciudad-y-haga-las-nuevas-conexiones-a-madrid-directas-desde-vigo\/"}],"_links":{"self":[{"href":"https:\/\/eldigitaldeasturias.com\/magazine365\/wp-json\/wp\/v2\/posts\/61502","targetHints":{"allow":["GET"]}}],"collection":[{"href":"https:\/\/eldigitaldeasturias.com\/magazine365\/wp-json\/wp\/v2\/posts"}],"about":[{"href":"https:\/\/eldigitaldeasturias.com\/magazine365\/wp-json\/wp\/v2\/types\/post"}],"author":[{"embeddable":true,"href":"https:\/\/eldigitaldeasturias.com\/magazine365\/wp-json\/wp\/v2\/users\/1"}],"replies":[{"embeddable":true,"href":"https:\/\/eldigitaldeasturias.com\/magazine365\/wp-json\/wp\/v2\/comments?post=61502"}],"version-history":[{"count":0,"href":"https:\/\/eldigitaldeasturias.com\/magazine365\/wp-json\/wp\/v2\/posts\/61502\/revisions"}],"wp:featuredmedia":[{"embeddable":true,"href":"https:\/\/eldigitaldeasturias.com\/magazine365\/wp-json\/wp\/v2\/media\/61503"}],"wp:attachment":[{"href":"https:\/\/eldigitaldeasturias.com\/magazine365\/wp-json\/wp\/v2\/media?parent=61502"}],"wp:term":[{"taxonomy":"category","embeddable":true,"href":"https:\/\/eldigitaldeasturias.com\/magazine365\/wp-json\/wp\/v2\/categories?post=61502"},{"taxonomy":"post_tag","embeddable":true,"href":"https:\/\/eldigitaldeasturias.com\/magazine365\/wp-json\/wp\/v2\/tags?post=61502"}],"curies":[{"name":"wp","href":"https:\/\/api.w.org\/{rel}","templated":true}]}}