{"id":61484,"date":"2016-01-22T18:16:57","date_gmt":"2016-01-22T17:16:57","guid":{"rendered":"http:\/\/eldigitaldeasturias.com\/magazine365\/?p=61484"},"modified":"2016-01-22T18:16:57","modified_gmt":"2016-01-22T17:16:57","slug":"la-federacion-profesional-del-taxi-tratara-de-poner-en-valor-al-sector","status":"publish","type":"post","link":"https:\/\/eldigitaldeasturias.com\/magazine365\/la-federacion-profesional-del-taxi-tratara-de-poner-en-valor-al-sector\/","title":{"rendered":"La Federaci\u00f3n Profesional del Taxi tratar\u00e1 de poner en valor al sector"},"content":{"rendered":"<p><img fetchpriority=\"high\" decoding=\"async\" class=\"alignleft size-medium wp-image-61485\" src=\"https:\/\/eldigitaldeasturias.com\/magazine365\/wp-content\/uploads\/2016\/01\/fotonoticia_20160120185921_800-360x207.jpg\" alt=\"fotonoticia_20160120185921_800\" width=\"360\" height=\"207\" srcset=\"https:\/\/eldigitaldeasturias.com\/magazine365\/wp-content\/uploads\/2016\/01\/fotonoticia_20160120185921_800-360x207.jpg 360w, https:\/\/eldigitaldeasturias.com\/magazine365\/wp-content\/uploads\/2016\/01\/fotonoticia_20160120185921_800-650x373.jpg 650w, https:\/\/eldigitaldeasturias.com\/magazine365\/wp-content\/uploads\/2016\/01\/fotonoticia_20160120185921_800-768x441.jpg 768w, https:\/\/eldigitaldeasturias.com\/magazine365\/wp-content\/uploads\/2016\/01\/fotonoticia_20160120185921_800-150x86.jpg 150w, https:\/\/eldigitaldeasturias.com\/magazine365\/wp-content\/uploads\/2016\/01\/fotonoticia_20160120185921_800-450x258.jpg 450w, https:\/\/eldigitaldeasturias.com\/magazine365\/wp-content\/uploads\/2016\/01\/fotonoticia_20160120185921_800-696x399.jpg 696w, https:\/\/eldigitaldeasturias.com\/magazine365\/wp-content\/uploads\/2016\/01\/fotonoticia_20160120185921_800-732x420.jpg 732w, https:\/\/eldigitaldeasturias.com\/magazine365\/wp-content\/uploads\/2016\/01\/fotonoticia_20160120185921_800-172x100.jpg 172w, https:\/\/eldigitaldeasturias.com\/magazine365\/wp-content\/uploads\/2016\/01\/fotonoticia_20160120185921_800.jpg 800w\" sizes=\"(max-width: 360px) 100vw, 360px\" \/>La Federaci\u00f3n Profesional del Taxi de Madrid (FPTM) est\u00e1 presente en la Feria Internacional de Turismo (FITUR) con un stand que compartir\u00e1 con la Asociaci\u00f3n Espa\u00f1ola de Directores de Hoteles en virtud de un acuerdo de colaboraci\u00f3n firmado entre ambas entidades.<\/p>\n<p>El presidente de la Federaci\u00f3n Profesional del Taxi, Julio Sanz, ha puesto en valor la importancia que el taxi tiene para el turismo, ya que los taxistas, adem\u00e1s de ser \u00abuno de los primeros contactos que tiene el turista al llegar a su destino\u00bb, ofrece al turista un servicio de transporte seguro y de calidad.<\/p>\n<p>Para Sanz, el taxi \u00abes un eslab\u00f3n fundamental de la cadena del turismo\u00bb ya que ofrece al usuario la posibilidad de trasladarse de puerta a puerta, \u00abservicio fundamental para quien no conoce una ciudad, ni en muchos casos, el idioma\u00bb.<\/p>\n<p>Adem\u00e1s, ha recordado que los turistas conf\u00edan habitualmente en el taxista pregunt\u00e1ndoles por los mejores hoteles, restaurantes, zonas que visitar entre otras cuestiones.<\/p>\n<p>\u00abSe trata de la primera impresi\u00f3n que un viajero que se lleva de nuestro pa\u00eds, por lo que es fundamental que quien le atienda sea un profesional que pueda ofrecer garant\u00edas de calidad y seguridad\u00bb, ha recordado el presidente de la Federaci\u00f3n Profesional del Taxi<\/p>\n","protected":false},"excerpt":{"rendered":"<p>La Federaci\u00f3n Profesional del Taxi de Madrid (FPTM) est\u00e1 presente en la Feria Internacional de Turismo (FITUR) con un stand que compartir\u00e1 con la Asociaci\u00f3n Espa\u00f1ola de Directores de Hoteles en virtud de un acuerdo de colaboraci\u00f3n firmado entre ambas entidades. El presidente de la Federaci\u00f3n Profesional del Taxi, Julio Sanz, ha puesto en valor<\/p>\n","protected":false},"author":1,"featured_media":61485,"comment_status":"open","ping_status":"closed","sticky":false,"template":"","format":"standard","meta":{"footnotes":""},"categories":[224],"tags":[],"class_list":{"0":"post-61484","1":"post","2":"type-post","3":"status-publish","4":"format-standard","5":"has-post-thumbnail","7":"category-noticias-actualidad"},"aioseo_notices":[],"aioseo_head":"\n\t\t<!-- All in One SEO Pro 4.9.6.1 - aioseo.com -->\n\t<meta name=\"description\" content=\"La Federaci\u00f3n Profesional del Taxi de Madrid (FPTM) est\u00e1 presente en la Feria Internacional de Turismo (FITUR) con un stand que compartir\u00e1 con la Asociaci\u00f3n Espa\u00f1ola de Directores de Hoteles en virtud de un acuerdo de colaboraci\u00f3n firmado entre ambas entidades. El presidente de la Federaci\u00f3n Profesional del Taxi, Julio Sanz, ha puesto en valor\" \/>\n\t<meta name=\"robots\" content=\"max-image-preview:large\" \/>\n\t<meta name=\"author\" content=\"admin\"\/>\n\t<meta name=\"google-site-verification\" content=\"UA-38556648-1\" \/>\n\t<meta name=\"keywords\" content=\"noticias y actualidad\" \/>\n\t<link rel=\"canonical\" href=\"https:\/\/eldigitaldeasturias.com\/magazine365\/la-federacion-profesional-del-taxi-tratara-de-poner-en-valor-al-sector\/\" \/>\n\t<meta name=\"generator\" content=\"All in One SEO Pro (AIOSEO) 4.9.6.1\" \/>\n\t\t<meta property=\"og:locale\" content=\"es_ES\" \/>\n\t\t<meta property=\"og:site_name\" content=\"El Digital de Asturias \u2013 Revista de ocio, turismo y estilo de vida\" \/>\n\t\t<meta property=\"og:type\" content=\"article\" \/>\n\t\t<meta property=\"og:title\" content=\"La Federaci\u00f3n Profesional del Taxi tratar\u00e1 de poner en valor al sector | El Digital de Asturias\" \/>\n\t\t<meta property=\"og:description\" content=\"La Federaci\u00f3n Profesional del Taxi de Madrid (FPTM) est\u00e1 presente en la Feria Internacional de Turismo (FITUR) con un stand que compartir\u00e1 con la Asociaci\u00f3n Espa\u00f1ola de Directores de Hoteles en virtud de un acuerdo de colaboraci\u00f3n firmado entre ambas entidades. El presidente de la Federaci\u00f3n Profesional del Taxi, Julio Sanz, ha puesto en valor\" \/>\n\t\t<meta property=\"og:url\" content=\"https:\/\/eldigitaldeasturias.com\/magazine365\/la-federacion-profesional-del-taxi-tratara-de-poner-en-valor-al-sector\/\" \/>\n\t\t<meta property=\"og:image\" content=\"https:\/\/eldigitaldeasturias.com\/magazine365\/wp-content\/uploads\/2016\/01\/fotonoticia_20160120185921_800.jpg\" \/>\n\t\t<meta property=\"og:image:secure_url\" content=\"https:\/\/eldigitaldeasturias.com\/magazine365\/wp-content\/uploads\/2016\/01\/fotonoticia_20160120185921_800.jpg\" \/>\n\t\t<meta property=\"og:image:width\" content=\"800\" \/>\n\t\t<meta property=\"og:image:height\" content=\"459\" \/>\n\t\t<meta property=\"article:published_time\" content=\"2016-01-22T17:16:57+00:00\" \/>\n\t\t<meta property=\"article:modified_time\" content=\"2016-01-22T17:16:57+00:00\" \/>\n\t\t<meta name=\"twitter:card\" content=\"summary_large_image\" \/>\n\t\t<meta name=\"twitter:title\" content=\"La Federaci\u00f3n Profesional del Taxi tratar\u00e1 de poner en valor al sector | El Digital de Asturias\" \/>\n\t\t<meta name=\"twitter:description\" content=\"La Federaci\u00f3n Profesional del Taxi de Madrid (FPTM) est\u00e1 presente en la Feria Internacional de Turismo (FITUR) con un stand que compartir\u00e1 con la Asociaci\u00f3n Espa\u00f1ola de Directores de Hoteles en virtud de un acuerdo de colaboraci\u00f3n firmado entre ambas entidades. El presidente de la Federaci\u00f3n Profesional del Taxi, Julio Sanz, ha puesto en valor\" \/>\n\t\t<meta name=\"twitter:image\" content=\"https:\/\/eldigitaldeasturias.com\/magazine365\/wp-content\/uploads\/2016\/01\/fotonoticia_20160120185921_800.jpg\" \/>\n\t\t<script type=\"application\/ld+json\" class=\"aioseo-schema\">\n\t\t\t{\"@context\":\"https:\\\/\\\/schema.org\",\"@graph\":[{\"@type\":\"Article\",\"@id\":\"https:\\\/\\\/eldigitaldeasturias.com\\\/magazine365\\\/la-federacion-profesional-del-taxi-tratara-de-poner-en-valor-al-sector\\\/#article\",\"name\":\"La Federaci\\u00f3n Profesional del Taxi tratar\\u00e1 de poner en valor al sector | El Digital de Asturias\",\"headline\":\"La Federaci\\u00f3n Profesional del Taxi tratar\\u00e1 de poner en valor al sector\",\"author\":{\"@id\":\"https:\\\/\\\/eldigitaldeasturias.com\\\/magazine365\\\/author\\\/admin\\\/#author\"},\"publisher\":{\"@id\":\"https:\\\/\\\/eldigitaldeasturias.com\\\/magazine365\\\/#organization\"},\"image\":{\"@type\":\"ImageObject\",\"url\":\"https:\\\/\\\/eldigitaldeasturias.com\\\/magazine365\\\/wp-content\\\/uploads\\\/2016\\\/01\\\/fotonoticia_20160120185921_800.jpg\",\"width\":800,\"height\":459},\"datePublished\":\"2016-01-22T18:16:57+01:00\",\"dateModified\":\"2016-01-22T18:16:57+01:00\",\"inLanguage\":\"es-ES\",\"mainEntityOfPage\":{\"@id\":\"https:\\\/\\\/eldigitaldeasturias.com\\\/magazine365\\\/la-federacion-profesional-del-taxi-tratara-de-poner-en-valor-al-sector\\\/#webpage\"},\"isPartOf\":{\"@id\":\"https:\\\/\\\/eldigitaldeasturias.com\\\/magazine365\\\/la-federacion-profesional-del-taxi-tratara-de-poner-en-valor-al-sector\\\/#webpage\"},\"articleSection\":\"Noticias y Actualidad\"},{\"@type\":\"BreadcrumbList\",\"@id\":\"https:\\\/\\\/eldigitaldeasturias.com\\\/magazine365\\\/la-federacion-profesional-del-taxi-tratara-de-poner-en-valor-al-sector\\\/#breadcrumblist\",\"itemListElement\":[{\"@type\":\"ListItem\",\"@id\":\"https:\\\/\\\/eldigitaldeasturias.com\\\/magazine365#listItem\",\"position\":1,\"name\":\"Home\",\"item\":\"https:\\\/\\\/eldigitaldeasturias.com\\\/magazine365\",\"nextItem\":{\"@type\":\"ListItem\",\"@id\":\"https:\\\/\\\/eldigitaldeasturias.com\\\/magazine365\\\/category\\\/noticias-actualidad\\\/#listItem\",\"name\":\"Noticias y Actualidad\"}},{\"@type\":\"ListItem\",\"@id\":\"https:\\\/\\\/eldigitaldeasturias.com\\\/magazine365\\\/category\\\/noticias-actualidad\\\/#listItem\",\"position\":2,\"name\":\"Noticias y Actualidad\",\"item\":\"https:\\\/\\\/eldigitaldeasturias.com\\\/magazine365\\\/category\\\/noticias-actualidad\\\/\",\"nextItem\":{\"@type\":\"ListItem\",\"@id\":\"https:\\\/\\\/eldigitaldeasturias.com\\\/magazine365\\\/la-federacion-profesional-del-taxi-tratara-de-poner-en-valor-al-sector\\\/#listItem\",\"name\":\"La Federaci\\u00f3n Profesional del Taxi tratar\\u00e1 de poner en valor al sector\"},\"previousItem\":{\"@type\":\"ListItem\",\"@id\":\"https:\\\/\\\/eldigitaldeasturias.com\\\/magazine365#listItem\",\"name\":\"Home\"}},{\"@type\":\"ListItem\",\"@id\":\"https:\\\/\\\/eldigitaldeasturias.com\\\/magazine365\\\/la-federacion-profesional-del-taxi-tratara-de-poner-en-valor-al-sector\\\/#listItem\",\"position\":3,\"name\":\"La Federaci\\u00f3n Profesional del Taxi tratar\\u00e1 de poner en valor al sector\",\"previousItem\":{\"@type\":\"ListItem\",\"@id\":\"https:\\\/\\\/eldigitaldeasturias.com\\\/magazine365\\\/category\\\/noticias-actualidad\\\/#listItem\",\"name\":\"Noticias y Actualidad\"}}]},{\"@type\":\"Organization\",\"@id\":\"https:\\\/\\\/eldigitaldeasturias.com\\\/magazine365\\\/#organization\",\"name\":\"El digital de Asturias\",\"description\":\"Revista de ocio, turismo y estilo de vida\",\"url\":\"https:\\\/\\\/eldigitaldeasturias.com\\\/magazine365\\\/\",\"logo\":{\"@type\":\"ImageObject\",\"url\":\"https:\\\/\\\/www.eldigitaldeasturias.com\\\/noticias\\\/wp-content\\\/uploads\\\/2020\\\/12\\\/EDA.jpg\",\"@id\":\"https:\\\/\\\/eldigitaldeasturias.com\\\/magazine365\\\/la-federacion-profesional-del-taxi-tratara-de-poner-en-valor-al-sector\\\/#organizationLogo\"},\"image\":{\"@id\":\"https:\\\/\\\/eldigitaldeasturias.com\\\/magazine365\\\/la-federacion-profesional-del-taxi-tratara-de-poner-en-valor-al-sector\\\/#organizationLogo\"}},{\"@type\":\"Person\",\"@id\":\"https:\\\/\\\/eldigitaldeasturias.com\\\/magazine365\\\/author\\\/admin\\\/#author\",\"url\":\"https:\\\/\\\/eldigitaldeasturias.com\\\/magazine365\\\/author\\\/admin\\\/\",\"name\":\"admin\",\"image\":{\"@type\":\"ImageObject\",\"@id\":\"https:\\\/\\\/eldigitaldeasturias.com\\\/magazine365\\\/la-federacion-profesional-del-taxi-tratara-de-poner-en-valor-al-sector\\\/#authorImage\",\"url\":\"https:\\\/\\\/eldigitaldeasturias.com\\\/magazine365\\\/wp-content\\\/litespeed\\\/avatar\\\/e571bcf59a0edd6fa6838245a470f2fe.jpg?ver=1776969259\",\"width\":96,\"height\":96,\"caption\":\"admin\"}},{\"@type\":\"WebPage\",\"@id\":\"https:\\\/\\\/eldigitaldeasturias.com\\\/magazine365\\\/la-federacion-profesional-del-taxi-tratara-de-poner-en-valor-al-sector\\\/#webpage\",\"url\":\"https:\\\/\\\/eldigitaldeasturias.com\\\/magazine365\\\/la-federacion-profesional-del-taxi-tratara-de-poner-en-valor-al-sector\\\/\",\"name\":\"La Federaci\\u00f3n Profesional del Taxi tratar\\u00e1 de poner en valor al sector | El Digital de Asturias\",\"description\":\"La Federaci\\u00f3n Profesional del Taxi de Madrid (FPTM) est\\u00e1 presente en la Feria Internacional de Turismo (FITUR) con un stand que compartir\\u00e1 con la Asociaci\\u00f3n Espa\\u00f1ola de Directores de Hoteles en virtud de un acuerdo de colaboraci\\u00f3n firmado entre ambas entidades. El presidente de la Federaci\\u00f3n Profesional del Taxi, Julio Sanz, ha puesto en valor\",\"inLanguage\":\"es-ES\",\"isPartOf\":{\"@id\":\"https:\\\/\\\/eldigitaldeasturias.com\\\/magazine365\\\/#website\"},\"breadcrumb\":{\"@id\":\"https:\\\/\\\/eldigitaldeasturias.com\\\/magazine365\\\/la-federacion-profesional-del-taxi-tratara-de-poner-en-valor-al-sector\\\/#breadcrumblist\"},\"author\":{\"@id\":\"https:\\\/\\\/eldigitaldeasturias.com\\\/magazine365\\\/author\\\/admin\\\/#author\"},\"creator\":{\"@id\":\"https:\\\/\\\/eldigitaldeasturias.com\\\/magazine365\\\/author\\\/admin\\\/#author\"},\"image\":{\"@type\":\"ImageObject\",\"url\":\"https:\\\/\\\/eldigitaldeasturias.com\\\/magazine365\\\/wp-content\\\/uploads\\\/2016\\\/01\\\/fotonoticia_20160120185921_800.jpg\",\"@id\":\"https:\\\/\\\/eldigitaldeasturias.com\\\/magazine365\\\/la-federacion-profesional-del-taxi-tratara-de-poner-en-valor-al-sector\\\/#mainImage\",\"width\":800,\"height\":459},\"primaryImageOfPage\":{\"@id\":\"https:\\\/\\\/eldigitaldeasturias.com\\\/magazine365\\\/la-federacion-profesional-del-taxi-tratara-de-poner-en-valor-al-sector\\\/#mainImage\"},\"datePublished\":\"2016-01-22T18:16:57+01:00\",\"dateModified\":\"2016-01-22T18:16:57+01:00\"},{\"@type\":\"WebSite\",\"@id\":\"https:\\\/\\\/eldigitaldeasturias.com\\\/magazine365\\\/#website\",\"url\":\"https:\\\/\\\/eldigitaldeasturias.com\\\/magazine365\\\/\",\"name\":\"El Digital de Asturias\",\"description\":\"Revista de ocio, turismo y estilo de vida\",\"inLanguage\":\"es-ES\",\"publisher\":{\"@id\":\"https:\\\/\\\/eldigitaldeasturias.com\\\/magazine365\\\/#organization\"}}]}\n\t\t<\/script>\n\t\t<!-- All in One SEO Pro -->\r\n\t\t<title>La Federaci\u00f3n Profesional del Taxi tratar\u00e1 de poner en valor al sector | El Digital de Asturias<\/title>\n\n","aioseo_head_json":{"title":"La Federaci\u00f3n Profesional del Taxi tratar\u00e1 de poner en valor al sector | El Digital de Asturias","description":"La Federaci\u00f3n Profesional del Taxi de Madrid (FPTM) est\u00e1 presente en la Feria Internacional de Turismo (FITUR) con un stand que compartir\u00e1 con la Asociaci\u00f3n Espa\u00f1ola de Directores de Hoteles en virtud de un acuerdo de colaboraci\u00f3n firmado entre ambas entidades. El presidente de la Federaci\u00f3n Profesional del Taxi, Julio Sanz, ha puesto en valor","canonical_url":"https:\/\/eldigitaldeasturias.com\/magazine365\/la-federacion-profesional-del-taxi-tratara-de-poner-en-valor-al-sector\/","robots":"max-image-preview:large","keywords":"noticias y actualidad","webmasterTools":{"google-site-verification":"UA-38556648-1","miscellaneous":""},"schema":{"@context":"https:\/\/schema.org","@graph":[{"@type":"Article","@id":"https:\/\/eldigitaldeasturias.com\/magazine365\/la-federacion-profesional-del-taxi-tratara-de-poner-en-valor-al-sector\/#article","name":"La Federaci\u00f3n Profesional del Taxi tratar\u00e1 de poner en valor al sector | El Digital de Asturias","headline":"La Federaci\u00f3n Profesional del Taxi tratar\u00e1 de poner en valor al sector","author":{"@id":"https:\/\/eldigitaldeasturias.com\/magazine365\/author\/admin\/#author"},"publisher":{"@id":"https:\/\/eldigitaldeasturias.com\/magazine365\/#organization"},"image":{"@type":"ImageObject","url":"https:\/\/eldigitaldeasturias.com\/magazine365\/wp-content\/uploads\/2016\/01\/fotonoticia_20160120185921_800.jpg","width":800,"height":459},"datePublished":"2016-01-22T18:16:57+01:00","dateModified":"2016-01-22T18:16:57+01:00","inLanguage":"es-ES","mainEntityOfPage":{"@id":"https:\/\/eldigitaldeasturias.com\/magazine365\/la-federacion-profesional-del-taxi-tratara-de-poner-en-valor-al-sector\/#webpage"},"isPartOf":{"@id":"https:\/\/eldigitaldeasturias.com\/magazine365\/la-federacion-profesional-del-taxi-tratara-de-poner-en-valor-al-sector\/#webpage"},"articleSection":"Noticias y Actualidad"},{"@type":"BreadcrumbList","@id":"https:\/\/eldigitaldeasturias.com\/magazine365\/la-federacion-profesional-del-taxi-tratara-de-poner-en-valor-al-sector\/#breadcrumblist","itemListElement":[{"@type":"ListItem","@id":"https:\/\/eldigitaldeasturias.com\/magazine365#listItem","position":1,"name":"Home","item":"https:\/\/eldigitaldeasturias.com\/magazine365","nextItem":{"@type":"ListItem","@id":"https:\/\/eldigitaldeasturias.com\/magazine365\/category\/noticias-actualidad\/#listItem","name":"Noticias y Actualidad"}},{"@type":"ListItem","@id":"https:\/\/eldigitaldeasturias.com\/magazine365\/category\/noticias-actualidad\/#listItem","position":2,"name":"Noticias y Actualidad","item":"https:\/\/eldigitaldeasturias.com\/magazine365\/category\/noticias-actualidad\/","nextItem":{"@type":"ListItem","@id":"https:\/\/eldigitaldeasturias.com\/magazine365\/la-federacion-profesional-del-taxi-tratara-de-poner-en-valor-al-sector\/#listItem","name":"La Federaci\u00f3n Profesional del Taxi tratar\u00e1 de poner en valor al sector"},"previousItem":{"@type":"ListItem","@id":"https:\/\/eldigitaldeasturias.com\/magazine365#listItem","name":"Home"}},{"@type":"ListItem","@id":"https:\/\/eldigitaldeasturias.com\/magazine365\/la-federacion-profesional-del-taxi-tratara-de-poner-en-valor-al-sector\/#listItem","position":3,"name":"La Federaci\u00f3n Profesional del Taxi tratar\u00e1 de poner en valor al sector","previousItem":{"@type":"ListItem","@id":"https:\/\/eldigitaldeasturias.com\/magazine365\/category\/noticias-actualidad\/#listItem","name":"Noticias y Actualidad"}}]},{"@type":"Organization","@id":"https:\/\/eldigitaldeasturias.com\/magazine365\/#organization","name":"El digital de Asturias","description":"Revista de ocio, turismo y estilo de vida","url":"https:\/\/eldigitaldeasturias.com\/magazine365\/","logo":{"@type":"ImageObject","url":"https:\/\/www.eldigitaldeasturias.com\/noticias\/wp-content\/uploads\/2020\/12\/EDA.jpg","@id":"https:\/\/eldigitaldeasturias.com\/magazine365\/la-federacion-profesional-del-taxi-tratara-de-poner-en-valor-al-sector\/#organizationLogo"},"image":{"@id":"https:\/\/eldigitaldeasturias.com\/magazine365\/la-federacion-profesional-del-taxi-tratara-de-poner-en-valor-al-sector\/#organizationLogo"}},{"@type":"Person","@id":"https:\/\/eldigitaldeasturias.com\/magazine365\/author\/admin\/#author","url":"https:\/\/eldigitaldeasturias.com\/magazine365\/author\/admin\/","name":"admin","image":{"@type":"ImageObject","@id":"https:\/\/eldigitaldeasturias.com\/magazine365\/la-federacion-profesional-del-taxi-tratara-de-poner-en-valor-al-sector\/#authorImage","url":"https:\/\/eldigitaldeasturias.com\/magazine365\/wp-content\/litespeed\/avatar\/e571bcf59a0edd6fa6838245a470f2fe.jpg?ver=1776969259","width":96,"height":96,"caption":"admin"}},{"@type":"WebPage","@id":"https:\/\/eldigitaldeasturias.com\/magazine365\/la-federacion-profesional-del-taxi-tratara-de-poner-en-valor-al-sector\/#webpage","url":"https:\/\/eldigitaldeasturias.com\/magazine365\/la-federacion-profesional-del-taxi-tratara-de-poner-en-valor-al-sector\/","name":"La Federaci\u00f3n Profesional del Taxi tratar\u00e1 de poner en valor al sector | El Digital de Asturias","description":"La Federaci\u00f3n Profesional del Taxi de Madrid (FPTM) est\u00e1 presente en la Feria Internacional de Turismo (FITUR) con un stand que compartir\u00e1 con la Asociaci\u00f3n Espa\u00f1ola de Directores de Hoteles en virtud de un acuerdo de colaboraci\u00f3n firmado entre ambas entidades. El presidente de la Federaci\u00f3n Profesional del Taxi, Julio Sanz, ha puesto en valor","inLanguage":"es-ES","isPartOf":{"@id":"https:\/\/eldigitaldeasturias.com\/magazine365\/#website"},"breadcrumb":{"@id":"https:\/\/eldigitaldeasturias.com\/magazine365\/la-federacion-profesional-del-taxi-tratara-de-poner-en-valor-al-sector\/#breadcrumblist"},"author":{"@id":"https:\/\/eldigitaldeasturias.com\/magazine365\/author\/admin\/#author"},"creator":{"@id":"https:\/\/eldigitaldeasturias.com\/magazine365\/author\/admin\/#author"},"image":{"@type":"ImageObject","url":"https:\/\/eldigitaldeasturias.com\/magazine365\/wp-content\/uploads\/2016\/01\/fotonoticia_20160120185921_800.jpg","@id":"https:\/\/eldigitaldeasturias.com\/magazine365\/la-federacion-profesional-del-taxi-tratara-de-poner-en-valor-al-sector\/#mainImage","width":800,"height":459},"primaryImageOfPage":{"@id":"https:\/\/eldigitaldeasturias.com\/magazine365\/la-federacion-profesional-del-taxi-tratara-de-poner-en-valor-al-sector\/#mainImage"},"datePublished":"2016-01-22T18:16:57+01:00","dateModified":"2016-01-22T18:16:57+01:00"},{"@type":"WebSite","@id":"https:\/\/eldigitaldeasturias.com\/magazine365\/#website","url":"https:\/\/eldigitaldeasturias.com\/magazine365\/","name":"El Digital de Asturias","description":"Revista de ocio, turismo y estilo de vida","inLanguage":"es-ES","publisher":{"@id":"https:\/\/eldigitaldeasturias.com\/magazine365\/#organization"}}]},"og:locale":"es_ES","og:site_name":"El Digital de Asturias \u2013 Revista de ocio, turismo y estilo de vida","og:type":"article","og:title":"La Federaci\u00f3n Profesional del Taxi tratar\u00e1 de poner en valor al sector | El Digital de Asturias","og:description":"La Federaci\u00f3n Profesional del Taxi de Madrid (FPTM) est\u00e1 presente en la Feria Internacional de Turismo (FITUR) con un stand que compartir\u00e1 con la Asociaci\u00f3n Espa\u00f1ola de Directores de Hoteles en virtud de un acuerdo de colaboraci\u00f3n firmado entre ambas entidades. El presidente de la Federaci\u00f3n Profesional del Taxi, Julio Sanz, ha puesto en valor","og:url":"https:\/\/eldigitaldeasturias.com\/magazine365\/la-federacion-profesional-del-taxi-tratara-de-poner-en-valor-al-sector\/","og:image":"https:\/\/eldigitaldeasturias.com\/magazine365\/wp-content\/uploads\/2016\/01\/fotonoticia_20160120185921_800.jpg","og:image:secure_url":"https:\/\/eldigitaldeasturias.com\/magazine365\/wp-content\/uploads\/2016\/01\/fotonoticia_20160120185921_800.jpg","og:image:width":800,"og:image:height":459,"article:published_time":"2016-01-22T17:16:57+00:00","article:modified_time":"2016-01-22T17:16:57+00:00","twitter:card":"summary_large_image","twitter:title":"La Federaci\u00f3n Profesional del Taxi tratar\u00e1 de poner en valor al sector | El Digital de Asturias","twitter:description":"La Federaci\u00f3n Profesional del Taxi de Madrid (FPTM) est\u00e1 presente en la Feria Internacional de Turismo (FITUR) con un stand que compartir\u00e1 con la Asociaci\u00f3n Espa\u00f1ola de Directores de Hoteles en virtud de un acuerdo de colaboraci\u00f3n firmado entre ambas entidades. El presidente de la Federaci\u00f3n Profesional del Taxi, Julio Sanz, ha puesto en valor","twitter:image":"https:\/\/eldigitaldeasturias.com\/magazine365\/wp-content\/uploads\/2016\/01\/fotonoticia_20160120185921_800.jpg"},"aioseo_meta_data":{"post_id":"61484","title":null,"description":null,"keywords":null,"keyphrases":null,"primary_term":null,"canonical_url":null,"og_title":null,"og_description":null,"og_object_type":"default","og_image_type":"default","og_image_url":null,"og_image_width":null,"og_image_height":null,"og_image_custom_url":null,"og_image_custom_fields":null,"og_video":null,"og_custom_url":null,"og_article_section":null,"og_article_tags":null,"twitter_use_og":false,"twitter_card":"default","twitter_image_type":"default","twitter_image_url":null,"twitter_image_custom_url":null,"twitter_image_custom_fields":null,"twitter_title":null,"twitter_description":null,"schema":{"blockGraphs":[],"customGraphs":[],"default":{"data":{"Article":[],"Course":[],"Dataset":[],"FAQPage":[],"Movie":[],"Person":[],"Product":[],"ProductReview":[],"Car":[],"Recipe":[],"Service":[],"SoftwareApplication":[],"WebPage":[]},"graphName":"","isEnabled":true},"graphs":[],"defaultGraph":"","defaultPostTypeGraph":""},"schema_type":null,"schema_type_options":null,"pillar_content":false,"robots_default":true,"robots_noindex":false,"robots_noarchive":false,"robots_nosnippet":false,"robots_nofollow":false,"robots_noimageindex":false,"robots_noodp":false,"robots_notranslate":false,"robots_max_snippet":null,"robots_max_videopreview":null,"robots_max_imagepreview":"large","priority":null,"frequency":null,"location":null,"local_seo":null,"seo_analyzer_scan_date":"2025-09-25 09:04:57","breadcrumb_settings":null,"limit_modified_date":false,"open_ai":null,"ai":null,"created":"2021-03-08 21:48:44","updated":"2025-09-25 09:04:57"},"aioseo_breadcrumb":"<div class=\"aioseo-breadcrumbs\"><span class=\"aioseo-breadcrumb\">\n\t<a href=\"https:\/\/eldigitaldeasturias.com\/magazine365\" title=\"Home\">Home<\/a>\n<\/span><span class=\"aioseo-breadcrumb-separator\">\u2013<\/span><span class=\"aioseo-breadcrumb\">\n\t<a href=\"https:\/\/eldigitaldeasturias.com\/magazine365\/category\/noticias-actualidad\/\" title=\"Noticias y Actualidad\">Noticias y Actualidad<\/a>\n<\/span><span class=\"aioseo-breadcrumb-separator\">\u2013<\/span><span class=\"aioseo-breadcrumb\">\n\t<a href=\"https:\/\/eldigitaldeasturias.com\/magazine365\/la-federacion-profesional-del-taxi-tratara-de-poner-en-valor-al-sector\/\" title=\"La Federaci\u00f3n Profesional del Taxi tratar\u00e1 de poner en valor al sector\">La Federaci\u00f3n Profesional del Taxi tratar\u00e1 de poner en valor al sector<\/a>\n<\/span><\/div>","aioseo_breadcrumb_json":[{"label":"Home","link":"https:\/\/eldigitaldeasturias.com\/magazine365"},{"label":"Noticias y Actualidad","link":"https:\/\/eldigitaldeasturias.com\/magazine365\/category\/noticias-actualidad\/"},{"label":"La Federaci\u00f3n Profesional del Taxi tratar\u00e1 de poner en valor al sector","link":"https:\/\/eldigitaldeasturias.com\/magazine365\/la-federacion-profesional-del-taxi-tratara-de-poner-en-valor-al-sector\/"}],"_links":{"self":[{"href":"https:\/\/eldigitaldeasturias.com\/magazine365\/wp-json\/wp\/v2\/posts\/61484","targetHints":{"allow":["GET"]}}],"collection":[{"href":"https:\/\/eldigitaldeasturias.com\/magazine365\/wp-json\/wp\/v2\/posts"}],"about":[{"href":"https:\/\/eldigitaldeasturias.com\/magazine365\/wp-json\/wp\/v2\/types\/post"}],"author":[{"embeddable":true,"href":"https:\/\/eldigitaldeasturias.com\/magazine365\/wp-json\/wp\/v2\/users\/1"}],"replies":[{"embeddable":true,"href":"https:\/\/eldigitaldeasturias.com\/magazine365\/wp-json\/wp\/v2\/comments?post=61484"}],"version-history":[{"count":0,"href":"https:\/\/eldigitaldeasturias.com\/magazine365\/wp-json\/wp\/v2\/posts\/61484\/revisions"}],"wp:featuredmedia":[{"embeddable":true,"href":"https:\/\/eldigitaldeasturias.com\/magazine365\/wp-json\/wp\/v2\/media\/61485"}],"wp:attachment":[{"href":"https:\/\/eldigitaldeasturias.com\/magazine365\/wp-json\/wp\/v2\/media?parent=61484"}],"wp:term":[{"taxonomy":"category","embeddable":true,"href":"https:\/\/eldigitaldeasturias.com\/magazine365\/wp-json\/wp\/v2\/categories?post=61484"},{"taxonomy":"post_tag","embeddable":true,"href":"https:\/\/eldigitaldeasturias.com\/magazine365\/wp-json\/wp\/v2\/tags?post=61484"}],"curies":[{"name":"wp","href":"https:\/\/api.w.org\/{rel}","templated":true}]}}