{"id":61481,"date":"2016-01-22T18:16:09","date_gmt":"2016-01-22T17:16:09","guid":{"rendered":"http:\/\/eldigitaldeasturias.com\/magazine365\/?p=61481"},"modified":"2016-01-22T18:16:09","modified_gmt":"2016-01-22T17:16:09","slug":"luis-cueto-dice-que-el-turismo-esta-pujante-y-ve-a-carmena-como-un-valor-para-la-promocion-de-madrid","status":"publish","type":"post","link":"https:\/\/eldigitaldeasturias.com\/magazine365\/luis-cueto-dice-que-el-turismo-esta-pujante-y-ve-a-carmena-como-un-valor-para-la-promocion-de-madrid\/","title":{"rendered":"Luis Cueto dice que el turismo est\u00e1 pujante y ve a Carmena como un \u00abvalor\u00bb para la promoci\u00f3n de Madrid"},"content":{"rendered":"<p><img fetchpriority=\"high\" decoding=\"async\" class=\"alignleft size-medium wp-image-61482\" src=\"https:\/\/eldigitaldeasturias.com\/magazine365\/wp-content\/uploads\/2016\/01\/fotonoticia_20160120185827_800-360x240.jpg\" alt=\"fotonoticia_20160120185827_800\" width=\"360\" height=\"240\" srcset=\"https:\/\/eldigitaldeasturias.com\/magazine365\/wp-content\/uploads\/2016\/01\/fotonoticia_20160120185827_800-360x240.jpg 360w, https:\/\/eldigitaldeasturias.com\/magazine365\/wp-content\/uploads\/2016\/01\/fotonoticia_20160120185827_800-650x433.jpg 650w, https:\/\/eldigitaldeasturias.com\/magazine365\/wp-content\/uploads\/2016\/01\/fotonoticia_20160120185827_800-768x512.jpg 768w, https:\/\/eldigitaldeasturias.com\/magazine365\/wp-content\/uploads\/2016\/01\/fotonoticia_20160120185827_800-150x100.jpg 150w, https:\/\/eldigitaldeasturias.com\/magazine365\/wp-content\/uploads\/2016\/01\/fotonoticia_20160120185827_800-450x300.jpg 450w, https:\/\/eldigitaldeasturias.com\/magazine365\/wp-content\/uploads\/2016\/01\/fotonoticia_20160120185827_800-696x464.jpg 696w, https:\/\/eldigitaldeasturias.com\/magazine365\/wp-content\/uploads\/2016\/01\/fotonoticia_20160120185827_800-630x420.jpg 630w, https:\/\/eldigitaldeasturias.com\/magazine365\/wp-content\/uploads\/2016\/01\/fotonoticia_20160120185827_800-101x66.jpg 101w, https:\/\/eldigitaldeasturias.com\/magazine365\/wp-content\/uploads\/2016\/01\/fotonoticia_20160120185827_800.jpg 800w\" sizes=\"(max-width: 360px) 100vw, 360px\" \/>El coordinador general de la Alcald\u00eda y presidente de la Junta rectora de Ifema, Luis Cueto, ha afirmado que el sector tur\u00edstico tiene una \u00abpujanza tremenda\u00bb y que la Feria Internacional de Madrid (Fitur) crece \u00abtodav\u00eda m\u00e1s\u00bb en esta edici\u00f3n.<\/p>\n<p>Aparte, en declaraciones a Telemadrid, recogidas por Europa Press, considera a la alcaldesa de Madrid, Manuela Carmena, como un \u00abun valor extraordinariamente importante\u00bb para la promoci\u00f3n de Madrid, labor que est\u00e1 haciendo por ejemplo con su viaje a Chile.<\/p>\n<p>\u00abSi estuviera ser\u00eda fant\u00e1stico, pero la promoci\u00f3n de Madrid en Latinoam\u00e9rica, que es prioridad de la ciudad de Madrid, es muy valiosa\u00bb, ha enfatizado Cueto para a\u00f1adir que no supone ning\u00fan problema que Carmena no est\u00e9 presente en la inauguraci\u00f3n de Fitur porque \u00abcon Marta Higueras, la primera teniente de alcalde, la representaci\u00f3n de la alcald\u00eda est\u00e1 garantizada\u00bb.<\/p>\n<p>Asimismo, ha indicado que el Ayuntamiento est\u00e1 \u00abmuy satisfecho\u00bb de tener un stand conjunto con la Comunidad de Madrid y ha destacado el trabajo conjunto de ambas instituci\u00f3n en el seno de la Asociaci\u00f3n Turismo de Madrid.<\/p>\n<p>El objetivo de ambas junto al sector privado es \u00abcrear una marca \u00fanica de Madrid\u00bb. \u00abPara un turista, Madrid es un paquete al que podemos incorporar ciudades Patrimonio de la Humanidad en un radio de una hora de transporte, que no es nada\u00bb, ha a\u00f1adido.<\/p>\n<p>Por otro lado, el coordinador de la Alcald\u00eda de Madrid no ha considerado que los problemas de la limpieza de la ciudad o las dudas de inversiones internacionales hayan afectado negativamente al sector tur\u00edstico, sino que, al contrario, \u00abse esperan datos extraordinarios para 2015, que superar\u00e1 11 millones de visitantes, lo que es una aut\u00e9ntica barbaridad\u00bb.<\/p>\n","protected":false},"excerpt":{"rendered":"<p>El coordinador general de la Alcald\u00eda y presidente de la Junta rectora de Ifema, Luis Cueto, ha afirmado que el sector tur\u00edstico tiene una \u00abpujanza tremenda\u00bb y que la Feria Internacional de Madrid (Fitur) crece \u00abtodav\u00eda m\u00e1s\u00bb en esta edici\u00f3n. Aparte, en declaraciones a Telemadrid, recogidas por Europa Press, considera a la alcaldesa de Madrid,<\/p>\n","protected":false},"author":1,"featured_media":61482,"comment_status":"open","ping_status":"closed","sticky":false,"template":"","format":"standard","meta":{"footnotes":""},"categories":[224],"tags":[],"class_list":{"0":"post-61481","1":"post","2":"type-post","3":"status-publish","4":"format-standard","5":"has-post-thumbnail","7":"category-noticias-actualidad"},"aioseo_notices":[],"aioseo_head":"\n\t\t<!-- All in One SEO Pro 4.9.6.1 - aioseo.com -->\n\t<meta name=\"description\" content=\"El coordinador general de la Alcald\u00eda y presidente de la Junta rectora de Ifema, Luis Cueto, ha afirmado que el sector tur\u00edstico tiene una &quot;pujanza tremenda&quot; y que la Feria Internacional de Madrid (Fitur) crece &quot;todav\u00eda m\u00e1s&quot; en esta edici\u00f3n. Aparte, en declaraciones a Telemadrid, recogidas por Europa Press, considera a la alcaldesa de Madrid,\" \/>\n\t<meta name=\"robots\" content=\"max-image-preview:large\" \/>\n\t<meta name=\"author\" content=\"admin\"\/>\n\t<meta name=\"google-site-verification\" content=\"UA-38556648-1\" \/>\n\t<meta name=\"keywords\" content=\"noticias y actualidad\" \/>\n\t<link rel=\"canonical\" href=\"https:\/\/eldigitaldeasturias.com\/magazine365\/luis-cueto-dice-que-el-turismo-esta-pujante-y-ve-a-carmena-como-un-valor-para-la-promocion-de-madrid\/\" \/>\n\t<meta name=\"generator\" content=\"All in One SEO Pro (AIOSEO) 4.9.6.1\" \/>\n\t\t<meta property=\"og:locale\" content=\"es_ES\" \/>\n\t\t<meta property=\"og:site_name\" content=\"El Digital de Asturias \u2013 Revista de ocio, turismo y estilo de vida\" \/>\n\t\t<meta property=\"og:type\" content=\"article\" \/>\n\t\t<meta property=\"og:title\" content=\"Luis Cueto dice que el turismo est\u00e1 pujante y ve a Carmena como un \u00abvalor\u00bb para la promoci\u00f3n de Madrid | El Digital de Asturias\" \/>\n\t\t<meta property=\"og:description\" content=\"El coordinador general de la Alcald\u00eda y presidente de la Junta rectora de Ifema, Luis Cueto, ha afirmado que el sector tur\u00edstico tiene una &quot;pujanza tremenda&quot; y que la Feria Internacional de Madrid (Fitur) crece &quot;todav\u00eda m\u00e1s&quot; en esta edici\u00f3n. Aparte, en declaraciones a Telemadrid, recogidas por Europa Press, considera a la alcaldesa de Madrid,\" \/>\n\t\t<meta property=\"og:url\" content=\"https:\/\/eldigitaldeasturias.com\/magazine365\/luis-cueto-dice-que-el-turismo-esta-pujante-y-ve-a-carmena-como-un-valor-para-la-promocion-de-madrid\/\" \/>\n\t\t<meta property=\"og:image\" content=\"https:\/\/eldigitaldeasturias.com\/magazine365\/wp-content\/uploads\/2016\/01\/fotonoticia_20160120185827_800.jpg\" \/>\n\t\t<meta property=\"og:image:secure_url\" content=\"https:\/\/eldigitaldeasturias.com\/magazine365\/wp-content\/uploads\/2016\/01\/fotonoticia_20160120185827_800.jpg\" \/>\n\t\t<meta property=\"og:image:width\" content=\"800\" \/>\n\t\t<meta property=\"og:image:height\" content=\"533\" \/>\n\t\t<meta property=\"article:published_time\" content=\"2016-01-22T17:16:09+00:00\" \/>\n\t\t<meta property=\"article:modified_time\" content=\"2016-01-22T17:16:09+00:00\" \/>\n\t\t<meta name=\"twitter:card\" content=\"summary_large_image\" \/>\n\t\t<meta name=\"twitter:title\" content=\"Luis Cueto dice que el turismo est\u00e1 pujante y ve a Carmena como un \u00abvalor\u00bb para la promoci\u00f3n de Madrid | El Digital de Asturias\" \/>\n\t\t<meta name=\"twitter:description\" content=\"El coordinador general de la Alcald\u00eda y presidente de la Junta rectora de Ifema, Luis Cueto, ha afirmado que el sector tur\u00edstico tiene una &quot;pujanza tremenda&quot; y que la Feria Internacional de Madrid (Fitur) crece &quot;todav\u00eda m\u00e1s&quot; en esta edici\u00f3n. Aparte, en declaraciones a Telemadrid, recogidas por Europa Press, considera a la alcaldesa de Madrid,\" \/>\n\t\t<meta name=\"twitter:image\" content=\"https:\/\/eldigitaldeasturias.com\/magazine365\/wp-content\/uploads\/2016\/01\/fotonoticia_20160120185827_800.jpg\" \/>\n\t\t<script type=\"application\/ld+json\" class=\"aioseo-schema\">\n\t\t\t{\"@context\":\"https:\\\/\\\/schema.org\",\"@graph\":[{\"@type\":\"Article\",\"@id\":\"https:\\\/\\\/eldigitaldeasturias.com\\\/magazine365\\\/luis-cueto-dice-que-el-turismo-esta-pujante-y-ve-a-carmena-como-un-valor-para-la-promocion-de-madrid\\\/#article\",\"name\":\"Luis Cueto dice que el turismo est\\u00e1 pujante y ve a Carmena como un \\u00abvalor\\u00bb para la promoci\\u00f3n de Madrid | El Digital de Asturias\",\"headline\":\"Luis Cueto dice que el turismo est\\u00e1 pujante y ve a Carmena como un \\u00abvalor\\u00bb para la promoci\\u00f3n de Madrid\",\"author\":{\"@id\":\"https:\\\/\\\/eldigitaldeasturias.com\\\/magazine365\\\/author\\\/admin\\\/#author\"},\"publisher\":{\"@id\":\"https:\\\/\\\/eldigitaldeasturias.com\\\/magazine365\\\/#organization\"},\"image\":{\"@type\":\"ImageObject\",\"url\":\"https:\\\/\\\/eldigitaldeasturias.com\\\/magazine365\\\/wp-content\\\/uploads\\\/2016\\\/01\\\/fotonoticia_20160120185827_800.jpg\",\"width\":800,\"height\":533},\"datePublished\":\"2016-01-22T18:16:09+01:00\",\"dateModified\":\"2016-01-22T18:16:09+01:00\",\"inLanguage\":\"es-ES\",\"mainEntityOfPage\":{\"@id\":\"https:\\\/\\\/eldigitaldeasturias.com\\\/magazine365\\\/luis-cueto-dice-que-el-turismo-esta-pujante-y-ve-a-carmena-como-un-valor-para-la-promocion-de-madrid\\\/#webpage\"},\"isPartOf\":{\"@id\":\"https:\\\/\\\/eldigitaldeasturias.com\\\/magazine365\\\/luis-cueto-dice-que-el-turismo-esta-pujante-y-ve-a-carmena-como-un-valor-para-la-promocion-de-madrid\\\/#webpage\"},\"articleSection\":\"Noticias y Actualidad\"},{\"@type\":\"BreadcrumbList\",\"@id\":\"https:\\\/\\\/eldigitaldeasturias.com\\\/magazine365\\\/luis-cueto-dice-que-el-turismo-esta-pujante-y-ve-a-carmena-como-un-valor-para-la-promocion-de-madrid\\\/#breadcrumblist\",\"itemListElement\":[{\"@type\":\"ListItem\",\"@id\":\"https:\\\/\\\/eldigitaldeasturias.com\\\/magazine365#listItem\",\"position\":1,\"name\":\"Home\",\"item\":\"https:\\\/\\\/eldigitaldeasturias.com\\\/magazine365\",\"nextItem\":{\"@type\":\"ListItem\",\"@id\":\"https:\\\/\\\/eldigitaldeasturias.com\\\/magazine365\\\/category\\\/noticias-actualidad\\\/#listItem\",\"name\":\"Noticias y Actualidad\"}},{\"@type\":\"ListItem\",\"@id\":\"https:\\\/\\\/eldigitaldeasturias.com\\\/magazine365\\\/category\\\/noticias-actualidad\\\/#listItem\",\"position\":2,\"name\":\"Noticias y Actualidad\",\"item\":\"https:\\\/\\\/eldigitaldeasturias.com\\\/magazine365\\\/category\\\/noticias-actualidad\\\/\",\"nextItem\":{\"@type\":\"ListItem\",\"@id\":\"https:\\\/\\\/eldigitaldeasturias.com\\\/magazine365\\\/luis-cueto-dice-que-el-turismo-esta-pujante-y-ve-a-carmena-como-un-valor-para-la-promocion-de-madrid\\\/#listItem\",\"name\":\"Luis Cueto dice que el turismo est\\u00e1 pujante y ve a Carmena como un \\u00abvalor\\u00bb para la promoci\\u00f3n de Madrid\"},\"previousItem\":{\"@type\":\"ListItem\",\"@id\":\"https:\\\/\\\/eldigitaldeasturias.com\\\/magazine365#listItem\",\"name\":\"Home\"}},{\"@type\":\"ListItem\",\"@id\":\"https:\\\/\\\/eldigitaldeasturias.com\\\/magazine365\\\/luis-cueto-dice-que-el-turismo-esta-pujante-y-ve-a-carmena-como-un-valor-para-la-promocion-de-madrid\\\/#listItem\",\"position\":3,\"name\":\"Luis Cueto dice que el turismo est\\u00e1 pujante y ve a Carmena como un \\u00abvalor\\u00bb para la promoci\\u00f3n de Madrid\",\"previousItem\":{\"@type\":\"ListItem\",\"@id\":\"https:\\\/\\\/eldigitaldeasturias.com\\\/magazine365\\\/category\\\/noticias-actualidad\\\/#listItem\",\"name\":\"Noticias y Actualidad\"}}]},{\"@type\":\"Organization\",\"@id\":\"https:\\\/\\\/eldigitaldeasturias.com\\\/magazine365\\\/#organization\",\"name\":\"El digital de Asturias\",\"description\":\"Revista de ocio, turismo y estilo de vida\",\"url\":\"https:\\\/\\\/eldigitaldeasturias.com\\\/magazine365\\\/\",\"logo\":{\"@type\":\"ImageObject\",\"url\":\"https:\\\/\\\/www.eldigitaldeasturias.com\\\/noticias\\\/wp-content\\\/uploads\\\/2020\\\/12\\\/EDA.jpg\",\"@id\":\"https:\\\/\\\/eldigitaldeasturias.com\\\/magazine365\\\/luis-cueto-dice-que-el-turismo-esta-pujante-y-ve-a-carmena-como-un-valor-para-la-promocion-de-madrid\\\/#organizationLogo\"},\"image\":{\"@id\":\"https:\\\/\\\/eldigitaldeasturias.com\\\/magazine365\\\/luis-cueto-dice-que-el-turismo-esta-pujante-y-ve-a-carmena-como-un-valor-para-la-promocion-de-madrid\\\/#organizationLogo\"}},{\"@type\":\"Person\",\"@id\":\"https:\\\/\\\/eldigitaldeasturias.com\\\/magazine365\\\/author\\\/admin\\\/#author\",\"url\":\"https:\\\/\\\/eldigitaldeasturias.com\\\/magazine365\\\/author\\\/admin\\\/\",\"name\":\"admin\",\"image\":{\"@type\":\"ImageObject\",\"@id\":\"https:\\\/\\\/eldigitaldeasturias.com\\\/magazine365\\\/luis-cueto-dice-que-el-turismo-esta-pujante-y-ve-a-carmena-como-un-valor-para-la-promocion-de-madrid\\\/#authorImage\",\"url\":\"https:\\\/\\\/eldigitaldeasturias.com\\\/magazine365\\\/wp-content\\\/litespeed\\\/avatar\\\/e571bcf59a0edd6fa6838245a470f2fe.jpg?ver=1776969259\",\"width\":96,\"height\":96,\"caption\":\"admin\"}},{\"@type\":\"WebPage\",\"@id\":\"https:\\\/\\\/eldigitaldeasturias.com\\\/magazine365\\\/luis-cueto-dice-que-el-turismo-esta-pujante-y-ve-a-carmena-como-un-valor-para-la-promocion-de-madrid\\\/#webpage\",\"url\":\"https:\\\/\\\/eldigitaldeasturias.com\\\/magazine365\\\/luis-cueto-dice-que-el-turismo-esta-pujante-y-ve-a-carmena-como-un-valor-para-la-promocion-de-madrid\\\/\",\"name\":\"Luis Cueto dice que el turismo est\\u00e1 pujante y ve a Carmena como un \\u00abvalor\\u00bb para la promoci\\u00f3n de Madrid | El Digital de Asturias\",\"description\":\"El coordinador general de la Alcald\\u00eda y presidente de la Junta rectora de Ifema, Luis Cueto, ha afirmado que el sector tur\\u00edstico tiene una \\\"pujanza tremenda\\\" y que la Feria Internacional de Madrid (Fitur) crece \\\"todav\\u00eda m\\u00e1s\\\" en esta edici\\u00f3n. Aparte, en declaraciones a Telemadrid, recogidas por Europa Press, considera a la alcaldesa de Madrid,\",\"inLanguage\":\"es-ES\",\"isPartOf\":{\"@id\":\"https:\\\/\\\/eldigitaldeasturias.com\\\/magazine365\\\/#website\"},\"breadcrumb\":{\"@id\":\"https:\\\/\\\/eldigitaldeasturias.com\\\/magazine365\\\/luis-cueto-dice-que-el-turismo-esta-pujante-y-ve-a-carmena-como-un-valor-para-la-promocion-de-madrid\\\/#breadcrumblist\"},\"author\":{\"@id\":\"https:\\\/\\\/eldigitaldeasturias.com\\\/magazine365\\\/author\\\/admin\\\/#author\"},\"creator\":{\"@id\":\"https:\\\/\\\/eldigitaldeasturias.com\\\/magazine365\\\/author\\\/admin\\\/#author\"},\"image\":{\"@type\":\"ImageObject\",\"url\":\"https:\\\/\\\/eldigitaldeasturias.com\\\/magazine365\\\/wp-content\\\/uploads\\\/2016\\\/01\\\/fotonoticia_20160120185827_800.jpg\",\"@id\":\"https:\\\/\\\/eldigitaldeasturias.com\\\/magazine365\\\/luis-cueto-dice-que-el-turismo-esta-pujante-y-ve-a-carmena-como-un-valor-para-la-promocion-de-madrid\\\/#mainImage\",\"width\":800,\"height\":533},\"primaryImageOfPage\":{\"@id\":\"https:\\\/\\\/eldigitaldeasturias.com\\\/magazine365\\\/luis-cueto-dice-que-el-turismo-esta-pujante-y-ve-a-carmena-como-un-valor-para-la-promocion-de-madrid\\\/#mainImage\"},\"datePublished\":\"2016-01-22T18:16:09+01:00\",\"dateModified\":\"2016-01-22T18:16:09+01:00\"},{\"@type\":\"WebSite\",\"@id\":\"https:\\\/\\\/eldigitaldeasturias.com\\\/magazine365\\\/#website\",\"url\":\"https:\\\/\\\/eldigitaldeasturias.com\\\/magazine365\\\/\",\"name\":\"El Digital de Asturias\",\"description\":\"Revista de ocio, turismo y estilo de vida\",\"inLanguage\":\"es-ES\",\"publisher\":{\"@id\":\"https:\\\/\\\/eldigitaldeasturias.com\\\/magazine365\\\/#organization\"}}]}\n\t\t<\/script>\n\t\t<!-- All in One SEO Pro -->\r\n\t\t<title>Luis Cueto dice que el turismo est\u00e1 pujante y ve a Carmena como un \u00abvalor\u00bb para la promoci\u00f3n de Madrid | El Digital de Asturias<\/title>\n\n","aioseo_head_json":{"title":"Luis Cueto dice que el turismo est\u00e1 pujante y ve a Carmena como un \u00abvalor\u00bb para la promoci\u00f3n de Madrid | El Digital de Asturias","description":"El coordinador general de la Alcald\u00eda y presidente de la Junta rectora de Ifema, Luis Cueto, ha afirmado que el sector tur\u00edstico tiene una \"pujanza tremenda\" y que la Feria Internacional de Madrid (Fitur) crece \"todav\u00eda m\u00e1s\" en esta edici\u00f3n. Aparte, en declaraciones a Telemadrid, recogidas por Europa Press, considera a la alcaldesa de Madrid,","canonical_url":"https:\/\/eldigitaldeasturias.com\/magazine365\/luis-cueto-dice-que-el-turismo-esta-pujante-y-ve-a-carmena-como-un-valor-para-la-promocion-de-madrid\/","robots":"max-image-preview:large","keywords":"noticias y actualidad","webmasterTools":{"google-site-verification":"UA-38556648-1","miscellaneous":""},"schema":{"@context":"https:\/\/schema.org","@graph":[{"@type":"Article","@id":"https:\/\/eldigitaldeasturias.com\/magazine365\/luis-cueto-dice-que-el-turismo-esta-pujante-y-ve-a-carmena-como-un-valor-para-la-promocion-de-madrid\/#article","name":"Luis Cueto dice que el turismo est\u00e1 pujante y ve a Carmena como un \u00abvalor\u00bb para la promoci\u00f3n de Madrid | El Digital de Asturias","headline":"Luis Cueto dice que el turismo est\u00e1 pujante y ve a Carmena como un \u00abvalor\u00bb para la promoci\u00f3n de Madrid","author":{"@id":"https:\/\/eldigitaldeasturias.com\/magazine365\/author\/admin\/#author"},"publisher":{"@id":"https:\/\/eldigitaldeasturias.com\/magazine365\/#organization"},"image":{"@type":"ImageObject","url":"https:\/\/eldigitaldeasturias.com\/magazine365\/wp-content\/uploads\/2016\/01\/fotonoticia_20160120185827_800.jpg","width":800,"height":533},"datePublished":"2016-01-22T18:16:09+01:00","dateModified":"2016-01-22T18:16:09+01:00","inLanguage":"es-ES","mainEntityOfPage":{"@id":"https:\/\/eldigitaldeasturias.com\/magazine365\/luis-cueto-dice-que-el-turismo-esta-pujante-y-ve-a-carmena-como-un-valor-para-la-promocion-de-madrid\/#webpage"},"isPartOf":{"@id":"https:\/\/eldigitaldeasturias.com\/magazine365\/luis-cueto-dice-que-el-turismo-esta-pujante-y-ve-a-carmena-como-un-valor-para-la-promocion-de-madrid\/#webpage"},"articleSection":"Noticias y Actualidad"},{"@type":"BreadcrumbList","@id":"https:\/\/eldigitaldeasturias.com\/magazine365\/luis-cueto-dice-que-el-turismo-esta-pujante-y-ve-a-carmena-como-un-valor-para-la-promocion-de-madrid\/#breadcrumblist","itemListElement":[{"@type":"ListItem","@id":"https:\/\/eldigitaldeasturias.com\/magazine365#listItem","position":1,"name":"Home","item":"https:\/\/eldigitaldeasturias.com\/magazine365","nextItem":{"@type":"ListItem","@id":"https:\/\/eldigitaldeasturias.com\/magazine365\/category\/noticias-actualidad\/#listItem","name":"Noticias y Actualidad"}},{"@type":"ListItem","@id":"https:\/\/eldigitaldeasturias.com\/magazine365\/category\/noticias-actualidad\/#listItem","position":2,"name":"Noticias y Actualidad","item":"https:\/\/eldigitaldeasturias.com\/magazine365\/category\/noticias-actualidad\/","nextItem":{"@type":"ListItem","@id":"https:\/\/eldigitaldeasturias.com\/magazine365\/luis-cueto-dice-que-el-turismo-esta-pujante-y-ve-a-carmena-como-un-valor-para-la-promocion-de-madrid\/#listItem","name":"Luis Cueto dice que el turismo est\u00e1 pujante y ve a Carmena como un \u00abvalor\u00bb para la promoci\u00f3n de Madrid"},"previousItem":{"@type":"ListItem","@id":"https:\/\/eldigitaldeasturias.com\/magazine365#listItem","name":"Home"}},{"@type":"ListItem","@id":"https:\/\/eldigitaldeasturias.com\/magazine365\/luis-cueto-dice-que-el-turismo-esta-pujante-y-ve-a-carmena-como-un-valor-para-la-promocion-de-madrid\/#listItem","position":3,"name":"Luis Cueto dice que el turismo est\u00e1 pujante y ve a Carmena como un \u00abvalor\u00bb para la promoci\u00f3n de Madrid","previousItem":{"@type":"ListItem","@id":"https:\/\/eldigitaldeasturias.com\/magazine365\/category\/noticias-actualidad\/#listItem","name":"Noticias y Actualidad"}}]},{"@type":"Organization","@id":"https:\/\/eldigitaldeasturias.com\/magazine365\/#organization","name":"El digital de Asturias","description":"Revista de ocio, turismo y estilo de vida","url":"https:\/\/eldigitaldeasturias.com\/magazine365\/","logo":{"@type":"ImageObject","url":"https:\/\/www.eldigitaldeasturias.com\/noticias\/wp-content\/uploads\/2020\/12\/EDA.jpg","@id":"https:\/\/eldigitaldeasturias.com\/magazine365\/luis-cueto-dice-que-el-turismo-esta-pujante-y-ve-a-carmena-como-un-valor-para-la-promocion-de-madrid\/#organizationLogo"},"image":{"@id":"https:\/\/eldigitaldeasturias.com\/magazine365\/luis-cueto-dice-que-el-turismo-esta-pujante-y-ve-a-carmena-como-un-valor-para-la-promocion-de-madrid\/#organizationLogo"}},{"@type":"Person","@id":"https:\/\/eldigitaldeasturias.com\/magazine365\/author\/admin\/#author","url":"https:\/\/eldigitaldeasturias.com\/magazine365\/author\/admin\/","name":"admin","image":{"@type":"ImageObject","@id":"https:\/\/eldigitaldeasturias.com\/magazine365\/luis-cueto-dice-que-el-turismo-esta-pujante-y-ve-a-carmena-como-un-valor-para-la-promocion-de-madrid\/#authorImage","url":"https:\/\/eldigitaldeasturias.com\/magazine365\/wp-content\/litespeed\/avatar\/e571bcf59a0edd6fa6838245a470f2fe.jpg?ver=1776969259","width":96,"height":96,"caption":"admin"}},{"@type":"WebPage","@id":"https:\/\/eldigitaldeasturias.com\/magazine365\/luis-cueto-dice-que-el-turismo-esta-pujante-y-ve-a-carmena-como-un-valor-para-la-promocion-de-madrid\/#webpage","url":"https:\/\/eldigitaldeasturias.com\/magazine365\/luis-cueto-dice-que-el-turismo-esta-pujante-y-ve-a-carmena-como-un-valor-para-la-promocion-de-madrid\/","name":"Luis Cueto dice que el turismo est\u00e1 pujante y ve a Carmena como un \u00abvalor\u00bb para la promoci\u00f3n de Madrid | El Digital de Asturias","description":"El coordinador general de la Alcald\u00eda y presidente de la Junta rectora de Ifema, Luis Cueto, ha afirmado que el sector tur\u00edstico tiene una \"pujanza tremenda\" y que la Feria Internacional de Madrid (Fitur) crece \"todav\u00eda m\u00e1s\" en esta edici\u00f3n. Aparte, en declaraciones a Telemadrid, recogidas por Europa Press, considera a la alcaldesa de Madrid,","inLanguage":"es-ES","isPartOf":{"@id":"https:\/\/eldigitaldeasturias.com\/magazine365\/#website"},"breadcrumb":{"@id":"https:\/\/eldigitaldeasturias.com\/magazine365\/luis-cueto-dice-que-el-turismo-esta-pujante-y-ve-a-carmena-como-un-valor-para-la-promocion-de-madrid\/#breadcrumblist"},"author":{"@id":"https:\/\/eldigitaldeasturias.com\/magazine365\/author\/admin\/#author"},"creator":{"@id":"https:\/\/eldigitaldeasturias.com\/magazine365\/author\/admin\/#author"},"image":{"@type":"ImageObject","url":"https:\/\/eldigitaldeasturias.com\/magazine365\/wp-content\/uploads\/2016\/01\/fotonoticia_20160120185827_800.jpg","@id":"https:\/\/eldigitaldeasturias.com\/magazine365\/luis-cueto-dice-que-el-turismo-esta-pujante-y-ve-a-carmena-como-un-valor-para-la-promocion-de-madrid\/#mainImage","width":800,"height":533},"primaryImageOfPage":{"@id":"https:\/\/eldigitaldeasturias.com\/magazine365\/luis-cueto-dice-que-el-turismo-esta-pujante-y-ve-a-carmena-como-un-valor-para-la-promocion-de-madrid\/#mainImage"},"datePublished":"2016-01-22T18:16:09+01:00","dateModified":"2016-01-22T18:16:09+01:00"},{"@type":"WebSite","@id":"https:\/\/eldigitaldeasturias.com\/magazine365\/#website","url":"https:\/\/eldigitaldeasturias.com\/magazine365\/","name":"El Digital de Asturias","description":"Revista de ocio, turismo y estilo de vida","inLanguage":"es-ES","publisher":{"@id":"https:\/\/eldigitaldeasturias.com\/magazine365\/#organization"}}]},"og:locale":"es_ES","og:site_name":"El Digital de Asturias \u2013 Revista de ocio, turismo y estilo de vida","og:type":"article","og:title":"Luis Cueto dice que el turismo est\u00e1 pujante y ve a Carmena como un \u00abvalor\u00bb para la promoci\u00f3n de Madrid | El Digital de Asturias","og:description":"El coordinador general de la Alcald\u00eda y presidente de la Junta rectora de Ifema, Luis Cueto, ha afirmado que el sector tur\u00edstico tiene una &quot;pujanza tremenda&quot; y que la Feria Internacional de Madrid (Fitur) crece &quot;todav\u00eda m\u00e1s&quot; en esta edici\u00f3n. Aparte, en declaraciones a Telemadrid, recogidas por Europa Press, considera a la alcaldesa de Madrid,","og:url":"https:\/\/eldigitaldeasturias.com\/magazine365\/luis-cueto-dice-que-el-turismo-esta-pujante-y-ve-a-carmena-como-un-valor-para-la-promocion-de-madrid\/","og:image":"https:\/\/eldigitaldeasturias.com\/magazine365\/wp-content\/uploads\/2016\/01\/fotonoticia_20160120185827_800.jpg","og:image:secure_url":"https:\/\/eldigitaldeasturias.com\/magazine365\/wp-content\/uploads\/2016\/01\/fotonoticia_20160120185827_800.jpg","og:image:width":800,"og:image:height":533,"article:published_time":"2016-01-22T17:16:09+00:00","article:modified_time":"2016-01-22T17:16:09+00:00","twitter:card":"summary_large_image","twitter:title":"Luis Cueto dice que el turismo est\u00e1 pujante y ve a Carmena como un \u00abvalor\u00bb para la promoci\u00f3n de Madrid | El Digital de Asturias","twitter:description":"El coordinador general de la Alcald\u00eda y presidente de la Junta rectora de Ifema, Luis Cueto, ha afirmado que el sector tur\u00edstico tiene una &quot;pujanza tremenda&quot; y que la Feria Internacional de Madrid (Fitur) crece &quot;todav\u00eda m\u00e1s&quot; en esta edici\u00f3n. Aparte, en declaraciones a Telemadrid, recogidas por Europa Press, considera a la alcaldesa de Madrid,","twitter:image":"https:\/\/eldigitaldeasturias.com\/magazine365\/wp-content\/uploads\/2016\/01\/fotonoticia_20160120185827_800.jpg"},"aioseo_meta_data":{"post_id":"61481","title":null,"description":null,"keywords":null,"keyphrases":null,"primary_term":null,"canonical_url":null,"og_title":null,"og_description":null,"og_object_type":"default","og_image_type":"default","og_image_url":null,"og_image_width":null,"og_image_height":null,"og_image_custom_url":null,"og_image_custom_fields":null,"og_video":null,"og_custom_url":null,"og_article_section":null,"og_article_tags":null,"twitter_use_og":false,"twitter_card":"default","twitter_image_type":"default","twitter_image_url":null,"twitter_image_custom_url":null,"twitter_image_custom_fields":null,"twitter_title":null,"twitter_description":null,"schema":{"blockGraphs":[],"customGraphs":[],"default":{"data":{"Article":[],"Course":[],"Dataset":[],"FAQPage":[],"Movie":[],"Person":[],"Product":[],"ProductReview":[],"Car":[],"Recipe":[],"Service":[],"SoftwareApplication":[],"WebPage":[]},"graphName":"","isEnabled":true},"graphs":[],"defaultGraph":"","defaultPostTypeGraph":""},"schema_type":null,"schema_type_options":null,"pillar_content":false,"robots_default":true,"robots_noindex":false,"robots_noarchive":false,"robots_nosnippet":false,"robots_nofollow":false,"robots_noimageindex":false,"robots_noodp":false,"robots_notranslate":false,"robots_max_snippet":null,"robots_max_videopreview":null,"robots_max_imagepreview":"large","priority":null,"frequency":null,"location":null,"local_seo":null,"seo_analyzer_scan_date":"2025-09-25 09:03:41","breadcrumb_settings":null,"limit_modified_date":false,"open_ai":null,"ai":null,"created":"2021-03-08 21:48:44","updated":"2025-09-25 09:03:41"},"aioseo_breadcrumb":"<div class=\"aioseo-breadcrumbs\"><span class=\"aioseo-breadcrumb\">\n\t<a href=\"https:\/\/eldigitaldeasturias.com\/magazine365\" title=\"Home\">Home<\/a>\n<\/span><span class=\"aioseo-breadcrumb-separator\">\u2013<\/span><span class=\"aioseo-breadcrumb\">\n\t<a href=\"https:\/\/eldigitaldeasturias.com\/magazine365\/category\/noticias-actualidad\/\" title=\"Noticias y Actualidad\">Noticias y Actualidad<\/a>\n<\/span><span class=\"aioseo-breadcrumb-separator\">\u2013<\/span><span class=\"aioseo-breadcrumb\">\n\t<a href=\"https:\/\/eldigitaldeasturias.com\/magazine365\/luis-cueto-dice-que-el-turismo-esta-pujante-y-ve-a-carmena-como-un-valor-para-la-promocion-de-madrid\/\" title=\"Luis Cueto dice que el turismo est\u00e1 pujante y ve a Carmena como un \u00abvalor\u00bb para la promoci\u00f3n de Madrid\">Luis Cueto dice que el turismo est\u00e1 pujante y ve a Carmena como un \u00abvalor\u00bb para la promoci\u00f3n de Madrid<\/a>\n<\/span><\/div>","aioseo_breadcrumb_json":[{"label":"Home","link":"https:\/\/eldigitaldeasturias.com\/magazine365"},{"label":"Noticias y Actualidad","link":"https:\/\/eldigitaldeasturias.com\/magazine365\/category\/noticias-actualidad\/"},{"label":"Luis Cueto dice que el turismo est\u00e1 pujante y ve a Carmena como un \u00abvalor\u00bb para la promoci\u00f3n de Madrid","link":"https:\/\/eldigitaldeasturias.com\/magazine365\/luis-cueto-dice-que-el-turismo-esta-pujante-y-ve-a-carmena-como-un-valor-para-la-promocion-de-madrid\/"}],"_links":{"self":[{"href":"https:\/\/eldigitaldeasturias.com\/magazine365\/wp-json\/wp\/v2\/posts\/61481","targetHints":{"allow":["GET"]}}],"collection":[{"href":"https:\/\/eldigitaldeasturias.com\/magazine365\/wp-json\/wp\/v2\/posts"}],"about":[{"href":"https:\/\/eldigitaldeasturias.com\/magazine365\/wp-json\/wp\/v2\/types\/post"}],"author":[{"embeddable":true,"href":"https:\/\/eldigitaldeasturias.com\/magazine365\/wp-json\/wp\/v2\/users\/1"}],"replies":[{"embeddable":true,"href":"https:\/\/eldigitaldeasturias.com\/magazine365\/wp-json\/wp\/v2\/comments?post=61481"}],"version-history":[{"count":0,"href":"https:\/\/eldigitaldeasturias.com\/magazine365\/wp-json\/wp\/v2\/posts\/61481\/revisions"}],"wp:featuredmedia":[{"embeddable":true,"href":"https:\/\/eldigitaldeasturias.com\/magazine365\/wp-json\/wp\/v2\/media\/61482"}],"wp:attachment":[{"href":"https:\/\/eldigitaldeasturias.com\/magazine365\/wp-json\/wp\/v2\/media?parent=61481"}],"wp:term":[{"taxonomy":"category","embeddable":true,"href":"https:\/\/eldigitaldeasturias.com\/magazine365\/wp-json\/wp\/v2\/categories?post=61481"},{"taxonomy":"post_tag","embeddable":true,"href":"https:\/\/eldigitaldeasturias.com\/magazine365\/wp-json\/wp\/v2\/tags?post=61481"}],"curies":[{"name":"wp","href":"https:\/\/api.w.org\/{rel}","templated":true}]}}