{"id":61478,"date":"2016-01-22T18:15:21","date_gmt":"2016-01-22T17:15:21","guid":{"rendered":"http:\/\/eldigitaldeasturias.com\/magazine365\/?p=61478"},"modified":"2016-01-22T18:15:21","modified_gmt":"2016-01-22T17:15:21","slug":"el-jardin-de-elena-une-los-jardines-botanicos-de-cordoba-y-malaga-con-las-obras-del-thyssen","status":"publish","type":"post","link":"https:\/\/eldigitaldeasturias.com\/magazine365\/el-jardin-de-elena-une-los-jardines-botanicos-de-cordoba-y-malaga-con-las-obras-del-thyssen\/","title":{"rendered":"&#8216;El jard\u00edn de Elena&#8217; une los jardines bot\u00e1nicos de C\u00f3rdoba y M\u00e1laga con las obras del Thyssen"},"content":{"rendered":"<p><img fetchpriority=\"high\" decoding=\"async\" class=\"alignleft size-medium wp-image-61479\" src=\"https:\/\/eldigitaldeasturias.com\/magazine365\/wp-content\/uploads\/2016\/01\/fotonoticia_20160120185124_800-360x240.jpg\" alt=\"fotonoticia_20160120185124_800\" width=\"360\" height=\"240\" srcset=\"https:\/\/eldigitaldeasturias.com\/magazine365\/wp-content\/uploads\/2016\/01\/fotonoticia_20160120185124_800-360x240.jpg 360w, https:\/\/eldigitaldeasturias.com\/magazine365\/wp-content\/uploads\/2016\/01\/fotonoticia_20160120185124_800-650x433.jpg 650w, https:\/\/eldigitaldeasturias.com\/magazine365\/wp-content\/uploads\/2016\/01\/fotonoticia_20160120185124_800-768x512.jpg 768w, https:\/\/eldigitaldeasturias.com\/magazine365\/wp-content\/uploads\/2016\/01\/fotonoticia_20160120185124_800-150x100.jpg 150w, https:\/\/eldigitaldeasturias.com\/magazine365\/wp-content\/uploads\/2016\/01\/fotonoticia_20160120185124_800-450x300.jpg 450w, https:\/\/eldigitaldeasturias.com\/magazine365\/wp-content\/uploads\/2016\/01\/fotonoticia_20160120185124_800-696x464.jpg 696w, https:\/\/eldigitaldeasturias.com\/magazine365\/wp-content\/uploads\/2016\/01\/fotonoticia_20160120185124_800-630x420.jpg 630w, https:\/\/eldigitaldeasturias.com\/magazine365\/wp-content\/uploads\/2016\/01\/fotonoticia_20160120185124_800-101x66.jpg 101w, https:\/\/eldigitaldeasturias.com\/magazine365\/wp-content\/uploads\/2016\/01\/fotonoticia_20160120185124_800.jpg 800w\" sizes=\"(max-width: 360px) 100vw, 360px\" \/>La Fundaci\u00f3n Descubre, el Real Jard\u00edn Bot\u00e1nico cordob\u00e9s, el Jard\u00edn Bot\u00e1nico-Hist\u00f3rico de La Concepci\u00f3n y la pinacoteca malague\u00f1a Thyssen han presentado, en la Feria Internacional de Turismo (Fitur), &#8216;El jard\u00edn de Elena&#8217;, un recorrido que combina una modalidad presencial y otra virtual para destacar las asociaciones entre las especies vegetales y las pinturas y presentar el patrimonio de manera divulgativa.<\/p>\n<p>Se trata de una visita por cada uno de los dos bot\u00e1nicos y el museo que se fusionan en una \u00fanica ruta, mediante las asociaciones entre las especies vegetales y las obras de arte. El paseo cuenta con una vertiente presencial y otra virtual. En la primera, que se podr\u00e1 disfrutar en primavera, los visitantes pueden recorrer las salas del museo o pasear por los jardines bot\u00e1nicos, mientras consultan los puntos de informaci\u00f3n que remiten a localizaciones, cuadros o especies de los tres entornos, en una aplicaci\u00f3n desarrollada para sistema Android.<\/p>\n<p>En la versi\u00f3n virtual de la ruta, el internauta se desplaza desde la web por las instalaciones de los bot\u00e1nicos y el museo en un paseo on line donde la informaci\u00f3n cient\u00edfica, hist\u00f3rica y curiosidades sobre las plantas representadas en las salas de la pinacoteca enlazan con entornos emblem\u00e1ticos de los jardines bot\u00e1nicos. A la vez, en esos escenarios, se destacan especies vegetales asociadas a los cuadros del museo.<\/p>\n<p>La novedad de este recorrido web estriba en que ofrece una visi\u00f3n realista e inmersiva, a trav\u00e9s de 32 im\u00e1genes panor\u00e1micas en 360 grados. En cada una de ellas, se destacan las localizaciones, especies y obras m\u00e1s significativas mediante 40 puntos de informaci\u00f3n que van acompa\u00f1ados por audios explicativos.<\/p>\n<p>Con esta doble faceta, la plataforma se configura como un recurso tur\u00edstico para presentar y descubrir los entornos implicados. Por un lado, supone una oportunidad para acercarse a los bot\u00e1nicos y al museo antes de conocerlos &#8216;in situ&#8217;. Por otra parte, ofrece informaci\u00f3n adicional, de f\u00e1cil acceso, que puede consultarse desde los dispositivos m\u00f3viles durante la visita real a los espacios.<\/p>\n<p>Estas ventajas han sido destacadas este mi\u00e9rcoles en la presentaci\u00f3n por el alcalde de M\u00e1laga, Francisco de la Torre; la presidenta del Instituto Municipal de Gesti\u00f3n Medio Ambiental &#8216;Real Jard\u00edn Bot\u00e1nico de C\u00f3rdoba&#8217;, Amparo Pernichi; y la directora de la Fundaci\u00f3n Descubre, Teresa Cruz, representantes de las instituciones que participan en la iniciativa.<\/p>\n<p>El proyecto pretende mostrar las relaciones entre el arte y la ciencia con el apoyo de los nuevos recursos virtuales, todo ello con el objetivo de impulsar la cultura cient\u00edfica y art\u00edstica de la sociedad en general y de los m\u00e1s j\u00f3venes en particular, para potenciar vocaciones cient\u00edficas.<\/p>\n<p>Las posibilidades tur\u00edsticas de la visita derivan de su car\u00e1cter complementario, tanto en lo que respecta a las dos \u00e1reas de conocimiento que aborda, como en los entornos geogr\u00e1ficos. Por un lado, se conjugan el patrimonio cient\u00edfico y art\u00edstico, y por otro, el visitante puede disfrutar en un \u00fanico recorrido de elementos (lugares, plantas y pinturas) presentes en distintas provincias. En este viaje de ida y vuelta, el turista vive una experiencia diferente y adicional a la que disfruta al visitar los espacios por separado.<\/p>\n<p>SECCIONES DE LA VISITA VIRTUAL<\/p>\n<p>&#8216;El Jard\u00edn de Elena&#8217; consta de tres visitas virtuales que se conectan en s\u00f3lo recorrido a trav\u00e9s de puntos que aparecen al pasar con el rat\u00f3n y enlazan con fichas de contenidos.<\/p>\n<p>El recorrido por el Museo Carmen Thyssen M\u00e1laga comprende once espacios panor\u00e1micos, con 18 puntos informativos. La visita comienza en un patio que sirve de bienvenida y contin\u00faa por diez salas donde se destacan obras del paisaje rom\u00e1ntico y costumbrismo, maestros antiguos, el preciosismo y la pintura naturalista o el fin de siglo, entre otros.<\/p>\n<p>La ruta virtual por el Real Jard\u00edn Bot\u00e1nico de C\u00f3rdoba consta de siete vistas panor\u00e1micas y ocho puntos de informaci\u00f3n. Arranca en la Plaza Elena Moreno, divulgadora que da nombre al proyecto, y se adentra luego en el interior de un patio cordob\u00e9s.<\/p>\n<p>Por su parte, el Jard\u00edn Bot\u00e1nico-Hist\u00f3rico La Concepci\u00f3n se recorre en 14 vistas, donde se incluyen 14 puntos de informaci\u00f3n. El internauta comienza frente al edificio principal y pasa al espacio de la alberca con la colecci\u00f3n de plantas acu\u00e1ticas en la entrada del jard\u00edn.<\/p>\n<p>UN JARD\u00cdN CON NOMBRE PROPIO<\/p>\n<p>Esta iniciativa surgi\u00f3 a ra\u00edz del proyecto iniciado en 2013 por la divulgadora Elena Moreno Barroso, del Real Jard\u00edn Bot\u00e1nico de C\u00f3rdoba. Ella avanz\u00f3 una nueva forma de disfrutar de los contenidos bot\u00e1nicos y art\u00edsticos que la ciudad pod\u00eda ofrecer. As\u00ed, se invitaba a los ciudadanos y visitantes de la ciudad a recorrer el museo Arqueol\u00f3gico, el de Bellas Artes y el Conjunto Arqueol\u00f3gico &#8216;Madinat al-Zahra&#8217;, mediante un seguimiento de los distintos elementos florales presentes en las salas de estos museos. Por otro lado, se les invitaba a descubrir en el Real Jard\u00edn Bot\u00e1nico las plantas representadas en los museos, en un homenaje a los patios de la ciudad.<\/p>\n<p>El \u00e9xito de esta experiencia inspir\u00f3 el desarrollo de una segunda fase que ha tomado un nuevo impulso con la incorporaci\u00f3n a este proyecto multidisciplinar del Jard\u00edn Bot\u00e1nico-Hist\u00f3rico de la Concepci\u00f3n, el Museo Carmen Thyssen M\u00e1laga y la Fundaci\u00f3n Descubre. En esta etapa han participado bot\u00e1nicos, expertos en arte, divulgadores y comunicadores para, mano a mano, dotar de rigor y contenidos amenos la visita. La iniciativa cuenta con el apoyo de la Consejer\u00eda de Econom\u00eda y Conocimiento de la Junta de Andaluc\u00eda.<\/p>\n<p>En la pr\u00f3xima fase del proyecto, que cuenta con la financiaci\u00f3n de la Fundaci\u00f3n Espa\u00f1ola para la Ciencia y la Tecnolog\u00eda (Fecyt), se incorporar\u00e1n el museo ruso de M\u00e1laga y los museos cordobeses que ya participaron en el origen el proyecto el Museo de Bellas Artes, el Museo Arqueol\u00f3gico y el yacimiento de Madinat al-Zahra.<\/p>\n","protected":false},"excerpt":{"rendered":"<p>La Fundaci\u00f3n Descubre, el Real Jard\u00edn Bot\u00e1nico cordob\u00e9s, el Jard\u00edn Bot\u00e1nico-Hist\u00f3rico de La Concepci\u00f3n y la pinacoteca malague\u00f1a Thyssen han presentado, en la Feria Internacional de Turismo (Fitur), &#8216;El jard\u00edn de Elena&#8217;, un recorrido que combina una modalidad presencial y otra virtual para destacar las asociaciones entre las especies vegetales y las pinturas y presentar<\/p>\n","protected":false},"author":1,"featured_media":61479,"comment_status":"open","ping_status":"closed","sticky":false,"template":"","format":"standard","meta":{"footnotes":""},"categories":[224],"tags":[],"class_list":{"0":"post-61478","1":"post","2":"type-post","3":"status-publish","4":"format-standard","5":"has-post-thumbnail","7":"category-noticias-actualidad"},"aioseo_notices":[],"aioseo_head":"\n\t\t<!-- All in One SEO Pro 4.9.6.1 - aioseo.com -->\n\t<meta name=\"description\" content=\"La Fundaci\u00f3n Descubre, el Real Jard\u00edn Bot\u00e1nico cordob\u00e9s, el Jard\u00edn Bot\u00e1nico-Hist\u00f3rico de La Concepci\u00f3n y la pinacoteca malague\u00f1a Thyssen han presentado, en la Feria Internacional de Turismo (Fitur), &#039;El jard\u00edn de Elena&#039;, un recorrido que combina una modalidad presencial y otra virtual para destacar las asociaciones entre las especies vegetales y las pinturas y presentar\" \/>\n\t<meta name=\"robots\" content=\"max-image-preview:large\" \/>\n\t<meta name=\"author\" content=\"admin\"\/>\n\t<meta name=\"google-site-verification\" content=\"UA-38556648-1\" \/>\n\t<meta name=\"keywords\" content=\"noticias y actualidad\" \/>\n\t<link rel=\"canonical\" href=\"https:\/\/eldigitaldeasturias.com\/magazine365\/el-jardin-de-elena-une-los-jardines-botanicos-de-cordoba-y-malaga-con-las-obras-del-thyssen\/\" \/>\n\t<meta name=\"generator\" content=\"All in One SEO Pro (AIOSEO) 4.9.6.1\" \/>\n\t\t<meta property=\"og:locale\" content=\"es_ES\" \/>\n\t\t<meta property=\"og:site_name\" content=\"El Digital de Asturias \u2013 Revista de ocio, turismo y estilo de vida\" \/>\n\t\t<meta property=\"og:type\" content=\"article\" \/>\n\t\t<meta property=\"og:title\" content=\"\u2018El jard\u00edn de Elena\u2019 une los jardines bot\u00e1nicos de C\u00f3rdoba y M\u00e1laga con las obras del Thyssen | El Digital de Asturias\" \/>\n\t\t<meta property=\"og:description\" content=\"La Fundaci\u00f3n Descubre, el Real Jard\u00edn Bot\u00e1nico cordob\u00e9s, el Jard\u00edn Bot\u00e1nico-Hist\u00f3rico de La Concepci\u00f3n y la pinacoteca malague\u00f1a Thyssen han presentado, en la Feria Internacional de Turismo (Fitur), &#039;El jard\u00edn de Elena&#039;, un recorrido que combina una modalidad presencial y otra virtual para destacar las asociaciones entre las especies vegetales y las pinturas y presentar\" \/>\n\t\t<meta property=\"og:url\" content=\"https:\/\/eldigitaldeasturias.com\/magazine365\/el-jardin-de-elena-une-los-jardines-botanicos-de-cordoba-y-malaga-con-las-obras-del-thyssen\/\" \/>\n\t\t<meta property=\"og:image\" content=\"https:\/\/eldigitaldeasturias.com\/magazine365\/wp-content\/uploads\/2016\/01\/fotonoticia_20160120185124_800.jpg\" \/>\n\t\t<meta property=\"og:image:secure_url\" content=\"https:\/\/eldigitaldeasturias.com\/magazine365\/wp-content\/uploads\/2016\/01\/fotonoticia_20160120185124_800.jpg\" \/>\n\t\t<meta property=\"og:image:width\" content=\"800\" \/>\n\t\t<meta property=\"og:image:height\" content=\"533\" \/>\n\t\t<meta property=\"article:published_time\" content=\"2016-01-22T17:15:21+00:00\" \/>\n\t\t<meta property=\"article:modified_time\" content=\"2016-01-22T17:15:21+00:00\" \/>\n\t\t<meta name=\"twitter:card\" content=\"summary_large_image\" \/>\n\t\t<meta name=\"twitter:title\" content=\"\u2018El jard\u00edn de Elena\u2019 une los jardines bot\u00e1nicos de C\u00f3rdoba y M\u00e1laga con las obras del Thyssen | El Digital de Asturias\" \/>\n\t\t<meta name=\"twitter:description\" content=\"La Fundaci\u00f3n Descubre, el Real Jard\u00edn Bot\u00e1nico cordob\u00e9s, el Jard\u00edn Bot\u00e1nico-Hist\u00f3rico de La Concepci\u00f3n y la pinacoteca malague\u00f1a Thyssen han presentado, en la Feria Internacional de Turismo (Fitur), &#039;El jard\u00edn de Elena&#039;, un recorrido que combina una modalidad presencial y otra virtual para destacar las asociaciones entre las especies vegetales y las pinturas y presentar\" \/>\n\t\t<meta name=\"twitter:image\" content=\"https:\/\/eldigitaldeasturias.com\/magazine365\/wp-content\/uploads\/2016\/01\/fotonoticia_20160120185124_800.jpg\" \/>\n\t\t<script type=\"application\/ld+json\" class=\"aioseo-schema\">\n\t\t\t{\"@context\":\"https:\\\/\\\/schema.org\",\"@graph\":[{\"@type\":\"Article\",\"@id\":\"https:\\\/\\\/eldigitaldeasturias.com\\\/magazine365\\\/el-jardin-de-elena-une-los-jardines-botanicos-de-cordoba-y-malaga-con-las-obras-del-thyssen\\\/#article\",\"name\":\"\\u2018El jard\\u00edn de Elena\\u2019 une los jardines bot\\u00e1nicos de C\\u00f3rdoba y M\\u00e1laga con las obras del Thyssen | El Digital de Asturias\",\"headline\":\"&#8216;El jard\\u00edn de Elena&#8217; une los jardines bot\\u00e1nicos de C\\u00f3rdoba y M\\u00e1laga con las obras del Thyssen\",\"author\":{\"@id\":\"https:\\\/\\\/eldigitaldeasturias.com\\\/magazine365\\\/author\\\/admin\\\/#author\"},\"publisher\":{\"@id\":\"https:\\\/\\\/eldigitaldeasturias.com\\\/magazine365\\\/#organization\"},\"image\":{\"@type\":\"ImageObject\",\"url\":\"https:\\\/\\\/eldigitaldeasturias.com\\\/magazine365\\\/wp-content\\\/uploads\\\/2016\\\/01\\\/fotonoticia_20160120185124_800.jpg\",\"width\":800,\"height\":533},\"datePublished\":\"2016-01-22T18:15:21+01:00\",\"dateModified\":\"2016-01-22T18:15:21+01:00\",\"inLanguage\":\"es-ES\",\"mainEntityOfPage\":{\"@id\":\"https:\\\/\\\/eldigitaldeasturias.com\\\/magazine365\\\/el-jardin-de-elena-une-los-jardines-botanicos-de-cordoba-y-malaga-con-las-obras-del-thyssen\\\/#webpage\"},\"isPartOf\":{\"@id\":\"https:\\\/\\\/eldigitaldeasturias.com\\\/magazine365\\\/el-jardin-de-elena-une-los-jardines-botanicos-de-cordoba-y-malaga-con-las-obras-del-thyssen\\\/#webpage\"},\"articleSection\":\"Noticias y Actualidad\"},{\"@type\":\"BreadcrumbList\",\"@id\":\"https:\\\/\\\/eldigitaldeasturias.com\\\/magazine365\\\/el-jardin-de-elena-une-los-jardines-botanicos-de-cordoba-y-malaga-con-las-obras-del-thyssen\\\/#breadcrumblist\",\"itemListElement\":[{\"@type\":\"ListItem\",\"@id\":\"https:\\\/\\\/eldigitaldeasturias.com\\\/magazine365#listItem\",\"position\":1,\"name\":\"Home\",\"item\":\"https:\\\/\\\/eldigitaldeasturias.com\\\/magazine365\",\"nextItem\":{\"@type\":\"ListItem\",\"@id\":\"https:\\\/\\\/eldigitaldeasturias.com\\\/magazine365\\\/category\\\/noticias-actualidad\\\/#listItem\",\"name\":\"Noticias y Actualidad\"}},{\"@type\":\"ListItem\",\"@id\":\"https:\\\/\\\/eldigitaldeasturias.com\\\/magazine365\\\/category\\\/noticias-actualidad\\\/#listItem\",\"position\":2,\"name\":\"Noticias y Actualidad\",\"item\":\"https:\\\/\\\/eldigitaldeasturias.com\\\/magazine365\\\/category\\\/noticias-actualidad\\\/\",\"nextItem\":{\"@type\":\"ListItem\",\"@id\":\"https:\\\/\\\/eldigitaldeasturias.com\\\/magazine365\\\/el-jardin-de-elena-une-los-jardines-botanicos-de-cordoba-y-malaga-con-las-obras-del-thyssen\\\/#listItem\",\"name\":\"&#8216;El jard\\u00edn de Elena&#8217; une los jardines bot\\u00e1nicos de C\\u00f3rdoba y M\\u00e1laga con las obras del Thyssen\"},\"previousItem\":{\"@type\":\"ListItem\",\"@id\":\"https:\\\/\\\/eldigitaldeasturias.com\\\/magazine365#listItem\",\"name\":\"Home\"}},{\"@type\":\"ListItem\",\"@id\":\"https:\\\/\\\/eldigitaldeasturias.com\\\/magazine365\\\/el-jardin-de-elena-une-los-jardines-botanicos-de-cordoba-y-malaga-con-las-obras-del-thyssen\\\/#listItem\",\"position\":3,\"name\":\"&#8216;El jard\\u00edn de Elena&#8217; une los jardines bot\\u00e1nicos de C\\u00f3rdoba y M\\u00e1laga con las obras del Thyssen\",\"previousItem\":{\"@type\":\"ListItem\",\"@id\":\"https:\\\/\\\/eldigitaldeasturias.com\\\/magazine365\\\/category\\\/noticias-actualidad\\\/#listItem\",\"name\":\"Noticias y Actualidad\"}}]},{\"@type\":\"Organization\",\"@id\":\"https:\\\/\\\/eldigitaldeasturias.com\\\/magazine365\\\/#organization\",\"name\":\"El digital de Asturias\",\"description\":\"Revista de ocio, turismo y estilo de vida\",\"url\":\"https:\\\/\\\/eldigitaldeasturias.com\\\/magazine365\\\/\",\"logo\":{\"@type\":\"ImageObject\",\"url\":\"https:\\\/\\\/www.eldigitaldeasturias.com\\\/noticias\\\/wp-content\\\/uploads\\\/2020\\\/12\\\/EDA.jpg\",\"@id\":\"https:\\\/\\\/eldigitaldeasturias.com\\\/magazine365\\\/el-jardin-de-elena-une-los-jardines-botanicos-de-cordoba-y-malaga-con-las-obras-del-thyssen\\\/#organizationLogo\"},\"image\":{\"@id\":\"https:\\\/\\\/eldigitaldeasturias.com\\\/magazine365\\\/el-jardin-de-elena-une-los-jardines-botanicos-de-cordoba-y-malaga-con-las-obras-del-thyssen\\\/#organizationLogo\"}},{\"@type\":\"Person\",\"@id\":\"https:\\\/\\\/eldigitaldeasturias.com\\\/magazine365\\\/author\\\/admin\\\/#author\",\"url\":\"https:\\\/\\\/eldigitaldeasturias.com\\\/magazine365\\\/author\\\/admin\\\/\",\"name\":\"admin\",\"image\":{\"@type\":\"ImageObject\",\"@id\":\"https:\\\/\\\/eldigitaldeasturias.com\\\/magazine365\\\/el-jardin-de-elena-une-los-jardines-botanicos-de-cordoba-y-malaga-con-las-obras-del-thyssen\\\/#authorImage\",\"url\":\"https:\\\/\\\/eldigitaldeasturias.com\\\/magazine365\\\/wp-content\\\/litespeed\\\/avatar\\\/e571bcf59a0edd6fa6838245a470f2fe.jpg?ver=1776969259\",\"width\":96,\"height\":96,\"caption\":\"admin\"}},{\"@type\":\"WebPage\",\"@id\":\"https:\\\/\\\/eldigitaldeasturias.com\\\/magazine365\\\/el-jardin-de-elena-une-los-jardines-botanicos-de-cordoba-y-malaga-con-las-obras-del-thyssen\\\/#webpage\",\"url\":\"https:\\\/\\\/eldigitaldeasturias.com\\\/magazine365\\\/el-jardin-de-elena-une-los-jardines-botanicos-de-cordoba-y-malaga-con-las-obras-del-thyssen\\\/\",\"name\":\"\\u2018El jard\\u00edn de Elena\\u2019 une los jardines bot\\u00e1nicos de C\\u00f3rdoba y M\\u00e1laga con las obras del Thyssen | El Digital de Asturias\",\"description\":\"La Fundaci\\u00f3n Descubre, el Real Jard\\u00edn Bot\\u00e1nico cordob\\u00e9s, el Jard\\u00edn Bot\\u00e1nico-Hist\\u00f3rico de La Concepci\\u00f3n y la pinacoteca malague\\u00f1a Thyssen han presentado, en la Feria Internacional de Turismo (Fitur), 'El jard\\u00edn de Elena', un recorrido que combina una modalidad presencial y otra virtual para destacar las asociaciones entre las especies vegetales y las pinturas y presentar\",\"inLanguage\":\"es-ES\",\"isPartOf\":{\"@id\":\"https:\\\/\\\/eldigitaldeasturias.com\\\/magazine365\\\/#website\"},\"breadcrumb\":{\"@id\":\"https:\\\/\\\/eldigitaldeasturias.com\\\/magazine365\\\/el-jardin-de-elena-une-los-jardines-botanicos-de-cordoba-y-malaga-con-las-obras-del-thyssen\\\/#breadcrumblist\"},\"author\":{\"@id\":\"https:\\\/\\\/eldigitaldeasturias.com\\\/magazine365\\\/author\\\/admin\\\/#author\"},\"creator\":{\"@id\":\"https:\\\/\\\/eldigitaldeasturias.com\\\/magazine365\\\/author\\\/admin\\\/#author\"},\"image\":{\"@type\":\"ImageObject\",\"url\":\"https:\\\/\\\/eldigitaldeasturias.com\\\/magazine365\\\/wp-content\\\/uploads\\\/2016\\\/01\\\/fotonoticia_20160120185124_800.jpg\",\"@id\":\"https:\\\/\\\/eldigitaldeasturias.com\\\/magazine365\\\/el-jardin-de-elena-une-los-jardines-botanicos-de-cordoba-y-malaga-con-las-obras-del-thyssen\\\/#mainImage\",\"width\":800,\"height\":533},\"primaryImageOfPage\":{\"@id\":\"https:\\\/\\\/eldigitaldeasturias.com\\\/magazine365\\\/el-jardin-de-elena-une-los-jardines-botanicos-de-cordoba-y-malaga-con-las-obras-del-thyssen\\\/#mainImage\"},\"datePublished\":\"2016-01-22T18:15:21+01:00\",\"dateModified\":\"2016-01-22T18:15:21+01:00\"},{\"@type\":\"WebSite\",\"@id\":\"https:\\\/\\\/eldigitaldeasturias.com\\\/magazine365\\\/#website\",\"url\":\"https:\\\/\\\/eldigitaldeasturias.com\\\/magazine365\\\/\",\"name\":\"El Digital de Asturias\",\"description\":\"Revista de ocio, turismo y estilo de vida\",\"inLanguage\":\"es-ES\",\"publisher\":{\"@id\":\"https:\\\/\\\/eldigitaldeasturias.com\\\/magazine365\\\/#organization\"}}]}\n\t\t<\/script>\n\t\t<!-- All in One SEO Pro -->\r\n\t\t<title>\u2018El jard\u00edn de Elena\u2019 une los jardines bot\u00e1nicos de C\u00f3rdoba y M\u00e1laga con las obras del Thyssen | El Digital de Asturias<\/title>\n\n","aioseo_head_json":{"title":"\u2018El jard\u00edn de Elena\u2019 une los jardines bot\u00e1nicos de C\u00f3rdoba y M\u00e1laga con las obras del Thyssen | El Digital de Asturias","description":"La Fundaci\u00f3n Descubre, el Real Jard\u00edn Bot\u00e1nico cordob\u00e9s, el Jard\u00edn Bot\u00e1nico-Hist\u00f3rico de La Concepci\u00f3n y la pinacoteca malague\u00f1a Thyssen han presentado, en la Feria Internacional de Turismo (Fitur), 'El jard\u00edn de Elena', un recorrido que combina una modalidad presencial y otra virtual para destacar las asociaciones entre las especies vegetales y las pinturas y presentar","canonical_url":"https:\/\/eldigitaldeasturias.com\/magazine365\/el-jardin-de-elena-une-los-jardines-botanicos-de-cordoba-y-malaga-con-las-obras-del-thyssen\/","robots":"max-image-preview:large","keywords":"noticias y actualidad","webmasterTools":{"google-site-verification":"UA-38556648-1","miscellaneous":""},"schema":{"@context":"https:\/\/schema.org","@graph":[{"@type":"Article","@id":"https:\/\/eldigitaldeasturias.com\/magazine365\/el-jardin-de-elena-une-los-jardines-botanicos-de-cordoba-y-malaga-con-las-obras-del-thyssen\/#article","name":"\u2018El jard\u00edn de Elena\u2019 une los jardines bot\u00e1nicos de C\u00f3rdoba y M\u00e1laga con las obras del Thyssen | El Digital de Asturias","headline":"&#8216;El jard\u00edn de Elena&#8217; une los jardines bot\u00e1nicos de C\u00f3rdoba y M\u00e1laga con las obras del Thyssen","author":{"@id":"https:\/\/eldigitaldeasturias.com\/magazine365\/author\/admin\/#author"},"publisher":{"@id":"https:\/\/eldigitaldeasturias.com\/magazine365\/#organization"},"image":{"@type":"ImageObject","url":"https:\/\/eldigitaldeasturias.com\/magazine365\/wp-content\/uploads\/2016\/01\/fotonoticia_20160120185124_800.jpg","width":800,"height":533},"datePublished":"2016-01-22T18:15:21+01:00","dateModified":"2016-01-22T18:15:21+01:00","inLanguage":"es-ES","mainEntityOfPage":{"@id":"https:\/\/eldigitaldeasturias.com\/magazine365\/el-jardin-de-elena-une-los-jardines-botanicos-de-cordoba-y-malaga-con-las-obras-del-thyssen\/#webpage"},"isPartOf":{"@id":"https:\/\/eldigitaldeasturias.com\/magazine365\/el-jardin-de-elena-une-los-jardines-botanicos-de-cordoba-y-malaga-con-las-obras-del-thyssen\/#webpage"},"articleSection":"Noticias y Actualidad"},{"@type":"BreadcrumbList","@id":"https:\/\/eldigitaldeasturias.com\/magazine365\/el-jardin-de-elena-une-los-jardines-botanicos-de-cordoba-y-malaga-con-las-obras-del-thyssen\/#breadcrumblist","itemListElement":[{"@type":"ListItem","@id":"https:\/\/eldigitaldeasturias.com\/magazine365#listItem","position":1,"name":"Home","item":"https:\/\/eldigitaldeasturias.com\/magazine365","nextItem":{"@type":"ListItem","@id":"https:\/\/eldigitaldeasturias.com\/magazine365\/category\/noticias-actualidad\/#listItem","name":"Noticias y Actualidad"}},{"@type":"ListItem","@id":"https:\/\/eldigitaldeasturias.com\/magazine365\/category\/noticias-actualidad\/#listItem","position":2,"name":"Noticias y Actualidad","item":"https:\/\/eldigitaldeasturias.com\/magazine365\/category\/noticias-actualidad\/","nextItem":{"@type":"ListItem","@id":"https:\/\/eldigitaldeasturias.com\/magazine365\/el-jardin-de-elena-une-los-jardines-botanicos-de-cordoba-y-malaga-con-las-obras-del-thyssen\/#listItem","name":"&#8216;El jard\u00edn de Elena&#8217; une los jardines bot\u00e1nicos de C\u00f3rdoba y M\u00e1laga con las obras del Thyssen"},"previousItem":{"@type":"ListItem","@id":"https:\/\/eldigitaldeasturias.com\/magazine365#listItem","name":"Home"}},{"@type":"ListItem","@id":"https:\/\/eldigitaldeasturias.com\/magazine365\/el-jardin-de-elena-une-los-jardines-botanicos-de-cordoba-y-malaga-con-las-obras-del-thyssen\/#listItem","position":3,"name":"&#8216;El jard\u00edn de Elena&#8217; une los jardines bot\u00e1nicos de C\u00f3rdoba y M\u00e1laga con las obras del Thyssen","previousItem":{"@type":"ListItem","@id":"https:\/\/eldigitaldeasturias.com\/magazine365\/category\/noticias-actualidad\/#listItem","name":"Noticias y Actualidad"}}]},{"@type":"Organization","@id":"https:\/\/eldigitaldeasturias.com\/magazine365\/#organization","name":"El digital de Asturias","description":"Revista de ocio, turismo y estilo de vida","url":"https:\/\/eldigitaldeasturias.com\/magazine365\/","logo":{"@type":"ImageObject","url":"https:\/\/www.eldigitaldeasturias.com\/noticias\/wp-content\/uploads\/2020\/12\/EDA.jpg","@id":"https:\/\/eldigitaldeasturias.com\/magazine365\/el-jardin-de-elena-une-los-jardines-botanicos-de-cordoba-y-malaga-con-las-obras-del-thyssen\/#organizationLogo"},"image":{"@id":"https:\/\/eldigitaldeasturias.com\/magazine365\/el-jardin-de-elena-une-los-jardines-botanicos-de-cordoba-y-malaga-con-las-obras-del-thyssen\/#organizationLogo"}},{"@type":"Person","@id":"https:\/\/eldigitaldeasturias.com\/magazine365\/author\/admin\/#author","url":"https:\/\/eldigitaldeasturias.com\/magazine365\/author\/admin\/","name":"admin","image":{"@type":"ImageObject","@id":"https:\/\/eldigitaldeasturias.com\/magazine365\/el-jardin-de-elena-une-los-jardines-botanicos-de-cordoba-y-malaga-con-las-obras-del-thyssen\/#authorImage","url":"https:\/\/eldigitaldeasturias.com\/magazine365\/wp-content\/litespeed\/avatar\/e571bcf59a0edd6fa6838245a470f2fe.jpg?ver=1776969259","width":96,"height":96,"caption":"admin"}},{"@type":"WebPage","@id":"https:\/\/eldigitaldeasturias.com\/magazine365\/el-jardin-de-elena-une-los-jardines-botanicos-de-cordoba-y-malaga-con-las-obras-del-thyssen\/#webpage","url":"https:\/\/eldigitaldeasturias.com\/magazine365\/el-jardin-de-elena-une-los-jardines-botanicos-de-cordoba-y-malaga-con-las-obras-del-thyssen\/","name":"\u2018El jard\u00edn de Elena\u2019 une los jardines bot\u00e1nicos de C\u00f3rdoba y M\u00e1laga con las obras del Thyssen | El Digital de Asturias","description":"La Fundaci\u00f3n Descubre, el Real Jard\u00edn Bot\u00e1nico cordob\u00e9s, el Jard\u00edn Bot\u00e1nico-Hist\u00f3rico de La Concepci\u00f3n y la pinacoteca malague\u00f1a Thyssen han presentado, en la Feria Internacional de Turismo (Fitur), 'El jard\u00edn de Elena', un recorrido que combina una modalidad presencial y otra virtual para destacar las asociaciones entre las especies vegetales y las pinturas y presentar","inLanguage":"es-ES","isPartOf":{"@id":"https:\/\/eldigitaldeasturias.com\/magazine365\/#website"},"breadcrumb":{"@id":"https:\/\/eldigitaldeasturias.com\/magazine365\/el-jardin-de-elena-une-los-jardines-botanicos-de-cordoba-y-malaga-con-las-obras-del-thyssen\/#breadcrumblist"},"author":{"@id":"https:\/\/eldigitaldeasturias.com\/magazine365\/author\/admin\/#author"},"creator":{"@id":"https:\/\/eldigitaldeasturias.com\/magazine365\/author\/admin\/#author"},"image":{"@type":"ImageObject","url":"https:\/\/eldigitaldeasturias.com\/magazine365\/wp-content\/uploads\/2016\/01\/fotonoticia_20160120185124_800.jpg","@id":"https:\/\/eldigitaldeasturias.com\/magazine365\/el-jardin-de-elena-une-los-jardines-botanicos-de-cordoba-y-malaga-con-las-obras-del-thyssen\/#mainImage","width":800,"height":533},"primaryImageOfPage":{"@id":"https:\/\/eldigitaldeasturias.com\/magazine365\/el-jardin-de-elena-une-los-jardines-botanicos-de-cordoba-y-malaga-con-las-obras-del-thyssen\/#mainImage"},"datePublished":"2016-01-22T18:15:21+01:00","dateModified":"2016-01-22T18:15:21+01:00"},{"@type":"WebSite","@id":"https:\/\/eldigitaldeasturias.com\/magazine365\/#website","url":"https:\/\/eldigitaldeasturias.com\/magazine365\/","name":"El Digital de Asturias","description":"Revista de ocio, turismo y estilo de vida","inLanguage":"es-ES","publisher":{"@id":"https:\/\/eldigitaldeasturias.com\/magazine365\/#organization"}}]},"og:locale":"es_ES","og:site_name":"El Digital de Asturias \u2013 Revista de ocio, turismo y estilo de vida","og:type":"article","og:title":"\u2018El jard\u00edn de Elena\u2019 une los jardines bot\u00e1nicos de C\u00f3rdoba y M\u00e1laga con las obras del Thyssen | El Digital de Asturias","og:description":"La Fundaci\u00f3n Descubre, el Real Jard\u00edn Bot\u00e1nico cordob\u00e9s, el Jard\u00edn Bot\u00e1nico-Hist\u00f3rico de La Concepci\u00f3n y la pinacoteca malague\u00f1a Thyssen han presentado, en la Feria Internacional de Turismo (Fitur), 'El jard\u00edn de Elena', un recorrido que combina una modalidad presencial y otra virtual para destacar las asociaciones entre las especies vegetales y las pinturas y presentar","og:url":"https:\/\/eldigitaldeasturias.com\/magazine365\/el-jardin-de-elena-une-los-jardines-botanicos-de-cordoba-y-malaga-con-las-obras-del-thyssen\/","og:image":"https:\/\/eldigitaldeasturias.com\/magazine365\/wp-content\/uploads\/2016\/01\/fotonoticia_20160120185124_800.jpg","og:image:secure_url":"https:\/\/eldigitaldeasturias.com\/magazine365\/wp-content\/uploads\/2016\/01\/fotonoticia_20160120185124_800.jpg","og:image:width":800,"og:image:height":533,"article:published_time":"2016-01-22T17:15:21+00:00","article:modified_time":"2016-01-22T17:15:21+00:00","twitter:card":"summary_large_image","twitter:title":"\u2018El jard\u00edn de Elena\u2019 une los jardines bot\u00e1nicos de C\u00f3rdoba y M\u00e1laga con las obras del Thyssen | El Digital de Asturias","twitter:description":"La Fundaci\u00f3n Descubre, el Real Jard\u00edn Bot\u00e1nico cordob\u00e9s, el Jard\u00edn Bot\u00e1nico-Hist\u00f3rico de La Concepci\u00f3n y la pinacoteca malague\u00f1a Thyssen han presentado, en la Feria Internacional de Turismo (Fitur), 'El jard\u00edn de Elena', un recorrido que combina una modalidad presencial y otra virtual para destacar las asociaciones entre las especies vegetales y las pinturas y presentar","twitter:image":"https:\/\/eldigitaldeasturias.com\/magazine365\/wp-content\/uploads\/2016\/01\/fotonoticia_20160120185124_800.jpg"},"aioseo_meta_data":{"post_id":"61478","title":null,"description":null,"keywords":null,"keyphrases":null,"primary_term":null,"canonical_url":null,"og_title":null,"og_description":null,"og_object_type":"default","og_image_type":"default","og_image_url":null,"og_image_width":null,"og_image_height":null,"og_image_custom_url":null,"og_image_custom_fields":null,"og_video":null,"og_custom_url":null,"og_article_section":null,"og_article_tags":null,"twitter_use_og":false,"twitter_card":"default","twitter_image_type":"default","twitter_image_url":null,"twitter_image_custom_url":null,"twitter_image_custom_fields":null,"twitter_title":null,"twitter_description":null,"schema":{"blockGraphs":[],"customGraphs":[],"default":{"data":{"Article":[],"Course":[],"Dataset":[],"FAQPage":[],"Movie":[],"Person":[],"Product":[],"ProductReview":[],"Car":[],"Recipe":[],"Service":[],"SoftwareApplication":[],"WebPage":[]},"graphName":"","isEnabled":true},"graphs":[],"defaultGraph":"","defaultPostTypeGraph":""},"schema_type":null,"schema_type_options":null,"pillar_content":false,"robots_default":true,"robots_noindex":false,"robots_noarchive":false,"robots_nosnippet":false,"robots_nofollow":false,"robots_noimageindex":false,"robots_noodp":false,"robots_notranslate":false,"robots_max_snippet":null,"robots_max_videopreview":null,"robots_max_imagepreview":"large","priority":null,"frequency":null,"location":null,"local_seo":null,"seo_analyzer_scan_date":"2025-09-25 09:03:40","breadcrumb_settings":null,"limit_modified_date":false,"open_ai":null,"ai":null,"created":"2021-03-08 21:48:44","updated":"2025-09-25 09:03:40"},"aioseo_breadcrumb":"<div class=\"aioseo-breadcrumbs\"><span class=\"aioseo-breadcrumb\">\n\t<a href=\"https:\/\/eldigitaldeasturias.com\/magazine365\" title=\"Home\">Home<\/a>\n<\/span><span class=\"aioseo-breadcrumb-separator\">\u2013<\/span><span class=\"aioseo-breadcrumb\">\n\t<a href=\"https:\/\/eldigitaldeasturias.com\/magazine365\/category\/noticias-actualidad\/\" title=\"Noticias y Actualidad\">Noticias y Actualidad<\/a>\n<\/span><span class=\"aioseo-breadcrumb-separator\">\u2013<\/span><span class=\"aioseo-breadcrumb\">\n\t<a href=\"https:\/\/eldigitaldeasturias.com\/magazine365\/el-jardin-de-elena-une-los-jardines-botanicos-de-cordoba-y-malaga-con-las-obras-del-thyssen\/\" title=\"\u2018El jard\u00edn de Elena\u2019 une los jardines bot\u00e1nicos de C\u00f3rdoba y M\u00e1laga con las obras del Thyssen\">\u2018El jard\u00edn de Elena\u2019 une los jardines bot\u00e1nicos de C\u00f3rdoba y M\u00e1laga con las obras del Thyssen<\/a>\n<\/span><\/div>","aioseo_breadcrumb_json":[{"label":"Home","link":"https:\/\/eldigitaldeasturias.com\/magazine365"},{"label":"Noticias y Actualidad","link":"https:\/\/eldigitaldeasturias.com\/magazine365\/category\/noticias-actualidad\/"},{"label":"&#8216;El jard\u00edn de Elena&#8217; une los jardines bot\u00e1nicos de C\u00f3rdoba y M\u00e1laga con las obras del Thyssen","link":"https:\/\/eldigitaldeasturias.com\/magazine365\/el-jardin-de-elena-une-los-jardines-botanicos-de-cordoba-y-malaga-con-las-obras-del-thyssen\/"}],"_links":{"self":[{"href":"https:\/\/eldigitaldeasturias.com\/magazine365\/wp-json\/wp\/v2\/posts\/61478","targetHints":{"allow":["GET"]}}],"collection":[{"href":"https:\/\/eldigitaldeasturias.com\/magazine365\/wp-json\/wp\/v2\/posts"}],"about":[{"href":"https:\/\/eldigitaldeasturias.com\/magazine365\/wp-json\/wp\/v2\/types\/post"}],"author":[{"embeddable":true,"href":"https:\/\/eldigitaldeasturias.com\/magazine365\/wp-json\/wp\/v2\/users\/1"}],"replies":[{"embeddable":true,"href":"https:\/\/eldigitaldeasturias.com\/magazine365\/wp-json\/wp\/v2\/comments?post=61478"}],"version-history":[{"count":0,"href":"https:\/\/eldigitaldeasturias.com\/magazine365\/wp-json\/wp\/v2\/posts\/61478\/revisions"}],"wp:featuredmedia":[{"embeddable":true,"href":"https:\/\/eldigitaldeasturias.com\/magazine365\/wp-json\/wp\/v2\/media\/61479"}],"wp:attachment":[{"href":"https:\/\/eldigitaldeasturias.com\/magazine365\/wp-json\/wp\/v2\/media?parent=61478"}],"wp:term":[{"taxonomy":"category","embeddable":true,"href":"https:\/\/eldigitaldeasturias.com\/magazine365\/wp-json\/wp\/v2\/categories?post=61478"},{"taxonomy":"post_tag","embeddable":true,"href":"https:\/\/eldigitaldeasturias.com\/magazine365\/wp-json\/wp\/v2\/tags?post=61478"}],"curies":[{"name":"wp","href":"https:\/\/api.w.org\/{rel}","templated":true}]}}