{"id":61472,"date":"2016-01-22T18:12:24","date_gmt":"2016-01-22T17:12:24","guid":{"rendered":"http:\/\/eldigitaldeasturias.com\/magazine365\/?p=61472"},"modified":"2016-01-22T18:12:24","modified_gmt":"2016-01-22T17:12:24","slug":"el-gobierno-de-tunez-confia-en-que-riu-vuelva-a-operar-en-el-pais","status":"publish","type":"post","link":"https:\/\/eldigitaldeasturias.com\/magazine365\/el-gobierno-de-tunez-confia-en-que-riu-vuelva-a-operar-en-el-pais\/","title":{"rendered":"El Gobierno de T\u00fanez conf\u00eda en que RIU vuelva a operar en el pa\u00eds"},"content":{"rendered":"<p><img fetchpriority=\"high\" decoding=\"async\" class=\"alignleft size-medium wp-image-61473\" src=\"https:\/\/eldigitaldeasturias.com\/magazine365\/wp-content\/uploads\/2016\/01\/fotonoticia_20160120184821_800-360x239.jpg\" alt=\"fotonoticia_20160120184821_800\" width=\"360\" height=\"239\" srcset=\"https:\/\/eldigitaldeasturias.com\/magazine365\/wp-content\/uploads\/2016\/01\/fotonoticia_20160120184821_800-360x239.jpg 360w, https:\/\/eldigitaldeasturias.com\/magazine365\/wp-content\/uploads\/2016\/01\/fotonoticia_20160120184821_800-650x431.jpg 650w, https:\/\/eldigitaldeasturias.com\/magazine365\/wp-content\/uploads\/2016\/01\/fotonoticia_20160120184821_800-768x510.jpg 768w, https:\/\/eldigitaldeasturias.com\/magazine365\/wp-content\/uploads\/2016\/01\/fotonoticia_20160120184821_800-150x100.jpg 150w, https:\/\/eldigitaldeasturias.com\/magazine365\/wp-content\/uploads\/2016\/01\/fotonoticia_20160120184821_800-450x299.jpg 450w, https:\/\/eldigitaldeasturias.com\/magazine365\/wp-content\/uploads\/2016\/01\/fotonoticia_20160120184821_800-696x462.jpg 696w, https:\/\/eldigitaldeasturias.com\/magazine365\/wp-content\/uploads\/2016\/01\/fotonoticia_20160120184821_800-633x420.jpg 633w, https:\/\/eldigitaldeasturias.com\/magazine365\/wp-content\/uploads\/2016\/01\/fotonoticia_20160120184821_800-121x79.jpg 121w, https:\/\/eldigitaldeasturias.com\/magazine365\/wp-content\/uploads\/2016\/01\/fotonoticia_20160120184821_800-101x66.jpg 101w, https:\/\/eldigitaldeasturias.com\/magazine365\/wp-content\/uploads\/2016\/01\/fotonoticia_20160120184821_800.jpg 800w\" sizes=\"(max-width: 360px) 100vw, 360px\" \/>El director general de la Oficina Nacional de Turismo de T\u00fanez, Abdellatif Hamam, ha asegurado este mi\u00e9rcoles que ha hablado con la consejera delegada de Riu Hotels &amp; Resorts, Carmen Riu, y que conf\u00eda en que los asesores de la empresa \u00abvean que se cumplen las condiciones necesarias\u00bb para que RIU vuelva a confiar en T\u00fanez.<\/p>\n<p>\u00abLa decisi\u00f3n de salir de T\u00fanez fue tomada por los asesores de la cadena Riu en materia de seguridad, pero Carmen me ha dicho que tomar\u00e1 la decisi\u00f3n de volver a T\u00fanez en cuanto vean que se cumplen las condiciones necesarias\u00bb, ha afirmado Hamam.<\/p>\n<p>El responsable tunecino tambi\u00e9n ha explicado que la consejera delegada de la cadena hotelera aprecia T\u00fanez como destino tur\u00edstico pero que \u00abla situaci\u00f3n del pa\u00eds despu\u00e9s del atentado en Susa no animaba a que se mantuviera la situaci\u00f3n previa\u00bb.<\/p>\n<p>Tambi\u00e9n ha recalcado que hay otras empresas hoteleras que, tras el atentado de Susa del pasado mes de junio, decidieron seguir operando en el pa\u00eds como Iberostar o Vincci Hoteles. \u00abEstamos en constante contacto con ambos para que todos podamos acelerar lo m\u00e1s posible el ritmo de reservas en los hoteles de T\u00fanez\u00bb, ha indicado Haman.<\/p>\n<p>RIU ha dejado de operar este mes de enero los 10 hoteles que gestionaba en T\u00fanez donde, a trav\u00e9s de Riu Hotels &amp; Resorts, estaba presente desde el a\u00f1o 1999, con 3.586 habitaciones, siendo hasta ahora la cadena espa\u00f1ola con m\u00e1s presencia en el pa\u00eds.<\/p>\n<p>Por contra, el grupo mallorqu\u00edn ha anunciado hoy su desembarco en el mercado asi\u00e1tico este a\u00f1o, un proyecto que llevaba m\u00e1s de una d\u00e9cada entre sus prioridades, con un hotel en Sri Lanka que abrir\u00e1 sus puertas en julio, de nueva construcci\u00f3n y de cinco estrellas, con 500 habitaciones.<\/p>\n<p>Adem\u00e1s, abrir\u00e1 otros tres establecimientos en la Rep\u00fablica Dominicana, y el &#8216;Riu Reggae&#8217; en Jamaica, adem\u00e1s del proyecto urbano de la marca Riu Plaza en Nueva York.<\/p>\n","protected":false},"excerpt":{"rendered":"<p>El director general de la Oficina Nacional de Turismo de T\u00fanez, Abdellatif Hamam, ha asegurado este mi\u00e9rcoles que ha hablado con la consejera delegada de Riu Hotels &amp; Resorts, Carmen Riu, y que conf\u00eda en que los asesores de la empresa \u00abvean que se cumplen las condiciones necesarias\u00bb para que RIU vuelva a confiar en<\/p>\n","protected":false},"author":1,"featured_media":61473,"comment_status":"open","ping_status":"closed","sticky":false,"template":"","format":"standard","meta":{"footnotes":""},"categories":[224],"tags":[],"class_list":{"0":"post-61472","1":"post","2":"type-post","3":"status-publish","4":"format-standard","5":"has-post-thumbnail","7":"category-noticias-actualidad"},"aioseo_notices":[],"aioseo_head":"\n\t\t<!-- All in One SEO Pro 4.9.6.1 - aioseo.com -->\n\t<meta name=\"description\" content=\"El director general de la Oficina Nacional de Turismo de T\u00fanez, Abdellatif Hamam, ha asegurado este mi\u00e9rcoles que ha hablado con la consejera delegada de Riu Hotels &amp; Resorts, Carmen Riu, y que conf\u00eda en que los asesores de la empresa &quot;vean que se cumplen las condiciones necesarias&quot; para que RIU vuelva a confiar en\" \/>\n\t<meta name=\"robots\" content=\"max-image-preview:large\" \/>\n\t<meta name=\"author\" content=\"admin\"\/>\n\t<meta name=\"google-site-verification\" content=\"UA-38556648-1\" \/>\n\t<meta name=\"keywords\" content=\"noticias y actualidad\" \/>\n\t<link rel=\"canonical\" href=\"https:\/\/eldigitaldeasturias.com\/magazine365\/el-gobierno-de-tunez-confia-en-que-riu-vuelva-a-operar-en-el-pais\/\" \/>\n\t<meta name=\"generator\" content=\"All in One SEO Pro (AIOSEO) 4.9.6.1\" \/>\n\t\t<meta property=\"og:locale\" content=\"es_ES\" \/>\n\t\t<meta property=\"og:site_name\" content=\"El Digital de Asturias \u2013 Revista de ocio, turismo y estilo de vida\" \/>\n\t\t<meta property=\"og:type\" content=\"article\" \/>\n\t\t<meta property=\"og:title\" content=\"El Gobierno de T\u00fanez conf\u00eda en que RIU vuelva a operar en el pa\u00eds | El Digital de Asturias\" \/>\n\t\t<meta property=\"og:description\" content=\"El director general de la Oficina Nacional de Turismo de T\u00fanez, Abdellatif Hamam, ha asegurado este mi\u00e9rcoles que ha hablado con la consejera delegada de Riu Hotels &amp; Resorts, Carmen Riu, y que conf\u00eda en que los asesores de la empresa &quot;vean que se cumplen las condiciones necesarias&quot; para que RIU vuelva a confiar en\" \/>\n\t\t<meta property=\"og:url\" content=\"https:\/\/eldigitaldeasturias.com\/magazine365\/el-gobierno-de-tunez-confia-en-que-riu-vuelva-a-operar-en-el-pais\/\" \/>\n\t\t<meta property=\"og:image\" content=\"https:\/\/eldigitaldeasturias.com\/magazine365\/wp-content\/uploads\/2016\/01\/fotonoticia_20160120184821_800.jpg\" \/>\n\t\t<meta property=\"og:image:secure_url\" content=\"https:\/\/eldigitaldeasturias.com\/magazine365\/wp-content\/uploads\/2016\/01\/fotonoticia_20160120184821_800.jpg\" \/>\n\t\t<meta property=\"og:image:width\" content=\"800\" \/>\n\t\t<meta property=\"og:image:height\" content=\"531\" \/>\n\t\t<meta property=\"article:published_time\" content=\"2016-01-22T17:12:24+00:00\" \/>\n\t\t<meta property=\"article:modified_time\" content=\"2016-01-22T17:12:24+00:00\" \/>\n\t\t<meta name=\"twitter:card\" content=\"summary_large_image\" \/>\n\t\t<meta name=\"twitter:title\" content=\"El Gobierno de T\u00fanez conf\u00eda en que RIU vuelva a operar en el pa\u00eds | El Digital de Asturias\" \/>\n\t\t<meta name=\"twitter:description\" content=\"El director general de la Oficina Nacional de Turismo de T\u00fanez, Abdellatif Hamam, ha asegurado este mi\u00e9rcoles que ha hablado con la consejera delegada de Riu Hotels &amp; Resorts, Carmen Riu, y que conf\u00eda en que los asesores de la empresa &quot;vean que se cumplen las condiciones necesarias&quot; para que RIU vuelva a confiar en\" \/>\n\t\t<meta name=\"twitter:image\" content=\"https:\/\/eldigitaldeasturias.com\/magazine365\/wp-content\/uploads\/2016\/01\/fotonoticia_20160120184821_800.jpg\" \/>\n\t\t<script type=\"application\/ld+json\" class=\"aioseo-schema\">\n\t\t\t{\"@context\":\"https:\\\/\\\/schema.org\",\"@graph\":[{\"@type\":\"Article\",\"@id\":\"https:\\\/\\\/eldigitaldeasturias.com\\\/magazine365\\\/el-gobierno-de-tunez-confia-en-que-riu-vuelva-a-operar-en-el-pais\\\/#article\",\"name\":\"El Gobierno de T\\u00fanez conf\\u00eda en que RIU vuelva a operar en el pa\\u00eds | El Digital de Asturias\",\"headline\":\"El Gobierno de T\\u00fanez conf\\u00eda en que RIU vuelva a operar en el pa\\u00eds\",\"author\":{\"@id\":\"https:\\\/\\\/eldigitaldeasturias.com\\\/magazine365\\\/author\\\/admin\\\/#author\"},\"publisher\":{\"@id\":\"https:\\\/\\\/eldigitaldeasturias.com\\\/magazine365\\\/#organization\"},\"image\":{\"@type\":\"ImageObject\",\"url\":\"https:\\\/\\\/eldigitaldeasturias.com\\\/magazine365\\\/wp-content\\\/uploads\\\/2016\\\/01\\\/fotonoticia_20160120184821_800.jpg\",\"width\":800,\"height\":531},\"datePublished\":\"2016-01-22T18:12:24+01:00\",\"dateModified\":\"2016-01-22T18:12:24+01:00\",\"inLanguage\":\"es-ES\",\"mainEntityOfPage\":{\"@id\":\"https:\\\/\\\/eldigitaldeasturias.com\\\/magazine365\\\/el-gobierno-de-tunez-confia-en-que-riu-vuelva-a-operar-en-el-pais\\\/#webpage\"},\"isPartOf\":{\"@id\":\"https:\\\/\\\/eldigitaldeasturias.com\\\/magazine365\\\/el-gobierno-de-tunez-confia-en-que-riu-vuelva-a-operar-en-el-pais\\\/#webpage\"},\"articleSection\":\"Noticias y Actualidad\"},{\"@type\":\"BreadcrumbList\",\"@id\":\"https:\\\/\\\/eldigitaldeasturias.com\\\/magazine365\\\/el-gobierno-de-tunez-confia-en-que-riu-vuelva-a-operar-en-el-pais\\\/#breadcrumblist\",\"itemListElement\":[{\"@type\":\"ListItem\",\"@id\":\"https:\\\/\\\/eldigitaldeasturias.com\\\/magazine365#listItem\",\"position\":1,\"name\":\"Home\",\"item\":\"https:\\\/\\\/eldigitaldeasturias.com\\\/magazine365\",\"nextItem\":{\"@type\":\"ListItem\",\"@id\":\"https:\\\/\\\/eldigitaldeasturias.com\\\/magazine365\\\/category\\\/noticias-actualidad\\\/#listItem\",\"name\":\"Noticias y Actualidad\"}},{\"@type\":\"ListItem\",\"@id\":\"https:\\\/\\\/eldigitaldeasturias.com\\\/magazine365\\\/category\\\/noticias-actualidad\\\/#listItem\",\"position\":2,\"name\":\"Noticias y Actualidad\",\"item\":\"https:\\\/\\\/eldigitaldeasturias.com\\\/magazine365\\\/category\\\/noticias-actualidad\\\/\",\"nextItem\":{\"@type\":\"ListItem\",\"@id\":\"https:\\\/\\\/eldigitaldeasturias.com\\\/magazine365\\\/el-gobierno-de-tunez-confia-en-que-riu-vuelva-a-operar-en-el-pais\\\/#listItem\",\"name\":\"El Gobierno de T\\u00fanez conf\\u00eda en que RIU vuelva a operar en el pa\\u00eds\"},\"previousItem\":{\"@type\":\"ListItem\",\"@id\":\"https:\\\/\\\/eldigitaldeasturias.com\\\/magazine365#listItem\",\"name\":\"Home\"}},{\"@type\":\"ListItem\",\"@id\":\"https:\\\/\\\/eldigitaldeasturias.com\\\/magazine365\\\/el-gobierno-de-tunez-confia-en-que-riu-vuelva-a-operar-en-el-pais\\\/#listItem\",\"position\":3,\"name\":\"El Gobierno de T\\u00fanez conf\\u00eda en que RIU vuelva a operar en el pa\\u00eds\",\"previousItem\":{\"@type\":\"ListItem\",\"@id\":\"https:\\\/\\\/eldigitaldeasturias.com\\\/magazine365\\\/category\\\/noticias-actualidad\\\/#listItem\",\"name\":\"Noticias y Actualidad\"}}]},{\"@type\":\"Organization\",\"@id\":\"https:\\\/\\\/eldigitaldeasturias.com\\\/magazine365\\\/#organization\",\"name\":\"El digital de Asturias\",\"description\":\"Revista de ocio, turismo y estilo de vida\",\"url\":\"https:\\\/\\\/eldigitaldeasturias.com\\\/magazine365\\\/\",\"logo\":{\"@type\":\"ImageObject\",\"url\":\"https:\\\/\\\/www.eldigitaldeasturias.com\\\/noticias\\\/wp-content\\\/uploads\\\/2020\\\/12\\\/EDA.jpg\",\"@id\":\"https:\\\/\\\/eldigitaldeasturias.com\\\/magazine365\\\/el-gobierno-de-tunez-confia-en-que-riu-vuelva-a-operar-en-el-pais\\\/#organizationLogo\"},\"image\":{\"@id\":\"https:\\\/\\\/eldigitaldeasturias.com\\\/magazine365\\\/el-gobierno-de-tunez-confia-en-que-riu-vuelva-a-operar-en-el-pais\\\/#organizationLogo\"}},{\"@type\":\"Person\",\"@id\":\"https:\\\/\\\/eldigitaldeasturias.com\\\/magazine365\\\/author\\\/admin\\\/#author\",\"url\":\"https:\\\/\\\/eldigitaldeasturias.com\\\/magazine365\\\/author\\\/admin\\\/\",\"name\":\"admin\",\"image\":{\"@type\":\"ImageObject\",\"@id\":\"https:\\\/\\\/eldigitaldeasturias.com\\\/magazine365\\\/el-gobierno-de-tunez-confia-en-que-riu-vuelva-a-operar-en-el-pais\\\/#authorImage\",\"url\":\"https:\\\/\\\/eldigitaldeasturias.com\\\/magazine365\\\/wp-content\\\/litespeed\\\/avatar\\\/e571bcf59a0edd6fa6838245a470f2fe.jpg?ver=1776969259\",\"width\":96,\"height\":96,\"caption\":\"admin\"}},{\"@type\":\"WebPage\",\"@id\":\"https:\\\/\\\/eldigitaldeasturias.com\\\/magazine365\\\/el-gobierno-de-tunez-confia-en-que-riu-vuelva-a-operar-en-el-pais\\\/#webpage\",\"url\":\"https:\\\/\\\/eldigitaldeasturias.com\\\/magazine365\\\/el-gobierno-de-tunez-confia-en-que-riu-vuelva-a-operar-en-el-pais\\\/\",\"name\":\"El Gobierno de T\\u00fanez conf\\u00eda en que RIU vuelva a operar en el pa\\u00eds | El Digital de Asturias\",\"description\":\"El director general de la Oficina Nacional de Turismo de T\\u00fanez, Abdellatif Hamam, ha asegurado este mi\\u00e9rcoles que ha hablado con la consejera delegada de Riu Hotels & Resorts, Carmen Riu, y que conf\\u00eda en que los asesores de la empresa \\\"vean que se cumplen las condiciones necesarias\\\" para que RIU vuelva a confiar en\",\"inLanguage\":\"es-ES\",\"isPartOf\":{\"@id\":\"https:\\\/\\\/eldigitaldeasturias.com\\\/magazine365\\\/#website\"},\"breadcrumb\":{\"@id\":\"https:\\\/\\\/eldigitaldeasturias.com\\\/magazine365\\\/el-gobierno-de-tunez-confia-en-que-riu-vuelva-a-operar-en-el-pais\\\/#breadcrumblist\"},\"author\":{\"@id\":\"https:\\\/\\\/eldigitaldeasturias.com\\\/magazine365\\\/author\\\/admin\\\/#author\"},\"creator\":{\"@id\":\"https:\\\/\\\/eldigitaldeasturias.com\\\/magazine365\\\/author\\\/admin\\\/#author\"},\"image\":{\"@type\":\"ImageObject\",\"url\":\"https:\\\/\\\/eldigitaldeasturias.com\\\/magazine365\\\/wp-content\\\/uploads\\\/2016\\\/01\\\/fotonoticia_20160120184821_800.jpg\",\"@id\":\"https:\\\/\\\/eldigitaldeasturias.com\\\/magazine365\\\/el-gobierno-de-tunez-confia-en-que-riu-vuelva-a-operar-en-el-pais\\\/#mainImage\",\"width\":800,\"height\":531},\"primaryImageOfPage\":{\"@id\":\"https:\\\/\\\/eldigitaldeasturias.com\\\/magazine365\\\/el-gobierno-de-tunez-confia-en-que-riu-vuelva-a-operar-en-el-pais\\\/#mainImage\"},\"datePublished\":\"2016-01-22T18:12:24+01:00\",\"dateModified\":\"2016-01-22T18:12:24+01:00\"},{\"@type\":\"WebSite\",\"@id\":\"https:\\\/\\\/eldigitaldeasturias.com\\\/magazine365\\\/#website\",\"url\":\"https:\\\/\\\/eldigitaldeasturias.com\\\/magazine365\\\/\",\"name\":\"El Digital de Asturias\",\"description\":\"Revista de ocio, turismo y estilo de vida\",\"inLanguage\":\"es-ES\",\"publisher\":{\"@id\":\"https:\\\/\\\/eldigitaldeasturias.com\\\/magazine365\\\/#organization\"}}]}\n\t\t<\/script>\n\t\t<!-- All in One SEO Pro -->\r\n\t\t<title>El Gobierno de T\u00fanez conf\u00eda en que RIU vuelva a operar en el pa\u00eds | El Digital de Asturias<\/title>\n\n","aioseo_head_json":{"title":"El Gobierno de T\u00fanez conf\u00eda en que RIU vuelva a operar en el pa\u00eds | El Digital de Asturias","description":"El director general de la Oficina Nacional de Turismo de T\u00fanez, Abdellatif Hamam, ha asegurado este mi\u00e9rcoles que ha hablado con la consejera delegada de Riu Hotels & Resorts, Carmen Riu, y que conf\u00eda en que los asesores de la empresa \"vean que se cumplen las condiciones necesarias\" para que RIU vuelva a confiar en","canonical_url":"https:\/\/eldigitaldeasturias.com\/magazine365\/el-gobierno-de-tunez-confia-en-que-riu-vuelva-a-operar-en-el-pais\/","robots":"max-image-preview:large","keywords":"noticias y actualidad","webmasterTools":{"google-site-verification":"UA-38556648-1","miscellaneous":""},"schema":{"@context":"https:\/\/schema.org","@graph":[{"@type":"Article","@id":"https:\/\/eldigitaldeasturias.com\/magazine365\/el-gobierno-de-tunez-confia-en-que-riu-vuelva-a-operar-en-el-pais\/#article","name":"El Gobierno de T\u00fanez conf\u00eda en que RIU vuelva a operar en el pa\u00eds | El Digital de Asturias","headline":"El Gobierno de T\u00fanez conf\u00eda en que RIU vuelva a operar en el pa\u00eds","author":{"@id":"https:\/\/eldigitaldeasturias.com\/magazine365\/author\/admin\/#author"},"publisher":{"@id":"https:\/\/eldigitaldeasturias.com\/magazine365\/#organization"},"image":{"@type":"ImageObject","url":"https:\/\/eldigitaldeasturias.com\/magazine365\/wp-content\/uploads\/2016\/01\/fotonoticia_20160120184821_800.jpg","width":800,"height":531},"datePublished":"2016-01-22T18:12:24+01:00","dateModified":"2016-01-22T18:12:24+01:00","inLanguage":"es-ES","mainEntityOfPage":{"@id":"https:\/\/eldigitaldeasturias.com\/magazine365\/el-gobierno-de-tunez-confia-en-que-riu-vuelva-a-operar-en-el-pais\/#webpage"},"isPartOf":{"@id":"https:\/\/eldigitaldeasturias.com\/magazine365\/el-gobierno-de-tunez-confia-en-que-riu-vuelva-a-operar-en-el-pais\/#webpage"},"articleSection":"Noticias y Actualidad"},{"@type":"BreadcrumbList","@id":"https:\/\/eldigitaldeasturias.com\/magazine365\/el-gobierno-de-tunez-confia-en-que-riu-vuelva-a-operar-en-el-pais\/#breadcrumblist","itemListElement":[{"@type":"ListItem","@id":"https:\/\/eldigitaldeasturias.com\/magazine365#listItem","position":1,"name":"Home","item":"https:\/\/eldigitaldeasturias.com\/magazine365","nextItem":{"@type":"ListItem","@id":"https:\/\/eldigitaldeasturias.com\/magazine365\/category\/noticias-actualidad\/#listItem","name":"Noticias y Actualidad"}},{"@type":"ListItem","@id":"https:\/\/eldigitaldeasturias.com\/magazine365\/category\/noticias-actualidad\/#listItem","position":2,"name":"Noticias y Actualidad","item":"https:\/\/eldigitaldeasturias.com\/magazine365\/category\/noticias-actualidad\/","nextItem":{"@type":"ListItem","@id":"https:\/\/eldigitaldeasturias.com\/magazine365\/el-gobierno-de-tunez-confia-en-que-riu-vuelva-a-operar-en-el-pais\/#listItem","name":"El Gobierno de T\u00fanez conf\u00eda en que RIU vuelva a operar en el pa\u00eds"},"previousItem":{"@type":"ListItem","@id":"https:\/\/eldigitaldeasturias.com\/magazine365#listItem","name":"Home"}},{"@type":"ListItem","@id":"https:\/\/eldigitaldeasturias.com\/magazine365\/el-gobierno-de-tunez-confia-en-que-riu-vuelva-a-operar-en-el-pais\/#listItem","position":3,"name":"El Gobierno de T\u00fanez conf\u00eda en que RIU vuelva a operar en el pa\u00eds","previousItem":{"@type":"ListItem","@id":"https:\/\/eldigitaldeasturias.com\/magazine365\/category\/noticias-actualidad\/#listItem","name":"Noticias y Actualidad"}}]},{"@type":"Organization","@id":"https:\/\/eldigitaldeasturias.com\/magazine365\/#organization","name":"El digital de Asturias","description":"Revista de ocio, turismo y estilo de vida","url":"https:\/\/eldigitaldeasturias.com\/magazine365\/","logo":{"@type":"ImageObject","url":"https:\/\/www.eldigitaldeasturias.com\/noticias\/wp-content\/uploads\/2020\/12\/EDA.jpg","@id":"https:\/\/eldigitaldeasturias.com\/magazine365\/el-gobierno-de-tunez-confia-en-que-riu-vuelva-a-operar-en-el-pais\/#organizationLogo"},"image":{"@id":"https:\/\/eldigitaldeasturias.com\/magazine365\/el-gobierno-de-tunez-confia-en-que-riu-vuelva-a-operar-en-el-pais\/#organizationLogo"}},{"@type":"Person","@id":"https:\/\/eldigitaldeasturias.com\/magazine365\/author\/admin\/#author","url":"https:\/\/eldigitaldeasturias.com\/magazine365\/author\/admin\/","name":"admin","image":{"@type":"ImageObject","@id":"https:\/\/eldigitaldeasturias.com\/magazine365\/el-gobierno-de-tunez-confia-en-que-riu-vuelva-a-operar-en-el-pais\/#authorImage","url":"https:\/\/eldigitaldeasturias.com\/magazine365\/wp-content\/litespeed\/avatar\/e571bcf59a0edd6fa6838245a470f2fe.jpg?ver=1776969259","width":96,"height":96,"caption":"admin"}},{"@type":"WebPage","@id":"https:\/\/eldigitaldeasturias.com\/magazine365\/el-gobierno-de-tunez-confia-en-que-riu-vuelva-a-operar-en-el-pais\/#webpage","url":"https:\/\/eldigitaldeasturias.com\/magazine365\/el-gobierno-de-tunez-confia-en-que-riu-vuelva-a-operar-en-el-pais\/","name":"El Gobierno de T\u00fanez conf\u00eda en que RIU vuelva a operar en el pa\u00eds | El Digital de Asturias","description":"El director general de la Oficina Nacional de Turismo de T\u00fanez, Abdellatif Hamam, ha asegurado este mi\u00e9rcoles que ha hablado con la consejera delegada de Riu Hotels & Resorts, Carmen Riu, y que conf\u00eda en que los asesores de la empresa \"vean que se cumplen las condiciones necesarias\" para que RIU vuelva a confiar en","inLanguage":"es-ES","isPartOf":{"@id":"https:\/\/eldigitaldeasturias.com\/magazine365\/#website"},"breadcrumb":{"@id":"https:\/\/eldigitaldeasturias.com\/magazine365\/el-gobierno-de-tunez-confia-en-que-riu-vuelva-a-operar-en-el-pais\/#breadcrumblist"},"author":{"@id":"https:\/\/eldigitaldeasturias.com\/magazine365\/author\/admin\/#author"},"creator":{"@id":"https:\/\/eldigitaldeasturias.com\/magazine365\/author\/admin\/#author"},"image":{"@type":"ImageObject","url":"https:\/\/eldigitaldeasturias.com\/magazine365\/wp-content\/uploads\/2016\/01\/fotonoticia_20160120184821_800.jpg","@id":"https:\/\/eldigitaldeasturias.com\/magazine365\/el-gobierno-de-tunez-confia-en-que-riu-vuelva-a-operar-en-el-pais\/#mainImage","width":800,"height":531},"primaryImageOfPage":{"@id":"https:\/\/eldigitaldeasturias.com\/magazine365\/el-gobierno-de-tunez-confia-en-que-riu-vuelva-a-operar-en-el-pais\/#mainImage"},"datePublished":"2016-01-22T18:12:24+01:00","dateModified":"2016-01-22T18:12:24+01:00"},{"@type":"WebSite","@id":"https:\/\/eldigitaldeasturias.com\/magazine365\/#website","url":"https:\/\/eldigitaldeasturias.com\/magazine365\/","name":"El Digital de Asturias","description":"Revista de ocio, turismo y estilo de vida","inLanguage":"es-ES","publisher":{"@id":"https:\/\/eldigitaldeasturias.com\/magazine365\/#organization"}}]},"og:locale":"es_ES","og:site_name":"El Digital de Asturias \u2013 Revista de ocio, turismo y estilo de vida","og:type":"article","og:title":"El Gobierno de T\u00fanez conf\u00eda en que RIU vuelva a operar en el pa\u00eds | El Digital de Asturias","og:description":"El director general de la Oficina Nacional de Turismo de T\u00fanez, Abdellatif Hamam, ha asegurado este mi\u00e9rcoles que ha hablado con la consejera delegada de Riu Hotels &amp; Resorts, Carmen Riu, y que conf\u00eda en que los asesores de la empresa &quot;vean que se cumplen las condiciones necesarias&quot; para que RIU vuelva a confiar en","og:url":"https:\/\/eldigitaldeasturias.com\/magazine365\/el-gobierno-de-tunez-confia-en-que-riu-vuelva-a-operar-en-el-pais\/","og:image":"https:\/\/eldigitaldeasturias.com\/magazine365\/wp-content\/uploads\/2016\/01\/fotonoticia_20160120184821_800.jpg","og:image:secure_url":"https:\/\/eldigitaldeasturias.com\/magazine365\/wp-content\/uploads\/2016\/01\/fotonoticia_20160120184821_800.jpg","og:image:width":800,"og:image:height":531,"article:published_time":"2016-01-22T17:12:24+00:00","article:modified_time":"2016-01-22T17:12:24+00:00","twitter:card":"summary_large_image","twitter:title":"El Gobierno de T\u00fanez conf\u00eda en que RIU vuelva a operar en el pa\u00eds | El Digital de Asturias","twitter:description":"El director general de la Oficina Nacional de Turismo de T\u00fanez, Abdellatif Hamam, ha asegurado este mi\u00e9rcoles que ha hablado con la consejera delegada de Riu Hotels &amp; Resorts, Carmen Riu, y que conf\u00eda en que los asesores de la empresa &quot;vean que se cumplen las condiciones necesarias&quot; para que RIU vuelva a confiar en","twitter:image":"https:\/\/eldigitaldeasturias.com\/magazine365\/wp-content\/uploads\/2016\/01\/fotonoticia_20160120184821_800.jpg"},"aioseo_meta_data":{"post_id":"61472","title":null,"description":null,"keywords":null,"keyphrases":null,"primary_term":null,"canonical_url":null,"og_title":null,"og_description":null,"og_object_type":"default","og_image_type":"default","og_image_url":null,"og_image_width":null,"og_image_height":null,"og_image_custom_url":null,"og_image_custom_fields":null,"og_video":null,"og_custom_url":null,"og_article_section":null,"og_article_tags":null,"twitter_use_og":false,"twitter_card":"default","twitter_image_type":"default","twitter_image_url":null,"twitter_image_custom_url":null,"twitter_image_custom_fields":null,"twitter_title":null,"twitter_description":null,"schema":{"blockGraphs":[],"customGraphs":[],"default":{"data":{"Article":[],"Course":[],"Dataset":[],"FAQPage":[],"Movie":[],"Person":[],"Product":[],"ProductReview":[],"Car":[],"Recipe":[],"Service":[],"SoftwareApplication":[],"WebPage":[]},"graphName":"","isEnabled":true},"graphs":[],"defaultGraph":"","defaultPostTypeGraph":""},"schema_type":null,"schema_type_options":null,"pillar_content":false,"robots_default":true,"robots_noindex":false,"robots_noarchive":false,"robots_nosnippet":false,"robots_nofollow":false,"robots_noimageindex":false,"robots_noodp":false,"robots_notranslate":false,"robots_max_snippet":null,"robots_max_videopreview":null,"robots_max_imagepreview":"large","priority":null,"frequency":null,"location":null,"local_seo":null,"seo_analyzer_scan_date":"2025-09-25 09:03:37","breadcrumb_settings":null,"limit_modified_date":false,"open_ai":null,"ai":null,"created":"2021-03-08 21:48:44","updated":"2025-09-25 09:03:37"},"aioseo_breadcrumb":"<div class=\"aioseo-breadcrumbs\"><span class=\"aioseo-breadcrumb\">\n\t<a href=\"https:\/\/eldigitaldeasturias.com\/magazine365\" title=\"Home\">Home<\/a>\n<\/span><span class=\"aioseo-breadcrumb-separator\">\u2013<\/span><span class=\"aioseo-breadcrumb\">\n\t<a href=\"https:\/\/eldigitaldeasturias.com\/magazine365\/category\/noticias-actualidad\/\" title=\"Noticias y Actualidad\">Noticias y Actualidad<\/a>\n<\/span><span class=\"aioseo-breadcrumb-separator\">\u2013<\/span><span class=\"aioseo-breadcrumb\">\n\t<a href=\"https:\/\/eldigitaldeasturias.com\/magazine365\/el-gobierno-de-tunez-confia-en-que-riu-vuelva-a-operar-en-el-pais\/\" title=\"El Gobierno de T\u00fanez conf\u00eda en que RIU vuelva a operar en el pa\u00eds\">El Gobierno de T\u00fanez conf\u00eda en que RIU vuelva a operar en el pa\u00eds<\/a>\n<\/span><\/div>","aioseo_breadcrumb_json":[{"label":"Home","link":"https:\/\/eldigitaldeasturias.com\/magazine365"},{"label":"Noticias y Actualidad","link":"https:\/\/eldigitaldeasturias.com\/magazine365\/category\/noticias-actualidad\/"},{"label":"El Gobierno de T\u00fanez conf\u00eda en que RIU vuelva a operar en el pa\u00eds","link":"https:\/\/eldigitaldeasturias.com\/magazine365\/el-gobierno-de-tunez-confia-en-que-riu-vuelva-a-operar-en-el-pais\/"}],"_links":{"self":[{"href":"https:\/\/eldigitaldeasturias.com\/magazine365\/wp-json\/wp\/v2\/posts\/61472","targetHints":{"allow":["GET"]}}],"collection":[{"href":"https:\/\/eldigitaldeasturias.com\/magazine365\/wp-json\/wp\/v2\/posts"}],"about":[{"href":"https:\/\/eldigitaldeasturias.com\/magazine365\/wp-json\/wp\/v2\/types\/post"}],"author":[{"embeddable":true,"href":"https:\/\/eldigitaldeasturias.com\/magazine365\/wp-json\/wp\/v2\/users\/1"}],"replies":[{"embeddable":true,"href":"https:\/\/eldigitaldeasturias.com\/magazine365\/wp-json\/wp\/v2\/comments?post=61472"}],"version-history":[{"count":0,"href":"https:\/\/eldigitaldeasturias.com\/magazine365\/wp-json\/wp\/v2\/posts\/61472\/revisions"}],"wp:featuredmedia":[{"embeddable":true,"href":"https:\/\/eldigitaldeasturias.com\/magazine365\/wp-json\/wp\/v2\/media\/61473"}],"wp:attachment":[{"href":"https:\/\/eldigitaldeasturias.com\/magazine365\/wp-json\/wp\/v2\/media?parent=61472"}],"wp:term":[{"taxonomy":"category","embeddable":true,"href":"https:\/\/eldigitaldeasturias.com\/magazine365\/wp-json\/wp\/v2\/categories?post=61472"},{"taxonomy":"post_tag","embeddable":true,"href":"https:\/\/eldigitaldeasturias.com\/magazine365\/wp-json\/wp\/v2\/tags?post=61472"}],"curies":[{"name":"wp","href":"https:\/\/api.w.org\/{rel}","templated":true}]}}