{"id":61466,"date":"2016-01-22T18:10:33","date_gmt":"2016-01-22T17:10:33","guid":{"rendered":"http:\/\/eldigitaldeasturias.com\/magazine365\/?p=61466"},"modified":"2016-01-22T18:10:33","modified_gmt":"2016-01-22T17:10:33","slug":"lufthansa-recibe-su-primer-a320neo","status":"publish","type":"post","link":"https:\/\/eldigitaldeasturias.com\/magazine365\/lufthansa-recibe-su-primer-a320neo\/","title":{"rendered":"Lufthansa recibe su primer A320neo"},"content":{"rendered":"<p><img fetchpriority=\"high\" decoding=\"async\" class=\"alignleft size-medium wp-image-61467\" src=\"https:\/\/eldigitaldeasturias.com\/magazine365\/wp-content\/uploads\/2016\/01\/fotonoticia_20160120183906_800-360x240.jpg\" alt=\"fotonoticia_20160120183906_800\" width=\"360\" height=\"240\" srcset=\"https:\/\/eldigitaldeasturias.com\/magazine365\/wp-content\/uploads\/2016\/01\/fotonoticia_20160120183906_800-360x240.jpg 360w, https:\/\/eldigitaldeasturias.com\/magazine365\/wp-content\/uploads\/2016\/01\/fotonoticia_20160120183906_800-650x433.jpg 650w, https:\/\/eldigitaldeasturias.com\/magazine365\/wp-content\/uploads\/2016\/01\/fotonoticia_20160120183906_800-768x512.jpg 768w, https:\/\/eldigitaldeasturias.com\/magazine365\/wp-content\/uploads\/2016\/01\/fotonoticia_20160120183906_800-150x100.jpg 150w, https:\/\/eldigitaldeasturias.com\/magazine365\/wp-content\/uploads\/2016\/01\/fotonoticia_20160120183906_800-450x300.jpg 450w, https:\/\/eldigitaldeasturias.com\/magazine365\/wp-content\/uploads\/2016\/01\/fotonoticia_20160120183906_800-696x464.jpg 696w, https:\/\/eldigitaldeasturias.com\/magazine365\/wp-content\/uploads\/2016\/01\/fotonoticia_20160120183906_800-630x420.jpg 630w, https:\/\/eldigitaldeasturias.com\/magazine365\/wp-content\/uploads\/2016\/01\/fotonoticia_20160120183906_800-101x66.jpg 101w, https:\/\/eldigitaldeasturias.com\/magazine365\/wp-content\/uploads\/2016\/01\/fotonoticia_20160120183906_800.jpg 800w\" sizes=\"(max-width: 360px) 100vw, 360px\" \/>Lufthansa ha recibido este mi\u00e9rcoles de Airbus su primer A320neo de bajo consumo, unas semanas despu\u00e9s del calendario previsto, un aparato con un 15% menos de consumo de carburante y m\u00e1s eficiente, que la aerol\u00ednea alemana destinar\u00e1 a sus vuelos en Hamburgo y M\u00fanich.<\/p>\n<p>La aerol\u00ednea ha encargado al consorcio europeo un total de 116 aparatos de este nuevo modelo, que cuenta con una capacidad de hasta 180 plazas, tal y como ha recordado el presidente de Lufthansa, Carsten Spohr, qui\u00e9n rese\u00f1o que es la primera compa\u00f1\u00eda a\u00e9rea del mundo en recibir este avi\u00f3n.<\/p>\n<p>\u00abHoy estamos demostrando una vez m\u00e1s que somos pioneros en el desarrollo y la introducci\u00f3n de innovaciones tecnol\u00f3gicas. Solo este a\u00f1o el Lufthansa Group recibir\u00e1 52 nuevos aviones de las aerol\u00edneas del grupo\u00bb, ha subrayado Spohr.<\/p>\n<p>La nueva motorizaci\u00f3n del A320neo permite adem\u00e1s un ahorro del 20% del consumo frente al actual A320 y rebaja en un 50% la emisi\u00f3n de CO2 y ruido comparable.<\/p>\n<p>La familia A320neo cuenta con casi 4.500 \u00f3rdenes pedidos de casi 80 clientes desde su lanzamiento en 2010, con una cuota del 60% del mercado.<\/p>\n","protected":false},"excerpt":{"rendered":"<p>Lufthansa ha recibido este mi\u00e9rcoles de Airbus su primer A320neo de bajo consumo, unas semanas despu\u00e9s del calendario previsto, un aparato con un 15% menos de consumo de carburante y m\u00e1s eficiente, que la aerol\u00ednea alemana destinar\u00e1 a sus vuelos en Hamburgo y M\u00fanich. La aerol\u00ednea ha encargado al consorcio europeo un total de 116<\/p>\n","protected":false},"author":1,"featured_media":61467,"comment_status":"open","ping_status":"closed","sticky":false,"template":"","format":"standard","meta":{"footnotes":""},"categories":[224],"tags":[],"class_list":{"0":"post-61466","1":"post","2":"type-post","3":"status-publish","4":"format-standard","5":"has-post-thumbnail","7":"category-noticias-actualidad"},"aioseo_notices":[],"aioseo_head":"\n\t\t<!-- All in One SEO Pro 4.9.6.1 - aioseo.com -->\n\t<meta name=\"description\" content=\"Lufthansa ha recibido este mi\u00e9rcoles de Airbus su primer A320neo de bajo consumo, unas semanas despu\u00e9s del calendario previsto, un aparato con un 15% menos de consumo de carburante y m\u00e1s eficiente, que la aerol\u00ednea alemana destinar\u00e1 a sus vuelos en Hamburgo y M\u00fanich. La aerol\u00ednea ha encargado al consorcio europeo un total de 116\" \/>\n\t<meta name=\"robots\" content=\"max-image-preview:large\" \/>\n\t<meta name=\"author\" content=\"admin\"\/>\n\t<meta name=\"google-site-verification\" content=\"UA-38556648-1\" \/>\n\t<meta name=\"keywords\" content=\"noticias y actualidad\" \/>\n\t<link rel=\"canonical\" href=\"https:\/\/eldigitaldeasturias.com\/magazine365\/lufthansa-recibe-su-primer-a320neo\/\" \/>\n\t<meta name=\"generator\" content=\"All in One SEO Pro (AIOSEO) 4.9.6.1\" \/>\n\t\t<meta property=\"og:locale\" content=\"es_ES\" \/>\n\t\t<meta property=\"og:site_name\" content=\"El Digital de Asturias \u2013 Revista de ocio, turismo y estilo de vida\" \/>\n\t\t<meta property=\"og:type\" content=\"article\" \/>\n\t\t<meta property=\"og:title\" content=\"Lufthansa recibe su primer A320neo | El Digital de Asturias\" \/>\n\t\t<meta property=\"og:description\" content=\"Lufthansa ha recibido este mi\u00e9rcoles de Airbus su primer A320neo de bajo consumo, unas semanas despu\u00e9s del calendario previsto, un aparato con un 15% menos de consumo de carburante y m\u00e1s eficiente, que la aerol\u00ednea alemana destinar\u00e1 a sus vuelos en Hamburgo y M\u00fanich. La aerol\u00ednea ha encargado al consorcio europeo un total de 116\" \/>\n\t\t<meta property=\"og:url\" content=\"https:\/\/eldigitaldeasturias.com\/magazine365\/lufthansa-recibe-su-primer-a320neo\/\" \/>\n\t\t<meta property=\"og:image\" content=\"https:\/\/eldigitaldeasturias.com\/magazine365\/wp-content\/uploads\/2016\/01\/fotonoticia_20160120183906_800.jpg\" \/>\n\t\t<meta property=\"og:image:secure_url\" content=\"https:\/\/eldigitaldeasturias.com\/magazine365\/wp-content\/uploads\/2016\/01\/fotonoticia_20160120183906_800.jpg\" \/>\n\t\t<meta property=\"og:image:width\" content=\"800\" \/>\n\t\t<meta property=\"og:image:height\" content=\"533\" \/>\n\t\t<meta property=\"article:published_time\" content=\"2016-01-22T17:10:33+00:00\" \/>\n\t\t<meta property=\"article:modified_time\" content=\"2016-01-22T17:10:33+00:00\" \/>\n\t\t<meta name=\"twitter:card\" content=\"summary_large_image\" \/>\n\t\t<meta name=\"twitter:title\" content=\"Lufthansa recibe su primer A320neo | El Digital de Asturias\" \/>\n\t\t<meta name=\"twitter:description\" content=\"Lufthansa ha recibido este mi\u00e9rcoles de Airbus su primer A320neo de bajo consumo, unas semanas despu\u00e9s del calendario previsto, un aparato con un 15% menos de consumo de carburante y m\u00e1s eficiente, que la aerol\u00ednea alemana destinar\u00e1 a sus vuelos en Hamburgo y M\u00fanich. La aerol\u00ednea ha encargado al consorcio europeo un total de 116\" \/>\n\t\t<meta name=\"twitter:image\" content=\"https:\/\/eldigitaldeasturias.com\/magazine365\/wp-content\/uploads\/2016\/01\/fotonoticia_20160120183906_800.jpg\" \/>\n\t\t<script type=\"application\/ld+json\" class=\"aioseo-schema\">\n\t\t\t{\"@context\":\"https:\\\/\\\/schema.org\",\"@graph\":[{\"@type\":\"Article\",\"@id\":\"https:\\\/\\\/eldigitaldeasturias.com\\\/magazine365\\\/lufthansa-recibe-su-primer-a320neo\\\/#article\",\"name\":\"Lufthansa recibe su primer A320neo | El Digital de Asturias\",\"headline\":\"Lufthansa recibe su primer A320neo\",\"author\":{\"@id\":\"https:\\\/\\\/eldigitaldeasturias.com\\\/magazine365\\\/author\\\/admin\\\/#author\"},\"publisher\":{\"@id\":\"https:\\\/\\\/eldigitaldeasturias.com\\\/magazine365\\\/#organization\"},\"image\":{\"@type\":\"ImageObject\",\"url\":\"https:\\\/\\\/eldigitaldeasturias.com\\\/magazine365\\\/wp-content\\\/uploads\\\/2016\\\/01\\\/fotonoticia_20160120183906_800.jpg\",\"width\":800,\"height\":533},\"datePublished\":\"2016-01-22T18:10:33+01:00\",\"dateModified\":\"2016-01-22T18:10:33+01:00\",\"inLanguage\":\"es-ES\",\"mainEntityOfPage\":{\"@id\":\"https:\\\/\\\/eldigitaldeasturias.com\\\/magazine365\\\/lufthansa-recibe-su-primer-a320neo\\\/#webpage\"},\"isPartOf\":{\"@id\":\"https:\\\/\\\/eldigitaldeasturias.com\\\/magazine365\\\/lufthansa-recibe-su-primer-a320neo\\\/#webpage\"},\"articleSection\":\"Noticias y Actualidad\"},{\"@type\":\"BreadcrumbList\",\"@id\":\"https:\\\/\\\/eldigitaldeasturias.com\\\/magazine365\\\/lufthansa-recibe-su-primer-a320neo\\\/#breadcrumblist\",\"itemListElement\":[{\"@type\":\"ListItem\",\"@id\":\"https:\\\/\\\/eldigitaldeasturias.com\\\/magazine365#listItem\",\"position\":1,\"name\":\"Home\",\"item\":\"https:\\\/\\\/eldigitaldeasturias.com\\\/magazine365\",\"nextItem\":{\"@type\":\"ListItem\",\"@id\":\"https:\\\/\\\/eldigitaldeasturias.com\\\/magazine365\\\/category\\\/noticias-actualidad\\\/#listItem\",\"name\":\"Noticias y Actualidad\"}},{\"@type\":\"ListItem\",\"@id\":\"https:\\\/\\\/eldigitaldeasturias.com\\\/magazine365\\\/category\\\/noticias-actualidad\\\/#listItem\",\"position\":2,\"name\":\"Noticias y Actualidad\",\"item\":\"https:\\\/\\\/eldigitaldeasturias.com\\\/magazine365\\\/category\\\/noticias-actualidad\\\/\",\"nextItem\":{\"@type\":\"ListItem\",\"@id\":\"https:\\\/\\\/eldigitaldeasturias.com\\\/magazine365\\\/lufthansa-recibe-su-primer-a320neo\\\/#listItem\",\"name\":\"Lufthansa recibe su primer A320neo\"},\"previousItem\":{\"@type\":\"ListItem\",\"@id\":\"https:\\\/\\\/eldigitaldeasturias.com\\\/magazine365#listItem\",\"name\":\"Home\"}},{\"@type\":\"ListItem\",\"@id\":\"https:\\\/\\\/eldigitaldeasturias.com\\\/magazine365\\\/lufthansa-recibe-su-primer-a320neo\\\/#listItem\",\"position\":3,\"name\":\"Lufthansa recibe su primer A320neo\",\"previousItem\":{\"@type\":\"ListItem\",\"@id\":\"https:\\\/\\\/eldigitaldeasturias.com\\\/magazine365\\\/category\\\/noticias-actualidad\\\/#listItem\",\"name\":\"Noticias y Actualidad\"}}]},{\"@type\":\"Organization\",\"@id\":\"https:\\\/\\\/eldigitaldeasturias.com\\\/magazine365\\\/#organization\",\"name\":\"El digital de Asturias\",\"description\":\"Revista de ocio, turismo y estilo de vida\",\"url\":\"https:\\\/\\\/eldigitaldeasturias.com\\\/magazine365\\\/\",\"logo\":{\"@type\":\"ImageObject\",\"url\":\"https:\\\/\\\/www.eldigitaldeasturias.com\\\/noticias\\\/wp-content\\\/uploads\\\/2020\\\/12\\\/EDA.jpg\",\"@id\":\"https:\\\/\\\/eldigitaldeasturias.com\\\/magazine365\\\/lufthansa-recibe-su-primer-a320neo\\\/#organizationLogo\"},\"image\":{\"@id\":\"https:\\\/\\\/eldigitaldeasturias.com\\\/magazine365\\\/lufthansa-recibe-su-primer-a320neo\\\/#organizationLogo\"}},{\"@type\":\"Person\",\"@id\":\"https:\\\/\\\/eldigitaldeasturias.com\\\/magazine365\\\/author\\\/admin\\\/#author\",\"url\":\"https:\\\/\\\/eldigitaldeasturias.com\\\/magazine365\\\/author\\\/admin\\\/\",\"name\":\"admin\",\"image\":{\"@type\":\"ImageObject\",\"@id\":\"https:\\\/\\\/eldigitaldeasturias.com\\\/magazine365\\\/lufthansa-recibe-su-primer-a320neo\\\/#authorImage\",\"url\":\"https:\\\/\\\/eldigitaldeasturias.com\\\/magazine365\\\/wp-content\\\/litespeed\\\/avatar\\\/e571bcf59a0edd6fa6838245a470f2fe.jpg?ver=1776969259\",\"width\":96,\"height\":96,\"caption\":\"admin\"}},{\"@type\":\"WebPage\",\"@id\":\"https:\\\/\\\/eldigitaldeasturias.com\\\/magazine365\\\/lufthansa-recibe-su-primer-a320neo\\\/#webpage\",\"url\":\"https:\\\/\\\/eldigitaldeasturias.com\\\/magazine365\\\/lufthansa-recibe-su-primer-a320neo\\\/\",\"name\":\"Lufthansa recibe su primer A320neo | El Digital de Asturias\",\"description\":\"Lufthansa ha recibido este mi\\u00e9rcoles de Airbus su primer A320neo de bajo consumo, unas semanas despu\\u00e9s del calendario previsto, un aparato con un 15% menos de consumo de carburante y m\\u00e1s eficiente, que la aerol\\u00ednea alemana destinar\\u00e1 a sus vuelos en Hamburgo y M\\u00fanich. La aerol\\u00ednea ha encargado al consorcio europeo un total de 116\",\"inLanguage\":\"es-ES\",\"isPartOf\":{\"@id\":\"https:\\\/\\\/eldigitaldeasturias.com\\\/magazine365\\\/#website\"},\"breadcrumb\":{\"@id\":\"https:\\\/\\\/eldigitaldeasturias.com\\\/magazine365\\\/lufthansa-recibe-su-primer-a320neo\\\/#breadcrumblist\"},\"author\":{\"@id\":\"https:\\\/\\\/eldigitaldeasturias.com\\\/magazine365\\\/author\\\/admin\\\/#author\"},\"creator\":{\"@id\":\"https:\\\/\\\/eldigitaldeasturias.com\\\/magazine365\\\/author\\\/admin\\\/#author\"},\"image\":{\"@type\":\"ImageObject\",\"url\":\"https:\\\/\\\/eldigitaldeasturias.com\\\/magazine365\\\/wp-content\\\/uploads\\\/2016\\\/01\\\/fotonoticia_20160120183906_800.jpg\",\"@id\":\"https:\\\/\\\/eldigitaldeasturias.com\\\/magazine365\\\/lufthansa-recibe-su-primer-a320neo\\\/#mainImage\",\"width\":800,\"height\":533},\"primaryImageOfPage\":{\"@id\":\"https:\\\/\\\/eldigitaldeasturias.com\\\/magazine365\\\/lufthansa-recibe-su-primer-a320neo\\\/#mainImage\"},\"datePublished\":\"2016-01-22T18:10:33+01:00\",\"dateModified\":\"2016-01-22T18:10:33+01:00\"},{\"@type\":\"WebSite\",\"@id\":\"https:\\\/\\\/eldigitaldeasturias.com\\\/magazine365\\\/#website\",\"url\":\"https:\\\/\\\/eldigitaldeasturias.com\\\/magazine365\\\/\",\"name\":\"El Digital de Asturias\",\"description\":\"Revista de ocio, turismo y estilo de vida\",\"inLanguage\":\"es-ES\",\"publisher\":{\"@id\":\"https:\\\/\\\/eldigitaldeasturias.com\\\/magazine365\\\/#organization\"}}]}\n\t\t<\/script>\n\t\t<!-- All in One SEO Pro -->\r\n\t\t<title>Lufthansa recibe su primer A320neo | El Digital de Asturias<\/title>\n\n","aioseo_head_json":{"title":"Lufthansa recibe su primer A320neo | El Digital de Asturias","description":"Lufthansa ha recibido este mi\u00e9rcoles de Airbus su primer A320neo de bajo consumo, unas semanas despu\u00e9s del calendario previsto, un aparato con un 15% menos de consumo de carburante y m\u00e1s eficiente, que la aerol\u00ednea alemana destinar\u00e1 a sus vuelos en Hamburgo y M\u00fanich. La aerol\u00ednea ha encargado al consorcio europeo un total de 116","canonical_url":"https:\/\/eldigitaldeasturias.com\/magazine365\/lufthansa-recibe-su-primer-a320neo\/","robots":"max-image-preview:large","keywords":"noticias y actualidad","webmasterTools":{"google-site-verification":"UA-38556648-1","miscellaneous":""},"schema":{"@context":"https:\/\/schema.org","@graph":[{"@type":"Article","@id":"https:\/\/eldigitaldeasturias.com\/magazine365\/lufthansa-recibe-su-primer-a320neo\/#article","name":"Lufthansa recibe su primer A320neo | El Digital de Asturias","headline":"Lufthansa recibe su primer A320neo","author":{"@id":"https:\/\/eldigitaldeasturias.com\/magazine365\/author\/admin\/#author"},"publisher":{"@id":"https:\/\/eldigitaldeasturias.com\/magazine365\/#organization"},"image":{"@type":"ImageObject","url":"https:\/\/eldigitaldeasturias.com\/magazine365\/wp-content\/uploads\/2016\/01\/fotonoticia_20160120183906_800.jpg","width":800,"height":533},"datePublished":"2016-01-22T18:10:33+01:00","dateModified":"2016-01-22T18:10:33+01:00","inLanguage":"es-ES","mainEntityOfPage":{"@id":"https:\/\/eldigitaldeasturias.com\/magazine365\/lufthansa-recibe-su-primer-a320neo\/#webpage"},"isPartOf":{"@id":"https:\/\/eldigitaldeasturias.com\/magazine365\/lufthansa-recibe-su-primer-a320neo\/#webpage"},"articleSection":"Noticias y Actualidad"},{"@type":"BreadcrumbList","@id":"https:\/\/eldigitaldeasturias.com\/magazine365\/lufthansa-recibe-su-primer-a320neo\/#breadcrumblist","itemListElement":[{"@type":"ListItem","@id":"https:\/\/eldigitaldeasturias.com\/magazine365#listItem","position":1,"name":"Home","item":"https:\/\/eldigitaldeasturias.com\/magazine365","nextItem":{"@type":"ListItem","@id":"https:\/\/eldigitaldeasturias.com\/magazine365\/category\/noticias-actualidad\/#listItem","name":"Noticias y Actualidad"}},{"@type":"ListItem","@id":"https:\/\/eldigitaldeasturias.com\/magazine365\/category\/noticias-actualidad\/#listItem","position":2,"name":"Noticias y Actualidad","item":"https:\/\/eldigitaldeasturias.com\/magazine365\/category\/noticias-actualidad\/","nextItem":{"@type":"ListItem","@id":"https:\/\/eldigitaldeasturias.com\/magazine365\/lufthansa-recibe-su-primer-a320neo\/#listItem","name":"Lufthansa recibe su primer A320neo"},"previousItem":{"@type":"ListItem","@id":"https:\/\/eldigitaldeasturias.com\/magazine365#listItem","name":"Home"}},{"@type":"ListItem","@id":"https:\/\/eldigitaldeasturias.com\/magazine365\/lufthansa-recibe-su-primer-a320neo\/#listItem","position":3,"name":"Lufthansa recibe su primer A320neo","previousItem":{"@type":"ListItem","@id":"https:\/\/eldigitaldeasturias.com\/magazine365\/category\/noticias-actualidad\/#listItem","name":"Noticias y Actualidad"}}]},{"@type":"Organization","@id":"https:\/\/eldigitaldeasturias.com\/magazine365\/#organization","name":"El digital de Asturias","description":"Revista de ocio, turismo y estilo de vida","url":"https:\/\/eldigitaldeasturias.com\/magazine365\/","logo":{"@type":"ImageObject","url":"https:\/\/www.eldigitaldeasturias.com\/noticias\/wp-content\/uploads\/2020\/12\/EDA.jpg","@id":"https:\/\/eldigitaldeasturias.com\/magazine365\/lufthansa-recibe-su-primer-a320neo\/#organizationLogo"},"image":{"@id":"https:\/\/eldigitaldeasturias.com\/magazine365\/lufthansa-recibe-su-primer-a320neo\/#organizationLogo"}},{"@type":"Person","@id":"https:\/\/eldigitaldeasturias.com\/magazine365\/author\/admin\/#author","url":"https:\/\/eldigitaldeasturias.com\/magazine365\/author\/admin\/","name":"admin","image":{"@type":"ImageObject","@id":"https:\/\/eldigitaldeasturias.com\/magazine365\/lufthansa-recibe-su-primer-a320neo\/#authorImage","url":"https:\/\/eldigitaldeasturias.com\/magazine365\/wp-content\/litespeed\/avatar\/e571bcf59a0edd6fa6838245a470f2fe.jpg?ver=1776969259","width":96,"height":96,"caption":"admin"}},{"@type":"WebPage","@id":"https:\/\/eldigitaldeasturias.com\/magazine365\/lufthansa-recibe-su-primer-a320neo\/#webpage","url":"https:\/\/eldigitaldeasturias.com\/magazine365\/lufthansa-recibe-su-primer-a320neo\/","name":"Lufthansa recibe su primer A320neo | El Digital de Asturias","description":"Lufthansa ha recibido este mi\u00e9rcoles de Airbus su primer A320neo de bajo consumo, unas semanas despu\u00e9s del calendario previsto, un aparato con un 15% menos de consumo de carburante y m\u00e1s eficiente, que la aerol\u00ednea alemana destinar\u00e1 a sus vuelos en Hamburgo y M\u00fanich. La aerol\u00ednea ha encargado al consorcio europeo un total de 116","inLanguage":"es-ES","isPartOf":{"@id":"https:\/\/eldigitaldeasturias.com\/magazine365\/#website"},"breadcrumb":{"@id":"https:\/\/eldigitaldeasturias.com\/magazine365\/lufthansa-recibe-su-primer-a320neo\/#breadcrumblist"},"author":{"@id":"https:\/\/eldigitaldeasturias.com\/magazine365\/author\/admin\/#author"},"creator":{"@id":"https:\/\/eldigitaldeasturias.com\/magazine365\/author\/admin\/#author"},"image":{"@type":"ImageObject","url":"https:\/\/eldigitaldeasturias.com\/magazine365\/wp-content\/uploads\/2016\/01\/fotonoticia_20160120183906_800.jpg","@id":"https:\/\/eldigitaldeasturias.com\/magazine365\/lufthansa-recibe-su-primer-a320neo\/#mainImage","width":800,"height":533},"primaryImageOfPage":{"@id":"https:\/\/eldigitaldeasturias.com\/magazine365\/lufthansa-recibe-su-primer-a320neo\/#mainImage"},"datePublished":"2016-01-22T18:10:33+01:00","dateModified":"2016-01-22T18:10:33+01:00"},{"@type":"WebSite","@id":"https:\/\/eldigitaldeasturias.com\/magazine365\/#website","url":"https:\/\/eldigitaldeasturias.com\/magazine365\/","name":"El Digital de Asturias","description":"Revista de ocio, turismo y estilo de vida","inLanguage":"es-ES","publisher":{"@id":"https:\/\/eldigitaldeasturias.com\/magazine365\/#organization"}}]},"og:locale":"es_ES","og:site_name":"El Digital de Asturias \u2013 Revista de ocio, turismo y estilo de vida","og:type":"article","og:title":"Lufthansa recibe su primer A320neo | El Digital de Asturias","og:description":"Lufthansa ha recibido este mi\u00e9rcoles de Airbus su primer A320neo de bajo consumo, unas semanas despu\u00e9s del calendario previsto, un aparato con un 15% menos de consumo de carburante y m\u00e1s eficiente, que la aerol\u00ednea alemana destinar\u00e1 a sus vuelos en Hamburgo y M\u00fanich. La aerol\u00ednea ha encargado al consorcio europeo un total de 116","og:url":"https:\/\/eldigitaldeasturias.com\/magazine365\/lufthansa-recibe-su-primer-a320neo\/","og:image":"https:\/\/eldigitaldeasturias.com\/magazine365\/wp-content\/uploads\/2016\/01\/fotonoticia_20160120183906_800.jpg","og:image:secure_url":"https:\/\/eldigitaldeasturias.com\/magazine365\/wp-content\/uploads\/2016\/01\/fotonoticia_20160120183906_800.jpg","og:image:width":800,"og:image:height":533,"article:published_time":"2016-01-22T17:10:33+00:00","article:modified_time":"2016-01-22T17:10:33+00:00","twitter:card":"summary_large_image","twitter:title":"Lufthansa recibe su primer A320neo | El Digital de Asturias","twitter:description":"Lufthansa ha recibido este mi\u00e9rcoles de Airbus su primer A320neo de bajo consumo, unas semanas despu\u00e9s del calendario previsto, un aparato con un 15% menos de consumo de carburante y m\u00e1s eficiente, que la aerol\u00ednea alemana destinar\u00e1 a sus vuelos en Hamburgo y M\u00fanich. La aerol\u00ednea ha encargado al consorcio europeo un total de 116","twitter:image":"https:\/\/eldigitaldeasturias.com\/magazine365\/wp-content\/uploads\/2016\/01\/fotonoticia_20160120183906_800.jpg"},"aioseo_meta_data":{"post_id":"61466","title":null,"description":null,"keywords":null,"keyphrases":null,"primary_term":null,"canonical_url":null,"og_title":null,"og_description":null,"og_object_type":"default","og_image_type":"default","og_image_url":null,"og_image_width":null,"og_image_height":null,"og_image_custom_url":null,"og_image_custom_fields":null,"og_video":null,"og_custom_url":null,"og_article_section":null,"og_article_tags":null,"twitter_use_og":false,"twitter_card":"default","twitter_image_type":"default","twitter_image_url":null,"twitter_image_custom_url":null,"twitter_image_custom_fields":null,"twitter_title":null,"twitter_description":null,"schema":{"blockGraphs":[],"customGraphs":[],"default":{"data":{"Article":[],"Course":[],"Dataset":[],"FAQPage":[],"Movie":[],"Person":[],"Product":[],"ProductReview":[],"Car":[],"Recipe":[],"Service":[],"SoftwareApplication":[],"WebPage":[]},"graphName":"","isEnabled":true},"graphs":[],"defaultGraph":"","defaultPostTypeGraph":""},"schema_type":null,"schema_type_options":null,"pillar_content":false,"robots_default":true,"robots_noindex":false,"robots_noarchive":false,"robots_nosnippet":false,"robots_nofollow":false,"robots_noimageindex":false,"robots_noodp":false,"robots_notranslate":false,"robots_max_snippet":null,"robots_max_videopreview":null,"robots_max_imagepreview":"large","priority":null,"frequency":null,"location":null,"local_seo":null,"seo_analyzer_scan_date":"2025-09-25 09:02:05","breadcrumb_settings":null,"limit_modified_date":false,"open_ai":null,"ai":null,"created":"2021-03-08 21:48:44","updated":"2025-09-25 09:02:05"},"aioseo_breadcrumb":"<div class=\"aioseo-breadcrumbs\"><span class=\"aioseo-breadcrumb\">\n\t<a href=\"https:\/\/eldigitaldeasturias.com\/magazine365\" title=\"Home\">Home<\/a>\n<\/span><span class=\"aioseo-breadcrumb-separator\">\u2013<\/span><span class=\"aioseo-breadcrumb\">\n\t<a href=\"https:\/\/eldigitaldeasturias.com\/magazine365\/category\/noticias-actualidad\/\" title=\"Noticias y Actualidad\">Noticias y Actualidad<\/a>\n<\/span><span class=\"aioseo-breadcrumb-separator\">\u2013<\/span><span class=\"aioseo-breadcrumb\">\n\t<a href=\"https:\/\/eldigitaldeasturias.com\/magazine365\/lufthansa-recibe-su-primer-a320neo\/\" title=\"Lufthansa recibe su primer A320neo\">Lufthansa recibe su primer A320neo<\/a>\n<\/span><\/div>","aioseo_breadcrumb_json":[{"label":"Home","link":"https:\/\/eldigitaldeasturias.com\/magazine365"},{"label":"Noticias y Actualidad","link":"https:\/\/eldigitaldeasturias.com\/magazine365\/category\/noticias-actualidad\/"},{"label":"Lufthansa recibe su primer A320neo","link":"https:\/\/eldigitaldeasturias.com\/magazine365\/lufthansa-recibe-su-primer-a320neo\/"}],"_links":{"self":[{"href":"https:\/\/eldigitaldeasturias.com\/magazine365\/wp-json\/wp\/v2\/posts\/61466","targetHints":{"allow":["GET"]}}],"collection":[{"href":"https:\/\/eldigitaldeasturias.com\/magazine365\/wp-json\/wp\/v2\/posts"}],"about":[{"href":"https:\/\/eldigitaldeasturias.com\/magazine365\/wp-json\/wp\/v2\/types\/post"}],"author":[{"embeddable":true,"href":"https:\/\/eldigitaldeasturias.com\/magazine365\/wp-json\/wp\/v2\/users\/1"}],"replies":[{"embeddable":true,"href":"https:\/\/eldigitaldeasturias.com\/magazine365\/wp-json\/wp\/v2\/comments?post=61466"}],"version-history":[{"count":0,"href":"https:\/\/eldigitaldeasturias.com\/magazine365\/wp-json\/wp\/v2\/posts\/61466\/revisions"}],"wp:featuredmedia":[{"embeddable":true,"href":"https:\/\/eldigitaldeasturias.com\/magazine365\/wp-json\/wp\/v2\/media\/61467"}],"wp:attachment":[{"href":"https:\/\/eldigitaldeasturias.com\/magazine365\/wp-json\/wp\/v2\/media?parent=61466"}],"wp:term":[{"taxonomy":"category","embeddable":true,"href":"https:\/\/eldigitaldeasturias.com\/magazine365\/wp-json\/wp\/v2\/categories?post=61466"},{"taxonomy":"post_tag","embeddable":true,"href":"https:\/\/eldigitaldeasturias.com\/magazine365\/wp-json\/wp\/v2\/tags?post=61466"}],"curies":[{"name":"wp","href":"https:\/\/api.w.org\/{rel}","templated":true}]}}