{"id":61461,"date":"2016-01-22T18:09:04","date_gmt":"2016-01-22T17:09:04","guid":{"rendered":"http:\/\/eldigitaldeasturias.com\/magazine365\/?p=61461"},"modified":"2016-01-22T18:09:04","modified_gmt":"2016-01-22T17:09:04","slug":"la-directora-general-del-palacio-de-ferias-de-malaga-recibe-el-premio-hermestur","status":"publish","type":"post","link":"https:\/\/eldigitaldeasturias.com\/magazine365\/la-directora-general-del-palacio-de-ferias-de-malaga-recibe-el-premio-hermestur\/","title":{"rendered":"La directora general del Palacio de Ferias de M\u00e1laga recibe el premio Hermestur"},"content":{"rendered":"<p><img fetchpriority=\"high\" decoding=\"async\" class=\"alignleft size-medium wp-image-61462\" src=\"https:\/\/eldigitaldeasturias.com\/magazine365\/wp-content\/uploads\/2016\/01\/fotonoticia_20160120181722_800-360x270.jpg\" alt=\"fotonoticia_20160120181722_800\" width=\"360\" height=\"270\" srcset=\"https:\/\/eldigitaldeasturias.com\/magazine365\/wp-content\/uploads\/2016\/01\/fotonoticia_20160120181722_800-360x270.jpg 360w, https:\/\/eldigitaldeasturias.com\/magazine365\/wp-content\/uploads\/2016\/01\/fotonoticia_20160120181722_800-650x488.jpg 650w, https:\/\/eldigitaldeasturias.com\/magazine365\/wp-content\/uploads\/2016\/01\/fotonoticia_20160120181722_800-768x576.jpg 768w, https:\/\/eldigitaldeasturias.com\/magazine365\/wp-content\/uploads\/2016\/01\/fotonoticia_20160120181722_800-150x113.jpg 150w, https:\/\/eldigitaldeasturias.com\/magazine365\/wp-content\/uploads\/2016\/01\/fotonoticia_20160120181722_800-450x338.jpg 450w, https:\/\/eldigitaldeasturias.com\/magazine365\/wp-content\/uploads\/2016\/01\/fotonoticia_20160120181722_800-80x60.jpg 80w, https:\/\/eldigitaldeasturias.com\/magazine365\/wp-content\/uploads\/2016\/01\/fotonoticia_20160120181722_800-265x198.jpg 265w, https:\/\/eldigitaldeasturias.com\/magazine365\/wp-content\/uploads\/2016\/01\/fotonoticia_20160120181722_800-696x522.jpg 696w, https:\/\/eldigitaldeasturias.com\/magazine365\/wp-content\/uploads\/2016\/01\/fotonoticia_20160120181722_800-560x420.jpg 560w, https:\/\/eldigitaldeasturias.com\/magazine365\/wp-content\/uploads\/2016\/01\/fotonoticia_20160120181722_800-90x67.jpg 90w, https:\/\/eldigitaldeasturias.com\/magazine365\/wp-content\/uploads\/2016\/01\/fotonoticia_20160120181722_800-164x124.jpg 164w, https:\/\/eldigitaldeasturias.com\/magazine365\/wp-content\/uploads\/2016\/01\/fotonoticia_20160120181722_800-100x75.jpg 100w, https:\/\/eldigitaldeasturias.com\/magazine365\/wp-content\/uploads\/2016\/01\/fotonoticia_20160120181722_800.jpg 800w\" sizes=\"(max-width: 360px) 100vw, 360px\" \/>La directora general del Palacio de Ferias y Congresos de M\u00e1laga (Fycma), Yolanda de Aguilar, ha sido distinguida este mi\u00e9rcoles con el XVI Premio Hermestur, galard\u00f3n otorgado por la Asociaci\u00f3n Espa\u00f1ola de Profesionales del Turismo (AEPT), y que ha recogido en el marco de la Feria Internacional de Turismo (Fitur).<\/p>\n<p>Este premio reconoce y pone en valor el esfuerzo asociativo, la profesionalidad y los valores humanos de la directora del espacio malague\u00f1o en este sector, han informado desde Fycma en un comunicado.<\/p>\n<p>El acto de entrega ha tenido lugar en el estand de Madrid, donde De Aguilar ha recogido el premio de las manos del presidente de AEPT, Andr\u00e9s Encinas. Durante el acto de entrega, la directora de Fycma ha mostrado su gratitud y satisfacci\u00f3n ante este reconocimiento en el \u00e1mbito del turismo, y ha querido reconocer la trayectoria del resto de candidatos.<\/p>\n<p>Al respecto, ha mostrado una especial ilusi\u00f3n por tratarse del premio de \u00abtodos los profesionales del sector\u00bb, que seg\u00fan ha expresado, \u00abme he cre\u00eddo siempre\u00bb por su potencial en el progreso econ\u00f3mico y social. Asimismo, y en alusi\u00f3n a su actual papel como directora de Fycma, ha reconocido que \u00abuna parte de este premio es de M\u00e1laga y de los malague\u00f1os\u00bb.<\/p>\n<p>En el acto han participado tambi\u00e9n el alcalde de M\u00e1laga, Francisco de la Torre, as\u00ed como la alcaldesa en funciones y el coordinador general de Alcald\u00eda del Ayuntamiento de Madrid, Marta Higueras y Luis Cueto \u00c1lvarez de Sotomayor, respectivamente.<\/p>\n<p>A propuesta de la junta directiva de la AEPT, el jurado ha concedido tambi\u00e9n el Premio Hermestur de Honor a t\u00edtulo p\u00f3stumo a Jos\u00e9 Antonio Carrasco Moreno, presidente de AEPT entre los a\u00f1os 2001 y 2009, fallecido el pasado a\u00f1o.<\/p>\n<p>En el fallo del jurado, la AETP ha destacado la \u00abbrillante trayectoria\u00bb de Yolanda de Aguilar, que a su juicio \u00abconstituye todo un referente en el \u00e1mbito tur\u00edstico espa\u00f1ol por su capacidad de colaboraci\u00f3n, su entusiasmo y compromiso y su preocupaci\u00f3n constante por la calidad y la excelencia\u00bb.<\/p>\n<p>Asimismo, ha resaltado \u00absu apoyo constante al tejido asociativo profesional, desde sus diferentes puestos de responsabilidad, contribuyendo a mantener en primera l\u00ednea uno de los sectores m\u00e1s din\u00e1micos e innovadores de la econom\u00eda del pa\u00eds\u00bb.<\/p>\n<p>De Aguilar dirige el Palacio de Ferias y Congresos de M\u00e1laga desde el a\u00f1o 2003. Desde 1990 est\u00e1 vinculada profesionalmente al mundo de las ferias y los eventos a trav\u00e9s de su incorporaci\u00f3n a Ifema, donde ha desempe\u00f1ado diferentes puestos de responsabilidad para llegar m\u00e1s tarde a la direcci\u00f3n de Fitur, cargo que ocup\u00f3 hasta el a\u00f1o 2001.<\/p>\n<p>En la actualidad es tambi\u00e9n vicepresidenta de la Asociaci\u00f3n de Palacios de Congresos y Ferias de Andaluc\u00eda (Afcan); vocal de la junta directiva de la Asociaci\u00f3n de Ferias Espa\u00f1olas (AFE) y miembro de la Mesa del Turismo.<\/p>\n<p>El jurado del premio lo han conformado el presidente de la AEPT, Andr\u00e9s Encinas; el delegado del consejo asesor, Juan Ram\u00f3n Plana; el vicepresidente de la asociaci\u00f3n Santiago Aguilar; el secretario de la junta directiva, Antonio Fern\u00e1ndez-Escribano Arbizu; los ganadores de ediciones anteriores Jes\u00fas Mart\u00ednez Mill\u00e1n, Antonio N\u00fa\u00f1ez, Antonio Gil y Juan Morales; la presidenta de la Organizaci\u00f3n Profesional de Congresos de Madrid (OPC), Matilde Almandoz; el presidente de la Asociaci\u00f3n Espa\u00f1ola de Directores de Hotel de Madrid (AEDH), Manuel Vegas Lara y la secretaria general de Asego, Ana Mar\u00eda Doba\u00f1o.<\/p>\n","protected":false},"excerpt":{"rendered":"<p>La directora general del Palacio de Ferias y Congresos de M\u00e1laga (Fycma), Yolanda de Aguilar, ha sido distinguida este mi\u00e9rcoles con el XVI Premio Hermestur, galard\u00f3n otorgado por la Asociaci\u00f3n Espa\u00f1ola de Profesionales del Turismo (AEPT), y que ha recogido en el marco de la Feria Internacional de Turismo (Fitur). Este premio reconoce y pone<\/p>\n","protected":false},"author":1,"featured_media":61462,"comment_status":"open","ping_status":"closed","sticky":false,"template":"","format":"standard","meta":{"footnotes":""},"categories":[224],"tags":[],"class_list":{"0":"post-61461","1":"post","2":"type-post","3":"status-publish","4":"format-standard","5":"has-post-thumbnail","7":"category-noticias-actualidad"},"aioseo_notices":[],"aioseo_head":"\n\t\t<!-- All in One SEO Pro 4.9.6.1 - aioseo.com -->\n\t<meta name=\"description\" content=\"La directora general del Palacio de Ferias y Congresos de M\u00e1laga (Fycma), Yolanda de Aguilar, ha sido distinguida este mi\u00e9rcoles con el XVI Premio Hermestur, galard\u00f3n otorgado por la Asociaci\u00f3n Espa\u00f1ola de Profesionales del Turismo (AEPT), y que ha recogido en el marco de la Feria Internacional de Turismo (Fitur). Este premio reconoce y pone\" \/>\n\t<meta name=\"robots\" content=\"max-image-preview:large\" \/>\n\t<meta name=\"author\" content=\"admin\"\/>\n\t<meta name=\"google-site-verification\" content=\"UA-38556648-1\" \/>\n\t<meta name=\"keywords\" content=\"noticias y actualidad\" \/>\n\t<link rel=\"canonical\" href=\"https:\/\/eldigitaldeasturias.com\/magazine365\/la-directora-general-del-palacio-de-ferias-de-malaga-recibe-el-premio-hermestur\/\" \/>\n\t<meta name=\"generator\" content=\"All in One SEO Pro (AIOSEO) 4.9.6.1\" \/>\n\t\t<meta property=\"og:locale\" content=\"es_ES\" \/>\n\t\t<meta property=\"og:site_name\" content=\"El Digital de Asturias \u2013 Revista de ocio, turismo y estilo de vida\" \/>\n\t\t<meta property=\"og:type\" content=\"article\" \/>\n\t\t<meta property=\"og:title\" content=\"La directora general del Palacio de Ferias de M\u00e1laga recibe el premio Hermestur | El Digital de Asturias\" \/>\n\t\t<meta property=\"og:description\" content=\"La directora general del Palacio de Ferias y Congresos de M\u00e1laga (Fycma), Yolanda de Aguilar, ha sido distinguida este mi\u00e9rcoles con el XVI Premio Hermestur, galard\u00f3n otorgado por la Asociaci\u00f3n Espa\u00f1ola de Profesionales del Turismo (AEPT), y que ha recogido en el marco de la Feria Internacional de Turismo (Fitur). Este premio reconoce y pone\" \/>\n\t\t<meta property=\"og:url\" content=\"https:\/\/eldigitaldeasturias.com\/magazine365\/la-directora-general-del-palacio-de-ferias-de-malaga-recibe-el-premio-hermestur\/\" \/>\n\t\t<meta property=\"og:image\" content=\"https:\/\/eldigitaldeasturias.com\/magazine365\/wp-content\/uploads\/2016\/01\/fotonoticia_20160120181722_800.jpg\" \/>\n\t\t<meta property=\"og:image:secure_url\" content=\"https:\/\/eldigitaldeasturias.com\/magazine365\/wp-content\/uploads\/2016\/01\/fotonoticia_20160120181722_800.jpg\" \/>\n\t\t<meta property=\"og:image:width\" content=\"800\" \/>\n\t\t<meta property=\"og:image:height\" content=\"600\" \/>\n\t\t<meta property=\"article:published_time\" content=\"2016-01-22T17:09:04+00:00\" \/>\n\t\t<meta property=\"article:modified_time\" content=\"2016-01-22T17:09:04+00:00\" \/>\n\t\t<meta name=\"twitter:card\" content=\"summary_large_image\" \/>\n\t\t<meta name=\"twitter:title\" content=\"La directora general del Palacio de Ferias de M\u00e1laga recibe el premio Hermestur | El Digital de Asturias\" \/>\n\t\t<meta name=\"twitter:description\" content=\"La directora general del Palacio de Ferias y Congresos de M\u00e1laga (Fycma), Yolanda de Aguilar, ha sido distinguida este mi\u00e9rcoles con el XVI Premio Hermestur, galard\u00f3n otorgado por la Asociaci\u00f3n Espa\u00f1ola de Profesionales del Turismo (AEPT), y que ha recogido en el marco de la Feria Internacional de Turismo (Fitur). Este premio reconoce y pone\" \/>\n\t\t<meta name=\"twitter:image\" content=\"https:\/\/eldigitaldeasturias.com\/magazine365\/wp-content\/uploads\/2016\/01\/fotonoticia_20160120181722_800.jpg\" \/>\n\t\t<script type=\"application\/ld+json\" class=\"aioseo-schema\">\n\t\t\t{\"@context\":\"https:\\\/\\\/schema.org\",\"@graph\":[{\"@type\":\"Article\",\"@id\":\"https:\\\/\\\/eldigitaldeasturias.com\\\/magazine365\\\/la-directora-general-del-palacio-de-ferias-de-malaga-recibe-el-premio-hermestur\\\/#article\",\"name\":\"La directora general del Palacio de Ferias de M\\u00e1laga recibe el premio Hermestur | El Digital de Asturias\",\"headline\":\"La directora general del Palacio de Ferias de M\\u00e1laga recibe el premio Hermestur\",\"author\":{\"@id\":\"https:\\\/\\\/eldigitaldeasturias.com\\\/magazine365\\\/author\\\/admin\\\/#author\"},\"publisher\":{\"@id\":\"https:\\\/\\\/eldigitaldeasturias.com\\\/magazine365\\\/#organization\"},\"image\":{\"@type\":\"ImageObject\",\"url\":\"https:\\\/\\\/eldigitaldeasturias.com\\\/magazine365\\\/wp-content\\\/uploads\\\/2016\\\/01\\\/fotonoticia_20160120181722_800.jpg\",\"width\":800,\"height\":600},\"datePublished\":\"2016-01-22T18:09:04+01:00\",\"dateModified\":\"2016-01-22T18:09:04+01:00\",\"inLanguage\":\"es-ES\",\"mainEntityOfPage\":{\"@id\":\"https:\\\/\\\/eldigitaldeasturias.com\\\/magazine365\\\/la-directora-general-del-palacio-de-ferias-de-malaga-recibe-el-premio-hermestur\\\/#webpage\"},\"isPartOf\":{\"@id\":\"https:\\\/\\\/eldigitaldeasturias.com\\\/magazine365\\\/la-directora-general-del-palacio-de-ferias-de-malaga-recibe-el-premio-hermestur\\\/#webpage\"},\"articleSection\":\"Noticias y Actualidad\"},{\"@type\":\"BreadcrumbList\",\"@id\":\"https:\\\/\\\/eldigitaldeasturias.com\\\/magazine365\\\/la-directora-general-del-palacio-de-ferias-de-malaga-recibe-el-premio-hermestur\\\/#breadcrumblist\",\"itemListElement\":[{\"@type\":\"ListItem\",\"@id\":\"https:\\\/\\\/eldigitaldeasturias.com\\\/magazine365#listItem\",\"position\":1,\"name\":\"Home\",\"item\":\"https:\\\/\\\/eldigitaldeasturias.com\\\/magazine365\",\"nextItem\":{\"@type\":\"ListItem\",\"@id\":\"https:\\\/\\\/eldigitaldeasturias.com\\\/magazine365\\\/category\\\/noticias-actualidad\\\/#listItem\",\"name\":\"Noticias y Actualidad\"}},{\"@type\":\"ListItem\",\"@id\":\"https:\\\/\\\/eldigitaldeasturias.com\\\/magazine365\\\/category\\\/noticias-actualidad\\\/#listItem\",\"position\":2,\"name\":\"Noticias y Actualidad\",\"item\":\"https:\\\/\\\/eldigitaldeasturias.com\\\/magazine365\\\/category\\\/noticias-actualidad\\\/\",\"nextItem\":{\"@type\":\"ListItem\",\"@id\":\"https:\\\/\\\/eldigitaldeasturias.com\\\/magazine365\\\/la-directora-general-del-palacio-de-ferias-de-malaga-recibe-el-premio-hermestur\\\/#listItem\",\"name\":\"La directora general del Palacio de Ferias de M\\u00e1laga recibe el premio Hermestur\"},\"previousItem\":{\"@type\":\"ListItem\",\"@id\":\"https:\\\/\\\/eldigitaldeasturias.com\\\/magazine365#listItem\",\"name\":\"Home\"}},{\"@type\":\"ListItem\",\"@id\":\"https:\\\/\\\/eldigitaldeasturias.com\\\/magazine365\\\/la-directora-general-del-palacio-de-ferias-de-malaga-recibe-el-premio-hermestur\\\/#listItem\",\"position\":3,\"name\":\"La directora general del Palacio de Ferias de M\\u00e1laga recibe el premio Hermestur\",\"previousItem\":{\"@type\":\"ListItem\",\"@id\":\"https:\\\/\\\/eldigitaldeasturias.com\\\/magazine365\\\/category\\\/noticias-actualidad\\\/#listItem\",\"name\":\"Noticias y Actualidad\"}}]},{\"@type\":\"Organization\",\"@id\":\"https:\\\/\\\/eldigitaldeasturias.com\\\/magazine365\\\/#organization\",\"name\":\"El digital de Asturias\",\"description\":\"Revista de ocio, turismo y estilo de vida\",\"url\":\"https:\\\/\\\/eldigitaldeasturias.com\\\/magazine365\\\/\",\"logo\":{\"@type\":\"ImageObject\",\"url\":\"https:\\\/\\\/www.eldigitaldeasturias.com\\\/noticias\\\/wp-content\\\/uploads\\\/2020\\\/12\\\/EDA.jpg\",\"@id\":\"https:\\\/\\\/eldigitaldeasturias.com\\\/magazine365\\\/la-directora-general-del-palacio-de-ferias-de-malaga-recibe-el-premio-hermestur\\\/#organizationLogo\"},\"image\":{\"@id\":\"https:\\\/\\\/eldigitaldeasturias.com\\\/magazine365\\\/la-directora-general-del-palacio-de-ferias-de-malaga-recibe-el-premio-hermestur\\\/#organizationLogo\"}},{\"@type\":\"Person\",\"@id\":\"https:\\\/\\\/eldigitaldeasturias.com\\\/magazine365\\\/author\\\/admin\\\/#author\",\"url\":\"https:\\\/\\\/eldigitaldeasturias.com\\\/magazine365\\\/author\\\/admin\\\/\",\"name\":\"admin\",\"image\":{\"@type\":\"ImageObject\",\"@id\":\"https:\\\/\\\/eldigitaldeasturias.com\\\/magazine365\\\/la-directora-general-del-palacio-de-ferias-de-malaga-recibe-el-premio-hermestur\\\/#authorImage\",\"url\":\"https:\\\/\\\/eldigitaldeasturias.com\\\/magazine365\\\/wp-content\\\/litespeed\\\/avatar\\\/e571bcf59a0edd6fa6838245a470f2fe.jpg?ver=1776969259\",\"width\":96,\"height\":96,\"caption\":\"admin\"}},{\"@type\":\"WebPage\",\"@id\":\"https:\\\/\\\/eldigitaldeasturias.com\\\/magazine365\\\/la-directora-general-del-palacio-de-ferias-de-malaga-recibe-el-premio-hermestur\\\/#webpage\",\"url\":\"https:\\\/\\\/eldigitaldeasturias.com\\\/magazine365\\\/la-directora-general-del-palacio-de-ferias-de-malaga-recibe-el-premio-hermestur\\\/\",\"name\":\"La directora general del Palacio de Ferias de M\\u00e1laga recibe el premio Hermestur | El Digital de Asturias\",\"description\":\"La directora general del Palacio de Ferias y Congresos de M\\u00e1laga (Fycma), Yolanda de Aguilar, ha sido distinguida este mi\\u00e9rcoles con el XVI Premio Hermestur, galard\\u00f3n otorgado por la Asociaci\\u00f3n Espa\\u00f1ola de Profesionales del Turismo (AEPT), y que ha recogido en el marco de la Feria Internacional de Turismo (Fitur). Este premio reconoce y pone\",\"inLanguage\":\"es-ES\",\"isPartOf\":{\"@id\":\"https:\\\/\\\/eldigitaldeasturias.com\\\/magazine365\\\/#website\"},\"breadcrumb\":{\"@id\":\"https:\\\/\\\/eldigitaldeasturias.com\\\/magazine365\\\/la-directora-general-del-palacio-de-ferias-de-malaga-recibe-el-premio-hermestur\\\/#breadcrumblist\"},\"author\":{\"@id\":\"https:\\\/\\\/eldigitaldeasturias.com\\\/magazine365\\\/author\\\/admin\\\/#author\"},\"creator\":{\"@id\":\"https:\\\/\\\/eldigitaldeasturias.com\\\/magazine365\\\/author\\\/admin\\\/#author\"},\"image\":{\"@type\":\"ImageObject\",\"url\":\"https:\\\/\\\/eldigitaldeasturias.com\\\/magazine365\\\/wp-content\\\/uploads\\\/2016\\\/01\\\/fotonoticia_20160120181722_800.jpg\",\"@id\":\"https:\\\/\\\/eldigitaldeasturias.com\\\/magazine365\\\/la-directora-general-del-palacio-de-ferias-de-malaga-recibe-el-premio-hermestur\\\/#mainImage\",\"width\":800,\"height\":600},\"primaryImageOfPage\":{\"@id\":\"https:\\\/\\\/eldigitaldeasturias.com\\\/magazine365\\\/la-directora-general-del-palacio-de-ferias-de-malaga-recibe-el-premio-hermestur\\\/#mainImage\"},\"datePublished\":\"2016-01-22T18:09:04+01:00\",\"dateModified\":\"2016-01-22T18:09:04+01:00\"},{\"@type\":\"WebSite\",\"@id\":\"https:\\\/\\\/eldigitaldeasturias.com\\\/magazine365\\\/#website\",\"url\":\"https:\\\/\\\/eldigitaldeasturias.com\\\/magazine365\\\/\",\"name\":\"El Digital de Asturias\",\"description\":\"Revista de ocio, turismo y estilo de vida\",\"inLanguage\":\"es-ES\",\"publisher\":{\"@id\":\"https:\\\/\\\/eldigitaldeasturias.com\\\/magazine365\\\/#organization\"}}]}\n\t\t<\/script>\n\t\t<!-- All in One SEO Pro -->\r\n\t\t<title>La directora general del Palacio de Ferias de M\u00e1laga recibe el premio Hermestur | El Digital de Asturias<\/title>\n\n","aioseo_head_json":{"title":"La directora general del Palacio de Ferias de M\u00e1laga recibe el premio Hermestur | El Digital de Asturias","description":"La directora general del Palacio de Ferias y Congresos de M\u00e1laga (Fycma), Yolanda de Aguilar, ha sido distinguida este mi\u00e9rcoles con el XVI Premio Hermestur, galard\u00f3n otorgado por la Asociaci\u00f3n Espa\u00f1ola de Profesionales del Turismo (AEPT), y que ha recogido en el marco de la Feria Internacional de Turismo (Fitur). Este premio reconoce y pone","canonical_url":"https:\/\/eldigitaldeasturias.com\/magazine365\/la-directora-general-del-palacio-de-ferias-de-malaga-recibe-el-premio-hermestur\/","robots":"max-image-preview:large","keywords":"noticias y actualidad","webmasterTools":{"google-site-verification":"UA-38556648-1","miscellaneous":""},"schema":{"@context":"https:\/\/schema.org","@graph":[{"@type":"Article","@id":"https:\/\/eldigitaldeasturias.com\/magazine365\/la-directora-general-del-palacio-de-ferias-de-malaga-recibe-el-premio-hermestur\/#article","name":"La directora general del Palacio de Ferias de M\u00e1laga recibe el premio Hermestur | El Digital de Asturias","headline":"La directora general del Palacio de Ferias de M\u00e1laga recibe el premio Hermestur","author":{"@id":"https:\/\/eldigitaldeasturias.com\/magazine365\/author\/admin\/#author"},"publisher":{"@id":"https:\/\/eldigitaldeasturias.com\/magazine365\/#organization"},"image":{"@type":"ImageObject","url":"https:\/\/eldigitaldeasturias.com\/magazine365\/wp-content\/uploads\/2016\/01\/fotonoticia_20160120181722_800.jpg","width":800,"height":600},"datePublished":"2016-01-22T18:09:04+01:00","dateModified":"2016-01-22T18:09:04+01:00","inLanguage":"es-ES","mainEntityOfPage":{"@id":"https:\/\/eldigitaldeasturias.com\/magazine365\/la-directora-general-del-palacio-de-ferias-de-malaga-recibe-el-premio-hermestur\/#webpage"},"isPartOf":{"@id":"https:\/\/eldigitaldeasturias.com\/magazine365\/la-directora-general-del-palacio-de-ferias-de-malaga-recibe-el-premio-hermestur\/#webpage"},"articleSection":"Noticias y Actualidad"},{"@type":"BreadcrumbList","@id":"https:\/\/eldigitaldeasturias.com\/magazine365\/la-directora-general-del-palacio-de-ferias-de-malaga-recibe-el-premio-hermestur\/#breadcrumblist","itemListElement":[{"@type":"ListItem","@id":"https:\/\/eldigitaldeasturias.com\/magazine365#listItem","position":1,"name":"Home","item":"https:\/\/eldigitaldeasturias.com\/magazine365","nextItem":{"@type":"ListItem","@id":"https:\/\/eldigitaldeasturias.com\/magazine365\/category\/noticias-actualidad\/#listItem","name":"Noticias y Actualidad"}},{"@type":"ListItem","@id":"https:\/\/eldigitaldeasturias.com\/magazine365\/category\/noticias-actualidad\/#listItem","position":2,"name":"Noticias y Actualidad","item":"https:\/\/eldigitaldeasturias.com\/magazine365\/category\/noticias-actualidad\/","nextItem":{"@type":"ListItem","@id":"https:\/\/eldigitaldeasturias.com\/magazine365\/la-directora-general-del-palacio-de-ferias-de-malaga-recibe-el-premio-hermestur\/#listItem","name":"La directora general del Palacio de Ferias de M\u00e1laga recibe el premio Hermestur"},"previousItem":{"@type":"ListItem","@id":"https:\/\/eldigitaldeasturias.com\/magazine365#listItem","name":"Home"}},{"@type":"ListItem","@id":"https:\/\/eldigitaldeasturias.com\/magazine365\/la-directora-general-del-palacio-de-ferias-de-malaga-recibe-el-premio-hermestur\/#listItem","position":3,"name":"La directora general del Palacio de Ferias de M\u00e1laga recibe el premio Hermestur","previousItem":{"@type":"ListItem","@id":"https:\/\/eldigitaldeasturias.com\/magazine365\/category\/noticias-actualidad\/#listItem","name":"Noticias y Actualidad"}}]},{"@type":"Organization","@id":"https:\/\/eldigitaldeasturias.com\/magazine365\/#organization","name":"El digital de Asturias","description":"Revista de ocio, turismo y estilo de vida","url":"https:\/\/eldigitaldeasturias.com\/magazine365\/","logo":{"@type":"ImageObject","url":"https:\/\/www.eldigitaldeasturias.com\/noticias\/wp-content\/uploads\/2020\/12\/EDA.jpg","@id":"https:\/\/eldigitaldeasturias.com\/magazine365\/la-directora-general-del-palacio-de-ferias-de-malaga-recibe-el-premio-hermestur\/#organizationLogo"},"image":{"@id":"https:\/\/eldigitaldeasturias.com\/magazine365\/la-directora-general-del-palacio-de-ferias-de-malaga-recibe-el-premio-hermestur\/#organizationLogo"}},{"@type":"Person","@id":"https:\/\/eldigitaldeasturias.com\/magazine365\/author\/admin\/#author","url":"https:\/\/eldigitaldeasturias.com\/magazine365\/author\/admin\/","name":"admin","image":{"@type":"ImageObject","@id":"https:\/\/eldigitaldeasturias.com\/magazine365\/la-directora-general-del-palacio-de-ferias-de-malaga-recibe-el-premio-hermestur\/#authorImage","url":"https:\/\/eldigitaldeasturias.com\/magazine365\/wp-content\/litespeed\/avatar\/e571bcf59a0edd6fa6838245a470f2fe.jpg?ver=1776969259","width":96,"height":96,"caption":"admin"}},{"@type":"WebPage","@id":"https:\/\/eldigitaldeasturias.com\/magazine365\/la-directora-general-del-palacio-de-ferias-de-malaga-recibe-el-premio-hermestur\/#webpage","url":"https:\/\/eldigitaldeasturias.com\/magazine365\/la-directora-general-del-palacio-de-ferias-de-malaga-recibe-el-premio-hermestur\/","name":"La directora general del Palacio de Ferias de M\u00e1laga recibe el premio Hermestur | El Digital de Asturias","description":"La directora general del Palacio de Ferias y Congresos de M\u00e1laga (Fycma), Yolanda de Aguilar, ha sido distinguida este mi\u00e9rcoles con el XVI Premio Hermestur, galard\u00f3n otorgado por la Asociaci\u00f3n Espa\u00f1ola de Profesionales del Turismo (AEPT), y que ha recogido en el marco de la Feria Internacional de Turismo (Fitur). Este premio reconoce y pone","inLanguage":"es-ES","isPartOf":{"@id":"https:\/\/eldigitaldeasturias.com\/magazine365\/#website"},"breadcrumb":{"@id":"https:\/\/eldigitaldeasturias.com\/magazine365\/la-directora-general-del-palacio-de-ferias-de-malaga-recibe-el-premio-hermestur\/#breadcrumblist"},"author":{"@id":"https:\/\/eldigitaldeasturias.com\/magazine365\/author\/admin\/#author"},"creator":{"@id":"https:\/\/eldigitaldeasturias.com\/magazine365\/author\/admin\/#author"},"image":{"@type":"ImageObject","url":"https:\/\/eldigitaldeasturias.com\/magazine365\/wp-content\/uploads\/2016\/01\/fotonoticia_20160120181722_800.jpg","@id":"https:\/\/eldigitaldeasturias.com\/magazine365\/la-directora-general-del-palacio-de-ferias-de-malaga-recibe-el-premio-hermestur\/#mainImage","width":800,"height":600},"primaryImageOfPage":{"@id":"https:\/\/eldigitaldeasturias.com\/magazine365\/la-directora-general-del-palacio-de-ferias-de-malaga-recibe-el-premio-hermestur\/#mainImage"},"datePublished":"2016-01-22T18:09:04+01:00","dateModified":"2016-01-22T18:09:04+01:00"},{"@type":"WebSite","@id":"https:\/\/eldigitaldeasturias.com\/magazine365\/#website","url":"https:\/\/eldigitaldeasturias.com\/magazine365\/","name":"El Digital de Asturias","description":"Revista de ocio, turismo y estilo de vida","inLanguage":"es-ES","publisher":{"@id":"https:\/\/eldigitaldeasturias.com\/magazine365\/#organization"}}]},"og:locale":"es_ES","og:site_name":"El Digital de Asturias \u2013 Revista de ocio, turismo y estilo de vida","og:type":"article","og:title":"La directora general del Palacio de Ferias de M\u00e1laga recibe el premio Hermestur | El Digital de Asturias","og:description":"La directora general del Palacio de Ferias y Congresos de M\u00e1laga (Fycma), Yolanda de Aguilar, ha sido distinguida este mi\u00e9rcoles con el XVI Premio Hermestur, galard\u00f3n otorgado por la Asociaci\u00f3n Espa\u00f1ola de Profesionales del Turismo (AEPT), y que ha recogido en el marco de la Feria Internacional de Turismo (Fitur). Este premio reconoce y pone","og:url":"https:\/\/eldigitaldeasturias.com\/magazine365\/la-directora-general-del-palacio-de-ferias-de-malaga-recibe-el-premio-hermestur\/","og:image":"https:\/\/eldigitaldeasturias.com\/magazine365\/wp-content\/uploads\/2016\/01\/fotonoticia_20160120181722_800.jpg","og:image:secure_url":"https:\/\/eldigitaldeasturias.com\/magazine365\/wp-content\/uploads\/2016\/01\/fotonoticia_20160120181722_800.jpg","og:image:width":800,"og:image:height":600,"article:published_time":"2016-01-22T17:09:04+00:00","article:modified_time":"2016-01-22T17:09:04+00:00","twitter:card":"summary_large_image","twitter:title":"La directora general del Palacio de Ferias de M\u00e1laga recibe el premio Hermestur | El Digital de Asturias","twitter:description":"La directora general del Palacio de Ferias y Congresos de M\u00e1laga (Fycma), Yolanda de Aguilar, ha sido distinguida este mi\u00e9rcoles con el XVI Premio Hermestur, galard\u00f3n otorgado por la Asociaci\u00f3n Espa\u00f1ola de Profesionales del Turismo (AEPT), y que ha recogido en el marco de la Feria Internacional de Turismo (Fitur). Este premio reconoce y pone","twitter:image":"https:\/\/eldigitaldeasturias.com\/magazine365\/wp-content\/uploads\/2016\/01\/fotonoticia_20160120181722_800.jpg"},"aioseo_meta_data":{"post_id":"61461","title":null,"description":null,"keywords":null,"keyphrases":null,"primary_term":null,"canonical_url":null,"og_title":null,"og_description":null,"og_object_type":"default","og_image_type":"default","og_image_url":null,"og_image_width":null,"og_image_height":null,"og_image_custom_url":null,"og_image_custom_fields":null,"og_video":null,"og_custom_url":null,"og_article_section":null,"og_article_tags":null,"twitter_use_og":false,"twitter_card":"default","twitter_image_type":"default","twitter_image_url":null,"twitter_image_custom_url":null,"twitter_image_custom_fields":null,"twitter_title":null,"twitter_description":null,"schema":{"blockGraphs":[],"customGraphs":[],"default":{"data":{"Article":[],"Course":[],"Dataset":[],"FAQPage":[],"Movie":[],"Person":[],"Product":[],"ProductReview":[],"Car":[],"Recipe":[],"Service":[],"SoftwareApplication":[],"WebPage":[]},"graphName":"","isEnabled":true},"graphs":[],"defaultGraph":"","defaultPostTypeGraph":""},"schema_type":null,"schema_type_options":null,"pillar_content":false,"robots_default":true,"robots_noindex":false,"robots_noarchive":false,"robots_nosnippet":false,"robots_nofollow":false,"robots_noimageindex":false,"robots_noodp":false,"robots_notranslate":false,"robots_max_snippet":null,"robots_max_videopreview":null,"robots_max_imagepreview":"large","priority":null,"frequency":null,"location":null,"local_seo":null,"seo_analyzer_scan_date":"2025-09-25 09:02:03","breadcrumb_settings":null,"limit_modified_date":false,"open_ai":null,"ai":null,"created":"2021-03-08 21:50:00","updated":"2025-09-25 09:02:03"},"aioseo_breadcrumb":"<div class=\"aioseo-breadcrumbs\"><span class=\"aioseo-breadcrumb\">\n\t<a href=\"https:\/\/eldigitaldeasturias.com\/magazine365\" title=\"Home\">Home<\/a>\n<\/span><span class=\"aioseo-breadcrumb-separator\">\u2013<\/span><span class=\"aioseo-breadcrumb\">\n\t<a href=\"https:\/\/eldigitaldeasturias.com\/magazine365\/category\/noticias-actualidad\/\" title=\"Noticias y Actualidad\">Noticias y Actualidad<\/a>\n<\/span><span class=\"aioseo-breadcrumb-separator\">\u2013<\/span><span class=\"aioseo-breadcrumb\">\n\t<a href=\"https:\/\/eldigitaldeasturias.com\/magazine365\/la-directora-general-del-palacio-de-ferias-de-malaga-recibe-el-premio-hermestur\/\" title=\"La directora general del Palacio de Ferias de M\u00e1laga recibe el premio Hermestur\">La directora general del Palacio de Ferias de M\u00e1laga recibe el premio Hermestur<\/a>\n<\/span><\/div>","aioseo_breadcrumb_json":[{"label":"Home","link":"https:\/\/eldigitaldeasturias.com\/magazine365"},{"label":"Noticias y Actualidad","link":"https:\/\/eldigitaldeasturias.com\/magazine365\/category\/noticias-actualidad\/"},{"label":"La directora general del Palacio de Ferias de M\u00e1laga recibe el premio Hermestur","link":"https:\/\/eldigitaldeasturias.com\/magazine365\/la-directora-general-del-palacio-de-ferias-de-malaga-recibe-el-premio-hermestur\/"}],"_links":{"self":[{"href":"https:\/\/eldigitaldeasturias.com\/magazine365\/wp-json\/wp\/v2\/posts\/61461","targetHints":{"allow":["GET"]}}],"collection":[{"href":"https:\/\/eldigitaldeasturias.com\/magazine365\/wp-json\/wp\/v2\/posts"}],"about":[{"href":"https:\/\/eldigitaldeasturias.com\/magazine365\/wp-json\/wp\/v2\/types\/post"}],"author":[{"embeddable":true,"href":"https:\/\/eldigitaldeasturias.com\/magazine365\/wp-json\/wp\/v2\/users\/1"}],"replies":[{"embeddable":true,"href":"https:\/\/eldigitaldeasturias.com\/magazine365\/wp-json\/wp\/v2\/comments?post=61461"}],"version-history":[{"count":0,"href":"https:\/\/eldigitaldeasturias.com\/magazine365\/wp-json\/wp\/v2\/posts\/61461\/revisions"}],"wp:featuredmedia":[{"embeddable":true,"href":"https:\/\/eldigitaldeasturias.com\/magazine365\/wp-json\/wp\/v2\/media\/61462"}],"wp:attachment":[{"href":"https:\/\/eldigitaldeasturias.com\/magazine365\/wp-json\/wp\/v2\/media?parent=61461"}],"wp:term":[{"taxonomy":"category","embeddable":true,"href":"https:\/\/eldigitaldeasturias.com\/magazine365\/wp-json\/wp\/v2\/categories?post=61461"},{"taxonomy":"post_tag","embeddable":true,"href":"https:\/\/eldigitaldeasturias.com\/magazine365\/wp-json\/wp\/v2\/tags?post=61461"}],"curies":[{"name":"wp","href":"https:\/\/api.w.org\/{rel}","templated":true}]}}