{"id":61458,"date":"2016-01-22T18:08:07","date_gmt":"2016-01-22T17:08:07","guid":{"rendered":"http:\/\/eldigitaldeasturias.com\/magazine365\/?p=61458"},"modified":"2016-01-22T18:08:07","modified_gmt":"2016-01-22T17:08:07","slug":"nace-carmona-de-congresos-una-revista-promocional-para-atraer-turismo-de-reuniones","status":"publish","type":"post","link":"https:\/\/eldigitaldeasturias.com\/magazine365\/nace-carmona-de-congresos-una-revista-promocional-para-atraer-turismo-de-reuniones\/","title":{"rendered":"Nace &#8216;Carmona de congresos&#8217;, una revista promocional para atraer turismo de reuniones"},"content":{"rendered":"<p><img fetchpriority=\"high\" decoding=\"async\" class=\"alignleft size-medium wp-image-61459\" src=\"https:\/\/eldigitaldeasturias.com\/magazine365\/wp-content\/uploads\/2016\/01\/fotonoticia_20160120175243_800-360x240.jpg\" alt=\"fotonoticia_20160120175243_800\" width=\"360\" height=\"240\" srcset=\"https:\/\/eldigitaldeasturias.com\/magazine365\/wp-content\/uploads\/2016\/01\/fotonoticia_20160120175243_800-360x240.jpg 360w, https:\/\/eldigitaldeasturias.com\/magazine365\/wp-content\/uploads\/2016\/01\/fotonoticia_20160120175243_800-650x433.jpg 650w, https:\/\/eldigitaldeasturias.com\/magazine365\/wp-content\/uploads\/2016\/01\/fotonoticia_20160120175243_800-768x512.jpg 768w, https:\/\/eldigitaldeasturias.com\/magazine365\/wp-content\/uploads\/2016\/01\/fotonoticia_20160120175243_800-150x100.jpg 150w, https:\/\/eldigitaldeasturias.com\/magazine365\/wp-content\/uploads\/2016\/01\/fotonoticia_20160120175243_800-450x300.jpg 450w, https:\/\/eldigitaldeasturias.com\/magazine365\/wp-content\/uploads\/2016\/01\/fotonoticia_20160120175243_800-696x464.jpg 696w, https:\/\/eldigitaldeasturias.com\/magazine365\/wp-content\/uploads\/2016\/01\/fotonoticia_20160120175243_800-630x420.jpg 630w, https:\/\/eldigitaldeasturias.com\/magazine365\/wp-content\/uploads\/2016\/01\/fotonoticia_20160120175243_800-101x66.jpg 101w, https:\/\/eldigitaldeasturias.com\/magazine365\/wp-content\/uploads\/2016\/01\/fotonoticia_20160120175243_800.jpg 800w\" sizes=\"(max-width: 360px) 100vw, 360px\" \/>El presidente de la Diputaci\u00f3n de Sevilla, Fernando Rodr\u00edguez Villalobos, y el alcalde de Carmona, Juan \u00c1vila Guti\u00e9rrez, han presentado en la Feria Internacional del Turismo &#8216;Carmona de Congresos&#8217;, una revista en la que aparecen todas las infraestructuras, tanto p\u00fablicas como privadas del municipio con capacidad para celebrar congresos o eventos.<\/p>\n<p>La publicaci\u00f3n, que se ha editado en espa\u00f1ol e ingl\u00e9s, consta de 38 p\u00e1ginas a color, en las que tras una introducci\u00f3n sobre la ciudad y un plano de la misma, se describen todas las instalaciones destinadas a turismo de congresos y reuniones acompa\u00f1adas con fotos, plano de situaci\u00f3n y datos t\u00e9cnicos de las mismas.<\/p>\n<p>Seg\u00fan detalla la Diputaci\u00f3n en un comunicado, la ciudad de Carmona ofrece un amplio abanico de instalaciones de calidad para acoger la celebraci\u00f3n de reuniones o cualquier tipo de eventos; edificios hist\u00f3ricos como casas palacios, alc\u00e1zares, haciendas y cortijos, se convierten en un lugar diferente para cualquier acontecimiento.<\/p>\n<p>Precisamente de estos edificios singulares ha hablado el presidente de la Diputaci\u00f3n, quien ha resaltado la importancia de los mismos, ya que \u00abal mismo tiempo que es decisiva\u00bb la aportaci\u00f3n de la provincia a este mercado de las reuniones, con la oferta de establecimientos con \u00abencanto especial\u00bb como los cortijos, haciendas y casas- palacio, son establecimientos que, por su encanto arquitect\u00f3nico y su sabor tradicional, suponen \u00abun valor a\u00f1adido de satisfacci\u00f3n a la hora de la celebraci\u00f3n de una reuni\u00f3n o incentivo\u00bb.<\/p>\n<p>Por otra parte, indica que hay que tener en cuenta que la riqueza patrimonial, natural y cultural de Carmona aporta \u00abpor s\u00ed misma un valor a\u00f1adido durante la estancia en el municipio, adem\u00e1s de existir una gran variedad de actividades en el entorno natural, as\u00ed como sitios \u00fanicos para visitar y una gastronom\u00eda exquisita para degustar\u00bb.<\/p>\n","protected":false},"excerpt":{"rendered":"<p>El presidente de la Diputaci\u00f3n de Sevilla, Fernando Rodr\u00edguez Villalobos, y el alcalde de Carmona, Juan \u00c1vila Guti\u00e9rrez, han presentado en la Feria Internacional del Turismo &#8216;Carmona de Congresos&#8217;, una revista en la que aparecen todas las infraestructuras, tanto p\u00fablicas como privadas del municipio con capacidad para celebrar congresos o eventos. La publicaci\u00f3n, que se<\/p>\n","protected":false},"author":1,"featured_media":61459,"comment_status":"open","ping_status":"closed","sticky":false,"template":"","format":"standard","meta":{"footnotes":""},"categories":[224],"tags":[],"class_list":{"0":"post-61458","1":"post","2":"type-post","3":"status-publish","4":"format-standard","5":"has-post-thumbnail","7":"category-noticias-actualidad"},"aioseo_notices":[],"aioseo_head":"\n\t\t<!-- All in One SEO Pro 4.9.6.1 - aioseo.com -->\n\t<meta name=\"description\" content=\"El presidente de la Diputaci\u00f3n de Sevilla, Fernando Rodr\u00edguez Villalobos, y el alcalde de Carmona, Juan \u00c1vila Guti\u00e9rrez, han presentado en la Feria Internacional del Turismo &#039;Carmona de Congresos&#039;, una revista en la que aparecen todas las infraestructuras, tanto p\u00fablicas como privadas del municipio con capacidad para celebrar congresos o eventos. La publicaci\u00f3n, que se\" \/>\n\t<meta name=\"robots\" content=\"max-image-preview:large\" \/>\n\t<meta name=\"author\" content=\"admin\"\/>\n\t<meta name=\"google-site-verification\" content=\"UA-38556648-1\" \/>\n\t<meta name=\"keywords\" content=\"noticias y actualidad\" \/>\n\t<link rel=\"canonical\" href=\"https:\/\/eldigitaldeasturias.com\/magazine365\/nace-carmona-de-congresos-una-revista-promocional-para-atraer-turismo-de-reuniones\/\" \/>\n\t<meta name=\"generator\" content=\"All in One SEO Pro (AIOSEO) 4.9.6.1\" \/>\n\t\t<meta property=\"og:locale\" content=\"es_ES\" \/>\n\t\t<meta property=\"og:site_name\" content=\"El Digital de Asturias \u2013 Revista de ocio, turismo y estilo de vida\" \/>\n\t\t<meta property=\"og:type\" content=\"article\" \/>\n\t\t<meta property=\"og:title\" content=\"Nace \u2018Carmona de congresos\u2019, una revista promocional para atraer turismo de reuniones | El Digital de Asturias\" \/>\n\t\t<meta property=\"og:description\" content=\"El presidente de la Diputaci\u00f3n de Sevilla, Fernando Rodr\u00edguez Villalobos, y el alcalde de Carmona, Juan \u00c1vila Guti\u00e9rrez, han presentado en la Feria Internacional del Turismo &#039;Carmona de Congresos&#039;, una revista en la que aparecen todas las infraestructuras, tanto p\u00fablicas como privadas del municipio con capacidad para celebrar congresos o eventos. La publicaci\u00f3n, que se\" \/>\n\t\t<meta property=\"og:url\" content=\"https:\/\/eldigitaldeasturias.com\/magazine365\/nace-carmona-de-congresos-una-revista-promocional-para-atraer-turismo-de-reuniones\/\" \/>\n\t\t<meta property=\"og:image\" content=\"https:\/\/eldigitaldeasturias.com\/magazine365\/wp-content\/uploads\/2016\/01\/fotonoticia_20160120175243_800.jpg\" \/>\n\t\t<meta property=\"og:image:secure_url\" content=\"https:\/\/eldigitaldeasturias.com\/magazine365\/wp-content\/uploads\/2016\/01\/fotonoticia_20160120175243_800.jpg\" \/>\n\t\t<meta property=\"og:image:width\" content=\"800\" \/>\n\t\t<meta property=\"og:image:height\" content=\"533\" \/>\n\t\t<meta property=\"article:published_time\" content=\"2016-01-22T17:08:07+00:00\" \/>\n\t\t<meta property=\"article:modified_time\" content=\"2016-01-22T17:08:07+00:00\" \/>\n\t\t<meta name=\"twitter:card\" content=\"summary_large_image\" \/>\n\t\t<meta name=\"twitter:title\" content=\"Nace \u2018Carmona de congresos\u2019, una revista promocional para atraer turismo de reuniones | El Digital de Asturias\" \/>\n\t\t<meta name=\"twitter:description\" content=\"El presidente de la Diputaci\u00f3n de Sevilla, Fernando Rodr\u00edguez Villalobos, y el alcalde de Carmona, Juan \u00c1vila Guti\u00e9rrez, han presentado en la Feria Internacional del Turismo &#039;Carmona de Congresos&#039;, una revista en la que aparecen todas las infraestructuras, tanto p\u00fablicas como privadas del municipio con capacidad para celebrar congresos o eventos. La publicaci\u00f3n, que se\" \/>\n\t\t<meta name=\"twitter:image\" content=\"https:\/\/eldigitaldeasturias.com\/magazine365\/wp-content\/uploads\/2016\/01\/fotonoticia_20160120175243_800.jpg\" \/>\n\t\t<script type=\"application\/ld+json\" class=\"aioseo-schema\">\n\t\t\t{\"@context\":\"https:\\\/\\\/schema.org\",\"@graph\":[{\"@type\":\"Article\",\"@id\":\"https:\\\/\\\/eldigitaldeasturias.com\\\/magazine365\\\/nace-carmona-de-congresos-una-revista-promocional-para-atraer-turismo-de-reuniones\\\/#article\",\"name\":\"Nace \\u2018Carmona de congresos\\u2019, una revista promocional para atraer turismo de reuniones | El Digital de Asturias\",\"headline\":\"Nace &#8216;Carmona de congresos&#8217;, una revista promocional para atraer turismo de reuniones\",\"author\":{\"@id\":\"https:\\\/\\\/eldigitaldeasturias.com\\\/magazine365\\\/author\\\/admin\\\/#author\"},\"publisher\":{\"@id\":\"https:\\\/\\\/eldigitaldeasturias.com\\\/magazine365\\\/#organization\"},\"image\":{\"@type\":\"ImageObject\",\"url\":\"https:\\\/\\\/eldigitaldeasturias.com\\\/magazine365\\\/wp-content\\\/uploads\\\/2016\\\/01\\\/fotonoticia_20160120175243_800.jpg\",\"width\":800,\"height\":533},\"datePublished\":\"2016-01-22T18:08:07+01:00\",\"dateModified\":\"2016-01-22T18:08:07+01:00\",\"inLanguage\":\"es-ES\",\"mainEntityOfPage\":{\"@id\":\"https:\\\/\\\/eldigitaldeasturias.com\\\/magazine365\\\/nace-carmona-de-congresos-una-revista-promocional-para-atraer-turismo-de-reuniones\\\/#webpage\"},\"isPartOf\":{\"@id\":\"https:\\\/\\\/eldigitaldeasturias.com\\\/magazine365\\\/nace-carmona-de-congresos-una-revista-promocional-para-atraer-turismo-de-reuniones\\\/#webpage\"},\"articleSection\":\"Noticias y Actualidad\"},{\"@type\":\"BreadcrumbList\",\"@id\":\"https:\\\/\\\/eldigitaldeasturias.com\\\/magazine365\\\/nace-carmona-de-congresos-una-revista-promocional-para-atraer-turismo-de-reuniones\\\/#breadcrumblist\",\"itemListElement\":[{\"@type\":\"ListItem\",\"@id\":\"https:\\\/\\\/eldigitaldeasturias.com\\\/magazine365#listItem\",\"position\":1,\"name\":\"Home\",\"item\":\"https:\\\/\\\/eldigitaldeasturias.com\\\/magazine365\",\"nextItem\":{\"@type\":\"ListItem\",\"@id\":\"https:\\\/\\\/eldigitaldeasturias.com\\\/magazine365\\\/category\\\/noticias-actualidad\\\/#listItem\",\"name\":\"Noticias y Actualidad\"}},{\"@type\":\"ListItem\",\"@id\":\"https:\\\/\\\/eldigitaldeasturias.com\\\/magazine365\\\/category\\\/noticias-actualidad\\\/#listItem\",\"position\":2,\"name\":\"Noticias y Actualidad\",\"item\":\"https:\\\/\\\/eldigitaldeasturias.com\\\/magazine365\\\/category\\\/noticias-actualidad\\\/\",\"nextItem\":{\"@type\":\"ListItem\",\"@id\":\"https:\\\/\\\/eldigitaldeasturias.com\\\/magazine365\\\/nace-carmona-de-congresos-una-revista-promocional-para-atraer-turismo-de-reuniones\\\/#listItem\",\"name\":\"Nace &#8216;Carmona de congresos&#8217;, una revista promocional para atraer turismo de reuniones\"},\"previousItem\":{\"@type\":\"ListItem\",\"@id\":\"https:\\\/\\\/eldigitaldeasturias.com\\\/magazine365#listItem\",\"name\":\"Home\"}},{\"@type\":\"ListItem\",\"@id\":\"https:\\\/\\\/eldigitaldeasturias.com\\\/magazine365\\\/nace-carmona-de-congresos-una-revista-promocional-para-atraer-turismo-de-reuniones\\\/#listItem\",\"position\":3,\"name\":\"Nace &#8216;Carmona de congresos&#8217;, una revista promocional para atraer turismo de reuniones\",\"previousItem\":{\"@type\":\"ListItem\",\"@id\":\"https:\\\/\\\/eldigitaldeasturias.com\\\/magazine365\\\/category\\\/noticias-actualidad\\\/#listItem\",\"name\":\"Noticias y Actualidad\"}}]},{\"@type\":\"Organization\",\"@id\":\"https:\\\/\\\/eldigitaldeasturias.com\\\/magazine365\\\/#organization\",\"name\":\"El digital de Asturias\",\"description\":\"Revista de ocio, turismo y estilo de vida\",\"url\":\"https:\\\/\\\/eldigitaldeasturias.com\\\/magazine365\\\/\",\"logo\":{\"@type\":\"ImageObject\",\"url\":\"https:\\\/\\\/www.eldigitaldeasturias.com\\\/noticias\\\/wp-content\\\/uploads\\\/2020\\\/12\\\/EDA.jpg\",\"@id\":\"https:\\\/\\\/eldigitaldeasturias.com\\\/magazine365\\\/nace-carmona-de-congresos-una-revista-promocional-para-atraer-turismo-de-reuniones\\\/#organizationLogo\"},\"image\":{\"@id\":\"https:\\\/\\\/eldigitaldeasturias.com\\\/magazine365\\\/nace-carmona-de-congresos-una-revista-promocional-para-atraer-turismo-de-reuniones\\\/#organizationLogo\"}},{\"@type\":\"Person\",\"@id\":\"https:\\\/\\\/eldigitaldeasturias.com\\\/magazine365\\\/author\\\/admin\\\/#author\",\"url\":\"https:\\\/\\\/eldigitaldeasturias.com\\\/magazine365\\\/author\\\/admin\\\/\",\"name\":\"admin\",\"image\":{\"@type\":\"ImageObject\",\"@id\":\"https:\\\/\\\/eldigitaldeasturias.com\\\/magazine365\\\/nace-carmona-de-congresos-una-revista-promocional-para-atraer-turismo-de-reuniones\\\/#authorImage\",\"url\":\"https:\\\/\\\/eldigitaldeasturias.com\\\/magazine365\\\/wp-content\\\/litespeed\\\/avatar\\\/e571bcf59a0edd6fa6838245a470f2fe.jpg?ver=1776969259\",\"width\":96,\"height\":96,\"caption\":\"admin\"}},{\"@type\":\"WebPage\",\"@id\":\"https:\\\/\\\/eldigitaldeasturias.com\\\/magazine365\\\/nace-carmona-de-congresos-una-revista-promocional-para-atraer-turismo-de-reuniones\\\/#webpage\",\"url\":\"https:\\\/\\\/eldigitaldeasturias.com\\\/magazine365\\\/nace-carmona-de-congresos-una-revista-promocional-para-atraer-turismo-de-reuniones\\\/\",\"name\":\"Nace \\u2018Carmona de congresos\\u2019, una revista promocional para atraer turismo de reuniones | El Digital de Asturias\",\"description\":\"El presidente de la Diputaci\\u00f3n de Sevilla, Fernando Rodr\\u00edguez Villalobos, y el alcalde de Carmona, Juan \\u00c1vila Guti\\u00e9rrez, han presentado en la Feria Internacional del Turismo 'Carmona de Congresos', una revista en la que aparecen todas las infraestructuras, tanto p\\u00fablicas como privadas del municipio con capacidad para celebrar congresos o eventos. La publicaci\\u00f3n, que se\",\"inLanguage\":\"es-ES\",\"isPartOf\":{\"@id\":\"https:\\\/\\\/eldigitaldeasturias.com\\\/magazine365\\\/#website\"},\"breadcrumb\":{\"@id\":\"https:\\\/\\\/eldigitaldeasturias.com\\\/magazine365\\\/nace-carmona-de-congresos-una-revista-promocional-para-atraer-turismo-de-reuniones\\\/#breadcrumblist\"},\"author\":{\"@id\":\"https:\\\/\\\/eldigitaldeasturias.com\\\/magazine365\\\/author\\\/admin\\\/#author\"},\"creator\":{\"@id\":\"https:\\\/\\\/eldigitaldeasturias.com\\\/magazine365\\\/author\\\/admin\\\/#author\"},\"image\":{\"@type\":\"ImageObject\",\"url\":\"https:\\\/\\\/eldigitaldeasturias.com\\\/magazine365\\\/wp-content\\\/uploads\\\/2016\\\/01\\\/fotonoticia_20160120175243_800.jpg\",\"@id\":\"https:\\\/\\\/eldigitaldeasturias.com\\\/magazine365\\\/nace-carmona-de-congresos-una-revista-promocional-para-atraer-turismo-de-reuniones\\\/#mainImage\",\"width\":800,\"height\":533},\"primaryImageOfPage\":{\"@id\":\"https:\\\/\\\/eldigitaldeasturias.com\\\/magazine365\\\/nace-carmona-de-congresos-una-revista-promocional-para-atraer-turismo-de-reuniones\\\/#mainImage\"},\"datePublished\":\"2016-01-22T18:08:07+01:00\",\"dateModified\":\"2016-01-22T18:08:07+01:00\"},{\"@type\":\"WebSite\",\"@id\":\"https:\\\/\\\/eldigitaldeasturias.com\\\/magazine365\\\/#website\",\"url\":\"https:\\\/\\\/eldigitaldeasturias.com\\\/magazine365\\\/\",\"name\":\"El Digital de Asturias\",\"description\":\"Revista de ocio, turismo y estilo de vida\",\"inLanguage\":\"es-ES\",\"publisher\":{\"@id\":\"https:\\\/\\\/eldigitaldeasturias.com\\\/magazine365\\\/#organization\"}}]}\n\t\t<\/script>\n\t\t<!-- All in One SEO Pro -->\r\n\t\t<title>Nace \u2018Carmona de congresos\u2019, una revista promocional para atraer turismo de reuniones | El Digital de Asturias<\/title>\n\n","aioseo_head_json":{"title":"Nace \u2018Carmona de congresos\u2019, una revista promocional para atraer turismo de reuniones | El Digital de Asturias","description":"El presidente de la Diputaci\u00f3n de Sevilla, Fernando Rodr\u00edguez Villalobos, y el alcalde de Carmona, Juan \u00c1vila Guti\u00e9rrez, han presentado en la Feria Internacional del Turismo 'Carmona de Congresos', una revista en la que aparecen todas las infraestructuras, tanto p\u00fablicas como privadas del municipio con capacidad para celebrar congresos o eventos. La publicaci\u00f3n, que se","canonical_url":"https:\/\/eldigitaldeasturias.com\/magazine365\/nace-carmona-de-congresos-una-revista-promocional-para-atraer-turismo-de-reuniones\/","robots":"max-image-preview:large","keywords":"noticias y actualidad","webmasterTools":{"google-site-verification":"UA-38556648-1","miscellaneous":""},"schema":{"@context":"https:\/\/schema.org","@graph":[{"@type":"Article","@id":"https:\/\/eldigitaldeasturias.com\/magazine365\/nace-carmona-de-congresos-una-revista-promocional-para-atraer-turismo-de-reuniones\/#article","name":"Nace \u2018Carmona de congresos\u2019, una revista promocional para atraer turismo de reuniones | El Digital de Asturias","headline":"Nace &#8216;Carmona de congresos&#8217;, una revista promocional para atraer turismo de reuniones","author":{"@id":"https:\/\/eldigitaldeasturias.com\/magazine365\/author\/admin\/#author"},"publisher":{"@id":"https:\/\/eldigitaldeasturias.com\/magazine365\/#organization"},"image":{"@type":"ImageObject","url":"https:\/\/eldigitaldeasturias.com\/magazine365\/wp-content\/uploads\/2016\/01\/fotonoticia_20160120175243_800.jpg","width":800,"height":533},"datePublished":"2016-01-22T18:08:07+01:00","dateModified":"2016-01-22T18:08:07+01:00","inLanguage":"es-ES","mainEntityOfPage":{"@id":"https:\/\/eldigitaldeasturias.com\/magazine365\/nace-carmona-de-congresos-una-revista-promocional-para-atraer-turismo-de-reuniones\/#webpage"},"isPartOf":{"@id":"https:\/\/eldigitaldeasturias.com\/magazine365\/nace-carmona-de-congresos-una-revista-promocional-para-atraer-turismo-de-reuniones\/#webpage"},"articleSection":"Noticias y Actualidad"},{"@type":"BreadcrumbList","@id":"https:\/\/eldigitaldeasturias.com\/magazine365\/nace-carmona-de-congresos-una-revista-promocional-para-atraer-turismo-de-reuniones\/#breadcrumblist","itemListElement":[{"@type":"ListItem","@id":"https:\/\/eldigitaldeasturias.com\/magazine365#listItem","position":1,"name":"Home","item":"https:\/\/eldigitaldeasturias.com\/magazine365","nextItem":{"@type":"ListItem","@id":"https:\/\/eldigitaldeasturias.com\/magazine365\/category\/noticias-actualidad\/#listItem","name":"Noticias y Actualidad"}},{"@type":"ListItem","@id":"https:\/\/eldigitaldeasturias.com\/magazine365\/category\/noticias-actualidad\/#listItem","position":2,"name":"Noticias y Actualidad","item":"https:\/\/eldigitaldeasturias.com\/magazine365\/category\/noticias-actualidad\/","nextItem":{"@type":"ListItem","@id":"https:\/\/eldigitaldeasturias.com\/magazine365\/nace-carmona-de-congresos-una-revista-promocional-para-atraer-turismo-de-reuniones\/#listItem","name":"Nace &#8216;Carmona de congresos&#8217;, una revista promocional para atraer turismo de reuniones"},"previousItem":{"@type":"ListItem","@id":"https:\/\/eldigitaldeasturias.com\/magazine365#listItem","name":"Home"}},{"@type":"ListItem","@id":"https:\/\/eldigitaldeasturias.com\/magazine365\/nace-carmona-de-congresos-una-revista-promocional-para-atraer-turismo-de-reuniones\/#listItem","position":3,"name":"Nace &#8216;Carmona de congresos&#8217;, una revista promocional para atraer turismo de reuniones","previousItem":{"@type":"ListItem","@id":"https:\/\/eldigitaldeasturias.com\/magazine365\/category\/noticias-actualidad\/#listItem","name":"Noticias y Actualidad"}}]},{"@type":"Organization","@id":"https:\/\/eldigitaldeasturias.com\/magazine365\/#organization","name":"El digital de Asturias","description":"Revista de ocio, turismo y estilo de vida","url":"https:\/\/eldigitaldeasturias.com\/magazine365\/","logo":{"@type":"ImageObject","url":"https:\/\/www.eldigitaldeasturias.com\/noticias\/wp-content\/uploads\/2020\/12\/EDA.jpg","@id":"https:\/\/eldigitaldeasturias.com\/magazine365\/nace-carmona-de-congresos-una-revista-promocional-para-atraer-turismo-de-reuniones\/#organizationLogo"},"image":{"@id":"https:\/\/eldigitaldeasturias.com\/magazine365\/nace-carmona-de-congresos-una-revista-promocional-para-atraer-turismo-de-reuniones\/#organizationLogo"}},{"@type":"Person","@id":"https:\/\/eldigitaldeasturias.com\/magazine365\/author\/admin\/#author","url":"https:\/\/eldigitaldeasturias.com\/magazine365\/author\/admin\/","name":"admin","image":{"@type":"ImageObject","@id":"https:\/\/eldigitaldeasturias.com\/magazine365\/nace-carmona-de-congresos-una-revista-promocional-para-atraer-turismo-de-reuniones\/#authorImage","url":"https:\/\/eldigitaldeasturias.com\/magazine365\/wp-content\/litespeed\/avatar\/e571bcf59a0edd6fa6838245a470f2fe.jpg?ver=1776969259","width":96,"height":96,"caption":"admin"}},{"@type":"WebPage","@id":"https:\/\/eldigitaldeasturias.com\/magazine365\/nace-carmona-de-congresos-una-revista-promocional-para-atraer-turismo-de-reuniones\/#webpage","url":"https:\/\/eldigitaldeasturias.com\/magazine365\/nace-carmona-de-congresos-una-revista-promocional-para-atraer-turismo-de-reuniones\/","name":"Nace \u2018Carmona de congresos\u2019, una revista promocional para atraer turismo de reuniones | El Digital de Asturias","description":"El presidente de la Diputaci\u00f3n de Sevilla, Fernando Rodr\u00edguez Villalobos, y el alcalde de Carmona, Juan \u00c1vila Guti\u00e9rrez, han presentado en la Feria Internacional del Turismo 'Carmona de Congresos', una revista en la que aparecen todas las infraestructuras, tanto p\u00fablicas como privadas del municipio con capacidad para celebrar congresos o eventos. La publicaci\u00f3n, que se","inLanguage":"es-ES","isPartOf":{"@id":"https:\/\/eldigitaldeasturias.com\/magazine365\/#website"},"breadcrumb":{"@id":"https:\/\/eldigitaldeasturias.com\/magazine365\/nace-carmona-de-congresos-una-revista-promocional-para-atraer-turismo-de-reuniones\/#breadcrumblist"},"author":{"@id":"https:\/\/eldigitaldeasturias.com\/magazine365\/author\/admin\/#author"},"creator":{"@id":"https:\/\/eldigitaldeasturias.com\/magazine365\/author\/admin\/#author"},"image":{"@type":"ImageObject","url":"https:\/\/eldigitaldeasturias.com\/magazine365\/wp-content\/uploads\/2016\/01\/fotonoticia_20160120175243_800.jpg","@id":"https:\/\/eldigitaldeasturias.com\/magazine365\/nace-carmona-de-congresos-una-revista-promocional-para-atraer-turismo-de-reuniones\/#mainImage","width":800,"height":533},"primaryImageOfPage":{"@id":"https:\/\/eldigitaldeasturias.com\/magazine365\/nace-carmona-de-congresos-una-revista-promocional-para-atraer-turismo-de-reuniones\/#mainImage"},"datePublished":"2016-01-22T18:08:07+01:00","dateModified":"2016-01-22T18:08:07+01:00"},{"@type":"WebSite","@id":"https:\/\/eldigitaldeasturias.com\/magazine365\/#website","url":"https:\/\/eldigitaldeasturias.com\/magazine365\/","name":"El Digital de Asturias","description":"Revista de ocio, turismo y estilo de vida","inLanguage":"es-ES","publisher":{"@id":"https:\/\/eldigitaldeasturias.com\/magazine365\/#organization"}}]},"og:locale":"es_ES","og:site_name":"El Digital de Asturias \u2013 Revista de ocio, turismo y estilo de vida","og:type":"article","og:title":"Nace \u2018Carmona de congresos\u2019, una revista promocional para atraer turismo de reuniones | El Digital de Asturias","og:description":"El presidente de la Diputaci\u00f3n de Sevilla, Fernando Rodr\u00edguez Villalobos, y el alcalde de Carmona, Juan \u00c1vila Guti\u00e9rrez, han presentado en la Feria Internacional del Turismo 'Carmona de Congresos', una revista en la que aparecen todas las infraestructuras, tanto p\u00fablicas como privadas del municipio con capacidad para celebrar congresos o eventos. La publicaci\u00f3n, que se","og:url":"https:\/\/eldigitaldeasturias.com\/magazine365\/nace-carmona-de-congresos-una-revista-promocional-para-atraer-turismo-de-reuniones\/","og:image":"https:\/\/eldigitaldeasturias.com\/magazine365\/wp-content\/uploads\/2016\/01\/fotonoticia_20160120175243_800.jpg","og:image:secure_url":"https:\/\/eldigitaldeasturias.com\/magazine365\/wp-content\/uploads\/2016\/01\/fotonoticia_20160120175243_800.jpg","og:image:width":800,"og:image:height":533,"article:published_time":"2016-01-22T17:08:07+00:00","article:modified_time":"2016-01-22T17:08:07+00:00","twitter:card":"summary_large_image","twitter:title":"Nace \u2018Carmona de congresos\u2019, una revista promocional para atraer turismo de reuniones | El Digital de Asturias","twitter:description":"El presidente de la Diputaci\u00f3n de Sevilla, Fernando Rodr\u00edguez Villalobos, y el alcalde de Carmona, Juan \u00c1vila Guti\u00e9rrez, han presentado en la Feria Internacional del Turismo 'Carmona de Congresos', una revista en la que aparecen todas las infraestructuras, tanto p\u00fablicas como privadas del municipio con capacidad para celebrar congresos o eventos. La publicaci\u00f3n, que se","twitter:image":"https:\/\/eldigitaldeasturias.com\/magazine365\/wp-content\/uploads\/2016\/01\/fotonoticia_20160120175243_800.jpg"},"aioseo_meta_data":{"post_id":"61458","title":null,"description":null,"keywords":null,"keyphrases":null,"primary_term":null,"canonical_url":null,"og_title":null,"og_description":null,"og_object_type":"default","og_image_type":"default","og_image_url":null,"og_image_width":null,"og_image_height":null,"og_image_custom_url":null,"og_image_custom_fields":null,"og_video":null,"og_custom_url":null,"og_article_section":null,"og_article_tags":null,"twitter_use_og":false,"twitter_card":"default","twitter_image_type":"default","twitter_image_url":null,"twitter_image_custom_url":null,"twitter_image_custom_fields":null,"twitter_title":null,"twitter_description":null,"schema":{"blockGraphs":[],"customGraphs":[],"default":{"data":{"Article":[],"Course":[],"Dataset":[],"FAQPage":[],"Movie":[],"Person":[],"Product":[],"ProductReview":[],"Car":[],"Recipe":[],"Service":[],"SoftwareApplication":[],"WebPage":[]},"graphName":"","isEnabled":true},"graphs":[]},"schema_type":null,"schema_type_options":null,"pillar_content":false,"robots_default":true,"robots_noindex":false,"robots_noarchive":false,"robots_nosnippet":false,"robots_nofollow":false,"robots_noimageindex":false,"robots_noodp":false,"robots_notranslate":false,"robots_max_snippet":null,"robots_max_videopreview":null,"robots_max_imagepreview":"large","priority":null,"frequency":null,"location":null,"local_seo":null,"seo_analyzer_scan_date":"2025-09-25 09:02:02","breadcrumb_settings":null,"limit_modified_date":false,"open_ai":null,"ai":null,"created":"2021-03-08 21:50:00","updated":"2025-09-25 09:02:02"},"aioseo_breadcrumb":"<div class=\"aioseo-breadcrumbs\"><span class=\"aioseo-breadcrumb\">\n\t<a href=\"https:\/\/eldigitaldeasturias.com\/magazine365\" title=\"Home\">Home<\/a>\n<\/span><span class=\"aioseo-breadcrumb-separator\">\u2013<\/span><span class=\"aioseo-breadcrumb\">\n\t<a href=\"https:\/\/eldigitaldeasturias.com\/magazine365\/category\/noticias-actualidad\/\" title=\"Noticias y Actualidad\">Noticias y Actualidad<\/a>\n<\/span><span class=\"aioseo-breadcrumb-separator\">\u2013<\/span><span class=\"aioseo-breadcrumb\">\n\t<a href=\"https:\/\/eldigitaldeasturias.com\/magazine365\/nace-carmona-de-congresos-una-revista-promocional-para-atraer-turismo-de-reuniones\/\" title=\"Nace \u2018Carmona de congresos\u2019, una revista promocional para atraer turismo de reuniones\">Nace \u2018Carmona de congresos\u2019, una revista promocional para atraer turismo de reuniones<\/a>\n<\/span><\/div>","aioseo_breadcrumb_json":[{"label":"Home","link":"https:\/\/eldigitaldeasturias.com\/magazine365"},{"label":"Noticias y Actualidad","link":"https:\/\/eldigitaldeasturias.com\/magazine365\/category\/noticias-actualidad\/"},{"label":"Nace &#8216;Carmona de congresos&#8217;, una revista promocional para atraer turismo de reuniones","link":"https:\/\/eldigitaldeasturias.com\/magazine365\/nace-carmona-de-congresos-una-revista-promocional-para-atraer-turismo-de-reuniones\/"}],"_links":{"self":[{"href":"https:\/\/eldigitaldeasturias.com\/magazine365\/wp-json\/wp\/v2\/posts\/61458","targetHints":{"allow":["GET"]}}],"collection":[{"href":"https:\/\/eldigitaldeasturias.com\/magazine365\/wp-json\/wp\/v2\/posts"}],"about":[{"href":"https:\/\/eldigitaldeasturias.com\/magazine365\/wp-json\/wp\/v2\/types\/post"}],"author":[{"embeddable":true,"href":"https:\/\/eldigitaldeasturias.com\/magazine365\/wp-json\/wp\/v2\/users\/1"}],"replies":[{"embeddable":true,"href":"https:\/\/eldigitaldeasturias.com\/magazine365\/wp-json\/wp\/v2\/comments?post=61458"}],"version-history":[{"count":0,"href":"https:\/\/eldigitaldeasturias.com\/magazine365\/wp-json\/wp\/v2\/posts\/61458\/revisions"}],"wp:featuredmedia":[{"embeddable":true,"href":"https:\/\/eldigitaldeasturias.com\/magazine365\/wp-json\/wp\/v2\/media\/61459"}],"wp:attachment":[{"href":"https:\/\/eldigitaldeasturias.com\/magazine365\/wp-json\/wp\/v2\/media?parent=61458"}],"wp:term":[{"taxonomy":"category","embeddable":true,"href":"https:\/\/eldigitaldeasturias.com\/magazine365\/wp-json\/wp\/v2\/categories?post=61458"},{"taxonomy":"post_tag","embeddable":true,"href":"https:\/\/eldigitaldeasturias.com\/magazine365\/wp-json\/wp\/v2\/tags?post=61458"}],"curies":[{"name":"wp","href":"https:\/\/api.w.org\/{rel}","templated":true}]}}