{"id":61455,"date":"2016-01-22T18:07:17","date_gmt":"2016-01-22T17:07:17","guid":{"rendered":"http:\/\/eldigitaldeasturias.com\/magazine365\/?p=61455"},"modified":"2016-01-22T18:07:17","modified_gmt":"2016-01-22T17:07:17","slug":"el-camino-de-santiago-ruta-accesible-y-referente-internacional-en-el-ano-de-la-misericordia","status":"publish","type":"post","link":"https:\/\/eldigitaldeasturias.com\/magazine365\/el-camino-de-santiago-ruta-accesible-y-referente-internacional-en-el-ano-de-la-misericordia\/","title":{"rendered":"El Camino de Santiago, ruta accesible y referente internacional en el A\u00f1o de la Misericordia"},"content":{"rendered":"<p><img fetchpriority=\"high\" decoding=\"async\" class=\"alignleft size-medium wp-image-61456\" src=\"https:\/\/eldigitaldeasturias.com\/magazine365\/wp-content\/uploads\/2016\/01\/fotonoticia_20160120174014_800-360x259.jpg\" alt=\"fotonoticia_20160120174014_800\" width=\"360\" height=\"259\" srcset=\"https:\/\/eldigitaldeasturias.com\/magazine365\/wp-content\/uploads\/2016\/01\/fotonoticia_20160120174014_800-360x259.jpg 360w, https:\/\/eldigitaldeasturias.com\/magazine365\/wp-content\/uploads\/2016\/01\/fotonoticia_20160120174014_800-650x468.jpg 650w, https:\/\/eldigitaldeasturias.com\/magazine365\/wp-content\/uploads\/2016\/01\/fotonoticia_20160120174014_800-768x553.jpg 768w, https:\/\/eldigitaldeasturias.com\/magazine365\/wp-content\/uploads\/2016\/01\/fotonoticia_20160120174014_800-150x108.jpg 150w, https:\/\/eldigitaldeasturias.com\/magazine365\/wp-content\/uploads\/2016\/01\/fotonoticia_20160120174014_800-450x324.jpg 450w, https:\/\/eldigitaldeasturias.com\/magazine365\/wp-content\/uploads\/2016\/01\/fotonoticia_20160120174014_800-696x501.jpg 696w, https:\/\/eldigitaldeasturias.com\/magazine365\/wp-content\/uploads\/2016\/01\/fotonoticia_20160120174014_800-583x420.jpg 583w, https:\/\/eldigitaldeasturias.com\/magazine365\/wp-content\/uploads\/2016\/01\/fotonoticia_20160120174014_800.jpg 800w\" sizes=\"(max-width: 360px) 100vw, 360px\" \/>El Camino de Santiago ha sido este mi\u00e9rcoles uno de los grandes protagonistas del espacio dedicado a Galicia en la Feria Internacional de Turismo de Madrid, Fitur, donde se ha presentado como una ruta accesible y como un referente internacional coincidiendo con la celebraci\u00f3n del A\u00f1o de la Misericordia.<\/p>\n<p>La directora de Turismo de Galicia, Nava Castro, ha estado en Madrid para destacar que este Jubileo extraordinario \u00abensalzar\u00e1\u00bb los valores del Camino hasta el pr\u00f3ximo A\u00f1o Santo, en 2021.<\/p>\n<p>\u00abLa amabilidad, la asistencia al necesitado, el compa\u00f1erismo o la solidaridad son algunos de los elementos que se manifiestan en el Camino y que est\u00e1n \u00edntimamente relacionados con la Misericordia\u00bb, ha destacado Nava Castro, quien ha destacado que conf\u00eda en que la afluencia de peregrinos permita alcanzar este a\u00f1o los cinco millones de viajeros en Galicia.<\/p>\n<p>CAMINO ACCESIBLE<\/p>\n<p>El stand de Galicia ha acogido la presentaci\u00f3n de la Gu\u00eda del Camino de Santiago Accesible, un documento que facilita a las personas con diferentes discapacidades informaci\u00f3n concreta sobre la accesibilidad del Camino y de la oferta tur\u00edstica complementaria.<\/p>\n<p>Gracias a esta gu\u00eda, los turistas con discapacidad o con necesidades especiales dispondr\u00e1n de informaci\u00f3n sobre la accesibilidad de distintas etapas y de los recursos tur\u00edsticos, facilitando la planificaci\u00f3n de la experiencia.<\/p>\n<p>KUMANO KODO<\/p>\n<p>Del mismo modo, el espacio gallego ha albergado una presentaci\u00f3n sobre la ruta de peregrinaci\u00f3n japonesa Kumano Kodo, hermanada con el Camino de Santiago desde 1998.<\/p>\n<p>Durante el acto, Nava Castro ha destacado los \u00abnumerosos actos\u00bb e intercambios realizados a lo largo de estos a\u00f1os con el pa\u00eds nip\u00f3n, algo que demuestra las \u00abbuenas relaciones mantenidas\u00bb entre la prefectura de Wakayama y la Comunidad.<\/p>\n","protected":false},"excerpt":{"rendered":"<p>El Camino de Santiago ha sido este mi\u00e9rcoles uno de los grandes protagonistas del espacio dedicado a Galicia en la Feria Internacional de Turismo de Madrid, Fitur, donde se ha presentado como una ruta accesible y como un referente internacional coincidiendo con la celebraci\u00f3n del A\u00f1o de la Misericordia. La directora de Turismo de Galicia,<\/p>\n","protected":false},"author":1,"featured_media":61456,"comment_status":"open","ping_status":"closed","sticky":false,"template":"","format":"standard","meta":{"footnotes":""},"categories":[224],"tags":[],"class_list":{"0":"post-61455","1":"post","2":"type-post","3":"status-publish","4":"format-standard","5":"has-post-thumbnail","7":"category-noticias-actualidad"},"aioseo_notices":[],"aioseo_head":"\n\t\t<!-- All in One SEO Pro 4.9.6.1 - aioseo.com -->\n\t<meta name=\"description\" content=\"El Camino de Santiago ha sido este mi\u00e9rcoles uno de los grandes protagonistas del espacio dedicado a Galicia en la Feria Internacional de Turismo de Madrid, Fitur, donde se ha presentado como una ruta accesible y como un referente internacional coincidiendo con la celebraci\u00f3n del A\u00f1o de la Misericordia. La directora de Turismo de Galicia,\" \/>\n\t<meta name=\"robots\" content=\"max-image-preview:large\" \/>\n\t<meta name=\"author\" content=\"admin\"\/>\n\t<meta name=\"google-site-verification\" content=\"UA-38556648-1\" \/>\n\t<meta name=\"keywords\" content=\"noticias y actualidad\" \/>\n\t<link rel=\"canonical\" href=\"https:\/\/eldigitaldeasturias.com\/magazine365\/el-camino-de-santiago-ruta-accesible-y-referente-internacional-en-el-ano-de-la-misericordia\/\" \/>\n\t<meta name=\"generator\" content=\"All in One SEO Pro (AIOSEO) 4.9.6.1\" \/>\n\t\t<meta property=\"og:locale\" content=\"es_ES\" \/>\n\t\t<meta property=\"og:site_name\" content=\"El Digital de Asturias \u2013 Revista de ocio, turismo y estilo de vida\" \/>\n\t\t<meta property=\"og:type\" content=\"article\" \/>\n\t\t<meta property=\"og:title\" content=\"El Camino de Santiago, ruta accesible y referente internacional en el A\u00f1o de la Misericordia | El Digital de Asturias\" \/>\n\t\t<meta property=\"og:description\" content=\"El Camino de Santiago ha sido este mi\u00e9rcoles uno de los grandes protagonistas del espacio dedicado a Galicia en la Feria Internacional de Turismo de Madrid, Fitur, donde se ha presentado como una ruta accesible y como un referente internacional coincidiendo con la celebraci\u00f3n del A\u00f1o de la Misericordia. La directora de Turismo de Galicia,\" \/>\n\t\t<meta property=\"og:url\" content=\"https:\/\/eldigitaldeasturias.com\/magazine365\/el-camino-de-santiago-ruta-accesible-y-referente-internacional-en-el-ano-de-la-misericordia\/\" \/>\n\t\t<meta property=\"og:image\" content=\"https:\/\/eldigitaldeasturias.com\/magazine365\/wp-content\/uploads\/2016\/01\/fotonoticia_20160120174014_800.jpg\" \/>\n\t\t<meta property=\"og:image:secure_url\" content=\"https:\/\/eldigitaldeasturias.com\/magazine365\/wp-content\/uploads\/2016\/01\/fotonoticia_20160120174014_800.jpg\" \/>\n\t\t<meta property=\"og:image:width\" content=\"800\" \/>\n\t\t<meta property=\"og:image:height\" content=\"576\" \/>\n\t\t<meta property=\"article:published_time\" content=\"2016-01-22T17:07:17+00:00\" \/>\n\t\t<meta property=\"article:modified_time\" content=\"2016-01-22T17:07:17+00:00\" \/>\n\t\t<meta name=\"twitter:card\" content=\"summary_large_image\" \/>\n\t\t<meta name=\"twitter:title\" content=\"El Camino de Santiago, ruta accesible y referente internacional en el A\u00f1o de la Misericordia | El Digital de Asturias\" \/>\n\t\t<meta name=\"twitter:description\" content=\"El Camino de Santiago ha sido este mi\u00e9rcoles uno de los grandes protagonistas del espacio dedicado a Galicia en la Feria Internacional de Turismo de Madrid, Fitur, donde se ha presentado como una ruta accesible y como un referente internacional coincidiendo con la celebraci\u00f3n del A\u00f1o de la Misericordia. La directora de Turismo de Galicia,\" \/>\n\t\t<meta name=\"twitter:image\" content=\"https:\/\/eldigitaldeasturias.com\/magazine365\/wp-content\/uploads\/2016\/01\/fotonoticia_20160120174014_800.jpg\" \/>\n\t\t<script type=\"application\/ld+json\" class=\"aioseo-schema\">\n\t\t\t{\"@context\":\"https:\\\/\\\/schema.org\",\"@graph\":[{\"@type\":\"Article\",\"@id\":\"https:\\\/\\\/eldigitaldeasturias.com\\\/magazine365\\\/el-camino-de-santiago-ruta-accesible-y-referente-internacional-en-el-ano-de-la-misericordia\\\/#article\",\"name\":\"El Camino de Santiago, ruta accesible y referente internacional en el A\\u00f1o de la Misericordia | El Digital de Asturias\",\"headline\":\"El Camino de Santiago, ruta accesible y referente internacional en el A\\u00f1o de la Misericordia\",\"author\":{\"@id\":\"https:\\\/\\\/eldigitaldeasturias.com\\\/magazine365\\\/author\\\/admin\\\/#author\"},\"publisher\":{\"@id\":\"https:\\\/\\\/eldigitaldeasturias.com\\\/magazine365\\\/#organization\"},\"image\":{\"@type\":\"ImageObject\",\"url\":\"https:\\\/\\\/eldigitaldeasturias.com\\\/magazine365\\\/wp-content\\\/uploads\\\/2016\\\/01\\\/fotonoticia_20160120174014_800.jpg\",\"width\":800,\"height\":576},\"datePublished\":\"2016-01-22T18:07:17+01:00\",\"dateModified\":\"2016-01-22T18:07:17+01:00\",\"inLanguage\":\"es-ES\",\"mainEntityOfPage\":{\"@id\":\"https:\\\/\\\/eldigitaldeasturias.com\\\/magazine365\\\/el-camino-de-santiago-ruta-accesible-y-referente-internacional-en-el-ano-de-la-misericordia\\\/#webpage\"},\"isPartOf\":{\"@id\":\"https:\\\/\\\/eldigitaldeasturias.com\\\/magazine365\\\/el-camino-de-santiago-ruta-accesible-y-referente-internacional-en-el-ano-de-la-misericordia\\\/#webpage\"},\"articleSection\":\"Noticias y Actualidad\"},{\"@type\":\"BreadcrumbList\",\"@id\":\"https:\\\/\\\/eldigitaldeasturias.com\\\/magazine365\\\/el-camino-de-santiago-ruta-accesible-y-referente-internacional-en-el-ano-de-la-misericordia\\\/#breadcrumblist\",\"itemListElement\":[{\"@type\":\"ListItem\",\"@id\":\"https:\\\/\\\/eldigitaldeasturias.com\\\/magazine365#listItem\",\"position\":1,\"name\":\"Home\",\"item\":\"https:\\\/\\\/eldigitaldeasturias.com\\\/magazine365\",\"nextItem\":{\"@type\":\"ListItem\",\"@id\":\"https:\\\/\\\/eldigitaldeasturias.com\\\/magazine365\\\/category\\\/noticias-actualidad\\\/#listItem\",\"name\":\"Noticias y Actualidad\"}},{\"@type\":\"ListItem\",\"@id\":\"https:\\\/\\\/eldigitaldeasturias.com\\\/magazine365\\\/category\\\/noticias-actualidad\\\/#listItem\",\"position\":2,\"name\":\"Noticias y Actualidad\",\"item\":\"https:\\\/\\\/eldigitaldeasturias.com\\\/magazine365\\\/category\\\/noticias-actualidad\\\/\",\"nextItem\":{\"@type\":\"ListItem\",\"@id\":\"https:\\\/\\\/eldigitaldeasturias.com\\\/magazine365\\\/el-camino-de-santiago-ruta-accesible-y-referente-internacional-en-el-ano-de-la-misericordia\\\/#listItem\",\"name\":\"El Camino de Santiago, ruta accesible y referente internacional en el A\\u00f1o de la Misericordia\"},\"previousItem\":{\"@type\":\"ListItem\",\"@id\":\"https:\\\/\\\/eldigitaldeasturias.com\\\/magazine365#listItem\",\"name\":\"Home\"}},{\"@type\":\"ListItem\",\"@id\":\"https:\\\/\\\/eldigitaldeasturias.com\\\/magazine365\\\/el-camino-de-santiago-ruta-accesible-y-referente-internacional-en-el-ano-de-la-misericordia\\\/#listItem\",\"position\":3,\"name\":\"El Camino de Santiago, ruta accesible y referente internacional en el A\\u00f1o de la Misericordia\",\"previousItem\":{\"@type\":\"ListItem\",\"@id\":\"https:\\\/\\\/eldigitaldeasturias.com\\\/magazine365\\\/category\\\/noticias-actualidad\\\/#listItem\",\"name\":\"Noticias y Actualidad\"}}]},{\"@type\":\"Organization\",\"@id\":\"https:\\\/\\\/eldigitaldeasturias.com\\\/magazine365\\\/#organization\",\"name\":\"El digital de Asturias\",\"description\":\"Revista de ocio, turismo y estilo de vida\",\"url\":\"https:\\\/\\\/eldigitaldeasturias.com\\\/magazine365\\\/\",\"logo\":{\"@type\":\"ImageObject\",\"url\":\"https:\\\/\\\/www.eldigitaldeasturias.com\\\/noticias\\\/wp-content\\\/uploads\\\/2020\\\/12\\\/EDA.jpg\",\"@id\":\"https:\\\/\\\/eldigitaldeasturias.com\\\/magazine365\\\/el-camino-de-santiago-ruta-accesible-y-referente-internacional-en-el-ano-de-la-misericordia\\\/#organizationLogo\"},\"image\":{\"@id\":\"https:\\\/\\\/eldigitaldeasturias.com\\\/magazine365\\\/el-camino-de-santiago-ruta-accesible-y-referente-internacional-en-el-ano-de-la-misericordia\\\/#organizationLogo\"}},{\"@type\":\"Person\",\"@id\":\"https:\\\/\\\/eldigitaldeasturias.com\\\/magazine365\\\/author\\\/admin\\\/#author\",\"url\":\"https:\\\/\\\/eldigitaldeasturias.com\\\/magazine365\\\/author\\\/admin\\\/\",\"name\":\"admin\",\"image\":{\"@type\":\"ImageObject\",\"@id\":\"https:\\\/\\\/eldigitaldeasturias.com\\\/magazine365\\\/el-camino-de-santiago-ruta-accesible-y-referente-internacional-en-el-ano-de-la-misericordia\\\/#authorImage\",\"url\":\"https:\\\/\\\/eldigitaldeasturias.com\\\/magazine365\\\/wp-content\\\/litespeed\\\/avatar\\\/e571bcf59a0edd6fa6838245a470f2fe.jpg?ver=1776969259\",\"width\":96,\"height\":96,\"caption\":\"admin\"}},{\"@type\":\"WebPage\",\"@id\":\"https:\\\/\\\/eldigitaldeasturias.com\\\/magazine365\\\/el-camino-de-santiago-ruta-accesible-y-referente-internacional-en-el-ano-de-la-misericordia\\\/#webpage\",\"url\":\"https:\\\/\\\/eldigitaldeasturias.com\\\/magazine365\\\/el-camino-de-santiago-ruta-accesible-y-referente-internacional-en-el-ano-de-la-misericordia\\\/\",\"name\":\"El Camino de Santiago, ruta accesible y referente internacional en el A\\u00f1o de la Misericordia | El Digital de Asturias\",\"description\":\"El Camino de Santiago ha sido este mi\\u00e9rcoles uno de los grandes protagonistas del espacio dedicado a Galicia en la Feria Internacional de Turismo de Madrid, Fitur, donde se ha presentado como una ruta accesible y como un referente internacional coincidiendo con la celebraci\\u00f3n del A\\u00f1o de la Misericordia. La directora de Turismo de Galicia,\",\"inLanguage\":\"es-ES\",\"isPartOf\":{\"@id\":\"https:\\\/\\\/eldigitaldeasturias.com\\\/magazine365\\\/#website\"},\"breadcrumb\":{\"@id\":\"https:\\\/\\\/eldigitaldeasturias.com\\\/magazine365\\\/el-camino-de-santiago-ruta-accesible-y-referente-internacional-en-el-ano-de-la-misericordia\\\/#breadcrumblist\"},\"author\":{\"@id\":\"https:\\\/\\\/eldigitaldeasturias.com\\\/magazine365\\\/author\\\/admin\\\/#author\"},\"creator\":{\"@id\":\"https:\\\/\\\/eldigitaldeasturias.com\\\/magazine365\\\/author\\\/admin\\\/#author\"},\"image\":{\"@type\":\"ImageObject\",\"url\":\"https:\\\/\\\/eldigitaldeasturias.com\\\/magazine365\\\/wp-content\\\/uploads\\\/2016\\\/01\\\/fotonoticia_20160120174014_800.jpg\",\"@id\":\"https:\\\/\\\/eldigitaldeasturias.com\\\/magazine365\\\/el-camino-de-santiago-ruta-accesible-y-referente-internacional-en-el-ano-de-la-misericordia\\\/#mainImage\",\"width\":800,\"height\":576},\"primaryImageOfPage\":{\"@id\":\"https:\\\/\\\/eldigitaldeasturias.com\\\/magazine365\\\/el-camino-de-santiago-ruta-accesible-y-referente-internacional-en-el-ano-de-la-misericordia\\\/#mainImage\"},\"datePublished\":\"2016-01-22T18:07:17+01:00\",\"dateModified\":\"2016-01-22T18:07:17+01:00\"},{\"@type\":\"WebSite\",\"@id\":\"https:\\\/\\\/eldigitaldeasturias.com\\\/magazine365\\\/#website\",\"url\":\"https:\\\/\\\/eldigitaldeasturias.com\\\/magazine365\\\/\",\"name\":\"El Digital de Asturias\",\"description\":\"Revista de ocio, turismo y estilo de vida\",\"inLanguage\":\"es-ES\",\"publisher\":{\"@id\":\"https:\\\/\\\/eldigitaldeasturias.com\\\/magazine365\\\/#organization\"}}]}\n\t\t<\/script>\n\t\t<!-- All in One SEO Pro -->\r\n\t\t<title>El Camino de Santiago, ruta accesible y referente internacional en el A\u00f1o de la Misericordia | El Digital de Asturias<\/title>\n\n","aioseo_head_json":{"title":"El Camino de Santiago, ruta accesible y referente internacional en el A\u00f1o de la Misericordia | El Digital de Asturias","description":"El Camino de Santiago ha sido este mi\u00e9rcoles uno de los grandes protagonistas del espacio dedicado a Galicia en la Feria Internacional de Turismo de Madrid, Fitur, donde se ha presentado como una ruta accesible y como un referente internacional coincidiendo con la celebraci\u00f3n del A\u00f1o de la Misericordia. La directora de Turismo de Galicia,","canonical_url":"https:\/\/eldigitaldeasturias.com\/magazine365\/el-camino-de-santiago-ruta-accesible-y-referente-internacional-en-el-ano-de-la-misericordia\/","robots":"max-image-preview:large","keywords":"noticias y actualidad","webmasterTools":{"google-site-verification":"UA-38556648-1","miscellaneous":""},"schema":{"@context":"https:\/\/schema.org","@graph":[{"@type":"Article","@id":"https:\/\/eldigitaldeasturias.com\/magazine365\/el-camino-de-santiago-ruta-accesible-y-referente-internacional-en-el-ano-de-la-misericordia\/#article","name":"El Camino de Santiago, ruta accesible y referente internacional en el A\u00f1o de la Misericordia | El Digital de Asturias","headline":"El Camino de Santiago, ruta accesible y referente internacional en el A\u00f1o de la Misericordia","author":{"@id":"https:\/\/eldigitaldeasturias.com\/magazine365\/author\/admin\/#author"},"publisher":{"@id":"https:\/\/eldigitaldeasturias.com\/magazine365\/#organization"},"image":{"@type":"ImageObject","url":"https:\/\/eldigitaldeasturias.com\/magazine365\/wp-content\/uploads\/2016\/01\/fotonoticia_20160120174014_800.jpg","width":800,"height":576},"datePublished":"2016-01-22T18:07:17+01:00","dateModified":"2016-01-22T18:07:17+01:00","inLanguage":"es-ES","mainEntityOfPage":{"@id":"https:\/\/eldigitaldeasturias.com\/magazine365\/el-camino-de-santiago-ruta-accesible-y-referente-internacional-en-el-ano-de-la-misericordia\/#webpage"},"isPartOf":{"@id":"https:\/\/eldigitaldeasturias.com\/magazine365\/el-camino-de-santiago-ruta-accesible-y-referente-internacional-en-el-ano-de-la-misericordia\/#webpage"},"articleSection":"Noticias y Actualidad"},{"@type":"BreadcrumbList","@id":"https:\/\/eldigitaldeasturias.com\/magazine365\/el-camino-de-santiago-ruta-accesible-y-referente-internacional-en-el-ano-de-la-misericordia\/#breadcrumblist","itemListElement":[{"@type":"ListItem","@id":"https:\/\/eldigitaldeasturias.com\/magazine365#listItem","position":1,"name":"Home","item":"https:\/\/eldigitaldeasturias.com\/magazine365","nextItem":{"@type":"ListItem","@id":"https:\/\/eldigitaldeasturias.com\/magazine365\/category\/noticias-actualidad\/#listItem","name":"Noticias y Actualidad"}},{"@type":"ListItem","@id":"https:\/\/eldigitaldeasturias.com\/magazine365\/category\/noticias-actualidad\/#listItem","position":2,"name":"Noticias y Actualidad","item":"https:\/\/eldigitaldeasturias.com\/magazine365\/category\/noticias-actualidad\/","nextItem":{"@type":"ListItem","@id":"https:\/\/eldigitaldeasturias.com\/magazine365\/el-camino-de-santiago-ruta-accesible-y-referente-internacional-en-el-ano-de-la-misericordia\/#listItem","name":"El Camino de Santiago, ruta accesible y referente internacional en el A\u00f1o de la Misericordia"},"previousItem":{"@type":"ListItem","@id":"https:\/\/eldigitaldeasturias.com\/magazine365#listItem","name":"Home"}},{"@type":"ListItem","@id":"https:\/\/eldigitaldeasturias.com\/magazine365\/el-camino-de-santiago-ruta-accesible-y-referente-internacional-en-el-ano-de-la-misericordia\/#listItem","position":3,"name":"El Camino de Santiago, ruta accesible y referente internacional en el A\u00f1o de la Misericordia","previousItem":{"@type":"ListItem","@id":"https:\/\/eldigitaldeasturias.com\/magazine365\/category\/noticias-actualidad\/#listItem","name":"Noticias y Actualidad"}}]},{"@type":"Organization","@id":"https:\/\/eldigitaldeasturias.com\/magazine365\/#organization","name":"El digital de Asturias","description":"Revista de ocio, turismo y estilo de vida","url":"https:\/\/eldigitaldeasturias.com\/magazine365\/","logo":{"@type":"ImageObject","url":"https:\/\/www.eldigitaldeasturias.com\/noticias\/wp-content\/uploads\/2020\/12\/EDA.jpg","@id":"https:\/\/eldigitaldeasturias.com\/magazine365\/el-camino-de-santiago-ruta-accesible-y-referente-internacional-en-el-ano-de-la-misericordia\/#organizationLogo"},"image":{"@id":"https:\/\/eldigitaldeasturias.com\/magazine365\/el-camino-de-santiago-ruta-accesible-y-referente-internacional-en-el-ano-de-la-misericordia\/#organizationLogo"}},{"@type":"Person","@id":"https:\/\/eldigitaldeasturias.com\/magazine365\/author\/admin\/#author","url":"https:\/\/eldigitaldeasturias.com\/magazine365\/author\/admin\/","name":"admin","image":{"@type":"ImageObject","@id":"https:\/\/eldigitaldeasturias.com\/magazine365\/el-camino-de-santiago-ruta-accesible-y-referente-internacional-en-el-ano-de-la-misericordia\/#authorImage","url":"https:\/\/eldigitaldeasturias.com\/magazine365\/wp-content\/litespeed\/avatar\/e571bcf59a0edd6fa6838245a470f2fe.jpg?ver=1776969259","width":96,"height":96,"caption":"admin"}},{"@type":"WebPage","@id":"https:\/\/eldigitaldeasturias.com\/magazine365\/el-camino-de-santiago-ruta-accesible-y-referente-internacional-en-el-ano-de-la-misericordia\/#webpage","url":"https:\/\/eldigitaldeasturias.com\/magazine365\/el-camino-de-santiago-ruta-accesible-y-referente-internacional-en-el-ano-de-la-misericordia\/","name":"El Camino de Santiago, ruta accesible y referente internacional en el A\u00f1o de la Misericordia | El Digital de Asturias","description":"El Camino de Santiago ha sido este mi\u00e9rcoles uno de los grandes protagonistas del espacio dedicado a Galicia en la Feria Internacional de Turismo de Madrid, Fitur, donde se ha presentado como una ruta accesible y como un referente internacional coincidiendo con la celebraci\u00f3n del A\u00f1o de la Misericordia. La directora de Turismo de Galicia,","inLanguage":"es-ES","isPartOf":{"@id":"https:\/\/eldigitaldeasturias.com\/magazine365\/#website"},"breadcrumb":{"@id":"https:\/\/eldigitaldeasturias.com\/magazine365\/el-camino-de-santiago-ruta-accesible-y-referente-internacional-en-el-ano-de-la-misericordia\/#breadcrumblist"},"author":{"@id":"https:\/\/eldigitaldeasturias.com\/magazine365\/author\/admin\/#author"},"creator":{"@id":"https:\/\/eldigitaldeasturias.com\/magazine365\/author\/admin\/#author"},"image":{"@type":"ImageObject","url":"https:\/\/eldigitaldeasturias.com\/magazine365\/wp-content\/uploads\/2016\/01\/fotonoticia_20160120174014_800.jpg","@id":"https:\/\/eldigitaldeasturias.com\/magazine365\/el-camino-de-santiago-ruta-accesible-y-referente-internacional-en-el-ano-de-la-misericordia\/#mainImage","width":800,"height":576},"primaryImageOfPage":{"@id":"https:\/\/eldigitaldeasturias.com\/magazine365\/el-camino-de-santiago-ruta-accesible-y-referente-internacional-en-el-ano-de-la-misericordia\/#mainImage"},"datePublished":"2016-01-22T18:07:17+01:00","dateModified":"2016-01-22T18:07:17+01:00"},{"@type":"WebSite","@id":"https:\/\/eldigitaldeasturias.com\/magazine365\/#website","url":"https:\/\/eldigitaldeasturias.com\/magazine365\/","name":"El Digital de Asturias","description":"Revista de ocio, turismo y estilo de vida","inLanguage":"es-ES","publisher":{"@id":"https:\/\/eldigitaldeasturias.com\/magazine365\/#organization"}}]},"og:locale":"es_ES","og:site_name":"El Digital de Asturias \u2013 Revista de ocio, turismo y estilo de vida","og:type":"article","og:title":"El Camino de Santiago, ruta accesible y referente internacional en el A\u00f1o de la Misericordia | El Digital de Asturias","og:description":"El Camino de Santiago ha sido este mi\u00e9rcoles uno de los grandes protagonistas del espacio dedicado a Galicia en la Feria Internacional de Turismo de Madrid, Fitur, donde se ha presentado como una ruta accesible y como un referente internacional coincidiendo con la celebraci\u00f3n del A\u00f1o de la Misericordia. La directora de Turismo de Galicia,","og:url":"https:\/\/eldigitaldeasturias.com\/magazine365\/el-camino-de-santiago-ruta-accesible-y-referente-internacional-en-el-ano-de-la-misericordia\/","og:image":"https:\/\/eldigitaldeasturias.com\/magazine365\/wp-content\/uploads\/2016\/01\/fotonoticia_20160120174014_800.jpg","og:image:secure_url":"https:\/\/eldigitaldeasturias.com\/magazine365\/wp-content\/uploads\/2016\/01\/fotonoticia_20160120174014_800.jpg","og:image:width":800,"og:image:height":576,"article:published_time":"2016-01-22T17:07:17+00:00","article:modified_time":"2016-01-22T17:07:17+00:00","twitter:card":"summary_large_image","twitter:title":"El Camino de Santiago, ruta accesible y referente internacional en el A\u00f1o de la Misericordia | El Digital de Asturias","twitter:description":"El Camino de Santiago ha sido este mi\u00e9rcoles uno de los grandes protagonistas del espacio dedicado a Galicia en la Feria Internacional de Turismo de Madrid, Fitur, donde se ha presentado como una ruta accesible y como un referente internacional coincidiendo con la celebraci\u00f3n del A\u00f1o de la Misericordia. La directora de Turismo de Galicia,","twitter:image":"https:\/\/eldigitaldeasturias.com\/magazine365\/wp-content\/uploads\/2016\/01\/fotonoticia_20160120174014_800.jpg"},"aioseo_meta_data":{"post_id":"61455","title":null,"description":null,"keywords":null,"keyphrases":null,"primary_term":null,"canonical_url":null,"og_title":null,"og_description":null,"og_object_type":"default","og_image_type":"default","og_image_url":null,"og_image_width":null,"og_image_height":null,"og_image_custom_url":null,"og_image_custom_fields":null,"og_video":null,"og_custom_url":null,"og_article_section":null,"og_article_tags":null,"twitter_use_og":false,"twitter_card":"default","twitter_image_type":"default","twitter_image_url":null,"twitter_image_custom_url":null,"twitter_image_custom_fields":null,"twitter_title":null,"twitter_description":null,"schema":{"blockGraphs":[],"customGraphs":[],"default":{"data":{"Article":[],"Course":[],"Dataset":[],"FAQPage":[],"Movie":[],"Person":[],"Product":[],"ProductReview":[],"Car":[],"Recipe":[],"Service":[],"SoftwareApplication":[],"WebPage":[]},"graphName":"","isEnabled":true},"graphs":[],"defaultGraph":"","defaultPostTypeGraph":""},"schema_type":null,"schema_type_options":null,"pillar_content":false,"robots_default":true,"robots_noindex":false,"robots_noarchive":false,"robots_nosnippet":false,"robots_nofollow":false,"robots_noimageindex":false,"robots_noodp":false,"robots_notranslate":false,"robots_max_snippet":null,"robots_max_videopreview":null,"robots_max_imagepreview":"large","priority":null,"frequency":null,"location":null,"local_seo":null,"seo_analyzer_scan_date":"2025-09-25 09:02:00","breadcrumb_settings":null,"limit_modified_date":false,"open_ai":null,"ai":null,"created":"2021-03-08 21:50:00","updated":"2025-09-25 09:02:00"},"aioseo_breadcrumb":"<div class=\"aioseo-breadcrumbs\"><span class=\"aioseo-breadcrumb\">\n\t<a href=\"https:\/\/eldigitaldeasturias.com\/magazine365\" title=\"Home\">Home<\/a>\n<\/span><span class=\"aioseo-breadcrumb-separator\">\u2013<\/span><span class=\"aioseo-breadcrumb\">\n\t<a href=\"https:\/\/eldigitaldeasturias.com\/magazine365\/category\/noticias-actualidad\/\" title=\"Noticias y Actualidad\">Noticias y Actualidad<\/a>\n<\/span><span class=\"aioseo-breadcrumb-separator\">\u2013<\/span><span class=\"aioseo-breadcrumb\">\n\t<a href=\"https:\/\/eldigitaldeasturias.com\/magazine365\/el-camino-de-santiago-ruta-accesible-y-referente-internacional-en-el-ano-de-la-misericordia\/\" title=\"El Camino de Santiago, ruta accesible y referente internacional en el A\u00f1o de la Misericordia\">El Camino de Santiago, ruta accesible y referente internacional en el A\u00f1o de la Misericordia<\/a>\n<\/span><\/div>","aioseo_breadcrumb_json":[{"label":"Home","link":"https:\/\/eldigitaldeasturias.com\/magazine365"},{"label":"Noticias y Actualidad","link":"https:\/\/eldigitaldeasturias.com\/magazine365\/category\/noticias-actualidad\/"},{"label":"El Camino de Santiago, ruta accesible y referente internacional en el A\u00f1o de la Misericordia","link":"https:\/\/eldigitaldeasturias.com\/magazine365\/el-camino-de-santiago-ruta-accesible-y-referente-internacional-en-el-ano-de-la-misericordia\/"}],"_links":{"self":[{"href":"https:\/\/eldigitaldeasturias.com\/magazine365\/wp-json\/wp\/v2\/posts\/61455","targetHints":{"allow":["GET"]}}],"collection":[{"href":"https:\/\/eldigitaldeasturias.com\/magazine365\/wp-json\/wp\/v2\/posts"}],"about":[{"href":"https:\/\/eldigitaldeasturias.com\/magazine365\/wp-json\/wp\/v2\/types\/post"}],"author":[{"embeddable":true,"href":"https:\/\/eldigitaldeasturias.com\/magazine365\/wp-json\/wp\/v2\/users\/1"}],"replies":[{"embeddable":true,"href":"https:\/\/eldigitaldeasturias.com\/magazine365\/wp-json\/wp\/v2\/comments?post=61455"}],"version-history":[{"count":0,"href":"https:\/\/eldigitaldeasturias.com\/magazine365\/wp-json\/wp\/v2\/posts\/61455\/revisions"}],"wp:featuredmedia":[{"embeddable":true,"href":"https:\/\/eldigitaldeasturias.com\/magazine365\/wp-json\/wp\/v2\/media\/61456"}],"wp:attachment":[{"href":"https:\/\/eldigitaldeasturias.com\/magazine365\/wp-json\/wp\/v2\/media?parent=61455"}],"wp:term":[{"taxonomy":"category","embeddable":true,"href":"https:\/\/eldigitaldeasturias.com\/magazine365\/wp-json\/wp\/v2\/categories?post=61455"},{"taxonomy":"post_tag","embeddable":true,"href":"https:\/\/eldigitaldeasturias.com\/magazine365\/wp-json\/wp\/v2\/tags?post=61455"}],"curies":[{"name":"wp","href":"https:\/\/api.w.org\/{rel}","templated":true}]}}