{"id":61452,"date":"2016-01-22T18:06:28","date_gmt":"2016-01-22T17:06:28","guid":{"rendered":"http:\/\/eldigitaldeasturias.com\/magazine365\/?p=61452"},"modified":"2016-01-22T18:06:28","modified_gmt":"2016-01-22T17:06:28","slug":"argentina-aprovecha-fitur-para-presentar-su-nuevo-gabinete-del-ministerio-de-turismo","status":"publish","type":"post","link":"https:\/\/eldigitaldeasturias.com\/magazine365\/argentina-aprovecha-fitur-para-presentar-su-nuevo-gabinete-del-ministerio-de-turismo\/","title":{"rendered":"Argentina aprovecha Fitur para presentar su nuevo Gabinete del Ministerio de Turismo"},"content":{"rendered":"<p><img fetchpriority=\"high\" decoding=\"async\" class=\"alignleft size-medium wp-image-61453\" src=\"https:\/\/eldigitaldeasturias.com\/magazine365\/wp-content\/uploads\/2016\/01\/fotonoticia_20160120173429_800-360x203.jpg\" alt=\"fotonoticia_20160120173429_800\" width=\"360\" height=\"203\" srcset=\"https:\/\/eldigitaldeasturias.com\/magazine365\/wp-content\/uploads\/2016\/01\/fotonoticia_20160120173429_800-360x203.jpg 360w, https:\/\/eldigitaldeasturias.com\/magazine365\/wp-content\/uploads\/2016\/01\/fotonoticia_20160120173429_800-650x366.jpg 650w, https:\/\/eldigitaldeasturias.com\/magazine365\/wp-content\/uploads\/2016\/01\/fotonoticia_20160120173429_800-768x432.jpg 768w, https:\/\/eldigitaldeasturias.com\/magazine365\/wp-content\/uploads\/2016\/01\/fotonoticia_20160120173429_800-150x84.jpg 150w, https:\/\/eldigitaldeasturias.com\/magazine365\/wp-content\/uploads\/2016\/01\/fotonoticia_20160120173429_800-450x253.jpg 450w, https:\/\/eldigitaldeasturias.com\/magazine365\/wp-content\/uploads\/2016\/01\/fotonoticia_20160120173429_800-696x392.jpg 696w, https:\/\/eldigitaldeasturias.com\/magazine365\/wp-content\/uploads\/2016\/01\/fotonoticia_20160120173429_800-747x420.jpg 747w, https:\/\/eldigitaldeasturias.com\/magazine365\/wp-content\/uploads\/2016\/01\/fotonoticia_20160120173429_800-499x280.jpg 499w, https:\/\/eldigitaldeasturias.com\/magazine365\/wp-content\/uploads\/2016\/01\/fotonoticia_20160120173429_800-510x289.jpg 510w, https:\/\/eldigitaldeasturias.com\/magazine365\/wp-content\/uploads\/2016\/01\/fotonoticia_20160120173429_800.jpg 800w\" sizes=\"(max-width: 360px) 100vw, 360px\" \/>El Ministerio de Turismo de Argentina, a trav\u00e9s del Instituto Nacional de Promoci\u00f3n Tur\u00edstica (INPROTUR), est\u00e1 presente un a\u00f1o m\u00e1s en Fitur, siendo este el marco elegido para la presentaci\u00f3n internacional del nuevo Gabinete del Ministerio de Turismo, que buscar\u00e1 consolidar el trabajo federal en pos del desarrollo tur\u00edstico del pa\u00eds.<\/p>\n<p>Encabezado por el nuevo ministro de Turismo de Argentina, Gustavo Santos, se congregar\u00e1 a expositores del sector p\u00fablico y privado, ubicados en el stand (3C03), para seguir trabajando en uno de los proyectos tur\u00edsticos m\u00e1s importantes del nuevo ministro: ofrecer toda Am\u00e9rica Latina al mundo a trav\u00e9s de la uni\u00f3n de las diferentes Marca Pa\u00eds que integran Am\u00e9rica del Sur, as\u00ed como crear y promocionar recorridos compartidos con otros pa\u00edses.<\/p>\n<p>En esta edici\u00f3n el stand de Argentina ser\u00e1 de nuevo un escaparate en el que profesionales y p\u00fablico final podr\u00e1n descubrir y recibir informaci\u00f3n de cada una de las regiones del pa\u00eds, y mantener y establecer relaciones comerciales con los expositores, entre los que se incluyen operadores tur\u00edsticos, casas de tango, asociaciones empresariales y las secretar\u00edas de promoci\u00f3n tur\u00edstica de cada regi\u00f3n.<\/p>\n<p>Este jueves 21 de enero a las 13.30 horas Santos presentar\u00e1 junto a las autoridades regionales y otros representantes del sector p\u00fablico y privado todas las novedades de la nueva estrategia en materia tur\u00edstica. Fitur ser\u00e1 tambi\u00e9n el escenario en el que se podr\u00e1 conocer a los nuevos responsables de otros entes tur\u00edsticos importantes, como Aerol\u00edneas Argentinas y Parques Nacionales.<\/p>\n<p>Tambi\u00e9n destacan las \u00faltimas tendencias sobre gastronom\u00eda y rutas de vino, las nuevas rutas vinculadas al turismo de alta gama y las acciones para consolidar Argentina como destino &#8216;gay friendly&#8217;. Es en este punto donde Argentina ha presentado su espacio Pink Corner con toda la oferta espec\u00edfica del segmento LGBT que se consolida a\u00f1o tras a\u00f1o como uno de los m\u00e1s relevantes en materia tur\u00edstica. Este espacio contar\u00e1 con la participaci\u00f3n de la C\u00e1mara de Comercio Gay L\u00e9sbica de Argentina (CCGLAR).<\/p>\n<p>Al mismo tiempo, las tradiciones y oferta tur\u00edstica de Buenos Aires, C\u00f3rdoba, Cuyo, Norte, Litoral y Patagonia, estar\u00e1n presentes durante la Feria a trav\u00e9s de espect\u00e1culos de tango y bailes tradicionales, degustaciones de comida t\u00edpica argentina y catas de vinos a cargo de un sommelier especializado que presentar\u00e1 cada uno de los varietales caracter\u00edsticos de Argentina.<\/p>\n<p>El Instituto Nacional de Promoci\u00f3n Tur\u00edstica tiene la responsabilidad de promocionar a Argentina en el mundo como destino tur\u00edstico. A partir de su creaci\u00f3n en el a\u00f1o 2005, Inprotur ha desarrollado tareas de promoci\u00f3n a nivel mundial con el objetivo de posicionar a este pa\u00eds como un destino l\u00edder en la regi\u00f3n latinoamericana y continuar con la consolidaci\u00f3n del sector tur\u00edstico de Argentina.<\/p>\n","protected":false},"excerpt":{"rendered":"<p>El Ministerio de Turismo de Argentina, a trav\u00e9s del Instituto Nacional de Promoci\u00f3n Tur\u00edstica (INPROTUR), est\u00e1 presente un a\u00f1o m\u00e1s en Fitur, siendo este el marco elegido para la presentaci\u00f3n internacional del nuevo Gabinete del Ministerio de Turismo, que buscar\u00e1 consolidar el trabajo federal en pos del desarrollo tur\u00edstico del pa\u00eds. Encabezado por el nuevo<\/p>\n","protected":false},"author":1,"featured_media":61453,"comment_status":"open","ping_status":"closed","sticky":false,"template":"","format":"standard","meta":{"footnotes":""},"categories":[224],"tags":[],"class_list":{"0":"post-61452","1":"post","2":"type-post","3":"status-publish","4":"format-standard","5":"has-post-thumbnail","7":"category-noticias-actualidad"},"aioseo_notices":[],"aioseo_head":"\n\t\t<!-- All in One SEO Pro 4.9.6.1 - aioseo.com -->\n\t<meta name=\"description\" content=\"El Ministerio de Turismo de Argentina, a trav\u00e9s del Instituto Nacional de Promoci\u00f3n Tur\u00edstica (INPROTUR), est\u00e1 presente un a\u00f1o m\u00e1s en Fitur, siendo este el marco elegido para la presentaci\u00f3n internacional del nuevo Gabinete del Ministerio de Turismo, que buscar\u00e1 consolidar el trabajo federal en pos del desarrollo tur\u00edstico del pa\u00eds. Encabezado por el nuevo\" \/>\n\t<meta name=\"robots\" content=\"max-image-preview:large\" \/>\n\t<meta name=\"author\" content=\"admin\"\/>\n\t<meta name=\"google-site-verification\" content=\"UA-38556648-1\" \/>\n\t<meta name=\"keywords\" content=\"noticias y actualidad\" \/>\n\t<link rel=\"canonical\" href=\"https:\/\/eldigitaldeasturias.com\/magazine365\/argentina-aprovecha-fitur-para-presentar-su-nuevo-gabinete-del-ministerio-de-turismo\/\" \/>\n\t<meta name=\"generator\" content=\"All in One SEO Pro (AIOSEO) 4.9.6.1\" \/>\n\t\t<meta property=\"og:locale\" content=\"es_ES\" \/>\n\t\t<meta property=\"og:site_name\" content=\"El Digital de Asturias \u2013 Revista de ocio, turismo y estilo de vida\" \/>\n\t\t<meta property=\"og:type\" content=\"article\" \/>\n\t\t<meta property=\"og:title\" content=\"Argentina aprovecha Fitur para presentar su nuevo Gabinete del Ministerio de Turismo | El Digital de Asturias\" \/>\n\t\t<meta property=\"og:description\" content=\"El Ministerio de Turismo de Argentina, a trav\u00e9s del Instituto Nacional de Promoci\u00f3n Tur\u00edstica (INPROTUR), est\u00e1 presente un a\u00f1o m\u00e1s en Fitur, siendo este el marco elegido para la presentaci\u00f3n internacional del nuevo Gabinete del Ministerio de Turismo, que buscar\u00e1 consolidar el trabajo federal en pos del desarrollo tur\u00edstico del pa\u00eds. Encabezado por el nuevo\" \/>\n\t\t<meta property=\"og:url\" content=\"https:\/\/eldigitaldeasturias.com\/magazine365\/argentina-aprovecha-fitur-para-presentar-su-nuevo-gabinete-del-ministerio-de-turismo\/\" \/>\n\t\t<meta property=\"og:image\" content=\"https:\/\/eldigitaldeasturias.com\/magazine365\/wp-content\/uploads\/2016\/01\/fotonoticia_20160120173429_800.jpg\" \/>\n\t\t<meta property=\"og:image:secure_url\" content=\"https:\/\/eldigitaldeasturias.com\/magazine365\/wp-content\/uploads\/2016\/01\/fotonoticia_20160120173429_800.jpg\" \/>\n\t\t<meta property=\"og:image:width\" content=\"800\" \/>\n\t\t<meta property=\"og:image:height\" content=\"450\" \/>\n\t\t<meta property=\"article:published_time\" content=\"2016-01-22T17:06:28+00:00\" \/>\n\t\t<meta property=\"article:modified_time\" content=\"2016-01-22T17:06:28+00:00\" \/>\n\t\t<meta name=\"twitter:card\" content=\"summary_large_image\" \/>\n\t\t<meta name=\"twitter:title\" content=\"Argentina aprovecha Fitur para presentar su nuevo Gabinete del Ministerio de Turismo | El Digital de Asturias\" \/>\n\t\t<meta name=\"twitter:description\" content=\"El Ministerio de Turismo de Argentina, a trav\u00e9s del Instituto Nacional de Promoci\u00f3n Tur\u00edstica (INPROTUR), est\u00e1 presente un a\u00f1o m\u00e1s en Fitur, siendo este el marco elegido para la presentaci\u00f3n internacional del nuevo Gabinete del Ministerio de Turismo, que buscar\u00e1 consolidar el trabajo federal en pos del desarrollo tur\u00edstico del pa\u00eds. Encabezado por el nuevo\" \/>\n\t\t<meta name=\"twitter:image\" content=\"https:\/\/eldigitaldeasturias.com\/magazine365\/wp-content\/uploads\/2016\/01\/fotonoticia_20160120173429_800.jpg\" \/>\n\t\t<script type=\"application\/ld+json\" class=\"aioseo-schema\">\n\t\t\t{\"@context\":\"https:\\\/\\\/schema.org\",\"@graph\":[{\"@type\":\"Article\",\"@id\":\"https:\\\/\\\/eldigitaldeasturias.com\\\/magazine365\\\/argentina-aprovecha-fitur-para-presentar-su-nuevo-gabinete-del-ministerio-de-turismo\\\/#article\",\"name\":\"Argentina aprovecha Fitur para presentar su nuevo Gabinete del Ministerio de Turismo | El Digital de Asturias\",\"headline\":\"Argentina aprovecha Fitur para presentar su nuevo Gabinete del Ministerio de Turismo\",\"author\":{\"@id\":\"https:\\\/\\\/eldigitaldeasturias.com\\\/magazine365\\\/author\\\/admin\\\/#author\"},\"publisher\":{\"@id\":\"https:\\\/\\\/eldigitaldeasturias.com\\\/magazine365\\\/#organization\"},\"image\":{\"@type\":\"ImageObject\",\"url\":\"https:\\\/\\\/eldigitaldeasturias.com\\\/magazine365\\\/wp-content\\\/uploads\\\/2016\\\/01\\\/fotonoticia_20160120173429_800.jpg\",\"width\":800,\"height\":450},\"datePublished\":\"2016-01-22T18:06:28+01:00\",\"dateModified\":\"2016-01-22T18:06:28+01:00\",\"inLanguage\":\"es-ES\",\"mainEntityOfPage\":{\"@id\":\"https:\\\/\\\/eldigitaldeasturias.com\\\/magazine365\\\/argentina-aprovecha-fitur-para-presentar-su-nuevo-gabinete-del-ministerio-de-turismo\\\/#webpage\"},\"isPartOf\":{\"@id\":\"https:\\\/\\\/eldigitaldeasturias.com\\\/magazine365\\\/argentina-aprovecha-fitur-para-presentar-su-nuevo-gabinete-del-ministerio-de-turismo\\\/#webpage\"},\"articleSection\":\"Noticias y Actualidad\"},{\"@type\":\"BreadcrumbList\",\"@id\":\"https:\\\/\\\/eldigitaldeasturias.com\\\/magazine365\\\/argentina-aprovecha-fitur-para-presentar-su-nuevo-gabinete-del-ministerio-de-turismo\\\/#breadcrumblist\",\"itemListElement\":[{\"@type\":\"ListItem\",\"@id\":\"https:\\\/\\\/eldigitaldeasturias.com\\\/magazine365#listItem\",\"position\":1,\"name\":\"Home\",\"item\":\"https:\\\/\\\/eldigitaldeasturias.com\\\/magazine365\",\"nextItem\":{\"@type\":\"ListItem\",\"@id\":\"https:\\\/\\\/eldigitaldeasturias.com\\\/magazine365\\\/category\\\/noticias-actualidad\\\/#listItem\",\"name\":\"Noticias y Actualidad\"}},{\"@type\":\"ListItem\",\"@id\":\"https:\\\/\\\/eldigitaldeasturias.com\\\/magazine365\\\/category\\\/noticias-actualidad\\\/#listItem\",\"position\":2,\"name\":\"Noticias y Actualidad\",\"item\":\"https:\\\/\\\/eldigitaldeasturias.com\\\/magazine365\\\/category\\\/noticias-actualidad\\\/\",\"nextItem\":{\"@type\":\"ListItem\",\"@id\":\"https:\\\/\\\/eldigitaldeasturias.com\\\/magazine365\\\/argentina-aprovecha-fitur-para-presentar-su-nuevo-gabinete-del-ministerio-de-turismo\\\/#listItem\",\"name\":\"Argentina aprovecha Fitur para presentar su nuevo Gabinete del Ministerio de Turismo\"},\"previousItem\":{\"@type\":\"ListItem\",\"@id\":\"https:\\\/\\\/eldigitaldeasturias.com\\\/magazine365#listItem\",\"name\":\"Home\"}},{\"@type\":\"ListItem\",\"@id\":\"https:\\\/\\\/eldigitaldeasturias.com\\\/magazine365\\\/argentina-aprovecha-fitur-para-presentar-su-nuevo-gabinete-del-ministerio-de-turismo\\\/#listItem\",\"position\":3,\"name\":\"Argentina aprovecha Fitur para presentar su nuevo Gabinete del Ministerio de Turismo\",\"previousItem\":{\"@type\":\"ListItem\",\"@id\":\"https:\\\/\\\/eldigitaldeasturias.com\\\/magazine365\\\/category\\\/noticias-actualidad\\\/#listItem\",\"name\":\"Noticias y Actualidad\"}}]},{\"@type\":\"Organization\",\"@id\":\"https:\\\/\\\/eldigitaldeasturias.com\\\/magazine365\\\/#organization\",\"name\":\"El digital de Asturias\",\"description\":\"Revista de ocio, turismo y estilo de vida\",\"url\":\"https:\\\/\\\/eldigitaldeasturias.com\\\/magazine365\\\/\",\"logo\":{\"@type\":\"ImageObject\",\"url\":\"https:\\\/\\\/www.eldigitaldeasturias.com\\\/noticias\\\/wp-content\\\/uploads\\\/2020\\\/12\\\/EDA.jpg\",\"@id\":\"https:\\\/\\\/eldigitaldeasturias.com\\\/magazine365\\\/argentina-aprovecha-fitur-para-presentar-su-nuevo-gabinete-del-ministerio-de-turismo\\\/#organizationLogo\"},\"image\":{\"@id\":\"https:\\\/\\\/eldigitaldeasturias.com\\\/magazine365\\\/argentina-aprovecha-fitur-para-presentar-su-nuevo-gabinete-del-ministerio-de-turismo\\\/#organizationLogo\"}},{\"@type\":\"Person\",\"@id\":\"https:\\\/\\\/eldigitaldeasturias.com\\\/magazine365\\\/author\\\/admin\\\/#author\",\"url\":\"https:\\\/\\\/eldigitaldeasturias.com\\\/magazine365\\\/author\\\/admin\\\/\",\"name\":\"admin\",\"image\":{\"@type\":\"ImageObject\",\"@id\":\"https:\\\/\\\/eldigitaldeasturias.com\\\/magazine365\\\/argentina-aprovecha-fitur-para-presentar-su-nuevo-gabinete-del-ministerio-de-turismo\\\/#authorImage\",\"url\":\"https:\\\/\\\/eldigitaldeasturias.com\\\/magazine365\\\/wp-content\\\/litespeed\\\/avatar\\\/e571bcf59a0edd6fa6838245a470f2fe.jpg?ver=1776969259\",\"width\":96,\"height\":96,\"caption\":\"admin\"}},{\"@type\":\"WebPage\",\"@id\":\"https:\\\/\\\/eldigitaldeasturias.com\\\/magazine365\\\/argentina-aprovecha-fitur-para-presentar-su-nuevo-gabinete-del-ministerio-de-turismo\\\/#webpage\",\"url\":\"https:\\\/\\\/eldigitaldeasturias.com\\\/magazine365\\\/argentina-aprovecha-fitur-para-presentar-su-nuevo-gabinete-del-ministerio-de-turismo\\\/\",\"name\":\"Argentina aprovecha Fitur para presentar su nuevo Gabinete del Ministerio de Turismo | El Digital de Asturias\",\"description\":\"El Ministerio de Turismo de Argentina, a trav\\u00e9s del Instituto Nacional de Promoci\\u00f3n Tur\\u00edstica (INPROTUR), est\\u00e1 presente un a\\u00f1o m\\u00e1s en Fitur, siendo este el marco elegido para la presentaci\\u00f3n internacional del nuevo Gabinete del Ministerio de Turismo, que buscar\\u00e1 consolidar el trabajo federal en pos del desarrollo tur\\u00edstico del pa\\u00eds. Encabezado por el nuevo\",\"inLanguage\":\"es-ES\",\"isPartOf\":{\"@id\":\"https:\\\/\\\/eldigitaldeasturias.com\\\/magazine365\\\/#website\"},\"breadcrumb\":{\"@id\":\"https:\\\/\\\/eldigitaldeasturias.com\\\/magazine365\\\/argentina-aprovecha-fitur-para-presentar-su-nuevo-gabinete-del-ministerio-de-turismo\\\/#breadcrumblist\"},\"author\":{\"@id\":\"https:\\\/\\\/eldigitaldeasturias.com\\\/magazine365\\\/author\\\/admin\\\/#author\"},\"creator\":{\"@id\":\"https:\\\/\\\/eldigitaldeasturias.com\\\/magazine365\\\/author\\\/admin\\\/#author\"},\"image\":{\"@type\":\"ImageObject\",\"url\":\"https:\\\/\\\/eldigitaldeasturias.com\\\/magazine365\\\/wp-content\\\/uploads\\\/2016\\\/01\\\/fotonoticia_20160120173429_800.jpg\",\"@id\":\"https:\\\/\\\/eldigitaldeasturias.com\\\/magazine365\\\/argentina-aprovecha-fitur-para-presentar-su-nuevo-gabinete-del-ministerio-de-turismo\\\/#mainImage\",\"width\":800,\"height\":450},\"primaryImageOfPage\":{\"@id\":\"https:\\\/\\\/eldigitaldeasturias.com\\\/magazine365\\\/argentina-aprovecha-fitur-para-presentar-su-nuevo-gabinete-del-ministerio-de-turismo\\\/#mainImage\"},\"datePublished\":\"2016-01-22T18:06:28+01:00\",\"dateModified\":\"2016-01-22T18:06:28+01:00\"},{\"@type\":\"WebSite\",\"@id\":\"https:\\\/\\\/eldigitaldeasturias.com\\\/magazine365\\\/#website\",\"url\":\"https:\\\/\\\/eldigitaldeasturias.com\\\/magazine365\\\/\",\"name\":\"El Digital de Asturias\",\"description\":\"Revista de ocio, turismo y estilo de vida\",\"inLanguage\":\"es-ES\",\"publisher\":{\"@id\":\"https:\\\/\\\/eldigitaldeasturias.com\\\/magazine365\\\/#organization\"}}]}\n\t\t<\/script>\n\t\t<!-- All in One SEO Pro -->\r\n\t\t<title>Argentina aprovecha Fitur para presentar su nuevo Gabinete del Ministerio de Turismo | El Digital de Asturias<\/title>\n\n","aioseo_head_json":{"title":"Argentina aprovecha Fitur para presentar su nuevo Gabinete del Ministerio de Turismo | El Digital de Asturias","description":"El Ministerio de Turismo de Argentina, a trav\u00e9s del Instituto Nacional de Promoci\u00f3n Tur\u00edstica (INPROTUR), est\u00e1 presente un a\u00f1o m\u00e1s en Fitur, siendo este el marco elegido para la presentaci\u00f3n internacional del nuevo Gabinete del Ministerio de Turismo, que buscar\u00e1 consolidar el trabajo federal en pos del desarrollo tur\u00edstico del pa\u00eds. Encabezado por el nuevo","canonical_url":"https:\/\/eldigitaldeasturias.com\/magazine365\/argentina-aprovecha-fitur-para-presentar-su-nuevo-gabinete-del-ministerio-de-turismo\/","robots":"max-image-preview:large","keywords":"noticias y actualidad","webmasterTools":{"google-site-verification":"UA-38556648-1","miscellaneous":""},"schema":{"@context":"https:\/\/schema.org","@graph":[{"@type":"Article","@id":"https:\/\/eldigitaldeasturias.com\/magazine365\/argentina-aprovecha-fitur-para-presentar-su-nuevo-gabinete-del-ministerio-de-turismo\/#article","name":"Argentina aprovecha Fitur para presentar su nuevo Gabinete del Ministerio de Turismo | El Digital de Asturias","headline":"Argentina aprovecha Fitur para presentar su nuevo Gabinete del Ministerio de Turismo","author":{"@id":"https:\/\/eldigitaldeasturias.com\/magazine365\/author\/admin\/#author"},"publisher":{"@id":"https:\/\/eldigitaldeasturias.com\/magazine365\/#organization"},"image":{"@type":"ImageObject","url":"https:\/\/eldigitaldeasturias.com\/magazine365\/wp-content\/uploads\/2016\/01\/fotonoticia_20160120173429_800.jpg","width":800,"height":450},"datePublished":"2016-01-22T18:06:28+01:00","dateModified":"2016-01-22T18:06:28+01:00","inLanguage":"es-ES","mainEntityOfPage":{"@id":"https:\/\/eldigitaldeasturias.com\/magazine365\/argentina-aprovecha-fitur-para-presentar-su-nuevo-gabinete-del-ministerio-de-turismo\/#webpage"},"isPartOf":{"@id":"https:\/\/eldigitaldeasturias.com\/magazine365\/argentina-aprovecha-fitur-para-presentar-su-nuevo-gabinete-del-ministerio-de-turismo\/#webpage"},"articleSection":"Noticias y Actualidad"},{"@type":"BreadcrumbList","@id":"https:\/\/eldigitaldeasturias.com\/magazine365\/argentina-aprovecha-fitur-para-presentar-su-nuevo-gabinete-del-ministerio-de-turismo\/#breadcrumblist","itemListElement":[{"@type":"ListItem","@id":"https:\/\/eldigitaldeasturias.com\/magazine365#listItem","position":1,"name":"Home","item":"https:\/\/eldigitaldeasturias.com\/magazine365","nextItem":{"@type":"ListItem","@id":"https:\/\/eldigitaldeasturias.com\/magazine365\/category\/noticias-actualidad\/#listItem","name":"Noticias y Actualidad"}},{"@type":"ListItem","@id":"https:\/\/eldigitaldeasturias.com\/magazine365\/category\/noticias-actualidad\/#listItem","position":2,"name":"Noticias y Actualidad","item":"https:\/\/eldigitaldeasturias.com\/magazine365\/category\/noticias-actualidad\/","nextItem":{"@type":"ListItem","@id":"https:\/\/eldigitaldeasturias.com\/magazine365\/argentina-aprovecha-fitur-para-presentar-su-nuevo-gabinete-del-ministerio-de-turismo\/#listItem","name":"Argentina aprovecha Fitur para presentar su nuevo Gabinete del Ministerio de Turismo"},"previousItem":{"@type":"ListItem","@id":"https:\/\/eldigitaldeasturias.com\/magazine365#listItem","name":"Home"}},{"@type":"ListItem","@id":"https:\/\/eldigitaldeasturias.com\/magazine365\/argentina-aprovecha-fitur-para-presentar-su-nuevo-gabinete-del-ministerio-de-turismo\/#listItem","position":3,"name":"Argentina aprovecha Fitur para presentar su nuevo Gabinete del Ministerio de Turismo","previousItem":{"@type":"ListItem","@id":"https:\/\/eldigitaldeasturias.com\/magazine365\/category\/noticias-actualidad\/#listItem","name":"Noticias y Actualidad"}}]},{"@type":"Organization","@id":"https:\/\/eldigitaldeasturias.com\/magazine365\/#organization","name":"El digital de Asturias","description":"Revista de ocio, turismo y estilo de vida","url":"https:\/\/eldigitaldeasturias.com\/magazine365\/","logo":{"@type":"ImageObject","url":"https:\/\/www.eldigitaldeasturias.com\/noticias\/wp-content\/uploads\/2020\/12\/EDA.jpg","@id":"https:\/\/eldigitaldeasturias.com\/magazine365\/argentina-aprovecha-fitur-para-presentar-su-nuevo-gabinete-del-ministerio-de-turismo\/#organizationLogo"},"image":{"@id":"https:\/\/eldigitaldeasturias.com\/magazine365\/argentina-aprovecha-fitur-para-presentar-su-nuevo-gabinete-del-ministerio-de-turismo\/#organizationLogo"}},{"@type":"Person","@id":"https:\/\/eldigitaldeasturias.com\/magazine365\/author\/admin\/#author","url":"https:\/\/eldigitaldeasturias.com\/magazine365\/author\/admin\/","name":"admin","image":{"@type":"ImageObject","@id":"https:\/\/eldigitaldeasturias.com\/magazine365\/argentina-aprovecha-fitur-para-presentar-su-nuevo-gabinete-del-ministerio-de-turismo\/#authorImage","url":"https:\/\/eldigitaldeasturias.com\/magazine365\/wp-content\/litespeed\/avatar\/e571bcf59a0edd6fa6838245a470f2fe.jpg?ver=1776969259","width":96,"height":96,"caption":"admin"}},{"@type":"WebPage","@id":"https:\/\/eldigitaldeasturias.com\/magazine365\/argentina-aprovecha-fitur-para-presentar-su-nuevo-gabinete-del-ministerio-de-turismo\/#webpage","url":"https:\/\/eldigitaldeasturias.com\/magazine365\/argentina-aprovecha-fitur-para-presentar-su-nuevo-gabinete-del-ministerio-de-turismo\/","name":"Argentina aprovecha Fitur para presentar su nuevo Gabinete del Ministerio de Turismo | El Digital de Asturias","description":"El Ministerio de Turismo de Argentina, a trav\u00e9s del Instituto Nacional de Promoci\u00f3n Tur\u00edstica (INPROTUR), est\u00e1 presente un a\u00f1o m\u00e1s en Fitur, siendo este el marco elegido para la presentaci\u00f3n internacional del nuevo Gabinete del Ministerio de Turismo, que buscar\u00e1 consolidar el trabajo federal en pos del desarrollo tur\u00edstico del pa\u00eds. Encabezado por el nuevo","inLanguage":"es-ES","isPartOf":{"@id":"https:\/\/eldigitaldeasturias.com\/magazine365\/#website"},"breadcrumb":{"@id":"https:\/\/eldigitaldeasturias.com\/magazine365\/argentina-aprovecha-fitur-para-presentar-su-nuevo-gabinete-del-ministerio-de-turismo\/#breadcrumblist"},"author":{"@id":"https:\/\/eldigitaldeasturias.com\/magazine365\/author\/admin\/#author"},"creator":{"@id":"https:\/\/eldigitaldeasturias.com\/magazine365\/author\/admin\/#author"},"image":{"@type":"ImageObject","url":"https:\/\/eldigitaldeasturias.com\/magazine365\/wp-content\/uploads\/2016\/01\/fotonoticia_20160120173429_800.jpg","@id":"https:\/\/eldigitaldeasturias.com\/magazine365\/argentina-aprovecha-fitur-para-presentar-su-nuevo-gabinete-del-ministerio-de-turismo\/#mainImage","width":800,"height":450},"primaryImageOfPage":{"@id":"https:\/\/eldigitaldeasturias.com\/magazine365\/argentina-aprovecha-fitur-para-presentar-su-nuevo-gabinete-del-ministerio-de-turismo\/#mainImage"},"datePublished":"2016-01-22T18:06:28+01:00","dateModified":"2016-01-22T18:06:28+01:00"},{"@type":"WebSite","@id":"https:\/\/eldigitaldeasturias.com\/magazine365\/#website","url":"https:\/\/eldigitaldeasturias.com\/magazine365\/","name":"El Digital de Asturias","description":"Revista de ocio, turismo y estilo de vida","inLanguage":"es-ES","publisher":{"@id":"https:\/\/eldigitaldeasturias.com\/magazine365\/#organization"}}]},"og:locale":"es_ES","og:site_name":"El Digital de Asturias \u2013 Revista de ocio, turismo y estilo de vida","og:type":"article","og:title":"Argentina aprovecha Fitur para presentar su nuevo Gabinete del Ministerio de Turismo | El Digital de Asturias","og:description":"El Ministerio de Turismo de Argentina, a trav\u00e9s del Instituto Nacional de Promoci\u00f3n Tur\u00edstica (INPROTUR), est\u00e1 presente un a\u00f1o m\u00e1s en Fitur, siendo este el marco elegido para la presentaci\u00f3n internacional del nuevo Gabinete del Ministerio de Turismo, que buscar\u00e1 consolidar el trabajo federal en pos del desarrollo tur\u00edstico del pa\u00eds. Encabezado por el nuevo","og:url":"https:\/\/eldigitaldeasturias.com\/magazine365\/argentina-aprovecha-fitur-para-presentar-su-nuevo-gabinete-del-ministerio-de-turismo\/","og:image":"https:\/\/eldigitaldeasturias.com\/magazine365\/wp-content\/uploads\/2016\/01\/fotonoticia_20160120173429_800.jpg","og:image:secure_url":"https:\/\/eldigitaldeasturias.com\/magazine365\/wp-content\/uploads\/2016\/01\/fotonoticia_20160120173429_800.jpg","og:image:width":800,"og:image:height":450,"article:published_time":"2016-01-22T17:06:28+00:00","article:modified_time":"2016-01-22T17:06:28+00:00","twitter:card":"summary_large_image","twitter:title":"Argentina aprovecha Fitur para presentar su nuevo Gabinete del Ministerio de Turismo | El Digital de Asturias","twitter:description":"El Ministerio de Turismo de Argentina, a trav\u00e9s del Instituto Nacional de Promoci\u00f3n Tur\u00edstica (INPROTUR), est\u00e1 presente un a\u00f1o m\u00e1s en Fitur, siendo este el marco elegido para la presentaci\u00f3n internacional del nuevo Gabinete del Ministerio de Turismo, que buscar\u00e1 consolidar el trabajo federal en pos del desarrollo tur\u00edstico del pa\u00eds. Encabezado por el nuevo","twitter:image":"https:\/\/eldigitaldeasturias.com\/magazine365\/wp-content\/uploads\/2016\/01\/fotonoticia_20160120173429_800.jpg"},"aioseo_meta_data":{"post_id":"61452","title":null,"description":null,"keywords":null,"keyphrases":null,"primary_term":null,"canonical_url":null,"og_title":null,"og_description":null,"og_object_type":"default","og_image_type":"default","og_image_url":null,"og_image_width":null,"og_image_height":null,"og_image_custom_url":null,"og_image_custom_fields":null,"og_video":null,"og_custom_url":null,"og_article_section":null,"og_article_tags":null,"twitter_use_og":false,"twitter_card":"default","twitter_image_type":"default","twitter_image_url":null,"twitter_image_custom_url":null,"twitter_image_custom_fields":null,"twitter_title":null,"twitter_description":null,"schema":{"blockGraphs":[],"customGraphs":[],"default":{"data":{"Article":[],"Course":[],"Dataset":[],"FAQPage":[],"Movie":[],"Person":[],"Product":[],"ProductReview":[],"Car":[],"Recipe":[],"Service":[],"SoftwareApplication":[],"WebPage":[]},"graphName":"","isEnabled":true},"graphs":[],"defaultGraph":"","defaultPostTypeGraph":""},"schema_type":null,"schema_type_options":null,"pillar_content":false,"robots_default":true,"robots_noindex":false,"robots_noarchive":false,"robots_nosnippet":false,"robots_nofollow":false,"robots_noimageindex":false,"robots_noodp":false,"robots_notranslate":false,"robots_max_snippet":null,"robots_max_videopreview":null,"robots_max_imagepreview":"large","priority":null,"frequency":null,"location":null,"local_seo":null,"seo_analyzer_scan_date":"2025-09-25 09:00:18","breadcrumb_settings":null,"limit_modified_date":false,"open_ai":null,"ai":null,"created":"2021-03-08 21:50:00","updated":"2025-09-25 09:00:18"},"aioseo_breadcrumb":"<div class=\"aioseo-breadcrumbs\"><span class=\"aioseo-breadcrumb\">\n\t<a href=\"https:\/\/eldigitaldeasturias.com\/magazine365\" title=\"Home\">Home<\/a>\n<\/span><span class=\"aioseo-breadcrumb-separator\">\u2013<\/span><span class=\"aioseo-breadcrumb\">\n\t<a href=\"https:\/\/eldigitaldeasturias.com\/magazine365\/category\/noticias-actualidad\/\" title=\"Noticias y Actualidad\">Noticias y Actualidad<\/a>\n<\/span><span class=\"aioseo-breadcrumb-separator\">\u2013<\/span><span class=\"aioseo-breadcrumb\">\n\t<a href=\"https:\/\/eldigitaldeasturias.com\/magazine365\/argentina-aprovecha-fitur-para-presentar-su-nuevo-gabinete-del-ministerio-de-turismo\/\" title=\"Argentina aprovecha Fitur para presentar su nuevo Gabinete del Ministerio de Turismo\">Argentina aprovecha Fitur para presentar su nuevo Gabinete del Ministerio de Turismo<\/a>\n<\/span><\/div>","aioseo_breadcrumb_json":[{"label":"Home","link":"https:\/\/eldigitaldeasturias.com\/magazine365"},{"label":"Noticias y Actualidad","link":"https:\/\/eldigitaldeasturias.com\/magazine365\/category\/noticias-actualidad\/"},{"label":"Argentina aprovecha Fitur para presentar su nuevo Gabinete del Ministerio de Turismo","link":"https:\/\/eldigitaldeasturias.com\/magazine365\/argentina-aprovecha-fitur-para-presentar-su-nuevo-gabinete-del-ministerio-de-turismo\/"}],"_links":{"self":[{"href":"https:\/\/eldigitaldeasturias.com\/magazine365\/wp-json\/wp\/v2\/posts\/61452","targetHints":{"allow":["GET"]}}],"collection":[{"href":"https:\/\/eldigitaldeasturias.com\/magazine365\/wp-json\/wp\/v2\/posts"}],"about":[{"href":"https:\/\/eldigitaldeasturias.com\/magazine365\/wp-json\/wp\/v2\/types\/post"}],"author":[{"embeddable":true,"href":"https:\/\/eldigitaldeasturias.com\/magazine365\/wp-json\/wp\/v2\/users\/1"}],"replies":[{"embeddable":true,"href":"https:\/\/eldigitaldeasturias.com\/magazine365\/wp-json\/wp\/v2\/comments?post=61452"}],"version-history":[{"count":0,"href":"https:\/\/eldigitaldeasturias.com\/magazine365\/wp-json\/wp\/v2\/posts\/61452\/revisions"}],"wp:featuredmedia":[{"embeddable":true,"href":"https:\/\/eldigitaldeasturias.com\/magazine365\/wp-json\/wp\/v2\/media\/61453"}],"wp:attachment":[{"href":"https:\/\/eldigitaldeasturias.com\/magazine365\/wp-json\/wp\/v2\/media?parent=61452"}],"wp:term":[{"taxonomy":"category","embeddable":true,"href":"https:\/\/eldigitaldeasturias.com\/magazine365\/wp-json\/wp\/v2\/categories?post=61452"},{"taxonomy":"post_tag","embeddable":true,"href":"https:\/\/eldigitaldeasturias.com\/magazine365\/wp-json\/wp\/v2\/tags?post=61452"}],"curies":[{"name":"wp","href":"https:\/\/api.w.org\/{rel}","templated":true}]}}