{"id":61436,"date":"2016-01-22T18:00:34","date_gmt":"2016-01-22T17:00:34","guid":{"rendered":"http:\/\/eldigitaldeasturias.com\/magazine365\/?p=61436"},"modified":"2016-01-22T18:00:34","modified_gmt":"2016-01-22T17:00:34","slug":"las-fallas-2016-se-reivindican-como-mas-que-una-fiesta-con-una-imagen-que-une-historia-satira-y-fuego","status":"publish","type":"post","link":"https:\/\/eldigitaldeasturias.com\/magazine365\/las-fallas-2016-se-reivindican-como-mas-que-una-fiesta-con-una-imagen-que-une-historia-satira-y-fuego\/","title":{"rendered":"Las Fallas 2016 se reivindican como \u00abm\u00e1s que una fiesta\u00bb con una imagen que une historia, s\u00e1tira y fuego"},"content":{"rendered":"<p><img fetchpriority=\"high\" decoding=\"async\" class=\"alignleft size-medium wp-image-61437\" src=\"https:\/\/eldigitaldeasturias.com\/magazine365\/wp-content\/uploads\/2016\/01\/fotonoticia_20160120172005_800-360x270.jpg\" alt=\"fotonoticia_20160120172005_800\" width=\"360\" height=\"270\" srcset=\"https:\/\/eldigitaldeasturias.com\/magazine365\/wp-content\/uploads\/2016\/01\/fotonoticia_20160120172005_800-360x270.jpg 360w, https:\/\/eldigitaldeasturias.com\/magazine365\/wp-content\/uploads\/2016\/01\/fotonoticia_20160120172005_800-650x488.jpg 650w, https:\/\/eldigitaldeasturias.com\/magazine365\/wp-content\/uploads\/2016\/01\/fotonoticia_20160120172005_800-768x576.jpg 768w, https:\/\/eldigitaldeasturias.com\/magazine365\/wp-content\/uploads\/2016\/01\/fotonoticia_20160120172005_800-150x113.jpg 150w, https:\/\/eldigitaldeasturias.com\/magazine365\/wp-content\/uploads\/2016\/01\/fotonoticia_20160120172005_800-450x338.jpg 450w, https:\/\/eldigitaldeasturias.com\/magazine365\/wp-content\/uploads\/2016\/01\/fotonoticia_20160120172005_800-80x60.jpg 80w, https:\/\/eldigitaldeasturias.com\/magazine365\/wp-content\/uploads\/2016\/01\/fotonoticia_20160120172005_800-265x198.jpg 265w, https:\/\/eldigitaldeasturias.com\/magazine365\/wp-content\/uploads\/2016\/01\/fotonoticia_20160120172005_800-696x522.jpg 696w, https:\/\/eldigitaldeasturias.com\/magazine365\/wp-content\/uploads\/2016\/01\/fotonoticia_20160120172005_800-560x420.jpg 560w, https:\/\/eldigitaldeasturias.com\/magazine365\/wp-content\/uploads\/2016\/01\/fotonoticia_20160120172005_800-90x67.jpg 90w, https:\/\/eldigitaldeasturias.com\/magazine365\/wp-content\/uploads\/2016\/01\/fotonoticia_20160120172005_800-164x124.jpg 164w, https:\/\/eldigitaldeasturias.com\/magazine365\/wp-content\/uploads\/2016\/01\/fotonoticia_20160120172005_800-100x75.jpg 100w, https:\/\/eldigitaldeasturias.com\/magazine365\/wp-content\/uploads\/2016\/01\/fotonoticia_20160120172005_800.jpg 800w\" sizes=\"(max-width: 360px) 100vw, 360px\" \/>Las Fallas de 2016 se reivindican como algo \u00abm\u00e1s que una fiesta\u00bb con una campa\u00f1a gr\u00e1fica integrada por cinco carteles que aluden a su historia &#8211;mediante ornamentos que remiten a elementos de madera o herramientas de carpinter\u00eda&#8211;; el fuego, representado por siluetas naranjas que evocan las llamas, y la s\u00e1tira que impregna esta celebraci\u00f3n.<\/p>\n<p>As\u00ed lo han explicado este mi\u00e9rcoles el concejal de Cultura Festiva del Ayuntamiento de Valencia, Pere Fuset; el dise\u00f1ador encargado de la campa\u00f1a, Ib\u00e1n Ram\u00f3n; y el director del IVAM, Jos\u00e9 Miguel Garc\u00eda Cort\u00e9s; en una rueda de prensa que se ha celebrado en el museo valenciano. Tambi\u00e9n ha asistido la Fallera Mayor de Valencia, Alicia Moreno.<\/p>\n<p>La imagen gr\u00e1fica de las pr\u00f3ximas fiestas josefinas comenz\u00f3 a exhibirse por la ciudad a trav\u00e9s de 200 carteles hace varias semanas con un cartel que mostraba elementos decorativos, en referencia a las artes pl\u00e1sticas; un form\u00f3n, un cepillo de carpintero y un metro de madera en alusi\u00f3n al trabajo colectivo o un elemento de madera, sobre la est\u00e9tica barroca tan caracter\u00edstica de las fallas.<\/p>\n<p>Tambi\u00e9n una horma, haciendo referencia a la indumentaria fallera; una escuadra, herramienta de arquitectos y dise\u00f1adores; una peonza, que evoca a la infancia; y tipograf\u00edas antiguas, sobre la literatura fallera. Adem\u00e1s, en el cartel se pod\u00eda leer &#8216;Amb quin material constru\u00efm les il\u00b7lusions?&#8217;.<\/p>\n<p>Esta carteler\u00eda desaparecer\u00e1 en las pr\u00f3ximas semanas y dar\u00e1 paso, como continuaci\u00f3n, a cuatro nuevas im\u00e1genes que mezclan esos elementos con figuras de color naranja que recuerdan a llamas de fuego. El primero de ellos muestra un caballete de una falla en el momento en el que se est\u00e1 calcinando; otro hace referencia al humor y la s\u00e1tira de los monumentos; el tercero recuerda a la mujer fallera, y el \u00faltimo tiene como tema el folklore y la m\u00fasica.<\/p>\n<p>Estas im\u00e1genes estar\u00e1n presentes en carteles por toda la ciudad, redes sociales, en el libro de exaltaci\u00f3n y en \u00abtodo lo que tenga que ver con la identidad de las Fallas\u00bb, seg\u00fan Ram\u00f3n.<\/p>\n<p>&#8216;DE L&#8217;ESTORETA VELLETA A LES FALLES&#8217;<\/p>\n<p>Todas estos carteles mezclan las llamas y la madera para generar estas im\u00e1genes que llevan por t\u00edtulo &#8216;De l&#8217;estoreta velleta a la gran fiesta de les Falles&#8217;, en referencia al origen de la fiesta, cuando se limpiaban los talleres y esta &#8216;estoreta velleta&#8217; y se quemaba el material sobrante.<\/p>\n<p>Asimismo, los objetivos de esta campa\u00f1a gr\u00e1fica son \u00abexplicar que las Fallas son m\u00e1s que cualquier otra fiesta\u00bb, generar inter\u00e9s, explicar la propia fiesta y trasladar la mirada de los ciudadanos valencianos. El dise\u00f1ador ha explicado que \u00abno se pod\u00eda hacer una herramienta destinada a los falleros, que ya est\u00e1n convencidos\u00bb ni elaborar \u00abuna imagen t\u00f3pica como una llama o una fallera\u00bb porque \u00abestamos donde estamos por algo m\u00e1s que por quemar cosas\u00bb.<\/p>\n<p>Otro de los ejes sobre los que gira esta campa\u00f1a es el de potenciar la imagen de las Fallas con un tratamiento \u00abexquisito y profesional\u00bb ante su candidatura a ser declaradas Patrimonio inmaterial de la humanidad por parte de la Unesco. El edil de Cultura Festiva ha a\u00f1adido que se trata de una \u00abimagen homog\u00e9nea, coherente y con trato profesional\u00bb.<\/p>\n<p>Otra de las novedades de este a\u00f1o es la fecha en la que se ha presentado esta carteler\u00eda, ya que se ha retrasado de octubre a enero. Esta decisi\u00f3n se ha tomado para mostrar esta imagen \u00abm\u00e1s cerca de las Fallas\u00bb porque \u00abcuando lo presentas con tanto tiempo pierde efectividad\u00bb, seg\u00fan el director de arte valenciano.<\/p>\n<p>A este respecto, Fuset ha comentado que no pod\u00edan \u00abpresentar el cartel en octubre y guardarlo en un caj\u00f3n\u00bb y buscaban hacer una \u00abcampa\u00f1a viva\u00bb. Adem\u00e1s, ha sostenido que la filosof\u00eda del dise\u00f1ador ha sido \u00abno trabajar en un cartel sino en una imagen que estar\u00e1 presente en todas las actividades de las Fallas\u00bb.<\/p>\n<p>Sobre la presentaci\u00f3n en un museo como el IVAM, Garc\u00eda Cort\u00e9s ha apuntado que tienen que visitar el centro personas interesadas en la \u00abcultura popular\u00bb y el museo que dirige va a tener una \u00abrelaci\u00f3n cada vez m\u00e1s estrecha con las Fallas\u00bb y pr\u00f3ximamente celebrar\u00e1n m\u00e1s actos relacionados con la fiesta.<\/p>\n<p>\u00abRECUPERAR EL CAR\u00c1CTER HIST\u00d3RICO DEL CARTELISMO\u00bb<\/p>\n<p>Fuset ha explicado que hicieron una \u00abllamada abierta\u00bb para que dise\u00f1adores presentaran sus propuestas, con el objetivo de \u00abrecuperar el car\u00e1cter hist\u00f3rico del cartelismo de Fallas\u00bb. As\u00ed, hasta 37 estudios y profesionales del dise\u00f1o participaron en la convocatoria para elegir al encargado de realizar la imagen gr\u00e1fica de las Fallas de 2016 y entre ellos, aspiraron a este encargo un gran n\u00famero de profesionales valencianos y tambi\u00e9n procedentes del Pa\u00eds Vasco, Madrid, y de pa\u00edses como Italia o Rusia.<\/p>\n<p>Asimismo, el comit\u00e9 de selecci\u00f3n estaba formado por el propio Fuset; Ana Va\u00f1\u00f3, en representaci\u00f3n de la Asociaci\u00f3n de Dise\u00f1adores de la Comunitat Valenciana; el presidente de la Asociaci\u00f3n Profesional de Ilustradores de Valencia, Miguel \u00c1ngel Giner; el presidente de la Asociaci\u00f3n de Empresas de Comunicaci\u00f3n Publicitaria de la Comunitat, Enrique Pern\u00eda; y el secretario general de la Junta Central Fallera, Jos\u00e9 Mart\u00ednez Tormo. Este comit\u00e9 decidi\u00f3 por unanimidad que el elegido fuera Ram\u00f3n.<\/p>\n<p>El dise\u00f1ador valenciano ha valorado esta nueva forma de elecci\u00f3n pese a que ya gan\u00f3 el concurso en otra ocasi\u00f3n porque este a\u00f1o se ha hecho el concurso de una forma profesional\u00bb y no se limitan a poner un t\u00f3pico en el cartel.<\/p>\n<p>Ib\u00e1n Ram\u00f3n Rodr\u00edguez (Valencia, 1969) es dise\u00f1ador y director de arte profesional desde 1994. Despu\u00e9s de varios a\u00f1os trabajando en solitario, en 2001 cre\u00f3 el Estudio Ib\u00e1n Ram\u00f3n, especializado en proyectos de identidad corporativa, dise\u00f1o editorial y comunicaci\u00f3n gr\u00e1fica.<\/p>\n<p>A lo largo de su trayectoria, ha recibido en numerosas ocasiones premios de \u00e1mbito nacional e internacional, destacando el Certificate of Typographic Excellence del Type Directors Club de Nueva York, que ha recibido en cinco ocasiones. Adem\u00e1s, es profesor del M\u00e1ster oficial de dise\u00f1o editorial de la Escuela superior de Dise\u00f1o de Valencia (EASD) y como dise\u00f1ador ha m\u00e1s de 200 carteles editados para diferentes eventos culturales y fiestas populares.<\/p>\n","protected":false},"excerpt":{"rendered":"<p>Las Fallas de 2016 se reivindican como algo \u00abm\u00e1s que una fiesta\u00bb con una campa\u00f1a gr\u00e1fica integrada por cinco carteles que aluden a su historia &#8211;mediante ornamentos que remiten a elementos de madera o herramientas de carpinter\u00eda&#8211;; el fuego, representado por siluetas naranjas que evocan las llamas, y la s\u00e1tira que impregna esta celebraci\u00f3n. As\u00ed<\/p>\n","protected":false},"author":1,"featured_media":61437,"comment_status":"open","ping_status":"closed","sticky":false,"template":"","format":"standard","meta":{"footnotes":""},"categories":[224],"tags":[],"class_list":{"0":"post-61436","1":"post","2":"type-post","3":"status-publish","4":"format-standard","5":"has-post-thumbnail","7":"category-noticias-actualidad"},"aioseo_notices":[],"aioseo_head":"\n\t\t<!-- All in One SEO Pro 4.9.6.1 - aioseo.com -->\n\t<meta name=\"description\" content=\"Las Fallas de 2016 se reivindican como algo &quot;m\u00e1s que una fiesta&quot; con una campa\u00f1a gr\u00e1fica integrada por cinco carteles que aluden a su historia --mediante ornamentos que remiten a elementos de madera o herramientas de carpinter\u00eda--; el fuego, representado por siluetas naranjas que evocan las llamas, y la s\u00e1tira que impregna esta celebraci\u00f3n. As\u00ed\" \/>\n\t<meta name=\"robots\" content=\"max-image-preview:large\" \/>\n\t<meta name=\"author\" content=\"admin\"\/>\n\t<meta name=\"google-site-verification\" content=\"UA-38556648-1\" \/>\n\t<meta name=\"keywords\" content=\"noticias y actualidad\" \/>\n\t<link rel=\"canonical\" href=\"https:\/\/eldigitaldeasturias.com\/magazine365\/las-fallas-2016-se-reivindican-como-mas-que-una-fiesta-con-una-imagen-que-une-historia-satira-y-fuego\/\" \/>\n\t<meta name=\"generator\" content=\"All in One SEO Pro (AIOSEO) 4.9.6.1\" \/>\n\t\t<meta property=\"og:locale\" content=\"es_ES\" \/>\n\t\t<meta property=\"og:site_name\" content=\"El Digital de Asturias \u2013 Revista de ocio, turismo y estilo de vida\" \/>\n\t\t<meta property=\"og:type\" content=\"article\" \/>\n\t\t<meta property=\"og:title\" content=\"Las Fallas 2016 se reivindican como \u00abm\u00e1s que una fiesta\u00bb con una imagen que une historia, s\u00e1tira y fuego | El Digital de Asturias\" \/>\n\t\t<meta property=\"og:description\" content=\"Las Fallas de 2016 se reivindican como algo &quot;m\u00e1s que una fiesta&quot; con una campa\u00f1a gr\u00e1fica integrada por cinco carteles que aluden a su historia --mediante ornamentos que remiten a elementos de madera o herramientas de carpinter\u00eda--; el fuego, representado por siluetas naranjas que evocan las llamas, y la s\u00e1tira que impregna esta celebraci\u00f3n. As\u00ed\" \/>\n\t\t<meta property=\"og:url\" content=\"https:\/\/eldigitaldeasturias.com\/magazine365\/las-fallas-2016-se-reivindican-como-mas-que-una-fiesta-con-una-imagen-que-une-historia-satira-y-fuego\/\" \/>\n\t\t<meta property=\"og:image\" content=\"https:\/\/eldigitaldeasturias.com\/magazine365\/wp-content\/uploads\/2016\/01\/fotonoticia_20160120172005_800.jpg\" \/>\n\t\t<meta property=\"og:image:secure_url\" content=\"https:\/\/eldigitaldeasturias.com\/magazine365\/wp-content\/uploads\/2016\/01\/fotonoticia_20160120172005_800.jpg\" \/>\n\t\t<meta property=\"og:image:width\" content=\"800\" \/>\n\t\t<meta property=\"og:image:height\" content=\"600\" \/>\n\t\t<meta property=\"article:published_time\" content=\"2016-01-22T17:00:34+00:00\" \/>\n\t\t<meta property=\"article:modified_time\" content=\"2016-01-22T17:00:34+00:00\" \/>\n\t\t<meta name=\"twitter:card\" content=\"summary_large_image\" \/>\n\t\t<meta name=\"twitter:title\" content=\"Las Fallas 2016 se reivindican como \u00abm\u00e1s que una fiesta\u00bb con una imagen que une historia, s\u00e1tira y fuego | El Digital de Asturias\" \/>\n\t\t<meta name=\"twitter:description\" content=\"Las Fallas de 2016 se reivindican como algo &quot;m\u00e1s que una fiesta&quot; con una campa\u00f1a gr\u00e1fica integrada por cinco carteles que aluden a su historia --mediante ornamentos que remiten a elementos de madera o herramientas de carpinter\u00eda--; el fuego, representado por siluetas naranjas que evocan las llamas, y la s\u00e1tira que impregna esta celebraci\u00f3n. As\u00ed\" \/>\n\t\t<meta name=\"twitter:image\" content=\"https:\/\/eldigitaldeasturias.com\/magazine365\/wp-content\/uploads\/2016\/01\/fotonoticia_20160120172005_800.jpg\" \/>\n\t\t<script type=\"application\/ld+json\" class=\"aioseo-schema\">\n\t\t\t{\"@context\":\"https:\\\/\\\/schema.org\",\"@graph\":[{\"@type\":\"Article\",\"@id\":\"https:\\\/\\\/eldigitaldeasturias.com\\\/magazine365\\\/las-fallas-2016-se-reivindican-como-mas-que-una-fiesta-con-una-imagen-que-une-historia-satira-y-fuego\\\/#article\",\"name\":\"Las Fallas 2016 se reivindican como \\u00abm\\u00e1s que una fiesta\\u00bb con una imagen que une historia, s\\u00e1tira y fuego | El Digital de Asturias\",\"headline\":\"Las Fallas 2016 se reivindican como \\u00abm\\u00e1s que una fiesta\\u00bb con una imagen que une historia, s\\u00e1tira y fuego\",\"author\":{\"@id\":\"https:\\\/\\\/eldigitaldeasturias.com\\\/magazine365\\\/author\\\/admin\\\/#author\"},\"publisher\":{\"@id\":\"https:\\\/\\\/eldigitaldeasturias.com\\\/magazine365\\\/#organization\"},\"image\":{\"@type\":\"ImageObject\",\"url\":\"https:\\\/\\\/eldigitaldeasturias.com\\\/magazine365\\\/wp-content\\\/uploads\\\/2016\\\/01\\\/fotonoticia_20160120172005_800.jpg\",\"width\":800,\"height\":600},\"datePublished\":\"2016-01-22T18:00:34+01:00\",\"dateModified\":\"2016-01-22T18:00:34+01:00\",\"inLanguage\":\"es-ES\",\"mainEntityOfPage\":{\"@id\":\"https:\\\/\\\/eldigitaldeasturias.com\\\/magazine365\\\/las-fallas-2016-se-reivindican-como-mas-que-una-fiesta-con-una-imagen-que-une-historia-satira-y-fuego\\\/#webpage\"},\"isPartOf\":{\"@id\":\"https:\\\/\\\/eldigitaldeasturias.com\\\/magazine365\\\/las-fallas-2016-se-reivindican-como-mas-que-una-fiesta-con-una-imagen-que-une-historia-satira-y-fuego\\\/#webpage\"},\"articleSection\":\"Noticias y Actualidad\"},{\"@type\":\"BreadcrumbList\",\"@id\":\"https:\\\/\\\/eldigitaldeasturias.com\\\/magazine365\\\/las-fallas-2016-se-reivindican-como-mas-que-una-fiesta-con-una-imagen-que-une-historia-satira-y-fuego\\\/#breadcrumblist\",\"itemListElement\":[{\"@type\":\"ListItem\",\"@id\":\"https:\\\/\\\/eldigitaldeasturias.com\\\/magazine365#listItem\",\"position\":1,\"name\":\"Home\",\"item\":\"https:\\\/\\\/eldigitaldeasturias.com\\\/magazine365\",\"nextItem\":{\"@type\":\"ListItem\",\"@id\":\"https:\\\/\\\/eldigitaldeasturias.com\\\/magazine365\\\/category\\\/noticias-actualidad\\\/#listItem\",\"name\":\"Noticias y Actualidad\"}},{\"@type\":\"ListItem\",\"@id\":\"https:\\\/\\\/eldigitaldeasturias.com\\\/magazine365\\\/category\\\/noticias-actualidad\\\/#listItem\",\"position\":2,\"name\":\"Noticias y Actualidad\",\"item\":\"https:\\\/\\\/eldigitaldeasturias.com\\\/magazine365\\\/category\\\/noticias-actualidad\\\/\",\"nextItem\":{\"@type\":\"ListItem\",\"@id\":\"https:\\\/\\\/eldigitaldeasturias.com\\\/magazine365\\\/las-fallas-2016-se-reivindican-como-mas-que-una-fiesta-con-una-imagen-que-une-historia-satira-y-fuego\\\/#listItem\",\"name\":\"Las Fallas 2016 se reivindican como \\u00abm\\u00e1s que una fiesta\\u00bb con una imagen que une historia, s\\u00e1tira y fuego\"},\"previousItem\":{\"@type\":\"ListItem\",\"@id\":\"https:\\\/\\\/eldigitaldeasturias.com\\\/magazine365#listItem\",\"name\":\"Home\"}},{\"@type\":\"ListItem\",\"@id\":\"https:\\\/\\\/eldigitaldeasturias.com\\\/magazine365\\\/las-fallas-2016-se-reivindican-como-mas-que-una-fiesta-con-una-imagen-que-une-historia-satira-y-fuego\\\/#listItem\",\"position\":3,\"name\":\"Las Fallas 2016 se reivindican como \\u00abm\\u00e1s que una fiesta\\u00bb con una imagen que une historia, s\\u00e1tira y fuego\",\"previousItem\":{\"@type\":\"ListItem\",\"@id\":\"https:\\\/\\\/eldigitaldeasturias.com\\\/magazine365\\\/category\\\/noticias-actualidad\\\/#listItem\",\"name\":\"Noticias y Actualidad\"}}]},{\"@type\":\"Organization\",\"@id\":\"https:\\\/\\\/eldigitaldeasturias.com\\\/magazine365\\\/#organization\",\"name\":\"El digital de Asturias\",\"description\":\"Revista de ocio, turismo y estilo de vida\",\"url\":\"https:\\\/\\\/eldigitaldeasturias.com\\\/magazine365\\\/\",\"logo\":{\"@type\":\"ImageObject\",\"url\":\"https:\\\/\\\/www.eldigitaldeasturias.com\\\/noticias\\\/wp-content\\\/uploads\\\/2020\\\/12\\\/EDA.jpg\",\"@id\":\"https:\\\/\\\/eldigitaldeasturias.com\\\/magazine365\\\/las-fallas-2016-se-reivindican-como-mas-que-una-fiesta-con-una-imagen-que-une-historia-satira-y-fuego\\\/#organizationLogo\"},\"image\":{\"@id\":\"https:\\\/\\\/eldigitaldeasturias.com\\\/magazine365\\\/las-fallas-2016-se-reivindican-como-mas-que-una-fiesta-con-una-imagen-que-une-historia-satira-y-fuego\\\/#organizationLogo\"}},{\"@type\":\"Person\",\"@id\":\"https:\\\/\\\/eldigitaldeasturias.com\\\/magazine365\\\/author\\\/admin\\\/#author\",\"url\":\"https:\\\/\\\/eldigitaldeasturias.com\\\/magazine365\\\/author\\\/admin\\\/\",\"name\":\"admin\",\"image\":{\"@type\":\"ImageObject\",\"@id\":\"https:\\\/\\\/eldigitaldeasturias.com\\\/magazine365\\\/las-fallas-2016-se-reivindican-como-mas-que-una-fiesta-con-una-imagen-que-une-historia-satira-y-fuego\\\/#authorImage\",\"url\":\"https:\\\/\\\/eldigitaldeasturias.com\\\/magazine365\\\/wp-content\\\/litespeed\\\/avatar\\\/e571bcf59a0edd6fa6838245a470f2fe.jpg?ver=1776969259\",\"width\":96,\"height\":96,\"caption\":\"admin\"}},{\"@type\":\"WebPage\",\"@id\":\"https:\\\/\\\/eldigitaldeasturias.com\\\/magazine365\\\/las-fallas-2016-se-reivindican-como-mas-que-una-fiesta-con-una-imagen-que-une-historia-satira-y-fuego\\\/#webpage\",\"url\":\"https:\\\/\\\/eldigitaldeasturias.com\\\/magazine365\\\/las-fallas-2016-se-reivindican-como-mas-que-una-fiesta-con-una-imagen-que-une-historia-satira-y-fuego\\\/\",\"name\":\"Las Fallas 2016 se reivindican como \\u00abm\\u00e1s que una fiesta\\u00bb con una imagen que une historia, s\\u00e1tira y fuego | El Digital de Asturias\",\"description\":\"Las Fallas de 2016 se reivindican como algo \\\"m\\u00e1s que una fiesta\\\" con una campa\\u00f1a gr\\u00e1fica integrada por cinco carteles que aluden a su historia --mediante ornamentos que remiten a elementos de madera o herramientas de carpinter\\u00eda--; el fuego, representado por siluetas naranjas que evocan las llamas, y la s\\u00e1tira que impregna esta celebraci\\u00f3n. As\\u00ed\",\"inLanguage\":\"es-ES\",\"isPartOf\":{\"@id\":\"https:\\\/\\\/eldigitaldeasturias.com\\\/magazine365\\\/#website\"},\"breadcrumb\":{\"@id\":\"https:\\\/\\\/eldigitaldeasturias.com\\\/magazine365\\\/las-fallas-2016-se-reivindican-como-mas-que-una-fiesta-con-una-imagen-que-une-historia-satira-y-fuego\\\/#breadcrumblist\"},\"author\":{\"@id\":\"https:\\\/\\\/eldigitaldeasturias.com\\\/magazine365\\\/author\\\/admin\\\/#author\"},\"creator\":{\"@id\":\"https:\\\/\\\/eldigitaldeasturias.com\\\/magazine365\\\/author\\\/admin\\\/#author\"},\"image\":{\"@type\":\"ImageObject\",\"url\":\"https:\\\/\\\/eldigitaldeasturias.com\\\/magazine365\\\/wp-content\\\/uploads\\\/2016\\\/01\\\/fotonoticia_20160120172005_800.jpg\",\"@id\":\"https:\\\/\\\/eldigitaldeasturias.com\\\/magazine365\\\/las-fallas-2016-se-reivindican-como-mas-que-una-fiesta-con-una-imagen-que-une-historia-satira-y-fuego\\\/#mainImage\",\"width\":800,\"height\":600},\"primaryImageOfPage\":{\"@id\":\"https:\\\/\\\/eldigitaldeasturias.com\\\/magazine365\\\/las-fallas-2016-se-reivindican-como-mas-que-una-fiesta-con-una-imagen-que-une-historia-satira-y-fuego\\\/#mainImage\"},\"datePublished\":\"2016-01-22T18:00:34+01:00\",\"dateModified\":\"2016-01-22T18:00:34+01:00\"},{\"@type\":\"WebSite\",\"@id\":\"https:\\\/\\\/eldigitaldeasturias.com\\\/magazine365\\\/#website\",\"url\":\"https:\\\/\\\/eldigitaldeasturias.com\\\/magazine365\\\/\",\"name\":\"El Digital de Asturias\",\"description\":\"Revista de ocio, turismo y estilo de vida\",\"inLanguage\":\"es-ES\",\"publisher\":{\"@id\":\"https:\\\/\\\/eldigitaldeasturias.com\\\/magazine365\\\/#organization\"}}]}\n\t\t<\/script>\n\t\t<!-- All in One SEO Pro -->\r\n\t\t<title>Las Fallas 2016 se reivindican como \u00abm\u00e1s que una fiesta\u00bb con una imagen que une historia, s\u00e1tira y fuego | El Digital de Asturias<\/title>\n\n","aioseo_head_json":{"title":"Las Fallas 2016 se reivindican como \u00abm\u00e1s que una fiesta\u00bb con una imagen que une historia, s\u00e1tira y fuego | El Digital de Asturias","description":"Las Fallas de 2016 se reivindican como algo \"m\u00e1s que una fiesta\" con una campa\u00f1a gr\u00e1fica integrada por cinco carteles que aluden a su historia --mediante ornamentos que remiten a elementos de madera o herramientas de carpinter\u00eda--; el fuego, representado por siluetas naranjas que evocan las llamas, y la s\u00e1tira que impregna esta celebraci\u00f3n. As\u00ed","canonical_url":"https:\/\/eldigitaldeasturias.com\/magazine365\/las-fallas-2016-se-reivindican-como-mas-que-una-fiesta-con-una-imagen-que-une-historia-satira-y-fuego\/","robots":"max-image-preview:large","keywords":"noticias y actualidad","webmasterTools":{"google-site-verification":"UA-38556648-1","miscellaneous":""},"schema":{"@context":"https:\/\/schema.org","@graph":[{"@type":"Article","@id":"https:\/\/eldigitaldeasturias.com\/magazine365\/las-fallas-2016-se-reivindican-como-mas-que-una-fiesta-con-una-imagen-que-une-historia-satira-y-fuego\/#article","name":"Las Fallas 2016 se reivindican como \u00abm\u00e1s que una fiesta\u00bb con una imagen que une historia, s\u00e1tira y fuego | El Digital de Asturias","headline":"Las Fallas 2016 se reivindican como \u00abm\u00e1s que una fiesta\u00bb con una imagen que une historia, s\u00e1tira y fuego","author":{"@id":"https:\/\/eldigitaldeasturias.com\/magazine365\/author\/admin\/#author"},"publisher":{"@id":"https:\/\/eldigitaldeasturias.com\/magazine365\/#organization"},"image":{"@type":"ImageObject","url":"https:\/\/eldigitaldeasturias.com\/magazine365\/wp-content\/uploads\/2016\/01\/fotonoticia_20160120172005_800.jpg","width":800,"height":600},"datePublished":"2016-01-22T18:00:34+01:00","dateModified":"2016-01-22T18:00:34+01:00","inLanguage":"es-ES","mainEntityOfPage":{"@id":"https:\/\/eldigitaldeasturias.com\/magazine365\/las-fallas-2016-se-reivindican-como-mas-que-una-fiesta-con-una-imagen-que-une-historia-satira-y-fuego\/#webpage"},"isPartOf":{"@id":"https:\/\/eldigitaldeasturias.com\/magazine365\/las-fallas-2016-se-reivindican-como-mas-que-una-fiesta-con-una-imagen-que-une-historia-satira-y-fuego\/#webpage"},"articleSection":"Noticias y Actualidad"},{"@type":"BreadcrumbList","@id":"https:\/\/eldigitaldeasturias.com\/magazine365\/las-fallas-2016-se-reivindican-como-mas-que-una-fiesta-con-una-imagen-que-une-historia-satira-y-fuego\/#breadcrumblist","itemListElement":[{"@type":"ListItem","@id":"https:\/\/eldigitaldeasturias.com\/magazine365#listItem","position":1,"name":"Home","item":"https:\/\/eldigitaldeasturias.com\/magazine365","nextItem":{"@type":"ListItem","@id":"https:\/\/eldigitaldeasturias.com\/magazine365\/category\/noticias-actualidad\/#listItem","name":"Noticias y Actualidad"}},{"@type":"ListItem","@id":"https:\/\/eldigitaldeasturias.com\/magazine365\/category\/noticias-actualidad\/#listItem","position":2,"name":"Noticias y Actualidad","item":"https:\/\/eldigitaldeasturias.com\/magazine365\/category\/noticias-actualidad\/","nextItem":{"@type":"ListItem","@id":"https:\/\/eldigitaldeasturias.com\/magazine365\/las-fallas-2016-se-reivindican-como-mas-que-una-fiesta-con-una-imagen-que-une-historia-satira-y-fuego\/#listItem","name":"Las Fallas 2016 se reivindican como \u00abm\u00e1s que una fiesta\u00bb con una imagen que une historia, s\u00e1tira y fuego"},"previousItem":{"@type":"ListItem","@id":"https:\/\/eldigitaldeasturias.com\/magazine365#listItem","name":"Home"}},{"@type":"ListItem","@id":"https:\/\/eldigitaldeasturias.com\/magazine365\/las-fallas-2016-se-reivindican-como-mas-que-una-fiesta-con-una-imagen-que-une-historia-satira-y-fuego\/#listItem","position":3,"name":"Las Fallas 2016 se reivindican como \u00abm\u00e1s que una fiesta\u00bb con una imagen que une historia, s\u00e1tira y fuego","previousItem":{"@type":"ListItem","@id":"https:\/\/eldigitaldeasturias.com\/magazine365\/category\/noticias-actualidad\/#listItem","name":"Noticias y Actualidad"}}]},{"@type":"Organization","@id":"https:\/\/eldigitaldeasturias.com\/magazine365\/#organization","name":"El digital de Asturias","description":"Revista de ocio, turismo y estilo de vida","url":"https:\/\/eldigitaldeasturias.com\/magazine365\/","logo":{"@type":"ImageObject","url":"https:\/\/www.eldigitaldeasturias.com\/noticias\/wp-content\/uploads\/2020\/12\/EDA.jpg","@id":"https:\/\/eldigitaldeasturias.com\/magazine365\/las-fallas-2016-se-reivindican-como-mas-que-una-fiesta-con-una-imagen-que-une-historia-satira-y-fuego\/#organizationLogo"},"image":{"@id":"https:\/\/eldigitaldeasturias.com\/magazine365\/las-fallas-2016-se-reivindican-como-mas-que-una-fiesta-con-una-imagen-que-une-historia-satira-y-fuego\/#organizationLogo"}},{"@type":"Person","@id":"https:\/\/eldigitaldeasturias.com\/magazine365\/author\/admin\/#author","url":"https:\/\/eldigitaldeasturias.com\/magazine365\/author\/admin\/","name":"admin","image":{"@type":"ImageObject","@id":"https:\/\/eldigitaldeasturias.com\/magazine365\/las-fallas-2016-se-reivindican-como-mas-que-una-fiesta-con-una-imagen-que-une-historia-satira-y-fuego\/#authorImage","url":"https:\/\/eldigitaldeasturias.com\/magazine365\/wp-content\/litespeed\/avatar\/e571bcf59a0edd6fa6838245a470f2fe.jpg?ver=1776969259","width":96,"height":96,"caption":"admin"}},{"@type":"WebPage","@id":"https:\/\/eldigitaldeasturias.com\/magazine365\/las-fallas-2016-se-reivindican-como-mas-que-una-fiesta-con-una-imagen-que-une-historia-satira-y-fuego\/#webpage","url":"https:\/\/eldigitaldeasturias.com\/magazine365\/las-fallas-2016-se-reivindican-como-mas-que-una-fiesta-con-una-imagen-que-une-historia-satira-y-fuego\/","name":"Las Fallas 2016 se reivindican como \u00abm\u00e1s que una fiesta\u00bb con una imagen que une historia, s\u00e1tira y fuego | El Digital de Asturias","description":"Las Fallas de 2016 se reivindican como algo \"m\u00e1s que una fiesta\" con una campa\u00f1a gr\u00e1fica integrada por cinco carteles que aluden a su historia --mediante ornamentos que remiten a elementos de madera o herramientas de carpinter\u00eda--; el fuego, representado por siluetas naranjas que evocan las llamas, y la s\u00e1tira que impregna esta celebraci\u00f3n. As\u00ed","inLanguage":"es-ES","isPartOf":{"@id":"https:\/\/eldigitaldeasturias.com\/magazine365\/#website"},"breadcrumb":{"@id":"https:\/\/eldigitaldeasturias.com\/magazine365\/las-fallas-2016-se-reivindican-como-mas-que-una-fiesta-con-una-imagen-que-une-historia-satira-y-fuego\/#breadcrumblist"},"author":{"@id":"https:\/\/eldigitaldeasturias.com\/magazine365\/author\/admin\/#author"},"creator":{"@id":"https:\/\/eldigitaldeasturias.com\/magazine365\/author\/admin\/#author"},"image":{"@type":"ImageObject","url":"https:\/\/eldigitaldeasturias.com\/magazine365\/wp-content\/uploads\/2016\/01\/fotonoticia_20160120172005_800.jpg","@id":"https:\/\/eldigitaldeasturias.com\/magazine365\/las-fallas-2016-se-reivindican-como-mas-que-una-fiesta-con-una-imagen-que-une-historia-satira-y-fuego\/#mainImage","width":800,"height":600},"primaryImageOfPage":{"@id":"https:\/\/eldigitaldeasturias.com\/magazine365\/las-fallas-2016-se-reivindican-como-mas-que-una-fiesta-con-una-imagen-que-une-historia-satira-y-fuego\/#mainImage"},"datePublished":"2016-01-22T18:00:34+01:00","dateModified":"2016-01-22T18:00:34+01:00"},{"@type":"WebSite","@id":"https:\/\/eldigitaldeasturias.com\/magazine365\/#website","url":"https:\/\/eldigitaldeasturias.com\/magazine365\/","name":"El Digital de Asturias","description":"Revista de ocio, turismo y estilo de vida","inLanguage":"es-ES","publisher":{"@id":"https:\/\/eldigitaldeasturias.com\/magazine365\/#organization"}}]},"og:locale":"es_ES","og:site_name":"El Digital de Asturias \u2013 Revista de ocio, turismo y estilo de vida","og:type":"article","og:title":"Las Fallas 2016 se reivindican como \u00abm\u00e1s que una fiesta\u00bb con una imagen que une historia, s\u00e1tira y fuego | El Digital de Asturias","og:description":"Las Fallas de 2016 se reivindican como algo &quot;m\u00e1s que una fiesta&quot; con una campa\u00f1a gr\u00e1fica integrada por cinco carteles que aluden a su historia --mediante ornamentos que remiten a elementos de madera o herramientas de carpinter\u00eda--; el fuego, representado por siluetas naranjas que evocan las llamas, y la s\u00e1tira que impregna esta celebraci\u00f3n. As\u00ed","og:url":"https:\/\/eldigitaldeasturias.com\/magazine365\/las-fallas-2016-se-reivindican-como-mas-que-una-fiesta-con-una-imagen-que-une-historia-satira-y-fuego\/","og:image":"https:\/\/eldigitaldeasturias.com\/magazine365\/wp-content\/uploads\/2016\/01\/fotonoticia_20160120172005_800.jpg","og:image:secure_url":"https:\/\/eldigitaldeasturias.com\/magazine365\/wp-content\/uploads\/2016\/01\/fotonoticia_20160120172005_800.jpg","og:image:width":800,"og:image:height":600,"article:published_time":"2016-01-22T17:00:34+00:00","article:modified_time":"2016-01-22T17:00:34+00:00","twitter:card":"summary_large_image","twitter:title":"Las Fallas 2016 se reivindican como \u00abm\u00e1s que una fiesta\u00bb con una imagen que une historia, s\u00e1tira y fuego | El Digital de Asturias","twitter:description":"Las Fallas de 2016 se reivindican como algo &quot;m\u00e1s que una fiesta&quot; con una campa\u00f1a gr\u00e1fica integrada por cinco carteles que aluden a su historia --mediante ornamentos que remiten a elementos de madera o herramientas de carpinter\u00eda--; el fuego, representado por siluetas naranjas que evocan las llamas, y la s\u00e1tira que impregna esta celebraci\u00f3n. As\u00ed","twitter:image":"https:\/\/eldigitaldeasturias.com\/magazine365\/wp-content\/uploads\/2016\/01\/fotonoticia_20160120172005_800.jpg"},"aioseo_meta_data":{"post_id":"61436","title":null,"description":null,"keywords":null,"keyphrases":null,"primary_term":null,"canonical_url":null,"og_title":null,"og_description":null,"og_object_type":"default","og_image_type":"default","og_image_url":null,"og_image_width":null,"og_image_height":null,"og_image_custom_url":null,"og_image_custom_fields":null,"og_video":null,"og_custom_url":null,"og_article_section":null,"og_article_tags":null,"twitter_use_og":false,"twitter_card":"default","twitter_image_type":"default","twitter_image_url":null,"twitter_image_custom_url":null,"twitter_image_custom_fields":null,"twitter_title":null,"twitter_description":null,"schema":{"blockGraphs":[],"customGraphs":[],"default":{"data":{"Article":[],"Course":[],"Dataset":[],"FAQPage":[],"Movie":[],"Person":[],"Product":[],"ProductReview":[],"Car":[],"Recipe":[],"Service":[],"SoftwareApplication":[],"WebPage":[]},"graphName":"","isEnabled":true},"graphs":[],"defaultGraph":"","defaultPostTypeGraph":""},"schema_type":null,"schema_type_options":null,"pillar_content":false,"robots_default":true,"robots_noindex":false,"robots_noarchive":false,"robots_nosnippet":false,"robots_nofollow":false,"robots_noimageindex":false,"robots_noodp":false,"robots_notranslate":false,"robots_max_snippet":null,"robots_max_videopreview":null,"robots_max_imagepreview":"large","priority":null,"frequency":null,"location":null,"local_seo":null,"seo_analyzer_scan_date":"2025-09-25 08:57:15","breadcrumb_settings":null,"limit_modified_date":false,"open_ai":null,"ai":null,"created":"2021-03-08 14:30:14","updated":"2025-09-25 08:57:15"},"aioseo_breadcrumb":"<div class=\"aioseo-breadcrumbs\"><span class=\"aioseo-breadcrumb\">\n\t<a href=\"https:\/\/eldigitaldeasturias.com\/magazine365\" title=\"Home\">Home<\/a>\n<\/span><span class=\"aioseo-breadcrumb-separator\">\u2013<\/span><span class=\"aioseo-breadcrumb\">\n\t<a href=\"https:\/\/eldigitaldeasturias.com\/magazine365\/category\/noticias-actualidad\/\" title=\"Noticias y Actualidad\">Noticias y Actualidad<\/a>\n<\/span><span class=\"aioseo-breadcrumb-separator\">\u2013<\/span><span class=\"aioseo-breadcrumb\">\n\t<a href=\"https:\/\/eldigitaldeasturias.com\/magazine365\/las-fallas-2016-se-reivindican-como-mas-que-una-fiesta-con-una-imagen-que-une-historia-satira-y-fuego\/\" title=\"Las Fallas 2016 se reivindican como \u00abm\u00e1s que una fiesta\u00bb con una imagen que une historia, s\u00e1tira y fuego\">Las Fallas 2016 se reivindican como \u00abm\u00e1s que una fiesta\u00bb con una imagen que une historia, s\u00e1tira y fuego<\/a>\n<\/span><\/div>","aioseo_breadcrumb_json":[{"label":"Home","link":"https:\/\/eldigitaldeasturias.com\/magazine365"},{"label":"Noticias y Actualidad","link":"https:\/\/eldigitaldeasturias.com\/magazine365\/category\/noticias-actualidad\/"},{"label":"Las Fallas 2016 se reivindican como \u00abm\u00e1s que una fiesta\u00bb con una imagen que une historia, s\u00e1tira y fuego","link":"https:\/\/eldigitaldeasturias.com\/magazine365\/las-fallas-2016-se-reivindican-como-mas-que-una-fiesta-con-una-imagen-que-une-historia-satira-y-fuego\/"}],"_links":{"self":[{"href":"https:\/\/eldigitaldeasturias.com\/magazine365\/wp-json\/wp\/v2\/posts\/61436","targetHints":{"allow":["GET"]}}],"collection":[{"href":"https:\/\/eldigitaldeasturias.com\/magazine365\/wp-json\/wp\/v2\/posts"}],"about":[{"href":"https:\/\/eldigitaldeasturias.com\/magazine365\/wp-json\/wp\/v2\/types\/post"}],"author":[{"embeddable":true,"href":"https:\/\/eldigitaldeasturias.com\/magazine365\/wp-json\/wp\/v2\/users\/1"}],"replies":[{"embeddable":true,"href":"https:\/\/eldigitaldeasturias.com\/magazine365\/wp-json\/wp\/v2\/comments?post=61436"}],"version-history":[{"count":0,"href":"https:\/\/eldigitaldeasturias.com\/magazine365\/wp-json\/wp\/v2\/posts\/61436\/revisions"}],"wp:featuredmedia":[{"embeddable":true,"href":"https:\/\/eldigitaldeasturias.com\/magazine365\/wp-json\/wp\/v2\/media\/61437"}],"wp:attachment":[{"href":"https:\/\/eldigitaldeasturias.com\/magazine365\/wp-json\/wp\/v2\/media?parent=61436"}],"wp:term":[{"taxonomy":"category","embeddable":true,"href":"https:\/\/eldigitaldeasturias.com\/magazine365\/wp-json\/wp\/v2\/categories?post=61436"},{"taxonomy":"post_tag","embeddable":true,"href":"https:\/\/eldigitaldeasturias.com\/magazine365\/wp-json\/wp\/v2\/tags?post=61436"}],"curies":[{"name":"wp","href":"https:\/\/api.w.org\/{rel}","templated":true}]}}