{"id":61430,"date":"2016-01-22T17:58:48","date_gmt":"2016-01-22T16:58:48","guid":{"rendered":"http:\/\/eldigitaldeasturias.com\/magazine365\/?p=61430"},"modified":"2016-01-22T17:58:48","modified_gmt":"2016-01-22T16:58:48","slug":"sevilla-promociona-su-iv-tapas-week-como-evento-gastronomico-mas-importante","status":"publish","type":"post","link":"https:\/\/eldigitaldeasturias.com\/magazine365\/sevilla-promociona-su-iv-tapas-week-como-evento-gastronomico-mas-importante\/","title":{"rendered":"Sevilla promociona su IV Tapas Week como \u00abevento gastron\u00f3mico m\u00e1s importante\u00bb"},"content":{"rendered":"<p><img fetchpriority=\"high\" decoding=\"async\" class=\"alignleft size-medium wp-image-61431\" src=\"https:\/\/eldigitaldeasturias.com\/magazine365\/wp-content\/uploads\/2016\/01\/fotonoticia_20160120171302_800-360x240.jpg\" alt=\"fotonoticia_20160120171302_800\" width=\"360\" height=\"240\" srcset=\"https:\/\/eldigitaldeasturias.com\/magazine365\/wp-content\/uploads\/2016\/01\/fotonoticia_20160120171302_800-360x240.jpg 360w, https:\/\/eldigitaldeasturias.com\/magazine365\/wp-content\/uploads\/2016\/01\/fotonoticia_20160120171302_800-650x433.jpg 650w, https:\/\/eldigitaldeasturias.com\/magazine365\/wp-content\/uploads\/2016\/01\/fotonoticia_20160120171302_800-768x512.jpg 768w, https:\/\/eldigitaldeasturias.com\/magazine365\/wp-content\/uploads\/2016\/01\/fotonoticia_20160120171302_800-150x100.jpg 150w, https:\/\/eldigitaldeasturias.com\/magazine365\/wp-content\/uploads\/2016\/01\/fotonoticia_20160120171302_800-450x300.jpg 450w, https:\/\/eldigitaldeasturias.com\/magazine365\/wp-content\/uploads\/2016\/01\/fotonoticia_20160120171302_800-696x464.jpg 696w, https:\/\/eldigitaldeasturias.com\/magazine365\/wp-content\/uploads\/2016\/01\/fotonoticia_20160120171302_800-630x420.jpg 630w, https:\/\/eldigitaldeasturias.com\/magazine365\/wp-content\/uploads\/2016\/01\/fotonoticia_20160120171302_800-101x66.jpg 101w, https:\/\/eldigitaldeasturias.com\/magazine365\/wp-content\/uploads\/2016\/01\/fotonoticia_20160120171302_800.jpg 800w\" sizes=\"(max-width: 360px) 100vw, 360px\" \/>El presidente de la Diputaci\u00f3n de Sevilla, Fernando Rodr\u00edguez Villalobos, y el alcalde de Sevilla, Juan Espadas, han apoyado en FITUR la presentaci\u00f3n del cartel de la cuarta edici\u00f3n de la Sevilla Tapas Week, que se celebrar\u00e1 el pr\u00f3ximo mes de noviembre, para reivindicar y difundir la tapa como elemento principal y peculiar de la gastronom\u00eda sevillana.<\/p>\n<p>Organizada por la Asociaci\u00f3n de Hosteler\u00eda de Sevilla y Provincia, presidida por Pedro Cuerda, y con la colaboraci\u00f3n de la Diputaci\u00f3n de Sevilla y del Ayuntamiento hispalense, la Sevilla Tapas Week ha consolidado como \u00abel evento gastron\u00f3mico m\u00e1s importante\u00bb de Sevilla y su provincia, con m\u00e1s de 100 establecimientos participantes y m\u00e1s de 40.000 tapas en su \u00faltima edici\u00f3n, en la que se alz\u00f3 como ganador el restaurante Manolo Mayo, de Los Palacios, dentro de la categor\u00eda &#8216;Tapas Gourmet&#8217;.<\/p>\n<p>La final de este concurso tuvo lugar en la muestra &#8216;Sabores de la Provincia&#8217;, que se celebr\u00f3 en el patio de la Diputaci\u00f3n en el marco de la Muestra de la Provincia 2015.<\/p>\n","protected":false},"excerpt":{"rendered":"<p>El presidente de la Diputaci\u00f3n de Sevilla, Fernando Rodr\u00edguez Villalobos, y el alcalde de Sevilla, Juan Espadas, han apoyado en FITUR la presentaci\u00f3n del cartel de la cuarta edici\u00f3n de la Sevilla Tapas Week, que se celebrar\u00e1 el pr\u00f3ximo mes de noviembre, para reivindicar y difundir la tapa como elemento principal y peculiar de la<\/p>\n","protected":false},"author":1,"featured_media":61431,"comment_status":"open","ping_status":"closed","sticky":false,"template":"","format":"standard","meta":{"footnotes":""},"categories":[224],"tags":[],"class_list":{"0":"post-61430","1":"post","2":"type-post","3":"status-publish","4":"format-standard","5":"has-post-thumbnail","7":"category-noticias-actualidad"},"aioseo_notices":[],"aioseo_head":"\n\t\t<!-- All in One SEO Pro 4.9.6.1 - aioseo.com -->\n\t<meta name=\"description\" content=\"El presidente de la Diputaci\u00f3n de Sevilla, Fernando Rodr\u00edguez Villalobos, y el alcalde de Sevilla, Juan Espadas, han apoyado en FITUR la presentaci\u00f3n del cartel de la cuarta edici\u00f3n de la Sevilla Tapas Week, que se celebrar\u00e1 el pr\u00f3ximo mes de noviembre, para reivindicar y difundir la tapa como elemento principal y peculiar de la\" \/>\n\t<meta name=\"robots\" content=\"max-image-preview:large\" \/>\n\t<meta name=\"author\" content=\"admin\"\/>\n\t<meta name=\"google-site-verification\" content=\"UA-38556648-1\" \/>\n\t<meta name=\"keywords\" content=\"noticias y actualidad\" \/>\n\t<link rel=\"canonical\" href=\"https:\/\/eldigitaldeasturias.com\/magazine365\/sevilla-promociona-su-iv-tapas-week-como-evento-gastronomico-mas-importante\/\" \/>\n\t<meta name=\"generator\" content=\"All in One SEO Pro (AIOSEO) 4.9.6.1\" \/>\n\t\t<meta property=\"og:locale\" content=\"es_ES\" \/>\n\t\t<meta property=\"og:site_name\" content=\"El Digital de Asturias \u2013 Revista de ocio, turismo y estilo de vida\" \/>\n\t\t<meta property=\"og:type\" content=\"article\" \/>\n\t\t<meta property=\"og:title\" content=\"Sevilla promociona su IV Tapas Week como \u00abevento gastron\u00f3mico m\u00e1s importante\u00bb | El Digital de Asturias\" \/>\n\t\t<meta property=\"og:description\" content=\"El presidente de la Diputaci\u00f3n de Sevilla, Fernando Rodr\u00edguez Villalobos, y el alcalde de Sevilla, Juan Espadas, han apoyado en FITUR la presentaci\u00f3n del cartel de la cuarta edici\u00f3n de la Sevilla Tapas Week, que se celebrar\u00e1 el pr\u00f3ximo mes de noviembre, para reivindicar y difundir la tapa como elemento principal y peculiar de la\" \/>\n\t\t<meta property=\"og:url\" content=\"https:\/\/eldigitaldeasturias.com\/magazine365\/sevilla-promociona-su-iv-tapas-week-como-evento-gastronomico-mas-importante\/\" \/>\n\t\t<meta property=\"og:image\" content=\"https:\/\/eldigitaldeasturias.com\/magazine365\/wp-content\/uploads\/2016\/01\/fotonoticia_20160120171302_800.jpg\" \/>\n\t\t<meta property=\"og:image:secure_url\" content=\"https:\/\/eldigitaldeasturias.com\/magazine365\/wp-content\/uploads\/2016\/01\/fotonoticia_20160120171302_800.jpg\" \/>\n\t\t<meta property=\"og:image:width\" content=\"800\" \/>\n\t\t<meta property=\"og:image:height\" content=\"533\" \/>\n\t\t<meta property=\"article:published_time\" content=\"2016-01-22T16:58:48+00:00\" \/>\n\t\t<meta property=\"article:modified_time\" content=\"2016-01-22T16:58:48+00:00\" \/>\n\t\t<meta name=\"twitter:card\" content=\"summary_large_image\" \/>\n\t\t<meta name=\"twitter:title\" content=\"Sevilla promociona su IV Tapas Week como \u00abevento gastron\u00f3mico m\u00e1s importante\u00bb | El Digital de Asturias\" \/>\n\t\t<meta name=\"twitter:description\" content=\"El presidente de la Diputaci\u00f3n de Sevilla, Fernando Rodr\u00edguez Villalobos, y el alcalde de Sevilla, Juan Espadas, han apoyado en FITUR la presentaci\u00f3n del cartel de la cuarta edici\u00f3n de la Sevilla Tapas Week, que se celebrar\u00e1 el pr\u00f3ximo mes de noviembre, para reivindicar y difundir la tapa como elemento principal y peculiar de la\" \/>\n\t\t<meta name=\"twitter:image\" content=\"https:\/\/eldigitaldeasturias.com\/magazine365\/wp-content\/uploads\/2016\/01\/fotonoticia_20160120171302_800.jpg\" \/>\n\t\t<script type=\"application\/ld+json\" class=\"aioseo-schema\">\n\t\t\t{\"@context\":\"https:\\\/\\\/schema.org\",\"@graph\":[{\"@type\":\"Article\",\"@id\":\"https:\\\/\\\/eldigitaldeasturias.com\\\/magazine365\\\/sevilla-promociona-su-iv-tapas-week-como-evento-gastronomico-mas-importante\\\/#article\",\"name\":\"Sevilla promociona su IV Tapas Week como \\u00abevento gastron\\u00f3mico m\\u00e1s importante\\u00bb | El Digital de Asturias\",\"headline\":\"Sevilla promociona su IV Tapas Week como \\u00abevento gastron\\u00f3mico m\\u00e1s importante\\u00bb\",\"author\":{\"@id\":\"https:\\\/\\\/eldigitaldeasturias.com\\\/magazine365\\\/author\\\/admin\\\/#author\"},\"publisher\":{\"@id\":\"https:\\\/\\\/eldigitaldeasturias.com\\\/magazine365\\\/#organization\"},\"image\":{\"@type\":\"ImageObject\",\"url\":\"https:\\\/\\\/eldigitaldeasturias.com\\\/magazine365\\\/wp-content\\\/uploads\\\/2016\\\/01\\\/fotonoticia_20160120171302_800.jpg\",\"width\":800,\"height\":533},\"datePublished\":\"2016-01-22T17:58:48+01:00\",\"dateModified\":\"2016-01-22T17:58:48+01:00\",\"inLanguage\":\"es-ES\",\"mainEntityOfPage\":{\"@id\":\"https:\\\/\\\/eldigitaldeasturias.com\\\/magazine365\\\/sevilla-promociona-su-iv-tapas-week-como-evento-gastronomico-mas-importante\\\/#webpage\"},\"isPartOf\":{\"@id\":\"https:\\\/\\\/eldigitaldeasturias.com\\\/magazine365\\\/sevilla-promociona-su-iv-tapas-week-como-evento-gastronomico-mas-importante\\\/#webpage\"},\"articleSection\":\"Noticias y Actualidad\"},{\"@type\":\"BreadcrumbList\",\"@id\":\"https:\\\/\\\/eldigitaldeasturias.com\\\/magazine365\\\/sevilla-promociona-su-iv-tapas-week-como-evento-gastronomico-mas-importante\\\/#breadcrumblist\",\"itemListElement\":[{\"@type\":\"ListItem\",\"@id\":\"https:\\\/\\\/eldigitaldeasturias.com\\\/magazine365#listItem\",\"position\":1,\"name\":\"Home\",\"item\":\"https:\\\/\\\/eldigitaldeasturias.com\\\/magazine365\",\"nextItem\":{\"@type\":\"ListItem\",\"@id\":\"https:\\\/\\\/eldigitaldeasturias.com\\\/magazine365\\\/category\\\/noticias-actualidad\\\/#listItem\",\"name\":\"Noticias y Actualidad\"}},{\"@type\":\"ListItem\",\"@id\":\"https:\\\/\\\/eldigitaldeasturias.com\\\/magazine365\\\/category\\\/noticias-actualidad\\\/#listItem\",\"position\":2,\"name\":\"Noticias y Actualidad\",\"item\":\"https:\\\/\\\/eldigitaldeasturias.com\\\/magazine365\\\/category\\\/noticias-actualidad\\\/\",\"nextItem\":{\"@type\":\"ListItem\",\"@id\":\"https:\\\/\\\/eldigitaldeasturias.com\\\/magazine365\\\/sevilla-promociona-su-iv-tapas-week-como-evento-gastronomico-mas-importante\\\/#listItem\",\"name\":\"Sevilla promociona su IV Tapas Week como \\u00abevento gastron\\u00f3mico m\\u00e1s importante\\u00bb\"},\"previousItem\":{\"@type\":\"ListItem\",\"@id\":\"https:\\\/\\\/eldigitaldeasturias.com\\\/magazine365#listItem\",\"name\":\"Home\"}},{\"@type\":\"ListItem\",\"@id\":\"https:\\\/\\\/eldigitaldeasturias.com\\\/magazine365\\\/sevilla-promociona-su-iv-tapas-week-como-evento-gastronomico-mas-importante\\\/#listItem\",\"position\":3,\"name\":\"Sevilla promociona su IV Tapas Week como \\u00abevento gastron\\u00f3mico m\\u00e1s importante\\u00bb\",\"previousItem\":{\"@type\":\"ListItem\",\"@id\":\"https:\\\/\\\/eldigitaldeasturias.com\\\/magazine365\\\/category\\\/noticias-actualidad\\\/#listItem\",\"name\":\"Noticias y Actualidad\"}}]},{\"@type\":\"Organization\",\"@id\":\"https:\\\/\\\/eldigitaldeasturias.com\\\/magazine365\\\/#organization\",\"name\":\"El digital de Asturias\",\"description\":\"Revista de ocio, turismo y estilo de vida\",\"url\":\"https:\\\/\\\/eldigitaldeasturias.com\\\/magazine365\\\/\",\"logo\":{\"@type\":\"ImageObject\",\"url\":\"https:\\\/\\\/www.eldigitaldeasturias.com\\\/noticias\\\/wp-content\\\/uploads\\\/2020\\\/12\\\/EDA.jpg\",\"@id\":\"https:\\\/\\\/eldigitaldeasturias.com\\\/magazine365\\\/sevilla-promociona-su-iv-tapas-week-como-evento-gastronomico-mas-importante\\\/#organizationLogo\"},\"image\":{\"@id\":\"https:\\\/\\\/eldigitaldeasturias.com\\\/magazine365\\\/sevilla-promociona-su-iv-tapas-week-como-evento-gastronomico-mas-importante\\\/#organizationLogo\"}},{\"@type\":\"Person\",\"@id\":\"https:\\\/\\\/eldigitaldeasturias.com\\\/magazine365\\\/author\\\/admin\\\/#author\",\"url\":\"https:\\\/\\\/eldigitaldeasturias.com\\\/magazine365\\\/author\\\/admin\\\/\",\"name\":\"admin\",\"image\":{\"@type\":\"ImageObject\",\"@id\":\"https:\\\/\\\/eldigitaldeasturias.com\\\/magazine365\\\/sevilla-promociona-su-iv-tapas-week-como-evento-gastronomico-mas-importante\\\/#authorImage\",\"url\":\"https:\\\/\\\/eldigitaldeasturias.com\\\/magazine365\\\/wp-content\\\/litespeed\\\/avatar\\\/e571bcf59a0edd6fa6838245a470f2fe.jpg?ver=1776969259\",\"width\":96,\"height\":96,\"caption\":\"admin\"}},{\"@type\":\"WebPage\",\"@id\":\"https:\\\/\\\/eldigitaldeasturias.com\\\/magazine365\\\/sevilla-promociona-su-iv-tapas-week-como-evento-gastronomico-mas-importante\\\/#webpage\",\"url\":\"https:\\\/\\\/eldigitaldeasturias.com\\\/magazine365\\\/sevilla-promociona-su-iv-tapas-week-como-evento-gastronomico-mas-importante\\\/\",\"name\":\"Sevilla promociona su IV Tapas Week como \\u00abevento gastron\\u00f3mico m\\u00e1s importante\\u00bb | El Digital de Asturias\",\"description\":\"El presidente de la Diputaci\\u00f3n de Sevilla, Fernando Rodr\\u00edguez Villalobos, y el alcalde de Sevilla, Juan Espadas, han apoyado en FITUR la presentaci\\u00f3n del cartel de la cuarta edici\\u00f3n de la Sevilla Tapas Week, que se celebrar\\u00e1 el pr\\u00f3ximo mes de noviembre, para reivindicar y difundir la tapa como elemento principal y peculiar de la\",\"inLanguage\":\"es-ES\",\"isPartOf\":{\"@id\":\"https:\\\/\\\/eldigitaldeasturias.com\\\/magazine365\\\/#website\"},\"breadcrumb\":{\"@id\":\"https:\\\/\\\/eldigitaldeasturias.com\\\/magazine365\\\/sevilla-promociona-su-iv-tapas-week-como-evento-gastronomico-mas-importante\\\/#breadcrumblist\"},\"author\":{\"@id\":\"https:\\\/\\\/eldigitaldeasturias.com\\\/magazine365\\\/author\\\/admin\\\/#author\"},\"creator\":{\"@id\":\"https:\\\/\\\/eldigitaldeasturias.com\\\/magazine365\\\/author\\\/admin\\\/#author\"},\"image\":{\"@type\":\"ImageObject\",\"url\":\"https:\\\/\\\/eldigitaldeasturias.com\\\/magazine365\\\/wp-content\\\/uploads\\\/2016\\\/01\\\/fotonoticia_20160120171302_800.jpg\",\"@id\":\"https:\\\/\\\/eldigitaldeasturias.com\\\/magazine365\\\/sevilla-promociona-su-iv-tapas-week-como-evento-gastronomico-mas-importante\\\/#mainImage\",\"width\":800,\"height\":533},\"primaryImageOfPage\":{\"@id\":\"https:\\\/\\\/eldigitaldeasturias.com\\\/magazine365\\\/sevilla-promociona-su-iv-tapas-week-como-evento-gastronomico-mas-importante\\\/#mainImage\"},\"datePublished\":\"2016-01-22T17:58:48+01:00\",\"dateModified\":\"2016-01-22T17:58:48+01:00\"},{\"@type\":\"WebSite\",\"@id\":\"https:\\\/\\\/eldigitaldeasturias.com\\\/magazine365\\\/#website\",\"url\":\"https:\\\/\\\/eldigitaldeasturias.com\\\/magazine365\\\/\",\"name\":\"El Digital de Asturias\",\"description\":\"Revista de ocio, turismo y estilo de vida\",\"inLanguage\":\"es-ES\",\"publisher\":{\"@id\":\"https:\\\/\\\/eldigitaldeasturias.com\\\/magazine365\\\/#organization\"}}]}\n\t\t<\/script>\n\t\t<!-- All in One SEO Pro -->\r\n\t\t<title>Sevilla promociona su IV Tapas Week como \u00abevento gastron\u00f3mico m\u00e1s importante\u00bb | El Digital de Asturias<\/title>\n\n","aioseo_head_json":{"title":"Sevilla promociona su IV Tapas Week como \u00abevento gastron\u00f3mico m\u00e1s importante\u00bb | El Digital de Asturias","description":"El presidente de la Diputaci\u00f3n de Sevilla, Fernando Rodr\u00edguez Villalobos, y el alcalde de Sevilla, Juan Espadas, han apoyado en FITUR la presentaci\u00f3n del cartel de la cuarta edici\u00f3n de la Sevilla Tapas Week, que se celebrar\u00e1 el pr\u00f3ximo mes de noviembre, para reivindicar y difundir la tapa como elemento principal y peculiar de la","canonical_url":"https:\/\/eldigitaldeasturias.com\/magazine365\/sevilla-promociona-su-iv-tapas-week-como-evento-gastronomico-mas-importante\/","robots":"max-image-preview:large","keywords":"noticias y actualidad","webmasterTools":{"google-site-verification":"UA-38556648-1","miscellaneous":""},"schema":{"@context":"https:\/\/schema.org","@graph":[{"@type":"Article","@id":"https:\/\/eldigitaldeasturias.com\/magazine365\/sevilla-promociona-su-iv-tapas-week-como-evento-gastronomico-mas-importante\/#article","name":"Sevilla promociona su IV Tapas Week como \u00abevento gastron\u00f3mico m\u00e1s importante\u00bb | El Digital de Asturias","headline":"Sevilla promociona su IV Tapas Week como \u00abevento gastron\u00f3mico m\u00e1s importante\u00bb","author":{"@id":"https:\/\/eldigitaldeasturias.com\/magazine365\/author\/admin\/#author"},"publisher":{"@id":"https:\/\/eldigitaldeasturias.com\/magazine365\/#organization"},"image":{"@type":"ImageObject","url":"https:\/\/eldigitaldeasturias.com\/magazine365\/wp-content\/uploads\/2016\/01\/fotonoticia_20160120171302_800.jpg","width":800,"height":533},"datePublished":"2016-01-22T17:58:48+01:00","dateModified":"2016-01-22T17:58:48+01:00","inLanguage":"es-ES","mainEntityOfPage":{"@id":"https:\/\/eldigitaldeasturias.com\/magazine365\/sevilla-promociona-su-iv-tapas-week-como-evento-gastronomico-mas-importante\/#webpage"},"isPartOf":{"@id":"https:\/\/eldigitaldeasturias.com\/magazine365\/sevilla-promociona-su-iv-tapas-week-como-evento-gastronomico-mas-importante\/#webpage"},"articleSection":"Noticias y Actualidad"},{"@type":"BreadcrumbList","@id":"https:\/\/eldigitaldeasturias.com\/magazine365\/sevilla-promociona-su-iv-tapas-week-como-evento-gastronomico-mas-importante\/#breadcrumblist","itemListElement":[{"@type":"ListItem","@id":"https:\/\/eldigitaldeasturias.com\/magazine365#listItem","position":1,"name":"Home","item":"https:\/\/eldigitaldeasturias.com\/magazine365","nextItem":{"@type":"ListItem","@id":"https:\/\/eldigitaldeasturias.com\/magazine365\/category\/noticias-actualidad\/#listItem","name":"Noticias y Actualidad"}},{"@type":"ListItem","@id":"https:\/\/eldigitaldeasturias.com\/magazine365\/category\/noticias-actualidad\/#listItem","position":2,"name":"Noticias y Actualidad","item":"https:\/\/eldigitaldeasturias.com\/magazine365\/category\/noticias-actualidad\/","nextItem":{"@type":"ListItem","@id":"https:\/\/eldigitaldeasturias.com\/magazine365\/sevilla-promociona-su-iv-tapas-week-como-evento-gastronomico-mas-importante\/#listItem","name":"Sevilla promociona su IV Tapas Week como \u00abevento gastron\u00f3mico m\u00e1s importante\u00bb"},"previousItem":{"@type":"ListItem","@id":"https:\/\/eldigitaldeasturias.com\/magazine365#listItem","name":"Home"}},{"@type":"ListItem","@id":"https:\/\/eldigitaldeasturias.com\/magazine365\/sevilla-promociona-su-iv-tapas-week-como-evento-gastronomico-mas-importante\/#listItem","position":3,"name":"Sevilla promociona su IV Tapas Week como \u00abevento gastron\u00f3mico m\u00e1s importante\u00bb","previousItem":{"@type":"ListItem","@id":"https:\/\/eldigitaldeasturias.com\/magazine365\/category\/noticias-actualidad\/#listItem","name":"Noticias y Actualidad"}}]},{"@type":"Organization","@id":"https:\/\/eldigitaldeasturias.com\/magazine365\/#organization","name":"El digital de Asturias","description":"Revista de ocio, turismo y estilo de vida","url":"https:\/\/eldigitaldeasturias.com\/magazine365\/","logo":{"@type":"ImageObject","url":"https:\/\/www.eldigitaldeasturias.com\/noticias\/wp-content\/uploads\/2020\/12\/EDA.jpg","@id":"https:\/\/eldigitaldeasturias.com\/magazine365\/sevilla-promociona-su-iv-tapas-week-como-evento-gastronomico-mas-importante\/#organizationLogo"},"image":{"@id":"https:\/\/eldigitaldeasturias.com\/magazine365\/sevilla-promociona-su-iv-tapas-week-como-evento-gastronomico-mas-importante\/#organizationLogo"}},{"@type":"Person","@id":"https:\/\/eldigitaldeasturias.com\/magazine365\/author\/admin\/#author","url":"https:\/\/eldigitaldeasturias.com\/magazine365\/author\/admin\/","name":"admin","image":{"@type":"ImageObject","@id":"https:\/\/eldigitaldeasturias.com\/magazine365\/sevilla-promociona-su-iv-tapas-week-como-evento-gastronomico-mas-importante\/#authorImage","url":"https:\/\/eldigitaldeasturias.com\/magazine365\/wp-content\/litespeed\/avatar\/e571bcf59a0edd6fa6838245a470f2fe.jpg?ver=1776969259","width":96,"height":96,"caption":"admin"}},{"@type":"WebPage","@id":"https:\/\/eldigitaldeasturias.com\/magazine365\/sevilla-promociona-su-iv-tapas-week-como-evento-gastronomico-mas-importante\/#webpage","url":"https:\/\/eldigitaldeasturias.com\/magazine365\/sevilla-promociona-su-iv-tapas-week-como-evento-gastronomico-mas-importante\/","name":"Sevilla promociona su IV Tapas Week como \u00abevento gastron\u00f3mico m\u00e1s importante\u00bb | El Digital de Asturias","description":"El presidente de la Diputaci\u00f3n de Sevilla, Fernando Rodr\u00edguez Villalobos, y el alcalde de Sevilla, Juan Espadas, han apoyado en FITUR la presentaci\u00f3n del cartel de la cuarta edici\u00f3n de la Sevilla Tapas Week, que se celebrar\u00e1 el pr\u00f3ximo mes de noviembre, para reivindicar y difundir la tapa como elemento principal y peculiar de la","inLanguage":"es-ES","isPartOf":{"@id":"https:\/\/eldigitaldeasturias.com\/magazine365\/#website"},"breadcrumb":{"@id":"https:\/\/eldigitaldeasturias.com\/magazine365\/sevilla-promociona-su-iv-tapas-week-como-evento-gastronomico-mas-importante\/#breadcrumblist"},"author":{"@id":"https:\/\/eldigitaldeasturias.com\/magazine365\/author\/admin\/#author"},"creator":{"@id":"https:\/\/eldigitaldeasturias.com\/magazine365\/author\/admin\/#author"},"image":{"@type":"ImageObject","url":"https:\/\/eldigitaldeasturias.com\/magazine365\/wp-content\/uploads\/2016\/01\/fotonoticia_20160120171302_800.jpg","@id":"https:\/\/eldigitaldeasturias.com\/magazine365\/sevilla-promociona-su-iv-tapas-week-como-evento-gastronomico-mas-importante\/#mainImage","width":800,"height":533},"primaryImageOfPage":{"@id":"https:\/\/eldigitaldeasturias.com\/magazine365\/sevilla-promociona-su-iv-tapas-week-como-evento-gastronomico-mas-importante\/#mainImage"},"datePublished":"2016-01-22T17:58:48+01:00","dateModified":"2016-01-22T17:58:48+01:00"},{"@type":"WebSite","@id":"https:\/\/eldigitaldeasturias.com\/magazine365\/#website","url":"https:\/\/eldigitaldeasturias.com\/magazine365\/","name":"El Digital de Asturias","description":"Revista de ocio, turismo y estilo de vida","inLanguage":"es-ES","publisher":{"@id":"https:\/\/eldigitaldeasturias.com\/magazine365\/#organization"}}]},"og:locale":"es_ES","og:site_name":"El Digital de Asturias \u2013 Revista de ocio, turismo y estilo de vida","og:type":"article","og:title":"Sevilla promociona su IV Tapas Week como \u00abevento gastron\u00f3mico m\u00e1s importante\u00bb | El Digital de Asturias","og:description":"El presidente de la Diputaci\u00f3n de Sevilla, Fernando Rodr\u00edguez Villalobos, y el alcalde de Sevilla, Juan Espadas, han apoyado en FITUR la presentaci\u00f3n del cartel de la cuarta edici\u00f3n de la Sevilla Tapas Week, que se celebrar\u00e1 el pr\u00f3ximo mes de noviembre, para reivindicar y difundir la tapa como elemento principal y peculiar de la","og:url":"https:\/\/eldigitaldeasturias.com\/magazine365\/sevilla-promociona-su-iv-tapas-week-como-evento-gastronomico-mas-importante\/","og:image":"https:\/\/eldigitaldeasturias.com\/magazine365\/wp-content\/uploads\/2016\/01\/fotonoticia_20160120171302_800.jpg","og:image:secure_url":"https:\/\/eldigitaldeasturias.com\/magazine365\/wp-content\/uploads\/2016\/01\/fotonoticia_20160120171302_800.jpg","og:image:width":800,"og:image:height":533,"article:published_time":"2016-01-22T16:58:48+00:00","article:modified_time":"2016-01-22T16:58:48+00:00","twitter:card":"summary_large_image","twitter:title":"Sevilla promociona su IV Tapas Week como \u00abevento gastron\u00f3mico m\u00e1s importante\u00bb | El Digital de Asturias","twitter:description":"El presidente de la Diputaci\u00f3n de Sevilla, Fernando Rodr\u00edguez Villalobos, y el alcalde de Sevilla, Juan Espadas, han apoyado en FITUR la presentaci\u00f3n del cartel de la cuarta edici\u00f3n de la Sevilla Tapas Week, que se celebrar\u00e1 el pr\u00f3ximo mes de noviembre, para reivindicar y difundir la tapa como elemento principal y peculiar de la","twitter:image":"https:\/\/eldigitaldeasturias.com\/magazine365\/wp-content\/uploads\/2016\/01\/fotonoticia_20160120171302_800.jpg"},"aioseo_meta_data":{"post_id":"61430","title":null,"description":null,"keywords":null,"keyphrases":null,"primary_term":null,"canonical_url":null,"og_title":null,"og_description":null,"og_object_type":"default","og_image_type":"default","og_image_url":null,"og_image_width":null,"og_image_height":null,"og_image_custom_url":null,"og_image_custom_fields":null,"og_video":null,"og_custom_url":null,"og_article_section":null,"og_article_tags":null,"twitter_use_og":false,"twitter_card":"default","twitter_image_type":"default","twitter_image_url":null,"twitter_image_custom_url":null,"twitter_image_custom_fields":null,"twitter_title":null,"twitter_description":null,"schema":{"blockGraphs":[],"customGraphs":[],"default":{"data":{"Article":[],"Course":[],"Dataset":[],"FAQPage":[],"Movie":[],"Person":[],"Product":[],"ProductReview":[],"Car":[],"Recipe":[],"Service":[],"SoftwareApplication":[],"WebPage":[]},"graphName":"","isEnabled":true},"graphs":[],"defaultGraph":"","defaultPostTypeGraph":""},"schema_type":null,"schema_type_options":null,"pillar_content":false,"robots_default":true,"robots_noindex":false,"robots_noarchive":false,"robots_nosnippet":false,"robots_nofollow":false,"robots_noimageindex":false,"robots_noodp":false,"robots_notranslate":false,"robots_max_snippet":null,"robots_max_videopreview":null,"robots_max_imagepreview":"large","priority":null,"frequency":null,"location":null,"local_seo":null,"seo_analyzer_scan_date":"2025-09-25 08:57:13","breadcrumb_settings":null,"limit_modified_date":false,"open_ai":null,"ai":null,"created":"2021-03-08 21:50:00","updated":"2025-09-25 08:57:13"},"aioseo_breadcrumb":"<div class=\"aioseo-breadcrumbs\"><span class=\"aioseo-breadcrumb\">\n\t<a href=\"https:\/\/eldigitaldeasturias.com\/magazine365\" title=\"Home\">Home<\/a>\n<\/span><span class=\"aioseo-breadcrumb-separator\">\u2013<\/span><span class=\"aioseo-breadcrumb\">\n\t<a href=\"https:\/\/eldigitaldeasturias.com\/magazine365\/category\/noticias-actualidad\/\" title=\"Noticias y Actualidad\">Noticias y Actualidad<\/a>\n<\/span><span class=\"aioseo-breadcrumb-separator\">\u2013<\/span><span class=\"aioseo-breadcrumb\">\n\t<a href=\"https:\/\/eldigitaldeasturias.com\/magazine365\/sevilla-promociona-su-iv-tapas-week-como-evento-gastronomico-mas-importante\/\" title=\"Sevilla promociona su IV Tapas Week como \u00abevento gastron\u00f3mico m\u00e1s importante\u00bb\">Sevilla promociona su IV Tapas Week como \u00abevento gastron\u00f3mico m\u00e1s importante\u00bb<\/a>\n<\/span><\/div>","aioseo_breadcrumb_json":[{"label":"Home","link":"https:\/\/eldigitaldeasturias.com\/magazine365"},{"label":"Noticias y Actualidad","link":"https:\/\/eldigitaldeasturias.com\/magazine365\/category\/noticias-actualidad\/"},{"label":"Sevilla promociona su IV Tapas Week como \u00abevento gastron\u00f3mico m\u00e1s importante\u00bb","link":"https:\/\/eldigitaldeasturias.com\/magazine365\/sevilla-promociona-su-iv-tapas-week-como-evento-gastronomico-mas-importante\/"}],"_links":{"self":[{"href":"https:\/\/eldigitaldeasturias.com\/magazine365\/wp-json\/wp\/v2\/posts\/61430","targetHints":{"allow":["GET"]}}],"collection":[{"href":"https:\/\/eldigitaldeasturias.com\/magazine365\/wp-json\/wp\/v2\/posts"}],"about":[{"href":"https:\/\/eldigitaldeasturias.com\/magazine365\/wp-json\/wp\/v2\/types\/post"}],"author":[{"embeddable":true,"href":"https:\/\/eldigitaldeasturias.com\/magazine365\/wp-json\/wp\/v2\/users\/1"}],"replies":[{"embeddable":true,"href":"https:\/\/eldigitaldeasturias.com\/magazine365\/wp-json\/wp\/v2\/comments?post=61430"}],"version-history":[{"count":0,"href":"https:\/\/eldigitaldeasturias.com\/magazine365\/wp-json\/wp\/v2\/posts\/61430\/revisions"}],"wp:featuredmedia":[{"embeddable":true,"href":"https:\/\/eldigitaldeasturias.com\/magazine365\/wp-json\/wp\/v2\/media\/61431"}],"wp:attachment":[{"href":"https:\/\/eldigitaldeasturias.com\/magazine365\/wp-json\/wp\/v2\/media?parent=61430"}],"wp:term":[{"taxonomy":"category","embeddable":true,"href":"https:\/\/eldigitaldeasturias.com\/magazine365\/wp-json\/wp\/v2\/categories?post=61430"},{"taxonomy":"post_tag","embeddable":true,"href":"https:\/\/eldigitaldeasturias.com\/magazine365\/wp-json\/wp\/v2\/tags?post=61430"}],"curies":[{"name":"wp","href":"https:\/\/api.w.org\/{rel}","templated":true}]}}