{"id":61427,"date":"2016-01-22T17:58:01","date_gmt":"2016-01-22T16:58:01","guid":{"rendered":"http:\/\/eldigitaldeasturias.com\/magazine365\/?p=61427"},"modified":"2016-01-22T17:58:01","modified_gmt":"2016-01-22T16:58:01","slug":"huelva-muestra-al-mundo-la-personalidad-unica-de-su-historia-y-su-atractiva-riqueza","status":"publish","type":"post","link":"https:\/\/eldigitaldeasturias.com\/magazine365\/huelva-muestra-al-mundo-la-personalidad-unica-de-su-historia-y-su-atractiva-riqueza\/","title":{"rendered":"Huelva muestra al mundo la personalidad \u00fanica de su historia y su atractiva riqueza"},"content":{"rendered":"<p><img fetchpriority=\"high\" decoding=\"async\" class=\"alignleft size-medium wp-image-61428\" src=\"https:\/\/eldigitaldeasturias.com\/magazine365\/wp-content\/uploads\/2016\/01\/fotonoticia_20160120171213_800-360x240.jpg\" alt=\"fotonoticia_20160120171213_800\" width=\"360\" height=\"240\" srcset=\"https:\/\/eldigitaldeasturias.com\/magazine365\/wp-content\/uploads\/2016\/01\/fotonoticia_20160120171213_800-360x240.jpg 360w, https:\/\/eldigitaldeasturias.com\/magazine365\/wp-content\/uploads\/2016\/01\/fotonoticia_20160120171213_800-650x433.jpg 650w, https:\/\/eldigitaldeasturias.com\/magazine365\/wp-content\/uploads\/2016\/01\/fotonoticia_20160120171213_800-768x512.jpg 768w, https:\/\/eldigitaldeasturias.com\/magazine365\/wp-content\/uploads\/2016\/01\/fotonoticia_20160120171213_800-150x100.jpg 150w, https:\/\/eldigitaldeasturias.com\/magazine365\/wp-content\/uploads\/2016\/01\/fotonoticia_20160120171213_800-450x300.jpg 450w, https:\/\/eldigitaldeasturias.com\/magazine365\/wp-content\/uploads\/2016\/01\/fotonoticia_20160120171213_800-696x464.jpg 696w, https:\/\/eldigitaldeasturias.com\/magazine365\/wp-content\/uploads\/2016\/01\/fotonoticia_20160120171213_800-630x420.jpg 630w, https:\/\/eldigitaldeasturias.com\/magazine365\/wp-content\/uploads\/2016\/01\/fotonoticia_20160120171213_800-101x66.jpg 101w, https:\/\/eldigitaldeasturias.com\/magazine365\/wp-content\/uploads\/2016\/01\/fotonoticia_20160120171213_800.jpg 800w\" sizes=\"(max-width: 360px) 100vw, 360px\" \/>La luz, la personalidad y el singular atractivo de la provincia de Huelva se exhiben desde este mi\u00e9rcoles al resto del mundo en la Feria Internacional de Turismo, Fitur 2016, que en esta jornada ha abierto su puertas en Madrid.<\/p>\n<p>Una fotograf\u00eda de un ciclista surcando las piedras del r\u00edo Tinto en todo su despliegue crom\u00e1tico da la bienvenida al estand del Patronato de Turismo en Ifema que, desde el mismo momento de la inauguraci\u00f3n, ha atra\u00eddo la atenci\u00f3n de autoridades, agentes tur\u00edsticos y medios de comunicaci\u00f3n.<\/p>\n<p>El presidente de la Diputaci\u00f3n y del Patronato de Turismo, Ignacio Caraballo, ha acompa\u00f1ado a la presidenta de la Junta de Andaluc\u00eda, Susana D\u00edaz, y a la Reina Letizia en la inauguraci\u00f3n del Pabell\u00f3n de Andaluc\u00eda. La presidenta auton\u00f3mica ha visitado el estand del Patronato, que destaca por el impacto visual y grandes im\u00e1genes que muestran con rotundidad la naturaleza y algunos de los escenarios m\u00e1s atractivos que ofrece el destino Huelva. Una muestra de las novedades que la provincia ofrece al viajero y de la enorme riqueza que atesoran sus comarcas, ha informado el patronato en una nota.<\/p>\n<p>El 525 Aniversario del Descubrimiento de Am\u00e9rica &#8211;que se celebrar\u00e1 en 2017 bajo el nombre de Encuentro entre dos Mundos&#8211; ha sido el gran protagonista de la jornada por partida doble. De un lado, por el convenio suscrito entre la Diputaci\u00f3n de Huelva y el atleta onubense dos veces campe\u00f3n del mundo de Duatl\u00f3n, Emilio Mart\u00edn, que se convertir\u00e1 en embajador del 525 aniversario al lucir en su maillot la marca de este evento en cada prueba deportiva, nacional e internacional, en la que participe.<\/p>\n<p>El presidente de la Diputaci\u00f3n, Ignacio Caraballo, ha subrayado que la celebraci\u00f3n de esta efem\u00e9ride ser\u00e1 la conmemoraci\u00f3n m\u00e1s importante se celebre en Huelva desde el V Centenario del Descubrimiento de Am\u00e9rica. \u00abNuestra provincia tuvo un papel determinantes en la historia de la Humanidad y es algo que queremos celebrar, porque estamos convenidos de que ser\u00e1 todo un est\u00edmulo para profundizar y reforzar la uni\u00f3n entre Huelva y Am\u00e9rica y afianzar las relaciones con los pa\u00edses iberoamericanos\u00bb, ha remarcado.<\/p>\n<p>Respecto a la presente edici\u00f3n de Fitur, Caraballo ha asegurado que la provincia de Huelva vuelve a destacar con una presencia atractiva \u00abque se ve y que se sugiere\u00bb, destacando \u00abel gran peso del territorio y la variedad y riqueza de sus comarcas, con propuestas que abarcan la historia, la cultura, al deporte o la gastronom\u00eda, entre otros referentes tur\u00edsticos de primer orden\u00bb.<\/p>\n<p>Es el caso del nuevo Club de Producto &#8216;Do\u00f1ana&#8217;, que nace con la vocaci\u00f3n de brindar una oferta tur\u00edstica de calidad marcada por el respeto y la protecci\u00f3n medioambiental que requiere el entorno. Parque nacional y Reserva de la Biosfera. La alcaldesa de Almonte, la socialista Roc\u00edo Espinosa, ha presentado el nuevo Club de Producto, basado en un turismo de naturaleza que ya es referencia internacional, pero que se presenta fortalecido y estructurado para responder adecuadamente a la demanda. Espinosa a su vez ha presentado el Museo del Vino de la Almonte.<\/p>\n<p>Tambi\u00e9n desde el Condado, en este caso desde el Ayuntamiento de Moguer, se ha dado a conocer el programa de actividades Moguer- Am\u00e9rica. Una estrategia de desarrollo tur\u00edstica en torno a dos grandes conmemoraciones: el 525 Aniversario del Descubrimiento de Am\u00e9rica y el Centenario de &#8216;Diario de un poeta reci\u00e9n casado&#8217; de Juan Ram\u00f3n Jim\u00e9nez.<\/p>\n<p>TIERRAS DEL DESCUBRIMIENTO<\/p>\n<p>Como una ventana de la provincia de Huelva al mundo y una forma de visualizar el territorio se ha presentando la aplicaci\u00f3n inform\u00e1tica de los Grupos de Desarrollo Rural, enmarcada en la campa\u00f1a de promoci\u00f3n tur\u00edstica &#8216;Tierras del Descubrimiento&#8217; que est\u00e1n desarrollando con un gran \u00e9xito. A trav\u00e9s de esta herramienta se muestran de forma interactiva 400 elementos de la provincia de a trav\u00e9s de formato de v\u00eddeo, audio y pdf, con informaci\u00f3n \u00fatil para el viajero, incluyendo la geolocalizaci\u00f3n de fiestas y tradiciones, naturaleza, rutas, patrimonio y gastronom\u00eda.<\/p>\n<p>El estand del patronato tambi\u00e9n ha acogido la presentaci\u00f3n de la duod\u00e9cima edici\u00f3n del Concurso Internacional de Vinos y Espirituosos (Cinve), de la s\u00e9ptima edici\u00f3n de la Cata Internacional de Aceites de Oliva Virgen Extra, que se celebrar\u00e1n en La R\u00e1bida del 7 al 10 de febrero y del ON Hotels Ocean Front de Matalasca\u00f1as, exponente del concepto de hoteles &#8216;Adults only&#8217;, s\u00f3lo para adultos, en la provincia de Huelva.<\/p>\n<p>Como ejemplo del mejor turismo gastron\u00f3mico, el buen sabor de boca ha venido de la mano de la DOP Jam\u00f3n de Jabugo. El vicepresidente de la Diputaci\u00f3n y alcalde de Jabugo, Jos\u00e9 Luis Ramos, ha hecho entrega de una pieza de la DOP a Manuel Romero, ganador del concurso &#8216;La Rebeli\u00f3n del Jam\u00f3n&#8217; al mejor relato corto sobre una experiencia de Turismo Gastron\u00f3mico en el Parque Natural Sierra de Aracena y Picos de Aroche, siendo el Jam\u00f3n y su entorno los protagonistas.<\/p>\n<p>Del mismo modo, en esta jornada han comenzado los encuentros profesionales entre empresarios, agentes y t\u00e9cnicos de turismo que se multiplican en el marco de Fitur. Encuentros que constituyen uno de los principales objetivos de la feria y que contribuyen a que Huelva promocione su oferta y d\u00e9 a conocer sus nuevos productos, con el objetivo de combatir la estacionalidad e impulsar su estrategia de captaci\u00f3n de turistas para propiciar el avance del sector.<\/p>\n","protected":false},"excerpt":{"rendered":"<p>La luz, la personalidad y el singular atractivo de la provincia de Huelva se exhiben desde este mi\u00e9rcoles al resto del mundo en la Feria Internacional de Turismo, Fitur 2016, que en esta jornada ha abierto su puertas en Madrid. Una fotograf\u00eda de un ciclista surcando las piedras del r\u00edo Tinto en todo su despliegue<\/p>\n","protected":false},"author":1,"featured_media":61428,"comment_status":"open","ping_status":"closed","sticky":false,"template":"","format":"standard","meta":{"footnotes":""},"categories":[224],"tags":[],"class_list":{"0":"post-61427","1":"post","2":"type-post","3":"status-publish","4":"format-standard","5":"has-post-thumbnail","7":"category-noticias-actualidad"},"aioseo_notices":[],"aioseo_head":"\n\t\t<!-- All in One SEO Pro 4.9.6.1 - aioseo.com -->\n\t<meta name=\"description\" content=\"La luz, la personalidad y el singular atractivo de la provincia de Huelva se exhiben desde este mi\u00e9rcoles al resto del mundo en la Feria Internacional de Turismo, Fitur 2016, que en esta jornada ha abierto su puertas en Madrid. Una fotograf\u00eda de un ciclista surcando las piedras del r\u00edo Tinto en todo su despliegue\" \/>\n\t<meta name=\"robots\" content=\"max-image-preview:large\" \/>\n\t<meta name=\"author\" content=\"admin\"\/>\n\t<meta name=\"google-site-verification\" content=\"UA-38556648-1\" \/>\n\t<meta name=\"keywords\" content=\"noticias y actualidad\" \/>\n\t<link rel=\"canonical\" href=\"https:\/\/eldigitaldeasturias.com\/magazine365\/huelva-muestra-al-mundo-la-personalidad-unica-de-su-historia-y-su-atractiva-riqueza\/\" \/>\n\t<meta name=\"generator\" content=\"All in One SEO Pro (AIOSEO) 4.9.6.1\" \/>\n\t\t<meta property=\"og:locale\" content=\"es_ES\" \/>\n\t\t<meta property=\"og:site_name\" content=\"El Digital de Asturias \u2013 Revista de ocio, turismo y estilo de vida\" \/>\n\t\t<meta property=\"og:type\" content=\"article\" \/>\n\t\t<meta property=\"og:title\" content=\"Huelva muestra al mundo la personalidad \u00fanica de su historia y su atractiva riqueza | El Digital de Asturias\" \/>\n\t\t<meta property=\"og:description\" content=\"La luz, la personalidad y el singular atractivo de la provincia de Huelva se exhiben desde este mi\u00e9rcoles al resto del mundo en la Feria Internacional de Turismo, Fitur 2016, que en esta jornada ha abierto su puertas en Madrid. Una fotograf\u00eda de un ciclista surcando las piedras del r\u00edo Tinto en todo su despliegue\" \/>\n\t\t<meta property=\"og:url\" content=\"https:\/\/eldigitaldeasturias.com\/magazine365\/huelva-muestra-al-mundo-la-personalidad-unica-de-su-historia-y-su-atractiva-riqueza\/\" \/>\n\t\t<meta property=\"og:image\" content=\"https:\/\/eldigitaldeasturias.com\/magazine365\/wp-content\/uploads\/2016\/01\/fotonoticia_20160120171213_800.jpg\" \/>\n\t\t<meta property=\"og:image:secure_url\" content=\"https:\/\/eldigitaldeasturias.com\/magazine365\/wp-content\/uploads\/2016\/01\/fotonoticia_20160120171213_800.jpg\" \/>\n\t\t<meta property=\"og:image:width\" content=\"800\" \/>\n\t\t<meta property=\"og:image:height\" content=\"533\" \/>\n\t\t<meta property=\"article:published_time\" content=\"2016-01-22T16:58:01+00:00\" \/>\n\t\t<meta property=\"article:modified_time\" content=\"2016-01-22T16:58:01+00:00\" \/>\n\t\t<meta name=\"twitter:card\" content=\"summary_large_image\" \/>\n\t\t<meta name=\"twitter:title\" content=\"Huelva muestra al mundo la personalidad \u00fanica de su historia y su atractiva riqueza | El Digital de Asturias\" \/>\n\t\t<meta name=\"twitter:description\" content=\"La luz, la personalidad y el singular atractivo de la provincia de Huelva se exhiben desde este mi\u00e9rcoles al resto del mundo en la Feria Internacional de Turismo, Fitur 2016, que en esta jornada ha abierto su puertas en Madrid. Una fotograf\u00eda de un ciclista surcando las piedras del r\u00edo Tinto en todo su despliegue\" \/>\n\t\t<meta name=\"twitter:image\" content=\"https:\/\/eldigitaldeasturias.com\/magazine365\/wp-content\/uploads\/2016\/01\/fotonoticia_20160120171213_800.jpg\" \/>\n\t\t<script type=\"application\/ld+json\" class=\"aioseo-schema\">\n\t\t\t{\"@context\":\"https:\\\/\\\/schema.org\",\"@graph\":[{\"@type\":\"Article\",\"@id\":\"https:\\\/\\\/eldigitaldeasturias.com\\\/magazine365\\\/huelva-muestra-al-mundo-la-personalidad-unica-de-su-historia-y-su-atractiva-riqueza\\\/#article\",\"name\":\"Huelva muestra al mundo la personalidad \\u00fanica de su historia y su atractiva riqueza | El Digital de Asturias\",\"headline\":\"Huelva muestra al mundo la personalidad \\u00fanica de su historia y su atractiva riqueza\",\"author\":{\"@id\":\"https:\\\/\\\/eldigitaldeasturias.com\\\/magazine365\\\/author\\\/admin\\\/#author\"},\"publisher\":{\"@id\":\"https:\\\/\\\/eldigitaldeasturias.com\\\/magazine365\\\/#organization\"},\"image\":{\"@type\":\"ImageObject\",\"url\":\"https:\\\/\\\/eldigitaldeasturias.com\\\/magazine365\\\/wp-content\\\/uploads\\\/2016\\\/01\\\/fotonoticia_20160120171213_800.jpg\",\"width\":800,\"height\":533},\"datePublished\":\"2016-01-22T17:58:01+01:00\",\"dateModified\":\"2016-01-22T17:58:01+01:00\",\"inLanguage\":\"es-ES\",\"mainEntityOfPage\":{\"@id\":\"https:\\\/\\\/eldigitaldeasturias.com\\\/magazine365\\\/huelva-muestra-al-mundo-la-personalidad-unica-de-su-historia-y-su-atractiva-riqueza\\\/#webpage\"},\"isPartOf\":{\"@id\":\"https:\\\/\\\/eldigitaldeasturias.com\\\/magazine365\\\/huelva-muestra-al-mundo-la-personalidad-unica-de-su-historia-y-su-atractiva-riqueza\\\/#webpage\"},\"articleSection\":\"Noticias y Actualidad\"},{\"@type\":\"BreadcrumbList\",\"@id\":\"https:\\\/\\\/eldigitaldeasturias.com\\\/magazine365\\\/huelva-muestra-al-mundo-la-personalidad-unica-de-su-historia-y-su-atractiva-riqueza\\\/#breadcrumblist\",\"itemListElement\":[{\"@type\":\"ListItem\",\"@id\":\"https:\\\/\\\/eldigitaldeasturias.com\\\/magazine365#listItem\",\"position\":1,\"name\":\"Home\",\"item\":\"https:\\\/\\\/eldigitaldeasturias.com\\\/magazine365\",\"nextItem\":{\"@type\":\"ListItem\",\"@id\":\"https:\\\/\\\/eldigitaldeasturias.com\\\/magazine365\\\/category\\\/noticias-actualidad\\\/#listItem\",\"name\":\"Noticias y Actualidad\"}},{\"@type\":\"ListItem\",\"@id\":\"https:\\\/\\\/eldigitaldeasturias.com\\\/magazine365\\\/category\\\/noticias-actualidad\\\/#listItem\",\"position\":2,\"name\":\"Noticias y Actualidad\",\"item\":\"https:\\\/\\\/eldigitaldeasturias.com\\\/magazine365\\\/category\\\/noticias-actualidad\\\/\",\"nextItem\":{\"@type\":\"ListItem\",\"@id\":\"https:\\\/\\\/eldigitaldeasturias.com\\\/magazine365\\\/huelva-muestra-al-mundo-la-personalidad-unica-de-su-historia-y-su-atractiva-riqueza\\\/#listItem\",\"name\":\"Huelva muestra al mundo la personalidad \\u00fanica de su historia y su atractiva riqueza\"},\"previousItem\":{\"@type\":\"ListItem\",\"@id\":\"https:\\\/\\\/eldigitaldeasturias.com\\\/magazine365#listItem\",\"name\":\"Home\"}},{\"@type\":\"ListItem\",\"@id\":\"https:\\\/\\\/eldigitaldeasturias.com\\\/magazine365\\\/huelva-muestra-al-mundo-la-personalidad-unica-de-su-historia-y-su-atractiva-riqueza\\\/#listItem\",\"position\":3,\"name\":\"Huelva muestra al mundo la personalidad \\u00fanica de su historia y su atractiva riqueza\",\"previousItem\":{\"@type\":\"ListItem\",\"@id\":\"https:\\\/\\\/eldigitaldeasturias.com\\\/magazine365\\\/category\\\/noticias-actualidad\\\/#listItem\",\"name\":\"Noticias y Actualidad\"}}]},{\"@type\":\"Organization\",\"@id\":\"https:\\\/\\\/eldigitaldeasturias.com\\\/magazine365\\\/#organization\",\"name\":\"El digital de Asturias\",\"description\":\"Revista de ocio, turismo y estilo de vida\",\"url\":\"https:\\\/\\\/eldigitaldeasturias.com\\\/magazine365\\\/\",\"logo\":{\"@type\":\"ImageObject\",\"url\":\"https:\\\/\\\/www.eldigitaldeasturias.com\\\/noticias\\\/wp-content\\\/uploads\\\/2020\\\/12\\\/EDA.jpg\",\"@id\":\"https:\\\/\\\/eldigitaldeasturias.com\\\/magazine365\\\/huelva-muestra-al-mundo-la-personalidad-unica-de-su-historia-y-su-atractiva-riqueza\\\/#organizationLogo\"},\"image\":{\"@id\":\"https:\\\/\\\/eldigitaldeasturias.com\\\/magazine365\\\/huelva-muestra-al-mundo-la-personalidad-unica-de-su-historia-y-su-atractiva-riqueza\\\/#organizationLogo\"}},{\"@type\":\"Person\",\"@id\":\"https:\\\/\\\/eldigitaldeasturias.com\\\/magazine365\\\/author\\\/admin\\\/#author\",\"url\":\"https:\\\/\\\/eldigitaldeasturias.com\\\/magazine365\\\/author\\\/admin\\\/\",\"name\":\"admin\",\"image\":{\"@type\":\"ImageObject\",\"@id\":\"https:\\\/\\\/eldigitaldeasturias.com\\\/magazine365\\\/huelva-muestra-al-mundo-la-personalidad-unica-de-su-historia-y-su-atractiva-riqueza\\\/#authorImage\",\"url\":\"https:\\\/\\\/eldigitaldeasturias.com\\\/magazine365\\\/wp-content\\\/litespeed\\\/avatar\\\/e571bcf59a0edd6fa6838245a470f2fe.jpg?ver=1776969259\",\"width\":96,\"height\":96,\"caption\":\"admin\"}},{\"@type\":\"WebPage\",\"@id\":\"https:\\\/\\\/eldigitaldeasturias.com\\\/magazine365\\\/huelva-muestra-al-mundo-la-personalidad-unica-de-su-historia-y-su-atractiva-riqueza\\\/#webpage\",\"url\":\"https:\\\/\\\/eldigitaldeasturias.com\\\/magazine365\\\/huelva-muestra-al-mundo-la-personalidad-unica-de-su-historia-y-su-atractiva-riqueza\\\/\",\"name\":\"Huelva muestra al mundo la personalidad \\u00fanica de su historia y su atractiva riqueza | El Digital de Asturias\",\"description\":\"La luz, la personalidad y el singular atractivo de la provincia de Huelva se exhiben desde este mi\\u00e9rcoles al resto del mundo en la Feria Internacional de Turismo, Fitur 2016, que en esta jornada ha abierto su puertas en Madrid. Una fotograf\\u00eda de un ciclista surcando las piedras del r\\u00edo Tinto en todo su despliegue\",\"inLanguage\":\"es-ES\",\"isPartOf\":{\"@id\":\"https:\\\/\\\/eldigitaldeasturias.com\\\/magazine365\\\/#website\"},\"breadcrumb\":{\"@id\":\"https:\\\/\\\/eldigitaldeasturias.com\\\/magazine365\\\/huelva-muestra-al-mundo-la-personalidad-unica-de-su-historia-y-su-atractiva-riqueza\\\/#breadcrumblist\"},\"author\":{\"@id\":\"https:\\\/\\\/eldigitaldeasturias.com\\\/magazine365\\\/author\\\/admin\\\/#author\"},\"creator\":{\"@id\":\"https:\\\/\\\/eldigitaldeasturias.com\\\/magazine365\\\/author\\\/admin\\\/#author\"},\"image\":{\"@type\":\"ImageObject\",\"url\":\"https:\\\/\\\/eldigitaldeasturias.com\\\/magazine365\\\/wp-content\\\/uploads\\\/2016\\\/01\\\/fotonoticia_20160120171213_800.jpg\",\"@id\":\"https:\\\/\\\/eldigitaldeasturias.com\\\/magazine365\\\/huelva-muestra-al-mundo-la-personalidad-unica-de-su-historia-y-su-atractiva-riqueza\\\/#mainImage\",\"width\":800,\"height\":533},\"primaryImageOfPage\":{\"@id\":\"https:\\\/\\\/eldigitaldeasturias.com\\\/magazine365\\\/huelva-muestra-al-mundo-la-personalidad-unica-de-su-historia-y-su-atractiva-riqueza\\\/#mainImage\"},\"datePublished\":\"2016-01-22T17:58:01+01:00\",\"dateModified\":\"2016-01-22T17:58:01+01:00\"},{\"@type\":\"WebSite\",\"@id\":\"https:\\\/\\\/eldigitaldeasturias.com\\\/magazine365\\\/#website\",\"url\":\"https:\\\/\\\/eldigitaldeasturias.com\\\/magazine365\\\/\",\"name\":\"El Digital de Asturias\",\"description\":\"Revista de ocio, turismo y estilo de vida\",\"inLanguage\":\"es-ES\",\"publisher\":{\"@id\":\"https:\\\/\\\/eldigitaldeasturias.com\\\/magazine365\\\/#organization\"}}]}\n\t\t<\/script>\n\t\t<!-- All in One SEO Pro -->\r\n\t\t<title>Huelva muestra al mundo la personalidad \u00fanica de su historia y su atractiva riqueza | El Digital de Asturias<\/title>\n\n","aioseo_head_json":{"title":"Huelva muestra al mundo la personalidad \u00fanica de su historia y su atractiva riqueza | El Digital de Asturias","description":"La luz, la personalidad y el singular atractivo de la provincia de Huelva se exhiben desde este mi\u00e9rcoles al resto del mundo en la Feria Internacional de Turismo, Fitur 2016, que en esta jornada ha abierto su puertas en Madrid. Una fotograf\u00eda de un ciclista surcando las piedras del r\u00edo Tinto en todo su despliegue","canonical_url":"https:\/\/eldigitaldeasturias.com\/magazine365\/huelva-muestra-al-mundo-la-personalidad-unica-de-su-historia-y-su-atractiva-riqueza\/","robots":"max-image-preview:large","keywords":"noticias y actualidad","webmasterTools":{"google-site-verification":"UA-38556648-1","miscellaneous":""},"schema":{"@context":"https:\/\/schema.org","@graph":[{"@type":"Article","@id":"https:\/\/eldigitaldeasturias.com\/magazine365\/huelva-muestra-al-mundo-la-personalidad-unica-de-su-historia-y-su-atractiva-riqueza\/#article","name":"Huelva muestra al mundo la personalidad \u00fanica de su historia y su atractiva riqueza | El Digital de Asturias","headline":"Huelva muestra al mundo la personalidad \u00fanica de su historia y su atractiva riqueza","author":{"@id":"https:\/\/eldigitaldeasturias.com\/magazine365\/author\/admin\/#author"},"publisher":{"@id":"https:\/\/eldigitaldeasturias.com\/magazine365\/#organization"},"image":{"@type":"ImageObject","url":"https:\/\/eldigitaldeasturias.com\/magazine365\/wp-content\/uploads\/2016\/01\/fotonoticia_20160120171213_800.jpg","width":800,"height":533},"datePublished":"2016-01-22T17:58:01+01:00","dateModified":"2016-01-22T17:58:01+01:00","inLanguage":"es-ES","mainEntityOfPage":{"@id":"https:\/\/eldigitaldeasturias.com\/magazine365\/huelva-muestra-al-mundo-la-personalidad-unica-de-su-historia-y-su-atractiva-riqueza\/#webpage"},"isPartOf":{"@id":"https:\/\/eldigitaldeasturias.com\/magazine365\/huelva-muestra-al-mundo-la-personalidad-unica-de-su-historia-y-su-atractiva-riqueza\/#webpage"},"articleSection":"Noticias y Actualidad"},{"@type":"BreadcrumbList","@id":"https:\/\/eldigitaldeasturias.com\/magazine365\/huelva-muestra-al-mundo-la-personalidad-unica-de-su-historia-y-su-atractiva-riqueza\/#breadcrumblist","itemListElement":[{"@type":"ListItem","@id":"https:\/\/eldigitaldeasturias.com\/magazine365#listItem","position":1,"name":"Home","item":"https:\/\/eldigitaldeasturias.com\/magazine365","nextItem":{"@type":"ListItem","@id":"https:\/\/eldigitaldeasturias.com\/magazine365\/category\/noticias-actualidad\/#listItem","name":"Noticias y Actualidad"}},{"@type":"ListItem","@id":"https:\/\/eldigitaldeasturias.com\/magazine365\/category\/noticias-actualidad\/#listItem","position":2,"name":"Noticias y Actualidad","item":"https:\/\/eldigitaldeasturias.com\/magazine365\/category\/noticias-actualidad\/","nextItem":{"@type":"ListItem","@id":"https:\/\/eldigitaldeasturias.com\/magazine365\/huelva-muestra-al-mundo-la-personalidad-unica-de-su-historia-y-su-atractiva-riqueza\/#listItem","name":"Huelva muestra al mundo la personalidad \u00fanica de su historia y su atractiva riqueza"},"previousItem":{"@type":"ListItem","@id":"https:\/\/eldigitaldeasturias.com\/magazine365#listItem","name":"Home"}},{"@type":"ListItem","@id":"https:\/\/eldigitaldeasturias.com\/magazine365\/huelva-muestra-al-mundo-la-personalidad-unica-de-su-historia-y-su-atractiva-riqueza\/#listItem","position":3,"name":"Huelva muestra al mundo la personalidad \u00fanica de su historia y su atractiva riqueza","previousItem":{"@type":"ListItem","@id":"https:\/\/eldigitaldeasturias.com\/magazine365\/category\/noticias-actualidad\/#listItem","name":"Noticias y Actualidad"}}]},{"@type":"Organization","@id":"https:\/\/eldigitaldeasturias.com\/magazine365\/#organization","name":"El digital de Asturias","description":"Revista de ocio, turismo y estilo de vida","url":"https:\/\/eldigitaldeasturias.com\/magazine365\/","logo":{"@type":"ImageObject","url":"https:\/\/www.eldigitaldeasturias.com\/noticias\/wp-content\/uploads\/2020\/12\/EDA.jpg","@id":"https:\/\/eldigitaldeasturias.com\/magazine365\/huelva-muestra-al-mundo-la-personalidad-unica-de-su-historia-y-su-atractiva-riqueza\/#organizationLogo"},"image":{"@id":"https:\/\/eldigitaldeasturias.com\/magazine365\/huelva-muestra-al-mundo-la-personalidad-unica-de-su-historia-y-su-atractiva-riqueza\/#organizationLogo"}},{"@type":"Person","@id":"https:\/\/eldigitaldeasturias.com\/magazine365\/author\/admin\/#author","url":"https:\/\/eldigitaldeasturias.com\/magazine365\/author\/admin\/","name":"admin","image":{"@type":"ImageObject","@id":"https:\/\/eldigitaldeasturias.com\/magazine365\/huelva-muestra-al-mundo-la-personalidad-unica-de-su-historia-y-su-atractiva-riqueza\/#authorImage","url":"https:\/\/eldigitaldeasturias.com\/magazine365\/wp-content\/litespeed\/avatar\/e571bcf59a0edd6fa6838245a470f2fe.jpg?ver=1776969259","width":96,"height":96,"caption":"admin"}},{"@type":"WebPage","@id":"https:\/\/eldigitaldeasturias.com\/magazine365\/huelva-muestra-al-mundo-la-personalidad-unica-de-su-historia-y-su-atractiva-riqueza\/#webpage","url":"https:\/\/eldigitaldeasturias.com\/magazine365\/huelva-muestra-al-mundo-la-personalidad-unica-de-su-historia-y-su-atractiva-riqueza\/","name":"Huelva muestra al mundo la personalidad \u00fanica de su historia y su atractiva riqueza | El Digital de Asturias","description":"La luz, la personalidad y el singular atractivo de la provincia de Huelva se exhiben desde este mi\u00e9rcoles al resto del mundo en la Feria Internacional de Turismo, Fitur 2016, que en esta jornada ha abierto su puertas en Madrid. Una fotograf\u00eda de un ciclista surcando las piedras del r\u00edo Tinto en todo su despliegue","inLanguage":"es-ES","isPartOf":{"@id":"https:\/\/eldigitaldeasturias.com\/magazine365\/#website"},"breadcrumb":{"@id":"https:\/\/eldigitaldeasturias.com\/magazine365\/huelva-muestra-al-mundo-la-personalidad-unica-de-su-historia-y-su-atractiva-riqueza\/#breadcrumblist"},"author":{"@id":"https:\/\/eldigitaldeasturias.com\/magazine365\/author\/admin\/#author"},"creator":{"@id":"https:\/\/eldigitaldeasturias.com\/magazine365\/author\/admin\/#author"},"image":{"@type":"ImageObject","url":"https:\/\/eldigitaldeasturias.com\/magazine365\/wp-content\/uploads\/2016\/01\/fotonoticia_20160120171213_800.jpg","@id":"https:\/\/eldigitaldeasturias.com\/magazine365\/huelva-muestra-al-mundo-la-personalidad-unica-de-su-historia-y-su-atractiva-riqueza\/#mainImage","width":800,"height":533},"primaryImageOfPage":{"@id":"https:\/\/eldigitaldeasturias.com\/magazine365\/huelva-muestra-al-mundo-la-personalidad-unica-de-su-historia-y-su-atractiva-riqueza\/#mainImage"},"datePublished":"2016-01-22T17:58:01+01:00","dateModified":"2016-01-22T17:58:01+01:00"},{"@type":"WebSite","@id":"https:\/\/eldigitaldeasturias.com\/magazine365\/#website","url":"https:\/\/eldigitaldeasturias.com\/magazine365\/","name":"El Digital de Asturias","description":"Revista de ocio, turismo y estilo de vida","inLanguage":"es-ES","publisher":{"@id":"https:\/\/eldigitaldeasturias.com\/magazine365\/#organization"}}]},"og:locale":"es_ES","og:site_name":"El Digital de Asturias \u2013 Revista de ocio, turismo y estilo de vida","og:type":"article","og:title":"Huelva muestra al mundo la personalidad \u00fanica de su historia y su atractiva riqueza | El Digital de Asturias","og:description":"La luz, la personalidad y el singular atractivo de la provincia de Huelva se exhiben desde este mi\u00e9rcoles al resto del mundo en la Feria Internacional de Turismo, Fitur 2016, que en esta jornada ha abierto su puertas en Madrid. Una fotograf\u00eda de un ciclista surcando las piedras del r\u00edo Tinto en todo su despliegue","og:url":"https:\/\/eldigitaldeasturias.com\/magazine365\/huelva-muestra-al-mundo-la-personalidad-unica-de-su-historia-y-su-atractiva-riqueza\/","og:image":"https:\/\/eldigitaldeasturias.com\/magazine365\/wp-content\/uploads\/2016\/01\/fotonoticia_20160120171213_800.jpg","og:image:secure_url":"https:\/\/eldigitaldeasturias.com\/magazine365\/wp-content\/uploads\/2016\/01\/fotonoticia_20160120171213_800.jpg","og:image:width":800,"og:image:height":533,"article:published_time":"2016-01-22T16:58:01+00:00","article:modified_time":"2016-01-22T16:58:01+00:00","twitter:card":"summary_large_image","twitter:title":"Huelva muestra al mundo la personalidad \u00fanica de su historia y su atractiva riqueza | El Digital de Asturias","twitter:description":"La luz, la personalidad y el singular atractivo de la provincia de Huelva se exhiben desde este mi\u00e9rcoles al resto del mundo en la Feria Internacional de Turismo, Fitur 2016, que en esta jornada ha abierto su puertas en Madrid. Una fotograf\u00eda de un ciclista surcando las piedras del r\u00edo Tinto en todo su despliegue","twitter:image":"https:\/\/eldigitaldeasturias.com\/magazine365\/wp-content\/uploads\/2016\/01\/fotonoticia_20160120171213_800.jpg"},"aioseo_meta_data":{"post_id":"61427","title":null,"description":null,"keywords":null,"keyphrases":null,"primary_term":null,"canonical_url":null,"og_title":null,"og_description":null,"og_object_type":"default","og_image_type":"default","og_image_url":null,"og_image_width":null,"og_image_height":null,"og_image_custom_url":null,"og_image_custom_fields":null,"og_video":null,"og_custom_url":null,"og_article_section":null,"og_article_tags":null,"twitter_use_og":false,"twitter_card":"default","twitter_image_type":"default","twitter_image_url":null,"twitter_image_custom_url":null,"twitter_image_custom_fields":null,"twitter_title":null,"twitter_description":null,"schema":{"blockGraphs":[],"customGraphs":[],"default":{"data":{"Article":[],"Course":[],"Dataset":[],"FAQPage":[],"Movie":[],"Person":[],"Product":[],"ProductReview":[],"Car":[],"Recipe":[],"Service":[],"SoftwareApplication":[],"WebPage":[]},"graphName":"","isEnabled":true},"graphs":[],"defaultGraph":"","defaultPostTypeGraph":""},"schema_type":null,"schema_type_options":null,"pillar_content":false,"robots_default":true,"robots_noindex":false,"robots_noarchive":false,"robots_nosnippet":false,"robots_nofollow":false,"robots_noimageindex":false,"robots_noodp":false,"robots_notranslate":false,"robots_max_snippet":null,"robots_max_videopreview":null,"robots_max_imagepreview":"large","priority":null,"frequency":null,"location":null,"local_seo":null,"seo_analyzer_scan_date":"2025-09-25 08:57:12","breadcrumb_settings":null,"limit_modified_date":false,"open_ai":null,"ai":null,"created":"2021-03-08 21:50:00","updated":"2025-09-25 08:57:12"},"aioseo_breadcrumb":"<div class=\"aioseo-breadcrumbs\"><span class=\"aioseo-breadcrumb\">\n\t<a href=\"https:\/\/eldigitaldeasturias.com\/magazine365\" title=\"Home\">Home<\/a>\n<\/span><span class=\"aioseo-breadcrumb-separator\">\u2013<\/span><span class=\"aioseo-breadcrumb\">\n\t<a href=\"https:\/\/eldigitaldeasturias.com\/magazine365\/category\/noticias-actualidad\/\" title=\"Noticias y Actualidad\">Noticias y Actualidad<\/a>\n<\/span><span class=\"aioseo-breadcrumb-separator\">\u2013<\/span><span class=\"aioseo-breadcrumb\">\n\t<a href=\"https:\/\/eldigitaldeasturias.com\/magazine365\/huelva-muestra-al-mundo-la-personalidad-unica-de-su-historia-y-su-atractiva-riqueza\/\" title=\"Huelva muestra al mundo la personalidad \u00fanica de su historia y su atractiva riqueza\">Huelva muestra al mundo la personalidad \u00fanica de su historia y su atractiva riqueza<\/a>\n<\/span><\/div>","aioseo_breadcrumb_json":[{"label":"Home","link":"https:\/\/eldigitaldeasturias.com\/magazine365"},{"label":"Noticias y Actualidad","link":"https:\/\/eldigitaldeasturias.com\/magazine365\/category\/noticias-actualidad\/"},{"label":"Huelva muestra al mundo la personalidad \u00fanica de su historia y su atractiva riqueza","link":"https:\/\/eldigitaldeasturias.com\/magazine365\/huelva-muestra-al-mundo-la-personalidad-unica-de-su-historia-y-su-atractiva-riqueza\/"}],"_links":{"self":[{"href":"https:\/\/eldigitaldeasturias.com\/magazine365\/wp-json\/wp\/v2\/posts\/61427","targetHints":{"allow":["GET"]}}],"collection":[{"href":"https:\/\/eldigitaldeasturias.com\/magazine365\/wp-json\/wp\/v2\/posts"}],"about":[{"href":"https:\/\/eldigitaldeasturias.com\/magazine365\/wp-json\/wp\/v2\/types\/post"}],"author":[{"embeddable":true,"href":"https:\/\/eldigitaldeasturias.com\/magazine365\/wp-json\/wp\/v2\/users\/1"}],"replies":[{"embeddable":true,"href":"https:\/\/eldigitaldeasturias.com\/magazine365\/wp-json\/wp\/v2\/comments?post=61427"}],"version-history":[{"count":0,"href":"https:\/\/eldigitaldeasturias.com\/magazine365\/wp-json\/wp\/v2\/posts\/61427\/revisions"}],"wp:featuredmedia":[{"embeddable":true,"href":"https:\/\/eldigitaldeasturias.com\/magazine365\/wp-json\/wp\/v2\/media\/61428"}],"wp:attachment":[{"href":"https:\/\/eldigitaldeasturias.com\/magazine365\/wp-json\/wp\/v2\/media?parent=61427"}],"wp:term":[{"taxonomy":"category","embeddable":true,"href":"https:\/\/eldigitaldeasturias.com\/magazine365\/wp-json\/wp\/v2\/categories?post=61427"},{"taxonomy":"post_tag","embeddable":true,"href":"https:\/\/eldigitaldeasturias.com\/magazine365\/wp-json\/wp\/v2\/tags?post=61427"}],"curies":[{"name":"wp","href":"https:\/\/api.w.org\/{rel}","templated":true}]}}