{"id":61416,"date":"2016-01-22T17:54:41","date_gmt":"2016-01-22T16:54:41","guid":{"rendered":"http:\/\/eldigitaldeasturias.com\/magazine365\/?p=61416"},"modified":"2016-01-22T17:54:41","modified_gmt":"2016-01-22T16:54:41","slug":"granada-renueva-la-app-turistica-oficial-para-moviles-y-tabletas","status":"publish","type":"post","link":"https:\/\/eldigitaldeasturias.com\/magazine365\/granada-renueva-la-app-turistica-oficial-para-moviles-y-tabletas\/","title":{"rendered":"Granada renueva la &#8216;app&#8217; tur\u00edstica oficial para m\u00f3viles y tabletas"},"content":{"rendered":"<p>El Patronato Provincial de Turismo de Granada ha presentado este mi\u00e9rcoles en la Feria Internacional de Turismo (Fitur) la Aplicaci\u00f3n Tur\u00edstica Oficial de la Provincia de Granada para tel\u00e9fonos inteligentes y tabletas, desarrollada por el organismo aut\u00f3nomo de la Diputaci\u00f3n en colaboraci\u00f3n con la Consejer\u00eda de Turismo y financiada con fondos europeos Feder.<\/p>\n<p>   Con la app Turgranada, el Patronato da \u00abun paso adelante\u00bb en la promoci\u00f3n de la provincia, incorporando una herramienta tecnol\u00f3gica que facilitar\u00e1 a los turistas que visitan Granada la organizaci\u00f3n de viaje y estancia.<\/p>\n<p>   La nueva aplicaci\u00f3n es gratuita y pone en la palma de la mano de los visitantes de la provincia de Granada el acceso a la informaci\u00f3n de 4.000 recursos tur\u00edsticos, incluyendo, entre otros 230 poblaciones, 400 monumentos, 90 museos y 1.100 alojamientos y 800 restaurantes, adem\u00e1s de otras empresas de servicios tur\u00edsticos.<\/p>\n<p>   Todos ellos est\u00e1n extra\u00eddos de Turgranada, la web tur\u00edstica oficial de la provincia de Granada, cuyos contenidos son diariamente actualizados por el Patronato con la colaboraci\u00f3n de las propias empresas e instituciones interesadas.<\/p>\n<p>   Los recursos se ofrecen en el m\u00f3vil o la tableta geoposicionados mediante gps sobre los mapas del dispositivo. Tambi\u00e9n se tiene acceso a toda la agenda de eventos culturales y l\u00fadicos que se celebran en la provincia, que se actualiza diariamente. La informaci\u00f3n se ofrece en espa\u00f1ol, ingl\u00e9s y franc\u00e9s.<\/p>\n<p>   Adem\u00e1s, la app, desarrollada por la empresa granadina Kelevra, ofrece planes de viaje y rutas predefinidas que los turistas pueden modificar, as\u00ed como crear los suyos propios. Permite buscar cualquier tipo de recursos por nombre, tipo, ubicaci\u00f3n o proximidad, y personalizar las b\u00fasquedas para presentarlas en una lista o en un mapa interactivo.<\/p>\n<p>   Desde la propia aplicaci\u00f3n, y dependiendo del nivel de conectividad a Internet del que se disponga, es posible acceder a la p\u00e1gina web de cualquier recursos tur\u00edstico, llamar a su tel\u00e9fono, enviar un correo electr\u00f3nico a su direcci\u00f3n u obtener indicaciones sobre un mapa y\/o por voz para llegar hasta \u00e9l.<\/p>\n<p>   Dado que buena parte de los turistas extranjeros no disponen de conexi\u00f3n a Internet m\u00f3vil durante su estancia en la provincia, la app almacena todos los datos en el propio tel\u00e9fono y tan solo requerir\u00eda conexi\u00f3n a Internet de forma puntual (desde el hotel o en un punto de informaci\u00f3n tur\u00edstica) para descargar la aplicaci\u00f3n, actualizar los contenidos de forma espor\u00e1dica o para cargar los mapas en la memoria del dispositivo.<\/p>\n<p>   Se trata en definitiva de una app \u00abr\u00e1pida y f\u00e1cil de usar\u00bb. Ofrece servicios de valor a\u00f1adido para el turista, permitiendo una organizaci\u00f3n del viaje m\u00e1s sencilla y personalizar su experiencia tur\u00edstica. Turgranada es una aplicaci\u00f3n nativa, es decir, no se trata de una p\u00e1gina web sino de un programa que se ejecuta en el propio m\u00f3vil y que est\u00e1 optimizada para su uso en este tipo de dispositivos, lo que incluye un uso m\u00ednimo del teclado en beneficio del uso de la pantalla t\u00e1ctil como sistema de interacci\u00f3n con el usuario.<\/p>\n<p>   La aplicaci\u00f3n est\u00e1 disponible desde este mismo mi\u00e9rcoles para Android y en unos d\u00edas lo estar\u00e1 para el sistema operativo de Apple.<\/p>\n","protected":false},"excerpt":{"rendered":"<p>El Patronato Provincial de Turismo de Granada ha presentado este mi\u00e9rcoles en la Feria Internacional de Turismo (Fitur) la Aplicaci\u00f3n Tur\u00edstica Oficial de la Provincia de Granada para tel\u00e9fonos inteligentes y tabletas, desarrollada por el organismo aut\u00f3nomo de la Diputaci\u00f3n en colaboraci\u00f3n con la Consejer\u00eda de Turismo y financiada con fondos europeos Feder. Con la<\/p>\n","protected":false},"author":1,"featured_media":60904,"comment_status":"open","ping_status":"closed","sticky":false,"template":"","format":"standard","meta":{"footnotes":""},"categories":[224],"tags":[],"class_list":{"0":"post-61416","1":"post","2":"type-post","3":"status-publish","4":"format-standard","5":"has-post-thumbnail","7":"category-noticias-actualidad"},"aioseo_notices":[],"aioseo_head":"\n\t\t<!-- All in One SEO Pro 4.9.6.1 - aioseo.com -->\n\t<meta name=\"description\" content=\"El Patronato Provincial de Turismo de Granada ha presentado este mi\u00e9rcoles en la Feria Internacional de Turismo (Fitur) la Aplicaci\u00f3n Tur\u00edstica Oficial de la Provincia de Granada para tel\u00e9fonos inteligentes y tabletas, desarrollada por el organismo aut\u00f3nomo de la Diputaci\u00f3n en colaboraci\u00f3n con la Consejer\u00eda de Turismo y financiada con fondos europeos Feder. Con la\" \/>\n\t<meta name=\"robots\" content=\"max-image-preview:large\" \/>\n\t<meta name=\"author\" content=\"admin\"\/>\n\t<meta name=\"google-site-verification\" content=\"UA-38556648-1\" \/>\n\t<meta name=\"keywords\" content=\"noticias y actualidad\" \/>\n\t<link rel=\"canonical\" href=\"https:\/\/eldigitaldeasturias.com\/magazine365\/granada-renueva-la-app-turistica-oficial-para-moviles-y-tabletas\/\" \/>\n\t<meta name=\"generator\" content=\"All in One SEO Pro (AIOSEO) 4.9.6.1\" \/>\n\t\t<meta property=\"og:locale\" content=\"es_ES\" \/>\n\t\t<meta property=\"og:site_name\" content=\"El Digital de Asturias \u2013 Revista de ocio, turismo y estilo de vida\" \/>\n\t\t<meta property=\"og:type\" content=\"article\" \/>\n\t\t<meta property=\"og:title\" content=\"Granada renueva la \u2018app\u2019 tur\u00edstica oficial para m\u00f3viles y tabletas | El Digital de Asturias\" \/>\n\t\t<meta property=\"og:description\" content=\"El Patronato Provincial de Turismo de Granada ha presentado este mi\u00e9rcoles en la Feria Internacional de Turismo (Fitur) la Aplicaci\u00f3n Tur\u00edstica Oficial de la Provincia de Granada para tel\u00e9fonos inteligentes y tabletas, desarrollada por el organismo aut\u00f3nomo de la Diputaci\u00f3n en colaboraci\u00f3n con la Consejer\u00eda de Turismo y financiada con fondos europeos Feder. Con la\" \/>\n\t\t<meta property=\"og:url\" content=\"https:\/\/eldigitaldeasturias.com\/magazine365\/granada-renueva-la-app-turistica-oficial-para-moviles-y-tabletas\/\" \/>\n\t\t<meta property=\"og:image\" content=\"https:\/\/eldigitaldeasturias.com\/magazine365\/wp-content\/uploads\/2016\/01\/nbnews.jpg\" \/>\n\t\t<meta property=\"og:image:secure_url\" content=\"https:\/\/eldigitaldeasturias.com\/magazine365\/wp-content\/uploads\/2016\/01\/nbnews.jpg\" \/>\n\t\t<meta property=\"og:image:width\" content=\"655\" \/>\n\t\t<meta property=\"og:image:height\" content=\"360\" \/>\n\t\t<meta property=\"article:published_time\" content=\"2016-01-22T16:54:41+00:00\" \/>\n\t\t<meta property=\"article:modified_time\" content=\"2016-01-22T16:54:41+00:00\" \/>\n\t\t<meta name=\"twitter:card\" content=\"summary_large_image\" \/>\n\t\t<meta name=\"twitter:title\" content=\"Granada renueva la \u2018app\u2019 tur\u00edstica oficial para m\u00f3viles y tabletas | El Digital de Asturias\" \/>\n\t\t<meta name=\"twitter:description\" content=\"El Patronato Provincial de Turismo de Granada ha presentado este mi\u00e9rcoles en la Feria Internacional de Turismo (Fitur) la Aplicaci\u00f3n Tur\u00edstica Oficial de la Provincia de Granada para tel\u00e9fonos inteligentes y tabletas, desarrollada por el organismo aut\u00f3nomo de la Diputaci\u00f3n en colaboraci\u00f3n con la Consejer\u00eda de Turismo y financiada con fondos europeos Feder. Con la\" \/>\n\t\t<meta name=\"twitter:image\" content=\"https:\/\/eldigitaldeasturias.com\/magazine365\/wp-content\/uploads\/2016\/01\/nbnews.jpg\" \/>\n\t\t<script type=\"application\/ld+json\" class=\"aioseo-schema\">\n\t\t\t{\"@context\":\"https:\\\/\\\/schema.org\",\"@graph\":[{\"@type\":\"Article\",\"@id\":\"https:\\\/\\\/eldigitaldeasturias.com\\\/magazine365\\\/granada-renueva-la-app-turistica-oficial-para-moviles-y-tabletas\\\/#article\",\"name\":\"Granada renueva la \\u2018app\\u2019 tur\\u00edstica oficial para m\\u00f3viles y tabletas | El Digital de Asturias\",\"headline\":\"Granada renueva la &#8216;app&#8217; tur\\u00edstica oficial para m\\u00f3viles y tabletas\",\"author\":{\"@id\":\"https:\\\/\\\/eldigitaldeasturias.com\\\/magazine365\\\/author\\\/admin\\\/#author\"},\"publisher\":{\"@id\":\"https:\\\/\\\/eldigitaldeasturias.com\\\/magazine365\\\/#organization\"},\"image\":{\"@type\":\"ImageObject\",\"url\":\"https:\\\/\\\/eldigitaldeasturias.com\\\/magazine365\\\/wp-content\\\/uploads\\\/2016\\\/01\\\/nbnews.jpg\",\"width\":655,\"height\":360},\"datePublished\":\"2016-01-22T17:54:41+01:00\",\"dateModified\":\"2016-01-22T17:54:41+01:00\",\"inLanguage\":\"es-ES\",\"mainEntityOfPage\":{\"@id\":\"https:\\\/\\\/eldigitaldeasturias.com\\\/magazine365\\\/granada-renueva-la-app-turistica-oficial-para-moviles-y-tabletas\\\/#webpage\"},\"isPartOf\":{\"@id\":\"https:\\\/\\\/eldigitaldeasturias.com\\\/magazine365\\\/granada-renueva-la-app-turistica-oficial-para-moviles-y-tabletas\\\/#webpage\"},\"articleSection\":\"Noticias y Actualidad\"},{\"@type\":\"BreadcrumbList\",\"@id\":\"https:\\\/\\\/eldigitaldeasturias.com\\\/magazine365\\\/granada-renueva-la-app-turistica-oficial-para-moviles-y-tabletas\\\/#breadcrumblist\",\"itemListElement\":[{\"@type\":\"ListItem\",\"@id\":\"https:\\\/\\\/eldigitaldeasturias.com\\\/magazine365#listItem\",\"position\":1,\"name\":\"Home\",\"item\":\"https:\\\/\\\/eldigitaldeasturias.com\\\/magazine365\",\"nextItem\":{\"@type\":\"ListItem\",\"@id\":\"https:\\\/\\\/eldigitaldeasturias.com\\\/magazine365\\\/category\\\/noticias-actualidad\\\/#listItem\",\"name\":\"Noticias y Actualidad\"}},{\"@type\":\"ListItem\",\"@id\":\"https:\\\/\\\/eldigitaldeasturias.com\\\/magazine365\\\/category\\\/noticias-actualidad\\\/#listItem\",\"position\":2,\"name\":\"Noticias y Actualidad\",\"item\":\"https:\\\/\\\/eldigitaldeasturias.com\\\/magazine365\\\/category\\\/noticias-actualidad\\\/\",\"nextItem\":{\"@type\":\"ListItem\",\"@id\":\"https:\\\/\\\/eldigitaldeasturias.com\\\/magazine365\\\/granada-renueva-la-app-turistica-oficial-para-moviles-y-tabletas\\\/#listItem\",\"name\":\"Granada renueva la &#8216;app&#8217; tur\\u00edstica oficial para m\\u00f3viles y tabletas\"},\"previousItem\":{\"@type\":\"ListItem\",\"@id\":\"https:\\\/\\\/eldigitaldeasturias.com\\\/magazine365#listItem\",\"name\":\"Home\"}},{\"@type\":\"ListItem\",\"@id\":\"https:\\\/\\\/eldigitaldeasturias.com\\\/magazine365\\\/granada-renueva-la-app-turistica-oficial-para-moviles-y-tabletas\\\/#listItem\",\"position\":3,\"name\":\"Granada renueva la &#8216;app&#8217; tur\\u00edstica oficial para m\\u00f3viles y tabletas\",\"previousItem\":{\"@type\":\"ListItem\",\"@id\":\"https:\\\/\\\/eldigitaldeasturias.com\\\/magazine365\\\/category\\\/noticias-actualidad\\\/#listItem\",\"name\":\"Noticias y Actualidad\"}}]},{\"@type\":\"Organization\",\"@id\":\"https:\\\/\\\/eldigitaldeasturias.com\\\/magazine365\\\/#organization\",\"name\":\"El digital de Asturias\",\"description\":\"Revista de ocio, turismo y estilo de vida\",\"url\":\"https:\\\/\\\/eldigitaldeasturias.com\\\/magazine365\\\/\",\"logo\":{\"@type\":\"ImageObject\",\"url\":\"https:\\\/\\\/www.eldigitaldeasturias.com\\\/noticias\\\/wp-content\\\/uploads\\\/2020\\\/12\\\/EDA.jpg\",\"@id\":\"https:\\\/\\\/eldigitaldeasturias.com\\\/magazine365\\\/granada-renueva-la-app-turistica-oficial-para-moviles-y-tabletas\\\/#organizationLogo\"},\"image\":{\"@id\":\"https:\\\/\\\/eldigitaldeasturias.com\\\/magazine365\\\/granada-renueva-la-app-turistica-oficial-para-moviles-y-tabletas\\\/#organizationLogo\"}},{\"@type\":\"Person\",\"@id\":\"https:\\\/\\\/eldigitaldeasturias.com\\\/magazine365\\\/author\\\/admin\\\/#author\",\"url\":\"https:\\\/\\\/eldigitaldeasturias.com\\\/magazine365\\\/author\\\/admin\\\/\",\"name\":\"admin\",\"image\":{\"@type\":\"ImageObject\",\"@id\":\"https:\\\/\\\/eldigitaldeasturias.com\\\/magazine365\\\/granada-renueva-la-app-turistica-oficial-para-moviles-y-tabletas\\\/#authorImage\",\"url\":\"https:\\\/\\\/eldigitaldeasturias.com\\\/magazine365\\\/wp-content\\\/litespeed\\\/avatar\\\/e571bcf59a0edd6fa6838245a470f2fe.jpg?ver=1776969259\",\"width\":96,\"height\":96,\"caption\":\"admin\"}},{\"@type\":\"WebPage\",\"@id\":\"https:\\\/\\\/eldigitaldeasturias.com\\\/magazine365\\\/granada-renueva-la-app-turistica-oficial-para-moviles-y-tabletas\\\/#webpage\",\"url\":\"https:\\\/\\\/eldigitaldeasturias.com\\\/magazine365\\\/granada-renueva-la-app-turistica-oficial-para-moviles-y-tabletas\\\/\",\"name\":\"Granada renueva la \\u2018app\\u2019 tur\\u00edstica oficial para m\\u00f3viles y tabletas | El Digital de Asturias\",\"description\":\"El Patronato Provincial de Turismo de Granada ha presentado este mi\\u00e9rcoles en la Feria Internacional de Turismo (Fitur) la Aplicaci\\u00f3n Tur\\u00edstica Oficial de la Provincia de Granada para tel\\u00e9fonos inteligentes y tabletas, desarrollada por el organismo aut\\u00f3nomo de la Diputaci\\u00f3n en colaboraci\\u00f3n con la Consejer\\u00eda de Turismo y financiada con fondos europeos Feder. Con la\",\"inLanguage\":\"es-ES\",\"isPartOf\":{\"@id\":\"https:\\\/\\\/eldigitaldeasturias.com\\\/magazine365\\\/#website\"},\"breadcrumb\":{\"@id\":\"https:\\\/\\\/eldigitaldeasturias.com\\\/magazine365\\\/granada-renueva-la-app-turistica-oficial-para-moviles-y-tabletas\\\/#breadcrumblist\"},\"author\":{\"@id\":\"https:\\\/\\\/eldigitaldeasturias.com\\\/magazine365\\\/author\\\/admin\\\/#author\"},\"creator\":{\"@id\":\"https:\\\/\\\/eldigitaldeasturias.com\\\/magazine365\\\/author\\\/admin\\\/#author\"},\"image\":{\"@type\":\"ImageObject\",\"url\":\"https:\\\/\\\/eldigitaldeasturias.com\\\/magazine365\\\/wp-content\\\/uploads\\\/2016\\\/01\\\/nbnews.jpg\",\"@id\":\"https:\\\/\\\/eldigitaldeasturias.com\\\/magazine365\\\/granada-renueva-la-app-turistica-oficial-para-moviles-y-tabletas\\\/#mainImage\",\"width\":655,\"height\":360},\"primaryImageOfPage\":{\"@id\":\"https:\\\/\\\/eldigitaldeasturias.com\\\/magazine365\\\/granada-renueva-la-app-turistica-oficial-para-moviles-y-tabletas\\\/#mainImage\"},\"datePublished\":\"2016-01-22T17:54:41+01:00\",\"dateModified\":\"2016-01-22T17:54:41+01:00\"},{\"@type\":\"WebSite\",\"@id\":\"https:\\\/\\\/eldigitaldeasturias.com\\\/magazine365\\\/#website\",\"url\":\"https:\\\/\\\/eldigitaldeasturias.com\\\/magazine365\\\/\",\"name\":\"El Digital de Asturias\",\"description\":\"Revista de ocio, turismo y estilo de vida\",\"inLanguage\":\"es-ES\",\"publisher\":{\"@id\":\"https:\\\/\\\/eldigitaldeasturias.com\\\/magazine365\\\/#organization\"}}]}\n\t\t<\/script>\n\t\t<!-- All in One SEO Pro -->\r\n\t\t<title>Granada renueva la \u2018app\u2019 tur\u00edstica oficial para m\u00f3viles y tabletas | El Digital de Asturias<\/title>\n\n","aioseo_head_json":{"title":"Granada renueva la \u2018app\u2019 tur\u00edstica oficial para m\u00f3viles y tabletas | El Digital de Asturias","description":"El Patronato Provincial de Turismo de Granada ha presentado este mi\u00e9rcoles en la Feria Internacional de Turismo (Fitur) la Aplicaci\u00f3n Tur\u00edstica Oficial de la Provincia de Granada para tel\u00e9fonos inteligentes y tabletas, desarrollada por el organismo aut\u00f3nomo de la Diputaci\u00f3n en colaboraci\u00f3n con la Consejer\u00eda de Turismo y financiada con fondos europeos Feder. Con la","canonical_url":"https:\/\/eldigitaldeasturias.com\/magazine365\/granada-renueva-la-app-turistica-oficial-para-moviles-y-tabletas\/","robots":"max-image-preview:large","keywords":"noticias y actualidad","webmasterTools":{"google-site-verification":"UA-38556648-1","miscellaneous":""},"schema":{"@context":"https:\/\/schema.org","@graph":[{"@type":"Article","@id":"https:\/\/eldigitaldeasturias.com\/magazine365\/granada-renueva-la-app-turistica-oficial-para-moviles-y-tabletas\/#article","name":"Granada renueva la \u2018app\u2019 tur\u00edstica oficial para m\u00f3viles y tabletas | El Digital de Asturias","headline":"Granada renueva la &#8216;app&#8217; tur\u00edstica oficial para m\u00f3viles y tabletas","author":{"@id":"https:\/\/eldigitaldeasturias.com\/magazine365\/author\/admin\/#author"},"publisher":{"@id":"https:\/\/eldigitaldeasturias.com\/magazine365\/#organization"},"image":{"@type":"ImageObject","url":"https:\/\/eldigitaldeasturias.com\/magazine365\/wp-content\/uploads\/2016\/01\/nbnews.jpg","width":655,"height":360},"datePublished":"2016-01-22T17:54:41+01:00","dateModified":"2016-01-22T17:54:41+01:00","inLanguage":"es-ES","mainEntityOfPage":{"@id":"https:\/\/eldigitaldeasturias.com\/magazine365\/granada-renueva-la-app-turistica-oficial-para-moviles-y-tabletas\/#webpage"},"isPartOf":{"@id":"https:\/\/eldigitaldeasturias.com\/magazine365\/granada-renueva-la-app-turistica-oficial-para-moviles-y-tabletas\/#webpage"},"articleSection":"Noticias y Actualidad"},{"@type":"BreadcrumbList","@id":"https:\/\/eldigitaldeasturias.com\/magazine365\/granada-renueva-la-app-turistica-oficial-para-moviles-y-tabletas\/#breadcrumblist","itemListElement":[{"@type":"ListItem","@id":"https:\/\/eldigitaldeasturias.com\/magazine365#listItem","position":1,"name":"Home","item":"https:\/\/eldigitaldeasturias.com\/magazine365","nextItem":{"@type":"ListItem","@id":"https:\/\/eldigitaldeasturias.com\/magazine365\/category\/noticias-actualidad\/#listItem","name":"Noticias y Actualidad"}},{"@type":"ListItem","@id":"https:\/\/eldigitaldeasturias.com\/magazine365\/category\/noticias-actualidad\/#listItem","position":2,"name":"Noticias y Actualidad","item":"https:\/\/eldigitaldeasturias.com\/magazine365\/category\/noticias-actualidad\/","nextItem":{"@type":"ListItem","@id":"https:\/\/eldigitaldeasturias.com\/magazine365\/granada-renueva-la-app-turistica-oficial-para-moviles-y-tabletas\/#listItem","name":"Granada renueva la &#8216;app&#8217; tur\u00edstica oficial para m\u00f3viles y tabletas"},"previousItem":{"@type":"ListItem","@id":"https:\/\/eldigitaldeasturias.com\/magazine365#listItem","name":"Home"}},{"@type":"ListItem","@id":"https:\/\/eldigitaldeasturias.com\/magazine365\/granada-renueva-la-app-turistica-oficial-para-moviles-y-tabletas\/#listItem","position":3,"name":"Granada renueva la &#8216;app&#8217; tur\u00edstica oficial para m\u00f3viles y tabletas","previousItem":{"@type":"ListItem","@id":"https:\/\/eldigitaldeasturias.com\/magazine365\/category\/noticias-actualidad\/#listItem","name":"Noticias y Actualidad"}}]},{"@type":"Organization","@id":"https:\/\/eldigitaldeasturias.com\/magazine365\/#organization","name":"El digital de Asturias","description":"Revista de ocio, turismo y estilo de vida","url":"https:\/\/eldigitaldeasturias.com\/magazine365\/","logo":{"@type":"ImageObject","url":"https:\/\/www.eldigitaldeasturias.com\/noticias\/wp-content\/uploads\/2020\/12\/EDA.jpg","@id":"https:\/\/eldigitaldeasturias.com\/magazine365\/granada-renueva-la-app-turistica-oficial-para-moviles-y-tabletas\/#organizationLogo"},"image":{"@id":"https:\/\/eldigitaldeasturias.com\/magazine365\/granada-renueva-la-app-turistica-oficial-para-moviles-y-tabletas\/#organizationLogo"}},{"@type":"Person","@id":"https:\/\/eldigitaldeasturias.com\/magazine365\/author\/admin\/#author","url":"https:\/\/eldigitaldeasturias.com\/magazine365\/author\/admin\/","name":"admin","image":{"@type":"ImageObject","@id":"https:\/\/eldigitaldeasturias.com\/magazine365\/granada-renueva-la-app-turistica-oficial-para-moviles-y-tabletas\/#authorImage","url":"https:\/\/eldigitaldeasturias.com\/magazine365\/wp-content\/litespeed\/avatar\/e571bcf59a0edd6fa6838245a470f2fe.jpg?ver=1776969259","width":96,"height":96,"caption":"admin"}},{"@type":"WebPage","@id":"https:\/\/eldigitaldeasturias.com\/magazine365\/granada-renueva-la-app-turistica-oficial-para-moviles-y-tabletas\/#webpage","url":"https:\/\/eldigitaldeasturias.com\/magazine365\/granada-renueva-la-app-turistica-oficial-para-moviles-y-tabletas\/","name":"Granada renueva la \u2018app\u2019 tur\u00edstica oficial para m\u00f3viles y tabletas | El Digital de Asturias","description":"El Patronato Provincial de Turismo de Granada ha presentado este mi\u00e9rcoles en la Feria Internacional de Turismo (Fitur) la Aplicaci\u00f3n Tur\u00edstica Oficial de la Provincia de Granada para tel\u00e9fonos inteligentes y tabletas, desarrollada por el organismo aut\u00f3nomo de la Diputaci\u00f3n en colaboraci\u00f3n con la Consejer\u00eda de Turismo y financiada con fondos europeos Feder. Con la","inLanguage":"es-ES","isPartOf":{"@id":"https:\/\/eldigitaldeasturias.com\/magazine365\/#website"},"breadcrumb":{"@id":"https:\/\/eldigitaldeasturias.com\/magazine365\/granada-renueva-la-app-turistica-oficial-para-moviles-y-tabletas\/#breadcrumblist"},"author":{"@id":"https:\/\/eldigitaldeasturias.com\/magazine365\/author\/admin\/#author"},"creator":{"@id":"https:\/\/eldigitaldeasturias.com\/magazine365\/author\/admin\/#author"},"image":{"@type":"ImageObject","url":"https:\/\/eldigitaldeasturias.com\/magazine365\/wp-content\/uploads\/2016\/01\/nbnews.jpg","@id":"https:\/\/eldigitaldeasturias.com\/magazine365\/granada-renueva-la-app-turistica-oficial-para-moviles-y-tabletas\/#mainImage","width":655,"height":360},"primaryImageOfPage":{"@id":"https:\/\/eldigitaldeasturias.com\/magazine365\/granada-renueva-la-app-turistica-oficial-para-moviles-y-tabletas\/#mainImage"},"datePublished":"2016-01-22T17:54:41+01:00","dateModified":"2016-01-22T17:54:41+01:00"},{"@type":"WebSite","@id":"https:\/\/eldigitaldeasturias.com\/magazine365\/#website","url":"https:\/\/eldigitaldeasturias.com\/magazine365\/","name":"El Digital de Asturias","description":"Revista de ocio, turismo y estilo de vida","inLanguage":"es-ES","publisher":{"@id":"https:\/\/eldigitaldeasturias.com\/magazine365\/#organization"}}]},"og:locale":"es_ES","og:site_name":"El Digital de Asturias \u2013 Revista de ocio, turismo y estilo de vida","og:type":"article","og:title":"Granada renueva la \u2018app\u2019 tur\u00edstica oficial para m\u00f3viles y tabletas | El Digital de Asturias","og:description":"El Patronato Provincial de Turismo de Granada ha presentado este mi\u00e9rcoles en la Feria Internacional de Turismo (Fitur) la Aplicaci\u00f3n Tur\u00edstica Oficial de la Provincia de Granada para tel\u00e9fonos inteligentes y tabletas, desarrollada por el organismo aut\u00f3nomo de la Diputaci\u00f3n en colaboraci\u00f3n con la Consejer\u00eda de Turismo y financiada con fondos europeos Feder. Con la","og:url":"https:\/\/eldigitaldeasturias.com\/magazine365\/granada-renueva-la-app-turistica-oficial-para-moviles-y-tabletas\/","og:image":"https:\/\/eldigitaldeasturias.com\/magazine365\/wp-content\/uploads\/2016\/01\/nbnews.jpg","og:image:secure_url":"https:\/\/eldigitaldeasturias.com\/magazine365\/wp-content\/uploads\/2016\/01\/nbnews.jpg","og:image:width":655,"og:image:height":360,"article:published_time":"2016-01-22T16:54:41+00:00","article:modified_time":"2016-01-22T16:54:41+00:00","twitter:card":"summary_large_image","twitter:title":"Granada renueva la \u2018app\u2019 tur\u00edstica oficial para m\u00f3viles y tabletas | El Digital de Asturias","twitter:description":"El Patronato Provincial de Turismo de Granada ha presentado este mi\u00e9rcoles en la Feria Internacional de Turismo (Fitur) la Aplicaci\u00f3n Tur\u00edstica Oficial de la Provincia de Granada para tel\u00e9fonos inteligentes y tabletas, desarrollada por el organismo aut\u00f3nomo de la Diputaci\u00f3n en colaboraci\u00f3n con la Consejer\u00eda de Turismo y financiada con fondos europeos Feder. Con la","twitter:image":"https:\/\/eldigitaldeasturias.com\/magazine365\/wp-content\/uploads\/2016\/01\/nbnews.jpg"},"aioseo_meta_data":{"post_id":"61416","title":null,"description":null,"keywords":null,"keyphrases":null,"primary_term":null,"canonical_url":null,"og_title":null,"og_description":null,"og_object_type":"default","og_image_type":"default","og_image_url":null,"og_image_width":null,"og_image_height":null,"og_image_custom_url":null,"og_image_custom_fields":null,"og_video":null,"og_custom_url":null,"og_article_section":null,"og_article_tags":null,"twitter_use_og":false,"twitter_card":"default","twitter_image_type":"default","twitter_image_url":null,"twitter_image_custom_url":null,"twitter_image_custom_fields":null,"twitter_title":null,"twitter_description":null,"schema":{"blockGraphs":[],"customGraphs":[],"default":{"data":{"Article":[],"Course":[],"Dataset":[],"FAQPage":[],"Movie":[],"Person":[],"Product":[],"ProductReview":[],"Car":[],"Recipe":[],"Service":[],"SoftwareApplication":[],"WebPage":[]},"graphName":"","isEnabled":true},"graphs":[],"defaultGraph":"","defaultPostTypeGraph":""},"schema_type":null,"schema_type_options":null,"pillar_content":false,"robots_default":true,"robots_noindex":false,"robots_noarchive":false,"robots_nosnippet":false,"robots_nofollow":false,"robots_noimageindex":false,"robots_noodp":false,"robots_notranslate":false,"robots_max_snippet":null,"robots_max_videopreview":null,"robots_max_imagepreview":"large","priority":null,"frequency":null,"location":null,"local_seo":null,"seo_analyzer_scan_date":"2025-09-25 08:55:55","breadcrumb_settings":null,"limit_modified_date":false,"open_ai":null,"ai":null,"created":"2021-03-08 21:50:00","updated":"2025-09-25 08:55:55"},"aioseo_breadcrumb":"<div class=\"aioseo-breadcrumbs\"><span class=\"aioseo-breadcrumb\">\n\t<a href=\"https:\/\/eldigitaldeasturias.com\/magazine365\" title=\"Home\">Home<\/a>\n<\/span><span class=\"aioseo-breadcrumb-separator\">\u2013<\/span><span class=\"aioseo-breadcrumb\">\n\t<a href=\"https:\/\/eldigitaldeasturias.com\/magazine365\/category\/noticias-actualidad\/\" title=\"Noticias y Actualidad\">Noticias y Actualidad<\/a>\n<\/span><span class=\"aioseo-breadcrumb-separator\">\u2013<\/span><span class=\"aioseo-breadcrumb\">\n\t<a href=\"https:\/\/eldigitaldeasturias.com\/magazine365\/granada-renueva-la-app-turistica-oficial-para-moviles-y-tabletas\/\" title=\"Granada renueva la \u2018app\u2019 tur\u00edstica oficial para m\u00f3viles y tabletas\">Granada renueva la \u2018app\u2019 tur\u00edstica oficial para m\u00f3viles y tabletas<\/a>\n<\/span><\/div>","aioseo_breadcrumb_json":[{"label":"Home","link":"https:\/\/eldigitaldeasturias.com\/magazine365"},{"label":"Noticias y Actualidad","link":"https:\/\/eldigitaldeasturias.com\/magazine365\/category\/noticias-actualidad\/"},{"label":"Granada renueva la &#8216;app&#8217; tur\u00edstica oficial para m\u00f3viles y tabletas","link":"https:\/\/eldigitaldeasturias.com\/magazine365\/granada-renueva-la-app-turistica-oficial-para-moviles-y-tabletas\/"}],"_links":{"self":[{"href":"https:\/\/eldigitaldeasturias.com\/magazine365\/wp-json\/wp\/v2\/posts\/61416","targetHints":{"allow":["GET"]}}],"collection":[{"href":"https:\/\/eldigitaldeasturias.com\/magazine365\/wp-json\/wp\/v2\/posts"}],"about":[{"href":"https:\/\/eldigitaldeasturias.com\/magazine365\/wp-json\/wp\/v2\/types\/post"}],"author":[{"embeddable":true,"href":"https:\/\/eldigitaldeasturias.com\/magazine365\/wp-json\/wp\/v2\/users\/1"}],"replies":[{"embeddable":true,"href":"https:\/\/eldigitaldeasturias.com\/magazine365\/wp-json\/wp\/v2\/comments?post=61416"}],"version-history":[{"count":0,"href":"https:\/\/eldigitaldeasturias.com\/magazine365\/wp-json\/wp\/v2\/posts\/61416\/revisions"}],"wp:featuredmedia":[{"embeddable":true,"href":"https:\/\/eldigitaldeasturias.com\/magazine365\/wp-json\/wp\/v2\/media\/60904"}],"wp:attachment":[{"href":"https:\/\/eldigitaldeasturias.com\/magazine365\/wp-json\/wp\/v2\/media?parent=61416"}],"wp:term":[{"taxonomy":"category","embeddable":true,"href":"https:\/\/eldigitaldeasturias.com\/magazine365\/wp-json\/wp\/v2\/categories?post=61416"},{"taxonomy":"post_tag","embeddable":true,"href":"https:\/\/eldigitaldeasturias.com\/magazine365\/wp-json\/wp\/v2\/tags?post=61416"}],"curies":[{"name":"wp","href":"https:\/\/api.w.org\/{rel}","templated":true}]}}