{"id":61407,"date":"2016-01-22T17:52:20","date_gmt":"2016-01-22T16:52:20","guid":{"rendered":"http:\/\/eldigitaldeasturias.com\/magazine365\/?p=61407"},"modified":"2016-01-22T17:52:20","modified_gmt":"2016-01-22T16:52:20","slug":"la-diputacion-de-lleida-promocionara-las-fallas-del-pirineo","status":"publish","type":"post","link":"https:\/\/eldigitaldeasturias.com\/magazine365\/la-diputacion-de-lleida-promocionara-las-fallas-del-pirineo\/","title":{"rendered":"La Diputaci\u00f3n de Lleida promocionar\u00e1 las fallas del Pirineo"},"content":{"rendered":"<p><img fetchpriority=\"high\" decoding=\"async\" class=\"alignleft size-medium wp-image-61408\" src=\"https:\/\/eldigitaldeasturias.com\/magazine365\/wp-content\/uploads\/2016\/01\/fotonoticia_20160120160005_800-360x240.jpg\" alt=\"fotonoticia_20160120160005_800\" width=\"360\" height=\"240\" srcset=\"https:\/\/eldigitaldeasturias.com\/magazine365\/wp-content\/uploads\/2016\/01\/fotonoticia_20160120160005_800-360x240.jpg 360w, https:\/\/eldigitaldeasturias.com\/magazine365\/wp-content\/uploads\/2016\/01\/fotonoticia_20160120160005_800-650x433.jpg 650w, https:\/\/eldigitaldeasturias.com\/magazine365\/wp-content\/uploads\/2016\/01\/fotonoticia_20160120160005_800-768x512.jpg 768w, https:\/\/eldigitaldeasturias.com\/magazine365\/wp-content\/uploads\/2016\/01\/fotonoticia_20160120160005_800-150x100.jpg 150w, https:\/\/eldigitaldeasturias.com\/magazine365\/wp-content\/uploads\/2016\/01\/fotonoticia_20160120160005_800-450x300.jpg 450w, https:\/\/eldigitaldeasturias.com\/magazine365\/wp-content\/uploads\/2016\/01\/fotonoticia_20160120160005_800-696x464.jpg 696w, https:\/\/eldigitaldeasturias.com\/magazine365\/wp-content\/uploads\/2016\/01\/fotonoticia_20160120160005_800-630x420.jpg 630w, https:\/\/eldigitaldeasturias.com\/magazine365\/wp-content\/uploads\/2016\/01\/fotonoticia_20160120160005_800-101x66.jpg 101w, https:\/\/eldigitaldeasturias.com\/magazine365\/wp-content\/uploads\/2016\/01\/fotonoticia_20160120160005_800.jpg 800w\" sizes=\"(max-width: 360px) 100vw, 360px\" \/>La Diputaci\u00f3n de Lleida promocionar\u00e1 las fallas del Pirineo, declaradas recientemente Patrimonio Cultural Inmaterial de la Humanidad, en la Feria Internacional de Turismo (Fitur) de Madrid, en colaboraci\u00f3n con la Generalitat de Catalunya, ha informado este mi\u00e9rcoles en un comunicado.<\/p>\n<p>Esta promoci\u00f3n pone en valor la tradici\u00f3n de las fiestas del fuego en los 15 municipios de las comarcas de Lleida que han sido distinguidos por la Unesco como preservadores de esta tradici\u00f3n ancestral junto con 48 pueblos m\u00e1s de Catalunya, Arag\u00f3n y Andorra y Francia.<\/p>\n<p>Para el Presidente de la Diputaci\u00f3n de Lleida, Joan Re\u00f1\u00e9, las fallas son \u00abidentidad colectiva, cargadas de valores y costumbres seculares de la gente del Pirineu\u00bb.<\/p>\n<p>El s\u00e1bado, la promoci\u00f3n de las fallas llegar\u00e1 al Born Centre Cultural (BCC) de Barcelona con un acto organizado por el Consell Comarcal de l&#8217;Alta Ribagor\u00e7a y la revista Descobrir Catalunya con la colaboraci\u00f3n de la Diputaci\u00f3n de Lleida.<\/p>\n<p>Las comarcas de Lleida se promocionar\u00e1n a Fitur hasta domingo con el mejor balance de los \u00faltimos cinco a\u00f1os, que ha registrado un incremento del n\u00famero de turistas del 3% el 2015 y un alza en las pernoctaciones del 5,3%.<\/p>\n","protected":false},"excerpt":{"rendered":"<p>La Diputaci\u00f3n de Lleida promocionar\u00e1 las fallas del Pirineo, declaradas recientemente Patrimonio Cultural Inmaterial de la Humanidad, en la Feria Internacional de Turismo (Fitur) de Madrid, en colaboraci\u00f3n con la Generalitat de Catalunya, ha informado este mi\u00e9rcoles en un comunicado. Esta promoci\u00f3n pone en valor la tradici\u00f3n de las fiestas del fuego en los 15<\/p>\n","protected":false},"author":1,"featured_media":61408,"comment_status":"open","ping_status":"closed","sticky":false,"template":"","format":"standard","meta":{"footnotes":""},"categories":[224],"tags":[],"class_list":{"0":"post-61407","1":"post","2":"type-post","3":"status-publish","4":"format-standard","5":"has-post-thumbnail","7":"category-noticias-actualidad"},"aioseo_notices":[],"aioseo_head":"\n\t\t<!-- All in One SEO Pro 4.9.6.1 - aioseo.com -->\n\t<meta name=\"description\" content=\"La Diputaci\u00f3n de Lleida promocionar\u00e1 las fallas del Pirineo, declaradas recientemente Patrimonio Cultural Inmaterial de la Humanidad, en la Feria Internacional de Turismo (Fitur) de Madrid, en colaboraci\u00f3n con la Generalitat de Catalunya, ha informado este mi\u00e9rcoles en un comunicado. Esta promoci\u00f3n pone en valor la tradici\u00f3n de las fiestas del fuego en los 15\" \/>\n\t<meta name=\"robots\" content=\"max-image-preview:large\" \/>\n\t<meta name=\"author\" content=\"admin\"\/>\n\t<meta name=\"google-site-verification\" content=\"UA-38556648-1\" \/>\n\t<meta name=\"keywords\" content=\"noticias y actualidad\" \/>\n\t<link rel=\"canonical\" href=\"https:\/\/eldigitaldeasturias.com\/magazine365\/la-diputacion-de-lleida-promocionara-las-fallas-del-pirineo\/\" \/>\n\t<meta name=\"generator\" content=\"All in One SEO Pro (AIOSEO) 4.9.6.1\" \/>\n\t\t<meta property=\"og:locale\" content=\"es_ES\" \/>\n\t\t<meta property=\"og:site_name\" content=\"El Digital de Asturias \u2013 Revista de ocio, turismo y estilo de vida\" \/>\n\t\t<meta property=\"og:type\" content=\"article\" \/>\n\t\t<meta property=\"og:title\" content=\"La Diputaci\u00f3n de Lleida promocionar\u00e1 las fallas del Pirineo | El Digital de Asturias\" \/>\n\t\t<meta property=\"og:description\" content=\"La Diputaci\u00f3n de Lleida promocionar\u00e1 las fallas del Pirineo, declaradas recientemente Patrimonio Cultural Inmaterial de la Humanidad, en la Feria Internacional de Turismo (Fitur) de Madrid, en colaboraci\u00f3n con la Generalitat de Catalunya, ha informado este mi\u00e9rcoles en un comunicado. Esta promoci\u00f3n pone en valor la tradici\u00f3n de las fiestas del fuego en los 15\" \/>\n\t\t<meta property=\"og:url\" content=\"https:\/\/eldigitaldeasturias.com\/magazine365\/la-diputacion-de-lleida-promocionara-las-fallas-del-pirineo\/\" \/>\n\t\t<meta property=\"og:image\" content=\"https:\/\/eldigitaldeasturias.com\/magazine365\/wp-content\/uploads\/2016\/01\/fotonoticia_20160120160005_800.jpg\" \/>\n\t\t<meta property=\"og:image:secure_url\" content=\"https:\/\/eldigitaldeasturias.com\/magazine365\/wp-content\/uploads\/2016\/01\/fotonoticia_20160120160005_800.jpg\" \/>\n\t\t<meta property=\"og:image:width\" content=\"800\" \/>\n\t\t<meta property=\"og:image:height\" content=\"533\" \/>\n\t\t<meta property=\"article:published_time\" content=\"2016-01-22T16:52:20+00:00\" \/>\n\t\t<meta property=\"article:modified_time\" content=\"2016-01-22T16:52:20+00:00\" \/>\n\t\t<meta name=\"twitter:card\" content=\"summary_large_image\" \/>\n\t\t<meta name=\"twitter:title\" content=\"La Diputaci\u00f3n de Lleida promocionar\u00e1 las fallas del Pirineo | El Digital de Asturias\" \/>\n\t\t<meta name=\"twitter:description\" content=\"La Diputaci\u00f3n de Lleida promocionar\u00e1 las fallas del Pirineo, declaradas recientemente Patrimonio Cultural Inmaterial de la Humanidad, en la Feria Internacional de Turismo (Fitur) de Madrid, en colaboraci\u00f3n con la Generalitat de Catalunya, ha informado este mi\u00e9rcoles en un comunicado. Esta promoci\u00f3n pone en valor la tradici\u00f3n de las fiestas del fuego en los 15\" \/>\n\t\t<meta name=\"twitter:image\" content=\"https:\/\/eldigitaldeasturias.com\/magazine365\/wp-content\/uploads\/2016\/01\/fotonoticia_20160120160005_800.jpg\" \/>\n\t\t<script type=\"application\/ld+json\" class=\"aioseo-schema\">\n\t\t\t{\"@context\":\"https:\\\/\\\/schema.org\",\"@graph\":[{\"@type\":\"Article\",\"@id\":\"https:\\\/\\\/eldigitaldeasturias.com\\\/magazine365\\\/la-diputacion-de-lleida-promocionara-las-fallas-del-pirineo\\\/#article\",\"name\":\"La Diputaci\\u00f3n de Lleida promocionar\\u00e1 las fallas del Pirineo | El Digital de Asturias\",\"headline\":\"La Diputaci\\u00f3n de Lleida promocionar\\u00e1 las fallas del Pirineo\",\"author\":{\"@id\":\"https:\\\/\\\/eldigitaldeasturias.com\\\/magazine365\\\/author\\\/admin\\\/#author\"},\"publisher\":{\"@id\":\"https:\\\/\\\/eldigitaldeasturias.com\\\/magazine365\\\/#organization\"},\"image\":{\"@type\":\"ImageObject\",\"url\":\"https:\\\/\\\/eldigitaldeasturias.com\\\/magazine365\\\/wp-content\\\/uploads\\\/2016\\\/01\\\/fotonoticia_20160120160005_800.jpg\",\"width\":800,\"height\":533},\"datePublished\":\"2016-01-22T17:52:20+01:00\",\"dateModified\":\"2016-01-22T17:52:20+01:00\",\"inLanguage\":\"es-ES\",\"mainEntityOfPage\":{\"@id\":\"https:\\\/\\\/eldigitaldeasturias.com\\\/magazine365\\\/la-diputacion-de-lleida-promocionara-las-fallas-del-pirineo\\\/#webpage\"},\"isPartOf\":{\"@id\":\"https:\\\/\\\/eldigitaldeasturias.com\\\/magazine365\\\/la-diputacion-de-lleida-promocionara-las-fallas-del-pirineo\\\/#webpage\"},\"articleSection\":\"Noticias y Actualidad\"},{\"@type\":\"BreadcrumbList\",\"@id\":\"https:\\\/\\\/eldigitaldeasturias.com\\\/magazine365\\\/la-diputacion-de-lleida-promocionara-las-fallas-del-pirineo\\\/#breadcrumblist\",\"itemListElement\":[{\"@type\":\"ListItem\",\"@id\":\"https:\\\/\\\/eldigitaldeasturias.com\\\/magazine365#listItem\",\"position\":1,\"name\":\"Home\",\"item\":\"https:\\\/\\\/eldigitaldeasturias.com\\\/magazine365\",\"nextItem\":{\"@type\":\"ListItem\",\"@id\":\"https:\\\/\\\/eldigitaldeasturias.com\\\/magazine365\\\/category\\\/noticias-actualidad\\\/#listItem\",\"name\":\"Noticias y Actualidad\"}},{\"@type\":\"ListItem\",\"@id\":\"https:\\\/\\\/eldigitaldeasturias.com\\\/magazine365\\\/category\\\/noticias-actualidad\\\/#listItem\",\"position\":2,\"name\":\"Noticias y Actualidad\",\"item\":\"https:\\\/\\\/eldigitaldeasturias.com\\\/magazine365\\\/category\\\/noticias-actualidad\\\/\",\"nextItem\":{\"@type\":\"ListItem\",\"@id\":\"https:\\\/\\\/eldigitaldeasturias.com\\\/magazine365\\\/la-diputacion-de-lleida-promocionara-las-fallas-del-pirineo\\\/#listItem\",\"name\":\"La Diputaci\\u00f3n de Lleida promocionar\\u00e1 las fallas del Pirineo\"},\"previousItem\":{\"@type\":\"ListItem\",\"@id\":\"https:\\\/\\\/eldigitaldeasturias.com\\\/magazine365#listItem\",\"name\":\"Home\"}},{\"@type\":\"ListItem\",\"@id\":\"https:\\\/\\\/eldigitaldeasturias.com\\\/magazine365\\\/la-diputacion-de-lleida-promocionara-las-fallas-del-pirineo\\\/#listItem\",\"position\":3,\"name\":\"La Diputaci\\u00f3n de Lleida promocionar\\u00e1 las fallas del Pirineo\",\"previousItem\":{\"@type\":\"ListItem\",\"@id\":\"https:\\\/\\\/eldigitaldeasturias.com\\\/magazine365\\\/category\\\/noticias-actualidad\\\/#listItem\",\"name\":\"Noticias y Actualidad\"}}]},{\"@type\":\"Organization\",\"@id\":\"https:\\\/\\\/eldigitaldeasturias.com\\\/magazine365\\\/#organization\",\"name\":\"El digital de Asturias\",\"description\":\"Revista de ocio, turismo y estilo de vida\",\"url\":\"https:\\\/\\\/eldigitaldeasturias.com\\\/magazine365\\\/\",\"logo\":{\"@type\":\"ImageObject\",\"url\":\"https:\\\/\\\/www.eldigitaldeasturias.com\\\/noticias\\\/wp-content\\\/uploads\\\/2020\\\/12\\\/EDA.jpg\",\"@id\":\"https:\\\/\\\/eldigitaldeasturias.com\\\/magazine365\\\/la-diputacion-de-lleida-promocionara-las-fallas-del-pirineo\\\/#organizationLogo\"},\"image\":{\"@id\":\"https:\\\/\\\/eldigitaldeasturias.com\\\/magazine365\\\/la-diputacion-de-lleida-promocionara-las-fallas-del-pirineo\\\/#organizationLogo\"}},{\"@type\":\"Person\",\"@id\":\"https:\\\/\\\/eldigitaldeasturias.com\\\/magazine365\\\/author\\\/admin\\\/#author\",\"url\":\"https:\\\/\\\/eldigitaldeasturias.com\\\/magazine365\\\/author\\\/admin\\\/\",\"name\":\"admin\",\"image\":{\"@type\":\"ImageObject\",\"@id\":\"https:\\\/\\\/eldigitaldeasturias.com\\\/magazine365\\\/la-diputacion-de-lleida-promocionara-las-fallas-del-pirineo\\\/#authorImage\",\"url\":\"https:\\\/\\\/eldigitaldeasturias.com\\\/magazine365\\\/wp-content\\\/litespeed\\\/avatar\\\/e571bcf59a0edd6fa6838245a470f2fe.jpg?ver=1776969259\",\"width\":96,\"height\":96,\"caption\":\"admin\"}},{\"@type\":\"WebPage\",\"@id\":\"https:\\\/\\\/eldigitaldeasturias.com\\\/magazine365\\\/la-diputacion-de-lleida-promocionara-las-fallas-del-pirineo\\\/#webpage\",\"url\":\"https:\\\/\\\/eldigitaldeasturias.com\\\/magazine365\\\/la-diputacion-de-lleida-promocionara-las-fallas-del-pirineo\\\/\",\"name\":\"La Diputaci\\u00f3n de Lleida promocionar\\u00e1 las fallas del Pirineo | El Digital de Asturias\",\"description\":\"La Diputaci\\u00f3n de Lleida promocionar\\u00e1 las fallas del Pirineo, declaradas recientemente Patrimonio Cultural Inmaterial de la Humanidad, en la Feria Internacional de Turismo (Fitur) de Madrid, en colaboraci\\u00f3n con la Generalitat de Catalunya, ha informado este mi\\u00e9rcoles en un comunicado. Esta promoci\\u00f3n pone en valor la tradici\\u00f3n de las fiestas del fuego en los 15\",\"inLanguage\":\"es-ES\",\"isPartOf\":{\"@id\":\"https:\\\/\\\/eldigitaldeasturias.com\\\/magazine365\\\/#website\"},\"breadcrumb\":{\"@id\":\"https:\\\/\\\/eldigitaldeasturias.com\\\/magazine365\\\/la-diputacion-de-lleida-promocionara-las-fallas-del-pirineo\\\/#breadcrumblist\"},\"author\":{\"@id\":\"https:\\\/\\\/eldigitaldeasturias.com\\\/magazine365\\\/author\\\/admin\\\/#author\"},\"creator\":{\"@id\":\"https:\\\/\\\/eldigitaldeasturias.com\\\/magazine365\\\/author\\\/admin\\\/#author\"},\"image\":{\"@type\":\"ImageObject\",\"url\":\"https:\\\/\\\/eldigitaldeasturias.com\\\/magazine365\\\/wp-content\\\/uploads\\\/2016\\\/01\\\/fotonoticia_20160120160005_800.jpg\",\"@id\":\"https:\\\/\\\/eldigitaldeasturias.com\\\/magazine365\\\/la-diputacion-de-lleida-promocionara-las-fallas-del-pirineo\\\/#mainImage\",\"width\":800,\"height\":533},\"primaryImageOfPage\":{\"@id\":\"https:\\\/\\\/eldigitaldeasturias.com\\\/magazine365\\\/la-diputacion-de-lleida-promocionara-las-fallas-del-pirineo\\\/#mainImage\"},\"datePublished\":\"2016-01-22T17:52:20+01:00\",\"dateModified\":\"2016-01-22T17:52:20+01:00\"},{\"@type\":\"WebSite\",\"@id\":\"https:\\\/\\\/eldigitaldeasturias.com\\\/magazine365\\\/#website\",\"url\":\"https:\\\/\\\/eldigitaldeasturias.com\\\/magazine365\\\/\",\"name\":\"El Digital de Asturias\",\"description\":\"Revista de ocio, turismo y estilo de vida\",\"inLanguage\":\"es-ES\",\"publisher\":{\"@id\":\"https:\\\/\\\/eldigitaldeasturias.com\\\/magazine365\\\/#organization\"}}]}\n\t\t<\/script>\n\t\t<!-- All in One SEO Pro -->\r\n\t\t<title>La Diputaci\u00f3n de Lleida promocionar\u00e1 las fallas del Pirineo | El Digital de Asturias<\/title>\n\n","aioseo_head_json":{"title":"La Diputaci\u00f3n de Lleida promocionar\u00e1 las fallas del Pirineo | El Digital de Asturias","description":"La Diputaci\u00f3n de Lleida promocionar\u00e1 las fallas del Pirineo, declaradas recientemente Patrimonio Cultural Inmaterial de la Humanidad, en la Feria Internacional de Turismo (Fitur) de Madrid, en colaboraci\u00f3n con la Generalitat de Catalunya, ha informado este mi\u00e9rcoles en un comunicado. Esta promoci\u00f3n pone en valor la tradici\u00f3n de las fiestas del fuego en los 15","canonical_url":"https:\/\/eldigitaldeasturias.com\/magazine365\/la-diputacion-de-lleida-promocionara-las-fallas-del-pirineo\/","robots":"max-image-preview:large","keywords":"noticias y actualidad","webmasterTools":{"google-site-verification":"UA-38556648-1","miscellaneous":""},"schema":{"@context":"https:\/\/schema.org","@graph":[{"@type":"Article","@id":"https:\/\/eldigitaldeasturias.com\/magazine365\/la-diputacion-de-lleida-promocionara-las-fallas-del-pirineo\/#article","name":"La Diputaci\u00f3n de Lleida promocionar\u00e1 las fallas del Pirineo | El Digital de Asturias","headline":"La Diputaci\u00f3n de Lleida promocionar\u00e1 las fallas del Pirineo","author":{"@id":"https:\/\/eldigitaldeasturias.com\/magazine365\/author\/admin\/#author"},"publisher":{"@id":"https:\/\/eldigitaldeasturias.com\/magazine365\/#organization"},"image":{"@type":"ImageObject","url":"https:\/\/eldigitaldeasturias.com\/magazine365\/wp-content\/uploads\/2016\/01\/fotonoticia_20160120160005_800.jpg","width":800,"height":533},"datePublished":"2016-01-22T17:52:20+01:00","dateModified":"2016-01-22T17:52:20+01:00","inLanguage":"es-ES","mainEntityOfPage":{"@id":"https:\/\/eldigitaldeasturias.com\/magazine365\/la-diputacion-de-lleida-promocionara-las-fallas-del-pirineo\/#webpage"},"isPartOf":{"@id":"https:\/\/eldigitaldeasturias.com\/magazine365\/la-diputacion-de-lleida-promocionara-las-fallas-del-pirineo\/#webpage"},"articleSection":"Noticias y Actualidad"},{"@type":"BreadcrumbList","@id":"https:\/\/eldigitaldeasturias.com\/magazine365\/la-diputacion-de-lleida-promocionara-las-fallas-del-pirineo\/#breadcrumblist","itemListElement":[{"@type":"ListItem","@id":"https:\/\/eldigitaldeasturias.com\/magazine365#listItem","position":1,"name":"Home","item":"https:\/\/eldigitaldeasturias.com\/magazine365","nextItem":{"@type":"ListItem","@id":"https:\/\/eldigitaldeasturias.com\/magazine365\/category\/noticias-actualidad\/#listItem","name":"Noticias y Actualidad"}},{"@type":"ListItem","@id":"https:\/\/eldigitaldeasturias.com\/magazine365\/category\/noticias-actualidad\/#listItem","position":2,"name":"Noticias y Actualidad","item":"https:\/\/eldigitaldeasturias.com\/magazine365\/category\/noticias-actualidad\/","nextItem":{"@type":"ListItem","@id":"https:\/\/eldigitaldeasturias.com\/magazine365\/la-diputacion-de-lleida-promocionara-las-fallas-del-pirineo\/#listItem","name":"La Diputaci\u00f3n de Lleida promocionar\u00e1 las fallas del Pirineo"},"previousItem":{"@type":"ListItem","@id":"https:\/\/eldigitaldeasturias.com\/magazine365#listItem","name":"Home"}},{"@type":"ListItem","@id":"https:\/\/eldigitaldeasturias.com\/magazine365\/la-diputacion-de-lleida-promocionara-las-fallas-del-pirineo\/#listItem","position":3,"name":"La Diputaci\u00f3n de Lleida promocionar\u00e1 las fallas del Pirineo","previousItem":{"@type":"ListItem","@id":"https:\/\/eldigitaldeasturias.com\/magazine365\/category\/noticias-actualidad\/#listItem","name":"Noticias y Actualidad"}}]},{"@type":"Organization","@id":"https:\/\/eldigitaldeasturias.com\/magazine365\/#organization","name":"El digital de Asturias","description":"Revista de ocio, turismo y estilo de vida","url":"https:\/\/eldigitaldeasturias.com\/magazine365\/","logo":{"@type":"ImageObject","url":"https:\/\/www.eldigitaldeasturias.com\/noticias\/wp-content\/uploads\/2020\/12\/EDA.jpg","@id":"https:\/\/eldigitaldeasturias.com\/magazine365\/la-diputacion-de-lleida-promocionara-las-fallas-del-pirineo\/#organizationLogo"},"image":{"@id":"https:\/\/eldigitaldeasturias.com\/magazine365\/la-diputacion-de-lleida-promocionara-las-fallas-del-pirineo\/#organizationLogo"}},{"@type":"Person","@id":"https:\/\/eldigitaldeasturias.com\/magazine365\/author\/admin\/#author","url":"https:\/\/eldigitaldeasturias.com\/magazine365\/author\/admin\/","name":"admin","image":{"@type":"ImageObject","@id":"https:\/\/eldigitaldeasturias.com\/magazine365\/la-diputacion-de-lleida-promocionara-las-fallas-del-pirineo\/#authorImage","url":"https:\/\/eldigitaldeasturias.com\/magazine365\/wp-content\/litespeed\/avatar\/e571bcf59a0edd6fa6838245a470f2fe.jpg?ver=1776969259","width":96,"height":96,"caption":"admin"}},{"@type":"WebPage","@id":"https:\/\/eldigitaldeasturias.com\/magazine365\/la-diputacion-de-lleida-promocionara-las-fallas-del-pirineo\/#webpage","url":"https:\/\/eldigitaldeasturias.com\/magazine365\/la-diputacion-de-lleida-promocionara-las-fallas-del-pirineo\/","name":"La Diputaci\u00f3n de Lleida promocionar\u00e1 las fallas del Pirineo | El Digital de Asturias","description":"La Diputaci\u00f3n de Lleida promocionar\u00e1 las fallas del Pirineo, declaradas recientemente Patrimonio Cultural Inmaterial de la Humanidad, en la Feria Internacional de Turismo (Fitur) de Madrid, en colaboraci\u00f3n con la Generalitat de Catalunya, ha informado este mi\u00e9rcoles en un comunicado. Esta promoci\u00f3n pone en valor la tradici\u00f3n de las fiestas del fuego en los 15","inLanguage":"es-ES","isPartOf":{"@id":"https:\/\/eldigitaldeasturias.com\/magazine365\/#website"},"breadcrumb":{"@id":"https:\/\/eldigitaldeasturias.com\/magazine365\/la-diputacion-de-lleida-promocionara-las-fallas-del-pirineo\/#breadcrumblist"},"author":{"@id":"https:\/\/eldigitaldeasturias.com\/magazine365\/author\/admin\/#author"},"creator":{"@id":"https:\/\/eldigitaldeasturias.com\/magazine365\/author\/admin\/#author"},"image":{"@type":"ImageObject","url":"https:\/\/eldigitaldeasturias.com\/magazine365\/wp-content\/uploads\/2016\/01\/fotonoticia_20160120160005_800.jpg","@id":"https:\/\/eldigitaldeasturias.com\/magazine365\/la-diputacion-de-lleida-promocionara-las-fallas-del-pirineo\/#mainImage","width":800,"height":533},"primaryImageOfPage":{"@id":"https:\/\/eldigitaldeasturias.com\/magazine365\/la-diputacion-de-lleida-promocionara-las-fallas-del-pirineo\/#mainImage"},"datePublished":"2016-01-22T17:52:20+01:00","dateModified":"2016-01-22T17:52:20+01:00"},{"@type":"WebSite","@id":"https:\/\/eldigitaldeasturias.com\/magazine365\/#website","url":"https:\/\/eldigitaldeasturias.com\/magazine365\/","name":"El Digital de Asturias","description":"Revista de ocio, turismo y estilo de vida","inLanguage":"es-ES","publisher":{"@id":"https:\/\/eldigitaldeasturias.com\/magazine365\/#organization"}}]},"og:locale":"es_ES","og:site_name":"El Digital de Asturias \u2013 Revista de ocio, turismo y estilo de vida","og:type":"article","og:title":"La Diputaci\u00f3n de Lleida promocionar\u00e1 las fallas del Pirineo | El Digital de Asturias","og:description":"La Diputaci\u00f3n de Lleida promocionar\u00e1 las fallas del Pirineo, declaradas recientemente Patrimonio Cultural Inmaterial de la Humanidad, en la Feria Internacional de Turismo (Fitur) de Madrid, en colaboraci\u00f3n con la Generalitat de Catalunya, ha informado este mi\u00e9rcoles en un comunicado. Esta promoci\u00f3n pone en valor la tradici\u00f3n de las fiestas del fuego en los 15","og:url":"https:\/\/eldigitaldeasturias.com\/magazine365\/la-diputacion-de-lleida-promocionara-las-fallas-del-pirineo\/","og:image":"https:\/\/eldigitaldeasturias.com\/magazine365\/wp-content\/uploads\/2016\/01\/fotonoticia_20160120160005_800.jpg","og:image:secure_url":"https:\/\/eldigitaldeasturias.com\/magazine365\/wp-content\/uploads\/2016\/01\/fotonoticia_20160120160005_800.jpg","og:image:width":800,"og:image:height":533,"article:published_time":"2016-01-22T16:52:20+00:00","article:modified_time":"2016-01-22T16:52:20+00:00","twitter:card":"summary_large_image","twitter:title":"La Diputaci\u00f3n de Lleida promocionar\u00e1 las fallas del Pirineo | El Digital de Asturias","twitter:description":"La Diputaci\u00f3n de Lleida promocionar\u00e1 las fallas del Pirineo, declaradas recientemente Patrimonio Cultural Inmaterial de la Humanidad, en la Feria Internacional de Turismo (Fitur) de Madrid, en colaboraci\u00f3n con la Generalitat de Catalunya, ha informado este mi\u00e9rcoles en un comunicado. Esta promoci\u00f3n pone en valor la tradici\u00f3n de las fiestas del fuego en los 15","twitter:image":"https:\/\/eldigitaldeasturias.com\/magazine365\/wp-content\/uploads\/2016\/01\/fotonoticia_20160120160005_800.jpg"},"aioseo_meta_data":{"post_id":"61407","title":null,"description":null,"keywords":null,"keyphrases":null,"primary_term":null,"canonical_url":null,"og_title":null,"og_description":null,"og_object_type":"default","og_image_type":"default","og_image_url":null,"og_image_width":null,"og_image_height":null,"og_image_custom_url":null,"og_image_custom_fields":null,"og_video":null,"og_custom_url":null,"og_article_section":null,"og_article_tags":null,"twitter_use_og":false,"twitter_card":"default","twitter_image_type":"default","twitter_image_url":null,"twitter_image_custom_url":null,"twitter_image_custom_fields":null,"twitter_title":null,"twitter_description":null,"schema":{"blockGraphs":[],"customGraphs":[],"default":{"data":{"Article":[],"Course":[],"Dataset":[],"FAQPage":[],"Movie":[],"Person":[],"Product":[],"ProductReview":[],"Car":[],"Recipe":[],"Service":[],"SoftwareApplication":[],"WebPage":[]},"graphName":"","isEnabled":true},"graphs":[],"defaultGraph":"","defaultPostTypeGraph":""},"schema_type":null,"schema_type_options":null,"pillar_content":false,"robots_default":true,"robots_noindex":false,"robots_noarchive":false,"robots_nosnippet":false,"robots_nofollow":false,"robots_noimageindex":false,"robots_noodp":false,"robots_notranslate":false,"robots_max_snippet":null,"robots_max_videopreview":null,"robots_max_imagepreview":"large","priority":null,"frequency":null,"location":null,"local_seo":null,"seo_analyzer_scan_date":"2025-09-25 08:54:10","breadcrumb_settings":null,"limit_modified_date":false,"open_ai":null,"ai":null,"created":"2021-03-08 21:50:00","updated":"2025-09-25 08:54:10"},"aioseo_breadcrumb":"<div class=\"aioseo-breadcrumbs\"><span class=\"aioseo-breadcrumb\">\n\t<a href=\"https:\/\/eldigitaldeasturias.com\/magazine365\" title=\"Home\">Home<\/a>\n<\/span><span class=\"aioseo-breadcrumb-separator\">\u2013<\/span><span class=\"aioseo-breadcrumb\">\n\t<a href=\"https:\/\/eldigitaldeasturias.com\/magazine365\/category\/noticias-actualidad\/\" title=\"Noticias y Actualidad\">Noticias y Actualidad<\/a>\n<\/span><span class=\"aioseo-breadcrumb-separator\">\u2013<\/span><span class=\"aioseo-breadcrumb\">\n\t<a href=\"https:\/\/eldigitaldeasturias.com\/magazine365\/la-diputacion-de-lleida-promocionara-las-fallas-del-pirineo\/\" title=\"La Diputaci\u00f3n de Lleida promocionar\u00e1 las fallas del Pirineo\">La Diputaci\u00f3n de Lleida promocionar\u00e1 las fallas del Pirineo<\/a>\n<\/span><\/div>","aioseo_breadcrumb_json":[{"label":"Home","link":"https:\/\/eldigitaldeasturias.com\/magazine365"},{"label":"Noticias y Actualidad","link":"https:\/\/eldigitaldeasturias.com\/magazine365\/category\/noticias-actualidad\/"},{"label":"La Diputaci\u00f3n de Lleida promocionar\u00e1 las fallas del Pirineo","link":"https:\/\/eldigitaldeasturias.com\/magazine365\/la-diputacion-de-lleida-promocionara-las-fallas-del-pirineo\/"}],"_links":{"self":[{"href":"https:\/\/eldigitaldeasturias.com\/magazine365\/wp-json\/wp\/v2\/posts\/61407","targetHints":{"allow":["GET"]}}],"collection":[{"href":"https:\/\/eldigitaldeasturias.com\/magazine365\/wp-json\/wp\/v2\/posts"}],"about":[{"href":"https:\/\/eldigitaldeasturias.com\/magazine365\/wp-json\/wp\/v2\/types\/post"}],"author":[{"embeddable":true,"href":"https:\/\/eldigitaldeasturias.com\/magazine365\/wp-json\/wp\/v2\/users\/1"}],"replies":[{"embeddable":true,"href":"https:\/\/eldigitaldeasturias.com\/magazine365\/wp-json\/wp\/v2\/comments?post=61407"}],"version-history":[{"count":0,"href":"https:\/\/eldigitaldeasturias.com\/magazine365\/wp-json\/wp\/v2\/posts\/61407\/revisions"}],"wp:featuredmedia":[{"embeddable":true,"href":"https:\/\/eldigitaldeasturias.com\/magazine365\/wp-json\/wp\/v2\/media\/61408"}],"wp:attachment":[{"href":"https:\/\/eldigitaldeasturias.com\/magazine365\/wp-json\/wp\/v2\/media?parent=61407"}],"wp:term":[{"taxonomy":"category","embeddable":true,"href":"https:\/\/eldigitaldeasturias.com\/magazine365\/wp-json\/wp\/v2\/categories?post=61407"},{"taxonomy":"post_tag","embeddable":true,"href":"https:\/\/eldigitaldeasturias.com\/magazine365\/wp-json\/wp\/v2\/tags?post=61407"}],"curies":[{"name":"wp","href":"https:\/\/api.w.org\/{rel}","templated":true}]}}