{"id":61393,"date":"2016-01-22T17:46:13","date_gmt":"2016-01-22T16:46:13","guid":{"rendered":"http:\/\/eldigitaldeasturias.com\/magazine365\/?p=61393"},"modified":"2016-01-22T17:46:13","modified_gmt":"2016-01-22T16:46:13","slug":"los-siete-ministros-de-turismo-de-centroamerica-inauguran-su-stand-con-muchas-expectativas","status":"publish","type":"post","link":"https:\/\/eldigitaldeasturias.com\/magazine365\/los-siete-ministros-de-turismo-de-centroamerica-inauguran-su-stand-con-muchas-expectativas\/","title":{"rendered":"Los siete ministros de Turismo de Centroam\u00e9rica inauguran su stand con \u00abmuchas expectativas\u00bb"},"content":{"rendered":"<p><img fetchpriority=\"high\" decoding=\"async\" class=\"alignleft size-medium wp-image-61394\" src=\"https:\/\/eldigitaldeasturias.com\/magazine365\/wp-content\/uploads\/2016\/01\/fotonoticia_20160120153255_800-360x203.jpg\" alt=\"fotonoticia_20160120153255_800\" width=\"360\" height=\"203\" srcset=\"https:\/\/eldigitaldeasturias.com\/magazine365\/wp-content\/uploads\/2016\/01\/fotonoticia_20160120153255_800-360x203.jpg 360w, https:\/\/eldigitaldeasturias.com\/magazine365\/wp-content\/uploads\/2016\/01\/fotonoticia_20160120153255_800-650x366.jpg 650w, https:\/\/eldigitaldeasturias.com\/magazine365\/wp-content\/uploads\/2016\/01\/fotonoticia_20160120153255_800-768x432.jpg 768w, https:\/\/eldigitaldeasturias.com\/magazine365\/wp-content\/uploads\/2016\/01\/fotonoticia_20160120153255_800-150x84.jpg 150w, https:\/\/eldigitaldeasturias.com\/magazine365\/wp-content\/uploads\/2016\/01\/fotonoticia_20160120153255_800-450x253.jpg 450w, https:\/\/eldigitaldeasturias.com\/magazine365\/wp-content\/uploads\/2016\/01\/fotonoticia_20160120153255_800-696x392.jpg 696w, https:\/\/eldigitaldeasturias.com\/magazine365\/wp-content\/uploads\/2016\/01\/fotonoticia_20160120153255_800-747x420.jpg 747w, https:\/\/eldigitaldeasturias.com\/magazine365\/wp-content\/uploads\/2016\/01\/fotonoticia_20160120153255_800-499x280.jpg 499w, https:\/\/eldigitaldeasturias.com\/magazine365\/wp-content\/uploads\/2016\/01\/fotonoticia_20160120153255_800-510x289.jpg 510w, https:\/\/eldigitaldeasturias.com\/magazine365\/wp-content\/uploads\/2016\/01\/fotonoticia_20160120153255_800.jpg 800w\" sizes=\"(max-width: 360px) 100vw, 360px\" \/>Honduras, Costa Rica, Panam\u00e1, Nicaragua, Guatemala, El Salvador y Belice llevan a\u00f1os promocion\u00e1ndose como regi\u00f3n, como un todo, en lugar de hacerlo como pa\u00edses independientes, ya que consideran que juntos tienen m\u00e1s potencial y son un mayor atractivo para el turismo.<\/p>\n<p>As\u00ed lo ha confirmado este mi\u00e9rcoles en Fitur el ministro de Turismo de Honduras, Emilio Silvestri, durante la inauguraci\u00f3n del stand de CATA, la agencia de Promoci\u00f3n Tur\u00edstica de Centroam\u00e9rica en la que est\u00e1n representados los siete pa\u00edses.<\/p>\n<p>Silvestri, que ha asumido este mes de enero la portavoc\u00eda para los pr\u00f3ximos seis meses, ha asegurado que \u00abtenemos muchas expectativas y es un placer para CATA estar cada vez m\u00e1s presentes entre las opciones tur\u00edsticas de este lado del mundo\u00bb, en referencia a que el turismo procedente de Europa est\u00e1 experimentando un crecimiento importante a\u00f1o tras a\u00f1o.<\/p>\n<p>En declaraciones a Notim\u00e9rica, Silvestri ha se\u00f1alado que \u00abCentroam\u00e9rica es una regi\u00f3n muy peque\u00f1a con una gran diversidad de productos muy interesantes\u00bb. \u00abSomos una regi\u00f3n en la que se puede disfrutar del Caribe en Honduras y en pocas horas de una ciudad colonial en Guatemala\u00bb, ha destacado.<\/p>\n<p>El ministro de Turismo de El Salvador, Napole\u00f3n Duarte, tambi\u00e9n se ha mostrado optimista. \u00abCada a\u00f1o venimos a Fitur con m\u00e1s entusiasmo y apostando m\u00e1s por nuestros pa\u00edses\u00bb, ha afirmado.<\/p>\n<p>Por su parte y representando a Espa\u00f1a, el secretario de Estado de Cooperaci\u00f3n y para Iberoam\u00e9rica, Jes\u00fas Gracia, ha explicado que \u00abes un placer acompa\u00f1ar a Centroam\u00e9rica en su crecimiento y colaborar con ellos para impulsar el turismo\u00bb. \u00abCreo que todo el mundo desear\u00eda viajar a Centroam\u00e9rica y hacer una gira completa por la regi\u00f3n\u00bb, ha a\u00f1adido.<\/p>\n<p>Tambi\u00e9n en declaraciones a Notim\u00e9rica, Gracia ha expresado que su apoyo en Fitur a Centroam\u00e9rica y no a otros pa\u00edses se debe a que desde 2005 la Agencia Espa\u00f1ola de Cooperaci\u00f3n Internacional para el Desarrollo (AECID) tiene un programa de cooperaci\u00f3n con el Sistema de Integraci\u00f3n Tur\u00edstica centroamericano.<\/p>\n<p>\u00abCreemos que uno de los vectores de crecimiento y de desarrollo de muchos pa\u00edses, como el caso de Espa\u00f1a, es el turismo. Centroam\u00e9rica tiene un potencial enorme y la capacidad de atraer turistas, generar empleo, generar ingresos y mejorar las condiciones de vida de sus ciudadanos\u00bb, ha sentenciado.<\/p>\n","protected":false},"excerpt":{"rendered":"<p>Honduras, Costa Rica, Panam\u00e1, Nicaragua, Guatemala, El Salvador y Belice llevan a\u00f1os promocion\u00e1ndose como regi\u00f3n, como un todo, en lugar de hacerlo como pa\u00edses independientes, ya que consideran que juntos tienen m\u00e1s potencial y son un mayor atractivo para el turismo. As\u00ed lo ha confirmado este mi\u00e9rcoles en Fitur el ministro de Turismo de Honduras,<\/p>\n","protected":false},"author":1,"featured_media":61394,"comment_status":"open","ping_status":"closed","sticky":false,"template":"","format":"standard","meta":{"footnotes":""},"categories":[224],"tags":[],"class_list":{"0":"post-61393","1":"post","2":"type-post","3":"status-publish","4":"format-standard","5":"has-post-thumbnail","7":"category-noticias-actualidad"},"aioseo_notices":[],"aioseo_head":"\n\t\t<!-- All in One SEO Pro 4.9.6.1 - aioseo.com -->\n\t<meta name=\"description\" content=\"Honduras, Costa Rica, Panam\u00e1, Nicaragua, Guatemala, El Salvador y Belice llevan a\u00f1os promocion\u00e1ndose como regi\u00f3n, como un todo, en lugar de hacerlo como pa\u00edses independientes, ya que consideran que juntos tienen m\u00e1s potencial y son un mayor atractivo para el turismo. As\u00ed lo ha confirmado este mi\u00e9rcoles en Fitur el ministro de Turismo de Honduras,\" \/>\n\t<meta name=\"robots\" content=\"max-image-preview:large\" \/>\n\t<meta name=\"author\" content=\"admin\"\/>\n\t<meta name=\"google-site-verification\" content=\"UA-38556648-1\" \/>\n\t<meta name=\"keywords\" content=\"noticias y actualidad\" \/>\n\t<link rel=\"canonical\" href=\"https:\/\/eldigitaldeasturias.com\/magazine365\/los-siete-ministros-de-turismo-de-centroamerica-inauguran-su-stand-con-muchas-expectativas\/\" \/>\n\t<meta name=\"generator\" content=\"All in One SEO Pro (AIOSEO) 4.9.6.1\" \/>\n\t\t<meta property=\"og:locale\" content=\"es_ES\" \/>\n\t\t<meta property=\"og:site_name\" content=\"El Digital de Asturias \u2013 Revista de ocio, turismo y estilo de vida\" \/>\n\t\t<meta property=\"og:type\" content=\"article\" \/>\n\t\t<meta property=\"og:title\" content=\"Los siete ministros de Turismo de Centroam\u00e9rica inauguran su stand con \u00abmuchas expectativas\u00bb | El Digital de Asturias\" \/>\n\t\t<meta property=\"og:description\" content=\"Honduras, Costa Rica, Panam\u00e1, Nicaragua, Guatemala, El Salvador y Belice llevan a\u00f1os promocion\u00e1ndose como regi\u00f3n, como un todo, en lugar de hacerlo como pa\u00edses independientes, ya que consideran que juntos tienen m\u00e1s potencial y son un mayor atractivo para el turismo. As\u00ed lo ha confirmado este mi\u00e9rcoles en Fitur el ministro de Turismo de Honduras,\" \/>\n\t\t<meta property=\"og:url\" content=\"https:\/\/eldigitaldeasturias.com\/magazine365\/los-siete-ministros-de-turismo-de-centroamerica-inauguran-su-stand-con-muchas-expectativas\/\" \/>\n\t\t<meta property=\"og:image\" content=\"https:\/\/eldigitaldeasturias.com\/magazine365\/wp-content\/uploads\/2016\/01\/fotonoticia_20160120153255_800.jpg\" \/>\n\t\t<meta property=\"og:image:secure_url\" content=\"https:\/\/eldigitaldeasturias.com\/magazine365\/wp-content\/uploads\/2016\/01\/fotonoticia_20160120153255_800.jpg\" \/>\n\t\t<meta property=\"og:image:width\" content=\"800\" \/>\n\t\t<meta property=\"og:image:height\" content=\"450\" \/>\n\t\t<meta property=\"article:published_time\" content=\"2016-01-22T16:46:13+00:00\" \/>\n\t\t<meta property=\"article:modified_time\" content=\"2016-01-22T16:46:13+00:00\" \/>\n\t\t<meta name=\"twitter:card\" content=\"summary_large_image\" \/>\n\t\t<meta name=\"twitter:title\" content=\"Los siete ministros de Turismo de Centroam\u00e9rica inauguran su stand con \u00abmuchas expectativas\u00bb | El Digital de Asturias\" \/>\n\t\t<meta name=\"twitter:description\" content=\"Honduras, Costa Rica, Panam\u00e1, Nicaragua, Guatemala, El Salvador y Belice llevan a\u00f1os promocion\u00e1ndose como regi\u00f3n, como un todo, en lugar de hacerlo como pa\u00edses independientes, ya que consideran que juntos tienen m\u00e1s potencial y son un mayor atractivo para el turismo. As\u00ed lo ha confirmado este mi\u00e9rcoles en Fitur el ministro de Turismo de Honduras,\" \/>\n\t\t<meta name=\"twitter:image\" content=\"https:\/\/eldigitaldeasturias.com\/magazine365\/wp-content\/uploads\/2016\/01\/fotonoticia_20160120153255_800.jpg\" \/>\n\t\t<script type=\"application\/ld+json\" class=\"aioseo-schema\">\n\t\t\t{\"@context\":\"https:\\\/\\\/schema.org\",\"@graph\":[{\"@type\":\"Article\",\"@id\":\"https:\\\/\\\/eldigitaldeasturias.com\\\/magazine365\\\/los-siete-ministros-de-turismo-de-centroamerica-inauguran-su-stand-con-muchas-expectativas\\\/#article\",\"name\":\"Los siete ministros de Turismo de Centroam\\u00e9rica inauguran su stand con \\u00abmuchas expectativas\\u00bb | El Digital de Asturias\",\"headline\":\"Los siete ministros de Turismo de Centroam\\u00e9rica inauguran su stand con \\u00abmuchas expectativas\\u00bb\",\"author\":{\"@id\":\"https:\\\/\\\/eldigitaldeasturias.com\\\/magazine365\\\/author\\\/admin\\\/#author\"},\"publisher\":{\"@id\":\"https:\\\/\\\/eldigitaldeasturias.com\\\/magazine365\\\/#organization\"},\"image\":{\"@type\":\"ImageObject\",\"url\":\"https:\\\/\\\/eldigitaldeasturias.com\\\/magazine365\\\/wp-content\\\/uploads\\\/2016\\\/01\\\/fotonoticia_20160120153255_800.jpg\",\"width\":800,\"height\":450},\"datePublished\":\"2016-01-22T17:46:13+01:00\",\"dateModified\":\"2016-01-22T17:46:13+01:00\",\"inLanguage\":\"es-ES\",\"mainEntityOfPage\":{\"@id\":\"https:\\\/\\\/eldigitaldeasturias.com\\\/magazine365\\\/los-siete-ministros-de-turismo-de-centroamerica-inauguran-su-stand-con-muchas-expectativas\\\/#webpage\"},\"isPartOf\":{\"@id\":\"https:\\\/\\\/eldigitaldeasturias.com\\\/magazine365\\\/los-siete-ministros-de-turismo-de-centroamerica-inauguran-su-stand-con-muchas-expectativas\\\/#webpage\"},\"articleSection\":\"Noticias y Actualidad\"},{\"@type\":\"BreadcrumbList\",\"@id\":\"https:\\\/\\\/eldigitaldeasturias.com\\\/magazine365\\\/los-siete-ministros-de-turismo-de-centroamerica-inauguran-su-stand-con-muchas-expectativas\\\/#breadcrumblist\",\"itemListElement\":[{\"@type\":\"ListItem\",\"@id\":\"https:\\\/\\\/eldigitaldeasturias.com\\\/magazine365#listItem\",\"position\":1,\"name\":\"Home\",\"item\":\"https:\\\/\\\/eldigitaldeasturias.com\\\/magazine365\",\"nextItem\":{\"@type\":\"ListItem\",\"@id\":\"https:\\\/\\\/eldigitaldeasturias.com\\\/magazine365\\\/category\\\/noticias-actualidad\\\/#listItem\",\"name\":\"Noticias y Actualidad\"}},{\"@type\":\"ListItem\",\"@id\":\"https:\\\/\\\/eldigitaldeasturias.com\\\/magazine365\\\/category\\\/noticias-actualidad\\\/#listItem\",\"position\":2,\"name\":\"Noticias y Actualidad\",\"item\":\"https:\\\/\\\/eldigitaldeasturias.com\\\/magazine365\\\/category\\\/noticias-actualidad\\\/\",\"nextItem\":{\"@type\":\"ListItem\",\"@id\":\"https:\\\/\\\/eldigitaldeasturias.com\\\/magazine365\\\/los-siete-ministros-de-turismo-de-centroamerica-inauguran-su-stand-con-muchas-expectativas\\\/#listItem\",\"name\":\"Los siete ministros de Turismo de Centroam\\u00e9rica inauguran su stand con \\u00abmuchas expectativas\\u00bb\"},\"previousItem\":{\"@type\":\"ListItem\",\"@id\":\"https:\\\/\\\/eldigitaldeasturias.com\\\/magazine365#listItem\",\"name\":\"Home\"}},{\"@type\":\"ListItem\",\"@id\":\"https:\\\/\\\/eldigitaldeasturias.com\\\/magazine365\\\/los-siete-ministros-de-turismo-de-centroamerica-inauguran-su-stand-con-muchas-expectativas\\\/#listItem\",\"position\":3,\"name\":\"Los siete ministros de Turismo de Centroam\\u00e9rica inauguran su stand con \\u00abmuchas expectativas\\u00bb\",\"previousItem\":{\"@type\":\"ListItem\",\"@id\":\"https:\\\/\\\/eldigitaldeasturias.com\\\/magazine365\\\/category\\\/noticias-actualidad\\\/#listItem\",\"name\":\"Noticias y Actualidad\"}}]},{\"@type\":\"Organization\",\"@id\":\"https:\\\/\\\/eldigitaldeasturias.com\\\/magazine365\\\/#organization\",\"name\":\"El digital de Asturias\",\"description\":\"Revista de ocio, turismo y estilo de vida\",\"url\":\"https:\\\/\\\/eldigitaldeasturias.com\\\/magazine365\\\/\",\"logo\":{\"@type\":\"ImageObject\",\"url\":\"https:\\\/\\\/www.eldigitaldeasturias.com\\\/noticias\\\/wp-content\\\/uploads\\\/2020\\\/12\\\/EDA.jpg\",\"@id\":\"https:\\\/\\\/eldigitaldeasturias.com\\\/magazine365\\\/los-siete-ministros-de-turismo-de-centroamerica-inauguran-su-stand-con-muchas-expectativas\\\/#organizationLogo\"},\"image\":{\"@id\":\"https:\\\/\\\/eldigitaldeasturias.com\\\/magazine365\\\/los-siete-ministros-de-turismo-de-centroamerica-inauguran-su-stand-con-muchas-expectativas\\\/#organizationLogo\"}},{\"@type\":\"Person\",\"@id\":\"https:\\\/\\\/eldigitaldeasturias.com\\\/magazine365\\\/author\\\/admin\\\/#author\",\"url\":\"https:\\\/\\\/eldigitaldeasturias.com\\\/magazine365\\\/author\\\/admin\\\/\",\"name\":\"admin\",\"image\":{\"@type\":\"ImageObject\",\"@id\":\"https:\\\/\\\/eldigitaldeasturias.com\\\/magazine365\\\/los-siete-ministros-de-turismo-de-centroamerica-inauguran-su-stand-con-muchas-expectativas\\\/#authorImage\",\"url\":\"https:\\\/\\\/eldigitaldeasturias.com\\\/magazine365\\\/wp-content\\\/litespeed\\\/avatar\\\/e571bcf59a0edd6fa6838245a470f2fe.jpg?ver=1776969259\",\"width\":96,\"height\":96,\"caption\":\"admin\"}},{\"@type\":\"WebPage\",\"@id\":\"https:\\\/\\\/eldigitaldeasturias.com\\\/magazine365\\\/los-siete-ministros-de-turismo-de-centroamerica-inauguran-su-stand-con-muchas-expectativas\\\/#webpage\",\"url\":\"https:\\\/\\\/eldigitaldeasturias.com\\\/magazine365\\\/los-siete-ministros-de-turismo-de-centroamerica-inauguran-su-stand-con-muchas-expectativas\\\/\",\"name\":\"Los siete ministros de Turismo de Centroam\\u00e9rica inauguran su stand con \\u00abmuchas expectativas\\u00bb | El Digital de Asturias\",\"description\":\"Honduras, Costa Rica, Panam\\u00e1, Nicaragua, Guatemala, El Salvador y Belice llevan a\\u00f1os promocion\\u00e1ndose como regi\\u00f3n, como un todo, en lugar de hacerlo como pa\\u00edses independientes, ya que consideran que juntos tienen m\\u00e1s potencial y son un mayor atractivo para el turismo. As\\u00ed lo ha confirmado este mi\\u00e9rcoles en Fitur el ministro de Turismo de Honduras,\",\"inLanguage\":\"es-ES\",\"isPartOf\":{\"@id\":\"https:\\\/\\\/eldigitaldeasturias.com\\\/magazine365\\\/#website\"},\"breadcrumb\":{\"@id\":\"https:\\\/\\\/eldigitaldeasturias.com\\\/magazine365\\\/los-siete-ministros-de-turismo-de-centroamerica-inauguran-su-stand-con-muchas-expectativas\\\/#breadcrumblist\"},\"author\":{\"@id\":\"https:\\\/\\\/eldigitaldeasturias.com\\\/magazine365\\\/author\\\/admin\\\/#author\"},\"creator\":{\"@id\":\"https:\\\/\\\/eldigitaldeasturias.com\\\/magazine365\\\/author\\\/admin\\\/#author\"},\"image\":{\"@type\":\"ImageObject\",\"url\":\"https:\\\/\\\/eldigitaldeasturias.com\\\/magazine365\\\/wp-content\\\/uploads\\\/2016\\\/01\\\/fotonoticia_20160120153255_800.jpg\",\"@id\":\"https:\\\/\\\/eldigitaldeasturias.com\\\/magazine365\\\/los-siete-ministros-de-turismo-de-centroamerica-inauguran-su-stand-con-muchas-expectativas\\\/#mainImage\",\"width\":800,\"height\":450},\"primaryImageOfPage\":{\"@id\":\"https:\\\/\\\/eldigitaldeasturias.com\\\/magazine365\\\/los-siete-ministros-de-turismo-de-centroamerica-inauguran-su-stand-con-muchas-expectativas\\\/#mainImage\"},\"datePublished\":\"2016-01-22T17:46:13+01:00\",\"dateModified\":\"2016-01-22T17:46:13+01:00\"},{\"@type\":\"WebSite\",\"@id\":\"https:\\\/\\\/eldigitaldeasturias.com\\\/magazine365\\\/#website\",\"url\":\"https:\\\/\\\/eldigitaldeasturias.com\\\/magazine365\\\/\",\"name\":\"El Digital de Asturias\",\"description\":\"Revista de ocio, turismo y estilo de vida\",\"inLanguage\":\"es-ES\",\"publisher\":{\"@id\":\"https:\\\/\\\/eldigitaldeasturias.com\\\/magazine365\\\/#organization\"}}]}\n\t\t<\/script>\n\t\t<!-- All in One SEO Pro -->\r\n\t\t<title>Los siete ministros de Turismo de Centroam\u00e9rica inauguran su stand con \u00abmuchas expectativas\u00bb | El Digital de Asturias<\/title>\n\n","aioseo_head_json":{"title":"Los siete ministros de Turismo de Centroam\u00e9rica inauguran su stand con \u00abmuchas expectativas\u00bb | El Digital de Asturias","description":"Honduras, Costa Rica, Panam\u00e1, Nicaragua, Guatemala, El Salvador y Belice llevan a\u00f1os promocion\u00e1ndose como regi\u00f3n, como un todo, en lugar de hacerlo como pa\u00edses independientes, ya que consideran que juntos tienen m\u00e1s potencial y son un mayor atractivo para el turismo. As\u00ed lo ha confirmado este mi\u00e9rcoles en Fitur el ministro de Turismo de Honduras,","canonical_url":"https:\/\/eldigitaldeasturias.com\/magazine365\/los-siete-ministros-de-turismo-de-centroamerica-inauguran-su-stand-con-muchas-expectativas\/","robots":"max-image-preview:large","keywords":"noticias y actualidad","webmasterTools":{"google-site-verification":"UA-38556648-1","miscellaneous":""},"schema":{"@context":"https:\/\/schema.org","@graph":[{"@type":"Article","@id":"https:\/\/eldigitaldeasturias.com\/magazine365\/los-siete-ministros-de-turismo-de-centroamerica-inauguran-su-stand-con-muchas-expectativas\/#article","name":"Los siete ministros de Turismo de Centroam\u00e9rica inauguran su stand con \u00abmuchas expectativas\u00bb | El Digital de Asturias","headline":"Los siete ministros de Turismo de Centroam\u00e9rica inauguran su stand con \u00abmuchas expectativas\u00bb","author":{"@id":"https:\/\/eldigitaldeasturias.com\/magazine365\/author\/admin\/#author"},"publisher":{"@id":"https:\/\/eldigitaldeasturias.com\/magazine365\/#organization"},"image":{"@type":"ImageObject","url":"https:\/\/eldigitaldeasturias.com\/magazine365\/wp-content\/uploads\/2016\/01\/fotonoticia_20160120153255_800.jpg","width":800,"height":450},"datePublished":"2016-01-22T17:46:13+01:00","dateModified":"2016-01-22T17:46:13+01:00","inLanguage":"es-ES","mainEntityOfPage":{"@id":"https:\/\/eldigitaldeasturias.com\/magazine365\/los-siete-ministros-de-turismo-de-centroamerica-inauguran-su-stand-con-muchas-expectativas\/#webpage"},"isPartOf":{"@id":"https:\/\/eldigitaldeasturias.com\/magazine365\/los-siete-ministros-de-turismo-de-centroamerica-inauguran-su-stand-con-muchas-expectativas\/#webpage"},"articleSection":"Noticias y Actualidad"},{"@type":"BreadcrumbList","@id":"https:\/\/eldigitaldeasturias.com\/magazine365\/los-siete-ministros-de-turismo-de-centroamerica-inauguran-su-stand-con-muchas-expectativas\/#breadcrumblist","itemListElement":[{"@type":"ListItem","@id":"https:\/\/eldigitaldeasturias.com\/magazine365#listItem","position":1,"name":"Home","item":"https:\/\/eldigitaldeasturias.com\/magazine365","nextItem":{"@type":"ListItem","@id":"https:\/\/eldigitaldeasturias.com\/magazine365\/category\/noticias-actualidad\/#listItem","name":"Noticias y Actualidad"}},{"@type":"ListItem","@id":"https:\/\/eldigitaldeasturias.com\/magazine365\/category\/noticias-actualidad\/#listItem","position":2,"name":"Noticias y Actualidad","item":"https:\/\/eldigitaldeasturias.com\/magazine365\/category\/noticias-actualidad\/","nextItem":{"@type":"ListItem","@id":"https:\/\/eldigitaldeasturias.com\/magazine365\/los-siete-ministros-de-turismo-de-centroamerica-inauguran-su-stand-con-muchas-expectativas\/#listItem","name":"Los siete ministros de Turismo de Centroam\u00e9rica inauguran su stand con \u00abmuchas expectativas\u00bb"},"previousItem":{"@type":"ListItem","@id":"https:\/\/eldigitaldeasturias.com\/magazine365#listItem","name":"Home"}},{"@type":"ListItem","@id":"https:\/\/eldigitaldeasturias.com\/magazine365\/los-siete-ministros-de-turismo-de-centroamerica-inauguran-su-stand-con-muchas-expectativas\/#listItem","position":3,"name":"Los siete ministros de Turismo de Centroam\u00e9rica inauguran su stand con \u00abmuchas expectativas\u00bb","previousItem":{"@type":"ListItem","@id":"https:\/\/eldigitaldeasturias.com\/magazine365\/category\/noticias-actualidad\/#listItem","name":"Noticias y Actualidad"}}]},{"@type":"Organization","@id":"https:\/\/eldigitaldeasturias.com\/magazine365\/#organization","name":"El digital de Asturias","description":"Revista de ocio, turismo y estilo de vida","url":"https:\/\/eldigitaldeasturias.com\/magazine365\/","logo":{"@type":"ImageObject","url":"https:\/\/www.eldigitaldeasturias.com\/noticias\/wp-content\/uploads\/2020\/12\/EDA.jpg","@id":"https:\/\/eldigitaldeasturias.com\/magazine365\/los-siete-ministros-de-turismo-de-centroamerica-inauguran-su-stand-con-muchas-expectativas\/#organizationLogo"},"image":{"@id":"https:\/\/eldigitaldeasturias.com\/magazine365\/los-siete-ministros-de-turismo-de-centroamerica-inauguran-su-stand-con-muchas-expectativas\/#organizationLogo"}},{"@type":"Person","@id":"https:\/\/eldigitaldeasturias.com\/magazine365\/author\/admin\/#author","url":"https:\/\/eldigitaldeasturias.com\/magazine365\/author\/admin\/","name":"admin","image":{"@type":"ImageObject","@id":"https:\/\/eldigitaldeasturias.com\/magazine365\/los-siete-ministros-de-turismo-de-centroamerica-inauguran-su-stand-con-muchas-expectativas\/#authorImage","url":"https:\/\/eldigitaldeasturias.com\/magazine365\/wp-content\/litespeed\/avatar\/e571bcf59a0edd6fa6838245a470f2fe.jpg?ver=1776969259","width":96,"height":96,"caption":"admin"}},{"@type":"WebPage","@id":"https:\/\/eldigitaldeasturias.com\/magazine365\/los-siete-ministros-de-turismo-de-centroamerica-inauguran-su-stand-con-muchas-expectativas\/#webpage","url":"https:\/\/eldigitaldeasturias.com\/magazine365\/los-siete-ministros-de-turismo-de-centroamerica-inauguran-su-stand-con-muchas-expectativas\/","name":"Los siete ministros de Turismo de Centroam\u00e9rica inauguran su stand con \u00abmuchas expectativas\u00bb | El Digital de Asturias","description":"Honduras, Costa Rica, Panam\u00e1, Nicaragua, Guatemala, El Salvador y Belice llevan a\u00f1os promocion\u00e1ndose como regi\u00f3n, como un todo, en lugar de hacerlo como pa\u00edses independientes, ya que consideran que juntos tienen m\u00e1s potencial y son un mayor atractivo para el turismo. As\u00ed lo ha confirmado este mi\u00e9rcoles en Fitur el ministro de Turismo de Honduras,","inLanguage":"es-ES","isPartOf":{"@id":"https:\/\/eldigitaldeasturias.com\/magazine365\/#website"},"breadcrumb":{"@id":"https:\/\/eldigitaldeasturias.com\/magazine365\/los-siete-ministros-de-turismo-de-centroamerica-inauguran-su-stand-con-muchas-expectativas\/#breadcrumblist"},"author":{"@id":"https:\/\/eldigitaldeasturias.com\/magazine365\/author\/admin\/#author"},"creator":{"@id":"https:\/\/eldigitaldeasturias.com\/magazine365\/author\/admin\/#author"},"image":{"@type":"ImageObject","url":"https:\/\/eldigitaldeasturias.com\/magazine365\/wp-content\/uploads\/2016\/01\/fotonoticia_20160120153255_800.jpg","@id":"https:\/\/eldigitaldeasturias.com\/magazine365\/los-siete-ministros-de-turismo-de-centroamerica-inauguran-su-stand-con-muchas-expectativas\/#mainImage","width":800,"height":450},"primaryImageOfPage":{"@id":"https:\/\/eldigitaldeasturias.com\/magazine365\/los-siete-ministros-de-turismo-de-centroamerica-inauguran-su-stand-con-muchas-expectativas\/#mainImage"},"datePublished":"2016-01-22T17:46:13+01:00","dateModified":"2016-01-22T17:46:13+01:00"},{"@type":"WebSite","@id":"https:\/\/eldigitaldeasturias.com\/magazine365\/#website","url":"https:\/\/eldigitaldeasturias.com\/magazine365\/","name":"El Digital de Asturias","description":"Revista de ocio, turismo y estilo de vida","inLanguage":"es-ES","publisher":{"@id":"https:\/\/eldigitaldeasturias.com\/magazine365\/#organization"}}]},"og:locale":"es_ES","og:site_name":"El Digital de Asturias \u2013 Revista de ocio, turismo y estilo de vida","og:type":"article","og:title":"Los siete ministros de Turismo de Centroam\u00e9rica inauguran su stand con \u00abmuchas expectativas\u00bb | El Digital de Asturias","og:description":"Honduras, Costa Rica, Panam\u00e1, Nicaragua, Guatemala, El Salvador y Belice llevan a\u00f1os promocion\u00e1ndose como regi\u00f3n, como un todo, en lugar de hacerlo como pa\u00edses independientes, ya que consideran que juntos tienen m\u00e1s potencial y son un mayor atractivo para el turismo. As\u00ed lo ha confirmado este mi\u00e9rcoles en Fitur el ministro de Turismo de Honduras,","og:url":"https:\/\/eldigitaldeasturias.com\/magazine365\/los-siete-ministros-de-turismo-de-centroamerica-inauguran-su-stand-con-muchas-expectativas\/","og:image":"https:\/\/eldigitaldeasturias.com\/magazine365\/wp-content\/uploads\/2016\/01\/fotonoticia_20160120153255_800.jpg","og:image:secure_url":"https:\/\/eldigitaldeasturias.com\/magazine365\/wp-content\/uploads\/2016\/01\/fotonoticia_20160120153255_800.jpg","og:image:width":800,"og:image:height":450,"article:published_time":"2016-01-22T16:46:13+00:00","article:modified_time":"2016-01-22T16:46:13+00:00","twitter:card":"summary_large_image","twitter:title":"Los siete ministros de Turismo de Centroam\u00e9rica inauguran su stand con \u00abmuchas expectativas\u00bb | El Digital de Asturias","twitter:description":"Honduras, Costa Rica, Panam\u00e1, Nicaragua, Guatemala, El Salvador y Belice llevan a\u00f1os promocion\u00e1ndose como regi\u00f3n, como un todo, en lugar de hacerlo como pa\u00edses independientes, ya que consideran que juntos tienen m\u00e1s potencial y son un mayor atractivo para el turismo. As\u00ed lo ha confirmado este mi\u00e9rcoles en Fitur el ministro de Turismo de Honduras,","twitter:image":"https:\/\/eldigitaldeasturias.com\/magazine365\/wp-content\/uploads\/2016\/01\/fotonoticia_20160120153255_800.jpg"},"aioseo_meta_data":{"post_id":"61393","title":null,"description":null,"keywords":null,"keyphrases":null,"primary_term":null,"canonical_url":null,"og_title":null,"og_description":null,"og_object_type":"default","og_image_type":"default","og_image_url":null,"og_image_width":null,"og_image_height":null,"og_image_custom_url":null,"og_image_custom_fields":null,"og_video":null,"og_custom_url":null,"og_article_section":null,"og_article_tags":null,"twitter_use_og":false,"twitter_card":"default","twitter_image_type":"default","twitter_image_url":null,"twitter_image_custom_url":null,"twitter_image_custom_fields":null,"twitter_title":null,"twitter_description":null,"schema":{"blockGraphs":[],"customGraphs":[],"default":{"data":{"Article":[],"Course":[],"Dataset":[],"FAQPage":[],"Movie":[],"Person":[],"Product":[],"ProductReview":[],"Car":[],"Recipe":[],"Service":[],"SoftwareApplication":[],"WebPage":[]},"graphName":"","isEnabled":true},"graphs":[],"defaultGraph":"","defaultPostTypeGraph":""},"schema_type":null,"schema_type_options":null,"pillar_content":false,"robots_default":true,"robots_noindex":false,"robots_noarchive":false,"robots_nosnippet":false,"robots_nofollow":false,"robots_noimageindex":false,"robots_noodp":false,"robots_notranslate":false,"robots_max_snippet":null,"robots_max_videopreview":null,"robots_max_imagepreview":"large","priority":null,"frequency":null,"location":null,"local_seo":null,"seo_analyzer_scan_date":"2025-09-25 08:52:21","breadcrumb_settings":null,"limit_modified_date":false,"open_ai":null,"ai":null,"created":"2021-03-08 21:50:00","updated":"2025-09-25 08:52:21"},"aioseo_breadcrumb":"<div class=\"aioseo-breadcrumbs\"><span class=\"aioseo-breadcrumb\">\n\t<a href=\"https:\/\/eldigitaldeasturias.com\/magazine365\" title=\"Home\">Home<\/a>\n<\/span><span class=\"aioseo-breadcrumb-separator\">\u2013<\/span><span class=\"aioseo-breadcrumb\">\n\t<a href=\"https:\/\/eldigitaldeasturias.com\/magazine365\/category\/noticias-actualidad\/\" title=\"Noticias y Actualidad\">Noticias y Actualidad<\/a>\n<\/span><span class=\"aioseo-breadcrumb-separator\">\u2013<\/span><span class=\"aioseo-breadcrumb\">\n\t<a href=\"https:\/\/eldigitaldeasturias.com\/magazine365\/los-siete-ministros-de-turismo-de-centroamerica-inauguran-su-stand-con-muchas-expectativas\/\" title=\"Los siete ministros de Turismo de Centroam\u00e9rica inauguran su stand con \u00abmuchas expectativas\u00bb\">Los siete ministros de Turismo de Centroam\u00e9rica inauguran su stand con \u00abmuchas expectativas\u00bb<\/a>\n<\/span><\/div>","aioseo_breadcrumb_json":[{"label":"Home","link":"https:\/\/eldigitaldeasturias.com\/magazine365"},{"label":"Noticias y Actualidad","link":"https:\/\/eldigitaldeasturias.com\/magazine365\/category\/noticias-actualidad\/"},{"label":"Los siete ministros de Turismo de Centroam\u00e9rica inauguran su stand con \u00abmuchas expectativas\u00bb","link":"https:\/\/eldigitaldeasturias.com\/magazine365\/los-siete-ministros-de-turismo-de-centroamerica-inauguran-su-stand-con-muchas-expectativas\/"}],"_links":{"self":[{"href":"https:\/\/eldigitaldeasturias.com\/magazine365\/wp-json\/wp\/v2\/posts\/61393","targetHints":{"allow":["GET"]}}],"collection":[{"href":"https:\/\/eldigitaldeasturias.com\/magazine365\/wp-json\/wp\/v2\/posts"}],"about":[{"href":"https:\/\/eldigitaldeasturias.com\/magazine365\/wp-json\/wp\/v2\/types\/post"}],"author":[{"embeddable":true,"href":"https:\/\/eldigitaldeasturias.com\/magazine365\/wp-json\/wp\/v2\/users\/1"}],"replies":[{"embeddable":true,"href":"https:\/\/eldigitaldeasturias.com\/magazine365\/wp-json\/wp\/v2\/comments?post=61393"}],"version-history":[{"count":0,"href":"https:\/\/eldigitaldeasturias.com\/magazine365\/wp-json\/wp\/v2\/posts\/61393\/revisions"}],"wp:featuredmedia":[{"embeddable":true,"href":"https:\/\/eldigitaldeasturias.com\/magazine365\/wp-json\/wp\/v2\/media\/61394"}],"wp:attachment":[{"href":"https:\/\/eldigitaldeasturias.com\/magazine365\/wp-json\/wp\/v2\/media?parent=61393"}],"wp:term":[{"taxonomy":"category","embeddable":true,"href":"https:\/\/eldigitaldeasturias.com\/magazine365\/wp-json\/wp\/v2\/categories?post=61393"},{"taxonomy":"post_tag","embeddable":true,"href":"https:\/\/eldigitaldeasturias.com\/magazine365\/wp-json\/wp\/v2\/tags?post=61393"}],"curies":[{"name":"wp","href":"https:\/\/api.w.org\/{rel}","templated":true}]}}