{"id":61390,"date":"2016-01-22T17:45:28","date_gmt":"2016-01-22T16:45:28","guid":{"rendered":"http:\/\/eldigitaldeasturias.com\/magazine365\/?p=61390"},"modified":"2016-01-22T17:45:28","modified_gmt":"2016-01-22T16:45:28","slug":"navarra-lanza-en-el-primer-dia-una-publicacion-para-explorar-el-corazon-de-navarra","status":"publish","type":"post","link":"https:\/\/eldigitaldeasturias.com\/magazine365\/navarra-lanza-en-el-primer-dia-una-publicacion-para-explorar-el-corazon-de-navarra\/","title":{"rendered":"Navarra lanza en el primer d\u00eda una publicaci\u00f3n para \u00abexplorar el coraz\u00f3n de Navarra\u00bb"},"content":{"rendered":"<p><img fetchpriority=\"high\" decoding=\"async\" class=\"alignleft size-medium wp-image-61391\" src=\"https:\/\/eldigitaldeasturias.com\/magazine365\/wp-content\/uploads\/2016\/01\/fotonoticia_20160120153201_800-219x300.jpg\" alt=\"fotonoticia_20160120153201_800\" width=\"219\" height=\"300\" srcset=\"https:\/\/eldigitaldeasturias.com\/magazine365\/wp-content\/uploads\/2016\/01\/fotonoticia_20160120153201_800-219x300.jpg 219w, https:\/\/eldigitaldeasturias.com\/magazine365\/wp-content\/uploads\/2016\/01\/fotonoticia_20160120153201_800-468x640.jpg 468w, https:\/\/eldigitaldeasturias.com\/magazine365\/wp-content\/uploads\/2016\/01\/fotonoticia_20160120153201_800-768x1051.jpg 768w, https:\/\/eldigitaldeasturias.com\/magazine365\/wp-content\/uploads\/2016\/01\/fotonoticia_20160120153201_800-150x205.jpg 150w, https:\/\/eldigitaldeasturias.com\/magazine365\/wp-content\/uploads\/2016\/01\/fotonoticia_20160120153201_800-450x616.jpg 450w, https:\/\/eldigitaldeasturias.com\/magazine365\/wp-content\/uploads\/2016\/01\/fotonoticia_20160120153201_800-696x953.jpg 696w, https:\/\/eldigitaldeasturias.com\/magazine365\/wp-content\/uploads\/2016\/01\/fotonoticia_20160120153201_800-307x420.jpg 307w, https:\/\/eldigitaldeasturias.com\/magazine365\/wp-content\/uploads\/2016\/01\/fotonoticia_20160120153201_800.jpg 800w\" sizes=\"(max-width: 219px) 100vw, 219px\" \/>El Gobierno de Navarra ha editado una publicaci\u00f3n de alta calidad que contiene las citas y recursos imprescindibles para \u00abexplorar el coraz\u00f3n\u00bb de la Comunidad foral. Dirigida a profesionales del sector y operadores tur\u00edsticos, incluye las citas imprescindibles de cada mes y de cada recurso tur\u00edstico y recoge las \u00abmil maneras\u00bb de descubrir Navarra: turismo cultural, naturaleza, turismo rural, gastronom\u00eda y vinos, fiestas y tradiciones, etc.<\/p>\n<p>La Direcci\u00f3n General de Turismo y Comercio del Gobierno foral ha transformado el anuario sobre el sector que editaba todos los a\u00f1os en una publicaci\u00f3n con enfoque comercial. Para la feria de Fitur, se han impreso 200 ejemplares, si bien la tirada se ampliar\u00e1 en los pr\u00f3ximos meses. Se trata de 52 p\u00e1ginas a todo color, con una cuidada fotograf\u00eda, ha informado el Ejecutivo en un comunicado.<\/p>\n<p>Tem\u00e1ticamente, la publicaci\u00f3n se estructura en cuatro bloques. El primero contiene el \u00abcalendario para explorar el coraz\u00f3n de Navarra\u00bb, con eventos culturales, deportivos, gastron\u00f3micos. Se destacan once propuestas: &#8216;La magia y el colorido del carnaval&#8217;, &#8216;Una Semana Santa con mucha Historia&#8217;, &#8216;La Feria de las Verduras&#8217;, vinculado a la primavera, &#8216;Un paseo por las V\u00edas Verdes&#8217;, &#8216;La noche de San Juan&#8217;, &#8216;Sanfermines: estalla la fiesta&#8217;, &#8216;Regreso al pasado medieval&#8217;, &#8216;\u00c9poca de vendimia&#8217;, &#8216;Un para\u00edso micol\u00f3gico llamado Navarra&#8217; y &#8216;Tradiciones y ritos para despedir el a\u00f1o&#8217;.<\/p>\n<p>El segundo bloque centra la atenci\u00f3n en los 25 a\u00f1os de turismo rural en Navarra, para \u00abreflejar el buen estado de forma de una red de alojamientos pionera en Espa\u00f1a\u00bb, ha a\u00f1adido el Ejecutivo.<\/p>\n<p>El tercero detalla propuestas para descubrir Navarra: Camino de Santiago, Pirineos, Sanfermines, naturaleza, Circuito de Navarra y motorrutas, observaci\u00f3n de aves, turismo religioso, gastronom\u00eda, castillos y fortalezas, Hemingway, brujer\u00eda, etc. Por \u00faltimo, la gu\u00eda muestra los contactos de Turismo del Gobierno de Navarra y otros recursos (oficinas de turismo).<\/p>\n<p>TAN NATURAL COMO RESPIRAR<\/p>\n<p>El Gobierno de Navarra ha organizado m\u00e1s de una veintena de actos y presentaciones en el stand de la Comunidad foral. Este mi\u00e9rcoles 20 de enero, el stand centra su actividad en la promoci\u00f3n del turismo cultural y de naturaleza. El jueves difundir\u00e1 novedades gastron\u00f3micas y deportivas y el d\u00eda 22, viernes, tendr\u00e1 lugar la celebraci\u00f3n de D\u00eda de Navarra, con asistencia de la presidenta de Navarra, Uxue Barkos, el vicepresidente de Desarrollo Econ\u00f3mico, Manu Ayerdi, y la consejera de Desarrollo Rural. Barkos mantendr\u00e1 una reuni\u00f3n con el sector p\u00fablico-privado y se celebrar\u00e1 el 25 aniversario del turismo rural.<\/p>\n<p>A primera hora de la tarde se presentar\u00e1 la s\u00e9ptima edici\u00f3n del Congreso Internacional de Turismo Rural Reyno de Navarra, organizado por el Gobierno de Navarra, la Federaci\u00f3n de Turismo Rural de Navarra y Ferias de Navarra, que se celebrar\u00e1 los d\u00edas 25 y 26 de febrero en Pamplona bajo el lema &#8216;La importancia de la diversificaci\u00f3n: turismo rural kil\u00f3metro cero y turismo activo&#8217;.<\/p>\n<p>Consorcio Eder (16,30 horas) da a conocer los recursos tur\u00edsticos m\u00e1s significativos de la Ribera: los sotos de los r\u00edos Ebro, Arga y Arag\u00f3n; Bardenas; calzada romana, monasterios, castillos, iglesias; y las tradiciones (Semana Santa, Paloteado, encierro de Pil\u00f3n, etc), sin olvidar las propuestas gastron\u00f3micas, de la huerta a la mesa y relax.<\/p>\n<p>Por su parte, el Consorcio Tur\u00edstico Tierra Estella &#8211; Lizarraldea (17 horas) presenta en Madrid un v\u00eddeo promocional, un v\u00eddeo corporativo y cuatro documentales de 10-15 minutos sobre los cuatro bloques tem\u00e1ticos tur\u00edsticos que cuenta Tierra Estella: Paisaje y Naturaleza, Arte y Patrimonio, Vino y Gastronom\u00eda y Fiestas y Tradiciones. Cada reportaje tiene una duraci\u00f3n de entre 10 y 15 minutos.<\/p>\n<p>El Centro de Arte Contempor\u00e1neo de Huarte acude (17,30 horas) para remarcar la importancia de Navarra en arte contempor\u00e1neo. Y en particular, para divulgar la particularidad del Centro de Huarte. Su presentaci\u00f3n lleva por t\u00edtulo &#8216;Respirando arte contempor\u00e1neo&#8217;, puesto que la relaci\u00f3n entre personas y arte contempor\u00e1neo es \u00abtan natural como respirar\u00bb.<\/p>\n<p>Irrisarri Land (18,30 horas) lanza ofertas por alojamiento, actividades y restauraci\u00f3n en colaboraci\u00f3n con otros agentes del sector, a los que proporcionar\u00e1 descuentos para los clientes que visiten las instalaciones.<\/p>\n<p>Finalmente, si bien en Fitur no se suelen presentar alojamientos, Arantza Hotela, en su segundo aniversario, presenta su hotel y los apartamentos de lujo Patxikunborda, con unos espacios y servicios singulares que ya est\u00e1n siendo reconocidos por el sector: la revista Cond\u00e9 Nast Traveler lo ha nominado por segunda vez como mejor hotel no urbano, y tambi\u00e9n ha sido incluido en la Gu\u00eda del Lujo y la Excelencia en Espa\u00f1a 2016.<\/p>\n","protected":false},"excerpt":{"rendered":"<p>El Gobierno de Navarra ha editado una publicaci\u00f3n de alta calidad que contiene las citas y recursos imprescindibles para \u00abexplorar el coraz\u00f3n\u00bb de la Comunidad foral. Dirigida a profesionales del sector y operadores tur\u00edsticos, incluye las citas imprescindibles de cada mes y de cada recurso tur\u00edstico y recoge las \u00abmil maneras\u00bb de descubrir Navarra: turismo<\/p>\n","protected":false},"author":1,"featured_media":61391,"comment_status":"open","ping_status":"closed","sticky":false,"template":"","format":"standard","meta":{"footnotes":""},"categories":[224],"tags":[],"class_list":{"0":"post-61390","1":"post","2":"type-post","3":"status-publish","4":"format-standard","5":"has-post-thumbnail","7":"category-noticias-actualidad"},"aioseo_notices":[],"aioseo_head":"\n\t\t<!-- All in One SEO Pro 4.9.6.1 - aioseo.com -->\n\t<meta name=\"description\" content=\"El Gobierno de Navarra ha editado una publicaci\u00f3n de alta calidad que contiene las citas y recursos imprescindibles para &quot;explorar el coraz\u00f3n&quot; de la Comunidad foral. Dirigida a profesionales del sector y operadores tur\u00edsticos, incluye las citas imprescindibles de cada mes y de cada recurso tur\u00edstico y recoge las &quot;mil maneras&quot; de descubrir Navarra: turismo\" \/>\n\t<meta name=\"robots\" content=\"max-image-preview:large\" \/>\n\t<meta name=\"author\" content=\"admin\"\/>\n\t<meta name=\"google-site-verification\" content=\"UA-38556648-1\" \/>\n\t<meta name=\"keywords\" content=\"noticias y actualidad\" \/>\n\t<link rel=\"canonical\" href=\"https:\/\/eldigitaldeasturias.com\/magazine365\/navarra-lanza-en-el-primer-dia-una-publicacion-para-explorar-el-corazon-de-navarra\/\" \/>\n\t<meta name=\"generator\" content=\"All in One SEO Pro (AIOSEO) 4.9.6.1\" \/>\n\t\t<meta property=\"og:locale\" content=\"es_ES\" \/>\n\t\t<meta property=\"og:site_name\" content=\"El Digital de Asturias \u2013 Revista de ocio, turismo y estilo de vida\" \/>\n\t\t<meta property=\"og:type\" content=\"article\" \/>\n\t\t<meta property=\"og:title\" content=\"Navarra lanza en el primer d\u00eda una publicaci\u00f3n para \u00abexplorar el coraz\u00f3n de Navarra\u00bb | El Digital de Asturias\" \/>\n\t\t<meta property=\"og:description\" content=\"El Gobierno de Navarra ha editado una publicaci\u00f3n de alta calidad que contiene las citas y recursos imprescindibles para &quot;explorar el coraz\u00f3n&quot; de la Comunidad foral. Dirigida a profesionales del sector y operadores tur\u00edsticos, incluye las citas imprescindibles de cada mes y de cada recurso tur\u00edstico y recoge las &quot;mil maneras&quot; de descubrir Navarra: turismo\" \/>\n\t\t<meta property=\"og:url\" content=\"https:\/\/eldigitaldeasturias.com\/magazine365\/navarra-lanza-en-el-primer-dia-una-publicacion-para-explorar-el-corazon-de-navarra\/\" \/>\n\t\t<meta property=\"og:image\" content=\"https:\/\/eldigitaldeasturias.com\/magazine365\/wp-content\/uploads\/2016\/01\/fotonoticia_20160120153201_800.jpg\" \/>\n\t\t<meta property=\"og:image:secure_url\" content=\"https:\/\/eldigitaldeasturias.com\/magazine365\/wp-content\/uploads\/2016\/01\/fotonoticia_20160120153201_800.jpg\" \/>\n\t\t<meta property=\"og:image:width\" content=\"800\" \/>\n\t\t<meta property=\"og:image:height\" content=\"1095\" \/>\n\t\t<meta property=\"article:published_time\" content=\"2016-01-22T16:45:28+00:00\" \/>\n\t\t<meta property=\"article:modified_time\" content=\"2016-01-22T16:45:28+00:00\" \/>\n\t\t<meta name=\"twitter:card\" content=\"summary_large_image\" \/>\n\t\t<meta name=\"twitter:title\" content=\"Navarra lanza en el primer d\u00eda una publicaci\u00f3n para \u00abexplorar el coraz\u00f3n de Navarra\u00bb | El Digital de Asturias\" \/>\n\t\t<meta name=\"twitter:description\" content=\"El Gobierno de Navarra ha editado una publicaci\u00f3n de alta calidad que contiene las citas y recursos imprescindibles para &quot;explorar el coraz\u00f3n&quot; de la Comunidad foral. Dirigida a profesionales del sector y operadores tur\u00edsticos, incluye las citas imprescindibles de cada mes y de cada recurso tur\u00edstico y recoge las &quot;mil maneras&quot; de descubrir Navarra: turismo\" \/>\n\t\t<meta name=\"twitter:image\" content=\"https:\/\/eldigitaldeasturias.com\/magazine365\/wp-content\/uploads\/2016\/01\/fotonoticia_20160120153201_800.jpg\" \/>\n\t\t<script type=\"application\/ld+json\" class=\"aioseo-schema\">\n\t\t\t{\"@context\":\"https:\\\/\\\/schema.org\",\"@graph\":[{\"@type\":\"Article\",\"@id\":\"https:\\\/\\\/eldigitaldeasturias.com\\\/magazine365\\\/navarra-lanza-en-el-primer-dia-una-publicacion-para-explorar-el-corazon-de-navarra\\\/#article\",\"name\":\"Navarra lanza en el primer d\\u00eda una publicaci\\u00f3n para \\u00abexplorar el coraz\\u00f3n de Navarra\\u00bb | El Digital de Asturias\",\"headline\":\"Navarra lanza en el primer d\\u00eda una publicaci\\u00f3n para \\u00abexplorar el coraz\\u00f3n de Navarra\\u00bb\",\"author\":{\"@id\":\"https:\\\/\\\/eldigitaldeasturias.com\\\/magazine365\\\/author\\\/admin\\\/#author\"},\"publisher\":{\"@id\":\"https:\\\/\\\/eldigitaldeasturias.com\\\/magazine365\\\/#organization\"},\"image\":{\"@type\":\"ImageObject\",\"url\":\"https:\\\/\\\/eldigitaldeasturias.com\\\/magazine365\\\/wp-content\\\/uploads\\\/2016\\\/01\\\/fotonoticia_20160120153201_800.jpg\",\"width\":800,\"height\":1095},\"datePublished\":\"2016-01-22T17:45:28+01:00\",\"dateModified\":\"2016-01-22T17:45:28+01:00\",\"inLanguage\":\"es-ES\",\"mainEntityOfPage\":{\"@id\":\"https:\\\/\\\/eldigitaldeasturias.com\\\/magazine365\\\/navarra-lanza-en-el-primer-dia-una-publicacion-para-explorar-el-corazon-de-navarra\\\/#webpage\"},\"isPartOf\":{\"@id\":\"https:\\\/\\\/eldigitaldeasturias.com\\\/magazine365\\\/navarra-lanza-en-el-primer-dia-una-publicacion-para-explorar-el-corazon-de-navarra\\\/#webpage\"},\"articleSection\":\"Noticias y Actualidad\"},{\"@type\":\"BreadcrumbList\",\"@id\":\"https:\\\/\\\/eldigitaldeasturias.com\\\/magazine365\\\/navarra-lanza-en-el-primer-dia-una-publicacion-para-explorar-el-corazon-de-navarra\\\/#breadcrumblist\",\"itemListElement\":[{\"@type\":\"ListItem\",\"@id\":\"https:\\\/\\\/eldigitaldeasturias.com\\\/magazine365#listItem\",\"position\":1,\"name\":\"Home\",\"item\":\"https:\\\/\\\/eldigitaldeasturias.com\\\/magazine365\",\"nextItem\":{\"@type\":\"ListItem\",\"@id\":\"https:\\\/\\\/eldigitaldeasturias.com\\\/magazine365\\\/category\\\/noticias-actualidad\\\/#listItem\",\"name\":\"Noticias y Actualidad\"}},{\"@type\":\"ListItem\",\"@id\":\"https:\\\/\\\/eldigitaldeasturias.com\\\/magazine365\\\/category\\\/noticias-actualidad\\\/#listItem\",\"position\":2,\"name\":\"Noticias y Actualidad\",\"item\":\"https:\\\/\\\/eldigitaldeasturias.com\\\/magazine365\\\/category\\\/noticias-actualidad\\\/\",\"nextItem\":{\"@type\":\"ListItem\",\"@id\":\"https:\\\/\\\/eldigitaldeasturias.com\\\/magazine365\\\/navarra-lanza-en-el-primer-dia-una-publicacion-para-explorar-el-corazon-de-navarra\\\/#listItem\",\"name\":\"Navarra lanza en el primer d\\u00eda una publicaci\\u00f3n para \\u00abexplorar el coraz\\u00f3n de Navarra\\u00bb\"},\"previousItem\":{\"@type\":\"ListItem\",\"@id\":\"https:\\\/\\\/eldigitaldeasturias.com\\\/magazine365#listItem\",\"name\":\"Home\"}},{\"@type\":\"ListItem\",\"@id\":\"https:\\\/\\\/eldigitaldeasturias.com\\\/magazine365\\\/navarra-lanza-en-el-primer-dia-una-publicacion-para-explorar-el-corazon-de-navarra\\\/#listItem\",\"position\":3,\"name\":\"Navarra lanza en el primer d\\u00eda una publicaci\\u00f3n para \\u00abexplorar el coraz\\u00f3n de Navarra\\u00bb\",\"previousItem\":{\"@type\":\"ListItem\",\"@id\":\"https:\\\/\\\/eldigitaldeasturias.com\\\/magazine365\\\/category\\\/noticias-actualidad\\\/#listItem\",\"name\":\"Noticias y Actualidad\"}}]},{\"@type\":\"Organization\",\"@id\":\"https:\\\/\\\/eldigitaldeasturias.com\\\/magazine365\\\/#organization\",\"name\":\"El digital de Asturias\",\"description\":\"Revista de ocio, turismo y estilo de vida\",\"url\":\"https:\\\/\\\/eldigitaldeasturias.com\\\/magazine365\\\/\",\"logo\":{\"@type\":\"ImageObject\",\"url\":\"https:\\\/\\\/www.eldigitaldeasturias.com\\\/noticias\\\/wp-content\\\/uploads\\\/2020\\\/12\\\/EDA.jpg\",\"@id\":\"https:\\\/\\\/eldigitaldeasturias.com\\\/magazine365\\\/navarra-lanza-en-el-primer-dia-una-publicacion-para-explorar-el-corazon-de-navarra\\\/#organizationLogo\"},\"image\":{\"@id\":\"https:\\\/\\\/eldigitaldeasturias.com\\\/magazine365\\\/navarra-lanza-en-el-primer-dia-una-publicacion-para-explorar-el-corazon-de-navarra\\\/#organizationLogo\"}},{\"@type\":\"Person\",\"@id\":\"https:\\\/\\\/eldigitaldeasturias.com\\\/magazine365\\\/author\\\/admin\\\/#author\",\"url\":\"https:\\\/\\\/eldigitaldeasturias.com\\\/magazine365\\\/author\\\/admin\\\/\",\"name\":\"admin\",\"image\":{\"@type\":\"ImageObject\",\"@id\":\"https:\\\/\\\/eldigitaldeasturias.com\\\/magazine365\\\/navarra-lanza-en-el-primer-dia-una-publicacion-para-explorar-el-corazon-de-navarra\\\/#authorImage\",\"url\":\"https:\\\/\\\/eldigitaldeasturias.com\\\/magazine365\\\/wp-content\\\/litespeed\\\/avatar\\\/e571bcf59a0edd6fa6838245a470f2fe.jpg?ver=1776969259\",\"width\":96,\"height\":96,\"caption\":\"admin\"}},{\"@type\":\"WebPage\",\"@id\":\"https:\\\/\\\/eldigitaldeasturias.com\\\/magazine365\\\/navarra-lanza-en-el-primer-dia-una-publicacion-para-explorar-el-corazon-de-navarra\\\/#webpage\",\"url\":\"https:\\\/\\\/eldigitaldeasturias.com\\\/magazine365\\\/navarra-lanza-en-el-primer-dia-una-publicacion-para-explorar-el-corazon-de-navarra\\\/\",\"name\":\"Navarra lanza en el primer d\\u00eda una publicaci\\u00f3n para \\u00abexplorar el coraz\\u00f3n de Navarra\\u00bb | El Digital de Asturias\",\"description\":\"El Gobierno de Navarra ha editado una publicaci\\u00f3n de alta calidad que contiene las citas y recursos imprescindibles para \\\"explorar el coraz\\u00f3n\\\" de la Comunidad foral. Dirigida a profesionales del sector y operadores tur\\u00edsticos, incluye las citas imprescindibles de cada mes y de cada recurso tur\\u00edstico y recoge las \\\"mil maneras\\\" de descubrir Navarra: turismo\",\"inLanguage\":\"es-ES\",\"isPartOf\":{\"@id\":\"https:\\\/\\\/eldigitaldeasturias.com\\\/magazine365\\\/#website\"},\"breadcrumb\":{\"@id\":\"https:\\\/\\\/eldigitaldeasturias.com\\\/magazine365\\\/navarra-lanza-en-el-primer-dia-una-publicacion-para-explorar-el-corazon-de-navarra\\\/#breadcrumblist\"},\"author\":{\"@id\":\"https:\\\/\\\/eldigitaldeasturias.com\\\/magazine365\\\/author\\\/admin\\\/#author\"},\"creator\":{\"@id\":\"https:\\\/\\\/eldigitaldeasturias.com\\\/magazine365\\\/author\\\/admin\\\/#author\"},\"image\":{\"@type\":\"ImageObject\",\"url\":\"https:\\\/\\\/eldigitaldeasturias.com\\\/magazine365\\\/wp-content\\\/uploads\\\/2016\\\/01\\\/fotonoticia_20160120153201_800.jpg\",\"@id\":\"https:\\\/\\\/eldigitaldeasturias.com\\\/magazine365\\\/navarra-lanza-en-el-primer-dia-una-publicacion-para-explorar-el-corazon-de-navarra\\\/#mainImage\",\"width\":800,\"height\":1095},\"primaryImageOfPage\":{\"@id\":\"https:\\\/\\\/eldigitaldeasturias.com\\\/magazine365\\\/navarra-lanza-en-el-primer-dia-una-publicacion-para-explorar-el-corazon-de-navarra\\\/#mainImage\"},\"datePublished\":\"2016-01-22T17:45:28+01:00\",\"dateModified\":\"2016-01-22T17:45:28+01:00\"},{\"@type\":\"WebSite\",\"@id\":\"https:\\\/\\\/eldigitaldeasturias.com\\\/magazine365\\\/#website\",\"url\":\"https:\\\/\\\/eldigitaldeasturias.com\\\/magazine365\\\/\",\"name\":\"El Digital de Asturias\",\"description\":\"Revista de ocio, turismo y estilo de vida\",\"inLanguage\":\"es-ES\",\"publisher\":{\"@id\":\"https:\\\/\\\/eldigitaldeasturias.com\\\/magazine365\\\/#organization\"}}]}\n\t\t<\/script>\n\t\t<!-- All in One SEO Pro -->\r\n\t\t<title>Navarra lanza en el primer d\u00eda una publicaci\u00f3n para \u00abexplorar el coraz\u00f3n de Navarra\u00bb | El Digital de Asturias<\/title>\n\n","aioseo_head_json":{"title":"Navarra lanza en el primer d\u00eda una publicaci\u00f3n para \u00abexplorar el coraz\u00f3n de Navarra\u00bb | El Digital de Asturias","description":"El Gobierno de Navarra ha editado una publicaci\u00f3n de alta calidad que contiene las citas y recursos imprescindibles para \"explorar el coraz\u00f3n\" de la Comunidad foral. Dirigida a profesionales del sector y operadores tur\u00edsticos, incluye las citas imprescindibles de cada mes y de cada recurso tur\u00edstico y recoge las \"mil maneras\" de descubrir Navarra: turismo","canonical_url":"https:\/\/eldigitaldeasturias.com\/magazine365\/navarra-lanza-en-el-primer-dia-una-publicacion-para-explorar-el-corazon-de-navarra\/","robots":"max-image-preview:large","keywords":"noticias y actualidad","webmasterTools":{"google-site-verification":"UA-38556648-1","miscellaneous":""},"schema":{"@context":"https:\/\/schema.org","@graph":[{"@type":"Article","@id":"https:\/\/eldigitaldeasturias.com\/magazine365\/navarra-lanza-en-el-primer-dia-una-publicacion-para-explorar-el-corazon-de-navarra\/#article","name":"Navarra lanza en el primer d\u00eda una publicaci\u00f3n para \u00abexplorar el coraz\u00f3n de Navarra\u00bb | El Digital de Asturias","headline":"Navarra lanza en el primer d\u00eda una publicaci\u00f3n para \u00abexplorar el coraz\u00f3n de Navarra\u00bb","author":{"@id":"https:\/\/eldigitaldeasturias.com\/magazine365\/author\/admin\/#author"},"publisher":{"@id":"https:\/\/eldigitaldeasturias.com\/magazine365\/#organization"},"image":{"@type":"ImageObject","url":"https:\/\/eldigitaldeasturias.com\/magazine365\/wp-content\/uploads\/2016\/01\/fotonoticia_20160120153201_800.jpg","width":800,"height":1095},"datePublished":"2016-01-22T17:45:28+01:00","dateModified":"2016-01-22T17:45:28+01:00","inLanguage":"es-ES","mainEntityOfPage":{"@id":"https:\/\/eldigitaldeasturias.com\/magazine365\/navarra-lanza-en-el-primer-dia-una-publicacion-para-explorar-el-corazon-de-navarra\/#webpage"},"isPartOf":{"@id":"https:\/\/eldigitaldeasturias.com\/magazine365\/navarra-lanza-en-el-primer-dia-una-publicacion-para-explorar-el-corazon-de-navarra\/#webpage"},"articleSection":"Noticias y Actualidad"},{"@type":"BreadcrumbList","@id":"https:\/\/eldigitaldeasturias.com\/magazine365\/navarra-lanza-en-el-primer-dia-una-publicacion-para-explorar-el-corazon-de-navarra\/#breadcrumblist","itemListElement":[{"@type":"ListItem","@id":"https:\/\/eldigitaldeasturias.com\/magazine365#listItem","position":1,"name":"Home","item":"https:\/\/eldigitaldeasturias.com\/magazine365","nextItem":{"@type":"ListItem","@id":"https:\/\/eldigitaldeasturias.com\/magazine365\/category\/noticias-actualidad\/#listItem","name":"Noticias y Actualidad"}},{"@type":"ListItem","@id":"https:\/\/eldigitaldeasturias.com\/magazine365\/category\/noticias-actualidad\/#listItem","position":2,"name":"Noticias y Actualidad","item":"https:\/\/eldigitaldeasturias.com\/magazine365\/category\/noticias-actualidad\/","nextItem":{"@type":"ListItem","@id":"https:\/\/eldigitaldeasturias.com\/magazine365\/navarra-lanza-en-el-primer-dia-una-publicacion-para-explorar-el-corazon-de-navarra\/#listItem","name":"Navarra lanza en el primer d\u00eda una publicaci\u00f3n para \u00abexplorar el coraz\u00f3n de Navarra\u00bb"},"previousItem":{"@type":"ListItem","@id":"https:\/\/eldigitaldeasturias.com\/magazine365#listItem","name":"Home"}},{"@type":"ListItem","@id":"https:\/\/eldigitaldeasturias.com\/magazine365\/navarra-lanza-en-el-primer-dia-una-publicacion-para-explorar-el-corazon-de-navarra\/#listItem","position":3,"name":"Navarra lanza en el primer d\u00eda una publicaci\u00f3n para \u00abexplorar el coraz\u00f3n de Navarra\u00bb","previousItem":{"@type":"ListItem","@id":"https:\/\/eldigitaldeasturias.com\/magazine365\/category\/noticias-actualidad\/#listItem","name":"Noticias y Actualidad"}}]},{"@type":"Organization","@id":"https:\/\/eldigitaldeasturias.com\/magazine365\/#organization","name":"El digital de Asturias","description":"Revista de ocio, turismo y estilo de vida","url":"https:\/\/eldigitaldeasturias.com\/magazine365\/","logo":{"@type":"ImageObject","url":"https:\/\/www.eldigitaldeasturias.com\/noticias\/wp-content\/uploads\/2020\/12\/EDA.jpg","@id":"https:\/\/eldigitaldeasturias.com\/magazine365\/navarra-lanza-en-el-primer-dia-una-publicacion-para-explorar-el-corazon-de-navarra\/#organizationLogo"},"image":{"@id":"https:\/\/eldigitaldeasturias.com\/magazine365\/navarra-lanza-en-el-primer-dia-una-publicacion-para-explorar-el-corazon-de-navarra\/#organizationLogo"}},{"@type":"Person","@id":"https:\/\/eldigitaldeasturias.com\/magazine365\/author\/admin\/#author","url":"https:\/\/eldigitaldeasturias.com\/magazine365\/author\/admin\/","name":"admin","image":{"@type":"ImageObject","@id":"https:\/\/eldigitaldeasturias.com\/magazine365\/navarra-lanza-en-el-primer-dia-una-publicacion-para-explorar-el-corazon-de-navarra\/#authorImage","url":"https:\/\/eldigitaldeasturias.com\/magazine365\/wp-content\/litespeed\/avatar\/e571bcf59a0edd6fa6838245a470f2fe.jpg?ver=1776969259","width":96,"height":96,"caption":"admin"}},{"@type":"WebPage","@id":"https:\/\/eldigitaldeasturias.com\/magazine365\/navarra-lanza-en-el-primer-dia-una-publicacion-para-explorar-el-corazon-de-navarra\/#webpage","url":"https:\/\/eldigitaldeasturias.com\/magazine365\/navarra-lanza-en-el-primer-dia-una-publicacion-para-explorar-el-corazon-de-navarra\/","name":"Navarra lanza en el primer d\u00eda una publicaci\u00f3n para \u00abexplorar el coraz\u00f3n de Navarra\u00bb | El Digital de Asturias","description":"El Gobierno de Navarra ha editado una publicaci\u00f3n de alta calidad que contiene las citas y recursos imprescindibles para \"explorar el coraz\u00f3n\" de la Comunidad foral. Dirigida a profesionales del sector y operadores tur\u00edsticos, incluye las citas imprescindibles de cada mes y de cada recurso tur\u00edstico y recoge las \"mil maneras\" de descubrir Navarra: turismo","inLanguage":"es-ES","isPartOf":{"@id":"https:\/\/eldigitaldeasturias.com\/magazine365\/#website"},"breadcrumb":{"@id":"https:\/\/eldigitaldeasturias.com\/magazine365\/navarra-lanza-en-el-primer-dia-una-publicacion-para-explorar-el-corazon-de-navarra\/#breadcrumblist"},"author":{"@id":"https:\/\/eldigitaldeasturias.com\/magazine365\/author\/admin\/#author"},"creator":{"@id":"https:\/\/eldigitaldeasturias.com\/magazine365\/author\/admin\/#author"},"image":{"@type":"ImageObject","url":"https:\/\/eldigitaldeasturias.com\/magazine365\/wp-content\/uploads\/2016\/01\/fotonoticia_20160120153201_800.jpg","@id":"https:\/\/eldigitaldeasturias.com\/magazine365\/navarra-lanza-en-el-primer-dia-una-publicacion-para-explorar-el-corazon-de-navarra\/#mainImage","width":800,"height":1095},"primaryImageOfPage":{"@id":"https:\/\/eldigitaldeasturias.com\/magazine365\/navarra-lanza-en-el-primer-dia-una-publicacion-para-explorar-el-corazon-de-navarra\/#mainImage"},"datePublished":"2016-01-22T17:45:28+01:00","dateModified":"2016-01-22T17:45:28+01:00"},{"@type":"WebSite","@id":"https:\/\/eldigitaldeasturias.com\/magazine365\/#website","url":"https:\/\/eldigitaldeasturias.com\/magazine365\/","name":"El Digital de Asturias","description":"Revista de ocio, turismo y estilo de vida","inLanguage":"es-ES","publisher":{"@id":"https:\/\/eldigitaldeasturias.com\/magazine365\/#organization"}}]},"og:locale":"es_ES","og:site_name":"El Digital de Asturias \u2013 Revista de ocio, turismo y estilo de vida","og:type":"article","og:title":"Navarra lanza en el primer d\u00eda una publicaci\u00f3n para \u00abexplorar el coraz\u00f3n de Navarra\u00bb | El Digital de Asturias","og:description":"El Gobierno de Navarra ha editado una publicaci\u00f3n de alta calidad que contiene las citas y recursos imprescindibles para &quot;explorar el coraz\u00f3n&quot; de la Comunidad foral. Dirigida a profesionales del sector y operadores tur\u00edsticos, incluye las citas imprescindibles de cada mes y de cada recurso tur\u00edstico y recoge las &quot;mil maneras&quot; de descubrir Navarra: turismo","og:url":"https:\/\/eldigitaldeasturias.com\/magazine365\/navarra-lanza-en-el-primer-dia-una-publicacion-para-explorar-el-corazon-de-navarra\/","og:image":"https:\/\/eldigitaldeasturias.com\/magazine365\/wp-content\/uploads\/2016\/01\/fotonoticia_20160120153201_800.jpg","og:image:secure_url":"https:\/\/eldigitaldeasturias.com\/magazine365\/wp-content\/uploads\/2016\/01\/fotonoticia_20160120153201_800.jpg","og:image:width":800,"og:image:height":1095,"article:published_time":"2016-01-22T16:45:28+00:00","article:modified_time":"2016-01-22T16:45:28+00:00","twitter:card":"summary_large_image","twitter:title":"Navarra lanza en el primer d\u00eda una publicaci\u00f3n para \u00abexplorar el coraz\u00f3n de Navarra\u00bb | El Digital de Asturias","twitter:description":"El Gobierno de Navarra ha editado una publicaci\u00f3n de alta calidad que contiene las citas y recursos imprescindibles para &quot;explorar el coraz\u00f3n&quot; de la Comunidad foral. Dirigida a profesionales del sector y operadores tur\u00edsticos, incluye las citas imprescindibles de cada mes y de cada recurso tur\u00edstico y recoge las &quot;mil maneras&quot; de descubrir Navarra: turismo","twitter:image":"https:\/\/eldigitaldeasturias.com\/magazine365\/wp-content\/uploads\/2016\/01\/fotonoticia_20160120153201_800.jpg"},"aioseo_meta_data":{"post_id":"61390","title":null,"description":null,"keywords":null,"keyphrases":null,"primary_term":null,"canonical_url":null,"og_title":null,"og_description":null,"og_object_type":"default","og_image_type":"default","og_image_url":null,"og_image_width":null,"og_image_height":null,"og_image_custom_url":null,"og_image_custom_fields":null,"og_video":null,"og_custom_url":null,"og_article_section":null,"og_article_tags":null,"twitter_use_og":false,"twitter_card":"default","twitter_image_type":"default","twitter_image_url":null,"twitter_image_custom_url":null,"twitter_image_custom_fields":null,"twitter_title":null,"twitter_description":null,"schema":{"blockGraphs":[],"customGraphs":[],"default":{"data":{"Article":[],"Course":[],"Dataset":[],"FAQPage":[],"Movie":[],"Person":[],"Product":[],"ProductReview":[],"Car":[],"Recipe":[],"Service":[],"SoftwareApplication":[],"WebPage":[]},"graphName":"","isEnabled":true},"graphs":[],"defaultGraph":"","defaultPostTypeGraph":""},"schema_type":null,"schema_type_options":null,"pillar_content":false,"robots_default":true,"robots_noindex":false,"robots_noarchive":false,"robots_nosnippet":false,"robots_nofollow":false,"robots_noimageindex":false,"robots_noodp":false,"robots_notranslate":false,"robots_max_snippet":null,"robots_max_videopreview":null,"robots_max_imagepreview":"large","priority":null,"frequency":null,"location":null,"local_seo":null,"seo_analyzer_scan_date":"2025-09-25 08:52:18","breadcrumb_settings":null,"limit_modified_date":false,"open_ai":null,"ai":null,"created":"2021-03-08 21:50:00","updated":"2025-09-25 08:52:18"},"aioseo_breadcrumb":"<div class=\"aioseo-breadcrumbs\"><span class=\"aioseo-breadcrumb\">\n\t<a href=\"https:\/\/eldigitaldeasturias.com\/magazine365\" title=\"Home\">Home<\/a>\n<\/span><span class=\"aioseo-breadcrumb-separator\">\u2013<\/span><span class=\"aioseo-breadcrumb\">\n\t<a href=\"https:\/\/eldigitaldeasturias.com\/magazine365\/category\/noticias-actualidad\/\" title=\"Noticias y Actualidad\">Noticias y Actualidad<\/a>\n<\/span><span class=\"aioseo-breadcrumb-separator\">\u2013<\/span><span class=\"aioseo-breadcrumb\">\n\t<a href=\"https:\/\/eldigitaldeasturias.com\/magazine365\/navarra-lanza-en-el-primer-dia-una-publicacion-para-explorar-el-corazon-de-navarra\/\" title=\"Navarra lanza en el primer d\u00eda una publicaci\u00f3n para \u00abexplorar el coraz\u00f3n de Navarra\u00bb\">Navarra lanza en el primer d\u00eda una publicaci\u00f3n para \u00abexplorar el coraz\u00f3n de Navarra\u00bb<\/a>\n<\/span><\/div>","aioseo_breadcrumb_json":[{"label":"Home","link":"https:\/\/eldigitaldeasturias.com\/magazine365"},{"label":"Noticias y Actualidad","link":"https:\/\/eldigitaldeasturias.com\/magazine365\/category\/noticias-actualidad\/"},{"label":"Navarra lanza en el primer d\u00eda una publicaci\u00f3n para \u00abexplorar el coraz\u00f3n de Navarra\u00bb","link":"https:\/\/eldigitaldeasturias.com\/magazine365\/navarra-lanza-en-el-primer-dia-una-publicacion-para-explorar-el-corazon-de-navarra\/"}],"_links":{"self":[{"href":"https:\/\/eldigitaldeasturias.com\/magazine365\/wp-json\/wp\/v2\/posts\/61390","targetHints":{"allow":["GET"]}}],"collection":[{"href":"https:\/\/eldigitaldeasturias.com\/magazine365\/wp-json\/wp\/v2\/posts"}],"about":[{"href":"https:\/\/eldigitaldeasturias.com\/magazine365\/wp-json\/wp\/v2\/types\/post"}],"author":[{"embeddable":true,"href":"https:\/\/eldigitaldeasturias.com\/magazine365\/wp-json\/wp\/v2\/users\/1"}],"replies":[{"embeddable":true,"href":"https:\/\/eldigitaldeasturias.com\/magazine365\/wp-json\/wp\/v2\/comments?post=61390"}],"version-history":[{"count":0,"href":"https:\/\/eldigitaldeasturias.com\/magazine365\/wp-json\/wp\/v2\/posts\/61390\/revisions"}],"wp:featuredmedia":[{"embeddable":true,"href":"https:\/\/eldigitaldeasturias.com\/magazine365\/wp-json\/wp\/v2\/media\/61391"}],"wp:attachment":[{"href":"https:\/\/eldigitaldeasturias.com\/magazine365\/wp-json\/wp\/v2\/media?parent=61390"}],"wp:term":[{"taxonomy":"category","embeddable":true,"href":"https:\/\/eldigitaldeasturias.com\/magazine365\/wp-json\/wp\/v2\/categories?post=61390"},{"taxonomy":"post_tag","embeddable":true,"href":"https:\/\/eldigitaldeasturias.com\/magazine365\/wp-json\/wp\/v2\/tags?post=61390"}],"curies":[{"name":"wp","href":"https:\/\/api.w.org\/{rel}","templated":true}]}}