{"id":61384,"date":"2016-01-22T17:43:29","date_gmt":"2016-01-22T16:43:29","guid":{"rendered":"http:\/\/eldigitaldeasturias.com\/magazine365\/?p=61384"},"modified":"2016-01-22T17:43:29","modified_gmt":"2016-01-22T16:43:29","slug":"la-region-de-murcia-se-exhibe-como-destino-de-turismo-deportivo","status":"publish","type":"post","link":"https:\/\/eldigitaldeasturias.com\/magazine365\/la-region-de-murcia-se-exhibe-como-destino-de-turismo-deportivo\/","title":{"rendered":"La Regi\u00f3n de Murcia se exhibe como destino de turismo deportivo"},"content":{"rendered":"<p><img fetchpriority=\"high\" decoding=\"async\" class=\"alignleft size-medium wp-image-61385\" src=\"https:\/\/eldigitaldeasturias.com\/magazine365\/wp-content\/uploads\/2016\/01\/fotonoticia_20160120153002_800-360x270.jpg\" alt=\"fotonoticia_20160120153002_800\" width=\"360\" height=\"270\" srcset=\"https:\/\/eldigitaldeasturias.com\/magazine365\/wp-content\/uploads\/2016\/01\/fotonoticia_20160120153002_800-360x270.jpg 360w, https:\/\/eldigitaldeasturias.com\/magazine365\/wp-content\/uploads\/2016\/01\/fotonoticia_20160120153002_800-650x488.jpg 650w, https:\/\/eldigitaldeasturias.com\/magazine365\/wp-content\/uploads\/2016\/01\/fotonoticia_20160120153002_800-768x576.jpg 768w, https:\/\/eldigitaldeasturias.com\/magazine365\/wp-content\/uploads\/2016\/01\/fotonoticia_20160120153002_800-150x113.jpg 150w, https:\/\/eldigitaldeasturias.com\/magazine365\/wp-content\/uploads\/2016\/01\/fotonoticia_20160120153002_800-450x338.jpg 450w, https:\/\/eldigitaldeasturias.com\/magazine365\/wp-content\/uploads\/2016\/01\/fotonoticia_20160120153002_800-80x60.jpg 80w, https:\/\/eldigitaldeasturias.com\/magazine365\/wp-content\/uploads\/2016\/01\/fotonoticia_20160120153002_800-265x198.jpg 265w, https:\/\/eldigitaldeasturias.com\/magazine365\/wp-content\/uploads\/2016\/01\/fotonoticia_20160120153002_800-696x522.jpg 696w, https:\/\/eldigitaldeasturias.com\/magazine365\/wp-content\/uploads\/2016\/01\/fotonoticia_20160120153002_800-560x420.jpg 560w, https:\/\/eldigitaldeasturias.com\/magazine365\/wp-content\/uploads\/2016\/01\/fotonoticia_20160120153002_800-90x67.jpg 90w, https:\/\/eldigitaldeasturias.com\/magazine365\/wp-content\/uploads\/2016\/01\/fotonoticia_20160120153002_800-164x124.jpg 164w, https:\/\/eldigitaldeasturias.com\/magazine365\/wp-content\/uploads\/2016\/01\/fotonoticia_20160120153002_800-100x75.jpg 100w, https:\/\/eldigitaldeasturias.com\/magazine365\/wp-content\/uploads\/2016\/01\/fotonoticia_20160120153002_800.jpg 800w\" sizes=\"(max-width: 360px) 100vw, 360px\" \/>La Regi\u00f3n de Murcia ha mostrado este mi\u00e9rcoles su potencial como destino de turismo deportivo durante el arranque de la Feria Internacional de Turismo, Fitur 2016, tras la inauguraci\u00f3n por parte de la Reina Letizia de la trigesimosexta edici\u00f3n de la feria madrile\u00f1a, seg\u00fan informaron fuentes del Gobierno regional en un comunicado.<\/p>\n<p>En el stand murciano, el consejero de Desarrollo Econ\u00f3mico, Turismo y Empleo, Juan Hern\u00e1ndez, y la consejera de Cultura y Portavoc\u00eda, Noelia Arroyo, junto con el secretario de Estado para el Deporte, Miguel Cardenal, protagonizaron una intervenci\u00f3n en la que realzaron el deporte como uno de los grandes ejes estrat\u00e9gicos dentro de la oferta tur\u00edstica de la Regi\u00f3n.<\/p>\n<p>Seg\u00fan ha destacado Hern\u00e1ndez, \u00abse est\u00e1 configurando un programa muy intenso de actividades deportivas para 2016 en la Regi\u00f3n de Murcia\u00bb. Al respecto, el consejero de Turismo anunci\u00f3 que este a\u00f1o se van a celebrar 100 eventos deportivos adicionales de nivel nacional e internacional, que se suman a los 50 que ya se ven\u00edan celebrando.<\/p>\n<p>Este incremento en el n\u00famero de competiciones deportivas \u00abva a conseguir atraer a m\u00e1s de 15.000 nuevos turistas deportivos nuevos al a\u00f1o, que generar\u00e1n 28.000 nuevas pernoctaciones, que van a suponer un impacto econ\u00f3mico de 5 millones de euros de ingresos directos\u00bb, ha explicado.<\/p>\n<p>PARQUE TEM\u00c1TICO PARA LA PR\u00c1CTICA DE DEPORTE AL AIRE LIBRE<\/p>\n<p>En definitiva, ha resaltado el consejero, la Regi\u00f3n \u00abse va a convertir en un parque tem\u00e1tico para la pr\u00e1ctica del deporte al aire libre gracias a las condiciones que lo hacen posible: un clima excepcional con 300 d\u00edas de sol al a\u00f1o, 19 grados de temperatura media anual, fondos marinos con reconocimientos a nivel internacional, monta\u00f1a, dos mares e infraestructuras de m\u00e1xima calidad\u00bb.<\/p>\n<p>En este sentido, adem\u00e1s de mencionar La Manga Club, que ha sido reconocido en diversas ocasiones como uno de los diez mejores resorts del mundo, y Pinatar Arena, Hern\u00e1ndez destac\u00f3 como instalaciones deportivas singulares los 22 campos de golf con los que cuenta la Regi\u00f3n y que se ubican en un radio de acci\u00f3n de 35 kil\u00f3metros, y m\u00e1s de 2.500 instalaciones deportivas convencionales.<\/p>\n<p>Durante el acto, tambi\u00e9n se celebraron los acuerdos establecidos entre la Comunidad, el Consejo Superior de Deportes y la Asociaci\u00f3n del Deporte Federado espa\u00f1ol, as\u00ed como con la Uni\u00f3n de Federaciones Deportivas de la Regi\u00f3n<\/p>\n<p>Por su parte, Noelia Arroyo ha resaltado el binomio turismo-deporte como una f\u00f3rmula de \u00e9xito y felicit\u00f3 al sector deportivo de la Regi\u00f3n por su trabajo y \u00abpor conseguir que la Regi\u00f3n cuente cada vez con mayor prestigio a nivel nacional e internacional\u00bb. Tambi\u00e9n destac\u00f3 el importante papel del deporte para promocionar y dar a conocer nacional e internacionalmente la Regi\u00f3n, as\u00ed como para desestacionalizar la llegada de visitantes y dinamizar el turismo en la Regi\u00f3n.<\/p>\n<p>PERFIL DEL TURISTA DEPORTIVO<\/p>\n<p>La estancia media del turista deportivo en la Regi\u00f3n fue de 12 d\u00edas, una duraci\u00f3n que contrasta con la estancia media del conjunto de turistas que visitan la Regi\u00f3n, de 7,2 d\u00edas. Adem\u00e1s, su gasto medio diario fue de 300 euros. El 54 por ciento de las actividades que ofertan los cat\u00e1logos de las agencias de viajes nacionales corresponde a actividades deportivas.<\/p>\n<p>Su expansi\u00f3n, \u00abadem\u00e1s de contribuir a la creaci\u00f3n de puestos de trabajo y a diversificar la oferta tur\u00edstica de la Regi\u00f3n, incide directamente en la mejora de infraestructura y equipamientos, propicia el intercambio cultural, fomenta la protecci\u00f3n del medio ambiente y los h\u00e1bitos de vida saludables\u00bb, concluy\u00f3 el consejero de Turismo.<\/p>\n","protected":false},"excerpt":{"rendered":"<p>La Regi\u00f3n de Murcia ha mostrado este mi\u00e9rcoles su potencial como destino de turismo deportivo durante el arranque de la Feria Internacional de Turismo, Fitur 2016, tras la inauguraci\u00f3n por parte de la Reina Letizia de la trigesimosexta edici\u00f3n de la feria madrile\u00f1a, seg\u00fan informaron fuentes del Gobierno regional en un comunicado. En el stand<\/p>\n","protected":false},"author":1,"featured_media":61385,"comment_status":"open","ping_status":"closed","sticky":false,"template":"","format":"standard","meta":{"footnotes":""},"categories":[224],"tags":[],"class_list":{"0":"post-61384","1":"post","2":"type-post","3":"status-publish","4":"format-standard","5":"has-post-thumbnail","7":"category-noticias-actualidad"},"aioseo_notices":[],"aioseo_head":"\n\t\t<!-- All in One SEO Pro 4.9.6.1 - aioseo.com -->\n\t<meta name=\"description\" content=\"La Regi\u00f3n de Murcia ha mostrado este mi\u00e9rcoles su potencial como destino de turismo deportivo durante el arranque de la Feria Internacional de Turismo, Fitur 2016, tras la inauguraci\u00f3n por parte de la Reina Letizia de la trigesimosexta edici\u00f3n de la feria madrile\u00f1a, seg\u00fan informaron fuentes del Gobierno regional en un comunicado. En el stand\" \/>\n\t<meta name=\"robots\" content=\"max-image-preview:large\" \/>\n\t<meta name=\"author\" content=\"admin\"\/>\n\t<meta name=\"google-site-verification\" content=\"UA-38556648-1\" \/>\n\t<meta name=\"keywords\" content=\"noticias y actualidad\" \/>\n\t<link rel=\"canonical\" href=\"https:\/\/eldigitaldeasturias.com\/magazine365\/la-region-de-murcia-se-exhibe-como-destino-de-turismo-deportivo\/\" \/>\n\t<meta name=\"generator\" content=\"All in One SEO Pro (AIOSEO) 4.9.6.1\" \/>\n\t\t<meta property=\"og:locale\" content=\"es_ES\" \/>\n\t\t<meta property=\"og:site_name\" content=\"El Digital de Asturias \u2013 Revista de ocio, turismo y estilo de vida\" \/>\n\t\t<meta property=\"og:type\" content=\"article\" \/>\n\t\t<meta property=\"og:title\" content=\"La Regi\u00f3n de Murcia se exhibe como destino de turismo deportivo | El Digital de Asturias\" \/>\n\t\t<meta property=\"og:description\" content=\"La Regi\u00f3n de Murcia ha mostrado este mi\u00e9rcoles su potencial como destino de turismo deportivo durante el arranque de la Feria Internacional de Turismo, Fitur 2016, tras la inauguraci\u00f3n por parte de la Reina Letizia de la trigesimosexta edici\u00f3n de la feria madrile\u00f1a, seg\u00fan informaron fuentes del Gobierno regional en un comunicado. En el stand\" \/>\n\t\t<meta property=\"og:url\" content=\"https:\/\/eldigitaldeasturias.com\/magazine365\/la-region-de-murcia-se-exhibe-como-destino-de-turismo-deportivo\/\" \/>\n\t\t<meta property=\"og:image\" content=\"https:\/\/eldigitaldeasturias.com\/magazine365\/wp-content\/uploads\/2016\/01\/fotonoticia_20160120153002_800.jpg\" \/>\n\t\t<meta property=\"og:image:secure_url\" content=\"https:\/\/eldigitaldeasturias.com\/magazine365\/wp-content\/uploads\/2016\/01\/fotonoticia_20160120153002_800.jpg\" \/>\n\t\t<meta property=\"og:image:width\" content=\"800\" \/>\n\t\t<meta property=\"og:image:height\" content=\"600\" \/>\n\t\t<meta property=\"article:published_time\" content=\"2016-01-22T16:43:29+00:00\" \/>\n\t\t<meta property=\"article:modified_time\" content=\"2016-01-22T16:43:29+00:00\" \/>\n\t\t<meta name=\"twitter:card\" content=\"summary_large_image\" \/>\n\t\t<meta name=\"twitter:title\" content=\"La Regi\u00f3n de Murcia se exhibe como destino de turismo deportivo | El Digital de Asturias\" \/>\n\t\t<meta name=\"twitter:description\" content=\"La Regi\u00f3n de Murcia ha mostrado este mi\u00e9rcoles su potencial como destino de turismo deportivo durante el arranque de la Feria Internacional de Turismo, Fitur 2016, tras la inauguraci\u00f3n por parte de la Reina Letizia de la trigesimosexta edici\u00f3n de la feria madrile\u00f1a, seg\u00fan informaron fuentes del Gobierno regional en un comunicado. En el stand\" \/>\n\t\t<meta name=\"twitter:image\" content=\"https:\/\/eldigitaldeasturias.com\/magazine365\/wp-content\/uploads\/2016\/01\/fotonoticia_20160120153002_800.jpg\" \/>\n\t\t<script type=\"application\/ld+json\" class=\"aioseo-schema\">\n\t\t\t{\"@context\":\"https:\\\/\\\/schema.org\",\"@graph\":[{\"@type\":\"Article\",\"@id\":\"https:\\\/\\\/eldigitaldeasturias.com\\\/magazine365\\\/la-region-de-murcia-se-exhibe-como-destino-de-turismo-deportivo\\\/#article\",\"name\":\"La Regi\\u00f3n de Murcia se exhibe como destino de turismo deportivo | El Digital de Asturias\",\"headline\":\"La Regi\\u00f3n de Murcia se exhibe como destino de turismo deportivo\",\"author\":{\"@id\":\"https:\\\/\\\/eldigitaldeasturias.com\\\/magazine365\\\/author\\\/admin\\\/#author\"},\"publisher\":{\"@id\":\"https:\\\/\\\/eldigitaldeasturias.com\\\/magazine365\\\/#organization\"},\"image\":{\"@type\":\"ImageObject\",\"url\":\"https:\\\/\\\/eldigitaldeasturias.com\\\/magazine365\\\/wp-content\\\/uploads\\\/2016\\\/01\\\/fotonoticia_20160120153002_800.jpg\",\"width\":800,\"height\":600},\"datePublished\":\"2016-01-22T17:43:29+01:00\",\"dateModified\":\"2016-01-22T17:43:29+01:00\",\"inLanguage\":\"es-ES\",\"mainEntityOfPage\":{\"@id\":\"https:\\\/\\\/eldigitaldeasturias.com\\\/magazine365\\\/la-region-de-murcia-se-exhibe-como-destino-de-turismo-deportivo\\\/#webpage\"},\"isPartOf\":{\"@id\":\"https:\\\/\\\/eldigitaldeasturias.com\\\/magazine365\\\/la-region-de-murcia-se-exhibe-como-destino-de-turismo-deportivo\\\/#webpage\"},\"articleSection\":\"Noticias y Actualidad\"},{\"@type\":\"BreadcrumbList\",\"@id\":\"https:\\\/\\\/eldigitaldeasturias.com\\\/magazine365\\\/la-region-de-murcia-se-exhibe-como-destino-de-turismo-deportivo\\\/#breadcrumblist\",\"itemListElement\":[{\"@type\":\"ListItem\",\"@id\":\"https:\\\/\\\/eldigitaldeasturias.com\\\/magazine365#listItem\",\"position\":1,\"name\":\"Home\",\"item\":\"https:\\\/\\\/eldigitaldeasturias.com\\\/magazine365\",\"nextItem\":{\"@type\":\"ListItem\",\"@id\":\"https:\\\/\\\/eldigitaldeasturias.com\\\/magazine365\\\/category\\\/noticias-actualidad\\\/#listItem\",\"name\":\"Noticias y Actualidad\"}},{\"@type\":\"ListItem\",\"@id\":\"https:\\\/\\\/eldigitaldeasturias.com\\\/magazine365\\\/category\\\/noticias-actualidad\\\/#listItem\",\"position\":2,\"name\":\"Noticias y Actualidad\",\"item\":\"https:\\\/\\\/eldigitaldeasturias.com\\\/magazine365\\\/category\\\/noticias-actualidad\\\/\",\"nextItem\":{\"@type\":\"ListItem\",\"@id\":\"https:\\\/\\\/eldigitaldeasturias.com\\\/magazine365\\\/la-region-de-murcia-se-exhibe-como-destino-de-turismo-deportivo\\\/#listItem\",\"name\":\"La Regi\\u00f3n de Murcia se exhibe como destino de turismo deportivo\"},\"previousItem\":{\"@type\":\"ListItem\",\"@id\":\"https:\\\/\\\/eldigitaldeasturias.com\\\/magazine365#listItem\",\"name\":\"Home\"}},{\"@type\":\"ListItem\",\"@id\":\"https:\\\/\\\/eldigitaldeasturias.com\\\/magazine365\\\/la-region-de-murcia-se-exhibe-como-destino-de-turismo-deportivo\\\/#listItem\",\"position\":3,\"name\":\"La Regi\\u00f3n de Murcia se exhibe como destino de turismo deportivo\",\"previousItem\":{\"@type\":\"ListItem\",\"@id\":\"https:\\\/\\\/eldigitaldeasturias.com\\\/magazine365\\\/category\\\/noticias-actualidad\\\/#listItem\",\"name\":\"Noticias y Actualidad\"}}]},{\"@type\":\"Organization\",\"@id\":\"https:\\\/\\\/eldigitaldeasturias.com\\\/magazine365\\\/#organization\",\"name\":\"El digital de Asturias\",\"description\":\"Revista de ocio, turismo y estilo de vida\",\"url\":\"https:\\\/\\\/eldigitaldeasturias.com\\\/magazine365\\\/\",\"logo\":{\"@type\":\"ImageObject\",\"url\":\"https:\\\/\\\/www.eldigitaldeasturias.com\\\/noticias\\\/wp-content\\\/uploads\\\/2020\\\/12\\\/EDA.jpg\",\"@id\":\"https:\\\/\\\/eldigitaldeasturias.com\\\/magazine365\\\/la-region-de-murcia-se-exhibe-como-destino-de-turismo-deportivo\\\/#organizationLogo\"},\"image\":{\"@id\":\"https:\\\/\\\/eldigitaldeasturias.com\\\/magazine365\\\/la-region-de-murcia-se-exhibe-como-destino-de-turismo-deportivo\\\/#organizationLogo\"}},{\"@type\":\"Person\",\"@id\":\"https:\\\/\\\/eldigitaldeasturias.com\\\/magazine365\\\/author\\\/admin\\\/#author\",\"url\":\"https:\\\/\\\/eldigitaldeasturias.com\\\/magazine365\\\/author\\\/admin\\\/\",\"name\":\"admin\",\"image\":{\"@type\":\"ImageObject\",\"@id\":\"https:\\\/\\\/eldigitaldeasturias.com\\\/magazine365\\\/la-region-de-murcia-se-exhibe-como-destino-de-turismo-deportivo\\\/#authorImage\",\"url\":\"https:\\\/\\\/eldigitaldeasturias.com\\\/magazine365\\\/wp-content\\\/litespeed\\\/avatar\\\/e571bcf59a0edd6fa6838245a470f2fe.jpg?ver=1776969259\",\"width\":96,\"height\":96,\"caption\":\"admin\"}},{\"@type\":\"WebPage\",\"@id\":\"https:\\\/\\\/eldigitaldeasturias.com\\\/magazine365\\\/la-region-de-murcia-se-exhibe-como-destino-de-turismo-deportivo\\\/#webpage\",\"url\":\"https:\\\/\\\/eldigitaldeasturias.com\\\/magazine365\\\/la-region-de-murcia-se-exhibe-como-destino-de-turismo-deportivo\\\/\",\"name\":\"La Regi\\u00f3n de Murcia se exhibe como destino de turismo deportivo | El Digital de Asturias\",\"description\":\"La Regi\\u00f3n de Murcia ha mostrado este mi\\u00e9rcoles su potencial como destino de turismo deportivo durante el arranque de la Feria Internacional de Turismo, Fitur 2016, tras la inauguraci\\u00f3n por parte de la Reina Letizia de la trigesimosexta edici\\u00f3n de la feria madrile\\u00f1a, seg\\u00fan informaron fuentes del Gobierno regional en un comunicado. En el stand\",\"inLanguage\":\"es-ES\",\"isPartOf\":{\"@id\":\"https:\\\/\\\/eldigitaldeasturias.com\\\/magazine365\\\/#website\"},\"breadcrumb\":{\"@id\":\"https:\\\/\\\/eldigitaldeasturias.com\\\/magazine365\\\/la-region-de-murcia-se-exhibe-como-destino-de-turismo-deportivo\\\/#breadcrumblist\"},\"author\":{\"@id\":\"https:\\\/\\\/eldigitaldeasturias.com\\\/magazine365\\\/author\\\/admin\\\/#author\"},\"creator\":{\"@id\":\"https:\\\/\\\/eldigitaldeasturias.com\\\/magazine365\\\/author\\\/admin\\\/#author\"},\"image\":{\"@type\":\"ImageObject\",\"url\":\"https:\\\/\\\/eldigitaldeasturias.com\\\/magazine365\\\/wp-content\\\/uploads\\\/2016\\\/01\\\/fotonoticia_20160120153002_800.jpg\",\"@id\":\"https:\\\/\\\/eldigitaldeasturias.com\\\/magazine365\\\/la-region-de-murcia-se-exhibe-como-destino-de-turismo-deportivo\\\/#mainImage\",\"width\":800,\"height\":600},\"primaryImageOfPage\":{\"@id\":\"https:\\\/\\\/eldigitaldeasturias.com\\\/magazine365\\\/la-region-de-murcia-se-exhibe-como-destino-de-turismo-deportivo\\\/#mainImage\"},\"datePublished\":\"2016-01-22T17:43:29+01:00\",\"dateModified\":\"2016-01-22T17:43:29+01:00\"},{\"@type\":\"WebSite\",\"@id\":\"https:\\\/\\\/eldigitaldeasturias.com\\\/magazine365\\\/#website\",\"url\":\"https:\\\/\\\/eldigitaldeasturias.com\\\/magazine365\\\/\",\"name\":\"El Digital de Asturias\",\"description\":\"Revista de ocio, turismo y estilo de vida\",\"inLanguage\":\"es-ES\",\"publisher\":{\"@id\":\"https:\\\/\\\/eldigitaldeasturias.com\\\/magazine365\\\/#organization\"}}]}\n\t\t<\/script>\n\t\t<!-- All in One SEO Pro -->\r\n\t\t<title>La Regi\u00f3n de Murcia se exhibe como destino de turismo deportivo | El Digital de Asturias<\/title>\n\n","aioseo_head_json":{"title":"La Regi\u00f3n de Murcia se exhibe como destino de turismo deportivo | El Digital de Asturias","description":"La Regi\u00f3n de Murcia ha mostrado este mi\u00e9rcoles su potencial como destino de turismo deportivo durante el arranque de la Feria Internacional de Turismo, Fitur 2016, tras la inauguraci\u00f3n por parte de la Reina Letizia de la trigesimosexta edici\u00f3n de la feria madrile\u00f1a, seg\u00fan informaron fuentes del Gobierno regional en un comunicado. En el stand","canonical_url":"https:\/\/eldigitaldeasturias.com\/magazine365\/la-region-de-murcia-se-exhibe-como-destino-de-turismo-deportivo\/","robots":"max-image-preview:large","keywords":"noticias y actualidad","webmasterTools":{"google-site-verification":"UA-38556648-1","miscellaneous":""},"schema":{"@context":"https:\/\/schema.org","@graph":[{"@type":"Article","@id":"https:\/\/eldigitaldeasturias.com\/magazine365\/la-region-de-murcia-se-exhibe-como-destino-de-turismo-deportivo\/#article","name":"La Regi\u00f3n de Murcia se exhibe como destino de turismo deportivo | El Digital de Asturias","headline":"La Regi\u00f3n de Murcia se exhibe como destino de turismo deportivo","author":{"@id":"https:\/\/eldigitaldeasturias.com\/magazine365\/author\/admin\/#author"},"publisher":{"@id":"https:\/\/eldigitaldeasturias.com\/magazine365\/#organization"},"image":{"@type":"ImageObject","url":"https:\/\/eldigitaldeasturias.com\/magazine365\/wp-content\/uploads\/2016\/01\/fotonoticia_20160120153002_800.jpg","width":800,"height":600},"datePublished":"2016-01-22T17:43:29+01:00","dateModified":"2016-01-22T17:43:29+01:00","inLanguage":"es-ES","mainEntityOfPage":{"@id":"https:\/\/eldigitaldeasturias.com\/magazine365\/la-region-de-murcia-se-exhibe-como-destino-de-turismo-deportivo\/#webpage"},"isPartOf":{"@id":"https:\/\/eldigitaldeasturias.com\/magazine365\/la-region-de-murcia-se-exhibe-como-destino-de-turismo-deportivo\/#webpage"},"articleSection":"Noticias y Actualidad"},{"@type":"BreadcrumbList","@id":"https:\/\/eldigitaldeasturias.com\/magazine365\/la-region-de-murcia-se-exhibe-como-destino-de-turismo-deportivo\/#breadcrumblist","itemListElement":[{"@type":"ListItem","@id":"https:\/\/eldigitaldeasturias.com\/magazine365#listItem","position":1,"name":"Home","item":"https:\/\/eldigitaldeasturias.com\/magazine365","nextItem":{"@type":"ListItem","@id":"https:\/\/eldigitaldeasturias.com\/magazine365\/category\/noticias-actualidad\/#listItem","name":"Noticias y Actualidad"}},{"@type":"ListItem","@id":"https:\/\/eldigitaldeasturias.com\/magazine365\/category\/noticias-actualidad\/#listItem","position":2,"name":"Noticias y Actualidad","item":"https:\/\/eldigitaldeasturias.com\/magazine365\/category\/noticias-actualidad\/","nextItem":{"@type":"ListItem","@id":"https:\/\/eldigitaldeasturias.com\/magazine365\/la-region-de-murcia-se-exhibe-como-destino-de-turismo-deportivo\/#listItem","name":"La Regi\u00f3n de Murcia se exhibe como destino de turismo deportivo"},"previousItem":{"@type":"ListItem","@id":"https:\/\/eldigitaldeasturias.com\/magazine365#listItem","name":"Home"}},{"@type":"ListItem","@id":"https:\/\/eldigitaldeasturias.com\/magazine365\/la-region-de-murcia-se-exhibe-como-destino-de-turismo-deportivo\/#listItem","position":3,"name":"La Regi\u00f3n de Murcia se exhibe como destino de turismo deportivo","previousItem":{"@type":"ListItem","@id":"https:\/\/eldigitaldeasturias.com\/magazine365\/category\/noticias-actualidad\/#listItem","name":"Noticias y Actualidad"}}]},{"@type":"Organization","@id":"https:\/\/eldigitaldeasturias.com\/magazine365\/#organization","name":"El digital de Asturias","description":"Revista de ocio, turismo y estilo de vida","url":"https:\/\/eldigitaldeasturias.com\/magazine365\/","logo":{"@type":"ImageObject","url":"https:\/\/www.eldigitaldeasturias.com\/noticias\/wp-content\/uploads\/2020\/12\/EDA.jpg","@id":"https:\/\/eldigitaldeasturias.com\/magazine365\/la-region-de-murcia-se-exhibe-como-destino-de-turismo-deportivo\/#organizationLogo"},"image":{"@id":"https:\/\/eldigitaldeasturias.com\/magazine365\/la-region-de-murcia-se-exhibe-como-destino-de-turismo-deportivo\/#organizationLogo"}},{"@type":"Person","@id":"https:\/\/eldigitaldeasturias.com\/magazine365\/author\/admin\/#author","url":"https:\/\/eldigitaldeasturias.com\/magazine365\/author\/admin\/","name":"admin","image":{"@type":"ImageObject","@id":"https:\/\/eldigitaldeasturias.com\/magazine365\/la-region-de-murcia-se-exhibe-como-destino-de-turismo-deportivo\/#authorImage","url":"https:\/\/eldigitaldeasturias.com\/magazine365\/wp-content\/litespeed\/avatar\/e571bcf59a0edd6fa6838245a470f2fe.jpg?ver=1776969259","width":96,"height":96,"caption":"admin"}},{"@type":"WebPage","@id":"https:\/\/eldigitaldeasturias.com\/magazine365\/la-region-de-murcia-se-exhibe-como-destino-de-turismo-deportivo\/#webpage","url":"https:\/\/eldigitaldeasturias.com\/magazine365\/la-region-de-murcia-se-exhibe-como-destino-de-turismo-deportivo\/","name":"La Regi\u00f3n de Murcia se exhibe como destino de turismo deportivo | El Digital de Asturias","description":"La Regi\u00f3n de Murcia ha mostrado este mi\u00e9rcoles su potencial como destino de turismo deportivo durante el arranque de la Feria Internacional de Turismo, Fitur 2016, tras la inauguraci\u00f3n por parte de la Reina Letizia de la trigesimosexta edici\u00f3n de la feria madrile\u00f1a, seg\u00fan informaron fuentes del Gobierno regional en un comunicado. En el stand","inLanguage":"es-ES","isPartOf":{"@id":"https:\/\/eldigitaldeasturias.com\/magazine365\/#website"},"breadcrumb":{"@id":"https:\/\/eldigitaldeasturias.com\/magazine365\/la-region-de-murcia-se-exhibe-como-destino-de-turismo-deportivo\/#breadcrumblist"},"author":{"@id":"https:\/\/eldigitaldeasturias.com\/magazine365\/author\/admin\/#author"},"creator":{"@id":"https:\/\/eldigitaldeasturias.com\/magazine365\/author\/admin\/#author"},"image":{"@type":"ImageObject","url":"https:\/\/eldigitaldeasturias.com\/magazine365\/wp-content\/uploads\/2016\/01\/fotonoticia_20160120153002_800.jpg","@id":"https:\/\/eldigitaldeasturias.com\/magazine365\/la-region-de-murcia-se-exhibe-como-destino-de-turismo-deportivo\/#mainImage","width":800,"height":600},"primaryImageOfPage":{"@id":"https:\/\/eldigitaldeasturias.com\/magazine365\/la-region-de-murcia-se-exhibe-como-destino-de-turismo-deportivo\/#mainImage"},"datePublished":"2016-01-22T17:43:29+01:00","dateModified":"2016-01-22T17:43:29+01:00"},{"@type":"WebSite","@id":"https:\/\/eldigitaldeasturias.com\/magazine365\/#website","url":"https:\/\/eldigitaldeasturias.com\/magazine365\/","name":"El Digital de Asturias","description":"Revista de ocio, turismo y estilo de vida","inLanguage":"es-ES","publisher":{"@id":"https:\/\/eldigitaldeasturias.com\/magazine365\/#organization"}}]},"og:locale":"es_ES","og:site_name":"El Digital de Asturias \u2013 Revista de ocio, turismo y estilo de vida","og:type":"article","og:title":"La Regi\u00f3n de Murcia se exhibe como destino de turismo deportivo | El Digital de Asturias","og:description":"La Regi\u00f3n de Murcia ha mostrado este mi\u00e9rcoles su potencial como destino de turismo deportivo durante el arranque de la Feria Internacional de Turismo, Fitur 2016, tras la inauguraci\u00f3n por parte de la Reina Letizia de la trigesimosexta edici\u00f3n de la feria madrile\u00f1a, seg\u00fan informaron fuentes del Gobierno regional en un comunicado. En el stand","og:url":"https:\/\/eldigitaldeasturias.com\/magazine365\/la-region-de-murcia-se-exhibe-como-destino-de-turismo-deportivo\/","og:image":"https:\/\/eldigitaldeasturias.com\/magazine365\/wp-content\/uploads\/2016\/01\/fotonoticia_20160120153002_800.jpg","og:image:secure_url":"https:\/\/eldigitaldeasturias.com\/magazine365\/wp-content\/uploads\/2016\/01\/fotonoticia_20160120153002_800.jpg","og:image:width":800,"og:image:height":600,"article:published_time":"2016-01-22T16:43:29+00:00","article:modified_time":"2016-01-22T16:43:29+00:00","twitter:card":"summary_large_image","twitter:title":"La Regi\u00f3n de Murcia se exhibe como destino de turismo deportivo | El Digital de Asturias","twitter:description":"La Regi\u00f3n de Murcia ha mostrado este mi\u00e9rcoles su potencial como destino de turismo deportivo durante el arranque de la Feria Internacional de Turismo, Fitur 2016, tras la inauguraci\u00f3n por parte de la Reina Letizia de la trigesimosexta edici\u00f3n de la feria madrile\u00f1a, seg\u00fan informaron fuentes del Gobierno regional en un comunicado. En el stand","twitter:image":"https:\/\/eldigitaldeasturias.com\/magazine365\/wp-content\/uploads\/2016\/01\/fotonoticia_20160120153002_800.jpg"},"aioseo_meta_data":{"post_id":"61384","title":null,"description":null,"keywords":null,"keyphrases":null,"primary_term":null,"canonical_url":null,"og_title":null,"og_description":null,"og_object_type":"default","og_image_type":"default","og_image_url":null,"og_image_width":null,"og_image_height":null,"og_image_custom_url":null,"og_image_custom_fields":null,"og_video":null,"og_custom_url":null,"og_article_section":null,"og_article_tags":null,"twitter_use_og":false,"twitter_card":"default","twitter_image_type":"default","twitter_image_url":null,"twitter_image_custom_url":null,"twitter_image_custom_fields":null,"twitter_title":null,"twitter_description":null,"schema":{"blockGraphs":[],"customGraphs":[],"default":{"data":{"Article":[],"Course":[],"Dataset":[],"FAQPage":[],"Movie":[],"Person":[],"Product":[],"ProductReview":[],"Car":[],"Recipe":[],"Service":[],"SoftwareApplication":[],"WebPage":[]},"graphName":"","isEnabled":true},"graphs":[],"defaultGraph":"","defaultPostTypeGraph":""},"schema_type":null,"schema_type_options":null,"pillar_content":false,"robots_default":true,"robots_noindex":false,"robots_noarchive":false,"robots_nosnippet":false,"robots_nofollow":false,"robots_noimageindex":false,"robots_noodp":false,"robots_notranslate":false,"robots_max_snippet":null,"robots_max_videopreview":null,"robots_max_imagepreview":"large","priority":null,"frequency":null,"location":null,"local_seo":null,"seo_analyzer_scan_date":"2025-09-25 08:52:16","breadcrumb_settings":null,"limit_modified_date":false,"open_ai":null,"ai":null,"created":"2021-03-08 21:50:00","updated":"2025-09-25 08:52:16"},"aioseo_breadcrumb":"<div class=\"aioseo-breadcrumbs\"><span class=\"aioseo-breadcrumb\">\n\t<a href=\"https:\/\/eldigitaldeasturias.com\/magazine365\" title=\"Home\">Home<\/a>\n<\/span><span class=\"aioseo-breadcrumb-separator\">\u2013<\/span><span class=\"aioseo-breadcrumb\">\n\t<a href=\"https:\/\/eldigitaldeasturias.com\/magazine365\/category\/noticias-actualidad\/\" title=\"Noticias y Actualidad\">Noticias y Actualidad<\/a>\n<\/span><span class=\"aioseo-breadcrumb-separator\">\u2013<\/span><span class=\"aioseo-breadcrumb\">\n\t<a href=\"https:\/\/eldigitaldeasturias.com\/magazine365\/la-region-de-murcia-se-exhibe-como-destino-de-turismo-deportivo\/\" title=\"La Regi\u00f3n de Murcia se exhibe como destino de turismo deportivo\">La Regi\u00f3n de Murcia se exhibe como destino de turismo deportivo<\/a>\n<\/span><\/div>","aioseo_breadcrumb_json":[{"label":"Home","link":"https:\/\/eldigitaldeasturias.com\/magazine365"},{"label":"Noticias y Actualidad","link":"https:\/\/eldigitaldeasturias.com\/magazine365\/category\/noticias-actualidad\/"},{"label":"La Regi\u00f3n de Murcia se exhibe como destino de turismo deportivo","link":"https:\/\/eldigitaldeasturias.com\/magazine365\/la-region-de-murcia-se-exhibe-como-destino-de-turismo-deportivo\/"}],"_links":{"self":[{"href":"https:\/\/eldigitaldeasturias.com\/magazine365\/wp-json\/wp\/v2\/posts\/61384","targetHints":{"allow":["GET"]}}],"collection":[{"href":"https:\/\/eldigitaldeasturias.com\/magazine365\/wp-json\/wp\/v2\/posts"}],"about":[{"href":"https:\/\/eldigitaldeasturias.com\/magazine365\/wp-json\/wp\/v2\/types\/post"}],"author":[{"embeddable":true,"href":"https:\/\/eldigitaldeasturias.com\/magazine365\/wp-json\/wp\/v2\/users\/1"}],"replies":[{"embeddable":true,"href":"https:\/\/eldigitaldeasturias.com\/magazine365\/wp-json\/wp\/v2\/comments?post=61384"}],"version-history":[{"count":0,"href":"https:\/\/eldigitaldeasturias.com\/magazine365\/wp-json\/wp\/v2\/posts\/61384\/revisions"}],"wp:featuredmedia":[{"embeddable":true,"href":"https:\/\/eldigitaldeasturias.com\/magazine365\/wp-json\/wp\/v2\/media\/61385"}],"wp:attachment":[{"href":"https:\/\/eldigitaldeasturias.com\/magazine365\/wp-json\/wp\/v2\/media?parent=61384"}],"wp:term":[{"taxonomy":"category","embeddable":true,"href":"https:\/\/eldigitaldeasturias.com\/magazine365\/wp-json\/wp\/v2\/categories?post=61384"},{"taxonomy":"post_tag","embeddable":true,"href":"https:\/\/eldigitaldeasturias.com\/magazine365\/wp-json\/wp\/v2\/tags?post=61384"}],"curies":[{"name":"wp","href":"https:\/\/api.w.org\/{rel}","templated":true}]}}