{"id":61378,"date":"2016-01-22T17:41:32","date_gmt":"2016-01-22T16:41:32","guid":{"rendered":"http:\/\/eldigitaldeasturias.com\/magazine365\/?p=61378"},"modified":"2016-01-22T17:41:32","modified_gmt":"2016-01-22T16:41:32","slug":"barcelo-critica-la-tasa-turistica-en-baleares-por-su-implantacion-sin-suficiente-antelacion","status":"publish","type":"post","link":"https:\/\/eldigitaldeasturias.com\/magazine365\/barcelo-critica-la-tasa-turistica-en-baleares-por-su-implantacion-sin-suficiente-antelacion\/","title":{"rendered":"Barcel\u00f3 critica la tasa tur\u00edstica en Baleares por su implantaci\u00f3n \u00absin suficiente antelaci\u00f3n\u00bb"},"content":{"rendered":"<p><img fetchpriority=\"high\" decoding=\"async\" class=\"alignleft size-medium wp-image-61379\" src=\"https:\/\/eldigitaldeasturias.com\/magazine365\/wp-content\/uploads\/2016\/01\/fotonoticia_20160120152751_800-360x240.jpg\" alt=\"fotonoticia_20160120152751_800\" width=\"360\" height=\"240\" srcset=\"https:\/\/eldigitaldeasturias.com\/magazine365\/wp-content\/uploads\/2016\/01\/fotonoticia_20160120152751_800-360x240.jpg 360w, https:\/\/eldigitaldeasturias.com\/magazine365\/wp-content\/uploads\/2016\/01\/fotonoticia_20160120152751_800-650x433.jpg 650w, https:\/\/eldigitaldeasturias.com\/magazine365\/wp-content\/uploads\/2016\/01\/fotonoticia_20160120152751_800-768x512.jpg 768w, https:\/\/eldigitaldeasturias.com\/magazine365\/wp-content\/uploads\/2016\/01\/fotonoticia_20160120152751_800-150x100.jpg 150w, https:\/\/eldigitaldeasturias.com\/magazine365\/wp-content\/uploads\/2016\/01\/fotonoticia_20160120152751_800-450x300.jpg 450w, https:\/\/eldigitaldeasturias.com\/magazine365\/wp-content\/uploads\/2016\/01\/fotonoticia_20160120152751_800-696x464.jpg 696w, https:\/\/eldigitaldeasturias.com\/magazine365\/wp-content\/uploads\/2016\/01\/fotonoticia_20160120152751_800-630x420.jpg 630w, https:\/\/eldigitaldeasturias.com\/magazine365\/wp-content\/uploads\/2016\/01\/fotonoticia_20160120152751_800-101x66.jpg 101w, https:\/\/eldigitaldeasturias.com\/magazine365\/wp-content\/uploads\/2016\/01\/fotonoticia_20160120152751_800.jpg 800w\" sizes=\"(max-width: 360px) 100vw, 360px\" \/>El consejero delegado de Barcel\u00f3 Hotels para Europa, Oriente Medio y \u00c1frica, Ra\u00fal Gonz\u00e1lez, ha criticado hoy la nueva tasa tur\u00edstica en Baleares, conocida como ecotasa y que podr\u00eda aplicarse en junio, al tiempo que ha lamentado que se haya aprobado su implantaci\u00f3n sin la \u00absuficiente antelaci\u00f3n\u00bb.<\/p>\n<p>En una rueda de prensa, en el hotel Emperatriz de Madrid con motivo de Fitur 2016, ha explicado que aplicar esta tarifa con tan corto periodo llevar\u00e1 a las hoteleras a asumir ese gasto y ha advertido de las iniciativas que \u00abpueden matar la gallina de los huevos de oro\u00bb.<\/p>\n<p>\u00abNo se pueden cambiar las reglas del juego una vez empezadas\u00bb, ha apuntado Gonz\u00e1lez.<\/p>\n<p>El Govern ha aprobado el proyecto de Ley del Impuesto Tur\u00edstico que supone aplicar una tasa de entre 0,25 y 2 euros a los turistas que visiten las Islas Baleares.<\/p>\n<p>Finalmente, preguntado por la incertidumbre del contexto pol\u00edtico, ha opinado que si se tarda mucho en la formaci\u00f3n del Gobierno, la preocupaci\u00f3n se acabar\u00e1 trasladando al consumidor, por lo que ha instado a que hay que \u00abanteponer los objetivos e intereses del pa\u00eds\u00bb.<\/p>\n","protected":false},"excerpt":{"rendered":"<p>El consejero delegado de Barcel\u00f3 Hotels para Europa, Oriente Medio y \u00c1frica, Ra\u00fal Gonz\u00e1lez, ha criticado hoy la nueva tasa tur\u00edstica en Baleares, conocida como ecotasa y que podr\u00eda aplicarse en junio, al tiempo que ha lamentado que se haya aprobado su implantaci\u00f3n sin la \u00absuficiente antelaci\u00f3n\u00bb. En una rueda de prensa, en el hotel<\/p>\n","protected":false},"author":1,"featured_media":61379,"comment_status":"open","ping_status":"closed","sticky":false,"template":"","format":"standard","meta":{"footnotes":""},"categories":[224],"tags":[],"class_list":{"0":"post-61378","1":"post","2":"type-post","3":"status-publish","4":"format-standard","5":"has-post-thumbnail","7":"category-noticias-actualidad"},"aioseo_notices":[],"aioseo_head":"\n\t\t<!-- All in One SEO Pro 4.9.6.1 - aioseo.com -->\n\t<meta name=\"description\" content=\"El consejero delegado de Barcel\u00f3 Hotels para Europa, Oriente Medio y \u00c1frica, Ra\u00fal Gonz\u00e1lez, ha criticado hoy la nueva tasa tur\u00edstica en Baleares, conocida como ecotasa y que podr\u00eda aplicarse en junio, al tiempo que ha lamentado que se haya aprobado su implantaci\u00f3n sin la &quot;suficiente antelaci\u00f3n&quot;. En una rueda de prensa, en el hotel\" \/>\n\t<meta name=\"robots\" content=\"max-image-preview:large\" \/>\n\t<meta name=\"author\" content=\"admin\"\/>\n\t<meta name=\"google-site-verification\" content=\"UA-38556648-1\" \/>\n\t<meta name=\"keywords\" content=\"noticias y actualidad\" \/>\n\t<link rel=\"canonical\" href=\"https:\/\/eldigitaldeasturias.com\/magazine365\/barcelo-critica-la-tasa-turistica-en-baleares-por-su-implantacion-sin-suficiente-antelacion\/\" \/>\n\t<meta name=\"generator\" content=\"All in One SEO Pro (AIOSEO) 4.9.6.1\" \/>\n\t\t<meta property=\"og:locale\" content=\"es_ES\" \/>\n\t\t<meta property=\"og:site_name\" content=\"El Digital de Asturias \u2013 Revista de ocio, turismo y estilo de vida\" \/>\n\t\t<meta property=\"og:type\" content=\"article\" \/>\n\t\t<meta property=\"og:title\" content=\"Barcel\u00f3 critica la tasa tur\u00edstica en Baleares por su implantaci\u00f3n \u00absin suficiente antelaci\u00f3n\u00bb | El Digital de Asturias\" \/>\n\t\t<meta property=\"og:description\" content=\"El consejero delegado de Barcel\u00f3 Hotels para Europa, Oriente Medio y \u00c1frica, Ra\u00fal Gonz\u00e1lez, ha criticado hoy la nueva tasa tur\u00edstica en Baleares, conocida como ecotasa y que podr\u00eda aplicarse en junio, al tiempo que ha lamentado que se haya aprobado su implantaci\u00f3n sin la &quot;suficiente antelaci\u00f3n&quot;. En una rueda de prensa, en el hotel\" \/>\n\t\t<meta property=\"og:url\" content=\"https:\/\/eldigitaldeasturias.com\/magazine365\/barcelo-critica-la-tasa-turistica-en-baleares-por-su-implantacion-sin-suficiente-antelacion\/\" \/>\n\t\t<meta property=\"og:image\" content=\"https:\/\/eldigitaldeasturias.com\/magazine365\/wp-content\/uploads\/2016\/01\/fotonoticia_20160120152751_800.jpg\" \/>\n\t\t<meta property=\"og:image:secure_url\" content=\"https:\/\/eldigitaldeasturias.com\/magazine365\/wp-content\/uploads\/2016\/01\/fotonoticia_20160120152751_800.jpg\" \/>\n\t\t<meta property=\"og:image:width\" content=\"800\" \/>\n\t\t<meta property=\"og:image:height\" content=\"533\" \/>\n\t\t<meta property=\"article:published_time\" content=\"2016-01-22T16:41:32+00:00\" \/>\n\t\t<meta property=\"article:modified_time\" content=\"2016-01-22T16:41:32+00:00\" \/>\n\t\t<meta name=\"twitter:card\" content=\"summary_large_image\" \/>\n\t\t<meta name=\"twitter:title\" content=\"Barcel\u00f3 critica la tasa tur\u00edstica en Baleares por su implantaci\u00f3n \u00absin suficiente antelaci\u00f3n\u00bb | El Digital de Asturias\" \/>\n\t\t<meta name=\"twitter:description\" content=\"El consejero delegado de Barcel\u00f3 Hotels para Europa, Oriente Medio y \u00c1frica, Ra\u00fal Gonz\u00e1lez, ha criticado hoy la nueva tasa tur\u00edstica en Baleares, conocida como ecotasa y que podr\u00eda aplicarse en junio, al tiempo que ha lamentado que se haya aprobado su implantaci\u00f3n sin la &quot;suficiente antelaci\u00f3n&quot;. En una rueda de prensa, en el hotel\" \/>\n\t\t<meta name=\"twitter:image\" content=\"https:\/\/eldigitaldeasturias.com\/magazine365\/wp-content\/uploads\/2016\/01\/fotonoticia_20160120152751_800.jpg\" \/>\n\t\t<script type=\"application\/ld+json\" class=\"aioseo-schema\">\n\t\t\t{\"@context\":\"https:\\\/\\\/schema.org\",\"@graph\":[{\"@type\":\"Article\",\"@id\":\"https:\\\/\\\/eldigitaldeasturias.com\\\/magazine365\\\/barcelo-critica-la-tasa-turistica-en-baleares-por-su-implantacion-sin-suficiente-antelacion\\\/#article\",\"name\":\"Barcel\\u00f3 critica la tasa tur\\u00edstica en Baleares por su implantaci\\u00f3n \\u00absin suficiente antelaci\\u00f3n\\u00bb | El Digital de Asturias\",\"headline\":\"Barcel\\u00f3 critica la tasa tur\\u00edstica en Baleares por su implantaci\\u00f3n \\u00absin suficiente antelaci\\u00f3n\\u00bb\",\"author\":{\"@id\":\"https:\\\/\\\/eldigitaldeasturias.com\\\/magazine365\\\/author\\\/admin\\\/#author\"},\"publisher\":{\"@id\":\"https:\\\/\\\/eldigitaldeasturias.com\\\/magazine365\\\/#organization\"},\"image\":{\"@type\":\"ImageObject\",\"url\":\"https:\\\/\\\/eldigitaldeasturias.com\\\/magazine365\\\/wp-content\\\/uploads\\\/2016\\\/01\\\/fotonoticia_20160120152751_800.jpg\",\"width\":800,\"height\":533},\"datePublished\":\"2016-01-22T17:41:32+01:00\",\"dateModified\":\"2016-01-22T17:41:32+01:00\",\"inLanguage\":\"es-ES\",\"mainEntityOfPage\":{\"@id\":\"https:\\\/\\\/eldigitaldeasturias.com\\\/magazine365\\\/barcelo-critica-la-tasa-turistica-en-baleares-por-su-implantacion-sin-suficiente-antelacion\\\/#webpage\"},\"isPartOf\":{\"@id\":\"https:\\\/\\\/eldigitaldeasturias.com\\\/magazine365\\\/barcelo-critica-la-tasa-turistica-en-baleares-por-su-implantacion-sin-suficiente-antelacion\\\/#webpage\"},\"articleSection\":\"Noticias y Actualidad\"},{\"@type\":\"BreadcrumbList\",\"@id\":\"https:\\\/\\\/eldigitaldeasturias.com\\\/magazine365\\\/barcelo-critica-la-tasa-turistica-en-baleares-por-su-implantacion-sin-suficiente-antelacion\\\/#breadcrumblist\",\"itemListElement\":[{\"@type\":\"ListItem\",\"@id\":\"https:\\\/\\\/eldigitaldeasturias.com\\\/magazine365#listItem\",\"position\":1,\"name\":\"Home\",\"item\":\"https:\\\/\\\/eldigitaldeasturias.com\\\/magazine365\",\"nextItem\":{\"@type\":\"ListItem\",\"@id\":\"https:\\\/\\\/eldigitaldeasturias.com\\\/magazine365\\\/category\\\/noticias-actualidad\\\/#listItem\",\"name\":\"Noticias y Actualidad\"}},{\"@type\":\"ListItem\",\"@id\":\"https:\\\/\\\/eldigitaldeasturias.com\\\/magazine365\\\/category\\\/noticias-actualidad\\\/#listItem\",\"position\":2,\"name\":\"Noticias y Actualidad\",\"item\":\"https:\\\/\\\/eldigitaldeasturias.com\\\/magazine365\\\/category\\\/noticias-actualidad\\\/\",\"nextItem\":{\"@type\":\"ListItem\",\"@id\":\"https:\\\/\\\/eldigitaldeasturias.com\\\/magazine365\\\/barcelo-critica-la-tasa-turistica-en-baleares-por-su-implantacion-sin-suficiente-antelacion\\\/#listItem\",\"name\":\"Barcel\\u00f3 critica la tasa tur\\u00edstica en Baleares por su implantaci\\u00f3n \\u00absin suficiente antelaci\\u00f3n\\u00bb\"},\"previousItem\":{\"@type\":\"ListItem\",\"@id\":\"https:\\\/\\\/eldigitaldeasturias.com\\\/magazine365#listItem\",\"name\":\"Home\"}},{\"@type\":\"ListItem\",\"@id\":\"https:\\\/\\\/eldigitaldeasturias.com\\\/magazine365\\\/barcelo-critica-la-tasa-turistica-en-baleares-por-su-implantacion-sin-suficiente-antelacion\\\/#listItem\",\"position\":3,\"name\":\"Barcel\\u00f3 critica la tasa tur\\u00edstica en Baleares por su implantaci\\u00f3n \\u00absin suficiente antelaci\\u00f3n\\u00bb\",\"previousItem\":{\"@type\":\"ListItem\",\"@id\":\"https:\\\/\\\/eldigitaldeasturias.com\\\/magazine365\\\/category\\\/noticias-actualidad\\\/#listItem\",\"name\":\"Noticias y Actualidad\"}}]},{\"@type\":\"Organization\",\"@id\":\"https:\\\/\\\/eldigitaldeasturias.com\\\/magazine365\\\/#organization\",\"name\":\"El digital de Asturias\",\"description\":\"Revista de ocio, turismo y estilo de vida\",\"url\":\"https:\\\/\\\/eldigitaldeasturias.com\\\/magazine365\\\/\",\"logo\":{\"@type\":\"ImageObject\",\"url\":\"https:\\\/\\\/www.eldigitaldeasturias.com\\\/noticias\\\/wp-content\\\/uploads\\\/2020\\\/12\\\/EDA.jpg\",\"@id\":\"https:\\\/\\\/eldigitaldeasturias.com\\\/magazine365\\\/barcelo-critica-la-tasa-turistica-en-baleares-por-su-implantacion-sin-suficiente-antelacion\\\/#organizationLogo\"},\"image\":{\"@id\":\"https:\\\/\\\/eldigitaldeasturias.com\\\/magazine365\\\/barcelo-critica-la-tasa-turistica-en-baleares-por-su-implantacion-sin-suficiente-antelacion\\\/#organizationLogo\"}},{\"@type\":\"Person\",\"@id\":\"https:\\\/\\\/eldigitaldeasturias.com\\\/magazine365\\\/author\\\/admin\\\/#author\",\"url\":\"https:\\\/\\\/eldigitaldeasturias.com\\\/magazine365\\\/author\\\/admin\\\/\",\"name\":\"admin\",\"image\":{\"@type\":\"ImageObject\",\"@id\":\"https:\\\/\\\/eldigitaldeasturias.com\\\/magazine365\\\/barcelo-critica-la-tasa-turistica-en-baleares-por-su-implantacion-sin-suficiente-antelacion\\\/#authorImage\",\"url\":\"https:\\\/\\\/eldigitaldeasturias.com\\\/magazine365\\\/wp-content\\\/litespeed\\\/avatar\\\/e571bcf59a0edd6fa6838245a470f2fe.jpg?ver=1776969259\",\"width\":96,\"height\":96,\"caption\":\"admin\"}},{\"@type\":\"WebPage\",\"@id\":\"https:\\\/\\\/eldigitaldeasturias.com\\\/magazine365\\\/barcelo-critica-la-tasa-turistica-en-baleares-por-su-implantacion-sin-suficiente-antelacion\\\/#webpage\",\"url\":\"https:\\\/\\\/eldigitaldeasturias.com\\\/magazine365\\\/barcelo-critica-la-tasa-turistica-en-baleares-por-su-implantacion-sin-suficiente-antelacion\\\/\",\"name\":\"Barcel\\u00f3 critica la tasa tur\\u00edstica en Baleares por su implantaci\\u00f3n \\u00absin suficiente antelaci\\u00f3n\\u00bb | El Digital de Asturias\",\"description\":\"El consejero delegado de Barcel\\u00f3 Hotels para Europa, Oriente Medio y \\u00c1frica, Ra\\u00fal Gonz\\u00e1lez, ha criticado hoy la nueva tasa tur\\u00edstica en Baleares, conocida como ecotasa y que podr\\u00eda aplicarse en junio, al tiempo que ha lamentado que se haya aprobado su implantaci\\u00f3n sin la \\\"suficiente antelaci\\u00f3n\\\". En una rueda de prensa, en el hotel\",\"inLanguage\":\"es-ES\",\"isPartOf\":{\"@id\":\"https:\\\/\\\/eldigitaldeasturias.com\\\/magazine365\\\/#website\"},\"breadcrumb\":{\"@id\":\"https:\\\/\\\/eldigitaldeasturias.com\\\/magazine365\\\/barcelo-critica-la-tasa-turistica-en-baleares-por-su-implantacion-sin-suficiente-antelacion\\\/#breadcrumblist\"},\"author\":{\"@id\":\"https:\\\/\\\/eldigitaldeasturias.com\\\/magazine365\\\/author\\\/admin\\\/#author\"},\"creator\":{\"@id\":\"https:\\\/\\\/eldigitaldeasturias.com\\\/magazine365\\\/author\\\/admin\\\/#author\"},\"image\":{\"@type\":\"ImageObject\",\"url\":\"https:\\\/\\\/eldigitaldeasturias.com\\\/magazine365\\\/wp-content\\\/uploads\\\/2016\\\/01\\\/fotonoticia_20160120152751_800.jpg\",\"@id\":\"https:\\\/\\\/eldigitaldeasturias.com\\\/magazine365\\\/barcelo-critica-la-tasa-turistica-en-baleares-por-su-implantacion-sin-suficiente-antelacion\\\/#mainImage\",\"width\":800,\"height\":533},\"primaryImageOfPage\":{\"@id\":\"https:\\\/\\\/eldigitaldeasturias.com\\\/magazine365\\\/barcelo-critica-la-tasa-turistica-en-baleares-por-su-implantacion-sin-suficiente-antelacion\\\/#mainImage\"},\"datePublished\":\"2016-01-22T17:41:32+01:00\",\"dateModified\":\"2016-01-22T17:41:32+01:00\"},{\"@type\":\"WebSite\",\"@id\":\"https:\\\/\\\/eldigitaldeasturias.com\\\/magazine365\\\/#website\",\"url\":\"https:\\\/\\\/eldigitaldeasturias.com\\\/magazine365\\\/\",\"name\":\"El Digital de Asturias\",\"description\":\"Revista de ocio, turismo y estilo de vida\",\"inLanguage\":\"es-ES\",\"publisher\":{\"@id\":\"https:\\\/\\\/eldigitaldeasturias.com\\\/magazine365\\\/#organization\"}}]}\n\t\t<\/script>\n\t\t<!-- All in One SEO Pro -->\r\n\t\t<title>Barcel\u00f3 critica la tasa tur\u00edstica en Baleares por su implantaci\u00f3n \u00absin suficiente antelaci\u00f3n\u00bb | El Digital de Asturias<\/title>\n\n","aioseo_head_json":{"title":"Barcel\u00f3 critica la tasa tur\u00edstica en Baleares por su implantaci\u00f3n \u00absin suficiente antelaci\u00f3n\u00bb | El Digital de Asturias","description":"El consejero delegado de Barcel\u00f3 Hotels para Europa, Oriente Medio y \u00c1frica, Ra\u00fal Gonz\u00e1lez, ha criticado hoy la nueva tasa tur\u00edstica en Baleares, conocida como ecotasa y que podr\u00eda aplicarse en junio, al tiempo que ha lamentado que se haya aprobado su implantaci\u00f3n sin la \"suficiente antelaci\u00f3n\". En una rueda de prensa, en el hotel","canonical_url":"https:\/\/eldigitaldeasturias.com\/magazine365\/barcelo-critica-la-tasa-turistica-en-baleares-por-su-implantacion-sin-suficiente-antelacion\/","robots":"max-image-preview:large","keywords":"noticias y actualidad","webmasterTools":{"google-site-verification":"UA-38556648-1","miscellaneous":""},"schema":{"@context":"https:\/\/schema.org","@graph":[{"@type":"Article","@id":"https:\/\/eldigitaldeasturias.com\/magazine365\/barcelo-critica-la-tasa-turistica-en-baleares-por-su-implantacion-sin-suficiente-antelacion\/#article","name":"Barcel\u00f3 critica la tasa tur\u00edstica en Baleares por su implantaci\u00f3n \u00absin suficiente antelaci\u00f3n\u00bb | El Digital de Asturias","headline":"Barcel\u00f3 critica la tasa tur\u00edstica en Baleares por su implantaci\u00f3n \u00absin suficiente antelaci\u00f3n\u00bb","author":{"@id":"https:\/\/eldigitaldeasturias.com\/magazine365\/author\/admin\/#author"},"publisher":{"@id":"https:\/\/eldigitaldeasturias.com\/magazine365\/#organization"},"image":{"@type":"ImageObject","url":"https:\/\/eldigitaldeasturias.com\/magazine365\/wp-content\/uploads\/2016\/01\/fotonoticia_20160120152751_800.jpg","width":800,"height":533},"datePublished":"2016-01-22T17:41:32+01:00","dateModified":"2016-01-22T17:41:32+01:00","inLanguage":"es-ES","mainEntityOfPage":{"@id":"https:\/\/eldigitaldeasturias.com\/magazine365\/barcelo-critica-la-tasa-turistica-en-baleares-por-su-implantacion-sin-suficiente-antelacion\/#webpage"},"isPartOf":{"@id":"https:\/\/eldigitaldeasturias.com\/magazine365\/barcelo-critica-la-tasa-turistica-en-baleares-por-su-implantacion-sin-suficiente-antelacion\/#webpage"},"articleSection":"Noticias y Actualidad"},{"@type":"BreadcrumbList","@id":"https:\/\/eldigitaldeasturias.com\/magazine365\/barcelo-critica-la-tasa-turistica-en-baleares-por-su-implantacion-sin-suficiente-antelacion\/#breadcrumblist","itemListElement":[{"@type":"ListItem","@id":"https:\/\/eldigitaldeasturias.com\/magazine365#listItem","position":1,"name":"Home","item":"https:\/\/eldigitaldeasturias.com\/magazine365","nextItem":{"@type":"ListItem","@id":"https:\/\/eldigitaldeasturias.com\/magazine365\/category\/noticias-actualidad\/#listItem","name":"Noticias y Actualidad"}},{"@type":"ListItem","@id":"https:\/\/eldigitaldeasturias.com\/magazine365\/category\/noticias-actualidad\/#listItem","position":2,"name":"Noticias y Actualidad","item":"https:\/\/eldigitaldeasturias.com\/magazine365\/category\/noticias-actualidad\/","nextItem":{"@type":"ListItem","@id":"https:\/\/eldigitaldeasturias.com\/magazine365\/barcelo-critica-la-tasa-turistica-en-baleares-por-su-implantacion-sin-suficiente-antelacion\/#listItem","name":"Barcel\u00f3 critica la tasa tur\u00edstica en Baleares por su implantaci\u00f3n \u00absin suficiente antelaci\u00f3n\u00bb"},"previousItem":{"@type":"ListItem","@id":"https:\/\/eldigitaldeasturias.com\/magazine365#listItem","name":"Home"}},{"@type":"ListItem","@id":"https:\/\/eldigitaldeasturias.com\/magazine365\/barcelo-critica-la-tasa-turistica-en-baleares-por-su-implantacion-sin-suficiente-antelacion\/#listItem","position":3,"name":"Barcel\u00f3 critica la tasa tur\u00edstica en Baleares por su implantaci\u00f3n \u00absin suficiente antelaci\u00f3n\u00bb","previousItem":{"@type":"ListItem","@id":"https:\/\/eldigitaldeasturias.com\/magazine365\/category\/noticias-actualidad\/#listItem","name":"Noticias y Actualidad"}}]},{"@type":"Organization","@id":"https:\/\/eldigitaldeasturias.com\/magazine365\/#organization","name":"El digital de Asturias","description":"Revista de ocio, turismo y estilo de vida","url":"https:\/\/eldigitaldeasturias.com\/magazine365\/","logo":{"@type":"ImageObject","url":"https:\/\/www.eldigitaldeasturias.com\/noticias\/wp-content\/uploads\/2020\/12\/EDA.jpg","@id":"https:\/\/eldigitaldeasturias.com\/magazine365\/barcelo-critica-la-tasa-turistica-en-baleares-por-su-implantacion-sin-suficiente-antelacion\/#organizationLogo"},"image":{"@id":"https:\/\/eldigitaldeasturias.com\/magazine365\/barcelo-critica-la-tasa-turistica-en-baleares-por-su-implantacion-sin-suficiente-antelacion\/#organizationLogo"}},{"@type":"Person","@id":"https:\/\/eldigitaldeasturias.com\/magazine365\/author\/admin\/#author","url":"https:\/\/eldigitaldeasturias.com\/magazine365\/author\/admin\/","name":"admin","image":{"@type":"ImageObject","@id":"https:\/\/eldigitaldeasturias.com\/magazine365\/barcelo-critica-la-tasa-turistica-en-baleares-por-su-implantacion-sin-suficiente-antelacion\/#authorImage","url":"https:\/\/eldigitaldeasturias.com\/magazine365\/wp-content\/litespeed\/avatar\/e571bcf59a0edd6fa6838245a470f2fe.jpg?ver=1776969259","width":96,"height":96,"caption":"admin"}},{"@type":"WebPage","@id":"https:\/\/eldigitaldeasturias.com\/magazine365\/barcelo-critica-la-tasa-turistica-en-baleares-por-su-implantacion-sin-suficiente-antelacion\/#webpage","url":"https:\/\/eldigitaldeasturias.com\/magazine365\/barcelo-critica-la-tasa-turistica-en-baleares-por-su-implantacion-sin-suficiente-antelacion\/","name":"Barcel\u00f3 critica la tasa tur\u00edstica en Baleares por su implantaci\u00f3n \u00absin suficiente antelaci\u00f3n\u00bb | El Digital de Asturias","description":"El consejero delegado de Barcel\u00f3 Hotels para Europa, Oriente Medio y \u00c1frica, Ra\u00fal Gonz\u00e1lez, ha criticado hoy la nueva tasa tur\u00edstica en Baleares, conocida como ecotasa y que podr\u00eda aplicarse en junio, al tiempo que ha lamentado que se haya aprobado su implantaci\u00f3n sin la \"suficiente antelaci\u00f3n\". En una rueda de prensa, en el hotel","inLanguage":"es-ES","isPartOf":{"@id":"https:\/\/eldigitaldeasturias.com\/magazine365\/#website"},"breadcrumb":{"@id":"https:\/\/eldigitaldeasturias.com\/magazine365\/barcelo-critica-la-tasa-turistica-en-baleares-por-su-implantacion-sin-suficiente-antelacion\/#breadcrumblist"},"author":{"@id":"https:\/\/eldigitaldeasturias.com\/magazine365\/author\/admin\/#author"},"creator":{"@id":"https:\/\/eldigitaldeasturias.com\/magazine365\/author\/admin\/#author"},"image":{"@type":"ImageObject","url":"https:\/\/eldigitaldeasturias.com\/magazine365\/wp-content\/uploads\/2016\/01\/fotonoticia_20160120152751_800.jpg","@id":"https:\/\/eldigitaldeasturias.com\/magazine365\/barcelo-critica-la-tasa-turistica-en-baleares-por-su-implantacion-sin-suficiente-antelacion\/#mainImage","width":800,"height":533},"primaryImageOfPage":{"@id":"https:\/\/eldigitaldeasturias.com\/magazine365\/barcelo-critica-la-tasa-turistica-en-baleares-por-su-implantacion-sin-suficiente-antelacion\/#mainImage"},"datePublished":"2016-01-22T17:41:32+01:00","dateModified":"2016-01-22T17:41:32+01:00"},{"@type":"WebSite","@id":"https:\/\/eldigitaldeasturias.com\/magazine365\/#website","url":"https:\/\/eldigitaldeasturias.com\/magazine365\/","name":"El Digital de Asturias","description":"Revista de ocio, turismo y estilo de vida","inLanguage":"es-ES","publisher":{"@id":"https:\/\/eldigitaldeasturias.com\/magazine365\/#organization"}}]},"og:locale":"es_ES","og:site_name":"El Digital de Asturias \u2013 Revista de ocio, turismo y estilo de vida","og:type":"article","og:title":"Barcel\u00f3 critica la tasa tur\u00edstica en Baleares por su implantaci\u00f3n \u00absin suficiente antelaci\u00f3n\u00bb | El Digital de Asturias","og:description":"El consejero delegado de Barcel\u00f3 Hotels para Europa, Oriente Medio y \u00c1frica, Ra\u00fal Gonz\u00e1lez, ha criticado hoy la nueva tasa tur\u00edstica en Baleares, conocida como ecotasa y que podr\u00eda aplicarse en junio, al tiempo que ha lamentado que se haya aprobado su implantaci\u00f3n sin la &quot;suficiente antelaci\u00f3n&quot;. En una rueda de prensa, en el hotel","og:url":"https:\/\/eldigitaldeasturias.com\/magazine365\/barcelo-critica-la-tasa-turistica-en-baleares-por-su-implantacion-sin-suficiente-antelacion\/","og:image":"https:\/\/eldigitaldeasturias.com\/magazine365\/wp-content\/uploads\/2016\/01\/fotonoticia_20160120152751_800.jpg","og:image:secure_url":"https:\/\/eldigitaldeasturias.com\/magazine365\/wp-content\/uploads\/2016\/01\/fotonoticia_20160120152751_800.jpg","og:image:width":800,"og:image:height":533,"article:published_time":"2016-01-22T16:41:32+00:00","article:modified_time":"2016-01-22T16:41:32+00:00","twitter:card":"summary_large_image","twitter:title":"Barcel\u00f3 critica la tasa tur\u00edstica en Baleares por su implantaci\u00f3n \u00absin suficiente antelaci\u00f3n\u00bb | El Digital de Asturias","twitter:description":"El consejero delegado de Barcel\u00f3 Hotels para Europa, Oriente Medio y \u00c1frica, Ra\u00fal Gonz\u00e1lez, ha criticado hoy la nueva tasa tur\u00edstica en Baleares, conocida como ecotasa y que podr\u00eda aplicarse en junio, al tiempo que ha lamentado que se haya aprobado su implantaci\u00f3n sin la &quot;suficiente antelaci\u00f3n&quot;. En una rueda de prensa, en el hotel","twitter:image":"https:\/\/eldigitaldeasturias.com\/magazine365\/wp-content\/uploads\/2016\/01\/fotonoticia_20160120152751_800.jpg"},"aioseo_meta_data":{"post_id":"61378","title":null,"description":null,"keywords":null,"keyphrases":null,"primary_term":null,"canonical_url":null,"og_title":null,"og_description":null,"og_object_type":"default","og_image_type":"default","og_image_url":null,"og_image_width":null,"og_image_height":null,"og_image_custom_url":null,"og_image_custom_fields":null,"og_video":null,"og_custom_url":null,"og_article_section":null,"og_article_tags":null,"twitter_use_og":false,"twitter_card":"default","twitter_image_type":"default","twitter_image_url":null,"twitter_image_custom_url":null,"twitter_image_custom_fields":null,"twitter_title":null,"twitter_description":null,"schema":{"blockGraphs":[],"customGraphs":[],"default":{"data":{"Article":[],"Course":[],"Dataset":[],"FAQPage":[],"Movie":[],"Person":[],"Product":[],"ProductReview":[],"Car":[],"Recipe":[],"Service":[],"SoftwareApplication":[],"WebPage":[]},"graphName":"","isEnabled":true},"graphs":[],"defaultGraph":"","defaultPostTypeGraph":""},"schema_type":null,"schema_type_options":null,"pillar_content":false,"robots_default":true,"robots_noindex":false,"robots_noarchive":false,"robots_nosnippet":false,"robots_nofollow":false,"robots_noimageindex":false,"robots_noodp":false,"robots_notranslate":false,"robots_max_snippet":null,"robots_max_videopreview":null,"robots_max_imagepreview":"large","priority":null,"frequency":null,"location":null,"local_seo":null,"seo_analyzer_scan_date":"2025-09-25 08:50:26","breadcrumb_settings":null,"limit_modified_date":false,"open_ai":null,"ai":null,"created":"2021-03-08 21:50:55","updated":"2025-09-25 08:50:26"},"aioseo_breadcrumb":"<div class=\"aioseo-breadcrumbs\"><span class=\"aioseo-breadcrumb\">\n\t<a href=\"https:\/\/eldigitaldeasturias.com\/magazine365\" title=\"Home\">Home<\/a>\n<\/span><span class=\"aioseo-breadcrumb-separator\">\u2013<\/span><span class=\"aioseo-breadcrumb\">\n\t<a href=\"https:\/\/eldigitaldeasturias.com\/magazine365\/category\/noticias-actualidad\/\" title=\"Noticias y Actualidad\">Noticias y Actualidad<\/a>\n<\/span><span class=\"aioseo-breadcrumb-separator\">\u2013<\/span><span class=\"aioseo-breadcrumb\">\n\t<a href=\"https:\/\/eldigitaldeasturias.com\/magazine365\/barcelo-critica-la-tasa-turistica-en-baleares-por-su-implantacion-sin-suficiente-antelacion\/\" title=\"Barcel\u00f3 critica la tasa tur\u00edstica en Baleares por su implantaci\u00f3n \u00absin suficiente antelaci\u00f3n\u00bb\">Barcel\u00f3 critica la tasa tur\u00edstica en Baleares por su implantaci\u00f3n \u00absin suficiente antelaci\u00f3n\u00bb<\/a>\n<\/span><\/div>","aioseo_breadcrumb_json":[{"label":"Home","link":"https:\/\/eldigitaldeasturias.com\/magazine365"},{"label":"Noticias y Actualidad","link":"https:\/\/eldigitaldeasturias.com\/magazine365\/category\/noticias-actualidad\/"},{"label":"Barcel\u00f3 critica la tasa tur\u00edstica en Baleares por su implantaci\u00f3n \u00absin suficiente antelaci\u00f3n\u00bb","link":"https:\/\/eldigitaldeasturias.com\/magazine365\/barcelo-critica-la-tasa-turistica-en-baleares-por-su-implantacion-sin-suficiente-antelacion\/"}],"_links":{"self":[{"href":"https:\/\/eldigitaldeasturias.com\/magazine365\/wp-json\/wp\/v2\/posts\/61378","targetHints":{"allow":["GET"]}}],"collection":[{"href":"https:\/\/eldigitaldeasturias.com\/magazine365\/wp-json\/wp\/v2\/posts"}],"about":[{"href":"https:\/\/eldigitaldeasturias.com\/magazine365\/wp-json\/wp\/v2\/types\/post"}],"author":[{"embeddable":true,"href":"https:\/\/eldigitaldeasturias.com\/magazine365\/wp-json\/wp\/v2\/users\/1"}],"replies":[{"embeddable":true,"href":"https:\/\/eldigitaldeasturias.com\/magazine365\/wp-json\/wp\/v2\/comments?post=61378"}],"version-history":[{"count":0,"href":"https:\/\/eldigitaldeasturias.com\/magazine365\/wp-json\/wp\/v2\/posts\/61378\/revisions"}],"wp:featuredmedia":[{"embeddable":true,"href":"https:\/\/eldigitaldeasturias.com\/magazine365\/wp-json\/wp\/v2\/media\/61379"}],"wp:attachment":[{"href":"https:\/\/eldigitaldeasturias.com\/magazine365\/wp-json\/wp\/v2\/media?parent=61378"}],"wp:term":[{"taxonomy":"category","embeddable":true,"href":"https:\/\/eldigitaldeasturias.com\/magazine365\/wp-json\/wp\/v2\/categories?post=61378"},{"taxonomy":"post_tag","embeddable":true,"href":"https:\/\/eldigitaldeasturias.com\/magazine365\/wp-json\/wp\/v2\/tags?post=61378"}],"curies":[{"name":"wp","href":"https:\/\/api.w.org\/{rel}","templated":true}]}}