{"id":61370,"date":"2016-01-22T17:39:02","date_gmt":"2016-01-22T16:39:02","guid":{"rendered":"http:\/\/eldigitaldeasturias.com\/magazine365\/?p=61370"},"modified":"2016-01-22T17:39:02","modified_gmt":"2016-01-22T16:39:02","slug":"el-plan-de-promocion-de-las-edades-del-hombre-de-toro-aglutina-patrimonio-enogastronomia-y-naturaleza","status":"publish","type":"post","link":"https:\/\/eldigitaldeasturias.com\/magazine365\/el-plan-de-promocion-de-las-edades-del-hombre-de-toro-aglutina-patrimonio-enogastronomia-y-naturaleza\/","title":{"rendered":"El Plan de Promoci\u00f3n de Las Edades del Hombre de Toro aglutina patrimonio, enogastronom\u00eda y naturaleza"},"content":{"rendered":"<p> La Consejer\u00eda de Cultura y Turismo ha presentado este mi\u00e9rcoles en Fitur el Plan de Promoci\u00f3n de la pr\u00f3xima edici\u00f3n de Las Edades del Hombre 2016 que se celebrar\u00e1 en Toro (Zamora) y que aglutina patrimonio cultural, enogastronom\u00eda y recursos naturales.<\/p>\n<p>   La consejera, acompa\u00f1ada del secretario general de la Fundaci\u00f3n Las Edades del Hombre, Gonzalo Jim\u00e9nez S\u00e1nchez, ha recordado que la promoci\u00f3n de la exposici\u00f3n, que tendr\u00e1 lugar de abril a noviembre, comenz\u00f3 el pasado mes de noviembre, en el marco de la Feria Intur, cuando se dio a conocer el t\u00edtulo e imagen del cartel.<\/p>\n<p>   Desde ese momento, ha indicado la responsable de Cultura, ya se han realizado diferentes acciones en el mercado exterior, con el objetivo de incorporar el producto tur\u00edstico a los cat\u00e1logos de las agencias de viajes internacionales.<\/p>\n<p>   Como ha recordado Garc\u00eda Cirac, el plan de promoci\u00f3n tiene un eje muy importante en la internacionalizaci\u00f3n del producto tur\u00edstico.<\/p>\n<p>   En este sentido, la presencia de Castilla y Le\u00f3n en Fitur posibilita la presentaci\u00f3n del producto tur\u00edstico a los agentes de los mercados prioritarios, tanto en los encuentros de trabajo que se est\u00e1n manteniendo con 16 Oficinas de Turismo exteriores, como en la actividad comercial que se est\u00e1 desarrollando en la Feria Fitur y que va a permitir presentar esta edici\u00f3n de las Edades del Hombre a 200 operadores internacionales<\/p>\n<p>PORTUGAL COMO MERCADO PRIORITARIO<\/p>\n<p>   El plan de promoci\u00f3n, en su parte de internacionalizaci\u00f3n, incide en una promoci\u00f3n en Portugal como mercado de proximidad y de gran inter\u00e9s para el empresariado.<\/p>\n<p>   As\u00ed, en el marco de Fitur se ha convocado a ocho grandes operadores portugueses que participan en un encuentro comercial y van a realizar un viaje de familiarizaci\u00f3n para conocer la oferta tur\u00edstica de Castilla y Le\u00f3n, conociendo Toro y sus recursos tur\u00edsticos.<\/p>\n<p>   Como importante novedad de esta edici\u00f3n de Las Edades, en el mes de marzo se organizar\u00e1 en Oporto una presentaci\u00f3n de la exposici\u00f3n, que ir\u00e1 acompa\u00f1ada de unas jornadas comerciales.<\/p>\n<p>   Adem\u00e1s, en este mismo mes, se organizar\u00e1 un viaje de familiarizaci\u00f3n con la tem\u00e1tica &#8216;Ruta del Duero y Rom\u00e1nico&#8217;, dirigido a agentes de viajes nacionales e internacionales, que incluir\u00e1 una jornada de comercializaci\u00f3n dirigida a los contactos profesionales entre los operadores y los empresarios tur\u00edsticos de Zamora.<\/p>\n<p>   Esta promoci\u00f3n internacional, que aglutina diferentes acciones de comercializaci\u00f3n, llevar\u00e1 el producto tur\u00edstico de Castilla y Le\u00f3n a 12 ferias internacionales, colaborando con las delegaciones de los Institutos Cervantes y la Red de Casas Regionales de Castilla y Le\u00f3n en el extranjero.<\/p>\n<p>APUESTA EMPRESARIAL A NIVEL NACIONAL<\/p>\n<p>   El plan de promoci\u00f3n dirige sus acciones en el mercado nacional a trav\u00e9s de la presencia en 13 cert\u00e1menes feriales y con acciones destacadas en Madrid, principal mercado emisor de turistas, donde se llevar\u00e1 a cabo una presentaci\u00f3n destinada a agentes de viaje y prensa especializada.<\/p>\n<p>   La Consejer\u00eda de Cultura y Turismo, como entidad responsable de este Plan de Promoci\u00f3n, ha entablado contactos con grandes empresas de \u00e1mbito nacional para que sumen sus canales promocionales al servicio del nuevo producto tur\u00edstico, como ya lo ha hecho RENFE, a trav\u00e9s de acciones conjuntas que van a permitir una promoci\u00f3n de gran alcance, adem\u00e1s de facilitar el transporte a trav\u00e9s de las nuevas l\u00edneas de alta velocidad.<\/p>\n<p>   Adem\u00e1s, con el sector tur\u00edstico de la Comunidad se est\u00e1n manteniendo diferentes encuentros con el objetivo de poner en marcha la &#8216;Tarjeta Tur\u00edstica Las Edades&#8217; y los &#8216;Men\u00fas Las Edades&#8217;, dos importantes herramientas promocionales y de comercializaci\u00f3n cuyo objetivo principal es el de aumentar las pernoctaciones y el gasto tur\u00edstico, y que se encuentran en fase de adhesi\u00f3n de colaboradores hasta el pr\u00f3ximo 1 de marzo.<\/p>\n<p>   Desde la Consejer\u00eda se trabaja, adem\u00e1s, en un calendario de promoci\u00f3n a trav\u00e9s de los canales online, que potencien la innovaci\u00f3n y se dirijan a nuevos segmentos de poblaci\u00f3n, apostando por acciones con blogueros o relevantes comunicadores online que van a permitir la amplificaci\u00f3n del mensaje. Adem\u00e1s, la nueva APP para m\u00f3viles de Las Edades permitir\u00e1 la descarga digital de la &#8216;Tarjeta Tur\u00edstica Las Edades&#8217;.<\/p>\n","protected":false},"excerpt":{"rendered":"<p>La Consejer\u00eda de Cultura y Turismo ha presentado este mi\u00e9rcoles en Fitur el Plan de Promoci\u00f3n de la pr\u00f3xima edici\u00f3n de Las Edades del Hombre 2016 que se celebrar\u00e1 en Toro (Zamora) y que aglutina patrimonio cultural, enogastronom\u00eda y recursos naturales. La consejera, acompa\u00f1ada del secretario general de la Fundaci\u00f3n Las Edades del Hombre, Gonzalo<\/p>\n","protected":false},"author":1,"featured_media":61252,"comment_status":"open","ping_status":"closed","sticky":false,"template":"","format":"standard","meta":{"footnotes":""},"categories":[224],"tags":[],"class_list":{"0":"post-61370","1":"post","2":"type-post","3":"status-publish","4":"format-standard","5":"has-post-thumbnail","7":"category-noticias-actualidad"},"aioseo_notices":[],"aioseo_head":"\n\t\t<!-- All in One SEO Pro 4.9.6.1 - aioseo.com -->\n\t<meta name=\"description\" content=\"La Consejer\u00eda de Cultura y Turismo ha presentado este mi\u00e9rcoles en Fitur el Plan de Promoci\u00f3n de la pr\u00f3xima edici\u00f3n de Las Edades del Hombre 2016 que se celebrar\u00e1 en Toro (Zamora) y que aglutina patrimonio cultural, enogastronom\u00eda y recursos naturales. La consejera, acompa\u00f1ada del secretario general de la Fundaci\u00f3n Las Edades del Hombre, Gonzalo\" \/>\n\t<meta name=\"robots\" content=\"max-image-preview:large\" \/>\n\t<meta name=\"author\" content=\"admin\"\/>\n\t<meta name=\"google-site-verification\" content=\"UA-38556648-1\" \/>\n\t<meta name=\"keywords\" content=\"noticias y actualidad\" \/>\n\t<link rel=\"canonical\" href=\"https:\/\/eldigitaldeasturias.com\/magazine365\/el-plan-de-promocion-de-las-edades-del-hombre-de-toro-aglutina-patrimonio-enogastronomia-y-naturaleza\/\" \/>\n\t<meta name=\"generator\" content=\"All in One SEO Pro (AIOSEO) 4.9.6.1\" \/>\n\t\t<meta property=\"og:locale\" content=\"es_ES\" \/>\n\t\t<meta property=\"og:site_name\" content=\"El Digital de Asturias \u2013 Revista de ocio, turismo y estilo de vida\" \/>\n\t\t<meta property=\"og:type\" content=\"article\" \/>\n\t\t<meta property=\"og:title\" content=\"El Plan de Promoci\u00f3n de Las Edades del Hombre de Toro aglutina patrimonio, enogastronom\u00eda y naturaleza | El Digital de Asturias\" \/>\n\t\t<meta property=\"og:description\" content=\"La Consejer\u00eda de Cultura y Turismo ha presentado este mi\u00e9rcoles en Fitur el Plan de Promoci\u00f3n de la pr\u00f3xima edici\u00f3n de Las Edades del Hombre 2016 que se celebrar\u00e1 en Toro (Zamora) y que aglutina patrimonio cultural, enogastronom\u00eda y recursos naturales. La consejera, acompa\u00f1ada del secretario general de la Fundaci\u00f3n Las Edades del Hombre, Gonzalo\" \/>\n\t\t<meta property=\"og:url\" content=\"https:\/\/eldigitaldeasturias.com\/magazine365\/el-plan-de-promocion-de-las-edades-del-hombre-de-toro-aglutina-patrimonio-enogastronomia-y-naturaleza\/\" \/>\n\t\t<meta property=\"og:image\" content=\"https:\/\/eldigitaldeasturias.com\/magazine365\/wp-content\/uploads\/2016\/01\/fitur2016.jpg\" \/>\n\t\t<meta property=\"og:image:secure_url\" content=\"https:\/\/eldigitaldeasturias.com\/magazine365\/wp-content\/uploads\/2016\/01\/fitur2016.jpg\" \/>\n\t\t<meta property=\"og:image:width\" content=\"800\" \/>\n\t\t<meta property=\"og:image:height\" content=\"533\" \/>\n\t\t<meta property=\"article:published_time\" content=\"2016-01-22T16:39:02+00:00\" \/>\n\t\t<meta property=\"article:modified_time\" content=\"2016-01-22T16:39:02+00:00\" \/>\n\t\t<meta name=\"twitter:card\" content=\"summary_large_image\" \/>\n\t\t<meta name=\"twitter:title\" content=\"El Plan de Promoci\u00f3n de Las Edades del Hombre de Toro aglutina patrimonio, enogastronom\u00eda y naturaleza | El Digital de Asturias\" \/>\n\t\t<meta name=\"twitter:description\" content=\"La Consejer\u00eda de Cultura y Turismo ha presentado este mi\u00e9rcoles en Fitur el Plan de Promoci\u00f3n de la pr\u00f3xima edici\u00f3n de Las Edades del Hombre 2016 que se celebrar\u00e1 en Toro (Zamora) y que aglutina patrimonio cultural, enogastronom\u00eda y recursos naturales. La consejera, acompa\u00f1ada del secretario general de la Fundaci\u00f3n Las Edades del Hombre, Gonzalo\" \/>\n\t\t<meta name=\"twitter:image\" content=\"https:\/\/eldigitaldeasturias.com\/magazine365\/wp-content\/uploads\/2016\/01\/fitur2016.jpg\" \/>\n\t\t<script type=\"application\/ld+json\" class=\"aioseo-schema\">\n\t\t\t{\"@context\":\"https:\\\/\\\/schema.org\",\"@graph\":[{\"@type\":\"Article\",\"@id\":\"https:\\\/\\\/eldigitaldeasturias.com\\\/magazine365\\\/el-plan-de-promocion-de-las-edades-del-hombre-de-toro-aglutina-patrimonio-enogastronomia-y-naturaleza\\\/#article\",\"name\":\"El Plan de Promoci\\u00f3n de Las Edades del Hombre de Toro aglutina patrimonio, enogastronom\\u00eda y naturaleza | El Digital de Asturias\",\"headline\":\"El Plan de Promoci\\u00f3n de Las Edades del Hombre de Toro aglutina patrimonio, enogastronom\\u00eda y naturaleza\",\"author\":{\"@id\":\"https:\\\/\\\/eldigitaldeasturias.com\\\/magazine365\\\/author\\\/admin\\\/#author\"},\"publisher\":{\"@id\":\"https:\\\/\\\/eldigitaldeasturias.com\\\/magazine365\\\/#organization\"},\"image\":{\"@type\":\"ImageObject\",\"url\":\"https:\\\/\\\/eldigitaldeasturias.com\\\/magazine365\\\/wp-content\\\/uploads\\\/2016\\\/01\\\/fitur2016.jpg\",\"width\":800,\"height\":533},\"datePublished\":\"2016-01-22T17:39:02+01:00\",\"dateModified\":\"2016-01-22T17:39:02+01:00\",\"inLanguage\":\"es-ES\",\"mainEntityOfPage\":{\"@id\":\"https:\\\/\\\/eldigitaldeasturias.com\\\/magazine365\\\/el-plan-de-promocion-de-las-edades-del-hombre-de-toro-aglutina-patrimonio-enogastronomia-y-naturaleza\\\/#webpage\"},\"isPartOf\":{\"@id\":\"https:\\\/\\\/eldigitaldeasturias.com\\\/magazine365\\\/el-plan-de-promocion-de-las-edades-del-hombre-de-toro-aglutina-patrimonio-enogastronomia-y-naturaleza\\\/#webpage\"},\"articleSection\":\"Noticias y Actualidad\"},{\"@type\":\"BreadcrumbList\",\"@id\":\"https:\\\/\\\/eldigitaldeasturias.com\\\/magazine365\\\/el-plan-de-promocion-de-las-edades-del-hombre-de-toro-aglutina-patrimonio-enogastronomia-y-naturaleza\\\/#breadcrumblist\",\"itemListElement\":[{\"@type\":\"ListItem\",\"@id\":\"https:\\\/\\\/eldigitaldeasturias.com\\\/magazine365#listItem\",\"position\":1,\"name\":\"Home\",\"item\":\"https:\\\/\\\/eldigitaldeasturias.com\\\/magazine365\",\"nextItem\":{\"@type\":\"ListItem\",\"@id\":\"https:\\\/\\\/eldigitaldeasturias.com\\\/magazine365\\\/category\\\/noticias-actualidad\\\/#listItem\",\"name\":\"Noticias y Actualidad\"}},{\"@type\":\"ListItem\",\"@id\":\"https:\\\/\\\/eldigitaldeasturias.com\\\/magazine365\\\/category\\\/noticias-actualidad\\\/#listItem\",\"position\":2,\"name\":\"Noticias y Actualidad\",\"item\":\"https:\\\/\\\/eldigitaldeasturias.com\\\/magazine365\\\/category\\\/noticias-actualidad\\\/\",\"nextItem\":{\"@type\":\"ListItem\",\"@id\":\"https:\\\/\\\/eldigitaldeasturias.com\\\/magazine365\\\/el-plan-de-promocion-de-las-edades-del-hombre-de-toro-aglutina-patrimonio-enogastronomia-y-naturaleza\\\/#listItem\",\"name\":\"El Plan de Promoci\\u00f3n de Las Edades del Hombre de Toro aglutina patrimonio, enogastronom\\u00eda y naturaleza\"},\"previousItem\":{\"@type\":\"ListItem\",\"@id\":\"https:\\\/\\\/eldigitaldeasturias.com\\\/magazine365#listItem\",\"name\":\"Home\"}},{\"@type\":\"ListItem\",\"@id\":\"https:\\\/\\\/eldigitaldeasturias.com\\\/magazine365\\\/el-plan-de-promocion-de-las-edades-del-hombre-de-toro-aglutina-patrimonio-enogastronomia-y-naturaleza\\\/#listItem\",\"position\":3,\"name\":\"El Plan de Promoci\\u00f3n de Las Edades del Hombre de Toro aglutina patrimonio, enogastronom\\u00eda y naturaleza\",\"previousItem\":{\"@type\":\"ListItem\",\"@id\":\"https:\\\/\\\/eldigitaldeasturias.com\\\/magazine365\\\/category\\\/noticias-actualidad\\\/#listItem\",\"name\":\"Noticias y Actualidad\"}}]},{\"@type\":\"Organization\",\"@id\":\"https:\\\/\\\/eldigitaldeasturias.com\\\/magazine365\\\/#organization\",\"name\":\"El digital de Asturias\",\"description\":\"Revista de ocio, turismo y estilo de vida\",\"url\":\"https:\\\/\\\/eldigitaldeasturias.com\\\/magazine365\\\/\",\"logo\":{\"@type\":\"ImageObject\",\"url\":\"https:\\\/\\\/www.eldigitaldeasturias.com\\\/noticias\\\/wp-content\\\/uploads\\\/2020\\\/12\\\/EDA.jpg\",\"@id\":\"https:\\\/\\\/eldigitaldeasturias.com\\\/magazine365\\\/el-plan-de-promocion-de-las-edades-del-hombre-de-toro-aglutina-patrimonio-enogastronomia-y-naturaleza\\\/#organizationLogo\"},\"image\":{\"@id\":\"https:\\\/\\\/eldigitaldeasturias.com\\\/magazine365\\\/el-plan-de-promocion-de-las-edades-del-hombre-de-toro-aglutina-patrimonio-enogastronomia-y-naturaleza\\\/#organizationLogo\"}},{\"@type\":\"Person\",\"@id\":\"https:\\\/\\\/eldigitaldeasturias.com\\\/magazine365\\\/author\\\/admin\\\/#author\",\"url\":\"https:\\\/\\\/eldigitaldeasturias.com\\\/magazine365\\\/author\\\/admin\\\/\",\"name\":\"admin\",\"image\":{\"@type\":\"ImageObject\",\"@id\":\"https:\\\/\\\/eldigitaldeasturias.com\\\/magazine365\\\/el-plan-de-promocion-de-las-edades-del-hombre-de-toro-aglutina-patrimonio-enogastronomia-y-naturaleza\\\/#authorImage\",\"url\":\"https:\\\/\\\/eldigitaldeasturias.com\\\/magazine365\\\/wp-content\\\/litespeed\\\/avatar\\\/e571bcf59a0edd6fa6838245a470f2fe.jpg?ver=1776969259\",\"width\":96,\"height\":96,\"caption\":\"admin\"}},{\"@type\":\"WebPage\",\"@id\":\"https:\\\/\\\/eldigitaldeasturias.com\\\/magazine365\\\/el-plan-de-promocion-de-las-edades-del-hombre-de-toro-aglutina-patrimonio-enogastronomia-y-naturaleza\\\/#webpage\",\"url\":\"https:\\\/\\\/eldigitaldeasturias.com\\\/magazine365\\\/el-plan-de-promocion-de-las-edades-del-hombre-de-toro-aglutina-patrimonio-enogastronomia-y-naturaleza\\\/\",\"name\":\"El Plan de Promoci\\u00f3n de Las Edades del Hombre de Toro aglutina patrimonio, enogastronom\\u00eda y naturaleza | El Digital de Asturias\",\"description\":\"La Consejer\\u00eda de Cultura y Turismo ha presentado este mi\\u00e9rcoles en Fitur el Plan de Promoci\\u00f3n de la pr\\u00f3xima edici\\u00f3n de Las Edades del Hombre 2016 que se celebrar\\u00e1 en Toro (Zamora) y que aglutina patrimonio cultural, enogastronom\\u00eda y recursos naturales. La consejera, acompa\\u00f1ada del secretario general de la Fundaci\\u00f3n Las Edades del Hombre, Gonzalo\",\"inLanguage\":\"es-ES\",\"isPartOf\":{\"@id\":\"https:\\\/\\\/eldigitaldeasturias.com\\\/magazine365\\\/#website\"},\"breadcrumb\":{\"@id\":\"https:\\\/\\\/eldigitaldeasturias.com\\\/magazine365\\\/el-plan-de-promocion-de-las-edades-del-hombre-de-toro-aglutina-patrimonio-enogastronomia-y-naturaleza\\\/#breadcrumblist\"},\"author\":{\"@id\":\"https:\\\/\\\/eldigitaldeasturias.com\\\/magazine365\\\/author\\\/admin\\\/#author\"},\"creator\":{\"@id\":\"https:\\\/\\\/eldigitaldeasturias.com\\\/magazine365\\\/author\\\/admin\\\/#author\"},\"image\":{\"@type\":\"ImageObject\",\"url\":\"https:\\\/\\\/eldigitaldeasturias.com\\\/magazine365\\\/wp-content\\\/uploads\\\/2016\\\/01\\\/fitur2016.jpg\",\"@id\":\"https:\\\/\\\/eldigitaldeasturias.com\\\/magazine365\\\/el-plan-de-promocion-de-las-edades-del-hombre-de-toro-aglutina-patrimonio-enogastronomia-y-naturaleza\\\/#mainImage\",\"width\":800,\"height\":533},\"primaryImageOfPage\":{\"@id\":\"https:\\\/\\\/eldigitaldeasturias.com\\\/magazine365\\\/el-plan-de-promocion-de-las-edades-del-hombre-de-toro-aglutina-patrimonio-enogastronomia-y-naturaleza\\\/#mainImage\"},\"datePublished\":\"2016-01-22T17:39:02+01:00\",\"dateModified\":\"2016-01-22T17:39:02+01:00\"},{\"@type\":\"WebSite\",\"@id\":\"https:\\\/\\\/eldigitaldeasturias.com\\\/magazine365\\\/#website\",\"url\":\"https:\\\/\\\/eldigitaldeasturias.com\\\/magazine365\\\/\",\"name\":\"El Digital de Asturias\",\"description\":\"Revista de ocio, turismo y estilo de vida\",\"inLanguage\":\"es-ES\",\"publisher\":{\"@id\":\"https:\\\/\\\/eldigitaldeasturias.com\\\/magazine365\\\/#organization\"}}]}\n\t\t<\/script>\n\t\t<!-- All in One SEO Pro -->\r\n\t\t<title>El Plan de Promoci\u00f3n de Las Edades del Hombre de Toro aglutina patrimonio, enogastronom\u00eda y naturaleza | El Digital de Asturias<\/title>\n\n","aioseo_head_json":{"title":"El Plan de Promoci\u00f3n de Las Edades del Hombre de Toro aglutina patrimonio, enogastronom\u00eda y naturaleza | El Digital de Asturias","description":"La Consejer\u00eda de Cultura y Turismo ha presentado este mi\u00e9rcoles en Fitur el Plan de Promoci\u00f3n de la pr\u00f3xima edici\u00f3n de Las Edades del Hombre 2016 que se celebrar\u00e1 en Toro (Zamora) y que aglutina patrimonio cultural, enogastronom\u00eda y recursos naturales. La consejera, acompa\u00f1ada del secretario general de la Fundaci\u00f3n Las Edades del Hombre, Gonzalo","canonical_url":"https:\/\/eldigitaldeasturias.com\/magazine365\/el-plan-de-promocion-de-las-edades-del-hombre-de-toro-aglutina-patrimonio-enogastronomia-y-naturaleza\/","robots":"max-image-preview:large","keywords":"noticias y actualidad","webmasterTools":{"google-site-verification":"UA-38556648-1","miscellaneous":""},"schema":{"@context":"https:\/\/schema.org","@graph":[{"@type":"Article","@id":"https:\/\/eldigitaldeasturias.com\/magazine365\/el-plan-de-promocion-de-las-edades-del-hombre-de-toro-aglutina-patrimonio-enogastronomia-y-naturaleza\/#article","name":"El Plan de Promoci\u00f3n de Las Edades del Hombre de Toro aglutina patrimonio, enogastronom\u00eda y naturaleza | El Digital de Asturias","headline":"El Plan de Promoci\u00f3n de Las Edades del Hombre de Toro aglutina patrimonio, enogastronom\u00eda y naturaleza","author":{"@id":"https:\/\/eldigitaldeasturias.com\/magazine365\/author\/admin\/#author"},"publisher":{"@id":"https:\/\/eldigitaldeasturias.com\/magazine365\/#organization"},"image":{"@type":"ImageObject","url":"https:\/\/eldigitaldeasturias.com\/magazine365\/wp-content\/uploads\/2016\/01\/fitur2016.jpg","width":800,"height":533},"datePublished":"2016-01-22T17:39:02+01:00","dateModified":"2016-01-22T17:39:02+01:00","inLanguage":"es-ES","mainEntityOfPage":{"@id":"https:\/\/eldigitaldeasturias.com\/magazine365\/el-plan-de-promocion-de-las-edades-del-hombre-de-toro-aglutina-patrimonio-enogastronomia-y-naturaleza\/#webpage"},"isPartOf":{"@id":"https:\/\/eldigitaldeasturias.com\/magazine365\/el-plan-de-promocion-de-las-edades-del-hombre-de-toro-aglutina-patrimonio-enogastronomia-y-naturaleza\/#webpage"},"articleSection":"Noticias y Actualidad"},{"@type":"BreadcrumbList","@id":"https:\/\/eldigitaldeasturias.com\/magazine365\/el-plan-de-promocion-de-las-edades-del-hombre-de-toro-aglutina-patrimonio-enogastronomia-y-naturaleza\/#breadcrumblist","itemListElement":[{"@type":"ListItem","@id":"https:\/\/eldigitaldeasturias.com\/magazine365#listItem","position":1,"name":"Home","item":"https:\/\/eldigitaldeasturias.com\/magazine365","nextItem":{"@type":"ListItem","@id":"https:\/\/eldigitaldeasturias.com\/magazine365\/category\/noticias-actualidad\/#listItem","name":"Noticias y Actualidad"}},{"@type":"ListItem","@id":"https:\/\/eldigitaldeasturias.com\/magazine365\/category\/noticias-actualidad\/#listItem","position":2,"name":"Noticias y Actualidad","item":"https:\/\/eldigitaldeasturias.com\/magazine365\/category\/noticias-actualidad\/","nextItem":{"@type":"ListItem","@id":"https:\/\/eldigitaldeasturias.com\/magazine365\/el-plan-de-promocion-de-las-edades-del-hombre-de-toro-aglutina-patrimonio-enogastronomia-y-naturaleza\/#listItem","name":"El Plan de Promoci\u00f3n de Las Edades del Hombre de Toro aglutina patrimonio, enogastronom\u00eda y naturaleza"},"previousItem":{"@type":"ListItem","@id":"https:\/\/eldigitaldeasturias.com\/magazine365#listItem","name":"Home"}},{"@type":"ListItem","@id":"https:\/\/eldigitaldeasturias.com\/magazine365\/el-plan-de-promocion-de-las-edades-del-hombre-de-toro-aglutina-patrimonio-enogastronomia-y-naturaleza\/#listItem","position":3,"name":"El Plan de Promoci\u00f3n de Las Edades del Hombre de Toro aglutina patrimonio, enogastronom\u00eda y naturaleza","previousItem":{"@type":"ListItem","@id":"https:\/\/eldigitaldeasturias.com\/magazine365\/category\/noticias-actualidad\/#listItem","name":"Noticias y Actualidad"}}]},{"@type":"Organization","@id":"https:\/\/eldigitaldeasturias.com\/magazine365\/#organization","name":"El digital de Asturias","description":"Revista de ocio, turismo y estilo de vida","url":"https:\/\/eldigitaldeasturias.com\/magazine365\/","logo":{"@type":"ImageObject","url":"https:\/\/www.eldigitaldeasturias.com\/noticias\/wp-content\/uploads\/2020\/12\/EDA.jpg","@id":"https:\/\/eldigitaldeasturias.com\/magazine365\/el-plan-de-promocion-de-las-edades-del-hombre-de-toro-aglutina-patrimonio-enogastronomia-y-naturaleza\/#organizationLogo"},"image":{"@id":"https:\/\/eldigitaldeasturias.com\/magazine365\/el-plan-de-promocion-de-las-edades-del-hombre-de-toro-aglutina-patrimonio-enogastronomia-y-naturaleza\/#organizationLogo"}},{"@type":"Person","@id":"https:\/\/eldigitaldeasturias.com\/magazine365\/author\/admin\/#author","url":"https:\/\/eldigitaldeasturias.com\/magazine365\/author\/admin\/","name":"admin","image":{"@type":"ImageObject","@id":"https:\/\/eldigitaldeasturias.com\/magazine365\/el-plan-de-promocion-de-las-edades-del-hombre-de-toro-aglutina-patrimonio-enogastronomia-y-naturaleza\/#authorImage","url":"https:\/\/eldigitaldeasturias.com\/magazine365\/wp-content\/litespeed\/avatar\/e571bcf59a0edd6fa6838245a470f2fe.jpg?ver=1776969259","width":96,"height":96,"caption":"admin"}},{"@type":"WebPage","@id":"https:\/\/eldigitaldeasturias.com\/magazine365\/el-plan-de-promocion-de-las-edades-del-hombre-de-toro-aglutina-patrimonio-enogastronomia-y-naturaleza\/#webpage","url":"https:\/\/eldigitaldeasturias.com\/magazine365\/el-plan-de-promocion-de-las-edades-del-hombre-de-toro-aglutina-patrimonio-enogastronomia-y-naturaleza\/","name":"El Plan de Promoci\u00f3n de Las Edades del Hombre de Toro aglutina patrimonio, enogastronom\u00eda y naturaleza | El Digital de Asturias","description":"La Consejer\u00eda de Cultura y Turismo ha presentado este mi\u00e9rcoles en Fitur el Plan de Promoci\u00f3n de la pr\u00f3xima edici\u00f3n de Las Edades del Hombre 2016 que se celebrar\u00e1 en Toro (Zamora) y que aglutina patrimonio cultural, enogastronom\u00eda y recursos naturales. La consejera, acompa\u00f1ada del secretario general de la Fundaci\u00f3n Las Edades del Hombre, Gonzalo","inLanguage":"es-ES","isPartOf":{"@id":"https:\/\/eldigitaldeasturias.com\/magazine365\/#website"},"breadcrumb":{"@id":"https:\/\/eldigitaldeasturias.com\/magazine365\/el-plan-de-promocion-de-las-edades-del-hombre-de-toro-aglutina-patrimonio-enogastronomia-y-naturaleza\/#breadcrumblist"},"author":{"@id":"https:\/\/eldigitaldeasturias.com\/magazine365\/author\/admin\/#author"},"creator":{"@id":"https:\/\/eldigitaldeasturias.com\/magazine365\/author\/admin\/#author"},"image":{"@type":"ImageObject","url":"https:\/\/eldigitaldeasturias.com\/magazine365\/wp-content\/uploads\/2016\/01\/fitur2016.jpg","@id":"https:\/\/eldigitaldeasturias.com\/magazine365\/el-plan-de-promocion-de-las-edades-del-hombre-de-toro-aglutina-patrimonio-enogastronomia-y-naturaleza\/#mainImage","width":800,"height":533},"primaryImageOfPage":{"@id":"https:\/\/eldigitaldeasturias.com\/magazine365\/el-plan-de-promocion-de-las-edades-del-hombre-de-toro-aglutina-patrimonio-enogastronomia-y-naturaleza\/#mainImage"},"datePublished":"2016-01-22T17:39:02+01:00","dateModified":"2016-01-22T17:39:02+01:00"},{"@type":"WebSite","@id":"https:\/\/eldigitaldeasturias.com\/magazine365\/#website","url":"https:\/\/eldigitaldeasturias.com\/magazine365\/","name":"El Digital de Asturias","description":"Revista de ocio, turismo y estilo de vida","inLanguage":"es-ES","publisher":{"@id":"https:\/\/eldigitaldeasturias.com\/magazine365\/#organization"}}]},"og:locale":"es_ES","og:site_name":"El Digital de Asturias \u2013 Revista de ocio, turismo y estilo de vida","og:type":"article","og:title":"El Plan de Promoci\u00f3n de Las Edades del Hombre de Toro aglutina patrimonio, enogastronom\u00eda y naturaleza | El Digital de Asturias","og:description":"La Consejer\u00eda de Cultura y Turismo ha presentado este mi\u00e9rcoles en Fitur el Plan de Promoci\u00f3n de la pr\u00f3xima edici\u00f3n de Las Edades del Hombre 2016 que se celebrar\u00e1 en Toro (Zamora) y que aglutina patrimonio cultural, enogastronom\u00eda y recursos naturales. La consejera, acompa\u00f1ada del secretario general de la Fundaci\u00f3n Las Edades del Hombre, Gonzalo","og:url":"https:\/\/eldigitaldeasturias.com\/magazine365\/el-plan-de-promocion-de-las-edades-del-hombre-de-toro-aglutina-patrimonio-enogastronomia-y-naturaleza\/","og:image":"https:\/\/eldigitaldeasturias.com\/magazine365\/wp-content\/uploads\/2016\/01\/fitur2016.jpg","og:image:secure_url":"https:\/\/eldigitaldeasturias.com\/magazine365\/wp-content\/uploads\/2016\/01\/fitur2016.jpg","og:image:width":800,"og:image:height":533,"article:published_time":"2016-01-22T16:39:02+00:00","article:modified_time":"2016-01-22T16:39:02+00:00","twitter:card":"summary_large_image","twitter:title":"El Plan de Promoci\u00f3n de Las Edades del Hombre de Toro aglutina patrimonio, enogastronom\u00eda y naturaleza | El Digital de Asturias","twitter:description":"La Consejer\u00eda de Cultura y Turismo ha presentado este mi\u00e9rcoles en Fitur el Plan de Promoci\u00f3n de la pr\u00f3xima edici\u00f3n de Las Edades del Hombre 2016 que se celebrar\u00e1 en Toro (Zamora) y que aglutina patrimonio cultural, enogastronom\u00eda y recursos naturales. La consejera, acompa\u00f1ada del secretario general de la Fundaci\u00f3n Las Edades del Hombre, Gonzalo","twitter:image":"https:\/\/eldigitaldeasturias.com\/magazine365\/wp-content\/uploads\/2016\/01\/fitur2016.jpg"},"aioseo_meta_data":{"post_id":"61370","title":null,"description":null,"keywords":null,"keyphrases":null,"primary_term":null,"canonical_url":null,"og_title":null,"og_description":null,"og_object_type":"default","og_image_type":"default","og_image_url":null,"og_image_width":null,"og_image_height":null,"og_image_custom_url":null,"og_image_custom_fields":null,"og_video":null,"og_custom_url":null,"og_article_section":null,"og_article_tags":null,"twitter_use_og":false,"twitter_card":"default","twitter_image_type":"default","twitter_image_url":null,"twitter_image_custom_url":null,"twitter_image_custom_fields":null,"twitter_title":null,"twitter_description":null,"schema":{"blockGraphs":[],"customGraphs":[],"default":{"data":{"Article":[],"Course":[],"Dataset":[],"FAQPage":[],"Movie":[],"Person":[],"Product":[],"ProductReview":[],"Car":[],"Recipe":[],"Service":[],"SoftwareApplication":[],"WebPage":[]},"graphName":"","isEnabled":true},"graphs":[],"defaultGraph":"","defaultPostTypeGraph":""},"schema_type":null,"schema_type_options":null,"pillar_content":false,"robots_default":true,"robots_noindex":false,"robots_noarchive":false,"robots_nosnippet":false,"robots_nofollow":false,"robots_noimageindex":false,"robots_noodp":false,"robots_notranslate":false,"robots_max_snippet":null,"robots_max_videopreview":null,"robots_max_imagepreview":"large","priority":null,"frequency":null,"location":null,"local_seo":null,"seo_analyzer_scan_date":"2025-09-25 08:50:22","breadcrumb_settings":null,"limit_modified_date":false,"open_ai":null,"ai":null,"created":"2021-03-08 21:50:55","updated":"2025-09-25 08:50:22"},"aioseo_breadcrumb":"<div class=\"aioseo-breadcrumbs\"><span class=\"aioseo-breadcrumb\">\n\t<a href=\"https:\/\/eldigitaldeasturias.com\/magazine365\" title=\"Home\">Home<\/a>\n<\/span><span class=\"aioseo-breadcrumb-separator\">\u2013<\/span><span class=\"aioseo-breadcrumb\">\n\t<a href=\"https:\/\/eldigitaldeasturias.com\/magazine365\/category\/noticias-actualidad\/\" title=\"Noticias y Actualidad\">Noticias y Actualidad<\/a>\n<\/span><span class=\"aioseo-breadcrumb-separator\">\u2013<\/span><span class=\"aioseo-breadcrumb\">\n\t<a href=\"https:\/\/eldigitaldeasturias.com\/magazine365\/el-plan-de-promocion-de-las-edades-del-hombre-de-toro-aglutina-patrimonio-enogastronomia-y-naturaleza\/\" title=\"El Plan de Promoci\u00f3n de Las Edades del Hombre de Toro aglutina patrimonio, enogastronom\u00eda y naturaleza\">El Plan de Promoci\u00f3n de Las Edades del Hombre de Toro aglutina patrimonio, enogastronom\u00eda y naturaleza<\/a>\n<\/span><\/div>","aioseo_breadcrumb_json":[{"label":"Home","link":"https:\/\/eldigitaldeasturias.com\/magazine365"},{"label":"Noticias y Actualidad","link":"https:\/\/eldigitaldeasturias.com\/magazine365\/category\/noticias-actualidad\/"},{"label":"El Plan de Promoci\u00f3n de Las Edades del Hombre de Toro aglutina patrimonio, enogastronom\u00eda y naturaleza","link":"https:\/\/eldigitaldeasturias.com\/magazine365\/el-plan-de-promocion-de-las-edades-del-hombre-de-toro-aglutina-patrimonio-enogastronomia-y-naturaleza\/"}],"_links":{"self":[{"href":"https:\/\/eldigitaldeasturias.com\/magazine365\/wp-json\/wp\/v2\/posts\/61370","targetHints":{"allow":["GET"]}}],"collection":[{"href":"https:\/\/eldigitaldeasturias.com\/magazine365\/wp-json\/wp\/v2\/posts"}],"about":[{"href":"https:\/\/eldigitaldeasturias.com\/magazine365\/wp-json\/wp\/v2\/types\/post"}],"author":[{"embeddable":true,"href":"https:\/\/eldigitaldeasturias.com\/magazine365\/wp-json\/wp\/v2\/users\/1"}],"replies":[{"embeddable":true,"href":"https:\/\/eldigitaldeasturias.com\/magazine365\/wp-json\/wp\/v2\/comments?post=61370"}],"version-history":[{"count":0,"href":"https:\/\/eldigitaldeasturias.com\/magazine365\/wp-json\/wp\/v2\/posts\/61370\/revisions"}],"wp:featuredmedia":[{"embeddable":true,"href":"https:\/\/eldigitaldeasturias.com\/magazine365\/wp-json\/wp\/v2\/media\/61252"}],"wp:attachment":[{"href":"https:\/\/eldigitaldeasturias.com\/magazine365\/wp-json\/wp\/v2\/media?parent=61370"}],"wp:term":[{"taxonomy":"category","embeddable":true,"href":"https:\/\/eldigitaldeasturias.com\/magazine365\/wp-json\/wp\/v2\/categories?post=61370"},{"taxonomy":"post_tag","embeddable":true,"href":"https:\/\/eldigitaldeasturias.com\/magazine365\/wp-json\/wp\/v2\/tags?post=61370"}],"curies":[{"name":"wp","href":"https:\/\/api.w.org\/{rel}","templated":true}]}}