{"id":61368,"date":"2016-01-22T17:38:17","date_gmt":"2016-01-22T16:38:17","guid":{"rendered":"http:\/\/eldigitaldeasturias.com\/magazine365\/?p=61368"},"modified":"2016-01-22T17:38:17","modified_gmt":"2016-01-22T16:38:17","slug":"la-junta-de-extremadura-espera-datos-turisticos-extraordinarios-cuando-finalice-el-proyecto-ferroviario","status":"publish","type":"post","link":"https:\/\/eldigitaldeasturias.com\/magazine365\/la-junta-de-extremadura-espera-datos-turisticos-extraordinarios-cuando-finalice-el-proyecto-ferroviario\/","title":{"rendered":"La Junta de Extremadura espera datos tur\u00edsticos \u00abextraordinarios\u00bb cuando finalice el proyecto ferroviario"},"content":{"rendered":"<p>El presidente de Extremadura, Guillermo Fern\u00e1ndez Vara, ha dicho esperar que el sector tur\u00edstico registre datos \u00abextraordinarios\u00bb cuando mejoren las comunicaciones de la Comunidad Aut\u00f3noma, concretamente, cuando finalice el proyecto ferroviario en la regi\u00f3n.<\/p>\n<p>    En declaraciones a los periodistas en la Feria Internacional de Turismo Fitur 2016, donde ha acudido este mi\u00e9rcoles para inaugurar el &#8216;stand&#8217; de Extremadura, Fern\u00e1ndez Vara ha subrayado que el transporte ferroviario es \u00abla gran asignatura pendiente\u00bb de la regi\u00f3n, motivo por el que va a enviar al Parlamento extreme\u00f1o un pacto por el ferrocarril.<\/p>\n<p>    El presidente extreme\u00f1o ha destacado tambi\u00e9n el \u00abcrecimiento significativo\u00bb que ha experimentado la regi\u00f3n en n\u00famero de visitantes y de pernoctaciones en 2015 a pesar de la falta de conexiones de ferrocarril y a\u00e9reas. Respecto al avi\u00f3n, ha explicado que Extremadura lo recuperar\u00e1 en febrero.<\/p>\n<p>    \u00abSi esos datos han sido buenos teniendo serios problemas de accesibilidad desde otros puntos de Espa\u00f1a, cuando est\u00e9 finalizado el proyecto ferroviario creo que ser\u00e1n extraordinarios\u00bb, ha se\u00f1alado.<\/p>\n<p>    Por \u00faltimo, Fern\u00e1ndez Vara ha dicho sentirse \u00aborgulloso\u00bb de participar en Fitur 2016 y ha destacado que \u00abla mejor marca que puede ense\u00f1ar Espa\u00f1a\u00bb es su \u00abdiversidad, su naturaleza, el turismo gastron\u00f3mico y su patrimonio\u00bb.<\/p>\n","protected":false},"excerpt":{"rendered":"<p>El presidente de Extremadura, Guillermo Fern\u00e1ndez Vara, ha dicho esperar que el sector tur\u00edstico registre datos \u00abextraordinarios\u00bb cuando mejoren las comunicaciones de la Comunidad Aut\u00f3noma, concretamente, cuando finalice el proyecto ferroviario en la regi\u00f3n. En declaraciones a los periodistas en la Feria Internacional de Turismo Fitur 2016, donde ha acudido este mi\u00e9rcoles para inaugurar el<\/p>\n","protected":false},"author":1,"featured_media":61252,"comment_status":"open","ping_status":"closed","sticky":false,"template":"","format":"standard","meta":{"footnotes":""},"categories":[224],"tags":[],"class_list":{"0":"post-61368","1":"post","2":"type-post","3":"status-publish","4":"format-standard","5":"has-post-thumbnail","7":"category-noticias-actualidad"},"aioseo_notices":[],"aioseo_head":"\n\t\t<!-- All in One SEO Pro 4.9.6.1 - aioseo.com -->\n\t<meta name=\"description\" content=\"El presidente de Extremadura, Guillermo Fern\u00e1ndez Vara, ha dicho esperar que el sector tur\u00edstico registre datos &quot;extraordinarios&quot; cuando mejoren las comunicaciones de la Comunidad Aut\u00f3noma, concretamente, cuando finalice el proyecto ferroviario en la regi\u00f3n. En declaraciones a los periodistas en la Feria Internacional de Turismo Fitur 2016, donde ha acudido este mi\u00e9rcoles para inaugurar el\" \/>\n\t<meta name=\"robots\" content=\"max-image-preview:large\" \/>\n\t<meta name=\"author\" content=\"admin\"\/>\n\t<meta name=\"google-site-verification\" content=\"UA-38556648-1\" \/>\n\t<meta name=\"keywords\" content=\"noticias y actualidad\" \/>\n\t<link rel=\"canonical\" href=\"https:\/\/eldigitaldeasturias.com\/magazine365\/la-junta-de-extremadura-espera-datos-turisticos-extraordinarios-cuando-finalice-el-proyecto-ferroviario\/\" \/>\n\t<meta name=\"generator\" content=\"All in One SEO Pro (AIOSEO) 4.9.6.1\" \/>\n\t\t<meta property=\"og:locale\" content=\"es_ES\" \/>\n\t\t<meta property=\"og:site_name\" content=\"El Digital de Asturias \u2013 Revista de ocio, turismo y estilo de vida\" \/>\n\t\t<meta property=\"og:type\" content=\"article\" \/>\n\t\t<meta property=\"og:title\" content=\"La Junta de Extremadura espera datos tur\u00edsticos \u00abextraordinarios\u00bb cuando finalice el proyecto ferroviario | El Digital de Asturias\" \/>\n\t\t<meta property=\"og:description\" content=\"El presidente de Extremadura, Guillermo Fern\u00e1ndez Vara, ha dicho esperar que el sector tur\u00edstico registre datos &quot;extraordinarios&quot; cuando mejoren las comunicaciones de la Comunidad Aut\u00f3noma, concretamente, cuando finalice el proyecto ferroviario en la regi\u00f3n. En declaraciones a los periodistas en la Feria Internacional de Turismo Fitur 2016, donde ha acudido este mi\u00e9rcoles para inaugurar el\" \/>\n\t\t<meta property=\"og:url\" content=\"https:\/\/eldigitaldeasturias.com\/magazine365\/la-junta-de-extremadura-espera-datos-turisticos-extraordinarios-cuando-finalice-el-proyecto-ferroviario\/\" \/>\n\t\t<meta property=\"og:image\" content=\"https:\/\/eldigitaldeasturias.com\/magazine365\/wp-content\/uploads\/2016\/01\/fitur2016.jpg\" \/>\n\t\t<meta property=\"og:image:secure_url\" content=\"https:\/\/eldigitaldeasturias.com\/magazine365\/wp-content\/uploads\/2016\/01\/fitur2016.jpg\" \/>\n\t\t<meta property=\"og:image:width\" content=\"800\" \/>\n\t\t<meta property=\"og:image:height\" content=\"533\" \/>\n\t\t<meta property=\"article:published_time\" content=\"2016-01-22T16:38:17+00:00\" \/>\n\t\t<meta property=\"article:modified_time\" content=\"2016-01-22T16:38:17+00:00\" \/>\n\t\t<meta name=\"twitter:card\" content=\"summary_large_image\" \/>\n\t\t<meta name=\"twitter:title\" content=\"La Junta de Extremadura espera datos tur\u00edsticos \u00abextraordinarios\u00bb cuando finalice el proyecto ferroviario | El Digital de Asturias\" \/>\n\t\t<meta name=\"twitter:description\" content=\"El presidente de Extremadura, Guillermo Fern\u00e1ndez Vara, ha dicho esperar que el sector tur\u00edstico registre datos &quot;extraordinarios&quot; cuando mejoren las comunicaciones de la Comunidad Aut\u00f3noma, concretamente, cuando finalice el proyecto ferroviario en la regi\u00f3n. En declaraciones a los periodistas en la Feria Internacional de Turismo Fitur 2016, donde ha acudido este mi\u00e9rcoles para inaugurar el\" \/>\n\t\t<meta name=\"twitter:image\" content=\"https:\/\/eldigitaldeasturias.com\/magazine365\/wp-content\/uploads\/2016\/01\/fitur2016.jpg\" \/>\n\t\t<script type=\"application\/ld+json\" class=\"aioseo-schema\">\n\t\t\t{\"@context\":\"https:\\\/\\\/schema.org\",\"@graph\":[{\"@type\":\"Article\",\"@id\":\"https:\\\/\\\/eldigitaldeasturias.com\\\/magazine365\\\/la-junta-de-extremadura-espera-datos-turisticos-extraordinarios-cuando-finalice-el-proyecto-ferroviario\\\/#article\",\"name\":\"La Junta de Extremadura espera datos tur\\u00edsticos \\u00abextraordinarios\\u00bb cuando finalice el proyecto ferroviario | El Digital de Asturias\",\"headline\":\"La Junta de Extremadura espera datos tur\\u00edsticos \\u00abextraordinarios\\u00bb cuando finalice el proyecto ferroviario\",\"author\":{\"@id\":\"https:\\\/\\\/eldigitaldeasturias.com\\\/magazine365\\\/author\\\/admin\\\/#author\"},\"publisher\":{\"@id\":\"https:\\\/\\\/eldigitaldeasturias.com\\\/magazine365\\\/#organization\"},\"image\":{\"@type\":\"ImageObject\",\"url\":\"https:\\\/\\\/eldigitaldeasturias.com\\\/magazine365\\\/wp-content\\\/uploads\\\/2016\\\/01\\\/fitur2016.jpg\",\"width\":800,\"height\":533},\"datePublished\":\"2016-01-22T17:38:17+01:00\",\"dateModified\":\"2016-01-22T17:38:17+01:00\",\"inLanguage\":\"es-ES\",\"mainEntityOfPage\":{\"@id\":\"https:\\\/\\\/eldigitaldeasturias.com\\\/magazine365\\\/la-junta-de-extremadura-espera-datos-turisticos-extraordinarios-cuando-finalice-el-proyecto-ferroviario\\\/#webpage\"},\"isPartOf\":{\"@id\":\"https:\\\/\\\/eldigitaldeasturias.com\\\/magazine365\\\/la-junta-de-extremadura-espera-datos-turisticos-extraordinarios-cuando-finalice-el-proyecto-ferroviario\\\/#webpage\"},\"articleSection\":\"Noticias y Actualidad\"},{\"@type\":\"BreadcrumbList\",\"@id\":\"https:\\\/\\\/eldigitaldeasturias.com\\\/magazine365\\\/la-junta-de-extremadura-espera-datos-turisticos-extraordinarios-cuando-finalice-el-proyecto-ferroviario\\\/#breadcrumblist\",\"itemListElement\":[{\"@type\":\"ListItem\",\"@id\":\"https:\\\/\\\/eldigitaldeasturias.com\\\/magazine365#listItem\",\"position\":1,\"name\":\"Home\",\"item\":\"https:\\\/\\\/eldigitaldeasturias.com\\\/magazine365\",\"nextItem\":{\"@type\":\"ListItem\",\"@id\":\"https:\\\/\\\/eldigitaldeasturias.com\\\/magazine365\\\/category\\\/noticias-actualidad\\\/#listItem\",\"name\":\"Noticias y Actualidad\"}},{\"@type\":\"ListItem\",\"@id\":\"https:\\\/\\\/eldigitaldeasturias.com\\\/magazine365\\\/category\\\/noticias-actualidad\\\/#listItem\",\"position\":2,\"name\":\"Noticias y Actualidad\",\"item\":\"https:\\\/\\\/eldigitaldeasturias.com\\\/magazine365\\\/category\\\/noticias-actualidad\\\/\",\"nextItem\":{\"@type\":\"ListItem\",\"@id\":\"https:\\\/\\\/eldigitaldeasturias.com\\\/magazine365\\\/la-junta-de-extremadura-espera-datos-turisticos-extraordinarios-cuando-finalice-el-proyecto-ferroviario\\\/#listItem\",\"name\":\"La Junta de Extremadura espera datos tur\\u00edsticos \\u00abextraordinarios\\u00bb cuando finalice el proyecto ferroviario\"},\"previousItem\":{\"@type\":\"ListItem\",\"@id\":\"https:\\\/\\\/eldigitaldeasturias.com\\\/magazine365#listItem\",\"name\":\"Home\"}},{\"@type\":\"ListItem\",\"@id\":\"https:\\\/\\\/eldigitaldeasturias.com\\\/magazine365\\\/la-junta-de-extremadura-espera-datos-turisticos-extraordinarios-cuando-finalice-el-proyecto-ferroviario\\\/#listItem\",\"position\":3,\"name\":\"La Junta de Extremadura espera datos tur\\u00edsticos \\u00abextraordinarios\\u00bb cuando finalice el proyecto ferroviario\",\"previousItem\":{\"@type\":\"ListItem\",\"@id\":\"https:\\\/\\\/eldigitaldeasturias.com\\\/magazine365\\\/category\\\/noticias-actualidad\\\/#listItem\",\"name\":\"Noticias y Actualidad\"}}]},{\"@type\":\"Organization\",\"@id\":\"https:\\\/\\\/eldigitaldeasturias.com\\\/magazine365\\\/#organization\",\"name\":\"El digital de Asturias\",\"description\":\"Revista de ocio, turismo y estilo de vida\",\"url\":\"https:\\\/\\\/eldigitaldeasturias.com\\\/magazine365\\\/\",\"logo\":{\"@type\":\"ImageObject\",\"url\":\"https:\\\/\\\/www.eldigitaldeasturias.com\\\/noticias\\\/wp-content\\\/uploads\\\/2020\\\/12\\\/EDA.jpg\",\"@id\":\"https:\\\/\\\/eldigitaldeasturias.com\\\/magazine365\\\/la-junta-de-extremadura-espera-datos-turisticos-extraordinarios-cuando-finalice-el-proyecto-ferroviario\\\/#organizationLogo\"},\"image\":{\"@id\":\"https:\\\/\\\/eldigitaldeasturias.com\\\/magazine365\\\/la-junta-de-extremadura-espera-datos-turisticos-extraordinarios-cuando-finalice-el-proyecto-ferroviario\\\/#organizationLogo\"}},{\"@type\":\"Person\",\"@id\":\"https:\\\/\\\/eldigitaldeasturias.com\\\/magazine365\\\/author\\\/admin\\\/#author\",\"url\":\"https:\\\/\\\/eldigitaldeasturias.com\\\/magazine365\\\/author\\\/admin\\\/\",\"name\":\"admin\",\"image\":{\"@type\":\"ImageObject\",\"@id\":\"https:\\\/\\\/eldigitaldeasturias.com\\\/magazine365\\\/la-junta-de-extremadura-espera-datos-turisticos-extraordinarios-cuando-finalice-el-proyecto-ferroviario\\\/#authorImage\",\"url\":\"https:\\\/\\\/eldigitaldeasturias.com\\\/magazine365\\\/wp-content\\\/litespeed\\\/avatar\\\/e571bcf59a0edd6fa6838245a470f2fe.jpg?ver=1776969259\",\"width\":96,\"height\":96,\"caption\":\"admin\"}},{\"@type\":\"WebPage\",\"@id\":\"https:\\\/\\\/eldigitaldeasturias.com\\\/magazine365\\\/la-junta-de-extremadura-espera-datos-turisticos-extraordinarios-cuando-finalice-el-proyecto-ferroviario\\\/#webpage\",\"url\":\"https:\\\/\\\/eldigitaldeasturias.com\\\/magazine365\\\/la-junta-de-extremadura-espera-datos-turisticos-extraordinarios-cuando-finalice-el-proyecto-ferroviario\\\/\",\"name\":\"La Junta de Extremadura espera datos tur\\u00edsticos \\u00abextraordinarios\\u00bb cuando finalice el proyecto ferroviario | El Digital de Asturias\",\"description\":\"El presidente de Extremadura, Guillermo Fern\\u00e1ndez Vara, ha dicho esperar que el sector tur\\u00edstico registre datos \\\"extraordinarios\\\" cuando mejoren las comunicaciones de la Comunidad Aut\\u00f3noma, concretamente, cuando finalice el proyecto ferroviario en la regi\\u00f3n. En declaraciones a los periodistas en la Feria Internacional de Turismo Fitur 2016, donde ha acudido este mi\\u00e9rcoles para inaugurar el\",\"inLanguage\":\"es-ES\",\"isPartOf\":{\"@id\":\"https:\\\/\\\/eldigitaldeasturias.com\\\/magazine365\\\/#website\"},\"breadcrumb\":{\"@id\":\"https:\\\/\\\/eldigitaldeasturias.com\\\/magazine365\\\/la-junta-de-extremadura-espera-datos-turisticos-extraordinarios-cuando-finalice-el-proyecto-ferroviario\\\/#breadcrumblist\"},\"author\":{\"@id\":\"https:\\\/\\\/eldigitaldeasturias.com\\\/magazine365\\\/author\\\/admin\\\/#author\"},\"creator\":{\"@id\":\"https:\\\/\\\/eldigitaldeasturias.com\\\/magazine365\\\/author\\\/admin\\\/#author\"},\"image\":{\"@type\":\"ImageObject\",\"url\":\"https:\\\/\\\/eldigitaldeasturias.com\\\/magazine365\\\/wp-content\\\/uploads\\\/2016\\\/01\\\/fitur2016.jpg\",\"@id\":\"https:\\\/\\\/eldigitaldeasturias.com\\\/magazine365\\\/la-junta-de-extremadura-espera-datos-turisticos-extraordinarios-cuando-finalice-el-proyecto-ferroviario\\\/#mainImage\",\"width\":800,\"height\":533},\"primaryImageOfPage\":{\"@id\":\"https:\\\/\\\/eldigitaldeasturias.com\\\/magazine365\\\/la-junta-de-extremadura-espera-datos-turisticos-extraordinarios-cuando-finalice-el-proyecto-ferroviario\\\/#mainImage\"},\"datePublished\":\"2016-01-22T17:38:17+01:00\",\"dateModified\":\"2016-01-22T17:38:17+01:00\"},{\"@type\":\"WebSite\",\"@id\":\"https:\\\/\\\/eldigitaldeasturias.com\\\/magazine365\\\/#website\",\"url\":\"https:\\\/\\\/eldigitaldeasturias.com\\\/magazine365\\\/\",\"name\":\"El Digital de Asturias\",\"description\":\"Revista de ocio, turismo y estilo de vida\",\"inLanguage\":\"es-ES\",\"publisher\":{\"@id\":\"https:\\\/\\\/eldigitaldeasturias.com\\\/magazine365\\\/#organization\"}}]}\n\t\t<\/script>\n\t\t<!-- All in One SEO Pro -->\r\n\t\t<title>La Junta de Extremadura espera datos tur\u00edsticos \u00abextraordinarios\u00bb cuando finalice el proyecto ferroviario | El Digital de Asturias<\/title>\n\n","aioseo_head_json":{"title":"La Junta de Extremadura espera datos tur\u00edsticos \u00abextraordinarios\u00bb cuando finalice el proyecto ferroviario | El Digital de Asturias","description":"El presidente de Extremadura, Guillermo Fern\u00e1ndez Vara, ha dicho esperar que el sector tur\u00edstico registre datos \"extraordinarios\" cuando mejoren las comunicaciones de la Comunidad Aut\u00f3noma, concretamente, cuando finalice el proyecto ferroviario en la regi\u00f3n. En declaraciones a los periodistas en la Feria Internacional de Turismo Fitur 2016, donde ha acudido este mi\u00e9rcoles para inaugurar el","canonical_url":"https:\/\/eldigitaldeasturias.com\/magazine365\/la-junta-de-extremadura-espera-datos-turisticos-extraordinarios-cuando-finalice-el-proyecto-ferroviario\/","robots":"max-image-preview:large","keywords":"noticias y actualidad","webmasterTools":{"google-site-verification":"UA-38556648-1","miscellaneous":""},"schema":{"@context":"https:\/\/schema.org","@graph":[{"@type":"Article","@id":"https:\/\/eldigitaldeasturias.com\/magazine365\/la-junta-de-extremadura-espera-datos-turisticos-extraordinarios-cuando-finalice-el-proyecto-ferroviario\/#article","name":"La Junta de Extremadura espera datos tur\u00edsticos \u00abextraordinarios\u00bb cuando finalice el proyecto ferroviario | El Digital de Asturias","headline":"La Junta de Extremadura espera datos tur\u00edsticos \u00abextraordinarios\u00bb cuando finalice el proyecto ferroviario","author":{"@id":"https:\/\/eldigitaldeasturias.com\/magazine365\/author\/admin\/#author"},"publisher":{"@id":"https:\/\/eldigitaldeasturias.com\/magazine365\/#organization"},"image":{"@type":"ImageObject","url":"https:\/\/eldigitaldeasturias.com\/magazine365\/wp-content\/uploads\/2016\/01\/fitur2016.jpg","width":800,"height":533},"datePublished":"2016-01-22T17:38:17+01:00","dateModified":"2016-01-22T17:38:17+01:00","inLanguage":"es-ES","mainEntityOfPage":{"@id":"https:\/\/eldigitaldeasturias.com\/magazine365\/la-junta-de-extremadura-espera-datos-turisticos-extraordinarios-cuando-finalice-el-proyecto-ferroviario\/#webpage"},"isPartOf":{"@id":"https:\/\/eldigitaldeasturias.com\/magazine365\/la-junta-de-extremadura-espera-datos-turisticos-extraordinarios-cuando-finalice-el-proyecto-ferroviario\/#webpage"},"articleSection":"Noticias y Actualidad"},{"@type":"BreadcrumbList","@id":"https:\/\/eldigitaldeasturias.com\/magazine365\/la-junta-de-extremadura-espera-datos-turisticos-extraordinarios-cuando-finalice-el-proyecto-ferroviario\/#breadcrumblist","itemListElement":[{"@type":"ListItem","@id":"https:\/\/eldigitaldeasturias.com\/magazine365#listItem","position":1,"name":"Home","item":"https:\/\/eldigitaldeasturias.com\/magazine365","nextItem":{"@type":"ListItem","@id":"https:\/\/eldigitaldeasturias.com\/magazine365\/category\/noticias-actualidad\/#listItem","name":"Noticias y Actualidad"}},{"@type":"ListItem","@id":"https:\/\/eldigitaldeasturias.com\/magazine365\/category\/noticias-actualidad\/#listItem","position":2,"name":"Noticias y Actualidad","item":"https:\/\/eldigitaldeasturias.com\/magazine365\/category\/noticias-actualidad\/","nextItem":{"@type":"ListItem","@id":"https:\/\/eldigitaldeasturias.com\/magazine365\/la-junta-de-extremadura-espera-datos-turisticos-extraordinarios-cuando-finalice-el-proyecto-ferroviario\/#listItem","name":"La Junta de Extremadura espera datos tur\u00edsticos \u00abextraordinarios\u00bb cuando finalice el proyecto ferroviario"},"previousItem":{"@type":"ListItem","@id":"https:\/\/eldigitaldeasturias.com\/magazine365#listItem","name":"Home"}},{"@type":"ListItem","@id":"https:\/\/eldigitaldeasturias.com\/magazine365\/la-junta-de-extremadura-espera-datos-turisticos-extraordinarios-cuando-finalice-el-proyecto-ferroviario\/#listItem","position":3,"name":"La Junta de Extremadura espera datos tur\u00edsticos \u00abextraordinarios\u00bb cuando finalice el proyecto ferroviario","previousItem":{"@type":"ListItem","@id":"https:\/\/eldigitaldeasturias.com\/magazine365\/category\/noticias-actualidad\/#listItem","name":"Noticias y Actualidad"}}]},{"@type":"Organization","@id":"https:\/\/eldigitaldeasturias.com\/magazine365\/#organization","name":"El digital de Asturias","description":"Revista de ocio, turismo y estilo de vida","url":"https:\/\/eldigitaldeasturias.com\/magazine365\/","logo":{"@type":"ImageObject","url":"https:\/\/www.eldigitaldeasturias.com\/noticias\/wp-content\/uploads\/2020\/12\/EDA.jpg","@id":"https:\/\/eldigitaldeasturias.com\/magazine365\/la-junta-de-extremadura-espera-datos-turisticos-extraordinarios-cuando-finalice-el-proyecto-ferroviario\/#organizationLogo"},"image":{"@id":"https:\/\/eldigitaldeasturias.com\/magazine365\/la-junta-de-extremadura-espera-datos-turisticos-extraordinarios-cuando-finalice-el-proyecto-ferroviario\/#organizationLogo"}},{"@type":"Person","@id":"https:\/\/eldigitaldeasturias.com\/magazine365\/author\/admin\/#author","url":"https:\/\/eldigitaldeasturias.com\/magazine365\/author\/admin\/","name":"admin","image":{"@type":"ImageObject","@id":"https:\/\/eldigitaldeasturias.com\/magazine365\/la-junta-de-extremadura-espera-datos-turisticos-extraordinarios-cuando-finalice-el-proyecto-ferroviario\/#authorImage","url":"https:\/\/eldigitaldeasturias.com\/magazine365\/wp-content\/litespeed\/avatar\/e571bcf59a0edd6fa6838245a470f2fe.jpg?ver=1776969259","width":96,"height":96,"caption":"admin"}},{"@type":"WebPage","@id":"https:\/\/eldigitaldeasturias.com\/magazine365\/la-junta-de-extremadura-espera-datos-turisticos-extraordinarios-cuando-finalice-el-proyecto-ferroviario\/#webpage","url":"https:\/\/eldigitaldeasturias.com\/magazine365\/la-junta-de-extremadura-espera-datos-turisticos-extraordinarios-cuando-finalice-el-proyecto-ferroviario\/","name":"La Junta de Extremadura espera datos tur\u00edsticos \u00abextraordinarios\u00bb cuando finalice el proyecto ferroviario | El Digital de Asturias","description":"El presidente de Extremadura, Guillermo Fern\u00e1ndez Vara, ha dicho esperar que el sector tur\u00edstico registre datos \"extraordinarios\" cuando mejoren las comunicaciones de la Comunidad Aut\u00f3noma, concretamente, cuando finalice el proyecto ferroviario en la regi\u00f3n. En declaraciones a los periodistas en la Feria Internacional de Turismo Fitur 2016, donde ha acudido este mi\u00e9rcoles para inaugurar el","inLanguage":"es-ES","isPartOf":{"@id":"https:\/\/eldigitaldeasturias.com\/magazine365\/#website"},"breadcrumb":{"@id":"https:\/\/eldigitaldeasturias.com\/magazine365\/la-junta-de-extremadura-espera-datos-turisticos-extraordinarios-cuando-finalice-el-proyecto-ferroviario\/#breadcrumblist"},"author":{"@id":"https:\/\/eldigitaldeasturias.com\/magazine365\/author\/admin\/#author"},"creator":{"@id":"https:\/\/eldigitaldeasturias.com\/magazine365\/author\/admin\/#author"},"image":{"@type":"ImageObject","url":"https:\/\/eldigitaldeasturias.com\/magazine365\/wp-content\/uploads\/2016\/01\/fitur2016.jpg","@id":"https:\/\/eldigitaldeasturias.com\/magazine365\/la-junta-de-extremadura-espera-datos-turisticos-extraordinarios-cuando-finalice-el-proyecto-ferroviario\/#mainImage","width":800,"height":533},"primaryImageOfPage":{"@id":"https:\/\/eldigitaldeasturias.com\/magazine365\/la-junta-de-extremadura-espera-datos-turisticos-extraordinarios-cuando-finalice-el-proyecto-ferroviario\/#mainImage"},"datePublished":"2016-01-22T17:38:17+01:00","dateModified":"2016-01-22T17:38:17+01:00"},{"@type":"WebSite","@id":"https:\/\/eldigitaldeasturias.com\/magazine365\/#website","url":"https:\/\/eldigitaldeasturias.com\/magazine365\/","name":"El Digital de Asturias","description":"Revista de ocio, turismo y estilo de vida","inLanguage":"es-ES","publisher":{"@id":"https:\/\/eldigitaldeasturias.com\/magazine365\/#organization"}}]},"og:locale":"es_ES","og:site_name":"El Digital de Asturias \u2013 Revista de ocio, turismo y estilo de vida","og:type":"article","og:title":"La Junta de Extremadura espera datos tur\u00edsticos \u00abextraordinarios\u00bb cuando finalice el proyecto ferroviario | El Digital de Asturias","og:description":"El presidente de Extremadura, Guillermo Fern\u00e1ndez Vara, ha dicho esperar que el sector tur\u00edstico registre datos &quot;extraordinarios&quot; cuando mejoren las comunicaciones de la Comunidad Aut\u00f3noma, concretamente, cuando finalice el proyecto ferroviario en la regi\u00f3n. En declaraciones a los periodistas en la Feria Internacional de Turismo Fitur 2016, donde ha acudido este mi\u00e9rcoles para inaugurar el","og:url":"https:\/\/eldigitaldeasturias.com\/magazine365\/la-junta-de-extremadura-espera-datos-turisticos-extraordinarios-cuando-finalice-el-proyecto-ferroviario\/","og:image":"https:\/\/eldigitaldeasturias.com\/magazine365\/wp-content\/uploads\/2016\/01\/fitur2016.jpg","og:image:secure_url":"https:\/\/eldigitaldeasturias.com\/magazine365\/wp-content\/uploads\/2016\/01\/fitur2016.jpg","og:image:width":800,"og:image:height":533,"article:published_time":"2016-01-22T16:38:17+00:00","article:modified_time":"2016-01-22T16:38:17+00:00","twitter:card":"summary_large_image","twitter:title":"La Junta de Extremadura espera datos tur\u00edsticos \u00abextraordinarios\u00bb cuando finalice el proyecto ferroviario | El Digital de Asturias","twitter:description":"El presidente de Extremadura, Guillermo Fern\u00e1ndez Vara, ha dicho esperar que el sector tur\u00edstico registre datos &quot;extraordinarios&quot; cuando mejoren las comunicaciones de la Comunidad Aut\u00f3noma, concretamente, cuando finalice el proyecto ferroviario en la regi\u00f3n. En declaraciones a los periodistas en la Feria Internacional de Turismo Fitur 2016, donde ha acudido este mi\u00e9rcoles para inaugurar el","twitter:image":"https:\/\/eldigitaldeasturias.com\/magazine365\/wp-content\/uploads\/2016\/01\/fitur2016.jpg"},"aioseo_meta_data":{"post_id":"61368","title":null,"description":null,"keywords":null,"keyphrases":null,"primary_term":null,"canonical_url":null,"og_title":null,"og_description":null,"og_object_type":"default","og_image_type":"default","og_image_url":null,"og_image_width":null,"og_image_height":null,"og_image_custom_url":null,"og_image_custom_fields":null,"og_video":null,"og_custom_url":null,"og_article_section":null,"og_article_tags":null,"twitter_use_og":false,"twitter_card":"default","twitter_image_type":"default","twitter_image_url":null,"twitter_image_custom_url":null,"twitter_image_custom_fields":null,"twitter_title":null,"twitter_description":null,"schema":{"blockGraphs":[],"customGraphs":[],"default":{"data":{"Article":[],"Course":[],"Dataset":[],"FAQPage":[],"Movie":[],"Person":[],"Product":[],"ProductReview":[],"Car":[],"Recipe":[],"Service":[],"SoftwareApplication":[],"WebPage":[]},"graphName":"","isEnabled":true},"graphs":[],"defaultGraph":"","defaultPostTypeGraph":""},"schema_type":null,"schema_type_options":null,"pillar_content":false,"robots_default":true,"robots_noindex":false,"robots_noarchive":false,"robots_nosnippet":false,"robots_nofollow":false,"robots_noimageindex":false,"robots_noodp":false,"robots_notranslate":false,"robots_max_snippet":null,"robots_max_videopreview":null,"robots_max_imagepreview":"large","priority":null,"frequency":null,"location":null,"local_seo":null,"seo_analyzer_scan_date":"2025-09-25 08:48:09","breadcrumb_settings":null,"limit_modified_date":false,"open_ai":null,"ai":null,"created":"2021-03-08 21:50:55","updated":"2025-09-25 08:48:09"},"aioseo_breadcrumb":"<div class=\"aioseo-breadcrumbs\"><span class=\"aioseo-breadcrumb\">\n\t<a href=\"https:\/\/eldigitaldeasturias.com\/magazine365\" title=\"Home\">Home<\/a>\n<\/span><span class=\"aioseo-breadcrumb-separator\">\u2013<\/span><span class=\"aioseo-breadcrumb\">\n\t<a href=\"https:\/\/eldigitaldeasturias.com\/magazine365\/category\/noticias-actualidad\/\" title=\"Noticias y Actualidad\">Noticias y Actualidad<\/a>\n<\/span><span class=\"aioseo-breadcrumb-separator\">\u2013<\/span><span class=\"aioseo-breadcrumb\">\n\t<a href=\"https:\/\/eldigitaldeasturias.com\/magazine365\/la-junta-de-extremadura-espera-datos-turisticos-extraordinarios-cuando-finalice-el-proyecto-ferroviario\/\" title=\"La Junta de Extremadura espera datos tur\u00edsticos \u00abextraordinarios\u00bb cuando finalice el proyecto ferroviario\">La Junta de Extremadura espera datos tur\u00edsticos \u00abextraordinarios\u00bb cuando finalice el proyecto ferroviario<\/a>\n<\/span><\/div>","aioseo_breadcrumb_json":[{"label":"Home","link":"https:\/\/eldigitaldeasturias.com\/magazine365"},{"label":"Noticias y Actualidad","link":"https:\/\/eldigitaldeasturias.com\/magazine365\/category\/noticias-actualidad\/"},{"label":"La Junta de Extremadura espera datos tur\u00edsticos \u00abextraordinarios\u00bb cuando finalice el proyecto ferroviario","link":"https:\/\/eldigitaldeasturias.com\/magazine365\/la-junta-de-extremadura-espera-datos-turisticos-extraordinarios-cuando-finalice-el-proyecto-ferroviario\/"}],"_links":{"self":[{"href":"https:\/\/eldigitaldeasturias.com\/magazine365\/wp-json\/wp\/v2\/posts\/61368","targetHints":{"allow":["GET"]}}],"collection":[{"href":"https:\/\/eldigitaldeasturias.com\/magazine365\/wp-json\/wp\/v2\/posts"}],"about":[{"href":"https:\/\/eldigitaldeasturias.com\/magazine365\/wp-json\/wp\/v2\/types\/post"}],"author":[{"embeddable":true,"href":"https:\/\/eldigitaldeasturias.com\/magazine365\/wp-json\/wp\/v2\/users\/1"}],"replies":[{"embeddable":true,"href":"https:\/\/eldigitaldeasturias.com\/magazine365\/wp-json\/wp\/v2\/comments?post=61368"}],"version-history":[{"count":0,"href":"https:\/\/eldigitaldeasturias.com\/magazine365\/wp-json\/wp\/v2\/posts\/61368\/revisions"}],"wp:featuredmedia":[{"embeddable":true,"href":"https:\/\/eldigitaldeasturias.com\/magazine365\/wp-json\/wp\/v2\/media\/61252"}],"wp:attachment":[{"href":"https:\/\/eldigitaldeasturias.com\/magazine365\/wp-json\/wp\/v2\/media?parent=61368"}],"wp:term":[{"taxonomy":"category","embeddable":true,"href":"https:\/\/eldigitaldeasturias.com\/magazine365\/wp-json\/wp\/v2\/categories?post=61368"},{"taxonomy":"post_tag","embeddable":true,"href":"https:\/\/eldigitaldeasturias.com\/magazine365\/wp-json\/wp\/v2\/tags?post=61368"}],"curies":[{"name":"wp","href":"https:\/\/api.w.org\/{rel}","templated":true}]}}