{"id":61362,"date":"2016-01-22T17:36:36","date_gmt":"2016-01-22T16:36:36","guid":{"rendered":"http:\/\/eldigitaldeasturias.com\/magazine365\/?p=61362"},"modified":"2016-01-22T17:36:36","modified_gmt":"2016-01-22T16:36:36","slug":"cifuentes-quiere-que-madrid-sea-la-primera-ciudad-europea-en-destino-de-compras","status":"publish","type":"post","link":"https:\/\/eldigitaldeasturias.com\/magazine365\/cifuentes-quiere-que-madrid-sea-la-primera-ciudad-europea-en-destino-de-compras\/","title":{"rendered":"Cifuentes quiere que Madrid sea la primera ciudad europea en destino de compras"},"content":{"rendered":"<p><img fetchpriority=\"high\" decoding=\"async\" class=\"alignleft size-medium wp-image-61363\" src=\"https:\/\/eldigitaldeasturias.com\/magazine365\/wp-content\/uploads\/2016\/01\/fotonoticia_20160120144756_800-360x237.jpg\" alt=\"fotonoticia_20160120144756_800\" width=\"360\" height=\"237\" srcset=\"https:\/\/eldigitaldeasturias.com\/magazine365\/wp-content\/uploads\/2016\/01\/fotonoticia_20160120144756_800-360x237.jpg 360w, https:\/\/eldigitaldeasturias.com\/magazine365\/wp-content\/uploads\/2016\/01\/fotonoticia_20160120144756_800-650x427.jpg 650w, https:\/\/eldigitaldeasturias.com\/magazine365\/wp-content\/uploads\/2016\/01\/fotonoticia_20160120144756_800-768x505.jpg 768w, https:\/\/eldigitaldeasturias.com\/magazine365\/wp-content\/uploads\/2016\/01\/fotonoticia_20160120144756_800-150x99.jpg 150w, https:\/\/eldigitaldeasturias.com\/magazine365\/wp-content\/uploads\/2016\/01\/fotonoticia_20160120144756_800-450x296.jpg 450w, https:\/\/eldigitaldeasturias.com\/magazine365\/wp-content\/uploads\/2016\/01\/fotonoticia_20160120144756_800-696x458.jpg 696w, https:\/\/eldigitaldeasturias.com\/magazine365\/wp-content\/uploads\/2016\/01\/fotonoticia_20160120144756_800-741x486.jpg 741w, https:\/\/eldigitaldeasturias.com\/magazine365\/wp-content\/uploads\/2016\/01\/fotonoticia_20160120144756_800-639x420.jpg 639w, https:\/\/eldigitaldeasturias.com\/magazine365\/wp-content\/uploads\/2016\/01\/fotonoticia_20160120144756_800-121x79.jpg 121w, https:\/\/eldigitaldeasturias.com\/magazine365\/wp-content\/uploads\/2016\/01\/fotonoticia_20160120144756_800-101x66.jpg 101w, https:\/\/eldigitaldeasturias.com\/magazine365\/wp-content\/uploads\/2016\/01\/fotonoticia_20160120144756_800.jpg 800w\" sizes=\"(max-width: 360px) 100vw, 360px\" \/>La presidenta de la Comunidad de Madrid, Cristina Cifuentes, ha esperado que Fitur tenga como consecuencia el crecimiento del turismo en Madrid, una ciudad que quieren convertir en el principal destino de turismo de compras de Europa.<\/p>\n<p>Tras la inauguraci\u00f3n de la Feria, la presidenta auton\u00f3mica ha esperado que este evento \u00absea un \u00e9xito\u00bb y que despu\u00e9s del mismo \u00abesto se concrete en much\u00edsimo m\u00e1s turismo para Madrid, que es una de nuestras grandes fuentes de creaci\u00f3n de empleo y crecimiento econ\u00f3mico\u00bb.<\/p>\n<p>En este punto, ha indicado que este a\u00f1o se ha batido el r\u00e9cord superando los 11 millones de turistas en Madrid y el reto es que en 2016 se supere m\u00e1s ese list\u00f3n.<\/p>\n<p>\u00abQueremos ligar el turismo tradicional con nuestra inmensa oferta cultural, oferta gastron\u00f3mica y turismo de compras\u00bb, ha explicado Cifuentes, que ha avanzado que quieren convertir a Madrid \u00aben una de las grandes potencias tur\u00edsticas\u00bb y \u00abpasar a ser la primera ciudad destino de Europa en turismo de compras\u00bb.<\/p>\n<p>Cifuentes ha relatado que durante la inauguraci\u00f3n la Reina Do\u00f1a Letizia se ha parado en el stand de Madrid, donde le ha preguntado por las previsiones de la Comunidad y se ha sorprendido al conocer los datos, ya que cuando la gente piensa en turismo lo hace en el de sol y playa. La presidenta ha dicho que la Reina \u00absiempre est\u00e1 apoyando el turismo, a Espa\u00f1a y Madrid en cualquier cosa\u00bb.<\/p>\n","protected":false},"excerpt":{"rendered":"<p>La presidenta de la Comunidad de Madrid, Cristina Cifuentes, ha esperado que Fitur tenga como consecuencia el crecimiento del turismo en Madrid, una ciudad que quieren convertir en el principal destino de turismo de compras de Europa. Tras la inauguraci\u00f3n de la Feria, la presidenta auton\u00f3mica ha esperado que este evento \u00absea un \u00e9xito\u00bb y<\/p>\n","protected":false},"author":1,"featured_media":61363,"comment_status":"open","ping_status":"closed","sticky":false,"template":"","format":"standard","meta":{"footnotes":""},"categories":[224],"tags":[],"class_list":{"0":"post-61362","1":"post","2":"type-post","3":"status-publish","4":"format-standard","5":"has-post-thumbnail","7":"category-noticias-actualidad"},"aioseo_notices":[],"aioseo_head":"\n\t\t<!-- All in One SEO Pro 4.9.6.1 - aioseo.com -->\n\t<meta name=\"description\" content=\"La presidenta de la Comunidad de Madrid, Cristina Cifuentes, ha esperado que Fitur tenga como consecuencia el crecimiento del turismo en Madrid, una ciudad que quieren convertir en el principal destino de turismo de compras de Europa. Tras la inauguraci\u00f3n de la Feria, la presidenta auton\u00f3mica ha esperado que este evento &quot;sea un \u00e9xito&quot; y\" \/>\n\t<meta name=\"robots\" content=\"max-image-preview:large\" \/>\n\t<meta name=\"author\" content=\"admin\"\/>\n\t<meta name=\"google-site-verification\" content=\"UA-38556648-1\" \/>\n\t<meta name=\"keywords\" content=\"noticias y actualidad\" \/>\n\t<link rel=\"canonical\" href=\"https:\/\/eldigitaldeasturias.com\/magazine365\/cifuentes-quiere-que-madrid-sea-la-primera-ciudad-europea-en-destino-de-compras\/\" \/>\n\t<meta name=\"generator\" content=\"All in One SEO Pro (AIOSEO) 4.9.6.1\" \/>\n\t\t<meta property=\"og:locale\" content=\"es_ES\" \/>\n\t\t<meta property=\"og:site_name\" content=\"El Digital de Asturias \u2013 Revista de ocio, turismo y estilo de vida\" \/>\n\t\t<meta property=\"og:type\" content=\"article\" \/>\n\t\t<meta property=\"og:title\" content=\"Cifuentes quiere que Madrid sea la primera ciudad europea en destino de compras | El Digital de Asturias\" \/>\n\t\t<meta property=\"og:description\" content=\"La presidenta de la Comunidad de Madrid, Cristina Cifuentes, ha esperado que Fitur tenga como consecuencia el crecimiento del turismo en Madrid, una ciudad que quieren convertir en el principal destino de turismo de compras de Europa. Tras la inauguraci\u00f3n de la Feria, la presidenta auton\u00f3mica ha esperado que este evento &quot;sea un \u00e9xito&quot; y\" \/>\n\t\t<meta property=\"og:url\" content=\"https:\/\/eldigitaldeasturias.com\/magazine365\/cifuentes-quiere-que-madrid-sea-la-primera-ciudad-europea-en-destino-de-compras\/\" \/>\n\t\t<meta property=\"og:image\" content=\"https:\/\/eldigitaldeasturias.com\/magazine365\/wp-content\/uploads\/2016\/01\/fotonoticia_20160120144756_800.jpg\" \/>\n\t\t<meta property=\"og:image:secure_url\" content=\"https:\/\/eldigitaldeasturias.com\/magazine365\/wp-content\/uploads\/2016\/01\/fotonoticia_20160120144756_800.jpg\" \/>\n\t\t<meta property=\"og:image:width\" content=\"800\" \/>\n\t\t<meta property=\"og:image:height\" content=\"526\" \/>\n\t\t<meta property=\"article:published_time\" content=\"2016-01-22T16:36:36+00:00\" \/>\n\t\t<meta property=\"article:modified_time\" content=\"2016-01-22T16:36:36+00:00\" \/>\n\t\t<meta name=\"twitter:card\" content=\"summary_large_image\" \/>\n\t\t<meta name=\"twitter:title\" content=\"Cifuentes quiere que Madrid sea la primera ciudad europea en destino de compras | El Digital de Asturias\" \/>\n\t\t<meta name=\"twitter:description\" content=\"La presidenta de la Comunidad de Madrid, Cristina Cifuentes, ha esperado que Fitur tenga como consecuencia el crecimiento del turismo en Madrid, una ciudad que quieren convertir en el principal destino de turismo de compras de Europa. Tras la inauguraci\u00f3n de la Feria, la presidenta auton\u00f3mica ha esperado que este evento &quot;sea un \u00e9xito&quot; y\" \/>\n\t\t<meta name=\"twitter:image\" content=\"https:\/\/eldigitaldeasturias.com\/magazine365\/wp-content\/uploads\/2016\/01\/fotonoticia_20160120144756_800.jpg\" \/>\n\t\t<script type=\"application\/ld+json\" class=\"aioseo-schema\">\n\t\t\t{\"@context\":\"https:\\\/\\\/schema.org\",\"@graph\":[{\"@type\":\"Article\",\"@id\":\"https:\\\/\\\/eldigitaldeasturias.com\\\/magazine365\\\/cifuentes-quiere-que-madrid-sea-la-primera-ciudad-europea-en-destino-de-compras\\\/#article\",\"name\":\"Cifuentes quiere que Madrid sea la primera ciudad europea en destino de compras | El Digital de Asturias\",\"headline\":\"Cifuentes quiere que Madrid sea la primera ciudad europea en destino de compras\",\"author\":{\"@id\":\"https:\\\/\\\/eldigitaldeasturias.com\\\/magazine365\\\/author\\\/admin\\\/#author\"},\"publisher\":{\"@id\":\"https:\\\/\\\/eldigitaldeasturias.com\\\/magazine365\\\/#organization\"},\"image\":{\"@type\":\"ImageObject\",\"url\":\"https:\\\/\\\/eldigitaldeasturias.com\\\/magazine365\\\/wp-content\\\/uploads\\\/2016\\\/01\\\/fotonoticia_20160120144756_800.jpg\",\"width\":800,\"height\":526},\"datePublished\":\"2016-01-22T17:36:36+01:00\",\"dateModified\":\"2016-01-22T17:36:36+01:00\",\"inLanguage\":\"es-ES\",\"mainEntityOfPage\":{\"@id\":\"https:\\\/\\\/eldigitaldeasturias.com\\\/magazine365\\\/cifuentes-quiere-que-madrid-sea-la-primera-ciudad-europea-en-destino-de-compras\\\/#webpage\"},\"isPartOf\":{\"@id\":\"https:\\\/\\\/eldigitaldeasturias.com\\\/magazine365\\\/cifuentes-quiere-que-madrid-sea-la-primera-ciudad-europea-en-destino-de-compras\\\/#webpage\"},\"articleSection\":\"Noticias y Actualidad\"},{\"@type\":\"BreadcrumbList\",\"@id\":\"https:\\\/\\\/eldigitaldeasturias.com\\\/magazine365\\\/cifuentes-quiere-que-madrid-sea-la-primera-ciudad-europea-en-destino-de-compras\\\/#breadcrumblist\",\"itemListElement\":[{\"@type\":\"ListItem\",\"@id\":\"https:\\\/\\\/eldigitaldeasturias.com\\\/magazine365#listItem\",\"position\":1,\"name\":\"Home\",\"item\":\"https:\\\/\\\/eldigitaldeasturias.com\\\/magazine365\",\"nextItem\":{\"@type\":\"ListItem\",\"@id\":\"https:\\\/\\\/eldigitaldeasturias.com\\\/magazine365\\\/category\\\/noticias-actualidad\\\/#listItem\",\"name\":\"Noticias y Actualidad\"}},{\"@type\":\"ListItem\",\"@id\":\"https:\\\/\\\/eldigitaldeasturias.com\\\/magazine365\\\/category\\\/noticias-actualidad\\\/#listItem\",\"position\":2,\"name\":\"Noticias y Actualidad\",\"item\":\"https:\\\/\\\/eldigitaldeasturias.com\\\/magazine365\\\/category\\\/noticias-actualidad\\\/\",\"nextItem\":{\"@type\":\"ListItem\",\"@id\":\"https:\\\/\\\/eldigitaldeasturias.com\\\/magazine365\\\/cifuentes-quiere-que-madrid-sea-la-primera-ciudad-europea-en-destino-de-compras\\\/#listItem\",\"name\":\"Cifuentes quiere que Madrid sea la primera ciudad europea en destino de compras\"},\"previousItem\":{\"@type\":\"ListItem\",\"@id\":\"https:\\\/\\\/eldigitaldeasturias.com\\\/magazine365#listItem\",\"name\":\"Home\"}},{\"@type\":\"ListItem\",\"@id\":\"https:\\\/\\\/eldigitaldeasturias.com\\\/magazine365\\\/cifuentes-quiere-que-madrid-sea-la-primera-ciudad-europea-en-destino-de-compras\\\/#listItem\",\"position\":3,\"name\":\"Cifuentes quiere que Madrid sea la primera ciudad europea en destino de compras\",\"previousItem\":{\"@type\":\"ListItem\",\"@id\":\"https:\\\/\\\/eldigitaldeasturias.com\\\/magazine365\\\/category\\\/noticias-actualidad\\\/#listItem\",\"name\":\"Noticias y Actualidad\"}}]},{\"@type\":\"Organization\",\"@id\":\"https:\\\/\\\/eldigitaldeasturias.com\\\/magazine365\\\/#organization\",\"name\":\"El digital de Asturias\",\"description\":\"Revista de ocio, turismo y estilo de vida\",\"url\":\"https:\\\/\\\/eldigitaldeasturias.com\\\/magazine365\\\/\",\"logo\":{\"@type\":\"ImageObject\",\"url\":\"https:\\\/\\\/www.eldigitaldeasturias.com\\\/noticias\\\/wp-content\\\/uploads\\\/2020\\\/12\\\/EDA.jpg\",\"@id\":\"https:\\\/\\\/eldigitaldeasturias.com\\\/magazine365\\\/cifuentes-quiere-que-madrid-sea-la-primera-ciudad-europea-en-destino-de-compras\\\/#organizationLogo\"},\"image\":{\"@id\":\"https:\\\/\\\/eldigitaldeasturias.com\\\/magazine365\\\/cifuentes-quiere-que-madrid-sea-la-primera-ciudad-europea-en-destino-de-compras\\\/#organizationLogo\"}},{\"@type\":\"Person\",\"@id\":\"https:\\\/\\\/eldigitaldeasturias.com\\\/magazine365\\\/author\\\/admin\\\/#author\",\"url\":\"https:\\\/\\\/eldigitaldeasturias.com\\\/magazine365\\\/author\\\/admin\\\/\",\"name\":\"admin\",\"image\":{\"@type\":\"ImageObject\",\"@id\":\"https:\\\/\\\/eldigitaldeasturias.com\\\/magazine365\\\/cifuentes-quiere-que-madrid-sea-la-primera-ciudad-europea-en-destino-de-compras\\\/#authorImage\",\"url\":\"https:\\\/\\\/eldigitaldeasturias.com\\\/magazine365\\\/wp-content\\\/litespeed\\\/avatar\\\/e571bcf59a0edd6fa6838245a470f2fe.jpg?ver=1776969259\",\"width\":96,\"height\":96,\"caption\":\"admin\"}},{\"@type\":\"WebPage\",\"@id\":\"https:\\\/\\\/eldigitaldeasturias.com\\\/magazine365\\\/cifuentes-quiere-que-madrid-sea-la-primera-ciudad-europea-en-destino-de-compras\\\/#webpage\",\"url\":\"https:\\\/\\\/eldigitaldeasturias.com\\\/magazine365\\\/cifuentes-quiere-que-madrid-sea-la-primera-ciudad-europea-en-destino-de-compras\\\/\",\"name\":\"Cifuentes quiere que Madrid sea la primera ciudad europea en destino de compras | El Digital de Asturias\",\"description\":\"La presidenta de la Comunidad de Madrid, Cristina Cifuentes, ha esperado que Fitur tenga como consecuencia el crecimiento del turismo en Madrid, una ciudad que quieren convertir en el principal destino de turismo de compras de Europa. Tras la inauguraci\\u00f3n de la Feria, la presidenta auton\\u00f3mica ha esperado que este evento \\\"sea un \\u00e9xito\\\" y\",\"inLanguage\":\"es-ES\",\"isPartOf\":{\"@id\":\"https:\\\/\\\/eldigitaldeasturias.com\\\/magazine365\\\/#website\"},\"breadcrumb\":{\"@id\":\"https:\\\/\\\/eldigitaldeasturias.com\\\/magazine365\\\/cifuentes-quiere-que-madrid-sea-la-primera-ciudad-europea-en-destino-de-compras\\\/#breadcrumblist\"},\"author\":{\"@id\":\"https:\\\/\\\/eldigitaldeasturias.com\\\/magazine365\\\/author\\\/admin\\\/#author\"},\"creator\":{\"@id\":\"https:\\\/\\\/eldigitaldeasturias.com\\\/magazine365\\\/author\\\/admin\\\/#author\"},\"image\":{\"@type\":\"ImageObject\",\"url\":\"https:\\\/\\\/eldigitaldeasturias.com\\\/magazine365\\\/wp-content\\\/uploads\\\/2016\\\/01\\\/fotonoticia_20160120144756_800.jpg\",\"@id\":\"https:\\\/\\\/eldigitaldeasturias.com\\\/magazine365\\\/cifuentes-quiere-que-madrid-sea-la-primera-ciudad-europea-en-destino-de-compras\\\/#mainImage\",\"width\":800,\"height\":526},\"primaryImageOfPage\":{\"@id\":\"https:\\\/\\\/eldigitaldeasturias.com\\\/magazine365\\\/cifuentes-quiere-que-madrid-sea-la-primera-ciudad-europea-en-destino-de-compras\\\/#mainImage\"},\"datePublished\":\"2016-01-22T17:36:36+01:00\",\"dateModified\":\"2016-01-22T17:36:36+01:00\"},{\"@type\":\"WebSite\",\"@id\":\"https:\\\/\\\/eldigitaldeasturias.com\\\/magazine365\\\/#website\",\"url\":\"https:\\\/\\\/eldigitaldeasturias.com\\\/magazine365\\\/\",\"name\":\"El Digital de Asturias\",\"description\":\"Revista de ocio, turismo y estilo de vida\",\"inLanguage\":\"es-ES\",\"publisher\":{\"@id\":\"https:\\\/\\\/eldigitaldeasturias.com\\\/magazine365\\\/#organization\"}}]}\n\t\t<\/script>\n\t\t<!-- All in One SEO Pro -->\r\n\t\t<title>Cifuentes quiere que Madrid sea la primera ciudad europea en destino de compras | El Digital de Asturias<\/title>\n\n","aioseo_head_json":{"title":"Cifuentes quiere que Madrid sea la primera ciudad europea en destino de compras | El Digital de Asturias","description":"La presidenta de la Comunidad de Madrid, Cristina Cifuentes, ha esperado que Fitur tenga como consecuencia el crecimiento del turismo en Madrid, una ciudad que quieren convertir en el principal destino de turismo de compras de Europa. Tras la inauguraci\u00f3n de la Feria, la presidenta auton\u00f3mica ha esperado que este evento \"sea un \u00e9xito\" y","canonical_url":"https:\/\/eldigitaldeasturias.com\/magazine365\/cifuentes-quiere-que-madrid-sea-la-primera-ciudad-europea-en-destino-de-compras\/","robots":"max-image-preview:large","keywords":"noticias y actualidad","webmasterTools":{"google-site-verification":"UA-38556648-1","miscellaneous":""},"schema":{"@context":"https:\/\/schema.org","@graph":[{"@type":"Article","@id":"https:\/\/eldigitaldeasturias.com\/magazine365\/cifuentes-quiere-que-madrid-sea-la-primera-ciudad-europea-en-destino-de-compras\/#article","name":"Cifuentes quiere que Madrid sea la primera ciudad europea en destino de compras | El Digital de Asturias","headline":"Cifuentes quiere que Madrid sea la primera ciudad europea en destino de compras","author":{"@id":"https:\/\/eldigitaldeasturias.com\/magazine365\/author\/admin\/#author"},"publisher":{"@id":"https:\/\/eldigitaldeasturias.com\/magazine365\/#organization"},"image":{"@type":"ImageObject","url":"https:\/\/eldigitaldeasturias.com\/magazine365\/wp-content\/uploads\/2016\/01\/fotonoticia_20160120144756_800.jpg","width":800,"height":526},"datePublished":"2016-01-22T17:36:36+01:00","dateModified":"2016-01-22T17:36:36+01:00","inLanguage":"es-ES","mainEntityOfPage":{"@id":"https:\/\/eldigitaldeasturias.com\/magazine365\/cifuentes-quiere-que-madrid-sea-la-primera-ciudad-europea-en-destino-de-compras\/#webpage"},"isPartOf":{"@id":"https:\/\/eldigitaldeasturias.com\/magazine365\/cifuentes-quiere-que-madrid-sea-la-primera-ciudad-europea-en-destino-de-compras\/#webpage"},"articleSection":"Noticias y Actualidad"},{"@type":"BreadcrumbList","@id":"https:\/\/eldigitaldeasturias.com\/magazine365\/cifuentes-quiere-que-madrid-sea-la-primera-ciudad-europea-en-destino-de-compras\/#breadcrumblist","itemListElement":[{"@type":"ListItem","@id":"https:\/\/eldigitaldeasturias.com\/magazine365#listItem","position":1,"name":"Home","item":"https:\/\/eldigitaldeasturias.com\/magazine365","nextItem":{"@type":"ListItem","@id":"https:\/\/eldigitaldeasturias.com\/magazine365\/category\/noticias-actualidad\/#listItem","name":"Noticias y Actualidad"}},{"@type":"ListItem","@id":"https:\/\/eldigitaldeasturias.com\/magazine365\/category\/noticias-actualidad\/#listItem","position":2,"name":"Noticias y Actualidad","item":"https:\/\/eldigitaldeasturias.com\/magazine365\/category\/noticias-actualidad\/","nextItem":{"@type":"ListItem","@id":"https:\/\/eldigitaldeasturias.com\/magazine365\/cifuentes-quiere-que-madrid-sea-la-primera-ciudad-europea-en-destino-de-compras\/#listItem","name":"Cifuentes quiere que Madrid sea la primera ciudad europea en destino de compras"},"previousItem":{"@type":"ListItem","@id":"https:\/\/eldigitaldeasturias.com\/magazine365#listItem","name":"Home"}},{"@type":"ListItem","@id":"https:\/\/eldigitaldeasturias.com\/magazine365\/cifuentes-quiere-que-madrid-sea-la-primera-ciudad-europea-en-destino-de-compras\/#listItem","position":3,"name":"Cifuentes quiere que Madrid sea la primera ciudad europea en destino de compras","previousItem":{"@type":"ListItem","@id":"https:\/\/eldigitaldeasturias.com\/magazine365\/category\/noticias-actualidad\/#listItem","name":"Noticias y Actualidad"}}]},{"@type":"Organization","@id":"https:\/\/eldigitaldeasturias.com\/magazine365\/#organization","name":"El digital de Asturias","description":"Revista de ocio, turismo y estilo de vida","url":"https:\/\/eldigitaldeasturias.com\/magazine365\/","logo":{"@type":"ImageObject","url":"https:\/\/www.eldigitaldeasturias.com\/noticias\/wp-content\/uploads\/2020\/12\/EDA.jpg","@id":"https:\/\/eldigitaldeasturias.com\/magazine365\/cifuentes-quiere-que-madrid-sea-la-primera-ciudad-europea-en-destino-de-compras\/#organizationLogo"},"image":{"@id":"https:\/\/eldigitaldeasturias.com\/magazine365\/cifuentes-quiere-que-madrid-sea-la-primera-ciudad-europea-en-destino-de-compras\/#organizationLogo"}},{"@type":"Person","@id":"https:\/\/eldigitaldeasturias.com\/magazine365\/author\/admin\/#author","url":"https:\/\/eldigitaldeasturias.com\/magazine365\/author\/admin\/","name":"admin","image":{"@type":"ImageObject","@id":"https:\/\/eldigitaldeasturias.com\/magazine365\/cifuentes-quiere-que-madrid-sea-la-primera-ciudad-europea-en-destino-de-compras\/#authorImage","url":"https:\/\/eldigitaldeasturias.com\/magazine365\/wp-content\/litespeed\/avatar\/e571bcf59a0edd6fa6838245a470f2fe.jpg?ver=1776969259","width":96,"height":96,"caption":"admin"}},{"@type":"WebPage","@id":"https:\/\/eldigitaldeasturias.com\/magazine365\/cifuentes-quiere-que-madrid-sea-la-primera-ciudad-europea-en-destino-de-compras\/#webpage","url":"https:\/\/eldigitaldeasturias.com\/magazine365\/cifuentes-quiere-que-madrid-sea-la-primera-ciudad-europea-en-destino-de-compras\/","name":"Cifuentes quiere que Madrid sea la primera ciudad europea en destino de compras | El Digital de Asturias","description":"La presidenta de la Comunidad de Madrid, Cristina Cifuentes, ha esperado que Fitur tenga como consecuencia el crecimiento del turismo en Madrid, una ciudad que quieren convertir en el principal destino de turismo de compras de Europa. Tras la inauguraci\u00f3n de la Feria, la presidenta auton\u00f3mica ha esperado que este evento \"sea un \u00e9xito\" y","inLanguage":"es-ES","isPartOf":{"@id":"https:\/\/eldigitaldeasturias.com\/magazine365\/#website"},"breadcrumb":{"@id":"https:\/\/eldigitaldeasturias.com\/magazine365\/cifuentes-quiere-que-madrid-sea-la-primera-ciudad-europea-en-destino-de-compras\/#breadcrumblist"},"author":{"@id":"https:\/\/eldigitaldeasturias.com\/magazine365\/author\/admin\/#author"},"creator":{"@id":"https:\/\/eldigitaldeasturias.com\/magazine365\/author\/admin\/#author"},"image":{"@type":"ImageObject","url":"https:\/\/eldigitaldeasturias.com\/magazine365\/wp-content\/uploads\/2016\/01\/fotonoticia_20160120144756_800.jpg","@id":"https:\/\/eldigitaldeasturias.com\/magazine365\/cifuentes-quiere-que-madrid-sea-la-primera-ciudad-europea-en-destino-de-compras\/#mainImage","width":800,"height":526},"primaryImageOfPage":{"@id":"https:\/\/eldigitaldeasturias.com\/magazine365\/cifuentes-quiere-que-madrid-sea-la-primera-ciudad-europea-en-destino-de-compras\/#mainImage"},"datePublished":"2016-01-22T17:36:36+01:00","dateModified":"2016-01-22T17:36:36+01:00"},{"@type":"WebSite","@id":"https:\/\/eldigitaldeasturias.com\/magazine365\/#website","url":"https:\/\/eldigitaldeasturias.com\/magazine365\/","name":"El Digital de Asturias","description":"Revista de ocio, turismo y estilo de vida","inLanguage":"es-ES","publisher":{"@id":"https:\/\/eldigitaldeasturias.com\/magazine365\/#organization"}}]},"og:locale":"es_ES","og:site_name":"El Digital de Asturias \u2013 Revista de ocio, turismo y estilo de vida","og:type":"article","og:title":"Cifuentes quiere que Madrid sea la primera ciudad europea en destino de compras | El Digital de Asturias","og:description":"La presidenta de la Comunidad de Madrid, Cristina Cifuentes, ha esperado que Fitur tenga como consecuencia el crecimiento del turismo en Madrid, una ciudad que quieren convertir en el principal destino de turismo de compras de Europa. Tras la inauguraci\u00f3n de la Feria, la presidenta auton\u00f3mica ha esperado que este evento &quot;sea un \u00e9xito&quot; y","og:url":"https:\/\/eldigitaldeasturias.com\/magazine365\/cifuentes-quiere-que-madrid-sea-la-primera-ciudad-europea-en-destino-de-compras\/","og:image":"https:\/\/eldigitaldeasturias.com\/magazine365\/wp-content\/uploads\/2016\/01\/fotonoticia_20160120144756_800.jpg","og:image:secure_url":"https:\/\/eldigitaldeasturias.com\/magazine365\/wp-content\/uploads\/2016\/01\/fotonoticia_20160120144756_800.jpg","og:image:width":800,"og:image:height":526,"article:published_time":"2016-01-22T16:36:36+00:00","article:modified_time":"2016-01-22T16:36:36+00:00","twitter:card":"summary_large_image","twitter:title":"Cifuentes quiere que Madrid sea la primera ciudad europea en destino de compras | El Digital de Asturias","twitter:description":"La presidenta de la Comunidad de Madrid, Cristina Cifuentes, ha esperado que Fitur tenga como consecuencia el crecimiento del turismo en Madrid, una ciudad que quieren convertir en el principal destino de turismo de compras de Europa. Tras la inauguraci\u00f3n de la Feria, la presidenta auton\u00f3mica ha esperado que este evento &quot;sea un \u00e9xito&quot; y","twitter:image":"https:\/\/eldigitaldeasturias.com\/magazine365\/wp-content\/uploads\/2016\/01\/fotonoticia_20160120144756_800.jpg"},"aioseo_meta_data":{"post_id":"61362","title":null,"description":null,"keywords":null,"keyphrases":null,"primary_term":null,"canonical_url":null,"og_title":null,"og_description":null,"og_object_type":"default","og_image_type":"default","og_image_url":null,"og_image_width":null,"og_image_height":null,"og_image_custom_url":null,"og_image_custom_fields":null,"og_video":null,"og_custom_url":null,"og_article_section":null,"og_article_tags":null,"twitter_use_og":false,"twitter_card":"default","twitter_image_type":"default","twitter_image_url":null,"twitter_image_custom_url":null,"twitter_image_custom_fields":null,"twitter_title":null,"twitter_description":null,"schema":{"blockGraphs":[],"customGraphs":[],"default":{"data":{"Article":[],"Course":[],"Dataset":[],"FAQPage":[],"Movie":[],"Person":[],"Product":[],"ProductReview":[],"Car":[],"Recipe":[],"Service":[],"SoftwareApplication":[],"WebPage":[]},"graphName":"","isEnabled":true},"graphs":[]},"schema_type":null,"schema_type_options":null,"pillar_content":false,"robots_default":true,"robots_noindex":false,"robots_noarchive":false,"robots_nosnippet":false,"robots_nofollow":false,"robots_noimageindex":false,"robots_noodp":false,"robots_notranslate":false,"robots_max_snippet":null,"robots_max_videopreview":null,"robots_max_imagepreview":"large","priority":null,"frequency":null,"location":null,"local_seo":null,"seo_analyzer_scan_date":"2025-09-25 08:48:06","breadcrumb_settings":null,"limit_modified_date":false,"open_ai":null,"ai":null,"created":"2021-03-08 21:50:55","updated":"2025-09-25 08:48:06"},"aioseo_breadcrumb":"<div class=\"aioseo-breadcrumbs\"><span class=\"aioseo-breadcrumb\">\n\t<a href=\"https:\/\/eldigitaldeasturias.com\/magazine365\" title=\"Home\">Home<\/a>\n<\/span><span class=\"aioseo-breadcrumb-separator\">\u2013<\/span><span class=\"aioseo-breadcrumb\">\n\t<a href=\"https:\/\/eldigitaldeasturias.com\/magazine365\/category\/noticias-actualidad\/\" title=\"Noticias y Actualidad\">Noticias y Actualidad<\/a>\n<\/span><span class=\"aioseo-breadcrumb-separator\">\u2013<\/span><span class=\"aioseo-breadcrumb\">\n\t<a href=\"https:\/\/eldigitaldeasturias.com\/magazine365\/cifuentes-quiere-que-madrid-sea-la-primera-ciudad-europea-en-destino-de-compras\/\" title=\"Cifuentes quiere que Madrid sea la primera ciudad europea en destino de compras\">Cifuentes quiere que Madrid sea la primera ciudad europea en destino de compras<\/a>\n<\/span><\/div>","aioseo_breadcrumb_json":[{"label":"Home","link":"https:\/\/eldigitaldeasturias.com\/magazine365"},{"label":"Noticias y Actualidad","link":"https:\/\/eldigitaldeasturias.com\/magazine365\/category\/noticias-actualidad\/"},{"label":"Cifuentes quiere que Madrid sea la primera ciudad europea en destino de compras","link":"https:\/\/eldigitaldeasturias.com\/magazine365\/cifuentes-quiere-que-madrid-sea-la-primera-ciudad-europea-en-destino-de-compras\/"}],"_links":{"self":[{"href":"https:\/\/eldigitaldeasturias.com\/magazine365\/wp-json\/wp\/v2\/posts\/61362","targetHints":{"allow":["GET"]}}],"collection":[{"href":"https:\/\/eldigitaldeasturias.com\/magazine365\/wp-json\/wp\/v2\/posts"}],"about":[{"href":"https:\/\/eldigitaldeasturias.com\/magazine365\/wp-json\/wp\/v2\/types\/post"}],"author":[{"embeddable":true,"href":"https:\/\/eldigitaldeasturias.com\/magazine365\/wp-json\/wp\/v2\/users\/1"}],"replies":[{"embeddable":true,"href":"https:\/\/eldigitaldeasturias.com\/magazine365\/wp-json\/wp\/v2\/comments?post=61362"}],"version-history":[{"count":0,"href":"https:\/\/eldigitaldeasturias.com\/magazine365\/wp-json\/wp\/v2\/posts\/61362\/revisions"}],"wp:featuredmedia":[{"embeddable":true,"href":"https:\/\/eldigitaldeasturias.com\/magazine365\/wp-json\/wp\/v2\/media\/61363"}],"wp:attachment":[{"href":"https:\/\/eldigitaldeasturias.com\/magazine365\/wp-json\/wp\/v2\/media?parent=61362"}],"wp:term":[{"taxonomy":"category","embeddable":true,"href":"https:\/\/eldigitaldeasturias.com\/magazine365\/wp-json\/wp\/v2\/categories?post=61362"},{"taxonomy":"post_tag","embeddable":true,"href":"https:\/\/eldigitaldeasturias.com\/magazine365\/wp-json\/wp\/v2\/tags?post=61362"}],"curies":[{"name":"wp","href":"https:\/\/api.w.org\/{rel}","templated":true}]}}