{"id":61346,"date":"2016-01-22T15:37:34","date_gmt":"2016-01-22T14:37:34","guid":{"rendered":"http:\/\/eldigitaldeasturias.com\/magazine365\/?p=61346"},"modified":"2016-01-22T15:37:34","modified_gmt":"2016-01-22T14:37:34","slug":"costa-de-almeria-incorpora-unas-gafas-de-vision-360-para-su-promocion","status":"publish","type":"post","link":"https:\/\/eldigitaldeasturias.com\/magazine365\/costa-de-almeria-incorpora-unas-gafas-de-vision-360-para-su-promocion\/","title":{"rendered":"&#8216;Costa de Almer\u00eda&#8217; incorpora unas gafas de visi\u00f3n 360 para su promoci\u00f3n"},"content":{"rendered":"<p><img fetchpriority=\"high\" decoding=\"async\" class=\"alignleft size-medium wp-image-61347\" src=\"https:\/\/eldigitaldeasturias.com\/magazine365\/wp-content\/uploads\/2016\/01\/fotonoticia_20160120142829_800-360x270.jpg\" alt=\"fotonoticia_20160120142829_800\" width=\"360\" height=\"270\" srcset=\"https:\/\/eldigitaldeasturias.com\/magazine365\/wp-content\/uploads\/2016\/01\/fotonoticia_20160120142829_800-360x270.jpg 360w, https:\/\/eldigitaldeasturias.com\/magazine365\/wp-content\/uploads\/2016\/01\/fotonoticia_20160120142829_800-650x488.jpg 650w, https:\/\/eldigitaldeasturias.com\/magazine365\/wp-content\/uploads\/2016\/01\/fotonoticia_20160120142829_800-768x576.jpg 768w, https:\/\/eldigitaldeasturias.com\/magazine365\/wp-content\/uploads\/2016\/01\/fotonoticia_20160120142829_800-150x113.jpg 150w, https:\/\/eldigitaldeasturias.com\/magazine365\/wp-content\/uploads\/2016\/01\/fotonoticia_20160120142829_800-450x338.jpg 450w, https:\/\/eldigitaldeasturias.com\/magazine365\/wp-content\/uploads\/2016\/01\/fotonoticia_20160120142829_800-80x60.jpg 80w, https:\/\/eldigitaldeasturias.com\/magazine365\/wp-content\/uploads\/2016\/01\/fotonoticia_20160120142829_800-265x198.jpg 265w, https:\/\/eldigitaldeasturias.com\/magazine365\/wp-content\/uploads\/2016\/01\/fotonoticia_20160120142829_800-696x522.jpg 696w, https:\/\/eldigitaldeasturias.com\/magazine365\/wp-content\/uploads\/2016\/01\/fotonoticia_20160120142829_800-560x420.jpg 560w, https:\/\/eldigitaldeasturias.com\/magazine365\/wp-content\/uploads\/2016\/01\/fotonoticia_20160120142829_800-90x67.jpg 90w, https:\/\/eldigitaldeasturias.com\/magazine365\/wp-content\/uploads\/2016\/01\/fotonoticia_20160120142829_800-164x124.jpg 164w, https:\/\/eldigitaldeasturias.com\/magazine365\/wp-content\/uploads\/2016\/01\/fotonoticia_20160120142829_800-100x75.jpg 100w, https:\/\/eldigitaldeasturias.com\/magazine365\/wp-content\/uploads\/2016\/01\/fotonoticia_20160120142829_800.jpg 800w\" sizes=\"(max-width: 360px) 100vw, 360px\" \/>El destino &#8216;Costa de Almer\u00eda&#8217; ha apostado por las nuevas tecnolog\u00edas para su promoci\u00f3n tur\u00edstica en Fitur 2016 con la incorporaci\u00f3n de unas gafas de visi\u00f3n 360 grados con las que se puede ver el \u00faltimo v\u00eddeo elaborado por el Servicio Provincial de Turismo y protagonizado por el cantante almeriense David Bisbal.<\/p>\n<p>Este nuevo sistema de promoci\u00f3n se ha presentado en el stand de Almer\u00eda en Fitur, ubicado en el pabell\u00f3n cinco de Ifema, junto al resto de provincias andaluzas. Un stand que ha visitado el propio David Bisbal, tras la primera proyecci\u00f3n del v\u00eddeo de turismo activo de &#8216;Costa de Almer\u00eda&#8217; en la Casa Am\u00e9rica. El cantante ha sido una de las primeras personas en disfrutar de esta experiencia en 360 grados.<\/p>\n<p>El m\u00fasico almeriense ha repetido que ha sido un placer colaborar con este v\u00eddeo de promoci\u00f3n de Almer\u00eda, ya que se siente \u00abm\u00e1s almeriense que nunca\u00bb despu\u00e9s de haber disfrutado mucho de la provincia durante el \u00faltimo a\u00f1o. Bisbal ha afirmado que para \u00e9l \u00abes un placer proyectar la imagen de Almer\u00eda por todos los pa\u00edses a donde voy\u00bb.<\/p>\n<p>Para la Diputaci\u00f3n de Almer\u00eda, el apoyo de David Bisbal en la promoci\u00f3n tur\u00edstica de la provincia es muy importante. Gabriel Amat, presidente de la instituci\u00f3n, ha afirmado que \u00aba David Bisbal siempre lo tenemos, es nuestro amigo y nuestro embajador. Pens\u00e1bamos que no \u00edbamos a superar el primer v\u00eddeo que hicimos, pero lo hemos conseguido y nos sentimos orgullosos de mostrar lo que tenemos en la provincia y que muchas veces no se conoce\u00bb.<\/p>\n<p>El v\u00eddeo ya se puede visitar a trav\u00e9s de la p\u00e1gina web de Turismo Almer\u00eda, en la p\u00e1gina de Costa de Almer\u00eda en Youtube, y a trav\u00e9s de las redes sociales de la Diputaci\u00f3n Provincial y del propio David Bisbal, quien ha sido el primero en colgar en una de sus redes sociales un enlace al v\u00eddeo.<\/p>\n<p>El vicepresidente de la Diputaci\u00f3n de Almer\u00eda, Javier Aureliano Garc\u00eda, ha afirmado que \u00abDavid Bisbal es la mejor persona para defender lo que transmite ese v\u00eddeo. Es una persona enamorada de su tierra. Ya trabajamos con \u00e9l hace dos a\u00f1os, con un resultado excelente, miles de impactos, ahora lo intentamos con un nuevo proyecto totalmente diferente\u00bb. Garc\u00eda ha explicado que la provincia quiere apostar por el turismo activo, ya que puede ser \u00abreferente en Europa de un turismo sostenible, familiar y divertido\u00bb.<\/p>\n<p>Los interesados en visualizar el v\u00eddeo promocional de &#8216;Costa de Almer\u00eda&#8217; en 360 grados tan solo tienen que instalar en su m\u00f3vil la aplicaci\u00f3n de Youtube, buscar el v\u00eddeo, y colocar su tel\u00e9fono en el interior de las gafas de visi\u00f3n 360, repartidas en el stand de Almer\u00eda en Fitur. Se trata de una innovaci\u00f3n que la Diputaci\u00f3n ha definido como \u00abel objeto de deseo\u00bb en esta edici\u00f3n de la Feria Internacional de Turismo de Madrid.<\/p>\n<p>El propio David Bisbal ha asegurado que es \u00abuna experiencia fant\u00e1stica\u00bb despu\u00e9s de probarse las gafas. El cantante ha aprovechado la cita en Fitur para adelantar a los medios de comunicaci\u00f3n que, actualmente, trabaja en un nuevo proyecto. \u00abAhora mismo estoy haciendo un tour de composiciones. He estado en Londres, en Estocolmo y dentro de poco estar\u00e9 en Los \u00c1ngeles para aprender de los mejores, y a finales de a\u00f1o presentar\u00e9 un nuevo disco\u00bb, ha declarado Bisbal.<\/p>\n","protected":false},"excerpt":{"rendered":"<p>El destino &#8216;Costa de Almer\u00eda&#8217; ha apostado por las nuevas tecnolog\u00edas para su promoci\u00f3n tur\u00edstica en Fitur 2016 con la incorporaci\u00f3n de unas gafas de visi\u00f3n 360 grados con las que se puede ver el \u00faltimo v\u00eddeo elaborado por el Servicio Provincial de Turismo y protagonizado por el cantante almeriense David Bisbal. Este nuevo sistema<\/p>\n","protected":false},"author":1,"featured_media":61347,"comment_status":"open","ping_status":"closed","sticky":false,"template":"","format":"standard","meta":{"footnotes":""},"categories":[224],"tags":[],"class_list":{"0":"post-61346","1":"post","2":"type-post","3":"status-publish","4":"format-standard","5":"has-post-thumbnail","7":"category-noticias-actualidad"},"aioseo_notices":[],"aioseo_head":"\n\t\t<!-- All in One SEO Pro 4.9.6.1 - aioseo.com -->\n\t<meta name=\"description\" content=\"El destino &#039;Costa de Almer\u00eda&#039; ha apostado por las nuevas tecnolog\u00edas para su promoci\u00f3n tur\u00edstica en Fitur 2016 con la incorporaci\u00f3n de unas gafas de visi\u00f3n 360 grados con las que se puede ver el \u00faltimo v\u00eddeo elaborado por el Servicio Provincial de Turismo y protagonizado por el cantante almeriense David Bisbal. Este nuevo sistema\" \/>\n\t<meta name=\"robots\" content=\"max-image-preview:large\" \/>\n\t<meta name=\"author\" content=\"admin\"\/>\n\t<meta name=\"google-site-verification\" content=\"UA-38556648-1\" \/>\n\t<meta name=\"keywords\" content=\"noticias y actualidad\" \/>\n\t<link rel=\"canonical\" href=\"https:\/\/eldigitaldeasturias.com\/magazine365\/costa-de-almeria-incorpora-unas-gafas-de-vision-360-para-su-promocion\/\" \/>\n\t<meta name=\"generator\" content=\"All in One SEO Pro (AIOSEO) 4.9.6.1\" \/>\n\t\t<meta property=\"og:locale\" content=\"es_ES\" \/>\n\t\t<meta property=\"og:site_name\" content=\"El Digital de Asturias \u2013 Revista de ocio, turismo y estilo de vida\" \/>\n\t\t<meta property=\"og:type\" content=\"article\" \/>\n\t\t<meta property=\"og:title\" content=\"\u2018Costa de Almer\u00eda\u2019 incorpora unas gafas de visi\u00f3n 360 para su promoci\u00f3n | El Digital de Asturias\" \/>\n\t\t<meta property=\"og:description\" content=\"El destino &#039;Costa de Almer\u00eda&#039; ha apostado por las nuevas tecnolog\u00edas para su promoci\u00f3n tur\u00edstica en Fitur 2016 con la incorporaci\u00f3n de unas gafas de visi\u00f3n 360 grados con las que se puede ver el \u00faltimo v\u00eddeo elaborado por el Servicio Provincial de Turismo y protagonizado por el cantante almeriense David Bisbal. Este nuevo sistema\" \/>\n\t\t<meta property=\"og:url\" content=\"https:\/\/eldigitaldeasturias.com\/magazine365\/costa-de-almeria-incorpora-unas-gafas-de-vision-360-para-su-promocion\/\" \/>\n\t\t<meta property=\"og:image\" content=\"https:\/\/eldigitaldeasturias.com\/magazine365\/wp-content\/uploads\/2016\/01\/fotonoticia_20160120142829_800.jpg\" \/>\n\t\t<meta property=\"og:image:secure_url\" content=\"https:\/\/eldigitaldeasturias.com\/magazine365\/wp-content\/uploads\/2016\/01\/fotonoticia_20160120142829_800.jpg\" \/>\n\t\t<meta property=\"og:image:width\" content=\"800\" \/>\n\t\t<meta property=\"og:image:height\" content=\"600\" \/>\n\t\t<meta property=\"article:published_time\" content=\"2016-01-22T14:37:34+00:00\" \/>\n\t\t<meta property=\"article:modified_time\" content=\"2016-01-22T14:37:34+00:00\" \/>\n\t\t<meta name=\"twitter:card\" content=\"summary_large_image\" \/>\n\t\t<meta name=\"twitter:title\" content=\"\u2018Costa de Almer\u00eda\u2019 incorpora unas gafas de visi\u00f3n 360 para su promoci\u00f3n | El Digital de Asturias\" \/>\n\t\t<meta name=\"twitter:description\" content=\"El destino &#039;Costa de Almer\u00eda&#039; ha apostado por las nuevas tecnolog\u00edas para su promoci\u00f3n tur\u00edstica en Fitur 2016 con la incorporaci\u00f3n de unas gafas de visi\u00f3n 360 grados con las que se puede ver el \u00faltimo v\u00eddeo elaborado por el Servicio Provincial de Turismo y protagonizado por el cantante almeriense David Bisbal. Este nuevo sistema\" \/>\n\t\t<meta name=\"twitter:image\" content=\"https:\/\/eldigitaldeasturias.com\/magazine365\/wp-content\/uploads\/2016\/01\/fotonoticia_20160120142829_800.jpg\" \/>\n\t\t<script type=\"application\/ld+json\" class=\"aioseo-schema\">\n\t\t\t{\"@context\":\"https:\\\/\\\/schema.org\",\"@graph\":[{\"@type\":\"Article\",\"@id\":\"https:\\\/\\\/eldigitaldeasturias.com\\\/magazine365\\\/costa-de-almeria-incorpora-unas-gafas-de-vision-360-para-su-promocion\\\/#article\",\"name\":\"\\u2018Costa de Almer\\u00eda\\u2019 incorpora unas gafas de visi\\u00f3n 360 para su promoci\\u00f3n | El Digital de Asturias\",\"headline\":\"&#8216;Costa de Almer\\u00eda&#8217; incorpora unas gafas de visi\\u00f3n 360 para su promoci\\u00f3n\",\"author\":{\"@id\":\"https:\\\/\\\/eldigitaldeasturias.com\\\/magazine365\\\/author\\\/admin\\\/#author\"},\"publisher\":{\"@id\":\"https:\\\/\\\/eldigitaldeasturias.com\\\/magazine365\\\/#organization\"},\"image\":{\"@type\":\"ImageObject\",\"url\":\"https:\\\/\\\/eldigitaldeasturias.com\\\/magazine365\\\/wp-content\\\/uploads\\\/2016\\\/01\\\/fotonoticia_20160120142829_800.jpg\",\"width\":800,\"height\":600},\"datePublished\":\"2016-01-22T15:37:34+01:00\",\"dateModified\":\"2016-01-22T15:37:34+01:00\",\"inLanguage\":\"es-ES\",\"mainEntityOfPage\":{\"@id\":\"https:\\\/\\\/eldigitaldeasturias.com\\\/magazine365\\\/costa-de-almeria-incorpora-unas-gafas-de-vision-360-para-su-promocion\\\/#webpage\"},\"isPartOf\":{\"@id\":\"https:\\\/\\\/eldigitaldeasturias.com\\\/magazine365\\\/costa-de-almeria-incorpora-unas-gafas-de-vision-360-para-su-promocion\\\/#webpage\"},\"articleSection\":\"Noticias y Actualidad\"},{\"@type\":\"BreadcrumbList\",\"@id\":\"https:\\\/\\\/eldigitaldeasturias.com\\\/magazine365\\\/costa-de-almeria-incorpora-unas-gafas-de-vision-360-para-su-promocion\\\/#breadcrumblist\",\"itemListElement\":[{\"@type\":\"ListItem\",\"@id\":\"https:\\\/\\\/eldigitaldeasturias.com\\\/magazine365#listItem\",\"position\":1,\"name\":\"Home\",\"item\":\"https:\\\/\\\/eldigitaldeasturias.com\\\/magazine365\",\"nextItem\":{\"@type\":\"ListItem\",\"@id\":\"https:\\\/\\\/eldigitaldeasturias.com\\\/magazine365\\\/category\\\/noticias-actualidad\\\/#listItem\",\"name\":\"Noticias y Actualidad\"}},{\"@type\":\"ListItem\",\"@id\":\"https:\\\/\\\/eldigitaldeasturias.com\\\/magazine365\\\/category\\\/noticias-actualidad\\\/#listItem\",\"position\":2,\"name\":\"Noticias y Actualidad\",\"item\":\"https:\\\/\\\/eldigitaldeasturias.com\\\/magazine365\\\/category\\\/noticias-actualidad\\\/\",\"nextItem\":{\"@type\":\"ListItem\",\"@id\":\"https:\\\/\\\/eldigitaldeasturias.com\\\/magazine365\\\/costa-de-almeria-incorpora-unas-gafas-de-vision-360-para-su-promocion\\\/#listItem\",\"name\":\"&#8216;Costa de Almer\\u00eda&#8217; incorpora unas gafas de visi\\u00f3n 360 para su promoci\\u00f3n\"},\"previousItem\":{\"@type\":\"ListItem\",\"@id\":\"https:\\\/\\\/eldigitaldeasturias.com\\\/magazine365#listItem\",\"name\":\"Home\"}},{\"@type\":\"ListItem\",\"@id\":\"https:\\\/\\\/eldigitaldeasturias.com\\\/magazine365\\\/costa-de-almeria-incorpora-unas-gafas-de-vision-360-para-su-promocion\\\/#listItem\",\"position\":3,\"name\":\"&#8216;Costa de Almer\\u00eda&#8217; incorpora unas gafas de visi\\u00f3n 360 para su promoci\\u00f3n\",\"previousItem\":{\"@type\":\"ListItem\",\"@id\":\"https:\\\/\\\/eldigitaldeasturias.com\\\/magazine365\\\/category\\\/noticias-actualidad\\\/#listItem\",\"name\":\"Noticias y Actualidad\"}}]},{\"@type\":\"Organization\",\"@id\":\"https:\\\/\\\/eldigitaldeasturias.com\\\/magazine365\\\/#organization\",\"name\":\"El digital de Asturias\",\"description\":\"Revista de ocio, turismo y estilo de vida\",\"url\":\"https:\\\/\\\/eldigitaldeasturias.com\\\/magazine365\\\/\",\"logo\":{\"@type\":\"ImageObject\",\"url\":\"https:\\\/\\\/www.eldigitaldeasturias.com\\\/noticias\\\/wp-content\\\/uploads\\\/2020\\\/12\\\/EDA.jpg\",\"@id\":\"https:\\\/\\\/eldigitaldeasturias.com\\\/magazine365\\\/costa-de-almeria-incorpora-unas-gafas-de-vision-360-para-su-promocion\\\/#organizationLogo\"},\"image\":{\"@id\":\"https:\\\/\\\/eldigitaldeasturias.com\\\/magazine365\\\/costa-de-almeria-incorpora-unas-gafas-de-vision-360-para-su-promocion\\\/#organizationLogo\"}},{\"@type\":\"Person\",\"@id\":\"https:\\\/\\\/eldigitaldeasturias.com\\\/magazine365\\\/author\\\/admin\\\/#author\",\"url\":\"https:\\\/\\\/eldigitaldeasturias.com\\\/magazine365\\\/author\\\/admin\\\/\",\"name\":\"admin\",\"image\":{\"@type\":\"ImageObject\",\"@id\":\"https:\\\/\\\/eldigitaldeasturias.com\\\/magazine365\\\/costa-de-almeria-incorpora-unas-gafas-de-vision-360-para-su-promocion\\\/#authorImage\",\"url\":\"https:\\\/\\\/eldigitaldeasturias.com\\\/magazine365\\\/wp-content\\\/litespeed\\\/avatar\\\/e571bcf59a0edd6fa6838245a470f2fe.jpg?ver=1776969259\",\"width\":96,\"height\":96,\"caption\":\"admin\"}},{\"@type\":\"WebPage\",\"@id\":\"https:\\\/\\\/eldigitaldeasturias.com\\\/magazine365\\\/costa-de-almeria-incorpora-unas-gafas-de-vision-360-para-su-promocion\\\/#webpage\",\"url\":\"https:\\\/\\\/eldigitaldeasturias.com\\\/magazine365\\\/costa-de-almeria-incorpora-unas-gafas-de-vision-360-para-su-promocion\\\/\",\"name\":\"\\u2018Costa de Almer\\u00eda\\u2019 incorpora unas gafas de visi\\u00f3n 360 para su promoci\\u00f3n | El Digital de Asturias\",\"description\":\"El destino 'Costa de Almer\\u00eda' ha apostado por las nuevas tecnolog\\u00edas para su promoci\\u00f3n tur\\u00edstica en Fitur 2016 con la incorporaci\\u00f3n de unas gafas de visi\\u00f3n 360 grados con las que se puede ver el \\u00faltimo v\\u00eddeo elaborado por el Servicio Provincial de Turismo y protagonizado por el cantante almeriense David Bisbal. Este nuevo sistema\",\"inLanguage\":\"es-ES\",\"isPartOf\":{\"@id\":\"https:\\\/\\\/eldigitaldeasturias.com\\\/magazine365\\\/#website\"},\"breadcrumb\":{\"@id\":\"https:\\\/\\\/eldigitaldeasturias.com\\\/magazine365\\\/costa-de-almeria-incorpora-unas-gafas-de-vision-360-para-su-promocion\\\/#breadcrumblist\"},\"author\":{\"@id\":\"https:\\\/\\\/eldigitaldeasturias.com\\\/magazine365\\\/author\\\/admin\\\/#author\"},\"creator\":{\"@id\":\"https:\\\/\\\/eldigitaldeasturias.com\\\/magazine365\\\/author\\\/admin\\\/#author\"},\"image\":{\"@type\":\"ImageObject\",\"url\":\"https:\\\/\\\/eldigitaldeasturias.com\\\/magazine365\\\/wp-content\\\/uploads\\\/2016\\\/01\\\/fotonoticia_20160120142829_800.jpg\",\"@id\":\"https:\\\/\\\/eldigitaldeasturias.com\\\/magazine365\\\/costa-de-almeria-incorpora-unas-gafas-de-vision-360-para-su-promocion\\\/#mainImage\",\"width\":800,\"height\":600},\"primaryImageOfPage\":{\"@id\":\"https:\\\/\\\/eldigitaldeasturias.com\\\/magazine365\\\/costa-de-almeria-incorpora-unas-gafas-de-vision-360-para-su-promocion\\\/#mainImage\"},\"datePublished\":\"2016-01-22T15:37:34+01:00\",\"dateModified\":\"2016-01-22T15:37:34+01:00\"},{\"@type\":\"WebSite\",\"@id\":\"https:\\\/\\\/eldigitaldeasturias.com\\\/magazine365\\\/#website\",\"url\":\"https:\\\/\\\/eldigitaldeasturias.com\\\/magazine365\\\/\",\"name\":\"El Digital de Asturias\",\"description\":\"Revista de ocio, turismo y estilo de vida\",\"inLanguage\":\"es-ES\",\"publisher\":{\"@id\":\"https:\\\/\\\/eldigitaldeasturias.com\\\/magazine365\\\/#organization\"}}]}\n\t\t<\/script>\n\t\t<!-- All in One SEO Pro -->\r\n\t\t<title>\u2018Costa de Almer\u00eda\u2019 incorpora unas gafas de visi\u00f3n 360 para su promoci\u00f3n | El Digital de Asturias<\/title>\n\n","aioseo_head_json":{"title":"\u2018Costa de Almer\u00eda\u2019 incorpora unas gafas de visi\u00f3n 360 para su promoci\u00f3n | El Digital de Asturias","description":"El destino 'Costa de Almer\u00eda' ha apostado por las nuevas tecnolog\u00edas para su promoci\u00f3n tur\u00edstica en Fitur 2016 con la incorporaci\u00f3n de unas gafas de visi\u00f3n 360 grados con las que se puede ver el \u00faltimo v\u00eddeo elaborado por el Servicio Provincial de Turismo y protagonizado por el cantante almeriense David Bisbal. Este nuevo sistema","canonical_url":"https:\/\/eldigitaldeasturias.com\/magazine365\/costa-de-almeria-incorpora-unas-gafas-de-vision-360-para-su-promocion\/","robots":"max-image-preview:large","keywords":"noticias y actualidad","webmasterTools":{"google-site-verification":"UA-38556648-1","miscellaneous":""},"schema":{"@context":"https:\/\/schema.org","@graph":[{"@type":"Article","@id":"https:\/\/eldigitaldeasturias.com\/magazine365\/costa-de-almeria-incorpora-unas-gafas-de-vision-360-para-su-promocion\/#article","name":"\u2018Costa de Almer\u00eda\u2019 incorpora unas gafas de visi\u00f3n 360 para su promoci\u00f3n | El Digital de Asturias","headline":"&#8216;Costa de Almer\u00eda&#8217; incorpora unas gafas de visi\u00f3n 360 para su promoci\u00f3n","author":{"@id":"https:\/\/eldigitaldeasturias.com\/magazine365\/author\/admin\/#author"},"publisher":{"@id":"https:\/\/eldigitaldeasturias.com\/magazine365\/#organization"},"image":{"@type":"ImageObject","url":"https:\/\/eldigitaldeasturias.com\/magazine365\/wp-content\/uploads\/2016\/01\/fotonoticia_20160120142829_800.jpg","width":800,"height":600},"datePublished":"2016-01-22T15:37:34+01:00","dateModified":"2016-01-22T15:37:34+01:00","inLanguage":"es-ES","mainEntityOfPage":{"@id":"https:\/\/eldigitaldeasturias.com\/magazine365\/costa-de-almeria-incorpora-unas-gafas-de-vision-360-para-su-promocion\/#webpage"},"isPartOf":{"@id":"https:\/\/eldigitaldeasturias.com\/magazine365\/costa-de-almeria-incorpora-unas-gafas-de-vision-360-para-su-promocion\/#webpage"},"articleSection":"Noticias y Actualidad"},{"@type":"BreadcrumbList","@id":"https:\/\/eldigitaldeasturias.com\/magazine365\/costa-de-almeria-incorpora-unas-gafas-de-vision-360-para-su-promocion\/#breadcrumblist","itemListElement":[{"@type":"ListItem","@id":"https:\/\/eldigitaldeasturias.com\/magazine365#listItem","position":1,"name":"Home","item":"https:\/\/eldigitaldeasturias.com\/magazine365","nextItem":{"@type":"ListItem","@id":"https:\/\/eldigitaldeasturias.com\/magazine365\/category\/noticias-actualidad\/#listItem","name":"Noticias y Actualidad"}},{"@type":"ListItem","@id":"https:\/\/eldigitaldeasturias.com\/magazine365\/category\/noticias-actualidad\/#listItem","position":2,"name":"Noticias y Actualidad","item":"https:\/\/eldigitaldeasturias.com\/magazine365\/category\/noticias-actualidad\/","nextItem":{"@type":"ListItem","@id":"https:\/\/eldigitaldeasturias.com\/magazine365\/costa-de-almeria-incorpora-unas-gafas-de-vision-360-para-su-promocion\/#listItem","name":"&#8216;Costa de Almer\u00eda&#8217; incorpora unas gafas de visi\u00f3n 360 para su promoci\u00f3n"},"previousItem":{"@type":"ListItem","@id":"https:\/\/eldigitaldeasturias.com\/magazine365#listItem","name":"Home"}},{"@type":"ListItem","@id":"https:\/\/eldigitaldeasturias.com\/magazine365\/costa-de-almeria-incorpora-unas-gafas-de-vision-360-para-su-promocion\/#listItem","position":3,"name":"&#8216;Costa de Almer\u00eda&#8217; incorpora unas gafas de visi\u00f3n 360 para su promoci\u00f3n","previousItem":{"@type":"ListItem","@id":"https:\/\/eldigitaldeasturias.com\/magazine365\/category\/noticias-actualidad\/#listItem","name":"Noticias y Actualidad"}}]},{"@type":"Organization","@id":"https:\/\/eldigitaldeasturias.com\/magazine365\/#organization","name":"El digital de Asturias","description":"Revista de ocio, turismo y estilo de vida","url":"https:\/\/eldigitaldeasturias.com\/magazine365\/","logo":{"@type":"ImageObject","url":"https:\/\/www.eldigitaldeasturias.com\/noticias\/wp-content\/uploads\/2020\/12\/EDA.jpg","@id":"https:\/\/eldigitaldeasturias.com\/magazine365\/costa-de-almeria-incorpora-unas-gafas-de-vision-360-para-su-promocion\/#organizationLogo"},"image":{"@id":"https:\/\/eldigitaldeasturias.com\/magazine365\/costa-de-almeria-incorpora-unas-gafas-de-vision-360-para-su-promocion\/#organizationLogo"}},{"@type":"Person","@id":"https:\/\/eldigitaldeasturias.com\/magazine365\/author\/admin\/#author","url":"https:\/\/eldigitaldeasturias.com\/magazine365\/author\/admin\/","name":"admin","image":{"@type":"ImageObject","@id":"https:\/\/eldigitaldeasturias.com\/magazine365\/costa-de-almeria-incorpora-unas-gafas-de-vision-360-para-su-promocion\/#authorImage","url":"https:\/\/eldigitaldeasturias.com\/magazine365\/wp-content\/litespeed\/avatar\/e571bcf59a0edd6fa6838245a470f2fe.jpg?ver=1776969259","width":96,"height":96,"caption":"admin"}},{"@type":"WebPage","@id":"https:\/\/eldigitaldeasturias.com\/magazine365\/costa-de-almeria-incorpora-unas-gafas-de-vision-360-para-su-promocion\/#webpage","url":"https:\/\/eldigitaldeasturias.com\/magazine365\/costa-de-almeria-incorpora-unas-gafas-de-vision-360-para-su-promocion\/","name":"\u2018Costa de Almer\u00eda\u2019 incorpora unas gafas de visi\u00f3n 360 para su promoci\u00f3n | El Digital de Asturias","description":"El destino 'Costa de Almer\u00eda' ha apostado por las nuevas tecnolog\u00edas para su promoci\u00f3n tur\u00edstica en Fitur 2016 con la incorporaci\u00f3n de unas gafas de visi\u00f3n 360 grados con las que se puede ver el \u00faltimo v\u00eddeo elaborado por el Servicio Provincial de Turismo y protagonizado por el cantante almeriense David Bisbal. Este nuevo sistema","inLanguage":"es-ES","isPartOf":{"@id":"https:\/\/eldigitaldeasturias.com\/magazine365\/#website"},"breadcrumb":{"@id":"https:\/\/eldigitaldeasturias.com\/magazine365\/costa-de-almeria-incorpora-unas-gafas-de-vision-360-para-su-promocion\/#breadcrumblist"},"author":{"@id":"https:\/\/eldigitaldeasturias.com\/magazine365\/author\/admin\/#author"},"creator":{"@id":"https:\/\/eldigitaldeasturias.com\/magazine365\/author\/admin\/#author"},"image":{"@type":"ImageObject","url":"https:\/\/eldigitaldeasturias.com\/magazine365\/wp-content\/uploads\/2016\/01\/fotonoticia_20160120142829_800.jpg","@id":"https:\/\/eldigitaldeasturias.com\/magazine365\/costa-de-almeria-incorpora-unas-gafas-de-vision-360-para-su-promocion\/#mainImage","width":800,"height":600},"primaryImageOfPage":{"@id":"https:\/\/eldigitaldeasturias.com\/magazine365\/costa-de-almeria-incorpora-unas-gafas-de-vision-360-para-su-promocion\/#mainImage"},"datePublished":"2016-01-22T15:37:34+01:00","dateModified":"2016-01-22T15:37:34+01:00"},{"@type":"WebSite","@id":"https:\/\/eldigitaldeasturias.com\/magazine365\/#website","url":"https:\/\/eldigitaldeasturias.com\/magazine365\/","name":"El Digital de Asturias","description":"Revista de ocio, turismo y estilo de vida","inLanguage":"es-ES","publisher":{"@id":"https:\/\/eldigitaldeasturias.com\/magazine365\/#organization"}}]},"og:locale":"es_ES","og:site_name":"El Digital de Asturias \u2013 Revista de ocio, turismo y estilo de vida","og:type":"article","og:title":"\u2018Costa de Almer\u00eda\u2019 incorpora unas gafas de visi\u00f3n 360 para su promoci\u00f3n | El Digital de Asturias","og:description":"El destino 'Costa de Almer\u00eda' ha apostado por las nuevas tecnolog\u00edas para su promoci\u00f3n tur\u00edstica en Fitur 2016 con la incorporaci\u00f3n de unas gafas de visi\u00f3n 360 grados con las que se puede ver el \u00faltimo v\u00eddeo elaborado por el Servicio Provincial de Turismo y protagonizado por el cantante almeriense David Bisbal. Este nuevo sistema","og:url":"https:\/\/eldigitaldeasturias.com\/magazine365\/costa-de-almeria-incorpora-unas-gafas-de-vision-360-para-su-promocion\/","og:image":"https:\/\/eldigitaldeasturias.com\/magazine365\/wp-content\/uploads\/2016\/01\/fotonoticia_20160120142829_800.jpg","og:image:secure_url":"https:\/\/eldigitaldeasturias.com\/magazine365\/wp-content\/uploads\/2016\/01\/fotonoticia_20160120142829_800.jpg","og:image:width":800,"og:image:height":600,"article:published_time":"2016-01-22T14:37:34+00:00","article:modified_time":"2016-01-22T14:37:34+00:00","twitter:card":"summary_large_image","twitter:title":"\u2018Costa de Almer\u00eda\u2019 incorpora unas gafas de visi\u00f3n 360 para su promoci\u00f3n | El Digital de Asturias","twitter:description":"El destino 'Costa de Almer\u00eda' ha apostado por las nuevas tecnolog\u00edas para su promoci\u00f3n tur\u00edstica en Fitur 2016 con la incorporaci\u00f3n de unas gafas de visi\u00f3n 360 grados con las que se puede ver el \u00faltimo v\u00eddeo elaborado por el Servicio Provincial de Turismo y protagonizado por el cantante almeriense David Bisbal. Este nuevo sistema","twitter:image":"https:\/\/eldigitaldeasturias.com\/magazine365\/wp-content\/uploads\/2016\/01\/fotonoticia_20160120142829_800.jpg"},"aioseo_meta_data":{"post_id":"61346","title":null,"description":null,"keywords":null,"keyphrases":null,"primary_term":null,"canonical_url":null,"og_title":null,"og_description":null,"og_object_type":"default","og_image_type":"default","og_image_url":null,"og_image_width":null,"og_image_height":null,"og_image_custom_url":null,"og_image_custom_fields":null,"og_video":null,"og_custom_url":null,"og_article_section":null,"og_article_tags":null,"twitter_use_og":false,"twitter_card":"default","twitter_image_type":"default","twitter_image_url":null,"twitter_image_custom_url":null,"twitter_image_custom_fields":null,"twitter_title":null,"twitter_description":null,"schema":{"blockGraphs":[],"customGraphs":[],"default":{"data":{"Article":[],"Course":[],"Dataset":[],"FAQPage":[],"Movie":[],"Person":[],"Product":[],"ProductReview":[],"Car":[],"Recipe":[],"Service":[],"SoftwareApplication":[],"WebPage":[]},"graphName":"","isEnabled":true},"graphs":[],"defaultGraph":"","defaultPostTypeGraph":""},"schema_type":null,"schema_type_options":null,"pillar_content":false,"robots_default":true,"robots_noindex":false,"robots_noarchive":false,"robots_nosnippet":false,"robots_nofollow":false,"robots_noimageindex":false,"robots_noodp":false,"robots_notranslate":false,"robots_max_snippet":null,"robots_max_videopreview":null,"robots_max_imagepreview":"large","priority":null,"frequency":null,"location":null,"local_seo":null,"seo_analyzer_scan_date":"2025-09-25 08:46:01","breadcrumb_settings":null,"limit_modified_date":false,"open_ai":null,"ai":null,"created":"2021-03-08 21:50:55","updated":"2025-09-25 08:46:01"},"aioseo_breadcrumb":"<div class=\"aioseo-breadcrumbs\"><span class=\"aioseo-breadcrumb\">\n\t<a href=\"https:\/\/eldigitaldeasturias.com\/magazine365\" title=\"Home\">Home<\/a>\n<\/span><span class=\"aioseo-breadcrumb-separator\">\u2013<\/span><span class=\"aioseo-breadcrumb\">\n\t<a href=\"https:\/\/eldigitaldeasturias.com\/magazine365\/category\/noticias-actualidad\/\" title=\"Noticias y Actualidad\">Noticias y Actualidad<\/a>\n<\/span><span class=\"aioseo-breadcrumb-separator\">\u2013<\/span><span class=\"aioseo-breadcrumb\">\n\t<a href=\"https:\/\/eldigitaldeasturias.com\/magazine365\/costa-de-almeria-incorpora-unas-gafas-de-vision-360-para-su-promocion\/\" title=\"\u2018Costa de Almer\u00eda\u2019 incorpora unas gafas de visi\u00f3n 360 para su promoci\u00f3n\">\u2018Costa de Almer\u00eda\u2019 incorpora unas gafas de visi\u00f3n 360 para su promoci\u00f3n<\/a>\n<\/span><\/div>","aioseo_breadcrumb_json":[{"label":"Home","link":"https:\/\/eldigitaldeasturias.com\/magazine365"},{"label":"Noticias y Actualidad","link":"https:\/\/eldigitaldeasturias.com\/magazine365\/category\/noticias-actualidad\/"},{"label":"&#8216;Costa de Almer\u00eda&#8217; incorpora unas gafas de visi\u00f3n 360 para su promoci\u00f3n","link":"https:\/\/eldigitaldeasturias.com\/magazine365\/costa-de-almeria-incorpora-unas-gafas-de-vision-360-para-su-promocion\/"}],"_links":{"self":[{"href":"https:\/\/eldigitaldeasturias.com\/magazine365\/wp-json\/wp\/v2\/posts\/61346","targetHints":{"allow":["GET"]}}],"collection":[{"href":"https:\/\/eldigitaldeasturias.com\/magazine365\/wp-json\/wp\/v2\/posts"}],"about":[{"href":"https:\/\/eldigitaldeasturias.com\/magazine365\/wp-json\/wp\/v2\/types\/post"}],"author":[{"embeddable":true,"href":"https:\/\/eldigitaldeasturias.com\/magazine365\/wp-json\/wp\/v2\/users\/1"}],"replies":[{"embeddable":true,"href":"https:\/\/eldigitaldeasturias.com\/magazine365\/wp-json\/wp\/v2\/comments?post=61346"}],"version-history":[{"count":0,"href":"https:\/\/eldigitaldeasturias.com\/magazine365\/wp-json\/wp\/v2\/posts\/61346\/revisions"}],"wp:featuredmedia":[{"embeddable":true,"href":"https:\/\/eldigitaldeasturias.com\/magazine365\/wp-json\/wp\/v2\/media\/61347"}],"wp:attachment":[{"href":"https:\/\/eldigitaldeasturias.com\/magazine365\/wp-json\/wp\/v2\/media?parent=61346"}],"wp:term":[{"taxonomy":"category","embeddable":true,"href":"https:\/\/eldigitaldeasturias.com\/magazine365\/wp-json\/wp\/v2\/categories?post=61346"},{"taxonomy":"post_tag","embeddable":true,"href":"https:\/\/eldigitaldeasturias.com\/magazine365\/wp-json\/wp\/v2\/tags?post=61346"}],"curies":[{"name":"wp","href":"https:\/\/api.w.org\/{rel}","templated":true}]}}