{"id":61332,"date":"2016-01-22T15:32:14","date_gmt":"2016-01-22T14:32:14","guid":{"rendered":"http:\/\/eldigitaldeasturias.com\/magazine365\/?p=61332"},"modified":"2016-01-22T15:32:14","modified_gmt":"2016-01-22T14:32:14","slug":"el-principado-de-asturias-apuesta-por-el-turismo-activo-en-fitur-2016","status":"publish","type":"post","link":"https:\/\/eldigitaldeasturias.com\/magazine365\/el-principado-de-asturias-apuesta-por-el-turismo-activo-en-fitur-2016\/","title":{"rendered":"El Principado de Asturias apuesta por el turismo activo en Fitur 2016"},"content":{"rendered":"<p><img fetchpriority=\"high\" decoding=\"async\" class=\"alignleft size-medium wp-image-61333\" src=\"https:\/\/eldigitaldeasturias.com\/magazine365\/wp-content\/uploads\/2016\/01\/fotonoticia_20160120141254_800-332x300.jpg\" alt=\"fotonoticia_20160120141254_800\" width=\"332\" height=\"300\" srcset=\"https:\/\/eldigitaldeasturias.com\/magazine365\/wp-content\/uploads\/2016\/01\/fotonoticia_20160120141254_800-332x300.jpg 332w, https:\/\/eldigitaldeasturias.com\/magazine365\/wp-content\/uploads\/2016\/01\/fotonoticia_20160120141254_800-650x587.jpg 650w, https:\/\/eldigitaldeasturias.com\/magazine365\/wp-content\/uploads\/2016\/01\/fotonoticia_20160120141254_800-768x693.jpg 768w, https:\/\/eldigitaldeasturias.com\/magazine365\/wp-content\/uploads\/2016\/01\/fotonoticia_20160120141254_800-150x135.jpg 150w, https:\/\/eldigitaldeasturias.com\/magazine365\/wp-content\/uploads\/2016\/01\/fotonoticia_20160120141254_800-450x406.jpg 450w, https:\/\/eldigitaldeasturias.com\/magazine365\/wp-content\/uploads\/2016\/01\/fotonoticia_20160120141254_800-696x628.jpg 696w, https:\/\/eldigitaldeasturias.com\/magazine365\/wp-content\/uploads\/2016\/01\/fotonoticia_20160120141254_800-465x420.jpg 465w, https:\/\/eldigitaldeasturias.com\/magazine365\/wp-content\/uploads\/2016\/01\/fotonoticia_20160120141254_800.jpg 800w\" sizes=\"(max-width: 332px) 100vw, 332px\" \/>Los directores generales de Comercio y Turismo, Julio Gonz\u00e1lez Zapico, y Deporte, Jos\u00e9 Ram\u00f3n Tuero, han presentado este mi\u00e9rcoles en Fitur los recursos con que cuenta Asturias para el turismo activo y la pr\u00e1ctica de disciplinas deportivas.<\/p>\n<p>Durante la inauguraci\u00f3n del stand asturiano, a la que ha acudido la Reina Letizia, Zapico ha destacado que el Gobierno de Asturias seguir\u00e1 apostando por este sector tur\u00edstico, que en la comunidad engloba a 140 empresas \u00abque hacen del Principado el destino m\u00e1s completo para todos los que buscan una oferta de estas caracter\u00edsticas\u00bb.<\/p>\n<p>Por su parte, Jos\u00e9 Ram\u00f3n Tuero ha se\u00f1alado que a lo largo de este a\u00f1o Asturias acoger\u00e1 una serie de acontecimientos deportivos de gran atractivo tur\u00edstico, entre los que figuran varios rallies, el Descenso Internacional del Sella, el Descenso del Navia, la Vuelta Ciclista a Asturias y diferentes carreras de monta\u00f1a.<\/p>\n<p>En la presentaci\u00f3n han participado tambi\u00e9n Luis Garc\u00eda-Abad, representante de la Fundaci\u00f3n Fernando Alonso, y el director de Unipublic, Javier Guill\u00e9n, que ha subrayado la importancia de las etapas asturianas dentro de la Vuelta Ciclista a Espa\u00f1a.<\/p>\n<p>La presentaci\u00f3n de Asturias como destino deportivo es el acto central de todos los que hoy se celebran en el stand del Principado en la Feria Internacional de Turismo.<\/p>\n<p>El pabell\u00f3n de Asturias en Fitur, que en esta edici\u00f3n dedica especial protagonismo al 30 aniversario del turismo rural, acoger\u00e1 durante toda la jornada encuentros entre empresarios asturianos del sector y operadores y agentes. Estas reuniones se suceder\u00e1n hasta el s\u00e1bado, d\u00eda en el que la feria abre sus puertas al p\u00fablico no profesional.<\/p>\n","protected":false},"excerpt":{"rendered":"<p>Los directores generales de Comercio y Turismo, Julio Gonz\u00e1lez Zapico, y Deporte, Jos\u00e9 Ram\u00f3n Tuero, han presentado este mi\u00e9rcoles en Fitur los recursos con que cuenta Asturias para el turismo activo y la pr\u00e1ctica de disciplinas deportivas. Durante la inauguraci\u00f3n del stand asturiano, a la que ha acudido la Reina Letizia, Zapico ha destacado que<\/p>\n","protected":false},"author":1,"featured_media":61333,"comment_status":"open","ping_status":"closed","sticky":false,"template":"","format":"standard","meta":{"footnotes":""},"categories":[224],"tags":[],"class_list":{"0":"post-61332","1":"post","2":"type-post","3":"status-publish","4":"format-standard","5":"has-post-thumbnail","7":"category-noticias-actualidad"},"aioseo_notices":[],"aioseo_head":"\n\t\t<!-- All in One SEO Pro 4.9.6.1 - aioseo.com -->\n\t<meta name=\"description\" content=\"Los directores generales de Comercio y Turismo, Julio Gonz\u00e1lez Zapico, y Deporte, Jos\u00e9 Ram\u00f3n Tuero, han presentado este mi\u00e9rcoles en Fitur los recursos con que cuenta Asturias para el turismo activo y la pr\u00e1ctica de disciplinas deportivas. Durante la inauguraci\u00f3n del stand asturiano, a la que ha acudido la Reina Letizia, Zapico ha destacado que\" \/>\n\t<meta name=\"robots\" content=\"max-image-preview:large\" \/>\n\t<meta name=\"author\" content=\"admin\"\/>\n\t<meta name=\"google-site-verification\" content=\"UA-38556648-1\" \/>\n\t<meta name=\"keywords\" content=\"noticias y actualidad\" \/>\n\t<link rel=\"canonical\" href=\"https:\/\/eldigitaldeasturias.com\/magazine365\/el-principado-de-asturias-apuesta-por-el-turismo-activo-en-fitur-2016\/\" \/>\n\t<meta name=\"generator\" content=\"All in One SEO Pro (AIOSEO) 4.9.6.1\" \/>\n\t\t<meta property=\"og:locale\" content=\"es_ES\" \/>\n\t\t<meta property=\"og:site_name\" content=\"El Digital de Asturias \u2013 Revista de ocio, turismo y estilo de vida\" \/>\n\t\t<meta property=\"og:type\" content=\"article\" \/>\n\t\t<meta property=\"og:title\" content=\"El Principado de Asturias apuesta por el turismo activo en Fitur 2016 | El Digital de Asturias\" \/>\n\t\t<meta property=\"og:description\" content=\"Los directores generales de Comercio y Turismo, Julio Gonz\u00e1lez Zapico, y Deporte, Jos\u00e9 Ram\u00f3n Tuero, han presentado este mi\u00e9rcoles en Fitur los recursos con que cuenta Asturias para el turismo activo y la pr\u00e1ctica de disciplinas deportivas. Durante la inauguraci\u00f3n del stand asturiano, a la que ha acudido la Reina Letizia, Zapico ha destacado que\" \/>\n\t\t<meta property=\"og:url\" content=\"https:\/\/eldigitaldeasturias.com\/magazine365\/el-principado-de-asturias-apuesta-por-el-turismo-activo-en-fitur-2016\/\" \/>\n\t\t<meta property=\"og:image\" content=\"https:\/\/eldigitaldeasturias.com\/magazine365\/wp-content\/uploads\/2016\/01\/fotonoticia_20160120141254_800.jpg\" \/>\n\t\t<meta property=\"og:image:secure_url\" content=\"https:\/\/eldigitaldeasturias.com\/magazine365\/wp-content\/uploads\/2016\/01\/fotonoticia_20160120141254_800.jpg\" \/>\n\t\t<meta property=\"og:image:width\" content=\"800\" \/>\n\t\t<meta property=\"og:image:height\" content=\"722\" \/>\n\t\t<meta property=\"article:published_time\" content=\"2016-01-22T14:32:14+00:00\" \/>\n\t\t<meta property=\"article:modified_time\" content=\"2016-01-22T14:32:14+00:00\" \/>\n\t\t<meta name=\"twitter:card\" content=\"summary_large_image\" \/>\n\t\t<meta name=\"twitter:title\" content=\"El Principado de Asturias apuesta por el turismo activo en Fitur 2016 | El Digital de Asturias\" \/>\n\t\t<meta name=\"twitter:description\" content=\"Los directores generales de Comercio y Turismo, Julio Gonz\u00e1lez Zapico, y Deporte, Jos\u00e9 Ram\u00f3n Tuero, han presentado este mi\u00e9rcoles en Fitur los recursos con que cuenta Asturias para el turismo activo y la pr\u00e1ctica de disciplinas deportivas. Durante la inauguraci\u00f3n del stand asturiano, a la que ha acudido la Reina Letizia, Zapico ha destacado que\" \/>\n\t\t<meta name=\"twitter:image\" content=\"https:\/\/eldigitaldeasturias.com\/magazine365\/wp-content\/uploads\/2016\/01\/fotonoticia_20160120141254_800.jpg\" \/>\n\t\t<script type=\"application\/ld+json\" class=\"aioseo-schema\">\n\t\t\t{\"@context\":\"https:\\\/\\\/schema.org\",\"@graph\":[{\"@type\":\"Article\",\"@id\":\"https:\\\/\\\/eldigitaldeasturias.com\\\/magazine365\\\/el-principado-de-asturias-apuesta-por-el-turismo-activo-en-fitur-2016\\\/#article\",\"name\":\"El Principado de Asturias apuesta por el turismo activo en Fitur 2016 | El Digital de Asturias\",\"headline\":\"El Principado de Asturias apuesta por el turismo activo en Fitur 2016\",\"author\":{\"@id\":\"https:\\\/\\\/eldigitaldeasturias.com\\\/magazine365\\\/author\\\/admin\\\/#author\"},\"publisher\":{\"@id\":\"https:\\\/\\\/eldigitaldeasturias.com\\\/magazine365\\\/#organization\"},\"image\":{\"@type\":\"ImageObject\",\"url\":\"https:\\\/\\\/eldigitaldeasturias.com\\\/magazine365\\\/wp-content\\\/uploads\\\/2016\\\/01\\\/fotonoticia_20160120141254_800.jpg\",\"width\":800,\"height\":722},\"datePublished\":\"2016-01-22T15:32:14+01:00\",\"dateModified\":\"2016-01-22T15:32:14+01:00\",\"inLanguage\":\"es-ES\",\"mainEntityOfPage\":{\"@id\":\"https:\\\/\\\/eldigitaldeasturias.com\\\/magazine365\\\/el-principado-de-asturias-apuesta-por-el-turismo-activo-en-fitur-2016\\\/#webpage\"},\"isPartOf\":{\"@id\":\"https:\\\/\\\/eldigitaldeasturias.com\\\/magazine365\\\/el-principado-de-asturias-apuesta-por-el-turismo-activo-en-fitur-2016\\\/#webpage\"},\"articleSection\":\"Noticias y Actualidad\"},{\"@type\":\"BreadcrumbList\",\"@id\":\"https:\\\/\\\/eldigitaldeasturias.com\\\/magazine365\\\/el-principado-de-asturias-apuesta-por-el-turismo-activo-en-fitur-2016\\\/#breadcrumblist\",\"itemListElement\":[{\"@type\":\"ListItem\",\"@id\":\"https:\\\/\\\/eldigitaldeasturias.com\\\/magazine365#listItem\",\"position\":1,\"name\":\"Home\",\"item\":\"https:\\\/\\\/eldigitaldeasturias.com\\\/magazine365\",\"nextItem\":{\"@type\":\"ListItem\",\"@id\":\"https:\\\/\\\/eldigitaldeasturias.com\\\/magazine365\\\/category\\\/noticias-actualidad\\\/#listItem\",\"name\":\"Noticias y Actualidad\"}},{\"@type\":\"ListItem\",\"@id\":\"https:\\\/\\\/eldigitaldeasturias.com\\\/magazine365\\\/category\\\/noticias-actualidad\\\/#listItem\",\"position\":2,\"name\":\"Noticias y Actualidad\",\"item\":\"https:\\\/\\\/eldigitaldeasturias.com\\\/magazine365\\\/category\\\/noticias-actualidad\\\/\",\"nextItem\":{\"@type\":\"ListItem\",\"@id\":\"https:\\\/\\\/eldigitaldeasturias.com\\\/magazine365\\\/el-principado-de-asturias-apuesta-por-el-turismo-activo-en-fitur-2016\\\/#listItem\",\"name\":\"El Principado de Asturias apuesta por el turismo activo en Fitur 2016\"},\"previousItem\":{\"@type\":\"ListItem\",\"@id\":\"https:\\\/\\\/eldigitaldeasturias.com\\\/magazine365#listItem\",\"name\":\"Home\"}},{\"@type\":\"ListItem\",\"@id\":\"https:\\\/\\\/eldigitaldeasturias.com\\\/magazine365\\\/el-principado-de-asturias-apuesta-por-el-turismo-activo-en-fitur-2016\\\/#listItem\",\"position\":3,\"name\":\"El Principado de Asturias apuesta por el turismo activo en Fitur 2016\",\"previousItem\":{\"@type\":\"ListItem\",\"@id\":\"https:\\\/\\\/eldigitaldeasturias.com\\\/magazine365\\\/category\\\/noticias-actualidad\\\/#listItem\",\"name\":\"Noticias y Actualidad\"}}]},{\"@type\":\"Organization\",\"@id\":\"https:\\\/\\\/eldigitaldeasturias.com\\\/magazine365\\\/#organization\",\"name\":\"El digital de Asturias\",\"description\":\"Revista de ocio, turismo y estilo de vida\",\"url\":\"https:\\\/\\\/eldigitaldeasturias.com\\\/magazine365\\\/\",\"logo\":{\"@type\":\"ImageObject\",\"url\":\"https:\\\/\\\/www.eldigitaldeasturias.com\\\/noticias\\\/wp-content\\\/uploads\\\/2020\\\/12\\\/EDA.jpg\",\"@id\":\"https:\\\/\\\/eldigitaldeasturias.com\\\/magazine365\\\/el-principado-de-asturias-apuesta-por-el-turismo-activo-en-fitur-2016\\\/#organizationLogo\"},\"image\":{\"@id\":\"https:\\\/\\\/eldigitaldeasturias.com\\\/magazine365\\\/el-principado-de-asturias-apuesta-por-el-turismo-activo-en-fitur-2016\\\/#organizationLogo\"}},{\"@type\":\"Person\",\"@id\":\"https:\\\/\\\/eldigitaldeasturias.com\\\/magazine365\\\/author\\\/admin\\\/#author\",\"url\":\"https:\\\/\\\/eldigitaldeasturias.com\\\/magazine365\\\/author\\\/admin\\\/\",\"name\":\"admin\",\"image\":{\"@type\":\"ImageObject\",\"@id\":\"https:\\\/\\\/eldigitaldeasturias.com\\\/magazine365\\\/el-principado-de-asturias-apuesta-por-el-turismo-activo-en-fitur-2016\\\/#authorImage\",\"url\":\"https:\\\/\\\/eldigitaldeasturias.com\\\/magazine365\\\/wp-content\\\/litespeed\\\/avatar\\\/e571bcf59a0edd6fa6838245a470f2fe.jpg?ver=1776969259\",\"width\":96,\"height\":96,\"caption\":\"admin\"}},{\"@type\":\"WebPage\",\"@id\":\"https:\\\/\\\/eldigitaldeasturias.com\\\/magazine365\\\/el-principado-de-asturias-apuesta-por-el-turismo-activo-en-fitur-2016\\\/#webpage\",\"url\":\"https:\\\/\\\/eldigitaldeasturias.com\\\/magazine365\\\/el-principado-de-asturias-apuesta-por-el-turismo-activo-en-fitur-2016\\\/\",\"name\":\"El Principado de Asturias apuesta por el turismo activo en Fitur 2016 | El Digital de Asturias\",\"description\":\"Los directores generales de Comercio y Turismo, Julio Gonz\\u00e1lez Zapico, y Deporte, Jos\\u00e9 Ram\\u00f3n Tuero, han presentado este mi\\u00e9rcoles en Fitur los recursos con que cuenta Asturias para el turismo activo y la pr\\u00e1ctica de disciplinas deportivas. Durante la inauguraci\\u00f3n del stand asturiano, a la que ha acudido la Reina Letizia, Zapico ha destacado que\",\"inLanguage\":\"es-ES\",\"isPartOf\":{\"@id\":\"https:\\\/\\\/eldigitaldeasturias.com\\\/magazine365\\\/#website\"},\"breadcrumb\":{\"@id\":\"https:\\\/\\\/eldigitaldeasturias.com\\\/magazine365\\\/el-principado-de-asturias-apuesta-por-el-turismo-activo-en-fitur-2016\\\/#breadcrumblist\"},\"author\":{\"@id\":\"https:\\\/\\\/eldigitaldeasturias.com\\\/magazine365\\\/author\\\/admin\\\/#author\"},\"creator\":{\"@id\":\"https:\\\/\\\/eldigitaldeasturias.com\\\/magazine365\\\/author\\\/admin\\\/#author\"},\"image\":{\"@type\":\"ImageObject\",\"url\":\"https:\\\/\\\/eldigitaldeasturias.com\\\/magazine365\\\/wp-content\\\/uploads\\\/2016\\\/01\\\/fotonoticia_20160120141254_800.jpg\",\"@id\":\"https:\\\/\\\/eldigitaldeasturias.com\\\/magazine365\\\/el-principado-de-asturias-apuesta-por-el-turismo-activo-en-fitur-2016\\\/#mainImage\",\"width\":800,\"height\":722},\"primaryImageOfPage\":{\"@id\":\"https:\\\/\\\/eldigitaldeasturias.com\\\/magazine365\\\/el-principado-de-asturias-apuesta-por-el-turismo-activo-en-fitur-2016\\\/#mainImage\"},\"datePublished\":\"2016-01-22T15:32:14+01:00\",\"dateModified\":\"2016-01-22T15:32:14+01:00\"},{\"@type\":\"WebSite\",\"@id\":\"https:\\\/\\\/eldigitaldeasturias.com\\\/magazine365\\\/#website\",\"url\":\"https:\\\/\\\/eldigitaldeasturias.com\\\/magazine365\\\/\",\"name\":\"El Digital de Asturias\",\"description\":\"Revista de ocio, turismo y estilo de vida\",\"inLanguage\":\"es-ES\",\"publisher\":{\"@id\":\"https:\\\/\\\/eldigitaldeasturias.com\\\/magazine365\\\/#organization\"}}]}\n\t\t<\/script>\n\t\t<!-- All in One SEO Pro -->\r\n\t\t<title>El Principado de Asturias apuesta por el turismo activo en Fitur 2016 | El Digital de Asturias<\/title>\n\n","aioseo_head_json":{"title":"El Principado de Asturias apuesta por el turismo activo en Fitur 2016 | El Digital de Asturias","description":"Los directores generales de Comercio y Turismo, Julio Gonz\u00e1lez Zapico, y Deporte, Jos\u00e9 Ram\u00f3n Tuero, han presentado este mi\u00e9rcoles en Fitur los recursos con que cuenta Asturias para el turismo activo y la pr\u00e1ctica de disciplinas deportivas. Durante la inauguraci\u00f3n del stand asturiano, a la que ha acudido la Reina Letizia, Zapico ha destacado que","canonical_url":"https:\/\/eldigitaldeasturias.com\/magazine365\/el-principado-de-asturias-apuesta-por-el-turismo-activo-en-fitur-2016\/","robots":"max-image-preview:large","keywords":"noticias y actualidad","webmasterTools":{"google-site-verification":"UA-38556648-1","miscellaneous":""},"schema":{"@context":"https:\/\/schema.org","@graph":[{"@type":"Article","@id":"https:\/\/eldigitaldeasturias.com\/magazine365\/el-principado-de-asturias-apuesta-por-el-turismo-activo-en-fitur-2016\/#article","name":"El Principado de Asturias apuesta por el turismo activo en Fitur 2016 | El Digital de Asturias","headline":"El Principado de Asturias apuesta por el turismo activo en Fitur 2016","author":{"@id":"https:\/\/eldigitaldeasturias.com\/magazine365\/author\/admin\/#author"},"publisher":{"@id":"https:\/\/eldigitaldeasturias.com\/magazine365\/#organization"},"image":{"@type":"ImageObject","url":"https:\/\/eldigitaldeasturias.com\/magazine365\/wp-content\/uploads\/2016\/01\/fotonoticia_20160120141254_800.jpg","width":800,"height":722},"datePublished":"2016-01-22T15:32:14+01:00","dateModified":"2016-01-22T15:32:14+01:00","inLanguage":"es-ES","mainEntityOfPage":{"@id":"https:\/\/eldigitaldeasturias.com\/magazine365\/el-principado-de-asturias-apuesta-por-el-turismo-activo-en-fitur-2016\/#webpage"},"isPartOf":{"@id":"https:\/\/eldigitaldeasturias.com\/magazine365\/el-principado-de-asturias-apuesta-por-el-turismo-activo-en-fitur-2016\/#webpage"},"articleSection":"Noticias y Actualidad"},{"@type":"BreadcrumbList","@id":"https:\/\/eldigitaldeasturias.com\/magazine365\/el-principado-de-asturias-apuesta-por-el-turismo-activo-en-fitur-2016\/#breadcrumblist","itemListElement":[{"@type":"ListItem","@id":"https:\/\/eldigitaldeasturias.com\/magazine365#listItem","position":1,"name":"Home","item":"https:\/\/eldigitaldeasturias.com\/magazine365","nextItem":{"@type":"ListItem","@id":"https:\/\/eldigitaldeasturias.com\/magazine365\/category\/noticias-actualidad\/#listItem","name":"Noticias y Actualidad"}},{"@type":"ListItem","@id":"https:\/\/eldigitaldeasturias.com\/magazine365\/category\/noticias-actualidad\/#listItem","position":2,"name":"Noticias y Actualidad","item":"https:\/\/eldigitaldeasturias.com\/magazine365\/category\/noticias-actualidad\/","nextItem":{"@type":"ListItem","@id":"https:\/\/eldigitaldeasturias.com\/magazine365\/el-principado-de-asturias-apuesta-por-el-turismo-activo-en-fitur-2016\/#listItem","name":"El Principado de Asturias apuesta por el turismo activo en Fitur 2016"},"previousItem":{"@type":"ListItem","@id":"https:\/\/eldigitaldeasturias.com\/magazine365#listItem","name":"Home"}},{"@type":"ListItem","@id":"https:\/\/eldigitaldeasturias.com\/magazine365\/el-principado-de-asturias-apuesta-por-el-turismo-activo-en-fitur-2016\/#listItem","position":3,"name":"El Principado de Asturias apuesta por el turismo activo en Fitur 2016","previousItem":{"@type":"ListItem","@id":"https:\/\/eldigitaldeasturias.com\/magazine365\/category\/noticias-actualidad\/#listItem","name":"Noticias y Actualidad"}}]},{"@type":"Organization","@id":"https:\/\/eldigitaldeasturias.com\/magazine365\/#organization","name":"El digital de Asturias","description":"Revista de ocio, turismo y estilo de vida","url":"https:\/\/eldigitaldeasturias.com\/magazine365\/","logo":{"@type":"ImageObject","url":"https:\/\/www.eldigitaldeasturias.com\/noticias\/wp-content\/uploads\/2020\/12\/EDA.jpg","@id":"https:\/\/eldigitaldeasturias.com\/magazine365\/el-principado-de-asturias-apuesta-por-el-turismo-activo-en-fitur-2016\/#organizationLogo"},"image":{"@id":"https:\/\/eldigitaldeasturias.com\/magazine365\/el-principado-de-asturias-apuesta-por-el-turismo-activo-en-fitur-2016\/#organizationLogo"}},{"@type":"Person","@id":"https:\/\/eldigitaldeasturias.com\/magazine365\/author\/admin\/#author","url":"https:\/\/eldigitaldeasturias.com\/magazine365\/author\/admin\/","name":"admin","image":{"@type":"ImageObject","@id":"https:\/\/eldigitaldeasturias.com\/magazine365\/el-principado-de-asturias-apuesta-por-el-turismo-activo-en-fitur-2016\/#authorImage","url":"https:\/\/eldigitaldeasturias.com\/magazine365\/wp-content\/litespeed\/avatar\/e571bcf59a0edd6fa6838245a470f2fe.jpg?ver=1776969259","width":96,"height":96,"caption":"admin"}},{"@type":"WebPage","@id":"https:\/\/eldigitaldeasturias.com\/magazine365\/el-principado-de-asturias-apuesta-por-el-turismo-activo-en-fitur-2016\/#webpage","url":"https:\/\/eldigitaldeasturias.com\/magazine365\/el-principado-de-asturias-apuesta-por-el-turismo-activo-en-fitur-2016\/","name":"El Principado de Asturias apuesta por el turismo activo en Fitur 2016 | El Digital de Asturias","description":"Los directores generales de Comercio y Turismo, Julio Gonz\u00e1lez Zapico, y Deporte, Jos\u00e9 Ram\u00f3n Tuero, han presentado este mi\u00e9rcoles en Fitur los recursos con que cuenta Asturias para el turismo activo y la pr\u00e1ctica de disciplinas deportivas. Durante la inauguraci\u00f3n del stand asturiano, a la que ha acudido la Reina Letizia, Zapico ha destacado que","inLanguage":"es-ES","isPartOf":{"@id":"https:\/\/eldigitaldeasturias.com\/magazine365\/#website"},"breadcrumb":{"@id":"https:\/\/eldigitaldeasturias.com\/magazine365\/el-principado-de-asturias-apuesta-por-el-turismo-activo-en-fitur-2016\/#breadcrumblist"},"author":{"@id":"https:\/\/eldigitaldeasturias.com\/magazine365\/author\/admin\/#author"},"creator":{"@id":"https:\/\/eldigitaldeasturias.com\/magazine365\/author\/admin\/#author"},"image":{"@type":"ImageObject","url":"https:\/\/eldigitaldeasturias.com\/magazine365\/wp-content\/uploads\/2016\/01\/fotonoticia_20160120141254_800.jpg","@id":"https:\/\/eldigitaldeasturias.com\/magazine365\/el-principado-de-asturias-apuesta-por-el-turismo-activo-en-fitur-2016\/#mainImage","width":800,"height":722},"primaryImageOfPage":{"@id":"https:\/\/eldigitaldeasturias.com\/magazine365\/el-principado-de-asturias-apuesta-por-el-turismo-activo-en-fitur-2016\/#mainImage"},"datePublished":"2016-01-22T15:32:14+01:00","dateModified":"2016-01-22T15:32:14+01:00"},{"@type":"WebSite","@id":"https:\/\/eldigitaldeasturias.com\/magazine365\/#website","url":"https:\/\/eldigitaldeasturias.com\/magazine365\/","name":"El Digital de Asturias","description":"Revista de ocio, turismo y estilo de vida","inLanguage":"es-ES","publisher":{"@id":"https:\/\/eldigitaldeasturias.com\/magazine365\/#organization"}}]},"og:locale":"es_ES","og:site_name":"El Digital de Asturias \u2013 Revista de ocio, turismo y estilo de vida","og:type":"article","og:title":"El Principado de Asturias apuesta por el turismo activo en Fitur 2016 | El Digital de Asturias","og:description":"Los directores generales de Comercio y Turismo, Julio Gonz\u00e1lez Zapico, y Deporte, Jos\u00e9 Ram\u00f3n Tuero, han presentado este mi\u00e9rcoles en Fitur los recursos con que cuenta Asturias para el turismo activo y la pr\u00e1ctica de disciplinas deportivas. Durante la inauguraci\u00f3n del stand asturiano, a la que ha acudido la Reina Letizia, Zapico ha destacado que","og:url":"https:\/\/eldigitaldeasturias.com\/magazine365\/el-principado-de-asturias-apuesta-por-el-turismo-activo-en-fitur-2016\/","og:image":"https:\/\/eldigitaldeasturias.com\/magazine365\/wp-content\/uploads\/2016\/01\/fotonoticia_20160120141254_800.jpg","og:image:secure_url":"https:\/\/eldigitaldeasturias.com\/magazine365\/wp-content\/uploads\/2016\/01\/fotonoticia_20160120141254_800.jpg","og:image:width":800,"og:image:height":722,"article:published_time":"2016-01-22T14:32:14+00:00","article:modified_time":"2016-01-22T14:32:14+00:00","twitter:card":"summary_large_image","twitter:title":"El Principado de Asturias apuesta por el turismo activo en Fitur 2016 | El Digital de Asturias","twitter:description":"Los directores generales de Comercio y Turismo, Julio Gonz\u00e1lez Zapico, y Deporte, Jos\u00e9 Ram\u00f3n Tuero, han presentado este mi\u00e9rcoles en Fitur los recursos con que cuenta Asturias para el turismo activo y la pr\u00e1ctica de disciplinas deportivas. Durante la inauguraci\u00f3n del stand asturiano, a la que ha acudido la Reina Letizia, Zapico ha destacado que","twitter:image":"https:\/\/eldigitaldeasturias.com\/magazine365\/wp-content\/uploads\/2016\/01\/fotonoticia_20160120141254_800.jpg"},"aioseo_meta_data":{"post_id":"61332","title":null,"description":null,"keywords":null,"keyphrases":null,"primary_term":null,"canonical_url":null,"og_title":null,"og_description":null,"og_object_type":"default","og_image_type":"default","og_image_url":null,"og_image_width":null,"og_image_height":null,"og_image_custom_url":null,"og_image_custom_fields":null,"og_video":null,"og_custom_url":null,"og_article_section":null,"og_article_tags":null,"twitter_use_og":false,"twitter_card":"default","twitter_image_type":"default","twitter_image_url":null,"twitter_image_custom_url":null,"twitter_image_custom_fields":null,"twitter_title":null,"twitter_description":null,"schema":{"blockGraphs":[],"customGraphs":[],"default":{"data":{"Article":[],"Course":[],"Dataset":[],"FAQPage":[],"Movie":[],"Person":[],"Product":[],"ProductReview":[],"Car":[],"Recipe":[],"Service":[],"SoftwareApplication":[],"WebPage":[]},"graphName":"","isEnabled":true},"graphs":[],"defaultGraph":"","defaultPostTypeGraph":""},"schema_type":null,"schema_type_options":null,"pillar_content":false,"robots_default":true,"robots_noindex":false,"robots_noarchive":false,"robots_nosnippet":false,"robots_nofollow":false,"robots_noimageindex":false,"robots_noodp":false,"robots_notranslate":false,"robots_max_snippet":null,"robots_max_videopreview":null,"robots_max_imagepreview":"large","priority":null,"frequency":null,"location":null,"local_seo":null,"seo_analyzer_scan_date":"2025-09-25 08:44:15","breadcrumb_settings":null,"limit_modified_date":false,"open_ai":null,"ai":null,"created":"2021-03-08 21:50:55","updated":"2025-09-25 08:44:15"},"aioseo_breadcrumb":"<div class=\"aioseo-breadcrumbs\"><span class=\"aioseo-breadcrumb\">\n\t<a href=\"https:\/\/eldigitaldeasturias.com\/magazine365\" title=\"Home\">Home<\/a>\n<\/span><span class=\"aioseo-breadcrumb-separator\">\u2013<\/span><span class=\"aioseo-breadcrumb\">\n\t<a href=\"https:\/\/eldigitaldeasturias.com\/magazine365\/category\/noticias-actualidad\/\" title=\"Noticias y Actualidad\">Noticias y Actualidad<\/a>\n<\/span><span class=\"aioseo-breadcrumb-separator\">\u2013<\/span><span class=\"aioseo-breadcrumb\">\n\t<a href=\"https:\/\/eldigitaldeasturias.com\/magazine365\/el-principado-de-asturias-apuesta-por-el-turismo-activo-en-fitur-2016\/\" title=\"El Principado de Asturias apuesta por el turismo activo en Fitur 2016\">El Principado de Asturias apuesta por el turismo activo en Fitur 2016<\/a>\n<\/span><\/div>","aioseo_breadcrumb_json":[{"label":"Home","link":"https:\/\/eldigitaldeasturias.com\/magazine365"},{"label":"Noticias y Actualidad","link":"https:\/\/eldigitaldeasturias.com\/magazine365\/category\/noticias-actualidad\/"},{"label":"El Principado de Asturias apuesta por el turismo activo en Fitur 2016","link":"https:\/\/eldigitaldeasturias.com\/magazine365\/el-principado-de-asturias-apuesta-por-el-turismo-activo-en-fitur-2016\/"}],"_links":{"self":[{"href":"https:\/\/eldigitaldeasturias.com\/magazine365\/wp-json\/wp\/v2\/posts\/61332","targetHints":{"allow":["GET"]}}],"collection":[{"href":"https:\/\/eldigitaldeasturias.com\/magazine365\/wp-json\/wp\/v2\/posts"}],"about":[{"href":"https:\/\/eldigitaldeasturias.com\/magazine365\/wp-json\/wp\/v2\/types\/post"}],"author":[{"embeddable":true,"href":"https:\/\/eldigitaldeasturias.com\/magazine365\/wp-json\/wp\/v2\/users\/1"}],"replies":[{"embeddable":true,"href":"https:\/\/eldigitaldeasturias.com\/magazine365\/wp-json\/wp\/v2\/comments?post=61332"}],"version-history":[{"count":0,"href":"https:\/\/eldigitaldeasturias.com\/magazine365\/wp-json\/wp\/v2\/posts\/61332\/revisions"}],"wp:featuredmedia":[{"embeddable":true,"href":"https:\/\/eldigitaldeasturias.com\/magazine365\/wp-json\/wp\/v2\/media\/61333"}],"wp:attachment":[{"href":"https:\/\/eldigitaldeasturias.com\/magazine365\/wp-json\/wp\/v2\/media?parent=61332"}],"wp:term":[{"taxonomy":"category","embeddable":true,"href":"https:\/\/eldigitaldeasturias.com\/magazine365\/wp-json\/wp\/v2\/categories?post=61332"},{"taxonomy":"post_tag","embeddable":true,"href":"https:\/\/eldigitaldeasturias.com\/magazine365\/wp-json\/wp\/v2\/tags?post=61332"}],"curies":[{"name":"wp","href":"https:\/\/api.w.org\/{rel}","templated":true}]}}