{"id":61326,"date":"2016-01-22T15:30:04","date_gmt":"2016-01-22T14:30:04","guid":{"rendered":"http:\/\/eldigitaldeasturias.com\/magazine365\/?p=61326"},"modified":"2016-01-22T15:30:04","modified_gmt":"2016-01-22T14:30:04","slug":"diez-mil-maneras-de-disfrutar-en-costa-de-almeria-de-la-mano-de-david-bisbal","status":"publish","type":"post","link":"https:\/\/eldigitaldeasturias.com\/magazine365\/diez-mil-maneras-de-disfrutar-en-costa-de-almeria-de-la-mano-de-david-bisbal\/","title":{"rendered":"Diez mil maneras de disfrutar en &#8216;Costa de Almer\u00eda&#8217; de la mano de David Bisbal"},"content":{"rendered":"<p><img fetchpriority=\"high\" decoding=\"async\" class=\"alignleft size-medium wp-image-61327\" src=\"https:\/\/eldigitaldeasturias.com\/magazine365\/wp-content\/uploads\/2016\/01\/fotonoticia_20160120134702_800-360x270.jpg\" alt=\"fotonoticia_20160120134702_800\" width=\"360\" height=\"270\" srcset=\"https:\/\/eldigitaldeasturias.com\/magazine365\/wp-content\/uploads\/2016\/01\/fotonoticia_20160120134702_800-360x270.jpg 360w, https:\/\/eldigitaldeasturias.com\/magazine365\/wp-content\/uploads\/2016\/01\/fotonoticia_20160120134702_800-650x488.jpg 650w, https:\/\/eldigitaldeasturias.com\/magazine365\/wp-content\/uploads\/2016\/01\/fotonoticia_20160120134702_800-768x576.jpg 768w, https:\/\/eldigitaldeasturias.com\/magazine365\/wp-content\/uploads\/2016\/01\/fotonoticia_20160120134702_800-150x113.jpg 150w, https:\/\/eldigitaldeasturias.com\/magazine365\/wp-content\/uploads\/2016\/01\/fotonoticia_20160120134702_800-450x338.jpg 450w, https:\/\/eldigitaldeasturias.com\/magazine365\/wp-content\/uploads\/2016\/01\/fotonoticia_20160120134702_800-80x60.jpg 80w, https:\/\/eldigitaldeasturias.com\/magazine365\/wp-content\/uploads\/2016\/01\/fotonoticia_20160120134702_800-265x198.jpg 265w, https:\/\/eldigitaldeasturias.com\/magazine365\/wp-content\/uploads\/2016\/01\/fotonoticia_20160120134702_800-696x522.jpg 696w, https:\/\/eldigitaldeasturias.com\/magazine365\/wp-content\/uploads\/2016\/01\/fotonoticia_20160120134702_800-560x420.jpg 560w, https:\/\/eldigitaldeasturias.com\/magazine365\/wp-content\/uploads\/2016\/01\/fotonoticia_20160120134702_800-90x67.jpg 90w, https:\/\/eldigitaldeasturias.com\/magazine365\/wp-content\/uploads\/2016\/01\/fotonoticia_20160120134702_800-164x124.jpg 164w, https:\/\/eldigitaldeasturias.com\/magazine365\/wp-content\/uploads\/2016\/01\/fotonoticia_20160120134702_800-100x75.jpg 100w, https:\/\/eldigitaldeasturias.com\/magazine365\/wp-content\/uploads\/2016\/01\/fotonoticia_20160120134702_800.jpg 800w\" sizes=\"(max-width: 360px) 100vw, 360px\" \/>El destino &#8216;Costa de Almer\u00eda&#8217; ha inaugurado su presencia en la Feria Internacional de Turismo de Madrid (Fitur) con un v\u00eddeo en el que el m\u00fasico David Bisbal muestra diez mil maneras de disfrutar en la provincia de Almer\u00eda.<\/p>\n<p>El acto de presentaci\u00f3n de este v\u00eddeo, con el que el Servicio Provincial de Turismo de la Diputaci\u00f3n de Almer\u00eda pretende promocionar la marca &#8216;Costa de Almer\u00eda&#8217; como destino de turismo activo, se ha celebrado en la Casa Am\u00e9rica y ha sido presentado por la periodista de Telecinco, Isabel Jim\u00e9nez. El evento, adem\u00e1s, se ha retransmitido v\u00eda streaming a trav\u00e9s de la p\u00e1gina web de Turismo Almer\u00eda.<\/p>\n<p>El nuevo v\u00eddeo promocional de &#8216;Costa de Almer\u00eda&#8217; muestra todo lo que se puede hacer en la provincia, gracias a su climatolog\u00eda y paisajes naturales. Deportes como espeleolog\u00eda, ciclismo, buceo o senderismo, muchos de los cu\u00e1les, David Bisbal practica habitualmente, \u00abson las cosas que normalmente hago en mi tierra\u00bb.<\/p>\n<p>\u00abSiempre saco tiempo para estar en mi tierra porque la necesito para seguir trabajando. Mi tierra me carga de energ\u00eda y por eso la recomiendo e invito a mis amigos a descubrir cosas nuevas, porque siempre que voy a Almer\u00eda descubro nuevos rincones\u00bb, ha explicado David Bisbal. Rincones como las calas ocultas alrededor del Arrecife de las Sirenas, \u00fanicamente accesibles desde el mar, y que se han potenciado a trav\u00e9s de las rutas en kayak o paddle surf.<\/p>\n<p>En el nuevo v\u00eddeo promocional de &#8216;Costa de Almer\u00eda&#8217;, David Bisbal tambi\u00e9n ha practicado buceo. Un \u00abdeporte que me da mucha paz\u00bb, ha declarado el cantante, quien tambi\u00e9n ha afirmado que \u00abhay varias zonas de buceo en Almer\u00eda que son, por ahora, algunas de las mejores de los pa\u00edses en los que he buceado. Adem\u00e1s, se puede practicar los doce meses del a\u00f1o gracias a la climatolog\u00eda\u00bb. \u00abTambi\u00e9n hemos hecho espeleolog\u00eda, barranquismo. Para mi ha sido un placer descubrir entornos que no conoc\u00eda, como Laujar\u00bb, ha explicado Bisbal.<\/p>\n<p>Los paisajes de Laujar que, seg\u00fan ha contado el propio Bisbal, pudo descubrir despu\u00e9s de perderse \u00abdurante unas dos horas\u00bb mientras se rodaban algunas de las escenas de ciclismo que se pueden ver en el v\u00eddeo de &#8216;Costa de Almer\u00eda&#8217;.<\/p>\n<p>Este nuevo documento, rodado por las productoras almerienses Helifilm e Imagen Visual Arts, se difundir\u00e1 a trav\u00e9s de Internet y servir\u00e1 para \u00abconsolidar la marca &#8216;Costa de Almer\u00eda'\u00bb, ha explicado Javier Aureliano Garc\u00eda, vicepresidente de la Diputaci\u00f3n Provincial. \u00abEsperamos que tenga millones de impactos en la primera semana, es lo que nos hemos propuesto y esperamos conseguirlo\u00bb, ha expresado Garc\u00eda.<\/p>\n<p>El v\u00eddeo tambi\u00e9n se proyectar\u00e1 en la nueva gira de David Bisbal en Europa y Am\u00e9rica Latina, antes de cada concierto, algo que el cantante asegura que hace por el compromiso personal que tiene con su tierra. \u00abNo ser\u00eda el artista que soy ahora si no hubiese nacido en Almer\u00eda\u00bb, ha afirmado Bisbal, quien ha explicado que el pasado verano \u00abha sido uno de los mejores\u00bb de su vida, ya que ha disfrutado \u00abcomo no lo hab\u00eda hecho en los \u00faltimos quince a\u00f1os de Almer\u00eda\u00bb.<\/p>\n<p>Para la Diputaci\u00f3n de Almer\u00eda, es un orgullo contar con la imagen de David Bisbal para la promoci\u00f3n tur\u00edstica de la provincia, ya que es \u00abun artista internacional, con la imagen que queremos transmitir\u00bb, ha explicado el vicepresidente de la instituci\u00f3n, Javier Aureliano Garc\u00eda, quien tambi\u00e9n ha afirmado que \u00abDavid Bisbal es para Almer\u00eda, lo que Almer\u00eda es para David Bisbal\u00bb.<\/p>\n<p>Garc\u00eda ha afirmado que \u00abAlmer\u00eda est\u00e1 de moda\u00bb gracias al esfuerzo de promoci\u00f3n desarrollado por el Servicio Provincial de Turismo en los \u00faltimos a\u00f1os, que \u00abha permitido que este a\u00f1o el turismo internacional haya crecido en un 42 por ciento, y el nacional un siete por ciento\u00bb.<\/p>\n<p>El presidente de la Diputaci\u00f3n de Almer\u00eda, Gabriel Amat, ha afirmado que este v\u00eddeo, al igual que el elaborado para la pasada edici\u00f3n de Fitur, son una importante herramienta promocional, ya que \u00abmuchos no se imaginaban que la cascada que aparece en el v\u00eddeo anterior estaba en Padules\u00bb.<\/p>\n<p>Amat ha asegurado que la presencia de la provincia en Fitur es para dar a conocer los \u00abtesoros\u00bb de Almer\u00eda y ha afirmado que en estos d\u00edas la Diputaci\u00f3n se reunir\u00e1 con varios touroperadores para \u00abseguir mejorando los datos tur\u00edsticos\u00bb.<\/p>\n<p>Gabriel Amat tambi\u00e9n ha agradecido la colaboraci\u00f3n de la periodista almeriense, Isabel Jim\u00e9nez, \u00abuna gran profesional de nuestra tierra de la que tambi\u00e9n nos sentimos satisfechos\u00bb. Tambi\u00e9n ha estado en el acto de presentaci\u00f3n la ministra en funciones de Empleo, F\u00e1tima B\u00e1\u00f1ez.<\/p>\n<p>Durante la presentaci\u00f3n del nuevo v\u00eddeo promocional de &#8216;Costa de Almer\u00eda&#8217;, la Diputaci\u00f3n Provincial ha repartido unas gafas que permiten visualizar a trav\u00e9s del tel\u00e9fono m\u00f3vil y gracias a la tecnolog\u00eda 360, algunos spots del v\u00eddeo colocados en el stand de Almer\u00eda en Fitur.<\/p>\n","protected":false},"excerpt":{"rendered":"<p>El destino &#8216;Costa de Almer\u00eda&#8217; ha inaugurado su presencia en la Feria Internacional de Turismo de Madrid (Fitur) con un v\u00eddeo en el que el m\u00fasico David Bisbal muestra diez mil maneras de disfrutar en la provincia de Almer\u00eda. El acto de presentaci\u00f3n de este v\u00eddeo, con el que el Servicio Provincial de Turismo de<\/p>\n","protected":false},"author":1,"featured_media":61327,"comment_status":"open","ping_status":"closed","sticky":false,"template":"","format":"standard","meta":{"footnotes":""},"categories":[224],"tags":[],"class_list":{"0":"post-61326","1":"post","2":"type-post","3":"status-publish","4":"format-standard","5":"has-post-thumbnail","7":"category-noticias-actualidad"},"aioseo_notices":[],"aioseo_head":"\n\t\t<!-- All in One SEO Pro 4.9.6.1 - aioseo.com -->\n\t<meta name=\"description\" content=\"El destino &#039;Costa de Almer\u00eda&#039; ha inaugurado su presencia en la Feria Internacional de Turismo de Madrid (Fitur) con un v\u00eddeo en el que el m\u00fasico David Bisbal muestra diez mil maneras de disfrutar en la provincia de Almer\u00eda. El acto de presentaci\u00f3n de este v\u00eddeo, con el que el Servicio Provincial de Turismo de\" \/>\n\t<meta name=\"robots\" content=\"max-image-preview:large\" \/>\n\t<meta name=\"author\" content=\"admin\"\/>\n\t<meta name=\"google-site-verification\" content=\"UA-38556648-1\" \/>\n\t<meta name=\"keywords\" content=\"noticias y actualidad\" \/>\n\t<link rel=\"canonical\" href=\"https:\/\/eldigitaldeasturias.com\/magazine365\/diez-mil-maneras-de-disfrutar-en-costa-de-almeria-de-la-mano-de-david-bisbal\/\" \/>\n\t<meta name=\"generator\" content=\"All in One SEO Pro (AIOSEO) 4.9.6.1\" \/>\n\t\t<meta property=\"og:locale\" content=\"es_ES\" \/>\n\t\t<meta property=\"og:site_name\" content=\"El Digital de Asturias \u2013 Revista de ocio, turismo y estilo de vida\" \/>\n\t\t<meta property=\"og:type\" content=\"article\" \/>\n\t\t<meta property=\"og:title\" content=\"Diez mil maneras de disfrutar en \u2018Costa de Almer\u00eda\u2019 de la mano de David Bisbal | El Digital de Asturias\" \/>\n\t\t<meta property=\"og:description\" content=\"El destino &#039;Costa de Almer\u00eda&#039; ha inaugurado su presencia en la Feria Internacional de Turismo de Madrid (Fitur) con un v\u00eddeo en el que el m\u00fasico David Bisbal muestra diez mil maneras de disfrutar en la provincia de Almer\u00eda. El acto de presentaci\u00f3n de este v\u00eddeo, con el que el Servicio Provincial de Turismo de\" \/>\n\t\t<meta property=\"og:url\" content=\"https:\/\/eldigitaldeasturias.com\/magazine365\/diez-mil-maneras-de-disfrutar-en-costa-de-almeria-de-la-mano-de-david-bisbal\/\" \/>\n\t\t<meta property=\"og:image\" content=\"https:\/\/eldigitaldeasturias.com\/magazine365\/wp-content\/uploads\/2016\/01\/fotonoticia_20160120134702_800.jpg\" \/>\n\t\t<meta property=\"og:image:secure_url\" content=\"https:\/\/eldigitaldeasturias.com\/magazine365\/wp-content\/uploads\/2016\/01\/fotonoticia_20160120134702_800.jpg\" \/>\n\t\t<meta property=\"og:image:width\" content=\"800\" \/>\n\t\t<meta property=\"og:image:height\" content=\"600\" \/>\n\t\t<meta property=\"article:published_time\" content=\"2016-01-22T14:30:04+00:00\" \/>\n\t\t<meta property=\"article:modified_time\" content=\"2016-01-22T14:30:04+00:00\" \/>\n\t\t<meta name=\"twitter:card\" content=\"summary_large_image\" \/>\n\t\t<meta name=\"twitter:title\" content=\"Diez mil maneras de disfrutar en \u2018Costa de Almer\u00eda\u2019 de la mano de David Bisbal | El Digital de Asturias\" \/>\n\t\t<meta name=\"twitter:description\" content=\"El destino &#039;Costa de Almer\u00eda&#039; ha inaugurado su presencia en la Feria Internacional de Turismo de Madrid (Fitur) con un v\u00eddeo en el que el m\u00fasico David Bisbal muestra diez mil maneras de disfrutar en la provincia de Almer\u00eda. El acto de presentaci\u00f3n de este v\u00eddeo, con el que el Servicio Provincial de Turismo de\" \/>\n\t\t<meta name=\"twitter:image\" content=\"https:\/\/eldigitaldeasturias.com\/magazine365\/wp-content\/uploads\/2016\/01\/fotonoticia_20160120134702_800.jpg\" \/>\n\t\t<script type=\"application\/ld+json\" class=\"aioseo-schema\">\n\t\t\t{\"@context\":\"https:\\\/\\\/schema.org\",\"@graph\":[{\"@type\":\"Article\",\"@id\":\"https:\\\/\\\/eldigitaldeasturias.com\\\/magazine365\\\/diez-mil-maneras-de-disfrutar-en-costa-de-almeria-de-la-mano-de-david-bisbal\\\/#article\",\"name\":\"Diez mil maneras de disfrutar en \\u2018Costa de Almer\\u00eda\\u2019 de la mano de David Bisbal | El Digital de Asturias\",\"headline\":\"Diez mil maneras de disfrutar en &#8216;Costa de Almer\\u00eda&#8217; de la mano de David Bisbal\",\"author\":{\"@id\":\"https:\\\/\\\/eldigitaldeasturias.com\\\/magazine365\\\/author\\\/admin\\\/#author\"},\"publisher\":{\"@id\":\"https:\\\/\\\/eldigitaldeasturias.com\\\/magazine365\\\/#organization\"},\"image\":{\"@type\":\"ImageObject\",\"url\":\"https:\\\/\\\/eldigitaldeasturias.com\\\/magazine365\\\/wp-content\\\/uploads\\\/2016\\\/01\\\/fotonoticia_20160120134702_800.jpg\",\"width\":800,\"height\":600},\"datePublished\":\"2016-01-22T15:30:04+01:00\",\"dateModified\":\"2016-01-22T15:30:04+01:00\",\"inLanguage\":\"es-ES\",\"mainEntityOfPage\":{\"@id\":\"https:\\\/\\\/eldigitaldeasturias.com\\\/magazine365\\\/diez-mil-maneras-de-disfrutar-en-costa-de-almeria-de-la-mano-de-david-bisbal\\\/#webpage\"},\"isPartOf\":{\"@id\":\"https:\\\/\\\/eldigitaldeasturias.com\\\/magazine365\\\/diez-mil-maneras-de-disfrutar-en-costa-de-almeria-de-la-mano-de-david-bisbal\\\/#webpage\"},\"articleSection\":\"Noticias y Actualidad\"},{\"@type\":\"BreadcrumbList\",\"@id\":\"https:\\\/\\\/eldigitaldeasturias.com\\\/magazine365\\\/diez-mil-maneras-de-disfrutar-en-costa-de-almeria-de-la-mano-de-david-bisbal\\\/#breadcrumblist\",\"itemListElement\":[{\"@type\":\"ListItem\",\"@id\":\"https:\\\/\\\/eldigitaldeasturias.com\\\/magazine365#listItem\",\"position\":1,\"name\":\"Home\",\"item\":\"https:\\\/\\\/eldigitaldeasturias.com\\\/magazine365\",\"nextItem\":{\"@type\":\"ListItem\",\"@id\":\"https:\\\/\\\/eldigitaldeasturias.com\\\/magazine365\\\/category\\\/noticias-actualidad\\\/#listItem\",\"name\":\"Noticias y Actualidad\"}},{\"@type\":\"ListItem\",\"@id\":\"https:\\\/\\\/eldigitaldeasturias.com\\\/magazine365\\\/category\\\/noticias-actualidad\\\/#listItem\",\"position\":2,\"name\":\"Noticias y Actualidad\",\"item\":\"https:\\\/\\\/eldigitaldeasturias.com\\\/magazine365\\\/category\\\/noticias-actualidad\\\/\",\"nextItem\":{\"@type\":\"ListItem\",\"@id\":\"https:\\\/\\\/eldigitaldeasturias.com\\\/magazine365\\\/diez-mil-maneras-de-disfrutar-en-costa-de-almeria-de-la-mano-de-david-bisbal\\\/#listItem\",\"name\":\"Diez mil maneras de disfrutar en &#8216;Costa de Almer\\u00eda&#8217; de la mano de David Bisbal\"},\"previousItem\":{\"@type\":\"ListItem\",\"@id\":\"https:\\\/\\\/eldigitaldeasturias.com\\\/magazine365#listItem\",\"name\":\"Home\"}},{\"@type\":\"ListItem\",\"@id\":\"https:\\\/\\\/eldigitaldeasturias.com\\\/magazine365\\\/diez-mil-maneras-de-disfrutar-en-costa-de-almeria-de-la-mano-de-david-bisbal\\\/#listItem\",\"position\":3,\"name\":\"Diez mil maneras de disfrutar en &#8216;Costa de Almer\\u00eda&#8217; de la mano de David Bisbal\",\"previousItem\":{\"@type\":\"ListItem\",\"@id\":\"https:\\\/\\\/eldigitaldeasturias.com\\\/magazine365\\\/category\\\/noticias-actualidad\\\/#listItem\",\"name\":\"Noticias y Actualidad\"}}]},{\"@type\":\"Organization\",\"@id\":\"https:\\\/\\\/eldigitaldeasturias.com\\\/magazine365\\\/#organization\",\"name\":\"El digital de Asturias\",\"description\":\"Revista de ocio, turismo y estilo de vida\",\"url\":\"https:\\\/\\\/eldigitaldeasturias.com\\\/magazine365\\\/\",\"logo\":{\"@type\":\"ImageObject\",\"url\":\"https:\\\/\\\/www.eldigitaldeasturias.com\\\/noticias\\\/wp-content\\\/uploads\\\/2020\\\/12\\\/EDA.jpg\",\"@id\":\"https:\\\/\\\/eldigitaldeasturias.com\\\/magazine365\\\/diez-mil-maneras-de-disfrutar-en-costa-de-almeria-de-la-mano-de-david-bisbal\\\/#organizationLogo\"},\"image\":{\"@id\":\"https:\\\/\\\/eldigitaldeasturias.com\\\/magazine365\\\/diez-mil-maneras-de-disfrutar-en-costa-de-almeria-de-la-mano-de-david-bisbal\\\/#organizationLogo\"}},{\"@type\":\"Person\",\"@id\":\"https:\\\/\\\/eldigitaldeasturias.com\\\/magazine365\\\/author\\\/admin\\\/#author\",\"url\":\"https:\\\/\\\/eldigitaldeasturias.com\\\/magazine365\\\/author\\\/admin\\\/\",\"name\":\"admin\",\"image\":{\"@type\":\"ImageObject\",\"@id\":\"https:\\\/\\\/eldigitaldeasturias.com\\\/magazine365\\\/diez-mil-maneras-de-disfrutar-en-costa-de-almeria-de-la-mano-de-david-bisbal\\\/#authorImage\",\"url\":\"https:\\\/\\\/eldigitaldeasturias.com\\\/magazine365\\\/wp-content\\\/litespeed\\\/avatar\\\/e571bcf59a0edd6fa6838245a470f2fe.jpg?ver=1776969259\",\"width\":96,\"height\":96,\"caption\":\"admin\"}},{\"@type\":\"WebPage\",\"@id\":\"https:\\\/\\\/eldigitaldeasturias.com\\\/magazine365\\\/diez-mil-maneras-de-disfrutar-en-costa-de-almeria-de-la-mano-de-david-bisbal\\\/#webpage\",\"url\":\"https:\\\/\\\/eldigitaldeasturias.com\\\/magazine365\\\/diez-mil-maneras-de-disfrutar-en-costa-de-almeria-de-la-mano-de-david-bisbal\\\/\",\"name\":\"Diez mil maneras de disfrutar en \\u2018Costa de Almer\\u00eda\\u2019 de la mano de David Bisbal | El Digital de Asturias\",\"description\":\"El destino 'Costa de Almer\\u00eda' ha inaugurado su presencia en la Feria Internacional de Turismo de Madrid (Fitur) con un v\\u00eddeo en el que el m\\u00fasico David Bisbal muestra diez mil maneras de disfrutar en la provincia de Almer\\u00eda. El acto de presentaci\\u00f3n de este v\\u00eddeo, con el que el Servicio Provincial de Turismo de\",\"inLanguage\":\"es-ES\",\"isPartOf\":{\"@id\":\"https:\\\/\\\/eldigitaldeasturias.com\\\/magazine365\\\/#website\"},\"breadcrumb\":{\"@id\":\"https:\\\/\\\/eldigitaldeasturias.com\\\/magazine365\\\/diez-mil-maneras-de-disfrutar-en-costa-de-almeria-de-la-mano-de-david-bisbal\\\/#breadcrumblist\"},\"author\":{\"@id\":\"https:\\\/\\\/eldigitaldeasturias.com\\\/magazine365\\\/author\\\/admin\\\/#author\"},\"creator\":{\"@id\":\"https:\\\/\\\/eldigitaldeasturias.com\\\/magazine365\\\/author\\\/admin\\\/#author\"},\"image\":{\"@type\":\"ImageObject\",\"url\":\"https:\\\/\\\/eldigitaldeasturias.com\\\/magazine365\\\/wp-content\\\/uploads\\\/2016\\\/01\\\/fotonoticia_20160120134702_800.jpg\",\"@id\":\"https:\\\/\\\/eldigitaldeasturias.com\\\/magazine365\\\/diez-mil-maneras-de-disfrutar-en-costa-de-almeria-de-la-mano-de-david-bisbal\\\/#mainImage\",\"width\":800,\"height\":600},\"primaryImageOfPage\":{\"@id\":\"https:\\\/\\\/eldigitaldeasturias.com\\\/magazine365\\\/diez-mil-maneras-de-disfrutar-en-costa-de-almeria-de-la-mano-de-david-bisbal\\\/#mainImage\"},\"datePublished\":\"2016-01-22T15:30:04+01:00\",\"dateModified\":\"2016-01-22T15:30:04+01:00\"},{\"@type\":\"WebSite\",\"@id\":\"https:\\\/\\\/eldigitaldeasturias.com\\\/magazine365\\\/#website\",\"url\":\"https:\\\/\\\/eldigitaldeasturias.com\\\/magazine365\\\/\",\"name\":\"El Digital de Asturias\",\"description\":\"Revista de ocio, turismo y estilo de vida\",\"inLanguage\":\"es-ES\",\"publisher\":{\"@id\":\"https:\\\/\\\/eldigitaldeasturias.com\\\/magazine365\\\/#organization\"}}]}\n\t\t<\/script>\n\t\t<!-- All in One SEO Pro -->\r\n\t\t<title>Diez mil maneras de disfrutar en \u2018Costa de Almer\u00eda\u2019 de la mano de David Bisbal | El Digital de Asturias<\/title>\n\n","aioseo_head_json":{"title":"Diez mil maneras de disfrutar en \u2018Costa de Almer\u00eda\u2019 de la mano de David Bisbal | El Digital de Asturias","description":"El destino 'Costa de Almer\u00eda' ha inaugurado su presencia en la Feria Internacional de Turismo de Madrid (Fitur) con un v\u00eddeo en el que el m\u00fasico David Bisbal muestra diez mil maneras de disfrutar en la provincia de Almer\u00eda. El acto de presentaci\u00f3n de este v\u00eddeo, con el que el Servicio Provincial de Turismo de","canonical_url":"https:\/\/eldigitaldeasturias.com\/magazine365\/diez-mil-maneras-de-disfrutar-en-costa-de-almeria-de-la-mano-de-david-bisbal\/","robots":"max-image-preview:large","keywords":"noticias y actualidad","webmasterTools":{"google-site-verification":"UA-38556648-1","miscellaneous":""},"schema":{"@context":"https:\/\/schema.org","@graph":[{"@type":"Article","@id":"https:\/\/eldigitaldeasturias.com\/magazine365\/diez-mil-maneras-de-disfrutar-en-costa-de-almeria-de-la-mano-de-david-bisbal\/#article","name":"Diez mil maneras de disfrutar en \u2018Costa de Almer\u00eda\u2019 de la mano de David Bisbal | El Digital de Asturias","headline":"Diez mil maneras de disfrutar en &#8216;Costa de Almer\u00eda&#8217; de la mano de David Bisbal","author":{"@id":"https:\/\/eldigitaldeasturias.com\/magazine365\/author\/admin\/#author"},"publisher":{"@id":"https:\/\/eldigitaldeasturias.com\/magazine365\/#organization"},"image":{"@type":"ImageObject","url":"https:\/\/eldigitaldeasturias.com\/magazine365\/wp-content\/uploads\/2016\/01\/fotonoticia_20160120134702_800.jpg","width":800,"height":600},"datePublished":"2016-01-22T15:30:04+01:00","dateModified":"2016-01-22T15:30:04+01:00","inLanguage":"es-ES","mainEntityOfPage":{"@id":"https:\/\/eldigitaldeasturias.com\/magazine365\/diez-mil-maneras-de-disfrutar-en-costa-de-almeria-de-la-mano-de-david-bisbal\/#webpage"},"isPartOf":{"@id":"https:\/\/eldigitaldeasturias.com\/magazine365\/diez-mil-maneras-de-disfrutar-en-costa-de-almeria-de-la-mano-de-david-bisbal\/#webpage"},"articleSection":"Noticias y Actualidad"},{"@type":"BreadcrumbList","@id":"https:\/\/eldigitaldeasturias.com\/magazine365\/diez-mil-maneras-de-disfrutar-en-costa-de-almeria-de-la-mano-de-david-bisbal\/#breadcrumblist","itemListElement":[{"@type":"ListItem","@id":"https:\/\/eldigitaldeasturias.com\/magazine365#listItem","position":1,"name":"Home","item":"https:\/\/eldigitaldeasturias.com\/magazine365","nextItem":{"@type":"ListItem","@id":"https:\/\/eldigitaldeasturias.com\/magazine365\/category\/noticias-actualidad\/#listItem","name":"Noticias y Actualidad"}},{"@type":"ListItem","@id":"https:\/\/eldigitaldeasturias.com\/magazine365\/category\/noticias-actualidad\/#listItem","position":2,"name":"Noticias y Actualidad","item":"https:\/\/eldigitaldeasturias.com\/magazine365\/category\/noticias-actualidad\/","nextItem":{"@type":"ListItem","@id":"https:\/\/eldigitaldeasturias.com\/magazine365\/diez-mil-maneras-de-disfrutar-en-costa-de-almeria-de-la-mano-de-david-bisbal\/#listItem","name":"Diez mil maneras de disfrutar en &#8216;Costa de Almer\u00eda&#8217; de la mano de David Bisbal"},"previousItem":{"@type":"ListItem","@id":"https:\/\/eldigitaldeasturias.com\/magazine365#listItem","name":"Home"}},{"@type":"ListItem","@id":"https:\/\/eldigitaldeasturias.com\/magazine365\/diez-mil-maneras-de-disfrutar-en-costa-de-almeria-de-la-mano-de-david-bisbal\/#listItem","position":3,"name":"Diez mil maneras de disfrutar en &#8216;Costa de Almer\u00eda&#8217; de la mano de David Bisbal","previousItem":{"@type":"ListItem","@id":"https:\/\/eldigitaldeasturias.com\/magazine365\/category\/noticias-actualidad\/#listItem","name":"Noticias y Actualidad"}}]},{"@type":"Organization","@id":"https:\/\/eldigitaldeasturias.com\/magazine365\/#organization","name":"El digital de Asturias","description":"Revista de ocio, turismo y estilo de vida","url":"https:\/\/eldigitaldeasturias.com\/magazine365\/","logo":{"@type":"ImageObject","url":"https:\/\/www.eldigitaldeasturias.com\/noticias\/wp-content\/uploads\/2020\/12\/EDA.jpg","@id":"https:\/\/eldigitaldeasturias.com\/magazine365\/diez-mil-maneras-de-disfrutar-en-costa-de-almeria-de-la-mano-de-david-bisbal\/#organizationLogo"},"image":{"@id":"https:\/\/eldigitaldeasturias.com\/magazine365\/diez-mil-maneras-de-disfrutar-en-costa-de-almeria-de-la-mano-de-david-bisbal\/#organizationLogo"}},{"@type":"Person","@id":"https:\/\/eldigitaldeasturias.com\/magazine365\/author\/admin\/#author","url":"https:\/\/eldigitaldeasturias.com\/magazine365\/author\/admin\/","name":"admin","image":{"@type":"ImageObject","@id":"https:\/\/eldigitaldeasturias.com\/magazine365\/diez-mil-maneras-de-disfrutar-en-costa-de-almeria-de-la-mano-de-david-bisbal\/#authorImage","url":"https:\/\/eldigitaldeasturias.com\/magazine365\/wp-content\/litespeed\/avatar\/e571bcf59a0edd6fa6838245a470f2fe.jpg?ver=1776969259","width":96,"height":96,"caption":"admin"}},{"@type":"WebPage","@id":"https:\/\/eldigitaldeasturias.com\/magazine365\/diez-mil-maneras-de-disfrutar-en-costa-de-almeria-de-la-mano-de-david-bisbal\/#webpage","url":"https:\/\/eldigitaldeasturias.com\/magazine365\/diez-mil-maneras-de-disfrutar-en-costa-de-almeria-de-la-mano-de-david-bisbal\/","name":"Diez mil maneras de disfrutar en \u2018Costa de Almer\u00eda\u2019 de la mano de David Bisbal | El Digital de Asturias","description":"El destino 'Costa de Almer\u00eda' ha inaugurado su presencia en la Feria Internacional de Turismo de Madrid (Fitur) con un v\u00eddeo en el que el m\u00fasico David Bisbal muestra diez mil maneras de disfrutar en la provincia de Almer\u00eda. El acto de presentaci\u00f3n de este v\u00eddeo, con el que el Servicio Provincial de Turismo de","inLanguage":"es-ES","isPartOf":{"@id":"https:\/\/eldigitaldeasturias.com\/magazine365\/#website"},"breadcrumb":{"@id":"https:\/\/eldigitaldeasturias.com\/magazine365\/diez-mil-maneras-de-disfrutar-en-costa-de-almeria-de-la-mano-de-david-bisbal\/#breadcrumblist"},"author":{"@id":"https:\/\/eldigitaldeasturias.com\/magazine365\/author\/admin\/#author"},"creator":{"@id":"https:\/\/eldigitaldeasturias.com\/magazine365\/author\/admin\/#author"},"image":{"@type":"ImageObject","url":"https:\/\/eldigitaldeasturias.com\/magazine365\/wp-content\/uploads\/2016\/01\/fotonoticia_20160120134702_800.jpg","@id":"https:\/\/eldigitaldeasturias.com\/magazine365\/diez-mil-maneras-de-disfrutar-en-costa-de-almeria-de-la-mano-de-david-bisbal\/#mainImage","width":800,"height":600},"primaryImageOfPage":{"@id":"https:\/\/eldigitaldeasturias.com\/magazine365\/diez-mil-maneras-de-disfrutar-en-costa-de-almeria-de-la-mano-de-david-bisbal\/#mainImage"},"datePublished":"2016-01-22T15:30:04+01:00","dateModified":"2016-01-22T15:30:04+01:00"},{"@type":"WebSite","@id":"https:\/\/eldigitaldeasturias.com\/magazine365\/#website","url":"https:\/\/eldigitaldeasturias.com\/magazine365\/","name":"El Digital de Asturias","description":"Revista de ocio, turismo y estilo de vida","inLanguage":"es-ES","publisher":{"@id":"https:\/\/eldigitaldeasturias.com\/magazine365\/#organization"}}]},"og:locale":"es_ES","og:site_name":"El Digital de Asturias \u2013 Revista de ocio, turismo y estilo de vida","og:type":"article","og:title":"Diez mil maneras de disfrutar en \u2018Costa de Almer\u00eda\u2019 de la mano de David Bisbal | El Digital de Asturias","og:description":"El destino 'Costa de Almer\u00eda' ha inaugurado su presencia en la Feria Internacional de Turismo de Madrid (Fitur) con un v\u00eddeo en el que el m\u00fasico David Bisbal muestra diez mil maneras de disfrutar en la provincia de Almer\u00eda. El acto de presentaci\u00f3n de este v\u00eddeo, con el que el Servicio Provincial de Turismo de","og:url":"https:\/\/eldigitaldeasturias.com\/magazine365\/diez-mil-maneras-de-disfrutar-en-costa-de-almeria-de-la-mano-de-david-bisbal\/","og:image":"https:\/\/eldigitaldeasturias.com\/magazine365\/wp-content\/uploads\/2016\/01\/fotonoticia_20160120134702_800.jpg","og:image:secure_url":"https:\/\/eldigitaldeasturias.com\/magazine365\/wp-content\/uploads\/2016\/01\/fotonoticia_20160120134702_800.jpg","og:image:width":800,"og:image:height":600,"article:published_time":"2016-01-22T14:30:04+00:00","article:modified_time":"2016-01-22T14:30:04+00:00","twitter:card":"summary_large_image","twitter:title":"Diez mil maneras de disfrutar en \u2018Costa de Almer\u00eda\u2019 de la mano de David Bisbal | El Digital de Asturias","twitter:description":"El destino 'Costa de Almer\u00eda' ha inaugurado su presencia en la Feria Internacional de Turismo de Madrid (Fitur) con un v\u00eddeo en el que el m\u00fasico David Bisbal muestra diez mil maneras de disfrutar en la provincia de Almer\u00eda. El acto de presentaci\u00f3n de este v\u00eddeo, con el que el Servicio Provincial de Turismo de","twitter:image":"https:\/\/eldigitaldeasturias.com\/magazine365\/wp-content\/uploads\/2016\/01\/fotonoticia_20160120134702_800.jpg"},"aioseo_meta_data":{"post_id":"61326","title":null,"description":null,"keywords":null,"keyphrases":null,"primary_term":null,"canonical_url":null,"og_title":null,"og_description":null,"og_object_type":"default","og_image_type":"default","og_image_url":null,"og_image_width":null,"og_image_height":null,"og_image_custom_url":null,"og_image_custom_fields":null,"og_video":null,"og_custom_url":null,"og_article_section":null,"og_article_tags":null,"twitter_use_og":false,"twitter_card":"default","twitter_image_type":"default","twitter_image_url":null,"twitter_image_custom_url":null,"twitter_image_custom_fields":null,"twitter_title":null,"twitter_description":null,"schema":{"blockGraphs":[],"customGraphs":[],"default":{"data":{"Article":[],"Course":[],"Dataset":[],"FAQPage":[],"Movie":[],"Person":[],"Product":[],"ProductReview":[],"Car":[],"Recipe":[],"Service":[],"SoftwareApplication":[],"WebPage":[]},"graphName":"","isEnabled":true},"graphs":[],"defaultGraph":"","defaultPostTypeGraph":""},"schema_type":null,"schema_type_options":null,"pillar_content":false,"robots_default":true,"robots_noindex":false,"robots_noarchive":false,"robots_nosnippet":false,"robots_nofollow":false,"robots_noimageindex":false,"robots_noodp":false,"robots_notranslate":false,"robots_max_snippet":null,"robots_max_videopreview":null,"robots_max_imagepreview":"large","priority":null,"frequency":null,"location":null,"local_seo":null,"seo_analyzer_scan_date":"2025-09-25 08:44:12","breadcrumb_settings":null,"limit_modified_date":false,"open_ai":null,"ai":null,"created":"2021-03-08 20:40:44","updated":"2025-09-25 08:44:12"},"aioseo_breadcrumb":"<div class=\"aioseo-breadcrumbs\"><span class=\"aioseo-breadcrumb\">\n\t<a href=\"https:\/\/eldigitaldeasturias.com\/magazine365\" title=\"Home\">Home<\/a>\n<\/span><span class=\"aioseo-breadcrumb-separator\">\u2013<\/span><span class=\"aioseo-breadcrumb\">\n\t<a href=\"https:\/\/eldigitaldeasturias.com\/magazine365\/category\/noticias-actualidad\/\" title=\"Noticias y Actualidad\">Noticias y Actualidad<\/a>\n<\/span><span class=\"aioseo-breadcrumb-separator\">\u2013<\/span><span class=\"aioseo-breadcrumb\">\n\t<a href=\"https:\/\/eldigitaldeasturias.com\/magazine365\/diez-mil-maneras-de-disfrutar-en-costa-de-almeria-de-la-mano-de-david-bisbal\/\" title=\"Diez mil maneras de disfrutar en \u2018Costa de Almer\u00eda\u2019 de la mano de David Bisbal\">Diez mil maneras de disfrutar en \u2018Costa de Almer\u00eda\u2019 de la mano de David Bisbal<\/a>\n<\/span><\/div>","aioseo_breadcrumb_json":[{"label":"Home","link":"https:\/\/eldigitaldeasturias.com\/magazine365"},{"label":"Noticias y Actualidad","link":"https:\/\/eldigitaldeasturias.com\/magazine365\/category\/noticias-actualidad\/"},{"label":"Diez mil maneras de disfrutar en &#8216;Costa de Almer\u00eda&#8217; de la mano de David Bisbal","link":"https:\/\/eldigitaldeasturias.com\/magazine365\/diez-mil-maneras-de-disfrutar-en-costa-de-almeria-de-la-mano-de-david-bisbal\/"}],"_links":{"self":[{"href":"https:\/\/eldigitaldeasturias.com\/magazine365\/wp-json\/wp\/v2\/posts\/61326","targetHints":{"allow":["GET"]}}],"collection":[{"href":"https:\/\/eldigitaldeasturias.com\/magazine365\/wp-json\/wp\/v2\/posts"}],"about":[{"href":"https:\/\/eldigitaldeasturias.com\/magazine365\/wp-json\/wp\/v2\/types\/post"}],"author":[{"embeddable":true,"href":"https:\/\/eldigitaldeasturias.com\/magazine365\/wp-json\/wp\/v2\/users\/1"}],"replies":[{"embeddable":true,"href":"https:\/\/eldigitaldeasturias.com\/magazine365\/wp-json\/wp\/v2\/comments?post=61326"}],"version-history":[{"count":0,"href":"https:\/\/eldigitaldeasturias.com\/magazine365\/wp-json\/wp\/v2\/posts\/61326\/revisions"}],"wp:featuredmedia":[{"embeddable":true,"href":"https:\/\/eldigitaldeasturias.com\/magazine365\/wp-json\/wp\/v2\/media\/61327"}],"wp:attachment":[{"href":"https:\/\/eldigitaldeasturias.com\/magazine365\/wp-json\/wp\/v2\/media?parent=61326"}],"wp:term":[{"taxonomy":"category","embeddable":true,"href":"https:\/\/eldigitaldeasturias.com\/magazine365\/wp-json\/wp\/v2\/categories?post=61326"},{"taxonomy":"post_tag","embeddable":true,"href":"https:\/\/eldigitaldeasturias.com\/magazine365\/wp-json\/wp\/v2\/tags?post=61326"}],"curies":[{"name":"wp","href":"https:\/\/api.w.org\/{rel}","templated":true}]}}