{"id":61303,"date":"2016-01-22T15:23:29","date_gmt":"2016-01-22T14:23:29","guid":{"rendered":"http:\/\/eldigitaldeasturias.com\/magazine365\/?p=61303"},"modified":"2016-01-22T15:23:29","modified_gmt":"2016-01-22T14:23:29","slug":"melia-cerrara-temporalmente-dos-de-sus-hoteles-en-egipto","status":"publish","type":"post","link":"https:\/\/eldigitaldeasturias.com\/magazine365\/melia-cerrara-temporalmente-dos-de-sus-hoteles-en-egipto\/","title":{"rendered":"Meli\u00e1 cerrar\u00e1 temporalmente dos de sus hoteles en Egipto"},"content":{"rendered":"<p>El vicepresidente y consejero delegado de Meli\u00e1 Hotels International, Gabriel Escarrer, ha anunciado hoy el cierre temporal de dos de sus hoteles en Egipto ante la ca\u00edda de la demanda de viajes registrada a este pa\u00eds como consecuencia de la amenaza yihadista, en un a\u00f1o en el que la compa\u00f1\u00eda prev\u00e9 un crecimiento importante de 25 aperturas de establecimientos en 15 pa\u00edses.<\/p>\n<p>   Durante la Feria Internacional de Turismo Fitur 2016, Escarrer confirm\u00f3 el cierre temporal de dos de dos de sus cuatro hoteles en Egipto. As\u00ed, en la p\u00e1gina web de la compa\u00f1\u00eda se anuncia que mantiene abiertos dos hoteles en la localidad de Sharm El Sheikh.<\/p>\n<p>   En relaci\u00f3n a otros pa\u00edses afectados por el terrorismo yihadista, indic\u00f3 que la compa\u00f1\u00eda prosigue con la construcci\u00f3n de un nuevo hotel en T\u00fanez, que en estos momentos tiene en r\u00e9gimen de gesti\u00f3n, y que no tiene presencia en Turqu\u00eda.<\/p>\n<p>   \u00abQueremos concentrar la demanda en los dos que tenemos abiertos, lo que no tiene sentido es tener cuatro hoteles abiertos con una baja ocupaci\u00f3n. Preferimos concentrar la demanda en dos. Pero es un cierre temporal y a medida que se vaya aclarando los acontecimientos pensaremos en seguir abriendo los cuatro o no\u00bb, explic\u00f3 Escarrer.<\/p>\n<p>    La compa\u00f1\u00eda hotelera destac\u00f3 el nivel de aperturas previsto para este a\u00f1o 2016 que conf\u00edan que sea mejor que el anterior, siendo 2015 \u00abun a\u00f1o muy bueno\u00bb. Este a\u00f1o tienen previsto abrir un total de 25 establecimientos en quince pa\u00edses diferentes destacando los 3 hoteles que abrir\u00e1 en Norteam\u00e9rica dos en Florida (Miami y Costa Hollywood) y uno en Nueva York.<\/p>\n<p>AFECTAR\u00c1 A LARGO PLAZO.<\/p>\n<p>   Respecto a la ecotasa implantada en Baleares desde la hotelera insisten en que es una media perjudicial para el turismo que al final tendr\u00e1 consecuencias en el largo plazo.<\/p>\n<p>   \u00abEl problema es que al final de la temporada seguro que se va a hacer demagogia diciendo que a pesar de la implantaci\u00f3n de la ecotasa no se ha resentido el n\u00famero de turistas que ha llegado. Cuando nos acordaremos es cuando venta la crisis\u00bb, justific\u00f3 Escarrer, quien calific\u00f3 la medida de err\u00f3nea y con consecuencias para el turismo a largo plazo.<\/p>\n<p>   El stand de la compa\u00f1\u00eda fue visitado por la Reina Letizia durante su paseo por las instalaciones de esta feria que este a\u00f1o realiz\u00f3 en solitario ya que el Rey Felipe VI se encuentra reunido en Zarzuela con los l\u00edderes de PNV y En Marea. En el stand le regalaron dos piruletas de chocolate para las infantas con el logo celebrando el 60 aniversario de la compa\u00f1\u00eda.<\/p>\n","protected":false},"excerpt":{"rendered":"<p>El vicepresidente y consejero delegado de Meli\u00e1 Hotels International, Gabriel Escarrer, ha anunciado hoy el cierre temporal de dos de sus hoteles en Egipto ante la ca\u00edda de la demanda de viajes registrada a este pa\u00eds como consecuencia de la amenaza yihadista, en un a\u00f1o en el que la compa\u00f1\u00eda prev\u00e9 un crecimiento importante de<\/p>\n","protected":false},"author":1,"featured_media":48305,"comment_status":"open","ping_status":"closed","sticky":false,"template":"","format":"standard","meta":{"footnotes":""},"categories":[224],"tags":[],"class_list":{"0":"post-61303","1":"post","2":"type-post","3":"status-publish","4":"format-standard","5":"has-post-thumbnail","7":"category-noticias-actualidad"},"aioseo_notices":[],"aioseo_head":"\n\t\t<!-- All in One SEO Pro 4.9.6.1 - aioseo.com -->\n\t<meta name=\"description\" content=\"El vicepresidente y consejero delegado de Meli\u00e1 Hotels International, Gabriel Escarrer, ha anunciado hoy el cierre temporal de dos de sus hoteles en Egipto ante la ca\u00edda de la demanda de viajes registrada a este pa\u00eds como consecuencia de la amenaza yihadista, en un a\u00f1o en el que la compa\u00f1\u00eda prev\u00e9 un crecimiento importante de\" \/>\n\t<meta name=\"robots\" content=\"max-image-preview:large\" \/>\n\t<meta name=\"author\" content=\"admin\"\/>\n\t<meta name=\"google-site-verification\" content=\"UA-38556648-1\" \/>\n\t<meta name=\"keywords\" content=\"noticias y actualidad\" \/>\n\t<link rel=\"canonical\" href=\"https:\/\/eldigitaldeasturias.com\/magazine365\/melia-cerrara-temporalmente-dos-de-sus-hoteles-en-egipto\/\" \/>\n\t<meta name=\"generator\" content=\"All in One SEO Pro (AIOSEO) 4.9.6.1\" \/>\n\t\t<meta property=\"og:locale\" content=\"es_ES\" \/>\n\t\t<meta property=\"og:site_name\" content=\"El Digital de Asturias \u2013 Revista de ocio, turismo y estilo de vida\" \/>\n\t\t<meta property=\"og:type\" content=\"article\" \/>\n\t\t<meta property=\"og:title\" content=\"Meli\u00e1 cerrar\u00e1 temporalmente dos de sus hoteles en Egipto | El Digital de Asturias\" \/>\n\t\t<meta property=\"og:description\" content=\"El vicepresidente y consejero delegado de Meli\u00e1 Hotels International, Gabriel Escarrer, ha anunciado hoy el cierre temporal de dos de sus hoteles en Egipto ante la ca\u00edda de la demanda de viajes registrada a este pa\u00eds como consecuencia de la amenaza yihadista, en un a\u00f1o en el que la compa\u00f1\u00eda prev\u00e9 un crecimiento importante de\" \/>\n\t\t<meta property=\"og:url\" content=\"https:\/\/eldigitaldeasturias.com\/magazine365\/melia-cerrara-temporalmente-dos-de-sus-hoteles-en-egipto\/\" \/>\n\t\t<meta property=\"og:image\" content=\"https:\/\/eldigitaldeasturias.com\/magazine365\/wp-content\/uploads\/2015\/09\/hotel.jpg\" \/>\n\t\t<meta property=\"og:image:secure_url\" content=\"https:\/\/eldigitaldeasturias.com\/magazine365\/wp-content\/uploads\/2015\/09\/hotel.jpg\" \/>\n\t\t<meta property=\"og:image:width\" content=\"800\" \/>\n\t\t<meta property=\"og:image:height\" content=\"598\" \/>\n\t\t<meta property=\"article:published_time\" content=\"2016-01-22T14:23:29+00:00\" \/>\n\t\t<meta property=\"article:modified_time\" content=\"2016-01-22T14:23:29+00:00\" \/>\n\t\t<meta name=\"twitter:card\" content=\"summary_large_image\" \/>\n\t\t<meta name=\"twitter:title\" content=\"Meli\u00e1 cerrar\u00e1 temporalmente dos de sus hoteles en Egipto | El Digital de Asturias\" \/>\n\t\t<meta name=\"twitter:description\" content=\"El vicepresidente y consejero delegado de Meli\u00e1 Hotels International, Gabriel Escarrer, ha anunciado hoy el cierre temporal de dos de sus hoteles en Egipto ante la ca\u00edda de la demanda de viajes registrada a este pa\u00eds como consecuencia de la amenaza yihadista, en un a\u00f1o en el que la compa\u00f1\u00eda prev\u00e9 un crecimiento importante de\" \/>\n\t\t<meta name=\"twitter:image\" content=\"https:\/\/eldigitaldeasturias.com\/magazine365\/wp-content\/uploads\/2015\/09\/hotel.jpg\" \/>\n\t\t<script type=\"application\/ld+json\" class=\"aioseo-schema\">\n\t\t\t{\"@context\":\"https:\\\/\\\/schema.org\",\"@graph\":[{\"@type\":\"Article\",\"@id\":\"https:\\\/\\\/eldigitaldeasturias.com\\\/magazine365\\\/melia-cerrara-temporalmente-dos-de-sus-hoteles-en-egipto\\\/#article\",\"name\":\"Meli\\u00e1 cerrar\\u00e1 temporalmente dos de sus hoteles en Egipto | El Digital de Asturias\",\"headline\":\"Meli\\u00e1 cerrar\\u00e1 temporalmente dos de sus hoteles en Egipto\",\"author\":{\"@id\":\"https:\\\/\\\/eldigitaldeasturias.com\\\/magazine365\\\/author\\\/admin\\\/#author\"},\"publisher\":{\"@id\":\"https:\\\/\\\/eldigitaldeasturias.com\\\/magazine365\\\/#organization\"},\"image\":{\"@type\":\"ImageObject\",\"url\":\"https:\\\/\\\/eldigitaldeasturias.com\\\/magazine365\\\/wp-content\\\/uploads\\\/2015\\\/09\\\/hotel.jpg\",\"width\":800,\"height\":598},\"datePublished\":\"2016-01-22T15:23:29+01:00\",\"dateModified\":\"2016-01-22T15:23:29+01:00\",\"inLanguage\":\"es-ES\",\"mainEntityOfPage\":{\"@id\":\"https:\\\/\\\/eldigitaldeasturias.com\\\/magazine365\\\/melia-cerrara-temporalmente-dos-de-sus-hoteles-en-egipto\\\/#webpage\"},\"isPartOf\":{\"@id\":\"https:\\\/\\\/eldigitaldeasturias.com\\\/magazine365\\\/melia-cerrara-temporalmente-dos-de-sus-hoteles-en-egipto\\\/#webpage\"},\"articleSection\":\"Noticias y Actualidad\"},{\"@type\":\"BreadcrumbList\",\"@id\":\"https:\\\/\\\/eldigitaldeasturias.com\\\/magazine365\\\/melia-cerrara-temporalmente-dos-de-sus-hoteles-en-egipto\\\/#breadcrumblist\",\"itemListElement\":[{\"@type\":\"ListItem\",\"@id\":\"https:\\\/\\\/eldigitaldeasturias.com\\\/magazine365#listItem\",\"position\":1,\"name\":\"Home\",\"item\":\"https:\\\/\\\/eldigitaldeasturias.com\\\/magazine365\",\"nextItem\":{\"@type\":\"ListItem\",\"@id\":\"https:\\\/\\\/eldigitaldeasturias.com\\\/magazine365\\\/category\\\/noticias-actualidad\\\/#listItem\",\"name\":\"Noticias y Actualidad\"}},{\"@type\":\"ListItem\",\"@id\":\"https:\\\/\\\/eldigitaldeasturias.com\\\/magazine365\\\/category\\\/noticias-actualidad\\\/#listItem\",\"position\":2,\"name\":\"Noticias y Actualidad\",\"item\":\"https:\\\/\\\/eldigitaldeasturias.com\\\/magazine365\\\/category\\\/noticias-actualidad\\\/\",\"nextItem\":{\"@type\":\"ListItem\",\"@id\":\"https:\\\/\\\/eldigitaldeasturias.com\\\/magazine365\\\/melia-cerrara-temporalmente-dos-de-sus-hoteles-en-egipto\\\/#listItem\",\"name\":\"Meli\\u00e1 cerrar\\u00e1 temporalmente dos de sus hoteles en Egipto\"},\"previousItem\":{\"@type\":\"ListItem\",\"@id\":\"https:\\\/\\\/eldigitaldeasturias.com\\\/magazine365#listItem\",\"name\":\"Home\"}},{\"@type\":\"ListItem\",\"@id\":\"https:\\\/\\\/eldigitaldeasturias.com\\\/magazine365\\\/melia-cerrara-temporalmente-dos-de-sus-hoteles-en-egipto\\\/#listItem\",\"position\":3,\"name\":\"Meli\\u00e1 cerrar\\u00e1 temporalmente dos de sus hoteles en Egipto\",\"previousItem\":{\"@type\":\"ListItem\",\"@id\":\"https:\\\/\\\/eldigitaldeasturias.com\\\/magazine365\\\/category\\\/noticias-actualidad\\\/#listItem\",\"name\":\"Noticias y Actualidad\"}}]},{\"@type\":\"Organization\",\"@id\":\"https:\\\/\\\/eldigitaldeasturias.com\\\/magazine365\\\/#organization\",\"name\":\"El digital de Asturias\",\"description\":\"Revista de ocio, turismo y estilo de vida\",\"url\":\"https:\\\/\\\/eldigitaldeasturias.com\\\/magazine365\\\/\",\"logo\":{\"@type\":\"ImageObject\",\"url\":\"https:\\\/\\\/www.eldigitaldeasturias.com\\\/noticias\\\/wp-content\\\/uploads\\\/2020\\\/12\\\/EDA.jpg\",\"@id\":\"https:\\\/\\\/eldigitaldeasturias.com\\\/magazine365\\\/melia-cerrara-temporalmente-dos-de-sus-hoteles-en-egipto\\\/#organizationLogo\"},\"image\":{\"@id\":\"https:\\\/\\\/eldigitaldeasturias.com\\\/magazine365\\\/melia-cerrara-temporalmente-dos-de-sus-hoteles-en-egipto\\\/#organizationLogo\"}},{\"@type\":\"Person\",\"@id\":\"https:\\\/\\\/eldigitaldeasturias.com\\\/magazine365\\\/author\\\/admin\\\/#author\",\"url\":\"https:\\\/\\\/eldigitaldeasturias.com\\\/magazine365\\\/author\\\/admin\\\/\",\"name\":\"admin\",\"image\":{\"@type\":\"ImageObject\",\"@id\":\"https:\\\/\\\/eldigitaldeasturias.com\\\/magazine365\\\/melia-cerrara-temporalmente-dos-de-sus-hoteles-en-egipto\\\/#authorImage\",\"url\":\"https:\\\/\\\/eldigitaldeasturias.com\\\/magazine365\\\/wp-content\\\/litespeed\\\/avatar\\\/e571bcf59a0edd6fa6838245a470f2fe.jpg?ver=1776969259\",\"width\":96,\"height\":96,\"caption\":\"admin\"}},{\"@type\":\"WebPage\",\"@id\":\"https:\\\/\\\/eldigitaldeasturias.com\\\/magazine365\\\/melia-cerrara-temporalmente-dos-de-sus-hoteles-en-egipto\\\/#webpage\",\"url\":\"https:\\\/\\\/eldigitaldeasturias.com\\\/magazine365\\\/melia-cerrara-temporalmente-dos-de-sus-hoteles-en-egipto\\\/\",\"name\":\"Meli\\u00e1 cerrar\\u00e1 temporalmente dos de sus hoteles en Egipto | El Digital de Asturias\",\"description\":\"El vicepresidente y consejero delegado de Meli\\u00e1 Hotels International, Gabriel Escarrer, ha anunciado hoy el cierre temporal de dos de sus hoteles en Egipto ante la ca\\u00edda de la demanda de viajes registrada a este pa\\u00eds como consecuencia de la amenaza yihadista, en un a\\u00f1o en el que la compa\\u00f1\\u00eda prev\\u00e9 un crecimiento importante de\",\"inLanguage\":\"es-ES\",\"isPartOf\":{\"@id\":\"https:\\\/\\\/eldigitaldeasturias.com\\\/magazine365\\\/#website\"},\"breadcrumb\":{\"@id\":\"https:\\\/\\\/eldigitaldeasturias.com\\\/magazine365\\\/melia-cerrara-temporalmente-dos-de-sus-hoteles-en-egipto\\\/#breadcrumblist\"},\"author\":{\"@id\":\"https:\\\/\\\/eldigitaldeasturias.com\\\/magazine365\\\/author\\\/admin\\\/#author\"},\"creator\":{\"@id\":\"https:\\\/\\\/eldigitaldeasturias.com\\\/magazine365\\\/author\\\/admin\\\/#author\"},\"image\":{\"@type\":\"ImageObject\",\"url\":\"https:\\\/\\\/eldigitaldeasturias.com\\\/magazine365\\\/wp-content\\\/uploads\\\/2015\\\/09\\\/hotel.jpg\",\"@id\":\"https:\\\/\\\/eldigitaldeasturias.com\\\/magazine365\\\/melia-cerrara-temporalmente-dos-de-sus-hoteles-en-egipto\\\/#mainImage\",\"width\":800,\"height\":598},\"primaryImageOfPage\":{\"@id\":\"https:\\\/\\\/eldigitaldeasturias.com\\\/magazine365\\\/melia-cerrara-temporalmente-dos-de-sus-hoteles-en-egipto\\\/#mainImage\"},\"datePublished\":\"2016-01-22T15:23:29+01:00\",\"dateModified\":\"2016-01-22T15:23:29+01:00\"},{\"@type\":\"WebSite\",\"@id\":\"https:\\\/\\\/eldigitaldeasturias.com\\\/magazine365\\\/#website\",\"url\":\"https:\\\/\\\/eldigitaldeasturias.com\\\/magazine365\\\/\",\"name\":\"El Digital de Asturias\",\"description\":\"Revista de ocio, turismo y estilo de vida\",\"inLanguage\":\"es-ES\",\"publisher\":{\"@id\":\"https:\\\/\\\/eldigitaldeasturias.com\\\/magazine365\\\/#organization\"}}]}\n\t\t<\/script>\n\t\t<!-- All in One SEO Pro -->\r\n\t\t<title>Meli\u00e1 cerrar\u00e1 temporalmente dos de sus hoteles en Egipto | El Digital de Asturias<\/title>\n\n","aioseo_head_json":{"title":"Meli\u00e1 cerrar\u00e1 temporalmente dos de sus hoteles en Egipto | El Digital de Asturias","description":"El vicepresidente y consejero delegado de Meli\u00e1 Hotels International, Gabriel Escarrer, ha anunciado hoy el cierre temporal de dos de sus hoteles en Egipto ante la ca\u00edda de la demanda de viajes registrada a este pa\u00eds como consecuencia de la amenaza yihadista, en un a\u00f1o en el que la compa\u00f1\u00eda prev\u00e9 un crecimiento importante de","canonical_url":"https:\/\/eldigitaldeasturias.com\/magazine365\/melia-cerrara-temporalmente-dos-de-sus-hoteles-en-egipto\/","robots":"max-image-preview:large","keywords":"noticias y actualidad","webmasterTools":{"google-site-verification":"UA-38556648-1","miscellaneous":""},"schema":{"@context":"https:\/\/schema.org","@graph":[{"@type":"Article","@id":"https:\/\/eldigitaldeasturias.com\/magazine365\/melia-cerrara-temporalmente-dos-de-sus-hoteles-en-egipto\/#article","name":"Meli\u00e1 cerrar\u00e1 temporalmente dos de sus hoteles en Egipto | El Digital de Asturias","headline":"Meli\u00e1 cerrar\u00e1 temporalmente dos de sus hoteles en Egipto","author":{"@id":"https:\/\/eldigitaldeasturias.com\/magazine365\/author\/admin\/#author"},"publisher":{"@id":"https:\/\/eldigitaldeasturias.com\/magazine365\/#organization"},"image":{"@type":"ImageObject","url":"https:\/\/eldigitaldeasturias.com\/magazine365\/wp-content\/uploads\/2015\/09\/hotel.jpg","width":800,"height":598},"datePublished":"2016-01-22T15:23:29+01:00","dateModified":"2016-01-22T15:23:29+01:00","inLanguage":"es-ES","mainEntityOfPage":{"@id":"https:\/\/eldigitaldeasturias.com\/magazine365\/melia-cerrara-temporalmente-dos-de-sus-hoteles-en-egipto\/#webpage"},"isPartOf":{"@id":"https:\/\/eldigitaldeasturias.com\/magazine365\/melia-cerrara-temporalmente-dos-de-sus-hoteles-en-egipto\/#webpage"},"articleSection":"Noticias y Actualidad"},{"@type":"BreadcrumbList","@id":"https:\/\/eldigitaldeasturias.com\/magazine365\/melia-cerrara-temporalmente-dos-de-sus-hoteles-en-egipto\/#breadcrumblist","itemListElement":[{"@type":"ListItem","@id":"https:\/\/eldigitaldeasturias.com\/magazine365#listItem","position":1,"name":"Home","item":"https:\/\/eldigitaldeasturias.com\/magazine365","nextItem":{"@type":"ListItem","@id":"https:\/\/eldigitaldeasturias.com\/magazine365\/category\/noticias-actualidad\/#listItem","name":"Noticias y Actualidad"}},{"@type":"ListItem","@id":"https:\/\/eldigitaldeasturias.com\/magazine365\/category\/noticias-actualidad\/#listItem","position":2,"name":"Noticias y Actualidad","item":"https:\/\/eldigitaldeasturias.com\/magazine365\/category\/noticias-actualidad\/","nextItem":{"@type":"ListItem","@id":"https:\/\/eldigitaldeasturias.com\/magazine365\/melia-cerrara-temporalmente-dos-de-sus-hoteles-en-egipto\/#listItem","name":"Meli\u00e1 cerrar\u00e1 temporalmente dos de sus hoteles en Egipto"},"previousItem":{"@type":"ListItem","@id":"https:\/\/eldigitaldeasturias.com\/magazine365#listItem","name":"Home"}},{"@type":"ListItem","@id":"https:\/\/eldigitaldeasturias.com\/magazine365\/melia-cerrara-temporalmente-dos-de-sus-hoteles-en-egipto\/#listItem","position":3,"name":"Meli\u00e1 cerrar\u00e1 temporalmente dos de sus hoteles en Egipto","previousItem":{"@type":"ListItem","@id":"https:\/\/eldigitaldeasturias.com\/magazine365\/category\/noticias-actualidad\/#listItem","name":"Noticias y Actualidad"}}]},{"@type":"Organization","@id":"https:\/\/eldigitaldeasturias.com\/magazine365\/#organization","name":"El digital de Asturias","description":"Revista de ocio, turismo y estilo de vida","url":"https:\/\/eldigitaldeasturias.com\/magazine365\/","logo":{"@type":"ImageObject","url":"https:\/\/www.eldigitaldeasturias.com\/noticias\/wp-content\/uploads\/2020\/12\/EDA.jpg","@id":"https:\/\/eldigitaldeasturias.com\/magazine365\/melia-cerrara-temporalmente-dos-de-sus-hoteles-en-egipto\/#organizationLogo"},"image":{"@id":"https:\/\/eldigitaldeasturias.com\/magazine365\/melia-cerrara-temporalmente-dos-de-sus-hoteles-en-egipto\/#organizationLogo"}},{"@type":"Person","@id":"https:\/\/eldigitaldeasturias.com\/magazine365\/author\/admin\/#author","url":"https:\/\/eldigitaldeasturias.com\/magazine365\/author\/admin\/","name":"admin","image":{"@type":"ImageObject","@id":"https:\/\/eldigitaldeasturias.com\/magazine365\/melia-cerrara-temporalmente-dos-de-sus-hoteles-en-egipto\/#authorImage","url":"https:\/\/eldigitaldeasturias.com\/magazine365\/wp-content\/litespeed\/avatar\/e571bcf59a0edd6fa6838245a470f2fe.jpg?ver=1776969259","width":96,"height":96,"caption":"admin"}},{"@type":"WebPage","@id":"https:\/\/eldigitaldeasturias.com\/magazine365\/melia-cerrara-temporalmente-dos-de-sus-hoteles-en-egipto\/#webpage","url":"https:\/\/eldigitaldeasturias.com\/magazine365\/melia-cerrara-temporalmente-dos-de-sus-hoteles-en-egipto\/","name":"Meli\u00e1 cerrar\u00e1 temporalmente dos de sus hoteles en Egipto | El Digital de Asturias","description":"El vicepresidente y consejero delegado de Meli\u00e1 Hotels International, Gabriel Escarrer, ha anunciado hoy el cierre temporal de dos de sus hoteles en Egipto ante la ca\u00edda de la demanda de viajes registrada a este pa\u00eds como consecuencia de la amenaza yihadista, en un a\u00f1o en el que la compa\u00f1\u00eda prev\u00e9 un crecimiento importante de","inLanguage":"es-ES","isPartOf":{"@id":"https:\/\/eldigitaldeasturias.com\/magazine365\/#website"},"breadcrumb":{"@id":"https:\/\/eldigitaldeasturias.com\/magazine365\/melia-cerrara-temporalmente-dos-de-sus-hoteles-en-egipto\/#breadcrumblist"},"author":{"@id":"https:\/\/eldigitaldeasturias.com\/magazine365\/author\/admin\/#author"},"creator":{"@id":"https:\/\/eldigitaldeasturias.com\/magazine365\/author\/admin\/#author"},"image":{"@type":"ImageObject","url":"https:\/\/eldigitaldeasturias.com\/magazine365\/wp-content\/uploads\/2015\/09\/hotel.jpg","@id":"https:\/\/eldigitaldeasturias.com\/magazine365\/melia-cerrara-temporalmente-dos-de-sus-hoteles-en-egipto\/#mainImage","width":800,"height":598},"primaryImageOfPage":{"@id":"https:\/\/eldigitaldeasturias.com\/magazine365\/melia-cerrara-temporalmente-dos-de-sus-hoteles-en-egipto\/#mainImage"},"datePublished":"2016-01-22T15:23:29+01:00","dateModified":"2016-01-22T15:23:29+01:00"},{"@type":"WebSite","@id":"https:\/\/eldigitaldeasturias.com\/magazine365\/#website","url":"https:\/\/eldigitaldeasturias.com\/magazine365\/","name":"El Digital de Asturias","description":"Revista de ocio, turismo y estilo de vida","inLanguage":"es-ES","publisher":{"@id":"https:\/\/eldigitaldeasturias.com\/magazine365\/#organization"}}]},"og:locale":"es_ES","og:site_name":"El Digital de Asturias \u2013 Revista de ocio, turismo y estilo de vida","og:type":"article","og:title":"Meli\u00e1 cerrar\u00e1 temporalmente dos de sus hoteles en Egipto | El Digital de Asturias","og:description":"El vicepresidente y consejero delegado de Meli\u00e1 Hotels International, Gabriel Escarrer, ha anunciado hoy el cierre temporal de dos de sus hoteles en Egipto ante la ca\u00edda de la demanda de viajes registrada a este pa\u00eds como consecuencia de la amenaza yihadista, en un a\u00f1o en el que la compa\u00f1\u00eda prev\u00e9 un crecimiento importante de","og:url":"https:\/\/eldigitaldeasturias.com\/magazine365\/melia-cerrara-temporalmente-dos-de-sus-hoteles-en-egipto\/","og:image":"https:\/\/eldigitaldeasturias.com\/magazine365\/wp-content\/uploads\/2015\/09\/hotel.jpg","og:image:secure_url":"https:\/\/eldigitaldeasturias.com\/magazine365\/wp-content\/uploads\/2015\/09\/hotel.jpg","og:image:width":800,"og:image:height":598,"article:published_time":"2016-01-22T14:23:29+00:00","article:modified_time":"2016-01-22T14:23:29+00:00","twitter:card":"summary_large_image","twitter:title":"Meli\u00e1 cerrar\u00e1 temporalmente dos de sus hoteles en Egipto | El Digital de Asturias","twitter:description":"El vicepresidente y consejero delegado de Meli\u00e1 Hotels International, Gabriel Escarrer, ha anunciado hoy el cierre temporal de dos de sus hoteles en Egipto ante la ca\u00edda de la demanda de viajes registrada a este pa\u00eds como consecuencia de la amenaza yihadista, en un a\u00f1o en el que la compa\u00f1\u00eda prev\u00e9 un crecimiento importante de","twitter:image":"https:\/\/eldigitaldeasturias.com\/magazine365\/wp-content\/uploads\/2015\/09\/hotel.jpg"},"aioseo_meta_data":{"post_id":"61303","title":null,"description":null,"keywords":null,"keyphrases":null,"primary_term":null,"canonical_url":null,"og_title":null,"og_description":null,"og_object_type":"default","og_image_type":"default","og_image_url":null,"og_image_width":null,"og_image_height":null,"og_image_custom_url":null,"og_image_custom_fields":null,"og_video":null,"og_custom_url":null,"og_article_section":null,"og_article_tags":null,"twitter_use_og":false,"twitter_card":"default","twitter_image_type":"default","twitter_image_url":null,"twitter_image_custom_url":null,"twitter_image_custom_fields":null,"twitter_title":null,"twitter_description":null,"schema":{"blockGraphs":[],"customGraphs":[],"default":{"data":{"Article":[],"Course":[],"Dataset":[],"FAQPage":[],"Movie":[],"Person":[],"Product":[],"ProductReview":[],"Car":[],"Recipe":[],"Service":[],"SoftwareApplication":[],"WebPage":[]},"graphName":"","isEnabled":true},"graphs":[],"defaultGraph":"","defaultPostTypeGraph":""},"schema_type":null,"schema_type_options":null,"pillar_content":false,"robots_default":true,"robots_noindex":false,"robots_noarchive":false,"robots_nosnippet":false,"robots_nofollow":false,"robots_noimageindex":false,"robots_noodp":false,"robots_notranslate":false,"robots_max_snippet":null,"robots_max_videopreview":null,"robots_max_imagepreview":"large","priority":null,"frequency":null,"location":null,"local_seo":null,"seo_analyzer_scan_date":"2025-09-25 08:40:25","breadcrumb_settings":null,"limit_modified_date":false,"open_ai":null,"ai":null,"created":"2021-03-08 21:50:55","updated":"2025-09-25 08:40:25"},"aioseo_breadcrumb":"<div class=\"aioseo-breadcrumbs\"><span class=\"aioseo-breadcrumb\">\n\t<a href=\"https:\/\/eldigitaldeasturias.com\/magazine365\" title=\"Home\">Home<\/a>\n<\/span><span class=\"aioseo-breadcrumb-separator\">\u2013<\/span><span class=\"aioseo-breadcrumb\">\n\t<a href=\"https:\/\/eldigitaldeasturias.com\/magazine365\/category\/noticias-actualidad\/\" title=\"Noticias y Actualidad\">Noticias y Actualidad<\/a>\n<\/span><span class=\"aioseo-breadcrumb-separator\">\u2013<\/span><span class=\"aioseo-breadcrumb\">\n\t<a href=\"https:\/\/eldigitaldeasturias.com\/magazine365\/melia-cerrara-temporalmente-dos-de-sus-hoteles-en-egipto\/\" title=\"Meli\u00e1 cerrar\u00e1 temporalmente dos de sus hoteles en Egipto\">Meli\u00e1 cerrar\u00e1 temporalmente dos de sus hoteles en Egipto<\/a>\n<\/span><\/div>","aioseo_breadcrumb_json":[{"label":"Home","link":"https:\/\/eldigitaldeasturias.com\/magazine365"},{"label":"Noticias y Actualidad","link":"https:\/\/eldigitaldeasturias.com\/magazine365\/category\/noticias-actualidad\/"},{"label":"Meli\u00e1 cerrar\u00e1 temporalmente dos de sus hoteles en Egipto","link":"https:\/\/eldigitaldeasturias.com\/magazine365\/melia-cerrara-temporalmente-dos-de-sus-hoteles-en-egipto\/"}],"_links":{"self":[{"href":"https:\/\/eldigitaldeasturias.com\/magazine365\/wp-json\/wp\/v2\/posts\/61303","targetHints":{"allow":["GET"]}}],"collection":[{"href":"https:\/\/eldigitaldeasturias.com\/magazine365\/wp-json\/wp\/v2\/posts"}],"about":[{"href":"https:\/\/eldigitaldeasturias.com\/magazine365\/wp-json\/wp\/v2\/types\/post"}],"author":[{"embeddable":true,"href":"https:\/\/eldigitaldeasturias.com\/magazine365\/wp-json\/wp\/v2\/users\/1"}],"replies":[{"embeddable":true,"href":"https:\/\/eldigitaldeasturias.com\/magazine365\/wp-json\/wp\/v2\/comments?post=61303"}],"version-history":[{"count":0,"href":"https:\/\/eldigitaldeasturias.com\/magazine365\/wp-json\/wp\/v2\/posts\/61303\/revisions"}],"wp:featuredmedia":[{"embeddable":true,"href":"https:\/\/eldigitaldeasturias.com\/magazine365\/wp-json\/wp\/v2\/media\/48305"}],"wp:attachment":[{"href":"https:\/\/eldigitaldeasturias.com\/magazine365\/wp-json\/wp\/v2\/media?parent=61303"}],"wp:term":[{"taxonomy":"category","embeddable":true,"href":"https:\/\/eldigitaldeasturias.com\/magazine365\/wp-json\/wp\/v2\/categories?post=61303"},{"taxonomy":"post_tag","embeddable":true,"href":"https:\/\/eldigitaldeasturias.com\/magazine365\/wp-json\/wp\/v2\/tags?post=61303"}],"curies":[{"name":"wp","href":"https:\/\/api.w.org\/{rel}","templated":true}]}}