{"id":61294,"date":"2016-01-22T15:21:10","date_gmt":"2016-01-22T14:21:10","guid":{"rendered":"http:\/\/eldigitaldeasturias.com\/magazine365\/?p=61294"},"modified":"2016-01-22T15:21:10","modified_gmt":"2016-01-22T14:21:10","slug":"el-eje-malaga-sevilla-granada-cordoba-presentara-en-japon-su-nuevo-producto-conjunto","status":"publish","type":"post","link":"https:\/\/eldigitaldeasturias.com\/magazine365\/el-eje-malaga-sevilla-granada-cordoba-presentara-en-japon-su-nuevo-producto-conjunto\/","title":{"rendered":"El eje M\u00e1laga-Sevilla-Granada-C\u00f3rdoba presentar\u00e1 en Jap\u00f3n su nuevo producto conjunto"},"content":{"rendered":"<p><img fetchpriority=\"high\" decoding=\"async\" class=\"alignleft size-medium wp-image-61295\" src=\"https:\/\/eldigitaldeasturias.com\/magazine365\/wp-content\/uploads\/2016\/01\/fotonoticia_20160120113822_800-360x240.jpg\" alt=\"fotonoticia_20160120113822_800\" width=\"360\" height=\"240\" srcset=\"https:\/\/eldigitaldeasturias.com\/magazine365\/wp-content\/uploads\/2016\/01\/fotonoticia_20160120113822_800-360x240.jpg 360w, https:\/\/eldigitaldeasturias.com\/magazine365\/wp-content\/uploads\/2016\/01\/fotonoticia_20160120113822_800-650x433.jpg 650w, https:\/\/eldigitaldeasturias.com\/magazine365\/wp-content\/uploads\/2016\/01\/fotonoticia_20160120113822_800-768x512.jpg 768w, https:\/\/eldigitaldeasturias.com\/magazine365\/wp-content\/uploads\/2016\/01\/fotonoticia_20160120113822_800-150x100.jpg 150w, https:\/\/eldigitaldeasturias.com\/magazine365\/wp-content\/uploads\/2016\/01\/fotonoticia_20160120113822_800-450x300.jpg 450w, https:\/\/eldigitaldeasturias.com\/magazine365\/wp-content\/uploads\/2016\/01\/fotonoticia_20160120113822_800-696x464.jpg 696w, https:\/\/eldigitaldeasturias.com\/magazine365\/wp-content\/uploads\/2016\/01\/fotonoticia_20160120113822_800-630x420.jpg 630w, https:\/\/eldigitaldeasturias.com\/magazine365\/wp-content\/uploads\/2016\/01\/fotonoticia_20160120113822_800-101x66.jpg 101w, https:\/\/eldigitaldeasturias.com\/magazine365\/wp-content\/uploads\/2016\/01\/fotonoticia_20160120113822_800.jpg 800w\" sizes=\"(max-width: 360px) 100vw, 360px\" \/>El eje formado por las ciudades de M\u00e1laga, Sevilla, Granada y C\u00f3rdoba se ha presentado este mi\u00e9rcoles en la Feria Internacional de Turismo (Fitur) con la vista puesta en la Jata Tourism Expo, la m\u00e1s importante de Jap\u00f3n y a la que acudir\u00e1n en el mes de septiembre con un nuevo producto tur\u00edstico y bajo una misma imagen corporativa.<\/p>\n<p>As\u00ed lo han explicado los respectivos alcaldes de las cuatro capitales que este mi\u00e9rcoles, incluso antes de que se inaugurara oficialmente la feria, ya estaban trabajando y escenificando la alianza de un eje que quiere \u00abganar en eficacia\u00bb y que, seg\u00fan ha dicho el regidor de M\u00e1laga, Francisco de la Torre (PP), \u00abencuentra en la palabra sinergia su mayor definici\u00f3n\u00bb.<\/p>\n<p>Con la acci\u00f3n se pretende visualizar c\u00f3mo un producto tur\u00edstico \u00fanico la oferta de las cuatro ciudades que pueden ofrecer al viajero, especialmente al de media y larga distancia, la posibilidad de disfrutar de todos los segmentos tur\u00edsticos, desde el sol y playa, hasta la nieve, la gastronom\u00eda, la naturaleza o la enolog\u00eda.<\/p>\n<p>A Jata las cuatro ciudades acudir\u00e1n con material promocional bajo una imagen corporativa y unificada en la que a\u00fan se est\u00e1 trabajando. Ofrecer\u00e1n a las agencias un paquete de dos noches en cada una de las ciudades.<\/p>\n<p>Adem\u00e1s, los alcaldes han explicado que se ha elegido el mercado japon\u00e9s porque ya es \u00abs\u00f3lido\u00bb y est\u00e1 \u00abimplantado\u00bb y han adelantado que si mientras llega el mes de septiembre el producto creado ya est\u00e1 listo, se usar\u00e1 para conexiones con Estados Unidos o Canad\u00e1, entre otras. \u00abNos importa que cuando se piense en Europa se piense en nuestras ciudades\u00bb, ha dicho el alcalde de M\u00e1laga.<\/p>\n<p>Tras la acci\u00f3n de Jap\u00f3n, est\u00e1 previsto que sigan desarrollando acciones de prospecci\u00f3n en nuevos mercados que por volumen poblacional, niveles de renta per c\u00e1pita o coyuntura econ\u00f3mica puedan tener un inter\u00e9s estrat\u00e9gico a medio y largo plazo.<\/p>\n<p>EL EJE DEL AVE<\/p>\n<p>Las comunicaciones tambi\u00e9n suponen una importante baza para el eje ya que, tal y como ha se\u00f1alado el alcalde de Sevilla, Juan Espadas (PSOE), las cuatro estar\u00e1n unidas por el AVE, lo que facilitar\u00e1 los desplazamientos de los potenciales turistas, sobre todo con la puesta en marcha del nuevo pase Renfe Spain Ppass, dirigido a no residentes en Espa\u00f1a.<\/p>\n<p>El regidor sevillano tambi\u00e9n ha ensalzado que con esa uni\u00f3n las ciudades est\u00e1n \u00abdefiniendo su papel y el ser protagonistas de sus econom\u00edas y de sacar las m\u00e1ximas potencialidades\u00bb. Espadas tambi\u00e9n ha dicho que el eje est\u00e1 abierto a \u00abcualquier otra oportunidad y a alianzas de tipo estrat\u00e9gico\u00bb.<\/p>\n<p>\u00abSUMAR VALORES COMPLEMENTARIOS\u00bb<\/p>\n<p>La alcaldesa de C\u00f3rdoba, Isabel Ambrosio (PSOE), ha mantenido en la presentaci\u00f3n del eje que \u00e9ste es \u00abel mejor ejemplo de que cuando se suman valores complementarios el resultado puede ser mucho m\u00e1s atractivo\u00bb y ha defendido que se persigue que el viajero disfrute \u00abde la forma de vivir y de sentir de nuestra tierra\u00bb.<\/p>\n<p>Adem\u00e1s, la regidora cordobesa ha se\u00f1alado que se trata de ofertas que lejos de \u00abhacerse la competencia, se complementan\u00bb, idea en la que ha coincidido con el alcalde de Granada, Jos\u00e9 Torres Hurtado, que ha llamado a \u00abseguir uniendo fuerzas porque somos complementarias\u00bb.<\/p>\n<p>El regidor &#8216;popular&#8217; ha dicho que el que ofrece esta alianza a cuatro es \u00abun producto muy original\u00bb para un mercado \u00ablejano y medio que no conoce lo suficiente de nuestra tierra\u00bb y que va a encontrar \u00abuna oferta muy poco corriente\u00bb.<\/p>\n","protected":false},"excerpt":{"rendered":"<p>El eje formado por las ciudades de M\u00e1laga, Sevilla, Granada y C\u00f3rdoba se ha presentado este mi\u00e9rcoles en la Feria Internacional de Turismo (Fitur) con la vista puesta en la Jata Tourism Expo, la m\u00e1s importante de Jap\u00f3n y a la que acudir\u00e1n en el mes de septiembre con un nuevo producto tur\u00edstico y bajo<\/p>\n","protected":false},"author":1,"featured_media":61295,"comment_status":"open","ping_status":"closed","sticky":false,"template":"","format":"standard","meta":{"footnotes":""},"categories":[224],"tags":[],"class_list":{"0":"post-61294","1":"post","2":"type-post","3":"status-publish","4":"format-standard","5":"has-post-thumbnail","7":"category-noticias-actualidad"},"aioseo_notices":[],"aioseo_head":"\n\t\t<!-- All in One SEO Pro 4.9.6.1 - aioseo.com -->\n\t<meta name=\"description\" content=\"El eje formado por las ciudades de M\u00e1laga, Sevilla, Granada y C\u00f3rdoba se ha presentado este mi\u00e9rcoles en la Feria Internacional de Turismo (Fitur) con la vista puesta en la Jata Tourism Expo, la m\u00e1s importante de Jap\u00f3n y a la que acudir\u00e1n en el mes de septiembre con un nuevo producto tur\u00edstico y bajo\" \/>\n\t<meta name=\"robots\" content=\"max-image-preview:large\" \/>\n\t<meta name=\"author\" content=\"admin\"\/>\n\t<meta name=\"google-site-verification\" content=\"UA-38556648-1\" \/>\n\t<meta name=\"keywords\" content=\"noticias y actualidad\" \/>\n\t<link rel=\"canonical\" href=\"https:\/\/eldigitaldeasturias.com\/magazine365\/el-eje-malaga-sevilla-granada-cordoba-presentara-en-japon-su-nuevo-producto-conjunto\/\" \/>\n\t<meta name=\"generator\" content=\"All in One SEO Pro (AIOSEO) 4.9.6.1\" \/>\n\t\t<meta property=\"og:locale\" content=\"es_ES\" \/>\n\t\t<meta property=\"og:site_name\" content=\"El Digital de Asturias \u2013 Revista de ocio, turismo y estilo de vida\" \/>\n\t\t<meta property=\"og:type\" content=\"article\" \/>\n\t\t<meta property=\"og:title\" content=\"El eje M\u00e1laga-Sevilla-Granada-C\u00f3rdoba presentar\u00e1 en Jap\u00f3n su nuevo producto conjunto | El Digital de Asturias\" \/>\n\t\t<meta property=\"og:description\" content=\"El eje formado por las ciudades de M\u00e1laga, Sevilla, Granada y C\u00f3rdoba se ha presentado este mi\u00e9rcoles en la Feria Internacional de Turismo (Fitur) con la vista puesta en la Jata Tourism Expo, la m\u00e1s importante de Jap\u00f3n y a la que acudir\u00e1n en el mes de septiembre con un nuevo producto tur\u00edstico y bajo\" \/>\n\t\t<meta property=\"og:url\" content=\"https:\/\/eldigitaldeasturias.com\/magazine365\/el-eje-malaga-sevilla-granada-cordoba-presentara-en-japon-su-nuevo-producto-conjunto\/\" \/>\n\t\t<meta property=\"og:image\" content=\"https:\/\/eldigitaldeasturias.com\/magazine365\/wp-content\/uploads\/2016\/01\/fotonoticia_20160120113822_800.jpg\" \/>\n\t\t<meta property=\"og:image:secure_url\" content=\"https:\/\/eldigitaldeasturias.com\/magazine365\/wp-content\/uploads\/2016\/01\/fotonoticia_20160120113822_800.jpg\" \/>\n\t\t<meta property=\"og:image:width\" content=\"800\" \/>\n\t\t<meta property=\"og:image:height\" content=\"533\" \/>\n\t\t<meta property=\"article:published_time\" content=\"2016-01-22T14:21:10+00:00\" \/>\n\t\t<meta property=\"article:modified_time\" content=\"2016-01-22T14:21:10+00:00\" \/>\n\t\t<meta name=\"twitter:card\" content=\"summary_large_image\" \/>\n\t\t<meta name=\"twitter:title\" content=\"El eje M\u00e1laga-Sevilla-Granada-C\u00f3rdoba presentar\u00e1 en Jap\u00f3n su nuevo producto conjunto | El Digital de Asturias\" \/>\n\t\t<meta name=\"twitter:description\" content=\"El eje formado por las ciudades de M\u00e1laga, Sevilla, Granada y C\u00f3rdoba se ha presentado este mi\u00e9rcoles en la Feria Internacional de Turismo (Fitur) con la vista puesta en la Jata Tourism Expo, la m\u00e1s importante de Jap\u00f3n y a la que acudir\u00e1n en el mes de septiembre con un nuevo producto tur\u00edstico y bajo\" \/>\n\t\t<meta name=\"twitter:image\" content=\"https:\/\/eldigitaldeasturias.com\/magazine365\/wp-content\/uploads\/2016\/01\/fotonoticia_20160120113822_800.jpg\" \/>\n\t\t<script type=\"application\/ld+json\" class=\"aioseo-schema\">\n\t\t\t{\"@context\":\"https:\\\/\\\/schema.org\",\"@graph\":[{\"@type\":\"Article\",\"@id\":\"https:\\\/\\\/eldigitaldeasturias.com\\\/magazine365\\\/el-eje-malaga-sevilla-granada-cordoba-presentara-en-japon-su-nuevo-producto-conjunto\\\/#article\",\"name\":\"El eje M\\u00e1laga-Sevilla-Granada-C\\u00f3rdoba presentar\\u00e1 en Jap\\u00f3n su nuevo producto conjunto | El Digital de Asturias\",\"headline\":\"El eje M\\u00e1laga-Sevilla-Granada-C\\u00f3rdoba presentar\\u00e1 en Jap\\u00f3n su nuevo producto conjunto\",\"author\":{\"@id\":\"https:\\\/\\\/eldigitaldeasturias.com\\\/magazine365\\\/author\\\/admin\\\/#author\"},\"publisher\":{\"@id\":\"https:\\\/\\\/eldigitaldeasturias.com\\\/magazine365\\\/#organization\"},\"image\":{\"@type\":\"ImageObject\",\"url\":\"https:\\\/\\\/eldigitaldeasturias.com\\\/magazine365\\\/wp-content\\\/uploads\\\/2016\\\/01\\\/fotonoticia_20160120113822_800.jpg\",\"width\":800,\"height\":533},\"datePublished\":\"2016-01-22T15:21:10+01:00\",\"dateModified\":\"2016-01-22T15:21:10+01:00\",\"inLanguage\":\"es-ES\",\"mainEntityOfPage\":{\"@id\":\"https:\\\/\\\/eldigitaldeasturias.com\\\/magazine365\\\/el-eje-malaga-sevilla-granada-cordoba-presentara-en-japon-su-nuevo-producto-conjunto\\\/#webpage\"},\"isPartOf\":{\"@id\":\"https:\\\/\\\/eldigitaldeasturias.com\\\/magazine365\\\/el-eje-malaga-sevilla-granada-cordoba-presentara-en-japon-su-nuevo-producto-conjunto\\\/#webpage\"},\"articleSection\":\"Noticias y Actualidad\"},{\"@type\":\"BreadcrumbList\",\"@id\":\"https:\\\/\\\/eldigitaldeasturias.com\\\/magazine365\\\/el-eje-malaga-sevilla-granada-cordoba-presentara-en-japon-su-nuevo-producto-conjunto\\\/#breadcrumblist\",\"itemListElement\":[{\"@type\":\"ListItem\",\"@id\":\"https:\\\/\\\/eldigitaldeasturias.com\\\/magazine365#listItem\",\"position\":1,\"name\":\"Home\",\"item\":\"https:\\\/\\\/eldigitaldeasturias.com\\\/magazine365\",\"nextItem\":{\"@type\":\"ListItem\",\"@id\":\"https:\\\/\\\/eldigitaldeasturias.com\\\/magazine365\\\/category\\\/noticias-actualidad\\\/#listItem\",\"name\":\"Noticias y Actualidad\"}},{\"@type\":\"ListItem\",\"@id\":\"https:\\\/\\\/eldigitaldeasturias.com\\\/magazine365\\\/category\\\/noticias-actualidad\\\/#listItem\",\"position\":2,\"name\":\"Noticias y Actualidad\",\"item\":\"https:\\\/\\\/eldigitaldeasturias.com\\\/magazine365\\\/category\\\/noticias-actualidad\\\/\",\"nextItem\":{\"@type\":\"ListItem\",\"@id\":\"https:\\\/\\\/eldigitaldeasturias.com\\\/magazine365\\\/el-eje-malaga-sevilla-granada-cordoba-presentara-en-japon-su-nuevo-producto-conjunto\\\/#listItem\",\"name\":\"El eje M\\u00e1laga-Sevilla-Granada-C\\u00f3rdoba presentar\\u00e1 en Jap\\u00f3n su nuevo producto conjunto\"},\"previousItem\":{\"@type\":\"ListItem\",\"@id\":\"https:\\\/\\\/eldigitaldeasturias.com\\\/magazine365#listItem\",\"name\":\"Home\"}},{\"@type\":\"ListItem\",\"@id\":\"https:\\\/\\\/eldigitaldeasturias.com\\\/magazine365\\\/el-eje-malaga-sevilla-granada-cordoba-presentara-en-japon-su-nuevo-producto-conjunto\\\/#listItem\",\"position\":3,\"name\":\"El eje M\\u00e1laga-Sevilla-Granada-C\\u00f3rdoba presentar\\u00e1 en Jap\\u00f3n su nuevo producto conjunto\",\"previousItem\":{\"@type\":\"ListItem\",\"@id\":\"https:\\\/\\\/eldigitaldeasturias.com\\\/magazine365\\\/category\\\/noticias-actualidad\\\/#listItem\",\"name\":\"Noticias y Actualidad\"}}]},{\"@type\":\"Organization\",\"@id\":\"https:\\\/\\\/eldigitaldeasturias.com\\\/magazine365\\\/#organization\",\"name\":\"El digital de Asturias\",\"description\":\"Revista de ocio, turismo y estilo de vida\",\"url\":\"https:\\\/\\\/eldigitaldeasturias.com\\\/magazine365\\\/\",\"logo\":{\"@type\":\"ImageObject\",\"url\":\"https:\\\/\\\/www.eldigitaldeasturias.com\\\/noticias\\\/wp-content\\\/uploads\\\/2020\\\/12\\\/EDA.jpg\",\"@id\":\"https:\\\/\\\/eldigitaldeasturias.com\\\/magazine365\\\/el-eje-malaga-sevilla-granada-cordoba-presentara-en-japon-su-nuevo-producto-conjunto\\\/#organizationLogo\"},\"image\":{\"@id\":\"https:\\\/\\\/eldigitaldeasturias.com\\\/magazine365\\\/el-eje-malaga-sevilla-granada-cordoba-presentara-en-japon-su-nuevo-producto-conjunto\\\/#organizationLogo\"}},{\"@type\":\"Person\",\"@id\":\"https:\\\/\\\/eldigitaldeasturias.com\\\/magazine365\\\/author\\\/admin\\\/#author\",\"url\":\"https:\\\/\\\/eldigitaldeasturias.com\\\/magazine365\\\/author\\\/admin\\\/\",\"name\":\"admin\",\"image\":{\"@type\":\"ImageObject\",\"@id\":\"https:\\\/\\\/eldigitaldeasturias.com\\\/magazine365\\\/el-eje-malaga-sevilla-granada-cordoba-presentara-en-japon-su-nuevo-producto-conjunto\\\/#authorImage\",\"url\":\"https:\\\/\\\/eldigitaldeasturias.com\\\/magazine365\\\/wp-content\\\/litespeed\\\/avatar\\\/e571bcf59a0edd6fa6838245a470f2fe.jpg?ver=1776969259\",\"width\":96,\"height\":96,\"caption\":\"admin\"}},{\"@type\":\"WebPage\",\"@id\":\"https:\\\/\\\/eldigitaldeasturias.com\\\/magazine365\\\/el-eje-malaga-sevilla-granada-cordoba-presentara-en-japon-su-nuevo-producto-conjunto\\\/#webpage\",\"url\":\"https:\\\/\\\/eldigitaldeasturias.com\\\/magazine365\\\/el-eje-malaga-sevilla-granada-cordoba-presentara-en-japon-su-nuevo-producto-conjunto\\\/\",\"name\":\"El eje M\\u00e1laga-Sevilla-Granada-C\\u00f3rdoba presentar\\u00e1 en Jap\\u00f3n su nuevo producto conjunto | El Digital de Asturias\",\"description\":\"El eje formado por las ciudades de M\\u00e1laga, Sevilla, Granada y C\\u00f3rdoba se ha presentado este mi\\u00e9rcoles en la Feria Internacional de Turismo (Fitur) con la vista puesta en la Jata Tourism Expo, la m\\u00e1s importante de Jap\\u00f3n y a la que acudir\\u00e1n en el mes de septiembre con un nuevo producto tur\\u00edstico y bajo\",\"inLanguage\":\"es-ES\",\"isPartOf\":{\"@id\":\"https:\\\/\\\/eldigitaldeasturias.com\\\/magazine365\\\/#website\"},\"breadcrumb\":{\"@id\":\"https:\\\/\\\/eldigitaldeasturias.com\\\/magazine365\\\/el-eje-malaga-sevilla-granada-cordoba-presentara-en-japon-su-nuevo-producto-conjunto\\\/#breadcrumblist\"},\"author\":{\"@id\":\"https:\\\/\\\/eldigitaldeasturias.com\\\/magazine365\\\/author\\\/admin\\\/#author\"},\"creator\":{\"@id\":\"https:\\\/\\\/eldigitaldeasturias.com\\\/magazine365\\\/author\\\/admin\\\/#author\"},\"image\":{\"@type\":\"ImageObject\",\"url\":\"https:\\\/\\\/eldigitaldeasturias.com\\\/magazine365\\\/wp-content\\\/uploads\\\/2016\\\/01\\\/fotonoticia_20160120113822_800.jpg\",\"@id\":\"https:\\\/\\\/eldigitaldeasturias.com\\\/magazine365\\\/el-eje-malaga-sevilla-granada-cordoba-presentara-en-japon-su-nuevo-producto-conjunto\\\/#mainImage\",\"width\":800,\"height\":533},\"primaryImageOfPage\":{\"@id\":\"https:\\\/\\\/eldigitaldeasturias.com\\\/magazine365\\\/el-eje-malaga-sevilla-granada-cordoba-presentara-en-japon-su-nuevo-producto-conjunto\\\/#mainImage\"},\"datePublished\":\"2016-01-22T15:21:10+01:00\",\"dateModified\":\"2016-01-22T15:21:10+01:00\"},{\"@type\":\"WebSite\",\"@id\":\"https:\\\/\\\/eldigitaldeasturias.com\\\/magazine365\\\/#website\",\"url\":\"https:\\\/\\\/eldigitaldeasturias.com\\\/magazine365\\\/\",\"name\":\"El Digital de Asturias\",\"description\":\"Revista de ocio, turismo y estilo de vida\",\"inLanguage\":\"es-ES\",\"publisher\":{\"@id\":\"https:\\\/\\\/eldigitaldeasturias.com\\\/magazine365\\\/#organization\"}}]}\n\t\t<\/script>\n\t\t<!-- All in One SEO Pro -->\r\n\t\t<title>El eje M\u00e1laga-Sevilla-Granada-C\u00f3rdoba presentar\u00e1 en Jap\u00f3n su nuevo producto conjunto | El Digital de Asturias<\/title>\n\n","aioseo_head_json":{"title":"El eje M\u00e1laga-Sevilla-Granada-C\u00f3rdoba presentar\u00e1 en Jap\u00f3n su nuevo producto conjunto | El Digital de Asturias","description":"El eje formado por las ciudades de M\u00e1laga, Sevilla, Granada y C\u00f3rdoba se ha presentado este mi\u00e9rcoles en la Feria Internacional de Turismo (Fitur) con la vista puesta en la Jata Tourism Expo, la m\u00e1s importante de Jap\u00f3n y a la que acudir\u00e1n en el mes de septiembre con un nuevo producto tur\u00edstico y bajo","canonical_url":"https:\/\/eldigitaldeasturias.com\/magazine365\/el-eje-malaga-sevilla-granada-cordoba-presentara-en-japon-su-nuevo-producto-conjunto\/","robots":"max-image-preview:large","keywords":"noticias y actualidad","webmasterTools":{"google-site-verification":"UA-38556648-1","miscellaneous":""},"schema":{"@context":"https:\/\/schema.org","@graph":[{"@type":"Article","@id":"https:\/\/eldigitaldeasturias.com\/magazine365\/el-eje-malaga-sevilla-granada-cordoba-presentara-en-japon-su-nuevo-producto-conjunto\/#article","name":"El eje M\u00e1laga-Sevilla-Granada-C\u00f3rdoba presentar\u00e1 en Jap\u00f3n su nuevo producto conjunto | El Digital de Asturias","headline":"El eje M\u00e1laga-Sevilla-Granada-C\u00f3rdoba presentar\u00e1 en Jap\u00f3n su nuevo producto conjunto","author":{"@id":"https:\/\/eldigitaldeasturias.com\/magazine365\/author\/admin\/#author"},"publisher":{"@id":"https:\/\/eldigitaldeasturias.com\/magazine365\/#organization"},"image":{"@type":"ImageObject","url":"https:\/\/eldigitaldeasturias.com\/magazine365\/wp-content\/uploads\/2016\/01\/fotonoticia_20160120113822_800.jpg","width":800,"height":533},"datePublished":"2016-01-22T15:21:10+01:00","dateModified":"2016-01-22T15:21:10+01:00","inLanguage":"es-ES","mainEntityOfPage":{"@id":"https:\/\/eldigitaldeasturias.com\/magazine365\/el-eje-malaga-sevilla-granada-cordoba-presentara-en-japon-su-nuevo-producto-conjunto\/#webpage"},"isPartOf":{"@id":"https:\/\/eldigitaldeasturias.com\/magazine365\/el-eje-malaga-sevilla-granada-cordoba-presentara-en-japon-su-nuevo-producto-conjunto\/#webpage"},"articleSection":"Noticias y Actualidad"},{"@type":"BreadcrumbList","@id":"https:\/\/eldigitaldeasturias.com\/magazine365\/el-eje-malaga-sevilla-granada-cordoba-presentara-en-japon-su-nuevo-producto-conjunto\/#breadcrumblist","itemListElement":[{"@type":"ListItem","@id":"https:\/\/eldigitaldeasturias.com\/magazine365#listItem","position":1,"name":"Home","item":"https:\/\/eldigitaldeasturias.com\/magazine365","nextItem":{"@type":"ListItem","@id":"https:\/\/eldigitaldeasturias.com\/magazine365\/category\/noticias-actualidad\/#listItem","name":"Noticias y Actualidad"}},{"@type":"ListItem","@id":"https:\/\/eldigitaldeasturias.com\/magazine365\/category\/noticias-actualidad\/#listItem","position":2,"name":"Noticias y Actualidad","item":"https:\/\/eldigitaldeasturias.com\/magazine365\/category\/noticias-actualidad\/","nextItem":{"@type":"ListItem","@id":"https:\/\/eldigitaldeasturias.com\/magazine365\/el-eje-malaga-sevilla-granada-cordoba-presentara-en-japon-su-nuevo-producto-conjunto\/#listItem","name":"El eje M\u00e1laga-Sevilla-Granada-C\u00f3rdoba presentar\u00e1 en Jap\u00f3n su nuevo producto conjunto"},"previousItem":{"@type":"ListItem","@id":"https:\/\/eldigitaldeasturias.com\/magazine365#listItem","name":"Home"}},{"@type":"ListItem","@id":"https:\/\/eldigitaldeasturias.com\/magazine365\/el-eje-malaga-sevilla-granada-cordoba-presentara-en-japon-su-nuevo-producto-conjunto\/#listItem","position":3,"name":"El eje M\u00e1laga-Sevilla-Granada-C\u00f3rdoba presentar\u00e1 en Jap\u00f3n su nuevo producto conjunto","previousItem":{"@type":"ListItem","@id":"https:\/\/eldigitaldeasturias.com\/magazine365\/category\/noticias-actualidad\/#listItem","name":"Noticias y Actualidad"}}]},{"@type":"Organization","@id":"https:\/\/eldigitaldeasturias.com\/magazine365\/#organization","name":"El digital de Asturias","description":"Revista de ocio, turismo y estilo de vida","url":"https:\/\/eldigitaldeasturias.com\/magazine365\/","logo":{"@type":"ImageObject","url":"https:\/\/www.eldigitaldeasturias.com\/noticias\/wp-content\/uploads\/2020\/12\/EDA.jpg","@id":"https:\/\/eldigitaldeasturias.com\/magazine365\/el-eje-malaga-sevilla-granada-cordoba-presentara-en-japon-su-nuevo-producto-conjunto\/#organizationLogo"},"image":{"@id":"https:\/\/eldigitaldeasturias.com\/magazine365\/el-eje-malaga-sevilla-granada-cordoba-presentara-en-japon-su-nuevo-producto-conjunto\/#organizationLogo"}},{"@type":"Person","@id":"https:\/\/eldigitaldeasturias.com\/magazine365\/author\/admin\/#author","url":"https:\/\/eldigitaldeasturias.com\/magazine365\/author\/admin\/","name":"admin","image":{"@type":"ImageObject","@id":"https:\/\/eldigitaldeasturias.com\/magazine365\/el-eje-malaga-sevilla-granada-cordoba-presentara-en-japon-su-nuevo-producto-conjunto\/#authorImage","url":"https:\/\/eldigitaldeasturias.com\/magazine365\/wp-content\/litespeed\/avatar\/e571bcf59a0edd6fa6838245a470f2fe.jpg?ver=1776969259","width":96,"height":96,"caption":"admin"}},{"@type":"WebPage","@id":"https:\/\/eldigitaldeasturias.com\/magazine365\/el-eje-malaga-sevilla-granada-cordoba-presentara-en-japon-su-nuevo-producto-conjunto\/#webpage","url":"https:\/\/eldigitaldeasturias.com\/magazine365\/el-eje-malaga-sevilla-granada-cordoba-presentara-en-japon-su-nuevo-producto-conjunto\/","name":"El eje M\u00e1laga-Sevilla-Granada-C\u00f3rdoba presentar\u00e1 en Jap\u00f3n su nuevo producto conjunto | El Digital de Asturias","description":"El eje formado por las ciudades de M\u00e1laga, Sevilla, Granada y C\u00f3rdoba se ha presentado este mi\u00e9rcoles en la Feria Internacional de Turismo (Fitur) con la vista puesta en la Jata Tourism Expo, la m\u00e1s importante de Jap\u00f3n y a la que acudir\u00e1n en el mes de septiembre con un nuevo producto tur\u00edstico y bajo","inLanguage":"es-ES","isPartOf":{"@id":"https:\/\/eldigitaldeasturias.com\/magazine365\/#website"},"breadcrumb":{"@id":"https:\/\/eldigitaldeasturias.com\/magazine365\/el-eje-malaga-sevilla-granada-cordoba-presentara-en-japon-su-nuevo-producto-conjunto\/#breadcrumblist"},"author":{"@id":"https:\/\/eldigitaldeasturias.com\/magazine365\/author\/admin\/#author"},"creator":{"@id":"https:\/\/eldigitaldeasturias.com\/magazine365\/author\/admin\/#author"},"image":{"@type":"ImageObject","url":"https:\/\/eldigitaldeasturias.com\/magazine365\/wp-content\/uploads\/2016\/01\/fotonoticia_20160120113822_800.jpg","@id":"https:\/\/eldigitaldeasturias.com\/magazine365\/el-eje-malaga-sevilla-granada-cordoba-presentara-en-japon-su-nuevo-producto-conjunto\/#mainImage","width":800,"height":533},"primaryImageOfPage":{"@id":"https:\/\/eldigitaldeasturias.com\/magazine365\/el-eje-malaga-sevilla-granada-cordoba-presentara-en-japon-su-nuevo-producto-conjunto\/#mainImage"},"datePublished":"2016-01-22T15:21:10+01:00","dateModified":"2016-01-22T15:21:10+01:00"},{"@type":"WebSite","@id":"https:\/\/eldigitaldeasturias.com\/magazine365\/#website","url":"https:\/\/eldigitaldeasturias.com\/magazine365\/","name":"El Digital de Asturias","description":"Revista de ocio, turismo y estilo de vida","inLanguage":"es-ES","publisher":{"@id":"https:\/\/eldigitaldeasturias.com\/magazine365\/#organization"}}]},"og:locale":"es_ES","og:site_name":"El Digital de Asturias \u2013 Revista de ocio, turismo y estilo de vida","og:type":"article","og:title":"El eje M\u00e1laga-Sevilla-Granada-C\u00f3rdoba presentar\u00e1 en Jap\u00f3n su nuevo producto conjunto | El Digital de Asturias","og:description":"El eje formado por las ciudades de M\u00e1laga, Sevilla, Granada y C\u00f3rdoba se ha presentado este mi\u00e9rcoles en la Feria Internacional de Turismo (Fitur) con la vista puesta en la Jata Tourism Expo, la m\u00e1s importante de Jap\u00f3n y a la que acudir\u00e1n en el mes de septiembre con un nuevo producto tur\u00edstico y bajo","og:url":"https:\/\/eldigitaldeasturias.com\/magazine365\/el-eje-malaga-sevilla-granada-cordoba-presentara-en-japon-su-nuevo-producto-conjunto\/","og:image":"https:\/\/eldigitaldeasturias.com\/magazine365\/wp-content\/uploads\/2016\/01\/fotonoticia_20160120113822_800.jpg","og:image:secure_url":"https:\/\/eldigitaldeasturias.com\/magazine365\/wp-content\/uploads\/2016\/01\/fotonoticia_20160120113822_800.jpg","og:image:width":800,"og:image:height":533,"article:published_time":"2016-01-22T14:21:10+00:00","article:modified_time":"2016-01-22T14:21:10+00:00","twitter:card":"summary_large_image","twitter:title":"El eje M\u00e1laga-Sevilla-Granada-C\u00f3rdoba presentar\u00e1 en Jap\u00f3n su nuevo producto conjunto | El Digital de Asturias","twitter:description":"El eje formado por las ciudades de M\u00e1laga, Sevilla, Granada y C\u00f3rdoba se ha presentado este mi\u00e9rcoles en la Feria Internacional de Turismo (Fitur) con la vista puesta en la Jata Tourism Expo, la m\u00e1s importante de Jap\u00f3n y a la que acudir\u00e1n en el mes de septiembre con un nuevo producto tur\u00edstico y bajo","twitter:image":"https:\/\/eldigitaldeasturias.com\/magazine365\/wp-content\/uploads\/2016\/01\/fotonoticia_20160120113822_800.jpg"},"aioseo_meta_data":{"post_id":"61294","title":null,"description":null,"keywords":null,"keyphrases":null,"primary_term":null,"canonical_url":null,"og_title":null,"og_description":null,"og_object_type":"default","og_image_type":"default","og_image_url":null,"og_image_width":null,"og_image_height":null,"og_image_custom_url":null,"og_image_custom_fields":null,"og_video":null,"og_custom_url":null,"og_article_section":null,"og_article_tags":null,"twitter_use_og":false,"twitter_card":"default","twitter_image_type":"default","twitter_image_url":null,"twitter_image_custom_url":null,"twitter_image_custom_fields":null,"twitter_title":null,"twitter_description":null,"schema":{"blockGraphs":[],"customGraphs":[],"default":{"data":{"Article":[],"Course":[],"Dataset":[],"FAQPage":[],"Movie":[],"Person":[],"Product":[],"ProductReview":[],"Car":[],"Recipe":[],"Service":[],"SoftwareApplication":[],"WebPage":[]},"graphName":"","isEnabled":true},"graphs":[],"defaultGraph":"","defaultPostTypeGraph":""},"schema_type":null,"schema_type_options":null,"pillar_content":false,"robots_default":true,"robots_noindex":false,"robots_noarchive":false,"robots_nosnippet":false,"robots_nofollow":false,"robots_noimageindex":false,"robots_noodp":false,"robots_notranslate":false,"robots_max_snippet":null,"robots_max_videopreview":null,"robots_max_imagepreview":"large","priority":null,"frequency":null,"location":null,"local_seo":null,"seo_analyzer_scan_date":"2025-09-25 08:40:22","breadcrumb_settings":null,"limit_modified_date":false,"open_ai":null,"ai":null,"created":"2021-03-08 21:51:42","updated":"2025-09-25 08:40:22"},"aioseo_breadcrumb":"<div class=\"aioseo-breadcrumbs\"><span class=\"aioseo-breadcrumb\">\n\t<a href=\"https:\/\/eldigitaldeasturias.com\/magazine365\" title=\"Home\">Home<\/a>\n<\/span><span class=\"aioseo-breadcrumb-separator\">\u2013<\/span><span class=\"aioseo-breadcrumb\">\n\t<a href=\"https:\/\/eldigitaldeasturias.com\/magazine365\/category\/noticias-actualidad\/\" title=\"Noticias y Actualidad\">Noticias y Actualidad<\/a>\n<\/span><span class=\"aioseo-breadcrumb-separator\">\u2013<\/span><span class=\"aioseo-breadcrumb\">\n\t<a href=\"https:\/\/eldigitaldeasturias.com\/magazine365\/el-eje-malaga-sevilla-granada-cordoba-presentara-en-japon-su-nuevo-producto-conjunto\/\" title=\"El eje M\u00e1laga-Sevilla-Granada-C\u00f3rdoba presentar\u00e1 en Jap\u00f3n su nuevo producto conjunto\">El eje M\u00e1laga-Sevilla-Granada-C\u00f3rdoba presentar\u00e1 en Jap\u00f3n su nuevo producto conjunto<\/a>\n<\/span><\/div>","aioseo_breadcrumb_json":[{"label":"Home","link":"https:\/\/eldigitaldeasturias.com\/magazine365"},{"label":"Noticias y Actualidad","link":"https:\/\/eldigitaldeasturias.com\/magazine365\/category\/noticias-actualidad\/"},{"label":"El eje M\u00e1laga-Sevilla-Granada-C\u00f3rdoba presentar\u00e1 en Jap\u00f3n su nuevo producto conjunto","link":"https:\/\/eldigitaldeasturias.com\/magazine365\/el-eje-malaga-sevilla-granada-cordoba-presentara-en-japon-su-nuevo-producto-conjunto\/"}],"_links":{"self":[{"href":"https:\/\/eldigitaldeasturias.com\/magazine365\/wp-json\/wp\/v2\/posts\/61294","targetHints":{"allow":["GET"]}}],"collection":[{"href":"https:\/\/eldigitaldeasturias.com\/magazine365\/wp-json\/wp\/v2\/posts"}],"about":[{"href":"https:\/\/eldigitaldeasturias.com\/magazine365\/wp-json\/wp\/v2\/types\/post"}],"author":[{"embeddable":true,"href":"https:\/\/eldigitaldeasturias.com\/magazine365\/wp-json\/wp\/v2\/users\/1"}],"replies":[{"embeddable":true,"href":"https:\/\/eldigitaldeasturias.com\/magazine365\/wp-json\/wp\/v2\/comments?post=61294"}],"version-history":[{"count":0,"href":"https:\/\/eldigitaldeasturias.com\/magazine365\/wp-json\/wp\/v2\/posts\/61294\/revisions"}],"wp:featuredmedia":[{"embeddable":true,"href":"https:\/\/eldigitaldeasturias.com\/magazine365\/wp-json\/wp\/v2\/media\/61295"}],"wp:attachment":[{"href":"https:\/\/eldigitaldeasturias.com\/magazine365\/wp-json\/wp\/v2\/media?parent=61294"}],"wp:term":[{"taxonomy":"category","embeddable":true,"href":"https:\/\/eldigitaldeasturias.com\/magazine365\/wp-json\/wp\/v2\/categories?post=61294"},{"taxonomy":"post_tag","embeddable":true,"href":"https:\/\/eldigitaldeasturias.com\/magazine365\/wp-json\/wp\/v2\/tags?post=61294"}],"curies":[{"name":"wp","href":"https:\/\/api.w.org\/{rel}","templated":true}]}}