{"id":61291,"date":"2016-01-22T15:20:24","date_gmt":"2016-01-22T14:20:24","guid":{"rendered":"http:\/\/eldigitaldeasturias.com\/magazine365\/?p=61291"},"modified":"2016-01-22T15:20:24","modified_gmt":"2016-01-22T14:20:24","slug":"predif-promueve-el-turismo-accesible-con-jornadas-y-nuevos-proyectos","status":"publish","type":"post","link":"https:\/\/eldigitaldeasturias.com\/magazine365\/predif-promueve-el-turismo-accesible-con-jornadas-y-nuevos-proyectos\/","title":{"rendered":"Predif promueve el turismo accesible con jornadas y nuevos proyectos"},"content":{"rendered":"<p><img fetchpriority=\"high\" decoding=\"async\" class=\"alignleft size-medium wp-image-61292\" src=\"https:\/\/eldigitaldeasturias.com\/magazine365\/wp-content\/uploads\/2016\/01\/fotonoticia_20160120113732_800-360x256.jpg\" alt=\"fotonoticia_20160120113732_800\" width=\"360\" height=\"256\" srcset=\"https:\/\/eldigitaldeasturias.com\/magazine365\/wp-content\/uploads\/2016\/01\/fotonoticia_20160120113732_800-360x256.jpg 360w, https:\/\/eldigitaldeasturias.com\/magazine365\/wp-content\/uploads\/2016\/01\/fotonoticia_20160120113732_800-650x462.jpg 650w, https:\/\/eldigitaldeasturias.com\/magazine365\/wp-content\/uploads\/2016\/01\/fotonoticia_20160120113732_800-768x545.jpg 768w, https:\/\/eldigitaldeasturias.com\/magazine365\/wp-content\/uploads\/2016\/01\/fotonoticia_20160120113732_800-150x107.jpg 150w, https:\/\/eldigitaldeasturias.com\/magazine365\/wp-content\/uploads\/2016\/01\/fotonoticia_20160120113732_800-450x320.jpg 450w, https:\/\/eldigitaldeasturias.com\/magazine365\/wp-content\/uploads\/2016\/01\/fotonoticia_20160120113732_800-100x70.jpg 100w, https:\/\/eldigitaldeasturias.com\/magazine365\/wp-content\/uploads\/2016\/01\/fotonoticia_20160120113732_800-696x494.jpg 696w, https:\/\/eldigitaldeasturias.com\/magazine365\/wp-content\/uploads\/2016\/01\/fotonoticia_20160120113732_800-592x420.jpg 592w, https:\/\/eldigitaldeasturias.com\/magazine365\/wp-content\/uploads\/2016\/01\/fotonoticia_20160120113732_800.jpg 800w\" sizes=\"(max-width: 360px) 100vw, 360px\" \/>La Plataforma Representativa Estatal de Personas con Discapacidad F\u00edsica (PREDIF) promover\u00e1 el turismo accesible en la Feria Internacional de Turismo, Fitur 2016, que abre sus puertas este mi\u00e9rcoles 20 de enero en Madrid, con la celebraci\u00f3n de jornadas y presentaci\u00f3n de proyectos, seg\u00fan ha informado la entidad.<\/p>\n<p>Concretamente, la plataforma ha organizado una serie de actos en los que se presentar\u00e1 el trabajo de PREDIF con las diferentes administraciones p\u00fablicas y privadas. As\u00ed, expondr\u00e1 su trabajo en C\u00e1diz, Sierra de Guadarrama y Albacete, firmar\u00e1 convenios de colaboraci\u00f3n con el Ayuntamiento de Sevilla y la asociaci\u00f3n espa\u00f1ola de ciudades del vino de Espa\u00f1a (ACEVIN), con la que ya ha colaborado en la elaboraci\u00f3n de la gu\u00eda &#8216;Rutas enol\u00f3gicas accesibles para todas las personas&#8217;.<\/p>\n<p>Otra de las presentaciones de PREDIF en la feria ser\u00e1 la app y web &#8216;Ciudades Patrimonio Accesibles&#8217;, que recogen la informaci\u00f3n sobre el nivel de accesibilidad de rutas urbanas y puntos de inter\u00e9s tur\u00edstico de las 15 ciudades que forman parte del Grupo Ciudades Patrimonio de la Humanidad de Espa\u00f1a, entidad con la que ha colaborado.<\/p>\n<p>Asimismo, PREDIF ha colaborado tambi\u00e9n en el v\u00eddeo realizado por Madrid Destino, en el que se muestra un Madrid accesible y con sus puertas abiertas a todas las personas. En el acto participar\u00e1 la concejala de Cultura y Deportes del Ayuntamiento de Madrid Celia Meyer.<\/p>\n<p>Por otro lado, la plataforma ha organizado para este jueves 21 de enero la jornada &#8216;Camino de Santiago para todos&#8217;, que contar\u00e1 con una mesa de experiencias en la que participar\u00e1 el gerente del Plan Xacobeo, Rafael S\u00e1nchez, y el director general de ASPAYM Castilla y Le\u00f3n, Julio Herrero, que hablar\u00e1 sobre la experiencia de los usuarios de la asociaci\u00f3n que hicieron una parte del Camino el a\u00f1o pasado.<\/p>\n<p>La jornada tambi\u00e9n contar\u00e1 con la presencia de \u00d3scar Jim\u00e9nez, que contar\u00e1 su reto #700kmensilladeruedas y se mostrar\u00e1 parte del documental que se est\u00e1 creando con su aventura.<\/p>\n<p>Adem\u00e1s, este s\u00e1bado 23 de enero a las 11:30 horas, PREDIF presentar\u00e1 la gu\u00eda &#8216;Camino de Santiago accesible para todas las personas&#8217; en el stand de Castilla y Le\u00f3n.<\/p>\n","protected":false},"excerpt":{"rendered":"<p>La Plataforma Representativa Estatal de Personas con Discapacidad F\u00edsica (PREDIF) promover\u00e1 el turismo accesible en la Feria Internacional de Turismo, Fitur 2016, que abre sus puertas este mi\u00e9rcoles 20 de enero en Madrid, con la celebraci\u00f3n de jornadas y presentaci\u00f3n de proyectos, seg\u00fan ha informado la entidad. Concretamente, la plataforma ha organizado una serie de<\/p>\n","protected":false},"author":1,"featured_media":61292,"comment_status":"open","ping_status":"closed","sticky":false,"template":"","format":"standard","meta":{"footnotes":""},"categories":[224],"tags":[],"class_list":{"0":"post-61291","1":"post","2":"type-post","3":"status-publish","4":"format-standard","5":"has-post-thumbnail","7":"category-noticias-actualidad"},"aioseo_notices":[],"aioseo_head":"\n\t\t<!-- All in One SEO Pro 4.9.6.1 - aioseo.com -->\n\t<meta name=\"description\" content=\"La Plataforma Representativa Estatal de Personas con Discapacidad F\u00edsica (PREDIF) promover\u00e1 el turismo accesible en la Feria Internacional de Turismo, Fitur 2016, que abre sus puertas este mi\u00e9rcoles 20 de enero en Madrid, con la celebraci\u00f3n de jornadas y presentaci\u00f3n de proyectos, seg\u00fan ha informado la entidad. Concretamente, la plataforma ha organizado una serie de\" \/>\n\t<meta name=\"robots\" content=\"max-image-preview:large\" \/>\n\t<meta name=\"author\" content=\"admin\"\/>\n\t<meta name=\"google-site-verification\" content=\"UA-38556648-1\" \/>\n\t<meta name=\"keywords\" content=\"noticias y actualidad\" \/>\n\t<link rel=\"canonical\" href=\"https:\/\/eldigitaldeasturias.com\/magazine365\/predif-promueve-el-turismo-accesible-con-jornadas-y-nuevos-proyectos\/\" \/>\n\t<meta name=\"generator\" content=\"All in One SEO Pro (AIOSEO) 4.9.6.1\" \/>\n\t\t<meta property=\"og:locale\" content=\"es_ES\" \/>\n\t\t<meta property=\"og:site_name\" content=\"El Digital de Asturias \u2013 Revista de ocio, turismo y estilo de vida\" \/>\n\t\t<meta property=\"og:type\" content=\"article\" \/>\n\t\t<meta property=\"og:title\" content=\"Predif promueve el turismo accesible con jornadas y nuevos proyectos | El Digital de Asturias\" \/>\n\t\t<meta property=\"og:description\" content=\"La Plataforma Representativa Estatal de Personas con Discapacidad F\u00edsica (PREDIF) promover\u00e1 el turismo accesible en la Feria Internacional de Turismo, Fitur 2016, que abre sus puertas este mi\u00e9rcoles 20 de enero en Madrid, con la celebraci\u00f3n de jornadas y presentaci\u00f3n de proyectos, seg\u00fan ha informado la entidad. Concretamente, la plataforma ha organizado una serie de\" \/>\n\t\t<meta property=\"og:url\" content=\"https:\/\/eldigitaldeasturias.com\/magazine365\/predif-promueve-el-turismo-accesible-con-jornadas-y-nuevos-proyectos\/\" \/>\n\t\t<meta property=\"og:image\" content=\"https:\/\/eldigitaldeasturias.com\/magazine365\/wp-content\/uploads\/2016\/01\/fotonoticia_20160120113732_800.jpg\" \/>\n\t\t<meta property=\"og:image:secure_url\" content=\"https:\/\/eldigitaldeasturias.com\/magazine365\/wp-content\/uploads\/2016\/01\/fotonoticia_20160120113732_800.jpg\" \/>\n\t\t<meta property=\"og:image:width\" content=\"800\" \/>\n\t\t<meta property=\"og:image:height\" content=\"568\" \/>\n\t\t<meta property=\"article:published_time\" content=\"2016-01-22T14:20:24+00:00\" \/>\n\t\t<meta property=\"article:modified_time\" content=\"2016-01-22T14:20:24+00:00\" \/>\n\t\t<meta name=\"twitter:card\" content=\"summary_large_image\" \/>\n\t\t<meta name=\"twitter:title\" content=\"Predif promueve el turismo accesible con jornadas y nuevos proyectos | El Digital de Asturias\" \/>\n\t\t<meta name=\"twitter:description\" content=\"La Plataforma Representativa Estatal de Personas con Discapacidad F\u00edsica (PREDIF) promover\u00e1 el turismo accesible en la Feria Internacional de Turismo, Fitur 2016, que abre sus puertas este mi\u00e9rcoles 20 de enero en Madrid, con la celebraci\u00f3n de jornadas y presentaci\u00f3n de proyectos, seg\u00fan ha informado la entidad. Concretamente, la plataforma ha organizado una serie de\" \/>\n\t\t<meta name=\"twitter:image\" content=\"https:\/\/eldigitaldeasturias.com\/magazine365\/wp-content\/uploads\/2016\/01\/fotonoticia_20160120113732_800.jpg\" \/>\n\t\t<script type=\"application\/ld+json\" class=\"aioseo-schema\">\n\t\t\t{\"@context\":\"https:\\\/\\\/schema.org\",\"@graph\":[{\"@type\":\"Article\",\"@id\":\"https:\\\/\\\/eldigitaldeasturias.com\\\/magazine365\\\/predif-promueve-el-turismo-accesible-con-jornadas-y-nuevos-proyectos\\\/#article\",\"name\":\"Predif promueve el turismo accesible con jornadas y nuevos proyectos | El Digital de Asturias\",\"headline\":\"Predif promueve el turismo accesible con jornadas y nuevos proyectos\",\"author\":{\"@id\":\"https:\\\/\\\/eldigitaldeasturias.com\\\/magazine365\\\/author\\\/admin\\\/#author\"},\"publisher\":{\"@id\":\"https:\\\/\\\/eldigitaldeasturias.com\\\/magazine365\\\/#organization\"},\"image\":{\"@type\":\"ImageObject\",\"url\":\"https:\\\/\\\/eldigitaldeasturias.com\\\/magazine365\\\/wp-content\\\/uploads\\\/2016\\\/01\\\/fotonoticia_20160120113732_800.jpg\",\"width\":800,\"height\":568},\"datePublished\":\"2016-01-22T15:20:24+01:00\",\"dateModified\":\"2016-01-22T15:20:24+01:00\",\"inLanguage\":\"es-ES\",\"mainEntityOfPage\":{\"@id\":\"https:\\\/\\\/eldigitaldeasturias.com\\\/magazine365\\\/predif-promueve-el-turismo-accesible-con-jornadas-y-nuevos-proyectos\\\/#webpage\"},\"isPartOf\":{\"@id\":\"https:\\\/\\\/eldigitaldeasturias.com\\\/magazine365\\\/predif-promueve-el-turismo-accesible-con-jornadas-y-nuevos-proyectos\\\/#webpage\"},\"articleSection\":\"Noticias y Actualidad\"},{\"@type\":\"BreadcrumbList\",\"@id\":\"https:\\\/\\\/eldigitaldeasturias.com\\\/magazine365\\\/predif-promueve-el-turismo-accesible-con-jornadas-y-nuevos-proyectos\\\/#breadcrumblist\",\"itemListElement\":[{\"@type\":\"ListItem\",\"@id\":\"https:\\\/\\\/eldigitaldeasturias.com\\\/magazine365#listItem\",\"position\":1,\"name\":\"Home\",\"item\":\"https:\\\/\\\/eldigitaldeasturias.com\\\/magazine365\",\"nextItem\":{\"@type\":\"ListItem\",\"@id\":\"https:\\\/\\\/eldigitaldeasturias.com\\\/magazine365\\\/category\\\/noticias-actualidad\\\/#listItem\",\"name\":\"Noticias y Actualidad\"}},{\"@type\":\"ListItem\",\"@id\":\"https:\\\/\\\/eldigitaldeasturias.com\\\/magazine365\\\/category\\\/noticias-actualidad\\\/#listItem\",\"position\":2,\"name\":\"Noticias y Actualidad\",\"item\":\"https:\\\/\\\/eldigitaldeasturias.com\\\/magazine365\\\/category\\\/noticias-actualidad\\\/\",\"nextItem\":{\"@type\":\"ListItem\",\"@id\":\"https:\\\/\\\/eldigitaldeasturias.com\\\/magazine365\\\/predif-promueve-el-turismo-accesible-con-jornadas-y-nuevos-proyectos\\\/#listItem\",\"name\":\"Predif promueve el turismo accesible con jornadas y nuevos proyectos\"},\"previousItem\":{\"@type\":\"ListItem\",\"@id\":\"https:\\\/\\\/eldigitaldeasturias.com\\\/magazine365#listItem\",\"name\":\"Home\"}},{\"@type\":\"ListItem\",\"@id\":\"https:\\\/\\\/eldigitaldeasturias.com\\\/magazine365\\\/predif-promueve-el-turismo-accesible-con-jornadas-y-nuevos-proyectos\\\/#listItem\",\"position\":3,\"name\":\"Predif promueve el turismo accesible con jornadas y nuevos proyectos\",\"previousItem\":{\"@type\":\"ListItem\",\"@id\":\"https:\\\/\\\/eldigitaldeasturias.com\\\/magazine365\\\/category\\\/noticias-actualidad\\\/#listItem\",\"name\":\"Noticias y Actualidad\"}}]},{\"@type\":\"Organization\",\"@id\":\"https:\\\/\\\/eldigitaldeasturias.com\\\/magazine365\\\/#organization\",\"name\":\"El digital de Asturias\",\"description\":\"Revista de ocio, turismo y estilo de vida\",\"url\":\"https:\\\/\\\/eldigitaldeasturias.com\\\/magazine365\\\/\",\"logo\":{\"@type\":\"ImageObject\",\"url\":\"https:\\\/\\\/www.eldigitaldeasturias.com\\\/noticias\\\/wp-content\\\/uploads\\\/2020\\\/12\\\/EDA.jpg\",\"@id\":\"https:\\\/\\\/eldigitaldeasturias.com\\\/magazine365\\\/predif-promueve-el-turismo-accesible-con-jornadas-y-nuevos-proyectos\\\/#organizationLogo\"},\"image\":{\"@id\":\"https:\\\/\\\/eldigitaldeasturias.com\\\/magazine365\\\/predif-promueve-el-turismo-accesible-con-jornadas-y-nuevos-proyectos\\\/#organizationLogo\"}},{\"@type\":\"Person\",\"@id\":\"https:\\\/\\\/eldigitaldeasturias.com\\\/magazine365\\\/author\\\/admin\\\/#author\",\"url\":\"https:\\\/\\\/eldigitaldeasturias.com\\\/magazine365\\\/author\\\/admin\\\/\",\"name\":\"admin\",\"image\":{\"@type\":\"ImageObject\",\"@id\":\"https:\\\/\\\/eldigitaldeasturias.com\\\/magazine365\\\/predif-promueve-el-turismo-accesible-con-jornadas-y-nuevos-proyectos\\\/#authorImage\",\"url\":\"https:\\\/\\\/eldigitaldeasturias.com\\\/magazine365\\\/wp-content\\\/litespeed\\\/avatar\\\/e571bcf59a0edd6fa6838245a470f2fe.jpg?ver=1776969259\",\"width\":96,\"height\":96,\"caption\":\"admin\"}},{\"@type\":\"WebPage\",\"@id\":\"https:\\\/\\\/eldigitaldeasturias.com\\\/magazine365\\\/predif-promueve-el-turismo-accesible-con-jornadas-y-nuevos-proyectos\\\/#webpage\",\"url\":\"https:\\\/\\\/eldigitaldeasturias.com\\\/magazine365\\\/predif-promueve-el-turismo-accesible-con-jornadas-y-nuevos-proyectos\\\/\",\"name\":\"Predif promueve el turismo accesible con jornadas y nuevos proyectos | El Digital de Asturias\",\"description\":\"La Plataforma Representativa Estatal de Personas con Discapacidad F\\u00edsica (PREDIF) promover\\u00e1 el turismo accesible en la Feria Internacional de Turismo, Fitur 2016, que abre sus puertas este mi\\u00e9rcoles 20 de enero en Madrid, con la celebraci\\u00f3n de jornadas y presentaci\\u00f3n de proyectos, seg\\u00fan ha informado la entidad. Concretamente, la plataforma ha organizado una serie de\",\"inLanguage\":\"es-ES\",\"isPartOf\":{\"@id\":\"https:\\\/\\\/eldigitaldeasturias.com\\\/magazine365\\\/#website\"},\"breadcrumb\":{\"@id\":\"https:\\\/\\\/eldigitaldeasturias.com\\\/magazine365\\\/predif-promueve-el-turismo-accesible-con-jornadas-y-nuevos-proyectos\\\/#breadcrumblist\"},\"author\":{\"@id\":\"https:\\\/\\\/eldigitaldeasturias.com\\\/magazine365\\\/author\\\/admin\\\/#author\"},\"creator\":{\"@id\":\"https:\\\/\\\/eldigitaldeasturias.com\\\/magazine365\\\/author\\\/admin\\\/#author\"},\"image\":{\"@type\":\"ImageObject\",\"url\":\"https:\\\/\\\/eldigitaldeasturias.com\\\/magazine365\\\/wp-content\\\/uploads\\\/2016\\\/01\\\/fotonoticia_20160120113732_800.jpg\",\"@id\":\"https:\\\/\\\/eldigitaldeasturias.com\\\/magazine365\\\/predif-promueve-el-turismo-accesible-con-jornadas-y-nuevos-proyectos\\\/#mainImage\",\"width\":800,\"height\":568},\"primaryImageOfPage\":{\"@id\":\"https:\\\/\\\/eldigitaldeasturias.com\\\/magazine365\\\/predif-promueve-el-turismo-accesible-con-jornadas-y-nuevos-proyectos\\\/#mainImage\"},\"datePublished\":\"2016-01-22T15:20:24+01:00\",\"dateModified\":\"2016-01-22T15:20:24+01:00\"},{\"@type\":\"WebSite\",\"@id\":\"https:\\\/\\\/eldigitaldeasturias.com\\\/magazine365\\\/#website\",\"url\":\"https:\\\/\\\/eldigitaldeasturias.com\\\/magazine365\\\/\",\"name\":\"El Digital de Asturias\",\"description\":\"Revista de ocio, turismo y estilo de vida\",\"inLanguage\":\"es-ES\",\"publisher\":{\"@id\":\"https:\\\/\\\/eldigitaldeasturias.com\\\/magazine365\\\/#organization\"}}]}\n\t\t<\/script>\n\t\t<!-- All in One SEO Pro -->\r\n\t\t<title>Predif promueve el turismo accesible con jornadas y nuevos proyectos | El Digital de Asturias<\/title>\n\n","aioseo_head_json":{"title":"Predif promueve el turismo accesible con jornadas y nuevos proyectos | El Digital de Asturias","description":"La Plataforma Representativa Estatal de Personas con Discapacidad F\u00edsica (PREDIF) promover\u00e1 el turismo accesible en la Feria Internacional de Turismo, Fitur 2016, que abre sus puertas este mi\u00e9rcoles 20 de enero en Madrid, con la celebraci\u00f3n de jornadas y presentaci\u00f3n de proyectos, seg\u00fan ha informado la entidad. Concretamente, la plataforma ha organizado una serie de","canonical_url":"https:\/\/eldigitaldeasturias.com\/magazine365\/predif-promueve-el-turismo-accesible-con-jornadas-y-nuevos-proyectos\/","robots":"max-image-preview:large","keywords":"noticias y actualidad","webmasterTools":{"google-site-verification":"UA-38556648-1","miscellaneous":""},"schema":{"@context":"https:\/\/schema.org","@graph":[{"@type":"Article","@id":"https:\/\/eldigitaldeasturias.com\/magazine365\/predif-promueve-el-turismo-accesible-con-jornadas-y-nuevos-proyectos\/#article","name":"Predif promueve el turismo accesible con jornadas y nuevos proyectos | El Digital de Asturias","headline":"Predif promueve el turismo accesible con jornadas y nuevos proyectos","author":{"@id":"https:\/\/eldigitaldeasturias.com\/magazine365\/author\/admin\/#author"},"publisher":{"@id":"https:\/\/eldigitaldeasturias.com\/magazine365\/#organization"},"image":{"@type":"ImageObject","url":"https:\/\/eldigitaldeasturias.com\/magazine365\/wp-content\/uploads\/2016\/01\/fotonoticia_20160120113732_800.jpg","width":800,"height":568},"datePublished":"2016-01-22T15:20:24+01:00","dateModified":"2016-01-22T15:20:24+01:00","inLanguage":"es-ES","mainEntityOfPage":{"@id":"https:\/\/eldigitaldeasturias.com\/magazine365\/predif-promueve-el-turismo-accesible-con-jornadas-y-nuevos-proyectos\/#webpage"},"isPartOf":{"@id":"https:\/\/eldigitaldeasturias.com\/magazine365\/predif-promueve-el-turismo-accesible-con-jornadas-y-nuevos-proyectos\/#webpage"},"articleSection":"Noticias y Actualidad"},{"@type":"BreadcrumbList","@id":"https:\/\/eldigitaldeasturias.com\/magazine365\/predif-promueve-el-turismo-accesible-con-jornadas-y-nuevos-proyectos\/#breadcrumblist","itemListElement":[{"@type":"ListItem","@id":"https:\/\/eldigitaldeasturias.com\/magazine365#listItem","position":1,"name":"Home","item":"https:\/\/eldigitaldeasturias.com\/magazine365","nextItem":{"@type":"ListItem","@id":"https:\/\/eldigitaldeasturias.com\/magazine365\/category\/noticias-actualidad\/#listItem","name":"Noticias y Actualidad"}},{"@type":"ListItem","@id":"https:\/\/eldigitaldeasturias.com\/magazine365\/category\/noticias-actualidad\/#listItem","position":2,"name":"Noticias y Actualidad","item":"https:\/\/eldigitaldeasturias.com\/magazine365\/category\/noticias-actualidad\/","nextItem":{"@type":"ListItem","@id":"https:\/\/eldigitaldeasturias.com\/magazine365\/predif-promueve-el-turismo-accesible-con-jornadas-y-nuevos-proyectos\/#listItem","name":"Predif promueve el turismo accesible con jornadas y nuevos proyectos"},"previousItem":{"@type":"ListItem","@id":"https:\/\/eldigitaldeasturias.com\/magazine365#listItem","name":"Home"}},{"@type":"ListItem","@id":"https:\/\/eldigitaldeasturias.com\/magazine365\/predif-promueve-el-turismo-accesible-con-jornadas-y-nuevos-proyectos\/#listItem","position":3,"name":"Predif promueve el turismo accesible con jornadas y nuevos proyectos","previousItem":{"@type":"ListItem","@id":"https:\/\/eldigitaldeasturias.com\/magazine365\/category\/noticias-actualidad\/#listItem","name":"Noticias y Actualidad"}}]},{"@type":"Organization","@id":"https:\/\/eldigitaldeasturias.com\/magazine365\/#organization","name":"El digital de Asturias","description":"Revista de ocio, turismo y estilo de vida","url":"https:\/\/eldigitaldeasturias.com\/magazine365\/","logo":{"@type":"ImageObject","url":"https:\/\/www.eldigitaldeasturias.com\/noticias\/wp-content\/uploads\/2020\/12\/EDA.jpg","@id":"https:\/\/eldigitaldeasturias.com\/magazine365\/predif-promueve-el-turismo-accesible-con-jornadas-y-nuevos-proyectos\/#organizationLogo"},"image":{"@id":"https:\/\/eldigitaldeasturias.com\/magazine365\/predif-promueve-el-turismo-accesible-con-jornadas-y-nuevos-proyectos\/#organizationLogo"}},{"@type":"Person","@id":"https:\/\/eldigitaldeasturias.com\/magazine365\/author\/admin\/#author","url":"https:\/\/eldigitaldeasturias.com\/magazine365\/author\/admin\/","name":"admin","image":{"@type":"ImageObject","@id":"https:\/\/eldigitaldeasturias.com\/magazine365\/predif-promueve-el-turismo-accesible-con-jornadas-y-nuevos-proyectos\/#authorImage","url":"https:\/\/eldigitaldeasturias.com\/magazine365\/wp-content\/litespeed\/avatar\/e571bcf59a0edd6fa6838245a470f2fe.jpg?ver=1776969259","width":96,"height":96,"caption":"admin"}},{"@type":"WebPage","@id":"https:\/\/eldigitaldeasturias.com\/magazine365\/predif-promueve-el-turismo-accesible-con-jornadas-y-nuevos-proyectos\/#webpage","url":"https:\/\/eldigitaldeasturias.com\/magazine365\/predif-promueve-el-turismo-accesible-con-jornadas-y-nuevos-proyectos\/","name":"Predif promueve el turismo accesible con jornadas y nuevos proyectos | El Digital de Asturias","description":"La Plataforma Representativa Estatal de Personas con Discapacidad F\u00edsica (PREDIF) promover\u00e1 el turismo accesible en la Feria Internacional de Turismo, Fitur 2016, que abre sus puertas este mi\u00e9rcoles 20 de enero en Madrid, con la celebraci\u00f3n de jornadas y presentaci\u00f3n de proyectos, seg\u00fan ha informado la entidad. Concretamente, la plataforma ha organizado una serie de","inLanguage":"es-ES","isPartOf":{"@id":"https:\/\/eldigitaldeasturias.com\/magazine365\/#website"},"breadcrumb":{"@id":"https:\/\/eldigitaldeasturias.com\/magazine365\/predif-promueve-el-turismo-accesible-con-jornadas-y-nuevos-proyectos\/#breadcrumblist"},"author":{"@id":"https:\/\/eldigitaldeasturias.com\/magazine365\/author\/admin\/#author"},"creator":{"@id":"https:\/\/eldigitaldeasturias.com\/magazine365\/author\/admin\/#author"},"image":{"@type":"ImageObject","url":"https:\/\/eldigitaldeasturias.com\/magazine365\/wp-content\/uploads\/2016\/01\/fotonoticia_20160120113732_800.jpg","@id":"https:\/\/eldigitaldeasturias.com\/magazine365\/predif-promueve-el-turismo-accesible-con-jornadas-y-nuevos-proyectos\/#mainImage","width":800,"height":568},"primaryImageOfPage":{"@id":"https:\/\/eldigitaldeasturias.com\/magazine365\/predif-promueve-el-turismo-accesible-con-jornadas-y-nuevos-proyectos\/#mainImage"},"datePublished":"2016-01-22T15:20:24+01:00","dateModified":"2016-01-22T15:20:24+01:00"},{"@type":"WebSite","@id":"https:\/\/eldigitaldeasturias.com\/magazine365\/#website","url":"https:\/\/eldigitaldeasturias.com\/magazine365\/","name":"El Digital de Asturias","description":"Revista de ocio, turismo y estilo de vida","inLanguage":"es-ES","publisher":{"@id":"https:\/\/eldigitaldeasturias.com\/magazine365\/#organization"}}]},"og:locale":"es_ES","og:site_name":"El Digital de Asturias \u2013 Revista de ocio, turismo y estilo de vida","og:type":"article","og:title":"Predif promueve el turismo accesible con jornadas y nuevos proyectos | El Digital de Asturias","og:description":"La Plataforma Representativa Estatal de Personas con Discapacidad F\u00edsica (PREDIF) promover\u00e1 el turismo accesible en la Feria Internacional de Turismo, Fitur 2016, que abre sus puertas este mi\u00e9rcoles 20 de enero en Madrid, con la celebraci\u00f3n de jornadas y presentaci\u00f3n de proyectos, seg\u00fan ha informado la entidad. Concretamente, la plataforma ha organizado una serie de","og:url":"https:\/\/eldigitaldeasturias.com\/magazine365\/predif-promueve-el-turismo-accesible-con-jornadas-y-nuevos-proyectos\/","og:image":"https:\/\/eldigitaldeasturias.com\/magazine365\/wp-content\/uploads\/2016\/01\/fotonoticia_20160120113732_800.jpg","og:image:secure_url":"https:\/\/eldigitaldeasturias.com\/magazine365\/wp-content\/uploads\/2016\/01\/fotonoticia_20160120113732_800.jpg","og:image:width":800,"og:image:height":568,"article:published_time":"2016-01-22T14:20:24+00:00","article:modified_time":"2016-01-22T14:20:24+00:00","twitter:card":"summary_large_image","twitter:title":"Predif promueve el turismo accesible con jornadas y nuevos proyectos | El Digital de Asturias","twitter:description":"La Plataforma Representativa Estatal de Personas con Discapacidad F\u00edsica (PREDIF) promover\u00e1 el turismo accesible en la Feria Internacional de Turismo, Fitur 2016, que abre sus puertas este mi\u00e9rcoles 20 de enero en Madrid, con la celebraci\u00f3n de jornadas y presentaci\u00f3n de proyectos, seg\u00fan ha informado la entidad. Concretamente, la plataforma ha organizado una serie de","twitter:image":"https:\/\/eldigitaldeasturias.com\/magazine365\/wp-content\/uploads\/2016\/01\/fotonoticia_20160120113732_800.jpg"},"aioseo_meta_data":{"post_id":"61291","title":null,"description":null,"keywords":null,"keyphrases":null,"primary_term":null,"canonical_url":null,"og_title":null,"og_description":null,"og_object_type":"default","og_image_type":"default","og_image_url":null,"og_image_width":null,"og_image_height":null,"og_image_custom_url":null,"og_image_custom_fields":null,"og_video":null,"og_custom_url":null,"og_article_section":null,"og_article_tags":null,"twitter_use_og":false,"twitter_card":"default","twitter_image_type":"default","twitter_image_url":null,"twitter_image_custom_url":null,"twitter_image_custom_fields":null,"twitter_title":null,"twitter_description":null,"schema":{"blockGraphs":[],"customGraphs":[],"default":{"data":{"Article":[],"Course":[],"Dataset":[],"FAQPage":[],"Movie":[],"Person":[],"Product":[],"ProductReview":[],"Car":[],"Recipe":[],"Service":[],"SoftwareApplication":[],"WebPage":[]},"graphName":"","isEnabled":true},"graphs":[],"defaultGraph":"","defaultPostTypeGraph":""},"schema_type":null,"schema_type_options":null,"pillar_content":false,"robots_default":true,"robots_noindex":false,"robots_noarchive":false,"robots_nosnippet":false,"robots_nofollow":false,"robots_noimageindex":false,"robots_noodp":false,"robots_notranslate":false,"robots_max_snippet":null,"robots_max_videopreview":null,"robots_max_imagepreview":"large","priority":null,"frequency":null,"location":null,"local_seo":null,"seo_analyzer_scan_date":"2025-09-25 08:38:56","breadcrumb_settings":null,"limit_modified_date":false,"open_ai":null,"ai":null,"created":"2021-03-08 21:51:42","updated":"2025-09-25 08:38:56"},"aioseo_breadcrumb":"<div class=\"aioseo-breadcrumbs\"><span class=\"aioseo-breadcrumb\">\n\t<a href=\"https:\/\/eldigitaldeasturias.com\/magazine365\" title=\"Home\">Home<\/a>\n<\/span><span class=\"aioseo-breadcrumb-separator\">\u2013<\/span><span class=\"aioseo-breadcrumb\">\n\t<a href=\"https:\/\/eldigitaldeasturias.com\/magazine365\/category\/noticias-actualidad\/\" title=\"Noticias y Actualidad\">Noticias y Actualidad<\/a>\n<\/span><span class=\"aioseo-breadcrumb-separator\">\u2013<\/span><span class=\"aioseo-breadcrumb\">\n\t<a href=\"https:\/\/eldigitaldeasturias.com\/magazine365\/predif-promueve-el-turismo-accesible-con-jornadas-y-nuevos-proyectos\/\" title=\"Predif promueve el turismo accesible con jornadas y nuevos proyectos\">Predif promueve el turismo accesible con jornadas y nuevos proyectos<\/a>\n<\/span><\/div>","aioseo_breadcrumb_json":[{"label":"Home","link":"https:\/\/eldigitaldeasturias.com\/magazine365"},{"label":"Noticias y Actualidad","link":"https:\/\/eldigitaldeasturias.com\/magazine365\/category\/noticias-actualidad\/"},{"label":"Predif promueve el turismo accesible con jornadas y nuevos proyectos","link":"https:\/\/eldigitaldeasturias.com\/magazine365\/predif-promueve-el-turismo-accesible-con-jornadas-y-nuevos-proyectos\/"}],"_links":{"self":[{"href":"https:\/\/eldigitaldeasturias.com\/magazine365\/wp-json\/wp\/v2\/posts\/61291","targetHints":{"allow":["GET"]}}],"collection":[{"href":"https:\/\/eldigitaldeasturias.com\/magazine365\/wp-json\/wp\/v2\/posts"}],"about":[{"href":"https:\/\/eldigitaldeasturias.com\/magazine365\/wp-json\/wp\/v2\/types\/post"}],"author":[{"embeddable":true,"href":"https:\/\/eldigitaldeasturias.com\/magazine365\/wp-json\/wp\/v2\/users\/1"}],"replies":[{"embeddable":true,"href":"https:\/\/eldigitaldeasturias.com\/magazine365\/wp-json\/wp\/v2\/comments?post=61291"}],"version-history":[{"count":0,"href":"https:\/\/eldigitaldeasturias.com\/magazine365\/wp-json\/wp\/v2\/posts\/61291\/revisions"}],"wp:featuredmedia":[{"embeddable":true,"href":"https:\/\/eldigitaldeasturias.com\/magazine365\/wp-json\/wp\/v2\/media\/61292"}],"wp:attachment":[{"href":"https:\/\/eldigitaldeasturias.com\/magazine365\/wp-json\/wp\/v2\/media?parent=61291"}],"wp:term":[{"taxonomy":"category","embeddable":true,"href":"https:\/\/eldigitaldeasturias.com\/magazine365\/wp-json\/wp\/v2\/categories?post=61291"},{"taxonomy":"post_tag","embeddable":true,"href":"https:\/\/eldigitaldeasturias.com\/magazine365\/wp-json\/wp\/v2\/tags?post=61291"}],"curies":[{"name":"wp","href":"https:\/\/api.w.org\/{rel}","templated":true}]}}