{"id":61257,"date":"2016-01-21T12:59:04","date_gmt":"2016-01-21T11:59:04","guid":{"rendered":"http:\/\/eldigitaldeasturias.com\/magazine365\/?p=61257"},"modified":"2016-01-21T12:59:04","modified_gmt":"2016-01-21T11:59:04","slug":"que-ofrece-fitur-2016","status":"publish","type":"post","link":"https:\/\/eldigitaldeasturias.com\/magazine365\/que-ofrece-fitur-2016\/","title":{"rendered":"\u00bfQu\u00e9 ofrece Fitur 2016?"},"content":{"rendered":"<p><img fetchpriority=\"high\" decoding=\"async\" class=\"alignleft size-medium wp-image-61258\" src=\"https:\/\/eldigitaldeasturias.com\/magazine365\/wp-content\/uploads\/2016\/01\/fotonoticia_20160120081432_800-360x240.jpg\" alt=\"fotonoticia_20160120081432_800\" width=\"360\" height=\"240\" srcset=\"https:\/\/eldigitaldeasturias.com\/magazine365\/wp-content\/uploads\/2016\/01\/fotonoticia_20160120081432_800-360x240.jpg 360w, https:\/\/eldigitaldeasturias.com\/magazine365\/wp-content\/uploads\/2016\/01\/fotonoticia_20160120081432_800-650x433.jpg 650w, https:\/\/eldigitaldeasturias.com\/magazine365\/wp-content\/uploads\/2016\/01\/fotonoticia_20160120081432_800-768x512.jpg 768w, https:\/\/eldigitaldeasturias.com\/magazine365\/wp-content\/uploads\/2016\/01\/fotonoticia_20160120081432_800-150x100.jpg 150w, https:\/\/eldigitaldeasturias.com\/magazine365\/wp-content\/uploads\/2016\/01\/fotonoticia_20160120081432_800-450x300.jpg 450w, https:\/\/eldigitaldeasturias.com\/magazine365\/wp-content\/uploads\/2016\/01\/fotonoticia_20160120081432_800-696x464.jpg 696w, https:\/\/eldigitaldeasturias.com\/magazine365\/wp-content\/uploads\/2016\/01\/fotonoticia_20160120081432_800-630x420.jpg 630w, https:\/\/eldigitaldeasturias.com\/magazine365\/wp-content\/uploads\/2016\/01\/fotonoticia_20160120081432_800-101x66.jpg 101w, https:\/\/eldigitaldeasturias.com\/magazine365\/wp-content\/uploads\/2016\/01\/fotonoticia_20160120081432_800.jpg 800w\" sizes=\"(max-width: 360px) 100vw, 360px\" \/>La XXXVI edici\u00f3n de la Feria Internacional de Turismo, Fitur 2016, que abre hoy sus puertas est\u00e1 marcada por la recuperaci\u00f3n del mercado nacional, as\u00ed como una mayor apuesta por la gastronom\u00eda, la naturaleza y la cultura por parte de las comunidades aut\u00f3nomas que mostrar\u00e1n su oferta y principales atractivos a profesionales y al p\u00fablico en general durante el fin de semana.<\/p>\n<p>Andaluc\u00eda acude como socio principal de Fitur este a\u00f1o gracias a un acuerdo entre la organizaci\u00f3n de la feria y la comunidad andaluza, un destino tur\u00edstico de referencia y emblem\u00e1tico con el que se pone en marcha esta nueva iniciativa bajo la denominaci\u00f3n de &#8216;socio Fitur&#8217;.<\/p>\n<p>La comunidad andaluza contar\u00e1 con un importante escaparate para la promoci\u00f3n del destino potenciando su proyecci\u00f3n tanto nacional como internacional a trav\u00e9s de una presencia destacada en las zonas de mayor afluencia e itinerancia de los visitantes.<\/p>\n<p>Asimismo, mostrar\u00e1 su oferta gastron\u00f3mica, las opciones en el segmento deportivo y de ocio, y la cada vez mayor oferta de turismo de salud y belleza, adem\u00e1s de las prestaciones que ofrece al turismo de negocios y eventos, con el objetivo de convertirse \u00aben una oferta para todos durante todo el a\u00f1o\u00bb.<\/p>\n<p>CATALU\u00d1A, \u00abLA CASA DE TODOS\u00bb.<\/p>\n<p>La recuperaci\u00f3n del turismo en Madrid hace que la capital de Espa\u00f1a se presente este a\u00f1o con fuerza en la feria a trav\u00e9s de una oferta conjunta de Ayuntamiento y Comunidad que tendr\u00e1 como principal reclamo la oferta cultural con m\u00e1s de 80 museos y 2.000 monumentos hist\u00f3rico-art\u00edsticos.<\/p>\n<p>La capital de Espa\u00f1a quiere darle un impulso a las celebraciones del A\u00f1o Nuevo Chino, que tendr\u00e1 lugar en febrero, tambi\u00e9n se apostar\u00e1 por promover los miradores que ofrecen edificios emblem\u00e1ticos de la ciudad o la oferta de grandes eventos y gastron\u00f3mica.<\/p>\n<p>Catalu\u00f1a se ofrece como \u00abcasa de todos\u00bb en un stand de 900 metros cuadrados donde presentar\u00e1 toda su diversidad de experiencias tur\u00edsticas: escapadas para desconectar, itinerarios para descubrir, aventuras rurales, y oportunidades para reuniones diferentes.<\/p>\n<p>El stand se muestra como una t\u00edpica cocina con su despensa. Adem\u00e1s incluye otras propuestas como un simulador de conducci\u00f3n de F1, y una zona de animaci\u00f3n donde los visitantes pueden vivir experiencias tur\u00edsticas en 3D a trav\u00e9s de la realidad virtual.<\/p>\n<p>APUESTA POR LA RECUPERACI\u00d3N DEL MERCADO NACIONAL.<\/p>\n<p>Este a\u00f1o las comunidades han decidido apostar con fuerza por la recuperaci\u00f3n del turismo nacional. As\u00ed Canarias acudir\u00e1 a Fitur reforzada por el \u00abdespegue definitivo\u00bb del mercado nacional en las islas que se ha recuperado un 7% en el \u00faltimo a\u00f1o.<\/p>\n<p>La marca tur\u00edstica Islas Canarias tiene, entre sus objetivos para este a\u00f1o poner en valor su amplia y diversa oferta tur\u00edstica a trav\u00e9s del concepto &#8216;Sol y playa plus&#8217;, una nueva manera de acercar la identidad canaria, la gastronom\u00eda, la cultura y el patrimonio hist\u00f3rico a los potenciales visitantes.<\/p>\n<p>Por su parte Baleares acude a Fitur con el objetivo de descubrir sus atractivos ejes culturales, hist\u00f3ricos y gastron\u00f3micos. Para ello ha preparado un programa variado y din\u00e1mico en el que destaca un recorrido cultural por Palma a trav\u00e9s de la figura de Joan Mir\u00f3, la presentaci\u00f3n de la candidatura de Menorca Talay\u00f3tica como Patrimonio de la Humanidad y Formentera como destino cultural y natural.<\/p>\n<p>Este a\u00f1o desde la Comunidad Valenciana se quiere recuperar y dar protagonismo a las fiestas y tradiciones de las tres provincias, as\u00ed como destacar su variedad y atractivo para los turistas y su capacidad de generar visitas durante todo el a\u00f1o.<\/p>\n<p>La Ag\u00e8ncia Valenciana del Turisme har\u00e1 presentaciones ante los medios de las Hogueras de San Juan y otras fiestas de inter\u00e9s tur\u00edstico, as\u00ed como de las reconocidas como Patrimonio Inmaterial de la Humanidad por UNESCO, celebradas en la Comunidad.<\/p>\n<p>LA NATURALEZA Y EL PATRIMONIO.<\/p>\n<p>La apuesta por la naturaleza tambi\u00e9n estar\u00e1 presente en esta edici\u00f3n de Fitur. Extremadura incidir\u00e1 en la promoci\u00f3n de su gastronom\u00eda como eje principal de la regi\u00f3n, adem\u00e1s de promover la cultura y la naturaleza de su comunidad. En los 800 metros cuadrados del stand en los que se han invertido unos 470.000 euros, se celebrar\u00e1n 43 presentaciones de productos tur\u00edsticos regionales.<\/p>\n<p>Por su parte, la Direcci\u00f3n General de Turismo del Gobierno de Arag\u00f3n ha anunciado que potenciar\u00e1 los espacios naturales y el patrimonio arquitect\u00f3nico como escenarios para el rodaje de proyectos cinematogr\u00e1ficos en la regi\u00f3n.<\/p>\n<p>Y en l\u00ednea cinematogr\u00e1fica tambi\u00e9n estar\u00e1 Cantabria cuyo stand de 550 metros cuadrados centrado en la promoci\u00f3n del A\u00f1o Jubilar Lebaniego 2017 acoger\u00e1 el estreno en exclusiva del trailer de la pel\u00edcula &#8216;Altamira&#8217;, dirigida por Hugh Hudson y protagonizada por Antonio Banderas.<\/p>\n<p>Navarra tambi\u00e9n mostrar\u00e1 la variedad paisaj\u00edstica, cultural, gastron\u00f3mica y deportiva de la Comunidad foral destacando especialmente el turismo rural, \u00abuna de las joyas\u00bb que tiene el territorio. En el stand de 500 metros cuadrados cobran especial importancia las fotograf\u00edas de alta calidad y un camino de colores que recuerda a la naturaleza.<\/p>\n<p>El a\u00f1o jubilar de la misericordia, las catas de vinos y quesos y el destino &#8216;starlight&#8217; de A Veiga (en Ourense) centrar\u00e1n la presencia de Galicia en Fitur este a\u00f1o. La comunidad ofrecer\u00e1 su perfil m\u00e1s \u00abacogedor y hospitalario\u00bb a trav\u00e9s de un expositor de casi 1.000 metros cuadrados en el que invitar\u00e1 a descubrir Galicia con la marca &#8216;Galicia, el buen camino&#8217;, como destino tur\u00edstico a trav\u00e9s de gu\u00edas a gran tama\u00f1o que buscan representar un \u00ablibro abierto\u00bb.<\/p>\n<p>LA GASTRONOM\u00cdA TENDR\u00c1 UN LUGAR DESTACADO.<\/p>\n<p>La gastronom\u00eda tambi\u00e9n tendr\u00e1 un lugar destacado en la feria de turismo. Castilla-La Mancha acudir\u00e1 con un programa de m\u00e1s de 80 actividades y una sala gastron\u00f3mica como principal novedad en su stand de 1.000 metros cuadrados a fin de potenciar este tipo de turismo coincidiendo con la Capitalidad Gastron\u00f3mica que este a\u00f1o ostenta Toledo.<\/p>\n<p>Con un presupuesto de 411.000 euros el Ejecutivo castellano-manchego va a presentar el Plan Estrat\u00e9gico de Turismo, nuevas p\u00e1ginas web, el programa cultural con motivo del IV Centenario de la muerte de Cervantes, la Capitalidad Gastron\u00f3mica de Toledo, el XX aniversario de la Declaraci\u00f3n de Cuenca como Ciudad Patrimonio de la Humanidad, el Centenario del nacimiento de Camilo Jos\u00e9 Cela o el Museo Paleontol\u00f3gico de Cuenca.<\/p>\n<p>La Rioja tambi\u00e9n mostrar\u00e1 su cara m\u00e1s enotur\u00edstica, natural, cultural, comercial o patrimonial en su stand de 500 metros cuadrados formado de 600 cestos de casta\u00f1o y para ello ha organizado un extenso programa de actos con presentaciones, catas de bodegas, y demostraciones artesanales y de cocina.<\/p>\n<p>Y desde la concejal\u00eda de turismo del Ayuntamiento de Murcia se apuesta tambi\u00e9n por la gastronom\u00eda, la huerta y el turismo cultural. Durante Fitur se presentar\u00e1 un video que dar\u00e1 a conocer los productos de la huerta murciana, con platos t\u00edpicos y grabaciones de terrenos cultivados, el r\u00edo y el Cristo de Monteagudo, entre otros. El v\u00eddeo est\u00e1 compuesto por 200 fotograf\u00edas y 12 grabaciones de la Huerta realizadas con drones.<\/p>\n","protected":false},"excerpt":{"rendered":"<p>La XXXVI edici\u00f3n de la Feria Internacional de Turismo, Fitur 2016, que abre hoy sus puertas est\u00e1 marcada por la recuperaci\u00f3n del mercado nacional, as\u00ed como una mayor apuesta por la gastronom\u00eda, la naturaleza y la cultura por parte de las comunidades aut\u00f3nomas que mostrar\u00e1n su oferta y principales atractivos a profesionales y al p\u00fablico<\/p>\n","protected":false},"author":1,"featured_media":61258,"comment_status":"open","ping_status":"closed","sticky":false,"template":"","format":"standard","meta":{"footnotes":""},"categories":[224],"tags":[],"class_list":{"0":"post-61257","1":"post","2":"type-post","3":"status-publish","4":"format-standard","5":"has-post-thumbnail","7":"category-noticias-actualidad"},"aioseo_notices":[],"aioseo_head":"\n\t\t<!-- All in One SEO Pro 4.9.6.1 - aioseo.com -->\n\t<meta name=\"description\" content=\"La XXXVI edici\u00f3n de la Feria Internacional de Turismo, Fitur 2016, que abre hoy sus puertas est\u00e1 marcada por la recuperaci\u00f3n del mercado nacional, as\u00ed como una mayor apuesta por la gastronom\u00eda, la naturaleza y la cultura por parte de las comunidades aut\u00f3nomas que mostrar\u00e1n su oferta y principales atractivos a profesionales y al p\u00fablico\" \/>\n\t<meta name=\"robots\" content=\"max-image-preview:large\" \/>\n\t<meta name=\"author\" content=\"admin\"\/>\n\t<meta name=\"google-site-verification\" content=\"UA-38556648-1\" \/>\n\t<meta name=\"keywords\" content=\"noticias y actualidad\" \/>\n\t<link rel=\"canonical\" href=\"https:\/\/eldigitaldeasturias.com\/magazine365\/que-ofrece-fitur-2016\/\" \/>\n\t<meta name=\"generator\" content=\"All in One SEO Pro (AIOSEO) 4.9.6.1\" \/>\n\t\t<meta property=\"og:locale\" content=\"es_ES\" \/>\n\t\t<meta property=\"og:site_name\" content=\"El Digital de Asturias \u2013 Revista de ocio, turismo y estilo de vida\" \/>\n\t\t<meta property=\"og:type\" content=\"article\" \/>\n\t\t<meta property=\"og:title\" content=\"\u00bfQu\u00e9 ofrece Fitur 2016? | El Digital de Asturias\" \/>\n\t\t<meta property=\"og:description\" content=\"La XXXVI edici\u00f3n de la Feria Internacional de Turismo, Fitur 2016, que abre hoy sus puertas est\u00e1 marcada por la recuperaci\u00f3n del mercado nacional, as\u00ed como una mayor apuesta por la gastronom\u00eda, la naturaleza y la cultura por parte de las comunidades aut\u00f3nomas que mostrar\u00e1n su oferta y principales atractivos a profesionales y al p\u00fablico\" \/>\n\t\t<meta property=\"og:url\" content=\"https:\/\/eldigitaldeasturias.com\/magazine365\/que-ofrece-fitur-2016\/\" \/>\n\t\t<meta property=\"og:image\" content=\"https:\/\/eldigitaldeasturias.com\/magazine365\/wp-content\/uploads\/2016\/01\/fotonoticia_20160120081432_800.jpg\" \/>\n\t\t<meta property=\"og:image:secure_url\" content=\"https:\/\/eldigitaldeasturias.com\/magazine365\/wp-content\/uploads\/2016\/01\/fotonoticia_20160120081432_800.jpg\" \/>\n\t\t<meta property=\"og:image:width\" content=\"800\" \/>\n\t\t<meta property=\"og:image:height\" content=\"533\" \/>\n\t\t<meta property=\"article:published_time\" content=\"2016-01-21T11:59:04+00:00\" \/>\n\t\t<meta property=\"article:modified_time\" content=\"2016-01-21T11:59:04+00:00\" \/>\n\t\t<meta name=\"twitter:card\" content=\"summary_large_image\" \/>\n\t\t<meta name=\"twitter:title\" content=\"\u00bfQu\u00e9 ofrece Fitur 2016? | El Digital de Asturias\" \/>\n\t\t<meta name=\"twitter:description\" content=\"La XXXVI edici\u00f3n de la Feria Internacional de Turismo, Fitur 2016, que abre hoy sus puertas est\u00e1 marcada por la recuperaci\u00f3n del mercado nacional, as\u00ed como una mayor apuesta por la gastronom\u00eda, la naturaleza y la cultura por parte de las comunidades aut\u00f3nomas que mostrar\u00e1n su oferta y principales atractivos a profesionales y al p\u00fablico\" \/>\n\t\t<meta name=\"twitter:image\" content=\"https:\/\/eldigitaldeasturias.com\/magazine365\/wp-content\/uploads\/2016\/01\/fotonoticia_20160120081432_800.jpg\" \/>\n\t\t<script type=\"application\/ld+json\" class=\"aioseo-schema\">\n\t\t\t{\"@context\":\"https:\\\/\\\/schema.org\",\"@graph\":[{\"@type\":\"Article\",\"@id\":\"https:\\\/\\\/eldigitaldeasturias.com\\\/magazine365\\\/que-ofrece-fitur-2016\\\/#article\",\"name\":\"\\u00bfQu\\u00e9 ofrece Fitur 2016? | El Digital de Asturias\",\"headline\":\"\\u00bfQu\\u00e9 ofrece Fitur 2016?\",\"author\":{\"@id\":\"https:\\\/\\\/eldigitaldeasturias.com\\\/magazine365\\\/author\\\/admin\\\/#author\"},\"publisher\":{\"@id\":\"https:\\\/\\\/eldigitaldeasturias.com\\\/magazine365\\\/#organization\"},\"image\":{\"@type\":\"ImageObject\",\"url\":\"https:\\\/\\\/eldigitaldeasturias.com\\\/magazine365\\\/wp-content\\\/uploads\\\/2016\\\/01\\\/fotonoticia_20160120081432_800.jpg\",\"width\":800,\"height\":533},\"datePublished\":\"2016-01-21T12:59:04+01:00\",\"dateModified\":\"2016-01-21T12:59:04+01:00\",\"inLanguage\":\"es-ES\",\"mainEntityOfPage\":{\"@id\":\"https:\\\/\\\/eldigitaldeasturias.com\\\/magazine365\\\/que-ofrece-fitur-2016\\\/#webpage\"},\"isPartOf\":{\"@id\":\"https:\\\/\\\/eldigitaldeasturias.com\\\/magazine365\\\/que-ofrece-fitur-2016\\\/#webpage\"},\"articleSection\":\"Noticias y Actualidad\"},{\"@type\":\"BreadcrumbList\",\"@id\":\"https:\\\/\\\/eldigitaldeasturias.com\\\/magazine365\\\/que-ofrece-fitur-2016\\\/#breadcrumblist\",\"itemListElement\":[{\"@type\":\"ListItem\",\"@id\":\"https:\\\/\\\/eldigitaldeasturias.com\\\/magazine365#listItem\",\"position\":1,\"name\":\"Home\",\"item\":\"https:\\\/\\\/eldigitaldeasturias.com\\\/magazine365\",\"nextItem\":{\"@type\":\"ListItem\",\"@id\":\"https:\\\/\\\/eldigitaldeasturias.com\\\/magazine365\\\/category\\\/noticias-actualidad\\\/#listItem\",\"name\":\"Noticias y Actualidad\"}},{\"@type\":\"ListItem\",\"@id\":\"https:\\\/\\\/eldigitaldeasturias.com\\\/magazine365\\\/category\\\/noticias-actualidad\\\/#listItem\",\"position\":2,\"name\":\"Noticias y Actualidad\",\"item\":\"https:\\\/\\\/eldigitaldeasturias.com\\\/magazine365\\\/category\\\/noticias-actualidad\\\/\",\"nextItem\":{\"@type\":\"ListItem\",\"@id\":\"https:\\\/\\\/eldigitaldeasturias.com\\\/magazine365\\\/que-ofrece-fitur-2016\\\/#listItem\",\"name\":\"\\u00bfQu\\u00e9 ofrece Fitur 2016?\"},\"previousItem\":{\"@type\":\"ListItem\",\"@id\":\"https:\\\/\\\/eldigitaldeasturias.com\\\/magazine365#listItem\",\"name\":\"Home\"}},{\"@type\":\"ListItem\",\"@id\":\"https:\\\/\\\/eldigitaldeasturias.com\\\/magazine365\\\/que-ofrece-fitur-2016\\\/#listItem\",\"position\":3,\"name\":\"\\u00bfQu\\u00e9 ofrece Fitur 2016?\",\"previousItem\":{\"@type\":\"ListItem\",\"@id\":\"https:\\\/\\\/eldigitaldeasturias.com\\\/magazine365\\\/category\\\/noticias-actualidad\\\/#listItem\",\"name\":\"Noticias y Actualidad\"}}]},{\"@type\":\"Organization\",\"@id\":\"https:\\\/\\\/eldigitaldeasturias.com\\\/magazine365\\\/#organization\",\"name\":\"El digital de Asturias\",\"description\":\"Revista de ocio, turismo y estilo de vida\",\"url\":\"https:\\\/\\\/eldigitaldeasturias.com\\\/magazine365\\\/\",\"logo\":{\"@type\":\"ImageObject\",\"url\":\"https:\\\/\\\/www.eldigitaldeasturias.com\\\/noticias\\\/wp-content\\\/uploads\\\/2020\\\/12\\\/EDA.jpg\",\"@id\":\"https:\\\/\\\/eldigitaldeasturias.com\\\/magazine365\\\/que-ofrece-fitur-2016\\\/#organizationLogo\"},\"image\":{\"@id\":\"https:\\\/\\\/eldigitaldeasturias.com\\\/magazine365\\\/que-ofrece-fitur-2016\\\/#organizationLogo\"}},{\"@type\":\"Person\",\"@id\":\"https:\\\/\\\/eldigitaldeasturias.com\\\/magazine365\\\/author\\\/admin\\\/#author\",\"url\":\"https:\\\/\\\/eldigitaldeasturias.com\\\/magazine365\\\/author\\\/admin\\\/\",\"name\":\"admin\",\"image\":{\"@type\":\"ImageObject\",\"@id\":\"https:\\\/\\\/eldigitaldeasturias.com\\\/magazine365\\\/que-ofrece-fitur-2016\\\/#authorImage\",\"url\":\"https:\\\/\\\/eldigitaldeasturias.com\\\/magazine365\\\/wp-content\\\/litespeed\\\/avatar\\\/e571bcf59a0edd6fa6838245a470f2fe.jpg?ver=1776969259\",\"width\":96,\"height\":96,\"caption\":\"admin\"}},{\"@type\":\"WebPage\",\"@id\":\"https:\\\/\\\/eldigitaldeasturias.com\\\/magazine365\\\/que-ofrece-fitur-2016\\\/#webpage\",\"url\":\"https:\\\/\\\/eldigitaldeasturias.com\\\/magazine365\\\/que-ofrece-fitur-2016\\\/\",\"name\":\"\\u00bfQu\\u00e9 ofrece Fitur 2016? | El Digital de Asturias\",\"description\":\"La XXXVI edici\\u00f3n de la Feria Internacional de Turismo, Fitur 2016, que abre hoy sus puertas est\\u00e1 marcada por la recuperaci\\u00f3n del mercado nacional, as\\u00ed como una mayor apuesta por la gastronom\\u00eda, la naturaleza y la cultura por parte de las comunidades aut\\u00f3nomas que mostrar\\u00e1n su oferta y principales atractivos a profesionales y al p\\u00fablico\",\"inLanguage\":\"es-ES\",\"isPartOf\":{\"@id\":\"https:\\\/\\\/eldigitaldeasturias.com\\\/magazine365\\\/#website\"},\"breadcrumb\":{\"@id\":\"https:\\\/\\\/eldigitaldeasturias.com\\\/magazine365\\\/que-ofrece-fitur-2016\\\/#breadcrumblist\"},\"author\":{\"@id\":\"https:\\\/\\\/eldigitaldeasturias.com\\\/magazine365\\\/author\\\/admin\\\/#author\"},\"creator\":{\"@id\":\"https:\\\/\\\/eldigitaldeasturias.com\\\/magazine365\\\/author\\\/admin\\\/#author\"},\"image\":{\"@type\":\"ImageObject\",\"url\":\"https:\\\/\\\/eldigitaldeasturias.com\\\/magazine365\\\/wp-content\\\/uploads\\\/2016\\\/01\\\/fotonoticia_20160120081432_800.jpg\",\"@id\":\"https:\\\/\\\/eldigitaldeasturias.com\\\/magazine365\\\/que-ofrece-fitur-2016\\\/#mainImage\",\"width\":800,\"height\":533},\"primaryImageOfPage\":{\"@id\":\"https:\\\/\\\/eldigitaldeasturias.com\\\/magazine365\\\/que-ofrece-fitur-2016\\\/#mainImage\"},\"datePublished\":\"2016-01-21T12:59:04+01:00\",\"dateModified\":\"2016-01-21T12:59:04+01:00\"},{\"@type\":\"WebSite\",\"@id\":\"https:\\\/\\\/eldigitaldeasturias.com\\\/magazine365\\\/#website\",\"url\":\"https:\\\/\\\/eldigitaldeasturias.com\\\/magazine365\\\/\",\"name\":\"El Digital de Asturias\",\"description\":\"Revista de ocio, turismo y estilo de vida\",\"inLanguage\":\"es-ES\",\"publisher\":{\"@id\":\"https:\\\/\\\/eldigitaldeasturias.com\\\/magazine365\\\/#organization\"}}]}\n\t\t<\/script>\n\t\t<!-- All in One SEO Pro -->\r\n\t\t<title>\u00bfQu\u00e9 ofrece Fitur 2016? | El Digital de Asturias<\/title>\n\n","aioseo_head_json":{"title":"\u00bfQu\u00e9 ofrece Fitur 2016? | El Digital de Asturias","description":"La XXXVI edici\u00f3n de la Feria Internacional de Turismo, Fitur 2016, que abre hoy sus puertas est\u00e1 marcada por la recuperaci\u00f3n del mercado nacional, as\u00ed como una mayor apuesta por la gastronom\u00eda, la naturaleza y la cultura por parte de las comunidades aut\u00f3nomas que mostrar\u00e1n su oferta y principales atractivos a profesionales y al p\u00fablico","canonical_url":"https:\/\/eldigitaldeasturias.com\/magazine365\/que-ofrece-fitur-2016\/","robots":"max-image-preview:large","keywords":"noticias y actualidad","webmasterTools":{"google-site-verification":"UA-38556648-1","miscellaneous":""},"schema":{"@context":"https:\/\/schema.org","@graph":[{"@type":"Article","@id":"https:\/\/eldigitaldeasturias.com\/magazine365\/que-ofrece-fitur-2016\/#article","name":"\u00bfQu\u00e9 ofrece Fitur 2016? | El Digital de Asturias","headline":"\u00bfQu\u00e9 ofrece Fitur 2016?","author":{"@id":"https:\/\/eldigitaldeasturias.com\/magazine365\/author\/admin\/#author"},"publisher":{"@id":"https:\/\/eldigitaldeasturias.com\/magazine365\/#organization"},"image":{"@type":"ImageObject","url":"https:\/\/eldigitaldeasturias.com\/magazine365\/wp-content\/uploads\/2016\/01\/fotonoticia_20160120081432_800.jpg","width":800,"height":533},"datePublished":"2016-01-21T12:59:04+01:00","dateModified":"2016-01-21T12:59:04+01:00","inLanguage":"es-ES","mainEntityOfPage":{"@id":"https:\/\/eldigitaldeasturias.com\/magazine365\/que-ofrece-fitur-2016\/#webpage"},"isPartOf":{"@id":"https:\/\/eldigitaldeasturias.com\/magazine365\/que-ofrece-fitur-2016\/#webpage"},"articleSection":"Noticias y Actualidad"},{"@type":"BreadcrumbList","@id":"https:\/\/eldigitaldeasturias.com\/magazine365\/que-ofrece-fitur-2016\/#breadcrumblist","itemListElement":[{"@type":"ListItem","@id":"https:\/\/eldigitaldeasturias.com\/magazine365#listItem","position":1,"name":"Home","item":"https:\/\/eldigitaldeasturias.com\/magazine365","nextItem":{"@type":"ListItem","@id":"https:\/\/eldigitaldeasturias.com\/magazine365\/category\/noticias-actualidad\/#listItem","name":"Noticias y Actualidad"}},{"@type":"ListItem","@id":"https:\/\/eldigitaldeasturias.com\/magazine365\/category\/noticias-actualidad\/#listItem","position":2,"name":"Noticias y Actualidad","item":"https:\/\/eldigitaldeasturias.com\/magazine365\/category\/noticias-actualidad\/","nextItem":{"@type":"ListItem","@id":"https:\/\/eldigitaldeasturias.com\/magazine365\/que-ofrece-fitur-2016\/#listItem","name":"\u00bfQu\u00e9 ofrece Fitur 2016?"},"previousItem":{"@type":"ListItem","@id":"https:\/\/eldigitaldeasturias.com\/magazine365#listItem","name":"Home"}},{"@type":"ListItem","@id":"https:\/\/eldigitaldeasturias.com\/magazine365\/que-ofrece-fitur-2016\/#listItem","position":3,"name":"\u00bfQu\u00e9 ofrece Fitur 2016?","previousItem":{"@type":"ListItem","@id":"https:\/\/eldigitaldeasturias.com\/magazine365\/category\/noticias-actualidad\/#listItem","name":"Noticias y Actualidad"}}]},{"@type":"Organization","@id":"https:\/\/eldigitaldeasturias.com\/magazine365\/#organization","name":"El digital de Asturias","description":"Revista de ocio, turismo y estilo de vida","url":"https:\/\/eldigitaldeasturias.com\/magazine365\/","logo":{"@type":"ImageObject","url":"https:\/\/www.eldigitaldeasturias.com\/noticias\/wp-content\/uploads\/2020\/12\/EDA.jpg","@id":"https:\/\/eldigitaldeasturias.com\/magazine365\/que-ofrece-fitur-2016\/#organizationLogo"},"image":{"@id":"https:\/\/eldigitaldeasturias.com\/magazine365\/que-ofrece-fitur-2016\/#organizationLogo"}},{"@type":"Person","@id":"https:\/\/eldigitaldeasturias.com\/magazine365\/author\/admin\/#author","url":"https:\/\/eldigitaldeasturias.com\/magazine365\/author\/admin\/","name":"admin","image":{"@type":"ImageObject","@id":"https:\/\/eldigitaldeasturias.com\/magazine365\/que-ofrece-fitur-2016\/#authorImage","url":"https:\/\/eldigitaldeasturias.com\/magazine365\/wp-content\/litespeed\/avatar\/e571bcf59a0edd6fa6838245a470f2fe.jpg?ver=1776969259","width":96,"height":96,"caption":"admin"}},{"@type":"WebPage","@id":"https:\/\/eldigitaldeasturias.com\/magazine365\/que-ofrece-fitur-2016\/#webpage","url":"https:\/\/eldigitaldeasturias.com\/magazine365\/que-ofrece-fitur-2016\/","name":"\u00bfQu\u00e9 ofrece Fitur 2016? | El Digital de Asturias","description":"La XXXVI edici\u00f3n de la Feria Internacional de Turismo, Fitur 2016, que abre hoy sus puertas est\u00e1 marcada por la recuperaci\u00f3n del mercado nacional, as\u00ed como una mayor apuesta por la gastronom\u00eda, la naturaleza y la cultura por parte de las comunidades aut\u00f3nomas que mostrar\u00e1n su oferta y principales atractivos a profesionales y al p\u00fablico","inLanguage":"es-ES","isPartOf":{"@id":"https:\/\/eldigitaldeasturias.com\/magazine365\/#website"},"breadcrumb":{"@id":"https:\/\/eldigitaldeasturias.com\/magazine365\/que-ofrece-fitur-2016\/#breadcrumblist"},"author":{"@id":"https:\/\/eldigitaldeasturias.com\/magazine365\/author\/admin\/#author"},"creator":{"@id":"https:\/\/eldigitaldeasturias.com\/magazine365\/author\/admin\/#author"},"image":{"@type":"ImageObject","url":"https:\/\/eldigitaldeasturias.com\/magazine365\/wp-content\/uploads\/2016\/01\/fotonoticia_20160120081432_800.jpg","@id":"https:\/\/eldigitaldeasturias.com\/magazine365\/que-ofrece-fitur-2016\/#mainImage","width":800,"height":533},"primaryImageOfPage":{"@id":"https:\/\/eldigitaldeasturias.com\/magazine365\/que-ofrece-fitur-2016\/#mainImage"},"datePublished":"2016-01-21T12:59:04+01:00","dateModified":"2016-01-21T12:59:04+01:00"},{"@type":"WebSite","@id":"https:\/\/eldigitaldeasturias.com\/magazine365\/#website","url":"https:\/\/eldigitaldeasturias.com\/magazine365\/","name":"El Digital de Asturias","description":"Revista de ocio, turismo y estilo de vida","inLanguage":"es-ES","publisher":{"@id":"https:\/\/eldigitaldeasturias.com\/magazine365\/#organization"}}]},"og:locale":"es_ES","og:site_name":"El Digital de Asturias \u2013 Revista de ocio, turismo y estilo de vida","og:type":"article","og:title":"\u00bfQu\u00e9 ofrece Fitur 2016? | El Digital de Asturias","og:description":"La XXXVI edici\u00f3n de la Feria Internacional de Turismo, Fitur 2016, que abre hoy sus puertas est\u00e1 marcada por la recuperaci\u00f3n del mercado nacional, as\u00ed como una mayor apuesta por la gastronom\u00eda, la naturaleza y la cultura por parte de las comunidades aut\u00f3nomas que mostrar\u00e1n su oferta y principales atractivos a profesionales y al p\u00fablico","og:url":"https:\/\/eldigitaldeasturias.com\/magazine365\/que-ofrece-fitur-2016\/","og:image":"https:\/\/eldigitaldeasturias.com\/magazine365\/wp-content\/uploads\/2016\/01\/fotonoticia_20160120081432_800.jpg","og:image:secure_url":"https:\/\/eldigitaldeasturias.com\/magazine365\/wp-content\/uploads\/2016\/01\/fotonoticia_20160120081432_800.jpg","og:image:width":800,"og:image:height":533,"article:published_time":"2016-01-21T11:59:04+00:00","article:modified_time":"2016-01-21T11:59:04+00:00","twitter:card":"summary_large_image","twitter:title":"\u00bfQu\u00e9 ofrece Fitur 2016? | El Digital de Asturias","twitter:description":"La XXXVI edici\u00f3n de la Feria Internacional de Turismo, Fitur 2016, que abre hoy sus puertas est\u00e1 marcada por la recuperaci\u00f3n del mercado nacional, as\u00ed como una mayor apuesta por la gastronom\u00eda, la naturaleza y la cultura por parte de las comunidades aut\u00f3nomas que mostrar\u00e1n su oferta y principales atractivos a profesionales y al p\u00fablico","twitter:image":"https:\/\/eldigitaldeasturias.com\/magazine365\/wp-content\/uploads\/2016\/01\/fotonoticia_20160120081432_800.jpg"},"aioseo_meta_data":{"post_id":"61257","title":null,"description":null,"keywords":null,"keyphrases":null,"primary_term":null,"canonical_url":null,"og_title":null,"og_description":null,"og_object_type":"default","og_image_type":"default","og_image_url":null,"og_image_width":null,"og_image_height":null,"og_image_custom_url":null,"og_image_custom_fields":null,"og_video":null,"og_custom_url":null,"og_article_section":null,"og_article_tags":null,"twitter_use_og":false,"twitter_card":"default","twitter_image_type":"default","twitter_image_url":null,"twitter_image_custom_url":null,"twitter_image_custom_fields":null,"twitter_title":null,"twitter_description":null,"schema":{"blockGraphs":[],"customGraphs":[],"default":{"data":{"Article":[],"Course":[],"Dataset":[],"FAQPage":[],"Movie":[],"Person":[],"Product":[],"ProductReview":[],"Car":[],"Recipe":[],"Service":[],"SoftwareApplication":[],"WebPage":[]},"graphName":"","isEnabled":true},"graphs":[],"defaultGraph":"","defaultPostTypeGraph":""},"schema_type":null,"schema_type_options":null,"pillar_content":false,"robots_default":true,"robots_noindex":false,"robots_noarchive":false,"robots_nosnippet":false,"robots_nofollow":false,"robots_noimageindex":false,"robots_noodp":false,"robots_notranslate":false,"robots_max_snippet":null,"robots_max_videopreview":null,"robots_max_imagepreview":"large","priority":null,"frequency":null,"location":null,"local_seo":null,"seo_analyzer_scan_date":"2025-09-25 08:35:23","breadcrumb_settings":null,"limit_modified_date":false,"open_ai":null,"ai":null,"created":"2021-03-08 21:51:42","updated":"2025-09-25 08:35:23"},"aioseo_breadcrumb":"<div class=\"aioseo-breadcrumbs\"><span class=\"aioseo-breadcrumb\">\n\t<a href=\"https:\/\/eldigitaldeasturias.com\/magazine365\" title=\"Home\">Home<\/a>\n<\/span><span class=\"aioseo-breadcrumb-separator\">\u2013<\/span><span class=\"aioseo-breadcrumb\">\n\t<a href=\"https:\/\/eldigitaldeasturias.com\/magazine365\/category\/noticias-actualidad\/\" title=\"Noticias y Actualidad\">Noticias y Actualidad<\/a>\n<\/span><span class=\"aioseo-breadcrumb-separator\">\u2013<\/span><span class=\"aioseo-breadcrumb\">\n\t<a href=\"https:\/\/eldigitaldeasturias.com\/magazine365\/que-ofrece-fitur-2016\/\" title=\"\u00bfQu\u00e9 ofrece Fitur 2016?\">\u00bfQu\u00e9 ofrece Fitur 2016?<\/a>\n<\/span><\/div>","aioseo_breadcrumb_json":[{"label":"Home","link":"https:\/\/eldigitaldeasturias.com\/magazine365"},{"label":"Noticias y Actualidad","link":"https:\/\/eldigitaldeasturias.com\/magazine365\/category\/noticias-actualidad\/"},{"label":"\u00bfQu\u00e9 ofrece Fitur 2016?","link":"https:\/\/eldigitaldeasturias.com\/magazine365\/que-ofrece-fitur-2016\/"}],"_links":{"self":[{"href":"https:\/\/eldigitaldeasturias.com\/magazine365\/wp-json\/wp\/v2\/posts\/61257","targetHints":{"allow":["GET"]}}],"collection":[{"href":"https:\/\/eldigitaldeasturias.com\/magazine365\/wp-json\/wp\/v2\/posts"}],"about":[{"href":"https:\/\/eldigitaldeasturias.com\/magazine365\/wp-json\/wp\/v2\/types\/post"}],"author":[{"embeddable":true,"href":"https:\/\/eldigitaldeasturias.com\/magazine365\/wp-json\/wp\/v2\/users\/1"}],"replies":[{"embeddable":true,"href":"https:\/\/eldigitaldeasturias.com\/magazine365\/wp-json\/wp\/v2\/comments?post=61257"}],"version-history":[{"count":0,"href":"https:\/\/eldigitaldeasturias.com\/magazine365\/wp-json\/wp\/v2\/posts\/61257\/revisions"}],"wp:featuredmedia":[{"embeddable":true,"href":"https:\/\/eldigitaldeasturias.com\/magazine365\/wp-json\/wp\/v2\/media\/61258"}],"wp:attachment":[{"href":"https:\/\/eldigitaldeasturias.com\/magazine365\/wp-json\/wp\/v2\/media?parent=61257"}],"wp:term":[{"taxonomy":"category","embeddable":true,"href":"https:\/\/eldigitaldeasturias.com\/magazine365\/wp-json\/wp\/v2\/categories?post=61257"},{"taxonomy":"post_tag","embeddable":true,"href":"https:\/\/eldigitaldeasturias.com\/magazine365\/wp-json\/wp\/v2\/tags?post=61257"}],"curies":[{"name":"wp","href":"https:\/\/api.w.org\/{rel}","templated":true}]}}