{"id":61242,"date":"2016-01-21T12:52:38","date_gmt":"2016-01-21T11:52:38","guid":{"rendered":"http:\/\/eldigitaldeasturias.com\/magazine365\/?p=61242"},"modified":"2016-01-21T12:52:38","modified_gmt":"2016-01-21T11:52:38","slug":"el-ayuntamiento-defiende-pasar-de-la-barcelona-en-venta-a-la-ciudad-para-vivir","status":"publish","type":"post","link":"https:\/\/eldigitaldeasturias.com\/magazine365\/el-ayuntamiento-defiende-pasar-de-la-barcelona-en-venta-a-la-ciudad-para-vivir\/","title":{"rendered":"El Ayuntamiento defiende pasar \u00abde la Barcelona en venta a la ciudad para vivir"},"content":{"rendered":"<p><img fetchpriority=\"high\" decoding=\"async\" class=\"alignleft size-medium wp-image-61243\" src=\"https:\/\/eldigitaldeasturias.com\/magazine365\/wp-content\/uploads\/2016\/01\/fotonoticia_20160119222048_800-360x219.jpg\" alt=\"fotonoticia_20160119222048_800\" width=\"360\" height=\"219\" srcset=\"https:\/\/eldigitaldeasturias.com\/magazine365\/wp-content\/uploads\/2016\/01\/fotonoticia_20160119222048_800-360x219.jpg 360w, https:\/\/eldigitaldeasturias.com\/magazine365\/wp-content\/uploads\/2016\/01\/fotonoticia_20160119222048_800-650x395.jpg 650w, https:\/\/eldigitaldeasturias.com\/magazine365\/wp-content\/uploads\/2016\/01\/fotonoticia_20160119222048_800-768x467.jpg 768w, https:\/\/eldigitaldeasturias.com\/magazine365\/wp-content\/uploads\/2016\/01\/fotonoticia_20160119222048_800-150x91.jpg 150w, https:\/\/eldigitaldeasturias.com\/magazine365\/wp-content\/uploads\/2016\/01\/fotonoticia_20160119222048_800-450x273.jpg 450w, https:\/\/eldigitaldeasturias.com\/magazine365\/wp-content\/uploads\/2016\/01\/fotonoticia_20160119222048_800-696x423.jpg 696w, https:\/\/eldigitaldeasturias.com\/magazine365\/wp-content\/uploads\/2016\/01\/fotonoticia_20160119222048_800-691x420.jpg 691w, https:\/\/eldigitaldeasturias.com\/magazine365\/wp-content\/uploads\/2016\/01\/fotonoticia_20160119222048_800.jpg 800w\" sizes=\"(max-width: 360px) 100vw, 360px\" \/>La teniente de alcalde de Ecolog\u00eda, Urbanismo y Movilidad, Janet Sanz, ha abogado este martes por un urbanismo justo, democr\u00e1tico, participativo y ambientalmente comprometido, dejar atr\u00e1s la idea de &#8216;marca Barcelona&#8217; y pasar \u00abde la Barcelona en venta a la ciudad para vivir\u00bb.<\/p>\n<p>En una conferencia en la Tribuna Coac, que organiza el Colegio de Arquitectos de Barcelona, ha asegurado que ese cambio de paradigma implica repensar, reciclar y adecuar la ciudad a los nuevos usos y necesidades, y ha remarcado que el consistorio tiene como una de sus prioridades desarrollar planes de regeneraci\u00f3n urbana para mejorar la calidad de vida.<\/p>\n<p>Tambi\u00e9n ha abogado por que Barcelona sea pionera en la lucha contra el cambio clim\u00e1tico, mejorar la eficiencia energ\u00e9tica de los edificios de la ciudad, orientar las pol\u00edticas de movilidad y fomentar el transporte en bicicleta y a pie: \u00abQueremos una ciudad duradera, que perdure\u00bb, ha subrayado.<\/p>\n<p>Ha afirmado que el consistorio trabaja para resolver urgentemente las carencias en vivienda social, transporte p\u00fablico y equipamientos de proximidad.<\/p>\n<p>Sanz ha enfatizado poder disponer de nuevas herramientas para intervenir en la ciudad, como un nuevo Plan General Metropolitano, la ampliaci\u00f3n del cat\u00e1logo y la protecci\u00f3n de la ciudad en un sentido social y el incremento del parque de vivienda social.<\/p>\n","protected":false},"excerpt":{"rendered":"<p>La teniente de alcalde de Ecolog\u00eda, Urbanismo y Movilidad, Janet Sanz, ha abogado este martes por un urbanismo justo, democr\u00e1tico, participativo y ambientalmente comprometido, dejar atr\u00e1s la idea de &#8216;marca Barcelona&#8217; y pasar \u00abde la Barcelona en venta a la ciudad para vivir\u00bb. En una conferencia en la Tribuna Coac, que organiza el Colegio de<\/p>\n","protected":false},"author":1,"featured_media":61243,"comment_status":"open","ping_status":"closed","sticky":false,"template":"","format":"standard","meta":{"footnotes":""},"categories":[224],"tags":[],"class_list":{"0":"post-61242","1":"post","2":"type-post","3":"status-publish","4":"format-standard","5":"has-post-thumbnail","7":"category-noticias-actualidad"},"aioseo_notices":[],"aioseo_head":"\n\t\t<!-- All in One SEO Pro 4.9.6.1 - aioseo.com -->\n\t<meta name=\"description\" content=\"La teniente de alcalde de Ecolog\u00eda, Urbanismo y Movilidad, Janet Sanz, ha abogado este martes por un urbanismo justo, democr\u00e1tico, participativo y ambientalmente comprometido, dejar atr\u00e1s la idea de &#039;marca Barcelona&#039; y pasar &quot;de la Barcelona en venta a la ciudad para vivir&quot;. En una conferencia en la Tribuna Coac, que organiza el Colegio de\" \/>\n\t<meta name=\"robots\" content=\"max-image-preview:large\" \/>\n\t<meta name=\"author\" content=\"admin\"\/>\n\t<meta name=\"google-site-verification\" content=\"UA-38556648-1\" \/>\n\t<meta name=\"keywords\" content=\"noticias y actualidad\" \/>\n\t<link rel=\"canonical\" href=\"https:\/\/eldigitaldeasturias.com\/magazine365\/el-ayuntamiento-defiende-pasar-de-la-barcelona-en-venta-a-la-ciudad-para-vivir\/\" \/>\n\t<meta name=\"generator\" content=\"All in One SEO Pro (AIOSEO) 4.9.6.1\" \/>\n\t\t<meta property=\"og:locale\" content=\"es_ES\" \/>\n\t\t<meta property=\"og:site_name\" content=\"El Digital de Asturias \u2013 Revista de ocio, turismo y estilo de vida\" \/>\n\t\t<meta property=\"og:type\" content=\"article\" \/>\n\t\t<meta property=\"og:title\" content=\"El Ayuntamiento defiende pasar \u00abde la Barcelona en venta a la ciudad para vivir | El Digital de Asturias\" \/>\n\t\t<meta property=\"og:description\" content=\"La teniente de alcalde de Ecolog\u00eda, Urbanismo y Movilidad, Janet Sanz, ha abogado este martes por un urbanismo justo, democr\u00e1tico, participativo y ambientalmente comprometido, dejar atr\u00e1s la idea de &#039;marca Barcelona&#039; y pasar &quot;de la Barcelona en venta a la ciudad para vivir&quot;. En una conferencia en la Tribuna Coac, que organiza el Colegio de\" \/>\n\t\t<meta property=\"og:url\" content=\"https:\/\/eldigitaldeasturias.com\/magazine365\/el-ayuntamiento-defiende-pasar-de-la-barcelona-en-venta-a-la-ciudad-para-vivir\/\" \/>\n\t\t<meta property=\"og:image\" content=\"https:\/\/eldigitaldeasturias.com\/magazine365\/wp-content\/uploads\/2016\/01\/fotonoticia_20160119222048_800.jpg\" \/>\n\t\t<meta property=\"og:image:secure_url\" content=\"https:\/\/eldigitaldeasturias.com\/magazine365\/wp-content\/uploads\/2016\/01\/fotonoticia_20160119222048_800.jpg\" \/>\n\t\t<meta property=\"og:image:width\" content=\"800\" \/>\n\t\t<meta property=\"og:image:height\" content=\"486\" \/>\n\t\t<meta property=\"article:published_time\" content=\"2016-01-21T11:52:38+00:00\" \/>\n\t\t<meta property=\"article:modified_time\" content=\"2016-01-21T11:52:38+00:00\" \/>\n\t\t<meta name=\"twitter:card\" content=\"summary_large_image\" \/>\n\t\t<meta name=\"twitter:title\" content=\"El Ayuntamiento defiende pasar \u00abde la Barcelona en venta a la ciudad para vivir | El Digital de Asturias\" \/>\n\t\t<meta name=\"twitter:description\" content=\"La teniente de alcalde de Ecolog\u00eda, Urbanismo y Movilidad, Janet Sanz, ha abogado este martes por un urbanismo justo, democr\u00e1tico, participativo y ambientalmente comprometido, dejar atr\u00e1s la idea de &#039;marca Barcelona&#039; y pasar &quot;de la Barcelona en venta a la ciudad para vivir&quot;. En una conferencia en la Tribuna Coac, que organiza el Colegio de\" \/>\n\t\t<meta name=\"twitter:image\" content=\"https:\/\/eldigitaldeasturias.com\/magazine365\/wp-content\/uploads\/2016\/01\/fotonoticia_20160119222048_800.jpg\" \/>\n\t\t<script type=\"application\/ld+json\" class=\"aioseo-schema\">\n\t\t\t{\"@context\":\"https:\\\/\\\/schema.org\",\"@graph\":[{\"@type\":\"Article\",\"@id\":\"https:\\\/\\\/eldigitaldeasturias.com\\\/magazine365\\\/el-ayuntamiento-defiende-pasar-de-la-barcelona-en-venta-a-la-ciudad-para-vivir\\\/#article\",\"name\":\"El Ayuntamiento defiende pasar \\u00abde la Barcelona en venta a la ciudad para vivir | El Digital de Asturias\",\"headline\":\"El Ayuntamiento defiende pasar \\u00abde la Barcelona en venta a la ciudad para vivir\",\"author\":{\"@id\":\"https:\\\/\\\/eldigitaldeasturias.com\\\/magazine365\\\/author\\\/admin\\\/#author\"},\"publisher\":{\"@id\":\"https:\\\/\\\/eldigitaldeasturias.com\\\/magazine365\\\/#organization\"},\"image\":{\"@type\":\"ImageObject\",\"url\":\"https:\\\/\\\/eldigitaldeasturias.com\\\/magazine365\\\/wp-content\\\/uploads\\\/2016\\\/01\\\/fotonoticia_20160119222048_800.jpg\",\"width\":800,\"height\":486},\"datePublished\":\"2016-01-21T12:52:38+01:00\",\"dateModified\":\"2016-01-21T12:52:38+01:00\",\"inLanguage\":\"es-ES\",\"mainEntityOfPage\":{\"@id\":\"https:\\\/\\\/eldigitaldeasturias.com\\\/magazine365\\\/el-ayuntamiento-defiende-pasar-de-la-barcelona-en-venta-a-la-ciudad-para-vivir\\\/#webpage\"},\"isPartOf\":{\"@id\":\"https:\\\/\\\/eldigitaldeasturias.com\\\/magazine365\\\/el-ayuntamiento-defiende-pasar-de-la-barcelona-en-venta-a-la-ciudad-para-vivir\\\/#webpage\"},\"articleSection\":\"Noticias y Actualidad\"},{\"@type\":\"BreadcrumbList\",\"@id\":\"https:\\\/\\\/eldigitaldeasturias.com\\\/magazine365\\\/el-ayuntamiento-defiende-pasar-de-la-barcelona-en-venta-a-la-ciudad-para-vivir\\\/#breadcrumblist\",\"itemListElement\":[{\"@type\":\"ListItem\",\"@id\":\"https:\\\/\\\/eldigitaldeasturias.com\\\/magazine365#listItem\",\"position\":1,\"name\":\"Home\",\"item\":\"https:\\\/\\\/eldigitaldeasturias.com\\\/magazine365\",\"nextItem\":{\"@type\":\"ListItem\",\"@id\":\"https:\\\/\\\/eldigitaldeasturias.com\\\/magazine365\\\/category\\\/noticias-actualidad\\\/#listItem\",\"name\":\"Noticias y Actualidad\"}},{\"@type\":\"ListItem\",\"@id\":\"https:\\\/\\\/eldigitaldeasturias.com\\\/magazine365\\\/category\\\/noticias-actualidad\\\/#listItem\",\"position\":2,\"name\":\"Noticias y Actualidad\",\"item\":\"https:\\\/\\\/eldigitaldeasturias.com\\\/magazine365\\\/category\\\/noticias-actualidad\\\/\",\"nextItem\":{\"@type\":\"ListItem\",\"@id\":\"https:\\\/\\\/eldigitaldeasturias.com\\\/magazine365\\\/el-ayuntamiento-defiende-pasar-de-la-barcelona-en-venta-a-la-ciudad-para-vivir\\\/#listItem\",\"name\":\"El Ayuntamiento defiende pasar \\u00abde la Barcelona en venta a la ciudad para vivir\"},\"previousItem\":{\"@type\":\"ListItem\",\"@id\":\"https:\\\/\\\/eldigitaldeasturias.com\\\/magazine365#listItem\",\"name\":\"Home\"}},{\"@type\":\"ListItem\",\"@id\":\"https:\\\/\\\/eldigitaldeasturias.com\\\/magazine365\\\/el-ayuntamiento-defiende-pasar-de-la-barcelona-en-venta-a-la-ciudad-para-vivir\\\/#listItem\",\"position\":3,\"name\":\"El Ayuntamiento defiende pasar \\u00abde la Barcelona en venta a la ciudad para vivir\",\"previousItem\":{\"@type\":\"ListItem\",\"@id\":\"https:\\\/\\\/eldigitaldeasturias.com\\\/magazine365\\\/category\\\/noticias-actualidad\\\/#listItem\",\"name\":\"Noticias y Actualidad\"}}]},{\"@type\":\"Organization\",\"@id\":\"https:\\\/\\\/eldigitaldeasturias.com\\\/magazine365\\\/#organization\",\"name\":\"El digital de Asturias\",\"description\":\"Revista de ocio, turismo y estilo de vida\",\"url\":\"https:\\\/\\\/eldigitaldeasturias.com\\\/magazine365\\\/\",\"logo\":{\"@type\":\"ImageObject\",\"url\":\"https:\\\/\\\/www.eldigitaldeasturias.com\\\/noticias\\\/wp-content\\\/uploads\\\/2020\\\/12\\\/EDA.jpg\",\"@id\":\"https:\\\/\\\/eldigitaldeasturias.com\\\/magazine365\\\/el-ayuntamiento-defiende-pasar-de-la-barcelona-en-venta-a-la-ciudad-para-vivir\\\/#organizationLogo\"},\"image\":{\"@id\":\"https:\\\/\\\/eldigitaldeasturias.com\\\/magazine365\\\/el-ayuntamiento-defiende-pasar-de-la-barcelona-en-venta-a-la-ciudad-para-vivir\\\/#organizationLogo\"}},{\"@type\":\"Person\",\"@id\":\"https:\\\/\\\/eldigitaldeasturias.com\\\/magazine365\\\/author\\\/admin\\\/#author\",\"url\":\"https:\\\/\\\/eldigitaldeasturias.com\\\/magazine365\\\/author\\\/admin\\\/\",\"name\":\"admin\",\"image\":{\"@type\":\"ImageObject\",\"@id\":\"https:\\\/\\\/eldigitaldeasturias.com\\\/magazine365\\\/el-ayuntamiento-defiende-pasar-de-la-barcelona-en-venta-a-la-ciudad-para-vivir\\\/#authorImage\",\"url\":\"https:\\\/\\\/eldigitaldeasturias.com\\\/magazine365\\\/wp-content\\\/litespeed\\\/avatar\\\/e571bcf59a0edd6fa6838245a470f2fe.jpg?ver=1776969259\",\"width\":96,\"height\":96,\"caption\":\"admin\"}},{\"@type\":\"WebPage\",\"@id\":\"https:\\\/\\\/eldigitaldeasturias.com\\\/magazine365\\\/el-ayuntamiento-defiende-pasar-de-la-barcelona-en-venta-a-la-ciudad-para-vivir\\\/#webpage\",\"url\":\"https:\\\/\\\/eldigitaldeasturias.com\\\/magazine365\\\/el-ayuntamiento-defiende-pasar-de-la-barcelona-en-venta-a-la-ciudad-para-vivir\\\/\",\"name\":\"El Ayuntamiento defiende pasar \\u00abde la Barcelona en venta a la ciudad para vivir | El Digital de Asturias\",\"description\":\"La teniente de alcalde de Ecolog\\u00eda, Urbanismo y Movilidad, Janet Sanz, ha abogado este martes por un urbanismo justo, democr\\u00e1tico, participativo y ambientalmente comprometido, dejar atr\\u00e1s la idea de 'marca Barcelona' y pasar \\\"de la Barcelona en venta a la ciudad para vivir\\\". En una conferencia en la Tribuna Coac, que organiza el Colegio de\",\"inLanguage\":\"es-ES\",\"isPartOf\":{\"@id\":\"https:\\\/\\\/eldigitaldeasturias.com\\\/magazine365\\\/#website\"},\"breadcrumb\":{\"@id\":\"https:\\\/\\\/eldigitaldeasturias.com\\\/magazine365\\\/el-ayuntamiento-defiende-pasar-de-la-barcelona-en-venta-a-la-ciudad-para-vivir\\\/#breadcrumblist\"},\"author\":{\"@id\":\"https:\\\/\\\/eldigitaldeasturias.com\\\/magazine365\\\/author\\\/admin\\\/#author\"},\"creator\":{\"@id\":\"https:\\\/\\\/eldigitaldeasturias.com\\\/magazine365\\\/author\\\/admin\\\/#author\"},\"image\":{\"@type\":\"ImageObject\",\"url\":\"https:\\\/\\\/eldigitaldeasturias.com\\\/magazine365\\\/wp-content\\\/uploads\\\/2016\\\/01\\\/fotonoticia_20160119222048_800.jpg\",\"@id\":\"https:\\\/\\\/eldigitaldeasturias.com\\\/magazine365\\\/el-ayuntamiento-defiende-pasar-de-la-barcelona-en-venta-a-la-ciudad-para-vivir\\\/#mainImage\",\"width\":800,\"height\":486},\"primaryImageOfPage\":{\"@id\":\"https:\\\/\\\/eldigitaldeasturias.com\\\/magazine365\\\/el-ayuntamiento-defiende-pasar-de-la-barcelona-en-venta-a-la-ciudad-para-vivir\\\/#mainImage\"},\"datePublished\":\"2016-01-21T12:52:38+01:00\",\"dateModified\":\"2016-01-21T12:52:38+01:00\"},{\"@type\":\"WebSite\",\"@id\":\"https:\\\/\\\/eldigitaldeasturias.com\\\/magazine365\\\/#website\",\"url\":\"https:\\\/\\\/eldigitaldeasturias.com\\\/magazine365\\\/\",\"name\":\"El Digital de Asturias\",\"description\":\"Revista de ocio, turismo y estilo de vida\",\"inLanguage\":\"es-ES\",\"publisher\":{\"@id\":\"https:\\\/\\\/eldigitaldeasturias.com\\\/magazine365\\\/#organization\"}}]}\n\t\t<\/script>\n\t\t<!-- All in One SEO Pro -->\r\n\t\t<title>El Ayuntamiento defiende pasar \u00abde la Barcelona en venta a la ciudad para vivir | El Digital de Asturias<\/title>\n\n","aioseo_head_json":{"title":"El Ayuntamiento defiende pasar \u00abde la Barcelona en venta a la ciudad para vivir | El Digital de Asturias","description":"La teniente de alcalde de Ecolog\u00eda, Urbanismo y Movilidad, Janet Sanz, ha abogado este martes por un urbanismo justo, democr\u00e1tico, participativo y ambientalmente comprometido, dejar atr\u00e1s la idea de 'marca Barcelona' y pasar \"de la Barcelona en venta a la ciudad para vivir\". En una conferencia en la Tribuna Coac, que organiza el Colegio de","canonical_url":"https:\/\/eldigitaldeasturias.com\/magazine365\/el-ayuntamiento-defiende-pasar-de-la-barcelona-en-venta-a-la-ciudad-para-vivir\/","robots":"max-image-preview:large","keywords":"noticias y actualidad","webmasterTools":{"google-site-verification":"UA-38556648-1","miscellaneous":""},"schema":{"@context":"https:\/\/schema.org","@graph":[{"@type":"Article","@id":"https:\/\/eldigitaldeasturias.com\/magazine365\/el-ayuntamiento-defiende-pasar-de-la-barcelona-en-venta-a-la-ciudad-para-vivir\/#article","name":"El Ayuntamiento defiende pasar \u00abde la Barcelona en venta a la ciudad para vivir | El Digital de Asturias","headline":"El Ayuntamiento defiende pasar \u00abde la Barcelona en venta a la ciudad para vivir","author":{"@id":"https:\/\/eldigitaldeasturias.com\/magazine365\/author\/admin\/#author"},"publisher":{"@id":"https:\/\/eldigitaldeasturias.com\/magazine365\/#organization"},"image":{"@type":"ImageObject","url":"https:\/\/eldigitaldeasturias.com\/magazine365\/wp-content\/uploads\/2016\/01\/fotonoticia_20160119222048_800.jpg","width":800,"height":486},"datePublished":"2016-01-21T12:52:38+01:00","dateModified":"2016-01-21T12:52:38+01:00","inLanguage":"es-ES","mainEntityOfPage":{"@id":"https:\/\/eldigitaldeasturias.com\/magazine365\/el-ayuntamiento-defiende-pasar-de-la-barcelona-en-venta-a-la-ciudad-para-vivir\/#webpage"},"isPartOf":{"@id":"https:\/\/eldigitaldeasturias.com\/magazine365\/el-ayuntamiento-defiende-pasar-de-la-barcelona-en-venta-a-la-ciudad-para-vivir\/#webpage"},"articleSection":"Noticias y Actualidad"},{"@type":"BreadcrumbList","@id":"https:\/\/eldigitaldeasturias.com\/magazine365\/el-ayuntamiento-defiende-pasar-de-la-barcelona-en-venta-a-la-ciudad-para-vivir\/#breadcrumblist","itemListElement":[{"@type":"ListItem","@id":"https:\/\/eldigitaldeasturias.com\/magazine365#listItem","position":1,"name":"Home","item":"https:\/\/eldigitaldeasturias.com\/magazine365","nextItem":{"@type":"ListItem","@id":"https:\/\/eldigitaldeasturias.com\/magazine365\/category\/noticias-actualidad\/#listItem","name":"Noticias y Actualidad"}},{"@type":"ListItem","@id":"https:\/\/eldigitaldeasturias.com\/magazine365\/category\/noticias-actualidad\/#listItem","position":2,"name":"Noticias y Actualidad","item":"https:\/\/eldigitaldeasturias.com\/magazine365\/category\/noticias-actualidad\/","nextItem":{"@type":"ListItem","@id":"https:\/\/eldigitaldeasturias.com\/magazine365\/el-ayuntamiento-defiende-pasar-de-la-barcelona-en-venta-a-la-ciudad-para-vivir\/#listItem","name":"El Ayuntamiento defiende pasar \u00abde la Barcelona en venta a la ciudad para vivir"},"previousItem":{"@type":"ListItem","@id":"https:\/\/eldigitaldeasturias.com\/magazine365#listItem","name":"Home"}},{"@type":"ListItem","@id":"https:\/\/eldigitaldeasturias.com\/magazine365\/el-ayuntamiento-defiende-pasar-de-la-barcelona-en-venta-a-la-ciudad-para-vivir\/#listItem","position":3,"name":"El Ayuntamiento defiende pasar \u00abde la Barcelona en venta a la ciudad para vivir","previousItem":{"@type":"ListItem","@id":"https:\/\/eldigitaldeasturias.com\/magazine365\/category\/noticias-actualidad\/#listItem","name":"Noticias y Actualidad"}}]},{"@type":"Organization","@id":"https:\/\/eldigitaldeasturias.com\/magazine365\/#organization","name":"El digital de Asturias","description":"Revista de ocio, turismo y estilo de vida","url":"https:\/\/eldigitaldeasturias.com\/magazine365\/","logo":{"@type":"ImageObject","url":"https:\/\/www.eldigitaldeasturias.com\/noticias\/wp-content\/uploads\/2020\/12\/EDA.jpg","@id":"https:\/\/eldigitaldeasturias.com\/magazine365\/el-ayuntamiento-defiende-pasar-de-la-barcelona-en-venta-a-la-ciudad-para-vivir\/#organizationLogo"},"image":{"@id":"https:\/\/eldigitaldeasturias.com\/magazine365\/el-ayuntamiento-defiende-pasar-de-la-barcelona-en-venta-a-la-ciudad-para-vivir\/#organizationLogo"}},{"@type":"Person","@id":"https:\/\/eldigitaldeasturias.com\/magazine365\/author\/admin\/#author","url":"https:\/\/eldigitaldeasturias.com\/magazine365\/author\/admin\/","name":"admin","image":{"@type":"ImageObject","@id":"https:\/\/eldigitaldeasturias.com\/magazine365\/el-ayuntamiento-defiende-pasar-de-la-barcelona-en-venta-a-la-ciudad-para-vivir\/#authorImage","url":"https:\/\/eldigitaldeasturias.com\/magazine365\/wp-content\/litespeed\/avatar\/e571bcf59a0edd6fa6838245a470f2fe.jpg?ver=1776969259","width":96,"height":96,"caption":"admin"}},{"@type":"WebPage","@id":"https:\/\/eldigitaldeasturias.com\/magazine365\/el-ayuntamiento-defiende-pasar-de-la-barcelona-en-venta-a-la-ciudad-para-vivir\/#webpage","url":"https:\/\/eldigitaldeasturias.com\/magazine365\/el-ayuntamiento-defiende-pasar-de-la-barcelona-en-venta-a-la-ciudad-para-vivir\/","name":"El Ayuntamiento defiende pasar \u00abde la Barcelona en venta a la ciudad para vivir | El Digital de Asturias","description":"La teniente de alcalde de Ecolog\u00eda, Urbanismo y Movilidad, Janet Sanz, ha abogado este martes por un urbanismo justo, democr\u00e1tico, participativo y ambientalmente comprometido, dejar atr\u00e1s la idea de 'marca Barcelona' y pasar \"de la Barcelona en venta a la ciudad para vivir\". En una conferencia en la Tribuna Coac, que organiza el Colegio de","inLanguage":"es-ES","isPartOf":{"@id":"https:\/\/eldigitaldeasturias.com\/magazine365\/#website"},"breadcrumb":{"@id":"https:\/\/eldigitaldeasturias.com\/magazine365\/el-ayuntamiento-defiende-pasar-de-la-barcelona-en-venta-a-la-ciudad-para-vivir\/#breadcrumblist"},"author":{"@id":"https:\/\/eldigitaldeasturias.com\/magazine365\/author\/admin\/#author"},"creator":{"@id":"https:\/\/eldigitaldeasturias.com\/magazine365\/author\/admin\/#author"},"image":{"@type":"ImageObject","url":"https:\/\/eldigitaldeasturias.com\/magazine365\/wp-content\/uploads\/2016\/01\/fotonoticia_20160119222048_800.jpg","@id":"https:\/\/eldigitaldeasturias.com\/magazine365\/el-ayuntamiento-defiende-pasar-de-la-barcelona-en-venta-a-la-ciudad-para-vivir\/#mainImage","width":800,"height":486},"primaryImageOfPage":{"@id":"https:\/\/eldigitaldeasturias.com\/magazine365\/el-ayuntamiento-defiende-pasar-de-la-barcelona-en-venta-a-la-ciudad-para-vivir\/#mainImage"},"datePublished":"2016-01-21T12:52:38+01:00","dateModified":"2016-01-21T12:52:38+01:00"},{"@type":"WebSite","@id":"https:\/\/eldigitaldeasturias.com\/magazine365\/#website","url":"https:\/\/eldigitaldeasturias.com\/magazine365\/","name":"El Digital de Asturias","description":"Revista de ocio, turismo y estilo de vida","inLanguage":"es-ES","publisher":{"@id":"https:\/\/eldigitaldeasturias.com\/magazine365\/#organization"}}]},"og:locale":"es_ES","og:site_name":"El Digital de Asturias \u2013 Revista de ocio, turismo y estilo de vida","og:type":"article","og:title":"El Ayuntamiento defiende pasar \u00abde la Barcelona en venta a la ciudad para vivir | El Digital de Asturias","og:description":"La teniente de alcalde de Ecolog\u00eda, Urbanismo y Movilidad, Janet Sanz, ha abogado este martes por un urbanismo justo, democr\u00e1tico, participativo y ambientalmente comprometido, dejar atr\u00e1s la idea de 'marca Barcelona' y pasar &quot;de la Barcelona en venta a la ciudad para vivir&quot;. En una conferencia en la Tribuna Coac, que organiza el Colegio de","og:url":"https:\/\/eldigitaldeasturias.com\/magazine365\/el-ayuntamiento-defiende-pasar-de-la-barcelona-en-venta-a-la-ciudad-para-vivir\/","og:image":"https:\/\/eldigitaldeasturias.com\/magazine365\/wp-content\/uploads\/2016\/01\/fotonoticia_20160119222048_800.jpg","og:image:secure_url":"https:\/\/eldigitaldeasturias.com\/magazine365\/wp-content\/uploads\/2016\/01\/fotonoticia_20160119222048_800.jpg","og:image:width":800,"og:image:height":486,"article:published_time":"2016-01-21T11:52:38+00:00","article:modified_time":"2016-01-21T11:52:38+00:00","twitter:card":"summary_large_image","twitter:title":"El Ayuntamiento defiende pasar \u00abde la Barcelona en venta a la ciudad para vivir | El Digital de Asturias","twitter:description":"La teniente de alcalde de Ecolog\u00eda, Urbanismo y Movilidad, Janet Sanz, ha abogado este martes por un urbanismo justo, democr\u00e1tico, participativo y ambientalmente comprometido, dejar atr\u00e1s la idea de 'marca Barcelona' y pasar &quot;de la Barcelona en venta a la ciudad para vivir&quot;. En una conferencia en la Tribuna Coac, que organiza el Colegio de","twitter:image":"https:\/\/eldigitaldeasturias.com\/magazine365\/wp-content\/uploads\/2016\/01\/fotonoticia_20160119222048_800.jpg"},"aioseo_meta_data":{"post_id":"61242","title":null,"description":null,"keywords":null,"keyphrases":null,"primary_term":null,"canonical_url":null,"og_title":null,"og_description":null,"og_object_type":"default","og_image_type":"default","og_image_url":null,"og_image_width":null,"og_image_height":null,"og_image_custom_url":null,"og_image_custom_fields":null,"og_video":null,"og_custom_url":null,"og_article_section":null,"og_article_tags":null,"twitter_use_og":false,"twitter_card":"default","twitter_image_type":"default","twitter_image_url":null,"twitter_image_custom_url":null,"twitter_image_custom_fields":null,"twitter_title":null,"twitter_description":null,"schema":{"blockGraphs":[],"customGraphs":[],"default":{"data":{"Article":[],"Course":[],"Dataset":[],"FAQPage":[],"Movie":[],"Person":[],"Product":[],"ProductReview":[],"Car":[],"Recipe":[],"Service":[],"SoftwareApplication":[],"WebPage":[]},"graphName":"","isEnabled":true},"graphs":[],"defaultGraph":"","defaultPostTypeGraph":""},"schema_type":null,"schema_type_options":null,"pillar_content":false,"robots_default":true,"robots_noindex":false,"robots_noarchive":false,"robots_nosnippet":false,"robots_nofollow":false,"robots_noimageindex":false,"robots_noodp":false,"robots_notranslate":false,"robots_max_snippet":null,"robots_max_videopreview":null,"robots_max_imagepreview":"large","priority":null,"frequency":null,"location":null,"local_seo":null,"seo_analyzer_scan_date":"2025-09-25 08:33:40","breadcrumb_settings":null,"limit_modified_date":false,"open_ai":null,"ai":null,"created":"2021-03-08 21:51:42","updated":"2025-09-25 08:33:40"},"aioseo_breadcrumb":"<div class=\"aioseo-breadcrumbs\"><span class=\"aioseo-breadcrumb\">\n\t<a href=\"https:\/\/eldigitaldeasturias.com\/magazine365\" title=\"Home\">Home<\/a>\n<\/span><span class=\"aioseo-breadcrumb-separator\">\u2013<\/span><span class=\"aioseo-breadcrumb\">\n\t<a href=\"https:\/\/eldigitaldeasturias.com\/magazine365\/category\/noticias-actualidad\/\" title=\"Noticias y Actualidad\">Noticias y Actualidad<\/a>\n<\/span><span class=\"aioseo-breadcrumb-separator\">\u2013<\/span><span class=\"aioseo-breadcrumb\">\n\t<a href=\"https:\/\/eldigitaldeasturias.com\/magazine365\/el-ayuntamiento-defiende-pasar-de-la-barcelona-en-venta-a-la-ciudad-para-vivir\/\" title=\"El Ayuntamiento defiende pasar \u00abde la Barcelona en venta a la ciudad para vivir\">El Ayuntamiento defiende pasar \u00abde la Barcelona en venta a la ciudad para vivir<\/a>\n<\/span><\/div>","aioseo_breadcrumb_json":[{"label":"Home","link":"https:\/\/eldigitaldeasturias.com\/magazine365"},{"label":"Noticias y Actualidad","link":"https:\/\/eldigitaldeasturias.com\/magazine365\/category\/noticias-actualidad\/"},{"label":"El Ayuntamiento defiende pasar \u00abde la Barcelona en venta a la ciudad para vivir","link":"https:\/\/eldigitaldeasturias.com\/magazine365\/el-ayuntamiento-defiende-pasar-de-la-barcelona-en-venta-a-la-ciudad-para-vivir\/"}],"_links":{"self":[{"href":"https:\/\/eldigitaldeasturias.com\/magazine365\/wp-json\/wp\/v2\/posts\/61242","targetHints":{"allow":["GET"]}}],"collection":[{"href":"https:\/\/eldigitaldeasturias.com\/magazine365\/wp-json\/wp\/v2\/posts"}],"about":[{"href":"https:\/\/eldigitaldeasturias.com\/magazine365\/wp-json\/wp\/v2\/types\/post"}],"author":[{"embeddable":true,"href":"https:\/\/eldigitaldeasturias.com\/magazine365\/wp-json\/wp\/v2\/users\/1"}],"replies":[{"embeddable":true,"href":"https:\/\/eldigitaldeasturias.com\/magazine365\/wp-json\/wp\/v2\/comments?post=61242"}],"version-history":[{"count":0,"href":"https:\/\/eldigitaldeasturias.com\/magazine365\/wp-json\/wp\/v2\/posts\/61242\/revisions"}],"wp:featuredmedia":[{"embeddable":true,"href":"https:\/\/eldigitaldeasturias.com\/magazine365\/wp-json\/wp\/v2\/media\/61243"}],"wp:attachment":[{"href":"https:\/\/eldigitaldeasturias.com\/magazine365\/wp-json\/wp\/v2\/media?parent=61242"}],"wp:term":[{"taxonomy":"category","embeddable":true,"href":"https:\/\/eldigitaldeasturias.com\/magazine365\/wp-json\/wp\/v2\/categories?post=61242"},{"taxonomy":"post_tag","embeddable":true,"href":"https:\/\/eldigitaldeasturias.com\/magazine365\/wp-json\/wp\/v2\/tags?post=61242"}],"curies":[{"name":"wp","href":"https:\/\/api.w.org\/{rel}","templated":true}]}}