{"id":61239,"date":"2016-01-21T12:51:48","date_gmt":"2016-01-21T11:51:48","guid":{"rendered":"http:\/\/eldigitaldeasturias.com\/magazine365\/?p=61239"},"modified":"2016-01-21T12:51:48","modified_gmt":"2016-01-21T11:51:48","slug":"galicia-canarias-y-comunidad-valenciana-piden-que-sector-publico-y-privado-colaboren-en-el-crecimiento-turistico","status":"publish","type":"post","link":"https:\/\/eldigitaldeasturias.com\/magazine365\/galicia-canarias-y-comunidad-valenciana-piden-que-sector-publico-y-privado-colaboren-en-el-crecimiento-turistico\/","title":{"rendered":"Galicia, Canarias y Comunidad Valenciana piden que sector p\u00fablico y privado colaboren en el crecimiento tur\u00edstico"},"content":{"rendered":"<p><img fetchpriority=\"high\" decoding=\"async\" class=\"alignleft size-medium wp-image-61240\" src=\"https:\/\/eldigitaldeasturias.com\/magazine365\/wp-content\/uploads\/2016\/01\/fotonoticia_20160119220159_800-360x232.jpg\" alt=\"fotonoticia_20160119220159_800\" width=\"360\" height=\"232\" srcset=\"https:\/\/eldigitaldeasturias.com\/magazine365\/wp-content\/uploads\/2016\/01\/fotonoticia_20160119220159_800-360x232.jpg 360w, https:\/\/eldigitaldeasturias.com\/magazine365\/wp-content\/uploads\/2016\/01\/fotonoticia_20160119220159_800-650x418.jpg 650w, https:\/\/eldigitaldeasturias.com\/magazine365\/wp-content\/uploads\/2016\/01\/fotonoticia_20160119220159_800-768x494.jpg 768w, https:\/\/eldigitaldeasturias.com\/magazine365\/wp-content\/uploads\/2016\/01\/fotonoticia_20160119220159_800-150x97.jpg 150w, https:\/\/eldigitaldeasturias.com\/magazine365\/wp-content\/uploads\/2016\/01\/fotonoticia_20160119220159_800-450x290.jpg 450w, https:\/\/eldigitaldeasturias.com\/magazine365\/wp-content\/uploads\/2016\/01\/fotonoticia_20160119220159_800-696x448.jpg 696w, https:\/\/eldigitaldeasturias.com\/magazine365\/wp-content\/uploads\/2016\/01\/fotonoticia_20160119220159_800-652x420.jpg 652w, https:\/\/eldigitaldeasturias.com\/magazine365\/wp-content\/uploads\/2016\/01\/fotonoticia_20160119220159_800-225x145.jpg 225w, https:\/\/eldigitaldeasturias.com\/magazine365\/wp-content\/uploads\/2016\/01\/fotonoticia_20160119220159_800-121x79.jpg 121w, https:\/\/eldigitaldeasturias.com\/magazine365\/wp-content\/uploads\/2016\/01\/fotonoticia_20160119220159_800-101x66.jpg 101w, https:\/\/eldigitaldeasturias.com\/magazine365\/wp-content\/uploads\/2016\/01\/fotonoticia_20160119220159_800.jpg 800w\" sizes=\"(max-width: 360px) 100vw, 360px\" \/>Los presidentes auton\u00f3micos de Galicia, Comunidad Valencia y Canarias, Alberto N\u00fa\u00f1ez Feij\u00f3o, Ximo Puig y Fernando Clavijo, respectivamente, han coincidido este martes en que el sector tur\u00edstico en Espa\u00f1a es de \u00abcalidad\u00bb y que ahora es el momento oportuno para que las administraciones p\u00fablicas y privadas colaboren para que siga creciendo.<\/p>\n<p>En el coloquio &#8216;Claves para potenciar el turismo y reforzar la cooperaci\u00f3n tur\u00edstica interinstitucional y p\u00fablico-privada en esta legislatura&#8217;, en el marco del 8\u00ba Foro de Liderazgo tur\u00edstico de Exceltur, celebrado este martes en IFEMA, los tres presidentes auton\u00f3micos han destacado que el turismo est\u00e1 viviendo su etapa de madurez, pero, a\u00fan as\u00ed, hay que ser \u00abconscientes\u00bb de lo que no se ha hecho adecuadamente en ocasiones anteriores, tal y como ha dicho el presidente valenciano, Ximo Puig.<\/p>\n<p>Feij\u00f3o &#8211;que ha se\u00f1alado que Espa\u00f1a tiene una gran red de infraestructuras, las cu\u00e1les son \u00abexcelentes\u00bb y que tienen que estar \u00abcoordinadas\u00bb para que no se conviertan en un \u00ab&#8216;handicap'\u00bb&#8211; ha dicho que es \u00abuna buena noticia\u00bb que el sector se encuentre en la fase de maduraci\u00f3n porque, gracias a ello, Espa\u00f1a puede seguir \u00abdepositando (en el turismo) las capacidades de crecimiento\u00bb para seguir \u00abmejorando y perfeccionando\u00bb en relaci\u00f3n a la calidad. \u00abEl turismo es una puerta de entrada a un pa\u00eds. Los que visitan son los prescriptores del turismo espa\u00f1ol\u00bb, ha a\u00f1adido.<\/p>\n<p>En este sentido, el presidente gallego ha afirmado que una de las principales t\u00e9cnicas para ello es que las administraciones p\u00fablicas \u00abcierren\u00bb con el propio sector los productos que hay que \u00abincentivar\u00bb desde el punto de vista promocional. As\u00ed pues, ha reclamado m\u00e1s formaci\u00f3n y m\u00e1s tecnolog\u00edas para aumentar la calidad del turismo espa\u00f1ol.<\/p>\n<p>NORMATIVA COM\u00daN<\/p>\n<p>Otras de las cuestiones que se han debatido ha sido la necesidad de un marco com\u00fan en materia legislativa. En esta l\u00ednea, el dirigente popular ha recalcado que, teniendo en cuenta que Espa\u00f1a es un pa\u00eds con mucha diversidad en todo su territorio, es necesario que haya una pol\u00edtica econ\u00f3mica \u00abcontempor\u00e1nea\u00bb, que marque una \u00abestabilidad\u00bb a ra\u00edz de unas \u00abnormas con criterio de persistencia\u00bb.<\/p>\n<p>Asimismo, ha considerado \u00aboportuno\u00bb que haya una autoridad concreta, como es el caso de la Uni\u00f3n Europea, que sea la que fije los criterios y otorgue los distintivos como las banderas azules o la &#8216;Q&#8217; de calidad.<\/p>\n<p>Para Fernando Clavijo, que exista un marco general dentro de la UE es algo \u00abpositivo\u00bb porque hay muchas diferencias entre las comunidades aut\u00f3nomas. De hecho, ha denunciado que el principal problema en la normativa \u00abno es su diversidad\u00bb, sino la interpretaci\u00f3n que hacen los profesionales de la misma. \u00abLa misma norma, los ayuntamientos la interpretan de distinta manera\u00bb, ha indicado.<\/p>\n<p>\u00abHay muchas cosas que las tiene que decir Europa, porque as\u00ed lo decidimos\u00bb, ha sentenciado Puig ,quien ha defendido que el \u00abcentralismo\u00bb no es la mejor soluci\u00f3n y, para ello ha solicitado que exista una \u00abcoordinaci\u00f3n horizontal\u00bb para llegar acuerdos y ayudar al emprendedor.<\/p>\n<p>IMPUESTOS ESPECIALES EN EL SECTOR<\/p>\n<p>Por \u00faltimo, el debate se ha centrado en la posibilidad de implantar un impuesto especial sobre el turismo y el arrendamiento de viviendas temporales, que Clavijo ha rechazado por completo.<\/p>\n<p>En esta misma l\u00ednea se ha encontrado Puig, que ha recordado que sobre las \u00abreformas fiscales no se puede improvisar\u00bb, al mismo tiempo que ha apostillado que su gobierno est\u00e1 \u00ababierto a cofinanciar proyectos concretos con empresarios, a trav\u00e9s de varias f\u00f3rmulas\u00bb.<\/p>\n<p>Sin embargo, N\u00fa\u00f1ez Feij\u00f3o no se ha mostrado contrario a este impuesto si el sector quiere \u00abplantearlo\u00bb, aunque, en su opini\u00f3n, no es \u00abaconsejable\u00bb, ya que el IVA ya est\u00e1 integrado en el precio final.<\/p>\n<p>En este debate, que ha sido moderado por el presidente de Exceltur y de Hotusa, Amancio L\u00f3pez, tambi\u00e9n han participado el presidente ejecutivo de Air Nostrum, Carlos Bartomeu, la consejera delegada de Riu Hoteles &amp; Resorts, Carmen Riu, y el presidente de Renfe, Pablo V\u00e1zquez.<\/p>\n","protected":false},"excerpt":{"rendered":"<p>Los presidentes auton\u00f3micos de Galicia, Comunidad Valencia y Canarias, Alberto N\u00fa\u00f1ez Feij\u00f3o, Ximo Puig y Fernando Clavijo, respectivamente, han coincidido este martes en que el sector tur\u00edstico en Espa\u00f1a es de \u00abcalidad\u00bb y que ahora es el momento oportuno para que las administraciones p\u00fablicas y privadas colaboren para que siga creciendo. En el coloquio &#8216;Claves<\/p>\n","protected":false},"author":1,"featured_media":61240,"comment_status":"open","ping_status":"closed","sticky":false,"template":"","format":"standard","meta":{"footnotes":""},"categories":[224],"tags":[],"class_list":{"0":"post-61239","1":"post","2":"type-post","3":"status-publish","4":"format-standard","5":"has-post-thumbnail","7":"category-noticias-actualidad"},"aioseo_notices":[],"aioseo_head":"\n\t\t<!-- All in One SEO Pro 4.9.6.1 - aioseo.com -->\n\t<meta name=\"description\" content=\"Los presidentes auton\u00f3micos de Galicia, Comunidad Valencia y Canarias, Alberto N\u00fa\u00f1ez Feij\u00f3o, Ximo Puig y Fernando Clavijo, respectivamente, han coincidido este martes en que el sector tur\u00edstico en Espa\u00f1a es de &quot;calidad&quot; y que ahora es el momento oportuno para que las administraciones p\u00fablicas y privadas colaboren para que siga creciendo. En el coloquio &#039;Claves\" \/>\n\t<meta name=\"robots\" content=\"max-image-preview:large\" \/>\n\t<meta name=\"author\" content=\"admin\"\/>\n\t<meta name=\"google-site-verification\" content=\"UA-38556648-1\" \/>\n\t<meta name=\"keywords\" content=\"noticias y actualidad\" \/>\n\t<link rel=\"canonical\" href=\"https:\/\/eldigitaldeasturias.com\/magazine365\/galicia-canarias-y-comunidad-valenciana-piden-que-sector-publico-y-privado-colaboren-en-el-crecimiento-turistico\/\" \/>\n\t<meta name=\"generator\" content=\"All in One SEO Pro (AIOSEO) 4.9.6.1\" \/>\n\t\t<meta property=\"og:locale\" content=\"es_ES\" \/>\n\t\t<meta property=\"og:site_name\" content=\"El Digital de Asturias \u2013 Revista de ocio, turismo y estilo de vida\" \/>\n\t\t<meta property=\"og:type\" content=\"article\" \/>\n\t\t<meta property=\"og:title\" content=\"Galicia, Canarias y Comunidad Valenciana piden que sector p\u00fablico y privado colaboren en el crecimiento tur\u00edstico | El Digital de Asturias\" \/>\n\t\t<meta property=\"og:description\" content=\"Los presidentes auton\u00f3micos de Galicia, Comunidad Valencia y Canarias, Alberto N\u00fa\u00f1ez Feij\u00f3o, Ximo Puig y Fernando Clavijo, respectivamente, han coincidido este martes en que el sector tur\u00edstico en Espa\u00f1a es de &quot;calidad&quot; y que ahora es el momento oportuno para que las administraciones p\u00fablicas y privadas colaboren para que siga creciendo. En el coloquio &#039;Claves\" \/>\n\t\t<meta property=\"og:url\" content=\"https:\/\/eldigitaldeasturias.com\/magazine365\/galicia-canarias-y-comunidad-valenciana-piden-que-sector-publico-y-privado-colaboren-en-el-crecimiento-turistico\/\" \/>\n\t\t<meta property=\"og:image\" content=\"https:\/\/eldigitaldeasturias.com\/magazine365\/wp-content\/uploads\/2016\/01\/fotonoticia_20160119220159_800.jpg\" \/>\n\t\t<meta property=\"og:image:secure_url\" content=\"https:\/\/eldigitaldeasturias.com\/magazine365\/wp-content\/uploads\/2016\/01\/fotonoticia_20160119220159_800.jpg\" \/>\n\t\t<meta property=\"og:image:width\" content=\"800\" \/>\n\t\t<meta property=\"og:image:height\" content=\"515\" \/>\n\t\t<meta property=\"article:published_time\" content=\"2016-01-21T11:51:48+00:00\" \/>\n\t\t<meta property=\"article:modified_time\" content=\"2016-01-21T11:51:48+00:00\" \/>\n\t\t<meta name=\"twitter:card\" content=\"summary_large_image\" \/>\n\t\t<meta name=\"twitter:title\" content=\"Galicia, Canarias y Comunidad Valenciana piden que sector p\u00fablico y privado colaboren en el crecimiento tur\u00edstico | El Digital de Asturias\" \/>\n\t\t<meta name=\"twitter:description\" content=\"Los presidentes auton\u00f3micos de Galicia, Comunidad Valencia y Canarias, Alberto N\u00fa\u00f1ez Feij\u00f3o, Ximo Puig y Fernando Clavijo, respectivamente, han coincidido este martes en que el sector tur\u00edstico en Espa\u00f1a es de &quot;calidad&quot; y que ahora es el momento oportuno para que las administraciones p\u00fablicas y privadas colaboren para que siga creciendo. En el coloquio &#039;Claves\" \/>\n\t\t<meta name=\"twitter:image\" content=\"https:\/\/eldigitaldeasturias.com\/magazine365\/wp-content\/uploads\/2016\/01\/fotonoticia_20160119220159_800.jpg\" \/>\n\t\t<script type=\"application\/ld+json\" class=\"aioseo-schema\">\n\t\t\t{\"@context\":\"https:\\\/\\\/schema.org\",\"@graph\":[{\"@type\":\"Article\",\"@id\":\"https:\\\/\\\/eldigitaldeasturias.com\\\/magazine365\\\/galicia-canarias-y-comunidad-valenciana-piden-que-sector-publico-y-privado-colaboren-en-el-crecimiento-turistico\\\/#article\",\"name\":\"Galicia, Canarias y Comunidad Valenciana piden que sector p\\u00fablico y privado colaboren en el crecimiento tur\\u00edstico | El Digital de Asturias\",\"headline\":\"Galicia, Canarias y Comunidad Valenciana piden que sector p\\u00fablico y privado colaboren en el crecimiento tur\\u00edstico\",\"author\":{\"@id\":\"https:\\\/\\\/eldigitaldeasturias.com\\\/magazine365\\\/author\\\/admin\\\/#author\"},\"publisher\":{\"@id\":\"https:\\\/\\\/eldigitaldeasturias.com\\\/magazine365\\\/#organization\"},\"image\":{\"@type\":\"ImageObject\",\"url\":\"https:\\\/\\\/eldigitaldeasturias.com\\\/magazine365\\\/wp-content\\\/uploads\\\/2016\\\/01\\\/fotonoticia_20160119220159_800.jpg\",\"width\":800,\"height\":515},\"datePublished\":\"2016-01-21T12:51:48+01:00\",\"dateModified\":\"2016-01-21T12:51:48+01:00\",\"inLanguage\":\"es-ES\",\"mainEntityOfPage\":{\"@id\":\"https:\\\/\\\/eldigitaldeasturias.com\\\/magazine365\\\/galicia-canarias-y-comunidad-valenciana-piden-que-sector-publico-y-privado-colaboren-en-el-crecimiento-turistico\\\/#webpage\"},\"isPartOf\":{\"@id\":\"https:\\\/\\\/eldigitaldeasturias.com\\\/magazine365\\\/galicia-canarias-y-comunidad-valenciana-piden-que-sector-publico-y-privado-colaboren-en-el-crecimiento-turistico\\\/#webpage\"},\"articleSection\":\"Noticias y Actualidad\"},{\"@type\":\"BreadcrumbList\",\"@id\":\"https:\\\/\\\/eldigitaldeasturias.com\\\/magazine365\\\/galicia-canarias-y-comunidad-valenciana-piden-que-sector-publico-y-privado-colaboren-en-el-crecimiento-turistico\\\/#breadcrumblist\",\"itemListElement\":[{\"@type\":\"ListItem\",\"@id\":\"https:\\\/\\\/eldigitaldeasturias.com\\\/magazine365#listItem\",\"position\":1,\"name\":\"Home\",\"item\":\"https:\\\/\\\/eldigitaldeasturias.com\\\/magazine365\",\"nextItem\":{\"@type\":\"ListItem\",\"@id\":\"https:\\\/\\\/eldigitaldeasturias.com\\\/magazine365\\\/category\\\/noticias-actualidad\\\/#listItem\",\"name\":\"Noticias y Actualidad\"}},{\"@type\":\"ListItem\",\"@id\":\"https:\\\/\\\/eldigitaldeasturias.com\\\/magazine365\\\/category\\\/noticias-actualidad\\\/#listItem\",\"position\":2,\"name\":\"Noticias y Actualidad\",\"item\":\"https:\\\/\\\/eldigitaldeasturias.com\\\/magazine365\\\/category\\\/noticias-actualidad\\\/\",\"nextItem\":{\"@type\":\"ListItem\",\"@id\":\"https:\\\/\\\/eldigitaldeasturias.com\\\/magazine365\\\/galicia-canarias-y-comunidad-valenciana-piden-que-sector-publico-y-privado-colaboren-en-el-crecimiento-turistico\\\/#listItem\",\"name\":\"Galicia, Canarias y Comunidad Valenciana piden que sector p\\u00fablico y privado colaboren en el crecimiento tur\\u00edstico\"},\"previousItem\":{\"@type\":\"ListItem\",\"@id\":\"https:\\\/\\\/eldigitaldeasturias.com\\\/magazine365#listItem\",\"name\":\"Home\"}},{\"@type\":\"ListItem\",\"@id\":\"https:\\\/\\\/eldigitaldeasturias.com\\\/magazine365\\\/galicia-canarias-y-comunidad-valenciana-piden-que-sector-publico-y-privado-colaboren-en-el-crecimiento-turistico\\\/#listItem\",\"position\":3,\"name\":\"Galicia, Canarias y Comunidad Valenciana piden que sector p\\u00fablico y privado colaboren en el crecimiento tur\\u00edstico\",\"previousItem\":{\"@type\":\"ListItem\",\"@id\":\"https:\\\/\\\/eldigitaldeasturias.com\\\/magazine365\\\/category\\\/noticias-actualidad\\\/#listItem\",\"name\":\"Noticias y Actualidad\"}}]},{\"@type\":\"Organization\",\"@id\":\"https:\\\/\\\/eldigitaldeasturias.com\\\/magazine365\\\/#organization\",\"name\":\"El digital de Asturias\",\"description\":\"Revista de ocio, turismo y estilo de vida\",\"url\":\"https:\\\/\\\/eldigitaldeasturias.com\\\/magazine365\\\/\",\"logo\":{\"@type\":\"ImageObject\",\"url\":\"https:\\\/\\\/www.eldigitaldeasturias.com\\\/noticias\\\/wp-content\\\/uploads\\\/2020\\\/12\\\/EDA.jpg\",\"@id\":\"https:\\\/\\\/eldigitaldeasturias.com\\\/magazine365\\\/galicia-canarias-y-comunidad-valenciana-piden-que-sector-publico-y-privado-colaboren-en-el-crecimiento-turistico\\\/#organizationLogo\"},\"image\":{\"@id\":\"https:\\\/\\\/eldigitaldeasturias.com\\\/magazine365\\\/galicia-canarias-y-comunidad-valenciana-piden-que-sector-publico-y-privado-colaboren-en-el-crecimiento-turistico\\\/#organizationLogo\"}},{\"@type\":\"Person\",\"@id\":\"https:\\\/\\\/eldigitaldeasturias.com\\\/magazine365\\\/author\\\/admin\\\/#author\",\"url\":\"https:\\\/\\\/eldigitaldeasturias.com\\\/magazine365\\\/author\\\/admin\\\/\",\"name\":\"admin\",\"image\":{\"@type\":\"ImageObject\",\"@id\":\"https:\\\/\\\/eldigitaldeasturias.com\\\/magazine365\\\/galicia-canarias-y-comunidad-valenciana-piden-que-sector-publico-y-privado-colaboren-en-el-crecimiento-turistico\\\/#authorImage\",\"url\":\"https:\\\/\\\/eldigitaldeasturias.com\\\/magazine365\\\/wp-content\\\/litespeed\\\/avatar\\\/e571bcf59a0edd6fa6838245a470f2fe.jpg?ver=1776969259\",\"width\":96,\"height\":96,\"caption\":\"admin\"}},{\"@type\":\"WebPage\",\"@id\":\"https:\\\/\\\/eldigitaldeasturias.com\\\/magazine365\\\/galicia-canarias-y-comunidad-valenciana-piden-que-sector-publico-y-privado-colaboren-en-el-crecimiento-turistico\\\/#webpage\",\"url\":\"https:\\\/\\\/eldigitaldeasturias.com\\\/magazine365\\\/galicia-canarias-y-comunidad-valenciana-piden-que-sector-publico-y-privado-colaboren-en-el-crecimiento-turistico\\\/\",\"name\":\"Galicia, Canarias y Comunidad Valenciana piden que sector p\\u00fablico y privado colaboren en el crecimiento tur\\u00edstico | El Digital de Asturias\",\"description\":\"Los presidentes auton\\u00f3micos de Galicia, Comunidad Valencia y Canarias, Alberto N\\u00fa\\u00f1ez Feij\\u00f3o, Ximo Puig y Fernando Clavijo, respectivamente, han coincidido este martes en que el sector tur\\u00edstico en Espa\\u00f1a es de \\\"calidad\\\" y que ahora es el momento oportuno para que las administraciones p\\u00fablicas y privadas colaboren para que siga creciendo. En el coloquio 'Claves\",\"inLanguage\":\"es-ES\",\"isPartOf\":{\"@id\":\"https:\\\/\\\/eldigitaldeasturias.com\\\/magazine365\\\/#website\"},\"breadcrumb\":{\"@id\":\"https:\\\/\\\/eldigitaldeasturias.com\\\/magazine365\\\/galicia-canarias-y-comunidad-valenciana-piden-que-sector-publico-y-privado-colaboren-en-el-crecimiento-turistico\\\/#breadcrumblist\"},\"author\":{\"@id\":\"https:\\\/\\\/eldigitaldeasturias.com\\\/magazine365\\\/author\\\/admin\\\/#author\"},\"creator\":{\"@id\":\"https:\\\/\\\/eldigitaldeasturias.com\\\/magazine365\\\/author\\\/admin\\\/#author\"},\"image\":{\"@type\":\"ImageObject\",\"url\":\"https:\\\/\\\/eldigitaldeasturias.com\\\/magazine365\\\/wp-content\\\/uploads\\\/2016\\\/01\\\/fotonoticia_20160119220159_800.jpg\",\"@id\":\"https:\\\/\\\/eldigitaldeasturias.com\\\/magazine365\\\/galicia-canarias-y-comunidad-valenciana-piden-que-sector-publico-y-privado-colaboren-en-el-crecimiento-turistico\\\/#mainImage\",\"width\":800,\"height\":515},\"primaryImageOfPage\":{\"@id\":\"https:\\\/\\\/eldigitaldeasturias.com\\\/magazine365\\\/galicia-canarias-y-comunidad-valenciana-piden-que-sector-publico-y-privado-colaboren-en-el-crecimiento-turistico\\\/#mainImage\"},\"datePublished\":\"2016-01-21T12:51:48+01:00\",\"dateModified\":\"2016-01-21T12:51:48+01:00\"},{\"@type\":\"WebSite\",\"@id\":\"https:\\\/\\\/eldigitaldeasturias.com\\\/magazine365\\\/#website\",\"url\":\"https:\\\/\\\/eldigitaldeasturias.com\\\/magazine365\\\/\",\"name\":\"El Digital de Asturias\",\"description\":\"Revista de ocio, turismo y estilo de vida\",\"inLanguage\":\"es-ES\",\"publisher\":{\"@id\":\"https:\\\/\\\/eldigitaldeasturias.com\\\/magazine365\\\/#organization\"}}]}\n\t\t<\/script>\n\t\t<!-- All in One SEO Pro -->\r\n\t\t<title>Galicia, Canarias y Comunidad Valenciana piden que sector p\u00fablico y privado colaboren en el crecimiento tur\u00edstico | El Digital de Asturias<\/title>\n\n","aioseo_head_json":{"title":"Galicia, Canarias y Comunidad Valenciana piden que sector p\u00fablico y privado colaboren en el crecimiento tur\u00edstico | El Digital de Asturias","description":"Los presidentes auton\u00f3micos de Galicia, Comunidad Valencia y Canarias, Alberto N\u00fa\u00f1ez Feij\u00f3o, Ximo Puig y Fernando Clavijo, respectivamente, han coincidido este martes en que el sector tur\u00edstico en Espa\u00f1a es de \"calidad\" y que ahora es el momento oportuno para que las administraciones p\u00fablicas y privadas colaboren para que siga creciendo. En el coloquio 'Claves","canonical_url":"https:\/\/eldigitaldeasturias.com\/magazine365\/galicia-canarias-y-comunidad-valenciana-piden-que-sector-publico-y-privado-colaboren-en-el-crecimiento-turistico\/","robots":"max-image-preview:large","keywords":"noticias y actualidad","webmasterTools":{"google-site-verification":"UA-38556648-1","miscellaneous":""},"schema":{"@context":"https:\/\/schema.org","@graph":[{"@type":"Article","@id":"https:\/\/eldigitaldeasturias.com\/magazine365\/galicia-canarias-y-comunidad-valenciana-piden-que-sector-publico-y-privado-colaboren-en-el-crecimiento-turistico\/#article","name":"Galicia, Canarias y Comunidad Valenciana piden que sector p\u00fablico y privado colaboren en el crecimiento tur\u00edstico | El Digital de Asturias","headline":"Galicia, Canarias y Comunidad Valenciana piden que sector p\u00fablico y privado colaboren en el crecimiento tur\u00edstico","author":{"@id":"https:\/\/eldigitaldeasturias.com\/magazine365\/author\/admin\/#author"},"publisher":{"@id":"https:\/\/eldigitaldeasturias.com\/magazine365\/#organization"},"image":{"@type":"ImageObject","url":"https:\/\/eldigitaldeasturias.com\/magazine365\/wp-content\/uploads\/2016\/01\/fotonoticia_20160119220159_800.jpg","width":800,"height":515},"datePublished":"2016-01-21T12:51:48+01:00","dateModified":"2016-01-21T12:51:48+01:00","inLanguage":"es-ES","mainEntityOfPage":{"@id":"https:\/\/eldigitaldeasturias.com\/magazine365\/galicia-canarias-y-comunidad-valenciana-piden-que-sector-publico-y-privado-colaboren-en-el-crecimiento-turistico\/#webpage"},"isPartOf":{"@id":"https:\/\/eldigitaldeasturias.com\/magazine365\/galicia-canarias-y-comunidad-valenciana-piden-que-sector-publico-y-privado-colaboren-en-el-crecimiento-turistico\/#webpage"},"articleSection":"Noticias y Actualidad"},{"@type":"BreadcrumbList","@id":"https:\/\/eldigitaldeasturias.com\/magazine365\/galicia-canarias-y-comunidad-valenciana-piden-que-sector-publico-y-privado-colaboren-en-el-crecimiento-turistico\/#breadcrumblist","itemListElement":[{"@type":"ListItem","@id":"https:\/\/eldigitaldeasturias.com\/magazine365#listItem","position":1,"name":"Home","item":"https:\/\/eldigitaldeasturias.com\/magazine365","nextItem":{"@type":"ListItem","@id":"https:\/\/eldigitaldeasturias.com\/magazine365\/category\/noticias-actualidad\/#listItem","name":"Noticias y Actualidad"}},{"@type":"ListItem","@id":"https:\/\/eldigitaldeasturias.com\/magazine365\/category\/noticias-actualidad\/#listItem","position":2,"name":"Noticias y Actualidad","item":"https:\/\/eldigitaldeasturias.com\/magazine365\/category\/noticias-actualidad\/","nextItem":{"@type":"ListItem","@id":"https:\/\/eldigitaldeasturias.com\/magazine365\/galicia-canarias-y-comunidad-valenciana-piden-que-sector-publico-y-privado-colaboren-en-el-crecimiento-turistico\/#listItem","name":"Galicia, Canarias y Comunidad Valenciana piden que sector p\u00fablico y privado colaboren en el crecimiento tur\u00edstico"},"previousItem":{"@type":"ListItem","@id":"https:\/\/eldigitaldeasturias.com\/magazine365#listItem","name":"Home"}},{"@type":"ListItem","@id":"https:\/\/eldigitaldeasturias.com\/magazine365\/galicia-canarias-y-comunidad-valenciana-piden-que-sector-publico-y-privado-colaboren-en-el-crecimiento-turistico\/#listItem","position":3,"name":"Galicia, Canarias y Comunidad Valenciana piden que sector p\u00fablico y privado colaboren en el crecimiento tur\u00edstico","previousItem":{"@type":"ListItem","@id":"https:\/\/eldigitaldeasturias.com\/magazine365\/category\/noticias-actualidad\/#listItem","name":"Noticias y Actualidad"}}]},{"@type":"Organization","@id":"https:\/\/eldigitaldeasturias.com\/magazine365\/#organization","name":"El digital de Asturias","description":"Revista de ocio, turismo y estilo de vida","url":"https:\/\/eldigitaldeasturias.com\/magazine365\/","logo":{"@type":"ImageObject","url":"https:\/\/www.eldigitaldeasturias.com\/noticias\/wp-content\/uploads\/2020\/12\/EDA.jpg","@id":"https:\/\/eldigitaldeasturias.com\/magazine365\/galicia-canarias-y-comunidad-valenciana-piden-que-sector-publico-y-privado-colaboren-en-el-crecimiento-turistico\/#organizationLogo"},"image":{"@id":"https:\/\/eldigitaldeasturias.com\/magazine365\/galicia-canarias-y-comunidad-valenciana-piden-que-sector-publico-y-privado-colaboren-en-el-crecimiento-turistico\/#organizationLogo"}},{"@type":"Person","@id":"https:\/\/eldigitaldeasturias.com\/magazine365\/author\/admin\/#author","url":"https:\/\/eldigitaldeasturias.com\/magazine365\/author\/admin\/","name":"admin","image":{"@type":"ImageObject","@id":"https:\/\/eldigitaldeasturias.com\/magazine365\/galicia-canarias-y-comunidad-valenciana-piden-que-sector-publico-y-privado-colaboren-en-el-crecimiento-turistico\/#authorImage","url":"https:\/\/eldigitaldeasturias.com\/magazine365\/wp-content\/litespeed\/avatar\/e571bcf59a0edd6fa6838245a470f2fe.jpg?ver=1776969259","width":96,"height":96,"caption":"admin"}},{"@type":"WebPage","@id":"https:\/\/eldigitaldeasturias.com\/magazine365\/galicia-canarias-y-comunidad-valenciana-piden-que-sector-publico-y-privado-colaboren-en-el-crecimiento-turistico\/#webpage","url":"https:\/\/eldigitaldeasturias.com\/magazine365\/galicia-canarias-y-comunidad-valenciana-piden-que-sector-publico-y-privado-colaboren-en-el-crecimiento-turistico\/","name":"Galicia, Canarias y Comunidad Valenciana piden que sector p\u00fablico y privado colaboren en el crecimiento tur\u00edstico | El Digital de Asturias","description":"Los presidentes auton\u00f3micos de Galicia, Comunidad Valencia y Canarias, Alberto N\u00fa\u00f1ez Feij\u00f3o, Ximo Puig y Fernando Clavijo, respectivamente, han coincidido este martes en que el sector tur\u00edstico en Espa\u00f1a es de \"calidad\" y que ahora es el momento oportuno para que las administraciones p\u00fablicas y privadas colaboren para que siga creciendo. En el coloquio 'Claves","inLanguage":"es-ES","isPartOf":{"@id":"https:\/\/eldigitaldeasturias.com\/magazine365\/#website"},"breadcrumb":{"@id":"https:\/\/eldigitaldeasturias.com\/magazine365\/galicia-canarias-y-comunidad-valenciana-piden-que-sector-publico-y-privado-colaboren-en-el-crecimiento-turistico\/#breadcrumblist"},"author":{"@id":"https:\/\/eldigitaldeasturias.com\/magazine365\/author\/admin\/#author"},"creator":{"@id":"https:\/\/eldigitaldeasturias.com\/magazine365\/author\/admin\/#author"},"image":{"@type":"ImageObject","url":"https:\/\/eldigitaldeasturias.com\/magazine365\/wp-content\/uploads\/2016\/01\/fotonoticia_20160119220159_800.jpg","@id":"https:\/\/eldigitaldeasturias.com\/magazine365\/galicia-canarias-y-comunidad-valenciana-piden-que-sector-publico-y-privado-colaboren-en-el-crecimiento-turistico\/#mainImage","width":800,"height":515},"primaryImageOfPage":{"@id":"https:\/\/eldigitaldeasturias.com\/magazine365\/galicia-canarias-y-comunidad-valenciana-piden-que-sector-publico-y-privado-colaboren-en-el-crecimiento-turistico\/#mainImage"},"datePublished":"2016-01-21T12:51:48+01:00","dateModified":"2016-01-21T12:51:48+01:00"},{"@type":"WebSite","@id":"https:\/\/eldigitaldeasturias.com\/magazine365\/#website","url":"https:\/\/eldigitaldeasturias.com\/magazine365\/","name":"El Digital de Asturias","description":"Revista de ocio, turismo y estilo de vida","inLanguage":"es-ES","publisher":{"@id":"https:\/\/eldigitaldeasturias.com\/magazine365\/#organization"}}]},"og:locale":"es_ES","og:site_name":"El Digital de Asturias \u2013 Revista de ocio, turismo y estilo de vida","og:type":"article","og:title":"Galicia, Canarias y Comunidad Valenciana piden que sector p\u00fablico y privado colaboren en el crecimiento tur\u00edstico | El Digital de Asturias","og:description":"Los presidentes auton\u00f3micos de Galicia, Comunidad Valencia y Canarias, Alberto N\u00fa\u00f1ez Feij\u00f3o, Ximo Puig y Fernando Clavijo, respectivamente, han coincidido este martes en que el sector tur\u00edstico en Espa\u00f1a es de &quot;calidad&quot; y que ahora es el momento oportuno para que las administraciones p\u00fablicas y privadas colaboren para que siga creciendo. En el coloquio 'Claves","og:url":"https:\/\/eldigitaldeasturias.com\/magazine365\/galicia-canarias-y-comunidad-valenciana-piden-que-sector-publico-y-privado-colaboren-en-el-crecimiento-turistico\/","og:image":"https:\/\/eldigitaldeasturias.com\/magazine365\/wp-content\/uploads\/2016\/01\/fotonoticia_20160119220159_800.jpg","og:image:secure_url":"https:\/\/eldigitaldeasturias.com\/magazine365\/wp-content\/uploads\/2016\/01\/fotonoticia_20160119220159_800.jpg","og:image:width":800,"og:image:height":515,"article:published_time":"2016-01-21T11:51:48+00:00","article:modified_time":"2016-01-21T11:51:48+00:00","twitter:card":"summary_large_image","twitter:title":"Galicia, Canarias y Comunidad Valenciana piden que sector p\u00fablico y privado colaboren en el crecimiento tur\u00edstico | El Digital de Asturias","twitter:description":"Los presidentes auton\u00f3micos de Galicia, Comunidad Valencia y Canarias, Alberto N\u00fa\u00f1ez Feij\u00f3o, Ximo Puig y Fernando Clavijo, respectivamente, han coincidido este martes en que el sector tur\u00edstico en Espa\u00f1a es de &quot;calidad&quot; y que ahora es el momento oportuno para que las administraciones p\u00fablicas y privadas colaboren para que siga creciendo. En el coloquio 'Claves","twitter:image":"https:\/\/eldigitaldeasturias.com\/magazine365\/wp-content\/uploads\/2016\/01\/fotonoticia_20160119220159_800.jpg"},"aioseo_meta_data":{"post_id":"61239","title":null,"description":null,"keywords":null,"keyphrases":null,"primary_term":null,"canonical_url":null,"og_title":null,"og_description":null,"og_object_type":"default","og_image_type":"default","og_image_url":null,"og_image_width":null,"og_image_height":null,"og_image_custom_url":null,"og_image_custom_fields":null,"og_video":null,"og_custom_url":null,"og_article_section":null,"og_article_tags":null,"twitter_use_og":false,"twitter_card":"default","twitter_image_type":"default","twitter_image_url":null,"twitter_image_custom_url":null,"twitter_image_custom_fields":null,"twitter_title":null,"twitter_description":null,"schema":{"blockGraphs":[],"customGraphs":[],"default":{"data":{"Article":[],"Course":[],"Dataset":[],"FAQPage":[],"Movie":[],"Person":[],"Product":[],"ProductReview":[],"Car":[],"Recipe":[],"Service":[],"SoftwareApplication":[],"WebPage":[]},"graphName":"","isEnabled":true},"graphs":[],"defaultGraph":"","defaultPostTypeGraph":""},"schema_type":null,"schema_type_options":null,"pillar_content":false,"robots_default":true,"robots_noindex":false,"robots_noarchive":false,"robots_nosnippet":false,"robots_nofollow":false,"robots_noimageindex":false,"robots_noodp":false,"robots_notranslate":false,"robots_max_snippet":null,"robots_max_videopreview":null,"robots_max_imagepreview":"large","priority":null,"frequency":null,"location":null,"local_seo":null,"seo_analyzer_scan_date":"2025-09-25 08:33:37","breadcrumb_settings":null,"limit_modified_date":false,"open_ai":null,"ai":null,"created":"2021-03-08 21:51:42","updated":"2025-09-25 08:33:37"},"aioseo_breadcrumb":"<div class=\"aioseo-breadcrumbs\"><span class=\"aioseo-breadcrumb\">\n\t<a href=\"https:\/\/eldigitaldeasturias.com\/magazine365\" title=\"Home\">Home<\/a>\n<\/span><span class=\"aioseo-breadcrumb-separator\">\u2013<\/span><span class=\"aioseo-breadcrumb\">\n\t<a href=\"https:\/\/eldigitaldeasturias.com\/magazine365\/category\/noticias-actualidad\/\" title=\"Noticias y Actualidad\">Noticias y Actualidad<\/a>\n<\/span><span class=\"aioseo-breadcrumb-separator\">\u2013<\/span><span class=\"aioseo-breadcrumb\">\n\t<a href=\"https:\/\/eldigitaldeasturias.com\/magazine365\/galicia-canarias-y-comunidad-valenciana-piden-que-sector-publico-y-privado-colaboren-en-el-crecimiento-turistico\/\" title=\"Galicia, Canarias y Comunidad Valenciana piden que sector p\u00fablico y privado colaboren en el crecimiento tur\u00edstico\">Galicia, Canarias y Comunidad Valenciana piden que sector p\u00fablico y privado colaboren en el crecimiento tur\u00edstico<\/a>\n<\/span><\/div>","aioseo_breadcrumb_json":[{"label":"Home","link":"https:\/\/eldigitaldeasturias.com\/magazine365"},{"label":"Noticias y Actualidad","link":"https:\/\/eldigitaldeasturias.com\/magazine365\/category\/noticias-actualidad\/"},{"label":"Galicia, Canarias y Comunidad Valenciana piden que sector p\u00fablico y privado colaboren en el crecimiento tur\u00edstico","link":"https:\/\/eldigitaldeasturias.com\/magazine365\/galicia-canarias-y-comunidad-valenciana-piden-que-sector-publico-y-privado-colaboren-en-el-crecimiento-turistico\/"}],"_links":{"self":[{"href":"https:\/\/eldigitaldeasturias.com\/magazine365\/wp-json\/wp\/v2\/posts\/61239","targetHints":{"allow":["GET"]}}],"collection":[{"href":"https:\/\/eldigitaldeasturias.com\/magazine365\/wp-json\/wp\/v2\/posts"}],"about":[{"href":"https:\/\/eldigitaldeasturias.com\/magazine365\/wp-json\/wp\/v2\/types\/post"}],"author":[{"embeddable":true,"href":"https:\/\/eldigitaldeasturias.com\/magazine365\/wp-json\/wp\/v2\/users\/1"}],"replies":[{"embeddable":true,"href":"https:\/\/eldigitaldeasturias.com\/magazine365\/wp-json\/wp\/v2\/comments?post=61239"}],"version-history":[{"count":0,"href":"https:\/\/eldigitaldeasturias.com\/magazine365\/wp-json\/wp\/v2\/posts\/61239\/revisions"}],"wp:featuredmedia":[{"embeddable":true,"href":"https:\/\/eldigitaldeasturias.com\/magazine365\/wp-json\/wp\/v2\/media\/61240"}],"wp:attachment":[{"href":"https:\/\/eldigitaldeasturias.com\/magazine365\/wp-json\/wp\/v2\/media?parent=61239"}],"wp:term":[{"taxonomy":"category","embeddable":true,"href":"https:\/\/eldigitaldeasturias.com\/magazine365\/wp-json\/wp\/v2\/categories?post=61239"},{"taxonomy":"post_tag","embeddable":true,"href":"https:\/\/eldigitaldeasturias.com\/magazine365\/wp-json\/wp\/v2\/tags?post=61239"}],"curies":[{"name":"wp","href":"https:\/\/api.w.org\/{rel}","templated":true}]}}