{"id":61224,"date":"2016-01-21T12:46:53","date_gmt":"2016-01-21T11:46:53","guid":{"rendered":"http:\/\/eldigitaldeasturias.com\/magazine365\/?p=61224"},"modified":"2016-01-21T12:46:53","modified_gmt":"2016-01-21T11:46:53","slug":"jet2-com-elevara-un-133-su-oferta-entre-espana-y-reino-unido-este-verano","status":"publish","type":"post","link":"https:\/\/eldigitaldeasturias.com\/magazine365\/jet2-com-elevara-un-133-su-oferta-entre-espana-y-reino-unido-este-verano\/","title":{"rendered":"Jet2.com elevar\u00e1 un 13,3% su oferta entre Espa\u00f1a y Reino Unido este verano"},"content":{"rendered":"<p><img fetchpriority=\"high\" decoding=\"async\" class=\"alignleft size-medium wp-image-61225\" src=\"https:\/\/eldigitaldeasturias.com\/magazine365\/wp-content\/uploads\/2016\/01\/fotonoticia_20160119193556_800-360x143.jpg\" alt=\"fotonoticia_20160119193556_800\" width=\"360\" height=\"143\" srcset=\"https:\/\/eldigitaldeasturias.com\/magazine365\/wp-content\/uploads\/2016\/01\/fotonoticia_20160119193556_800-360x143.jpg 360w, https:\/\/eldigitaldeasturias.com\/magazine365\/wp-content\/uploads\/2016\/01\/fotonoticia_20160119193556_800-650x258.jpg 650w, https:\/\/eldigitaldeasturias.com\/magazine365\/wp-content\/uploads\/2016\/01\/fotonoticia_20160119193556_800-768x305.jpg 768w, https:\/\/eldigitaldeasturias.com\/magazine365\/wp-content\/uploads\/2016\/01\/fotonoticia_20160119193556_800-150x60.jpg 150w, https:\/\/eldigitaldeasturias.com\/magazine365\/wp-content\/uploads\/2016\/01\/fotonoticia_20160119193556_800-450x179.jpg 450w, https:\/\/eldigitaldeasturias.com\/magazine365\/wp-content\/uploads\/2016\/01\/fotonoticia_20160119193556_800-696x277.jpg 696w, https:\/\/eldigitaldeasturias.com\/magazine365\/wp-content\/uploads\/2016\/01\/fotonoticia_20160119193556_800.jpg 800w\" sizes=\"(max-width: 360px) 100vw, 360px\" \/>Jet2.com aumentar\u00e1 un 13,3% su oferta global de plazas entre Espa\u00f1a y Reino Unido para la temporada de verano de 2016, seg\u00fan ha informado la aerol\u00ednea en un comunicado, un incremento de capacidad que se repartir\u00e1 en la mayor\u00eda de los 12 aeropuertos espa\u00f1oles donde opera.<\/p>\n<p>A partir del pr\u00f3ximo 20 de mayo, Jet2.com estrenar\u00e1 adem\u00e1s nuevas operaciones en el aeropuerto de Girona con vuelos a Manchester, Glasgow y Newcastle, elevando as\u00ed a 13 el n\u00famero de aeropuertos espa\u00f1oles desde los que vuela.<\/p>\n<p>El incremento global de plazas se producir\u00e1n en picos del 48,5% en Reus, el 41,3% en Gran Canaria y el 38,1% en Fuerteventura, ante la demanda registrada durante los \u00faltimos a\u00f1os.<\/p>\n<p>UN 16,3% M\u00c1S DE VUELOS.<\/p>\n<p>En cuanto al n\u00famero de vuelos operados en temporada alta, Jet2.com superar\u00e1 este a\u00f1o los 400 vuelos por semana por primera vez, situ\u00e1ndose en 496 operaciones, lo que representa un aumento del 16,3%.<\/p>\n<p>Los aeropuertos m\u00e1s beneficiados por este incremento de plazas son Alicante, que pasar\u00e1 de 60 a 76 vuelos por semana (+26,7%) y el de Palma de Mallorca, que pasar\u00e1 de 72 a 86 vuelos (+19,45).<\/p>\n<p>La compa\u00f1\u00eda ha anunciado tambi\u00e9n que Jet2hoildays, touroperador asociado a la aerol\u00ednea, tambi\u00e9n aumentar\u00e1 su oferta de paquetes vacacionales completos a los turistas brit\u00e1nicos. Destaca sobre todo el incremento de hoteles directamente contratados, que alcanzar\u00e1 un total de m\u00e1s de 1.100 establecimientos, un 15% m\u00e1s que en verano de 2015.<\/p>\n","protected":false},"excerpt":{"rendered":"<p>Jet2.com aumentar\u00e1 un 13,3% su oferta global de plazas entre Espa\u00f1a y Reino Unido para la temporada de verano de 2016, seg\u00fan ha informado la aerol\u00ednea en un comunicado, un incremento de capacidad que se repartir\u00e1 en la mayor\u00eda de los 12 aeropuertos espa\u00f1oles donde opera. A partir del pr\u00f3ximo 20 de mayo, Jet2.com estrenar\u00e1<\/p>\n","protected":false},"author":1,"featured_media":61225,"comment_status":"open","ping_status":"closed","sticky":false,"template":"","format":"standard","meta":{"footnotes":""},"categories":[224],"tags":[],"class_list":{"0":"post-61224","1":"post","2":"type-post","3":"status-publish","4":"format-standard","5":"has-post-thumbnail","7":"category-noticias-actualidad"},"aioseo_notices":[],"aioseo_head":"\n\t\t<!-- All in One SEO Pro 4.9.6.1 - aioseo.com -->\n\t<meta name=\"description\" content=\"Jet2.com aumentar\u00e1 un 13,3% su oferta global de plazas entre Espa\u00f1a y Reino Unido para la temporada de verano de 2016, seg\u00fan ha informado la aerol\u00ednea en un comunicado, un incremento de capacidad que se repartir\u00e1 en la mayor\u00eda de los 12 aeropuertos espa\u00f1oles donde opera. A partir del pr\u00f3ximo 20 de mayo, Jet2.com estrenar\u00e1\" \/>\n\t<meta name=\"robots\" content=\"max-image-preview:large\" \/>\n\t<meta name=\"author\" content=\"admin\"\/>\n\t<meta name=\"google-site-verification\" content=\"UA-38556648-1\" \/>\n\t<meta name=\"keywords\" content=\"noticias y actualidad\" \/>\n\t<link rel=\"canonical\" href=\"https:\/\/eldigitaldeasturias.com\/magazine365\/jet2-com-elevara-un-133-su-oferta-entre-espana-y-reino-unido-este-verano\/\" \/>\n\t<meta name=\"generator\" content=\"All in One SEO Pro (AIOSEO) 4.9.6.1\" \/>\n\t\t<meta property=\"og:locale\" content=\"es_ES\" \/>\n\t\t<meta property=\"og:site_name\" content=\"El Digital de Asturias \u2013 Revista de ocio, turismo y estilo de vida\" \/>\n\t\t<meta property=\"og:type\" content=\"article\" \/>\n\t\t<meta property=\"og:title\" content=\"Jet2.com elevar\u00e1 un 13,3% su oferta entre Espa\u00f1a y Reino Unido este verano | El Digital de Asturias\" \/>\n\t\t<meta property=\"og:description\" content=\"Jet2.com aumentar\u00e1 un 13,3% su oferta global de plazas entre Espa\u00f1a y Reino Unido para la temporada de verano de 2016, seg\u00fan ha informado la aerol\u00ednea en un comunicado, un incremento de capacidad que se repartir\u00e1 en la mayor\u00eda de los 12 aeropuertos espa\u00f1oles donde opera. A partir del pr\u00f3ximo 20 de mayo, Jet2.com estrenar\u00e1\" \/>\n\t\t<meta property=\"og:url\" content=\"https:\/\/eldigitaldeasturias.com\/magazine365\/jet2-com-elevara-un-133-su-oferta-entre-espana-y-reino-unido-este-verano\/\" \/>\n\t\t<meta property=\"og:image\" content=\"https:\/\/eldigitaldeasturias.com\/magazine365\/wp-content\/uploads\/2016\/01\/fotonoticia_20160119193556_800.jpg\" \/>\n\t\t<meta property=\"og:image:secure_url\" content=\"https:\/\/eldigitaldeasturias.com\/magazine365\/wp-content\/uploads\/2016\/01\/fotonoticia_20160119193556_800.jpg\" \/>\n\t\t<meta property=\"og:image:width\" content=\"800\" \/>\n\t\t<meta property=\"og:image:height\" content=\"318\" \/>\n\t\t<meta property=\"article:published_time\" content=\"2016-01-21T11:46:53+00:00\" \/>\n\t\t<meta property=\"article:modified_time\" content=\"2016-01-21T11:46:53+00:00\" \/>\n\t\t<meta name=\"twitter:card\" content=\"summary_large_image\" \/>\n\t\t<meta name=\"twitter:title\" content=\"Jet2.com elevar\u00e1 un 13,3% su oferta entre Espa\u00f1a y Reino Unido este verano | El Digital de Asturias\" \/>\n\t\t<meta name=\"twitter:description\" content=\"Jet2.com aumentar\u00e1 un 13,3% su oferta global de plazas entre Espa\u00f1a y Reino Unido para la temporada de verano de 2016, seg\u00fan ha informado la aerol\u00ednea en un comunicado, un incremento de capacidad que se repartir\u00e1 en la mayor\u00eda de los 12 aeropuertos espa\u00f1oles donde opera. A partir del pr\u00f3ximo 20 de mayo, Jet2.com estrenar\u00e1\" \/>\n\t\t<meta name=\"twitter:image\" content=\"https:\/\/eldigitaldeasturias.com\/magazine365\/wp-content\/uploads\/2016\/01\/fotonoticia_20160119193556_800.jpg\" \/>\n\t\t<script type=\"application\/ld+json\" class=\"aioseo-schema\">\n\t\t\t{\"@context\":\"https:\\\/\\\/schema.org\",\"@graph\":[{\"@type\":\"Article\",\"@id\":\"https:\\\/\\\/eldigitaldeasturias.com\\\/magazine365\\\/jet2-com-elevara-un-133-su-oferta-entre-espana-y-reino-unido-este-verano\\\/#article\",\"name\":\"Jet2.com elevar\\u00e1 un 13,3% su oferta entre Espa\\u00f1a y Reino Unido este verano | El Digital de Asturias\",\"headline\":\"Jet2.com elevar\\u00e1 un 13,3% su oferta entre Espa\\u00f1a y Reino Unido este verano\",\"author\":{\"@id\":\"https:\\\/\\\/eldigitaldeasturias.com\\\/magazine365\\\/author\\\/admin\\\/#author\"},\"publisher\":{\"@id\":\"https:\\\/\\\/eldigitaldeasturias.com\\\/magazine365\\\/#organization\"},\"image\":{\"@type\":\"ImageObject\",\"url\":\"https:\\\/\\\/eldigitaldeasturias.com\\\/magazine365\\\/wp-content\\\/uploads\\\/2016\\\/01\\\/fotonoticia_20160119193556_800.jpg\",\"width\":800,\"height\":318},\"datePublished\":\"2016-01-21T12:46:53+01:00\",\"dateModified\":\"2016-01-21T12:46:53+01:00\",\"inLanguage\":\"es-ES\",\"mainEntityOfPage\":{\"@id\":\"https:\\\/\\\/eldigitaldeasturias.com\\\/magazine365\\\/jet2-com-elevara-un-133-su-oferta-entre-espana-y-reino-unido-este-verano\\\/#webpage\"},\"isPartOf\":{\"@id\":\"https:\\\/\\\/eldigitaldeasturias.com\\\/magazine365\\\/jet2-com-elevara-un-133-su-oferta-entre-espana-y-reino-unido-este-verano\\\/#webpage\"},\"articleSection\":\"Noticias y Actualidad\"},{\"@type\":\"BreadcrumbList\",\"@id\":\"https:\\\/\\\/eldigitaldeasturias.com\\\/magazine365\\\/jet2-com-elevara-un-133-su-oferta-entre-espana-y-reino-unido-este-verano\\\/#breadcrumblist\",\"itemListElement\":[{\"@type\":\"ListItem\",\"@id\":\"https:\\\/\\\/eldigitaldeasturias.com\\\/magazine365#listItem\",\"position\":1,\"name\":\"Home\",\"item\":\"https:\\\/\\\/eldigitaldeasturias.com\\\/magazine365\",\"nextItem\":{\"@type\":\"ListItem\",\"@id\":\"https:\\\/\\\/eldigitaldeasturias.com\\\/magazine365\\\/category\\\/noticias-actualidad\\\/#listItem\",\"name\":\"Noticias y Actualidad\"}},{\"@type\":\"ListItem\",\"@id\":\"https:\\\/\\\/eldigitaldeasturias.com\\\/magazine365\\\/category\\\/noticias-actualidad\\\/#listItem\",\"position\":2,\"name\":\"Noticias y Actualidad\",\"item\":\"https:\\\/\\\/eldigitaldeasturias.com\\\/magazine365\\\/category\\\/noticias-actualidad\\\/\",\"nextItem\":{\"@type\":\"ListItem\",\"@id\":\"https:\\\/\\\/eldigitaldeasturias.com\\\/magazine365\\\/jet2-com-elevara-un-133-su-oferta-entre-espana-y-reino-unido-este-verano\\\/#listItem\",\"name\":\"Jet2.com elevar\\u00e1 un 13,3% su oferta entre Espa\\u00f1a y Reino Unido este verano\"},\"previousItem\":{\"@type\":\"ListItem\",\"@id\":\"https:\\\/\\\/eldigitaldeasturias.com\\\/magazine365#listItem\",\"name\":\"Home\"}},{\"@type\":\"ListItem\",\"@id\":\"https:\\\/\\\/eldigitaldeasturias.com\\\/magazine365\\\/jet2-com-elevara-un-133-su-oferta-entre-espana-y-reino-unido-este-verano\\\/#listItem\",\"position\":3,\"name\":\"Jet2.com elevar\\u00e1 un 13,3% su oferta entre Espa\\u00f1a y Reino Unido este verano\",\"previousItem\":{\"@type\":\"ListItem\",\"@id\":\"https:\\\/\\\/eldigitaldeasturias.com\\\/magazine365\\\/category\\\/noticias-actualidad\\\/#listItem\",\"name\":\"Noticias y Actualidad\"}}]},{\"@type\":\"Organization\",\"@id\":\"https:\\\/\\\/eldigitaldeasturias.com\\\/magazine365\\\/#organization\",\"name\":\"El digital de Asturias\",\"description\":\"Revista de ocio, turismo y estilo de vida\",\"url\":\"https:\\\/\\\/eldigitaldeasturias.com\\\/magazine365\\\/\",\"logo\":{\"@type\":\"ImageObject\",\"url\":\"https:\\\/\\\/www.eldigitaldeasturias.com\\\/noticias\\\/wp-content\\\/uploads\\\/2020\\\/12\\\/EDA.jpg\",\"@id\":\"https:\\\/\\\/eldigitaldeasturias.com\\\/magazine365\\\/jet2-com-elevara-un-133-su-oferta-entre-espana-y-reino-unido-este-verano\\\/#organizationLogo\"},\"image\":{\"@id\":\"https:\\\/\\\/eldigitaldeasturias.com\\\/magazine365\\\/jet2-com-elevara-un-133-su-oferta-entre-espana-y-reino-unido-este-verano\\\/#organizationLogo\"}},{\"@type\":\"Person\",\"@id\":\"https:\\\/\\\/eldigitaldeasturias.com\\\/magazine365\\\/author\\\/admin\\\/#author\",\"url\":\"https:\\\/\\\/eldigitaldeasturias.com\\\/magazine365\\\/author\\\/admin\\\/\",\"name\":\"admin\",\"image\":{\"@type\":\"ImageObject\",\"@id\":\"https:\\\/\\\/eldigitaldeasturias.com\\\/magazine365\\\/jet2-com-elevara-un-133-su-oferta-entre-espana-y-reino-unido-este-verano\\\/#authorImage\",\"url\":\"https:\\\/\\\/eldigitaldeasturias.com\\\/magazine365\\\/wp-content\\\/litespeed\\\/avatar\\\/e571bcf59a0edd6fa6838245a470f2fe.jpg?ver=1776969259\",\"width\":96,\"height\":96,\"caption\":\"admin\"}},{\"@type\":\"WebPage\",\"@id\":\"https:\\\/\\\/eldigitaldeasturias.com\\\/magazine365\\\/jet2-com-elevara-un-133-su-oferta-entre-espana-y-reino-unido-este-verano\\\/#webpage\",\"url\":\"https:\\\/\\\/eldigitaldeasturias.com\\\/magazine365\\\/jet2-com-elevara-un-133-su-oferta-entre-espana-y-reino-unido-este-verano\\\/\",\"name\":\"Jet2.com elevar\\u00e1 un 13,3% su oferta entre Espa\\u00f1a y Reino Unido este verano | El Digital de Asturias\",\"description\":\"Jet2.com aumentar\\u00e1 un 13,3% su oferta global de plazas entre Espa\\u00f1a y Reino Unido para la temporada de verano de 2016, seg\\u00fan ha informado la aerol\\u00ednea en un comunicado, un incremento de capacidad que se repartir\\u00e1 en la mayor\\u00eda de los 12 aeropuertos espa\\u00f1oles donde opera. A partir del pr\\u00f3ximo 20 de mayo, Jet2.com estrenar\\u00e1\",\"inLanguage\":\"es-ES\",\"isPartOf\":{\"@id\":\"https:\\\/\\\/eldigitaldeasturias.com\\\/magazine365\\\/#website\"},\"breadcrumb\":{\"@id\":\"https:\\\/\\\/eldigitaldeasturias.com\\\/magazine365\\\/jet2-com-elevara-un-133-su-oferta-entre-espana-y-reino-unido-este-verano\\\/#breadcrumblist\"},\"author\":{\"@id\":\"https:\\\/\\\/eldigitaldeasturias.com\\\/magazine365\\\/author\\\/admin\\\/#author\"},\"creator\":{\"@id\":\"https:\\\/\\\/eldigitaldeasturias.com\\\/magazine365\\\/author\\\/admin\\\/#author\"},\"image\":{\"@type\":\"ImageObject\",\"url\":\"https:\\\/\\\/eldigitaldeasturias.com\\\/magazine365\\\/wp-content\\\/uploads\\\/2016\\\/01\\\/fotonoticia_20160119193556_800.jpg\",\"@id\":\"https:\\\/\\\/eldigitaldeasturias.com\\\/magazine365\\\/jet2-com-elevara-un-133-su-oferta-entre-espana-y-reino-unido-este-verano\\\/#mainImage\",\"width\":800,\"height\":318},\"primaryImageOfPage\":{\"@id\":\"https:\\\/\\\/eldigitaldeasturias.com\\\/magazine365\\\/jet2-com-elevara-un-133-su-oferta-entre-espana-y-reino-unido-este-verano\\\/#mainImage\"},\"datePublished\":\"2016-01-21T12:46:53+01:00\",\"dateModified\":\"2016-01-21T12:46:53+01:00\"},{\"@type\":\"WebSite\",\"@id\":\"https:\\\/\\\/eldigitaldeasturias.com\\\/magazine365\\\/#website\",\"url\":\"https:\\\/\\\/eldigitaldeasturias.com\\\/magazine365\\\/\",\"name\":\"El Digital de Asturias\",\"description\":\"Revista de ocio, turismo y estilo de vida\",\"inLanguage\":\"es-ES\",\"publisher\":{\"@id\":\"https:\\\/\\\/eldigitaldeasturias.com\\\/magazine365\\\/#organization\"}}]}\n\t\t<\/script>\n\t\t<!-- All in One SEO Pro -->\r\n\t\t<title>Jet2.com elevar\u00e1 un 13,3% su oferta entre Espa\u00f1a y Reino Unido este verano | El Digital de Asturias<\/title>\n\n","aioseo_head_json":{"title":"Jet2.com elevar\u00e1 un 13,3% su oferta entre Espa\u00f1a y Reino Unido este verano | El Digital de Asturias","description":"Jet2.com aumentar\u00e1 un 13,3% su oferta global de plazas entre Espa\u00f1a y Reino Unido para la temporada de verano de 2016, seg\u00fan ha informado la aerol\u00ednea en un comunicado, un incremento de capacidad que se repartir\u00e1 en la mayor\u00eda de los 12 aeropuertos espa\u00f1oles donde opera. A partir del pr\u00f3ximo 20 de mayo, Jet2.com estrenar\u00e1","canonical_url":"https:\/\/eldigitaldeasturias.com\/magazine365\/jet2-com-elevara-un-133-su-oferta-entre-espana-y-reino-unido-este-verano\/","robots":"max-image-preview:large","keywords":"noticias y actualidad","webmasterTools":{"google-site-verification":"UA-38556648-1","miscellaneous":""},"schema":{"@context":"https:\/\/schema.org","@graph":[{"@type":"Article","@id":"https:\/\/eldigitaldeasturias.com\/magazine365\/jet2-com-elevara-un-133-su-oferta-entre-espana-y-reino-unido-este-verano\/#article","name":"Jet2.com elevar\u00e1 un 13,3% su oferta entre Espa\u00f1a y Reino Unido este verano | El Digital de Asturias","headline":"Jet2.com elevar\u00e1 un 13,3% su oferta entre Espa\u00f1a y Reino Unido este verano","author":{"@id":"https:\/\/eldigitaldeasturias.com\/magazine365\/author\/admin\/#author"},"publisher":{"@id":"https:\/\/eldigitaldeasturias.com\/magazine365\/#organization"},"image":{"@type":"ImageObject","url":"https:\/\/eldigitaldeasturias.com\/magazine365\/wp-content\/uploads\/2016\/01\/fotonoticia_20160119193556_800.jpg","width":800,"height":318},"datePublished":"2016-01-21T12:46:53+01:00","dateModified":"2016-01-21T12:46:53+01:00","inLanguage":"es-ES","mainEntityOfPage":{"@id":"https:\/\/eldigitaldeasturias.com\/magazine365\/jet2-com-elevara-un-133-su-oferta-entre-espana-y-reino-unido-este-verano\/#webpage"},"isPartOf":{"@id":"https:\/\/eldigitaldeasturias.com\/magazine365\/jet2-com-elevara-un-133-su-oferta-entre-espana-y-reino-unido-este-verano\/#webpage"},"articleSection":"Noticias y Actualidad"},{"@type":"BreadcrumbList","@id":"https:\/\/eldigitaldeasturias.com\/magazine365\/jet2-com-elevara-un-133-su-oferta-entre-espana-y-reino-unido-este-verano\/#breadcrumblist","itemListElement":[{"@type":"ListItem","@id":"https:\/\/eldigitaldeasturias.com\/magazine365#listItem","position":1,"name":"Home","item":"https:\/\/eldigitaldeasturias.com\/magazine365","nextItem":{"@type":"ListItem","@id":"https:\/\/eldigitaldeasturias.com\/magazine365\/category\/noticias-actualidad\/#listItem","name":"Noticias y Actualidad"}},{"@type":"ListItem","@id":"https:\/\/eldigitaldeasturias.com\/magazine365\/category\/noticias-actualidad\/#listItem","position":2,"name":"Noticias y Actualidad","item":"https:\/\/eldigitaldeasturias.com\/magazine365\/category\/noticias-actualidad\/","nextItem":{"@type":"ListItem","@id":"https:\/\/eldigitaldeasturias.com\/magazine365\/jet2-com-elevara-un-133-su-oferta-entre-espana-y-reino-unido-este-verano\/#listItem","name":"Jet2.com elevar\u00e1 un 13,3% su oferta entre Espa\u00f1a y Reino Unido este verano"},"previousItem":{"@type":"ListItem","@id":"https:\/\/eldigitaldeasturias.com\/magazine365#listItem","name":"Home"}},{"@type":"ListItem","@id":"https:\/\/eldigitaldeasturias.com\/magazine365\/jet2-com-elevara-un-133-su-oferta-entre-espana-y-reino-unido-este-verano\/#listItem","position":3,"name":"Jet2.com elevar\u00e1 un 13,3% su oferta entre Espa\u00f1a y Reino Unido este verano","previousItem":{"@type":"ListItem","@id":"https:\/\/eldigitaldeasturias.com\/magazine365\/category\/noticias-actualidad\/#listItem","name":"Noticias y Actualidad"}}]},{"@type":"Organization","@id":"https:\/\/eldigitaldeasturias.com\/magazine365\/#organization","name":"El digital de Asturias","description":"Revista de ocio, turismo y estilo de vida","url":"https:\/\/eldigitaldeasturias.com\/magazine365\/","logo":{"@type":"ImageObject","url":"https:\/\/www.eldigitaldeasturias.com\/noticias\/wp-content\/uploads\/2020\/12\/EDA.jpg","@id":"https:\/\/eldigitaldeasturias.com\/magazine365\/jet2-com-elevara-un-133-su-oferta-entre-espana-y-reino-unido-este-verano\/#organizationLogo"},"image":{"@id":"https:\/\/eldigitaldeasturias.com\/magazine365\/jet2-com-elevara-un-133-su-oferta-entre-espana-y-reino-unido-este-verano\/#organizationLogo"}},{"@type":"Person","@id":"https:\/\/eldigitaldeasturias.com\/magazine365\/author\/admin\/#author","url":"https:\/\/eldigitaldeasturias.com\/magazine365\/author\/admin\/","name":"admin","image":{"@type":"ImageObject","@id":"https:\/\/eldigitaldeasturias.com\/magazine365\/jet2-com-elevara-un-133-su-oferta-entre-espana-y-reino-unido-este-verano\/#authorImage","url":"https:\/\/eldigitaldeasturias.com\/magazine365\/wp-content\/litespeed\/avatar\/e571bcf59a0edd6fa6838245a470f2fe.jpg?ver=1776969259","width":96,"height":96,"caption":"admin"}},{"@type":"WebPage","@id":"https:\/\/eldigitaldeasturias.com\/magazine365\/jet2-com-elevara-un-133-su-oferta-entre-espana-y-reino-unido-este-verano\/#webpage","url":"https:\/\/eldigitaldeasturias.com\/magazine365\/jet2-com-elevara-un-133-su-oferta-entre-espana-y-reino-unido-este-verano\/","name":"Jet2.com elevar\u00e1 un 13,3% su oferta entre Espa\u00f1a y Reino Unido este verano | El Digital de Asturias","description":"Jet2.com aumentar\u00e1 un 13,3% su oferta global de plazas entre Espa\u00f1a y Reino Unido para la temporada de verano de 2016, seg\u00fan ha informado la aerol\u00ednea en un comunicado, un incremento de capacidad que se repartir\u00e1 en la mayor\u00eda de los 12 aeropuertos espa\u00f1oles donde opera. A partir del pr\u00f3ximo 20 de mayo, Jet2.com estrenar\u00e1","inLanguage":"es-ES","isPartOf":{"@id":"https:\/\/eldigitaldeasturias.com\/magazine365\/#website"},"breadcrumb":{"@id":"https:\/\/eldigitaldeasturias.com\/magazine365\/jet2-com-elevara-un-133-su-oferta-entre-espana-y-reino-unido-este-verano\/#breadcrumblist"},"author":{"@id":"https:\/\/eldigitaldeasturias.com\/magazine365\/author\/admin\/#author"},"creator":{"@id":"https:\/\/eldigitaldeasturias.com\/magazine365\/author\/admin\/#author"},"image":{"@type":"ImageObject","url":"https:\/\/eldigitaldeasturias.com\/magazine365\/wp-content\/uploads\/2016\/01\/fotonoticia_20160119193556_800.jpg","@id":"https:\/\/eldigitaldeasturias.com\/magazine365\/jet2-com-elevara-un-133-su-oferta-entre-espana-y-reino-unido-este-verano\/#mainImage","width":800,"height":318},"primaryImageOfPage":{"@id":"https:\/\/eldigitaldeasturias.com\/magazine365\/jet2-com-elevara-un-133-su-oferta-entre-espana-y-reino-unido-este-verano\/#mainImage"},"datePublished":"2016-01-21T12:46:53+01:00","dateModified":"2016-01-21T12:46:53+01:00"},{"@type":"WebSite","@id":"https:\/\/eldigitaldeasturias.com\/magazine365\/#website","url":"https:\/\/eldigitaldeasturias.com\/magazine365\/","name":"El Digital de Asturias","description":"Revista de ocio, turismo y estilo de vida","inLanguage":"es-ES","publisher":{"@id":"https:\/\/eldigitaldeasturias.com\/magazine365\/#organization"}}]},"og:locale":"es_ES","og:site_name":"El Digital de Asturias \u2013 Revista de ocio, turismo y estilo de vida","og:type":"article","og:title":"Jet2.com elevar\u00e1 un 13,3% su oferta entre Espa\u00f1a y Reino Unido este verano | El Digital de Asturias","og:description":"Jet2.com aumentar\u00e1 un 13,3% su oferta global de plazas entre Espa\u00f1a y Reino Unido para la temporada de verano de 2016, seg\u00fan ha informado la aerol\u00ednea en un comunicado, un incremento de capacidad que se repartir\u00e1 en la mayor\u00eda de los 12 aeropuertos espa\u00f1oles donde opera. A partir del pr\u00f3ximo 20 de mayo, Jet2.com estrenar\u00e1","og:url":"https:\/\/eldigitaldeasturias.com\/magazine365\/jet2-com-elevara-un-133-su-oferta-entre-espana-y-reino-unido-este-verano\/","og:image":"https:\/\/eldigitaldeasturias.com\/magazine365\/wp-content\/uploads\/2016\/01\/fotonoticia_20160119193556_800.jpg","og:image:secure_url":"https:\/\/eldigitaldeasturias.com\/magazine365\/wp-content\/uploads\/2016\/01\/fotonoticia_20160119193556_800.jpg","og:image:width":800,"og:image:height":318,"article:published_time":"2016-01-21T11:46:53+00:00","article:modified_time":"2016-01-21T11:46:53+00:00","twitter:card":"summary_large_image","twitter:title":"Jet2.com elevar\u00e1 un 13,3% su oferta entre Espa\u00f1a y Reino Unido este verano | El Digital de Asturias","twitter:description":"Jet2.com aumentar\u00e1 un 13,3% su oferta global de plazas entre Espa\u00f1a y Reino Unido para la temporada de verano de 2016, seg\u00fan ha informado la aerol\u00ednea en un comunicado, un incremento de capacidad que se repartir\u00e1 en la mayor\u00eda de los 12 aeropuertos espa\u00f1oles donde opera. A partir del pr\u00f3ximo 20 de mayo, Jet2.com estrenar\u00e1","twitter:image":"https:\/\/eldigitaldeasturias.com\/magazine365\/wp-content\/uploads\/2016\/01\/fotonoticia_20160119193556_800.jpg"},"aioseo_meta_data":{"post_id":"61224","title":null,"description":null,"keywords":null,"keyphrases":null,"primary_term":null,"canonical_url":null,"og_title":null,"og_description":null,"og_object_type":"default","og_image_type":"default","og_image_url":null,"og_image_width":null,"og_image_height":null,"og_image_custom_url":null,"og_image_custom_fields":null,"og_video":null,"og_custom_url":null,"og_article_section":null,"og_article_tags":null,"twitter_use_og":false,"twitter_card":"default","twitter_image_type":"default","twitter_image_url":null,"twitter_image_custom_url":null,"twitter_image_custom_fields":null,"twitter_title":null,"twitter_description":null,"schema":{"blockGraphs":[],"customGraphs":[],"default":{"data":{"Article":[],"Course":[],"Dataset":[],"FAQPage":[],"Movie":[],"Person":[],"Product":[],"ProductReview":[],"Car":[],"Recipe":[],"Service":[],"SoftwareApplication":[],"WebPage":[]},"graphName":"","isEnabled":true},"graphs":[],"defaultGraph":"","defaultPostTypeGraph":""},"schema_type":null,"schema_type_options":null,"pillar_content":false,"robots_default":true,"robots_noindex":false,"robots_noarchive":false,"robots_nosnippet":false,"robots_nofollow":false,"robots_noimageindex":false,"robots_noodp":false,"robots_notranslate":false,"robots_max_snippet":null,"robots_max_videopreview":null,"robots_max_imagepreview":"large","priority":null,"frequency":null,"location":null,"local_seo":null,"seo_analyzer_scan_date":"2025-09-25 08:30:58","breadcrumb_settings":null,"limit_modified_date":false,"open_ai":null,"ai":null,"created":"2021-03-08 21:51:43","updated":"2025-09-25 08:30:58"},"aioseo_breadcrumb":"<div class=\"aioseo-breadcrumbs\"><span class=\"aioseo-breadcrumb\">\n\t<a href=\"https:\/\/eldigitaldeasturias.com\/magazine365\" title=\"Home\">Home<\/a>\n<\/span><span class=\"aioseo-breadcrumb-separator\">\u2013<\/span><span class=\"aioseo-breadcrumb\">\n\t<a href=\"https:\/\/eldigitaldeasturias.com\/magazine365\/category\/noticias-actualidad\/\" title=\"Noticias y Actualidad\">Noticias y Actualidad<\/a>\n<\/span><span class=\"aioseo-breadcrumb-separator\">\u2013<\/span><span class=\"aioseo-breadcrumb\">\n\t<a href=\"https:\/\/eldigitaldeasturias.com\/magazine365\/jet2-com-elevara-un-133-su-oferta-entre-espana-y-reino-unido-este-verano\/\" title=\"Jet2.com elevar\u00e1 un 13,3% su oferta entre Espa\u00f1a y Reino Unido este verano\">Jet2.com elevar\u00e1 un 13,3% su oferta entre Espa\u00f1a y Reino Unido este verano<\/a>\n<\/span><\/div>","aioseo_breadcrumb_json":[{"label":"Home","link":"https:\/\/eldigitaldeasturias.com\/magazine365"},{"label":"Noticias y Actualidad","link":"https:\/\/eldigitaldeasturias.com\/magazine365\/category\/noticias-actualidad\/"},{"label":"Jet2.com elevar\u00e1 un 13,3% su oferta entre Espa\u00f1a y Reino Unido este verano","link":"https:\/\/eldigitaldeasturias.com\/magazine365\/jet2-com-elevara-un-133-su-oferta-entre-espana-y-reino-unido-este-verano\/"}],"_links":{"self":[{"href":"https:\/\/eldigitaldeasturias.com\/magazine365\/wp-json\/wp\/v2\/posts\/61224","targetHints":{"allow":["GET"]}}],"collection":[{"href":"https:\/\/eldigitaldeasturias.com\/magazine365\/wp-json\/wp\/v2\/posts"}],"about":[{"href":"https:\/\/eldigitaldeasturias.com\/magazine365\/wp-json\/wp\/v2\/types\/post"}],"author":[{"embeddable":true,"href":"https:\/\/eldigitaldeasturias.com\/magazine365\/wp-json\/wp\/v2\/users\/1"}],"replies":[{"embeddable":true,"href":"https:\/\/eldigitaldeasturias.com\/magazine365\/wp-json\/wp\/v2\/comments?post=61224"}],"version-history":[{"count":0,"href":"https:\/\/eldigitaldeasturias.com\/magazine365\/wp-json\/wp\/v2\/posts\/61224\/revisions"}],"wp:featuredmedia":[{"embeddable":true,"href":"https:\/\/eldigitaldeasturias.com\/magazine365\/wp-json\/wp\/v2\/media\/61225"}],"wp:attachment":[{"href":"https:\/\/eldigitaldeasturias.com\/magazine365\/wp-json\/wp\/v2\/media?parent=61224"}],"wp:term":[{"taxonomy":"category","embeddable":true,"href":"https:\/\/eldigitaldeasturias.com\/magazine365\/wp-json\/wp\/v2\/categories?post=61224"},{"taxonomy":"post_tag","embeddable":true,"href":"https:\/\/eldigitaldeasturias.com\/magazine365\/wp-json\/wp\/v2\/tags?post=61224"}],"curies":[{"name":"wp","href":"https:\/\/api.w.org\/{rel}","templated":true}]}}