{"id":61212,"date":"2016-01-21T12:43:38","date_gmt":"2016-01-21T11:43:38","guid":{"rendered":"http:\/\/eldigitaldeasturias.com\/magazine365\/?p=61212"},"modified":"2016-01-21T12:43:38","modified_gmt":"2016-01-21T11:43:38","slug":"el-aeropuerto-de-el-prat-toma-mas-medidas-para-reducir-las-molestias-por-el-ruido-de-los-aviones","status":"publish","type":"post","link":"https:\/\/eldigitaldeasturias.com\/magazine365\/el-aeropuerto-de-el-prat-toma-mas-medidas-para-reducir-las-molestias-por-el-ruido-de-los-aviones\/","title":{"rendered":"El Aeropuerto de El Prat toma m\u00e1s medidas para reducir las molestias por el ruido de los aviones"},"content":{"rendered":"<p><img fetchpriority=\"high\" decoding=\"async\" class=\"alignleft size-medium wp-image-61213\" src=\"https:\/\/eldigitaldeasturias.com\/magazine365\/wp-content\/uploads\/2016\/01\/fotonoticia_20160119182619_800-360x270.jpg\" alt=\"fotonoticia_20160119182619_800\" width=\"360\" height=\"270\" srcset=\"https:\/\/eldigitaldeasturias.com\/magazine365\/wp-content\/uploads\/2016\/01\/fotonoticia_20160119182619_800-360x270.jpg 360w, https:\/\/eldigitaldeasturias.com\/magazine365\/wp-content\/uploads\/2016\/01\/fotonoticia_20160119182619_800-650x488.jpg 650w, https:\/\/eldigitaldeasturias.com\/magazine365\/wp-content\/uploads\/2016\/01\/fotonoticia_20160119182619_800-768x576.jpg 768w, https:\/\/eldigitaldeasturias.com\/magazine365\/wp-content\/uploads\/2016\/01\/fotonoticia_20160119182619_800-150x113.jpg 150w, https:\/\/eldigitaldeasturias.com\/magazine365\/wp-content\/uploads\/2016\/01\/fotonoticia_20160119182619_800-450x338.jpg 450w, https:\/\/eldigitaldeasturias.com\/magazine365\/wp-content\/uploads\/2016\/01\/fotonoticia_20160119182619_800-80x60.jpg 80w, https:\/\/eldigitaldeasturias.com\/magazine365\/wp-content\/uploads\/2016\/01\/fotonoticia_20160119182619_800-265x198.jpg 265w, https:\/\/eldigitaldeasturias.com\/magazine365\/wp-content\/uploads\/2016\/01\/fotonoticia_20160119182619_800-696x522.jpg 696w, https:\/\/eldigitaldeasturias.com\/magazine365\/wp-content\/uploads\/2016\/01\/fotonoticia_20160119182619_800-560x420.jpg 560w, https:\/\/eldigitaldeasturias.com\/magazine365\/wp-content\/uploads\/2016\/01\/fotonoticia_20160119182619_800-90x67.jpg 90w, https:\/\/eldigitaldeasturias.com\/magazine365\/wp-content\/uploads\/2016\/01\/fotonoticia_20160119182619_800-164x124.jpg 164w, https:\/\/eldigitaldeasturias.com\/magazine365\/wp-content\/uploads\/2016\/01\/fotonoticia_20160119182619_800-100x75.jpg 100w, https:\/\/eldigitaldeasturias.com\/magazine365\/wp-content\/uploads\/2016\/01\/fotonoticia_20160119182619_800.jpg 800w\" sizes=\"(max-width: 360px) 100vw, 360px\" \/>Aena ha ampliado el uso de la configuraci\u00f3n nocturna en el Aeropuerto de Barcelona-El Prat para que los aviones aterricen durante m\u00e1s horas por la pista transversal, de forma que no provoquen molestias por ruido en los municipios del entorno.<\/p>\n<p>Seg\u00fan ha informado el Ayuntamiento de Gav\u00e0, el uso de la configuraci\u00f3n preferente nocturna &#8211;con aterrizajes por la pista transversal&#8211; se ampl\u00eda una hora diaria de lunes a viernes (excepto en el mes de marzo cuando se aplicar\u00e1 de lunes a jueves); mientras que los s\u00e1bados se ampliar\u00e1 en nueve horas y los domingos en tres horas.<\/p>\n<p>Los aterrizajes desde el mar hacia la pista transversal se utilizan habitualmente durante la noche para evitar que los aviones sobrevuelen zonas habitadas en cotas muy bajas.<\/p>\n<p>En un comunicado, la alcaldesa de Gav\u00e0, Raquel S\u00e1nchez, ha valorado positivamente la medida ya que \u00abes un paso m\u00e1s para minimizar el ruido que ocasionan los aviones que sobrevuelan Gav\u00e0\u00bb.<\/p>\n<p>Fuentes de Aena han recordado que los cambios de configuraciones dependen tambi\u00e9n de las condiciones meteorol\u00f3gicas y de la operativa del aeropuerto, quedando fuera de la medida los periodos en los que se incrementa el tr\u00e1fico a\u00e9reo, como Semana Santa, festivos, Navidad o puentes.<\/p>\n","protected":false},"excerpt":{"rendered":"<p>Aena ha ampliado el uso de la configuraci\u00f3n nocturna en el Aeropuerto de Barcelona-El Prat para que los aviones aterricen durante m\u00e1s horas por la pista transversal, de forma que no provoquen molestias por ruido en los municipios del entorno. Seg\u00fan ha informado el Ayuntamiento de Gav\u00e0, el uso de la configuraci\u00f3n preferente nocturna &#8211;con<\/p>\n","protected":false},"author":1,"featured_media":61213,"comment_status":"open","ping_status":"closed","sticky":false,"template":"","format":"standard","meta":{"footnotes":""},"categories":[224],"tags":[],"class_list":{"0":"post-61212","1":"post","2":"type-post","3":"status-publish","4":"format-standard","5":"has-post-thumbnail","7":"category-noticias-actualidad"},"aioseo_notices":[],"aioseo_head":"\n\t\t<!-- All in One SEO Pro 4.9.6.1 - aioseo.com -->\n\t<meta name=\"description\" content=\"Aena ha ampliado el uso de la configuraci\u00f3n nocturna en el Aeropuerto de Barcelona-El Prat para que los aviones aterricen durante m\u00e1s horas por la pista transversal, de forma que no provoquen molestias por ruido en los municipios del entorno. Seg\u00fan ha informado el Ayuntamiento de Gav\u00e0, el uso de la configuraci\u00f3n preferente nocturna --con\" \/>\n\t<meta name=\"robots\" content=\"max-image-preview:large\" \/>\n\t<meta name=\"author\" content=\"admin\"\/>\n\t<meta name=\"google-site-verification\" content=\"UA-38556648-1\" \/>\n\t<meta name=\"keywords\" content=\"noticias y actualidad\" \/>\n\t<link rel=\"canonical\" href=\"https:\/\/eldigitaldeasturias.com\/magazine365\/el-aeropuerto-de-el-prat-toma-mas-medidas-para-reducir-las-molestias-por-el-ruido-de-los-aviones\/\" \/>\n\t<meta name=\"generator\" content=\"All in One SEO Pro (AIOSEO) 4.9.6.1\" \/>\n\t\t<meta property=\"og:locale\" content=\"es_ES\" \/>\n\t\t<meta property=\"og:site_name\" content=\"El Digital de Asturias \u2013 Revista de ocio, turismo y estilo de vida\" \/>\n\t\t<meta property=\"og:type\" content=\"article\" \/>\n\t\t<meta property=\"og:title\" content=\"El Aeropuerto de El Prat toma m\u00e1s medidas para reducir las molestias por el ruido de los aviones | El Digital de Asturias\" \/>\n\t\t<meta property=\"og:description\" content=\"Aena ha ampliado el uso de la configuraci\u00f3n nocturna en el Aeropuerto de Barcelona-El Prat para que los aviones aterricen durante m\u00e1s horas por la pista transversal, de forma que no provoquen molestias por ruido en los municipios del entorno. Seg\u00fan ha informado el Ayuntamiento de Gav\u00e0, el uso de la configuraci\u00f3n preferente nocturna --con\" \/>\n\t\t<meta property=\"og:url\" content=\"https:\/\/eldigitaldeasturias.com\/magazine365\/el-aeropuerto-de-el-prat-toma-mas-medidas-para-reducir-las-molestias-por-el-ruido-de-los-aviones\/\" \/>\n\t\t<meta property=\"og:image\" content=\"https:\/\/eldigitaldeasturias.com\/magazine365\/wp-content\/uploads\/2016\/01\/fotonoticia_20160119182619_800.jpg\" \/>\n\t\t<meta property=\"og:image:secure_url\" content=\"https:\/\/eldigitaldeasturias.com\/magazine365\/wp-content\/uploads\/2016\/01\/fotonoticia_20160119182619_800.jpg\" \/>\n\t\t<meta property=\"og:image:width\" content=\"800\" \/>\n\t\t<meta property=\"og:image:height\" content=\"600\" \/>\n\t\t<meta property=\"article:published_time\" content=\"2016-01-21T11:43:38+00:00\" \/>\n\t\t<meta property=\"article:modified_time\" content=\"2016-01-21T11:43:38+00:00\" \/>\n\t\t<meta name=\"twitter:card\" content=\"summary_large_image\" \/>\n\t\t<meta name=\"twitter:title\" content=\"El Aeropuerto de El Prat toma m\u00e1s medidas para reducir las molestias por el ruido de los aviones | El Digital de Asturias\" \/>\n\t\t<meta name=\"twitter:description\" content=\"Aena ha ampliado el uso de la configuraci\u00f3n nocturna en el Aeropuerto de Barcelona-El Prat para que los aviones aterricen durante m\u00e1s horas por la pista transversal, de forma que no provoquen molestias por ruido en los municipios del entorno. Seg\u00fan ha informado el Ayuntamiento de Gav\u00e0, el uso de la configuraci\u00f3n preferente nocturna --con\" \/>\n\t\t<meta name=\"twitter:image\" content=\"https:\/\/eldigitaldeasturias.com\/magazine365\/wp-content\/uploads\/2016\/01\/fotonoticia_20160119182619_800.jpg\" \/>\n\t\t<script type=\"application\/ld+json\" class=\"aioseo-schema\">\n\t\t\t{\"@context\":\"https:\\\/\\\/schema.org\",\"@graph\":[{\"@type\":\"Article\",\"@id\":\"https:\\\/\\\/eldigitaldeasturias.com\\\/magazine365\\\/el-aeropuerto-de-el-prat-toma-mas-medidas-para-reducir-las-molestias-por-el-ruido-de-los-aviones\\\/#article\",\"name\":\"El Aeropuerto de El Prat toma m\\u00e1s medidas para reducir las molestias por el ruido de los aviones | El Digital de Asturias\",\"headline\":\"El Aeropuerto de El Prat toma m\\u00e1s medidas para reducir las molestias por el ruido de los aviones\",\"author\":{\"@id\":\"https:\\\/\\\/eldigitaldeasturias.com\\\/magazine365\\\/author\\\/admin\\\/#author\"},\"publisher\":{\"@id\":\"https:\\\/\\\/eldigitaldeasturias.com\\\/magazine365\\\/#organization\"},\"image\":{\"@type\":\"ImageObject\",\"url\":\"https:\\\/\\\/eldigitaldeasturias.com\\\/magazine365\\\/wp-content\\\/uploads\\\/2016\\\/01\\\/fotonoticia_20160119182619_800.jpg\",\"width\":800,\"height\":600},\"datePublished\":\"2016-01-21T12:43:38+01:00\",\"dateModified\":\"2016-01-21T12:43:38+01:00\",\"inLanguage\":\"es-ES\",\"mainEntityOfPage\":{\"@id\":\"https:\\\/\\\/eldigitaldeasturias.com\\\/magazine365\\\/el-aeropuerto-de-el-prat-toma-mas-medidas-para-reducir-las-molestias-por-el-ruido-de-los-aviones\\\/#webpage\"},\"isPartOf\":{\"@id\":\"https:\\\/\\\/eldigitaldeasturias.com\\\/magazine365\\\/el-aeropuerto-de-el-prat-toma-mas-medidas-para-reducir-las-molestias-por-el-ruido-de-los-aviones\\\/#webpage\"},\"articleSection\":\"Noticias y Actualidad\"},{\"@type\":\"BreadcrumbList\",\"@id\":\"https:\\\/\\\/eldigitaldeasturias.com\\\/magazine365\\\/el-aeropuerto-de-el-prat-toma-mas-medidas-para-reducir-las-molestias-por-el-ruido-de-los-aviones\\\/#breadcrumblist\",\"itemListElement\":[{\"@type\":\"ListItem\",\"@id\":\"https:\\\/\\\/eldigitaldeasturias.com\\\/magazine365#listItem\",\"position\":1,\"name\":\"Home\",\"item\":\"https:\\\/\\\/eldigitaldeasturias.com\\\/magazine365\",\"nextItem\":{\"@type\":\"ListItem\",\"@id\":\"https:\\\/\\\/eldigitaldeasturias.com\\\/magazine365\\\/category\\\/noticias-actualidad\\\/#listItem\",\"name\":\"Noticias y Actualidad\"}},{\"@type\":\"ListItem\",\"@id\":\"https:\\\/\\\/eldigitaldeasturias.com\\\/magazine365\\\/category\\\/noticias-actualidad\\\/#listItem\",\"position\":2,\"name\":\"Noticias y Actualidad\",\"item\":\"https:\\\/\\\/eldigitaldeasturias.com\\\/magazine365\\\/category\\\/noticias-actualidad\\\/\",\"nextItem\":{\"@type\":\"ListItem\",\"@id\":\"https:\\\/\\\/eldigitaldeasturias.com\\\/magazine365\\\/el-aeropuerto-de-el-prat-toma-mas-medidas-para-reducir-las-molestias-por-el-ruido-de-los-aviones\\\/#listItem\",\"name\":\"El Aeropuerto de El Prat toma m\\u00e1s medidas para reducir las molestias por el ruido de los aviones\"},\"previousItem\":{\"@type\":\"ListItem\",\"@id\":\"https:\\\/\\\/eldigitaldeasturias.com\\\/magazine365#listItem\",\"name\":\"Home\"}},{\"@type\":\"ListItem\",\"@id\":\"https:\\\/\\\/eldigitaldeasturias.com\\\/magazine365\\\/el-aeropuerto-de-el-prat-toma-mas-medidas-para-reducir-las-molestias-por-el-ruido-de-los-aviones\\\/#listItem\",\"position\":3,\"name\":\"El Aeropuerto de El Prat toma m\\u00e1s medidas para reducir las molestias por el ruido de los aviones\",\"previousItem\":{\"@type\":\"ListItem\",\"@id\":\"https:\\\/\\\/eldigitaldeasturias.com\\\/magazine365\\\/category\\\/noticias-actualidad\\\/#listItem\",\"name\":\"Noticias y Actualidad\"}}]},{\"@type\":\"Organization\",\"@id\":\"https:\\\/\\\/eldigitaldeasturias.com\\\/magazine365\\\/#organization\",\"name\":\"El digital de Asturias\",\"description\":\"Revista de ocio, turismo y estilo de vida\",\"url\":\"https:\\\/\\\/eldigitaldeasturias.com\\\/magazine365\\\/\",\"logo\":{\"@type\":\"ImageObject\",\"url\":\"https:\\\/\\\/www.eldigitaldeasturias.com\\\/noticias\\\/wp-content\\\/uploads\\\/2020\\\/12\\\/EDA.jpg\",\"@id\":\"https:\\\/\\\/eldigitaldeasturias.com\\\/magazine365\\\/el-aeropuerto-de-el-prat-toma-mas-medidas-para-reducir-las-molestias-por-el-ruido-de-los-aviones\\\/#organizationLogo\"},\"image\":{\"@id\":\"https:\\\/\\\/eldigitaldeasturias.com\\\/magazine365\\\/el-aeropuerto-de-el-prat-toma-mas-medidas-para-reducir-las-molestias-por-el-ruido-de-los-aviones\\\/#organizationLogo\"}},{\"@type\":\"Person\",\"@id\":\"https:\\\/\\\/eldigitaldeasturias.com\\\/magazine365\\\/author\\\/admin\\\/#author\",\"url\":\"https:\\\/\\\/eldigitaldeasturias.com\\\/magazine365\\\/author\\\/admin\\\/\",\"name\":\"admin\",\"image\":{\"@type\":\"ImageObject\",\"@id\":\"https:\\\/\\\/eldigitaldeasturias.com\\\/magazine365\\\/el-aeropuerto-de-el-prat-toma-mas-medidas-para-reducir-las-molestias-por-el-ruido-de-los-aviones\\\/#authorImage\",\"url\":\"https:\\\/\\\/eldigitaldeasturias.com\\\/magazine365\\\/wp-content\\\/litespeed\\\/avatar\\\/e571bcf59a0edd6fa6838245a470f2fe.jpg?ver=1776969259\",\"width\":96,\"height\":96,\"caption\":\"admin\"}},{\"@type\":\"WebPage\",\"@id\":\"https:\\\/\\\/eldigitaldeasturias.com\\\/magazine365\\\/el-aeropuerto-de-el-prat-toma-mas-medidas-para-reducir-las-molestias-por-el-ruido-de-los-aviones\\\/#webpage\",\"url\":\"https:\\\/\\\/eldigitaldeasturias.com\\\/magazine365\\\/el-aeropuerto-de-el-prat-toma-mas-medidas-para-reducir-las-molestias-por-el-ruido-de-los-aviones\\\/\",\"name\":\"El Aeropuerto de El Prat toma m\\u00e1s medidas para reducir las molestias por el ruido de los aviones | El Digital de Asturias\",\"description\":\"Aena ha ampliado el uso de la configuraci\\u00f3n nocturna en el Aeropuerto de Barcelona-El Prat para que los aviones aterricen durante m\\u00e1s horas por la pista transversal, de forma que no provoquen molestias por ruido en los municipios del entorno. Seg\\u00fan ha informado el Ayuntamiento de Gav\\u00e0, el uso de la configuraci\\u00f3n preferente nocturna --con\",\"inLanguage\":\"es-ES\",\"isPartOf\":{\"@id\":\"https:\\\/\\\/eldigitaldeasturias.com\\\/magazine365\\\/#website\"},\"breadcrumb\":{\"@id\":\"https:\\\/\\\/eldigitaldeasturias.com\\\/magazine365\\\/el-aeropuerto-de-el-prat-toma-mas-medidas-para-reducir-las-molestias-por-el-ruido-de-los-aviones\\\/#breadcrumblist\"},\"author\":{\"@id\":\"https:\\\/\\\/eldigitaldeasturias.com\\\/magazine365\\\/author\\\/admin\\\/#author\"},\"creator\":{\"@id\":\"https:\\\/\\\/eldigitaldeasturias.com\\\/magazine365\\\/author\\\/admin\\\/#author\"},\"image\":{\"@type\":\"ImageObject\",\"url\":\"https:\\\/\\\/eldigitaldeasturias.com\\\/magazine365\\\/wp-content\\\/uploads\\\/2016\\\/01\\\/fotonoticia_20160119182619_800.jpg\",\"@id\":\"https:\\\/\\\/eldigitaldeasturias.com\\\/magazine365\\\/el-aeropuerto-de-el-prat-toma-mas-medidas-para-reducir-las-molestias-por-el-ruido-de-los-aviones\\\/#mainImage\",\"width\":800,\"height\":600},\"primaryImageOfPage\":{\"@id\":\"https:\\\/\\\/eldigitaldeasturias.com\\\/magazine365\\\/el-aeropuerto-de-el-prat-toma-mas-medidas-para-reducir-las-molestias-por-el-ruido-de-los-aviones\\\/#mainImage\"},\"datePublished\":\"2016-01-21T12:43:38+01:00\",\"dateModified\":\"2016-01-21T12:43:38+01:00\"},{\"@type\":\"WebSite\",\"@id\":\"https:\\\/\\\/eldigitaldeasturias.com\\\/magazine365\\\/#website\",\"url\":\"https:\\\/\\\/eldigitaldeasturias.com\\\/magazine365\\\/\",\"name\":\"El Digital de Asturias\",\"description\":\"Revista de ocio, turismo y estilo de vida\",\"inLanguage\":\"es-ES\",\"publisher\":{\"@id\":\"https:\\\/\\\/eldigitaldeasturias.com\\\/magazine365\\\/#organization\"}}]}\n\t\t<\/script>\n\t\t<!-- All in One SEO Pro -->\r\n\t\t<title>El Aeropuerto de El Prat toma m\u00e1s medidas para reducir las molestias por el ruido de los aviones | El Digital de Asturias<\/title>\n\n","aioseo_head_json":{"title":"El Aeropuerto de El Prat toma m\u00e1s medidas para reducir las molestias por el ruido de los aviones | El Digital de Asturias","description":"Aena ha ampliado el uso de la configuraci\u00f3n nocturna en el Aeropuerto de Barcelona-El Prat para que los aviones aterricen durante m\u00e1s horas por la pista transversal, de forma que no provoquen molestias por ruido en los municipios del entorno. Seg\u00fan ha informado el Ayuntamiento de Gav\u00e0, el uso de la configuraci\u00f3n preferente nocturna --con","canonical_url":"https:\/\/eldigitaldeasturias.com\/magazine365\/el-aeropuerto-de-el-prat-toma-mas-medidas-para-reducir-las-molestias-por-el-ruido-de-los-aviones\/","robots":"max-image-preview:large","keywords":"noticias y actualidad","webmasterTools":{"google-site-verification":"UA-38556648-1","miscellaneous":""},"schema":{"@context":"https:\/\/schema.org","@graph":[{"@type":"Article","@id":"https:\/\/eldigitaldeasturias.com\/magazine365\/el-aeropuerto-de-el-prat-toma-mas-medidas-para-reducir-las-molestias-por-el-ruido-de-los-aviones\/#article","name":"El Aeropuerto de El Prat toma m\u00e1s medidas para reducir las molestias por el ruido de los aviones | El Digital de Asturias","headline":"El Aeropuerto de El Prat toma m\u00e1s medidas para reducir las molestias por el ruido de los aviones","author":{"@id":"https:\/\/eldigitaldeasturias.com\/magazine365\/author\/admin\/#author"},"publisher":{"@id":"https:\/\/eldigitaldeasturias.com\/magazine365\/#organization"},"image":{"@type":"ImageObject","url":"https:\/\/eldigitaldeasturias.com\/magazine365\/wp-content\/uploads\/2016\/01\/fotonoticia_20160119182619_800.jpg","width":800,"height":600},"datePublished":"2016-01-21T12:43:38+01:00","dateModified":"2016-01-21T12:43:38+01:00","inLanguage":"es-ES","mainEntityOfPage":{"@id":"https:\/\/eldigitaldeasturias.com\/magazine365\/el-aeropuerto-de-el-prat-toma-mas-medidas-para-reducir-las-molestias-por-el-ruido-de-los-aviones\/#webpage"},"isPartOf":{"@id":"https:\/\/eldigitaldeasturias.com\/magazine365\/el-aeropuerto-de-el-prat-toma-mas-medidas-para-reducir-las-molestias-por-el-ruido-de-los-aviones\/#webpage"},"articleSection":"Noticias y Actualidad"},{"@type":"BreadcrumbList","@id":"https:\/\/eldigitaldeasturias.com\/magazine365\/el-aeropuerto-de-el-prat-toma-mas-medidas-para-reducir-las-molestias-por-el-ruido-de-los-aviones\/#breadcrumblist","itemListElement":[{"@type":"ListItem","@id":"https:\/\/eldigitaldeasturias.com\/magazine365#listItem","position":1,"name":"Home","item":"https:\/\/eldigitaldeasturias.com\/magazine365","nextItem":{"@type":"ListItem","@id":"https:\/\/eldigitaldeasturias.com\/magazine365\/category\/noticias-actualidad\/#listItem","name":"Noticias y Actualidad"}},{"@type":"ListItem","@id":"https:\/\/eldigitaldeasturias.com\/magazine365\/category\/noticias-actualidad\/#listItem","position":2,"name":"Noticias y Actualidad","item":"https:\/\/eldigitaldeasturias.com\/magazine365\/category\/noticias-actualidad\/","nextItem":{"@type":"ListItem","@id":"https:\/\/eldigitaldeasturias.com\/magazine365\/el-aeropuerto-de-el-prat-toma-mas-medidas-para-reducir-las-molestias-por-el-ruido-de-los-aviones\/#listItem","name":"El Aeropuerto de El Prat toma m\u00e1s medidas para reducir las molestias por el ruido de los aviones"},"previousItem":{"@type":"ListItem","@id":"https:\/\/eldigitaldeasturias.com\/magazine365#listItem","name":"Home"}},{"@type":"ListItem","@id":"https:\/\/eldigitaldeasturias.com\/magazine365\/el-aeropuerto-de-el-prat-toma-mas-medidas-para-reducir-las-molestias-por-el-ruido-de-los-aviones\/#listItem","position":3,"name":"El Aeropuerto de El Prat toma m\u00e1s medidas para reducir las molestias por el ruido de los aviones","previousItem":{"@type":"ListItem","@id":"https:\/\/eldigitaldeasturias.com\/magazine365\/category\/noticias-actualidad\/#listItem","name":"Noticias y Actualidad"}}]},{"@type":"Organization","@id":"https:\/\/eldigitaldeasturias.com\/magazine365\/#organization","name":"El digital de Asturias","description":"Revista de ocio, turismo y estilo de vida","url":"https:\/\/eldigitaldeasturias.com\/magazine365\/","logo":{"@type":"ImageObject","url":"https:\/\/www.eldigitaldeasturias.com\/noticias\/wp-content\/uploads\/2020\/12\/EDA.jpg","@id":"https:\/\/eldigitaldeasturias.com\/magazine365\/el-aeropuerto-de-el-prat-toma-mas-medidas-para-reducir-las-molestias-por-el-ruido-de-los-aviones\/#organizationLogo"},"image":{"@id":"https:\/\/eldigitaldeasturias.com\/magazine365\/el-aeropuerto-de-el-prat-toma-mas-medidas-para-reducir-las-molestias-por-el-ruido-de-los-aviones\/#organizationLogo"}},{"@type":"Person","@id":"https:\/\/eldigitaldeasturias.com\/magazine365\/author\/admin\/#author","url":"https:\/\/eldigitaldeasturias.com\/magazine365\/author\/admin\/","name":"admin","image":{"@type":"ImageObject","@id":"https:\/\/eldigitaldeasturias.com\/magazine365\/el-aeropuerto-de-el-prat-toma-mas-medidas-para-reducir-las-molestias-por-el-ruido-de-los-aviones\/#authorImage","url":"https:\/\/eldigitaldeasturias.com\/magazine365\/wp-content\/litespeed\/avatar\/e571bcf59a0edd6fa6838245a470f2fe.jpg?ver=1776969259","width":96,"height":96,"caption":"admin"}},{"@type":"WebPage","@id":"https:\/\/eldigitaldeasturias.com\/magazine365\/el-aeropuerto-de-el-prat-toma-mas-medidas-para-reducir-las-molestias-por-el-ruido-de-los-aviones\/#webpage","url":"https:\/\/eldigitaldeasturias.com\/magazine365\/el-aeropuerto-de-el-prat-toma-mas-medidas-para-reducir-las-molestias-por-el-ruido-de-los-aviones\/","name":"El Aeropuerto de El Prat toma m\u00e1s medidas para reducir las molestias por el ruido de los aviones | El Digital de Asturias","description":"Aena ha ampliado el uso de la configuraci\u00f3n nocturna en el Aeropuerto de Barcelona-El Prat para que los aviones aterricen durante m\u00e1s horas por la pista transversal, de forma que no provoquen molestias por ruido en los municipios del entorno. Seg\u00fan ha informado el Ayuntamiento de Gav\u00e0, el uso de la configuraci\u00f3n preferente nocturna --con","inLanguage":"es-ES","isPartOf":{"@id":"https:\/\/eldigitaldeasturias.com\/magazine365\/#website"},"breadcrumb":{"@id":"https:\/\/eldigitaldeasturias.com\/magazine365\/el-aeropuerto-de-el-prat-toma-mas-medidas-para-reducir-las-molestias-por-el-ruido-de-los-aviones\/#breadcrumblist"},"author":{"@id":"https:\/\/eldigitaldeasturias.com\/magazine365\/author\/admin\/#author"},"creator":{"@id":"https:\/\/eldigitaldeasturias.com\/magazine365\/author\/admin\/#author"},"image":{"@type":"ImageObject","url":"https:\/\/eldigitaldeasturias.com\/magazine365\/wp-content\/uploads\/2016\/01\/fotonoticia_20160119182619_800.jpg","@id":"https:\/\/eldigitaldeasturias.com\/magazine365\/el-aeropuerto-de-el-prat-toma-mas-medidas-para-reducir-las-molestias-por-el-ruido-de-los-aviones\/#mainImage","width":800,"height":600},"primaryImageOfPage":{"@id":"https:\/\/eldigitaldeasturias.com\/magazine365\/el-aeropuerto-de-el-prat-toma-mas-medidas-para-reducir-las-molestias-por-el-ruido-de-los-aviones\/#mainImage"},"datePublished":"2016-01-21T12:43:38+01:00","dateModified":"2016-01-21T12:43:38+01:00"},{"@type":"WebSite","@id":"https:\/\/eldigitaldeasturias.com\/magazine365\/#website","url":"https:\/\/eldigitaldeasturias.com\/magazine365\/","name":"El Digital de Asturias","description":"Revista de ocio, turismo y estilo de vida","inLanguage":"es-ES","publisher":{"@id":"https:\/\/eldigitaldeasturias.com\/magazine365\/#organization"}}]},"og:locale":"es_ES","og:site_name":"El Digital de Asturias \u2013 Revista de ocio, turismo y estilo de vida","og:type":"article","og:title":"El Aeropuerto de El Prat toma m\u00e1s medidas para reducir las molestias por el ruido de los aviones | El Digital de Asturias","og:description":"Aena ha ampliado el uso de la configuraci\u00f3n nocturna en el Aeropuerto de Barcelona-El Prat para que los aviones aterricen durante m\u00e1s horas por la pista transversal, de forma que no provoquen molestias por ruido en los municipios del entorno. Seg\u00fan ha informado el Ayuntamiento de Gav\u00e0, el uso de la configuraci\u00f3n preferente nocturna --con","og:url":"https:\/\/eldigitaldeasturias.com\/magazine365\/el-aeropuerto-de-el-prat-toma-mas-medidas-para-reducir-las-molestias-por-el-ruido-de-los-aviones\/","og:image":"https:\/\/eldigitaldeasturias.com\/magazine365\/wp-content\/uploads\/2016\/01\/fotonoticia_20160119182619_800.jpg","og:image:secure_url":"https:\/\/eldigitaldeasturias.com\/magazine365\/wp-content\/uploads\/2016\/01\/fotonoticia_20160119182619_800.jpg","og:image:width":800,"og:image:height":600,"article:published_time":"2016-01-21T11:43:38+00:00","article:modified_time":"2016-01-21T11:43:38+00:00","twitter:card":"summary_large_image","twitter:title":"El Aeropuerto de El Prat toma m\u00e1s medidas para reducir las molestias por el ruido de los aviones | El Digital de Asturias","twitter:description":"Aena ha ampliado el uso de la configuraci\u00f3n nocturna en el Aeropuerto de Barcelona-El Prat para que los aviones aterricen durante m\u00e1s horas por la pista transversal, de forma que no provoquen molestias por ruido en los municipios del entorno. Seg\u00fan ha informado el Ayuntamiento de Gav\u00e0, el uso de la configuraci\u00f3n preferente nocturna --con","twitter:image":"https:\/\/eldigitaldeasturias.com\/magazine365\/wp-content\/uploads\/2016\/01\/fotonoticia_20160119182619_800.jpg"},"aioseo_meta_data":{"post_id":"61212","title":null,"description":null,"keywords":null,"keyphrases":null,"primary_term":null,"canonical_url":null,"og_title":null,"og_description":null,"og_object_type":"default","og_image_type":"default","og_image_url":null,"og_image_width":null,"og_image_height":null,"og_image_custom_url":null,"og_image_custom_fields":null,"og_video":null,"og_custom_url":null,"og_article_section":null,"og_article_tags":null,"twitter_use_og":false,"twitter_card":"default","twitter_image_type":"default","twitter_image_url":null,"twitter_image_custom_url":null,"twitter_image_custom_fields":null,"twitter_title":null,"twitter_description":null,"schema":{"blockGraphs":[],"customGraphs":[],"default":{"data":{"Article":[],"Course":[],"Dataset":[],"FAQPage":[],"Movie":[],"Person":[],"Product":[],"ProductReview":[],"Car":[],"Recipe":[],"Service":[],"SoftwareApplication":[],"WebPage":[]},"graphName":"","isEnabled":true},"graphs":[]},"schema_type":null,"schema_type_options":null,"pillar_content":false,"robots_default":true,"robots_noindex":false,"robots_noarchive":false,"robots_nosnippet":false,"robots_nofollow":false,"robots_noimageindex":false,"robots_noodp":false,"robots_notranslate":false,"robots_max_snippet":null,"robots_max_videopreview":null,"robots_max_imagepreview":"large","priority":null,"frequency":null,"location":null,"local_seo":null,"seo_analyzer_scan_date":"2025-09-25 08:29:00","breadcrumb_settings":null,"limit_modified_date":false,"open_ai":null,"ai":null,"created":"2021-03-08 21:52:40","updated":"2025-09-25 08:29:00"},"aioseo_breadcrumb":"<div class=\"aioseo-breadcrumbs\"><span class=\"aioseo-breadcrumb\">\n\t<a href=\"https:\/\/eldigitaldeasturias.com\/magazine365\" title=\"Home\">Home<\/a>\n<\/span><span class=\"aioseo-breadcrumb-separator\">\u2013<\/span><span class=\"aioseo-breadcrumb\">\n\t<a href=\"https:\/\/eldigitaldeasturias.com\/magazine365\/category\/noticias-actualidad\/\" title=\"Noticias y Actualidad\">Noticias y Actualidad<\/a>\n<\/span><span class=\"aioseo-breadcrumb-separator\">\u2013<\/span><span class=\"aioseo-breadcrumb\">\n\t<a href=\"https:\/\/eldigitaldeasturias.com\/magazine365\/el-aeropuerto-de-el-prat-toma-mas-medidas-para-reducir-las-molestias-por-el-ruido-de-los-aviones\/\" title=\"El Aeropuerto de El Prat toma m\u00e1s medidas para reducir las molestias por el ruido de los aviones\">El Aeropuerto de El Prat toma m\u00e1s medidas para reducir las molestias por el ruido de los aviones<\/a>\n<\/span><\/div>","aioseo_breadcrumb_json":[{"label":"Home","link":"https:\/\/eldigitaldeasturias.com\/magazine365"},{"label":"Noticias y Actualidad","link":"https:\/\/eldigitaldeasturias.com\/magazine365\/category\/noticias-actualidad\/"},{"label":"El Aeropuerto de El Prat toma m\u00e1s medidas para reducir las molestias por el ruido de los aviones","link":"https:\/\/eldigitaldeasturias.com\/magazine365\/el-aeropuerto-de-el-prat-toma-mas-medidas-para-reducir-las-molestias-por-el-ruido-de-los-aviones\/"}],"_links":{"self":[{"href":"https:\/\/eldigitaldeasturias.com\/magazine365\/wp-json\/wp\/v2\/posts\/61212","targetHints":{"allow":["GET"]}}],"collection":[{"href":"https:\/\/eldigitaldeasturias.com\/magazine365\/wp-json\/wp\/v2\/posts"}],"about":[{"href":"https:\/\/eldigitaldeasturias.com\/magazine365\/wp-json\/wp\/v2\/types\/post"}],"author":[{"embeddable":true,"href":"https:\/\/eldigitaldeasturias.com\/magazine365\/wp-json\/wp\/v2\/users\/1"}],"replies":[{"embeddable":true,"href":"https:\/\/eldigitaldeasturias.com\/magazine365\/wp-json\/wp\/v2\/comments?post=61212"}],"version-history":[{"count":0,"href":"https:\/\/eldigitaldeasturias.com\/magazine365\/wp-json\/wp\/v2\/posts\/61212\/revisions"}],"wp:featuredmedia":[{"embeddable":true,"href":"https:\/\/eldigitaldeasturias.com\/magazine365\/wp-json\/wp\/v2\/media\/61213"}],"wp:attachment":[{"href":"https:\/\/eldigitaldeasturias.com\/magazine365\/wp-json\/wp\/v2\/media?parent=61212"}],"wp:term":[{"taxonomy":"category","embeddable":true,"href":"https:\/\/eldigitaldeasturias.com\/magazine365\/wp-json\/wp\/v2\/categories?post=61212"},{"taxonomy":"post_tag","embeddable":true,"href":"https:\/\/eldigitaldeasturias.com\/magazine365\/wp-json\/wp\/v2\/tags?post=61212"}],"curies":[{"name":"wp","href":"https:\/\/api.w.org\/{rel}","templated":true}]}}