{"id":61206,"date":"2016-01-21T12:42:06","date_gmt":"2016-01-21T11:42:06","guid":{"rendered":"http:\/\/eldigitaldeasturias.com\/magazine365\/?p=61206"},"modified":"2016-01-21T12:42:06","modified_gmt":"2016-01-21T11:42:06","slug":"velez-malaga-mostrara-en-fitur-su-oferta-de-turismo-de-sol-playa-y-cultura","status":"publish","type":"post","link":"https:\/\/eldigitaldeasturias.com\/magazine365\/velez-malaga-mostrara-en-fitur-su-oferta-de-turismo-de-sol-playa-y-cultura\/","title":{"rendered":"V\u00e9lez-M\u00e1laga mostrar\u00e1 en Fitur su oferta de turismo de sol, playa y cultura"},"content":{"rendered":"<p><img fetchpriority=\"high\" decoding=\"async\" class=\"alignleft size-medium wp-image-61207\" src=\"https:\/\/eldigitaldeasturias.com\/magazine365\/wp-content\/uploads\/2016\/01\/fotonoticia_20160119181812_800-360x240.jpg\" alt=\"fotonoticia_20160119181812_800\" width=\"360\" height=\"240\" srcset=\"https:\/\/eldigitaldeasturias.com\/magazine365\/wp-content\/uploads\/2016\/01\/fotonoticia_20160119181812_800-360x240.jpg 360w, https:\/\/eldigitaldeasturias.com\/magazine365\/wp-content\/uploads\/2016\/01\/fotonoticia_20160119181812_800-650x433.jpg 650w, https:\/\/eldigitaldeasturias.com\/magazine365\/wp-content\/uploads\/2016\/01\/fotonoticia_20160119181812_800-768x512.jpg 768w, https:\/\/eldigitaldeasturias.com\/magazine365\/wp-content\/uploads\/2016\/01\/fotonoticia_20160119181812_800-150x100.jpg 150w, https:\/\/eldigitaldeasturias.com\/magazine365\/wp-content\/uploads\/2016\/01\/fotonoticia_20160119181812_800-450x300.jpg 450w, https:\/\/eldigitaldeasturias.com\/magazine365\/wp-content\/uploads\/2016\/01\/fotonoticia_20160119181812_800-696x464.jpg 696w, https:\/\/eldigitaldeasturias.com\/magazine365\/wp-content\/uploads\/2016\/01\/fotonoticia_20160119181812_800-630x420.jpg 630w, https:\/\/eldigitaldeasturias.com\/magazine365\/wp-content\/uploads\/2016\/01\/fotonoticia_20160119181812_800-101x66.jpg 101w, https:\/\/eldigitaldeasturias.com\/magazine365\/wp-content\/uploads\/2016\/01\/fotonoticia_20160119181812_800.jpg 800w\" sizes=\"(max-width: 360px) 100vw, 360px\" \/>El municipio malague\u00f1o de V\u00e9lez-M\u00e1laga acudir\u00e1 a la Feria Internacional de Turismo de Madrid (Fitur) para mostrar su oferta de turismo de sol y playa, adem\u00e1s de su diversidad cultural y monumental, bajo el eslogan &#8216;Ocho playas para descubrir&#8217;.<\/p>\n<p>El alcalde de V\u00e9lez-M\u00e1laga, Antonio Moreno Ferrer, y el concejal de Turismo y Playas, Jes\u00fas P\u00e9rez Atencia, han informado sobre el material que se llevar\u00e1 durante esta semana a la capital espa\u00f1ola para promocionar la ciudad y cuya presentaci\u00f3n del v\u00eddeo promocional ser\u00e1 el d\u00eda 21 a las 13.30 horas en el recinto ferial Juan Carlos I, en el pabell\u00f3n de Andaluc\u00eda.<\/p>\n<p>La campa\u00f1a se centra en la distintas ofertas que se muestran a trav\u00e9s de las playas repartidas a lo largo de los 22 kil\u00f3metros de zona costera, entre las que se encuentran las zonas deportivas, de ocio, para eventos, urbanas, naturales, adaptadas, n\u00e1uticas y gastron\u00f3micas, seg\u00fan han informado desde el Consistorio en un comunicado.<\/p>\n<p>El regidor vele\u00f1o ha indicado que \u00ablos pueblos que componen el municipio ofrecen rincones con encanto, y tenemos un clima incomparable que invita a acercarnos a nuestras costas, que complementan tambi\u00e9n nuestra importante oferta monumental y de espacios expositivos\u00bb.<\/p>\n<p>Moreno Ferrer ha se\u00f1alado que V\u00e9lez-M\u00e1laga promocionar\u00e1 tambi\u00e9n el cuarto centenario del fallecimiento de Miguel de Cervantes a trav\u00e9s de actividades relacionadas con el ilustre novelista y dramaturgo que, durante una etapa de su vida como recaudador de impuestos, permaneci\u00f3 en la capital ax\u00e1rquica.<\/p>\n<p>El alcalde tambi\u00e9n ha hecho hincapi\u00e9 en la conmemoraci\u00f3n del 25 aniversario del fallecimiento de Mar\u00eda Zambrano a trav\u00e9s de la Fundaci\u00f3n que rinde homenaje a la pensadora vele\u00f1a, y que contemplar\u00e1 la recuperaci\u00f3n de los congresos internacionales as\u00ed como la edici\u00f3n de la revista cultural &#8216;Ant\u00edgona&#8217;.<\/p>\n<p>El concejal de Turismo, Jes\u00fas P\u00e9rez Atencia, por su parte, ha indicado que dentro de la oferta de sol y playa que se puede encontrar en Almayate, Benajarafe, Caleta de V\u00e9lez, Chilches, Lagos, Mezquitilla, Torre del Mar y Valle-Niza, \u00abcontamos con cerca de 7,5 kil\u00f3metros de nuestro litoral que dispone de las certificaciones de calidad y que son una muestra del buen trabajo que hacemos en su cuidado y mantenimiento\u00bb.<\/p>\n<p>Atencia ha resaltado tambi\u00e9n el primer Festival A\u00e9reo Internacional de Torre del Mar que tiene previsto que se celebre durante el mes de julio del presente a\u00f1o as\u00ed como la muestra arqueol\u00f3gica de los yacimientos fenicios.<\/p>\n","protected":false},"excerpt":{"rendered":"<p>El municipio malague\u00f1o de V\u00e9lez-M\u00e1laga acudir\u00e1 a la Feria Internacional de Turismo de Madrid (Fitur) para mostrar su oferta de turismo de sol y playa, adem\u00e1s de su diversidad cultural y monumental, bajo el eslogan &#8216;Ocho playas para descubrir&#8217;. El alcalde de V\u00e9lez-M\u00e1laga, Antonio Moreno Ferrer, y el concejal de Turismo y Playas, Jes\u00fas P\u00e9rez<\/p>\n","protected":false},"author":1,"featured_media":61207,"comment_status":"open","ping_status":"closed","sticky":false,"template":"","format":"standard","meta":{"footnotes":""},"categories":[224],"tags":[],"class_list":{"0":"post-61206","1":"post","2":"type-post","3":"status-publish","4":"format-standard","5":"has-post-thumbnail","7":"category-noticias-actualidad"},"aioseo_notices":[],"aioseo_head":"\n\t\t<!-- All in One SEO Pro 4.9.6.1 - aioseo.com -->\n\t<meta name=\"description\" content=\"El municipio malague\u00f1o de V\u00e9lez-M\u00e1laga acudir\u00e1 a la Feria Internacional de Turismo de Madrid (Fitur) para mostrar su oferta de turismo de sol y playa, adem\u00e1s de su diversidad cultural y monumental, bajo el eslogan &#039;Ocho playas para descubrir&#039;. El alcalde de V\u00e9lez-M\u00e1laga, Antonio Moreno Ferrer, y el concejal de Turismo y Playas, Jes\u00fas P\u00e9rez\" \/>\n\t<meta name=\"robots\" content=\"max-image-preview:large\" \/>\n\t<meta name=\"author\" content=\"admin\"\/>\n\t<meta name=\"google-site-verification\" content=\"UA-38556648-1\" \/>\n\t<meta name=\"keywords\" content=\"noticias y actualidad\" \/>\n\t<link rel=\"canonical\" href=\"https:\/\/eldigitaldeasturias.com\/magazine365\/velez-malaga-mostrara-en-fitur-su-oferta-de-turismo-de-sol-playa-y-cultura\/\" \/>\n\t<meta name=\"generator\" content=\"All in One SEO Pro (AIOSEO) 4.9.6.1\" \/>\n\t\t<meta property=\"og:locale\" content=\"es_ES\" \/>\n\t\t<meta property=\"og:site_name\" content=\"El Digital de Asturias \u2013 Revista de ocio, turismo y estilo de vida\" \/>\n\t\t<meta property=\"og:type\" content=\"article\" \/>\n\t\t<meta property=\"og:title\" content=\"V\u00e9lez-M\u00e1laga mostrar\u00e1 en Fitur su oferta de turismo de sol, playa y cultura | El Digital de Asturias\" \/>\n\t\t<meta property=\"og:description\" content=\"El municipio malague\u00f1o de V\u00e9lez-M\u00e1laga acudir\u00e1 a la Feria Internacional de Turismo de Madrid (Fitur) para mostrar su oferta de turismo de sol y playa, adem\u00e1s de su diversidad cultural y monumental, bajo el eslogan &#039;Ocho playas para descubrir&#039;. El alcalde de V\u00e9lez-M\u00e1laga, Antonio Moreno Ferrer, y el concejal de Turismo y Playas, Jes\u00fas P\u00e9rez\" \/>\n\t\t<meta property=\"og:url\" content=\"https:\/\/eldigitaldeasturias.com\/magazine365\/velez-malaga-mostrara-en-fitur-su-oferta-de-turismo-de-sol-playa-y-cultura\/\" \/>\n\t\t<meta property=\"og:image\" content=\"https:\/\/eldigitaldeasturias.com\/magazine365\/wp-content\/uploads\/2016\/01\/fotonoticia_20160119181812_800.jpg\" \/>\n\t\t<meta property=\"og:image:secure_url\" content=\"https:\/\/eldigitaldeasturias.com\/magazine365\/wp-content\/uploads\/2016\/01\/fotonoticia_20160119181812_800.jpg\" \/>\n\t\t<meta property=\"og:image:width\" content=\"800\" \/>\n\t\t<meta property=\"og:image:height\" content=\"533\" \/>\n\t\t<meta property=\"article:published_time\" content=\"2016-01-21T11:42:06+00:00\" \/>\n\t\t<meta property=\"article:modified_time\" content=\"2016-01-21T11:42:06+00:00\" \/>\n\t\t<meta name=\"twitter:card\" content=\"summary_large_image\" \/>\n\t\t<meta name=\"twitter:title\" content=\"V\u00e9lez-M\u00e1laga mostrar\u00e1 en Fitur su oferta de turismo de sol, playa y cultura | El Digital de Asturias\" \/>\n\t\t<meta name=\"twitter:description\" content=\"El municipio malague\u00f1o de V\u00e9lez-M\u00e1laga acudir\u00e1 a la Feria Internacional de Turismo de Madrid (Fitur) para mostrar su oferta de turismo de sol y playa, adem\u00e1s de su diversidad cultural y monumental, bajo el eslogan &#039;Ocho playas para descubrir&#039;. El alcalde de V\u00e9lez-M\u00e1laga, Antonio Moreno Ferrer, y el concejal de Turismo y Playas, Jes\u00fas P\u00e9rez\" \/>\n\t\t<meta name=\"twitter:image\" content=\"https:\/\/eldigitaldeasturias.com\/magazine365\/wp-content\/uploads\/2016\/01\/fotonoticia_20160119181812_800.jpg\" \/>\n\t\t<script type=\"application\/ld+json\" class=\"aioseo-schema\">\n\t\t\t{\"@context\":\"https:\\\/\\\/schema.org\",\"@graph\":[{\"@type\":\"Article\",\"@id\":\"https:\\\/\\\/eldigitaldeasturias.com\\\/magazine365\\\/velez-malaga-mostrara-en-fitur-su-oferta-de-turismo-de-sol-playa-y-cultura\\\/#article\",\"name\":\"V\\u00e9lez-M\\u00e1laga mostrar\\u00e1 en Fitur su oferta de turismo de sol, playa y cultura | El Digital de Asturias\",\"headline\":\"V\\u00e9lez-M\\u00e1laga mostrar\\u00e1 en Fitur su oferta de turismo de sol, playa y cultura\",\"author\":{\"@id\":\"https:\\\/\\\/eldigitaldeasturias.com\\\/magazine365\\\/author\\\/admin\\\/#author\"},\"publisher\":{\"@id\":\"https:\\\/\\\/eldigitaldeasturias.com\\\/magazine365\\\/#organization\"},\"image\":{\"@type\":\"ImageObject\",\"url\":\"https:\\\/\\\/eldigitaldeasturias.com\\\/magazine365\\\/wp-content\\\/uploads\\\/2016\\\/01\\\/fotonoticia_20160119181812_800.jpg\",\"width\":800,\"height\":533},\"datePublished\":\"2016-01-21T12:42:06+01:00\",\"dateModified\":\"2016-01-21T12:42:06+01:00\",\"inLanguage\":\"es-ES\",\"mainEntityOfPage\":{\"@id\":\"https:\\\/\\\/eldigitaldeasturias.com\\\/magazine365\\\/velez-malaga-mostrara-en-fitur-su-oferta-de-turismo-de-sol-playa-y-cultura\\\/#webpage\"},\"isPartOf\":{\"@id\":\"https:\\\/\\\/eldigitaldeasturias.com\\\/magazine365\\\/velez-malaga-mostrara-en-fitur-su-oferta-de-turismo-de-sol-playa-y-cultura\\\/#webpage\"},\"articleSection\":\"Noticias y Actualidad\"},{\"@type\":\"BreadcrumbList\",\"@id\":\"https:\\\/\\\/eldigitaldeasturias.com\\\/magazine365\\\/velez-malaga-mostrara-en-fitur-su-oferta-de-turismo-de-sol-playa-y-cultura\\\/#breadcrumblist\",\"itemListElement\":[{\"@type\":\"ListItem\",\"@id\":\"https:\\\/\\\/eldigitaldeasturias.com\\\/magazine365#listItem\",\"position\":1,\"name\":\"Home\",\"item\":\"https:\\\/\\\/eldigitaldeasturias.com\\\/magazine365\",\"nextItem\":{\"@type\":\"ListItem\",\"@id\":\"https:\\\/\\\/eldigitaldeasturias.com\\\/magazine365\\\/category\\\/noticias-actualidad\\\/#listItem\",\"name\":\"Noticias y Actualidad\"}},{\"@type\":\"ListItem\",\"@id\":\"https:\\\/\\\/eldigitaldeasturias.com\\\/magazine365\\\/category\\\/noticias-actualidad\\\/#listItem\",\"position\":2,\"name\":\"Noticias y Actualidad\",\"item\":\"https:\\\/\\\/eldigitaldeasturias.com\\\/magazine365\\\/category\\\/noticias-actualidad\\\/\",\"nextItem\":{\"@type\":\"ListItem\",\"@id\":\"https:\\\/\\\/eldigitaldeasturias.com\\\/magazine365\\\/velez-malaga-mostrara-en-fitur-su-oferta-de-turismo-de-sol-playa-y-cultura\\\/#listItem\",\"name\":\"V\\u00e9lez-M\\u00e1laga mostrar\\u00e1 en Fitur su oferta de turismo de sol, playa y cultura\"},\"previousItem\":{\"@type\":\"ListItem\",\"@id\":\"https:\\\/\\\/eldigitaldeasturias.com\\\/magazine365#listItem\",\"name\":\"Home\"}},{\"@type\":\"ListItem\",\"@id\":\"https:\\\/\\\/eldigitaldeasturias.com\\\/magazine365\\\/velez-malaga-mostrara-en-fitur-su-oferta-de-turismo-de-sol-playa-y-cultura\\\/#listItem\",\"position\":3,\"name\":\"V\\u00e9lez-M\\u00e1laga mostrar\\u00e1 en Fitur su oferta de turismo de sol, playa y cultura\",\"previousItem\":{\"@type\":\"ListItem\",\"@id\":\"https:\\\/\\\/eldigitaldeasturias.com\\\/magazine365\\\/category\\\/noticias-actualidad\\\/#listItem\",\"name\":\"Noticias y Actualidad\"}}]},{\"@type\":\"Organization\",\"@id\":\"https:\\\/\\\/eldigitaldeasturias.com\\\/magazine365\\\/#organization\",\"name\":\"El digital de Asturias\",\"description\":\"Revista de ocio, turismo y estilo de vida\",\"url\":\"https:\\\/\\\/eldigitaldeasturias.com\\\/magazine365\\\/\",\"logo\":{\"@type\":\"ImageObject\",\"url\":\"https:\\\/\\\/www.eldigitaldeasturias.com\\\/noticias\\\/wp-content\\\/uploads\\\/2020\\\/12\\\/EDA.jpg\",\"@id\":\"https:\\\/\\\/eldigitaldeasturias.com\\\/magazine365\\\/velez-malaga-mostrara-en-fitur-su-oferta-de-turismo-de-sol-playa-y-cultura\\\/#organizationLogo\"},\"image\":{\"@id\":\"https:\\\/\\\/eldigitaldeasturias.com\\\/magazine365\\\/velez-malaga-mostrara-en-fitur-su-oferta-de-turismo-de-sol-playa-y-cultura\\\/#organizationLogo\"}},{\"@type\":\"Person\",\"@id\":\"https:\\\/\\\/eldigitaldeasturias.com\\\/magazine365\\\/author\\\/admin\\\/#author\",\"url\":\"https:\\\/\\\/eldigitaldeasturias.com\\\/magazine365\\\/author\\\/admin\\\/\",\"name\":\"admin\",\"image\":{\"@type\":\"ImageObject\",\"@id\":\"https:\\\/\\\/eldigitaldeasturias.com\\\/magazine365\\\/velez-malaga-mostrara-en-fitur-su-oferta-de-turismo-de-sol-playa-y-cultura\\\/#authorImage\",\"url\":\"https:\\\/\\\/eldigitaldeasturias.com\\\/magazine365\\\/wp-content\\\/litespeed\\\/avatar\\\/e571bcf59a0edd6fa6838245a470f2fe.jpg?ver=1776969259\",\"width\":96,\"height\":96,\"caption\":\"admin\"}},{\"@type\":\"WebPage\",\"@id\":\"https:\\\/\\\/eldigitaldeasturias.com\\\/magazine365\\\/velez-malaga-mostrara-en-fitur-su-oferta-de-turismo-de-sol-playa-y-cultura\\\/#webpage\",\"url\":\"https:\\\/\\\/eldigitaldeasturias.com\\\/magazine365\\\/velez-malaga-mostrara-en-fitur-su-oferta-de-turismo-de-sol-playa-y-cultura\\\/\",\"name\":\"V\\u00e9lez-M\\u00e1laga mostrar\\u00e1 en Fitur su oferta de turismo de sol, playa y cultura | El Digital de Asturias\",\"description\":\"El municipio malague\\u00f1o de V\\u00e9lez-M\\u00e1laga acudir\\u00e1 a la Feria Internacional de Turismo de Madrid (Fitur) para mostrar su oferta de turismo de sol y playa, adem\\u00e1s de su diversidad cultural y monumental, bajo el eslogan 'Ocho playas para descubrir'. El alcalde de V\\u00e9lez-M\\u00e1laga, Antonio Moreno Ferrer, y el concejal de Turismo y Playas, Jes\\u00fas P\\u00e9rez\",\"inLanguage\":\"es-ES\",\"isPartOf\":{\"@id\":\"https:\\\/\\\/eldigitaldeasturias.com\\\/magazine365\\\/#website\"},\"breadcrumb\":{\"@id\":\"https:\\\/\\\/eldigitaldeasturias.com\\\/magazine365\\\/velez-malaga-mostrara-en-fitur-su-oferta-de-turismo-de-sol-playa-y-cultura\\\/#breadcrumblist\"},\"author\":{\"@id\":\"https:\\\/\\\/eldigitaldeasturias.com\\\/magazine365\\\/author\\\/admin\\\/#author\"},\"creator\":{\"@id\":\"https:\\\/\\\/eldigitaldeasturias.com\\\/magazine365\\\/author\\\/admin\\\/#author\"},\"image\":{\"@type\":\"ImageObject\",\"url\":\"https:\\\/\\\/eldigitaldeasturias.com\\\/magazine365\\\/wp-content\\\/uploads\\\/2016\\\/01\\\/fotonoticia_20160119181812_800.jpg\",\"@id\":\"https:\\\/\\\/eldigitaldeasturias.com\\\/magazine365\\\/velez-malaga-mostrara-en-fitur-su-oferta-de-turismo-de-sol-playa-y-cultura\\\/#mainImage\",\"width\":800,\"height\":533},\"primaryImageOfPage\":{\"@id\":\"https:\\\/\\\/eldigitaldeasturias.com\\\/magazine365\\\/velez-malaga-mostrara-en-fitur-su-oferta-de-turismo-de-sol-playa-y-cultura\\\/#mainImage\"},\"datePublished\":\"2016-01-21T12:42:06+01:00\",\"dateModified\":\"2016-01-21T12:42:06+01:00\"},{\"@type\":\"WebSite\",\"@id\":\"https:\\\/\\\/eldigitaldeasturias.com\\\/magazine365\\\/#website\",\"url\":\"https:\\\/\\\/eldigitaldeasturias.com\\\/magazine365\\\/\",\"name\":\"El Digital de Asturias\",\"description\":\"Revista de ocio, turismo y estilo de vida\",\"inLanguage\":\"es-ES\",\"publisher\":{\"@id\":\"https:\\\/\\\/eldigitaldeasturias.com\\\/magazine365\\\/#organization\"}}]}\n\t\t<\/script>\n\t\t<!-- All in One SEO Pro -->\r\n\t\t<title>V\u00e9lez-M\u00e1laga mostrar\u00e1 en Fitur su oferta de turismo de sol, playa y cultura | El Digital de Asturias<\/title>\n\n","aioseo_head_json":{"title":"V\u00e9lez-M\u00e1laga mostrar\u00e1 en Fitur su oferta de turismo de sol, playa y cultura | El Digital de Asturias","description":"El municipio malague\u00f1o de V\u00e9lez-M\u00e1laga acudir\u00e1 a la Feria Internacional de Turismo de Madrid (Fitur) para mostrar su oferta de turismo de sol y playa, adem\u00e1s de su diversidad cultural y monumental, bajo el eslogan 'Ocho playas para descubrir'. El alcalde de V\u00e9lez-M\u00e1laga, Antonio Moreno Ferrer, y el concejal de Turismo y Playas, Jes\u00fas P\u00e9rez","canonical_url":"https:\/\/eldigitaldeasturias.com\/magazine365\/velez-malaga-mostrara-en-fitur-su-oferta-de-turismo-de-sol-playa-y-cultura\/","robots":"max-image-preview:large","keywords":"noticias y actualidad","webmasterTools":{"google-site-verification":"UA-38556648-1","miscellaneous":""},"schema":{"@context":"https:\/\/schema.org","@graph":[{"@type":"Article","@id":"https:\/\/eldigitaldeasturias.com\/magazine365\/velez-malaga-mostrara-en-fitur-su-oferta-de-turismo-de-sol-playa-y-cultura\/#article","name":"V\u00e9lez-M\u00e1laga mostrar\u00e1 en Fitur su oferta de turismo de sol, playa y cultura | El Digital de Asturias","headline":"V\u00e9lez-M\u00e1laga mostrar\u00e1 en Fitur su oferta de turismo de sol, playa y cultura","author":{"@id":"https:\/\/eldigitaldeasturias.com\/magazine365\/author\/admin\/#author"},"publisher":{"@id":"https:\/\/eldigitaldeasturias.com\/magazine365\/#organization"},"image":{"@type":"ImageObject","url":"https:\/\/eldigitaldeasturias.com\/magazine365\/wp-content\/uploads\/2016\/01\/fotonoticia_20160119181812_800.jpg","width":800,"height":533},"datePublished":"2016-01-21T12:42:06+01:00","dateModified":"2016-01-21T12:42:06+01:00","inLanguage":"es-ES","mainEntityOfPage":{"@id":"https:\/\/eldigitaldeasturias.com\/magazine365\/velez-malaga-mostrara-en-fitur-su-oferta-de-turismo-de-sol-playa-y-cultura\/#webpage"},"isPartOf":{"@id":"https:\/\/eldigitaldeasturias.com\/magazine365\/velez-malaga-mostrara-en-fitur-su-oferta-de-turismo-de-sol-playa-y-cultura\/#webpage"},"articleSection":"Noticias y Actualidad"},{"@type":"BreadcrumbList","@id":"https:\/\/eldigitaldeasturias.com\/magazine365\/velez-malaga-mostrara-en-fitur-su-oferta-de-turismo-de-sol-playa-y-cultura\/#breadcrumblist","itemListElement":[{"@type":"ListItem","@id":"https:\/\/eldigitaldeasturias.com\/magazine365#listItem","position":1,"name":"Home","item":"https:\/\/eldigitaldeasturias.com\/magazine365","nextItem":{"@type":"ListItem","@id":"https:\/\/eldigitaldeasturias.com\/magazine365\/category\/noticias-actualidad\/#listItem","name":"Noticias y Actualidad"}},{"@type":"ListItem","@id":"https:\/\/eldigitaldeasturias.com\/magazine365\/category\/noticias-actualidad\/#listItem","position":2,"name":"Noticias y Actualidad","item":"https:\/\/eldigitaldeasturias.com\/magazine365\/category\/noticias-actualidad\/","nextItem":{"@type":"ListItem","@id":"https:\/\/eldigitaldeasturias.com\/magazine365\/velez-malaga-mostrara-en-fitur-su-oferta-de-turismo-de-sol-playa-y-cultura\/#listItem","name":"V\u00e9lez-M\u00e1laga mostrar\u00e1 en Fitur su oferta de turismo de sol, playa y cultura"},"previousItem":{"@type":"ListItem","@id":"https:\/\/eldigitaldeasturias.com\/magazine365#listItem","name":"Home"}},{"@type":"ListItem","@id":"https:\/\/eldigitaldeasturias.com\/magazine365\/velez-malaga-mostrara-en-fitur-su-oferta-de-turismo-de-sol-playa-y-cultura\/#listItem","position":3,"name":"V\u00e9lez-M\u00e1laga mostrar\u00e1 en Fitur su oferta de turismo de sol, playa y cultura","previousItem":{"@type":"ListItem","@id":"https:\/\/eldigitaldeasturias.com\/magazine365\/category\/noticias-actualidad\/#listItem","name":"Noticias y Actualidad"}}]},{"@type":"Organization","@id":"https:\/\/eldigitaldeasturias.com\/magazine365\/#organization","name":"El digital de Asturias","description":"Revista de ocio, turismo y estilo de vida","url":"https:\/\/eldigitaldeasturias.com\/magazine365\/","logo":{"@type":"ImageObject","url":"https:\/\/www.eldigitaldeasturias.com\/noticias\/wp-content\/uploads\/2020\/12\/EDA.jpg","@id":"https:\/\/eldigitaldeasturias.com\/magazine365\/velez-malaga-mostrara-en-fitur-su-oferta-de-turismo-de-sol-playa-y-cultura\/#organizationLogo"},"image":{"@id":"https:\/\/eldigitaldeasturias.com\/magazine365\/velez-malaga-mostrara-en-fitur-su-oferta-de-turismo-de-sol-playa-y-cultura\/#organizationLogo"}},{"@type":"Person","@id":"https:\/\/eldigitaldeasturias.com\/magazine365\/author\/admin\/#author","url":"https:\/\/eldigitaldeasturias.com\/magazine365\/author\/admin\/","name":"admin","image":{"@type":"ImageObject","@id":"https:\/\/eldigitaldeasturias.com\/magazine365\/velez-malaga-mostrara-en-fitur-su-oferta-de-turismo-de-sol-playa-y-cultura\/#authorImage","url":"https:\/\/eldigitaldeasturias.com\/magazine365\/wp-content\/litespeed\/avatar\/e571bcf59a0edd6fa6838245a470f2fe.jpg?ver=1776969259","width":96,"height":96,"caption":"admin"}},{"@type":"WebPage","@id":"https:\/\/eldigitaldeasturias.com\/magazine365\/velez-malaga-mostrara-en-fitur-su-oferta-de-turismo-de-sol-playa-y-cultura\/#webpage","url":"https:\/\/eldigitaldeasturias.com\/magazine365\/velez-malaga-mostrara-en-fitur-su-oferta-de-turismo-de-sol-playa-y-cultura\/","name":"V\u00e9lez-M\u00e1laga mostrar\u00e1 en Fitur su oferta de turismo de sol, playa y cultura | El Digital de Asturias","description":"El municipio malague\u00f1o de V\u00e9lez-M\u00e1laga acudir\u00e1 a la Feria Internacional de Turismo de Madrid (Fitur) para mostrar su oferta de turismo de sol y playa, adem\u00e1s de su diversidad cultural y monumental, bajo el eslogan 'Ocho playas para descubrir'. El alcalde de V\u00e9lez-M\u00e1laga, Antonio Moreno Ferrer, y el concejal de Turismo y Playas, Jes\u00fas P\u00e9rez","inLanguage":"es-ES","isPartOf":{"@id":"https:\/\/eldigitaldeasturias.com\/magazine365\/#website"},"breadcrumb":{"@id":"https:\/\/eldigitaldeasturias.com\/magazine365\/velez-malaga-mostrara-en-fitur-su-oferta-de-turismo-de-sol-playa-y-cultura\/#breadcrumblist"},"author":{"@id":"https:\/\/eldigitaldeasturias.com\/magazine365\/author\/admin\/#author"},"creator":{"@id":"https:\/\/eldigitaldeasturias.com\/magazine365\/author\/admin\/#author"},"image":{"@type":"ImageObject","url":"https:\/\/eldigitaldeasturias.com\/magazine365\/wp-content\/uploads\/2016\/01\/fotonoticia_20160119181812_800.jpg","@id":"https:\/\/eldigitaldeasturias.com\/magazine365\/velez-malaga-mostrara-en-fitur-su-oferta-de-turismo-de-sol-playa-y-cultura\/#mainImage","width":800,"height":533},"primaryImageOfPage":{"@id":"https:\/\/eldigitaldeasturias.com\/magazine365\/velez-malaga-mostrara-en-fitur-su-oferta-de-turismo-de-sol-playa-y-cultura\/#mainImage"},"datePublished":"2016-01-21T12:42:06+01:00","dateModified":"2016-01-21T12:42:06+01:00"},{"@type":"WebSite","@id":"https:\/\/eldigitaldeasturias.com\/magazine365\/#website","url":"https:\/\/eldigitaldeasturias.com\/magazine365\/","name":"El Digital de Asturias","description":"Revista de ocio, turismo y estilo de vida","inLanguage":"es-ES","publisher":{"@id":"https:\/\/eldigitaldeasturias.com\/magazine365\/#organization"}}]},"og:locale":"es_ES","og:site_name":"El Digital de Asturias \u2013 Revista de ocio, turismo y estilo de vida","og:type":"article","og:title":"V\u00e9lez-M\u00e1laga mostrar\u00e1 en Fitur su oferta de turismo de sol, playa y cultura | El Digital de Asturias","og:description":"El municipio malague\u00f1o de V\u00e9lez-M\u00e1laga acudir\u00e1 a la Feria Internacional de Turismo de Madrid (Fitur) para mostrar su oferta de turismo de sol y playa, adem\u00e1s de su diversidad cultural y monumental, bajo el eslogan 'Ocho playas para descubrir'. El alcalde de V\u00e9lez-M\u00e1laga, Antonio Moreno Ferrer, y el concejal de Turismo y Playas, Jes\u00fas P\u00e9rez","og:url":"https:\/\/eldigitaldeasturias.com\/magazine365\/velez-malaga-mostrara-en-fitur-su-oferta-de-turismo-de-sol-playa-y-cultura\/","og:image":"https:\/\/eldigitaldeasturias.com\/magazine365\/wp-content\/uploads\/2016\/01\/fotonoticia_20160119181812_800.jpg","og:image:secure_url":"https:\/\/eldigitaldeasturias.com\/magazine365\/wp-content\/uploads\/2016\/01\/fotonoticia_20160119181812_800.jpg","og:image:width":800,"og:image:height":533,"article:published_time":"2016-01-21T11:42:06+00:00","article:modified_time":"2016-01-21T11:42:06+00:00","twitter:card":"summary_large_image","twitter:title":"V\u00e9lez-M\u00e1laga mostrar\u00e1 en Fitur su oferta de turismo de sol, playa y cultura | El Digital de Asturias","twitter:description":"El municipio malague\u00f1o de V\u00e9lez-M\u00e1laga acudir\u00e1 a la Feria Internacional de Turismo de Madrid (Fitur) para mostrar su oferta de turismo de sol y playa, adem\u00e1s de su diversidad cultural y monumental, bajo el eslogan 'Ocho playas para descubrir'. El alcalde de V\u00e9lez-M\u00e1laga, Antonio Moreno Ferrer, y el concejal de Turismo y Playas, Jes\u00fas P\u00e9rez","twitter:image":"https:\/\/eldigitaldeasturias.com\/magazine365\/wp-content\/uploads\/2016\/01\/fotonoticia_20160119181812_800.jpg"},"aioseo_meta_data":{"post_id":"61206","title":null,"description":null,"keywords":null,"keyphrases":null,"primary_term":null,"canonical_url":null,"og_title":null,"og_description":null,"og_object_type":"default","og_image_type":"default","og_image_url":null,"og_image_width":null,"og_image_height":null,"og_image_custom_url":null,"og_image_custom_fields":null,"og_video":null,"og_custom_url":null,"og_article_section":null,"og_article_tags":null,"twitter_use_og":false,"twitter_card":"default","twitter_image_type":"default","twitter_image_url":null,"twitter_image_custom_url":null,"twitter_image_custom_fields":null,"twitter_title":null,"twitter_description":null,"schema":{"blockGraphs":[],"customGraphs":[],"default":{"data":{"Article":[],"Course":[],"Dataset":[],"FAQPage":[],"Movie":[],"Person":[],"Product":[],"ProductReview":[],"Car":[],"Recipe":[],"Service":[],"SoftwareApplication":[],"WebPage":[]},"graphName":"","isEnabled":true},"graphs":[],"defaultGraph":"","defaultPostTypeGraph":""},"schema_type":null,"schema_type_options":null,"pillar_content":false,"robots_default":true,"robots_noindex":false,"robots_noarchive":false,"robots_nosnippet":false,"robots_nofollow":false,"robots_noimageindex":false,"robots_noodp":false,"robots_notranslate":false,"robots_max_snippet":null,"robots_max_videopreview":null,"robots_max_imagepreview":"large","priority":null,"frequency":null,"location":null,"local_seo":null,"seo_analyzer_scan_date":"2025-09-25 08:26:08","breadcrumb_settings":null,"limit_modified_date":false,"open_ai":null,"ai":null,"created":"2021-03-08 21:52:40","updated":"2025-09-25 08:26:08"},"aioseo_breadcrumb":"<div class=\"aioseo-breadcrumbs\"><span class=\"aioseo-breadcrumb\">\n\t<a href=\"https:\/\/eldigitaldeasturias.com\/magazine365\" title=\"Home\">Home<\/a>\n<\/span><span class=\"aioseo-breadcrumb-separator\">\u2013<\/span><span class=\"aioseo-breadcrumb\">\n\t<a href=\"https:\/\/eldigitaldeasturias.com\/magazine365\/category\/noticias-actualidad\/\" title=\"Noticias y Actualidad\">Noticias y Actualidad<\/a>\n<\/span><span class=\"aioseo-breadcrumb-separator\">\u2013<\/span><span class=\"aioseo-breadcrumb\">\n\t<a href=\"https:\/\/eldigitaldeasturias.com\/magazine365\/velez-malaga-mostrara-en-fitur-su-oferta-de-turismo-de-sol-playa-y-cultura\/\" title=\"V\u00e9lez-M\u00e1laga mostrar\u00e1 en Fitur su oferta de turismo de sol, playa y cultura\">V\u00e9lez-M\u00e1laga mostrar\u00e1 en Fitur su oferta de turismo de sol, playa y cultura<\/a>\n<\/span><\/div>","aioseo_breadcrumb_json":[{"label":"Home","link":"https:\/\/eldigitaldeasturias.com\/magazine365"},{"label":"Noticias y Actualidad","link":"https:\/\/eldigitaldeasturias.com\/magazine365\/category\/noticias-actualidad\/"},{"label":"V\u00e9lez-M\u00e1laga mostrar\u00e1 en Fitur su oferta de turismo de sol, playa y cultura","link":"https:\/\/eldigitaldeasturias.com\/magazine365\/velez-malaga-mostrara-en-fitur-su-oferta-de-turismo-de-sol-playa-y-cultura\/"}],"_links":{"self":[{"href":"https:\/\/eldigitaldeasturias.com\/magazine365\/wp-json\/wp\/v2\/posts\/61206","targetHints":{"allow":["GET"]}}],"collection":[{"href":"https:\/\/eldigitaldeasturias.com\/magazine365\/wp-json\/wp\/v2\/posts"}],"about":[{"href":"https:\/\/eldigitaldeasturias.com\/magazine365\/wp-json\/wp\/v2\/types\/post"}],"author":[{"embeddable":true,"href":"https:\/\/eldigitaldeasturias.com\/magazine365\/wp-json\/wp\/v2\/users\/1"}],"replies":[{"embeddable":true,"href":"https:\/\/eldigitaldeasturias.com\/magazine365\/wp-json\/wp\/v2\/comments?post=61206"}],"version-history":[{"count":0,"href":"https:\/\/eldigitaldeasturias.com\/magazine365\/wp-json\/wp\/v2\/posts\/61206\/revisions"}],"wp:featuredmedia":[{"embeddable":true,"href":"https:\/\/eldigitaldeasturias.com\/magazine365\/wp-json\/wp\/v2\/media\/61207"}],"wp:attachment":[{"href":"https:\/\/eldigitaldeasturias.com\/magazine365\/wp-json\/wp\/v2\/media?parent=61206"}],"wp:term":[{"taxonomy":"category","embeddable":true,"href":"https:\/\/eldigitaldeasturias.com\/magazine365\/wp-json\/wp\/v2\/categories?post=61206"},{"taxonomy":"post_tag","embeddable":true,"href":"https:\/\/eldigitaldeasturias.com\/magazine365\/wp-json\/wp\/v2\/tags?post=61206"}],"curies":[{"name":"wp","href":"https:\/\/api.w.org\/{rel}","templated":true}]}}