{"id":61203,"date":"2016-01-21T12:41:18","date_gmt":"2016-01-21T11:41:18","guid":{"rendered":"http:\/\/eldigitaldeasturias.com\/magazine365\/?p=61203"},"modified":"2016-01-21T12:41:18","modified_gmt":"2016-01-21T11:41:18","slug":"turismo-rias-baixas-promocionara-la-arquitectura-contemporanea-de-la-provincia-de-pontevedra","status":"publish","type":"post","link":"https:\/\/eldigitaldeasturias.com\/magazine365\/turismo-rias-baixas-promocionara-la-arquitectura-contemporanea-de-la-provincia-de-pontevedra\/","title":{"rendered":"Turismo R\u00edas Baixas promocionar\u00e1 la arquitectura contempor\u00e1nea de la provincia de Pontevedra"},"content":{"rendered":"<p><img fetchpriority=\"high\" decoding=\"async\" class=\"alignleft size-medium wp-image-61204\" src=\"https:\/\/eldigitaldeasturias.com\/magazine365\/wp-content\/uploads\/2016\/01\/fotonoticia_20160119181640_800-225x300.jpg\" alt=\"fotonoticia_20160119181640_800\" width=\"225\" height=\"300\" srcset=\"https:\/\/eldigitaldeasturias.com\/magazine365\/wp-content\/uploads\/2016\/01\/fotonoticia_20160119181640_800-225x300.jpg 225w, https:\/\/eldigitaldeasturias.com\/magazine365\/wp-content\/uploads\/2016\/01\/fotonoticia_20160119181640_800-480x640.jpg 480w, https:\/\/eldigitaldeasturias.com\/magazine365\/wp-content\/uploads\/2016\/01\/fotonoticia_20160119181640_800-768x1024.jpg 768w, https:\/\/eldigitaldeasturias.com\/magazine365\/wp-content\/uploads\/2016\/01\/fotonoticia_20160119181640_800-150x200.jpg 150w, https:\/\/eldigitaldeasturias.com\/magazine365\/wp-content\/uploads\/2016\/01\/fotonoticia_20160119181640_800-450x600.jpg 450w, https:\/\/eldigitaldeasturias.com\/magazine365\/wp-content\/uploads\/2016\/01\/fotonoticia_20160119181640_800-696x928.jpg 696w, https:\/\/eldigitaldeasturias.com\/magazine365\/wp-content\/uploads\/2016\/01\/fotonoticia_20160119181640_800-315x420.jpg 315w, https:\/\/eldigitaldeasturias.com\/magazine365\/wp-content\/uploads\/2016\/01\/fotonoticia_20160119181640_800.jpg 800w\" sizes=\"(max-width: 225px) 100vw, 225px\" \/>La presidenta de la Diputaci\u00f3n de Pontevedra, Carmela Silva, ha presentado este martes un adelanto de la programaci\u00f3n que esta instituci\u00f3n desarrollar\u00e1 en la Feria Internacional de Turismo (FITUR) de Madrid, en la que la arquitectura contempor\u00e1nea de la provincia ser\u00e1 el reclamo para atraer nuevos visitantes.<\/p>\n<p>Carmela Silva ha comparecido acompa\u00f1ada del presidente del Colegio de Arquitectos de Pontevedra, Manuel Abelleira, y ha recordado la construcci\u00f3n en los \u00faltimos a\u00f1os de edificios de \u00abgran valor arquitect\u00f3nico\u00bb, que \u00abcontinuar\u00e1n sorprendiendo a futuras generaciones y har\u00e1n que est\u00e9n orgullosas\u00bb.<\/p>\n<p>As\u00ed, frente a atractivos tur\u00edsticos tradicionales como los espacios naturales y playas, la cultura, el patrimonio hist\u00f3rico y arqueol\u00f3gico o la gastronom\u00eda, Turismo R\u00edas Baixas apostar\u00e1 este a\u00f1o por presentar a los touroperadores de todo el mundo la \u00abmodernidad y creatividad\u00bb de los 62 ayuntamientos de la provincia.<\/p>\n<p>Manuel Abelleira ha destacado que este tipo de reclamos no son novedosos, ya que en pa\u00edses como Finlandia estas construcciones son uno de sus principales atractivos tur\u00edsticos. \u00abY aqu\u00ed ser\u00e1 todo un descubrimiento para la gente\u00bb, ha explicado.<\/p>\n<p>El COAG ha elaborado una selecci\u00f3n de las edificaciones \u00abm\u00e1s representativas\u00bb de la arquitectura contempor\u00e1nea de las \u00faltimas d\u00e9cadas, que se dar\u00e1 a conocer en Fitur el jueves 21 de enero, en un acto conducido por la actriz viguesa Mar\u00eda Castro, que intervendr\u00e1 como \u00abembajadora\u00bb.<\/p>\n<p>Carmela Silva tambi\u00e9n ha anunciado que la administraci\u00f3n provincial est\u00e1 preparando \u00abun gran evento tur\u00edstico\u00bb en Madrid para el mes de marzo, en el que est\u00e1n llamados a \u00abparticipar activamente\u00bb todos los ayuntamientos de la provincia \u00abpara decidir los elementos y espacios que quieren potenciar\u00bb.<\/p>\n","protected":false},"excerpt":{"rendered":"<p>La presidenta de la Diputaci\u00f3n de Pontevedra, Carmela Silva, ha presentado este martes un adelanto de la programaci\u00f3n que esta instituci\u00f3n desarrollar\u00e1 en la Feria Internacional de Turismo (FITUR) de Madrid, en la que la arquitectura contempor\u00e1nea de la provincia ser\u00e1 el reclamo para atraer nuevos visitantes. Carmela Silva ha comparecido acompa\u00f1ada del presidente del<\/p>\n","protected":false},"author":1,"featured_media":61204,"comment_status":"open","ping_status":"closed","sticky":false,"template":"","format":"standard","meta":{"footnotes":""},"categories":[224],"tags":[],"class_list":{"0":"post-61203","1":"post","2":"type-post","3":"status-publish","4":"format-standard","5":"has-post-thumbnail","7":"category-noticias-actualidad"},"aioseo_notices":[],"aioseo_head":"\n\t\t<!-- All in One SEO Pro 4.9.6.1 - aioseo.com -->\n\t<meta name=\"description\" content=\"La presidenta de la Diputaci\u00f3n de Pontevedra, Carmela Silva, ha presentado este martes un adelanto de la programaci\u00f3n que esta instituci\u00f3n desarrollar\u00e1 en la Feria Internacional de Turismo (FITUR) de Madrid, en la que la arquitectura contempor\u00e1nea de la provincia ser\u00e1 el reclamo para atraer nuevos visitantes. Carmela Silva ha comparecido acompa\u00f1ada del presidente del\" \/>\n\t<meta name=\"robots\" content=\"max-image-preview:large\" \/>\n\t<meta name=\"author\" content=\"admin\"\/>\n\t<meta name=\"google-site-verification\" content=\"UA-38556648-1\" \/>\n\t<meta name=\"keywords\" content=\"noticias y actualidad\" \/>\n\t<link rel=\"canonical\" href=\"https:\/\/eldigitaldeasturias.com\/magazine365\/turismo-rias-baixas-promocionara-la-arquitectura-contemporanea-de-la-provincia-de-pontevedra\/\" \/>\n\t<meta name=\"generator\" content=\"All in One SEO Pro (AIOSEO) 4.9.6.1\" \/>\n\t\t<meta property=\"og:locale\" content=\"es_ES\" \/>\n\t\t<meta property=\"og:site_name\" content=\"El Digital de Asturias \u2013 Revista de ocio, turismo y estilo de vida\" \/>\n\t\t<meta property=\"og:type\" content=\"article\" \/>\n\t\t<meta property=\"og:title\" content=\"Turismo R\u00edas Baixas promocionar\u00e1 la arquitectura contempor\u00e1nea de la provincia de Pontevedra | El Digital de Asturias\" \/>\n\t\t<meta property=\"og:description\" content=\"La presidenta de la Diputaci\u00f3n de Pontevedra, Carmela Silva, ha presentado este martes un adelanto de la programaci\u00f3n que esta instituci\u00f3n desarrollar\u00e1 en la Feria Internacional de Turismo (FITUR) de Madrid, en la que la arquitectura contempor\u00e1nea de la provincia ser\u00e1 el reclamo para atraer nuevos visitantes. Carmela Silva ha comparecido acompa\u00f1ada del presidente del\" \/>\n\t\t<meta property=\"og:url\" content=\"https:\/\/eldigitaldeasturias.com\/magazine365\/turismo-rias-baixas-promocionara-la-arquitectura-contemporanea-de-la-provincia-de-pontevedra\/\" \/>\n\t\t<meta property=\"og:image\" content=\"https:\/\/eldigitaldeasturias.com\/magazine365\/wp-content\/uploads\/2016\/01\/fotonoticia_20160119181640_800.jpg\" \/>\n\t\t<meta property=\"og:image:secure_url\" content=\"https:\/\/eldigitaldeasturias.com\/magazine365\/wp-content\/uploads\/2016\/01\/fotonoticia_20160119181640_800.jpg\" \/>\n\t\t<meta property=\"og:image:width\" content=\"800\" \/>\n\t\t<meta property=\"og:image:height\" content=\"1067\" \/>\n\t\t<meta property=\"article:published_time\" content=\"2016-01-21T11:41:18+00:00\" \/>\n\t\t<meta property=\"article:modified_time\" content=\"2016-01-21T11:41:18+00:00\" \/>\n\t\t<meta name=\"twitter:card\" content=\"summary_large_image\" \/>\n\t\t<meta name=\"twitter:title\" content=\"Turismo R\u00edas Baixas promocionar\u00e1 la arquitectura contempor\u00e1nea de la provincia de Pontevedra | El Digital de Asturias\" \/>\n\t\t<meta name=\"twitter:description\" content=\"La presidenta de la Diputaci\u00f3n de Pontevedra, Carmela Silva, ha presentado este martes un adelanto de la programaci\u00f3n que esta instituci\u00f3n desarrollar\u00e1 en la Feria Internacional de Turismo (FITUR) de Madrid, en la que la arquitectura contempor\u00e1nea de la provincia ser\u00e1 el reclamo para atraer nuevos visitantes. Carmela Silva ha comparecido acompa\u00f1ada del presidente del\" \/>\n\t\t<meta name=\"twitter:image\" content=\"https:\/\/eldigitaldeasturias.com\/magazine365\/wp-content\/uploads\/2016\/01\/fotonoticia_20160119181640_800.jpg\" \/>\n\t\t<script type=\"application\/ld+json\" class=\"aioseo-schema\">\n\t\t\t{\"@context\":\"https:\\\/\\\/schema.org\",\"@graph\":[{\"@type\":\"Article\",\"@id\":\"https:\\\/\\\/eldigitaldeasturias.com\\\/magazine365\\\/turismo-rias-baixas-promocionara-la-arquitectura-contemporanea-de-la-provincia-de-pontevedra\\\/#article\",\"name\":\"Turismo R\\u00edas Baixas promocionar\\u00e1 la arquitectura contempor\\u00e1nea de la provincia de Pontevedra | El Digital de Asturias\",\"headline\":\"Turismo R\\u00edas Baixas promocionar\\u00e1 la arquitectura contempor\\u00e1nea de la provincia de Pontevedra\",\"author\":{\"@id\":\"https:\\\/\\\/eldigitaldeasturias.com\\\/magazine365\\\/author\\\/admin\\\/#author\"},\"publisher\":{\"@id\":\"https:\\\/\\\/eldigitaldeasturias.com\\\/magazine365\\\/#organization\"},\"image\":{\"@type\":\"ImageObject\",\"url\":\"https:\\\/\\\/eldigitaldeasturias.com\\\/magazine365\\\/wp-content\\\/uploads\\\/2016\\\/01\\\/fotonoticia_20160119181640_800.jpg\",\"width\":800,\"height\":1067},\"datePublished\":\"2016-01-21T12:41:18+01:00\",\"dateModified\":\"2016-01-21T12:41:18+01:00\",\"inLanguage\":\"es-ES\",\"mainEntityOfPage\":{\"@id\":\"https:\\\/\\\/eldigitaldeasturias.com\\\/magazine365\\\/turismo-rias-baixas-promocionara-la-arquitectura-contemporanea-de-la-provincia-de-pontevedra\\\/#webpage\"},\"isPartOf\":{\"@id\":\"https:\\\/\\\/eldigitaldeasturias.com\\\/magazine365\\\/turismo-rias-baixas-promocionara-la-arquitectura-contemporanea-de-la-provincia-de-pontevedra\\\/#webpage\"},\"articleSection\":\"Noticias y Actualidad\"},{\"@type\":\"BreadcrumbList\",\"@id\":\"https:\\\/\\\/eldigitaldeasturias.com\\\/magazine365\\\/turismo-rias-baixas-promocionara-la-arquitectura-contemporanea-de-la-provincia-de-pontevedra\\\/#breadcrumblist\",\"itemListElement\":[{\"@type\":\"ListItem\",\"@id\":\"https:\\\/\\\/eldigitaldeasturias.com\\\/magazine365#listItem\",\"position\":1,\"name\":\"Home\",\"item\":\"https:\\\/\\\/eldigitaldeasturias.com\\\/magazine365\",\"nextItem\":{\"@type\":\"ListItem\",\"@id\":\"https:\\\/\\\/eldigitaldeasturias.com\\\/magazine365\\\/category\\\/noticias-actualidad\\\/#listItem\",\"name\":\"Noticias y Actualidad\"}},{\"@type\":\"ListItem\",\"@id\":\"https:\\\/\\\/eldigitaldeasturias.com\\\/magazine365\\\/category\\\/noticias-actualidad\\\/#listItem\",\"position\":2,\"name\":\"Noticias y Actualidad\",\"item\":\"https:\\\/\\\/eldigitaldeasturias.com\\\/magazine365\\\/category\\\/noticias-actualidad\\\/\",\"nextItem\":{\"@type\":\"ListItem\",\"@id\":\"https:\\\/\\\/eldigitaldeasturias.com\\\/magazine365\\\/turismo-rias-baixas-promocionara-la-arquitectura-contemporanea-de-la-provincia-de-pontevedra\\\/#listItem\",\"name\":\"Turismo R\\u00edas Baixas promocionar\\u00e1 la arquitectura contempor\\u00e1nea de la provincia de Pontevedra\"},\"previousItem\":{\"@type\":\"ListItem\",\"@id\":\"https:\\\/\\\/eldigitaldeasturias.com\\\/magazine365#listItem\",\"name\":\"Home\"}},{\"@type\":\"ListItem\",\"@id\":\"https:\\\/\\\/eldigitaldeasturias.com\\\/magazine365\\\/turismo-rias-baixas-promocionara-la-arquitectura-contemporanea-de-la-provincia-de-pontevedra\\\/#listItem\",\"position\":3,\"name\":\"Turismo R\\u00edas Baixas promocionar\\u00e1 la arquitectura contempor\\u00e1nea de la provincia de Pontevedra\",\"previousItem\":{\"@type\":\"ListItem\",\"@id\":\"https:\\\/\\\/eldigitaldeasturias.com\\\/magazine365\\\/category\\\/noticias-actualidad\\\/#listItem\",\"name\":\"Noticias y Actualidad\"}}]},{\"@type\":\"Organization\",\"@id\":\"https:\\\/\\\/eldigitaldeasturias.com\\\/magazine365\\\/#organization\",\"name\":\"El digital de Asturias\",\"description\":\"Revista de ocio, turismo y estilo de vida\",\"url\":\"https:\\\/\\\/eldigitaldeasturias.com\\\/magazine365\\\/\",\"logo\":{\"@type\":\"ImageObject\",\"url\":\"https:\\\/\\\/www.eldigitaldeasturias.com\\\/noticias\\\/wp-content\\\/uploads\\\/2020\\\/12\\\/EDA.jpg\",\"@id\":\"https:\\\/\\\/eldigitaldeasturias.com\\\/magazine365\\\/turismo-rias-baixas-promocionara-la-arquitectura-contemporanea-de-la-provincia-de-pontevedra\\\/#organizationLogo\"},\"image\":{\"@id\":\"https:\\\/\\\/eldigitaldeasturias.com\\\/magazine365\\\/turismo-rias-baixas-promocionara-la-arquitectura-contemporanea-de-la-provincia-de-pontevedra\\\/#organizationLogo\"}},{\"@type\":\"Person\",\"@id\":\"https:\\\/\\\/eldigitaldeasturias.com\\\/magazine365\\\/author\\\/admin\\\/#author\",\"url\":\"https:\\\/\\\/eldigitaldeasturias.com\\\/magazine365\\\/author\\\/admin\\\/\",\"name\":\"admin\",\"image\":{\"@type\":\"ImageObject\",\"@id\":\"https:\\\/\\\/eldigitaldeasturias.com\\\/magazine365\\\/turismo-rias-baixas-promocionara-la-arquitectura-contemporanea-de-la-provincia-de-pontevedra\\\/#authorImage\",\"url\":\"https:\\\/\\\/eldigitaldeasturias.com\\\/magazine365\\\/wp-content\\\/litespeed\\\/avatar\\\/e571bcf59a0edd6fa6838245a470f2fe.jpg?ver=1776969259\",\"width\":96,\"height\":96,\"caption\":\"admin\"}},{\"@type\":\"WebPage\",\"@id\":\"https:\\\/\\\/eldigitaldeasturias.com\\\/magazine365\\\/turismo-rias-baixas-promocionara-la-arquitectura-contemporanea-de-la-provincia-de-pontevedra\\\/#webpage\",\"url\":\"https:\\\/\\\/eldigitaldeasturias.com\\\/magazine365\\\/turismo-rias-baixas-promocionara-la-arquitectura-contemporanea-de-la-provincia-de-pontevedra\\\/\",\"name\":\"Turismo R\\u00edas Baixas promocionar\\u00e1 la arquitectura contempor\\u00e1nea de la provincia de Pontevedra | El Digital de Asturias\",\"description\":\"La presidenta de la Diputaci\\u00f3n de Pontevedra, Carmela Silva, ha presentado este martes un adelanto de la programaci\\u00f3n que esta instituci\\u00f3n desarrollar\\u00e1 en la Feria Internacional de Turismo (FITUR) de Madrid, en la que la arquitectura contempor\\u00e1nea de la provincia ser\\u00e1 el reclamo para atraer nuevos visitantes. Carmela Silva ha comparecido acompa\\u00f1ada del presidente del\",\"inLanguage\":\"es-ES\",\"isPartOf\":{\"@id\":\"https:\\\/\\\/eldigitaldeasturias.com\\\/magazine365\\\/#website\"},\"breadcrumb\":{\"@id\":\"https:\\\/\\\/eldigitaldeasturias.com\\\/magazine365\\\/turismo-rias-baixas-promocionara-la-arquitectura-contemporanea-de-la-provincia-de-pontevedra\\\/#breadcrumblist\"},\"author\":{\"@id\":\"https:\\\/\\\/eldigitaldeasturias.com\\\/magazine365\\\/author\\\/admin\\\/#author\"},\"creator\":{\"@id\":\"https:\\\/\\\/eldigitaldeasturias.com\\\/magazine365\\\/author\\\/admin\\\/#author\"},\"image\":{\"@type\":\"ImageObject\",\"url\":\"https:\\\/\\\/eldigitaldeasturias.com\\\/magazine365\\\/wp-content\\\/uploads\\\/2016\\\/01\\\/fotonoticia_20160119181640_800.jpg\",\"@id\":\"https:\\\/\\\/eldigitaldeasturias.com\\\/magazine365\\\/turismo-rias-baixas-promocionara-la-arquitectura-contemporanea-de-la-provincia-de-pontevedra\\\/#mainImage\",\"width\":800,\"height\":1067},\"primaryImageOfPage\":{\"@id\":\"https:\\\/\\\/eldigitaldeasturias.com\\\/magazine365\\\/turismo-rias-baixas-promocionara-la-arquitectura-contemporanea-de-la-provincia-de-pontevedra\\\/#mainImage\"},\"datePublished\":\"2016-01-21T12:41:18+01:00\",\"dateModified\":\"2016-01-21T12:41:18+01:00\"},{\"@type\":\"WebSite\",\"@id\":\"https:\\\/\\\/eldigitaldeasturias.com\\\/magazine365\\\/#website\",\"url\":\"https:\\\/\\\/eldigitaldeasturias.com\\\/magazine365\\\/\",\"name\":\"El Digital de Asturias\",\"description\":\"Revista de ocio, turismo y estilo de vida\",\"inLanguage\":\"es-ES\",\"publisher\":{\"@id\":\"https:\\\/\\\/eldigitaldeasturias.com\\\/magazine365\\\/#organization\"}}]}\n\t\t<\/script>\n\t\t<!-- All in One SEO Pro -->\r\n\t\t<title>Turismo R\u00edas Baixas promocionar\u00e1 la arquitectura contempor\u00e1nea de la provincia de Pontevedra | El Digital de Asturias<\/title>\n\n","aioseo_head_json":{"title":"Turismo R\u00edas Baixas promocionar\u00e1 la arquitectura contempor\u00e1nea de la provincia de Pontevedra | El Digital de Asturias","description":"La presidenta de la Diputaci\u00f3n de Pontevedra, Carmela Silva, ha presentado este martes un adelanto de la programaci\u00f3n que esta instituci\u00f3n desarrollar\u00e1 en la Feria Internacional de Turismo (FITUR) de Madrid, en la que la arquitectura contempor\u00e1nea de la provincia ser\u00e1 el reclamo para atraer nuevos visitantes. Carmela Silva ha comparecido acompa\u00f1ada del presidente del","canonical_url":"https:\/\/eldigitaldeasturias.com\/magazine365\/turismo-rias-baixas-promocionara-la-arquitectura-contemporanea-de-la-provincia-de-pontevedra\/","robots":"max-image-preview:large","keywords":"noticias y actualidad","webmasterTools":{"google-site-verification":"UA-38556648-1","miscellaneous":""},"schema":{"@context":"https:\/\/schema.org","@graph":[{"@type":"Article","@id":"https:\/\/eldigitaldeasturias.com\/magazine365\/turismo-rias-baixas-promocionara-la-arquitectura-contemporanea-de-la-provincia-de-pontevedra\/#article","name":"Turismo R\u00edas Baixas promocionar\u00e1 la arquitectura contempor\u00e1nea de la provincia de Pontevedra | El Digital de Asturias","headline":"Turismo R\u00edas Baixas promocionar\u00e1 la arquitectura contempor\u00e1nea de la provincia de Pontevedra","author":{"@id":"https:\/\/eldigitaldeasturias.com\/magazine365\/author\/admin\/#author"},"publisher":{"@id":"https:\/\/eldigitaldeasturias.com\/magazine365\/#organization"},"image":{"@type":"ImageObject","url":"https:\/\/eldigitaldeasturias.com\/magazine365\/wp-content\/uploads\/2016\/01\/fotonoticia_20160119181640_800.jpg","width":800,"height":1067},"datePublished":"2016-01-21T12:41:18+01:00","dateModified":"2016-01-21T12:41:18+01:00","inLanguage":"es-ES","mainEntityOfPage":{"@id":"https:\/\/eldigitaldeasturias.com\/magazine365\/turismo-rias-baixas-promocionara-la-arquitectura-contemporanea-de-la-provincia-de-pontevedra\/#webpage"},"isPartOf":{"@id":"https:\/\/eldigitaldeasturias.com\/magazine365\/turismo-rias-baixas-promocionara-la-arquitectura-contemporanea-de-la-provincia-de-pontevedra\/#webpage"},"articleSection":"Noticias y Actualidad"},{"@type":"BreadcrumbList","@id":"https:\/\/eldigitaldeasturias.com\/magazine365\/turismo-rias-baixas-promocionara-la-arquitectura-contemporanea-de-la-provincia-de-pontevedra\/#breadcrumblist","itemListElement":[{"@type":"ListItem","@id":"https:\/\/eldigitaldeasturias.com\/magazine365#listItem","position":1,"name":"Home","item":"https:\/\/eldigitaldeasturias.com\/magazine365","nextItem":{"@type":"ListItem","@id":"https:\/\/eldigitaldeasturias.com\/magazine365\/category\/noticias-actualidad\/#listItem","name":"Noticias y Actualidad"}},{"@type":"ListItem","@id":"https:\/\/eldigitaldeasturias.com\/magazine365\/category\/noticias-actualidad\/#listItem","position":2,"name":"Noticias y Actualidad","item":"https:\/\/eldigitaldeasturias.com\/magazine365\/category\/noticias-actualidad\/","nextItem":{"@type":"ListItem","@id":"https:\/\/eldigitaldeasturias.com\/magazine365\/turismo-rias-baixas-promocionara-la-arquitectura-contemporanea-de-la-provincia-de-pontevedra\/#listItem","name":"Turismo R\u00edas Baixas promocionar\u00e1 la arquitectura contempor\u00e1nea de la provincia de Pontevedra"},"previousItem":{"@type":"ListItem","@id":"https:\/\/eldigitaldeasturias.com\/magazine365#listItem","name":"Home"}},{"@type":"ListItem","@id":"https:\/\/eldigitaldeasturias.com\/magazine365\/turismo-rias-baixas-promocionara-la-arquitectura-contemporanea-de-la-provincia-de-pontevedra\/#listItem","position":3,"name":"Turismo R\u00edas Baixas promocionar\u00e1 la arquitectura contempor\u00e1nea de la provincia de Pontevedra","previousItem":{"@type":"ListItem","@id":"https:\/\/eldigitaldeasturias.com\/magazine365\/category\/noticias-actualidad\/#listItem","name":"Noticias y Actualidad"}}]},{"@type":"Organization","@id":"https:\/\/eldigitaldeasturias.com\/magazine365\/#organization","name":"El digital de Asturias","description":"Revista de ocio, turismo y estilo de vida","url":"https:\/\/eldigitaldeasturias.com\/magazine365\/","logo":{"@type":"ImageObject","url":"https:\/\/www.eldigitaldeasturias.com\/noticias\/wp-content\/uploads\/2020\/12\/EDA.jpg","@id":"https:\/\/eldigitaldeasturias.com\/magazine365\/turismo-rias-baixas-promocionara-la-arquitectura-contemporanea-de-la-provincia-de-pontevedra\/#organizationLogo"},"image":{"@id":"https:\/\/eldigitaldeasturias.com\/magazine365\/turismo-rias-baixas-promocionara-la-arquitectura-contemporanea-de-la-provincia-de-pontevedra\/#organizationLogo"}},{"@type":"Person","@id":"https:\/\/eldigitaldeasturias.com\/magazine365\/author\/admin\/#author","url":"https:\/\/eldigitaldeasturias.com\/magazine365\/author\/admin\/","name":"admin","image":{"@type":"ImageObject","@id":"https:\/\/eldigitaldeasturias.com\/magazine365\/turismo-rias-baixas-promocionara-la-arquitectura-contemporanea-de-la-provincia-de-pontevedra\/#authorImage","url":"https:\/\/eldigitaldeasturias.com\/magazine365\/wp-content\/litespeed\/avatar\/e571bcf59a0edd6fa6838245a470f2fe.jpg?ver=1776969259","width":96,"height":96,"caption":"admin"}},{"@type":"WebPage","@id":"https:\/\/eldigitaldeasturias.com\/magazine365\/turismo-rias-baixas-promocionara-la-arquitectura-contemporanea-de-la-provincia-de-pontevedra\/#webpage","url":"https:\/\/eldigitaldeasturias.com\/magazine365\/turismo-rias-baixas-promocionara-la-arquitectura-contemporanea-de-la-provincia-de-pontevedra\/","name":"Turismo R\u00edas Baixas promocionar\u00e1 la arquitectura contempor\u00e1nea de la provincia de Pontevedra | El Digital de Asturias","description":"La presidenta de la Diputaci\u00f3n de Pontevedra, Carmela Silva, ha presentado este martes un adelanto de la programaci\u00f3n que esta instituci\u00f3n desarrollar\u00e1 en la Feria Internacional de Turismo (FITUR) de Madrid, en la que la arquitectura contempor\u00e1nea de la provincia ser\u00e1 el reclamo para atraer nuevos visitantes. Carmela Silva ha comparecido acompa\u00f1ada del presidente del","inLanguage":"es-ES","isPartOf":{"@id":"https:\/\/eldigitaldeasturias.com\/magazine365\/#website"},"breadcrumb":{"@id":"https:\/\/eldigitaldeasturias.com\/magazine365\/turismo-rias-baixas-promocionara-la-arquitectura-contemporanea-de-la-provincia-de-pontevedra\/#breadcrumblist"},"author":{"@id":"https:\/\/eldigitaldeasturias.com\/magazine365\/author\/admin\/#author"},"creator":{"@id":"https:\/\/eldigitaldeasturias.com\/magazine365\/author\/admin\/#author"},"image":{"@type":"ImageObject","url":"https:\/\/eldigitaldeasturias.com\/magazine365\/wp-content\/uploads\/2016\/01\/fotonoticia_20160119181640_800.jpg","@id":"https:\/\/eldigitaldeasturias.com\/magazine365\/turismo-rias-baixas-promocionara-la-arquitectura-contemporanea-de-la-provincia-de-pontevedra\/#mainImage","width":800,"height":1067},"primaryImageOfPage":{"@id":"https:\/\/eldigitaldeasturias.com\/magazine365\/turismo-rias-baixas-promocionara-la-arquitectura-contemporanea-de-la-provincia-de-pontevedra\/#mainImage"},"datePublished":"2016-01-21T12:41:18+01:00","dateModified":"2016-01-21T12:41:18+01:00"},{"@type":"WebSite","@id":"https:\/\/eldigitaldeasturias.com\/magazine365\/#website","url":"https:\/\/eldigitaldeasturias.com\/magazine365\/","name":"El Digital de Asturias","description":"Revista de ocio, turismo y estilo de vida","inLanguage":"es-ES","publisher":{"@id":"https:\/\/eldigitaldeasturias.com\/magazine365\/#organization"}}]},"og:locale":"es_ES","og:site_name":"El Digital de Asturias \u2013 Revista de ocio, turismo y estilo de vida","og:type":"article","og:title":"Turismo R\u00edas Baixas promocionar\u00e1 la arquitectura contempor\u00e1nea de la provincia de Pontevedra | El Digital de Asturias","og:description":"La presidenta de la Diputaci\u00f3n de Pontevedra, Carmela Silva, ha presentado este martes un adelanto de la programaci\u00f3n que esta instituci\u00f3n desarrollar\u00e1 en la Feria Internacional de Turismo (FITUR) de Madrid, en la que la arquitectura contempor\u00e1nea de la provincia ser\u00e1 el reclamo para atraer nuevos visitantes. Carmela Silva ha comparecido acompa\u00f1ada del presidente del","og:url":"https:\/\/eldigitaldeasturias.com\/magazine365\/turismo-rias-baixas-promocionara-la-arquitectura-contemporanea-de-la-provincia-de-pontevedra\/","og:image":"https:\/\/eldigitaldeasturias.com\/magazine365\/wp-content\/uploads\/2016\/01\/fotonoticia_20160119181640_800.jpg","og:image:secure_url":"https:\/\/eldigitaldeasturias.com\/magazine365\/wp-content\/uploads\/2016\/01\/fotonoticia_20160119181640_800.jpg","og:image:width":800,"og:image:height":1067,"article:published_time":"2016-01-21T11:41:18+00:00","article:modified_time":"2016-01-21T11:41:18+00:00","twitter:card":"summary_large_image","twitter:title":"Turismo R\u00edas Baixas promocionar\u00e1 la arquitectura contempor\u00e1nea de la provincia de Pontevedra | El Digital de Asturias","twitter:description":"La presidenta de la Diputaci\u00f3n de Pontevedra, Carmela Silva, ha presentado este martes un adelanto de la programaci\u00f3n que esta instituci\u00f3n desarrollar\u00e1 en la Feria Internacional de Turismo (FITUR) de Madrid, en la que la arquitectura contempor\u00e1nea de la provincia ser\u00e1 el reclamo para atraer nuevos visitantes. Carmela Silva ha comparecido acompa\u00f1ada del presidente del","twitter:image":"https:\/\/eldigitaldeasturias.com\/magazine365\/wp-content\/uploads\/2016\/01\/fotonoticia_20160119181640_800.jpg"},"aioseo_meta_data":{"post_id":"61203","title":null,"description":null,"keywords":null,"keyphrases":null,"primary_term":null,"canonical_url":null,"og_title":null,"og_description":null,"og_object_type":"default","og_image_type":"default","og_image_url":null,"og_image_width":null,"og_image_height":null,"og_image_custom_url":null,"og_image_custom_fields":null,"og_video":null,"og_custom_url":null,"og_article_section":null,"og_article_tags":null,"twitter_use_og":false,"twitter_card":"default","twitter_image_type":"default","twitter_image_url":null,"twitter_image_custom_url":null,"twitter_image_custom_fields":null,"twitter_title":null,"twitter_description":null,"schema":{"blockGraphs":[],"customGraphs":[],"default":{"data":{"Article":[],"Course":[],"Dataset":[],"FAQPage":[],"Movie":[],"Person":[],"Product":[],"ProductReview":[],"Car":[],"Recipe":[],"Service":[],"SoftwareApplication":[],"WebPage":[]},"graphName":"","isEnabled":true},"graphs":[]},"schema_type":null,"schema_type_options":null,"pillar_content":false,"robots_default":true,"robots_noindex":false,"robots_noarchive":false,"robots_nosnippet":false,"robots_nofollow":false,"robots_noimageindex":false,"robots_noodp":false,"robots_notranslate":false,"robots_max_snippet":null,"robots_max_videopreview":null,"robots_max_imagepreview":"large","priority":null,"frequency":null,"location":null,"local_seo":null,"seo_analyzer_scan_date":"2025-09-25 08:26:04","breadcrumb_settings":null,"limit_modified_date":false,"open_ai":null,"ai":null,"created":"2021-03-08 21:52:40","updated":"2025-09-25 08:26:04"},"aioseo_breadcrumb":"<div class=\"aioseo-breadcrumbs\"><span class=\"aioseo-breadcrumb\">\n\t<a href=\"https:\/\/eldigitaldeasturias.com\/magazine365\" title=\"Home\">Home<\/a>\n<\/span><span class=\"aioseo-breadcrumb-separator\">\u2013<\/span><span class=\"aioseo-breadcrumb\">\n\t<a href=\"https:\/\/eldigitaldeasturias.com\/magazine365\/category\/noticias-actualidad\/\" title=\"Noticias y Actualidad\">Noticias y Actualidad<\/a>\n<\/span><span class=\"aioseo-breadcrumb-separator\">\u2013<\/span><span class=\"aioseo-breadcrumb\">\n\t<a href=\"https:\/\/eldigitaldeasturias.com\/magazine365\/turismo-rias-baixas-promocionara-la-arquitectura-contemporanea-de-la-provincia-de-pontevedra\/\" title=\"Turismo R\u00edas Baixas promocionar\u00e1 la arquitectura contempor\u00e1nea de la provincia de Pontevedra\">Turismo R\u00edas Baixas promocionar\u00e1 la arquitectura contempor\u00e1nea de la provincia de Pontevedra<\/a>\n<\/span><\/div>","aioseo_breadcrumb_json":[{"label":"Home","link":"https:\/\/eldigitaldeasturias.com\/magazine365"},{"label":"Noticias y Actualidad","link":"https:\/\/eldigitaldeasturias.com\/magazine365\/category\/noticias-actualidad\/"},{"label":"Turismo R\u00edas Baixas promocionar\u00e1 la arquitectura contempor\u00e1nea de la provincia de Pontevedra","link":"https:\/\/eldigitaldeasturias.com\/magazine365\/turismo-rias-baixas-promocionara-la-arquitectura-contemporanea-de-la-provincia-de-pontevedra\/"}],"_links":{"self":[{"href":"https:\/\/eldigitaldeasturias.com\/magazine365\/wp-json\/wp\/v2\/posts\/61203","targetHints":{"allow":["GET"]}}],"collection":[{"href":"https:\/\/eldigitaldeasturias.com\/magazine365\/wp-json\/wp\/v2\/posts"}],"about":[{"href":"https:\/\/eldigitaldeasturias.com\/magazine365\/wp-json\/wp\/v2\/types\/post"}],"author":[{"embeddable":true,"href":"https:\/\/eldigitaldeasturias.com\/magazine365\/wp-json\/wp\/v2\/users\/1"}],"replies":[{"embeddable":true,"href":"https:\/\/eldigitaldeasturias.com\/magazine365\/wp-json\/wp\/v2\/comments?post=61203"}],"version-history":[{"count":0,"href":"https:\/\/eldigitaldeasturias.com\/magazine365\/wp-json\/wp\/v2\/posts\/61203\/revisions"}],"wp:featuredmedia":[{"embeddable":true,"href":"https:\/\/eldigitaldeasturias.com\/magazine365\/wp-json\/wp\/v2\/media\/61204"}],"wp:attachment":[{"href":"https:\/\/eldigitaldeasturias.com\/magazine365\/wp-json\/wp\/v2\/media?parent=61203"}],"wp:term":[{"taxonomy":"category","embeddable":true,"href":"https:\/\/eldigitaldeasturias.com\/magazine365\/wp-json\/wp\/v2\/categories?post=61203"},{"taxonomy":"post_tag","embeddable":true,"href":"https:\/\/eldigitaldeasturias.com\/magazine365\/wp-json\/wp\/v2\/tags?post=61203"}],"curies":[{"name":"wp","href":"https:\/\/api.w.org\/{rel}","templated":true}]}}