{"id":61188,"date":"2016-01-21T02:29:39","date_gmt":"2016-01-21T01:29:39","guid":{"rendered":"http:\/\/eldigitaldeasturias.com\/magazine365\/?p=61188"},"modified":"2016-01-21T02:29:39","modified_gmt":"2016-01-21T01:29:39","slug":"bruselas-da-luz-verde-a-la-adquisicion-de-navitaire-por-parte-de-amadeus","status":"publish","type":"post","link":"https:\/\/eldigitaldeasturias.com\/magazine365\/bruselas-da-luz-verde-a-la-adquisicion-de-navitaire-por-parte-de-amadeus\/","title":{"rendered":"Bruselas da &#8216;luz verde&#8217; a la adquisici\u00f3n de Navitaire por parte de Amadeus"},"content":{"rendered":"<p><img fetchpriority=\"high\" decoding=\"async\" class=\"alignleft size-medium wp-image-61189\" src=\"https:\/\/eldigitaldeasturias.com\/magazine365\/wp-content\/uploads\/2016\/01\/fotonoticia_20160119173120_800-360x270.jpg\" alt=\"fotonoticia_20160119173120_800\" width=\"360\" height=\"270\" srcset=\"https:\/\/eldigitaldeasturias.com\/magazine365\/wp-content\/uploads\/2016\/01\/fotonoticia_20160119173120_800-360x270.jpg 360w, https:\/\/eldigitaldeasturias.com\/magazine365\/wp-content\/uploads\/2016\/01\/fotonoticia_20160119173120_800-650x488.jpg 650w, https:\/\/eldigitaldeasturias.com\/magazine365\/wp-content\/uploads\/2016\/01\/fotonoticia_20160119173120_800-768x576.jpg 768w, https:\/\/eldigitaldeasturias.com\/magazine365\/wp-content\/uploads\/2016\/01\/fotonoticia_20160119173120_800-150x113.jpg 150w, https:\/\/eldigitaldeasturias.com\/magazine365\/wp-content\/uploads\/2016\/01\/fotonoticia_20160119173120_800-450x338.jpg 450w, https:\/\/eldigitaldeasturias.com\/magazine365\/wp-content\/uploads\/2016\/01\/fotonoticia_20160119173120_800-80x60.jpg 80w, https:\/\/eldigitaldeasturias.com\/magazine365\/wp-content\/uploads\/2016\/01\/fotonoticia_20160119173120_800-265x198.jpg 265w, https:\/\/eldigitaldeasturias.com\/magazine365\/wp-content\/uploads\/2016\/01\/fotonoticia_20160119173120_800-696x522.jpg 696w, https:\/\/eldigitaldeasturias.com\/magazine365\/wp-content\/uploads\/2016\/01\/fotonoticia_20160119173120_800-560x420.jpg 560w, https:\/\/eldigitaldeasturias.com\/magazine365\/wp-content\/uploads\/2016\/01\/fotonoticia_20160119173120_800-90x67.jpg 90w, https:\/\/eldigitaldeasturias.com\/magazine365\/wp-content\/uploads\/2016\/01\/fotonoticia_20160119173120_800-164x124.jpg 164w, https:\/\/eldigitaldeasturias.com\/magazine365\/wp-content\/uploads\/2016\/01\/fotonoticia_20160119173120_800-100x75.jpg 100w, https:\/\/eldigitaldeasturias.com\/magazine365\/wp-content\/uploads\/2016\/01\/fotonoticia_20160119173120_800.jpg 800w\" sizes=\"(max-width: 360px) 100vw, 360px\" \/>La Comisi\u00f3n Europea ha aprobado este martes la adquisici\u00f3n del proveedor de servicios inform\u00e1ticos para compa\u00f1\u00edas a\u00e9reas Navitaire, filial de Accenture, por parte de Amadeus, al concluir que las soluciones de ambas empresas van destinadas a distintos tipos de compa\u00f1\u00edas y son complementarias, seg\u00fan ha informado en un comunicado.<\/p>\n<p>En concreto, la investigaci\u00f3n del Ejecutivo comunitario se ha centrado en la competencia real y potencial en el mercado de sistemas de gesti\u00f3n de pasajeros (PSS) y en si Amadeus podr\u00eda utilizar su posici\u00f3n de mercado en sistemas de distribuci\u00f3n global (GDS) para perjudicar a sus competidores o entorpecer la innovaci\u00f3n. G<\/p>\n<p>Los GDS son una herramienta inform\u00e1tica distinta a la utilizada por las agencias de viaje para obtener informaci\u00f3n y hacer reservas con las compa\u00f1\u00edas a\u00e9reas.<\/p>\n<p>Bruselas ha determinado que el mercado de producto PSS es \u00abaltamente diferenciado\u00bb, dado que las compa\u00f1\u00edas a\u00e9reas tienen necesidades distintas. As\u00ed, ha estimado que el PSS est\u00e1 dise\u00f1ado para responder a compa\u00f1\u00edas a\u00e9reas tradicionales, mientras que el de Navitaire es adecuado sobre todo para compa\u00f1\u00edas a\u00e9reas de bajo coste.<\/p>\n<p>En la misma l\u00ednea, la Comisi\u00f3n ha resaltado que aunque las dos prestan tambi\u00e9n servicios a compa\u00f1\u00edas a\u00e9reas \u00abh\u00edbridas\u00bb con un modelo de negocio intermedio, Amadeus y Navitaire no son actualmente competidores cercanos.<\/p>\n<p>Con respecto al mercado de GDS, el Ejecutivo comunitario ha subrayado que Amadeus, como proveedor integrado tanto de PSS como de GDS, ya podr\u00eda agrupar o vincular estos productos y que no es probable que cambien los incentivos a hacerlo como resultado de la operaci\u00f3n, puesto que la mayor\u00eda de los clientes de Navitaire sobre todo compa\u00f1\u00edas de bajo coste o \u00abh\u00edbridas\u00bb que no distribuyen mediante GDS de forma significativa.<\/p>\n<p>En relaci\u00f3n a las preocupaciones sobre recortes en innovaci\u00f3n, Bruselas ha concluido que no es probable que la transacci\u00f3n reduzca la innovaci\u00f3n en el mercado de PSS, puesto que tiene un \u00abs\u00f3lido\u00bb historial de inversi\u00f3n en su programa PSS y \u00able interesar\u00eda al m\u00e1ximo invertir tambi\u00e9n e programa de Navitaire\u00bb.<\/p>\n<p>Por \u00faltimo, las investigaciones han descartado que la venta vaya a reducir la innovaci\u00f3n para &#8216;New Distribution Capability&#8217; (NDC), una nueva norma de transmisi\u00f3n de datos desarrollada por la Asociaci\u00f3n Internacional de Transporte de Pasajeros (IATA) en 2012 y destinada a mejorar las capacidades de comunicaci\u00f3n entre las compa\u00f1\u00edas a\u00e9reas y las agencias de viajes.<\/p>\n","protected":false},"excerpt":{"rendered":"<p>La Comisi\u00f3n Europea ha aprobado este martes la adquisici\u00f3n del proveedor de servicios inform\u00e1ticos para compa\u00f1\u00edas a\u00e9reas Navitaire, filial de Accenture, por parte de Amadeus, al concluir que las soluciones de ambas empresas van destinadas a distintos tipos de compa\u00f1\u00edas y son complementarias, seg\u00fan ha informado en un comunicado. En concreto, la investigaci\u00f3n del Ejecutivo<\/p>\n","protected":false},"author":1,"featured_media":61189,"comment_status":"open","ping_status":"closed","sticky":false,"template":"","format":"standard","meta":{"footnotes":""},"categories":[224],"tags":[],"class_list":{"0":"post-61188","1":"post","2":"type-post","3":"status-publish","4":"format-standard","5":"has-post-thumbnail","7":"category-noticias-actualidad"},"aioseo_notices":[],"aioseo_head":"\n\t\t<!-- All in One SEO Pro 4.9.6.1 - aioseo.com -->\n\t<meta name=\"description\" content=\"La Comisi\u00f3n Europea ha aprobado este martes la adquisici\u00f3n del proveedor de servicios inform\u00e1ticos para compa\u00f1\u00edas a\u00e9reas Navitaire, filial de Accenture, por parte de Amadeus, al concluir que las soluciones de ambas empresas van destinadas a distintos tipos de compa\u00f1\u00edas y son complementarias, seg\u00fan ha informado en un comunicado. En concreto, la investigaci\u00f3n del Ejecutivo\" \/>\n\t<meta name=\"robots\" content=\"max-image-preview:large\" \/>\n\t<meta name=\"author\" content=\"admin\"\/>\n\t<meta name=\"google-site-verification\" content=\"UA-38556648-1\" \/>\n\t<meta name=\"keywords\" content=\"noticias y actualidad\" \/>\n\t<link rel=\"canonical\" href=\"https:\/\/eldigitaldeasturias.com\/magazine365\/bruselas-da-luz-verde-a-la-adquisicion-de-navitaire-por-parte-de-amadeus\/\" \/>\n\t<meta name=\"generator\" content=\"All in One SEO Pro (AIOSEO) 4.9.6.1\" \/>\n\t\t<meta property=\"og:locale\" content=\"es_ES\" \/>\n\t\t<meta property=\"og:site_name\" content=\"El Digital de Asturias \u2013 Revista de ocio, turismo y estilo de vida\" \/>\n\t\t<meta property=\"og:type\" content=\"article\" \/>\n\t\t<meta property=\"og:title\" content=\"Bruselas da \u2018luz verde\u2019 a la adquisici\u00f3n de Navitaire por parte de Amadeus | El Digital de Asturias\" \/>\n\t\t<meta property=\"og:description\" content=\"La Comisi\u00f3n Europea ha aprobado este martes la adquisici\u00f3n del proveedor de servicios inform\u00e1ticos para compa\u00f1\u00edas a\u00e9reas Navitaire, filial de Accenture, por parte de Amadeus, al concluir que las soluciones de ambas empresas van destinadas a distintos tipos de compa\u00f1\u00edas y son complementarias, seg\u00fan ha informado en un comunicado. En concreto, la investigaci\u00f3n del Ejecutivo\" \/>\n\t\t<meta property=\"og:url\" content=\"https:\/\/eldigitaldeasturias.com\/magazine365\/bruselas-da-luz-verde-a-la-adquisicion-de-navitaire-por-parte-de-amadeus\/\" \/>\n\t\t<meta property=\"og:image\" content=\"https:\/\/eldigitaldeasturias.com\/magazine365\/wp-content\/uploads\/2016\/01\/fotonoticia_20160119173120_800.jpg\" \/>\n\t\t<meta property=\"og:image:secure_url\" content=\"https:\/\/eldigitaldeasturias.com\/magazine365\/wp-content\/uploads\/2016\/01\/fotonoticia_20160119173120_800.jpg\" \/>\n\t\t<meta property=\"og:image:width\" content=\"800\" \/>\n\t\t<meta property=\"og:image:height\" content=\"600\" \/>\n\t\t<meta property=\"article:published_time\" content=\"2016-01-21T01:29:39+00:00\" \/>\n\t\t<meta property=\"article:modified_time\" content=\"2016-01-21T01:29:39+00:00\" \/>\n\t\t<meta name=\"twitter:card\" content=\"summary_large_image\" \/>\n\t\t<meta name=\"twitter:title\" content=\"Bruselas da \u2018luz verde\u2019 a la adquisici\u00f3n de Navitaire por parte de Amadeus | El Digital de Asturias\" \/>\n\t\t<meta name=\"twitter:description\" content=\"La Comisi\u00f3n Europea ha aprobado este martes la adquisici\u00f3n del proveedor de servicios inform\u00e1ticos para compa\u00f1\u00edas a\u00e9reas Navitaire, filial de Accenture, por parte de Amadeus, al concluir que las soluciones de ambas empresas van destinadas a distintos tipos de compa\u00f1\u00edas y son complementarias, seg\u00fan ha informado en un comunicado. En concreto, la investigaci\u00f3n del Ejecutivo\" \/>\n\t\t<meta name=\"twitter:image\" content=\"https:\/\/eldigitaldeasturias.com\/magazine365\/wp-content\/uploads\/2016\/01\/fotonoticia_20160119173120_800.jpg\" \/>\n\t\t<script type=\"application\/ld+json\" class=\"aioseo-schema\">\n\t\t\t{\"@context\":\"https:\\\/\\\/schema.org\",\"@graph\":[{\"@type\":\"Article\",\"@id\":\"https:\\\/\\\/eldigitaldeasturias.com\\\/magazine365\\\/bruselas-da-luz-verde-a-la-adquisicion-de-navitaire-por-parte-de-amadeus\\\/#article\",\"name\":\"Bruselas da \\u2018luz verde\\u2019 a la adquisici\\u00f3n de Navitaire por parte de Amadeus | El Digital de Asturias\",\"headline\":\"Bruselas da &#8216;luz verde&#8217; a la adquisici\\u00f3n de Navitaire por parte de Amadeus\",\"author\":{\"@id\":\"https:\\\/\\\/eldigitaldeasturias.com\\\/magazine365\\\/author\\\/admin\\\/#author\"},\"publisher\":{\"@id\":\"https:\\\/\\\/eldigitaldeasturias.com\\\/magazine365\\\/#organization\"},\"image\":{\"@type\":\"ImageObject\",\"url\":\"https:\\\/\\\/eldigitaldeasturias.com\\\/magazine365\\\/wp-content\\\/uploads\\\/2016\\\/01\\\/fotonoticia_20160119173120_800.jpg\",\"width\":800,\"height\":600},\"datePublished\":\"2016-01-21T02:29:39+01:00\",\"dateModified\":\"2016-01-21T02:29:39+01:00\",\"inLanguage\":\"es-ES\",\"mainEntityOfPage\":{\"@id\":\"https:\\\/\\\/eldigitaldeasturias.com\\\/magazine365\\\/bruselas-da-luz-verde-a-la-adquisicion-de-navitaire-por-parte-de-amadeus\\\/#webpage\"},\"isPartOf\":{\"@id\":\"https:\\\/\\\/eldigitaldeasturias.com\\\/magazine365\\\/bruselas-da-luz-verde-a-la-adquisicion-de-navitaire-por-parte-de-amadeus\\\/#webpage\"},\"articleSection\":\"Noticias y Actualidad\"},{\"@type\":\"BreadcrumbList\",\"@id\":\"https:\\\/\\\/eldigitaldeasturias.com\\\/magazine365\\\/bruselas-da-luz-verde-a-la-adquisicion-de-navitaire-por-parte-de-amadeus\\\/#breadcrumblist\",\"itemListElement\":[{\"@type\":\"ListItem\",\"@id\":\"https:\\\/\\\/eldigitaldeasturias.com\\\/magazine365#listItem\",\"position\":1,\"name\":\"Home\",\"item\":\"https:\\\/\\\/eldigitaldeasturias.com\\\/magazine365\",\"nextItem\":{\"@type\":\"ListItem\",\"@id\":\"https:\\\/\\\/eldigitaldeasturias.com\\\/magazine365\\\/category\\\/noticias-actualidad\\\/#listItem\",\"name\":\"Noticias y Actualidad\"}},{\"@type\":\"ListItem\",\"@id\":\"https:\\\/\\\/eldigitaldeasturias.com\\\/magazine365\\\/category\\\/noticias-actualidad\\\/#listItem\",\"position\":2,\"name\":\"Noticias y Actualidad\",\"item\":\"https:\\\/\\\/eldigitaldeasturias.com\\\/magazine365\\\/category\\\/noticias-actualidad\\\/\",\"nextItem\":{\"@type\":\"ListItem\",\"@id\":\"https:\\\/\\\/eldigitaldeasturias.com\\\/magazine365\\\/bruselas-da-luz-verde-a-la-adquisicion-de-navitaire-por-parte-de-amadeus\\\/#listItem\",\"name\":\"Bruselas da &#8216;luz verde&#8217; a la adquisici\\u00f3n de Navitaire por parte de Amadeus\"},\"previousItem\":{\"@type\":\"ListItem\",\"@id\":\"https:\\\/\\\/eldigitaldeasturias.com\\\/magazine365#listItem\",\"name\":\"Home\"}},{\"@type\":\"ListItem\",\"@id\":\"https:\\\/\\\/eldigitaldeasturias.com\\\/magazine365\\\/bruselas-da-luz-verde-a-la-adquisicion-de-navitaire-por-parte-de-amadeus\\\/#listItem\",\"position\":3,\"name\":\"Bruselas da &#8216;luz verde&#8217; a la adquisici\\u00f3n de Navitaire por parte de Amadeus\",\"previousItem\":{\"@type\":\"ListItem\",\"@id\":\"https:\\\/\\\/eldigitaldeasturias.com\\\/magazine365\\\/category\\\/noticias-actualidad\\\/#listItem\",\"name\":\"Noticias y Actualidad\"}}]},{\"@type\":\"Organization\",\"@id\":\"https:\\\/\\\/eldigitaldeasturias.com\\\/magazine365\\\/#organization\",\"name\":\"El digital de Asturias\",\"description\":\"Revista de ocio, turismo y estilo de vida\",\"url\":\"https:\\\/\\\/eldigitaldeasturias.com\\\/magazine365\\\/\",\"logo\":{\"@type\":\"ImageObject\",\"url\":\"https:\\\/\\\/www.eldigitaldeasturias.com\\\/noticias\\\/wp-content\\\/uploads\\\/2020\\\/12\\\/EDA.jpg\",\"@id\":\"https:\\\/\\\/eldigitaldeasturias.com\\\/magazine365\\\/bruselas-da-luz-verde-a-la-adquisicion-de-navitaire-por-parte-de-amadeus\\\/#organizationLogo\"},\"image\":{\"@id\":\"https:\\\/\\\/eldigitaldeasturias.com\\\/magazine365\\\/bruselas-da-luz-verde-a-la-adquisicion-de-navitaire-por-parte-de-amadeus\\\/#organizationLogo\"}},{\"@type\":\"Person\",\"@id\":\"https:\\\/\\\/eldigitaldeasturias.com\\\/magazine365\\\/author\\\/admin\\\/#author\",\"url\":\"https:\\\/\\\/eldigitaldeasturias.com\\\/magazine365\\\/author\\\/admin\\\/\",\"name\":\"admin\",\"image\":{\"@type\":\"ImageObject\",\"@id\":\"https:\\\/\\\/eldigitaldeasturias.com\\\/magazine365\\\/bruselas-da-luz-verde-a-la-adquisicion-de-navitaire-por-parte-de-amadeus\\\/#authorImage\",\"url\":\"https:\\\/\\\/eldigitaldeasturias.com\\\/magazine365\\\/wp-content\\\/litespeed\\\/avatar\\\/e571bcf59a0edd6fa6838245a470f2fe.jpg?ver=1776969259\",\"width\":96,\"height\":96,\"caption\":\"admin\"}},{\"@type\":\"WebPage\",\"@id\":\"https:\\\/\\\/eldigitaldeasturias.com\\\/magazine365\\\/bruselas-da-luz-verde-a-la-adquisicion-de-navitaire-por-parte-de-amadeus\\\/#webpage\",\"url\":\"https:\\\/\\\/eldigitaldeasturias.com\\\/magazine365\\\/bruselas-da-luz-verde-a-la-adquisicion-de-navitaire-por-parte-de-amadeus\\\/\",\"name\":\"Bruselas da \\u2018luz verde\\u2019 a la adquisici\\u00f3n de Navitaire por parte de Amadeus | El Digital de Asturias\",\"description\":\"La Comisi\\u00f3n Europea ha aprobado este martes la adquisici\\u00f3n del proveedor de servicios inform\\u00e1ticos para compa\\u00f1\\u00edas a\\u00e9reas Navitaire, filial de Accenture, por parte de Amadeus, al concluir que las soluciones de ambas empresas van destinadas a distintos tipos de compa\\u00f1\\u00edas y son complementarias, seg\\u00fan ha informado en un comunicado. En concreto, la investigaci\\u00f3n del Ejecutivo\",\"inLanguage\":\"es-ES\",\"isPartOf\":{\"@id\":\"https:\\\/\\\/eldigitaldeasturias.com\\\/magazine365\\\/#website\"},\"breadcrumb\":{\"@id\":\"https:\\\/\\\/eldigitaldeasturias.com\\\/magazine365\\\/bruselas-da-luz-verde-a-la-adquisicion-de-navitaire-por-parte-de-amadeus\\\/#breadcrumblist\"},\"author\":{\"@id\":\"https:\\\/\\\/eldigitaldeasturias.com\\\/magazine365\\\/author\\\/admin\\\/#author\"},\"creator\":{\"@id\":\"https:\\\/\\\/eldigitaldeasturias.com\\\/magazine365\\\/author\\\/admin\\\/#author\"},\"image\":{\"@type\":\"ImageObject\",\"url\":\"https:\\\/\\\/eldigitaldeasturias.com\\\/magazine365\\\/wp-content\\\/uploads\\\/2016\\\/01\\\/fotonoticia_20160119173120_800.jpg\",\"@id\":\"https:\\\/\\\/eldigitaldeasturias.com\\\/magazine365\\\/bruselas-da-luz-verde-a-la-adquisicion-de-navitaire-por-parte-de-amadeus\\\/#mainImage\",\"width\":800,\"height\":600},\"primaryImageOfPage\":{\"@id\":\"https:\\\/\\\/eldigitaldeasturias.com\\\/magazine365\\\/bruselas-da-luz-verde-a-la-adquisicion-de-navitaire-por-parte-de-amadeus\\\/#mainImage\"},\"datePublished\":\"2016-01-21T02:29:39+01:00\",\"dateModified\":\"2016-01-21T02:29:39+01:00\"},{\"@type\":\"WebSite\",\"@id\":\"https:\\\/\\\/eldigitaldeasturias.com\\\/magazine365\\\/#website\",\"url\":\"https:\\\/\\\/eldigitaldeasturias.com\\\/magazine365\\\/\",\"name\":\"El Digital de Asturias\",\"description\":\"Revista de ocio, turismo y estilo de vida\",\"inLanguage\":\"es-ES\",\"publisher\":{\"@id\":\"https:\\\/\\\/eldigitaldeasturias.com\\\/magazine365\\\/#organization\"}}]}\n\t\t<\/script>\n\t\t<!-- All in One SEO Pro -->\r\n\t\t<title>Bruselas da \u2018luz verde\u2019 a la adquisici\u00f3n de Navitaire por parte de Amadeus | El Digital de Asturias<\/title>\n\n","aioseo_head_json":{"title":"Bruselas da \u2018luz verde\u2019 a la adquisici\u00f3n de Navitaire por parte de Amadeus | El Digital de Asturias","description":"La Comisi\u00f3n Europea ha aprobado este martes la adquisici\u00f3n del proveedor de servicios inform\u00e1ticos para compa\u00f1\u00edas a\u00e9reas Navitaire, filial de Accenture, por parte de Amadeus, al concluir que las soluciones de ambas empresas van destinadas a distintos tipos de compa\u00f1\u00edas y son complementarias, seg\u00fan ha informado en un comunicado. En concreto, la investigaci\u00f3n del Ejecutivo","canonical_url":"https:\/\/eldigitaldeasturias.com\/magazine365\/bruselas-da-luz-verde-a-la-adquisicion-de-navitaire-por-parte-de-amadeus\/","robots":"max-image-preview:large","keywords":"noticias y actualidad","webmasterTools":{"google-site-verification":"UA-38556648-1","miscellaneous":""},"schema":{"@context":"https:\/\/schema.org","@graph":[{"@type":"Article","@id":"https:\/\/eldigitaldeasturias.com\/magazine365\/bruselas-da-luz-verde-a-la-adquisicion-de-navitaire-por-parte-de-amadeus\/#article","name":"Bruselas da \u2018luz verde\u2019 a la adquisici\u00f3n de Navitaire por parte de Amadeus | El Digital de Asturias","headline":"Bruselas da &#8216;luz verde&#8217; a la adquisici\u00f3n de Navitaire por parte de Amadeus","author":{"@id":"https:\/\/eldigitaldeasturias.com\/magazine365\/author\/admin\/#author"},"publisher":{"@id":"https:\/\/eldigitaldeasturias.com\/magazine365\/#organization"},"image":{"@type":"ImageObject","url":"https:\/\/eldigitaldeasturias.com\/magazine365\/wp-content\/uploads\/2016\/01\/fotonoticia_20160119173120_800.jpg","width":800,"height":600},"datePublished":"2016-01-21T02:29:39+01:00","dateModified":"2016-01-21T02:29:39+01:00","inLanguage":"es-ES","mainEntityOfPage":{"@id":"https:\/\/eldigitaldeasturias.com\/magazine365\/bruselas-da-luz-verde-a-la-adquisicion-de-navitaire-por-parte-de-amadeus\/#webpage"},"isPartOf":{"@id":"https:\/\/eldigitaldeasturias.com\/magazine365\/bruselas-da-luz-verde-a-la-adquisicion-de-navitaire-por-parte-de-amadeus\/#webpage"},"articleSection":"Noticias y Actualidad"},{"@type":"BreadcrumbList","@id":"https:\/\/eldigitaldeasturias.com\/magazine365\/bruselas-da-luz-verde-a-la-adquisicion-de-navitaire-por-parte-de-amadeus\/#breadcrumblist","itemListElement":[{"@type":"ListItem","@id":"https:\/\/eldigitaldeasturias.com\/magazine365#listItem","position":1,"name":"Home","item":"https:\/\/eldigitaldeasturias.com\/magazine365","nextItem":{"@type":"ListItem","@id":"https:\/\/eldigitaldeasturias.com\/magazine365\/category\/noticias-actualidad\/#listItem","name":"Noticias y Actualidad"}},{"@type":"ListItem","@id":"https:\/\/eldigitaldeasturias.com\/magazine365\/category\/noticias-actualidad\/#listItem","position":2,"name":"Noticias y Actualidad","item":"https:\/\/eldigitaldeasturias.com\/magazine365\/category\/noticias-actualidad\/","nextItem":{"@type":"ListItem","@id":"https:\/\/eldigitaldeasturias.com\/magazine365\/bruselas-da-luz-verde-a-la-adquisicion-de-navitaire-por-parte-de-amadeus\/#listItem","name":"Bruselas da &#8216;luz verde&#8217; a la adquisici\u00f3n de Navitaire por parte de Amadeus"},"previousItem":{"@type":"ListItem","@id":"https:\/\/eldigitaldeasturias.com\/magazine365#listItem","name":"Home"}},{"@type":"ListItem","@id":"https:\/\/eldigitaldeasturias.com\/magazine365\/bruselas-da-luz-verde-a-la-adquisicion-de-navitaire-por-parte-de-amadeus\/#listItem","position":3,"name":"Bruselas da &#8216;luz verde&#8217; a la adquisici\u00f3n de Navitaire por parte de Amadeus","previousItem":{"@type":"ListItem","@id":"https:\/\/eldigitaldeasturias.com\/magazine365\/category\/noticias-actualidad\/#listItem","name":"Noticias y Actualidad"}}]},{"@type":"Organization","@id":"https:\/\/eldigitaldeasturias.com\/magazine365\/#organization","name":"El digital de Asturias","description":"Revista de ocio, turismo y estilo de vida","url":"https:\/\/eldigitaldeasturias.com\/magazine365\/","logo":{"@type":"ImageObject","url":"https:\/\/www.eldigitaldeasturias.com\/noticias\/wp-content\/uploads\/2020\/12\/EDA.jpg","@id":"https:\/\/eldigitaldeasturias.com\/magazine365\/bruselas-da-luz-verde-a-la-adquisicion-de-navitaire-por-parte-de-amadeus\/#organizationLogo"},"image":{"@id":"https:\/\/eldigitaldeasturias.com\/magazine365\/bruselas-da-luz-verde-a-la-adquisicion-de-navitaire-por-parte-de-amadeus\/#organizationLogo"}},{"@type":"Person","@id":"https:\/\/eldigitaldeasturias.com\/magazine365\/author\/admin\/#author","url":"https:\/\/eldigitaldeasturias.com\/magazine365\/author\/admin\/","name":"admin","image":{"@type":"ImageObject","@id":"https:\/\/eldigitaldeasturias.com\/magazine365\/bruselas-da-luz-verde-a-la-adquisicion-de-navitaire-por-parte-de-amadeus\/#authorImage","url":"https:\/\/eldigitaldeasturias.com\/magazine365\/wp-content\/litespeed\/avatar\/e571bcf59a0edd6fa6838245a470f2fe.jpg?ver=1776969259","width":96,"height":96,"caption":"admin"}},{"@type":"WebPage","@id":"https:\/\/eldigitaldeasturias.com\/magazine365\/bruselas-da-luz-verde-a-la-adquisicion-de-navitaire-por-parte-de-amadeus\/#webpage","url":"https:\/\/eldigitaldeasturias.com\/magazine365\/bruselas-da-luz-verde-a-la-adquisicion-de-navitaire-por-parte-de-amadeus\/","name":"Bruselas da \u2018luz verde\u2019 a la adquisici\u00f3n de Navitaire por parte de Amadeus | El Digital de Asturias","description":"La Comisi\u00f3n Europea ha aprobado este martes la adquisici\u00f3n del proveedor de servicios inform\u00e1ticos para compa\u00f1\u00edas a\u00e9reas Navitaire, filial de Accenture, por parte de Amadeus, al concluir que las soluciones de ambas empresas van destinadas a distintos tipos de compa\u00f1\u00edas y son complementarias, seg\u00fan ha informado en un comunicado. En concreto, la investigaci\u00f3n del Ejecutivo","inLanguage":"es-ES","isPartOf":{"@id":"https:\/\/eldigitaldeasturias.com\/magazine365\/#website"},"breadcrumb":{"@id":"https:\/\/eldigitaldeasturias.com\/magazine365\/bruselas-da-luz-verde-a-la-adquisicion-de-navitaire-por-parte-de-amadeus\/#breadcrumblist"},"author":{"@id":"https:\/\/eldigitaldeasturias.com\/magazine365\/author\/admin\/#author"},"creator":{"@id":"https:\/\/eldigitaldeasturias.com\/magazine365\/author\/admin\/#author"},"image":{"@type":"ImageObject","url":"https:\/\/eldigitaldeasturias.com\/magazine365\/wp-content\/uploads\/2016\/01\/fotonoticia_20160119173120_800.jpg","@id":"https:\/\/eldigitaldeasturias.com\/magazine365\/bruselas-da-luz-verde-a-la-adquisicion-de-navitaire-por-parte-de-amadeus\/#mainImage","width":800,"height":600},"primaryImageOfPage":{"@id":"https:\/\/eldigitaldeasturias.com\/magazine365\/bruselas-da-luz-verde-a-la-adquisicion-de-navitaire-por-parte-de-amadeus\/#mainImage"},"datePublished":"2016-01-21T02:29:39+01:00","dateModified":"2016-01-21T02:29:39+01:00"},{"@type":"WebSite","@id":"https:\/\/eldigitaldeasturias.com\/magazine365\/#website","url":"https:\/\/eldigitaldeasturias.com\/magazine365\/","name":"El Digital de Asturias","description":"Revista de ocio, turismo y estilo de vida","inLanguage":"es-ES","publisher":{"@id":"https:\/\/eldigitaldeasturias.com\/magazine365\/#organization"}}]},"og:locale":"es_ES","og:site_name":"El Digital de Asturias \u2013 Revista de ocio, turismo y estilo de vida","og:type":"article","og:title":"Bruselas da \u2018luz verde\u2019 a la adquisici\u00f3n de Navitaire por parte de Amadeus | El Digital de Asturias","og:description":"La Comisi\u00f3n Europea ha aprobado este martes la adquisici\u00f3n del proveedor de servicios inform\u00e1ticos para compa\u00f1\u00edas a\u00e9reas Navitaire, filial de Accenture, por parte de Amadeus, al concluir que las soluciones de ambas empresas van destinadas a distintos tipos de compa\u00f1\u00edas y son complementarias, seg\u00fan ha informado en un comunicado. En concreto, la investigaci\u00f3n del Ejecutivo","og:url":"https:\/\/eldigitaldeasturias.com\/magazine365\/bruselas-da-luz-verde-a-la-adquisicion-de-navitaire-por-parte-de-amadeus\/","og:image":"https:\/\/eldigitaldeasturias.com\/magazine365\/wp-content\/uploads\/2016\/01\/fotonoticia_20160119173120_800.jpg","og:image:secure_url":"https:\/\/eldigitaldeasturias.com\/magazine365\/wp-content\/uploads\/2016\/01\/fotonoticia_20160119173120_800.jpg","og:image:width":800,"og:image:height":600,"article:published_time":"2016-01-21T01:29:39+00:00","article:modified_time":"2016-01-21T01:29:39+00:00","twitter:card":"summary_large_image","twitter:title":"Bruselas da \u2018luz verde\u2019 a la adquisici\u00f3n de Navitaire por parte de Amadeus | El Digital de Asturias","twitter:description":"La Comisi\u00f3n Europea ha aprobado este martes la adquisici\u00f3n del proveedor de servicios inform\u00e1ticos para compa\u00f1\u00edas a\u00e9reas Navitaire, filial de Accenture, por parte de Amadeus, al concluir que las soluciones de ambas empresas van destinadas a distintos tipos de compa\u00f1\u00edas y son complementarias, seg\u00fan ha informado en un comunicado. En concreto, la investigaci\u00f3n del Ejecutivo","twitter:image":"https:\/\/eldigitaldeasturias.com\/magazine365\/wp-content\/uploads\/2016\/01\/fotonoticia_20160119173120_800.jpg"},"aioseo_meta_data":{"post_id":"61188","title":null,"description":null,"keywords":null,"keyphrases":null,"primary_term":null,"canonical_url":null,"og_title":null,"og_description":null,"og_object_type":"default","og_image_type":"default","og_image_url":null,"og_image_width":null,"og_image_height":null,"og_image_custom_url":null,"og_image_custom_fields":null,"og_video":null,"og_custom_url":null,"og_article_section":null,"og_article_tags":null,"twitter_use_og":false,"twitter_card":"default","twitter_image_type":"default","twitter_image_url":null,"twitter_image_custom_url":null,"twitter_image_custom_fields":null,"twitter_title":null,"twitter_description":null,"schema":{"blockGraphs":[],"customGraphs":[],"default":{"data":{"Article":[],"Course":[],"Dataset":[],"FAQPage":[],"Movie":[],"Person":[],"Product":[],"ProductReview":[],"Car":[],"Recipe":[],"Service":[],"SoftwareApplication":[],"WebPage":[]},"graphName":"","isEnabled":true},"graphs":[],"defaultGraph":"","defaultPostTypeGraph":""},"schema_type":null,"schema_type_options":null,"pillar_content":false,"robots_default":true,"robots_noindex":false,"robots_noarchive":false,"robots_nosnippet":false,"robots_nofollow":false,"robots_noimageindex":false,"robots_noodp":false,"robots_notranslate":false,"robots_max_snippet":null,"robots_max_videopreview":null,"robots_max_imagepreview":"large","priority":null,"frequency":null,"location":null,"local_seo":null,"seo_analyzer_scan_date":"2025-09-25 08:24:37","breadcrumb_settings":null,"limit_modified_date":false,"open_ai":null,"ai":null,"created":"2021-03-08 21:52:40","updated":"2025-09-25 08:24:37"},"aioseo_breadcrumb":"<div class=\"aioseo-breadcrumbs\"><span class=\"aioseo-breadcrumb\">\n\t<a href=\"https:\/\/eldigitaldeasturias.com\/magazine365\" title=\"Home\">Home<\/a>\n<\/span><span class=\"aioseo-breadcrumb-separator\">\u2013<\/span><span class=\"aioseo-breadcrumb\">\n\t<a href=\"https:\/\/eldigitaldeasturias.com\/magazine365\/category\/noticias-actualidad\/\" title=\"Noticias y Actualidad\">Noticias y Actualidad<\/a>\n<\/span><span class=\"aioseo-breadcrumb-separator\">\u2013<\/span><span class=\"aioseo-breadcrumb\">\n\t<a href=\"https:\/\/eldigitaldeasturias.com\/magazine365\/bruselas-da-luz-verde-a-la-adquisicion-de-navitaire-por-parte-de-amadeus\/\" title=\"Bruselas da \u2018luz verde\u2019 a la adquisici\u00f3n de Navitaire por parte de Amadeus\">Bruselas da \u2018luz verde\u2019 a la adquisici\u00f3n de Navitaire por parte de Amadeus<\/a>\n<\/span><\/div>","aioseo_breadcrumb_json":[{"label":"Home","link":"https:\/\/eldigitaldeasturias.com\/magazine365"},{"label":"Noticias y Actualidad","link":"https:\/\/eldigitaldeasturias.com\/magazine365\/category\/noticias-actualidad\/"},{"label":"Bruselas da &#8216;luz verde&#8217; a la adquisici\u00f3n de Navitaire por parte de Amadeus","link":"https:\/\/eldigitaldeasturias.com\/magazine365\/bruselas-da-luz-verde-a-la-adquisicion-de-navitaire-por-parte-de-amadeus\/"}],"_links":{"self":[{"href":"https:\/\/eldigitaldeasturias.com\/magazine365\/wp-json\/wp\/v2\/posts\/61188","targetHints":{"allow":["GET"]}}],"collection":[{"href":"https:\/\/eldigitaldeasturias.com\/magazine365\/wp-json\/wp\/v2\/posts"}],"about":[{"href":"https:\/\/eldigitaldeasturias.com\/magazine365\/wp-json\/wp\/v2\/types\/post"}],"author":[{"embeddable":true,"href":"https:\/\/eldigitaldeasturias.com\/magazine365\/wp-json\/wp\/v2\/users\/1"}],"replies":[{"embeddable":true,"href":"https:\/\/eldigitaldeasturias.com\/magazine365\/wp-json\/wp\/v2\/comments?post=61188"}],"version-history":[{"count":0,"href":"https:\/\/eldigitaldeasturias.com\/magazine365\/wp-json\/wp\/v2\/posts\/61188\/revisions"}],"wp:featuredmedia":[{"embeddable":true,"href":"https:\/\/eldigitaldeasturias.com\/magazine365\/wp-json\/wp\/v2\/media\/61189"}],"wp:attachment":[{"href":"https:\/\/eldigitaldeasturias.com\/magazine365\/wp-json\/wp\/v2\/media?parent=61188"}],"wp:term":[{"taxonomy":"category","embeddable":true,"href":"https:\/\/eldigitaldeasturias.com\/magazine365\/wp-json\/wp\/v2\/categories?post=61188"},{"taxonomy":"post_tag","embeddable":true,"href":"https:\/\/eldigitaldeasturias.com\/magazine365\/wp-json\/wp\/v2\/tags?post=61188"}],"curies":[{"name":"wp","href":"https:\/\/api.w.org\/{rel}","templated":true}]}}