{"id":61183,"date":"2016-01-21T02:27:52","date_gmt":"2016-01-21T01:27:52","guid":{"rendered":"http:\/\/eldigitaldeasturias.com\/magazine365\/?p=61183"},"modified":"2016-01-21T02:27:52","modified_gmt":"2016-01-21T01:27:52","slug":"seis-olimpicos-de-la-ucam-apoyaran-la-apuesta-de-la-region-de-murcia-por-el-turismo-deportivo","status":"publish","type":"post","link":"https:\/\/eldigitaldeasturias.com\/magazine365\/seis-olimpicos-de-la-ucam-apoyaran-la-apuesta-de-la-region-de-murcia-por-el-turismo-deportivo\/","title":{"rendered":"Seis ol\u00edmpicos de la UCAM apoyar\u00e1n la apuesta de la Regi\u00f3n de Murcia por el turismo deportivo"},"content":{"rendered":"<p><img fetchpriority=\"high\" decoding=\"async\" class=\"alignleft size-medium wp-image-61184\" src=\"https:\/\/eldigitaldeasturias.com\/magazine365\/wp-content\/uploads\/2016\/01\/fotonoticia_20160119170349_800-360x270.jpg\" alt=\"fotonoticia_20160119170349_800\" width=\"360\" height=\"270\" srcset=\"https:\/\/eldigitaldeasturias.com\/magazine365\/wp-content\/uploads\/2016\/01\/fotonoticia_20160119170349_800-360x270.jpg 360w, https:\/\/eldigitaldeasturias.com\/magazine365\/wp-content\/uploads\/2016\/01\/fotonoticia_20160119170349_800-650x488.jpg 650w, https:\/\/eldigitaldeasturias.com\/magazine365\/wp-content\/uploads\/2016\/01\/fotonoticia_20160119170349_800-768x576.jpg 768w, https:\/\/eldigitaldeasturias.com\/magazine365\/wp-content\/uploads\/2016\/01\/fotonoticia_20160119170349_800-150x113.jpg 150w, https:\/\/eldigitaldeasturias.com\/magazine365\/wp-content\/uploads\/2016\/01\/fotonoticia_20160119170349_800-450x338.jpg 450w, https:\/\/eldigitaldeasturias.com\/magazine365\/wp-content\/uploads\/2016\/01\/fotonoticia_20160119170349_800-80x60.jpg 80w, https:\/\/eldigitaldeasturias.com\/magazine365\/wp-content\/uploads\/2016\/01\/fotonoticia_20160119170349_800-265x198.jpg 265w, https:\/\/eldigitaldeasturias.com\/magazine365\/wp-content\/uploads\/2016\/01\/fotonoticia_20160119170349_800-696x522.jpg 696w, https:\/\/eldigitaldeasturias.com\/magazine365\/wp-content\/uploads\/2016\/01\/fotonoticia_20160119170349_800-560x420.jpg 560w, https:\/\/eldigitaldeasturias.com\/magazine365\/wp-content\/uploads\/2016\/01\/fotonoticia_20160119170349_800-90x67.jpg 90w, https:\/\/eldigitaldeasturias.com\/magazine365\/wp-content\/uploads\/2016\/01\/fotonoticia_20160119170349_800-164x124.jpg 164w, https:\/\/eldigitaldeasturias.com\/magazine365\/wp-content\/uploads\/2016\/01\/fotonoticia_20160119170349_800-100x75.jpg 100w, https:\/\/eldigitaldeasturias.com\/magazine365\/wp-content\/uploads\/2016\/01\/fotonoticia_20160119170349_800.jpg 800w\" sizes=\"(max-width: 360px) 100vw, 360px\" \/>La Universidad Cat\u00f3lica San Antonio (UCAM) estar\u00e1 presente este mi\u00e9rcoles en la jornada inaugural de la Feria Internacional del Turismo (Fitur). Seis de los deportistas ol\u00edmpicos de la UCAM estar\u00e1n en el stand de la Regi\u00f3n de Murcia apoyando el turismo deportivo como uno de sus motores de desarrollo.<\/p>\n<p>Se trata del campe\u00f3n del mundo de marcha atl\u00e9tica, Miguel \u00c1ngel L\u00f3pez; la campeona de la Diamond League en salto de altura, Ruth Beitia; el m\u00e1ximo medallista ol\u00edmpico espa\u00f1ol, David Cal; el campe\u00f3n ol\u00edmpico en taekwondo, Joel Gonz\u00e1lez; la plata ol\u00edmpica en taekwondo, Brigitte Yag\u00fce; y la doble medallista ol\u00edmpica en nataci\u00f3n sincronizada, Tha\u00efs Henr\u00edquez.<\/p>\n<p>A las 12.00 horas est\u00e1 previsto el acto &#8216;Regi\u00f3n de Murcia, destino deportivo durante todo el a\u00f1o&#8217; en el que participan Noelia Arroyo, consejera de Cultura y Portavoc\u00eda, y Juan Hern\u00e1ndez, consejero de Desarrollo Econ\u00f3mico, Turismo y Empleo, que estar\u00e1n acompa\u00f1ados por Miguel Cardenal, secretario de Estado para el Deporte, y por los deportistas ol\u00edmpicos de la Universidad Cat\u00f3lica de Murcia.<\/p>\n<p>Se realizar\u00e1 una exposici\u00f3n sobre las cualidades de la Regi\u00f3n para el turismo deportivo, destacando el excelente clima que se disfruta durante todo el a\u00f1o lo que permite la celebraci\u00f3n de competiciones durante en diferentes fechas.<\/p>\n<p>La organizaci\u00f3n de eventos deportivos por parte de la UCAM en la Regi\u00f3n de Murcia, adem\u00e1s de otras pruebas con las que colabora directamente, est\u00e1n generando cerca de 10.000 pernoctaciones anuales en esta comunidad con el valor a\u00f1adido de que se producen fuera de temporada. Por otra parte, los deportistas y equipos de la UCAM son un activo muy valioso para potenciar la marca &#8216;Regi\u00f3n de Murcia&#8217; a nivel nacional e internacional.<\/p>\n","protected":false},"excerpt":{"rendered":"<p>La Universidad Cat\u00f3lica San Antonio (UCAM) estar\u00e1 presente este mi\u00e9rcoles en la jornada inaugural de la Feria Internacional del Turismo (Fitur). Seis de los deportistas ol\u00edmpicos de la UCAM estar\u00e1n en el stand de la Regi\u00f3n de Murcia apoyando el turismo deportivo como uno de sus motores de desarrollo. Se trata del campe\u00f3n del mundo<\/p>\n","protected":false},"author":1,"featured_media":61184,"comment_status":"open","ping_status":"closed","sticky":false,"template":"","format":"standard","meta":{"footnotes":""},"categories":[224],"tags":[],"class_list":{"0":"post-61183","1":"post","2":"type-post","3":"status-publish","4":"format-standard","5":"has-post-thumbnail","7":"category-noticias-actualidad"},"aioseo_notices":[],"aioseo_head":"\n\t\t<!-- All in One SEO Pro 4.9.6.1 - aioseo.com -->\n\t<meta name=\"description\" content=\"La Universidad Cat\u00f3lica San Antonio (UCAM) estar\u00e1 presente este mi\u00e9rcoles en la jornada inaugural de la Feria Internacional del Turismo (Fitur). Seis de los deportistas ol\u00edmpicos de la UCAM estar\u00e1n en el stand de la Regi\u00f3n de Murcia apoyando el turismo deportivo como uno de sus motores de desarrollo. Se trata del campe\u00f3n del mundo\" \/>\n\t<meta name=\"robots\" content=\"max-image-preview:large\" \/>\n\t<meta name=\"author\" content=\"admin\"\/>\n\t<meta name=\"google-site-verification\" content=\"UA-38556648-1\" \/>\n\t<meta name=\"keywords\" content=\"noticias y actualidad\" \/>\n\t<link rel=\"canonical\" href=\"https:\/\/eldigitaldeasturias.com\/magazine365\/seis-olimpicos-de-la-ucam-apoyaran-la-apuesta-de-la-region-de-murcia-por-el-turismo-deportivo\/\" \/>\n\t<meta name=\"generator\" content=\"All in One SEO Pro (AIOSEO) 4.9.6.1\" \/>\n\t\t<meta property=\"og:locale\" content=\"es_ES\" \/>\n\t\t<meta property=\"og:site_name\" content=\"El Digital de Asturias \u2013 Revista de ocio, turismo y estilo de vida\" \/>\n\t\t<meta property=\"og:type\" content=\"article\" \/>\n\t\t<meta property=\"og:title\" content=\"Seis ol\u00edmpicos de la UCAM apoyar\u00e1n la apuesta de la Regi\u00f3n de Murcia por el turismo deportivo | El Digital de Asturias\" \/>\n\t\t<meta property=\"og:description\" content=\"La Universidad Cat\u00f3lica San Antonio (UCAM) estar\u00e1 presente este mi\u00e9rcoles en la jornada inaugural de la Feria Internacional del Turismo (Fitur). Seis de los deportistas ol\u00edmpicos de la UCAM estar\u00e1n en el stand de la Regi\u00f3n de Murcia apoyando el turismo deportivo como uno de sus motores de desarrollo. Se trata del campe\u00f3n del mundo\" \/>\n\t\t<meta property=\"og:url\" content=\"https:\/\/eldigitaldeasturias.com\/magazine365\/seis-olimpicos-de-la-ucam-apoyaran-la-apuesta-de-la-region-de-murcia-por-el-turismo-deportivo\/\" \/>\n\t\t<meta property=\"og:image\" content=\"https:\/\/eldigitaldeasturias.com\/magazine365\/wp-content\/uploads\/2016\/01\/fotonoticia_20160119170349_800.jpg\" \/>\n\t\t<meta property=\"og:image:secure_url\" content=\"https:\/\/eldigitaldeasturias.com\/magazine365\/wp-content\/uploads\/2016\/01\/fotonoticia_20160119170349_800.jpg\" \/>\n\t\t<meta property=\"og:image:width\" content=\"800\" \/>\n\t\t<meta property=\"og:image:height\" content=\"600\" \/>\n\t\t<meta property=\"article:published_time\" content=\"2016-01-21T01:27:52+00:00\" \/>\n\t\t<meta property=\"article:modified_time\" content=\"2016-01-21T01:27:52+00:00\" \/>\n\t\t<meta name=\"twitter:card\" content=\"summary_large_image\" \/>\n\t\t<meta name=\"twitter:title\" content=\"Seis ol\u00edmpicos de la UCAM apoyar\u00e1n la apuesta de la Regi\u00f3n de Murcia por el turismo deportivo | El Digital de Asturias\" \/>\n\t\t<meta name=\"twitter:description\" content=\"La Universidad Cat\u00f3lica San Antonio (UCAM) estar\u00e1 presente este mi\u00e9rcoles en la jornada inaugural de la Feria Internacional del Turismo (Fitur). Seis de los deportistas ol\u00edmpicos de la UCAM estar\u00e1n en el stand de la Regi\u00f3n de Murcia apoyando el turismo deportivo como uno de sus motores de desarrollo. Se trata del campe\u00f3n del mundo\" \/>\n\t\t<meta name=\"twitter:image\" content=\"https:\/\/eldigitaldeasturias.com\/magazine365\/wp-content\/uploads\/2016\/01\/fotonoticia_20160119170349_800.jpg\" \/>\n\t\t<script type=\"application\/ld+json\" class=\"aioseo-schema\">\n\t\t\t{\"@context\":\"https:\\\/\\\/schema.org\",\"@graph\":[{\"@type\":\"Article\",\"@id\":\"https:\\\/\\\/eldigitaldeasturias.com\\\/magazine365\\\/seis-olimpicos-de-la-ucam-apoyaran-la-apuesta-de-la-region-de-murcia-por-el-turismo-deportivo\\\/#article\",\"name\":\"Seis ol\\u00edmpicos de la UCAM apoyar\\u00e1n la apuesta de la Regi\\u00f3n de Murcia por el turismo deportivo | El Digital de Asturias\",\"headline\":\"Seis ol\\u00edmpicos de la UCAM apoyar\\u00e1n la apuesta de la Regi\\u00f3n de Murcia por el turismo deportivo\",\"author\":{\"@id\":\"https:\\\/\\\/eldigitaldeasturias.com\\\/magazine365\\\/author\\\/admin\\\/#author\"},\"publisher\":{\"@id\":\"https:\\\/\\\/eldigitaldeasturias.com\\\/magazine365\\\/#organization\"},\"image\":{\"@type\":\"ImageObject\",\"url\":\"https:\\\/\\\/eldigitaldeasturias.com\\\/magazine365\\\/wp-content\\\/uploads\\\/2016\\\/01\\\/fotonoticia_20160119170349_800.jpg\",\"width\":800,\"height\":600},\"datePublished\":\"2016-01-21T02:27:52+01:00\",\"dateModified\":\"2016-01-21T02:27:52+01:00\",\"inLanguage\":\"es-ES\",\"mainEntityOfPage\":{\"@id\":\"https:\\\/\\\/eldigitaldeasturias.com\\\/magazine365\\\/seis-olimpicos-de-la-ucam-apoyaran-la-apuesta-de-la-region-de-murcia-por-el-turismo-deportivo\\\/#webpage\"},\"isPartOf\":{\"@id\":\"https:\\\/\\\/eldigitaldeasturias.com\\\/magazine365\\\/seis-olimpicos-de-la-ucam-apoyaran-la-apuesta-de-la-region-de-murcia-por-el-turismo-deportivo\\\/#webpage\"},\"articleSection\":\"Noticias y Actualidad\"},{\"@type\":\"BreadcrumbList\",\"@id\":\"https:\\\/\\\/eldigitaldeasturias.com\\\/magazine365\\\/seis-olimpicos-de-la-ucam-apoyaran-la-apuesta-de-la-region-de-murcia-por-el-turismo-deportivo\\\/#breadcrumblist\",\"itemListElement\":[{\"@type\":\"ListItem\",\"@id\":\"https:\\\/\\\/eldigitaldeasturias.com\\\/magazine365#listItem\",\"position\":1,\"name\":\"Home\",\"item\":\"https:\\\/\\\/eldigitaldeasturias.com\\\/magazine365\",\"nextItem\":{\"@type\":\"ListItem\",\"@id\":\"https:\\\/\\\/eldigitaldeasturias.com\\\/magazine365\\\/category\\\/noticias-actualidad\\\/#listItem\",\"name\":\"Noticias y Actualidad\"}},{\"@type\":\"ListItem\",\"@id\":\"https:\\\/\\\/eldigitaldeasturias.com\\\/magazine365\\\/category\\\/noticias-actualidad\\\/#listItem\",\"position\":2,\"name\":\"Noticias y Actualidad\",\"item\":\"https:\\\/\\\/eldigitaldeasturias.com\\\/magazine365\\\/category\\\/noticias-actualidad\\\/\",\"nextItem\":{\"@type\":\"ListItem\",\"@id\":\"https:\\\/\\\/eldigitaldeasturias.com\\\/magazine365\\\/seis-olimpicos-de-la-ucam-apoyaran-la-apuesta-de-la-region-de-murcia-por-el-turismo-deportivo\\\/#listItem\",\"name\":\"Seis ol\\u00edmpicos de la UCAM apoyar\\u00e1n la apuesta de la Regi\\u00f3n de Murcia por el turismo deportivo\"},\"previousItem\":{\"@type\":\"ListItem\",\"@id\":\"https:\\\/\\\/eldigitaldeasturias.com\\\/magazine365#listItem\",\"name\":\"Home\"}},{\"@type\":\"ListItem\",\"@id\":\"https:\\\/\\\/eldigitaldeasturias.com\\\/magazine365\\\/seis-olimpicos-de-la-ucam-apoyaran-la-apuesta-de-la-region-de-murcia-por-el-turismo-deportivo\\\/#listItem\",\"position\":3,\"name\":\"Seis ol\\u00edmpicos de la UCAM apoyar\\u00e1n la apuesta de la Regi\\u00f3n de Murcia por el turismo deportivo\",\"previousItem\":{\"@type\":\"ListItem\",\"@id\":\"https:\\\/\\\/eldigitaldeasturias.com\\\/magazine365\\\/category\\\/noticias-actualidad\\\/#listItem\",\"name\":\"Noticias y Actualidad\"}}]},{\"@type\":\"Organization\",\"@id\":\"https:\\\/\\\/eldigitaldeasturias.com\\\/magazine365\\\/#organization\",\"name\":\"El digital de Asturias\",\"description\":\"Revista de ocio, turismo y estilo de vida\",\"url\":\"https:\\\/\\\/eldigitaldeasturias.com\\\/magazine365\\\/\",\"logo\":{\"@type\":\"ImageObject\",\"url\":\"https:\\\/\\\/www.eldigitaldeasturias.com\\\/noticias\\\/wp-content\\\/uploads\\\/2020\\\/12\\\/EDA.jpg\",\"@id\":\"https:\\\/\\\/eldigitaldeasturias.com\\\/magazine365\\\/seis-olimpicos-de-la-ucam-apoyaran-la-apuesta-de-la-region-de-murcia-por-el-turismo-deportivo\\\/#organizationLogo\"},\"image\":{\"@id\":\"https:\\\/\\\/eldigitaldeasturias.com\\\/magazine365\\\/seis-olimpicos-de-la-ucam-apoyaran-la-apuesta-de-la-region-de-murcia-por-el-turismo-deportivo\\\/#organizationLogo\"}},{\"@type\":\"Person\",\"@id\":\"https:\\\/\\\/eldigitaldeasturias.com\\\/magazine365\\\/author\\\/admin\\\/#author\",\"url\":\"https:\\\/\\\/eldigitaldeasturias.com\\\/magazine365\\\/author\\\/admin\\\/\",\"name\":\"admin\",\"image\":{\"@type\":\"ImageObject\",\"@id\":\"https:\\\/\\\/eldigitaldeasturias.com\\\/magazine365\\\/seis-olimpicos-de-la-ucam-apoyaran-la-apuesta-de-la-region-de-murcia-por-el-turismo-deportivo\\\/#authorImage\",\"url\":\"https:\\\/\\\/eldigitaldeasturias.com\\\/magazine365\\\/wp-content\\\/litespeed\\\/avatar\\\/e571bcf59a0edd6fa6838245a470f2fe.jpg?ver=1776969259\",\"width\":96,\"height\":96,\"caption\":\"admin\"}},{\"@type\":\"WebPage\",\"@id\":\"https:\\\/\\\/eldigitaldeasturias.com\\\/magazine365\\\/seis-olimpicos-de-la-ucam-apoyaran-la-apuesta-de-la-region-de-murcia-por-el-turismo-deportivo\\\/#webpage\",\"url\":\"https:\\\/\\\/eldigitaldeasturias.com\\\/magazine365\\\/seis-olimpicos-de-la-ucam-apoyaran-la-apuesta-de-la-region-de-murcia-por-el-turismo-deportivo\\\/\",\"name\":\"Seis ol\\u00edmpicos de la UCAM apoyar\\u00e1n la apuesta de la Regi\\u00f3n de Murcia por el turismo deportivo | El Digital de Asturias\",\"description\":\"La Universidad Cat\\u00f3lica San Antonio (UCAM) estar\\u00e1 presente este mi\\u00e9rcoles en la jornada inaugural de la Feria Internacional del Turismo (Fitur). Seis de los deportistas ol\\u00edmpicos de la UCAM estar\\u00e1n en el stand de la Regi\\u00f3n de Murcia apoyando el turismo deportivo como uno de sus motores de desarrollo. Se trata del campe\\u00f3n del mundo\",\"inLanguage\":\"es-ES\",\"isPartOf\":{\"@id\":\"https:\\\/\\\/eldigitaldeasturias.com\\\/magazine365\\\/#website\"},\"breadcrumb\":{\"@id\":\"https:\\\/\\\/eldigitaldeasturias.com\\\/magazine365\\\/seis-olimpicos-de-la-ucam-apoyaran-la-apuesta-de-la-region-de-murcia-por-el-turismo-deportivo\\\/#breadcrumblist\"},\"author\":{\"@id\":\"https:\\\/\\\/eldigitaldeasturias.com\\\/magazine365\\\/author\\\/admin\\\/#author\"},\"creator\":{\"@id\":\"https:\\\/\\\/eldigitaldeasturias.com\\\/magazine365\\\/author\\\/admin\\\/#author\"},\"image\":{\"@type\":\"ImageObject\",\"url\":\"https:\\\/\\\/eldigitaldeasturias.com\\\/magazine365\\\/wp-content\\\/uploads\\\/2016\\\/01\\\/fotonoticia_20160119170349_800.jpg\",\"@id\":\"https:\\\/\\\/eldigitaldeasturias.com\\\/magazine365\\\/seis-olimpicos-de-la-ucam-apoyaran-la-apuesta-de-la-region-de-murcia-por-el-turismo-deportivo\\\/#mainImage\",\"width\":800,\"height\":600},\"primaryImageOfPage\":{\"@id\":\"https:\\\/\\\/eldigitaldeasturias.com\\\/magazine365\\\/seis-olimpicos-de-la-ucam-apoyaran-la-apuesta-de-la-region-de-murcia-por-el-turismo-deportivo\\\/#mainImage\"},\"datePublished\":\"2016-01-21T02:27:52+01:00\",\"dateModified\":\"2016-01-21T02:27:52+01:00\"},{\"@type\":\"WebSite\",\"@id\":\"https:\\\/\\\/eldigitaldeasturias.com\\\/magazine365\\\/#website\",\"url\":\"https:\\\/\\\/eldigitaldeasturias.com\\\/magazine365\\\/\",\"name\":\"El Digital de Asturias\",\"description\":\"Revista de ocio, turismo y estilo de vida\",\"inLanguage\":\"es-ES\",\"publisher\":{\"@id\":\"https:\\\/\\\/eldigitaldeasturias.com\\\/magazine365\\\/#organization\"}}]}\n\t\t<\/script>\n\t\t<!-- All in One SEO Pro -->\r\n\t\t<title>Seis ol\u00edmpicos de la UCAM apoyar\u00e1n la apuesta de la Regi\u00f3n de Murcia por el turismo deportivo | El Digital de Asturias<\/title>\n\n","aioseo_head_json":{"title":"Seis ol\u00edmpicos de la UCAM apoyar\u00e1n la apuesta de la Regi\u00f3n de Murcia por el turismo deportivo | El Digital de Asturias","description":"La Universidad Cat\u00f3lica San Antonio (UCAM) estar\u00e1 presente este mi\u00e9rcoles en la jornada inaugural de la Feria Internacional del Turismo (Fitur). Seis de los deportistas ol\u00edmpicos de la UCAM estar\u00e1n en el stand de la Regi\u00f3n de Murcia apoyando el turismo deportivo como uno de sus motores de desarrollo. Se trata del campe\u00f3n del mundo","canonical_url":"https:\/\/eldigitaldeasturias.com\/magazine365\/seis-olimpicos-de-la-ucam-apoyaran-la-apuesta-de-la-region-de-murcia-por-el-turismo-deportivo\/","robots":"max-image-preview:large","keywords":"noticias y actualidad","webmasterTools":{"google-site-verification":"UA-38556648-1","miscellaneous":""},"schema":{"@context":"https:\/\/schema.org","@graph":[{"@type":"Article","@id":"https:\/\/eldigitaldeasturias.com\/magazine365\/seis-olimpicos-de-la-ucam-apoyaran-la-apuesta-de-la-region-de-murcia-por-el-turismo-deportivo\/#article","name":"Seis ol\u00edmpicos de la UCAM apoyar\u00e1n la apuesta de la Regi\u00f3n de Murcia por el turismo deportivo | El Digital de Asturias","headline":"Seis ol\u00edmpicos de la UCAM apoyar\u00e1n la apuesta de la Regi\u00f3n de Murcia por el turismo deportivo","author":{"@id":"https:\/\/eldigitaldeasturias.com\/magazine365\/author\/admin\/#author"},"publisher":{"@id":"https:\/\/eldigitaldeasturias.com\/magazine365\/#organization"},"image":{"@type":"ImageObject","url":"https:\/\/eldigitaldeasturias.com\/magazine365\/wp-content\/uploads\/2016\/01\/fotonoticia_20160119170349_800.jpg","width":800,"height":600},"datePublished":"2016-01-21T02:27:52+01:00","dateModified":"2016-01-21T02:27:52+01:00","inLanguage":"es-ES","mainEntityOfPage":{"@id":"https:\/\/eldigitaldeasturias.com\/magazine365\/seis-olimpicos-de-la-ucam-apoyaran-la-apuesta-de-la-region-de-murcia-por-el-turismo-deportivo\/#webpage"},"isPartOf":{"@id":"https:\/\/eldigitaldeasturias.com\/magazine365\/seis-olimpicos-de-la-ucam-apoyaran-la-apuesta-de-la-region-de-murcia-por-el-turismo-deportivo\/#webpage"},"articleSection":"Noticias y Actualidad"},{"@type":"BreadcrumbList","@id":"https:\/\/eldigitaldeasturias.com\/magazine365\/seis-olimpicos-de-la-ucam-apoyaran-la-apuesta-de-la-region-de-murcia-por-el-turismo-deportivo\/#breadcrumblist","itemListElement":[{"@type":"ListItem","@id":"https:\/\/eldigitaldeasturias.com\/magazine365#listItem","position":1,"name":"Home","item":"https:\/\/eldigitaldeasturias.com\/magazine365","nextItem":{"@type":"ListItem","@id":"https:\/\/eldigitaldeasturias.com\/magazine365\/category\/noticias-actualidad\/#listItem","name":"Noticias y Actualidad"}},{"@type":"ListItem","@id":"https:\/\/eldigitaldeasturias.com\/magazine365\/category\/noticias-actualidad\/#listItem","position":2,"name":"Noticias y Actualidad","item":"https:\/\/eldigitaldeasturias.com\/magazine365\/category\/noticias-actualidad\/","nextItem":{"@type":"ListItem","@id":"https:\/\/eldigitaldeasturias.com\/magazine365\/seis-olimpicos-de-la-ucam-apoyaran-la-apuesta-de-la-region-de-murcia-por-el-turismo-deportivo\/#listItem","name":"Seis ol\u00edmpicos de la UCAM apoyar\u00e1n la apuesta de la Regi\u00f3n de Murcia por el turismo deportivo"},"previousItem":{"@type":"ListItem","@id":"https:\/\/eldigitaldeasturias.com\/magazine365#listItem","name":"Home"}},{"@type":"ListItem","@id":"https:\/\/eldigitaldeasturias.com\/magazine365\/seis-olimpicos-de-la-ucam-apoyaran-la-apuesta-de-la-region-de-murcia-por-el-turismo-deportivo\/#listItem","position":3,"name":"Seis ol\u00edmpicos de la UCAM apoyar\u00e1n la apuesta de la Regi\u00f3n de Murcia por el turismo deportivo","previousItem":{"@type":"ListItem","@id":"https:\/\/eldigitaldeasturias.com\/magazine365\/category\/noticias-actualidad\/#listItem","name":"Noticias y Actualidad"}}]},{"@type":"Organization","@id":"https:\/\/eldigitaldeasturias.com\/magazine365\/#organization","name":"El digital de Asturias","description":"Revista de ocio, turismo y estilo de vida","url":"https:\/\/eldigitaldeasturias.com\/magazine365\/","logo":{"@type":"ImageObject","url":"https:\/\/www.eldigitaldeasturias.com\/noticias\/wp-content\/uploads\/2020\/12\/EDA.jpg","@id":"https:\/\/eldigitaldeasturias.com\/magazine365\/seis-olimpicos-de-la-ucam-apoyaran-la-apuesta-de-la-region-de-murcia-por-el-turismo-deportivo\/#organizationLogo"},"image":{"@id":"https:\/\/eldigitaldeasturias.com\/magazine365\/seis-olimpicos-de-la-ucam-apoyaran-la-apuesta-de-la-region-de-murcia-por-el-turismo-deportivo\/#organizationLogo"}},{"@type":"Person","@id":"https:\/\/eldigitaldeasturias.com\/magazine365\/author\/admin\/#author","url":"https:\/\/eldigitaldeasturias.com\/magazine365\/author\/admin\/","name":"admin","image":{"@type":"ImageObject","@id":"https:\/\/eldigitaldeasturias.com\/magazine365\/seis-olimpicos-de-la-ucam-apoyaran-la-apuesta-de-la-region-de-murcia-por-el-turismo-deportivo\/#authorImage","url":"https:\/\/eldigitaldeasturias.com\/magazine365\/wp-content\/litespeed\/avatar\/e571bcf59a0edd6fa6838245a470f2fe.jpg?ver=1776969259","width":96,"height":96,"caption":"admin"}},{"@type":"WebPage","@id":"https:\/\/eldigitaldeasturias.com\/magazine365\/seis-olimpicos-de-la-ucam-apoyaran-la-apuesta-de-la-region-de-murcia-por-el-turismo-deportivo\/#webpage","url":"https:\/\/eldigitaldeasturias.com\/magazine365\/seis-olimpicos-de-la-ucam-apoyaran-la-apuesta-de-la-region-de-murcia-por-el-turismo-deportivo\/","name":"Seis ol\u00edmpicos de la UCAM apoyar\u00e1n la apuesta de la Regi\u00f3n de Murcia por el turismo deportivo | El Digital de Asturias","description":"La Universidad Cat\u00f3lica San Antonio (UCAM) estar\u00e1 presente este mi\u00e9rcoles en la jornada inaugural de la Feria Internacional del Turismo (Fitur). Seis de los deportistas ol\u00edmpicos de la UCAM estar\u00e1n en el stand de la Regi\u00f3n de Murcia apoyando el turismo deportivo como uno de sus motores de desarrollo. Se trata del campe\u00f3n del mundo","inLanguage":"es-ES","isPartOf":{"@id":"https:\/\/eldigitaldeasturias.com\/magazine365\/#website"},"breadcrumb":{"@id":"https:\/\/eldigitaldeasturias.com\/magazine365\/seis-olimpicos-de-la-ucam-apoyaran-la-apuesta-de-la-region-de-murcia-por-el-turismo-deportivo\/#breadcrumblist"},"author":{"@id":"https:\/\/eldigitaldeasturias.com\/magazine365\/author\/admin\/#author"},"creator":{"@id":"https:\/\/eldigitaldeasturias.com\/magazine365\/author\/admin\/#author"},"image":{"@type":"ImageObject","url":"https:\/\/eldigitaldeasturias.com\/magazine365\/wp-content\/uploads\/2016\/01\/fotonoticia_20160119170349_800.jpg","@id":"https:\/\/eldigitaldeasturias.com\/magazine365\/seis-olimpicos-de-la-ucam-apoyaran-la-apuesta-de-la-region-de-murcia-por-el-turismo-deportivo\/#mainImage","width":800,"height":600},"primaryImageOfPage":{"@id":"https:\/\/eldigitaldeasturias.com\/magazine365\/seis-olimpicos-de-la-ucam-apoyaran-la-apuesta-de-la-region-de-murcia-por-el-turismo-deportivo\/#mainImage"},"datePublished":"2016-01-21T02:27:52+01:00","dateModified":"2016-01-21T02:27:52+01:00"},{"@type":"WebSite","@id":"https:\/\/eldigitaldeasturias.com\/magazine365\/#website","url":"https:\/\/eldigitaldeasturias.com\/magazine365\/","name":"El Digital de Asturias","description":"Revista de ocio, turismo y estilo de vida","inLanguage":"es-ES","publisher":{"@id":"https:\/\/eldigitaldeasturias.com\/magazine365\/#organization"}}]},"og:locale":"es_ES","og:site_name":"El Digital de Asturias \u2013 Revista de ocio, turismo y estilo de vida","og:type":"article","og:title":"Seis ol\u00edmpicos de la UCAM apoyar\u00e1n la apuesta de la Regi\u00f3n de Murcia por el turismo deportivo | El Digital de Asturias","og:description":"La Universidad Cat\u00f3lica San Antonio (UCAM) estar\u00e1 presente este mi\u00e9rcoles en la jornada inaugural de la Feria Internacional del Turismo (Fitur). Seis de los deportistas ol\u00edmpicos de la UCAM estar\u00e1n en el stand de la Regi\u00f3n de Murcia apoyando el turismo deportivo como uno de sus motores de desarrollo. Se trata del campe\u00f3n del mundo","og:url":"https:\/\/eldigitaldeasturias.com\/magazine365\/seis-olimpicos-de-la-ucam-apoyaran-la-apuesta-de-la-region-de-murcia-por-el-turismo-deportivo\/","og:image":"https:\/\/eldigitaldeasturias.com\/magazine365\/wp-content\/uploads\/2016\/01\/fotonoticia_20160119170349_800.jpg","og:image:secure_url":"https:\/\/eldigitaldeasturias.com\/magazine365\/wp-content\/uploads\/2016\/01\/fotonoticia_20160119170349_800.jpg","og:image:width":800,"og:image:height":600,"article:published_time":"2016-01-21T01:27:52+00:00","article:modified_time":"2016-01-21T01:27:52+00:00","twitter:card":"summary_large_image","twitter:title":"Seis ol\u00edmpicos de la UCAM apoyar\u00e1n la apuesta de la Regi\u00f3n de Murcia por el turismo deportivo | El Digital de Asturias","twitter:description":"La Universidad Cat\u00f3lica San Antonio (UCAM) estar\u00e1 presente este mi\u00e9rcoles en la jornada inaugural de la Feria Internacional del Turismo (Fitur). Seis de los deportistas ol\u00edmpicos de la UCAM estar\u00e1n en el stand de la Regi\u00f3n de Murcia apoyando el turismo deportivo como uno de sus motores de desarrollo. Se trata del campe\u00f3n del mundo","twitter:image":"https:\/\/eldigitaldeasturias.com\/magazine365\/wp-content\/uploads\/2016\/01\/fotonoticia_20160119170349_800.jpg"},"aioseo_meta_data":{"post_id":"61183","title":null,"description":null,"keywords":null,"keyphrases":null,"primary_term":null,"canonical_url":null,"og_title":null,"og_description":null,"og_object_type":"default","og_image_type":"default","og_image_url":null,"og_image_width":null,"og_image_height":null,"og_image_custom_url":null,"og_image_custom_fields":null,"og_video":null,"og_custom_url":null,"og_article_section":null,"og_article_tags":null,"twitter_use_og":false,"twitter_card":"default","twitter_image_type":"default","twitter_image_url":null,"twitter_image_custom_url":null,"twitter_image_custom_fields":null,"twitter_title":null,"twitter_description":null,"schema":{"blockGraphs":[],"customGraphs":[],"default":{"data":{"Article":[],"Course":[],"Dataset":[],"FAQPage":[],"Movie":[],"Person":[],"Product":[],"ProductReview":[],"Car":[],"Recipe":[],"Service":[],"SoftwareApplication":[],"WebPage":[]},"graphName":"","isEnabled":true},"graphs":[],"defaultGraph":"","defaultPostTypeGraph":""},"schema_type":null,"schema_type_options":null,"pillar_content":false,"robots_default":true,"robots_noindex":false,"robots_noarchive":false,"robots_nosnippet":false,"robots_nofollow":false,"robots_noimageindex":false,"robots_noodp":false,"robots_notranslate":false,"robots_max_snippet":null,"robots_max_videopreview":null,"robots_max_imagepreview":"large","priority":null,"frequency":null,"location":null,"local_seo":null,"seo_analyzer_scan_date":"2025-09-25 08:24:35","breadcrumb_settings":null,"limit_modified_date":false,"open_ai":null,"ai":null,"created":"2021-03-08 21:52:40","updated":"2025-09-25 08:24:35"},"aioseo_breadcrumb":"<div class=\"aioseo-breadcrumbs\"><span class=\"aioseo-breadcrumb\">\n\t<a href=\"https:\/\/eldigitaldeasturias.com\/magazine365\" title=\"Home\">Home<\/a>\n<\/span><span class=\"aioseo-breadcrumb-separator\">\u2013<\/span><span class=\"aioseo-breadcrumb\">\n\t<a href=\"https:\/\/eldigitaldeasturias.com\/magazine365\/category\/noticias-actualidad\/\" title=\"Noticias y Actualidad\">Noticias y Actualidad<\/a>\n<\/span><span class=\"aioseo-breadcrumb-separator\">\u2013<\/span><span class=\"aioseo-breadcrumb\">\n\t<a href=\"https:\/\/eldigitaldeasturias.com\/magazine365\/seis-olimpicos-de-la-ucam-apoyaran-la-apuesta-de-la-region-de-murcia-por-el-turismo-deportivo\/\" title=\"Seis ol\u00edmpicos de la UCAM apoyar\u00e1n la apuesta de la Regi\u00f3n de Murcia por el turismo deportivo\">Seis ol\u00edmpicos de la UCAM apoyar\u00e1n la apuesta de la Regi\u00f3n de Murcia por el turismo deportivo<\/a>\n<\/span><\/div>","aioseo_breadcrumb_json":[{"label":"Home","link":"https:\/\/eldigitaldeasturias.com\/magazine365"},{"label":"Noticias y Actualidad","link":"https:\/\/eldigitaldeasturias.com\/magazine365\/category\/noticias-actualidad\/"},{"label":"Seis ol\u00edmpicos de la UCAM apoyar\u00e1n la apuesta de la Regi\u00f3n de Murcia por el turismo deportivo","link":"https:\/\/eldigitaldeasturias.com\/magazine365\/seis-olimpicos-de-la-ucam-apoyaran-la-apuesta-de-la-region-de-murcia-por-el-turismo-deportivo\/"}],"_links":{"self":[{"href":"https:\/\/eldigitaldeasturias.com\/magazine365\/wp-json\/wp\/v2\/posts\/61183","targetHints":{"allow":["GET"]}}],"collection":[{"href":"https:\/\/eldigitaldeasturias.com\/magazine365\/wp-json\/wp\/v2\/posts"}],"about":[{"href":"https:\/\/eldigitaldeasturias.com\/magazine365\/wp-json\/wp\/v2\/types\/post"}],"author":[{"embeddable":true,"href":"https:\/\/eldigitaldeasturias.com\/magazine365\/wp-json\/wp\/v2\/users\/1"}],"replies":[{"embeddable":true,"href":"https:\/\/eldigitaldeasturias.com\/magazine365\/wp-json\/wp\/v2\/comments?post=61183"}],"version-history":[{"count":0,"href":"https:\/\/eldigitaldeasturias.com\/magazine365\/wp-json\/wp\/v2\/posts\/61183\/revisions"}],"wp:featuredmedia":[{"embeddable":true,"href":"https:\/\/eldigitaldeasturias.com\/magazine365\/wp-json\/wp\/v2\/media\/61184"}],"wp:attachment":[{"href":"https:\/\/eldigitaldeasturias.com\/magazine365\/wp-json\/wp\/v2\/media?parent=61183"}],"wp:term":[{"taxonomy":"category","embeddable":true,"href":"https:\/\/eldigitaldeasturias.com\/magazine365\/wp-json\/wp\/v2\/categories?post=61183"},{"taxonomy":"post_tag","embeddable":true,"href":"https:\/\/eldigitaldeasturias.com\/magazine365\/wp-json\/wp\/v2\/tags?post=61183"}],"curies":[{"name":"wp","href":"https:\/\/api.w.org\/{rel}","templated":true}]}}