{"id":61177,"date":"2016-01-21T02:26:05","date_gmt":"2016-01-21T01:26:05","guid":{"rendered":"http:\/\/eldigitaldeasturias.com\/magazine365\/?p=61177"},"modified":"2016-01-21T02:26:05","modified_gmt":"2016-01-21T01:26:05","slug":"la-capitalidad-iberoamericana-gastronomica-de-merida-ofrecera-festivales-ferias-o-encuentros-profesionales","status":"publish","type":"post","link":"https:\/\/eldigitaldeasturias.com\/magazine365\/la-capitalidad-iberoamericana-gastronomica-de-merida-ofrecera-festivales-ferias-o-encuentros-profesionales\/","title":{"rendered":"La Capitalidad Iberoamericana Gastron\u00f3mica de M\u00e9rida ofrecer\u00e1 festivales, ferias o encuentros profesionales"},"content":{"rendered":"<p><img fetchpriority=\"high\" decoding=\"async\" class=\"alignleft size-medium wp-image-61178\" src=\"https:\/\/eldigitaldeasturias.com\/magazine365\/wp-content\/uploads\/2016\/01\/fotonoticia_20160119153716_800-360x239.jpg\" alt=\"fotonoticia_20160119153716_800\" width=\"360\" height=\"239\" srcset=\"https:\/\/eldigitaldeasturias.com\/magazine365\/wp-content\/uploads\/2016\/01\/fotonoticia_20160119153716_800-360x239.jpg 360w, https:\/\/eldigitaldeasturias.com\/magazine365\/wp-content\/uploads\/2016\/01\/fotonoticia_20160119153716_800-650x432.jpg 650w, https:\/\/eldigitaldeasturias.com\/magazine365\/wp-content\/uploads\/2016\/01\/fotonoticia_20160119153716_800-768x511.jpg 768w, https:\/\/eldigitaldeasturias.com\/magazine365\/wp-content\/uploads\/2016\/01\/fotonoticia_20160119153716_800-150x100.jpg 150w, https:\/\/eldigitaldeasturias.com\/magazine365\/wp-content\/uploads\/2016\/01\/fotonoticia_20160119153716_800-450x299.jpg 450w, https:\/\/eldigitaldeasturias.com\/magazine365\/wp-content\/uploads\/2016\/01\/fotonoticia_20160119153716_800-696x463.jpg 696w, https:\/\/eldigitaldeasturias.com\/magazine365\/wp-content\/uploads\/2016\/01\/fotonoticia_20160119153716_800-632x420.jpg 632w, https:\/\/eldigitaldeasturias.com\/magazine365\/wp-content\/uploads\/2016\/01\/fotonoticia_20160119153716_800-121x79.jpg 121w, https:\/\/eldigitaldeasturias.com\/magazine365\/wp-content\/uploads\/2016\/01\/fotonoticia_20160119153716_800-101x66.jpg 101w, https:\/\/eldigitaldeasturias.com\/magazine365\/wp-content\/uploads\/2016\/01\/fotonoticia_20160119153716_800.jpg 800w\" sizes=\"(max-width: 360px) 100vw, 360px\" \/>La Capitalidad Iberoamericana de la Cultura Gastron\u00f3mica de M\u00e9rida en 2016 ofrecer\u00e1, entre otras actividades, festivales gastron\u00f3micos en lugares emblem\u00e1ticos de la capital extreme\u00f1a, ferias y encuentros profesionales.<\/p>\n<p>El alcalde de M\u00e9rida, Antonio Rodr\u00edguez Osuna, acompa\u00f1ado del director general de Turismo de la Junta de Extremadura, Francisco Mart\u00edn, y del presidente de la Academia Iberoamericana de Gastronom\u00eda Rafael Ans\u00f3n, ha presentado este martes en Madrid las actividades que se desarrollar\u00e1n durante todo este a\u00f1o con motivo de dicha capitalidad.<\/p>\n<p>En el acto han estado tambi\u00e9n presentes el secretario de Turismo del Estado de Guanajuato en M\u00e9xico, que ostent\u00f3 este reconocimiento en 2015; la embajadora de la Capitalidad de M\u00e9rida Isabel Mijares; la presidenta de Paradores Espa\u00f1a, \u00c1ngeles Alarc\u00f3, y empresarios emeritenses.<\/p>\n<p>En su intervenci\u00f3n, el primer edil emeritense ha remarcado que M\u00e9rida se dispone a vivir un a\u00f1o en el que quiere dar a conocer en el resto de Espa\u00f1a e Iberoam\u00e9rica las \u00abcaracter\u00edsticas \u00fanicas\u00bb del turismo y de la gastronom\u00eda emeritense y extreme\u00f1a.<\/p>\n<p>Asimismo, en este a\u00f1o 2016 se quiere promocionar no s\u00f3lo la cocina local sino tambi\u00e9n el patrimonio, la cultura y los recursos naturales de la regi\u00f3n.<\/p>\n<p>INICIO DE ACTIVIDADES<\/p>\n<p>Las actividades de la Capitalidad Iberoamericana de la Cultura Gastron\u00f3mica se iniciar\u00e1n en el pabell\u00f3n de la Junta de Extremadura en FITUR el jueves 21 de enero para continuar, en el pabell\u00f3n de Turespa\u00f1a, el viernes 22, donde adem\u00e1s de presentar tambi\u00e9n este programa, la ciudad firmar\u00e1 convenios y acuerdos puntuales con diferentes entidades.<\/p>\n<p>Adem\u00e1s, la Capitalidad tambi\u00e9n tendr\u00e1 visibilidad y presencia en el certamen Madrid Fusi\u00f3n, del 25 al 27 de enero, y durante el presente a\u00f1o la ciudad quiere estar presente, tambi\u00e9n, en otras ferias internacionales como son el Sal\u00f3n Gourmet, la primera de Europa del sector, o la Feria Internacional Alimentaria.<\/p>\n<p>FESTIVALES GASTRON\u00d3MICOS<\/p>\n<p>En esta l\u00ednea, seg\u00fan ha informado el Ayuntamiento de M\u00e9rida en nota de prensa, se organizar\u00e1n diversos festivales gastron\u00f3micos en lugares emblem\u00e1ticos de la ciudad, como las proximidades del Teatro Romano, que acoger\u00e1 una muestra en torno a la comida callejera de calidad y la cerveza artesana; o el I Festival Gastrosensaciones, junto al r\u00edo Guadiana.<\/p>\n<p>Adem\u00e1s, tambi\u00e9n tendr\u00e1 lugar la Feria de la Cerveza Artesana Espa\u00f1ola e Iberoamericana y se celebrar\u00e1 la I Feria Iberoamericana de Gastronom\u00eda, en la que participar\u00e1n empresas productoras y distribuidoras de productos agroalimentarios iberoamericanos.<\/p>\n<p>Y todos los fines de semana del mes de noviembre, la Ruta de la Tapa y Gourmet 2016.<\/p>\n<p>Tambi\u00e9n destacar\u00e1 la celebraci\u00f3n de un encuentro de las 17 academias de Gastronom\u00eda de Espa\u00f1a, que contar\u00e1 con la participaci\u00f3n de la directiva de la Real Academia Espa\u00f1ola de Gastronom\u00eda; M\u00e9rida albergar\u00e1 el Forum Iberoamericano de Turismo, una reuni\u00f3n de periodistas y Asociaciones de Prensa Tur\u00edstica de Iberoam\u00e9rica; y m\u00e1s de 200 en\u00f3logos espa\u00f1oles e iberoamericanos participar\u00e1n en el XVII Congreso Nacional de Enolog\u00eda.<\/p>\n<p>Otra de las actividades ser\u00e1n el Carnaval Gastron\u00f3mico en el domingo de Adas; la Feria del Dulce conventual y artesano coincidiendo con la Semana Santa, declarada de Inter\u00e9s Tur\u00edstico Nacional; la VII Emerita L\u00fadica y Ruta senderista Sentia Amarantis; o la uni\u00f3n del cine y la gastronom\u00eda en colaboraci\u00f3n con el cine club Forum.<\/p>\n<p>Tambi\u00e9n M\u00e9rida ser\u00e1 sede en 2016 de una reuni\u00f3n de parte de las mujeres m\u00e1s relevantes e influyentes del mundo de los negocios en Iberoam\u00e9rica; ser\u00e1 la anfitriona de los prestigiosos premios que concede la Asociaci\u00f3n Espa\u00f1ola de Periodistas y Escritores del Vino, y junto con la ciudad lusa de \u00c9vora realizar\u00e1 diversas actividades transfronterizas, una de ellas para fomentar los h\u00e1bitos alimenticios saludables y la actividad f\u00edsica, fundamentalmente.<\/p>\n<p>M\u00c9RIDA, \u00abEPICENTRO DE LA GASTRONOM\u00cdA\u00bb<\/p>\n<p>Por su parte, el director general de Turismo, Francisco Mart\u00edn, ha destacado que M\u00e9rida va a convertirse en 2016 en el \u00abepicentro de la gastronom\u00eda\u00bb, adem\u00e1s de destacar que el puente con Iberoam\u00e9rica tiene \u00abmuchas ventajas\u00bb.<\/p>\n<p>\u00abDesde la Junta de Extremadura tenemos claro nuestro respaldo, nuestro empuje y nuestro apoyo decidido a esta capitalidad; porque ahora m\u00e1s que nunca, M\u00e9rida es, no s\u00f3lo la capital oficial de la regi\u00f3n, sino tambi\u00e9n la capital emocional y real de una gastronom\u00eda, que se vuelve cultura en cuanto las manos sabias de sus cocineros conjugan nuestras banderas culinarias al lento fog\u00f3n del conocimiento y las experiencias\u00bb, ha indicado.<\/p>\n<p>Adem\u00e1s, Mart\u00edn ha resaltado que Extremadura es una \u00abpotencia gastron\u00f3mica\u00bb, algo que se va a poder comprobar en un evento que \u00abmarcar\u00e1 un antes y un despu\u00e9s no s\u00f3lo para M\u00e9rida, sino para toda la regi\u00f3n\u00bb.<\/p>\n","protected":false},"excerpt":{"rendered":"<p>La Capitalidad Iberoamericana de la Cultura Gastron\u00f3mica de M\u00e9rida en 2016 ofrecer\u00e1, entre otras actividades, festivales gastron\u00f3micos en lugares emblem\u00e1ticos de la capital extreme\u00f1a, ferias y encuentros profesionales. El alcalde de M\u00e9rida, Antonio Rodr\u00edguez Osuna, acompa\u00f1ado del director general de Turismo de la Junta de Extremadura, Francisco Mart\u00edn, y del presidente de la Academia Iberoamericana<\/p>\n","protected":false},"author":1,"featured_media":61178,"comment_status":"open","ping_status":"closed","sticky":false,"template":"","format":"standard","meta":{"footnotes":""},"categories":[224],"tags":[],"class_list":{"0":"post-61177","1":"post","2":"type-post","3":"status-publish","4":"format-standard","5":"has-post-thumbnail","7":"category-noticias-actualidad"},"aioseo_notices":[],"aioseo_head":"\n\t\t<!-- All in One SEO Pro 4.9.6.1 - aioseo.com -->\n\t<meta name=\"description\" content=\"La Capitalidad Iberoamericana de la Cultura Gastron\u00f3mica de M\u00e9rida en 2016 ofrecer\u00e1, entre otras actividades, festivales gastron\u00f3micos en lugares emblem\u00e1ticos de la capital extreme\u00f1a, ferias y encuentros profesionales. El alcalde de M\u00e9rida, Antonio Rodr\u00edguez Osuna, acompa\u00f1ado del director general de Turismo de la Junta de Extremadura, Francisco Mart\u00edn, y del presidente de la Academia Iberoamericana\" \/>\n\t<meta name=\"robots\" content=\"max-image-preview:large\" \/>\n\t<meta name=\"author\" content=\"admin\"\/>\n\t<meta name=\"google-site-verification\" content=\"UA-38556648-1\" \/>\n\t<meta name=\"keywords\" content=\"noticias y actualidad\" \/>\n\t<link rel=\"canonical\" href=\"https:\/\/eldigitaldeasturias.com\/magazine365\/la-capitalidad-iberoamericana-gastronomica-de-merida-ofrecera-festivales-ferias-o-encuentros-profesionales\/\" \/>\n\t<meta name=\"generator\" content=\"All in One SEO Pro (AIOSEO) 4.9.6.1\" \/>\n\t\t<meta property=\"og:locale\" content=\"es_ES\" \/>\n\t\t<meta property=\"og:site_name\" content=\"El Digital de Asturias \u2013 Revista de ocio, turismo y estilo de vida\" \/>\n\t\t<meta property=\"og:type\" content=\"article\" \/>\n\t\t<meta property=\"og:title\" content=\"La Capitalidad Iberoamericana Gastron\u00f3mica de M\u00e9rida ofrecer\u00e1 festivales, ferias o encuentros profesionales | El Digital de Asturias\" \/>\n\t\t<meta property=\"og:description\" content=\"La Capitalidad Iberoamericana de la Cultura Gastron\u00f3mica de M\u00e9rida en 2016 ofrecer\u00e1, entre otras actividades, festivales gastron\u00f3micos en lugares emblem\u00e1ticos de la capital extreme\u00f1a, ferias y encuentros profesionales. El alcalde de M\u00e9rida, Antonio Rodr\u00edguez Osuna, acompa\u00f1ado del director general de Turismo de la Junta de Extremadura, Francisco Mart\u00edn, y del presidente de la Academia Iberoamericana\" \/>\n\t\t<meta property=\"og:url\" content=\"https:\/\/eldigitaldeasturias.com\/magazine365\/la-capitalidad-iberoamericana-gastronomica-de-merida-ofrecera-festivales-ferias-o-encuentros-profesionales\/\" \/>\n\t\t<meta property=\"og:image\" content=\"https:\/\/eldigitaldeasturias.com\/magazine365\/wp-content\/uploads\/2016\/01\/fotonoticia_20160119153716_800.jpg\" \/>\n\t\t<meta property=\"og:image:secure_url\" content=\"https:\/\/eldigitaldeasturias.com\/magazine365\/wp-content\/uploads\/2016\/01\/fotonoticia_20160119153716_800.jpg\" \/>\n\t\t<meta property=\"og:image:width\" content=\"800\" \/>\n\t\t<meta property=\"og:image:height\" content=\"532\" \/>\n\t\t<meta property=\"article:published_time\" content=\"2016-01-21T01:26:05+00:00\" \/>\n\t\t<meta property=\"article:modified_time\" content=\"2016-01-21T01:26:05+00:00\" \/>\n\t\t<meta name=\"twitter:card\" content=\"summary_large_image\" \/>\n\t\t<meta name=\"twitter:title\" content=\"La Capitalidad Iberoamericana Gastron\u00f3mica de M\u00e9rida ofrecer\u00e1 festivales, ferias o encuentros profesionales | El Digital de Asturias\" \/>\n\t\t<meta name=\"twitter:description\" content=\"La Capitalidad Iberoamericana de la Cultura Gastron\u00f3mica de M\u00e9rida en 2016 ofrecer\u00e1, entre otras actividades, festivales gastron\u00f3micos en lugares emblem\u00e1ticos de la capital extreme\u00f1a, ferias y encuentros profesionales. El alcalde de M\u00e9rida, Antonio Rodr\u00edguez Osuna, acompa\u00f1ado del director general de Turismo de la Junta de Extremadura, Francisco Mart\u00edn, y del presidente de la Academia Iberoamericana\" \/>\n\t\t<meta name=\"twitter:image\" content=\"https:\/\/eldigitaldeasturias.com\/magazine365\/wp-content\/uploads\/2016\/01\/fotonoticia_20160119153716_800.jpg\" \/>\n\t\t<script type=\"application\/ld+json\" class=\"aioseo-schema\">\n\t\t\t{\"@context\":\"https:\\\/\\\/schema.org\",\"@graph\":[{\"@type\":\"Article\",\"@id\":\"https:\\\/\\\/eldigitaldeasturias.com\\\/magazine365\\\/la-capitalidad-iberoamericana-gastronomica-de-merida-ofrecera-festivales-ferias-o-encuentros-profesionales\\\/#article\",\"name\":\"La Capitalidad Iberoamericana Gastron\\u00f3mica de M\\u00e9rida ofrecer\\u00e1 festivales, ferias o encuentros profesionales | El Digital de Asturias\",\"headline\":\"La Capitalidad Iberoamericana Gastron\\u00f3mica de M\\u00e9rida ofrecer\\u00e1 festivales, ferias o encuentros profesionales\",\"author\":{\"@id\":\"https:\\\/\\\/eldigitaldeasturias.com\\\/magazine365\\\/author\\\/admin\\\/#author\"},\"publisher\":{\"@id\":\"https:\\\/\\\/eldigitaldeasturias.com\\\/magazine365\\\/#organization\"},\"image\":{\"@type\":\"ImageObject\",\"url\":\"https:\\\/\\\/eldigitaldeasturias.com\\\/magazine365\\\/wp-content\\\/uploads\\\/2016\\\/01\\\/fotonoticia_20160119153716_800.jpg\",\"width\":800,\"height\":532},\"datePublished\":\"2016-01-21T02:26:05+01:00\",\"dateModified\":\"2016-01-21T02:26:05+01:00\",\"inLanguage\":\"es-ES\",\"mainEntityOfPage\":{\"@id\":\"https:\\\/\\\/eldigitaldeasturias.com\\\/magazine365\\\/la-capitalidad-iberoamericana-gastronomica-de-merida-ofrecera-festivales-ferias-o-encuentros-profesionales\\\/#webpage\"},\"isPartOf\":{\"@id\":\"https:\\\/\\\/eldigitaldeasturias.com\\\/magazine365\\\/la-capitalidad-iberoamericana-gastronomica-de-merida-ofrecera-festivales-ferias-o-encuentros-profesionales\\\/#webpage\"},\"articleSection\":\"Noticias y Actualidad\"},{\"@type\":\"BreadcrumbList\",\"@id\":\"https:\\\/\\\/eldigitaldeasturias.com\\\/magazine365\\\/la-capitalidad-iberoamericana-gastronomica-de-merida-ofrecera-festivales-ferias-o-encuentros-profesionales\\\/#breadcrumblist\",\"itemListElement\":[{\"@type\":\"ListItem\",\"@id\":\"https:\\\/\\\/eldigitaldeasturias.com\\\/magazine365#listItem\",\"position\":1,\"name\":\"Home\",\"item\":\"https:\\\/\\\/eldigitaldeasturias.com\\\/magazine365\",\"nextItem\":{\"@type\":\"ListItem\",\"@id\":\"https:\\\/\\\/eldigitaldeasturias.com\\\/magazine365\\\/category\\\/noticias-actualidad\\\/#listItem\",\"name\":\"Noticias y Actualidad\"}},{\"@type\":\"ListItem\",\"@id\":\"https:\\\/\\\/eldigitaldeasturias.com\\\/magazine365\\\/category\\\/noticias-actualidad\\\/#listItem\",\"position\":2,\"name\":\"Noticias y Actualidad\",\"item\":\"https:\\\/\\\/eldigitaldeasturias.com\\\/magazine365\\\/category\\\/noticias-actualidad\\\/\",\"nextItem\":{\"@type\":\"ListItem\",\"@id\":\"https:\\\/\\\/eldigitaldeasturias.com\\\/magazine365\\\/la-capitalidad-iberoamericana-gastronomica-de-merida-ofrecera-festivales-ferias-o-encuentros-profesionales\\\/#listItem\",\"name\":\"La Capitalidad Iberoamericana Gastron\\u00f3mica de M\\u00e9rida ofrecer\\u00e1 festivales, ferias o encuentros profesionales\"},\"previousItem\":{\"@type\":\"ListItem\",\"@id\":\"https:\\\/\\\/eldigitaldeasturias.com\\\/magazine365#listItem\",\"name\":\"Home\"}},{\"@type\":\"ListItem\",\"@id\":\"https:\\\/\\\/eldigitaldeasturias.com\\\/magazine365\\\/la-capitalidad-iberoamericana-gastronomica-de-merida-ofrecera-festivales-ferias-o-encuentros-profesionales\\\/#listItem\",\"position\":3,\"name\":\"La Capitalidad Iberoamericana Gastron\\u00f3mica de M\\u00e9rida ofrecer\\u00e1 festivales, ferias o encuentros profesionales\",\"previousItem\":{\"@type\":\"ListItem\",\"@id\":\"https:\\\/\\\/eldigitaldeasturias.com\\\/magazine365\\\/category\\\/noticias-actualidad\\\/#listItem\",\"name\":\"Noticias y Actualidad\"}}]},{\"@type\":\"Organization\",\"@id\":\"https:\\\/\\\/eldigitaldeasturias.com\\\/magazine365\\\/#organization\",\"name\":\"El digital de Asturias\",\"description\":\"Revista de ocio, turismo y estilo de vida\",\"url\":\"https:\\\/\\\/eldigitaldeasturias.com\\\/magazine365\\\/\",\"logo\":{\"@type\":\"ImageObject\",\"url\":\"https:\\\/\\\/www.eldigitaldeasturias.com\\\/noticias\\\/wp-content\\\/uploads\\\/2020\\\/12\\\/EDA.jpg\",\"@id\":\"https:\\\/\\\/eldigitaldeasturias.com\\\/magazine365\\\/la-capitalidad-iberoamericana-gastronomica-de-merida-ofrecera-festivales-ferias-o-encuentros-profesionales\\\/#organizationLogo\"},\"image\":{\"@id\":\"https:\\\/\\\/eldigitaldeasturias.com\\\/magazine365\\\/la-capitalidad-iberoamericana-gastronomica-de-merida-ofrecera-festivales-ferias-o-encuentros-profesionales\\\/#organizationLogo\"}},{\"@type\":\"Person\",\"@id\":\"https:\\\/\\\/eldigitaldeasturias.com\\\/magazine365\\\/author\\\/admin\\\/#author\",\"url\":\"https:\\\/\\\/eldigitaldeasturias.com\\\/magazine365\\\/author\\\/admin\\\/\",\"name\":\"admin\",\"image\":{\"@type\":\"ImageObject\",\"@id\":\"https:\\\/\\\/eldigitaldeasturias.com\\\/magazine365\\\/la-capitalidad-iberoamericana-gastronomica-de-merida-ofrecera-festivales-ferias-o-encuentros-profesionales\\\/#authorImage\",\"url\":\"https:\\\/\\\/eldigitaldeasturias.com\\\/magazine365\\\/wp-content\\\/litespeed\\\/avatar\\\/e571bcf59a0edd6fa6838245a470f2fe.jpg?ver=1776969259\",\"width\":96,\"height\":96,\"caption\":\"admin\"}},{\"@type\":\"WebPage\",\"@id\":\"https:\\\/\\\/eldigitaldeasturias.com\\\/magazine365\\\/la-capitalidad-iberoamericana-gastronomica-de-merida-ofrecera-festivales-ferias-o-encuentros-profesionales\\\/#webpage\",\"url\":\"https:\\\/\\\/eldigitaldeasturias.com\\\/magazine365\\\/la-capitalidad-iberoamericana-gastronomica-de-merida-ofrecera-festivales-ferias-o-encuentros-profesionales\\\/\",\"name\":\"La Capitalidad Iberoamericana Gastron\\u00f3mica de M\\u00e9rida ofrecer\\u00e1 festivales, ferias o encuentros profesionales | El Digital de Asturias\",\"description\":\"La Capitalidad Iberoamericana de la Cultura Gastron\\u00f3mica de M\\u00e9rida en 2016 ofrecer\\u00e1, entre otras actividades, festivales gastron\\u00f3micos en lugares emblem\\u00e1ticos de la capital extreme\\u00f1a, ferias y encuentros profesionales. El alcalde de M\\u00e9rida, Antonio Rodr\\u00edguez Osuna, acompa\\u00f1ado del director general de Turismo de la Junta de Extremadura, Francisco Mart\\u00edn, y del presidente de la Academia Iberoamericana\",\"inLanguage\":\"es-ES\",\"isPartOf\":{\"@id\":\"https:\\\/\\\/eldigitaldeasturias.com\\\/magazine365\\\/#website\"},\"breadcrumb\":{\"@id\":\"https:\\\/\\\/eldigitaldeasturias.com\\\/magazine365\\\/la-capitalidad-iberoamericana-gastronomica-de-merida-ofrecera-festivales-ferias-o-encuentros-profesionales\\\/#breadcrumblist\"},\"author\":{\"@id\":\"https:\\\/\\\/eldigitaldeasturias.com\\\/magazine365\\\/author\\\/admin\\\/#author\"},\"creator\":{\"@id\":\"https:\\\/\\\/eldigitaldeasturias.com\\\/magazine365\\\/author\\\/admin\\\/#author\"},\"image\":{\"@type\":\"ImageObject\",\"url\":\"https:\\\/\\\/eldigitaldeasturias.com\\\/magazine365\\\/wp-content\\\/uploads\\\/2016\\\/01\\\/fotonoticia_20160119153716_800.jpg\",\"@id\":\"https:\\\/\\\/eldigitaldeasturias.com\\\/magazine365\\\/la-capitalidad-iberoamericana-gastronomica-de-merida-ofrecera-festivales-ferias-o-encuentros-profesionales\\\/#mainImage\",\"width\":800,\"height\":532},\"primaryImageOfPage\":{\"@id\":\"https:\\\/\\\/eldigitaldeasturias.com\\\/magazine365\\\/la-capitalidad-iberoamericana-gastronomica-de-merida-ofrecera-festivales-ferias-o-encuentros-profesionales\\\/#mainImage\"},\"datePublished\":\"2016-01-21T02:26:05+01:00\",\"dateModified\":\"2016-01-21T02:26:05+01:00\"},{\"@type\":\"WebSite\",\"@id\":\"https:\\\/\\\/eldigitaldeasturias.com\\\/magazine365\\\/#website\",\"url\":\"https:\\\/\\\/eldigitaldeasturias.com\\\/magazine365\\\/\",\"name\":\"El Digital de Asturias\",\"description\":\"Revista de ocio, turismo y estilo de vida\",\"inLanguage\":\"es-ES\",\"publisher\":{\"@id\":\"https:\\\/\\\/eldigitaldeasturias.com\\\/magazine365\\\/#organization\"}}]}\n\t\t<\/script>\n\t\t<!-- All in One SEO Pro -->\r\n\t\t<title>La Capitalidad Iberoamericana Gastron\u00f3mica de M\u00e9rida ofrecer\u00e1 festivales, ferias o encuentros profesionales | El Digital de Asturias<\/title>\n\n","aioseo_head_json":{"title":"La Capitalidad Iberoamericana Gastron\u00f3mica de M\u00e9rida ofrecer\u00e1 festivales, ferias o encuentros profesionales | El Digital de Asturias","description":"La Capitalidad Iberoamericana de la Cultura Gastron\u00f3mica de M\u00e9rida en 2016 ofrecer\u00e1, entre otras actividades, festivales gastron\u00f3micos en lugares emblem\u00e1ticos de la capital extreme\u00f1a, ferias y encuentros profesionales. El alcalde de M\u00e9rida, Antonio Rodr\u00edguez Osuna, acompa\u00f1ado del director general de Turismo de la Junta de Extremadura, Francisco Mart\u00edn, y del presidente de la Academia Iberoamericana","canonical_url":"https:\/\/eldigitaldeasturias.com\/magazine365\/la-capitalidad-iberoamericana-gastronomica-de-merida-ofrecera-festivales-ferias-o-encuentros-profesionales\/","robots":"max-image-preview:large","keywords":"noticias y actualidad","webmasterTools":{"google-site-verification":"UA-38556648-1","miscellaneous":""},"schema":{"@context":"https:\/\/schema.org","@graph":[{"@type":"Article","@id":"https:\/\/eldigitaldeasturias.com\/magazine365\/la-capitalidad-iberoamericana-gastronomica-de-merida-ofrecera-festivales-ferias-o-encuentros-profesionales\/#article","name":"La Capitalidad Iberoamericana Gastron\u00f3mica de M\u00e9rida ofrecer\u00e1 festivales, ferias o encuentros profesionales | El Digital de Asturias","headline":"La Capitalidad Iberoamericana Gastron\u00f3mica de M\u00e9rida ofrecer\u00e1 festivales, ferias o encuentros profesionales","author":{"@id":"https:\/\/eldigitaldeasturias.com\/magazine365\/author\/admin\/#author"},"publisher":{"@id":"https:\/\/eldigitaldeasturias.com\/magazine365\/#organization"},"image":{"@type":"ImageObject","url":"https:\/\/eldigitaldeasturias.com\/magazine365\/wp-content\/uploads\/2016\/01\/fotonoticia_20160119153716_800.jpg","width":800,"height":532},"datePublished":"2016-01-21T02:26:05+01:00","dateModified":"2016-01-21T02:26:05+01:00","inLanguage":"es-ES","mainEntityOfPage":{"@id":"https:\/\/eldigitaldeasturias.com\/magazine365\/la-capitalidad-iberoamericana-gastronomica-de-merida-ofrecera-festivales-ferias-o-encuentros-profesionales\/#webpage"},"isPartOf":{"@id":"https:\/\/eldigitaldeasturias.com\/magazine365\/la-capitalidad-iberoamericana-gastronomica-de-merida-ofrecera-festivales-ferias-o-encuentros-profesionales\/#webpage"},"articleSection":"Noticias y Actualidad"},{"@type":"BreadcrumbList","@id":"https:\/\/eldigitaldeasturias.com\/magazine365\/la-capitalidad-iberoamericana-gastronomica-de-merida-ofrecera-festivales-ferias-o-encuentros-profesionales\/#breadcrumblist","itemListElement":[{"@type":"ListItem","@id":"https:\/\/eldigitaldeasturias.com\/magazine365#listItem","position":1,"name":"Home","item":"https:\/\/eldigitaldeasturias.com\/magazine365","nextItem":{"@type":"ListItem","@id":"https:\/\/eldigitaldeasturias.com\/magazine365\/category\/noticias-actualidad\/#listItem","name":"Noticias y Actualidad"}},{"@type":"ListItem","@id":"https:\/\/eldigitaldeasturias.com\/magazine365\/category\/noticias-actualidad\/#listItem","position":2,"name":"Noticias y Actualidad","item":"https:\/\/eldigitaldeasturias.com\/magazine365\/category\/noticias-actualidad\/","nextItem":{"@type":"ListItem","@id":"https:\/\/eldigitaldeasturias.com\/magazine365\/la-capitalidad-iberoamericana-gastronomica-de-merida-ofrecera-festivales-ferias-o-encuentros-profesionales\/#listItem","name":"La Capitalidad Iberoamericana Gastron\u00f3mica de M\u00e9rida ofrecer\u00e1 festivales, ferias o encuentros profesionales"},"previousItem":{"@type":"ListItem","@id":"https:\/\/eldigitaldeasturias.com\/magazine365#listItem","name":"Home"}},{"@type":"ListItem","@id":"https:\/\/eldigitaldeasturias.com\/magazine365\/la-capitalidad-iberoamericana-gastronomica-de-merida-ofrecera-festivales-ferias-o-encuentros-profesionales\/#listItem","position":3,"name":"La Capitalidad Iberoamericana Gastron\u00f3mica de M\u00e9rida ofrecer\u00e1 festivales, ferias o encuentros profesionales","previousItem":{"@type":"ListItem","@id":"https:\/\/eldigitaldeasturias.com\/magazine365\/category\/noticias-actualidad\/#listItem","name":"Noticias y Actualidad"}}]},{"@type":"Organization","@id":"https:\/\/eldigitaldeasturias.com\/magazine365\/#organization","name":"El digital de Asturias","description":"Revista de ocio, turismo y estilo de vida","url":"https:\/\/eldigitaldeasturias.com\/magazine365\/","logo":{"@type":"ImageObject","url":"https:\/\/www.eldigitaldeasturias.com\/noticias\/wp-content\/uploads\/2020\/12\/EDA.jpg","@id":"https:\/\/eldigitaldeasturias.com\/magazine365\/la-capitalidad-iberoamericana-gastronomica-de-merida-ofrecera-festivales-ferias-o-encuentros-profesionales\/#organizationLogo"},"image":{"@id":"https:\/\/eldigitaldeasturias.com\/magazine365\/la-capitalidad-iberoamericana-gastronomica-de-merida-ofrecera-festivales-ferias-o-encuentros-profesionales\/#organizationLogo"}},{"@type":"Person","@id":"https:\/\/eldigitaldeasturias.com\/magazine365\/author\/admin\/#author","url":"https:\/\/eldigitaldeasturias.com\/magazine365\/author\/admin\/","name":"admin","image":{"@type":"ImageObject","@id":"https:\/\/eldigitaldeasturias.com\/magazine365\/la-capitalidad-iberoamericana-gastronomica-de-merida-ofrecera-festivales-ferias-o-encuentros-profesionales\/#authorImage","url":"https:\/\/eldigitaldeasturias.com\/magazine365\/wp-content\/litespeed\/avatar\/e571bcf59a0edd6fa6838245a470f2fe.jpg?ver=1776969259","width":96,"height":96,"caption":"admin"}},{"@type":"WebPage","@id":"https:\/\/eldigitaldeasturias.com\/magazine365\/la-capitalidad-iberoamericana-gastronomica-de-merida-ofrecera-festivales-ferias-o-encuentros-profesionales\/#webpage","url":"https:\/\/eldigitaldeasturias.com\/magazine365\/la-capitalidad-iberoamericana-gastronomica-de-merida-ofrecera-festivales-ferias-o-encuentros-profesionales\/","name":"La Capitalidad Iberoamericana Gastron\u00f3mica de M\u00e9rida ofrecer\u00e1 festivales, ferias o encuentros profesionales | El Digital de Asturias","description":"La Capitalidad Iberoamericana de la Cultura Gastron\u00f3mica de M\u00e9rida en 2016 ofrecer\u00e1, entre otras actividades, festivales gastron\u00f3micos en lugares emblem\u00e1ticos de la capital extreme\u00f1a, ferias y encuentros profesionales. El alcalde de M\u00e9rida, Antonio Rodr\u00edguez Osuna, acompa\u00f1ado del director general de Turismo de la Junta de Extremadura, Francisco Mart\u00edn, y del presidente de la Academia Iberoamericana","inLanguage":"es-ES","isPartOf":{"@id":"https:\/\/eldigitaldeasturias.com\/magazine365\/#website"},"breadcrumb":{"@id":"https:\/\/eldigitaldeasturias.com\/magazine365\/la-capitalidad-iberoamericana-gastronomica-de-merida-ofrecera-festivales-ferias-o-encuentros-profesionales\/#breadcrumblist"},"author":{"@id":"https:\/\/eldigitaldeasturias.com\/magazine365\/author\/admin\/#author"},"creator":{"@id":"https:\/\/eldigitaldeasturias.com\/magazine365\/author\/admin\/#author"},"image":{"@type":"ImageObject","url":"https:\/\/eldigitaldeasturias.com\/magazine365\/wp-content\/uploads\/2016\/01\/fotonoticia_20160119153716_800.jpg","@id":"https:\/\/eldigitaldeasturias.com\/magazine365\/la-capitalidad-iberoamericana-gastronomica-de-merida-ofrecera-festivales-ferias-o-encuentros-profesionales\/#mainImage","width":800,"height":532},"primaryImageOfPage":{"@id":"https:\/\/eldigitaldeasturias.com\/magazine365\/la-capitalidad-iberoamericana-gastronomica-de-merida-ofrecera-festivales-ferias-o-encuentros-profesionales\/#mainImage"},"datePublished":"2016-01-21T02:26:05+01:00","dateModified":"2016-01-21T02:26:05+01:00"},{"@type":"WebSite","@id":"https:\/\/eldigitaldeasturias.com\/magazine365\/#website","url":"https:\/\/eldigitaldeasturias.com\/magazine365\/","name":"El Digital de Asturias","description":"Revista de ocio, turismo y estilo de vida","inLanguage":"es-ES","publisher":{"@id":"https:\/\/eldigitaldeasturias.com\/magazine365\/#organization"}}]},"og:locale":"es_ES","og:site_name":"El Digital de Asturias \u2013 Revista de ocio, turismo y estilo de vida","og:type":"article","og:title":"La Capitalidad Iberoamericana Gastron\u00f3mica de M\u00e9rida ofrecer\u00e1 festivales, ferias o encuentros profesionales | El Digital de Asturias","og:description":"La Capitalidad Iberoamericana de la Cultura Gastron\u00f3mica de M\u00e9rida en 2016 ofrecer\u00e1, entre otras actividades, festivales gastron\u00f3micos en lugares emblem\u00e1ticos de la capital extreme\u00f1a, ferias y encuentros profesionales. El alcalde de M\u00e9rida, Antonio Rodr\u00edguez Osuna, acompa\u00f1ado del director general de Turismo de la Junta de Extremadura, Francisco Mart\u00edn, y del presidente de la Academia Iberoamericana","og:url":"https:\/\/eldigitaldeasturias.com\/magazine365\/la-capitalidad-iberoamericana-gastronomica-de-merida-ofrecera-festivales-ferias-o-encuentros-profesionales\/","og:image":"https:\/\/eldigitaldeasturias.com\/magazine365\/wp-content\/uploads\/2016\/01\/fotonoticia_20160119153716_800.jpg","og:image:secure_url":"https:\/\/eldigitaldeasturias.com\/magazine365\/wp-content\/uploads\/2016\/01\/fotonoticia_20160119153716_800.jpg","og:image:width":800,"og:image:height":532,"article:published_time":"2016-01-21T01:26:05+00:00","article:modified_time":"2016-01-21T01:26:05+00:00","twitter:card":"summary_large_image","twitter:title":"La Capitalidad Iberoamericana Gastron\u00f3mica de M\u00e9rida ofrecer\u00e1 festivales, ferias o encuentros profesionales | El Digital de Asturias","twitter:description":"La Capitalidad Iberoamericana de la Cultura Gastron\u00f3mica de M\u00e9rida en 2016 ofrecer\u00e1, entre otras actividades, festivales gastron\u00f3micos en lugares emblem\u00e1ticos de la capital extreme\u00f1a, ferias y encuentros profesionales. El alcalde de M\u00e9rida, Antonio Rodr\u00edguez Osuna, acompa\u00f1ado del director general de Turismo de la Junta de Extremadura, Francisco Mart\u00edn, y del presidente de la Academia Iberoamericana","twitter:image":"https:\/\/eldigitaldeasturias.com\/magazine365\/wp-content\/uploads\/2016\/01\/fotonoticia_20160119153716_800.jpg"},"aioseo_meta_data":{"post_id":"61177","title":null,"description":null,"keywords":null,"keyphrases":null,"primary_term":null,"canonical_url":null,"og_title":null,"og_description":null,"og_object_type":"default","og_image_type":"default","og_image_url":null,"og_image_width":null,"og_image_height":null,"og_image_custom_url":null,"og_image_custom_fields":null,"og_video":null,"og_custom_url":null,"og_article_section":null,"og_article_tags":null,"twitter_use_og":false,"twitter_card":"default","twitter_image_type":"default","twitter_image_url":null,"twitter_image_custom_url":null,"twitter_image_custom_fields":null,"twitter_title":null,"twitter_description":null,"schema":{"blockGraphs":[],"customGraphs":[],"default":{"data":{"Article":[],"Course":[],"Dataset":[],"FAQPage":[],"Movie":[],"Person":[],"Product":[],"ProductReview":[],"Car":[],"Recipe":[],"Service":[],"SoftwareApplication":[],"WebPage":[]},"graphName":"","isEnabled":true},"graphs":[],"defaultGraph":"","defaultPostTypeGraph":""},"schema_type":null,"schema_type_options":null,"pillar_content":false,"robots_default":true,"robots_noindex":false,"robots_noarchive":false,"robots_nosnippet":false,"robots_nofollow":false,"robots_noimageindex":false,"robots_noodp":false,"robots_notranslate":false,"robots_max_snippet":null,"robots_max_videopreview":null,"robots_max_imagepreview":"large","priority":null,"frequency":null,"location":null,"local_seo":null,"seo_analyzer_scan_date":"2025-09-25 08:23:01","breadcrumb_settings":null,"limit_modified_date":false,"open_ai":null,"ai":null,"created":"2021-03-08 21:52:40","updated":"2025-09-25 08:23:01"},"aioseo_breadcrumb":"<div class=\"aioseo-breadcrumbs\"><span class=\"aioseo-breadcrumb\">\n\t<a href=\"https:\/\/eldigitaldeasturias.com\/magazine365\" title=\"Home\">Home<\/a>\n<\/span><span class=\"aioseo-breadcrumb-separator\">\u2013<\/span><span class=\"aioseo-breadcrumb\">\n\t<a href=\"https:\/\/eldigitaldeasturias.com\/magazine365\/category\/noticias-actualidad\/\" title=\"Noticias y Actualidad\">Noticias y Actualidad<\/a>\n<\/span><span class=\"aioseo-breadcrumb-separator\">\u2013<\/span><span class=\"aioseo-breadcrumb\">\n\t<a href=\"https:\/\/eldigitaldeasturias.com\/magazine365\/la-capitalidad-iberoamericana-gastronomica-de-merida-ofrecera-festivales-ferias-o-encuentros-profesionales\/\" title=\"La Capitalidad Iberoamericana Gastron\u00f3mica de M\u00e9rida ofrecer\u00e1 festivales, ferias o encuentros profesionales\">La Capitalidad Iberoamericana Gastron\u00f3mica de M\u00e9rida ofrecer\u00e1 festivales, ferias o encuentros profesionales<\/a>\n<\/span><\/div>","aioseo_breadcrumb_json":[{"label":"Home","link":"https:\/\/eldigitaldeasturias.com\/magazine365"},{"label":"Noticias y Actualidad","link":"https:\/\/eldigitaldeasturias.com\/magazine365\/category\/noticias-actualidad\/"},{"label":"La Capitalidad Iberoamericana Gastron\u00f3mica de M\u00e9rida ofrecer\u00e1 festivales, ferias o encuentros profesionales","link":"https:\/\/eldigitaldeasturias.com\/magazine365\/la-capitalidad-iberoamericana-gastronomica-de-merida-ofrecera-festivales-ferias-o-encuentros-profesionales\/"}],"_links":{"self":[{"href":"https:\/\/eldigitaldeasturias.com\/magazine365\/wp-json\/wp\/v2\/posts\/61177","targetHints":{"allow":["GET"]}}],"collection":[{"href":"https:\/\/eldigitaldeasturias.com\/magazine365\/wp-json\/wp\/v2\/posts"}],"about":[{"href":"https:\/\/eldigitaldeasturias.com\/magazine365\/wp-json\/wp\/v2\/types\/post"}],"author":[{"embeddable":true,"href":"https:\/\/eldigitaldeasturias.com\/magazine365\/wp-json\/wp\/v2\/users\/1"}],"replies":[{"embeddable":true,"href":"https:\/\/eldigitaldeasturias.com\/magazine365\/wp-json\/wp\/v2\/comments?post=61177"}],"version-history":[{"count":0,"href":"https:\/\/eldigitaldeasturias.com\/magazine365\/wp-json\/wp\/v2\/posts\/61177\/revisions"}],"wp:featuredmedia":[{"embeddable":true,"href":"https:\/\/eldigitaldeasturias.com\/magazine365\/wp-json\/wp\/v2\/media\/61178"}],"wp:attachment":[{"href":"https:\/\/eldigitaldeasturias.com\/magazine365\/wp-json\/wp\/v2\/media?parent=61177"}],"wp:term":[{"taxonomy":"category","embeddable":true,"href":"https:\/\/eldigitaldeasturias.com\/magazine365\/wp-json\/wp\/v2\/categories?post=61177"},{"taxonomy":"post_tag","embeddable":true,"href":"https:\/\/eldigitaldeasturias.com\/magazine365\/wp-json\/wp\/v2\/tags?post=61177"}],"curies":[{"name":"wp","href":"https:\/\/api.w.org\/{rel}","templated":true}]}}